{"id":63198,"date":"2022-10-19T09:24:57","date_gmt":"2022-10-19T12:24:57","guid":{"rendered":"https:\/\/rioonwatch.org.br\/?p=63198"},"modified":"2022-11-03T16:51:10","modified_gmt":"2022-11-03T19:51:10","slug":"deveria-ser-uma-politica-do-estado-cozinha-solidaria-da-mare-e-quem-garante-alimento-aos-moradores-do-complexo","status":"publish","type":"post","link":"https:\/\/rioonwatch.org.br\/?p=63198","title":{"rendered":"&#8216;Deveria ser Uma Pol\u00edtica do Estado&#8217;: Cozinha Solid\u00e1ria da Mar\u00e9 Garante Alimento a Moradores do Complexo"},"content":{"rendered":"<figure id=\"attachment_63309\" aria-describedby=\"caption-attachment-63309\" style=\"width: 2000px\" class=\"wp-caption aligncenter\"><a href=\"https:\/\/rioonwatch.org.br\/wp-content\/uploads\/2022\/10\/inseguranc\u0327a-alimentar.png\"><img fetchpriority=\"high\" decoding=\"async\" class=\"wp-image-63309 size-full\" title=\"Arte original por Raquel Batista\" src=\"https:\/\/rioonwatch.org.br\/wp-content\/uploads\/2022\/10\/inseguranc\u0327a-alimentar.png\" alt=\"Arte original por Raquel Batista\" width=\"2000\" height=\"852\" srcset=\"https:\/\/rioonwatch.org.br\/wp-content\/uploads\/2022\/10\/inseguranc\u0327a-alimentar.png 2000w, https:\/\/rioonwatch.org.br\/wp-content\/uploads\/2022\/10\/inseguranc\u0327a-alimentar-620x264.png 620w, https:\/\/rioonwatch.org.br\/wp-content\/uploads\/2022\/10\/inseguranc\u0327a-alimentar-1030x439.png 1030w, https:\/\/rioonwatch.org.br\/wp-content\/uploads\/2022\/10\/inseguranc\u0327a-alimentar-1477x629.png 1477w\" sizes=\"(max-width: 2000px) 100vw, 2000px\" \/><\/a><figcaption id=\"caption-attachment-63309\" class=\"wp-caption-text\">Arte original por Raquel Batista<\/figcaption><\/figure>\n<h4 style=\"text-align: right;\"><em><strong><a href=\"https:\/\/bit.ly\/3DuN2Et\" target=\"_blank\" rel=\"noopener noreferrer\">Click Here for English<\/a><a href=\"https:\/\/bit.ly\/3DuN2Et\" target=\"_blank\" rel=\"noopener noreferrer\"><img decoding=\"async\" class=\"alignright wp-image-15790\" src=\"https:\/\/rioonwatch.org.br\/wp-content\/uploads\/2012\/08\/EN-standard-e1439583104716.jpg\" alt=\"\" width=\"20\" height=\"20\" \/><\/a><\/strong><\/em><\/h4>\n<p><span style=\"font-weight: 400;\">\u00c9 indiscut\u00edvel o quanto a pandemia impactou o mundo inteiro. No que diz respeito a h\u00e1bitos e rotinas, as mudan\u00e7as foram enormes, mas h\u00e1 tamb\u00e9m a consequ\u00eancia do <\/span><a href=\"https:\/\/bit.ly\/39CK9zg\" target=\"_blank\" rel=\"noopener\">aumento do desemprego<\/a><span style=\"font-weight: 400;\">. Segundo o <\/span><a href=\"http:\/\/bit.ly\/2F3kfbq\" target=\"_blank\" rel=\"noopener\">IBGE<\/a><span style=\"font-weight: 400;\">, no primeiro trimestre de 2021 o <\/span>n\u00famero de <a href=\"http:\/\/glo.bo\/3VxfNaK\" target=\"_blank\" rel=\"noopener\">desempregados no Brasil ultrapassou os 15,2 milh\u00f5es<\/a><span style=\"font-weight: 400;\">, taxa de 14,9%. Mesmo que o pa\u00eds esteja recuperando postos de trabalho, muitos s\u00e3o empregos informais e sem carteira assinada. <\/span><span style=\"font-weight: 400;\">Esse momento marca tamb\u00e9m o retorno do Brasil ao <a href=\"http:\/\/glo.bo\/3uY7ed1\" target=\"_blank\" rel=\"noopener\">Mapa da Fome da ONU<\/a>. Um pa\u00eds entra para esse<\/span><span style=\"font-weight: 400;\"> grupo de pa\u00edses quando mais de 2,5% da popula\u00e7\u00e3o enfrenta a falta cr\u00f4nica de alimentos.<\/span><\/p>\n<figure id=\"attachment_63257\" aria-describedby=\"caption-attachment-63257\" style=\"width: 500px\" class=\"wp-caption alignright\"><a href=\"https:\/\/rioonwatch.org.br\/wp-content\/uploads\/2022\/10\/A-Frente-de-Mobilizacao-da-Mare.-Foto-Foto-Anisio-Borba.jpg\"><img decoding=\"async\" class=\"wp-image-63257\" title=\"A Frente de Mobiliza\u00e7\u00e3o da Mar\u00e9, mais conhecida como Frente Mar\u00e9, foi criada em 2020, na pandemia, com foco na comunica\u00e7\u00e3o comunit\u00e1ria e a\u00e7\u00f5es emergenciais para ajudar as fam\u00edlias da Mar\u00e9. Foto: An\u00edsio Borba\" src=\"https:\/\/rioonwatch.org.br\/wp-content\/uploads\/2022\/10\/A-Frente-de-Mobilizacao-da-Mare.-Foto-Foto-Anisio-Borba.jpg\" alt=\"A Frente de Mobiliza\u00e7\u00e3o da Mar\u00e9, mais conhecida como Frente Mar\u00e9, foi criada em 2020, na pandemia, com foco na comunica\u00e7\u00e3o comunit\u00e1ria e a\u00e7\u00f5es emergenciais para ajudar as fam\u00edlias da Mar\u00e9. Foto: An\u00edsio Borba\" width=\"500\" height=\"333\" srcset=\"https:\/\/rioonwatch.org.br\/wp-content\/uploads\/2022\/10\/A-Frente-de-Mobilizacao-da-Mare.-Foto-Foto-Anisio-Borba.jpg 2160w, https:\/\/rioonwatch.org.br\/wp-content\/uploads\/2022\/10\/A-Frente-de-Mobilizacao-da-Mare.-Foto-Foto-Anisio-Borba-620x413.jpg 620w, https:\/\/rioonwatch.org.br\/wp-content\/uploads\/2022\/10\/A-Frente-de-Mobilizacao-da-Mare.-Foto-Foto-Anisio-Borba-944x629.jpg 944w\" sizes=\"(max-width: 500px) 100vw, 500px\" \/><\/a><figcaption id=\"caption-attachment-63257\" class=\"wp-caption-text\">A Frente de Mobiliza\u00e7\u00e3o da Mar\u00e9, mais conhecida como Frente Mar\u00e9, foi criada em 2020, na pandemia, com foco na comunica\u00e7\u00e3o comunit\u00e1ria e a\u00e7\u00f5es emergenciais para ajudar as fam\u00edlias da Mar\u00e9. Foto: An\u00edsio Borba<\/figcaption><\/figure>\n<p><span style=\"font-weight: 400;\">Aproximadamente 33,1 milh\u00f5es de brasileiros atualmente vivem a <a href=\"https:\/\/bit.ly\/3RMKYg2\" target=\"_blank\" rel=\"noopener\">inseguran\u00e7a alimentar grave<\/a>.\u00a0<\/span><span style=\"font-weight: 400;\">Alguns territ\u00f3rios sentem mais a fundo a desigualdade com a falta de pol\u00edticas p\u00fablicas. A fim de amenizar esses impactos no territ\u00f3rio da <a href=\"http:\/\/bit.ly\/2K1s59x\" target=\"_blank\" rel=\"noopener\">Mar\u00e9<\/a>, <a href=\"http:\/\/bit.ly\/2ETpYR1\" target=\"_blank\" rel=\"noopener\">Zona Norte<\/a> do Rio de Janeiro, surgiu a Frente de Mobiliza\u00e7\u00e3o da Mar\u00e9, mais conhecida como <\/span><a href=\"https:\/\/bit.ly\/2LMEqkB\" target=\"_blank\" rel=\"noopener\"><span style=\"font-weight: 400;\">Frente Mar\u00e9<\/span><\/a><span style=\"font-weight: 400;\">. Criada em 2020, no in\u00edcio da pandemia, com foco na comunica\u00e7\u00e3o comunit\u00e1ria, viu-se obrigada a ampliar suas a\u00e7\u00f5es para <a href=\"https:\/\/bit.ly\/3QWtUTA\" target=\"_blank\" rel=\"noopener\">ajudar emergencialmente as fam\u00edlias da Mar\u00e9<\/a> com a distribui\u00e7\u00e3o de alimentos, materiais de higiene, botij\u00e3o de g\u00e1s e outros, para pessoas em maior situa\u00e7\u00e3o de vulnerabilidade.<\/span><\/p>\n<p><span style=\"font-weight: 400;\">Em 2021, houve uma significativa diminui\u00e7\u00e3o de doa\u00e7\u00f5es de cestas b\u00e1sicas e materiais de higiene. Devido tamb\u00e9m \u00e0 flexibiliza\u00e7\u00e3o da pandemia, a Frente Mar\u00e9 optou por trabalhar de uma forma um pouco diferente. Surgiu assim a <\/span><a href=\"https:\/\/bit.ly\/3Vt4tME\" target=\"_blank\" rel=\"noopener\"><span style=\"font-weight: 400;\">Cozinha da Frente<\/span><\/a><span style=\"font-weight: 400;\">, para distribuir marmitas para moradores da Mar\u00e9.<\/span><\/p>\n<figure id=\"attachment_63254\" aria-describedby=\"caption-attachment-63254\" style=\"width: 500px\" class=\"wp-caption alignright\"><a href=\"https:\/\/rioonwatch.org.br\/wp-content\/uploads\/2022\/10\/Vanusa-Borba-coordenadora-da-Cozinha-da-Frente-no-preparo-de-quentinhas.-Foto-Anisio-Borba-e1665772668594.jpg\"><img loading=\"lazy\" decoding=\"async\" class=\"wp-image-63254\" src=\"https:\/\/rioonwatch.org.br\/wp-content\/uploads\/2022\/10\/Vanusa-Borba-coordenadora-da-Cozinha-da-Frente-no-preparo-de-quentinhas.-Foto-Anisio-Borba-e1665772668594.jpg\" alt=\"Vanusa Borba, coordenadora da Cozinha da Frente, no preparo de quentinhas. Foto: An\u00edsio Borba\" width=\"500\" height=\"333\" srcset=\"https:\/\/rioonwatch.org.br\/wp-content\/uploads\/2022\/10\/Vanusa-Borba-coordenadora-da-Cozinha-da-Frente-no-preparo-de-quentinhas.-Foto-Anisio-Borba-e1665772668594.jpg 1030w, https:\/\/rioonwatch.org.br\/wp-content\/uploads\/2022\/10\/Vanusa-Borba-coordenadora-da-Cozinha-da-Frente-no-preparo-de-quentinhas.-Foto-Anisio-Borba-e1665772668594-620x414.jpg 620w, https:\/\/rioonwatch.org.br\/wp-content\/uploads\/2022\/10\/Vanusa-Borba-coordenadora-da-Cozinha-da-Frente-no-preparo-de-quentinhas.-Foto-Anisio-Borba-e1665772668594-943x629.jpg 943w\" sizes=\"(max-width: 500px) 100vw, 500px\" \/><\/a><figcaption id=\"caption-attachment-63254\" class=\"wp-caption-text\">Vanusa Borba, coordenadora da Cozinha da Frente, no preparo de quentinhas. Foto: An\u00edsio Borba<\/figcaption><\/figure>\n<p><span style=\"font-weight: 400;\">A cada a\u00e7\u00e3o, s\u00e3o servidas em m\u00e9dia entre 150 a 200 quentinhas para moradores da Mar\u00e9. Vanusa Borba, coordenadora da Cozinha da Frente, explicou de onde v\u00eam os insumos para a produ\u00e7\u00e3o das refei\u00e7\u00f5es distribu\u00eddas pelo coletivo: \u201cO material para produ\u00e7\u00e3o das refei\u00e7\u00f5es s\u00e3o doa\u00e7\u00f5es de outros coletivos ou de vaquinhas que fomos fazendo com doa\u00e7\u00f5es de pessoas f\u00edsicas e jur\u00eddicas\u201d.<i>\u00a0<\/i><\/span><\/p>\n<p><span style=\"font-weight: 400;\">Sobre os pratos que s\u00e3o servidos em dias de distribui\u00e7\u00e3o, Vanusa diz que o card\u00e1pio depende das doa\u00e7\u00f5es que chegam ao coletivo: \u201cCada prato \u00e9 definido de acordo com o que temos de doa\u00e7\u00e3o. Se temos um macarr\u00e3o com salsicha, esse vai ser o prato. Se temos arroz e feij\u00e3o, podemos fazer um frango ensopado com legumes, uma farofa. Tudo depende muito do que recebemos de doa\u00e7\u00e3o\u201d.<\/span><\/p>\n<p><span style=\"font-weight: 400;\">Quando questionada sobre a import\u00e2ncia do trabalho realizado pela Cozinha da Frente, Vanusa cita que deveria ser uma pol\u00edtica p\u00fablica do Estado:<\/span> <span style=\"font-weight: 400;\">\u201cA gente tem no\u00e7\u00e3o que o nosso trabalho n\u00e3o acaba com a fome, que a a\u00e7\u00e3o que realizamos deveria estar sendo feita pelo Estado. No entanto, se n\u00e3o for o <\/span><a href=\"https:\/\/bit.ly\/3HQpdHo\" target=\"_blank\" rel=\"noopener\">n\u00f3s por n\u00f3s<\/a><span style=\"font-weight: 400;\">, se a gente n\u00e3o corre atr\u00e1s de doa\u00e7\u00e3o, de <\/span><a href=\"https:\/\/bit.ly\/3e1Vw60\" target=\"_blank\" rel=\"noopener\">mapear as fam\u00edlias<\/a><span style=\"font-weight: 400;\"> que mais precisam e ajudar de alguma forma, as pessoas v\u00e3o passar necessidade. Foi assim durante todo o per\u00edodo mais cr\u00edtico da pandemia\u201d.<\/span><\/p>\n<figure id=\"attachment_63255\" aria-describedby=\"caption-attachment-63255\" style=\"width: 300px\" class=\"wp-caption alignright\"><a href=\"https:\/\/rioonwatch.org.br\/wp-content\/uploads\/2022\/10\/Distribuicao-de-quentinhas-no-espaco-da-Cozinha.-Foto-Anisio-Borba.jpg\"><img loading=\"lazy\" decoding=\"async\" class=\"wp-image-63255\" title=\"Distribui\u00e7\u00e3o de quentinhas no espa\u00e7o da Cozinha. Foto: An\u00edsio Borba\" src=\"https:\/\/rioonwatch.org.br\/wp-content\/uploads\/2022\/10\/Distribuicao-de-quentinhas-no-espaco-da-Cozinha.-Foto-Anisio-Borba.jpg\" alt=\"Distribui\u00e7\u00e3o de quentinhas no espa\u00e7o da Cozinha. Foto: An\u00edsio Borba\" width=\"300\" height=\"450\" srcset=\"https:\/\/rioonwatch.org.br\/wp-content\/uploads\/2022\/10\/Distribuicao-de-quentinhas-no-espaco-da-Cozinha.-Foto-Anisio-Borba.jpg 1440w, https:\/\/rioonwatch.org.br\/wp-content\/uploads\/2022\/10\/Distribuicao-de-quentinhas-no-espaco-da-Cozinha.-Foto-Anisio-Borba-413x620.jpg 413w, https:\/\/rioonwatch.org.br\/wp-content\/uploads\/2022\/10\/Distribuicao-de-quentinhas-no-espaco-da-Cozinha.-Foto-Anisio-Borba-419x629.jpg 419w\" sizes=\"(max-width: 300px) 100vw, 300px\" \/><\/a><figcaption id=\"caption-attachment-63255\" class=\"wp-caption-text\">Distribui\u00e7\u00e3o de quentinhas no espa\u00e7o da Cozinha. Foto: An\u00edsio Borba<\/figcaption><\/figure>\n<p><span style=\"font-weight: 400;\">Alinhada \u00e0 fala de Vanusa, D\u00e9bora Silva, moradora da Mar\u00e9 e atendida pela Cozinha da Frente, falou sobre a import\u00e2ncia do trabalho do coletivo mareense. \u201cAlgumas pessoas n\u00e3o t\u00eam nem arroz nem feij\u00e3o para comer. Algumas pessoas n\u00e3o t\u00eam nem botij\u00e3o de g\u00e1s. Com a distribui\u00e7\u00e3o da quentinha fica mais f\u00e1cil para eles comerem&#8230; <\/span><span style=\"font-weight: 400;\">Atrav\u00e9s das cestas b\u00e1sicas eu comecei a ajudar na Cozinha. Gostei muito, \u00e9 muito gratificante ajudar as pessoas pr\u00f3ximas&#8221;.<\/span><\/p>\n<p><span style=\"font-weight: 400;\">Segundo relatos de volunt\u00e1rios e atendidos pela Cozinha da Frente, o Estado n\u00e3o faz nenhum tipo de a\u00e7\u00e3o de distribui\u00e7\u00e3o de alimentos no territ\u00f3rio da Mar\u00e9 ou em outras favelas do Rio. Para Vanusa, isso n\u00e3o acontece porque o atual governo federal entende que distribuir o aux\u00edlio emergencial j\u00e1 \u00e9 o suficiente. Ela disse: \u201cAcredito que o governo acha mais que o suficiente o aux\u00edlio emergencial que algumas fam\u00edlias est\u00e3o ganhando. No entanto, considerando a composi\u00e7\u00e3o familiar dos moradores da Mar\u00e9, esse valor \u00e9 insuficiente para cobrir um m\u00eas de consumo de uma pessoa, quem dir\u00e1 de uma fam\u00edlia\u201d.<\/span><\/p>\n<p><span style=\"font-weight: 400;\">Nas ruas da cidade do Rio, vemos o aumento de pessoas <a href=\"https:\/\/bit.ly\/3ihNBq7\" target=\"_blank\" rel=\"noopener\">em situa\u00e7\u00e3o de rua<\/a>. \u00c0s vezes, fam\u00edlias inteiras dividem uma marquise pois n\u00e3o t\u00eam onde morar. Vemos cada vez mais <a href=\"https:\/\/bit.ly\/3yGN4Gu\" target=\"_blank\" rel=\"noopener\">pessoas catando comidas no lixo<\/a><\/span><span style=\"font-weight: 400;\"><a href=\"https:\/\/bit.ly\/3yGN4Gu\">,<\/a> crian\u00e7as pedindo dinheiro em transporte p\u00fablico e m\u00e3es que aceitam qualquer tipo de servi\u00e7o para conseguirem levar o sustento para dentro de suas casas, reflexos da desigualdade profunda da nossa sociedade. O Estado deveria ter um olhar cuidadoso para as pessoas que est\u00e3o em situa\u00e7\u00e3o de inseguran\u00e7a alimentar<\/span><span style=\"font-weight: 400;\">\u2014<\/span><span style=\"font-weight: 400;\">dentre outros problemas sociais.<\/span><\/p>\n<p><em><a href=\"https:\/\/bit.ly\/324MC7n\" rel=\"noopener\">Juliana Pinho<\/a>\u00a0\u00e9 moradora da Nova Holanda, no Conjunto de Favelas da Mar\u00e9, graduanda em Ci\u00eancias Sociais (<a href=\"http:\/\/bit.ly\/2XQ3Rma\" rel=\"noopener\">UFRJ<\/a>) e Jornalismo (UCAM). Comunicadora popular e mobilizadora territorial, Juliana \u00e9 co-fundadora da Frente de Mobiliza\u00e7\u00e3o da Mar\u00e9, integrante da Ag\u00eancia Palafitas, e respons\u00e1vel pela gest\u00e3o e planejamento do projeto\u00a0<a href=\"https:\/\/bit.ly\/2ZmS9VW\" rel=\"noopener\">Pra Elas<\/a>. Atualmente, atua tamb\u00e9m na \u00e1rea de gest\u00e3o de portf\u00f3lio da\u00a0<a href=\"https:\/\/bit.ly\/2VfZVei\" rel=\"noopener\">Luta pela Paz<\/a>.<\/em><\/p>\n<hr \/>\n<h4><b data-stringify-type=\"bold\">Apoie nossos esfor\u00e7os para fornecer apoio estrat\u00e9gico \u00e0s favelas do Rio, incluindo o jornalismo hiperlocal, cr\u00edtico, inovador e incans\u00e1vel do\u00a0<\/b><b data-stringify-type=\"bold\"><i data-stringify-type=\"italic\">RioOnWatch<\/i><\/b>\u2014<a class=\"c-link\" href=\"http:\/\/www.bit.ly\/ApoieROW\" target=\"_blank\" rel=\"noopener noreferrer\" data-stringify-link=\"http:\/\/www.bit.ly\/ApoieROW\" data-sk=\"tooltip_parent\">doe aqui<\/a>.<\/h4>\n<!-- AddThis Advanced Settings generic via filter on the_content --><!-- AddThis Share Buttons generic via filter on the_content -->","protected":false},"excerpt":{"rendered":"<div class=\"mh-excerpt\"><p>Click Here for English \u00c9 indiscut\u00edvel o quanto a pandemia impactou o mundo inteiro. No que diz respeito a h\u00e1bitos e rotinas, as mudan\u00e7as foram enormes, mas h\u00e1 tamb\u00e9m a consequ\u00eancia do aumento do desemprego. <a class=\"mh-excerpt-more\" href=\"https:\/\/rioonwatch.org.br\/?p=63198\" title=\"&#8216;Deveria ser Uma Pol\u00edtica do Estado&#8217;: Cozinha Solid\u00e1ria da Mar\u00e9 Garante Alimento a Moradores do Complexo\">[&#8230;]<\/a><!-- AddThis Advanced Settings generic via filter on get_the_excerpt --><!-- AddThis Share Buttons generic via filter on get_the_excerpt --><\/p>\n<\/div>","protected":false},"author":167,"featured_media":63309,"comment_status":"closed","ping_status":"closed","sticky":false,"template":"template-full.php","format":"standard","meta":{"_acf_changed":false,"_monsterinsights_skip_tracking":false,"_monsterinsights_sitenote_active":false,"_monsterinsights_sitenote_note":"","_monsterinsights_sitenote_category":0,"footnotes":""},"categories":[2753,1621,1625,1612,342],"tags":[299,332,2748,2230,1151,1304,2561,417,1830,3099,2754,578,218],"writer":[3113],"translator":[],"source":[],"ilustrador":[3101],"fotografo":[3237],"class_list":{"0":"post-63198","1":"post","2":"type-post","3":"status-publish","4":"format-standard","5":"has-post-thumbnail","7":"category-covid19nasfavelas","8":"category-destaque","9":"category-por-correspondentes-comunitarios","10":"category-sociedade-civil","11":"category-solucoes","12":"tag-alimentacao","13":"tag-complexo-da-mare","14":"tag-coronavirus","15":"tag-fome","16":"tag-organizacao","17":"tag-organizacao-criativa","18":"tag-necropolitica","19":"tag-negligencia-do-estado","20":"tag-nos-por-nos","21":"tag-seguranca-alimentar","22":"tag-serie-covid-19-nas-favelas","23":"tag-trabalho-e-renda","24":"tag-zona-norte","25":"writer-juliana-pinho","26":"ilustrador-raquel-batista","27":"fotografo-anisio-borba"},"acf":[],"yoast_head":"<!-- This site is optimized with the Yoast SEO plugin v25.6 - https:\/\/yoast.com\/wordpress\/plugins\/seo\/ -->\n<title>&#039;Deveria ser Uma Pol\u00edtica do Estado&#039;: Cozinha Solid\u00e1ria da Mar\u00e9 Garante Alimento a Moradores do Complexo - RioOnWatch<\/title>\n<meta name=\"robots\" content=\"index, follow, max-snippet:-1, max-image-preview:large, max-video-preview:-1\" \/>\n<link rel=\"canonical\" href=\"https:\/\/rioonwatch.org.br\/?p=63198\" \/>\n<meta property=\"og:locale\" content=\"pt_BR\" \/>\n<meta property=\"og:type\" content=\"article\" \/>\n<meta property=\"og:title\" content=\"&#039;Deveria ser Uma Pol\u00edtica do Estado&#039;: Cozinha Solid\u00e1ria da Mar\u00e9 Garante Alimento a Moradores do Complexo - RioOnWatch\" \/>\n<meta property=\"og:description\" content=\"Click Here for English \u00c9 indiscut\u00edvel o quanto a pandemia impactou o mundo inteiro. No que diz respeito a h\u00e1bitos e rotinas, as mudan\u00e7as foram enormes, mas h\u00e1 tamb\u00e9m a consequ\u00eancia do aumento do desemprego. [...]\" \/>\n<meta property=\"og:url\" content=\"https:\/\/rioonwatch.org.br\/?p=63198\" \/>\n<meta property=\"og:site_name\" content=\"RioOnWatch\" \/>\n<meta property=\"article:published_time\" content=\"2022-10-19T12:24:57+00:00\" \/>\n<meta property=\"article:modified_time\" content=\"2022-11-03T19:51:10+00:00\" \/>\n<meta property=\"og:image\" content=\"https:\/\/rioonwatch.org.br\/wp-content\/uploads\/2022\/10\/inseguranc\u0327a-alimentar.png\" \/>\n\t<meta property=\"og:image:width\" content=\"2000\" \/>\n\t<meta property=\"og:image:height\" content=\"852\" \/>\n\t<meta property=\"og:image:type\" content=\"image\/png\" \/>\n<meta name=\"author\" content=\"Julio Santos Filho\" \/>\n<meta name=\"twitter:card\" content=\"summary_large_image\" \/>\n<meta name=\"twitter:label1\" content=\"Escrito por\" \/>\n\t<meta name=\"twitter:data1\" content=\"Julio Santos Filho\" \/>\n\t<meta name=\"twitter:label2\" content=\"Est. tempo de leitura\" \/>\n\t<meta name=\"twitter:data2\" content=\"6 minutos\" \/>\n<script type=\"application\/ld+json\" class=\"yoast-schema-graph\">{\"@context\":\"https:\/\/schema.org\",\"@graph\":[{\"@type\":\"Article\",\"@id\":\"https:\/\/rioonwatch.org.br\/?p=63198#article\",\"isPartOf\":{\"@id\":\"https:\/\/rioonwatch.org.br\/?p=63198\"},\"author\":{\"name\":\"Julio Santos Filho\",\"@id\":\"https:\/\/rioonwatch.org.br\/#\/schema\/person\/476bc75767957d3535b65b796667cd36\"},\"headline\":\"&#8216;Deveria ser Uma Pol\u00edtica do Estado&#8217;: Cozinha Solid\u00e1ria da Mar\u00e9 Garante Alimento a Moradores do Complexo\",\"datePublished\":\"2022-10-19T12:24:57+00:00\",\"dateModified\":\"2022-11-03T19:51:10+00:00\",\"mainEntityOfPage\":{\"@id\":\"https:\/\/rioonwatch.org.br\/?p=63198\"},\"wordCount\":1037,\"publisher\":{\"@id\":\"https:\/\/rioonwatch.org.br\/#organization\"},\"image\":{\"@id\":\"https:\/\/rioonwatch.org.br\/?p=63198#primaryimage\"},\"thumbnailUrl\":\"https:\/\/rioonwatch.org.br\/wp-content\/uploads\/2022\/10\/inseguranc\u0327a-alimentar.png\",\"keywords\":[\"alimenta\u00e7\u00e3o\",\"Complexo da Mar\u00e9\",\"coronav\u00edrus\",\"Inseguran\u00e7a alimentar\",\"mobiliza\u00e7\u00e3o\",\"mobiliza\u00e7\u00e3o criativa\",\"necropol\u00edtica\",\"Neglig\u00eancia do Estado\",\"N\u00f3s por N\u00f3s\",\"seguran\u00e7a alimentar\",\"S\u00e9rie: Covid-19 Nas Favelas\",\"Trabalho e renda\",\"Zona Norte\"],\"articleSection\":[\"#Covid19NasFavelas\",\"*Destaque\",\"Escrito por Comunicadores Populares\",\"Sociedade Civil\",\"Solu\u00e7\u00f5es\"],\"inLanguage\":\"pt-BR\"},{\"@type\":\"WebPage\",\"@id\":\"https:\/\/rioonwatch.org.br\/?p=63198\",\"url\":\"https:\/\/rioonwatch.org.br\/?p=63198\",\"name\":\"'Deveria ser Uma Pol\u00edtica do Estado': Cozinha Solid\u00e1ria da Mar\u00e9 Garante Alimento a Moradores do Complexo - RioOnWatch\",\"isPartOf\":{\"@id\":\"https:\/\/rioonwatch.org.br\/#website\"},\"primaryImageOfPage\":{\"@id\":\"https:\/\/rioonwatch.org.br\/?p=63198#primaryimage\"},\"image\":{\"@id\":\"https:\/\/rioonwatch.org.br\/?p=63198#primaryimage\"},\"thumbnailUrl\":\"https:\/\/rioonwatch.org.br\/wp-content\/uploads\/2022\/10\/inseguranc\u0327a-alimentar.png\",\"datePublished\":\"2022-10-19T12:24:57+00:00\",\"dateModified\":\"2022-11-03T19:51:10+00:00\",\"breadcrumb\":{\"@id\":\"https:\/\/rioonwatch.org.br\/?p=63198#breadcrumb\"},\"inLanguage\":\"pt-BR\",\"potentialAction\":[{\"@type\":\"ReadAction\",\"target\":[\"https:\/\/rioonwatch.org.br\/?p=63198\"]}]},{\"@type\":\"ImageObject\",\"inLanguage\":\"pt-BR\",\"@id\":\"https:\/\/rioonwatch.org.br\/?p=63198#primaryimage\",\"url\":\"https:\/\/rioonwatch.org.br\/wp-content\/uploads\/2022\/10\/inseguranc\u0327a-alimentar.png\",\"contentUrl\":\"https:\/\/rioonwatch.org.br\/wp-content\/uploads\/2022\/10\/inseguranc\u0327a-alimentar.png\",\"width\":2000,\"height\":852,\"caption\":\"Arte original por Raquel Batista\"},{\"@type\":\"BreadcrumbList\",\"@id\":\"https:\/\/rioonwatch.org.br\/?p=63198#breadcrumb\",\"itemListElement\":[{\"@type\":\"ListItem\",\"position\":1,\"name\":\"In\u00edcio\",\"item\":\"https:\/\/rioonwatch.org.br\/\"},{\"@type\":\"ListItem\",\"position\":2,\"name\":\"&#8216;Deveria ser Uma Pol\u00edtica do Estado&#8217;: Cozinha Solid\u00e1ria da Mar\u00e9 Garante Alimento a Moradores do Complexo\"}]},{\"@type\":\"WebSite\",\"@id\":\"https:\/\/rioonwatch.org.br\/#website\",\"url\":\"https:\/\/rioonwatch.org.br\/\",\"name\":\"RioOnWatch\",\"description\":\"relatos das favelas cariocas\",\"publisher\":{\"@id\":\"https:\/\/rioonwatch.org.br\/#organization\"},\"potentialAction\":[{\"@type\":\"SearchAction\",\"target\":{\"@type\":\"EntryPoint\",\"urlTemplate\":\"https:\/\/rioonwatch.org.br\/?s={search_term_string}\"},\"query-input\":{\"@type\":\"PropertyValueSpecification\",\"valueRequired\":true,\"valueName\":\"search_term_string\"}}],\"inLanguage\":\"pt-BR\"},{\"@type\":\"Organization\",\"@id\":\"https:\/\/rioonwatch.org.br\/#organization\",\"name\":\"RioOnWatch\",\"url\":\"https:\/\/rioonwatch.org.br\/\",\"logo\":{\"@type\":\"ImageObject\",\"inLanguage\":\"pt-BR\",\"@id\":\"https:\/\/rioonwatch.org.br\/#\/schema\/logo\/image\/\",\"url\":\"https:\/\/rioonwatch.org.br\/wp-content\/uploads\/2021\/06\/RioOnWatchcabecalhoPT11anos-2.png\",\"contentUrl\":\"https:\/\/rioonwatch.org.br\/wp-content\/uploads\/2021\/06\/RioOnWatchcabecalhoPT11anos-2.png\",\"width\":779,\"height\":277,\"caption\":\"RioOnWatch\"},\"image\":{\"@id\":\"https:\/\/rioonwatch.org.br\/#\/schema\/logo\/image\/\"}},{\"@type\":\"Person\",\"@id\":\"https:\/\/rioonwatch.org.br\/#\/schema\/person\/476bc75767957d3535b65b796667cd36\",\"name\":\"Julio Santos Filho\",\"image\":{\"@type\":\"ImageObject\",\"inLanguage\":\"pt-BR\",\"@id\":\"https:\/\/rioonwatch.org.br\/#\/schema\/person\/image\/\",\"url\":\"https:\/\/secure.gravatar.com\/avatar\/ca138f7666182a292a8ce4ca14fb81f8?s=96&d=blank&r=g\",\"contentUrl\":\"https:\/\/secure.gravatar.com\/avatar\/ca138f7666182a292a8ce4ca14fb81f8?s=96&d=blank&r=g\",\"caption\":\"Julio Santos Filho\"},\"url\":\"https:\/\/rioonwatch.org.br\/?author=167\"}]}<\/script>\n<!-- \/ Yoast SEO plugin. -->","yoast_head_json":{"title":"'Deveria ser Uma Pol\u00edtica do Estado': Cozinha Solid\u00e1ria da Mar\u00e9 Garante Alimento a Moradores do Complexo - RioOnWatch","robots":{"index":"index","follow":"follow","max-snippet":"max-snippet:-1","max-image-preview":"max-image-preview:large","max-video-preview":"max-video-preview:-1"},"canonical":"https:\/\/rioonwatch.org.br\/?p=63198","og_locale":"pt_BR","og_type":"article","og_title":"'Deveria ser Uma Pol\u00edtica do Estado': Cozinha Solid\u00e1ria da Mar\u00e9 Garante Alimento a Moradores do Complexo - RioOnWatch","og_description":"Click Here for English \u00c9 indiscut\u00edvel o quanto a pandemia impactou o mundo inteiro. No que diz respeito a h\u00e1bitos e rotinas, as mudan\u00e7as foram enormes, mas h\u00e1 tamb\u00e9m a consequ\u00eancia do aumento do desemprego. [...]","og_url":"https:\/\/rioonwatch.org.br\/?p=63198","og_site_name":"RioOnWatch","article_published_time":"2022-10-19T12:24:57+00:00","article_modified_time":"2022-11-03T19:51:10+00:00","og_image":[{"width":2000,"height":852,"url":"https:\/\/rioonwatch.org.br\/wp-content\/uploads\/2022\/10\/inseguranc\u0327a-alimentar.png","type":"image\/png"}],"author":"Julio Santos Filho","twitter_card":"summary_large_image","twitter_misc":{"Escrito por":"Julio Santos Filho","Est. tempo de leitura":"6 minutos"},"schema":{"@context":"https:\/\/schema.org","@graph":[{"@type":"Article","@id":"https:\/\/rioonwatch.org.br\/?p=63198#article","isPartOf":{"@id":"https:\/\/rioonwatch.org.br\/?p=63198"},"author":{"name":"Julio Santos Filho","@id":"https:\/\/rioonwatch.org.br\/#\/schema\/person\/476bc75767957d3535b65b796667cd36"},"headline":"&#8216;Deveria ser Uma Pol\u00edtica do Estado&#8217;: Cozinha Solid\u00e1ria da Mar\u00e9 Garante Alimento a Moradores do Complexo","datePublished":"2022-10-19T12:24:57+00:00","dateModified":"2022-11-03T19:51:10+00:00","mainEntityOfPage":{"@id":"https:\/\/rioonwatch.org.br\/?p=63198"},"wordCount":1037,"publisher":{"@id":"https:\/\/rioonwatch.org.br\/#organization"},"image":{"@id":"https:\/\/rioonwatch.org.br\/?p=63198#primaryimage"},"thumbnailUrl":"https:\/\/rioonwatch.org.br\/wp-content\/uploads\/2022\/10\/inseguranc\u0327a-alimentar.png","keywords":["alimenta\u00e7\u00e3o","Complexo da Mar\u00e9","coronav\u00edrus","Inseguran\u00e7a alimentar","mobiliza\u00e7\u00e3o","mobiliza\u00e7\u00e3o criativa","necropol\u00edtica","Neglig\u00eancia do Estado","N\u00f3s por N\u00f3s","seguran\u00e7a alimentar","S\u00e9rie: Covid-19 Nas Favelas","Trabalho e renda","Zona Norte"],"articleSection":["#Covid19NasFavelas","*Destaque","Escrito por Comunicadores Populares","Sociedade Civil","Solu\u00e7\u00f5es"],"inLanguage":"pt-BR"},{"@type":"WebPage","@id":"https:\/\/rioonwatch.org.br\/?p=63198","url":"https:\/\/rioonwatch.org.br\/?p=63198","name":"'Deveria ser Uma Pol\u00edtica do Estado': Cozinha Solid\u00e1ria da Mar\u00e9 Garante Alimento a Moradores do Complexo - RioOnWatch","isPartOf":{"@id":"https:\/\/rioonwatch.org.br\/#website"},"primaryImageOfPage":{"@id":"https:\/\/rioonwatch.org.br\/?p=63198#primaryimage"},"image":{"@id":"https:\/\/rioonwatch.org.br\/?p=63198#primaryimage"},"thumbnailUrl":"https:\/\/rioonwatch.org.br\/wp-content\/uploads\/2022\/10\/inseguranc\u0327a-alimentar.png","datePublished":"2022-10-19T12:24:57+00:00","dateModified":"2022-11-03T19:51:10+00:00","breadcrumb":{"@id":"https:\/\/rioonwatch.org.br\/?p=63198#breadcrumb"},"inLanguage":"pt-BR","potentialAction":[{"@type":"ReadAction","target":["https:\/\/rioonwatch.org.br\/?p=63198"]}]},{"@type":"ImageObject","inLanguage":"pt-BR","@id":"https:\/\/rioonwatch.org.br\/?p=63198#primaryimage","url":"https:\/\/rioonwatch.org.br\/wp-content\/uploads\/2022\/10\/inseguranc\u0327a-alimentar.png","contentUrl":"https:\/\/rioonwatch.org.br\/wp-content\/uploads\/2022\/10\/inseguranc\u0327a-alimentar.png","width":2000,"height":852,"caption":"Arte original por Raquel Batista"},{"@type":"BreadcrumbList","@id":"https:\/\/rioonwatch.org.br\/?p=63198#breadcrumb","itemListElement":[{"@type":"ListItem","position":1,"name":"In\u00edcio","item":"https:\/\/rioonwatch.org.br\/"},{"@type":"ListItem","position":2,"name":"&#8216;Deveria ser Uma Pol\u00edtica do Estado&#8217;: Cozinha Solid\u00e1ria da Mar\u00e9 Garante Alimento a Moradores do Complexo"}]},{"@type":"WebSite","@id":"https:\/\/rioonwatch.org.br\/#website","url":"https:\/\/rioonwatch.org.br\/","name":"RioOnWatch","description":"relatos das favelas cariocas","publisher":{"@id":"https:\/\/rioonwatch.org.br\/#organization"},"potentialAction":[{"@type":"SearchAction","target":{"@type":"EntryPoint","urlTemplate":"https:\/\/rioonwatch.org.br\/?s={search_term_string}"},"query-input":{"@type":"PropertyValueSpecification","valueRequired":true,"valueName":"search_term_string"}}],"inLanguage":"pt-BR"},{"@type":"Organization","@id":"https:\/\/rioonwatch.org.br\/#organization","name":"RioOnWatch","url":"https:\/\/rioonwatch.org.br\/","logo":{"@type":"ImageObject","inLanguage":"pt-BR","@id":"https:\/\/rioonwatch.org.br\/#\/schema\/logo\/image\/","url":"https:\/\/rioonwatch.org.br\/wp-content\/uploads\/2021\/06\/RioOnWatchcabecalhoPT11anos-2.png","contentUrl":"https:\/\/rioonwatch.org.br\/wp-content\/uploads\/2021\/06\/RioOnWatchcabecalhoPT11anos-2.png","width":779,"height":277,"caption":"RioOnWatch"},"image":{"@id":"https:\/\/rioonwatch.org.br\/#\/schema\/logo\/image\/"}},{"@type":"Person","@id":"https:\/\/rioonwatch.org.br\/#\/schema\/person\/476bc75767957d3535b65b796667cd36","name":"Julio Santos Filho","image":{"@type":"ImageObject","inLanguage":"pt-BR","@id":"https:\/\/rioonwatch.org.br\/#\/schema\/person\/image\/","url":"https:\/\/secure.gravatar.com\/avatar\/ca138f7666182a292a8ce4ca14fb81f8?s=96&d=blank&r=g","contentUrl":"https:\/\/secure.gravatar.com\/avatar\/ca138f7666182a292a8ce4ca14fb81f8?s=96&d=blank&r=g","caption":"Julio Santos Filho"},"url":"https:\/\/rioonwatch.org.br\/?author=167"}]}},"_links":{"self":[{"href":"https:\/\/rioonwatch.org.br\/index.php?rest_route=\/wp\/v2\/posts\/63198"}],"collection":[{"href":"https:\/\/rioonwatch.org.br\/index.php?rest_route=\/wp\/v2\/posts"}],"about":[{"href":"https:\/\/rioonwatch.org.br\/index.php?rest_route=\/wp\/v2\/types\/post"}],"author":[{"embeddable":true,"href":"https:\/\/rioonwatch.org.br\/index.php?rest_route=\/wp\/v2\/users\/167"}],"replies":[{"embeddable":true,"href":"https:\/\/rioonwatch.org.br\/index.php?rest_route=%2Fwp%2Fv2%2Fcomments&post=63198"}],"version-history":[{"count":20,"href":"https:\/\/rioonwatch.org.br\/index.php?rest_route=\/wp\/v2\/posts\/63198\/revisions"}],"predecessor-version":[{"id":66255,"href":"https:\/\/rioonwatch.org.br\/index.php?rest_route=\/wp\/v2\/posts\/63198\/revisions\/66255"}],"wp:featuredmedia":[{"embeddable":true,"href":"https:\/\/rioonwatch.org.br\/index.php?rest_route=\/wp\/v2\/media\/63309"}],"wp:attachment":[{"href":"https:\/\/rioonwatch.org.br\/index.php?rest_route=%2Fwp%2Fv2%2Fmedia&parent=63198"}],"wp:term":[{"taxonomy":"category","embeddable":true,"href":"https:\/\/rioonwatch.org.br\/index.php?rest_route=%2Fwp%2Fv2%2Fcategories&post=63198"},{"taxonomy":"post_tag","embeddable":true,"href":"https:\/\/rioonwatch.org.br\/index.php?rest_route=%2Fwp%2Fv2%2Ftags&post=63198"},{"taxonomy":"writer","embeddable":true,"href":"https:\/\/rioonwatch.org.br\/index.php?rest_route=%2Fwp%2Fv2%2Fwriter&post=63198"},{"taxonomy":"translator","embeddable":true,"href":"https:\/\/rioonwatch.org.br\/index.php?rest_route=%2Fwp%2Fv2%2Ftranslator&post=63198"},{"taxonomy":"source","embeddable":true,"href":"https:\/\/rioonwatch.org.br\/index.php?rest_route=%2Fwp%2Fv2%2Fsource&post=63198"},{"taxonomy":"ilustrador","embeddable":true,"href":"https:\/\/rioonwatch.org.br\/index.php?rest_route=%2Fwp%2Fv2%2Filustrador&post=63198"},{"taxonomy":"fotografo","embeddable":true,"href":"https:\/\/rioonwatch.org.br\/index.php?rest_route=%2Fwp%2Fv2%2Ffotografo&post=63198"}],"curies":[{"name":"wp","href":"https:\/\/api.w.org\/{rel}","templated":true}]}}