{"id":6323,"date":"2013-06-08T00:52:53","date_gmt":"2013-06-08T03:52:53","guid":{"rendered":"http:\/\/rioonwatch.org.br\/?p=6323"},"modified":"2016-04-24T23:55:13","modified_gmt":"2016-04-25T02:55:13","slug":"na-ausencia-do-morar-carioca-a-favela-pica-pau-organiza-solucoes-comunitarias","status":"publish","type":"post","link":"https:\/\/rioonwatch.org.br\/?p=6323","title":{"rendered":"Na Aus\u00eancia do Morar Carioca o Pica-Pau Organiza Solu\u00e7\u00f5es Comunit\u00e1rias"},"content":{"rendered":"<p>Nos \u00faltimos cinco anos, Irenaldo Hon\u00f3rio da Silva, presidente da Associa\u00e7\u00e3o de Moradores do\u00a0<a href=\"http:\/\/bit.ly\/Z0e2US\" target=\"_blank\">Pica-Pau<\/a>, em parceria com a Prefeitura e entidades sociais, tem ajudado a organizar um dia de entretenimento na sua comunidade situada na Zona Norte do Rio. O \u00faltimo evento que ocorreu no dia 25 de maio, come\u00e7ou como uma iniciativa para fortalecer a cultura local e a a\u00e7\u00e3o coletiva, combinando a celebra\u00e7\u00e3o do Dia do Trabalhador com o Dia das M\u00e3es. Desde a realiza\u00e7\u00e3o de uma parceria com a igreja local, o evento ocorre tr\u00eas vezes por ano para os moradores de Pica-Pau, aumentando o reconhecimento da comunidade pelas autoridades locais.<\/p>\n<p>Fam\u00edlias se misturando ao redor do palco de m\u00fasica, crian\u00e7as abrindo seus pacotes de lanche e agentes de sa\u00fade distribuindo escovas de dente gr\u00e1tis contradizem a realidade de uma \u00e1rea historicamente carente de servi\u00e7os p\u00fablicos. Reunidos em uma quadra de concreto na entrada do bairro, Irenaldo explica o pano de fundo das casas de tijolo. A maioria destas casas, ele explica, foi constru\u00edda pelos pr\u00f3prios moradores e h\u00e1 algumas estruturas prec\u00e1rias que est\u00e3o em <a href=\"http:\/\/bit.ly\/Ps8MhF\" target=\"_blank\">risco de desabar<\/a>. Um carro queimado interrompe a s\u00e9rie dos v\u00e1rios estandes \u00e0 sombra ao redor da quadra, insinuando o lado mais sombrio da vida na comunidade Pica-Pau. <a href=\"http:\/\/bit.ly\/NJCCjW\" target=\"_blank\">O crack \u00e9 uma grande amea\u00e7a para a juventude<\/a> aqui, de acordo com o religioso Sebasti\u00e3o da igreja Semear de Br\u00e1s de Pina. &#8220;A maior alegria para n\u00f3s \u00e9 ser capaz de levar os jovens para fora do ciclo das drogas e do desemprego, para v\u00ea-los limpo e com esperan\u00e7a sobre o futuro&#8221;, disse ele, passando a descrever o programa de reabilita\u00e7\u00e3o da igreja, estabelecido por meio da colabora\u00e7\u00e3o com a Associa\u00e7\u00e3o de Moradores.<\/p>\n<p><a href=\"http:\/\/rioonwatch.org.br\/?attachment_id=9385\" rel=\"attachment wp-att-9385\"><img fetchpriority=\"high\" decoding=\"async\" class=\"alignright size-full wp-image-9385\" title=\"Vacina contra raiva para animais de estima\u00e7\u00e3o\" src=\"http:\/\/rioonwatch.org\/wp-content\/uploads\/2013\/05\/rabies-shots-for-household-pets1.jpg\" alt=\"\" width=\"336\" height=\"252\" \/><\/a><\/p>\n<p>O evento \u00e9 ao mesmo tempo pr\u00e1tico e simb\u00f3lico. A presen\u00e7a de agentes de controle de animais possibilitou aos moradores a chance de vacinar os seus gatos e cachorros contra a raiva, enquanto o crescimento na participa\u00e7\u00e3o reflete o vibrante engajamento da comunidade e a melhoria na provis\u00e3o de servi\u00e7os municipais. \u00d3rg\u00e3os p\u00fablicos, como o DETRAN estavam agindo para agilizar a papelada para os moradores que n\u00e3o possuem documentos formais, bem como estavam presentes o SESC, e a COMLURB que \u00e9 respons\u00e1vel pela coleta de lixo. A Cl\u00ednica da Fam\u00edlia, criada h\u00e1 dois anos, tem intensificado gradualmente a presen\u00e7a dos agentes comunit\u00e1rios de sa\u00fade na comunidade e eles aproveitaram o evento para promover exames de mamografia no local. Apesar de um melhor acesso \u00e0 sa\u00fade p\u00fablica, os moradores tamb\u00e9m contam com ONGs locais para o fornecimento de assist\u00eancia m\u00e9dica, juntamente com m\u00e9dicos munidos de estetosc\u00f3pios e monitores de press\u00e3o arterial. Alguns membros da igreja se tornaram defensores abertos da mudan\u00e7a, indo al\u00e9m das atividades religiosas para unir for\u00e7as com a Associa\u00e7\u00e3o de Moradores e convidar os trabalhadores para participar do movimento.<\/p>\n<p><a href=\"http:\/\/rioonwatch.org.br\/?attachment_id=9388\" rel=\"attachment wp-att-9388\"><img decoding=\"async\" class=\"alignright size-full wp-image-9388\" title=\"Crian\u00e7as brincando no pula-pula\" src=\"http:\/\/rioonwatch.org\/wp-content\/uploads\/2013\/05\/kids-on-trampoline.jpg\" alt=\"\" width=\"336\" height=\"252\" \/><\/a><\/p>\n<p>Apesar de progressos terem sido feitos para levar os servi\u00e7os para a regi\u00e3o de Pica-Pau, o alarme falso da assist\u00eancia do governo refor\u00e7a a necessidade de solu\u00e7\u00f5es lideradas pela comunidade que n\u00e3o dependam dos fracos comprometimentos das autoridades. Um caso not\u00e1vel \u00e9 o programa <a href=\"http:\/\/bit.ly\/104CmUd\">Morar Carioca<\/a>, uma medida que visa a urbaniza\u00e7\u00e3o completa das favelas do Rio de Janeiro at\u00e9 2020, que passou por v\u00e1rias fases de reuni\u00f5es com os moradores para projetar interven\u00e7\u00f5es financiadas pelo governo que melhorariam a qualidade de vida da regi\u00e3o. Esta ambiciosa iniciativa municipal foi elogiada como um primeiro passo como estrat\u00e9gia de\u00a0planejamento participativo e <a href=\"http:\/\/bit.ly\/15beq1z\">aumentou as esperan\u00e7as entre moradores, at\u00e9 que o financiamento foi cortado alguns meses atr\u00e1s<\/a>. Isto deixou os moradores sozinhos para lidar com os problemas graves de saneamento, infra-estrutura e problemas de sa\u00fade, e um futuro incerto para grandes planos. Enquanto isso, um agente que representa o gabinete de projetos da Casa Civil do Sub-Prefeito estava presente para encontrar maneiras de fornecer apoio \u00e0s organiza\u00e7\u00f5es locais.<\/p>\n<p>Quando perguntado sobre a import\u00e2ncia deste evento, Irenaldo acena para as crian\u00e7as que est\u00e3o claramente se divertindo em um pula-pula, hipnotizadas pela performance de um palha\u00e7o e correndo com picol\u00e9s. &#8220;\u00c9 para eles&#8221;, ele diz, &#8220;de outra maneira eles nunca teriam essas coisas\u201d. O impacto mais duradouro, no entanto, vem do cont\u00ednuo esfor\u00e7o que ele e outros ativistas investem na garantia de servi\u00e7os p\u00fablicos e as rela\u00e7\u00f5es entre os grupos comunit\u00e1rios. Refletindo mais um minuto sobre o que o pr\u00f3ximo ano traria, Irenaldo acrescenta, &#8220;o que realmente queremos \u00e9 o Morar Carioca&#8221;.<\/p>\n<!-- AddThis Advanced Settings generic via filter on the_content --><!-- AddThis Share Buttons generic via filter on the_content -->","protected":false},"excerpt":{"rendered":"<div class=\"mh-excerpt\"><p>Nos \u00faltimos cinco anos, Irenaldo Hon\u00f3rio da Silva, presidente da Associa\u00e7\u00e3o de Moradores do\u00a0Pica-Pau, em parceria com a Prefeitura e entidades sociais, tem ajudado a organizar um dia de entretenimento na sua comunidade situada na <a class=\"mh-excerpt-more\" href=\"https:\/\/rioonwatch.org.br\/?p=6323\" title=\"Na Aus\u00eancia do Morar Carioca o Pica-Pau Organiza Solu\u00e7\u00f5es Comunit\u00e1rias\">[&#8230;]<\/a><!-- AddThis Advanced Settings generic via filter on get_the_excerpt --><!-- AddThis Share Buttons generic via filter on get_the_excerpt --><\/p>\n<\/div>","protected":false},"author":129,"featured_media":6335,"comment_status":"closed","ping_status":"closed","sticky":false,"template":"","format":"standard","meta":{"_acf_changed":false,"_monsterinsights_skip_tracking":false,"_monsterinsights_sitenote_active":false,"_monsterinsights_sitenote_note":"","_monsterinsights_sitenote_category":0,"footnotes":""},"categories":[1618,344,342],"tags":[750,623,661,748,419,324,270,304,426,294,751,476,218],"writer":[747],"translator":[654],"source":[],"ilustrador":[],"fotografo":[],"class_list":{"0":"post-6323","1":"post","2":"type-post","3":"status-publish","4":"format-standard","5":"has-post-thumbnail","7":"category-olhonaparticipacao","8":"category-politicas","9":"category-solucoes","10":"tag-clinica-da-familia","11":"tag-comlurb","12":"tag-crack","13":"tag-detran","14":"tag-igreja","15":"tag-infraestrutura","16":"tag-morar-carioca","17":"tag-participacao","18":"tag-pica-pau","19":"tag-saude","20":"tag-sesc","21":"tag-solucao-comunitaria","22":"tag-zona-norte","23":"writer-kathleen-hennessy","24":"translator-vinicius-menezes-rangel-de-sa"},"acf":[],"yoast_head":"<!-- This site is optimized with the Yoast SEO plugin v25.6 - https:\/\/yoast.com\/wordpress\/plugins\/seo\/ -->\n<title>Na Aus\u00eancia do Morar Carioca o Pica-Pau Organiza Solu\u00e7\u00f5es Comunit\u00e1rias - RioOnWatch<\/title>\n<meta name=\"robots\" content=\"index, follow, max-snippet:-1, max-image-preview:large, max-video-preview:-1\" \/>\n<link rel=\"canonical\" href=\"https:\/\/rioonwatch.org.br\/?p=6323\" \/>\n<meta property=\"og:locale\" content=\"pt_BR\" \/>\n<meta property=\"og:type\" content=\"article\" \/>\n<meta property=\"og:title\" content=\"Na Aus\u00eancia do Morar Carioca o Pica-Pau Organiza Solu\u00e7\u00f5es Comunit\u00e1rias - RioOnWatch\" \/>\n<meta property=\"og:description\" content=\"Nos \u00faltimos cinco anos, Irenaldo Hon\u00f3rio da Silva, presidente da Associa\u00e7\u00e3o de Moradores do\u00a0Pica-Pau, em parceria com a Prefeitura e entidades sociais, tem ajudado a organizar um dia de entretenimento na sua comunidade situada na [...]\" \/>\n<meta property=\"og:url\" content=\"https:\/\/rioonwatch.org.br\/?p=6323\" \/>\n<meta property=\"og:site_name\" content=\"RioOnWatch\" \/>\n<meta property=\"article:published_time\" content=\"2013-06-08T03:52:53+00:00\" \/>\n<meta property=\"article:modified_time\" content=\"2016-04-25T02:55:13+00:00\" \/>\n<meta property=\"og:image\" content=\"https:\/\/rioonwatch.org.br\/wp-content\/uploads\/2013\/06\/picapau-capa.jpg\" \/>\n\t<meta property=\"og:image:width\" content=\"300\" \/>\n\t<meta property=\"og:image:height\" content=\"211\" \/>\n\t<meta property=\"og:image:type\" content=\"image\/jpeg\" \/>\n<meta name=\"author\" content=\"Admin\" \/>\n<meta name=\"twitter:card\" content=\"summary_large_image\" \/>\n<meta name=\"twitter:label1\" content=\"Escrito por\" \/>\n\t<meta name=\"twitter:data1\" content=\"Admin\" \/>\n\t<meta name=\"twitter:label2\" content=\"Est. tempo de leitura\" \/>\n\t<meta name=\"twitter:data2\" content=\"4 minutos\" \/>\n<script type=\"application\/ld+json\" class=\"yoast-schema-graph\">{\"@context\":\"https:\/\/schema.org\",\"@graph\":[{\"@type\":\"Article\",\"@id\":\"https:\/\/rioonwatch.org.br\/?p=6323#article\",\"isPartOf\":{\"@id\":\"https:\/\/rioonwatch.org.br\/?p=6323\"},\"author\":{\"name\":\"Admin\",\"@id\":\"https:\/\/rioonwatch.org.br\/#\/schema\/person\/11d64c290506f9df50c71b850c473f68\"},\"headline\":\"Na Aus\u00eancia do Morar Carioca o Pica-Pau Organiza Solu\u00e7\u00f5es Comunit\u00e1rias\",\"datePublished\":\"2013-06-08T03:52:53+00:00\",\"dateModified\":\"2016-04-25T02:55:13+00:00\",\"mainEntityOfPage\":{\"@id\":\"https:\/\/rioonwatch.org.br\/?p=6323\"},\"wordCount\":808,\"publisher\":{\"@id\":\"https:\/\/rioonwatch.org.br\/#organization\"},\"image\":{\"@id\":\"https:\/\/rioonwatch.org.br\/?p=6323#primaryimage\"},\"thumbnailUrl\":\"https:\/\/rioonwatch.org.br\/wp-content\/uploads\/2013\/06\/picapau-capa.jpg\",\"keywords\":[\"Cl\u00ednica da Fam\u00edlia\",\"COMLURB\",\"crack\",\"Detran\",\"igreja\",\"infraestrutura\",\"Morar Carioca\",\"participa\u00e7\u00e3o\",\"Pica-Pau\",\"sa\u00fade\",\"SESC\",\"solu\u00e7\u00e3o comunit\u00e1ria\",\"Zona Norte\"],\"articleSection\":[\"#OlhoNaParticipa\u00e7\u00e3o\",\"Pol\u00edticas\",\"Solu\u00e7\u00f5es\"],\"inLanguage\":\"pt-BR\"},{\"@type\":\"WebPage\",\"@id\":\"https:\/\/rioonwatch.org.br\/?p=6323\",\"url\":\"https:\/\/rioonwatch.org.br\/?p=6323\",\"name\":\"Na Aus\u00eancia do Morar Carioca o Pica-Pau Organiza Solu\u00e7\u00f5es Comunit\u00e1rias - RioOnWatch\",\"isPartOf\":{\"@id\":\"https:\/\/rioonwatch.org.br\/#website\"},\"primaryImageOfPage\":{\"@id\":\"https:\/\/rioonwatch.org.br\/?p=6323#primaryimage\"},\"image\":{\"@id\":\"https:\/\/rioonwatch.org.br\/?p=6323#primaryimage\"},\"thumbnailUrl\":\"https:\/\/rioonwatch.org.br\/wp-content\/uploads\/2013\/06\/picapau-capa.jpg\",\"datePublished\":\"2013-06-08T03:52:53+00:00\",\"dateModified\":\"2016-04-25T02:55:13+00:00\",\"breadcrumb\":{\"@id\":\"https:\/\/rioonwatch.org.br\/?p=6323#breadcrumb\"},\"inLanguage\":\"pt-BR\",\"potentialAction\":[{\"@type\":\"ReadAction\",\"target\":[\"https:\/\/rioonwatch.org.br\/?p=6323\"]}]},{\"@type\":\"ImageObject\",\"inLanguage\":\"pt-BR\",\"@id\":\"https:\/\/rioonwatch.org.br\/?p=6323#primaryimage\",\"url\":\"https:\/\/rioonwatch.org.br\/wp-content\/uploads\/2013\/06\/picapau-capa.jpg\",\"contentUrl\":\"https:\/\/rioonwatch.org.br\/wp-content\/uploads\/2013\/06\/picapau-capa.jpg\",\"width\":300,\"height\":211},{\"@type\":\"BreadcrumbList\",\"@id\":\"https:\/\/rioonwatch.org.br\/?p=6323#breadcrumb\",\"itemListElement\":[{\"@type\":\"ListItem\",\"position\":1,\"name\":\"In\u00edcio\",\"item\":\"https:\/\/rioonwatch.org.br\/\"},{\"@type\":\"ListItem\",\"position\":2,\"name\":\"Na Aus\u00eancia do Morar Carioca o Pica-Pau Organiza Solu\u00e7\u00f5es Comunit\u00e1rias\"}]},{\"@type\":\"WebSite\",\"@id\":\"https:\/\/rioonwatch.org.br\/#website\",\"url\":\"https:\/\/rioonwatch.org.br\/\",\"name\":\"RioOnWatch\",\"description\":\"relatos das favelas cariocas\",\"publisher\":{\"@id\":\"https:\/\/rioonwatch.org.br\/#organization\"},\"potentialAction\":[{\"@type\":\"SearchAction\",\"target\":{\"@type\":\"EntryPoint\",\"urlTemplate\":\"https:\/\/rioonwatch.org.br\/?s={search_term_string}\"},\"query-input\":{\"@type\":\"PropertyValueSpecification\",\"valueRequired\":true,\"valueName\":\"search_term_string\"}}],\"inLanguage\":\"pt-BR\"},{\"@type\":\"Organization\",\"@id\":\"https:\/\/rioonwatch.org.br\/#organization\",\"name\":\"RioOnWatch\",\"url\":\"https:\/\/rioonwatch.org.br\/\",\"logo\":{\"@type\":\"ImageObject\",\"inLanguage\":\"pt-BR\",\"@id\":\"https:\/\/rioonwatch.org.br\/#\/schema\/logo\/image\/\",\"url\":\"https:\/\/rioonwatch.org.br\/wp-content\/uploads\/2021\/06\/RioOnWatchcabecalhoPT11anos-2.png\",\"contentUrl\":\"https:\/\/rioonwatch.org.br\/wp-content\/uploads\/2021\/06\/RioOnWatchcabecalhoPT11anos-2.png\",\"width\":779,\"height\":277,\"caption\":\"RioOnWatch\"},\"image\":{\"@id\":\"https:\/\/rioonwatch.org.br\/#\/schema\/logo\/image\/\"}},{\"@type\":\"Person\",\"@id\":\"https:\/\/rioonwatch.org.br\/#\/schema\/person\/11d64c290506f9df50c71b850c473f68\",\"name\":\"Admin\",\"image\":{\"@type\":\"ImageObject\",\"inLanguage\":\"pt-BR\",\"@id\":\"https:\/\/rioonwatch.org.br\/#\/schema\/person\/image\/\",\"url\":\"https:\/\/secure.gravatar.com\/avatar\/56211ac74568383903349a1485e3c325?s=96&d=blank&r=g\",\"contentUrl\":\"https:\/\/secure.gravatar.com\/avatar\/56211ac74568383903349a1485e3c325?s=96&d=blank&r=g\",\"caption\":\"Admin\"},\"url\":\"https:\/\/rioonwatch.org.br\/?author=129\"}]}<\/script>\n<!-- \/ Yoast SEO plugin. -->","yoast_head_json":{"title":"Na Aus\u00eancia do Morar Carioca o Pica-Pau Organiza Solu\u00e7\u00f5es Comunit\u00e1rias - RioOnWatch","robots":{"index":"index","follow":"follow","max-snippet":"max-snippet:-1","max-image-preview":"max-image-preview:large","max-video-preview":"max-video-preview:-1"},"canonical":"https:\/\/rioonwatch.org.br\/?p=6323","og_locale":"pt_BR","og_type":"article","og_title":"Na Aus\u00eancia do Morar Carioca o Pica-Pau Organiza Solu\u00e7\u00f5es Comunit\u00e1rias - RioOnWatch","og_description":"Nos \u00faltimos cinco anos, Irenaldo Hon\u00f3rio da Silva, presidente da Associa\u00e7\u00e3o de Moradores do\u00a0Pica-Pau, em parceria com a Prefeitura e entidades sociais, tem ajudado a organizar um dia de entretenimento na sua comunidade situada na [...]","og_url":"https:\/\/rioonwatch.org.br\/?p=6323","og_site_name":"RioOnWatch","article_published_time":"2013-06-08T03:52:53+00:00","article_modified_time":"2016-04-25T02:55:13+00:00","og_image":[{"width":300,"height":211,"url":"https:\/\/rioonwatch.org.br\/wp-content\/uploads\/2013\/06\/picapau-capa.jpg","type":"image\/jpeg"}],"author":"Admin","twitter_card":"summary_large_image","twitter_misc":{"Escrito por":"Admin","Est. tempo de leitura":"4 minutos"},"schema":{"@context":"https:\/\/schema.org","@graph":[{"@type":"Article","@id":"https:\/\/rioonwatch.org.br\/?p=6323#article","isPartOf":{"@id":"https:\/\/rioonwatch.org.br\/?p=6323"},"author":{"name":"Admin","@id":"https:\/\/rioonwatch.org.br\/#\/schema\/person\/11d64c290506f9df50c71b850c473f68"},"headline":"Na Aus\u00eancia do Morar Carioca o Pica-Pau Organiza Solu\u00e7\u00f5es Comunit\u00e1rias","datePublished":"2013-06-08T03:52:53+00:00","dateModified":"2016-04-25T02:55:13+00:00","mainEntityOfPage":{"@id":"https:\/\/rioonwatch.org.br\/?p=6323"},"wordCount":808,"publisher":{"@id":"https:\/\/rioonwatch.org.br\/#organization"},"image":{"@id":"https:\/\/rioonwatch.org.br\/?p=6323#primaryimage"},"thumbnailUrl":"https:\/\/rioonwatch.org.br\/wp-content\/uploads\/2013\/06\/picapau-capa.jpg","keywords":["Cl\u00ednica da Fam\u00edlia","COMLURB","crack","Detran","igreja","infraestrutura","Morar Carioca","participa\u00e7\u00e3o","Pica-Pau","sa\u00fade","SESC","solu\u00e7\u00e3o comunit\u00e1ria","Zona Norte"],"articleSection":["#OlhoNaParticipa\u00e7\u00e3o","Pol\u00edticas","Solu\u00e7\u00f5es"],"inLanguage":"pt-BR"},{"@type":"WebPage","@id":"https:\/\/rioonwatch.org.br\/?p=6323","url":"https:\/\/rioonwatch.org.br\/?p=6323","name":"Na Aus\u00eancia do Morar Carioca o Pica-Pau Organiza Solu\u00e7\u00f5es Comunit\u00e1rias - RioOnWatch","isPartOf":{"@id":"https:\/\/rioonwatch.org.br\/#website"},"primaryImageOfPage":{"@id":"https:\/\/rioonwatch.org.br\/?p=6323#primaryimage"},"image":{"@id":"https:\/\/rioonwatch.org.br\/?p=6323#primaryimage"},"thumbnailUrl":"https:\/\/rioonwatch.org.br\/wp-content\/uploads\/2013\/06\/picapau-capa.jpg","datePublished":"2013-06-08T03:52:53+00:00","dateModified":"2016-04-25T02:55:13+00:00","breadcrumb":{"@id":"https:\/\/rioonwatch.org.br\/?p=6323#breadcrumb"},"inLanguage":"pt-BR","potentialAction":[{"@type":"ReadAction","target":["https:\/\/rioonwatch.org.br\/?p=6323"]}]},{"@type":"ImageObject","inLanguage":"pt-BR","@id":"https:\/\/rioonwatch.org.br\/?p=6323#primaryimage","url":"https:\/\/rioonwatch.org.br\/wp-content\/uploads\/2013\/06\/picapau-capa.jpg","contentUrl":"https:\/\/rioonwatch.org.br\/wp-content\/uploads\/2013\/06\/picapau-capa.jpg","width":300,"height":211},{"@type":"BreadcrumbList","@id":"https:\/\/rioonwatch.org.br\/?p=6323#breadcrumb","itemListElement":[{"@type":"ListItem","position":1,"name":"In\u00edcio","item":"https:\/\/rioonwatch.org.br\/"},{"@type":"ListItem","position":2,"name":"Na Aus\u00eancia do Morar Carioca o Pica-Pau Organiza Solu\u00e7\u00f5es Comunit\u00e1rias"}]},{"@type":"WebSite","@id":"https:\/\/rioonwatch.org.br\/#website","url":"https:\/\/rioonwatch.org.br\/","name":"RioOnWatch","description":"relatos das favelas cariocas","publisher":{"@id":"https:\/\/rioonwatch.org.br\/#organization"},"potentialAction":[{"@type":"SearchAction","target":{"@type":"EntryPoint","urlTemplate":"https:\/\/rioonwatch.org.br\/?s={search_term_string}"},"query-input":{"@type":"PropertyValueSpecification","valueRequired":true,"valueName":"search_term_string"}}],"inLanguage":"pt-BR"},{"@type":"Organization","@id":"https:\/\/rioonwatch.org.br\/#organization","name":"RioOnWatch","url":"https:\/\/rioonwatch.org.br\/","logo":{"@type":"ImageObject","inLanguage":"pt-BR","@id":"https:\/\/rioonwatch.org.br\/#\/schema\/logo\/image\/","url":"https:\/\/rioonwatch.org.br\/wp-content\/uploads\/2021\/06\/RioOnWatchcabecalhoPT11anos-2.png","contentUrl":"https:\/\/rioonwatch.org.br\/wp-content\/uploads\/2021\/06\/RioOnWatchcabecalhoPT11anos-2.png","width":779,"height":277,"caption":"RioOnWatch"},"image":{"@id":"https:\/\/rioonwatch.org.br\/#\/schema\/logo\/image\/"}},{"@type":"Person","@id":"https:\/\/rioonwatch.org.br\/#\/schema\/person\/11d64c290506f9df50c71b850c473f68","name":"Admin","image":{"@type":"ImageObject","inLanguage":"pt-BR","@id":"https:\/\/rioonwatch.org.br\/#\/schema\/person\/image\/","url":"https:\/\/secure.gravatar.com\/avatar\/56211ac74568383903349a1485e3c325?s=96&d=blank&r=g","contentUrl":"https:\/\/secure.gravatar.com\/avatar\/56211ac74568383903349a1485e3c325?s=96&d=blank&r=g","caption":"Admin"},"url":"https:\/\/rioonwatch.org.br\/?author=129"}]}},"_links":{"self":[{"href":"https:\/\/rioonwatch.org.br\/index.php?rest_route=\/wp\/v2\/posts\/6323"}],"collection":[{"href":"https:\/\/rioonwatch.org.br\/index.php?rest_route=\/wp\/v2\/posts"}],"about":[{"href":"https:\/\/rioonwatch.org.br\/index.php?rest_route=\/wp\/v2\/types\/post"}],"author":[{"embeddable":true,"href":"https:\/\/rioonwatch.org.br\/index.php?rest_route=\/wp\/v2\/users\/129"}],"replies":[{"embeddable":true,"href":"https:\/\/rioonwatch.org.br\/index.php?rest_route=%2Fwp%2Fv2%2Fcomments&post=6323"}],"version-history":[{"count":23,"href":"https:\/\/rioonwatch.org.br\/index.php?rest_route=\/wp\/v2\/posts\/6323\/revisions"}],"predecessor-version":[{"id":15621,"href":"https:\/\/rioonwatch.org.br\/index.php?rest_route=\/wp\/v2\/posts\/6323\/revisions\/15621"}],"wp:featuredmedia":[{"embeddable":true,"href":"https:\/\/rioonwatch.org.br\/index.php?rest_route=\/wp\/v2\/media\/6335"}],"wp:attachment":[{"href":"https:\/\/rioonwatch.org.br\/index.php?rest_route=%2Fwp%2Fv2%2Fmedia&parent=6323"}],"wp:term":[{"taxonomy":"category","embeddable":true,"href":"https:\/\/rioonwatch.org.br\/index.php?rest_route=%2Fwp%2Fv2%2Fcategories&post=6323"},{"taxonomy":"post_tag","embeddable":true,"href":"https:\/\/rioonwatch.org.br\/index.php?rest_route=%2Fwp%2Fv2%2Ftags&post=6323"},{"taxonomy":"writer","embeddable":true,"href":"https:\/\/rioonwatch.org.br\/index.php?rest_route=%2Fwp%2Fv2%2Fwriter&post=6323"},{"taxonomy":"translator","embeddable":true,"href":"https:\/\/rioonwatch.org.br\/index.php?rest_route=%2Fwp%2Fv2%2Ftranslator&post=6323"},{"taxonomy":"source","embeddable":true,"href":"https:\/\/rioonwatch.org.br\/index.php?rest_route=%2Fwp%2Fv2%2Fsource&post=6323"},{"taxonomy":"ilustrador","embeddable":true,"href":"https:\/\/rioonwatch.org.br\/index.php?rest_route=%2Fwp%2Fv2%2Filustrador&post=6323"},{"taxonomy":"fotografo","embeddable":true,"href":"https:\/\/rioonwatch.org.br\/index.php?rest_route=%2Fwp%2Fv2%2Ffotografo&post=6323"}],"curies":[{"name":"wp","href":"https:\/\/api.w.org\/{rel}","templated":true}]}}