{"id":63272,"date":"2022-10-28T00:47:42","date_gmt":"2022-10-28T03:47:42","guid":{"rendered":"https:\/\/rioonwatch.org.br\/?p=63272"},"modified":"2022-11-03T17:16:27","modified_gmt":"2022-11-03T20:16:27","slug":"a-vitoria-de-representantes-mulheres-herdeiras-de-marielle-no-rio-de-janeiro","status":"publish","type":"post","link":"https:\/\/rioonwatch.org.br\/?p=63272","title":{"rendered":"A Vit\u00f3ria de Herdeiras de Marielle nas Elei\u00e7\u00f5es do Rio de Janeiro"},"content":{"rendered":"<figure id=\"attachment_63319\" aria-describedby=\"caption-attachment-63319\" style=\"width: 2000px\" class=\"wp-caption aligncenter\"><a href=\"https:\/\/rioonwatch.org.br\/wp-content\/uploads\/2022\/10\/Arte-Rafael-Moura.jpg\"><img fetchpriority=\"high\" decoding=\"async\" class=\"wp-image-63319 size-full\" src=\"https:\/\/rioonwatch.org.br\/wp-content\/uploads\/2022\/10\/Arte-Rafael-Moura.jpg\" alt=\"Arte por Rafael Moura\" width=\"2000\" height=\"1000\" srcset=\"https:\/\/rioonwatch.org.br\/wp-content\/uploads\/2022\/10\/Arte-Rafael-Moura.jpg 2000w, https:\/\/rioonwatch.org.br\/wp-content\/uploads\/2022\/10\/Arte-Rafael-Moura-620x310.jpg 620w, https:\/\/rioonwatch.org.br\/wp-content\/uploads\/2022\/10\/Arte-Rafael-Moura-1258x629.jpg 1258w\" sizes=\"(max-width: 2000px) 100vw, 2000px\" \/><\/a><figcaption id=\"caption-attachment-63319\" class=\"wp-caption-text\">Arte por Rafael Moura<\/figcaption><\/figure>\n<h4 style=\"text-align: right;\"><em><strong><a href=\"https:\/\/bit.ly\/3NmY1Do\" target=\"_blank\" rel=\"noopener noreferrer\">Click Here for English<\/a><a href=\"https:\/\/bit.ly\/3NmY1Do\" target=\"_blank\" rel=\"noopener noreferrer\"><img decoding=\"async\" class=\"alignright wp-image-15790\" src=\"https:\/\/rioonwatch.org.br\/wp-content\/uploads\/2012\/08\/EN-standard-e1439583104716.jpg\" alt=\"\" width=\"20\" height=\"20\" \/><\/a><\/strong><\/em><\/h4>\n<p><span style=\"font-weight: 400;\">O cidad\u00e3o fluminense foi surpreendido na noite de 2 de outubro. Ao menos, aqueles que acreditaram nas pesquisas de inten\u00e7\u00e3o de votos. A margem de erro foi muito al\u00e9m dos <a href=\"https:\/\/bit.ly\/3MI7GUE\" target=\"_blank\" rel=\"noopener\">nove pontos percentuais previstos<\/a> por alguns institutos de pesquisa. Com <a href=\"http:\/\/glo.bo\/3VTdSxp\" target=\"_blank\" rel=\"noopener\">58,67% dos votos v\u00e1lidos<\/a>, o <a href=\"https:\/\/bit.ly\/3nX8d8F\" target=\"_blank\" rel=\"noopener\">Claudio Castro<\/a>\u00a0(<a href=\"https:\/\/bit.ly\/3eHBlMF\" target=\"_blank\" rel=\"noopener\">PL<\/a>), foi reeleito governador j\u00e1 no primeiro turno das elei\u00e7\u00f5es, <\/span>frente ao advers\u00e1rio <a href=\"https:\/\/bit.ly\/3D7yVUc\" target=\"_blank\" rel=\"noopener\">Marcelo Freixo<\/a> (<a href=\"https:\/\/bit.ly\/3DBDiIC\" target=\"_blank\" rel=\"noopener\">PSB<\/a>), que teve 27,38%; <a href=\"https:\/\/bit.ly\/3U1YfSf\" target=\"_blank\" rel=\"noopener\">Rodrigo Neves<\/a> (<a href=\"https:\/\/bit.ly\/3TJwT3P\" target=\"_blank\" rel=\"noopener\">PDT<\/a>) teve 8% dos votos v\u00e1lidos. <span style=\"font-weight: 400;\">No entanto, apesar deste resultado\u2014de manter um integrante da extrema direita no cargo de governador\u2014a bancada progressista na <a href=\"https:\/\/bit.ly\/3crY2BE\" target=\"_blank\" rel=\"noopener\">Alerj<\/a> cresceu.<\/span><\/p>\n<p><span style=\"font-weight: 400;\">Nestas elei\u00e7\u00f5es foram reeleitas representa\u00e7\u00f5es pol\u00edticas faveladas e negras, entre elas <\/span><span style=\"font-weight: 400;\">a mulher mais votada do Rio de Janeiro e terceira parlamentar com mais votos, <a href=\"http:\/\/bit.ly\/2MVxDF1\" target=\"_blank\" rel=\"noopener\">Renata Souza<\/a> (PSOL-RJ). A deputada estadual conseguiu obteve 174.132 votos, praticamente triplicando sua vota\u00e7\u00e3o em rela\u00e7\u00e3o \u00e0 elei\u00e7\u00e3o passada, em 2018, na qual teve 63.937 votos.\u00a0<\/span><\/p>\n<p><span style=\"font-weight: 400;\">Cria do <a href=\"http:\/\/bit.ly\/2K1s59x\" target=\"_blank\" rel=\"noopener\">Complexo da Mar\u00e9<\/a>, jornalista e doutora em Comunica\u00e7\u00e3o e Cultura pela <a href=\"http:\/\/bit.ly\/2KgADIe\" target=\"_blank\" rel=\"noopener\">UFRJ<\/a>, Renata tornou-se um dos principais nomes pol\u00edticos em defesa dos direitos humanos e na luta contra o exterm\u00ednio da popula\u00e7\u00e3o negra, a viol\u00eancia policial nas favelas e as mil\u00edcias.\u00a0<\/span><\/p>\n<p><span style=\"font-weight: 400;\">\u201cA pol\u00edtica que constru\u00edmos em defesa da vida e direitos do povo negro e pobre das favelas, da <a href=\"https:\/\/bit.ly\/3tetDRj\" target=\"_blank\" rel=\"noopener\">popula\u00e7\u00e3o LGBTIA+<\/a>, da juventude, do povo de ax\u00e9, do interior do estado e das mulheres foi o que me fez a mulher mais votada da ALERJ. Nunca foi f\u00e1cil ser oposi\u00e7\u00e3o, mas foi pra isso que fui eleita!\u201d, afirmou <a href=\"https:\/\/bit.ly\/3saNf9g\" target=\"_blank\" rel=\"noopener\">em entrevista a <em>O Dia<\/em><\/a>.\u00a0<\/span><\/p>\n<p><span style=\"font-weight: 400;\">Antes de ser parlamentar, Renata Souza (PSOL-RJ) era assessora da Vereadora <a href=\"http:\/\/bit.ly\/2ZubT41\" target=\"_blank\" rel=\"noopener\">Marielle Franco<\/a> (PSOL-RJ), sendo considerada uma de <a href=\"https:\/\/bit.ly\/2Ivzm24\" target=\"_blank\" rel=\"noopener\">suas sementes<\/a>. E tamb\u00e9m trabalhou em todos os mandatos de Marcelo Freixo quando ele era deputado estadual.<\/span><\/p>\n<p><span style=\"font-weight: 400;\"><a href=\"https:\/\/bit.ly\/3Tl6IzB\" target=\"_blank\" rel=\"noopener\">Dani Monteiro<\/a> (PSOL-RJ), cria do <a href=\"https:\/\/bit.ly\/3UJm6rc\" target=\"_blank\" rel=\"noopener\">S\u00e3o Carlos<\/a>, tamb\u00e9m foi reeleita com mais de 50.000 votos. Negra, cotista da <a href=\"http:\/\/bit.ly\/2KQx9xm\" target=\"_blank\" rel=\"noopener\">UERJ<\/a>, ela preside a <\/span><a href=\"http:\/\/bit.ly\/2L2rRzD\" target=\"_blank\" rel=\"noopener\"><span style=\"font-weight: 400;\">Comiss\u00e3o de Direitos Humanos na ALERJ<\/span><\/a><span style=\"font-weight: 400;\">. Tamb\u00e9m trabalhou no gabinete de Marielle Franco como assessora.\u00a0<\/span><\/p>\n<p><span style=\"font-weight: 400;\">Por\u00e9m, <a href=\"https:\/\/bit.ly\/2LKYKmf\" target=\"_blank\" rel=\"noopener\">Monica Francisco<\/a> (PSOL-RJ), outra assessora de Marielle, eleita ap\u00f3s o assassinato da vereadora, n\u00e3o foi reeleita, o que diminui a representa\u00e7\u00e3o negra, feminina e feminista na bancada do PSOL na ALERJ. Com 23.831, ela n\u00e3o atingiu o coeficiente eleitoral m\u00ednimo, mas segue com mandato at\u00e9 a posse da nova C\u00e2mara Legislativa.\u00a0<\/span><span style=\"font-weight: 400;\">Cria do <a href=\"https:\/\/bit.ly\/2AoXRtJ\" target=\"_blank\" rel=\"noopener\">Borel<\/a>, lideran\u00e7a comunit\u00e1ria da favela, ela afirmou que seguir\u00e1 \u201cna luta para ocupar tudo com trajet\u00f3rias, hist\u00f3rias e ancestralidades, porque as mulheres negras, somos o alicerce desse pa\u00eds\u201d.\u00a0<\/span><\/p>\n<p><span style=\"font-weight: 400;\">Por outro lado, foi eleita a primeira deputada estadual transexual, <a href=\"http:\/\/glo.bo\/3MKF0KA\" target=\"_blank\" rel=\"noopener\">Dani Balbi<\/a> (<a href=\"https:\/\/bit.ly\/3j4ni4r\" target=\"_blank\" rel=\"noopener\">PCdoB<\/a>). Primeira professora trans <a href=\"http:\/\/glo.bo\/3MKF0KA\" target=\"_blank\" rel=\"noopener\">da UFRJ<\/a>, a doutora em ci\u00eancia da literatura foi eleita com mais de 65.000 votos, postando em seu Instagram:\u00a0<\/span><\/p>\n<blockquote><p><span style=\"font-weight: 400;\">\u201cEu ainda n\u00e3o tenho palavras para dimensionar o quanto estou feliz por termos alcan\u00e7ado esse marco na hist\u00f3ria do nosso estado. Posso ser a primeira, mas nosso caminho a partir de hoje vai ser trilhado para que dezenas de n\u00f3s, mulheres trans, possam ocupar o mesmo espa\u00e7o que eu daqui pra frente. A gente vai pintar a ALERJ de povo!\u201d<\/span><\/p><\/blockquote>\n<p><span style=\"font-weight: 400;\">A elei\u00e7\u00e3o dos vereadores <a href=\"https:\/\/bit.ly\/3eIQRfB\" target=\"_blank\" rel=\"noopener\">Chico Alencar<\/a> (PSOL-RJ) e <a href=\"http:\/\/bit.ly\/2MBWkpW\" target=\"_blank\" rel=\"noopener\">Tarc\u00edsio Motta<\/a> (PSOL-RJ) para deputado federal redesenhou a bancada do partido na C\u00e2mara Municipal do Rio, a partir de suas substitui\u00e7\u00f5es. Em 2023<\/span><span style=\"font-weight: 400;\">, as suplentes <a href=\"https:\/\/bit.ly\/3eIZ7w6\" target=\"_blank\" rel=\"noopener\">Luciana Boiteux<\/a>, professora de Direito Penal e Criminologia da UFRJ, e <a href=\"https:\/\/bit.ly\/3EScTY4\" target=\"_blank\" rel=\"noopener\">M\u00f4nica Cunha<\/a>, fundadora do <a href=\"https:\/\/bit.ly\/3gZcMgR\" target=\"_blank\" rel=\"noopener\">Movimento Moleque<\/a>, ser\u00e3o empossadas como vereadoras.\u00a0<\/span><span style=\"font-weight: 400;\">A posse de <a href=\"http:\/\/bit.ly\/1USvsNF\" target=\"_blank\" rel=\"noopener\">M\u00f4nica Cunha<\/a> como vereadora \u00e9 importante pelo significado da sua representa\u00e7\u00e3o: defensora dos direitos humanos, perdeu seu filho para a viol\u00eancia policial e integra a <a href=\"https:\/\/bit.ly\/3gnFWIE\" target=\"_blank\" rel=\"noopener\">Rede de M\u00e3es e Pessoas V\u00edtimas de Viol\u00eancia Estatal ou Policial<\/a>.<\/span><\/p>\n<p><span style=\"font-weight: 400;\">Outro destaque \u00e9 a elei\u00e7\u00e3o de <a href=\"https:\/\/bit.ly\/3s7729N\" target=\"_blank\" rel=\"noopener\">Ver\u00f4nica Lima<\/a>. Ela \u00e9 vereadora de Niter\u00f3i, a primeira mulher negra a assumir o cargo na hist\u00f3ria da cidade. Com Ver\u00f4nica, a b<\/span><span style=\"font-weight: 400;\">ancada feminina na ALERJ vai ocupar 15 vagas, tr\u00eas cadeiras a mais em rela\u00e7\u00e3o \u00e0 \u00faltima elei\u00e7\u00e3o.<\/span><\/p>\n<p><span style=\"font-weight: 400;\">O <a href=\"http:\/\/bit.ly\/2wFaPhQ\" target=\"_blank\" rel=\"noopener\">PSOL<\/a> conquistou cinco cadeiras na <a href=\"https:\/\/bit.ly\/3crY2BE\" target=\"_blank\" rel=\"noopener\">ALERJ<\/a> e o PT <\/span><span style=\"font-weight: 400;\"><a href=\"http:\/\/glo.bo\/3TnMZQw\" target=\"_blank\" rel=\"noopener\">aumentou o n\u00famero<\/a> de parlamentares do partido para sete<\/span><span style=\"font-weight: 400;\">, cinco a mais do que o pleito anterior, em 2018.<\/span><\/p>\n<hr \/>\n<h4><b data-stringify-type=\"bold\">Apoie nossos esfor\u00e7os para fornecer apoio estrat\u00e9gico \u00e0s favelas do Rio, incluindo o jornalismo hiperlocal, cr\u00edtico, inovador e incans\u00e1vel do\u00a0<\/b><b data-stringify-type=\"bold\"><i data-stringify-type=\"italic\">RioOnWatch<\/i><\/b>\u2014<a class=\"c-link\" href=\"http:\/\/www.bit.ly\/ApoieROW\" target=\"_blank\" rel=\"noopener noreferrer\" data-stringify-link=\"http:\/\/www.bit.ly\/ApoieROW\" data-sk=\"tooltip_parent\">doe aqui<\/a>.<\/h4>\n<!-- AddThis Advanced Settings generic via filter on the_content --><!-- AddThis Share Buttons generic via filter on the_content -->","protected":false},"excerpt":{"rendered":"<div class=\"mh-excerpt\"><p>Click Here for English O cidad\u00e3o fluminense foi surpreendido na noite de 2 de outubro. Ao menos, aqueles que acreditaram nas pesquisas de inten\u00e7\u00e3o de votos. A margem de erro foi muito al\u00e9m dos nove <a class=\"mh-excerpt-more\" href=\"https:\/\/rioonwatch.org.br\/?p=63272\" title=\"A Vit\u00f3ria de Herdeiras de Marielle nas Elei\u00e7\u00f5es do Rio de Janeiro\">[&#8230;]<\/a><!-- AddThis Advanced Settings generic via filter on get_the_excerpt --><!-- AddThis Share Buttons generic via filter on get_the_excerpt --><\/p>\n<\/div>","protected":false},"author":179,"featured_media":63319,"comment_status":"closed","ping_status":"closed","sticky":false,"template":"template-full.php","format":"standard","meta":{"_acf_changed":false,"_monsterinsights_skip_tracking":false,"_monsterinsights_sitenote_active":false,"_monsterinsights_sitenote_note":"","_monsterinsights_sitenote_category":0,"footnotes":""},"categories":[1618,1621,3175,1625,344],"tags":[1852,704,1754,259,2967,3240,2556,3173,483,482,3241,2490,1984,2411,2920,2503,1989,2491,2909,1434,2003,218],"writer":[2800],"translator":[],"source":[],"ilustrador":[],"fotografo":[],"class_list":{"0":"post-63272","1":"post","2":"type-post","3":"status-publish","4":"format-standard","5":"has-post-thumbnail","7":"category-olhonaparticipacao","8":"category-destaque","9":"category-democracia","10":"category-por-correspondentes-comunitarios","11":"category-politicas","12":"tag-alerj","13":"tag-borel","14":"tag-camara-dos-vereadores","15":"tag-centro","16":"tag-claudio-castro","17":"tag-dani-balbi","18":"tag-dani-monteiro-psol","19":"tag-eleicoes-2022","20":"tag-marcelo-freixo","21":"tag-milicia","22":"tag-monica-cunha","23":"tag-monica-francisco-psol","24":"tag-pcdob","25":"tag-pdt","26":"tag-pl","27":"tag-psb","28":"tag-psol","29":"tag-renata-souza-psol","30":"tag-rodrigo-neves","31":"tag-sao-carlos","32":"tag-voz-das-comunidades","33":"tag-zona-norte","34":"writer-tatiana-lima"},"acf":[],"yoast_head":"<!-- This site is optimized with the Yoast SEO plugin v25.6 - https:\/\/yoast.com\/wordpress\/plugins\/seo\/ -->\n<title>A Vit\u00f3ria de Herdeiras de Marielle nas Elei\u00e7\u00f5es do Rio de Janeiro - RioOnWatch<\/title>\n<meta name=\"robots\" content=\"index, follow, max-snippet:-1, max-image-preview:large, max-video-preview:-1\" \/>\n<link rel=\"canonical\" href=\"https:\/\/rioonwatch.org.br\/?p=63272\" \/>\n<meta property=\"og:locale\" content=\"pt_BR\" \/>\n<meta property=\"og:type\" content=\"article\" \/>\n<meta property=\"og:title\" content=\"A Vit\u00f3ria de Herdeiras de Marielle nas Elei\u00e7\u00f5es do Rio de Janeiro - RioOnWatch\" \/>\n<meta property=\"og:description\" content=\"Click Here for English O cidad\u00e3o fluminense foi surpreendido na noite de 2 de outubro. Ao menos, aqueles que acreditaram nas pesquisas de inten\u00e7\u00e3o de votos. A margem de erro foi muito al\u00e9m dos nove [...]\" \/>\n<meta property=\"og:url\" content=\"https:\/\/rioonwatch.org.br\/?p=63272\" \/>\n<meta property=\"og:site_name\" content=\"RioOnWatch\" \/>\n<meta property=\"article:published_time\" content=\"2022-10-28T03:47:42+00:00\" \/>\n<meta property=\"article:modified_time\" content=\"2022-11-03T20:16:27+00:00\" \/>\n<meta property=\"og:image\" content=\"https:\/\/rioonwatch.org.br\/wp-content\/uploads\/2022\/10\/Arte-Rafael-Moura.jpg\" \/>\n\t<meta property=\"og:image:width\" content=\"2000\" \/>\n\t<meta property=\"og:image:height\" content=\"1000\" \/>\n\t<meta property=\"og:image:type\" content=\"image\/jpeg\" \/>\n<meta name=\"author\" content=\"Janaina Tavares\" \/>\n<meta name=\"twitter:card\" content=\"summary_large_image\" \/>\n<meta name=\"twitter:label1\" content=\"Escrito por\" \/>\n\t<meta name=\"twitter:data1\" content=\"Janaina Tavares\" \/>\n\t<meta name=\"twitter:label2\" content=\"Est. tempo de leitura\" \/>\n\t<meta name=\"twitter:data2\" content=\"5 minutos\" \/>\n<script type=\"application\/ld+json\" class=\"yoast-schema-graph\">{\"@context\":\"https:\/\/schema.org\",\"@graph\":[{\"@type\":\"Article\",\"@id\":\"https:\/\/rioonwatch.org.br\/?p=63272#article\",\"isPartOf\":{\"@id\":\"https:\/\/rioonwatch.org.br\/?p=63272\"},\"author\":{\"name\":\"Janaina Tavares\",\"@id\":\"https:\/\/rioonwatch.org.br\/#\/schema\/person\/feb227e5e7679aacc3d672e375cae1bd\"},\"headline\":\"A Vit\u00f3ria de Herdeiras de Marielle nas Elei\u00e7\u00f5es do Rio de Janeiro\",\"datePublished\":\"2022-10-28T03:47:42+00:00\",\"dateModified\":\"2022-11-03T20:16:27+00:00\",\"mainEntityOfPage\":{\"@id\":\"https:\/\/rioonwatch.org.br\/?p=63272\"},\"wordCount\":775,\"publisher\":{\"@id\":\"https:\/\/rioonwatch.org.br\/#organization\"},\"image\":{\"@id\":\"https:\/\/rioonwatch.org.br\/?p=63272#primaryimage\"},\"thumbnailUrl\":\"https:\/\/rioonwatch.org.br\/wp-content\/uploads\/2022\/10\/Arte-Rafael-Moura.jpg\",\"keywords\":[\"Alerj\",\"Borel\",\"C\u00e2mara dos Vereadores\",\"Centro\",\"Cl\u00e1udio Castro\",\"Dani Balbi (PCdoB)\",\"Dani Monteiro (PSOL)\",\"elei\u00e7\u00f5es 2022\",\"Marcelo Freixo\",\"Mil\u00edcia\",\"Monica Cunha\",\"Monica Francisco (PSOL)\",\"PCdoB\",\"PDT\",\"PL\",\"PSB\",\"PSOL\",\"Renata Souza\",\"Rodrigo Neves\",\"S\u00e3o Carlos\",\"Voz das Comunidades\",\"Zona Norte\"],\"articleSection\":[\"#OlhoNaParticipa\u00e7\u00e3o\",\"*Destaque\",\"Democracia\",\"Escrito por Comunicadores Populares\",\"Pol\u00edticas\"],\"inLanguage\":\"pt-BR\"},{\"@type\":\"WebPage\",\"@id\":\"https:\/\/rioonwatch.org.br\/?p=63272\",\"url\":\"https:\/\/rioonwatch.org.br\/?p=63272\",\"name\":\"A Vit\u00f3ria de Herdeiras de Marielle nas Elei\u00e7\u00f5es do Rio de Janeiro - RioOnWatch\",\"isPartOf\":{\"@id\":\"https:\/\/rioonwatch.org.br\/#website\"},\"primaryImageOfPage\":{\"@id\":\"https:\/\/rioonwatch.org.br\/?p=63272#primaryimage\"},\"image\":{\"@id\":\"https:\/\/rioonwatch.org.br\/?p=63272#primaryimage\"},\"thumbnailUrl\":\"https:\/\/rioonwatch.org.br\/wp-content\/uploads\/2022\/10\/Arte-Rafael-Moura.jpg\",\"datePublished\":\"2022-10-28T03:47:42+00:00\",\"dateModified\":\"2022-11-03T20:16:27+00:00\",\"breadcrumb\":{\"@id\":\"https:\/\/rioonwatch.org.br\/?p=63272#breadcrumb\"},\"inLanguage\":\"pt-BR\",\"potentialAction\":[{\"@type\":\"ReadAction\",\"target\":[\"https:\/\/rioonwatch.org.br\/?p=63272\"]}]},{\"@type\":\"ImageObject\",\"inLanguage\":\"pt-BR\",\"@id\":\"https:\/\/rioonwatch.org.br\/?p=63272#primaryimage\",\"url\":\"https:\/\/rioonwatch.org.br\/wp-content\/uploads\/2022\/10\/Arte-Rafael-Moura.jpg\",\"contentUrl\":\"https:\/\/rioonwatch.org.br\/wp-content\/uploads\/2022\/10\/Arte-Rafael-Moura.jpg\",\"width\":2000,\"height\":1000,\"caption\":\"Arte Rafael Moura\"},{\"@type\":\"BreadcrumbList\",\"@id\":\"https:\/\/rioonwatch.org.br\/?p=63272#breadcrumb\",\"itemListElement\":[{\"@type\":\"ListItem\",\"position\":1,\"name\":\"In\u00edcio\",\"item\":\"https:\/\/rioonwatch.org.br\/\"},{\"@type\":\"ListItem\",\"position\":2,\"name\":\"A Vit\u00f3ria de Herdeiras de Marielle nas Elei\u00e7\u00f5es do Rio de Janeiro\"}]},{\"@type\":\"WebSite\",\"@id\":\"https:\/\/rioonwatch.org.br\/#website\",\"url\":\"https:\/\/rioonwatch.org.br\/\",\"name\":\"RioOnWatch\",\"description\":\"relatos das favelas cariocas\",\"publisher\":{\"@id\":\"https:\/\/rioonwatch.org.br\/#organization\"},\"potentialAction\":[{\"@type\":\"SearchAction\",\"target\":{\"@type\":\"EntryPoint\",\"urlTemplate\":\"https:\/\/rioonwatch.org.br\/?s={search_term_string}\"},\"query-input\":{\"@type\":\"PropertyValueSpecification\",\"valueRequired\":true,\"valueName\":\"search_term_string\"}}],\"inLanguage\":\"pt-BR\"},{\"@type\":\"Organization\",\"@id\":\"https:\/\/rioonwatch.org.br\/#organization\",\"name\":\"RioOnWatch\",\"url\":\"https:\/\/rioonwatch.org.br\/\",\"logo\":{\"@type\":\"ImageObject\",\"inLanguage\":\"pt-BR\",\"@id\":\"https:\/\/rioonwatch.org.br\/#\/schema\/logo\/image\/\",\"url\":\"https:\/\/rioonwatch.org.br\/wp-content\/uploads\/2021\/06\/RioOnWatchcabecalhoPT11anos-2.png\",\"contentUrl\":\"https:\/\/rioonwatch.org.br\/wp-content\/uploads\/2021\/06\/RioOnWatchcabecalhoPT11anos-2.png\",\"width\":779,\"height\":277,\"caption\":\"RioOnWatch\"},\"image\":{\"@id\":\"https:\/\/rioonwatch.org.br\/#\/schema\/logo\/image\/\"}},{\"@type\":\"Person\",\"@id\":\"https:\/\/rioonwatch.org.br\/#\/schema\/person\/feb227e5e7679aacc3d672e375cae1bd\",\"name\":\"Janaina Tavares\",\"image\":{\"@type\":\"ImageObject\",\"inLanguage\":\"pt-BR\",\"@id\":\"https:\/\/rioonwatch.org.br\/#\/schema\/person\/image\/\",\"url\":\"https:\/\/secure.gravatar.com\/avatar\/83bb5bb4f8b0c5ad63f35939640eaaa2?s=96&d=blank&r=g\",\"contentUrl\":\"https:\/\/secure.gravatar.com\/avatar\/83bb5bb4f8b0c5ad63f35939640eaaa2?s=96&d=blank&r=g\",\"caption\":\"Janaina Tavares\"},\"url\":\"https:\/\/rioonwatch.org.br\/?author=179\"}]}<\/script>\n<!-- \/ Yoast SEO plugin. -->","yoast_head_json":{"title":"A Vit\u00f3ria de Herdeiras de Marielle nas Elei\u00e7\u00f5es do Rio de Janeiro - RioOnWatch","robots":{"index":"index","follow":"follow","max-snippet":"max-snippet:-1","max-image-preview":"max-image-preview:large","max-video-preview":"max-video-preview:-1"},"canonical":"https:\/\/rioonwatch.org.br\/?p=63272","og_locale":"pt_BR","og_type":"article","og_title":"A Vit\u00f3ria de Herdeiras de Marielle nas Elei\u00e7\u00f5es do Rio de Janeiro - RioOnWatch","og_description":"Click Here for English O cidad\u00e3o fluminense foi surpreendido na noite de 2 de outubro. Ao menos, aqueles que acreditaram nas pesquisas de inten\u00e7\u00e3o de votos. A margem de erro foi muito al\u00e9m dos nove [...]","og_url":"https:\/\/rioonwatch.org.br\/?p=63272","og_site_name":"RioOnWatch","article_published_time":"2022-10-28T03:47:42+00:00","article_modified_time":"2022-11-03T20:16:27+00:00","og_image":[{"width":2000,"height":1000,"url":"https:\/\/rioonwatch.org.br\/wp-content\/uploads\/2022\/10\/Arte-Rafael-Moura.jpg","type":"image\/jpeg"}],"author":"Janaina Tavares","twitter_card":"summary_large_image","twitter_misc":{"Escrito por":"Janaina Tavares","Est. tempo de leitura":"5 minutos"},"schema":{"@context":"https:\/\/schema.org","@graph":[{"@type":"Article","@id":"https:\/\/rioonwatch.org.br\/?p=63272#article","isPartOf":{"@id":"https:\/\/rioonwatch.org.br\/?p=63272"},"author":{"name":"Janaina Tavares","@id":"https:\/\/rioonwatch.org.br\/#\/schema\/person\/feb227e5e7679aacc3d672e375cae1bd"},"headline":"A Vit\u00f3ria de Herdeiras de Marielle nas Elei\u00e7\u00f5es do Rio de Janeiro","datePublished":"2022-10-28T03:47:42+00:00","dateModified":"2022-11-03T20:16:27+00:00","mainEntityOfPage":{"@id":"https:\/\/rioonwatch.org.br\/?p=63272"},"wordCount":775,"publisher":{"@id":"https:\/\/rioonwatch.org.br\/#organization"},"image":{"@id":"https:\/\/rioonwatch.org.br\/?p=63272#primaryimage"},"thumbnailUrl":"https:\/\/rioonwatch.org.br\/wp-content\/uploads\/2022\/10\/Arte-Rafael-Moura.jpg","keywords":["Alerj","Borel","C\u00e2mara dos Vereadores","Centro","Cl\u00e1udio Castro","Dani Balbi (PCdoB)","Dani Monteiro (PSOL)","elei\u00e7\u00f5es 2022","Marcelo Freixo","Mil\u00edcia","Monica Cunha","Monica Francisco (PSOL)","PCdoB","PDT","PL","PSB","PSOL","Renata Souza","Rodrigo Neves","S\u00e3o Carlos","Voz das Comunidades","Zona Norte"],"articleSection":["#OlhoNaParticipa\u00e7\u00e3o","*Destaque","Democracia","Escrito por Comunicadores Populares","Pol\u00edticas"],"inLanguage":"pt-BR"},{"@type":"WebPage","@id":"https:\/\/rioonwatch.org.br\/?p=63272","url":"https:\/\/rioonwatch.org.br\/?p=63272","name":"A Vit\u00f3ria de Herdeiras de Marielle nas Elei\u00e7\u00f5es do Rio de Janeiro - RioOnWatch","isPartOf":{"@id":"https:\/\/rioonwatch.org.br\/#website"},"primaryImageOfPage":{"@id":"https:\/\/rioonwatch.org.br\/?p=63272#primaryimage"},"image":{"@id":"https:\/\/rioonwatch.org.br\/?p=63272#primaryimage"},"thumbnailUrl":"https:\/\/rioonwatch.org.br\/wp-content\/uploads\/2022\/10\/Arte-Rafael-Moura.jpg","datePublished":"2022-10-28T03:47:42+00:00","dateModified":"2022-11-03T20:16:27+00:00","breadcrumb":{"@id":"https:\/\/rioonwatch.org.br\/?p=63272#breadcrumb"},"inLanguage":"pt-BR","potentialAction":[{"@type":"ReadAction","target":["https:\/\/rioonwatch.org.br\/?p=63272"]}]},{"@type":"ImageObject","inLanguage":"pt-BR","@id":"https:\/\/rioonwatch.org.br\/?p=63272#primaryimage","url":"https:\/\/rioonwatch.org.br\/wp-content\/uploads\/2022\/10\/Arte-Rafael-Moura.jpg","contentUrl":"https:\/\/rioonwatch.org.br\/wp-content\/uploads\/2022\/10\/Arte-Rafael-Moura.jpg","width":2000,"height":1000,"caption":"Arte Rafael Moura"},{"@type":"BreadcrumbList","@id":"https:\/\/rioonwatch.org.br\/?p=63272#breadcrumb","itemListElement":[{"@type":"ListItem","position":1,"name":"In\u00edcio","item":"https:\/\/rioonwatch.org.br\/"},{"@type":"ListItem","position":2,"name":"A Vit\u00f3ria de Herdeiras de Marielle nas Elei\u00e7\u00f5es do Rio de Janeiro"}]},{"@type":"WebSite","@id":"https:\/\/rioonwatch.org.br\/#website","url":"https:\/\/rioonwatch.org.br\/","name":"RioOnWatch","description":"relatos das favelas cariocas","publisher":{"@id":"https:\/\/rioonwatch.org.br\/#organization"},"potentialAction":[{"@type":"SearchAction","target":{"@type":"EntryPoint","urlTemplate":"https:\/\/rioonwatch.org.br\/?s={search_term_string}"},"query-input":{"@type":"PropertyValueSpecification","valueRequired":true,"valueName":"search_term_string"}}],"inLanguage":"pt-BR"},{"@type":"Organization","@id":"https:\/\/rioonwatch.org.br\/#organization","name":"RioOnWatch","url":"https:\/\/rioonwatch.org.br\/","logo":{"@type":"ImageObject","inLanguage":"pt-BR","@id":"https:\/\/rioonwatch.org.br\/#\/schema\/logo\/image\/","url":"https:\/\/rioonwatch.org.br\/wp-content\/uploads\/2021\/06\/RioOnWatchcabecalhoPT11anos-2.png","contentUrl":"https:\/\/rioonwatch.org.br\/wp-content\/uploads\/2021\/06\/RioOnWatchcabecalhoPT11anos-2.png","width":779,"height":277,"caption":"RioOnWatch"},"image":{"@id":"https:\/\/rioonwatch.org.br\/#\/schema\/logo\/image\/"}},{"@type":"Person","@id":"https:\/\/rioonwatch.org.br\/#\/schema\/person\/feb227e5e7679aacc3d672e375cae1bd","name":"Janaina Tavares","image":{"@type":"ImageObject","inLanguage":"pt-BR","@id":"https:\/\/rioonwatch.org.br\/#\/schema\/person\/image\/","url":"https:\/\/secure.gravatar.com\/avatar\/83bb5bb4f8b0c5ad63f35939640eaaa2?s=96&d=blank&r=g","contentUrl":"https:\/\/secure.gravatar.com\/avatar\/83bb5bb4f8b0c5ad63f35939640eaaa2?s=96&d=blank&r=g","caption":"Janaina Tavares"},"url":"https:\/\/rioonwatch.org.br\/?author=179"}]}},"_links":{"self":[{"href":"https:\/\/rioonwatch.org.br\/index.php?rest_route=\/wp\/v2\/posts\/63272"}],"collection":[{"href":"https:\/\/rioonwatch.org.br\/index.php?rest_route=\/wp\/v2\/posts"}],"about":[{"href":"https:\/\/rioonwatch.org.br\/index.php?rest_route=\/wp\/v2\/types\/post"}],"author":[{"embeddable":true,"href":"https:\/\/rioonwatch.org.br\/index.php?rest_route=\/wp\/v2\/users\/179"}],"replies":[{"embeddable":true,"href":"https:\/\/rioonwatch.org.br\/index.php?rest_route=%2Fwp%2Fv2%2Fcomments&post=63272"}],"version-history":[{"count":43,"href":"https:\/\/rioonwatch.org.br\/index.php?rest_route=\/wp\/v2\/posts\/63272\/revisions"}],"predecessor-version":[{"id":63717,"href":"https:\/\/rioonwatch.org.br\/index.php?rest_route=\/wp\/v2\/posts\/63272\/revisions\/63717"}],"wp:featuredmedia":[{"embeddable":true,"href":"https:\/\/rioonwatch.org.br\/index.php?rest_route=\/wp\/v2\/media\/63319"}],"wp:attachment":[{"href":"https:\/\/rioonwatch.org.br\/index.php?rest_route=%2Fwp%2Fv2%2Fmedia&parent=63272"}],"wp:term":[{"taxonomy":"category","embeddable":true,"href":"https:\/\/rioonwatch.org.br\/index.php?rest_route=%2Fwp%2Fv2%2Fcategories&post=63272"},{"taxonomy":"post_tag","embeddable":true,"href":"https:\/\/rioonwatch.org.br\/index.php?rest_route=%2Fwp%2Fv2%2Ftags&post=63272"},{"taxonomy":"writer","embeddable":true,"href":"https:\/\/rioonwatch.org.br\/index.php?rest_route=%2Fwp%2Fv2%2Fwriter&post=63272"},{"taxonomy":"translator","embeddable":true,"href":"https:\/\/rioonwatch.org.br\/index.php?rest_route=%2Fwp%2Fv2%2Ftranslator&post=63272"},{"taxonomy":"source","embeddable":true,"href":"https:\/\/rioonwatch.org.br\/index.php?rest_route=%2Fwp%2Fv2%2Fsource&post=63272"},{"taxonomy":"ilustrador","embeddable":true,"href":"https:\/\/rioonwatch.org.br\/index.php?rest_route=%2Fwp%2Fv2%2Filustrador&post=63272"},{"taxonomy":"fotografo","embeddable":true,"href":"https:\/\/rioonwatch.org.br\/index.php?rest_route=%2Fwp%2Fv2%2Ffotografo&post=63272"}],"curies":[{"name":"wp","href":"https:\/\/api.w.org\/{rel}","templated":true}]}}