{"id":63274,"date":"2022-10-22T09:10:53","date_gmt":"2022-10-22T12:10:53","guid":{"rendered":"https:\/\/rioonwatch.org.br\/?p=63274"},"modified":"2022-11-03T17:10:47","modified_gmt":"2022-11-03T20:10:47","slug":"briga-tem-hora-para-acabar-luta-e-para-a-vida-inteira-uma-analise-do-segundo-turno","status":"publish","type":"post","link":"https:\/\/rioonwatch.org.br\/?p=63274","title":{"rendered":"Briga Tem Hora Para Acabar, Luta \u00c9 Para a Vida Inteira: Uma An\u00e1lise do Segundo Turno [OPINI\u00c3O]"},"content":{"rendered":"<h4 style=\"text-align: right;\"><em><strong><a href=\"https:\/\/bit.ly\/3Nb0Jvz\" target=\"_blank\" rel=\"noopener noreferrer\">Click Here for English<\/a><a href=\"https:\/\/bit.ly\/3Nb0Jvz\" target=\"_blank\" rel=\"noopener noreferrer\"><img decoding=\"async\" class=\"alignright wp-image-15790\" src=\"https:\/\/rioonwatch.org.br\/wp-content\/uploads\/2012\/08\/EN-standard-e1439583104716.jpg\" alt=\"\" width=\"20\" height=\"20\" \/><\/a><\/strong><\/em><\/h4>\n<p><span style=\"font-weight: 400;\">O poeta <\/span><a href=\"https:\/\/bit.ly\/3s2tbWx\" target=\"_blank\" rel=\"noopener\"><span style=\"font-weight: 400;\">S\u00e9rgio Vaz<\/span><\/a><span style=\"font-weight: 400;\">, escritor, poeta e criador da Cooperativa Cultural da Periferia (<\/span><a href=\"https:\/\/bit.ly\/3MCt8dv\" target=\"_blank\" rel=\"noopener\"><span style=\"font-weight: 400;\">Cooperifa<\/span><\/a><span style=\"font-weight: 400;\">) e do <\/span><a href=\"https:\/\/bit.ly\/3S6pyJR\" target=\"_blank\" rel=\"noopener\"><span style=\"font-weight: 400;\">Sarau da Cooperifa<\/span><\/a><span style=\"font-weight: 400;\">\u2014movimento que transformou um bar da periferia da Zona Sul de S\u00e3o Paulo em um centro cultural<\/span><i><span style=\"font-weight: 400;\">\u2014<\/span><\/i><span style=\"font-weight: 400;\">adverte no poema <\/span><a href=\"https:\/\/bit.ly\/3D5z4J9\" target=\"_blank\" rel=\"noopener\"><i><span style=\"font-weight: 400;\">Novos Dias<\/span><\/i><\/a><span style=\"font-weight: 400;\">: \u201cN\u00e3o confunda briga com luta, briga tem hora para acabar, uma luta \u00e9 para a vida inteira\u201d.<\/span><\/p>\n<figure id=\"attachment_63290\" aria-describedby=\"caption-attachment-63290\" style=\"width: 500px\" class=\"wp-caption alignright\"><a href=\"https:\/\/rioonwatch.org.br\/wp-content\/uploads\/2022\/10\/Comparacao-entre-os-mapas-de-votacao-dos-candidatos-a-presidente-por-municipio-em-2018-e-2022.-O-Globo.png\"><img fetchpriority=\"high\" decoding=\"async\" class=\"wp-image-63290\" title=\"Mapa de vota\u00e7\u00e3o dos candidatos a presidente por munic\u00edpio. O Globo\" src=\"https:\/\/rioonwatch.org.br\/wp-content\/uploads\/2022\/10\/Comparacao-entre-os-mapas-de-votacao-dos-candidatos-a-presidente-por-municipio-em-2018-e-2022.-O-Globo.png\" alt=\"Mapa de vota\u00e7\u00e3o dos candidatos a presidente por munic\u00edpio. O Globo\" width=\"500\" height=\"534\" srcset=\"https:\/\/rioonwatch.org.br\/wp-content\/uploads\/2022\/10\/Comparacao-entre-os-mapas-de-votacao-dos-candidatos-a-presidente-por-municipio-em-2018-e-2022.-O-Globo.png 739w, https:\/\/rioonwatch.org.br\/wp-content\/uploads\/2022\/10\/Comparacao-entre-os-mapas-de-votacao-dos-candidatos-a-presidente-por-municipio-em-2018-e-2022.-O-Globo-581x620.png 581w, https:\/\/rioonwatch.org.br\/wp-content\/uploads\/2022\/10\/Comparacao-entre-os-mapas-de-votacao-dos-candidatos-a-presidente-por-municipio-em-2018-e-2022.-O-Globo-589x629.png 589w\" sizes=\"(max-width: 500px) 100vw, 500px\" \/><\/a><figcaption id=\"caption-attachment-63290\" class=\"wp-caption-text\">Mapa de vota\u00e7\u00e3o dos candidatos a presidente por munic\u00edpio. O Globo<\/figcaption><\/figure>\n<p><span style=\"font-weight: 400;\">A recomenda\u00e7\u00e3o do poeta serve como met\u00e1fora para analisarmos o resultado das <a href=\"https:\/\/bit.ly\/3g8f9jn\" target=\"_blank\" rel=\"noopener\">elei\u00e7\u00f5es de 2022<\/a> no Brasil. <\/span><span style=\"font-weight: 400;\">Pela sexta vez seguida, a disputa presidencial vai ser decidida no segundo turno. <a href=\"https:\/\/bit.ly\/3yBaSeH\" target=\"_blank\" rel=\"noopener\">Segundo o TSE<\/a>, com <\/span><span style=\"font-weight: 400;\">48,43% dos votos<\/span><span style=\"font-weight: 400;\">, o ex-Presidente\u00a0<a href=\"https:\/\/bit.ly\/3S2rxzB\" target=\"_blank\" rel=\"noopener\">Luiz In\u00e1cio Lula da Silva<\/a>\u00a0(<a href=\"https:\/\/bit.ly\/3DEw2vW\" target=\"_blank\" rel=\"noopener\">PT<\/a>) saiu na frente, e <a href=\"https:\/\/bit.ly\/3DGojgM\" target=\"_blank\" rel=\"noopener\">Jair Bolsonaro<\/a>\u00a0(<a href=\"https:\/\/bit.ly\/3Ltd79p\" target=\"_blank\" rel=\"noopener\">PL<\/a>), que tenta a reelei\u00e7\u00e3o, teve 43,20%. Com isso, o sonho da esquerda de ganhar uma elei\u00e7\u00e3o no primeiro turno, como mostravam as <\/span><a href=\"https:\/\/bit.ly\/3TlouTG\" target=\"_blank\" rel=\"noopener\"><span style=\"font-weight: 400;\">pesquisas de inten\u00e7\u00f5es de voto<\/span><\/a><span style=\"font-weight: 400;\">, n\u00e3o se concretizou. Mas, o fato \u00e9 que, <a href=\"https:\/\/bit.ly\/3L5QRC8\" target=\"_blank\" rel=\"noopener\">no primeiro turno<\/a>, Lula venceu Bolsonaro.<\/span><\/p>\n<p><span style=\"font-weight: 400;\">Por um lado, o resultado do primeiro turno pode ser considerado uma conquista que n\u00e3o deve ser menosprezada. No entanto, a vit\u00f3ria de Lula em <\/span><a href=\"https:\/\/bbc.in\/3D3Bw2x\" target=\"_blank\" rel=\"noopener\"><span style=\"font-weight: 400;\">14 estados e a de Bolsonaro, em doze, e no Distrito Federal<\/span><\/a><span style=\"font-weight: 400;\">, revela a consolida\u00e7\u00e3o da polariza\u00e7\u00e3o de duas for\u00e7as antag\u00f4nicas: a esquerda e extrema-direita.<\/span><\/p>\n<p><span style=\"font-weight: 400;\">Tamb\u00e9m houve um acirramento da disputa eleitoral devido ao alto grau de insatisfa\u00e7\u00e3o da popula\u00e7\u00e3o com o governo de Jair Bolsonaro. O \u00edndice de <\/span><a href=\"http:\/\/glo.bo\/3eFkAWI\" target=\"_blank\" rel=\"noopener\"><span style=\"font-weight: 400;\">rejei\u00e7\u00e3o do presidente \u00e9 de 53%<\/span><\/a><span style=\"font-weight: 400;\"> no segundo turno, segundo pesquisa do IPEC (<\/span><a href=\"https:\/\/bit.ly\/3L5QRC8\" target=\"_blank\" rel=\"noopener\"><span style=\"font-weight: 400;\">BR-01120\/2022<\/span><\/a><span style=\"font-weight: 400;\">). Somada a essa rejei\u00e7\u00e3o proibitiva, h\u00e1 a anula\u00e7\u00e3o das condena\u00e7\u00f5es de Lula na <\/span><a href=\"https:\/\/bit.ly\/3D2XyCI\" target=\"_blank\" rel=\"noopener\"><span style=\"font-weight: 400;\">opera\u00e7\u00e3o Lava Jato<\/span><\/a><span style=\"font-weight: 400;\">. <\/span><span style=\"font-weight: 400;\">O Ministro do STF Edson Fachin entendeu que os casos deveriam tramitar em Bras\u00edlia e n\u00e3o em Curitiba. Com essa falta de compet\u00eancia da Vara de Curitiba e com o <a href=\"https:\/\/bit.ly\/3gdmAGa\" target=\"_blank\" rel=\"noopener\">reconhecimento da parcialidade do ex-Juiz S\u00e9rgio Moro<\/a> na condena\u00e7\u00e3o de Lula, o STF decidiu por sete votos a quatro anular todos os processos contra Lula.<\/span><\/p>\n<p><span style=\"font-weight: 400;\">Como apontou o ministro Ricardo Lewandowski em seu voto do <\/span><a href=\"https:\/\/bit.ly\/3T8L69X\" target=\"_blank\" rel=\"noopener\"><span style=\"font-weight: 400;\">HC 164493\/PR<\/span><\/a><span style=\"font-weight: 400;\">: <\/span><span style=\"font-weight: 400;\">&#8220;o paciente<\/span><span style=\"font-weight: 400;\"> [Lula]<\/span><span style=\"font-weight: 400;\"> foi submetido, n\u00e3o a um julgamento justo, segundo os c\u00e2nones do devido processo legal, mas a um <\/span><span style=\"font-weight: 400;\">verdadeiro simulacro de a\u00e7\u00e3o penal,<\/span><span style=\"font-weight: 400;\"> cuja nulidade salta aos olhos, sem a necessidade de maiores elucubra\u00e7\u00f5es jur\u00eddicas&#8221;.<\/span><\/p>\n<p><span style=\"font-weight: 400;\">Tendo se tornado ministro da justi\u00e7a de Bolsonaro logo depois de condenar Lula ilegalmente \u00e0 pris\u00e3o, o ex-juiz S\u00e9rgio Moro, em 2022, foi eleito para o Senado Federal, pelo Paran\u00e1, com <\/span><a href=\"https:\/\/bit.ly\/3s3YqAI\" target=\"_blank\" rel=\"noopener\"><span style=\"font-weight: 400;\">1.953.159 votos <\/span><\/a><span style=\"font-weight: 400;\">(33,5% dos votos v\u00e1lidos). Ele declarou <\/span><a href=\"http:\/\/glo.bo\/3S3Rezb\" target=\"_blank\" rel=\"noopener\"><span style=\"font-weight: 400;\">apoio a Bolsonaro no segundo turno<\/span><\/a><span style=\"font-weight: 400;\">, 48 horas ap\u00f3s a vota\u00e7\u00e3o do primeiro turno.<\/span><\/p>\n<p><span style=\"font-weight: 400;\">Bolsonaro \u00e9 o primeiro presidente da hist\u00f3ria do Brasil a amargar uma derrota no primeiro turno ao tentar a reelei\u00e7\u00e3o. Lula abriu uma diferen\u00e7a de votos de exatamente 6.187.159 com rela\u00e7\u00e3o a Bolsonaro. <\/span><span style=\"font-weight: 400;\">No entanto, o Brasil tamb\u00e9m nunca teve um presidente que disputou a reelei\u00e7\u00e3o e n\u00e3o venceu. Portanto, a corrida eleitoral para a Presid\u00eancia da Rep\u00fablica no segundo turno promete ser acirrada, levando ao \u00e1pice a luta pol\u00edtica entre esquerda e extrema-direita.<\/span><\/p>\n<h3><b>Mas, O Que Isso Significa?<\/b><\/h3>\n<p>Na pr\u00e1tica, trata-se do fen\u00f4meno do <a href=\"https:\/\/bit.ly\/3S8TTrh\" target=\"_blank\" rel=\"noopener\">lulismo<\/a>, do <a href=\"https:\/\/bit.ly\/3D7R7yl\" target=\"_blank\" rel=\"noopener\">antipetismo<\/a>, do <a href=\"https:\/\/bit.ly\/3EQoE1g\" target=\"_blank\" rel=\"noopener\">bolsonarismo<\/a> e do <a href=\"https:\/\/bit.ly\/3VEp4xM\" target=\"_blank\" rel=\"noopener\">antibolsonarismo<\/a>, disputando projetos de pa\u00eds completamente antag\u00f4nicos entre si. Essa \u00e9 a an\u00e1lise da Mayra Goulart, professora de Ci\u00eancia Pol\u00edtica da Universidade Federal do Rio de Janeiro (UFRJ) e coordenadora do Laborat\u00f3rio de Partidos Elei\u00e7\u00f5es e Pol\u00edtica Comparada (<a href=\"https:\/\/bit.ly\/3rZGbfM\" target=\"_blank\" rel=\"noopener\">LAPPCOM<\/a>).<\/p>\n<p><span style=\"font-weight: 400;\">Ela ressalta que o segundo turno da disputa eleitoral tende a favorecer candidatos de extrema-direita.<\/span><\/p>\n<blockquote><p><span style=\"font-weight: 400;\">\u201cO populismo da extrema-direita \u00e9 favorecido porque ele tem uma din\u00e2mica manique\u00edsta. Ele parte de um entendimento de mundo muito simplificador da oposi\u00e7\u00e3o: amigo e inimigo, bem ou mal. E o segundo turno favorece essa polaridade, porque \u00e9 a simplifica\u00e7\u00e3o do campo pol\u00edtico em duas op\u00e7\u00f5es.<\/span><\/p>\n<p><span style=\"font-weight: 400;\">Outro ponto que favorece um candidato de extrema-direita em um segundo turno \u00e9 que ele tem j\u00e1 um tr\u00e2nsito na demoniza\u00e7\u00e3o do advers\u00e1rio, usando argumentos de <em>fake news<\/em> e bolhas de <a href=\"https:\/\/bit.ly\/3TLz5aH\" target=\"_blank\" rel=\"noopener\">disson\u00e2ncia cognitiva<\/a>, que s\u00e3o aquelas bolhas de informa\u00e7\u00f5es no <em>WhatsApp<\/em> [e Telegram], favorecendo o candidato de extrema-direita nessa reta final&#8230; H\u00e1 um bombardeamento de <em>fake news.<\/em>\u201d<\/span><\/p><\/blockquote>\n<figure id=\"attachment_63288\" aria-describedby=\"caption-attachment-63288\" style=\"width: 1030px\" class=\"wp-caption aligncenter\"><a href=\"https:\/\/rioonwatch.org.br\/wp-content\/uploads\/2022\/10\/Mapas-de-votacao-por-municipio-de-2018-e-2022.-O-Globo.png\"><img decoding=\"async\" class=\"wp-image-63288\" title=\"Mapas de vota\u00e7\u00e3o por munic\u00edpio de 2018 e 2022. O Globo\" src=\"https:\/\/rioonwatch.org.br\/wp-content\/uploads\/2022\/10\/Mapas-de-votacao-por-municipio-de-2018-e-2022.-O-Globo.png\" alt=\"Mapas de vota\u00e7\u00e3o por munic\u00edpio de 2018 e 2022. O Globo\" width=\"1030\" height=\"485\" srcset=\"https:\/\/rioonwatch.org.br\/wp-content\/uploads\/2022\/10\/Mapas-de-votacao-por-municipio-de-2018-e-2022.-O-Globo.png 1176w, https:\/\/rioonwatch.org.br\/wp-content\/uploads\/2022\/10\/Mapas-de-votacao-por-municipio-de-2018-e-2022.-O-Globo-620x292.png 620w\" sizes=\"(max-width: 1030px) 100vw, 1030px\" \/><\/a><figcaption id=\"caption-attachment-63288\" class=\"wp-caption-text\">Mapas de vota\u00e7\u00e3o por munic\u00edpio de 2018 e 2022. O Globo<\/figcaption><\/figure>\n<figure id=\"attachment_63291\" aria-describedby=\"caption-attachment-63291\" style=\"width: 300px\" class=\"wp-caption alignright\"><a href=\"https:\/\/rioonwatch.org.br\/wp-content\/uploads\/2022\/10\/Mayra-Goulart-professora-de-Ciencia-Politica-da-Universidade-Federal-do-Rio-de-Janeiro-UFRJ-e-coordenadora-do-Laboratorio-de-Partidos-Eleicoes-e-Politica-Comparada-LAPPCOM.-scaled.jpg\"><img loading=\"lazy\" decoding=\"async\" class=\"wp-image-63291\" title=\"Mayra Goulart, professora de Ci\u00eancia Pol\u00edtica da Universidade Federal do Rio de Janeiro (UFRJ) e coordenadora do Laborat\u00f3rio de Partidos Elei\u00e7\u00f5es e Pol\u00edtica Comparada (LAPPCOM).\" src=\"https:\/\/rioonwatch.org.br\/wp-content\/uploads\/2022\/10\/Mayra-Goulart-professora-de-Ciencia-Politica-da-Universidade-Federal-do-Rio-de-Janeiro-UFRJ-e-coordenadora-do-Laboratorio-de-Partidos-Eleicoes-e-Politica-Comparada-LAPPCOM.-scaled.jpg\" alt=\"Mayra Goulart, professora de Ci\u00eancia Pol\u00edtica da Universidade Federal do Rio de Janeiro (UFRJ) e coordenadora do Laborat\u00f3rio de Partidos Elei\u00e7\u00f5es e Pol\u00edtica Comparada (LAPPCOM).\" width=\"300\" height=\"200\" srcset=\"https:\/\/rioonwatch.org.br\/wp-content\/uploads\/2022\/10\/Mayra-Goulart-professora-de-Ciencia-Politica-da-Universidade-Federal-do-Rio-de-Janeiro-UFRJ-e-coordenadora-do-Laboratorio-de-Partidos-Eleicoes-e-Politica-Comparada-LAPPCOM.-scaled.jpg 2560w, https:\/\/rioonwatch.org.br\/wp-content\/uploads\/2022\/10\/Mayra-Goulart-professora-de-Ciencia-Politica-da-Universidade-Federal-do-Rio-de-Janeiro-UFRJ-e-coordenadora-do-Laboratorio-de-Partidos-Eleicoes-e-Politica-Comparada-LAPPCOM.-620x413.jpg 620w, https:\/\/rioonwatch.org.br\/wp-content\/uploads\/2022\/10\/Mayra-Goulart-professora-de-Ciencia-Politica-da-Universidade-Federal-do-Rio-de-Janeiro-UFRJ-e-coordenadora-do-Laboratorio-de-Partidos-Eleicoes-e-Politica-Comparada-LAPPCOM.-944x629.jpg 944w\" sizes=\"(max-width: 300px) 100vw, 300px\" \/><\/a><figcaption id=\"caption-attachment-63291\" class=\"wp-caption-text\">Mayra Goulart, professora de Ci\u00eancia Pol\u00edtica da Universidade Federal do Rio de Janeiro (UFRJ) e coordenadora do Laborat\u00f3rio de Partidos Elei\u00e7\u00f5es e Pol\u00edtica Comparada (LAPPCOM).<\/figcaption><\/figure>\n<p><span style=\"font-weight: 400;\">No entanto, desde que foi implantada a reelei\u00e7\u00e3o no pa\u00eds, o candidato que chegou em segundo lugar na vota\u00e7\u00e3o de primeiro turno nunca conseguiu reverter a situa\u00e7\u00e3o na disputa pelo Planalto. Por\u00e9m, ressaltou Goulart: \u201cA gente tem um candidato contundente que usou a m\u00e1quina p\u00fablica como nunca se viu antes na hist\u00f3ria recente do Brasil. Foram 40 milh\u00f5es injetados na sociedade em pol\u00edticas p\u00fablicas descontinuadas, s\u00f3 eleitoreiras e com data para acabar\u201d.\u00a0<\/span><\/p>\n<p><span style=\"font-weight: 400;\">Para a cientista pol\u00edtica, tamb\u00e9m \u00e9 preciso ser levado em conta que no embate entre o antipetismo e o bolsonarismo, tivemos um Lula que sofreu um <a href=\"https:\/\/bit.ly\/3TqBTJY\" target=\"_blank\" rel=\"noopener\">processo de difama\u00e7\u00e3o forte<\/a><i>\u2014<\/i>e que ainda se mant\u00e9m em curso em diversos espa\u00e7os. Por isso, Goulart acredita que, ter um candidato como Lula bem votado no primeiro turno, \u00e9 uma conquista importante.\u00a0<\/span><\/p>\n<blockquote><p><span style=\"font-weight: 400;\">\u201cAinda mais um Lula que n\u00e3o foi para a direita, que se apresentou como um candidato da inclus\u00e3o e mobilidade social, com uma pauta econ\u00f4mica \u00e0 esquerda, que n\u00e3o fez uma nova carta aos brasileiros, mantendo-se os compromissos anteriores. Quem votou no Lula votou num candidato de esquerda.\u201d<\/span><\/p><\/blockquote>\n<figure id=\"attachment_63292\" aria-describedby=\"caption-attachment-63292\" style=\"width: 300px\" class=\"wp-caption alignright\"><a href=\"https:\/\/rioonwatch.org.br\/wp-content\/uploads\/2022\/10\/Lula-e-Bolsonaro-e-a-popularidade-das-toalhas-de-candidatos-nas-eleicoes-2022.jpg\"><img loading=\"lazy\" decoding=\"async\" class=\"wp-image-63292\" title=\"Lula e Bolsonaro e a popularidade das toalhas de candidatos nas elei\u00e7\u00f5es 2022\" src=\"https:\/\/rioonwatch.org.br\/wp-content\/uploads\/2022\/10\/Lula-e-Bolsonaro-e-a-popularidade-das-toalhas-de-candidatos-nas-eleicoes-2022.jpg\" alt=\"Lula e Bolsonaro e a popularidade das toalhas de candidatos nas elei\u00e7\u00f5es 2022\" width=\"300\" height=\"159\" srcset=\"https:\/\/rioonwatch.org.br\/wp-content\/uploads\/2022\/10\/Lula-e-Bolsonaro-e-a-popularidade-das-toalhas-de-candidatos-nas-eleicoes-2022.jpg 1280w, https:\/\/rioonwatch.org.br\/wp-content\/uploads\/2022\/10\/Lula-e-Bolsonaro-e-a-popularidade-das-toalhas-de-candidatos-nas-eleicoes-2022-620x329.jpg 620w, https:\/\/rioonwatch.org.br\/wp-content\/uploads\/2022\/10\/Lula-e-Bolsonaro-e-a-popularidade-das-toalhas-de-candidatos-nas-eleicoes-2022-1184x629.jpg 1184w\" sizes=\"(max-width: 300px) 100vw, 300px\" \/><\/a><figcaption id=\"caption-attachment-63292\" class=\"wp-caption-text\">Lula e Bolsonaro e a popularidade das toalhas de candidatos nas elei\u00e7\u00f5es 2022<\/figcaption><\/figure>\n<p><span style=\"font-weight: 400;\">De acordo com a professora, se nas elei\u00e7\u00f5es passadas t\u00ednhamos o antipetismo estruturando o sistema pol\u00edtico brasileiro, agora, em 2022, temos dois fen\u00f4menos colidindo: o antipetismo e o antibolsonarismo. Juntos, est\u00e3o reorganizando todo o sistema pol\u00edtico no Brasil.\u00a0<\/span><\/p>\n<p><span style=\"font-weight: 400;\">A prova deste movimento se torna vis\u00edvel quando se observa em detalhes o resultado do primeiro turno. Apesar de Lula ter conquistado <\/span><a href=\"https:\/\/bit.ly\/3yBaSeH\" target=\"_blank\" rel=\"noopener\"><span style=\"font-weight: 400;\">57.259.504 votos v\u00e1lidos<\/span><\/a><span style=\"font-weight: 400;\">, o Brasil amanheceu mais bolsonarista do que nunca, em 3 de outubro.\u00a0<\/span><span style=\"font-weight: 400;\">O Partido Liberal do Presidente Jair Bolsonaro cresceu e em 2023 ser\u00e1 a maior bancada da C\u00e2mara dos Deputados. Saiu de <\/span><a href=\"https:\/\/bit.ly\/3D5D2Bl\" target=\"_blank\" rel=\"noopener\"><span style=\"font-weight: 400;\">76 deputados atuais para 99<\/span><\/a><span style=\"font-weight: 400;\">. O Brasil que foi \u00e0s urnas elegeu um Congresso mais bolsonarista que nas elei\u00e7\u00f5es de 2018.<\/span><\/p>\n<p><span style=\"font-weight: 400;\">Um exemplo \u00e9 o <a href=\"https:\/\/bit.ly\/3MCqBju\" target=\"_blank\" rel=\"noopener\">ex-Ministro do Meio Ambiente Ricardo Salles (PL-SP)<\/a>, que se demitiu do governo Bolsonaro depois de fortes ind\u00edcios de favorecimento a madeireiros ilegais. Ele foi o quarto deputado<\/span> <a href=\"https:\/\/bit.ly\/3eyMYKp\" target=\"_blank\" rel=\"noopener\"><span style=\"font-weight: 400;\">mais votado<\/span><\/a><span style=\"font-weight: 400;\"> de S\u00e3o Paulo, com <\/span><a href=\"https:\/\/bit.ly\/3s1HB9l\" target=\"_blank\" rel=\"noopener\"><span style=\"font-weight: 400;\">640.000 votos<\/span><\/a><span style=\"font-weight: 400;\">.<\/span><\/p>\n<figure id=\"attachment_63293\" aria-describedby=\"caption-attachment-63293\" style=\"width: 300px\" class=\"wp-caption alignright\"><a href=\"https:\/\/rioonwatch.org.br\/wp-content\/uploads\/2022\/10\/Ex-Ministro-do-Meio-Ambiente-Ricardo-Salles-e-o-Ex-Ministro-da-Saude-General-Pazuello..png\"><img loading=\"lazy\" decoding=\"async\" class=\"wp-image-63293\" title=\"Ex-Ministro do Meio Ambiente Ricardo Salles e o Ex-Ministro da Sa\u00fade General Pazuello.\" src=\"https:\/\/rioonwatch.org.br\/wp-content\/uploads\/2022\/10\/Ex-Ministro-do-Meio-Ambiente-Ricardo-Salles-e-o-Ex-Ministro-da-Saude-General-Pazuello..png\" alt=\"Ex-Ministro do Meio Ambiente Ricardo Salles e o Ex-Ministro da Sa\u00fade General Pazuello.\" width=\"300\" height=\"106\" srcset=\"https:\/\/rioonwatch.org.br\/wp-content\/uploads\/2022\/10\/Ex-Ministro-do-Meio-Ambiente-Ricardo-Salles-e-o-Ex-Ministro-da-Saude-General-Pazuello..png 1887w, https:\/\/rioonwatch.org.br\/wp-content\/uploads\/2022\/10\/Ex-Ministro-do-Meio-Ambiente-Ricardo-Salles-e-o-Ex-Ministro-da-Saude-General-Pazuello.-620x218.png 620w, https:\/\/rioonwatch.org.br\/wp-content\/uploads\/2022\/10\/Ex-Ministro-do-Meio-Ambiente-Ricardo-Salles-e-o-Ex-Ministro-da-Saude-General-Pazuello.-1536x541.png 1536w\" sizes=\"(max-width: 300px) 100vw, 300px\" \/><\/a><figcaption id=\"caption-attachment-63293\" class=\"wp-caption-text\">Ex-Ministro do Meio Ambiente Ricardo Salles e o Ex-Ministro da Sa\u00fade General Pazuello.<\/figcaption><\/figure>\n<p><span style=\"font-weight: 400;\">Outro benefici\u00e1rio dessa onda bolsonarista no Congresso \u00e9 <\/span><span style=\"font-weight: 400;\">o general da reserva <a href=\"https:\/\/bit.ly\/3ScIx5s\" target=\"_blank\" rel=\"noopener\">Eduardo Pazuello (PL-RJ)<\/a>. Um dos ministros da sa\u00fade do governo Bolsonaro, ele promoveu uma <\/span><a href=\"https:\/\/bit.ly\/3SbDRN8\" target=\"_blank\" rel=\"noopener\"><span style=\"font-weight: 400;\">gest\u00e3o ca\u00f3tica<\/span><\/a> da pandemia. Foi um dos principais respons\u00e1veis pela falta de oxig\u00eanio no Amazonas, que vitimou milhares de pessoas, como comprovou a <a href=\"https:\/\/bit.ly\/3Tk96qu\" target=\"_blank\" rel=\"noopener\">CPI da Covid<\/a>. Mesmo com todo esse hist\u00f3rico<span style=\"font-weight: 400;\">, Pazuello foi o<\/span> <a href=\"http:\/\/glo.bo\/3giaiMD\" target=\"_blank\" rel=\"noopener\"><span style=\"font-weight: 400;\">segundo deputado federal mais votado do Rio<\/span><\/a><span style=\"font-weight: 400;\">, com 205.324 votos.\u00a0<\/span><\/p>\n<p><span style=\"font-weight: 400;\">Portanto, caso Jair Bolsonaro seja eleito no segundo turno, ele ter\u00e1 o poder de mexer na Constitui\u00e7\u00e3o e alterar a estrutura do Supremo Tribunal Federal (STF), aprovando o impeachment de ministros no Senado. <a href=\"https:\/\/bit.ly\/3eF0HiI\" target=\"_blank\" rel=\"noopener\">Seu partido, o PL, tem 14 das 41 cadeiras<\/a>.<\/span><\/p>\n<p><span style=\"font-weight: 400;\">Dentre os senadores eleitos est\u00e3o quatro ex-ministros: <a href=\"https:\/\/bit.ly\/3g3HaZt\" target=\"_blank\" rel=\"noopener\">Damares Alves (Republicanos-DF)<\/a>, <a href=\"https:\/\/bit.ly\/3ga6z3P\" target=\"_blank\" rel=\"noopener\">Marcos Pontes (PL-SP)<\/a>, <a href=\"https:\/\/bit.ly\/3yN1kNZ\" target=\"_blank\" rel=\"noopener\">Tereza Cristina (PP-MS)<\/a> e <a href=\"https:\/\/bit.ly\/3S9F6wx\" target=\"_blank\" rel=\"noopener\">Rog\u00e9rio Marinho (PL-RN)<\/a>, al\u00e9m do atual <a href=\"https:\/\/bit.ly\/3T7KIsk\" target=\"_blank\" rel=\"noopener\">Vice-Presidente Hamilton Mour\u00e3o (Republicanos-RS)<\/a>.<\/span><\/p>\n<p><span style=\"font-weight: 400;\">\u00c9 indiscut\u00edvel que h\u00e1 um caminho aberto para a possibilidade da instaura\u00e7\u00e3o de um regime autorit\u00e1rio no pa\u00eds. <\/span><span style=\"font-weight: 400;\">A extrema-direita ganhou poder e disputa agora os valores da sociedade brasileira. Isso significa que h\u00e1 um caminho aberto para a instaura\u00e7\u00e3o de um regime autorit\u00e1rio, que coloca em xeque a democracia do pa\u00eds. Segundo Mayra:<\/span><\/p>\n<blockquote><p><span style=\"font-weight: 400;\">\u201cA gente tem uma popula\u00e7\u00e3o que n\u00e3o \u00e9 toda bolsonarista. Esses 43% n\u00e3o s\u00e3o todos bolsonaristas. Muitos votaram no Bolsonaro devido ao antipetismo. Mas, a gente tem sim nesta estat\u00edstica aquele bolsonarista radical, um segmento da popula\u00e7\u00e3o mais reacion\u00e1rio que deseja o retorno de uma sociedade patriarcal [regime militar] como a passada, com autoridades patriarcais incontest\u00e1veis (&#8230;) <\/span>\u00c9 perigoso sim para a democracia porque [nesses eleitores] n\u00e3o h\u00e1 um apre\u00e7o pelos valores democr\u00e1ticos.\u201d<\/p><\/blockquote>\n<h3><b>Contexto Pol\u00edtico<\/b><\/h3>\n<p><span style=\"font-weight: 400;\">Pesquisa divulgada pela Datafolha<\/span><span style=\"font-weight: 400;\"> mostra que o <a href=\"https:\/\/bit.ly\/3z5msz0\" target=\"_blank\" rel=\"noopener\">apoio \u00e0 democracia atinge atualmente seu recorde<\/a>. Isso num pa\u00eds onde, no ano passado, 45% acreditava que seu pa\u00eds poderia se tornar uma ditadura.\u00a0<\/span><\/p>\n<p><span style=\"font-weight: 400;\">Nestas elei\u00e7\u00f5es, atrav\u00e9s da <\/span><a href=\"https:\/\/bit.ly\/3CJNDAu\" target=\"_blank\" rel=\"noopener\"><span style=\"font-weight: 400;\">Resolu\u00e7\u00e3o n.\u00ba 23.678\/2021<\/span><\/a> <span style=\"font-weight: 400;\">, o TSE regulamentou Miss\u00f5es de Observa\u00e7\u00e3o Eleitoral (<a href=\"https:\/\/bit.ly\/3eCavtE\" target=\"_blank\" rel=\"noopener\">MOE<\/a>). Organiza\u00e7\u00f5es e movimentos sociais do Brasil tamb\u00e9m convidaram especialistas em direitos humanos para observar as elei\u00e7\u00f5es no Brasil. Isso porque h\u00e1 um medo da sociedade civil brasileira de ocorrer uma ruptura institucional no pa\u00eds.\u00a0<\/span><\/p>\n<p><span style=\"font-weight: 400;\">O receio de um golpe se deve em parte ao aumento da <a href=\"https:\/\/bit.ly\/3PDq5C5\" target=\"_blank\" rel=\"noopener\">viol\u00eancia pol\u00edtica<\/a> no pa\u00eds e aos <a href=\"https:\/\/bit.ly\/3MGndnG\" target=\"_blank\" rel=\"noopener\">discursos do Presidente Jair Bolsonaro<\/a>. Al\u00e9m de diversos pronunciamentos <a href=\"http:\/\/glo.bo\/3eENUNg\" target=\"_blank\" rel=\"noopener\">atacando ministros do Supremo Tribunal Federal<\/a>, Bolsonaro <a href=\"https:\/\/bbc.in\/3s4wyMU\" target=\"_blank\" rel=\"noopener\">deslegitima o sistema eleitoral brasileiro<\/a> e levanta d\u00favidas infundadas sobre as urnas eletr\u00f4nicas, que <a href=\"https:\/\/bit.ly\/3D6A27C\" target=\"_blank\" rel=\"noopener\">s\u00e3o comprovadamente seguras<\/a>.<\/span><\/p>\n<p><span style=\"font-weight: 400;\">Nove ministros do Supremo acompanharam a<\/span> <a href=\"https:\/\/bit.ly\/3TfDfaL\" target=\"_blank\" rel=\"noopener\"><span style=\"font-weight: 400;\">apura\u00e7\u00e3o dos votos do primeiro turno<\/span><\/a><span style=\"font-weight: 400;\"> dentro do TSE. Ainda que um golpe seja improv\u00e1vel, a democracia no Brasil foi classificada como \u201cfalha\u201d pelo <\/span><a href=\"https:\/\/bit.ly\/3TcypLi\" target=\"_blank\" rel=\"noopener\"><span style=\"font-weight: 400;\"><em>Global Democracy Index<\/em><\/span><\/a><span style=\"font-weight: 400;\">, que toma como base algumas vari\u00e1veis \u200b\u200bconsideradas essenciais para um bom desenvolvimento democr\u00e1tico.<\/span><\/p>\n<figure id=\"attachment_63295\" aria-describedby=\"caption-attachment-63295\" style=\"width: 1030px\" class=\"wp-caption aligncenter\"><a href=\"https:\/\/rioonwatch.org.br\/wp-content\/uploads\/2022\/10\/A-democracia-no-Brasil-foi-classificada-como-falha-pelo-Global-Democracy-Index-que-toma-como-base-algumas-variaveis-\u200b\u200bconsideradas-essenciais-para-um-bom-desenvolvimento-democratico..png\"><img loading=\"lazy\" decoding=\"async\" class=\"wp-image-63295\" title=\"A democracia no Brasil foi classificada como \u201cfalha\u201d pelo Global Democracy Index, que toma como base algumas vari\u00e1veis \u200b\u200bconsideradas essenciais para um bom desenvolvimento democr\u00e1tico.\" src=\"https:\/\/rioonwatch.org.br\/wp-content\/uploads\/2022\/10\/A-democracia-no-Brasil-foi-classificada-como-falha-pelo-Global-Democracy-Index-que-toma-como-base-algumas-variaveis-\u200b\u200bconsideradas-essenciais-para-um-bom-desenvolvimento-democratico..png\" alt=\"A democracia no Brasil foi classificada como \u201cfalha\u201d pelo Global Democracy Index, que toma como base algumas vari\u00e1veis \u200b\u200bconsideradas essenciais para um bom desenvolvimento democr\u00e1tico.\" width=\"1030\" height=\"619\" srcset=\"https:\/\/rioonwatch.org.br\/wp-content\/uploads\/2022\/10\/A-democracia-no-Brasil-foi-classificada-como-falha-pelo-Global-Democracy-Index-que-toma-como-base-algumas-variaveis-\u200b\u200bconsideradas-essenciais-para-um-bom-desenvolvimento-democratico..png 1353w, https:\/\/rioonwatch.org.br\/wp-content\/uploads\/2022\/10\/A-democracia-no-Brasil-foi-classificada-como-falha-pelo-Global-Democracy-Index-que-toma-como-base-algumas-variaveis-\u200b\u200bconsideradas-essenciais-para-um-bom-desenvolvimento-democratico.-620x373.png 620w, https:\/\/rioonwatch.org.br\/wp-content\/uploads\/2022\/10\/A-democracia-no-Brasil-foi-classificada-como-falha-pelo-Global-Democracy-Index-que-toma-como-base-algumas-variaveis-\u200b\u200bconsideradas-essenciais-para-um-bom-desenvolvimento-democratico.-1047x629.png 1047w\" sizes=\"(max-width: 1030px) 100vw, 1030px\" \/><\/a><figcaption id=\"caption-attachment-63295\" class=\"wp-caption-text\">A democracia no Brasil foi classificada como \u201cfalha\u201d pelo Global Democracy Index, que toma como base algumas vari\u00e1veis \u200b\u200bconsideradas essenciais para um bom desenvolvimento democr\u00e1tico.<\/figcaption><\/figure>\n<p><span style=\"font-weight: 400;\">De acordo com <a href=\"https:\/\/econ.st\/3yRD3Gv\" target=\"_blank\" rel=\"noopener\"><em>The Economist<\/em><\/a>, o Brasil \u00e9 visto atualmente no cen\u00e1rio mundial como uma &#8220;democracia falha&#8221;, <a href=\"https:\/\/bit.ly\/3gTYwsr\" target=\"_blank\" rel=\"noopener\">uma na\u00e7\u00e3o com<\/a> \u201climitada capacidade de oferecer solu\u00e7\u00f5es \u00e0s demandas dos cidad\u00e3os dentro das institui\u00e7\u00f5es pol\u00edticas tradicionais e as possibilidades de exerc\u00edcio dos direitos pol\u00edticos em um quadro de paz, liberdade e concorr\u00eancia leal\u201d.<\/span><\/p>\n<p><span style=\"font-weight: 400;\">Da\u00ed, a import\u00e2ncia nesse momento pol\u00edtico do pa\u00eds de \u201cn\u00e3o confundir briga com luta&#8221;, como advertiu S\u00e9rgio Vaz em sua poesia. \u00c9 somente com muita luta e defesa da democracia que <em>Novos Dias<\/em>\u00a0ser\u00e3o poss\u00edveis.<\/span><\/p>\n<p><iframe title=\"YouTube video player\" src=\"https:\/\/www.youtube.com\/embed\/7gITVzvjEEc\" width=\"1030\" height=\"563\" frameborder=\"0\" allowfullscreen=\"allowfullscreen\"><span data-mce-type=\"bookmark\" style=\"display: inline-block; width: 0px; overflow: hidden; line-height: 0;\" class=\"mce_SELRES_start\">\ufeff<\/span><\/iframe><\/p>\n<p><em>Sobre a autora:\u00a0<a href=\"https:\/\/bit.ly\/3o2YA7Q\" rel=\"noopener\">Tatiana Lima<\/a>\u00a0\u00e9 jornalista e comunicadora popular de cora\u00e7\u00e3o. Feminista negra, integrante do\u00a0<a href=\"https:\/\/bit.ly\/3mZf3bS\" rel=\"noopener\">Grupo de Pesquisa Pesquisadores Em Movimento<\/a>\u00a0do Complexo do Alem\u00e3o, atua como rep\u00f3rter no RioOnWatch. Cria de favela, negra de pele clara, mora no asfalto perif\u00e9rico do sub\u00farbio do Rio e \u00e9 doutoranda em comunica\u00e7\u00e3o pela\u00a0<a href=\"http:\/\/bit.ly\/3h2kC6O\" rel=\"noopener\">UFF<\/a>.\u00a0<\/em><\/p>\n<hr \/>\n<h4><b data-stringify-type=\"bold\">Apoie nossos esfor\u00e7os para fornecer apoio estrat\u00e9gico \u00e0s favelas do Rio, incluindo o jornalismo hiperlocal, cr\u00edtico, inovador e incans\u00e1vel do\u00a0<\/b><b data-stringify-type=\"bold\"><i data-stringify-type=\"italic\">RioOnWatch<\/i><\/b>\u2014<a class=\"c-link\" href=\"http:\/\/www.bit.ly\/ApoieROW\" target=\"_blank\" rel=\"noopener noreferrer\" data-stringify-link=\"http:\/\/www.bit.ly\/ApoieROW\" data-sk=\"tooltip_parent\">doe aqui<\/a>.<\/h4>\n<!-- AddThis Advanced Settings generic via filter on the_content --><!-- AddThis Share Buttons generic via filter on the_content -->","protected":false},"excerpt":{"rendered":"<div class=\"mh-excerpt\"><p>Click Here for English O poeta S\u00e9rgio Vaz, escritor, poeta e criador da Cooperativa Cultural da Periferia (Cooperifa) e do Sarau da Cooperifa\u2014movimento que transformou um bar da periferia da Zona Sul de S\u00e3o Paulo <a class=\"mh-excerpt-more\" href=\"https:\/\/rioonwatch.org.br\/?p=63274\" title=\"Briga Tem Hora Para Acabar, Luta \u00c9 Para a Vida Inteira: Uma An\u00e1lise do Segundo Turno [OPINI\u00c3O]\">[&#8230;]<\/a><!-- AddThis Advanced Settings generic via filter on get_the_excerpt --><!-- AddThis Share Buttons generic via filter on get_the_excerpt --><\/p>\n<\/div>","protected":false},"author":167,"featured_media":63287,"comment_status":"closed","ping_status":"closed","sticky":false,"template":"template-full.php","format":"standard","meta":{"_acf_changed":false,"_monsterinsights_skip_tracking":false,"_monsterinsights_sitenote_active":false,"_monsterinsights_sitenote_note":"","_monsterinsights_sitenote_category":0,"footnotes":""},"categories":[3175,1625,1630],"tags":[479,457,3173,2269,1841,2920,1840],"writer":[2800],"translator":[],"source":[],"ilustrador":[],"fotografo":[],"class_list":{"0":"post-63274","1":"post","2":"type-post","3":"status-publish","4":"format-standard","5":"has-post-thumbnail","7":"category-democracia","8":"category-por-correspondentes-comunitarios","9":"category-opiniao","10":"tag-democracia","11":"tag-eleicoes","12":"tag-eleicoes-2022","13":"tag-jair-bolsonaro","14":"tag-lula","15":"tag-pl","16":"tag-pt","17":"writer-tatiana-lima"},"acf":[],"yoast_head":"<!-- This site is optimized with the Yoast SEO plugin v25.6 - https:\/\/yoast.com\/wordpress\/plugins\/seo\/ -->\n<title>Briga Tem Hora Para Acabar, Luta \u00c9 Para a Vida Inteira: Uma An\u00e1lise do Segundo Turno [OPINI\u00c3O] - RioOnWatch<\/title>\n<meta name=\"robots\" content=\"index, follow, max-snippet:-1, max-image-preview:large, max-video-preview:-1\" \/>\n<link rel=\"canonical\" href=\"https:\/\/rioonwatch.org.br\/?p=63274\" \/>\n<meta property=\"og:locale\" content=\"pt_BR\" \/>\n<meta property=\"og:type\" content=\"article\" \/>\n<meta property=\"og:title\" content=\"Briga Tem Hora Para Acabar, Luta \u00c9 Para a Vida Inteira: Uma An\u00e1lise do Segundo Turno [OPINI\u00c3O] - RioOnWatch\" \/>\n<meta property=\"og:description\" content=\"Click Here for English O poeta S\u00e9rgio Vaz, escritor, poeta e criador da Cooperativa Cultural da Periferia (Cooperifa) e do Sarau da Cooperifa\u2014movimento que transformou um bar da periferia da Zona Sul de S\u00e3o Paulo [...]\" \/>\n<meta property=\"og:url\" content=\"https:\/\/rioonwatch.org.br\/?p=63274\" \/>\n<meta property=\"og:site_name\" content=\"RioOnWatch\" \/>\n<meta property=\"article:published_time\" content=\"2022-10-22T12:10:53+00:00\" \/>\n<meta property=\"article:modified_time\" content=\"2022-11-03T20:10:47+00:00\" \/>\n<meta property=\"og:image\" content=\"https:\/\/rioonwatch.org.br\/wp-content\/uploads\/2022\/10\/Congresso-Nacional.-Agencia-Senado-Federal-1151x629.png\" \/>\n\t<meta property=\"og:image:width\" content=\"1151\" \/>\n\t<meta property=\"og:image:height\" content=\"629\" \/>\n\t<meta property=\"og:image:type\" content=\"image\/png\" \/>\n<meta name=\"author\" content=\"Julio Santos Filho\" \/>\n<meta name=\"twitter:card\" content=\"summary_large_image\" \/>\n<meta name=\"twitter:label1\" content=\"Escrito por\" \/>\n\t<meta name=\"twitter:data1\" content=\"Julio Santos Filho\" \/>\n\t<meta name=\"twitter:label2\" content=\"Est. tempo de leitura\" \/>\n\t<meta name=\"twitter:data2\" content=\"11 minutos\" \/>\n<script type=\"application\/ld+json\" class=\"yoast-schema-graph\">{\"@context\":\"https:\/\/schema.org\",\"@graph\":[{\"@type\":\"Article\",\"@id\":\"https:\/\/rioonwatch.org.br\/?p=63274#article\",\"isPartOf\":{\"@id\":\"https:\/\/rioonwatch.org.br\/?p=63274\"},\"author\":{\"name\":\"Julio Santos Filho\",\"@id\":\"https:\/\/rioonwatch.org.br\/#\/schema\/person\/476bc75767957d3535b65b796667cd36\"},\"headline\":\"Briga Tem Hora Para Acabar, Luta \u00c9 Para a Vida Inteira: Uma An\u00e1lise do Segundo Turno [OPINI\u00c3O]\",\"datePublished\":\"2022-10-22T12:10:53+00:00\",\"dateModified\":\"2022-11-03T20:10:47+00:00\",\"mainEntityOfPage\":{\"@id\":\"https:\/\/rioonwatch.org.br\/?p=63274\"},\"wordCount\":1911,\"publisher\":{\"@id\":\"https:\/\/rioonwatch.org.br\/#organization\"},\"image\":{\"@id\":\"https:\/\/rioonwatch.org.br\/?p=63274#primaryimage\"},\"thumbnailUrl\":\"https:\/\/rioonwatch.org.br\/wp-content\/uploads\/2022\/10\/Congresso-Nacional.-Agencia-Senado-Federal.png\",\"keywords\":[\"Democracia\",\"Elei\u00e7\u00f5es\",\"elei\u00e7\u00f5es 2022\",\"Jair Bolsonaro\",\"Lula\",\"PL\",\"PT\"],\"articleSection\":[\"Democracia\",\"Escrito por Comunicadores Populares\",\"Opini\u00e3o\"],\"inLanguage\":\"pt-BR\"},{\"@type\":\"WebPage\",\"@id\":\"https:\/\/rioonwatch.org.br\/?p=63274\",\"url\":\"https:\/\/rioonwatch.org.br\/?p=63274\",\"name\":\"Briga Tem Hora Para Acabar, Luta \u00c9 Para a Vida Inteira: Uma An\u00e1lise do Segundo Turno [OPINI\u00c3O] - RioOnWatch\",\"isPartOf\":{\"@id\":\"https:\/\/rioonwatch.org.br\/#website\"},\"primaryImageOfPage\":{\"@id\":\"https:\/\/rioonwatch.org.br\/?p=63274#primaryimage\"},\"image\":{\"@id\":\"https:\/\/rioonwatch.org.br\/?p=63274#primaryimage\"},\"thumbnailUrl\":\"https:\/\/rioonwatch.org.br\/wp-content\/uploads\/2022\/10\/Congresso-Nacional.-Agencia-Senado-Federal.png\",\"datePublished\":\"2022-10-22T12:10:53+00:00\",\"dateModified\":\"2022-11-03T20:10:47+00:00\",\"breadcrumb\":{\"@id\":\"https:\/\/rioonwatch.org.br\/?p=63274#breadcrumb\"},\"inLanguage\":\"pt-BR\",\"potentialAction\":[{\"@type\":\"ReadAction\",\"target\":[\"https:\/\/rioonwatch.org.br\/?p=63274\"]}]},{\"@type\":\"ImageObject\",\"inLanguage\":\"pt-BR\",\"@id\":\"https:\/\/rioonwatch.org.br\/?p=63274#primaryimage\",\"url\":\"https:\/\/rioonwatch.org.br\/wp-content\/uploads\/2022\/10\/Congresso-Nacional.-Agencia-Senado-Federal.png\",\"contentUrl\":\"https:\/\/rioonwatch.org.br\/wp-content\/uploads\/2022\/10\/Congresso-Nacional.-Agencia-Senado-Federal.png\",\"width\":2000,\"height\":1093,\"caption\":\"Congresso Nacional. Ag\u00eancia Senado Federal\"},{\"@type\":\"BreadcrumbList\",\"@id\":\"https:\/\/rioonwatch.org.br\/?p=63274#breadcrumb\",\"itemListElement\":[{\"@type\":\"ListItem\",\"position\":1,\"name\":\"In\u00edcio\",\"item\":\"https:\/\/rioonwatch.org.br\/\"},{\"@type\":\"ListItem\",\"position\":2,\"name\":\"Briga Tem Hora Para Acabar, Luta \u00c9 Para a Vida Inteira: Uma An\u00e1lise do Segundo Turno [OPINI\u00c3O]\"}]},{\"@type\":\"WebSite\",\"@id\":\"https:\/\/rioonwatch.org.br\/#website\",\"url\":\"https:\/\/rioonwatch.org.br\/\",\"name\":\"RioOnWatch\",\"description\":\"relatos das favelas cariocas\",\"publisher\":{\"@id\":\"https:\/\/rioonwatch.org.br\/#organization\"},\"potentialAction\":[{\"@type\":\"SearchAction\",\"target\":{\"@type\":\"EntryPoint\",\"urlTemplate\":\"https:\/\/rioonwatch.org.br\/?s={search_term_string}\"},\"query-input\":{\"@type\":\"PropertyValueSpecification\",\"valueRequired\":true,\"valueName\":\"search_term_string\"}}],\"inLanguage\":\"pt-BR\"},{\"@type\":\"Organization\",\"@id\":\"https:\/\/rioonwatch.org.br\/#organization\",\"name\":\"RioOnWatch\",\"url\":\"https:\/\/rioonwatch.org.br\/\",\"logo\":{\"@type\":\"ImageObject\",\"inLanguage\":\"pt-BR\",\"@id\":\"https:\/\/rioonwatch.org.br\/#\/schema\/logo\/image\/\",\"url\":\"https:\/\/rioonwatch.org.br\/wp-content\/uploads\/2021\/06\/RioOnWatchcabecalhoPT11anos-2.png\",\"contentUrl\":\"https:\/\/rioonwatch.org.br\/wp-content\/uploads\/2021\/06\/RioOnWatchcabecalhoPT11anos-2.png\",\"width\":779,\"height\":277,\"caption\":\"RioOnWatch\"},\"image\":{\"@id\":\"https:\/\/rioonwatch.org.br\/#\/schema\/logo\/image\/\"}},{\"@type\":\"Person\",\"@id\":\"https:\/\/rioonwatch.org.br\/#\/schema\/person\/476bc75767957d3535b65b796667cd36\",\"name\":\"Julio Santos Filho\",\"image\":{\"@type\":\"ImageObject\",\"inLanguage\":\"pt-BR\",\"@id\":\"https:\/\/rioonwatch.org.br\/#\/schema\/person\/image\/\",\"url\":\"https:\/\/secure.gravatar.com\/avatar\/ca138f7666182a292a8ce4ca14fb81f8?s=96&d=blank&r=g\",\"contentUrl\":\"https:\/\/secure.gravatar.com\/avatar\/ca138f7666182a292a8ce4ca14fb81f8?s=96&d=blank&r=g\",\"caption\":\"Julio Santos Filho\"},\"url\":\"https:\/\/rioonwatch.org.br\/?author=167\"}]}<\/script>\n<!-- \/ Yoast SEO plugin. -->","yoast_head_json":{"title":"Briga Tem Hora Para Acabar, Luta \u00c9 Para a Vida Inteira: Uma An\u00e1lise do Segundo Turno [OPINI\u00c3O] - RioOnWatch","robots":{"index":"index","follow":"follow","max-snippet":"max-snippet:-1","max-image-preview":"max-image-preview:large","max-video-preview":"max-video-preview:-1"},"canonical":"https:\/\/rioonwatch.org.br\/?p=63274","og_locale":"pt_BR","og_type":"article","og_title":"Briga Tem Hora Para Acabar, Luta \u00c9 Para a Vida Inteira: Uma An\u00e1lise do Segundo Turno [OPINI\u00c3O] - RioOnWatch","og_description":"Click Here for English O poeta S\u00e9rgio Vaz, escritor, poeta e criador da Cooperativa Cultural da Periferia (Cooperifa) e do Sarau da Cooperifa\u2014movimento que transformou um bar da periferia da Zona Sul de S\u00e3o Paulo [...]","og_url":"https:\/\/rioonwatch.org.br\/?p=63274","og_site_name":"RioOnWatch","article_published_time":"2022-10-22T12:10:53+00:00","article_modified_time":"2022-11-03T20:10:47+00:00","og_image":[{"width":1151,"height":629,"url":"https:\/\/rioonwatch.org.br\/wp-content\/uploads\/2022\/10\/Congresso-Nacional.-Agencia-Senado-Federal-1151x629.png","type":"image\/png"}],"author":"Julio Santos Filho","twitter_card":"summary_large_image","twitter_misc":{"Escrito por":"Julio Santos Filho","Est. tempo de leitura":"11 minutos"},"schema":{"@context":"https:\/\/schema.org","@graph":[{"@type":"Article","@id":"https:\/\/rioonwatch.org.br\/?p=63274#article","isPartOf":{"@id":"https:\/\/rioonwatch.org.br\/?p=63274"},"author":{"name":"Julio Santos Filho","@id":"https:\/\/rioonwatch.org.br\/#\/schema\/person\/476bc75767957d3535b65b796667cd36"},"headline":"Briga Tem Hora Para Acabar, Luta \u00c9 Para a Vida Inteira: Uma An\u00e1lise do Segundo Turno [OPINI\u00c3O]","datePublished":"2022-10-22T12:10:53+00:00","dateModified":"2022-11-03T20:10:47+00:00","mainEntityOfPage":{"@id":"https:\/\/rioonwatch.org.br\/?p=63274"},"wordCount":1911,"publisher":{"@id":"https:\/\/rioonwatch.org.br\/#organization"},"image":{"@id":"https:\/\/rioonwatch.org.br\/?p=63274#primaryimage"},"thumbnailUrl":"https:\/\/rioonwatch.org.br\/wp-content\/uploads\/2022\/10\/Congresso-Nacional.-Agencia-Senado-Federal.png","keywords":["Democracia","Elei\u00e7\u00f5es","elei\u00e7\u00f5es 2022","Jair Bolsonaro","Lula","PL","PT"],"articleSection":["Democracia","Escrito por Comunicadores Populares","Opini\u00e3o"],"inLanguage":"pt-BR"},{"@type":"WebPage","@id":"https:\/\/rioonwatch.org.br\/?p=63274","url":"https:\/\/rioonwatch.org.br\/?p=63274","name":"Briga Tem Hora Para Acabar, Luta \u00c9 Para a Vida Inteira: Uma An\u00e1lise do Segundo Turno [OPINI\u00c3O] - RioOnWatch","isPartOf":{"@id":"https:\/\/rioonwatch.org.br\/#website"},"primaryImageOfPage":{"@id":"https:\/\/rioonwatch.org.br\/?p=63274#primaryimage"},"image":{"@id":"https:\/\/rioonwatch.org.br\/?p=63274#primaryimage"},"thumbnailUrl":"https:\/\/rioonwatch.org.br\/wp-content\/uploads\/2022\/10\/Congresso-Nacional.-Agencia-Senado-Federal.png","datePublished":"2022-10-22T12:10:53+00:00","dateModified":"2022-11-03T20:10:47+00:00","breadcrumb":{"@id":"https:\/\/rioonwatch.org.br\/?p=63274#breadcrumb"},"inLanguage":"pt-BR","potentialAction":[{"@type":"ReadAction","target":["https:\/\/rioonwatch.org.br\/?p=63274"]}]},{"@type":"ImageObject","inLanguage":"pt-BR","@id":"https:\/\/rioonwatch.org.br\/?p=63274#primaryimage","url":"https:\/\/rioonwatch.org.br\/wp-content\/uploads\/2022\/10\/Congresso-Nacional.-Agencia-Senado-Federal.png","contentUrl":"https:\/\/rioonwatch.org.br\/wp-content\/uploads\/2022\/10\/Congresso-Nacional.-Agencia-Senado-Federal.png","width":2000,"height":1093,"caption":"Congresso Nacional. Ag\u00eancia Senado Federal"},{"@type":"BreadcrumbList","@id":"https:\/\/rioonwatch.org.br\/?p=63274#breadcrumb","itemListElement":[{"@type":"ListItem","position":1,"name":"In\u00edcio","item":"https:\/\/rioonwatch.org.br\/"},{"@type":"ListItem","position":2,"name":"Briga Tem Hora Para Acabar, Luta \u00c9 Para a Vida Inteira: Uma An\u00e1lise do Segundo Turno [OPINI\u00c3O]"}]},{"@type":"WebSite","@id":"https:\/\/rioonwatch.org.br\/#website","url":"https:\/\/rioonwatch.org.br\/","name":"RioOnWatch","description":"relatos das favelas cariocas","publisher":{"@id":"https:\/\/rioonwatch.org.br\/#organization"},"potentialAction":[{"@type":"SearchAction","target":{"@type":"EntryPoint","urlTemplate":"https:\/\/rioonwatch.org.br\/?s={search_term_string}"},"query-input":{"@type":"PropertyValueSpecification","valueRequired":true,"valueName":"search_term_string"}}],"inLanguage":"pt-BR"},{"@type":"Organization","@id":"https:\/\/rioonwatch.org.br\/#organization","name":"RioOnWatch","url":"https:\/\/rioonwatch.org.br\/","logo":{"@type":"ImageObject","inLanguage":"pt-BR","@id":"https:\/\/rioonwatch.org.br\/#\/schema\/logo\/image\/","url":"https:\/\/rioonwatch.org.br\/wp-content\/uploads\/2021\/06\/RioOnWatchcabecalhoPT11anos-2.png","contentUrl":"https:\/\/rioonwatch.org.br\/wp-content\/uploads\/2021\/06\/RioOnWatchcabecalhoPT11anos-2.png","width":779,"height":277,"caption":"RioOnWatch"},"image":{"@id":"https:\/\/rioonwatch.org.br\/#\/schema\/logo\/image\/"}},{"@type":"Person","@id":"https:\/\/rioonwatch.org.br\/#\/schema\/person\/476bc75767957d3535b65b796667cd36","name":"Julio Santos Filho","image":{"@type":"ImageObject","inLanguage":"pt-BR","@id":"https:\/\/rioonwatch.org.br\/#\/schema\/person\/image\/","url":"https:\/\/secure.gravatar.com\/avatar\/ca138f7666182a292a8ce4ca14fb81f8?s=96&d=blank&r=g","contentUrl":"https:\/\/secure.gravatar.com\/avatar\/ca138f7666182a292a8ce4ca14fb81f8?s=96&d=blank&r=g","caption":"Julio Santos Filho"},"url":"https:\/\/rioonwatch.org.br\/?author=167"}]}},"_links":{"self":[{"href":"https:\/\/rioonwatch.org.br\/index.php?rest_route=\/wp\/v2\/posts\/63274"}],"collection":[{"href":"https:\/\/rioonwatch.org.br\/index.php?rest_route=\/wp\/v2\/posts"}],"about":[{"href":"https:\/\/rioonwatch.org.br\/index.php?rest_route=\/wp\/v2\/types\/post"}],"author":[{"embeddable":true,"href":"https:\/\/rioonwatch.org.br\/index.php?rest_route=\/wp\/v2\/users\/167"}],"replies":[{"embeddable":true,"href":"https:\/\/rioonwatch.org.br\/index.php?rest_route=%2Fwp%2Fv2%2Fcomments&post=63274"}],"version-history":[{"count":16,"href":"https:\/\/rioonwatch.org.br\/index.php?rest_route=\/wp\/v2\/posts\/63274\/revisions"}],"predecessor-version":[{"id":63715,"href":"https:\/\/rioonwatch.org.br\/index.php?rest_route=\/wp\/v2\/posts\/63274\/revisions\/63715"}],"wp:featuredmedia":[{"embeddable":true,"href":"https:\/\/rioonwatch.org.br\/index.php?rest_route=\/wp\/v2\/media\/63287"}],"wp:attachment":[{"href":"https:\/\/rioonwatch.org.br\/index.php?rest_route=%2Fwp%2Fv2%2Fmedia&parent=63274"}],"wp:term":[{"taxonomy":"category","embeddable":true,"href":"https:\/\/rioonwatch.org.br\/index.php?rest_route=%2Fwp%2Fv2%2Fcategories&post=63274"},{"taxonomy":"post_tag","embeddable":true,"href":"https:\/\/rioonwatch.org.br\/index.php?rest_route=%2Fwp%2Fv2%2Ftags&post=63274"},{"taxonomy":"writer","embeddable":true,"href":"https:\/\/rioonwatch.org.br\/index.php?rest_route=%2Fwp%2Fv2%2Fwriter&post=63274"},{"taxonomy":"translator","embeddable":true,"href":"https:\/\/rioonwatch.org.br\/index.php?rest_route=%2Fwp%2Fv2%2Ftranslator&post=63274"},{"taxonomy":"source","embeddable":true,"href":"https:\/\/rioonwatch.org.br\/index.php?rest_route=%2Fwp%2Fv2%2Fsource&post=63274"},{"taxonomy":"ilustrador","embeddable":true,"href":"https:\/\/rioonwatch.org.br\/index.php?rest_route=%2Fwp%2Fv2%2Filustrador&post=63274"},{"taxonomy":"fotografo","embeddable":true,"href":"https:\/\/rioonwatch.org.br\/index.php?rest_route=%2Fwp%2Fv2%2Ffotografo&post=63274"}],"curies":[{"name":"wp","href":"https:\/\/api.w.org\/{rel}","templated":true}]}}