{"id":63313,"date":"2023-06-30T09:37:23","date_gmt":"2023-06-30T12:37:23","guid":{"rendered":"https:\/\/rioonwatch.org.br\/?p=63313"},"modified":"2023-09-14T11:12:42","modified_gmt":"2023-09-14T14:12:42","slug":"percepcoes-dos-moradores-do-morro-da-formiga-sobre-o-rio-cascata-memoria-recuperacao-ambiental-e-pertenca-comunitaria-as-margens-de-um-rio-de-favela","status":"publish","type":"post","link":"https:\/\/rioonwatch.org.br\/?p=63313","title":{"rendered":"Percep\u00e7\u00f5es dos Moradores do Morro da Formiga sobre o Rio Cascata: Mem\u00f3ria, Recupera\u00e7\u00e3o Ambiental e Perten\u00e7a Comunit\u00e1ria \u00e0s Margens de um Rio de Favela"},"content":{"rendered":"<figure id=\"attachment_64797\" aria-describedby=\"caption-attachment-64797\" style=\"width: 2560px\" class=\"wp-caption aligncenter\"><a href=\"https:\/\/rioonwatch.org.br\/wp-content\/uploads\/2022\/12\/Arte-original-por-Natalia-S.-Flores-scaled.jpg\"><img fetchpriority=\"high\" decoding=\"async\" class=\"size-full wp-image-64797\" src=\"https:\/\/rioonwatch.org.br\/wp-content\/uploads\/2022\/12\/Arte-original-por-Natalia-S.-Flores-scaled.jpg\" alt=\"Arte original por Natalia S. Flores\" width=\"2560\" height=\"1089\" srcset=\"https:\/\/rioonwatch.org.br\/wp-content\/uploads\/2022\/12\/Arte-original-por-Natalia-S.-Flores-scaled.jpg 2560w, https:\/\/rioonwatch.org.br\/wp-content\/uploads\/2022\/12\/Arte-original-por-Natalia-S.-Flores-620x264.jpg 620w, https:\/\/rioonwatch.org.br\/wp-content\/uploads\/2022\/12\/Arte-original-por-Natalia-S.-Flores-1030x439.jpg 1030w, https:\/\/rioonwatch.org.br\/wp-content\/uploads\/2022\/12\/Arte-original-por-Natalia-S.-Flores-1479x629.jpg 1479w\" sizes=\"(max-width: 2560px) 100vw, 2560px\" \/><\/a><figcaption id=\"caption-attachment-64797\" class=\"wp-caption-text\">Arte original por Natalia S. Flores<\/figcaption><\/figure>\n<p style=\"text-align: right;\"><em><strong><a href=\"https:\/\/bit.ly\/3KQMZGc\" target=\"_blank\" rel=\"noopener\">Click Here for English<\/a><a href=\"https:\/\/bit.ly\/3KQMZGc\" target=\"_blank\" rel=\"noopener noreferrer\"><img decoding=\"async\" class=\"alignright wp-image-15790\" src=\"https:\/\/rioonwatch.org.br\/wp-content\/uploads\/2012\/08\/EN-standard-e1439583104716.jpg\" alt=\"\" width=\"20\" height=\"20\" \/><\/a><\/strong><\/em><\/p>\n<p><em><a href=\"https:\/\/rioonwatch.org\/wp-content\/uploads\/2019\/08\/BehnerStiefel.png\"><img decoding=\"async\" class=\"alignright wp-image-55315\" src=\"https:\/\/rioonwatch.org\/wp-content\/uploads\/2019\/08\/BehnerStiefel.png\" sizes=\"(max-width: 200px) 100vw, 200px\" srcset=\"https:\/\/rioonwatch.org\/wp-content\/uploads\/2019\/08\/BehnerStiefel.png 1934w, https:\/\/rioonwatch.org\/wp-content\/uploads\/2019\/08\/BehnerStiefel-300x102.png 300w, https:\/\/rioonwatch.org\/wp-content\/uploads\/2019\/08\/BehnerStiefel-768x261.png 768w, https:\/\/rioonwatch.org\/wp-content\/uploads\/2019\/08\/BehnerStiefel-1024x348.png 1024w\" alt=\"Centro Behner Stiefel de Estudos Brasileiros\" width=\"200\" height=\"68\" \/><\/a><\/em><\/p>\n<p><em>Esta mat\u00e9ria\u00a0<\/em><em>faz parte de uma\u00a0<a href=\"https:\/\/bit.ly\/SerieSDSU\" target=\"_blank\" rel=\"noopener noreferrer\">s\u00e9rie<\/a> gerada por uma parceria com o\u00a0<a href=\"https:\/\/bit.ly\/SDSUDigitalBrazilProject\" target=\"_blank\" rel=\"noopener noreferrer\">Digital Brazil Project<\/a>\u00a0do\u00a0<a href=\"http:\/\/bit.ly\/2zcymI6\" target=\"_blank\" rel=\"noopener noreferrer\">Centro Behner Stiefel de Estudos Brasileiros<\/a> da Universidade Estadual de San Diego na Calif\u00f3rnia, para produzir mat\u00e9rias sobre a quest\u00e3o da \u00e1gua e a popula\u00e7\u00e3o LGBTQIAP+ nas favelas cariocas e na Baixada Fluminense.<\/em><\/p>\n<h3>Minha Favela, Meu Quilombo, Minha Pesquisa<\/h3>\n<figure id=\"attachment_63393\" aria-describedby=\"caption-attachment-63393\" style=\"width: 500px\" class=\"wp-caption alignright\"><a href=\"https:\/\/rioonwatch.org.br\/wp-content\/uploads\/2022\/10\/IMG-20220810-WA0008.jpg\"><img loading=\"lazy\" decoding=\"async\" class=\"wp-image-63393\" title=\"Morro da Formiga, 2022. Foto: Renan Oliveira\" src=\"https:\/\/rioonwatch.org.br\/wp-content\/uploads\/2022\/10\/IMG-20220810-WA0008.jpg\" alt=\"Morro da Formiga, 2022. Foto: Renan Oliveira\" width=\"500\" height=\"667\" srcset=\"https:\/\/rioonwatch.org.br\/wp-content\/uploads\/2022\/10\/IMG-20220810-WA0008.jpg 960w, https:\/\/rioonwatch.org.br\/wp-content\/uploads\/2022\/10\/IMG-20220810-WA0008-465x620.jpg 465w, https:\/\/rioonwatch.org.br\/wp-content\/uploads\/2022\/10\/IMG-20220810-WA0008-472x629.jpg 472w\" sizes=\"(max-width: 500px) 100vw, 500px\" \/><\/a><figcaption id=\"caption-attachment-63393\" class=\"wp-caption-text\">Morro da Formiga, 2022. Foto: Renan Oliveira<\/figcaption><\/figure>\n<p><span style=\"font-weight: 400;\">Decidi pesquisar minha pr\u00f3pria comunidade. O territ\u00f3rio onde eu cresci junto com a minha fam\u00edlia e amigos. Sempre entendi a <a href=\"https:\/\/bit.ly\/3wrGTma\" target=\"_blank\" rel=\"noopener\">favela como extens\u00e3o do quilombo<\/a>, espa\u00e7os <a href=\"https:\/\/bit.ly\/3M3wx5e\" target=\"_blank\" rel=\"noopener\">organizados socialmente por negros<\/a> africanos e afro-brasileiros. Os quilombos foram fundados, sobretudo, durante o regime de <a href=\"https:\/\/bit.ly\/333trbD\" target=\"_blank\" rel=\"noopener\">escravid\u00e3o negra<\/a>, para organizar a vida com liberdade, sem o dom\u00ednio e as viol\u00eancias perpetradas pelos escravocratas. J\u00e1 o nome favelas surgem em massa no p<\/span><span style=\"font-weight: 400;\">\u00f3s-<a href=\"https:\/\/bit.ly\/2QrHPrs\" target=\"_blank\" rel=\"noopener\">Aboli\u00e7\u00e3o da Escravatura (1888)<\/a>\u00a0e assumem a centralidade quando a quest\u00e3o \u00e9 <\/span><span style=\"font-weight: 400;\">a territorializa\u00e7\u00e3o da resist\u00eancia negra e da luta por moradia. Tanto os quilombos quanto as favelas s\u00e3o, em algum grau, territ\u00f3rios aut\u00f4nomos que privilegiam a coletividade como modo de organiza\u00e7\u00e3o social.<\/span><\/p>\n<p><span style=\"font-weight: 400;\">Moro na <a href=\"https:\/\/bit.ly\/3B4XPmQ\" target=\"_blank\" rel=\"noopener\">Floresta da Tijuca<\/a>, uma das <a href=\"https:\/\/bit.ly\/3vcqmE5\" target=\"_blank\" rel=\"noopener\">maiores florestas urbanas do mundo<\/a>, que serviu de <a href=\"http:\/\/bit.ly\/2Ov7iyr\" target=\"_blank\" rel=\"noopener\">abrigo para grupos quilombolas<\/a> em luta por liberdade durante os 388 anos de escravid\u00e3o negra no Brasil. Essa mesma floresta, 135 anos depois da aboli\u00e7\u00e3o, ainda abriga seus descendentes, que continuam lutando por liberdade e direitos. Com a assinatura da <a href=\"https:\/\/bit.ly\/1Ojhb85\" target=\"_blank\" rel=\"noopener\">Lei \u00c1urea<\/a>, <a href=\"https:\/\/bit.ly\/3ozvqy5\" target=\"_blank\" rel=\"noopener\">ex-escravizados e descendentes<\/a> come\u00e7aram a construir favelas nas encostas da Tijuca, como <a href=\"https:\/\/bit.ly\/2VUfPv2\" target=\"_blank\" rel=\"noopener\">Turano<\/a>, <a href=\"https:\/\/bit.ly\/36xHerx\" target=\"_blank\" rel=\"noopener\">Salgueiro<\/a> e <a href=\"https:\/\/bit.ly\/2XYwO1q\" target=\"_blank\" rel=\"noopener\">Morro da Formiga<\/a>, comunidades de natureza formid\u00e1vel, abra\u00e7adas pela Mata Atl\u00e2ntica. S\u00e3o locais com hist\u00f3ria de luta e resist\u00eancia. Exatamente por isso, escolhi investigar as percep\u00e7\u00f5es, as mem\u00f3rias e a hist\u00f3ria local do lugar em que nasci. No entanto, \u00e9 um movimento desafiador, pois <a href=\"https:\/\/bit.ly\/ReleaseAguaELuzROW\" target=\"_blank\" rel=\"noopener\">agora sou algu\u00e9m que \u00e9 capaz de pesquisar e n\u00e3o somente de ser pesquisado<\/a>.<\/span><\/p>\n<p><span style=\"font-weight: 400;\">A Formiga, localizada na <a href=\"https:\/\/bit.ly\/3581ZK2\" target=\"_blank\" rel=\"noopener\">Grande Tijuca<\/a>, na <a href=\"http:\/\/bit.ly\/2ETpYR1\" target=\"_blank\" rel=\"noopener\">Zona Norte<\/a> do Rio de Janeiro, come\u00e7ou a ser urbanizada <a href=\"https:\/\/bit.ly\/3HUwCbd\" target=\"_blank\" rel=\"noopener\">nos anos 1940<\/a>, pr\u00f3xima \u00e0 \u00e1rea demarcada do <a href=\"https:\/\/bit.ly\/3C6lxQg\" target=\"_blank\" rel=\"noopener\">Parque Nacional da Tijuca<\/a>. Em sua dimens\u00e3o territorial, a favela abriga <a href=\"http:\/\/bit.ly\/1S1blJy\" target=\"_blank\" rel=\"noopener\">po\u00e7os e nascentes de \u00e1gua<\/a>, e uma grande diversidade biol\u00f3gica e<\/span><span style=\"font-weight: 400;\"> cultural. Atualmente, mant\u00e9m tradi\u00e7\u00f5es culturais, como a escola de samba <a href=\"https:\/\/bit.ly\/3BTAncR\" target=\"_blank\" rel=\"noopener\">Imp\u00e9rio da Tijuca<\/a>, a <a href=\"http:\/\/bit.ly\/2Nxmh6P\" target=\"_blank\" rel=\"noopener\">Folia de Reis<\/a> e a luta pela preserva\u00e7\u00e3o da natureza.<\/span><\/p>\n<p><span style=\"font-weight: 400;\">Neste cen\u00e1rio, nasci e fui criado por tr\u00eas gera\u00e7\u00f5es de mulheres negras, que vivenciaram o processo de urbaniza\u00e7\u00e3o da favela, com toda a sua precariedade. Isso, articulado com o fato de ter sido o primeiro da minha fam\u00edlia a entrar em uma universidade p\u00fablica, para cursar Ci\u00eancias Sociais, motivou esta pesquisa. \u00c9 uma maneira de contribuir para a <a href=\"https:\/\/bit.ly\/39irHkY\" target=\"_blank\" rel=\"noopener\">justi\u00e7a clim\u00e1tica<\/a>, para a mudan\u00e7a da realidade e para <a href=\"https:\/\/bit.ly\/3tFBcl5\" target=\"_blank\" rel=\"noopener\">construir alternativas<\/a>, enquanto ainda \u00e9 poss\u00edvel.\u00a0<\/span><\/p>\n<h3>Rio Cascata: Um Rio de Mem\u00f3rias<\/h3>\n<figure id=\"attachment_64384\" aria-describedby=\"caption-attachment-64384\" style=\"width: 465px\" class=\"wp-caption alignright\"><a href=\"https:\/\/rioonwatch.org.br\/wp-content\/uploads\/2022\/12\/Rua-Travessa-da-Cascata-2022.-Foto-Renan-Oliveira..jpg\"><img loading=\"lazy\" decoding=\"async\" class=\"wp-image-64384 size-full\" title=\"Rua Travessa da Cascata, 2022. Foto: Renan Oliveira.\" src=\"https:\/\/rioonwatch.org.br\/wp-content\/uploads\/2022\/12\/Rua-Travessa-da-Cascata-2022.-Foto-Renan-Oliveira..jpg\" alt=\"Rua Travessa da Cascata, 2022. Foto: Renan Oliveira.\" width=\"465\" height=\"620\" \/><\/a><figcaption id=\"caption-attachment-64384\" class=\"wp-caption-text\">Rua Travessa da Cascata, 2022. Foto: Renan Oliveira.<\/figcaption><\/figure>\n<p>Na Formiga, a Floresta da Tijuca abastece o maior leito de \u00e1gua que flui sobre a superf\u00edcie da comunidade: o Rio Cascata, um dos principais respons\u00e1veis por manter a biodiversidade da regi\u00e3o. O rio possui cerca de um quil\u00f4metro de extens\u00e3o e est\u00e1 localizado na parte noroeste da comunidade. Este c\u00f3rrego \u00e9 de suma import\u00e2ncia para a diversidade natural e cultural do morro. \u00c9 um marco hist\u00f3rico da favela. Moradores acima dos 50 anos vivenciaram o processo de degrada\u00e7\u00e3o do Rio Cascata, mas ainda se lembram dele balne\u00e1vel. Eles gentilmente contribu\u00edram com suas mem\u00f3rias para elucidar a hist\u00f3ria do nosso territ\u00f3rio.<\/p>\n<p><span style=\"font-weight: 400;\">Uma moradora da Formiga que n\u00e3o quis se identificar, quando perguntada \u201cQual a principal caracter\u00edstica do Morro da Formiga?\u201d, respondeu: <\/span><\/p>\n<blockquote><p>\u201cPra mim, o Rio Cascata\u2014porque foi onde eu passei a minha inf\u00e2ncia&#8230; Tive minha inf\u00e2ncia na beira desse rio\u2014era muito bom! A gente lavava roupa no rio, a \u00e1gua era muito limpa&#8230; n\u00e3o tinha esgoto, n\u00e3o se notava esgoto&#8230; a gente brincava no rio, n\u00e9? Escorregava nas pedras, era muito bom! O rio tinha certos locais que dava at\u00e9 camar\u00e3o, peixinhos&#8230; hoje em dia n\u00e3o tem mais, por ter muita sujeira, lixo e esgoto&#8230; al\u00e9m disso, a \u00e1gua diminuiu muito&#8230; ent\u00e3o, a \u00e1gua fica muito suja. Hoje, \u00e9 um rio muito polu\u00eddo, n\u00e3o d\u00e1 mais pra crian\u00e7a brincar, pra lavar uma roupa. N\u00e3o tem mais isso.\u201d<\/p><\/blockquote>\n<p>Estas lembran\u00e7as, para mim, falam de um outro rio. Minha gera\u00e7\u00e3o n\u00e3o conheceu esse Morro da Formiga com menos polui\u00e7\u00e3o, com um rio que era cen\u00e1rio de socializa\u00e7\u00e3o entre os moradores da favela, fonte de renda para as lavadeiras, local de lazer para as crian\u00e7as e at\u00e9 fonte de alimenta\u00e7\u00e3o. Isso \u00e9 inimagin\u00e1vel para minha gera\u00e7\u00e3o. Al\u00e9m disso, percebe-se nas falas da moradora muito o uso do plural \u201ca gente brincava\u201d, \u201ca gente lavava roupa\u201d, o que mostra o senso de comunidade e a constante socializa\u00e7\u00e3o entre os moradores no entorno do Rio Cascata.<\/p>\n<p>As experi\u00eancias da minha gera\u00e7\u00e3o, por outro lado, s\u00e3o bastante diferentes com rela\u00e7\u00e3o ao Rio Cascata. N\u00e3o utilizamos sua \u00e1gua, n\u00e3o utilizamos peixes e camar\u00f5es pescados nele porque estes j\u00e1 n\u00e3o existem e, quando crian\u00e7a, s\u00f3 brinc\u00e1vamos em sua margem, devido \u00e0 intensa polui\u00e7\u00e3o do c\u00f3rrego.<\/p>\n<p><span style=\"font-weight: 400;\">Tornar as <a href=\"https:\/\/bit.ly\/3D4gLm6\" target=\"_blank\" rel=\"noopener\">favelas climaticamente resilientes<\/a> e tomar medidas urgentes para frear a mudan\u00e7a do clima e seus impactos s\u00e3o atitudes necess\u00e1rias. Em uma perspectiva onde as favelas e as periferias s\u00e3o os territ\u00f3rios mais atingidos pelas consequ\u00eancias das mudan\u00e7as clim\u00e1ticas e do <a href=\"http:\/\/bit.ly\/3EkT1uG\" target=\"_blank\" rel=\"noopener\">racismo ambiental<\/a>, preservar e conservar os rios de favela \u00e9 fundamental.<\/span><\/p>\n<figure id=\"attachment_64388\" aria-describedby=\"caption-attachment-64388\" style=\"width: 465px\" class=\"wp-caption alignright\"><a href=\"https:\/\/rioonwatch.org.br\/wp-content\/uploads\/2022\/12\/Rio-Cascata-2022.-Foto-Renan-Oliveira.jpg\"><img loading=\"lazy\" decoding=\"async\" class=\"wp-image-64388 size-full\" title=\"Rio Cascata, 2022. Foto: Renan Oliveira\" src=\"https:\/\/rioonwatch.org.br\/wp-content\/uploads\/2022\/12\/Rio-Cascata-2022.-Foto-Renan-Oliveira.jpg\" alt=\"Rio Cascata, 2022. Foto: Renan Oliveira\" width=\"465\" height=\"620\" \/><\/a><figcaption id=\"caption-attachment-64388\" class=\"wp-caption-text\">Rio Cascata, 2022. Foto: Renan Oliveira<\/figcaption><\/figure>\n<p>\u00c9 obriga\u00e7\u00e3o do Estado restaurar e preservar esses rios, repensando o saneamento b\u00e1sico, retirando o esgoto, restaurando suas margens para serem solo f\u00e9rtil para diversidade da fauna e da flora e com <a href=\"https:\/\/bit.ly\/3l8x5bZ\" target=\"_blank\" rel=\"noopener\">educa\u00e7\u00e3o socioambiental<\/a>. Como afirmou uma das entrevistadas por mim na Formiga, que tamb\u00e9m n\u00e3o quis ser identificada:<\/p>\n<blockquote><p>\u201cOs governos n\u00e3o querem nada! Tem lugar que est\u00e1 ruim \u00e0 be\u00e7a&#8230; eles n\u00e3o limpam mais mato. Eles n\u00e3o limpam mais nada, meu filho! Agora t\u00e1 assim&#8230; todo canto t\u00e1 assim, mato t\u00e3o alto que entra dentro das casas&#8230; o rio t\u00e1 tampado de mato! Tem lugar que t\u00e1 pior que aqui l\u00e1 pra cima no morro. O povo t\u00e1 morrendo na lama, na merda&#8230; As pessoas est\u00e3o morrendo dentro d&#8217;\u00e1gua, est\u00e3o vendo a \u00e1gua passando por dentro de suas casas, por causa dessas valas que enchem&#8230; Ent\u00e3o, \u00e9 isso, aquele mato cresce e n\u00e3o tem ningu\u00e9m ali para limpar. Olha ali na escada, por exemplo, est\u00e1 cheio de mato! Como \u00e9 que passa ali assim? Eu nem gosto de passar mais ali&#8230; Mas se tivesse uma manuten\u00e7\u00e3o seria bom.\u201d<\/p><\/blockquote>\n<p><span style=\"font-weight: 400;\">A mesma moradora identifica o esgoto como o principal respons\u00e1vel pela degrada\u00e7\u00e3o do Rio Cascata. Para ela, com a nega\u00e7\u00e3o estrutural do direito \u00e0 moradia, houve o adensamento r\u00e1pido da favela, sem que o Estado investisse em redes de esgoto. Com isso, o Rio Cascata virou vala, sendo a \u00fanica op\u00e7\u00e3o de onde despejar os efluentes vindos das casas. O assassinato em curso do Rio Cascata \u00e9 fruto podre da falta de pol\u00edticas p\u00fablicas.<\/span><\/p>\n<blockquote><p><span style=\"font-weight: 400;\">\u201c\u00c9 o esgoto, o maior respons\u00e1vel. A prefeitura at\u00e9 fez rede de esgoto, mas fez mal feita, n\u00e3o pegou todo o esgoto da comunidade. A rede entope muito e, de todo jeito, o esgoto transborda e vai parar dentro do rio. Ent\u00e3o, com o esgoto dentro do rio, n\u00e3o d\u00e1 peixinho mais. Nem as gar\u00e7as v\u00eam mais com tanta frequ\u00eancia! As gar\u00e7as vinham pegar os peixinhos do rio, agora quase n\u00e3o v\u00eam mais, porque n\u00e3o tem mais peixe por causa do esgoto&#8230; Tem muito esgoto no rio!\u201d<\/span><\/p><\/blockquote>\n<p>Opini\u00e3o tamb\u00e9m partilhada por seus vizinhos, entrevistados por essa pesquisa, uma terceira moradora lembrou que j\u00e1 houve plano do poder p\u00fablico de encanar o Rio Cascata, oficializando a transforma\u00e7\u00e3o do rio em encanamento de esgoto.<\/p>\n<blockquote><p>\u201cH\u00e1 muitos anos de falta de investimento&#8230; se canalizassem esse rio, o lixo j\u00e1 n\u00e3o iria por \u00e1gua abaixo!&#8230; <a href=\"http:\/\/bit.ly\/2BJ3T6a\" target=\"_blank\" rel=\"noopener\">Favela-bairro<\/a> tinha uma proposta de canalizar o Rio Cascata, porque o esgoto tamb\u00e9m \u00e9 importante. Mas, bem, o primeiro desafio \u00e9 a verba para que isso aconte\u00e7a.\u201d<\/p><\/blockquote>\n<p>Uma moradora mais jovem, ao ouvir esses relatos, se lamentou pelo estado do rio. Para ela, essa vala s\u00f3 lembra um rio em dias de chuva, quando o volume d&#8217;\u00e1gua aumenta e enche o leito do Rio Cascata.<\/p>\n<blockquote><p>\u201cEssa rela\u00e7\u00e3o com o rio a gente n\u00e3o tem mais, porque \u00e9 s\u00f3 olhar pra ver lixo dentro, esgoto, n\u00e3o tem mais rio. S\u00f3 em tempo de chuva que a \u00e1gua aumenta. Ent\u00e3o, a \u00e1gua vem muito forte, desce muito forte nesse rio, e chega at\u00e9 formar uma cachoeira.\u201d<\/p><\/blockquote>\n<figure id=\"attachment_64386\" aria-describedby=\"caption-attachment-64386\" style=\"width: 1030px\" class=\"wp-caption aligncenter\"><a href=\"https:\/\/rioonwatch.org.br\/wp-content\/uploads\/2022\/12\/Rio-Cascata-2022.-Foto-Renan-Oliveira-a.jpg\"><img loading=\"lazy\" decoding=\"async\" class=\"wp-image-64386 size-full\" title=\"Rio Cascata, 2022. Foto: Renan Oliveira\" src=\"https:\/\/rioonwatch.org.br\/wp-content\/uploads\/2022\/12\/Rio-Cascata-2022.-Foto-Renan-Oliveira-a.jpg\" alt=\"Rio Cascata, 2022. Foto: Renan Oliveira\" width=\"1030\" height=\"439\" srcset=\"https:\/\/rioonwatch.org.br\/wp-content\/uploads\/2022\/12\/Rio-Cascata-2022.-Foto-Renan-Oliveira-a.jpg 1030w, https:\/\/rioonwatch.org.br\/wp-content\/uploads\/2022\/12\/Rio-Cascata-2022.-Foto-Renan-Oliveira-a-620x264.jpg 620w\" sizes=\"(max-width: 1030px) 100vw, 1030px\" \/><\/a><figcaption id=\"caption-attachment-64386\" class=\"wp-caption-text\">Rio Cascata, 2022. Foto: Renan Oliveira<\/figcaption><\/figure>\n<h3>Favela Informada e Mobilizada por Justi\u00e7a Clim\u00e1tica<\/h3>\n<p>As favelas s\u00e3o os <a href=\"https:\/\/bit.ly\/3zI2ytJ\" target=\"_blank\" rel=\"noopener\">lugares mais impactados<\/a> pelos efeitos das mudan\u00e7as clim\u00e1ticas no Rio de Janeiro, o que agrava a <a href=\"http:\/\/bit.ly\/2x38Zay\" target=\"_blank\" rel=\"noopener\">desigualdade social<\/a>, o racismo ambiental, a <a href=\"https:\/\/bit.ly\/3ubxnCk\" target=\"_blank\" rel=\"noopener\">inseguran\u00e7a alimentar<\/a>, entre outros processos. O <a href=\"https:\/\/bit.ly\/3Q7RTzQ\" target=\"_blank\" rel=\"noopener\">aumento desproporcional da temperatura<\/a> da Terra <a href=\"https:\/\/bit.ly\/3tTm050\" target=\"_blank\" rel=\"noopener\">desequilibra as esta\u00e7\u00f5es<\/a> do ano, <a href=\"https:\/\/bit.ly\/3LWwfvu\" target=\"_blank\" rel=\"noopener\">provoca enchentes<\/a> e secas, <a href=\"https:\/\/bit.ly\/3RcohAp\" target=\"_blank\" rel=\"noopener\">aumenta o n\u00edvel do mar<\/a>, derrete geleiras e diminui expressivamente a biodiversidade. \u00c9&#8217;o papel dos governos nesses territ\u00f3rios perif\u00e9ricos organizar e planejar a\u00e7\u00f5es para mitigar os danos do aquecimento global. Frente a esse cen\u00e1rio, \u00e9 preciso <a href=\"https:\/\/bit.ly\/3u86DV0\" target=\"_blank\" rel=\"noopener\">socializar solu\u00e7\u00f5es<\/a> com as favelas, as informa\u00e7\u00f5es da comunidade cient\u00edfica, al\u00e9m de estimular a <a href=\"https:\/\/bit.ly\/3DCcBBg\" target=\"_blank\" rel=\"noopener\">mobiliza\u00e7\u00e3o clim\u00e1tica<\/a> e a organiza\u00e7\u00e3o dos moradores.<\/p>\n<figure id=\"attachment_64391\" aria-describedby=\"caption-attachment-64391\" style=\"width: 465px\" class=\"wp-caption alignright\"><a href=\"https:\/\/rioonwatch.org.br\/wp-content\/uploads\/2022\/12\/Rua-Travessa-da-Cascata-2022.-Foto-Renan-Oliveira.jpg\"><img loading=\"lazy\" decoding=\"async\" class=\"wp-image-64391 size-full\" title=\"Rua Travessa da Cascata, 2022. Foto: Renan Oliveira\" src=\"https:\/\/rioonwatch.org.br\/wp-content\/uploads\/2022\/12\/Rua-Travessa-da-Cascata-2022.-Foto-Renan-Oliveira.jpg\" alt=\"Rua Travessa da Cascata, 2022. Foto: Renan Oliveira\" width=\"465\" height=\"620\" \/><\/a><figcaption id=\"caption-attachment-64391\" class=\"wp-caption-text\">Rua Travessa da Cascata, 2022. Foto: Renan Oliveira<\/figcaption><\/figure>\n<p>As moradoras da Formiga ouvidas sabem que falta uma a\u00e7\u00e3o concreta na parte do Estado, que reconhe\u00e7a e honra a import\u00e2ncia do Rio Cascata para a comunidade. Se os governantes se sensibilizassem de fato sobre o papel desse rio para a favela, ele j\u00e1 estaria l\u00edmpido, cheio de peixes e camar\u00f5es e, os moradores, com esgoto coletado e tratado. Suas lembran\u00e7as atestam a import\u00e2ncia ambiental, social, cultural, econ\u00f4mica e aliment\u00edcia de ter o rio que corta a comunidade limpo. No entanto, \u00e9 consensual a desesperan\u00e7a nas falas que ouvi. A maioria considera ser irrevers\u00edvel a degrada\u00e7\u00e3o do rio. Nem mesmo o veem mais como um rio, mas como uma vala, como esgoto a c\u00e9u aberto, que deveria ser encanado e aterrado ao inv\u00e9s de despolu\u00eddo e posto \u00e0 disposi\u00e7\u00e3o da comunidade. \u00c9 exatamente por isso que alguns moradores desejam remoldar esse imagin\u00e1rio sobre o rio e indicar para seus vizinhos que, por mais tr\u00e1gica que pare\u00e7a a situa\u00e7\u00e3o, ainda h\u00e1 solu\u00e7\u00e3o. Apesar de estar sendo assassinado um pouco mais a cada dia, o Rio Cascata ainda n\u00e3o est\u00e1 morto. E, se h\u00e1 vida, h\u00e1 esperan\u00e7a.<\/p>\n<p>O caminho at\u00e9 a revitaliza\u00e7\u00e3o do rio passa pela organiza\u00e7\u00e3o dos moradores na reivindica\u00e7\u00e3o de pol\u00edticas p\u00fablicas e a\u00e7\u00f5es que garantam vida digna e ambientalmente sustent\u00e1vel para a comunidade. Por exemplo, uma rede de coleta de esgoto planejada especificamente para a realidade e a geografia locais, que n\u00e3o considere o rio como uma manilha de efluentes e que privilegie o <a href=\"https:\/\/bit.ly\/ValeLancaBiossistema\" target=\"_blank\" rel=\"noopener\">biotratamento local do esgoto<\/a>. Precisamos de uma gest\u00e3o inteligente do lixo, voltada para a reciclagem e para a reutiliza\u00e7\u00e3o, para a compostagem do lixo org\u00e2nico, com projetos que incentivem a educa\u00e7\u00e3o socioambiental e a redu\u00e7\u00e3o do consumo. A solu\u00e7\u00e3o tamb\u00e9m passa por investimentos p\u00fablicos em hortas comunit\u00e1rias e, sobretudo, em projetos ecol\u00f3gicos j\u00e1 existentes nas favelas, que j\u00e1 oferecem solu\u00e7\u00f5es eficientes para problemas exacerbados pela <a href=\"https:\/\/bit.ly\/2Rku5Mf\" target=\"_blank\" rel=\"noopener\">neglig\u00eancia do Estado<\/a>.<\/p>\n<p>Por isso, a mobiliza\u00e7\u00e3o comunit\u00e1ria \u00e9 fundamental para a promo\u00e7\u00e3o da justi\u00e7a clim\u00e1tica, da educa\u00e7\u00e3o ambiental e da socializa\u00e7\u00e3o das informa\u00e7\u00f5es e conhecimentos que estimulem a reprodu\u00e7\u00e3o de solu\u00e7\u00f5es locais que ataquem problemas sist\u00eamicos. Assim sendo, articula-se o conhecimento comunit\u00e1rio em favor da preserva\u00e7\u00e3o ambiental do territ\u00f3rio, em nome da seguran\u00e7a dos moradores frente \u00e0s mudan\u00e7as clim\u00e1ticas, mas tamb\u00e9m como garantia de perman\u00eancia nas favelas. A luta por justi\u00e7a clim\u00e1tica \u00e9 a luta pela vida, pela exist\u00eancia das favelas, de nossos rios e territ\u00f3rios. A luta n\u00e3o \u00e9 s\u00f3 pelo Rio Cascata, \u00e9 pela pr\u00f3pria exist\u00eancia.<\/p>\n<p><em>Sobre o autor: <a href=\"https:\/\/bit.ly\/3hItUe2\" target=\"_blank\" rel=\"noopener\">Renan Oliveira dos Santos<\/a> \u00e9 cria do Morro da Formiga, estudante de Ci\u00eancias Sociais (UFRJ) e busca construir o movimento <a href=\"https:\/\/bit.ly\/3Y8Qa1g\" target=\"_blank\" rel=\"noopener\">Guardi\u00f5es do Rio Cascata<\/a>, onde atua junto ao <a href=\"https:\/\/bit.ly\/3FUceo2\" target=\"_blank\" rel=\"noopener\">Coletivo de Juventude de Favela Brota na Laje<\/a>. Ele ajudou na implementa\u00e7\u00e3o do <a href=\"https:\/\/bit.ly\/3FK6ih3\" target=\"_blank\" rel=\"noopener\">Pr\u00e9-Vestibular Comunit\u00e1rio Brota na Laje<\/a>, al\u00e9m de outros projetos sociais, culturais e ambientais nas favelas da Tijuca.<\/em><\/p>\n<p><em>Sobre a artista:\u00a0<span class=\"il\">Natalia<\/span>\u00a0de Souza\u00a0<span class=\"il\">Flores \u00e9<\/span>\u00a0cria da Zona Norte e integrante das\u00a0Brabas Crew. Formada em Design Gr\u00e1fico pela Unigranrio em 2017, trabalha como designer desde 2015. Lan\u00e7ou a revista em quadrinhos coletiva \u2018T\u00e1 no Gibi\u2019, em 2017 na Bienal do Livro. Sua tem\u00e1tica principal \u00e9 afro usando elementos cyberpunk, wica e ind\u00edgena.<\/em><\/p>\n<hr \/>\n<h4><b data-stringify-type=\"bold\">Apoie nossos esfor\u00e7os para fornecer apoio estrat\u00e9gico \u00e0s favelas do Rio, incluindo o jornalismo hiperlocal, cr\u00edtico, inovador e incans\u00e1vel do\u00a0<\/b><b data-stringify-type=\"bold\"><i data-stringify-type=\"italic\">RioOnWatch<\/i><\/b>\u2014<a class=\"c-link\" href=\"http:\/\/www.bit.ly\/ApoieROW\" target=\"_blank\" rel=\"noopener noreferrer\" data-stringify-link=\"http:\/\/www.bit.ly\/ApoieROW\" data-sk=\"tooltip_parent\">doe aqui<\/a>.<\/h4>\n<!-- AddThis Advanced Settings generic via filter on the_content --><!-- AddThis Share Buttons generic via filter on the_content -->","protected":false},"excerpt":{"rendered":"<div class=\"mh-excerpt\"><p>Click Here for English Esta mat\u00e9ria\u00a0faz parte de uma\u00a0s\u00e9rie gerada por uma parceria com o\u00a0Digital Brazil Project\u00a0do\u00a0Centro Behner Stiefel de Estudos Brasileiros da Universidade Estadual de San Diego na Calif\u00f3rnia, para produzir mat\u00e9rias sobre a <a class=\"mh-excerpt-more\" href=\"https:\/\/rioonwatch.org.br\/?p=63313\" title=\"Percep\u00e7\u00f5es dos Moradores do Morro da Formiga sobre o Rio Cascata: Mem\u00f3ria, Recupera\u00e7\u00e3o Ambiental e Perten\u00e7a Comunit\u00e1ria \u00e0s Margens de um Rio de Favela\">[&#8230;]<\/a><!-- AddThis Advanced Settings generic via filter on get_the_excerpt --><!-- AddThis Share Buttons generic via filter on get_the_excerpt --><\/p>\n<\/div>","protected":false},"author":179,"featured_media":64797,"comment_status":"closed","ping_status":"closed","sticky":false,"template":"template-full.php","format":"standard","meta":{"_acf_changed":false,"_monsterinsights_skip_tracking":false,"_monsterinsights_sitenote_active":false,"_monsterinsights_sitenote_note":"","_monsterinsights_sitenote_category":0,"footnotes":""},"categories":[1621,346,1625,3170,344,1639],"tags":[510,1235,2761,363,322,271,735,60,128,3112,469,232,1719,417,581,2139,3360,2693,218],"writer":[3238],"translator":[],"source":[],"ilustrador":[3120],"fotografo":[],"class_list":{"0":"post-63313","1":"post","2":"type-post","3":"status-publish","4":"format-standard","5":"has-post-thumbnail","7":"category-destaque","8":"category-denuncias","9":"category-por-correspondentes-comunitarios","10":"category-justica-climatica","11":"category-politicas","12":"category-sustentabilidade","13":"tag-agua","14":"tag-biodiversidade","15":"tag-direito-a-agua","16":"tag-educacao-ambiental","17":"tag-esgoto","18":"tag-favela-bairro","19":"tag-floresta-da-tijuca","20":"tag-tijuca","21":"tag-historia","22":"tag-justica-climatica","23":"tag-memoria","24":"tag-morro-da-formiga","25":"tag-mudancas-climaticas","26":"tag-negligencia-do-estado","27":"tag-poluicao","28":"tag-justica-ambiental","29":"tag-rios-em-favelas","30":"tag-serie-direitos-humanos-com-apoio-do-centro-behner-stiefel-da-sdsu","31":"tag-zona-norte","32":"writer-renan-oliveira","33":"ilustrador-natalia-de-souza-flores"},"acf":[],"yoast_head":"<!-- This site is optimized with the Yoast SEO plugin v25.6 - https:\/\/yoast.com\/wordpress\/plugins\/seo\/ -->\n<title>Percep\u00e7\u00f5es dos Moradores do Morro da Formiga sobre o Rio Cascata: Mem\u00f3ria, Recupera\u00e7\u00e3o Ambiental e Perten\u00e7a Comunit\u00e1ria \u00e0s Margens de um Rio de Favela - RioOnWatch<\/title>\n<meta name=\"robots\" content=\"index, follow, max-snippet:-1, max-image-preview:large, max-video-preview:-1\" \/>\n<link rel=\"canonical\" href=\"https:\/\/rioonwatch.org.br\/?p=63313\" \/>\n<meta property=\"og:locale\" content=\"pt_BR\" \/>\n<meta property=\"og:type\" content=\"article\" \/>\n<meta property=\"og:title\" content=\"Percep\u00e7\u00f5es dos Moradores do Morro da Formiga sobre o Rio Cascata: Mem\u00f3ria, Recupera\u00e7\u00e3o Ambiental e Perten\u00e7a Comunit\u00e1ria \u00e0s Margens de um Rio de Favela - RioOnWatch\" \/>\n<meta property=\"og:description\" content=\"Click Here for English Esta mat\u00e9ria\u00a0faz parte de uma\u00a0s\u00e9rie gerada por uma parceria com o\u00a0Digital Brazil Project\u00a0do\u00a0Centro Behner Stiefel de Estudos Brasileiros da Universidade Estadual de San Diego na Calif\u00f3rnia, para produzir mat\u00e9rias sobre a [...]\" \/>\n<meta property=\"og:url\" content=\"https:\/\/rioonwatch.org.br\/?p=63313\" \/>\n<meta property=\"og:site_name\" content=\"RioOnWatch\" \/>\n<meta property=\"article:published_time\" content=\"2023-06-30T12:37:23+00:00\" \/>\n<meta property=\"article:modified_time\" content=\"2023-09-14T14:12:42+00:00\" \/>\n<meta property=\"og:image\" content=\"https:\/\/rioonwatch.org.br\/wp-content\/uploads\/2022\/12\/Arte-original-por-Natalia-S.-Flores-scaled.jpg\" \/>\n\t<meta property=\"og:image:width\" content=\"2560\" \/>\n\t<meta property=\"og:image:height\" content=\"1089\" \/>\n\t<meta property=\"og:image:type\" content=\"image\/jpeg\" \/>\n<meta name=\"author\" content=\"Janaina Tavares\" \/>\n<meta name=\"twitter:card\" content=\"summary_large_image\" \/>\n<meta name=\"twitter:label1\" content=\"Escrito por\" \/>\n\t<meta name=\"twitter:data1\" content=\"Janaina Tavares\" \/>\n\t<meta name=\"twitter:label2\" content=\"Est. tempo de leitura\" \/>\n\t<meta name=\"twitter:data2\" content=\"14 minutos\" \/>\n<script type=\"application\/ld+json\" class=\"yoast-schema-graph\">{\"@context\":\"https:\/\/schema.org\",\"@graph\":[{\"@type\":\"Article\",\"@id\":\"https:\/\/rioonwatch.org.br\/?p=63313#article\",\"isPartOf\":{\"@id\":\"https:\/\/rioonwatch.org.br\/?p=63313\"},\"author\":{\"name\":\"Janaina Tavares\",\"@id\":\"https:\/\/rioonwatch.org.br\/#\/schema\/person\/feb227e5e7679aacc3d672e375cae1bd\"},\"headline\":\"Percep\u00e7\u00f5es dos Moradores do Morro da Formiga sobre o Rio Cascata: Mem\u00f3ria, Recupera\u00e7\u00e3o Ambiental e Perten\u00e7a Comunit\u00e1ria \u00e0s Margens de um Rio de Favela\",\"datePublished\":\"2023-06-30T12:37:23+00:00\",\"dateModified\":\"2023-09-14T14:12:42+00:00\",\"mainEntityOfPage\":{\"@id\":\"https:\/\/rioonwatch.org.br\/?p=63313\"},\"wordCount\":2374,\"publisher\":{\"@id\":\"https:\/\/rioonwatch.org.br\/#organization\"},\"image\":{\"@id\":\"https:\/\/rioonwatch.org.br\/?p=63313#primaryimage\"},\"thumbnailUrl\":\"https:\/\/rioonwatch.org.br\/wp-content\/uploads\/2022\/12\/Arte-original-por-Natalia-S.-Flores-scaled.jpg\",\"keywords\":[\"\u00e1gua\",\"biodiversidade\",\"direito \u00e0 \u00e1gua\",\"educa\u00e7\u00e3o ambiental\",\"esgoto\",\"Favela-Bairro\",\"Floresta da Tijuca\",\"Grande Tijuca\",\"hist\u00f3ria\",\"Justi\u00e7a Clim\u00e1tica\",\"Mem\u00f3rias Faveladas\",\"Morro da Formiga\",\"mudan\u00e7as clim\u00e1ticas\",\"Neglig\u00eancia do Estado\",\"polui\u00e7\u00e3o\",\"Racismo ambiental\",\"rios em favelas\",\"S\u00e9rie Apoiada pelo Centro Behner Stiefel\/SDSU\",\"Zona Norte\"],\"articleSection\":[\"*Destaque\",\"Den\u00fancias\",\"Escrito por Comunicadores Populares\",\"Justi\u00e7a Clim\u00e1tica\",\"Pol\u00edticas\",\"Sustentabilidade\"],\"inLanguage\":\"pt-BR\"},{\"@type\":\"WebPage\",\"@id\":\"https:\/\/rioonwatch.org.br\/?p=63313\",\"url\":\"https:\/\/rioonwatch.org.br\/?p=63313\",\"name\":\"Percep\u00e7\u00f5es dos Moradores do Morro da Formiga sobre o Rio Cascata: Mem\u00f3ria, Recupera\u00e7\u00e3o Ambiental e Perten\u00e7a Comunit\u00e1ria \u00e0s Margens de um Rio de Favela - RioOnWatch\",\"isPartOf\":{\"@id\":\"https:\/\/rioonwatch.org.br\/#website\"},\"primaryImageOfPage\":{\"@id\":\"https:\/\/rioonwatch.org.br\/?p=63313#primaryimage\"},\"image\":{\"@id\":\"https:\/\/rioonwatch.org.br\/?p=63313#primaryimage\"},\"thumbnailUrl\":\"https:\/\/rioonwatch.org.br\/wp-content\/uploads\/2022\/12\/Arte-original-por-Natalia-S.-Flores-scaled.jpg\",\"datePublished\":\"2023-06-30T12:37:23+00:00\",\"dateModified\":\"2023-09-14T14:12:42+00:00\",\"breadcrumb\":{\"@id\":\"https:\/\/rioonwatch.org.br\/?p=63313#breadcrumb\"},\"inLanguage\":\"pt-BR\",\"potentialAction\":[{\"@type\":\"ReadAction\",\"target\":[\"https:\/\/rioonwatch.org.br\/?p=63313\"]}]},{\"@type\":\"ImageObject\",\"inLanguage\":\"pt-BR\",\"@id\":\"https:\/\/rioonwatch.org.br\/?p=63313#primaryimage\",\"url\":\"https:\/\/rioonwatch.org.br\/wp-content\/uploads\/2022\/12\/Arte-original-por-Natalia-S.-Flores-scaled.jpg\",\"contentUrl\":\"https:\/\/rioonwatch.org.br\/wp-content\/uploads\/2022\/12\/Arte-original-por-Natalia-S.-Flores-scaled.jpg\",\"width\":2560,\"height\":1089,\"caption\":\"Arte original por Natalia S. Flores\"},{\"@type\":\"BreadcrumbList\",\"@id\":\"https:\/\/rioonwatch.org.br\/?p=63313#breadcrumb\",\"itemListElement\":[{\"@type\":\"ListItem\",\"position\":1,\"name\":\"In\u00edcio\",\"item\":\"https:\/\/rioonwatch.org.br\/\"},{\"@type\":\"ListItem\",\"position\":2,\"name\":\"Percep\u00e7\u00f5es dos Moradores do Morro da Formiga sobre o Rio Cascata: Mem\u00f3ria, Recupera\u00e7\u00e3o Ambiental e Perten\u00e7a Comunit\u00e1ria \u00e0s Margens de um Rio de Favela\"}]},{\"@type\":\"WebSite\",\"@id\":\"https:\/\/rioonwatch.org.br\/#website\",\"url\":\"https:\/\/rioonwatch.org.br\/\",\"name\":\"RioOnWatch\",\"description\":\"relatos das favelas cariocas\",\"publisher\":{\"@id\":\"https:\/\/rioonwatch.org.br\/#organization\"},\"potentialAction\":[{\"@type\":\"SearchAction\",\"target\":{\"@type\":\"EntryPoint\",\"urlTemplate\":\"https:\/\/rioonwatch.org.br\/?s={search_term_string}\"},\"query-input\":{\"@type\":\"PropertyValueSpecification\",\"valueRequired\":true,\"valueName\":\"search_term_string\"}}],\"inLanguage\":\"pt-BR\"},{\"@type\":\"Organization\",\"@id\":\"https:\/\/rioonwatch.org.br\/#organization\",\"name\":\"RioOnWatch\",\"url\":\"https:\/\/rioonwatch.org.br\/\",\"logo\":{\"@type\":\"ImageObject\",\"inLanguage\":\"pt-BR\",\"@id\":\"https:\/\/rioonwatch.org.br\/#\/schema\/logo\/image\/\",\"url\":\"https:\/\/rioonwatch.org.br\/wp-content\/uploads\/2021\/06\/RioOnWatchcabecalhoPT11anos-2.png\",\"contentUrl\":\"https:\/\/rioonwatch.org.br\/wp-content\/uploads\/2021\/06\/RioOnWatchcabecalhoPT11anos-2.png\",\"width\":779,\"height\":277,\"caption\":\"RioOnWatch\"},\"image\":{\"@id\":\"https:\/\/rioonwatch.org.br\/#\/schema\/logo\/image\/\"}},{\"@type\":\"Person\",\"@id\":\"https:\/\/rioonwatch.org.br\/#\/schema\/person\/feb227e5e7679aacc3d672e375cae1bd\",\"name\":\"Janaina Tavares\",\"image\":{\"@type\":\"ImageObject\",\"inLanguage\":\"pt-BR\",\"@id\":\"https:\/\/rioonwatch.org.br\/#\/schema\/person\/image\/\",\"url\":\"https:\/\/secure.gravatar.com\/avatar\/83bb5bb4f8b0c5ad63f35939640eaaa2?s=96&d=blank&r=g\",\"contentUrl\":\"https:\/\/secure.gravatar.com\/avatar\/83bb5bb4f8b0c5ad63f35939640eaaa2?s=96&d=blank&r=g\",\"caption\":\"Janaina Tavares\"},\"url\":\"https:\/\/rioonwatch.org.br\/?author=179\"}]}<\/script>\n<!-- \/ Yoast SEO plugin. -->","yoast_head_json":{"title":"Percep\u00e7\u00f5es dos Moradores do Morro da Formiga sobre o Rio Cascata: Mem\u00f3ria, Recupera\u00e7\u00e3o Ambiental e Perten\u00e7a Comunit\u00e1ria \u00e0s Margens de um Rio de Favela - RioOnWatch","robots":{"index":"index","follow":"follow","max-snippet":"max-snippet:-1","max-image-preview":"max-image-preview:large","max-video-preview":"max-video-preview:-1"},"canonical":"https:\/\/rioonwatch.org.br\/?p=63313","og_locale":"pt_BR","og_type":"article","og_title":"Percep\u00e7\u00f5es dos Moradores do Morro da Formiga sobre o Rio Cascata: Mem\u00f3ria, Recupera\u00e7\u00e3o Ambiental e Perten\u00e7a Comunit\u00e1ria \u00e0s Margens de um Rio de Favela - RioOnWatch","og_description":"Click Here for English Esta mat\u00e9ria\u00a0faz parte de uma\u00a0s\u00e9rie gerada por uma parceria com o\u00a0Digital Brazil Project\u00a0do\u00a0Centro Behner Stiefel de Estudos Brasileiros da Universidade Estadual de San Diego na Calif\u00f3rnia, para produzir mat\u00e9rias sobre a [...]","og_url":"https:\/\/rioonwatch.org.br\/?p=63313","og_site_name":"RioOnWatch","article_published_time":"2023-06-30T12:37:23+00:00","article_modified_time":"2023-09-14T14:12:42+00:00","og_image":[{"width":2560,"height":1089,"url":"https:\/\/rioonwatch.org.br\/wp-content\/uploads\/2022\/12\/Arte-original-por-Natalia-S.-Flores-scaled.jpg","type":"image\/jpeg"}],"author":"Janaina Tavares","twitter_card":"summary_large_image","twitter_misc":{"Escrito por":"Janaina Tavares","Est. tempo de leitura":"14 minutos"},"schema":{"@context":"https:\/\/schema.org","@graph":[{"@type":"Article","@id":"https:\/\/rioonwatch.org.br\/?p=63313#article","isPartOf":{"@id":"https:\/\/rioonwatch.org.br\/?p=63313"},"author":{"name":"Janaina Tavares","@id":"https:\/\/rioonwatch.org.br\/#\/schema\/person\/feb227e5e7679aacc3d672e375cae1bd"},"headline":"Percep\u00e7\u00f5es dos Moradores do Morro da Formiga sobre o Rio Cascata: Mem\u00f3ria, Recupera\u00e7\u00e3o Ambiental e Perten\u00e7a Comunit\u00e1ria \u00e0s Margens de um Rio de Favela","datePublished":"2023-06-30T12:37:23+00:00","dateModified":"2023-09-14T14:12:42+00:00","mainEntityOfPage":{"@id":"https:\/\/rioonwatch.org.br\/?p=63313"},"wordCount":2374,"publisher":{"@id":"https:\/\/rioonwatch.org.br\/#organization"},"image":{"@id":"https:\/\/rioonwatch.org.br\/?p=63313#primaryimage"},"thumbnailUrl":"https:\/\/rioonwatch.org.br\/wp-content\/uploads\/2022\/12\/Arte-original-por-Natalia-S.-Flores-scaled.jpg","keywords":["\u00e1gua","biodiversidade","direito \u00e0 \u00e1gua","educa\u00e7\u00e3o ambiental","esgoto","Favela-Bairro","Floresta da Tijuca","Grande Tijuca","hist\u00f3ria","Justi\u00e7a Clim\u00e1tica","Mem\u00f3rias Faveladas","Morro da Formiga","mudan\u00e7as clim\u00e1ticas","Neglig\u00eancia do Estado","polui\u00e7\u00e3o","Racismo ambiental","rios em favelas","S\u00e9rie Apoiada pelo Centro Behner Stiefel\/SDSU","Zona Norte"],"articleSection":["*Destaque","Den\u00fancias","Escrito por Comunicadores Populares","Justi\u00e7a Clim\u00e1tica","Pol\u00edticas","Sustentabilidade"],"inLanguage":"pt-BR"},{"@type":"WebPage","@id":"https:\/\/rioonwatch.org.br\/?p=63313","url":"https:\/\/rioonwatch.org.br\/?p=63313","name":"Percep\u00e7\u00f5es dos Moradores do Morro da Formiga sobre o Rio Cascata: Mem\u00f3ria, Recupera\u00e7\u00e3o Ambiental e Perten\u00e7a Comunit\u00e1ria \u00e0s Margens de um Rio de Favela - RioOnWatch","isPartOf":{"@id":"https:\/\/rioonwatch.org.br\/#website"},"primaryImageOfPage":{"@id":"https:\/\/rioonwatch.org.br\/?p=63313#primaryimage"},"image":{"@id":"https:\/\/rioonwatch.org.br\/?p=63313#primaryimage"},"thumbnailUrl":"https:\/\/rioonwatch.org.br\/wp-content\/uploads\/2022\/12\/Arte-original-por-Natalia-S.-Flores-scaled.jpg","datePublished":"2023-06-30T12:37:23+00:00","dateModified":"2023-09-14T14:12:42+00:00","breadcrumb":{"@id":"https:\/\/rioonwatch.org.br\/?p=63313#breadcrumb"},"inLanguage":"pt-BR","potentialAction":[{"@type":"ReadAction","target":["https:\/\/rioonwatch.org.br\/?p=63313"]}]},{"@type":"ImageObject","inLanguage":"pt-BR","@id":"https:\/\/rioonwatch.org.br\/?p=63313#primaryimage","url":"https:\/\/rioonwatch.org.br\/wp-content\/uploads\/2022\/12\/Arte-original-por-Natalia-S.-Flores-scaled.jpg","contentUrl":"https:\/\/rioonwatch.org.br\/wp-content\/uploads\/2022\/12\/Arte-original-por-Natalia-S.-Flores-scaled.jpg","width":2560,"height":1089,"caption":"Arte original por Natalia S. Flores"},{"@type":"BreadcrumbList","@id":"https:\/\/rioonwatch.org.br\/?p=63313#breadcrumb","itemListElement":[{"@type":"ListItem","position":1,"name":"In\u00edcio","item":"https:\/\/rioonwatch.org.br\/"},{"@type":"ListItem","position":2,"name":"Percep\u00e7\u00f5es dos Moradores do Morro da Formiga sobre o Rio Cascata: Mem\u00f3ria, Recupera\u00e7\u00e3o Ambiental e Perten\u00e7a Comunit\u00e1ria \u00e0s Margens de um Rio de Favela"}]},{"@type":"WebSite","@id":"https:\/\/rioonwatch.org.br\/#website","url":"https:\/\/rioonwatch.org.br\/","name":"RioOnWatch","description":"relatos das favelas cariocas","publisher":{"@id":"https:\/\/rioonwatch.org.br\/#organization"},"potentialAction":[{"@type":"SearchAction","target":{"@type":"EntryPoint","urlTemplate":"https:\/\/rioonwatch.org.br\/?s={search_term_string}"},"query-input":{"@type":"PropertyValueSpecification","valueRequired":true,"valueName":"search_term_string"}}],"inLanguage":"pt-BR"},{"@type":"Organization","@id":"https:\/\/rioonwatch.org.br\/#organization","name":"RioOnWatch","url":"https:\/\/rioonwatch.org.br\/","logo":{"@type":"ImageObject","inLanguage":"pt-BR","@id":"https:\/\/rioonwatch.org.br\/#\/schema\/logo\/image\/","url":"https:\/\/rioonwatch.org.br\/wp-content\/uploads\/2021\/06\/RioOnWatchcabecalhoPT11anos-2.png","contentUrl":"https:\/\/rioonwatch.org.br\/wp-content\/uploads\/2021\/06\/RioOnWatchcabecalhoPT11anos-2.png","width":779,"height":277,"caption":"RioOnWatch"},"image":{"@id":"https:\/\/rioonwatch.org.br\/#\/schema\/logo\/image\/"}},{"@type":"Person","@id":"https:\/\/rioonwatch.org.br\/#\/schema\/person\/feb227e5e7679aacc3d672e375cae1bd","name":"Janaina Tavares","image":{"@type":"ImageObject","inLanguage":"pt-BR","@id":"https:\/\/rioonwatch.org.br\/#\/schema\/person\/image\/","url":"https:\/\/secure.gravatar.com\/avatar\/83bb5bb4f8b0c5ad63f35939640eaaa2?s=96&d=blank&r=g","contentUrl":"https:\/\/secure.gravatar.com\/avatar\/83bb5bb4f8b0c5ad63f35939640eaaa2?s=96&d=blank&r=g","caption":"Janaina Tavares"},"url":"https:\/\/rioonwatch.org.br\/?author=179"}]}},"_links":{"self":[{"href":"https:\/\/rioonwatch.org.br\/index.php?rest_route=\/wp\/v2\/posts\/63313"}],"collection":[{"href":"https:\/\/rioonwatch.org.br\/index.php?rest_route=\/wp\/v2\/posts"}],"about":[{"href":"https:\/\/rioonwatch.org.br\/index.php?rest_route=\/wp\/v2\/types\/post"}],"author":[{"embeddable":true,"href":"https:\/\/rioonwatch.org.br\/index.php?rest_route=\/wp\/v2\/users\/179"}],"replies":[{"embeddable":true,"href":"https:\/\/rioonwatch.org.br\/index.php?rest_route=%2Fwp%2Fv2%2Fcomments&post=63313"}],"version-history":[{"count":84,"href":"https:\/\/rioonwatch.org.br\/index.php?rest_route=\/wp\/v2\/posts\/63313\/revisions"}],"predecessor-version":[{"id":70334,"href":"https:\/\/rioonwatch.org.br\/index.php?rest_route=\/wp\/v2\/posts\/63313\/revisions\/70334"}],"wp:featuredmedia":[{"embeddable":true,"href":"https:\/\/rioonwatch.org.br\/index.php?rest_route=\/wp\/v2\/media\/64797"}],"wp:attachment":[{"href":"https:\/\/rioonwatch.org.br\/index.php?rest_route=%2Fwp%2Fv2%2Fmedia&parent=63313"}],"wp:term":[{"taxonomy":"category","embeddable":true,"href":"https:\/\/rioonwatch.org.br\/index.php?rest_route=%2Fwp%2Fv2%2Fcategories&post=63313"},{"taxonomy":"post_tag","embeddable":true,"href":"https:\/\/rioonwatch.org.br\/index.php?rest_route=%2Fwp%2Fv2%2Ftags&post=63313"},{"taxonomy":"writer","embeddable":true,"href":"https:\/\/rioonwatch.org.br\/index.php?rest_route=%2Fwp%2Fv2%2Fwriter&post=63313"},{"taxonomy":"translator","embeddable":true,"href":"https:\/\/rioonwatch.org.br\/index.php?rest_route=%2Fwp%2Fv2%2Ftranslator&post=63313"},{"taxonomy":"source","embeddable":true,"href":"https:\/\/rioonwatch.org.br\/index.php?rest_route=%2Fwp%2Fv2%2Fsource&post=63313"},{"taxonomy":"ilustrador","embeddable":true,"href":"https:\/\/rioonwatch.org.br\/index.php?rest_route=%2Fwp%2Fv2%2Filustrador&post=63313"},{"taxonomy":"fotografo","embeddable":true,"href":"https:\/\/rioonwatch.org.br\/index.php?rest_route=%2Fwp%2Fv2%2Ffotografo&post=63313"}],"curies":[{"name":"wp","href":"https:\/\/api.w.org\/{rel}","templated":true}]}}