{"id":63336,"date":"2022-11-01T10:22:19","date_gmt":"2022-11-01T13:22:19","guid":{"rendered":"https:\/\/rioonwatch.org.br\/?p=63336"},"modified":"2023-03-10T12:34:57","modified_gmt":"2023-03-10T15:34:57","slug":"rede-favela-sustentavel-organiza-intercambio-no-dia-mundial-da-limpeza-com-a-cooperativa-de-reciclagem-transvida-na-vila-cruzeiro","status":"publish","type":"post","link":"https:\/\/rioonwatch.org.br\/?p=63336","title":{"rendered":"Rede Favela Sustent\u00e1vel Organiza Interc\u00e2mbio no Dia Mundial da Limpeza com Cooperativa de Reciclagem Transvida na Vila Cruzeiro [V\u00cdDEO]"},"content":{"rendered":"<p><iframe title=\"YouTube video player\" src=\"https:\/\/www.youtube.com\/embed\/MrN7-WEaxTU\" width=\"1120\" height=\"630\" frameborder=\"0\" allowfullscreen=\"allowfullscreen\"><span data-mce-type=\"bookmark\" style=\"display: inline-block; width: 0px; overflow: hidden; line-height: 0;\" class=\"mce_SELRES_start\">\ufeff<\/span><\/iframe><\/p>\n<h4 style=\"text-align: right;\"><em><strong><a href=\"https:\/\/bit.ly\/3tfDPdb\" target=\"_blank\" rel=\"noopener noreferrer\">Click Here for English<\/a><a href=\"https:\/\/bit.ly\/3tfDPdb\" target=\"_blank\" rel=\"noopener noreferrer\"><img decoding=\"async\" class=\"alignright wp-image-15790\" src=\"https:\/\/rioonwatch.org.br\/wp-content\/uploads\/2012\/08\/EN-standard-e1439583104716.jpg\" alt=\"\" width=\"20\" height=\"20\" \/><\/a><\/strong><\/em><\/h4>\n<p><span style=\"font-weight: 400;\">No dia 17 de setembro, Dia Mundial da Limpeza\u2014uma iniciativa internacional que incentiva a participa\u00e7\u00e3o em projetos de limpeza urbana\u2014integrantes da Rede Favela Sustent\u00e1vel (<a href=\"https:\/\/bit.ly\/RFSnoROW\" target=\"_blank\" rel=\"noopener\">RFS<\/a>) se uniram na <a href=\"http:\/\/bit.ly\/2m1TMEr\" target=\"_blank\" rel=\"noopener\">Vila Cruzeiro<\/a>, no <a href=\"https:\/\/bit.ly\/3f3adY2\" target=\"_blank\" rel=\"noopener\">Complexo da Penha<\/a>, na <a href=\"http:\/\/bit.ly\/2ETpYR1\" target=\"_blank\" rel=\"noopener\">Zona Norte<\/a> do Rio de Janeiro, para apoiar a <a href=\"http:\/\/bit.ly\/33LkbHI\" target=\"_blank\" rel=\"noopener\">Cooperativa de Reciclagem Transvida<\/a> no CIEP Escola Estadual Jos\u00e9 Carlos Brand\u00e3o Monteiro, para um dia focado em res\u00edduos s\u00f3lidos.<\/span><\/p>\n<p><span style=\"font-weight: 400;\"><a href=\"https:\/\/bit.ly\/IntercambioRFSTransvidaVideo\" target=\"_blank\" rel=\"noopener\">Foram realizadas<\/a> oficinas sobre compostagem, produ\u00e7\u00e3o de artesanato reciclado, jardinagem vertical, entre outras, com 113 pessoas presentes. A primeira cartilha para membros da RFS foi <a href=\"https:\/\/bit.ly\/CartilhaRFSTransvida\" target=\"_blank\" rel=\"noopener\">lan\u00e7ada em apoio \u00e0 Cooperativa Transvida<\/a>, com integrantes da rede distribuindo mais de 100 exemplares enquanto andavam pela comunidade ao final das atividades do dia.<\/span><\/p>\n<figure id=\"attachment_63419\" aria-describedby=\"caption-attachment-63419\" style=\"width: 500px\" class=\"wp-caption alignright\"><a href=\"https:\/\/rioonwatch.org.br\/wp-content\/uploads\/2022\/10\/Ilaci-Oliveira.jpg\"><img fetchpriority=\"high\" decoding=\"async\" class=\"wp-image-63419\" title=\"Ilaci Oliveira apresenta a cooperativa Transvida\" src=\"https:\/\/rioonwatch.org.br\/wp-content\/uploads\/2022\/10\/Ilaci-Oliveira.jpg\" alt=\"Ilaci Oliveira apresenta a cooperativa Transvida\" width=\"500\" height=\"321\" srcset=\"https:\/\/rioonwatch.org.br\/wp-content\/uploads\/2022\/10\/Ilaci-Oliveira.jpg 1024w, https:\/\/rioonwatch.org.br\/wp-content\/uploads\/2022\/10\/Ilaci-Oliveira-620x398.jpg 620w, https:\/\/rioonwatch.org.br\/wp-content\/uploads\/2022\/10\/Ilaci-Oliveira-979x629.jpg 979w\" sizes=\"(max-width: 500px) 100vw, 500px\" \/><\/a><figcaption id=\"caption-attachment-63419\" class=\"wp-caption-text\">Ilaci Oliveira apresenta a Cooperativa Transvida<\/figcaption><\/figure>\n<p><span style=\"font-weight: 400;\">Ilaci Oliveira Luiz abriu o interc\u00e2mbio apresentando a Cooperativa Transvida, uma iniciativa socioambiental que, como ela descreve, trabalha com a coleta e reciclagem de res\u00edduos, garantindo aos <\/span><a href=\"https:\/\/bit.ly\/2Je2zio\" target=\"_blank\" rel=\"noopener\"><span style=\"font-weight: 400;\">catadores<\/span><\/a><span style=\"font-weight: 400;\">, que se encontram entre os moradores mais vulner\u00e1veis da comunidade, uma fonte mais confi\u00e1vel de renda.<\/span><\/p>\n<p><span style=\"font-weight: 400;\">Durante o desenvolvimento do Transvida, Ilaci percebeu que muitos dos filhos de catadores de materiais recicl\u00e1veis acompanhavam seus pais para ajudar com a coleta. Ent\u00e3o, ela fundou o <a href=\"http:\/\/bit.ly\/33LkbHI\" target=\"_blank\" rel=\"noopener\">Instituto Nacional Lar dos Sonhos<\/a> para educar e engajar crian\u00e7as de 250 fam\u00edlias da Vila Cruzeiro, entre 3 e 16 anos. O objetivo dela \u00e9 \u201cmudar o rumo das pr\u00f3ximas gera\u00e7\u00f5es\u201d.<\/span><\/p>\n<blockquote><p><span style=\"font-weight: 400;\">&#8220;O meu principal objetivo aqui neste trabalho \u00e9 ver a constru\u00e7\u00e3o local para poder acolher estes catadores. Porque somos catadores mas n\u00f3s n\u00e3o temos o nosso espa\u00e7o! Nem o espa\u00e7o do Lar dos Sonhos&#8230; \u00c9 um lar, por isso que se chama Lar dos Sonhos, mas o local \u00e9 prec\u00e1rio. Mas essa dificuldade que n\u00f3s temos pode ser resolvida s\u00f3 com a nossa constru\u00e7\u00e3o, isso \u00e9 uma demanda de primeira! Estamos h\u00e1 11, 12 anos nessa puxada&#8230; N\u00f3s somos for\u00e7a, foco e poder!&#8221; \u2014 Ilaci Oliveira<\/span><\/p><\/blockquote>\n<p><span style=\"font-weight: 400;\">A emocionante abertura foi seguida do lan\u00e7amento da <a href=\"https:\/\/bit.ly\/CartilhaRFSTransvida\" target=\"_blank\" rel=\"noopener\">primeira cartilha para integrantes comunit\u00e1rios mapeados pela RFS<\/a>. Foi uma demanda da Cooperativa Transvida e foca em reciclagem, res\u00edduos s\u00f3lidos e na pr\u00f3pria cooperativa. <\/span><span style=\"font-weight: 400;\">A cartilha\u2014e todas as outras que ser\u00e3o elaboradas com integrantes da RFS\u2014foi uma sugest\u00e3o inicialmente da Ilaci, em 2021, que todos os <a href=\"http:\/\/mapa.favelasustentavel.org\/\" target=\"_blank\" rel=\"noopener\">integrantes mapeados da RFS<\/a> tivessem um material impresso ligando seus projetos \u00e0 rede como forma de educar a comunidade e apoiadores.<\/span><\/p>\n<p><span style=\"font-weight: 400;\">Em seguida, os jovens presentes se separaram do grupo principal para uma oficina de artesanato enquanto as lideran\u00e7as comunit\u00e1rias da Rede Favela Sustent\u00e1vel realizaram uma roda de apresenta\u00e7\u00f5es antes de darem in\u00edcio \u00e0s oficinas do dia.<\/span><\/p>\n<figure id=\"attachment_63420\" aria-describedby=\"caption-attachment-63420\" style=\"width: 1030px\" class=\"wp-caption aligncenter\"><a href=\"https:\/\/rioonwatch.org.br\/wp-content\/uploads\/2022\/10\/Grupo-de-manha.jpg\"><img decoding=\"async\" class=\"wp-image-63420\" title=\"Roda de apresenta\u00e7\u00e3o das lideran\u00e7as da Rede Favela Sustent\u00e1vel\" src=\"https:\/\/rioonwatch.org.br\/wp-content\/uploads\/2022\/10\/Grupo-de-manha.jpg\" alt=\"Roda de apresenta\u00e7\u00e3o das lideran\u00e7as da Rede Favela Sustent\u00e1vel\" width=\"1030\" height=\"370\" srcset=\"https:\/\/rioonwatch.org.br\/wp-content\/uploads\/2022\/10\/Grupo-de-manha.jpg 2047w, https:\/\/rioonwatch.org.br\/wp-content\/uploads\/2022\/10\/Grupo-de-manha-620x223.jpg 620w, https:\/\/rioonwatch.org.br\/wp-content\/uploads\/2022\/10\/Grupo-de-manha-1536x552.jpg 1536w\" sizes=\"(max-width: 1030px) 100vw, 1030px\" \/><\/a><figcaption id=\"caption-attachment-63420\" class=\"wp-caption-text\">Roda de apresenta\u00e7\u00e3o das lideran\u00e7as da Rede Favela Sustent\u00e1vel<\/figcaption><\/figure>\n<p><span style=\"font-weight: 400;\">A primeira oficina foi realizada por Dona Josefa, mobilizadora comunit\u00e1ria da organiza\u00e7\u00e3o Verdejar, do Complexo do Alem\u00e3o. Dona Josefa apresentou os princ\u00edpios b\u00e1sicos da compostagem. Ela misturou uma camada de terra com res\u00edduos org\u00e2nicos de alimentos e depois cobriu com folhas, enquanto respondia \u00e0s perguntas que iam surgindo. \u201cComida n\u00e3o \u00e9 lixo\u201d, explicou, \u201cSe mais gente fizesse compostagem, haveria muito menos lixo nas ruas.\u201d<\/span><\/p>\n<blockquote><p><span style=\"font-weight: 400;\">&#8220;Temos que conscientizar as pessoas a separar todos os seus res\u00edduos, n\u00e3o s\u00f3 os adultos, como tamb\u00e9m as crian\u00e7as. Cada um deve ter responsabilidade sobre seus res\u00edduos, que a gente chama de lixo, mas n\u00e3o \u00e9 lixo, s\u00e3o res\u00edduos!&#8221; \u2014 Dona Josefa<\/span><\/p><\/blockquote>\n<figure id=\"attachment_63421\" aria-describedby=\"caption-attachment-63421\" style=\"width: 1030px\" class=\"wp-caption aligncenter\"><a href=\"https:\/\/rioonwatch.org.br\/wp-content\/uploads\/2022\/10\/Dona-Josefa-apresenta.jpg\"><img loading=\"lazy\" decoding=\"async\" class=\"wp-image-63421\" title=\"Dona Josefa apresentou os princ\u00edpios b\u00e1sicos da compostagem\" src=\"https:\/\/rioonwatch.org.br\/wp-content\/uploads\/2022\/10\/Dona-Josefa-apresenta.jpg\" alt=\"Dona Josefa apresentou os princ\u00edpios b\u00e1sicos da compostagem\" width=\"1030\" height=\"363\" srcset=\"https:\/\/rioonwatch.org.br\/wp-content\/uploads\/2022\/10\/Dona-Josefa-apresenta.jpg 2047w, https:\/\/rioonwatch.org.br\/wp-content\/uploads\/2022\/10\/Dona-Josefa-apresenta-620x218.jpg 620w, https:\/\/rioonwatch.org.br\/wp-content\/uploads\/2022\/10\/Dona-Josefa-apresenta-1536x541.jpg 1536w\" sizes=\"(max-width: 1030px) 100vw, 1030px\" \/><\/a><figcaption id=\"caption-attachment-63421\" class=\"wp-caption-text\">Dona Josefa apresentou os princ\u00edpios b\u00e1sicos da compostagem<\/figcaption><\/figure>\n<p>A Ilaci ministrou uma oficina para crian\u00e7as de instrumentos musicais a partir da reutiliza\u00e7\u00e3o de alguns res\u00edduos. Mini-garrafas PET foram personalizadas pelas crian\u00e7as com pintura, adesivos, fitas, brilho e ao final preenchidas com um pouco de arroz, assim, criando uma s\u00e9rie de chocalhos.<\/p>\n<p><span style=\"font-weight: 400;\">Um almo\u00e7o diversificado, em parte produzido localmente e evitando o desperd\u00edcio, foi servido por um grupo de mulheres liderado por Ana Santos do Centro de Integra\u00e7\u00e3o da Serra da Miseric\u00f3rdia (<a href=\"https:\/\/bit.ly\/3dIB8Ia\" target=\"_blank\" rel=\"noopener\">CEM<\/a>). <\/span>Ana liderou um <a href=\"https:\/\/bit.ly\/3fOu5Da\" target=\"_blank\" rel=\"noopener\">interc\u00e2mbio da RFS no m\u00eas passado<\/a><span style=\"font-weight: 400;\">. Ap\u00f3s trabalhar com a diretora da escola que sediou o evento, Rachel de Lima, e merendeiras para produzir um almo\u00e7o saud\u00e1vel e vegetariano, Ana deu in\u00edcio a uma roda de canto.<\/span><\/p>\n<blockquote><p><span style=\"font-weight: 400;\">&#8220;No momento da cozinha, a gente primeiro est\u00e1 falando de uma cozinha de afeto, porque somos todas mulheres. E de uma cozinha de mais afeto ainda porque \u00e9 dentro de uma escola! A alimenta\u00e7\u00e3o escolar \u00e9 a alimenta\u00e7\u00e3o mais importante para um aluno, para um estudante que mora na favela.&#8221; \u2014 Ana Santos<\/span><\/p><\/blockquote>\n<figure id=\"attachment_63431\" aria-describedby=\"caption-attachment-63431\" style=\"width: 1030px\" class=\"wp-caption aligncenter\"><a href=\"https:\/\/rioonwatch.org.br\/wp-content\/uploads\/2022\/10\/Elza-Amaral-CIEP-Ana-Santos-CEM-Selma-Crispiniano-CIEP-Elizabeth-Daiane-Nava-Cooperativa-Transvida-e-Sandra-de-Moura-Lar-dos-Sonhos.jpg\"><img loading=\"lazy\" decoding=\"async\" class=\"wp-image-63431\" title=\"Elza Amaral (CIEP), Ana Santos (CEM), Selma Crispiniano (CIEP), Elizabeth, Daiane Nava (Cooperativa Transvida) e Sandra de Moura (Lar dos Sonhos)\" src=\"https:\/\/rioonwatch.org.br\/wp-content\/uploads\/2022\/10\/Elza-Amaral-CIEP-Ana-Santos-CEM-Selma-Crispiniano-CIEP-Elizabeth-Daiane-Nava-Cooperativa-Transvida-e-Sandra-de-Moura-Lar-dos-Sonhos.jpg\" alt=\"Elza Amaral (CIEP), Ana Santos (CEM), Selma Crispiniano (CIEP), Elizabeth, Daiane Nava (Cooperativa Transvida) e Sandra de Moura (Lar dos Sonhos)\" width=\"1030\" height=\"269\" srcset=\"https:\/\/rioonwatch.org.br\/wp-content\/uploads\/2022\/10\/Elza-Amaral-CIEP-Ana-Santos-CEM-Selma-Crispiniano-CIEP-Elizabeth-Daiane-Nava-Cooperativa-Transvida-e-Sandra-de-Moura-Lar-dos-Sonhos.jpg 2048w, https:\/\/rioonwatch.org.br\/wp-content\/uploads\/2022\/10\/Elza-Amaral-CIEP-Ana-Santos-CEM-Selma-Crispiniano-CIEP-Elizabeth-Daiane-Nava-Cooperativa-Transvida-e-Sandra-de-Moura-Lar-dos-Sonhos-620x162.jpg 620w, https:\/\/rioonwatch.org.br\/wp-content\/uploads\/2022\/10\/Elza-Amaral-CIEP-Ana-Santos-CEM-Selma-Crispiniano-CIEP-Elizabeth-Daiane-Nava-Cooperativa-Transvida-e-Sandra-de-Moura-Lar-dos-Sonhos-1536x401.jpg 1536w\" sizes=\"(max-width: 1030px) 100vw, 1030px\" \/><\/a><figcaption id=\"caption-attachment-63431\" class=\"wp-caption-text\">Elza Amaral (CIEP), Ana Santos (CEM), Selma Crispiniano (CIEP), Elizabeth, Daiane Nava (Cooperativa Transvida) e Sandra de Moura (Lar dos Sonhos)<\/figcaption><\/figure>\n<p><span style=\"font-weight: 400;\">Depois do almo\u00e7o, Fatima de Castro Clemente, uma eco-designer e educadora ambiental que faz parte do projeto Horta Caseira na Laje, ensinou a criar uma horta com pouco espa\u00e7o e dinheiro. Usando garrafas PET e um peda\u00e7o de corda, ela mostrou como temperos e verduras podem ser plantados em casa. Quando questionada sobre o que a motiva, ela disse que acredita que \u201co problema do Rio \u00e9 o lixo,\u201d e que \u201ca jardinagem pode ser uma ferramenta para a <a href=\"https:\/\/bit.ly\/3l8x5bZ\" target=\"_blank\" rel=\"noopener\">educa\u00e7\u00e3o ambiental<\/a>\u201d.<\/span><\/p>\n<figure id=\"attachment_63423\" aria-describedby=\"caption-attachment-63423\" style=\"width: 1030px\" class=\"wp-caption aligncenter\"><a href=\"https:\/\/rioonwatch.org.br\/wp-content\/uploads\/2022\/10\/Fatima-de-Castro-Clemente-uma-eco-designer-e-educadora-ambiental-ensinou-a-criar-uma-horta-com-pouco-espaco-e-dinheiro..jpg\"><img loading=\"lazy\" decoding=\"async\" class=\"wp-image-63423\" title=\"Fatima de Castro Clemente, uma eco-designer e educadora ambiental, ensinou a criar uma horta com pouco espa\u00e7o e dinheiro.\" src=\"https:\/\/rioonwatch.org.br\/wp-content\/uploads\/2022\/10\/Fatima-de-Castro-Clemente-uma-eco-designer-e-educadora-ambiental-ensinou-a-criar-uma-horta-com-pouco-espaco-e-dinheiro..jpg\" alt=\"Fatima de Castro Clemente, uma eco-designer e educadora ambiental, ensinou a criar uma horta com pouco espa\u00e7o e dinheiro.\" width=\"1030\" height=\"525\" srcset=\"https:\/\/rioonwatch.org.br\/wp-content\/uploads\/2022\/10\/Fatima-de-Castro-Clemente-uma-eco-designer-e-educadora-ambiental-ensinou-a-criar-uma-horta-com-pouco-espaco-e-dinheiro..jpg 2048w, https:\/\/rioonwatch.org.br\/wp-content\/uploads\/2022\/10\/Fatima-de-Castro-Clemente-uma-eco-designer-e-educadora-ambiental-ensinou-a-criar-uma-horta-com-pouco-espaco-e-dinheiro.-620x316.jpg 620w, https:\/\/rioonwatch.org.br\/wp-content\/uploads\/2022\/10\/Fatima-de-Castro-Clemente-uma-eco-designer-e-educadora-ambiental-ensinou-a-criar-uma-horta-com-pouco-espaco-e-dinheiro.-1234x629.jpg 1234w\" sizes=\"(max-width: 1030px) 100vw, 1030px\" \/><\/a><figcaption id=\"caption-attachment-63423\" class=\"wp-caption-text\">Fatima de Castro Clemente, uma eco-designer e educadora ambiental, ensinou a criar uma horta com pouco espa\u00e7o e dinheiro.<\/figcaption><\/figure>\n<figure id=\"attachment_63424\" aria-describedby=\"caption-attachment-63424\" style=\"width: 300px\" class=\"wp-caption alignright\"><a href=\"https:\/\/rioonwatch.org.br\/wp-content\/uploads\/2022\/10\/Oficina-Abayomi.jpg\"><img loading=\"lazy\" decoding=\"async\" class=\"wp-image-63424\" title=\"Oficina Abayomi\" src=\"https:\/\/rioonwatch.org.br\/wp-content\/uploads\/2022\/10\/Oficina-Abayomi.jpg\" alt=\"Oficina Abayomi\" width=\"300\" height=\"398\" srcset=\"https:\/\/rioonwatch.org.br\/wp-content\/uploads\/2022\/10\/Oficina-Abayomi.jpg 1506w, https:\/\/rioonwatch.org.br\/wp-content\/uploads\/2022\/10\/Oficina-Abayomi-467x620.jpg 467w, https:\/\/rioonwatch.org.br\/wp-content\/uploads\/2022\/10\/Oficina-Abayomi-474x629.jpg 474w\" sizes=\"(max-width: 300px) 100vw, 300px\" \/><\/a><figcaption id=\"caption-attachment-63424\" class=\"wp-caption-text\">Oficina Abayomi<\/figcaption><\/figure>\n<p><span style=\"font-weight: 400;\">Outra volunt\u00e1ria, Katia Freire, ministrou uma oficina para crian\u00e7as de bonecas Abayomi com retalhos de pano. Juntamente com o processo de fazer as bonecas afro, foi realizada uma conta\u00e7\u00e3o de hist\u00f3rias sobre como elas surgiram. Contam os livros que mulheres escravizadas tiravam retalhos de suas pr\u00f3prias roupas para criar bonecas e acalentar seus filhos ou as crian\u00e7as que moravam nas senzalas. A oficina trouxe o reconhecimento da hist\u00f3ria e do corpo preto junto com a reutiliza\u00e7\u00e3o de materiais, estimulando a criatividade e a alegria das crian\u00e7as.<\/span><\/p>\n<p><span style=\"font-weight: 400;\">A \u00faltima oficina do dia foi organizada por Valdirene Milit\u00e3o do <a href=\"https:\/\/bit.ly\/3eoyWL6\" target=\"_blank\" rel=\"noopener\">Projeto Ricardo Barriga<\/a>, que mostrou como criar bijuterias coloridas a partir de c\u00e1psulas de caf\u00e9, ilustrando como criar um empreendimento pr\u00f3prio a partir da reutiliza\u00e7\u00e3o do que j\u00e1 est\u00e1 dispon\u00edvel.<\/span><\/p>\n<blockquote><p><span style=\"font-weight: 400;\">&#8220;O lixo n\u00e3o sai do planeta! At\u00e9 porque a gente s\u00f3 tem um planeta e ele j\u00e1 est\u00e1 muito cheio. Ent\u00e3o a gente precisa olhar para o que chamamos de lixo, que \u00e9 aquilo que n\u00e3o serve para mais nada, que n\u00e3o d\u00e1 para ser transformado em nada, e saber o que n\u00f3s vamos fazer com todo esse material. O que n\u00f3s podemos fazer para poder estar gerando renda? Olhar para aquilo que as pessoas chamam de lixo como pot\u00eancia!&#8221; \u2014 Valdirene Milit\u00e3o<\/span><\/p><\/blockquote>\n<figure id=\"attachment_63425\" aria-describedby=\"caption-attachment-63425\" style=\"width: 1030px\" class=\"wp-caption aligncenter\"><a href=\"https:\/\/rioonwatch.org.br\/wp-content\/uploads\/2022\/10\/Valdirene-Militao-do-Projeto-Ricardo-Barriga-liderou-oficina-que-demonstrou-como-criar-bijuterias-coloridas-a-partir-de-capsulas-de-cafe.jpg\"><img loading=\"lazy\" decoding=\"async\" class=\"wp-image-63425\" title=\"Valdirene Milit\u00e3o do Projeto Ricardo Barriga liderou oficina que demonstrou como criar bijuterias coloridas a partir de c\u00e1psulas de caf\u00e9\" src=\"https:\/\/rioonwatch.org.br\/wp-content\/uploads\/2022\/10\/Valdirene-Militao-do-Projeto-Ricardo-Barriga-liderou-oficina-que-demonstrou-como-criar-bijuterias-coloridas-a-partir-de-capsulas-de-cafe.jpg\" alt=\"Valdirene Milit\u00e3o do Projeto Ricardo Barriga liderou oficina que demonstrou como criar bijuterias coloridas a partir de c\u00e1psulas de caf\u00e9\" width=\"1030\" height=\"537\" srcset=\"https:\/\/rioonwatch.org.br\/wp-content\/uploads\/2022\/10\/Valdirene-Militao-do-Projeto-Ricardo-Barriga-liderou-oficina-que-demonstrou-como-criar-bijuterias-coloridas-a-partir-de-capsulas-de-cafe.jpg 2048w, https:\/\/rioonwatch.org.br\/wp-content\/uploads\/2022\/10\/Valdirene-Militao-do-Projeto-Ricardo-Barriga-liderou-oficina-que-demonstrou-como-criar-bijuterias-coloridas-a-partir-de-capsulas-de-cafe-620x323.jpg 620w, https:\/\/rioonwatch.org.br\/wp-content\/uploads\/2022\/10\/Valdirene-Militao-do-Projeto-Ricardo-Barriga-liderou-oficina-que-demonstrou-como-criar-bijuterias-coloridas-a-partir-de-capsulas-de-cafe-1206x629.jpg 1206w\" sizes=\"(max-width: 1030px) 100vw, 1030px\" \/><\/a><figcaption id=\"caption-attachment-63425\" class=\"wp-caption-text\">Valdirene Milit\u00e3o do Projeto Ricardo Barriga liderou oficina que demonstra como criar brincos coloridos a partir de c\u00e1psulas de caf\u00e9<\/figcaption><\/figure>\n<p><span style=\"font-weight: 400;\">As oficinas foram seguidas por uma discuss\u00e3o liderada por Fabbi Silva, coordenadora de mobiliza\u00e7\u00e3o da <a href=\"http:\/\/bit.ly\/2qmYcYQ\" target=\"_blank\" rel=\"noopener\">Casa Fluminense<\/a>, uma organiza\u00e7\u00e3o metropolitana que, al\u00e9m de outras atividades de incid\u00eancia pol\u00edtica, <a href=\"https:\/\/bit.ly\/3hLMOLD\" target=\"_blank\" rel=\"noopener\">mapeia a injusti\u00e7a e desigualdade social no Grande Rio<\/a>. Fabbi convidou os mobilizadores comunit\u00e1rios presentes para formarem grupos por regi\u00e3o e discutirem problemas como a gest\u00e3o de res\u00edduos em seus respectivos territ\u00f3rios. Um participante falou sobre como a empresa municipal respons\u00e1vel pela coleta de res\u00edduos administra mal os materiais separados pelos moradores: \u201cAs pessoas separam o seu lixo, mas quando ele \u00e9 coletado \u00e9 misturado de novo.\u201d Outra lideran\u00e7a sugeriu a mobiliza\u00e7\u00e3o comunit\u00e1ria atrav\u00e9s das redes sociais, onde moradores possam discutir os problemas enfrentados pelas comunidades com rela\u00e7\u00e3o ao lixo.<\/span><\/p>\n<figure id=\"attachment_63426\" aria-describedby=\"caption-attachment-63426\" style=\"width: 1030px\" class=\"wp-caption aligncenter\"><a href=\"https:\/\/rioonwatch.org.br\/wp-content\/uploads\/2022\/10\/Debate-com-Fabbi-Silva.jpg\"><img loading=\"lazy\" decoding=\"async\" class=\"wp-image-63426\" title=\"Debate com Fabbi Silva, coordenadora de mobiliza\u00e7\u00e3o da Casa Fluminense, que convidou as dezenas de mobilizadores comunit\u00e1rios presentes a formarem grupos por regi\u00e3o e discutirem problemas como a gest\u00e3o de res\u00edduos.\" src=\"https:\/\/rioonwatch.org.br\/wp-content\/uploads\/2022\/10\/Debate-com-Fabbi-Silva.jpg\" alt=\"Debate com Fabbi Silva, coordenadora de mobiliza\u00e7\u00e3o da Casa Fluminense, que convidou as dezenas de mobilizadores comunit\u00e1rios presentes a formarem grupos por regi\u00e3o e discutirem problemas como a gest\u00e3o de res\u00edduos.\" width=\"1030\" height=\"776\" srcset=\"https:\/\/rioonwatch.org.br\/wp-content\/uploads\/2022\/10\/Debate-com-Fabbi-Silva.jpg 2048w, https:\/\/rioonwatch.org.br\/wp-content\/uploads\/2022\/10\/Debate-com-Fabbi-Silva-620x467.jpg 620w, https:\/\/rioonwatch.org.br\/wp-content\/uploads\/2022\/10\/Debate-com-Fabbi-Silva-835x629.jpg 835w, https:\/\/rioonwatch.org.br\/wp-content\/uploads\/2022\/10\/Debate-com-Fabbi-Silva-326x245.jpg 326w, https:\/\/rioonwatch.org.br\/wp-content\/uploads\/2022\/10\/Debate-com-Fabbi-Silva-80x60.jpg 80w\" sizes=\"(max-width: 1030px) 100vw, 1030px\" \/><\/a><figcaption id=\"caption-attachment-63426\" class=\"wp-caption-text\">Debate com Fabbi Silva, coordenadora de mobiliza\u00e7\u00e3o da Casa Fluminense, que convidou os mobilizadores comunit\u00e1rios presentes a formarem grupos por regi\u00e3o e discutirem problemas como a gest\u00e3o de res\u00edduos.<\/figcaption><\/figure>\n<p><span style=\"font-weight: 400;\">Enquanto isso, ao final do dia, uma dupla de grafiteiros\u2014Andr\u00e9 Rongo do <a href=\"http:\/\/bit.ly\/2HHrYwa\" target=\"_blank\" rel=\"noopener\">Museu do Graffiti<\/a> e Filipin Carioca\u2014se juntou ao evento para pintar um mural na escola. Combinando arte e reciclagem, a interven\u00e7\u00e3o art\u00edstica chamou aten\u00e7\u00e3o para o tema da reciclagem, envolvendo crian\u00e7as e o espa\u00e7o educacional na discuss\u00e3o. A arte permaneceu registrada com suas cores vivas e formas em uma parede do p\u00e1tio coberto da escola: em linguagem de sinais \u201cRede Favela Sustent\u00e1vel&#8221; com a palavra \u201cReciclagem\u201d.<\/span><\/p>\n<figure id=\"attachment_63427\" aria-describedby=\"caption-attachment-63427\" style=\"width: 1030px\" class=\"wp-caption aligncenter\"><a href=\"https:\/\/rioonwatch.org.br\/wp-content\/uploads\/2022\/10\/Mural-RFS.png\"><img loading=\"lazy\" decoding=\"async\" class=\"wp-image-63427\" title=\"Mural RFS\" src=\"https:\/\/rioonwatch.org.br\/wp-content\/uploads\/2022\/10\/Mural-RFS.png\" alt=\"Mural RFS\" width=\"1030\" height=\"306\" srcset=\"https:\/\/rioonwatch.org.br\/wp-content\/uploads\/2022\/10\/Mural-RFS.png 2031w, https:\/\/rioonwatch.org.br\/wp-content\/uploads\/2022\/10\/Mural-RFS-620x184.png 620w, https:\/\/rioonwatch.org.br\/wp-content\/uploads\/2022\/10\/Mural-RFS-1536x456.png 1536w\" sizes=\"(max-width: 1030px) 100vw, 1030px\" \/><\/a><figcaption id=\"caption-attachment-63427\" class=\"wp-caption-text\">Mural RFS por Andr\u00e9 Rongo e parceiro<\/figcaption><\/figure>\n<figure id=\"attachment_63428\" aria-describedby=\"caption-attachment-63428\" style=\"width: 300px\" class=\"wp-caption alignright\"><a href=\"https:\/\/rioonwatch.org.br\/wp-content\/uploads\/2022\/10\/Graffiti-processo.jpg\"><img loading=\"lazy\" decoding=\"async\" class=\"wp-image-63428\" title=\"Grafite sendo feito por crian\u00e7as da comunidade.\" src=\"https:\/\/rioonwatch.org.br\/wp-content\/uploads\/2022\/10\/Graffiti-processo.jpg\" alt=\"Grafite sendo feito por crian\u00e7as da comunidade.\" width=\"300\" height=\"226\" srcset=\"https:\/\/rioonwatch.org.br\/wp-content\/uploads\/2022\/10\/Graffiti-processo.jpg 800w, https:\/\/rioonwatch.org.br\/wp-content\/uploads\/2022\/10\/Graffiti-processo-620x467.jpg 620w, https:\/\/rioonwatch.org.br\/wp-content\/uploads\/2022\/10\/Graffiti-processo-678x509.jpg 678w, https:\/\/rioonwatch.org.br\/wp-content\/uploads\/2022\/10\/Graffiti-processo-326x245.jpg 326w, https:\/\/rioonwatch.org.br\/wp-content\/uploads\/2022\/10\/Graffiti-processo-80x60.jpg 80w\" sizes=\"(max-width: 300px) 100vw, 300px\" \/><\/a><figcaption id=\"caption-attachment-63428\" class=\"wp-caption-text\">Grafite sendo feito por crian\u00e7as da comunidade.<\/figcaption><\/figure>\n<p><span style=\"font-weight: 400;\">Por fim, ao final do dia, Ilaci Oliveira conduziu os participantes do interc\u00e2mbio pela Vila Cruzeiro, onde mais de 100 <a href=\"https:\/\/bit.ly\/CartilhaRFSTransvida\" target=\"_blank\" rel=\"noopener\">cartilhas educacionais da Transvida<\/a> lan\u00e7adas pela manh\u00e3, foram distribu\u00eddas para os moradores. O grupo terminou o percurso na sede do Lar dos Sonhos, onde Ilaci e outros volunt\u00e1rios apoiam centenas de jovens da comunidade com in\u00fameras atividades buscando conduzi-los por melhores caminhos futuros. L\u00e1, ela compartilhou uma reflex\u00e3o sincera e emocionante sobre as crian\u00e7as que a organiza\u00e7\u00e3o ajudou a entrar para a universidade e que agora trabalham para ajudar a comunidade, e outras que n\u00e3o puderam ter um futuro melhor devido \u00e0s dif\u00edceis circunst\u00e2ncias enfrentadas. Este dia havia sido inicialmente programado para o in\u00edcio de junho, mas precisou ser adiado em virtude da Vila Cruzeiro <a href=\"https:\/\/bit.ly\/3MSQ5bE\" target=\"_blank\" rel=\"noopener\">ter sofrido a segunda chacina policial mais letal<\/a> da hist\u00f3ria do Rio de Janeiro.<\/span><\/p>\n<p><span style=\"font-weight: 400;\">Com o anoitecer chegando, o grupo fez seu caminho de volta \u00e0 escola, levando reflex\u00f5es sobre como o compartilhamento de conhecimentos, sensibilidades e criatividade pode promover um futuro mais justo e sustent\u00e1vel.<\/span><\/p>\n<h3>Assista ao v\u00eddeo do interc\u00e2mbio <a href=\"https:\/\/bit.ly\/IntercambioRFSTransvidaVideo\" target=\"_blank\" rel=\"noopener\">aqui<\/a>.<\/h3>\n<h3>N\u00e3o perca nossa apresenta\u00e7\u00e3o de slides abaixo ou clique <a href=\"https:\/\/bit.ly\/IntercambioRFSTransvidaFotos\" target=\"_blank\" rel=\"noopener noreferrer\">aqui<\/a> para ver no Flickr:<\/h3>\n<p><iframe src=\"http:\/\/www.flickr.com\/slideShow\/index.gne?group_id=&amp;user_id=25093702@N00&amp;set_id=72177720302819489&amp;amp\" width=\"1030\" height=\"700\" frameborder=\"0\" scrolling=\"no\" align=\"center\"><span data-mce-type=\"bookmark\" style=\"display: inline-block; width: 0px; overflow: hidden; line-height: 0;\" class=\"mce_SELRES_start\">\ufeff<\/span><span data-mce-type=\"bookmark\" style=\"display: inline-block; width: 0px; overflow: hidden; line-height: 0;\" class=\"mce_SELRES_start\">\ufeff<\/span><span data-mce-type=\"bookmark\" style=\"display: inline-block; width: 0px; overflow: hidden; line-height: 0;\" class=\"mce_SELRES_start\">\ufeff<\/span><span data-mce-type=\"bookmark\" style=\"display: inline-block; width: 0px; overflow: hidden; line-height: 0;\" class=\"mce_SELRES_start\">\ufeff<\/span><span data-mce-type=\"bookmark\" style=\"display: inline-block; width: 0px; overflow: hidden; line-height: 0;\" class=\"mce_SELRES_start\">\ufeff<\/span><\/iframe><\/p>\n<hr \/>\n<h4><b data-stringify-type=\"bold\">Apoie nossos esfor\u00e7os para fornecer apoio estrat\u00e9gico \u00e0s favelas do Rio, incluindo o jornalismo hiperlocal, cr\u00edtico, inovador e incans\u00e1vel do <\/b><b data-stringify-type=\"bold\"><i data-stringify-type=\"italic\">RioOnWatch<\/i><\/b>\u2014<a class=\"c-link\" href=\"http:\/\/www.bit.ly\/ApoieROW\" target=\"_blank\" rel=\"noopener noreferrer\" data-stringify-link=\"http:\/\/www.bit.ly\/ApoieROW\" data-sk=\"tooltip_parent\">doe aqui<\/a>.<\/h4>\n<!-- AddThis Advanced Settings generic via filter on the_content --><!-- AddThis Share Buttons generic via filter on the_content -->","protected":false},"excerpt":{"rendered":"<div class=\"mh-excerpt\"><p>\ufeff Click Here for English No dia 17 de setembro, Dia Mundial da Limpeza\u2014uma iniciativa internacional que incentiva a participa\u00e7\u00e3o em projetos de limpeza urbana\u2014integrantes da Rede Favela Sustent\u00e1vel (RFS) se uniram na Vila Cruzeiro, <a class=\"mh-excerpt-more\" href=\"https:\/\/rioonwatch.org.br\/?p=63336\" title=\"Rede Favela Sustent\u00e1vel Organiza Interc\u00e2mbio no Dia Mundial da Limpeza com Cooperativa de Reciclagem Transvida na Vila Cruzeiro [V\u00cdDEO]\">[&#8230;]<\/a><!-- AddThis Advanced Settings generic via filter on get_the_excerpt --><!-- AddThis Share Buttons generic via filter on get_the_excerpt --><\/p>\n<\/div>","protected":false},"author":167,"featured_media":63418,"comment_status":"closed","ping_status":"closed","sticky":false,"template":"template-full.php","format":"standard","meta":{"_acf_changed":false,"_monsterinsights_skip_tracking":false,"_monsterinsights_sitenote_active":false,"_monsterinsights_sitenote_note":"","_monsterinsights_sitenote_category":0,"footnotes":""},"categories":[1621,1627,1388,3170,1616,1612,342,1639,1638],"tags":[103,2717,363,1554,360,1151,1304,361,2901,2549,476,1001,218],"writer":[3145],"translator":[],"source":[],"ilustrador":[],"fotografo":[],"class_list":{"0":"post-63336","1":"post","2":"type-post","3":"status-publish","4":"format-standard","5":"has-post-thumbnail","7":"category-destaque","8":"category-relato-de-evento","9":"category-formas-de-apoiar","10":"category-justica-climatica","11":"category-qualidades-da-favela","12":"category-sociedade-civil","13":"category-solucoes","14":"category-sustentabilidade","15":"category-video","16":"tag-catadores","17":"tag-complexo-da-penha","18":"tag-educacao-ambiental","19":"tag-gestao-de-residuos","20":"tag-lixo","21":"tag-organizacao","22":"tag-organizacao-criativa","23":"tag-reciclagem","24":"tag-rfs","25":"tag-serie-intercambios-da-rfs","26":"tag-solucao-comunitaria","27":"tag-vila-cruzeiro","28":"tag-zona-norte","29":"writer-rede-favela-sustentavel"},"acf":[],"yoast_head":"<!-- This site is optimized with the Yoast SEO plugin v25.6 - https:\/\/yoast.com\/wordpress\/plugins\/seo\/ -->\n<title>Rede Favela Sustent\u00e1vel Organiza Interc\u00e2mbio no Dia Mundial da Limpeza com Cooperativa de Reciclagem Transvida na Vila Cruzeiro [V\u00cdDEO] - RioOnWatch<\/title>\n<meta name=\"robots\" content=\"index, follow, max-snippet:-1, max-image-preview:large, max-video-preview:-1\" \/>\n<link rel=\"canonical\" href=\"https:\/\/rioonwatch.org.br\/?p=63336\" \/>\n<meta property=\"og:locale\" content=\"pt_BR\" \/>\n<meta property=\"og:type\" content=\"article\" \/>\n<meta property=\"og:title\" content=\"Rede Favela Sustent\u00e1vel Organiza Interc\u00e2mbio no Dia Mundial da Limpeza com Cooperativa de Reciclagem Transvida na Vila Cruzeiro [V\u00cdDEO] - RioOnWatch\" \/>\n<meta property=\"og:description\" content=\"\ufeff Click Here for English No dia 17 de setembro, Dia Mundial da Limpeza\u2014uma iniciativa internacional que incentiva a participa\u00e7\u00e3o em projetos de limpeza urbana\u2014integrantes da Rede Favela Sustent\u00e1vel (RFS) se uniram na Vila Cruzeiro, [...]\" \/>\n<meta property=\"og:url\" content=\"https:\/\/rioonwatch.org.br\/?p=63336\" \/>\n<meta property=\"og:site_name\" content=\"RioOnWatch\" \/>\n<meta property=\"article:published_time\" content=\"2022-11-01T13:22:19+00:00\" \/>\n<meta property=\"article:modified_time\" content=\"2023-03-10T15:34:57+00:00\" \/>\n<meta property=\"og:image\" content=\"https:\/\/rioonwatch.org.br\/wp-content\/uploads\/2022\/10\/Intercambio-do-Transvida-na-Vila-Cruzeiro-Complexo-da-Penha.-Foto-Rede-Favela-Sustentavel.jpg\" \/>\n\t<meta property=\"og:image:width\" content=\"2047\" \/>\n\t<meta property=\"og:image:height\" content=\"1191\" \/>\n\t<meta property=\"og:image:type\" content=\"image\/jpeg\" \/>\n<meta name=\"author\" content=\"Julio Santos Filho\" \/>\n<meta name=\"twitter:card\" content=\"summary_large_image\" \/>\n<meta name=\"twitter:label1\" content=\"Escrito por\" \/>\n\t<meta name=\"twitter:data1\" content=\"Julio Santos Filho\" \/>\n\t<meta name=\"twitter:label2\" content=\"Est. tempo de leitura\" \/>\n\t<meta name=\"twitter:data2\" content=\"11 minutos\" \/>\n<script type=\"application\/ld+json\" class=\"yoast-schema-graph\">{\"@context\":\"https:\/\/schema.org\",\"@graph\":[{\"@type\":\"Article\",\"@id\":\"https:\/\/rioonwatch.org.br\/?p=63336#article\",\"isPartOf\":{\"@id\":\"https:\/\/rioonwatch.org.br\/?p=63336\"},\"author\":{\"name\":\"Julio Santos Filho\",\"@id\":\"https:\/\/rioonwatch.org.br\/#\/schema\/person\/476bc75767957d3535b65b796667cd36\"},\"headline\":\"Rede Favela Sustent\u00e1vel Organiza Interc\u00e2mbio no Dia Mundial da Limpeza com Cooperativa de Reciclagem Transvida na Vila Cruzeiro [V\u00cdDEO]\",\"datePublished\":\"2022-11-01T13:22:19+00:00\",\"dateModified\":\"2023-03-10T15:34:57+00:00\",\"mainEntityOfPage\":{\"@id\":\"https:\/\/rioonwatch.org.br\/?p=63336\"},\"wordCount\":1749,\"publisher\":{\"@id\":\"https:\/\/rioonwatch.org.br\/#organization\"},\"image\":{\"@id\":\"https:\/\/rioonwatch.org.br\/?p=63336#primaryimage\"},\"thumbnailUrl\":\"https:\/\/rioonwatch.org.br\/wp-content\/uploads\/2022\/10\/Intercambio-do-Transvida-na-Vila-Cruzeiro-Complexo-da-Penha.-Foto-Rede-Favela-Sustentavel.jpg\",\"keywords\":[\"catadores\",\"Complexo da Penha\",\"educa\u00e7\u00e3o ambiental\",\"gest\u00e3o de res\u00edduos\",\"lixo\",\"mobiliza\u00e7\u00e3o\",\"mobiliza\u00e7\u00e3o criativa\",\"reciclagem\",\"Rede Favela Sustent\u00e1vel\",\"S\u00e9rie: Interc\u00e2mbios da RFS\",\"solu\u00e7\u00e3o comunit\u00e1ria\",\"Vila Cruzeiro\",\"Zona Norte\"],\"articleSection\":[\"*Destaque\",\"Cobertura de Eventos\",\"Formas de Apoiar\",\"Justi\u00e7a Clim\u00e1tica\",\"Qualidades da Favela\",\"Sociedade Civil\",\"Solu\u00e7\u00f5es\",\"Sustentabilidade\",\"V\u00eddeo\"],\"inLanguage\":\"pt-BR\"},{\"@type\":\"WebPage\",\"@id\":\"https:\/\/rioonwatch.org.br\/?p=63336\",\"url\":\"https:\/\/rioonwatch.org.br\/?p=63336\",\"name\":\"Rede Favela Sustent\u00e1vel Organiza Interc\u00e2mbio no Dia Mundial da Limpeza com Cooperativa de Reciclagem Transvida na Vila Cruzeiro [V\u00cdDEO] - RioOnWatch\",\"isPartOf\":{\"@id\":\"https:\/\/rioonwatch.org.br\/#website\"},\"primaryImageOfPage\":{\"@id\":\"https:\/\/rioonwatch.org.br\/?p=63336#primaryimage\"},\"image\":{\"@id\":\"https:\/\/rioonwatch.org.br\/?p=63336#primaryimage\"},\"thumbnailUrl\":\"https:\/\/rioonwatch.org.br\/wp-content\/uploads\/2022\/10\/Intercambio-do-Transvida-na-Vila-Cruzeiro-Complexo-da-Penha.-Foto-Rede-Favela-Sustentavel.jpg\",\"datePublished\":\"2022-11-01T13:22:19+00:00\",\"dateModified\":\"2023-03-10T15:34:57+00:00\",\"breadcrumb\":{\"@id\":\"https:\/\/rioonwatch.org.br\/?p=63336#breadcrumb\"},\"inLanguage\":\"pt-BR\",\"potentialAction\":[{\"@type\":\"ReadAction\",\"target\":[\"https:\/\/rioonwatch.org.br\/?p=63336\"]}]},{\"@type\":\"ImageObject\",\"inLanguage\":\"pt-BR\",\"@id\":\"https:\/\/rioonwatch.org.br\/?p=63336#primaryimage\",\"url\":\"https:\/\/rioonwatch.org.br\/wp-content\/uploads\/2022\/10\/Intercambio-do-Transvida-na-Vila-Cruzeiro-Complexo-da-Penha.-Foto-Rede-Favela-Sustentavel.jpg\",\"contentUrl\":\"https:\/\/rioonwatch.org.br\/wp-content\/uploads\/2022\/10\/Intercambio-do-Transvida-na-Vila-Cruzeiro-Complexo-da-Penha.-Foto-Rede-Favela-Sustentavel.jpg\",\"width\":2047,\"height\":1191,\"caption\":\"Interc\u00e2mbio do Transvida, na Vila Cruzeiro, Complexo da Penha. Foto Rede Favela Sustent\u00e1vel\"},{\"@type\":\"BreadcrumbList\",\"@id\":\"https:\/\/rioonwatch.org.br\/?p=63336#breadcrumb\",\"itemListElement\":[{\"@type\":\"ListItem\",\"position\":1,\"name\":\"In\u00edcio\",\"item\":\"https:\/\/rioonwatch.org.br\/\"},{\"@type\":\"ListItem\",\"position\":2,\"name\":\"Rede Favela Sustent\u00e1vel Organiza Interc\u00e2mbio no Dia Mundial da Limpeza com Cooperativa de Reciclagem Transvida na Vila Cruzeiro [V\u00cdDEO]\"}]},{\"@type\":\"WebSite\",\"@id\":\"https:\/\/rioonwatch.org.br\/#website\",\"url\":\"https:\/\/rioonwatch.org.br\/\",\"name\":\"RioOnWatch\",\"description\":\"relatos das favelas cariocas\",\"publisher\":{\"@id\":\"https:\/\/rioonwatch.org.br\/#organization\"},\"potentialAction\":[{\"@type\":\"SearchAction\",\"target\":{\"@type\":\"EntryPoint\",\"urlTemplate\":\"https:\/\/rioonwatch.org.br\/?s={search_term_string}\"},\"query-input\":{\"@type\":\"PropertyValueSpecification\",\"valueRequired\":true,\"valueName\":\"search_term_string\"}}],\"inLanguage\":\"pt-BR\"},{\"@type\":\"Organization\",\"@id\":\"https:\/\/rioonwatch.org.br\/#organization\",\"name\":\"RioOnWatch\",\"url\":\"https:\/\/rioonwatch.org.br\/\",\"logo\":{\"@type\":\"ImageObject\",\"inLanguage\":\"pt-BR\",\"@id\":\"https:\/\/rioonwatch.org.br\/#\/schema\/logo\/image\/\",\"url\":\"https:\/\/rioonwatch.org.br\/wp-content\/uploads\/2021\/06\/RioOnWatchcabecalhoPT11anos-2.png\",\"contentUrl\":\"https:\/\/rioonwatch.org.br\/wp-content\/uploads\/2021\/06\/RioOnWatchcabecalhoPT11anos-2.png\",\"width\":779,\"height\":277,\"caption\":\"RioOnWatch\"},\"image\":{\"@id\":\"https:\/\/rioonwatch.org.br\/#\/schema\/logo\/image\/\"}},{\"@type\":\"Person\",\"@id\":\"https:\/\/rioonwatch.org.br\/#\/schema\/person\/476bc75767957d3535b65b796667cd36\",\"name\":\"Julio Santos Filho\",\"image\":{\"@type\":\"ImageObject\",\"inLanguage\":\"pt-BR\",\"@id\":\"https:\/\/rioonwatch.org.br\/#\/schema\/person\/image\/\",\"url\":\"https:\/\/secure.gravatar.com\/avatar\/ca138f7666182a292a8ce4ca14fb81f8?s=96&d=blank&r=g\",\"contentUrl\":\"https:\/\/secure.gravatar.com\/avatar\/ca138f7666182a292a8ce4ca14fb81f8?s=96&d=blank&r=g\",\"caption\":\"Julio Santos Filho\"},\"url\":\"https:\/\/rioonwatch.org.br\/?author=167\"}]}<\/script>\n<!-- \/ Yoast SEO plugin. -->","yoast_head_json":{"title":"Rede Favela Sustent\u00e1vel Organiza Interc\u00e2mbio no Dia Mundial da Limpeza com Cooperativa de Reciclagem Transvida na Vila Cruzeiro [V\u00cdDEO] - RioOnWatch","robots":{"index":"index","follow":"follow","max-snippet":"max-snippet:-1","max-image-preview":"max-image-preview:large","max-video-preview":"max-video-preview:-1"},"canonical":"https:\/\/rioonwatch.org.br\/?p=63336","og_locale":"pt_BR","og_type":"article","og_title":"Rede Favela Sustent\u00e1vel Organiza Interc\u00e2mbio no Dia Mundial da Limpeza com Cooperativa de Reciclagem Transvida na Vila Cruzeiro [V\u00cdDEO] - RioOnWatch","og_description":"\ufeff Click Here for English No dia 17 de setembro, Dia Mundial da Limpeza\u2014uma iniciativa internacional que incentiva a participa\u00e7\u00e3o em projetos de limpeza urbana\u2014integrantes da Rede Favela Sustent\u00e1vel (RFS) se uniram na Vila Cruzeiro, [...]","og_url":"https:\/\/rioonwatch.org.br\/?p=63336","og_site_name":"RioOnWatch","article_published_time":"2022-11-01T13:22:19+00:00","article_modified_time":"2023-03-10T15:34:57+00:00","og_image":[{"width":2047,"height":1191,"url":"https:\/\/rioonwatch.org.br\/wp-content\/uploads\/2022\/10\/Intercambio-do-Transvida-na-Vila-Cruzeiro-Complexo-da-Penha.-Foto-Rede-Favela-Sustentavel.jpg","type":"image\/jpeg"}],"author":"Julio Santos Filho","twitter_card":"summary_large_image","twitter_misc":{"Escrito por":"Julio Santos Filho","Est. tempo de leitura":"11 minutos"},"schema":{"@context":"https:\/\/schema.org","@graph":[{"@type":"Article","@id":"https:\/\/rioonwatch.org.br\/?p=63336#article","isPartOf":{"@id":"https:\/\/rioonwatch.org.br\/?p=63336"},"author":{"name":"Julio Santos Filho","@id":"https:\/\/rioonwatch.org.br\/#\/schema\/person\/476bc75767957d3535b65b796667cd36"},"headline":"Rede Favela Sustent\u00e1vel Organiza Interc\u00e2mbio no Dia Mundial da Limpeza com Cooperativa de Reciclagem Transvida na Vila Cruzeiro [V\u00cdDEO]","datePublished":"2022-11-01T13:22:19+00:00","dateModified":"2023-03-10T15:34:57+00:00","mainEntityOfPage":{"@id":"https:\/\/rioonwatch.org.br\/?p=63336"},"wordCount":1749,"publisher":{"@id":"https:\/\/rioonwatch.org.br\/#organization"},"image":{"@id":"https:\/\/rioonwatch.org.br\/?p=63336#primaryimage"},"thumbnailUrl":"https:\/\/rioonwatch.org.br\/wp-content\/uploads\/2022\/10\/Intercambio-do-Transvida-na-Vila-Cruzeiro-Complexo-da-Penha.-Foto-Rede-Favela-Sustentavel.jpg","keywords":["catadores","Complexo da Penha","educa\u00e7\u00e3o ambiental","gest\u00e3o de res\u00edduos","lixo","mobiliza\u00e7\u00e3o","mobiliza\u00e7\u00e3o criativa","reciclagem","Rede Favela Sustent\u00e1vel","S\u00e9rie: Interc\u00e2mbios da RFS","solu\u00e7\u00e3o comunit\u00e1ria","Vila Cruzeiro","Zona Norte"],"articleSection":["*Destaque","Cobertura de Eventos","Formas de Apoiar","Justi\u00e7a Clim\u00e1tica","Qualidades da Favela","Sociedade Civil","Solu\u00e7\u00f5es","Sustentabilidade","V\u00eddeo"],"inLanguage":"pt-BR"},{"@type":"WebPage","@id":"https:\/\/rioonwatch.org.br\/?p=63336","url":"https:\/\/rioonwatch.org.br\/?p=63336","name":"Rede Favela Sustent\u00e1vel Organiza Interc\u00e2mbio no Dia Mundial da Limpeza com Cooperativa de Reciclagem Transvida na Vila Cruzeiro [V\u00cdDEO] - RioOnWatch","isPartOf":{"@id":"https:\/\/rioonwatch.org.br\/#website"},"primaryImageOfPage":{"@id":"https:\/\/rioonwatch.org.br\/?p=63336#primaryimage"},"image":{"@id":"https:\/\/rioonwatch.org.br\/?p=63336#primaryimage"},"thumbnailUrl":"https:\/\/rioonwatch.org.br\/wp-content\/uploads\/2022\/10\/Intercambio-do-Transvida-na-Vila-Cruzeiro-Complexo-da-Penha.-Foto-Rede-Favela-Sustentavel.jpg","datePublished":"2022-11-01T13:22:19+00:00","dateModified":"2023-03-10T15:34:57+00:00","breadcrumb":{"@id":"https:\/\/rioonwatch.org.br\/?p=63336#breadcrumb"},"inLanguage":"pt-BR","potentialAction":[{"@type":"ReadAction","target":["https:\/\/rioonwatch.org.br\/?p=63336"]}]},{"@type":"ImageObject","inLanguage":"pt-BR","@id":"https:\/\/rioonwatch.org.br\/?p=63336#primaryimage","url":"https:\/\/rioonwatch.org.br\/wp-content\/uploads\/2022\/10\/Intercambio-do-Transvida-na-Vila-Cruzeiro-Complexo-da-Penha.-Foto-Rede-Favela-Sustentavel.jpg","contentUrl":"https:\/\/rioonwatch.org.br\/wp-content\/uploads\/2022\/10\/Intercambio-do-Transvida-na-Vila-Cruzeiro-Complexo-da-Penha.-Foto-Rede-Favela-Sustentavel.jpg","width":2047,"height":1191,"caption":"Interc\u00e2mbio do Transvida, na Vila Cruzeiro, Complexo da Penha. Foto Rede Favela Sustent\u00e1vel"},{"@type":"BreadcrumbList","@id":"https:\/\/rioonwatch.org.br\/?p=63336#breadcrumb","itemListElement":[{"@type":"ListItem","position":1,"name":"In\u00edcio","item":"https:\/\/rioonwatch.org.br\/"},{"@type":"ListItem","position":2,"name":"Rede Favela Sustent\u00e1vel Organiza Interc\u00e2mbio no Dia Mundial da Limpeza com Cooperativa de Reciclagem Transvida na Vila Cruzeiro [V\u00cdDEO]"}]},{"@type":"WebSite","@id":"https:\/\/rioonwatch.org.br\/#website","url":"https:\/\/rioonwatch.org.br\/","name":"RioOnWatch","description":"relatos das favelas cariocas","publisher":{"@id":"https:\/\/rioonwatch.org.br\/#organization"},"potentialAction":[{"@type":"SearchAction","target":{"@type":"EntryPoint","urlTemplate":"https:\/\/rioonwatch.org.br\/?s={search_term_string}"},"query-input":{"@type":"PropertyValueSpecification","valueRequired":true,"valueName":"search_term_string"}}],"inLanguage":"pt-BR"},{"@type":"Organization","@id":"https:\/\/rioonwatch.org.br\/#organization","name":"RioOnWatch","url":"https:\/\/rioonwatch.org.br\/","logo":{"@type":"ImageObject","inLanguage":"pt-BR","@id":"https:\/\/rioonwatch.org.br\/#\/schema\/logo\/image\/","url":"https:\/\/rioonwatch.org.br\/wp-content\/uploads\/2021\/06\/RioOnWatchcabecalhoPT11anos-2.png","contentUrl":"https:\/\/rioonwatch.org.br\/wp-content\/uploads\/2021\/06\/RioOnWatchcabecalhoPT11anos-2.png","width":779,"height":277,"caption":"RioOnWatch"},"image":{"@id":"https:\/\/rioonwatch.org.br\/#\/schema\/logo\/image\/"}},{"@type":"Person","@id":"https:\/\/rioonwatch.org.br\/#\/schema\/person\/476bc75767957d3535b65b796667cd36","name":"Julio Santos Filho","image":{"@type":"ImageObject","inLanguage":"pt-BR","@id":"https:\/\/rioonwatch.org.br\/#\/schema\/person\/image\/","url":"https:\/\/secure.gravatar.com\/avatar\/ca138f7666182a292a8ce4ca14fb81f8?s=96&d=blank&r=g","contentUrl":"https:\/\/secure.gravatar.com\/avatar\/ca138f7666182a292a8ce4ca14fb81f8?s=96&d=blank&r=g","caption":"Julio Santos Filho"},"url":"https:\/\/rioonwatch.org.br\/?author=167"}]}},"_links":{"self":[{"href":"https:\/\/rioonwatch.org.br\/index.php?rest_route=\/wp\/v2\/posts\/63336"}],"collection":[{"href":"https:\/\/rioonwatch.org.br\/index.php?rest_route=\/wp\/v2\/posts"}],"about":[{"href":"https:\/\/rioonwatch.org.br\/index.php?rest_route=\/wp\/v2\/types\/post"}],"author":[{"embeddable":true,"href":"https:\/\/rioonwatch.org.br\/index.php?rest_route=\/wp\/v2\/users\/167"}],"replies":[{"embeddable":true,"href":"https:\/\/rioonwatch.org.br\/index.php?rest_route=%2Fwp%2Fv2%2Fcomments&post=63336"}],"version-history":[{"count":13,"href":"https:\/\/rioonwatch.org.br\/index.php?rest_route=\/wp\/v2\/posts\/63336\/revisions"}],"predecessor-version":[{"id":63879,"href":"https:\/\/rioonwatch.org.br\/index.php?rest_route=\/wp\/v2\/posts\/63336\/revisions\/63879"}],"wp:featuredmedia":[{"embeddable":true,"href":"https:\/\/rioonwatch.org.br\/index.php?rest_route=\/wp\/v2\/media\/63418"}],"wp:attachment":[{"href":"https:\/\/rioonwatch.org.br\/index.php?rest_route=%2Fwp%2Fv2%2Fmedia&parent=63336"}],"wp:term":[{"taxonomy":"category","embeddable":true,"href":"https:\/\/rioonwatch.org.br\/index.php?rest_route=%2Fwp%2Fv2%2Fcategories&post=63336"},{"taxonomy":"post_tag","embeddable":true,"href":"https:\/\/rioonwatch.org.br\/index.php?rest_route=%2Fwp%2Fv2%2Ftags&post=63336"},{"taxonomy":"writer","embeddable":true,"href":"https:\/\/rioonwatch.org.br\/index.php?rest_route=%2Fwp%2Fv2%2Fwriter&post=63336"},{"taxonomy":"translator","embeddable":true,"href":"https:\/\/rioonwatch.org.br\/index.php?rest_route=%2Fwp%2Fv2%2Ftranslator&post=63336"},{"taxonomy":"source","embeddable":true,"href":"https:\/\/rioonwatch.org.br\/index.php?rest_route=%2Fwp%2Fv2%2Fsource&post=63336"},{"taxonomy":"ilustrador","embeddable":true,"href":"https:\/\/rioonwatch.org.br\/index.php?rest_route=%2Fwp%2Fv2%2Filustrador&post=63336"},{"taxonomy":"fotografo","embeddable":true,"href":"https:\/\/rioonwatch.org.br\/index.php?rest_route=%2Fwp%2Fv2%2Ffotografo&post=63336"}],"curies":[{"name":"wp","href":"https:\/\/api.w.org\/{rel}","templated":true}]}}