{"id":63600,"date":"2022-11-03T13:04:21","date_gmt":"2022-11-03T16:04:21","guid":{"rendered":"https:\/\/rioonwatch.org.br\/?p=63600"},"modified":"2026-04-14T10:00:29","modified_gmt":"2026-04-14T13:00:29","slug":"evento-pedagogico-comemora-45-anos-de-resistencia-contra-remocoes-no-vidigal-imagens","status":"publish","type":"post","link":"https:\/\/rioonwatch.org.br\/?p=63600","title":{"rendered":"Evento Pedag\u00f3gico Destaca Velha Guarda Respons\u00e1vel Pela Resist\u00eancia Contra Remo\u00e7\u00f5es, no Vidigal, H\u00e1 45 Anos [IMAGENS]"},"content":{"rendered":"<figure id=\"attachment_63691\" aria-describedby=\"caption-attachment-63691\" style=\"width: 2550px\" class=\"wp-caption alignnone\"><a href=\"https:\/\/rioonwatch.org.br\/wp-content\/uploads\/2022\/11\/Barbara-Nascimento-apresenta.png\"><img fetchpriority=\"high\" decoding=\"async\" class=\"wp-image-63691 size-full\" title=\"B\u00e1rbara Nascimento e membros da Associa\u00e7\u00e3o dos Moradores da Vila do Vidigal relembram a luta dos moradores pela perman\u00eancia. Foto: Joana Geisler\" src=\"https:\/\/rioonwatch.org.br\/wp-content\/uploads\/2022\/11\/Barbara-Nascimento-apresenta.png\" alt=\"B\u00e1rbara Nascimento e membros da Associa\u00e7\u00e3o dos Moradores da Vila do Vidigal relembram a luta dos moradores pela perman\u00eancia. Foto: Joana Geisler\" width=\"2550\" height=\"1226\" srcset=\"https:\/\/rioonwatch.org.br\/wp-content\/uploads\/2022\/11\/Barbara-Nascimento-apresenta.png 2550w, https:\/\/rioonwatch.org.br\/wp-content\/uploads\/2022\/11\/Barbara-Nascimento-apresenta-620x298.png 620w, https:\/\/rioonwatch.org.br\/wp-content\/uploads\/2022\/11\/Barbara-Nascimento-apresenta-1308x629.png 1308w\" sizes=\"(max-width: 2550px) 100vw, 2550px\" \/><\/a><figcaption id=\"caption-attachment-63691\" class=\"wp-caption-text\">B\u00e1rbara Nascimento e membros da Associa\u00e7\u00e3o dos Moradores da Vila do Vidigal relembram a luta dos moradores pela perman\u00eancia. Foto: Joana Geisler<\/figcaption><\/figure>\n<h4 style=\"text-align: right;\"><em><strong><a href=\"http:\/\/bit.ly\/3OMjmXo\" target=\"_blank\" rel=\"noopener\">Click Here for English<\/a><a href=\"http:\/\/bit.ly\/3OMjmXo\" target=\"_blank\" rel=\"noopener noreferrer\"><img decoding=\"async\" class=\"alignright wp-image-15790\" src=\"https:\/\/rioonwatch.org.br\/wp-content\/uploads\/2012\/08\/EN-standard-e1439583104716.jpg\" alt=\"\" width=\"20\" height=\"20\" \/><\/a><\/strong><\/em><\/h4>\n<h4>No dia 24 de outubro de 2022, jovens do Col\u00e9gio Estadual Almirante Tamandar\u00e9 reuniram-se para assistir aos relatos de antigos moradores que lutaram contra as remo\u00e7\u00f5es do <a href=\"http:\/\/bit.ly\/2xCoB59\" target=\"_blank\" rel=\"noopener\">Vidigal<\/a> na <a href=\"https:\/\/bit.ly\/3D7rGv3\" target=\"_blank\" rel=\"noopener\">Ditadura Militar (1964-1985)<\/a>.<\/h4>\n<figure id=\"attachment_63692\" aria-describedby=\"caption-attachment-63692\" style=\"width: 500px\" class=\"wp-caption alignright\"><a href=\"https:\/\/rioonwatch.org.br\/wp-content\/uploads\/2022\/11\/Barbara-Nascimento.png\"><img decoding=\"async\" class=\"wp-image-63692\" title=\"B\u00e1rbara Nascimento, uma das organizadoras do evento, apresenta. Foto: Joana Geisler\" src=\"https:\/\/rioonwatch.org.br\/wp-content\/uploads\/2022\/11\/Barbara-Nascimento.png\" alt=\"B\u00e1rbara Nascimento, uma das organizadoras do evento, apresenta. Foto: Joana Geisler\" width=\"500\" height=\"288\" srcset=\"https:\/\/rioonwatch.org.br\/wp-content\/uploads\/2022\/11\/Barbara-Nascimento.png 1875w, https:\/\/rioonwatch.org.br\/wp-content\/uploads\/2022\/11\/Barbara-Nascimento-620x357.png 620w, https:\/\/rioonwatch.org.br\/wp-content\/uploads\/2022\/11\/Barbara-Nascimento-1091x629.png 1091w\" sizes=\"(max-width: 500px) 100vw, 500px\" \/><\/a><figcaption id=\"caption-attachment-63692\" class=\"wp-caption-text\">B\u00e1rbara Nascimento, uma das organizadoras do evento, apresenta. Foto: Joana Geisler<\/figcaption><\/figure>\n<p><span style=\"font-weight: 400;\"><a href=\"https:\/\/bit.ly\/3FfE0wx\" target=\"_blank\" rel=\"noopener\">H\u00e1 45 anos, em plena ditadura<\/a>, moradores do Vidigal foram surpreendidos com uma marca\u00e7\u00e3o nas suas portas que indicava que suas casas seriam removidas, <a href=\"https:\/\/bit.ly\/3zHL2qa\" target=\"_blank\" rel=\"noopener\">supostamente devido \u00e0 imin\u00eancia de deslizamentos<\/a> da encosta. Por\u00e9m, a <a href=\"https:\/\/bit.ly\/3gBdJ16\" target=\"_blank\" rel=\"noopener\">Associa\u00e7\u00e3o dos Moradores da Vila do Vidigal<\/a> conseguiu resistir e formalizar o impedimento das remo\u00e7\u00f5es atrav\u00e9s do apoio jur\u00eddico da Pastoral de Favelas, que <a href=\"https:\/\/bit.ly\/3zIXN3H\" target=\"_blank\" rel=\"noopener\">nasceu na mesma \u00e9poca<\/a>.\u00a0<\/span><\/p>\n<p><span style=\"font-weight: 400;\">\u201cNossos her\u00f3is da resist\u00eancia&#8230; \u00e9 gra\u00e7as \u00e0s pessoas que est\u00e3o [sendo celebradas] aqui hoje, que lutaram por n\u00f3s, <a href=\"http:\/\/glo.bo\/3FH53AR\" target=\"_blank\" rel=\"noopener\">que o Vidigal permanece<\/a>\u201d, relembrou a pesquisadora nascida e criada na comunidade, <a href=\"https:\/\/bit.ly\/3h8EtGw\" target=\"_blank\" rel=\"noopener\">B\u00e1rbara Nascimento<\/a>, que, em conjunto com Adilson Severo de Souza, organizou este evento.<\/span><\/p>\n<h3><b>No Vidigal, as Ruas T\u00eam Nome de Pessoas Vivas<\/b><\/h3>\n<p><span style=\"font-weight: 400;\">Apelidados carinhosamente de &#8220;velha guarda&#8221; pelos mais novos na plateia, os moradores recordaram o que viveram naquela \u00e9poca.<\/span><\/p>\n<p><span style=\"font-weight: 400;\">\u201cNos disseram que as pedras iam rolar e matar todo mundo, mas descobrimos depois que iam construir casas de luxo, que uma parte do valor j\u00e1 estava at\u00e9 pago, e que a outra seria paga depois da remo\u00e7\u00e3o da favela\u201d, recordou <a href=\"http:\/\/bit.ly\/TNLGFo\" target=\"_blank\" rel=\"noopener\">Seu Armado<\/a>, l\u00edder da associa\u00e7\u00e3o durante a luta contra as remo\u00e7\u00f5es. Situada em frente ao mar e vizinha do <a href=\"http:\/\/bit.ly\/1OKB9XY\" target=\"_blank\" rel=\"noopener\">Leblon<\/a> e de <a href=\"http:\/\/bit.ly\/2GvSHwY\" target=\"_blank\" rel=\"noopener\">S\u00e3o Conrado<\/a>, a favela do Vidigal era cobi\u00e7ada por investidores imobili\u00e1rios das classe alta.<\/span><\/p>\n<figure id=\"attachment_63693\" aria-describedby=\"caption-attachment-63693\" style=\"width: 2550px\" class=\"wp-caption aligncenter\"><a href=\"https:\/\/rioonwatch.org.br\/wp-content\/uploads\/2022\/11\/Velha-Guarda.png\"><img loading=\"lazy\" decoding=\"async\" class=\"wp-image-63693 size-full\" title=\"Velha guarda da luta por moradia no Vidigal. Foto: Joana Geisler\" src=\"https:\/\/rioonwatch.org.br\/wp-content\/uploads\/2022\/11\/Velha-Guarda.png\" alt=\"Velha guarda da luta por moradia no Vidigal. Foto: Joana Geisler\" width=\"2550\" height=\"1607\" srcset=\"https:\/\/rioonwatch.org.br\/wp-content\/uploads\/2022\/11\/Velha-Guarda.png 2550w, https:\/\/rioonwatch.org.br\/wp-content\/uploads\/2022\/11\/Velha-Guarda-620x391.png 620w, https:\/\/rioonwatch.org.br\/wp-content\/uploads\/2022\/11\/Velha-Guarda-998x629.png 998w\" sizes=\"(max-width: 2550px) 100vw, 2550px\" \/><\/a><figcaption id=\"caption-attachment-63693\" class=\"wp-caption-text\">Velha guarda da luta por moradia no Vidigal. Foto: Joana Geisler<\/figcaption><\/figure>\n<p><span style=\"font-weight: 400;\">Para ganhar tempo, enquanto esperavam as liminares e decis\u00f5es judiciais que impediriam as remo\u00e7\u00f5es, criatividade foi necess\u00e1ria. <a href=\"http:\/\/bit.ly\/1nkcDAV\" target=\"_blank\" rel=\"noopener\">Paulinho<\/a>, um dos mais jovens do grupo de a\u00e7\u00e3o, relembrou: \u201cEu vestia camisa e gravata para o trabalho. Quando cheguei no local das remo\u00e7\u00f5es, fui confundido com um advogado, o que ajudou a retardar a remo\u00e7\u00e3o\u201d.<\/span><\/p>\n<p><span style=\"font-weight: 400;\">Para al\u00e9m disto, Paulinho recordou como os moradores conseguiram convencer os funcion\u00e1rios da <a href=\"https:\/\/bit.ly\/2X2Ab76\" target=\"_blank\" rel=\"noopener\">COMLURB<\/a>, \u00f3rg\u00e3o respons\u00e1vel por remover as casas, \u201ca serem bem lentos na retiradas das coisas\u201d. Os pertences dos moradores seriam levados para <a href=\"https:\/\/bit.ly\/2WQxncM\" target=\"_blank\" rel=\"noopener\">Antares<\/a>, na <a href=\"http:\/\/bit.ly\/2x3k8bw\" target=\"_blank\" rel=\"noopener\">Zona Oeste<\/a>, onde viveriam em habita\u00e7\u00f5es min\u00fasculas, sem acesso a escolas e hospitais.<\/span><\/p>\n<blockquote><p><span style=\"font-weight: 400;\">\u201cAo levarem apenas objetos como vassouras ou cadeiras para Antares, os garis da COMLURB nos ajudaram a esperar pela ordem jur\u00eddica suspendendo a remo\u00e7\u00e3o da comunidade, que chegou antes que a maior parte tivesse sido retirada de suas casas. A briga foi bonita, viu?\u201d \u2014 Seu Armado<\/span><\/p><\/blockquote>\n<p><span style=\"font-weight: 400;\">Como resultado desta luta, as ruas do Vidigal t\u00eam nomes de vivos, em honra daqueles que venceram a remo\u00e7\u00e3o.<\/span><\/p>\n<figure id=\"attachment_63694\" aria-describedby=\"caption-attachment-63694\" style=\"width: 2550px\" class=\"wp-caption aligncenter\"><a href=\"https:\/\/rioonwatch.org.br\/wp-content\/uploads\/2022\/11\/Paulinho-e-Seu-Armando.png\"><img loading=\"lazy\" decoding=\"async\" class=\"wp-image-63694 size-full\" title=\"Paulinho e Seu Armado relembram a hist\u00f3ria de lutas. Foto: Joana Geisler\" src=\"https:\/\/rioonwatch.org.br\/wp-content\/uploads\/2022\/11\/Paulinho-e-Seu-Armando.png\" alt=\"Paulinho e Seu Armado relembram a hist\u00f3ria de lutas. Foto: Joana Geisler\" width=\"2550\" height=\"1333\" srcset=\"https:\/\/rioonwatch.org.br\/wp-content\/uploads\/2022\/11\/Paulinho-e-Seu-Armando.png 2550w, https:\/\/rioonwatch.org.br\/wp-content\/uploads\/2022\/11\/Paulinho-e-Seu-Armando-620x324.png 620w, https:\/\/rioonwatch.org.br\/wp-content\/uploads\/2022\/11\/Paulinho-e-Seu-Armando-1203x629.png 1203w\" sizes=\"(max-width: 2550px) 100vw, 2550px\" \/><\/a><figcaption id=\"caption-attachment-63694\" class=\"wp-caption-text\">Paulinho e Seu Armado relembram a hist\u00f3ria de lutas. Foto: Joana Geisler<\/figcaption><\/figure>\n<h3><b>Passando a Tocha para os Mais Jovens<\/b><\/h3>\n<figure id=\"attachment_63695\" aria-describedby=\"caption-attachment-63695\" style=\"width: 500px\" class=\"wp-caption alignright\"><a href=\"https:\/\/rioonwatch.org.br\/wp-content\/uploads\/2022\/11\/Raizes-do-Vidigal-sendo-exibido.png\"><img loading=\"lazy\" decoding=\"async\" class=\"wp-image-63695\" title=\"Filme \u201cRa\u00edzes do Vidigal\u201d\" src=\"https:\/\/rioonwatch.org.br\/wp-content\/uploads\/2022\/11\/Raizes-do-Vidigal-sendo-exibido.png\" alt=\"Filme \u201cRa\u00edzes do Vidigal\u201d\" width=\"500\" height=\"252\" srcset=\"https:\/\/rioonwatch.org.br\/wp-content\/uploads\/2022\/11\/Raizes-do-Vidigal-sendo-exibido.png 1588w, https:\/\/rioonwatch.org.br\/wp-content\/uploads\/2022\/11\/Raizes-do-Vidigal-sendo-exibido-620x312.png 620w, https:\/\/rioonwatch.org.br\/wp-content\/uploads\/2022\/11\/Raizes-do-Vidigal-sendo-exibido-1249x629.png 1249w\" sizes=\"(max-width: 500px) 100vw, 500px\" \/><\/a><figcaption id=\"caption-attachment-63695\" class=\"wp-caption-text\">Exibi\u00e7\u00e3o do filme \u201cRa\u00edzes do Vidigal\u201d<\/figcaption><\/figure>\n<p><span style=\"font-weight: 400;\">\u201cA luta continua\u201d, explicou Rita Machado, que na \u00e9poca fez parte do grupo de jovens do Vidigal. Atualmente, a favela continua ref\u00e9m de interesses privados, que pretendem construir casas para pessoas com rendas mais elevadas, atra\u00eddas pela vista do morro. Neste <a href=\"http:\/\/bit.ly\/2wBj4eG\" target=\"_blank\" rel=\"noopener\">fen\u00f4meno da gentrifica\u00e7\u00e3o<\/a>, as casas s\u00e3o valorizadas e encarecem [o custo de vida no entorno] e, consequentemente, os pr\u00f3prios moradores do Vidigal deixam de ter poder de compra para poder morar na favela.<\/span><\/p>\n<p><span style=\"font-weight: 400;\">Para Rita, cabe \u00e0 nova gera\u00e7\u00e3o estar atenta. Ao contr\u00e1rio de 45 anos atr\u00e1s, <a href=\"https:\/\/bit.ly\/3sLWTPY\" target=\"_blank\" rel=\"noopener\">o Brasil \u00e9 uma democracia<\/a> e os jovens t\u00eam mais poder do que antes:<\/span><\/p>\n<blockquote><p><span style=\"font-weight: 400;\">\u201cO que \u00e9 que isso tem a ver com voc\u00eas? Era uma ditadura. A gente tinha que engolir o que eles diziam e, mesmo assim, lutamos&#8230; Voc\u00eas podem dar continuidade, fazer hist\u00f3rias diferentes, votando!\u201d<\/span><\/p><\/blockquote>\n<p><span style=\"font-weight: 400;\">Desta forma, para os participantes, o trabalho de <a href=\"https:\/\/bit.ly\/2UmqOgy\" target=\"_blank\" rel=\"noopener\">mem\u00f3ria<\/a> \u00e9 importante e \u00e9 por isso que o evento contou ainda com a exibi\u00e7\u00e3o de dois document\u00e1rios: <em>A Favela do Papa<\/em><\/span><span style=\"font-weight: 400;\">, sobre a <a href=\"https:\/\/bit.ly\/3t13ENS\" target=\"_blank\" rel=\"noopener\">visita do Papa Jo\u00e3o Paulo II<\/a> em 1980, e <em>Ra\u00edzes do Vidigal<\/em>, sobre o samba dos <a href=\"https:\/\/bit.ly\/3DIskkG\" target=\"_blank\" rel=\"noopener\">Acad\u00eamicos do Vidigal<\/a>. O evento tamb\u00e9m contou com a apresenta\u00e7\u00e3o de trabalhos feitos pelos alunos da escola em mem\u00f3ria \u00e0 resist\u00eancia de sua comunidade.<\/span><\/p>\n<figure id=\"attachment_63667\" aria-describedby=\"caption-attachment-63667\" style=\"width: 2000px\" class=\"wp-caption aligncenter\"><a href=\"https:\/\/rioonwatch.org.br\/wp-content\/uploads\/2022\/11\/Projeto-Vidigal-Meu-Lugar-de-jovens-para-colher-e-expor-a-memoria-coletiva-e-de-luta-dos-espacos-no-Vidigal.-Foto-Joana-Geisler-scaled-e1667381369699.jpg\"><img loading=\"lazy\" decoding=\"async\" class=\"wp-image-63667 size-full\" src=\"https:\/\/rioonwatch.org.br\/wp-content\/uploads\/2022\/11\/Projeto-Vidigal-Meu-Lugar-de-jovens-para-colher-e-expor-a-memoria-coletiva-e-de-luta-dos-espacos-no-Vidigal.-Foto-Joana-Geisler-scaled-e1667381369699.jpg\" alt=\"Projeto 'Vidigal Meu Lugar' de jovens para colher e expor a mem\u00f3ria coletiva e de luta dos espa\u00e7os no Vidigal. Foto: Joana Geisler\" width=\"2000\" height=\"1500\" srcset=\"https:\/\/rioonwatch.org.br\/wp-content\/uploads\/2022\/11\/Projeto-Vidigal-Meu-Lugar-de-jovens-para-colher-e-expor-a-memoria-coletiva-e-de-luta-dos-espacos-no-Vidigal.-Foto-Joana-Geisler-scaled-e1667381369699.jpg 2000w, https:\/\/rioonwatch.org.br\/wp-content\/uploads\/2022\/11\/Projeto-Vidigal-Meu-Lugar-de-jovens-para-colher-e-expor-a-memoria-coletiva-e-de-luta-dos-espacos-no-Vidigal.-Foto-Joana-Geisler-scaled-e1667381369699-620x465.jpg 620w, https:\/\/rioonwatch.org.br\/wp-content\/uploads\/2022\/11\/Projeto-Vidigal-Meu-Lugar-de-jovens-para-colher-e-expor-a-memoria-coletiva-e-de-luta-dos-espacos-no-Vidigal.-Foto-Joana-Geisler-scaled-e1667381369699-839x629.jpg 839w, https:\/\/rioonwatch.org.br\/wp-content\/uploads\/2022\/11\/Projeto-Vidigal-Meu-Lugar-de-jovens-para-colher-e-expor-a-memoria-coletiva-e-de-luta-dos-espacos-no-Vidigal.-Foto-Joana-Geisler-scaled-e1667381369699-678x509.jpg 678w, https:\/\/rioonwatch.org.br\/wp-content\/uploads\/2022\/11\/Projeto-Vidigal-Meu-Lugar-de-jovens-para-colher-e-expor-a-memoria-coletiva-e-de-luta-dos-espacos-no-Vidigal.-Foto-Joana-Geisler-scaled-e1667381369699-326x245.jpg 326w, https:\/\/rioonwatch.org.br\/wp-content\/uploads\/2022\/11\/Projeto-Vidigal-Meu-Lugar-de-jovens-para-colher-e-expor-a-memoria-coletiva-e-de-luta-dos-espacos-no-Vidigal.-Foto-Joana-Geisler-scaled-e1667381369699-80x60.jpg 80w\" sizes=\"(max-width: 2000px) 100vw, 2000px\" \/><\/a><figcaption id=\"caption-attachment-63667\" class=\"wp-caption-text\">Projeto &#8216;Vidigal Meu Lugar&#8217; de jovens para colher e expor a mem\u00f3ria coletiva e de luta dos espa\u00e7os no Vidigal. Foto: Joana Geisler<\/figcaption><\/figure>\n<div class=\"entry-content clearfix\">\n<hr \/>\n<h4><b data-stringify-type=\"bold\">Apoie nossos esfor\u00e7os para fornecer apoio estrat\u00e9gico \u00e0s favelas do Rio, incluindo o jornalismo hiperlocal, cr\u00edtico, inovador e incans\u00e1vel do\u00a0<\/b><b data-stringify-type=\"bold\"><i data-stringify-type=\"italic\">RioOnWatch<\/i><\/b>\u2014<a class=\"c-link\" href=\"http:\/\/www.bit.ly\/ApoieROW\" target=\"_blank\" rel=\"noopener noreferrer\" data-stringify-link=\"http:\/\/www.bit.ly\/ApoieROW\" data-sk=\"tooltip_parent\">doe aqui<\/a>.<\/h4>\n<\/div>\n<!-- AddThis Advanced Settings generic via filter on the_content --><!-- AddThis Share Buttons generic via filter on the_content -->","protected":false},"excerpt":{"rendered":"<div class=\"mh-excerpt\"><p>Click Here for English No dia 24 de outubro de 2022, jovens do Col\u00e9gio Estadual Almirante Tamandar\u00e9 reuniram-se para assistir aos relatos de antigos moradores que lutaram contra as remo\u00e7\u00f5es do Vidigal na Ditadura Militar <a class=\"mh-excerpt-more\" href=\"https:\/\/rioonwatch.org.br\/?p=63600\" title=\"Evento Pedag\u00f3gico Destaca Velha Guarda Respons\u00e1vel Pela Resist\u00eancia Contra Remo\u00e7\u00f5es, no Vidigal, H\u00e1 45 Anos [IMAGENS]\">[&#8230;]<\/a><!-- AddThis Advanced Settings generic via filter on get_the_excerpt --><!-- AddThis Share Buttons generic via filter on get_the_excerpt --><\/p>\n<\/div>","protected":false},"author":167,"featured_media":63694,"comment_status":"closed","ping_status":"closed","sticky":false,"template":"template-full.php","format":"standard","meta":{"_acf_changed":false,"_monsterinsights_skip_tracking":false,"_monsterinsights_sitenote_active":false,"_monsterinsights_sitenote_note":"","_monsterinsights_sitenote_category":0,"footnotes":""},"categories":[1621,1627,1626,1616,1612],"tags":[911,2613,655,623,1023,396,395,128,841,2548,932,469,1304,86,1297,14,432,2369,2539,1308,354,184,383],"writer":[2890],"translator":[],"source":[],"ilustrador":[],"fotografo":[3243],"class_list":{"0":"post-63600","1":"post","2":"type-post","3":"status-publish","4":"format-standard","5":"has-post-thumbnail","7":"category-destaque","8":"category-relato-de-evento","9":"category-por-observadores-internacionais","10":"category-qualidades-da-favela","11":"category-sociedade-civil","12":"tag-area-de-risco","13":"tag-antares","14":"tag-associacao-de-moradores","15":"tag-comlurb","16":"tag-ditadura-militar","17":"tag-especulacao-imobiliaria","18":"tag-gentrificacao-remocao-branca","19":"tag-historia","20":"tag-historia-oral","21":"tag-igreja-catolica","22":"tag-leblon","23":"tag-memoria","24":"tag-organizacao-criativa","25":"tag-pastoral-de-favelas","26":"tag-preservacao-historica","27":"tag-remocao","28":"tag-resistencia","29":"tag-sao-conrado","30":"tag-sentimento-de-pertencimento","31":"tag-taticas-de-organizacao","32":"tag-vidigal","33":"tag-zona-oeste","34":"tag-zona-sul","35":"writer-mariana-gomes","36":"fotografo-joana-geisler"},"acf":[],"yoast_head":"<!-- This site is optimized with the Yoast SEO plugin v25.6 - https:\/\/yoast.com\/wordpress\/plugins\/seo\/ -->\n<title>Evento Pedag\u00f3gico Destaca Velha Guarda Respons\u00e1vel Pela Resist\u00eancia Contra Remo\u00e7\u00f5es, no Vidigal, H\u00e1 45 Anos [IMAGENS] - RioOnWatch<\/title>\n<meta name=\"robots\" content=\"index, follow, max-snippet:-1, max-image-preview:large, max-video-preview:-1\" \/>\n<link rel=\"canonical\" href=\"https:\/\/rioonwatch.org.br\/?p=63600\" \/>\n<meta property=\"og:locale\" content=\"pt_BR\" \/>\n<meta property=\"og:type\" content=\"article\" \/>\n<meta property=\"og:title\" content=\"Evento Pedag\u00f3gico Destaca Velha Guarda Respons\u00e1vel Pela Resist\u00eancia Contra Remo\u00e7\u00f5es, no Vidigal, H\u00e1 45 Anos [IMAGENS] - RioOnWatch\" \/>\n<meta property=\"og:description\" content=\"Click Here for English No dia 24 de outubro de 2022, jovens do Col\u00e9gio Estadual Almirante Tamandar\u00e9 reuniram-se para assistir aos relatos de antigos moradores que lutaram contra as remo\u00e7\u00f5es do Vidigal na Ditadura Militar [...]\" \/>\n<meta property=\"og:url\" content=\"https:\/\/rioonwatch.org.br\/?p=63600\" \/>\n<meta property=\"og:site_name\" content=\"RioOnWatch\" \/>\n<meta property=\"article:published_time\" content=\"2022-11-03T16:04:21+00:00\" \/>\n<meta property=\"article:modified_time\" content=\"2026-04-14T13:00:29+00:00\" \/>\n<meta property=\"og:image\" content=\"https:\/\/rioonwatch.org.br\/wp-content\/uploads\/2022\/11\/Paulinho-e-Seu-Armando-1203x629.png\" \/>\n\t<meta property=\"og:image:width\" content=\"1203\" \/>\n\t<meta property=\"og:image:height\" content=\"629\" \/>\n\t<meta property=\"og:image:type\" content=\"image\/png\" \/>\n<meta name=\"author\" content=\"Julio Santos Filho\" \/>\n<meta name=\"twitter:card\" content=\"summary_large_image\" \/>\n<meta name=\"twitter:label1\" content=\"Escrito por\" \/>\n\t<meta name=\"twitter:data1\" content=\"Julio Santos Filho\" \/>\n\t<meta name=\"twitter:label2\" content=\"Est. tempo de leitura\" \/>\n\t<meta name=\"twitter:data2\" content=\"6 minutos\" \/>\n<script type=\"application\/ld+json\" class=\"yoast-schema-graph\">{\"@context\":\"https:\/\/schema.org\",\"@graph\":[{\"@type\":\"Article\",\"@id\":\"https:\/\/rioonwatch.org.br\/?p=63600#article\",\"isPartOf\":{\"@id\":\"https:\/\/rioonwatch.org.br\/?p=63600\"},\"author\":{\"name\":\"Julio Santos Filho\",\"@id\":\"https:\/\/rioonwatch.org.br\/#\/schema\/person\/476bc75767957d3535b65b796667cd36\"},\"headline\":\"Evento Pedag\u00f3gico Destaca Velha Guarda Respons\u00e1vel Pela Resist\u00eancia Contra Remo\u00e7\u00f5es, no Vidigal, H\u00e1 45 Anos [IMAGENS]\",\"datePublished\":\"2022-11-03T16:04:21+00:00\",\"dateModified\":\"2026-04-14T13:00:29+00:00\",\"mainEntityOfPage\":{\"@id\":\"https:\/\/rioonwatch.org.br\/?p=63600\"},\"wordCount\":859,\"publisher\":{\"@id\":\"https:\/\/rioonwatch.org.br\/#organization\"},\"image\":{\"@id\":\"https:\/\/rioonwatch.org.br\/?p=63600#primaryimage\"},\"thumbnailUrl\":\"https:\/\/rioonwatch.org.br\/wp-content\/uploads\/2022\/11\/Paulinho-e-Seu-Armando.png\",\"keywords\":[\"\\\"\u00e1rea de risco\\\"\",\"Antares\",\"Associa\u00e7\u00e3o de Moradores\",\"COMLURB\",\"Ditadura Militar\",\"especula\u00e7\u00e3o imobili\u00e1ria\",\"gentrifica\u00e7\u00e3o\",\"hist\u00f3ria\",\"hist\u00f3ria oral\",\"Igreja Cat\u00f3lica\",\"Leblon\",\"Mem\u00f3rias Faveladas\",\"mobiliza\u00e7\u00e3o criativa\",\"Pastoral das Favelas\",\"preserva\u00e7\u00e3o hist\u00f3rica\",\"Remo\u00e7\u00e3o\",\"resist\u00eancia\",\"S\u00e3o Conrado\",\"sentimento de pertencimento\",\"t\u00e1ticas de organiza\u00e7\u00e3o\",\"Vidigal\",\"Zona Oeste\",\"Zona Sul\"],\"articleSection\":[\"*Destaque\",\"Cobertura de Eventos\",\"Escrito por Aliados\",\"Qualidades da Favela\",\"Sociedade Civil\"],\"inLanguage\":\"pt-BR\"},{\"@type\":\"WebPage\",\"@id\":\"https:\/\/rioonwatch.org.br\/?p=63600\",\"url\":\"https:\/\/rioonwatch.org.br\/?p=63600\",\"name\":\"Evento Pedag\u00f3gico Destaca Velha Guarda Respons\u00e1vel Pela Resist\u00eancia Contra Remo\u00e7\u00f5es, no Vidigal, H\u00e1 45 Anos [IMAGENS] - RioOnWatch\",\"isPartOf\":{\"@id\":\"https:\/\/rioonwatch.org.br\/#website\"},\"primaryImageOfPage\":{\"@id\":\"https:\/\/rioonwatch.org.br\/?p=63600#primaryimage\"},\"image\":{\"@id\":\"https:\/\/rioonwatch.org.br\/?p=63600#primaryimage\"},\"thumbnailUrl\":\"https:\/\/rioonwatch.org.br\/wp-content\/uploads\/2022\/11\/Paulinho-e-Seu-Armando.png\",\"datePublished\":\"2022-11-03T16:04:21+00:00\",\"dateModified\":\"2026-04-14T13:00:29+00:00\",\"breadcrumb\":{\"@id\":\"https:\/\/rioonwatch.org.br\/?p=63600#breadcrumb\"},\"inLanguage\":\"pt-BR\",\"potentialAction\":[{\"@type\":\"ReadAction\",\"target\":[\"https:\/\/rioonwatch.org.br\/?p=63600\"]}]},{\"@type\":\"ImageObject\",\"inLanguage\":\"pt-BR\",\"@id\":\"https:\/\/rioonwatch.org.br\/?p=63600#primaryimage\",\"url\":\"https:\/\/rioonwatch.org.br\/wp-content\/uploads\/2022\/11\/Paulinho-e-Seu-Armando.png\",\"contentUrl\":\"https:\/\/rioonwatch.org.br\/wp-content\/uploads\/2022\/11\/Paulinho-e-Seu-Armando.png\",\"width\":2550,\"height\":1333},{\"@type\":\"BreadcrumbList\",\"@id\":\"https:\/\/rioonwatch.org.br\/?p=63600#breadcrumb\",\"itemListElement\":[{\"@type\":\"ListItem\",\"position\":1,\"name\":\"In\u00edcio\",\"item\":\"https:\/\/rioonwatch.org.br\/\"},{\"@type\":\"ListItem\",\"position\":2,\"name\":\"Evento Pedag\u00f3gico Destaca Velha Guarda Respons\u00e1vel Pela Resist\u00eancia Contra Remo\u00e7\u00f5es, no Vidigal, H\u00e1 45 Anos [IMAGENS]\"}]},{\"@type\":\"WebSite\",\"@id\":\"https:\/\/rioonwatch.org.br\/#website\",\"url\":\"https:\/\/rioonwatch.org.br\/\",\"name\":\"RioOnWatch\",\"description\":\"relatos das favelas cariocas\",\"publisher\":{\"@id\":\"https:\/\/rioonwatch.org.br\/#organization\"},\"potentialAction\":[{\"@type\":\"SearchAction\",\"target\":{\"@type\":\"EntryPoint\",\"urlTemplate\":\"https:\/\/rioonwatch.org.br\/?s={search_term_string}\"},\"query-input\":{\"@type\":\"PropertyValueSpecification\",\"valueRequired\":true,\"valueName\":\"search_term_string\"}}],\"inLanguage\":\"pt-BR\"},{\"@type\":\"Organization\",\"@id\":\"https:\/\/rioonwatch.org.br\/#organization\",\"name\":\"RioOnWatch\",\"url\":\"https:\/\/rioonwatch.org.br\/\",\"logo\":{\"@type\":\"ImageObject\",\"inLanguage\":\"pt-BR\",\"@id\":\"https:\/\/rioonwatch.org.br\/#\/schema\/logo\/image\/\",\"url\":\"https:\/\/rioonwatch.org.br\/wp-content\/uploads\/2021\/06\/RioOnWatchcabecalhoPT11anos-2.png\",\"contentUrl\":\"https:\/\/rioonwatch.org.br\/wp-content\/uploads\/2021\/06\/RioOnWatchcabecalhoPT11anos-2.png\",\"width\":779,\"height\":277,\"caption\":\"RioOnWatch\"},\"image\":{\"@id\":\"https:\/\/rioonwatch.org.br\/#\/schema\/logo\/image\/\"}},{\"@type\":\"Person\",\"@id\":\"https:\/\/rioonwatch.org.br\/#\/schema\/person\/476bc75767957d3535b65b796667cd36\",\"name\":\"Julio Santos Filho\",\"image\":{\"@type\":\"ImageObject\",\"inLanguage\":\"pt-BR\",\"@id\":\"https:\/\/rioonwatch.org.br\/#\/schema\/person\/image\/\",\"url\":\"https:\/\/secure.gravatar.com\/avatar\/ca138f7666182a292a8ce4ca14fb81f8?s=96&d=blank&r=g\",\"contentUrl\":\"https:\/\/secure.gravatar.com\/avatar\/ca138f7666182a292a8ce4ca14fb81f8?s=96&d=blank&r=g\",\"caption\":\"Julio Santos Filho\"},\"url\":\"https:\/\/rioonwatch.org.br\/?author=167\"}]}<\/script>\n<!-- \/ Yoast SEO plugin. -->","yoast_head_json":{"title":"Evento Pedag\u00f3gico Destaca Velha Guarda Respons\u00e1vel Pela Resist\u00eancia Contra Remo\u00e7\u00f5es, no Vidigal, H\u00e1 45 Anos [IMAGENS] - RioOnWatch","robots":{"index":"index","follow":"follow","max-snippet":"max-snippet:-1","max-image-preview":"max-image-preview:large","max-video-preview":"max-video-preview:-1"},"canonical":"https:\/\/rioonwatch.org.br\/?p=63600","og_locale":"pt_BR","og_type":"article","og_title":"Evento Pedag\u00f3gico Destaca Velha Guarda Respons\u00e1vel Pela Resist\u00eancia Contra Remo\u00e7\u00f5es, no Vidigal, H\u00e1 45 Anos [IMAGENS] - RioOnWatch","og_description":"Click Here for English No dia 24 de outubro de 2022, jovens do Col\u00e9gio Estadual Almirante Tamandar\u00e9 reuniram-se para assistir aos relatos de antigos moradores que lutaram contra as remo\u00e7\u00f5es do Vidigal na Ditadura Militar [...]","og_url":"https:\/\/rioonwatch.org.br\/?p=63600","og_site_name":"RioOnWatch","article_published_time":"2022-11-03T16:04:21+00:00","article_modified_time":"2026-04-14T13:00:29+00:00","og_image":[{"width":1203,"height":629,"url":"https:\/\/rioonwatch.org.br\/wp-content\/uploads\/2022\/11\/Paulinho-e-Seu-Armando-1203x629.png","type":"image\/png"}],"author":"Julio Santos Filho","twitter_card":"summary_large_image","twitter_misc":{"Escrito por":"Julio Santos Filho","Est. tempo de leitura":"6 minutos"},"schema":{"@context":"https:\/\/schema.org","@graph":[{"@type":"Article","@id":"https:\/\/rioonwatch.org.br\/?p=63600#article","isPartOf":{"@id":"https:\/\/rioonwatch.org.br\/?p=63600"},"author":{"name":"Julio Santos Filho","@id":"https:\/\/rioonwatch.org.br\/#\/schema\/person\/476bc75767957d3535b65b796667cd36"},"headline":"Evento Pedag\u00f3gico Destaca Velha Guarda Respons\u00e1vel Pela Resist\u00eancia Contra Remo\u00e7\u00f5es, no Vidigal, H\u00e1 45 Anos [IMAGENS]","datePublished":"2022-11-03T16:04:21+00:00","dateModified":"2026-04-14T13:00:29+00:00","mainEntityOfPage":{"@id":"https:\/\/rioonwatch.org.br\/?p=63600"},"wordCount":859,"publisher":{"@id":"https:\/\/rioonwatch.org.br\/#organization"},"image":{"@id":"https:\/\/rioonwatch.org.br\/?p=63600#primaryimage"},"thumbnailUrl":"https:\/\/rioonwatch.org.br\/wp-content\/uploads\/2022\/11\/Paulinho-e-Seu-Armando.png","keywords":["\"\u00e1rea de risco\"","Antares","Associa\u00e7\u00e3o de Moradores","COMLURB","Ditadura Militar","especula\u00e7\u00e3o imobili\u00e1ria","gentrifica\u00e7\u00e3o","hist\u00f3ria","hist\u00f3ria oral","Igreja Cat\u00f3lica","Leblon","Mem\u00f3rias Faveladas","mobiliza\u00e7\u00e3o criativa","Pastoral das Favelas","preserva\u00e7\u00e3o hist\u00f3rica","Remo\u00e7\u00e3o","resist\u00eancia","S\u00e3o Conrado","sentimento de pertencimento","t\u00e1ticas de organiza\u00e7\u00e3o","Vidigal","Zona Oeste","Zona Sul"],"articleSection":["*Destaque","Cobertura de Eventos","Escrito por Aliados","Qualidades da Favela","Sociedade Civil"],"inLanguage":"pt-BR"},{"@type":"WebPage","@id":"https:\/\/rioonwatch.org.br\/?p=63600","url":"https:\/\/rioonwatch.org.br\/?p=63600","name":"Evento Pedag\u00f3gico Destaca Velha Guarda Respons\u00e1vel Pela Resist\u00eancia Contra Remo\u00e7\u00f5es, no Vidigal, H\u00e1 45 Anos [IMAGENS] - RioOnWatch","isPartOf":{"@id":"https:\/\/rioonwatch.org.br\/#website"},"primaryImageOfPage":{"@id":"https:\/\/rioonwatch.org.br\/?p=63600#primaryimage"},"image":{"@id":"https:\/\/rioonwatch.org.br\/?p=63600#primaryimage"},"thumbnailUrl":"https:\/\/rioonwatch.org.br\/wp-content\/uploads\/2022\/11\/Paulinho-e-Seu-Armando.png","datePublished":"2022-11-03T16:04:21+00:00","dateModified":"2026-04-14T13:00:29+00:00","breadcrumb":{"@id":"https:\/\/rioonwatch.org.br\/?p=63600#breadcrumb"},"inLanguage":"pt-BR","potentialAction":[{"@type":"ReadAction","target":["https:\/\/rioonwatch.org.br\/?p=63600"]}]},{"@type":"ImageObject","inLanguage":"pt-BR","@id":"https:\/\/rioonwatch.org.br\/?p=63600#primaryimage","url":"https:\/\/rioonwatch.org.br\/wp-content\/uploads\/2022\/11\/Paulinho-e-Seu-Armando.png","contentUrl":"https:\/\/rioonwatch.org.br\/wp-content\/uploads\/2022\/11\/Paulinho-e-Seu-Armando.png","width":2550,"height":1333},{"@type":"BreadcrumbList","@id":"https:\/\/rioonwatch.org.br\/?p=63600#breadcrumb","itemListElement":[{"@type":"ListItem","position":1,"name":"In\u00edcio","item":"https:\/\/rioonwatch.org.br\/"},{"@type":"ListItem","position":2,"name":"Evento Pedag\u00f3gico Destaca Velha Guarda Respons\u00e1vel Pela Resist\u00eancia Contra Remo\u00e7\u00f5es, no Vidigal, H\u00e1 45 Anos [IMAGENS]"}]},{"@type":"WebSite","@id":"https:\/\/rioonwatch.org.br\/#website","url":"https:\/\/rioonwatch.org.br\/","name":"RioOnWatch","description":"relatos das favelas cariocas","publisher":{"@id":"https:\/\/rioonwatch.org.br\/#organization"},"potentialAction":[{"@type":"SearchAction","target":{"@type":"EntryPoint","urlTemplate":"https:\/\/rioonwatch.org.br\/?s={search_term_string}"},"query-input":{"@type":"PropertyValueSpecification","valueRequired":true,"valueName":"search_term_string"}}],"inLanguage":"pt-BR"},{"@type":"Organization","@id":"https:\/\/rioonwatch.org.br\/#organization","name":"RioOnWatch","url":"https:\/\/rioonwatch.org.br\/","logo":{"@type":"ImageObject","inLanguage":"pt-BR","@id":"https:\/\/rioonwatch.org.br\/#\/schema\/logo\/image\/","url":"https:\/\/rioonwatch.org.br\/wp-content\/uploads\/2021\/06\/RioOnWatchcabecalhoPT11anos-2.png","contentUrl":"https:\/\/rioonwatch.org.br\/wp-content\/uploads\/2021\/06\/RioOnWatchcabecalhoPT11anos-2.png","width":779,"height":277,"caption":"RioOnWatch"},"image":{"@id":"https:\/\/rioonwatch.org.br\/#\/schema\/logo\/image\/"}},{"@type":"Person","@id":"https:\/\/rioonwatch.org.br\/#\/schema\/person\/476bc75767957d3535b65b796667cd36","name":"Julio Santos Filho","image":{"@type":"ImageObject","inLanguage":"pt-BR","@id":"https:\/\/rioonwatch.org.br\/#\/schema\/person\/image\/","url":"https:\/\/secure.gravatar.com\/avatar\/ca138f7666182a292a8ce4ca14fb81f8?s=96&d=blank&r=g","contentUrl":"https:\/\/secure.gravatar.com\/avatar\/ca138f7666182a292a8ce4ca14fb81f8?s=96&d=blank&r=g","caption":"Julio Santos Filho"},"url":"https:\/\/rioonwatch.org.br\/?author=167"}]}},"_links":{"self":[{"href":"https:\/\/rioonwatch.org.br\/index.php?rest_route=\/wp\/v2\/posts\/63600"}],"collection":[{"href":"https:\/\/rioonwatch.org.br\/index.php?rest_route=\/wp\/v2\/posts"}],"about":[{"href":"https:\/\/rioonwatch.org.br\/index.php?rest_route=\/wp\/v2\/types\/post"}],"author":[{"embeddable":true,"href":"https:\/\/rioonwatch.org.br\/index.php?rest_route=\/wp\/v2\/users\/167"}],"replies":[{"embeddable":true,"href":"https:\/\/rioonwatch.org.br\/index.php?rest_route=%2Fwp%2Fv2%2Fcomments&post=63600"}],"version-history":[{"count":19,"href":"https:\/\/rioonwatch.org.br\/index.php?rest_route=\/wp\/v2\/posts\/63600\/revisions"}],"predecessor-version":[{"id":66989,"href":"https:\/\/rioonwatch.org.br\/index.php?rest_route=\/wp\/v2\/posts\/63600\/revisions\/66989"}],"wp:featuredmedia":[{"embeddable":true,"href":"https:\/\/rioonwatch.org.br\/index.php?rest_route=\/wp\/v2\/media\/63694"}],"wp:attachment":[{"href":"https:\/\/rioonwatch.org.br\/index.php?rest_route=%2Fwp%2Fv2%2Fmedia&parent=63600"}],"wp:term":[{"taxonomy":"category","embeddable":true,"href":"https:\/\/rioonwatch.org.br\/index.php?rest_route=%2Fwp%2Fv2%2Fcategories&post=63600"},{"taxonomy":"post_tag","embeddable":true,"href":"https:\/\/rioonwatch.org.br\/index.php?rest_route=%2Fwp%2Fv2%2Ftags&post=63600"},{"taxonomy":"writer","embeddable":true,"href":"https:\/\/rioonwatch.org.br\/index.php?rest_route=%2Fwp%2Fv2%2Fwriter&post=63600"},{"taxonomy":"translator","embeddable":true,"href":"https:\/\/rioonwatch.org.br\/index.php?rest_route=%2Fwp%2Fv2%2Ftranslator&post=63600"},{"taxonomy":"source","embeddable":true,"href":"https:\/\/rioonwatch.org.br\/index.php?rest_route=%2Fwp%2Fv2%2Fsource&post=63600"},{"taxonomy":"ilustrador","embeddable":true,"href":"https:\/\/rioonwatch.org.br\/index.php?rest_route=%2Fwp%2Fv2%2Filustrador&post=63600"},{"taxonomy":"fotografo","embeddable":true,"href":"https:\/\/rioonwatch.org.br\/index.php?rest_route=%2Fwp%2Fv2%2Ffotografo&post=63600"}],"curies":[{"name":"wp","href":"https:\/\/api.w.org\/{rel}","templated":true}]}}