{"id":64197,"date":"2023-01-24T06:00:29","date_gmt":"2023-01-24T09:00:29","guid":{"rendered":"https:\/\/rioonwatch.org.br\/?p=64197"},"modified":"2023-05-31T14:31:31","modified_gmt":"2023-05-31T17:31:31","slug":"um-territorio-arido-candidaturas-de-mulheres-negras-e-perifericas-da-baixada-fluminense-video","status":"publish","type":"post","link":"https:\/\/rioonwatch.org.br\/?p=64197","title":{"rendered":"Um Territ\u00f3rio \u00c1rido: Candidaturas de Mulheres Negras e Perif\u00e9ricas da Baixada Fluminense [V\u00cdDEO]"},"content":{"rendered":"<p><iframe title=\"Um Territ\u00f3rio \u00c1rido: Candidaturas de Mulheres Negras e Perif\u00e9ricas da Baixada Fluminense\" src=\"https:\/\/www.youtube.com\/embed\/YpIBxQZ26-8\" width=\"1030\" height=\"567\" frameborder=\"0\" allowfullscreen=\"allowfullscreen\"><span data-mce-type=\"bookmark\" style=\"display: inline-block; width: 0px; overflow: hidden; line-height: 0;\" class=\"mce_SELRES_start\">\ufeff<\/span><\/iframe><\/p>\n<h4 style=\"text-align: right;\"><a href=\"https:\/\/bit.ly\/3o9wKvK\" target=\"_blank\" rel=\"noopener\"><em><strong>Click Here for English<img decoding=\"async\" class=\"alignright wp-image-15790\" src=\"https:\/\/rioonwatch.org.br\/wp-content\/uploads\/2012\/08\/EN-standard-e1439583104716.jpg\" alt=\"\" width=\"20\" height=\"20\" \/><\/strong><\/em><\/a><\/h4>\n<p><a href=\"http:\/\/bit.ly\/3J03Oyz\" target=\"_blank\" rel=\"noopener\">Neste minidocument\u00e1rio<\/a>, tr\u00eas mulheres negras da <a href=\"http:\/\/bit.ly\/2XXECxy\" target=\"_blank\" rel=\"noopener\">Baixada Fluminense<\/a> contam suas experi\u00eancias ao disputar elei\u00e7\u00f5es e como este \u00e9 <em>Um Territ\u00f3rio \u00c1rido<\/em> para candidaturas femininas, pretas e que desafiem os cl\u00e3s pol\u00edticos locais. Nas <a href=\"https:\/\/bit.ly\/3g8f9jn\" target=\"_blank\" rel=\"noopener\">elei\u00e7\u00f5es de 2022<\/a>, a professora de hist\u00f3ria <a href=\"https:\/\/bit.ly\/3Ff4Q7m\" target=\"_blank\" rel=\"noopener\">Juliana Drummond<\/a>, de <a href=\"http:\/\/bit.ly\/32hi3Hn\" target=\"_blank\" rel=\"noopener\">S\u00e3o Jo\u00e3o de Meriti<\/a>, e a professora de matem\u00e1tica <a href=\"https:\/\/bit.ly\/3VnKAWI\" target=\"_blank\" rel=\"noopener\">Rose Cipriano<\/a>, de <a href=\"http:\/\/bit.ly\/2KMwrB3\" target=\"_blank\" rel=\"noopener\">Duque de Caxias<\/a>, foram candidatas, respectivamente, aos cargos de deputada federal e estadual. J\u00e1 a pedagoga <a href=\"https:\/\/bit.ly\/3ubrp6C\" target=\"_blank\" rel=\"noopener\">Leci Carvalho<\/a>, do bairro de Austin, em <a href=\"http:\/\/bit.ly\/2YytCa6\" target=\"_blank\" rel=\"noopener\">Nova Igua\u00e7u<\/a>, apesar de n\u00e3o ter disputado o pleito em 2022, relata as dificuldades que enfrentou nas elei\u00e7\u00f5es <a href=\"https:\/\/bit.ly\/EleicaoRio2020\" target=\"_blank\" rel=\"noopener\">de 2020<\/a> e <a href=\"http:\/\/bit.ly\/2dfACU9\" target=\"_blank\" rel=\"noopener\">de 2016<\/a>, quando tentou conquistar a Prefeitura de Nova Igua\u00e7u.<\/p>\n<p>Nenhuma das tr\u00eas conseguiu se eleger. No entanto, Juliana Drummond, que obteve 4.181 votos, \u00e9 suplente de deputada federal e Rose Cipriano, que contou com 13.699 votos, \u00e9 suplente de deputada estadual. Isso significa que, gra\u00e7as \u00e0 vota\u00e7\u00e3o expressiva que receberam, caso deputados da mesma lista partid\u00e1ria precisem se ausentar ou serem substitu\u00eddos, elas poder\u00e3o vir a ser empossadas, o que pode acontecer at\u00e9 2026.<\/p>\n<p>Em comum, as tr\u00eas ativistas trazem reflex\u00f5es sobre o <a href=\"https:\/\/bit.ly\/3JUDW48\" target=\"_blank\" rel=\"noopener\">racismo estrutural<\/a> e o <a href=\"http:\/\/bit.ly\/2yDDl3C\" target=\"_blank\" rel=\"noopener\">machismo<\/a>, que permeiam historicamente o processo eleitoral na Baixada. Este minidocument\u00e1rio tamb\u00e9m mostra o racismo na distribui\u00e7\u00e3o dos or\u00e7amentos do fundo eleitoral dos partidos pol\u00edticos entre candidaturas negras se comparadas \u00e0s brancas. At\u00e9 mesmo em partidos que teoricamente abra\u00e7am a luta antirracista e que t\u00eam militantes hist\u00f3ricos do <a href=\"https:\/\/bit.ly\/2ED4jQ1\" target=\"_blank\" rel=\"noopener\">Movimento Negro<\/a>, como o Partido dos Trabalhadores (<a href=\"https:\/\/bit.ly\/2U74Huw\" target=\"_blank\" rel=\"noopener\">PT<\/a>), candidatas(os) negras(os) s\u00e3o subfinanciadas e n\u00e3o contam com todo o apoio institucional comumente dispon\u00edvel a seus correligion\u00e1rios brancos.<\/p>\n<h3>Assista ao Minidocument\u00e1rio <a href=\"http:\/\/bit.ly\/3J03Oyz\" target=\"_blank\" rel=\"noopener\">Aqui<\/a>.<\/h3>\n<figure id=\"attachment_65444\" aria-describedby=\"caption-attachment-65444\" style=\"width: 1030px\" class=\"wp-caption aligncenter\"><a href=\"https:\/\/rioonwatch.org.br\/wp-content\/uploads\/2023\/01\/Estacao-de-Comendador-Soares-com-a-Serra-do-Vulcao-ao-Fundo.png\"><img fetchpriority=\"high\" decoding=\"async\" class=\"wp-image-65444\" title=\"Esta\u00e7\u00e3o de Comendador Soares em Nova Igua\u00e7u com a Serra do Vulc\u00e3o ao fundo. Foto: Reprodu\u00e7\u00e3o do v\u00eddeo\" src=\"https:\/\/rioonwatch.org.br\/wp-content\/uploads\/2023\/01\/Estacao-de-Comendador-Soares-com-a-Serra-do-Vulcao-ao-Fundo-620x304.png\" alt=\"\" width=\"1030\" height=\"505\" srcset=\"https:\/\/rioonwatch.org.br\/wp-content\/uploads\/2023\/01\/Estacao-de-Comendador-Soares-com-a-Serra-do-Vulcao-ao-Fundo-620x304.png 620w, https:\/\/rioonwatch.org.br\/wp-content\/uploads\/2023\/01\/Estacao-de-Comendador-Soares-com-a-Serra-do-Vulcao-ao-Fundo-1283x629.png 1283w, https:\/\/rioonwatch.org.br\/wp-content\/uploads\/2023\/01\/Estacao-de-Comendador-Soares-com-a-Serra-do-Vulcao-ao-Fundo.png 1312w\" sizes=\"(max-width: 1030px) 100vw, 1030px\" \/><\/a><figcaption id=\"caption-attachment-65444\" class=\"wp-caption-text\">Esta\u00e7\u00e3o de Comendador Soares em Nova Igua\u00e7u com a Serra do Vulc\u00e3o ao fundo. Foto: Reprodu\u00e7\u00e3o do v\u00eddeo<\/figcaption><\/figure>\n<p><em>Sobre o roteirista: <a href=\"https:\/\/bit.ly\/2ZpPvyr\" target=\"_blank\" rel=\"noopener\">Fabio Leon<\/a>\u00a0\u00e9 jornalista, ativista dos direitos humanos e assessor de comunica\u00e7\u00e3o no\u00a0<a href=\"http:\/\/bit.ly\/2uOOkXZ\" target=\"_blank\" rel=\"noopener noreferrer\">F\u00f3rum Grita Baixada<\/a>.<\/em><\/p>\n<p><em>Sobre a produtora e editora: Moradora de Nova Igua\u00e7u, <a href=\"https:\/\/bit.ly\/3VF18t6\" target=\"_blank\" rel=\"noopener\">Janine Miranda<\/a> \u00e9 professora de linguagens e trabalha com o audiovisual e fotografia, al\u00e9m de atuar com a educa\u00e7\u00e3o para o meio ambiente atrav\u00e9s da ONG Contato.<\/em><\/p>\n<hr \/>\n<h4><b data-stringify-type=\"bold\">Apoie nossos esfor\u00e7os para fornecer apoio estrat\u00e9gico \u00e0s favelas do Rio, incluindo o jornalismo hiperlocal, cr\u00edtico, inovador e incans\u00e1vel do\u00a0<\/b><b data-stringify-type=\"bold\"><i data-stringify-type=\"italic\">RioOnWatch<\/i><\/b>\u2014<a class=\"c-link\" href=\"http:\/\/www.bit.ly\/ApoieROW\" target=\"_blank\" rel=\"noopener noreferrer\" data-stringify-link=\"http:\/\/www.bit.ly\/ApoieROW\" data-sk=\"tooltip_parent\">doe aqui<\/a>.<\/h4>\n<!-- AddThis Advanced Settings generic via filter on the_content --><!-- AddThis Share Buttons generic via filter on the_content -->","protected":false},"excerpt":{"rendered":"<div class=\"mh-excerpt\"><p>\ufeff Click Here for English Neste minidocument\u00e1rio, tr\u00eas mulheres negras da Baixada Fluminense contam suas experi\u00eancias ao disputar elei\u00e7\u00f5es e como este \u00e9 Um Territ\u00f3rio \u00c1rido para candidaturas femininas, pretas e que desafiem os cl\u00e3s <a class=\"mh-excerpt-more\" href=\"https:\/\/rioonwatch.org.br\/?p=64197\" title=\"Um Territ\u00f3rio \u00c1rido: Candidaturas de Mulheres Negras e Perif\u00e9ricas da Baixada Fluminense [V\u00cdDEO]\">[&#8230;]<\/a><!-- AddThis Advanced Settings generic via filter on get_the_excerpt --><!-- AddThis Share Buttons generic via filter on get_the_excerpt --><\/p>\n<\/div>","protected":false},"author":167,"featured_media":65444,"comment_status":"closed","ping_status":"closed","sticky":false,"template":"template-full.php","format":"standard","meta":{"_acf_changed":false,"_monsterinsights_skip_tracking":false,"_monsterinsights_sitenote_active":false,"_monsterinsights_sitenote_note":"","_monsterinsights_sitenote_category":0,"footnotes":""},"categories":[1618,3175,1625,1638],"tags":[3228,959,479,1091,2918,3173,1403,961,1989,1840,3114,2432,112,2163,1810],"writer":[2177],"translator":[],"source":[],"ilustrador":[],"fotografo":[],"class_list":{"0":"post-64197","1":"post","2":"type-post","3":"status-publish","4":"format-standard","5":"has-post-thumbnail","7":"category-olhonaparticipacao","8":"category-democracia","9":"category-por-correspondentes-comunitarios","10":"category-video","11":"tag-austin-nova-iguacu","12":"tag-baixada-fluminense","13":"tag-democracia","14":"tag-duque-de-caxias","15":"tag-eleicao-municipal-2020","16":"tag-eleicoes-2022","17":"tag-movimento-negro","18":"tag-nova-iguacu","19":"tag-psol","20":"tag-pt","21":"tag-racismo-estrutural","22":"tag-representatividade","23":"tag-sao-joao-de-meriti","24":"tag-sexismo","25":"tag-video","26":"writer-fabio-leon"},"acf":[],"yoast_head":"<!-- This site is optimized with the Yoast SEO plugin v25.6 - https:\/\/yoast.com\/wordpress\/plugins\/seo\/ -->\n<title>Um Territ\u00f3rio \u00c1rido: Candidaturas de Mulheres Negras e Perif\u00e9ricas da Baixada Fluminense [V\u00cdDEO] - RioOnWatch<\/title>\n<meta name=\"robots\" content=\"index, follow, max-snippet:-1, max-image-preview:large, max-video-preview:-1\" \/>\n<link rel=\"canonical\" href=\"https:\/\/rioonwatch.org.br\/?p=64197\" \/>\n<meta property=\"og:locale\" content=\"pt_BR\" \/>\n<meta property=\"og:type\" content=\"article\" \/>\n<meta property=\"og:title\" content=\"Um Territ\u00f3rio \u00c1rido: Candidaturas de Mulheres Negras e Perif\u00e9ricas da Baixada Fluminense [V\u00cdDEO] - RioOnWatch\" \/>\n<meta property=\"og:description\" content=\"\ufeff Click Here for English Neste minidocument\u00e1rio, tr\u00eas mulheres negras da Baixada Fluminense contam suas experi\u00eancias ao disputar elei\u00e7\u00f5es e como este \u00e9 Um Territ\u00f3rio \u00c1rido para candidaturas femininas, pretas e que desafiem os cl\u00e3s [...]\" \/>\n<meta property=\"og:url\" content=\"https:\/\/rioonwatch.org.br\/?p=64197\" \/>\n<meta property=\"og:site_name\" content=\"RioOnWatch\" \/>\n<meta property=\"article:published_time\" content=\"2023-01-24T09:00:29+00:00\" \/>\n<meta property=\"article:modified_time\" content=\"2023-05-31T17:31:31+00:00\" \/>\n<meta property=\"og:image\" content=\"https:\/\/rioonwatch.org.br\/wp-content\/uploads\/2023\/01\/Estacao-de-Comendador-Soares-com-a-Serra-do-Vulcao-ao-Fundo.png\" \/>\n\t<meta property=\"og:image:width\" content=\"1312\" \/>\n\t<meta property=\"og:image:height\" content=\"643\" \/>\n\t<meta property=\"og:image:type\" content=\"image\/png\" \/>\n<meta name=\"author\" content=\"Julio Santos Filho\" \/>\n<meta name=\"twitter:card\" content=\"summary_large_image\" \/>\n<meta name=\"twitter:label1\" content=\"Escrito por\" \/>\n\t<meta name=\"twitter:data1\" content=\"Julio Santos Filho\" \/>\n\t<meta name=\"twitter:label2\" content=\"Est. tempo de leitura\" \/>\n\t<meta name=\"twitter:data2\" content=\"3 minutos\" \/>\n<script type=\"application\/ld+json\" class=\"yoast-schema-graph\">{\"@context\":\"https:\/\/schema.org\",\"@graph\":[{\"@type\":\"Article\",\"@id\":\"https:\/\/rioonwatch.org.br\/?p=64197#article\",\"isPartOf\":{\"@id\":\"https:\/\/rioonwatch.org.br\/?p=64197\"},\"author\":{\"name\":\"Julio Santos Filho\",\"@id\":\"https:\/\/rioonwatch.org.br\/#\/schema\/person\/476bc75767957d3535b65b796667cd36\"},\"headline\":\"Um Territ\u00f3rio \u00c1rido: Candidaturas de Mulheres Negras e Perif\u00e9ricas da Baixada Fluminense [V\u00cdDEO]\",\"datePublished\":\"2023-01-24T09:00:29+00:00\",\"dateModified\":\"2023-05-31T17:31:31+00:00\",\"mainEntityOfPage\":{\"@id\":\"https:\/\/rioonwatch.org.br\/?p=64197\"},\"wordCount\":429,\"publisher\":{\"@id\":\"https:\/\/rioonwatch.org.br\/#organization\"},\"image\":{\"@id\":\"https:\/\/rioonwatch.org.br\/?p=64197#primaryimage\"},\"thumbnailUrl\":\"https:\/\/rioonwatch.org.br\/wp-content\/uploads\/2023\/01\/Estacao-de-Comendador-Soares-com-a-Serra-do-Vulcao-ao-Fundo.png\",\"keywords\":[\"Austin (Nova Igua\u00e7u)\",\"Baixada Fluminense\",\"Democracia\",\"Duque de Caxias\",\"elei\u00e7\u00e3o municipal 2020\",\"elei\u00e7\u00f5es 2022\",\"Movimento negro\",\"Nova Igua\u00e7u\",\"PSOL\",\"PT\",\"Racismo estrutural\",\"representatividade\",\"S\u00e3o Jo\u00e3o de Meriti\",\"sexismo\",\"v\u00eddeo\"],\"articleSection\":[\"#OlhoNaParticipa\u00e7\u00e3o\",\"Democracia\",\"Escrito por Comunicadores Populares\",\"V\u00eddeo\"],\"inLanguage\":\"pt-BR\"},{\"@type\":\"WebPage\",\"@id\":\"https:\/\/rioonwatch.org.br\/?p=64197\",\"url\":\"https:\/\/rioonwatch.org.br\/?p=64197\",\"name\":\"Um Territ\u00f3rio \u00c1rido: Candidaturas de Mulheres Negras e Perif\u00e9ricas da Baixada Fluminense [V\u00cdDEO] - RioOnWatch\",\"isPartOf\":{\"@id\":\"https:\/\/rioonwatch.org.br\/#website\"},\"primaryImageOfPage\":{\"@id\":\"https:\/\/rioonwatch.org.br\/?p=64197#primaryimage\"},\"image\":{\"@id\":\"https:\/\/rioonwatch.org.br\/?p=64197#primaryimage\"},\"thumbnailUrl\":\"https:\/\/rioonwatch.org.br\/wp-content\/uploads\/2023\/01\/Estacao-de-Comendador-Soares-com-a-Serra-do-Vulcao-ao-Fundo.png\",\"datePublished\":\"2023-01-24T09:00:29+00:00\",\"dateModified\":\"2023-05-31T17:31:31+00:00\",\"breadcrumb\":{\"@id\":\"https:\/\/rioonwatch.org.br\/?p=64197#breadcrumb\"},\"inLanguage\":\"pt-BR\",\"potentialAction\":[{\"@type\":\"ReadAction\",\"target\":[\"https:\/\/rioonwatch.org.br\/?p=64197\"]}]},{\"@type\":\"ImageObject\",\"inLanguage\":\"pt-BR\",\"@id\":\"https:\/\/rioonwatch.org.br\/?p=64197#primaryimage\",\"url\":\"https:\/\/rioonwatch.org.br\/wp-content\/uploads\/2023\/01\/Estacao-de-Comendador-Soares-com-a-Serra-do-Vulcao-ao-Fundo.png\",\"contentUrl\":\"https:\/\/rioonwatch.org.br\/wp-content\/uploads\/2023\/01\/Estacao-de-Comendador-Soares-com-a-Serra-do-Vulcao-ao-Fundo.png\",\"width\":1312,\"height\":643},{\"@type\":\"BreadcrumbList\",\"@id\":\"https:\/\/rioonwatch.org.br\/?p=64197#breadcrumb\",\"itemListElement\":[{\"@type\":\"ListItem\",\"position\":1,\"name\":\"In\u00edcio\",\"item\":\"https:\/\/rioonwatch.org.br\/\"},{\"@type\":\"ListItem\",\"position\":2,\"name\":\"Um Territ\u00f3rio \u00c1rido: Candidaturas de Mulheres Negras e Perif\u00e9ricas da Baixada Fluminense [V\u00cdDEO]\"}]},{\"@type\":\"WebSite\",\"@id\":\"https:\/\/rioonwatch.org.br\/#website\",\"url\":\"https:\/\/rioonwatch.org.br\/\",\"name\":\"RioOnWatch\",\"description\":\"relatos das favelas cariocas\",\"publisher\":{\"@id\":\"https:\/\/rioonwatch.org.br\/#organization\"},\"potentialAction\":[{\"@type\":\"SearchAction\",\"target\":{\"@type\":\"EntryPoint\",\"urlTemplate\":\"https:\/\/rioonwatch.org.br\/?s={search_term_string}\"},\"query-input\":{\"@type\":\"PropertyValueSpecification\",\"valueRequired\":true,\"valueName\":\"search_term_string\"}}],\"inLanguage\":\"pt-BR\"},{\"@type\":\"Organization\",\"@id\":\"https:\/\/rioonwatch.org.br\/#organization\",\"name\":\"RioOnWatch\",\"url\":\"https:\/\/rioonwatch.org.br\/\",\"logo\":{\"@type\":\"ImageObject\",\"inLanguage\":\"pt-BR\",\"@id\":\"https:\/\/rioonwatch.org.br\/#\/schema\/logo\/image\/\",\"url\":\"https:\/\/rioonwatch.org.br\/wp-content\/uploads\/2021\/06\/RioOnWatchcabecalhoPT11anos-2.png\",\"contentUrl\":\"https:\/\/rioonwatch.org.br\/wp-content\/uploads\/2021\/06\/RioOnWatchcabecalhoPT11anos-2.png\",\"width\":779,\"height\":277,\"caption\":\"RioOnWatch\"},\"image\":{\"@id\":\"https:\/\/rioonwatch.org.br\/#\/schema\/logo\/image\/\"}},{\"@type\":\"Person\",\"@id\":\"https:\/\/rioonwatch.org.br\/#\/schema\/person\/476bc75767957d3535b65b796667cd36\",\"name\":\"Julio Santos Filho\",\"image\":{\"@type\":\"ImageObject\",\"inLanguage\":\"pt-BR\",\"@id\":\"https:\/\/rioonwatch.org.br\/#\/schema\/person\/image\/\",\"url\":\"https:\/\/secure.gravatar.com\/avatar\/ca138f7666182a292a8ce4ca14fb81f8?s=96&d=blank&r=g\",\"contentUrl\":\"https:\/\/secure.gravatar.com\/avatar\/ca138f7666182a292a8ce4ca14fb81f8?s=96&d=blank&r=g\",\"caption\":\"Julio Santos Filho\"},\"url\":\"https:\/\/rioonwatch.org.br\/?author=167\"}]}<\/script>\n<!-- \/ Yoast SEO plugin. -->","yoast_head_json":{"title":"Um Territ\u00f3rio \u00c1rido: Candidaturas de Mulheres Negras e Perif\u00e9ricas da Baixada Fluminense [V\u00cdDEO] - RioOnWatch","robots":{"index":"index","follow":"follow","max-snippet":"max-snippet:-1","max-image-preview":"max-image-preview:large","max-video-preview":"max-video-preview:-1"},"canonical":"https:\/\/rioonwatch.org.br\/?p=64197","og_locale":"pt_BR","og_type":"article","og_title":"Um Territ\u00f3rio \u00c1rido: Candidaturas de Mulheres Negras e Perif\u00e9ricas da Baixada Fluminense [V\u00cdDEO] - RioOnWatch","og_description":"\ufeff Click Here for English Neste minidocument\u00e1rio, tr\u00eas mulheres negras da Baixada Fluminense contam suas experi\u00eancias ao disputar elei\u00e7\u00f5es e como este \u00e9 Um Territ\u00f3rio \u00c1rido para candidaturas femininas, pretas e que desafiem os cl\u00e3s [...]","og_url":"https:\/\/rioonwatch.org.br\/?p=64197","og_site_name":"RioOnWatch","article_published_time":"2023-01-24T09:00:29+00:00","article_modified_time":"2023-05-31T17:31:31+00:00","og_image":[{"width":1312,"height":643,"url":"https:\/\/rioonwatch.org.br\/wp-content\/uploads\/2023\/01\/Estacao-de-Comendador-Soares-com-a-Serra-do-Vulcao-ao-Fundo.png","type":"image\/png"}],"author":"Julio Santos Filho","twitter_card":"summary_large_image","twitter_misc":{"Escrito por":"Julio Santos Filho","Est. tempo de leitura":"3 minutos"},"schema":{"@context":"https:\/\/schema.org","@graph":[{"@type":"Article","@id":"https:\/\/rioonwatch.org.br\/?p=64197#article","isPartOf":{"@id":"https:\/\/rioonwatch.org.br\/?p=64197"},"author":{"name":"Julio Santos Filho","@id":"https:\/\/rioonwatch.org.br\/#\/schema\/person\/476bc75767957d3535b65b796667cd36"},"headline":"Um Territ\u00f3rio \u00c1rido: Candidaturas de Mulheres Negras e Perif\u00e9ricas da Baixada Fluminense [V\u00cdDEO]","datePublished":"2023-01-24T09:00:29+00:00","dateModified":"2023-05-31T17:31:31+00:00","mainEntityOfPage":{"@id":"https:\/\/rioonwatch.org.br\/?p=64197"},"wordCount":429,"publisher":{"@id":"https:\/\/rioonwatch.org.br\/#organization"},"image":{"@id":"https:\/\/rioonwatch.org.br\/?p=64197#primaryimage"},"thumbnailUrl":"https:\/\/rioonwatch.org.br\/wp-content\/uploads\/2023\/01\/Estacao-de-Comendador-Soares-com-a-Serra-do-Vulcao-ao-Fundo.png","keywords":["Austin (Nova Igua\u00e7u)","Baixada Fluminense","Democracia","Duque de Caxias","elei\u00e7\u00e3o municipal 2020","elei\u00e7\u00f5es 2022","Movimento negro","Nova Igua\u00e7u","PSOL","PT","Racismo estrutural","representatividade","S\u00e3o Jo\u00e3o de Meriti","sexismo","v\u00eddeo"],"articleSection":["#OlhoNaParticipa\u00e7\u00e3o","Democracia","Escrito por Comunicadores Populares","V\u00eddeo"],"inLanguage":"pt-BR"},{"@type":"WebPage","@id":"https:\/\/rioonwatch.org.br\/?p=64197","url":"https:\/\/rioonwatch.org.br\/?p=64197","name":"Um Territ\u00f3rio \u00c1rido: Candidaturas de Mulheres Negras e Perif\u00e9ricas da Baixada Fluminense [V\u00cdDEO] - RioOnWatch","isPartOf":{"@id":"https:\/\/rioonwatch.org.br\/#website"},"primaryImageOfPage":{"@id":"https:\/\/rioonwatch.org.br\/?p=64197#primaryimage"},"image":{"@id":"https:\/\/rioonwatch.org.br\/?p=64197#primaryimage"},"thumbnailUrl":"https:\/\/rioonwatch.org.br\/wp-content\/uploads\/2023\/01\/Estacao-de-Comendador-Soares-com-a-Serra-do-Vulcao-ao-Fundo.png","datePublished":"2023-01-24T09:00:29+00:00","dateModified":"2023-05-31T17:31:31+00:00","breadcrumb":{"@id":"https:\/\/rioonwatch.org.br\/?p=64197#breadcrumb"},"inLanguage":"pt-BR","potentialAction":[{"@type":"ReadAction","target":["https:\/\/rioonwatch.org.br\/?p=64197"]}]},{"@type":"ImageObject","inLanguage":"pt-BR","@id":"https:\/\/rioonwatch.org.br\/?p=64197#primaryimage","url":"https:\/\/rioonwatch.org.br\/wp-content\/uploads\/2023\/01\/Estacao-de-Comendador-Soares-com-a-Serra-do-Vulcao-ao-Fundo.png","contentUrl":"https:\/\/rioonwatch.org.br\/wp-content\/uploads\/2023\/01\/Estacao-de-Comendador-Soares-com-a-Serra-do-Vulcao-ao-Fundo.png","width":1312,"height":643},{"@type":"BreadcrumbList","@id":"https:\/\/rioonwatch.org.br\/?p=64197#breadcrumb","itemListElement":[{"@type":"ListItem","position":1,"name":"In\u00edcio","item":"https:\/\/rioonwatch.org.br\/"},{"@type":"ListItem","position":2,"name":"Um Territ\u00f3rio \u00c1rido: Candidaturas de Mulheres Negras e Perif\u00e9ricas da Baixada Fluminense [V\u00cdDEO]"}]},{"@type":"WebSite","@id":"https:\/\/rioonwatch.org.br\/#website","url":"https:\/\/rioonwatch.org.br\/","name":"RioOnWatch","description":"relatos das favelas cariocas","publisher":{"@id":"https:\/\/rioonwatch.org.br\/#organization"},"potentialAction":[{"@type":"SearchAction","target":{"@type":"EntryPoint","urlTemplate":"https:\/\/rioonwatch.org.br\/?s={search_term_string}"},"query-input":{"@type":"PropertyValueSpecification","valueRequired":true,"valueName":"search_term_string"}}],"inLanguage":"pt-BR"},{"@type":"Organization","@id":"https:\/\/rioonwatch.org.br\/#organization","name":"RioOnWatch","url":"https:\/\/rioonwatch.org.br\/","logo":{"@type":"ImageObject","inLanguage":"pt-BR","@id":"https:\/\/rioonwatch.org.br\/#\/schema\/logo\/image\/","url":"https:\/\/rioonwatch.org.br\/wp-content\/uploads\/2021\/06\/RioOnWatchcabecalhoPT11anos-2.png","contentUrl":"https:\/\/rioonwatch.org.br\/wp-content\/uploads\/2021\/06\/RioOnWatchcabecalhoPT11anos-2.png","width":779,"height":277,"caption":"RioOnWatch"},"image":{"@id":"https:\/\/rioonwatch.org.br\/#\/schema\/logo\/image\/"}},{"@type":"Person","@id":"https:\/\/rioonwatch.org.br\/#\/schema\/person\/476bc75767957d3535b65b796667cd36","name":"Julio Santos Filho","image":{"@type":"ImageObject","inLanguage":"pt-BR","@id":"https:\/\/rioonwatch.org.br\/#\/schema\/person\/image\/","url":"https:\/\/secure.gravatar.com\/avatar\/ca138f7666182a292a8ce4ca14fb81f8?s=96&d=blank&r=g","contentUrl":"https:\/\/secure.gravatar.com\/avatar\/ca138f7666182a292a8ce4ca14fb81f8?s=96&d=blank&r=g","caption":"Julio Santos Filho"},"url":"https:\/\/rioonwatch.org.br\/?author=167"}]}},"_links":{"self":[{"href":"https:\/\/rioonwatch.org.br\/index.php?rest_route=\/wp\/v2\/posts\/64197"}],"collection":[{"href":"https:\/\/rioonwatch.org.br\/index.php?rest_route=\/wp\/v2\/posts"}],"about":[{"href":"https:\/\/rioonwatch.org.br\/index.php?rest_route=\/wp\/v2\/types\/post"}],"author":[{"embeddable":true,"href":"https:\/\/rioonwatch.org.br\/index.php?rest_route=\/wp\/v2\/users\/167"}],"replies":[{"embeddable":true,"href":"https:\/\/rioonwatch.org.br\/index.php?rest_route=%2Fwp%2Fv2%2Fcomments&post=64197"}],"version-history":[{"count":17,"href":"https:\/\/rioonwatch.org.br\/index.php?rest_route=\/wp\/v2\/posts\/64197\/revisions"}],"predecessor-version":[{"id":68630,"href":"https:\/\/rioonwatch.org.br\/index.php?rest_route=\/wp\/v2\/posts\/64197\/revisions\/68630"}],"wp:featuredmedia":[{"embeddable":true,"href":"https:\/\/rioonwatch.org.br\/index.php?rest_route=\/wp\/v2\/media\/65444"}],"wp:attachment":[{"href":"https:\/\/rioonwatch.org.br\/index.php?rest_route=%2Fwp%2Fv2%2Fmedia&parent=64197"}],"wp:term":[{"taxonomy":"category","embeddable":true,"href":"https:\/\/rioonwatch.org.br\/index.php?rest_route=%2Fwp%2Fv2%2Fcategories&post=64197"},{"taxonomy":"post_tag","embeddable":true,"href":"https:\/\/rioonwatch.org.br\/index.php?rest_route=%2Fwp%2Fv2%2Ftags&post=64197"},{"taxonomy":"writer","embeddable":true,"href":"https:\/\/rioonwatch.org.br\/index.php?rest_route=%2Fwp%2Fv2%2Fwriter&post=64197"},{"taxonomy":"translator","embeddable":true,"href":"https:\/\/rioonwatch.org.br\/index.php?rest_route=%2Fwp%2Fv2%2Ftranslator&post=64197"},{"taxonomy":"source","embeddable":true,"href":"https:\/\/rioonwatch.org.br\/index.php?rest_route=%2Fwp%2Fv2%2Fsource&post=64197"},{"taxonomy":"ilustrador","embeddable":true,"href":"https:\/\/rioonwatch.org.br\/index.php?rest_route=%2Fwp%2Fv2%2Filustrador&post=64197"},{"taxonomy":"fotografo","embeddable":true,"href":"https:\/\/rioonwatch.org.br\/index.php?rest_route=%2Fwp%2Fv2%2Ffotografo&post=64197"}],"curies":[{"name":"wp","href":"https:\/\/api.w.org\/{rel}","templated":true}]}}