{"id":64541,"date":"2022-12-23T07:00:35","date_gmt":"2022-12-23T10:00:35","guid":{"rendered":"https:\/\/rioonwatch.org.br\/?p=64541"},"modified":"2023-01-05T17:44:15","modified_gmt":"2023-01-05T20:44:15","slug":"papais-noeis-negros-e-a-importancia-da-representatividade-tambem-no-natal-favela-mundo-recebe-criancas-do-caju-cdd-e-acari-video","status":"publish","type":"post","link":"https:\/\/rioonwatch.org.br\/?p=64541","title":{"rendered":"Papais No\u00e9is Negros e a Import\u00e2ncia da Representatividade Tamb\u00e9m no Natal: Favela Mundo Recebe Crian\u00e7as do Caju, CDD e Acari [VIDEO]"},"content":{"rendered":"<p><iframe title=\"YouTube video player\" src=\"https:\/\/www.youtube.com\/embed\/D7dgB3iMLMY\" width=\"1120\" height=\"630\" frameborder=\"0\" allowfullscreen=\"allowfullscreen\"><span data-mce-type=\"bookmark\" style=\"display: inline-block; width: 0px; overflow: hidden; line-height: 0;\" class=\"mce_SELRES_start\">\ufeff<\/span><\/iframe><\/p>\n<h4 style=\"text-align: right;\"><a href=\"https:\/\/bit.ly\/3idoiJ6\" target=\"_blank\" rel=\"noopener\"><em><strong>Click Here for English<img decoding=\"async\" class=\"alignright wp-image-15790\" src=\"https:\/\/rioonwatch.org.br\/wp-content\/uploads\/2012\/08\/EN-standard-e1439583104716.jpg\" alt=\"\" width=\"20\" height=\"20\" \/><\/strong><\/em><\/a><\/h4>\n<p><a href=\"https:\/\/bit.ly\/PapaiNoelNegro\" target=\"_blank\" rel=\"noopener\">Este v\u00eddeo<\/a> mostra a import\u00e2ncia da <a href=\"https:\/\/bit.ly\/2Zy4jbV\" target=\"_blank\" rel=\"noopener\">representatividade<\/a> para o <a href=\"https:\/\/bit.ly\/3VivK4i\" target=\"_blank\" rel=\"noopener\">empoderamento de crian\u00e7as negras<\/a>. Nesta festa de Natal do <span style=\"font-weight: 400;\"><a href=\"https:\/\/bit.ly\/3WfHAvI\" target=\"_blank\" rel=\"noopener\">Favela Mundo<\/a><\/span>, o maior presente \u00e9 alimentar o <a href=\"https:\/\/bit.ly\/3ktq9Y6\" target=\"_blank\" rel=\"noopener\">imagin\u00e1rio de crian\u00e7as negras<\/a> de favela com <a href=\"https:\/\/bit.ly\/3eTvo0R\" target=\"_blank\" rel=\"noopener\">referenciais positivas pretas<\/a>.<\/p>\n<p><span style=\"font-weight: 400;\">Papais No\u00e9is Afro, interpretados pelos atores <\/span><a href=\"http:\/\/bit.ly\/3FSuMpN\" target=\"_blank\" rel=\"noopener\"><span style=\"font-weight: 400;\">Rodrigo Fran\u00e7a<\/span><\/a><span style=\"font-weight: 400;\"> e <\/span><a href=\"http:\/\/bit.ly\/3FrcRVI\" target=\"_blank\" rel=\"noopener\"><span style=\"font-weight: 400;\">Felipe Canela<\/span><\/a><span style=\"font-weight: 400;\">, foram a atra\u00e7\u00e3o principal do Natal Afrocentrado oferecido pela ONG Favela Mundo a cerca de 900 crian\u00e7as e adolescentes atendidos pelos projetos da organiza\u00e7\u00e3o. Os encontros dos Papais No\u00e9is negros com as comunidades aconteceram entre os dias 6 e 12 de dezembro, no <a href=\"https:\/\/bit.ly\/3fKbl39\" target=\"_blank\" rel=\"noopener\">Caju<\/a>, na\u00a0 <a href=\"http:\/\/bit.ly\/2rF8MuX\" target=\"_blank\" rel=\"noopener\">Cidade de Deus<\/a> e em <a href=\"https:\/\/bit.ly\/3csVmo6\" target=\"_blank\" rel=\"noopener\">Acari<\/a>.<\/span><\/p>\n<p><a href=\"https:\/\/rioonwatch.org.br\/wp-content\/uploads\/2022\/12\/Papai-Noel-do-Favela-Mundo.png\"><img fetchpriority=\"high\" decoding=\"async\" class=\"aligncenter size-full wp-image-64876\" src=\"https:\/\/rioonwatch.org.br\/wp-content\/uploads\/2022\/12\/Papai-Noel-do-Favela-Mundo.png\" alt=\"\" width=\"2860\" height=\"1540\" srcset=\"https:\/\/rioonwatch.org.br\/wp-content\/uploads\/2022\/12\/Papai-Noel-do-Favela-Mundo.png 2860w, https:\/\/rioonwatch.org.br\/wp-content\/uploads\/2022\/12\/Papai-Noel-do-Favela-Mundo-620x334.png 620w\" sizes=\"(max-width: 2860px) 100vw, 2860px\" \/><\/a><\/p>\n<p><span style=\"font-weight: 400;\">Rodrigo, que atuou no dia 6 de dezembro na Cidade de Deus, na <\/span><a href=\"http:\/\/bit.ly\/2x3k8bw\" target=\"_blank\" rel=\"noopener\"><span style=\"font-weight: 400;\">Zona Oeste<\/span><\/a><span style=\"font-weight: 400;\">, e Felipe, que fez o bom velhinho afro nos dias 8 e 12 de dezembro, tanto em Acari, quanto no Caju, ambos na <\/span><a href=\"http:\/\/bit.ly\/2ETpYR1\" target=\"_blank\" rel=\"noopener\"><span style=\"font-weight: 400;\">Zona Norte<\/span><\/a><span style=\"font-weight: 400;\">, levaram para os <\/span><span style=\"font-weight: 400;\">alunos da ONG <\/span><span style=\"font-weight: 400;\">um mundo de possibilidades e referenciais, que far\u00e3o parte da constru\u00e7\u00e3o de suas subjetividades enquanto pessoas negras e moradoras de favela. Os No\u00e9is negros distribu\u00edram como presentes, livros infanto-juvenis, refor\u00e7ando a import\u00e2ncia da educa\u00e7\u00e3o e da leitura, sobretudo entre crian\u00e7as e jovens. Essas comemora\u00e7\u00f5es natalinas nos territ\u00f3rios contaram tamb\u00e9m com apresenta\u00e7\u00f5es de alunos, muita m\u00fasica e brincadeiras.<\/span><\/p>\n<p><span style=\"font-weight: 400;\">Esse \u00e9 o terceiro ano em que Rodrigo interpreta o Papai Noel e o segundo de Felipe. Segundo <\/span><a href=\"https:\/\/bit.ly\/3uVNtCK\" target=\"_blank\" rel=\"noopener\"><span style=\"font-weight: 400;\">Marcello Andriotti<\/span><\/a><span style=\"font-weight: 400;\">, fundador da Favela Mundo, \u00e9 parte da miss\u00e3o da ONG apresentar referenciais negros em posi\u00e7\u00f5es positivas e empoderadas.<\/span><span style=\"font-weight: 400;\">\u00a0Isso<\/span><span style=\"font-weight: 400;\"> ajuda a expandir as vis\u00f5es de mundo desses jovens moradores de favela.<\/span><\/p>\n<p><a href=\"https:\/\/rioonwatch.org.br\/wp-content\/uploads\/2022\/12\/Papai-Noel-do-Favela-Mundo-2-1.png\"><img decoding=\"async\" class=\"aligncenter size-full wp-image-64881\" src=\"https:\/\/rioonwatch.org.br\/wp-content\/uploads\/2022\/12\/Papai-Noel-do-Favela-Mundo-2-1.png\" alt=\"\" width=\"2858\" height=\"1338\" srcset=\"https:\/\/rioonwatch.org.br\/wp-content\/uploads\/2022\/12\/Papai-Noel-do-Favela-Mundo-2-1.png 2858w, https:\/\/rioonwatch.org.br\/wp-content\/uploads\/2022\/12\/Papai-Noel-do-Favela-Mundo-2-1-620x290.png 620w, https:\/\/rioonwatch.org.br\/wp-content\/uploads\/2022\/12\/Papai-Noel-do-Favela-Mundo-2-1-1344x629.png 1344w\" sizes=\"(max-width: 2858px) 100vw, 2858px\" \/><\/a><\/p>\n<p><span style=\"font-weight: 400;\">Fora do Natal, a Favela Mundo oferece aulas de teatro, trabalhando com alunos, sobretudo, a partir de personagens e pe\u00e7as afrocentradas; de m\u00fasica, onde trabalha muito o folclore brasileiro; de dan\u00e7a e, em per\u00edodos especiais, a organiza\u00e7\u00e3o tamb\u00e9m oferece festas e outras atividades comemorativas. A Favela Mundo existe h\u00e1 12 anos e trabalha de maneira itinerante pelas favelas que possuam os mais baixos \u00cdndices de Desenvolvimento Humano (<\/span><a href=\"https:\/\/bit.ly\/354RTei\" target=\"_blank\" rel=\"noopener\"><span style=\"font-weight: 400;\">IDH<\/span><\/a><span style=\"font-weight: 400;\">) da cidade.\u00a0<\/span><\/p>\n<h3>Assista \u00e0 Videorreportagem <a href=\"https:\/\/bit.ly\/PapaiNoelNegro\" target=\"_blank\" rel=\"noopener\">Aqui<\/a>.<\/h3>\n<p><em><span style=\"font-weight: 400;\">Sobre a autora: T\u00e1ssia di Carvalho \u00e9 graduada em Jornalismo e Publicidade e Propaganda e atua nas \u00e1reas de empreendedorismo, impacto social e igualdade racial. Em 2016, c<\/span><span style=\"font-weight: 400;\">riou a <a href=\"https:\/\/bit.ly\/3HLHRm3\" target=\"_blank\" rel=\"noopener\">Ag\u00eancia Is<\/a> assim que saiu do Jornal O Dia, onde era colunista e rep\u00f3rter, cobrindo o lado positivo de favelas e periferias.<\/span><\/em><\/p>\n<p><em><span style=\"font-weight: 400;\">Sobre o editor de v\u00eddeo: Nascido em Madureira, Raphael Kepler \u00e9 editor de v\u00eddeo e podcast, m\u00fasico e produtor musical. <\/span><span style=\"font-weight: 400;\">Atualmente, Raphael trabalha com ag\u00eancias na parte de edi\u00e7\u00e3o, com artistas independentes na produ\u00e7\u00e3o musical completa.<\/span><\/em><\/p>\n<hr \/>\n<h4><b data-stringify-type=\"bold\">Apoie nossos esfor\u00e7os para fornecer apoio estrat\u00e9gico \u00e0s favelas do Rio, incluindo o jornalismo hiperlocal, cr\u00edtico, inovador e incans\u00e1vel do\u00a0<\/b><b data-stringify-type=\"bold\"><i data-stringify-type=\"italic\">RioOnWatch<\/i><\/b>\u2014<a class=\"c-link\" href=\"http:\/\/www.bit.ly\/ApoieROW\" target=\"_blank\" rel=\"noopener noreferrer\" data-stringify-link=\"http:\/\/www.bit.ly\/ApoieROW\" data-sk=\"tooltip_parent\">doe aqui<\/a>.<\/h4>\n<!-- AddThis Advanced Settings generic via filter on the_content --><!-- AddThis Share Buttons generic via filter on the_content -->","protected":false},"excerpt":{"rendered":"<div class=\"mh-excerpt\"><p>\ufeff Click Here for English Este v\u00eddeo mostra a import\u00e2ncia da representatividade para o empoderamento de crian\u00e7as negras. Nesta festa de Natal do Favela Mundo, o maior presente \u00e9 alimentar o imagin\u00e1rio de crian\u00e7as negras <a class=\"mh-excerpt-more\" href=\"https:\/\/rioonwatch.org.br\/?p=64541\" title=\"Papais No\u00e9is Negros e a Import\u00e2ncia da Representatividade Tamb\u00e9m no Natal: Favela Mundo Recebe Crian\u00e7as do Caju, CDD e Acari [VIDEO]\">[&#8230;]<\/a><!-- AddThis Advanced Settings generic via filter on get_the_excerpt --><!-- AddThis Share Buttons generic via filter on get_the_excerpt --><\/p>\n<\/div>","protected":false},"author":179,"featured_media":64876,"comment_status":"closed","ping_status":"closed","sticky":false,"template":"template-full.php","format":"standard","meta":{"_acf_changed":false,"_monsterinsights_skip_tracking":false,"_monsterinsights_sitenote_active":false,"_monsterinsights_sitenote_note":"","_monsterinsights_sitenote_category":0,"footnotes":""},"categories":[1621,1625,3206,342,1638],"tags":[592,334,1361,881,554,513,421,3143,876,688,113,2432,2069,1810,218,184],"writer":[3229],"translator":[],"source":[],"ilustrador":[],"fotografo":[],"class_list":{"0":"post-64541","1":"post","2":"type-post","3":"status-publish","4":"format-standard","5":"has-post-thumbnail","7":"category-destaque","8":"category-por-correspondentes-comunitarios","9":"category-representatividade","10":"category-solucoes","11":"category-video","12":"tag-acari","13":"tag-arte","14":"tag-autoestima","15":"tag-caju","16":"tag-cidade-de-deus","17":"tag-cultura-afro-brasileira","18":"tag-cultura-da-favela","19":"tag-direito-a-favela","20":"tag-direitos-da-crianca","21":"tag-empoderamento","22":"tag-juventude","23":"tag-representatividade","24":"tag-saude-mental","25":"tag-video","26":"tag-zona-norte","27":"tag-zona-oeste","28":"writer-tassia-di-carvalho"},"acf":[],"yoast_head":"<!-- This site is optimized with the Yoast SEO plugin v25.6 - https:\/\/yoast.com\/wordpress\/plugins\/seo\/ -->\n<title>Papais No\u00e9is Negros e a Import\u00e2ncia da Representatividade Tamb\u00e9m no Natal: Favela Mundo Recebe Crian\u00e7as do Caju, CDD e Acari [VIDEO] - RioOnWatch<\/title>\n<meta name=\"robots\" content=\"index, follow, max-snippet:-1, max-image-preview:large, max-video-preview:-1\" \/>\n<link rel=\"canonical\" href=\"https:\/\/rioonwatch.org.br\/?p=64541\" \/>\n<meta property=\"og:locale\" content=\"pt_BR\" \/>\n<meta property=\"og:type\" content=\"article\" \/>\n<meta property=\"og:title\" content=\"Papais No\u00e9is Negros e a Import\u00e2ncia da Representatividade Tamb\u00e9m no Natal: Favela Mundo Recebe Crian\u00e7as do Caju, CDD e Acari [VIDEO] - RioOnWatch\" \/>\n<meta property=\"og:description\" content=\"\ufeff Click Here for English Este v\u00eddeo mostra a import\u00e2ncia da representatividade para o empoderamento de crian\u00e7as negras. Nesta festa de Natal do Favela Mundo, o maior presente \u00e9 alimentar o imagin\u00e1rio de crian\u00e7as negras [...]\" \/>\n<meta property=\"og:url\" content=\"https:\/\/rioonwatch.org.br\/?p=64541\" \/>\n<meta property=\"og:site_name\" content=\"RioOnWatch\" \/>\n<meta property=\"article:published_time\" content=\"2022-12-23T10:00:35+00:00\" \/>\n<meta property=\"article:modified_time\" content=\"2023-01-05T20:44:15+00:00\" \/>\n<meta property=\"og:image\" content=\"https:\/\/rioonwatch.org.br\/wp-content\/uploads\/2022\/12\/Papai-Noel-do-Favela-Mundo-1030x439.png\" \/>\n\t<meta property=\"og:image:width\" content=\"1030\" \/>\n\t<meta property=\"og:image:height\" content=\"439\" \/>\n\t<meta property=\"og:image:type\" content=\"image\/png\" \/>\n<meta name=\"author\" content=\"Janaina Tavares\" \/>\n<meta name=\"twitter:card\" content=\"summary_large_image\" \/>\n<meta name=\"twitter:label1\" content=\"Escrito por\" \/>\n\t<meta name=\"twitter:data1\" content=\"Janaina Tavares\" \/>\n\t<meta name=\"twitter:label2\" content=\"Est. tempo de leitura\" \/>\n\t<meta name=\"twitter:data2\" content=\"4 minutos\" \/>\n<script type=\"application\/ld+json\" class=\"yoast-schema-graph\">{\"@context\":\"https:\/\/schema.org\",\"@graph\":[{\"@type\":\"Article\",\"@id\":\"https:\/\/rioonwatch.org.br\/?p=64541#article\",\"isPartOf\":{\"@id\":\"https:\/\/rioonwatch.org.br\/?p=64541\"},\"author\":{\"name\":\"Janaina Tavares\",\"@id\":\"https:\/\/rioonwatch.org.br\/#\/schema\/person\/feb227e5e7679aacc3d672e375cae1bd\"},\"headline\":\"Papais No\u00e9is Negros e a Import\u00e2ncia da Representatividade Tamb\u00e9m no Natal: Favela Mundo Recebe Crian\u00e7as do Caju, CDD e Acari [VIDEO]\",\"datePublished\":\"2022-12-23T10:00:35+00:00\",\"dateModified\":\"2023-01-05T20:44:15+00:00\",\"mainEntityOfPage\":{\"@id\":\"https:\/\/rioonwatch.org.br\/?p=64541\"},\"wordCount\":498,\"publisher\":{\"@id\":\"https:\/\/rioonwatch.org.br\/#organization\"},\"image\":{\"@id\":\"https:\/\/rioonwatch.org.br\/?p=64541#primaryimage\"},\"thumbnailUrl\":\"https:\/\/rioonwatch.org.br\/wp-content\/uploads\/2022\/12\/Papai-Noel-do-Favela-Mundo.png\",\"keywords\":[\"Acari\",\"arte\",\"autoestima\",\"Caju\",\"Cidade de Deus\",\"Cultura Afro-brasileira\",\"cultura da favela\",\"Direito \u00e0 favela\",\"direitos da crian\u00e7a\",\"empoderamento\",\"juventude\",\"representatividade\",\"sa\u00fade mental\",\"v\u00eddeo\",\"Zona Norte\",\"Zona Oeste\"],\"articleSection\":[\"*Destaque\",\"Escrito por Comunicadores Populares\",\"Representatividade\",\"Solu\u00e7\u00f5es\",\"V\u00eddeo\"],\"inLanguage\":\"pt-BR\"},{\"@type\":\"WebPage\",\"@id\":\"https:\/\/rioonwatch.org.br\/?p=64541\",\"url\":\"https:\/\/rioonwatch.org.br\/?p=64541\",\"name\":\"Papais No\u00e9is Negros e a Import\u00e2ncia da Representatividade Tamb\u00e9m no Natal: Favela Mundo Recebe Crian\u00e7as do Caju, CDD e Acari [VIDEO] - RioOnWatch\",\"isPartOf\":{\"@id\":\"https:\/\/rioonwatch.org.br\/#website\"},\"primaryImageOfPage\":{\"@id\":\"https:\/\/rioonwatch.org.br\/?p=64541#primaryimage\"},\"image\":{\"@id\":\"https:\/\/rioonwatch.org.br\/?p=64541#primaryimage\"},\"thumbnailUrl\":\"https:\/\/rioonwatch.org.br\/wp-content\/uploads\/2022\/12\/Papai-Noel-do-Favela-Mundo.png\",\"datePublished\":\"2022-12-23T10:00:35+00:00\",\"dateModified\":\"2023-01-05T20:44:15+00:00\",\"breadcrumb\":{\"@id\":\"https:\/\/rioonwatch.org.br\/?p=64541#breadcrumb\"},\"inLanguage\":\"pt-BR\",\"potentialAction\":[{\"@type\":\"ReadAction\",\"target\":[\"https:\/\/rioonwatch.org.br\/?p=64541\"]}]},{\"@type\":\"ImageObject\",\"inLanguage\":\"pt-BR\",\"@id\":\"https:\/\/rioonwatch.org.br\/?p=64541#primaryimage\",\"url\":\"https:\/\/rioonwatch.org.br\/wp-content\/uploads\/2022\/12\/Papai-Noel-do-Favela-Mundo.png\",\"contentUrl\":\"https:\/\/rioonwatch.org.br\/wp-content\/uploads\/2022\/12\/Papai-Noel-do-Favela-Mundo.png\",\"width\":2860,\"height\":1540},{\"@type\":\"BreadcrumbList\",\"@id\":\"https:\/\/rioonwatch.org.br\/?p=64541#breadcrumb\",\"itemListElement\":[{\"@type\":\"ListItem\",\"position\":1,\"name\":\"In\u00edcio\",\"item\":\"https:\/\/rioonwatch.org.br\/\"},{\"@type\":\"ListItem\",\"position\":2,\"name\":\"Papais No\u00e9is Negros e a Import\u00e2ncia da Representatividade Tamb\u00e9m no Natal: Favela Mundo Recebe Crian\u00e7as do Caju, CDD e Acari [VIDEO]\"}]},{\"@type\":\"WebSite\",\"@id\":\"https:\/\/rioonwatch.org.br\/#website\",\"url\":\"https:\/\/rioonwatch.org.br\/\",\"name\":\"RioOnWatch\",\"description\":\"relatos das favelas cariocas\",\"publisher\":{\"@id\":\"https:\/\/rioonwatch.org.br\/#organization\"},\"potentialAction\":[{\"@type\":\"SearchAction\",\"target\":{\"@type\":\"EntryPoint\",\"urlTemplate\":\"https:\/\/rioonwatch.org.br\/?s={search_term_string}\"},\"query-input\":{\"@type\":\"PropertyValueSpecification\",\"valueRequired\":true,\"valueName\":\"search_term_string\"}}],\"inLanguage\":\"pt-BR\"},{\"@type\":\"Organization\",\"@id\":\"https:\/\/rioonwatch.org.br\/#organization\",\"name\":\"RioOnWatch\",\"url\":\"https:\/\/rioonwatch.org.br\/\",\"logo\":{\"@type\":\"ImageObject\",\"inLanguage\":\"pt-BR\",\"@id\":\"https:\/\/rioonwatch.org.br\/#\/schema\/logo\/image\/\",\"url\":\"https:\/\/rioonwatch.org.br\/wp-content\/uploads\/2021\/06\/RioOnWatchcabecalhoPT11anos-2.png\",\"contentUrl\":\"https:\/\/rioonwatch.org.br\/wp-content\/uploads\/2021\/06\/RioOnWatchcabecalhoPT11anos-2.png\",\"width\":779,\"height\":277,\"caption\":\"RioOnWatch\"},\"image\":{\"@id\":\"https:\/\/rioonwatch.org.br\/#\/schema\/logo\/image\/\"}},{\"@type\":\"Person\",\"@id\":\"https:\/\/rioonwatch.org.br\/#\/schema\/person\/feb227e5e7679aacc3d672e375cae1bd\",\"name\":\"Janaina Tavares\",\"image\":{\"@type\":\"ImageObject\",\"inLanguage\":\"pt-BR\",\"@id\":\"https:\/\/rioonwatch.org.br\/#\/schema\/person\/image\/\",\"url\":\"https:\/\/secure.gravatar.com\/avatar\/83bb5bb4f8b0c5ad63f35939640eaaa2?s=96&d=blank&r=g\",\"contentUrl\":\"https:\/\/secure.gravatar.com\/avatar\/83bb5bb4f8b0c5ad63f35939640eaaa2?s=96&d=blank&r=g\",\"caption\":\"Janaina Tavares\"},\"url\":\"https:\/\/rioonwatch.org.br\/?author=179\"}]}<\/script>\n<!-- \/ Yoast SEO plugin. -->","yoast_head_json":{"title":"Papais No\u00e9is Negros e a Import\u00e2ncia da Representatividade Tamb\u00e9m no Natal: Favela Mundo Recebe Crian\u00e7as do Caju, CDD e Acari [VIDEO] - RioOnWatch","robots":{"index":"index","follow":"follow","max-snippet":"max-snippet:-1","max-image-preview":"max-image-preview:large","max-video-preview":"max-video-preview:-1"},"canonical":"https:\/\/rioonwatch.org.br\/?p=64541","og_locale":"pt_BR","og_type":"article","og_title":"Papais No\u00e9is Negros e a Import\u00e2ncia da Representatividade Tamb\u00e9m no Natal: Favela Mundo Recebe Crian\u00e7as do Caju, CDD e Acari [VIDEO] - RioOnWatch","og_description":"\ufeff Click Here for English Este v\u00eddeo mostra a import\u00e2ncia da representatividade para o empoderamento de crian\u00e7as negras. Nesta festa de Natal do Favela Mundo, o maior presente \u00e9 alimentar o imagin\u00e1rio de crian\u00e7as negras [...]","og_url":"https:\/\/rioonwatch.org.br\/?p=64541","og_site_name":"RioOnWatch","article_published_time":"2022-12-23T10:00:35+00:00","article_modified_time":"2023-01-05T20:44:15+00:00","og_image":[{"width":1030,"height":439,"url":"https:\/\/rioonwatch.org.br\/wp-content\/uploads\/2022\/12\/Papai-Noel-do-Favela-Mundo-1030x439.png","type":"image\/png"}],"author":"Janaina Tavares","twitter_card":"summary_large_image","twitter_misc":{"Escrito por":"Janaina Tavares","Est. tempo de leitura":"4 minutos"},"schema":{"@context":"https:\/\/schema.org","@graph":[{"@type":"Article","@id":"https:\/\/rioonwatch.org.br\/?p=64541#article","isPartOf":{"@id":"https:\/\/rioonwatch.org.br\/?p=64541"},"author":{"name":"Janaina Tavares","@id":"https:\/\/rioonwatch.org.br\/#\/schema\/person\/feb227e5e7679aacc3d672e375cae1bd"},"headline":"Papais No\u00e9is Negros e a Import\u00e2ncia da Representatividade Tamb\u00e9m no Natal: Favela Mundo Recebe Crian\u00e7as do Caju, CDD e Acari [VIDEO]","datePublished":"2022-12-23T10:00:35+00:00","dateModified":"2023-01-05T20:44:15+00:00","mainEntityOfPage":{"@id":"https:\/\/rioonwatch.org.br\/?p=64541"},"wordCount":498,"publisher":{"@id":"https:\/\/rioonwatch.org.br\/#organization"},"image":{"@id":"https:\/\/rioonwatch.org.br\/?p=64541#primaryimage"},"thumbnailUrl":"https:\/\/rioonwatch.org.br\/wp-content\/uploads\/2022\/12\/Papai-Noel-do-Favela-Mundo.png","keywords":["Acari","arte","autoestima","Caju","Cidade de Deus","Cultura Afro-brasileira","cultura da favela","Direito \u00e0 favela","direitos da crian\u00e7a","empoderamento","juventude","representatividade","sa\u00fade mental","v\u00eddeo","Zona Norte","Zona Oeste"],"articleSection":["*Destaque","Escrito por Comunicadores Populares","Representatividade","Solu\u00e7\u00f5es","V\u00eddeo"],"inLanguage":"pt-BR"},{"@type":"WebPage","@id":"https:\/\/rioonwatch.org.br\/?p=64541","url":"https:\/\/rioonwatch.org.br\/?p=64541","name":"Papais No\u00e9is Negros e a Import\u00e2ncia da Representatividade Tamb\u00e9m no Natal: Favela Mundo Recebe Crian\u00e7as do Caju, CDD e Acari [VIDEO] - RioOnWatch","isPartOf":{"@id":"https:\/\/rioonwatch.org.br\/#website"},"primaryImageOfPage":{"@id":"https:\/\/rioonwatch.org.br\/?p=64541#primaryimage"},"image":{"@id":"https:\/\/rioonwatch.org.br\/?p=64541#primaryimage"},"thumbnailUrl":"https:\/\/rioonwatch.org.br\/wp-content\/uploads\/2022\/12\/Papai-Noel-do-Favela-Mundo.png","datePublished":"2022-12-23T10:00:35+00:00","dateModified":"2023-01-05T20:44:15+00:00","breadcrumb":{"@id":"https:\/\/rioonwatch.org.br\/?p=64541#breadcrumb"},"inLanguage":"pt-BR","potentialAction":[{"@type":"ReadAction","target":["https:\/\/rioonwatch.org.br\/?p=64541"]}]},{"@type":"ImageObject","inLanguage":"pt-BR","@id":"https:\/\/rioonwatch.org.br\/?p=64541#primaryimage","url":"https:\/\/rioonwatch.org.br\/wp-content\/uploads\/2022\/12\/Papai-Noel-do-Favela-Mundo.png","contentUrl":"https:\/\/rioonwatch.org.br\/wp-content\/uploads\/2022\/12\/Papai-Noel-do-Favela-Mundo.png","width":2860,"height":1540},{"@type":"BreadcrumbList","@id":"https:\/\/rioonwatch.org.br\/?p=64541#breadcrumb","itemListElement":[{"@type":"ListItem","position":1,"name":"In\u00edcio","item":"https:\/\/rioonwatch.org.br\/"},{"@type":"ListItem","position":2,"name":"Papais No\u00e9is Negros e a Import\u00e2ncia da Representatividade Tamb\u00e9m no Natal: Favela Mundo Recebe Crian\u00e7as do Caju, CDD e Acari [VIDEO]"}]},{"@type":"WebSite","@id":"https:\/\/rioonwatch.org.br\/#website","url":"https:\/\/rioonwatch.org.br\/","name":"RioOnWatch","description":"relatos das favelas cariocas","publisher":{"@id":"https:\/\/rioonwatch.org.br\/#organization"},"potentialAction":[{"@type":"SearchAction","target":{"@type":"EntryPoint","urlTemplate":"https:\/\/rioonwatch.org.br\/?s={search_term_string}"},"query-input":{"@type":"PropertyValueSpecification","valueRequired":true,"valueName":"search_term_string"}}],"inLanguage":"pt-BR"},{"@type":"Organization","@id":"https:\/\/rioonwatch.org.br\/#organization","name":"RioOnWatch","url":"https:\/\/rioonwatch.org.br\/","logo":{"@type":"ImageObject","inLanguage":"pt-BR","@id":"https:\/\/rioonwatch.org.br\/#\/schema\/logo\/image\/","url":"https:\/\/rioonwatch.org.br\/wp-content\/uploads\/2021\/06\/RioOnWatchcabecalhoPT11anos-2.png","contentUrl":"https:\/\/rioonwatch.org.br\/wp-content\/uploads\/2021\/06\/RioOnWatchcabecalhoPT11anos-2.png","width":779,"height":277,"caption":"RioOnWatch"},"image":{"@id":"https:\/\/rioonwatch.org.br\/#\/schema\/logo\/image\/"}},{"@type":"Person","@id":"https:\/\/rioonwatch.org.br\/#\/schema\/person\/feb227e5e7679aacc3d672e375cae1bd","name":"Janaina Tavares","image":{"@type":"ImageObject","inLanguage":"pt-BR","@id":"https:\/\/rioonwatch.org.br\/#\/schema\/person\/image\/","url":"https:\/\/secure.gravatar.com\/avatar\/83bb5bb4f8b0c5ad63f35939640eaaa2?s=96&d=blank&r=g","contentUrl":"https:\/\/secure.gravatar.com\/avatar\/83bb5bb4f8b0c5ad63f35939640eaaa2?s=96&d=blank&r=g","caption":"Janaina Tavares"},"url":"https:\/\/rioonwatch.org.br\/?author=179"}]}},"_links":{"self":[{"href":"https:\/\/rioonwatch.org.br\/index.php?rest_route=\/wp\/v2\/posts\/64541"}],"collection":[{"href":"https:\/\/rioonwatch.org.br\/index.php?rest_route=\/wp\/v2\/posts"}],"about":[{"href":"https:\/\/rioonwatch.org.br\/index.php?rest_route=\/wp\/v2\/types\/post"}],"author":[{"embeddable":true,"href":"https:\/\/rioonwatch.org.br\/index.php?rest_route=\/wp\/v2\/users\/179"}],"replies":[{"embeddable":true,"href":"https:\/\/rioonwatch.org.br\/index.php?rest_route=%2Fwp%2Fv2%2Fcomments&post=64541"}],"version-history":[{"count":29,"href":"https:\/\/rioonwatch.org.br\/index.php?rest_route=\/wp\/v2\/posts\/64541\/revisions"}],"predecessor-version":[{"id":64622,"href":"https:\/\/rioonwatch.org.br\/index.php?rest_route=\/wp\/v2\/posts\/64541\/revisions\/64622"}],"wp:featuredmedia":[{"embeddable":true,"href":"https:\/\/rioonwatch.org.br\/index.php?rest_route=\/wp\/v2\/media\/64876"}],"wp:attachment":[{"href":"https:\/\/rioonwatch.org.br\/index.php?rest_route=%2Fwp%2Fv2%2Fmedia&parent=64541"}],"wp:term":[{"taxonomy":"category","embeddable":true,"href":"https:\/\/rioonwatch.org.br\/index.php?rest_route=%2Fwp%2Fv2%2Fcategories&post=64541"},{"taxonomy":"post_tag","embeddable":true,"href":"https:\/\/rioonwatch.org.br\/index.php?rest_route=%2Fwp%2Fv2%2Ftags&post=64541"},{"taxonomy":"writer","embeddable":true,"href":"https:\/\/rioonwatch.org.br\/index.php?rest_route=%2Fwp%2Fv2%2Fwriter&post=64541"},{"taxonomy":"translator","embeddable":true,"href":"https:\/\/rioonwatch.org.br\/index.php?rest_route=%2Fwp%2Fv2%2Ftranslator&post=64541"},{"taxonomy":"source","embeddable":true,"href":"https:\/\/rioonwatch.org.br\/index.php?rest_route=%2Fwp%2Fv2%2Fsource&post=64541"},{"taxonomy":"ilustrador","embeddable":true,"href":"https:\/\/rioonwatch.org.br\/index.php?rest_route=%2Fwp%2Fv2%2Filustrador&post=64541"},{"taxonomy":"fotografo","embeddable":true,"href":"https:\/\/rioonwatch.org.br\/index.php?rest_route=%2Fwp%2Fv2%2Ffotografo&post=64541"}],"curies":[{"name":"wp","href":"https:\/\/api.w.org\/{rel}","templated":true}]}}