{"id":64637,"date":"2022-12-28T06:00:42","date_gmt":"2022-12-28T09:00:42","guid":{"rendered":"https:\/\/rioonwatch.org.br\/?p=64637"},"modified":"2023-01-16T13:35:23","modified_gmt":"2023-01-16T16:35:23","slug":"representatividade-importa-acertos-e-contradicoes-do-gabinete-de-transicao-e-as-perspectivas-para-os-ministerios-do-novo-governo-lula","status":"publish","type":"post","link":"https:\/\/rioonwatch.org.br\/?p=64637","title":{"rendered":"Representatividade Importa: Acertos e Contradi\u00e7\u00f5es do Gabinete de Transi\u00e7\u00e3o e as Perspectivas para os Minist\u00e9rios do Novo Governo Lula"},"content":{"rendered":"<figure id=\"attachment_64646\" aria-describedby=\"caption-attachment-64646\" style=\"width: 1170px\" class=\"wp-caption aligncenter\"><a href=\"https:\/\/rioonwatch.org.br\/wp-content\/uploads\/2022\/12\/lula-anuncia-ministros_Foto_Marcelo-Camargo_Agencia-Brasil.jpg\"><img fetchpriority=\"high\" decoding=\"async\" class=\"size-full wp-image-64646\" src=\"https:\/\/rioonwatch.org.br\/wp-content\/uploads\/2022\/12\/lula-anuncia-ministros_Foto_Marcelo-Camargo_Agencia-Brasil.jpg\" alt=\"O Presidente-Eleito Luiz In\u00e1cio Lula da Silva anuncia ministros durante coletiva no CCBB Bras\u00edlia. Foto: Marcelo Camargo\/Ag\u00eancia Brasil\" width=\"1170\" height=\"700\" srcset=\"https:\/\/rioonwatch.org.br\/wp-content\/uploads\/2022\/12\/lula-anuncia-ministros_Foto_Marcelo-Camargo_Agencia-Brasil.jpg 1170w, https:\/\/rioonwatch.org.br\/wp-content\/uploads\/2022\/12\/lula-anuncia-ministros_Foto_Marcelo-Camargo_Agencia-Brasil-620x371.jpg 620w, https:\/\/rioonwatch.org.br\/wp-content\/uploads\/2022\/12\/lula-anuncia-ministros_Foto_Marcelo-Camargo_Agencia-Brasil-1051x629.jpg 1051w\" sizes=\"(max-width: 1170px) 100vw, 1170px\" \/><\/a><figcaption id=\"caption-attachment-64646\" class=\"wp-caption-text\">O presidente-eleito Luiz In\u00e1cio Lula da Silva anuncia ministros durante coletiva no CCBB Bras\u00edlia. Foto: Marcelo Camargo\/Ag\u00eancia Brasil<\/figcaption><\/figure>\n<h4 style=\"text-align: right;\"><a href=\"https:\/\/bit.ly\/3GDkOYE\" target=\"_blank\" rel=\"noopener\"><em><strong>Click Here for English<img decoding=\"async\" class=\"alignright wp-image-15790\" src=\"https:\/\/rioonwatch.org.br\/wp-content\/uploads\/2012\/08\/EN-standard-e1439583104716.jpg\" alt=\"\" width=\"20\" height=\"20\" \/><\/strong><\/em><\/a><\/h4>\n<h4><em>Nos bastidores, o <a href=\"https:\/\/bit.ly\/3YvxrNj\" target=\"_blank\" rel=\"noopener\">Gabinete de Transi\u00e7\u00e3o do Governo Lula<\/a> foi cobrado a incluir mais nomes que representassem as minorias. Com a participa\u00e7\u00e3o de intelectuais ind\u00edgenas, quilombolas, negras e negros, de favela, perif\u00e9ricos, representantes da sociedade civil e de movimentos sociais na t<\/em><em>ransi\u00e7\u00e3o, <\/em><em>o presidente-eleito come\u00e7a a dar uma cara nova para a Esplanada dos Minist\u00e9rios\u2014mesmo que o retrato do poder no Brasil siga sendo branco e patriarcal.<\/em><\/h4>\n<p><a href=\"http:\/\/bit.ly\/2KbJ6eO\" target=\"_blank\" rel=\"noopener\">Luiz In\u00e1cio Lula da Silva<\/a> foi eleito com apoio de uma ampla frente democr\u00e1tica formada por partidos de esquerda, progressistas, de centro e direita, mas tamb\u00e9m com forte ades\u00e3o de movimentos sociais e minorias ind\u00edgenas, quilombolas, <a href=\"https:\/\/bit.ly\/3tetDRj\" target=\"_blank\" rel=\"noopener\">LGBTQIAP+<\/a>, coletivos e popula\u00e7\u00f5es <a href=\"https:\/\/bit.ly\/3sLWTPY\" target=\"_blank\" rel=\"noopener\">de favelas e periferias<\/a>\u00a0e de organiza\u00e7\u00f5es do <a href=\"https:\/\/bit.ly\/37OF2hc\" target=\"_blank\" rel=\"noopener\">movimento negro brasileiro<\/a>.<\/p>\n<p>O Brasil \u00e9 <a href=\"https:\/\/bit.ly\/3VlGwFz\" target=\"_blank\" rel=\"noopener\">majoritariamente<\/a> formado por uma popula\u00e7\u00e3o negra e feminina. Portanto, \u00e9 compreens\u00edvel que Lula seja cobrado a dar mais diversidade a seu governo.<\/p>\n<p>Ainda que houvessem nomes de personalidades e intelectuais mulheres, negras e ind\u00edgenas bastante atuantes na pol\u00edtica brasileira, como <a href=\"https:\/\/bit.ly\/2P0jmsp\" target=\"_blank\" rel=\"noopener\">Anielle Franco<\/a>, <a href=\"https:\/\/bit.ly\/3BPiL1O\" target=\"_blank\" rel=\"noopener\">I\u00eada Leal<\/a>, <a href=\"https:\/\/bit.ly\/3POdVrC\" target=\"_blank\" rel=\"noopener\">Preta Ferreira<\/a>, <a href=\"https:\/\/bit.ly\/3VfcVxw\" target=\"_blank\" rel=\"noopener\">Douglas Belchior<\/a> e <a href=\"https:\/\/bit.ly\/2NGNZ5c\" target=\"_blank\" rel=\"noopener\">Silvio Almeida<\/a>, dos 320 nomes anunciados pelo presidente-eleito <a href=\"http:\/\/bit.ly\/2KbJ6eO\" target=\"_blank\" rel=\"noopener\">Luiz In\u00e1cio Lula da Silva<\/a> para compor os grupos de trabalho do Gabinete de Transi\u00e7\u00e3o, <a href=\"https:\/\/bit.ly\/3jbFNtf\" target=\"_blank\" rel=\"noopener\">207 eram de homens e 113 de mulheres<\/a>. Eram, em m\u00e9dia, <a href=\"https:\/\/bit.ly\/3W8D7vc\" target=\"_blank\" rel=\"noopener\">dois homens<\/a> para cada mulher. Dos que formam o Gabinete, <a href=\"https:\/\/bit.ly\/3BRw41L\" target=\"_blank\" rel=\"noopener\">144 integrantes (48%)<\/a> s\u00e3o da Regi\u00e3o Sudeste.<\/p>\n<blockquote class=\"twitter-tweet\">\n<p dir=\"ltr\" lang=\"pt\">Dos 90 nomes de transi\u00e7\u00e3o, 64 s\u00e3o homens. N\u00e3o h\u00e1 mulheres no grupo de economia e de 13 no grupo de sa\u00fade s\u00f3 h\u00e1 1 mulher. Negros\/as e mulheres est\u00e3o sobrerepresentados nas \u00e1reas de igualdade, mulheres e assist\u00eancia social. Levantamento do <a href=\"https:\/\/twitter.com\/JornalOGlobo?ref_src=twsrc%5Etfw\">@JornalOGlobo<\/a>. <a href=\"https:\/\/t.co\/KV5wu5odRx\">https:\/\/t.co\/KV5wu5odRx<\/a> <a href=\"https:\/\/t.co\/P7MDIt06Zc\">pic.twitter.com\/P7MDIt06Zc<\/a><\/p>\n<p>\u2014 Thiago Amparo (@thiamparo) <a href=\"https:\/\/twitter.com\/thiamparo\/status\/1591799107340959745?ref_src=twsrc%5Etfw\">November 13, 2022<\/a><\/p><\/blockquote>\n<p><script async src=\"https:\/\/platform.twitter.com\/widgets.js\" charset=\"utf-8\"><\/script><\/p>\n<p>A <a href=\"https:\/\/bit.ly\/3WwZRoB\" target=\"_blank\" rel=\"noopener\">composi\u00e7\u00e3o do Gabinete de Transi\u00e7\u00e3o<\/a>\u00a0foi alvo de cr\u00edticas porque \u00e9 comum que integrantes dos grupos de trabalho da transi\u00e7\u00e3o, posteriormente, sejam anunciados para minist\u00e9rios e secretarias do governo. Por isso, Lula foi cobrado abertamente na imprensa e nos bastidores por <a href=\"http:\/\/bit.ly\/3hBtTIW\" target=\"_blank\" rel=\"noopener\">entidades do movimento negro<\/a>, ind\u00edgena e LGBTQIAP+ a formar um novo governo que seja de fato representativo da popula\u00e7\u00e3o brasileira.<\/p>\n<p>Em 9 de dezembro, por ocasi\u00e3o do an\u00fancio dos <a href=\"http:\/\/bit.ly\/3jqNImx\" target=\"_blank\" rel=\"noopener\">cinco primeiros ministros<\/a> de seu governo, o presidente-eleito Lula afirmou que anunciaria todos os nomes at\u00e9 22 de dezembro, prometendo que o governo ter\u00e1 &#8220;<a href=\"http:\/\/bit.ly\/3VmdS7w\" target=\"_blank\" rel=\"noopener\">a cara da sociedade brasileira na sua total plenitude<\/a>&#8220;.<\/p>\n<p>Na ocasi\u00e3o, ao ser questionado sobre diversidade no governo, Lula <a href=\"https:\/\/bit.ly\/3YAlXYO\" target=\"_blank\" rel=\"noopener\">apontou para Fl\u00e1vio Dino<\/a>: &#8220;n\u00e3o entendo que voc\u00ea pensa que esse cara \u00e9 branco. Se voc\u00ea perguntar ao IBGE, ele vai dizer, no m\u00ednimo, que \u00e9 pardo&#8221;. Dino j\u00e1 foi anunciado como o futuro Ministro da Justi\u00e7a e Seguran\u00e7a P\u00fablica e <a href=\"https:\/\/bit.ly\/3v6vtWh\" target=\"_blank\" rel=\"noopener\">se autoidentifica enquanto homem negro<\/a>.<\/p>\n<p><iframe title=\"YouTube video player\" src=\"https:\/\/www.youtube.com\/embed\/tRZy24QtSyM\" width=\"670\" height=\"377\" frameborder=\"0\" allowfullscreen=\"allowfullscreen\"><span data-mce-type=\"bookmark\" style=\"display: inline-block; width: 0px; overflow: hidden; line-height: 0;\" class=\"mce_SELRES_start\">\ufeff<\/span><\/iframe><\/p>\n<p>Uma pesquisa encomendada pelo <a href=\"https:\/\/bit.ly\/3Yx68SK\" target=\"_blank\" rel=\"noopener\">Programa + Representatividade<\/a>, do <a href=\"https:\/\/bit.ly\/3G6mxGC\" target=\"_blank\" rel=\"noopener\">Instituto Update<\/a>, revelou que parte significativa dos brasileiros \u00e9 favor\u00e1vel \u00e0 ocupa\u00e7\u00e3o dos minist\u00e9rios do governo eleito por mulheres e pessoas negras.<\/p>\n<p>Combinando pesquisas de opini\u00e3o, grupos focais e entrevistas em profundidade com candidatos e candidatas nas \u00faltimas <a href=\"https:\/\/bit.ly\/EleicaoRio2020\" target=\"_blank\" rel=\"noopener\">elei\u00e7\u00f5es municipais de 2020<\/a>, o estudo oferece uma vis\u00e3o aprofundada sobre a necessidade de aumentar a viabilidade eleitoral de candidaturas de grupos sub-representados.<\/p>\n<p>No total, <a href=\"http:\/\/bit.ly\/3hKXIXq\" target=\"_blank\" rel=\"noopener\">41% dos que responderam \u00e0 sondagem<\/a> disseram &#8220;concordar ou concordar muito com a afirma\u00e7\u00e3o&#8221; de que o novo presidente deve nomear mulheres para metade das pastas dispon\u00edveis, ainda que n\u00e3o sejam conhecidas ou da \u00e1rea da pol\u00edtica.<\/p>\n<p>J\u00e1 <a href=\"http:\/\/bit.ly\/3hKXIXq\" target=\"_blank\" rel=\"noopener\">39% afirmaram &#8220;concordar ou concordar muito&#8221; que Lula nomeie pessoas negras<\/a> para ocupar metade dos minist\u00e9rios, mesmo que elas n\u00e3o sejam conhecidas ou tenham passagem pela pol\u00edtica.<\/p>\n<p><iframe style=\"border: none; overflow: hidden;\" src=\"https:\/\/www.facebook.com\/plugins\/video.php?height=314&amp;href=https%3A%2F%2Fwww.facebook.com%2Finstitutoupdate%2Fvideos%2F681245693461109%2F&amp;show_text=false&amp;width=560&amp;t=0\" width=\"560\" height=\"314\" frameborder=\"0\" scrolling=\"no\" allowfullscreen=\"allowfullscreen\"><\/iframe><\/p>\n<h3><strong>Representatividade Importa<\/strong><\/h3>\n<p>A cada nome anunciado para os minist\u00e9rios, secretarias, assessorias, autarquias e outros cargos pol\u00edticos do alto escal\u00e3o do Executivo, as cr\u00edticas de movimentos populares se acirram e aumenta a press\u00e3o com rela\u00e7\u00e3o \u00e0 representatividade no novo governo. E \u00e9 importante ressaltar que a representatividade importa.<\/p>\n<p><a href=\"https:\/\/bit.ly\/3YFsilW\" target=\"_blank\" rel=\"noopener\">Margareth Menezes<\/a>, cantora baiana, negra, que participou do grupo de cultura ao lado da Deputada Federal <a href=\"https:\/\/bit.ly\/3PNsMTe\" target=\"_blank\" rel=\"noopener\">\u00c1urea Carolina<\/a>, recebeu convite e <a href=\"https:\/\/bit.ly\/3W7Zv85\" target=\"_blank\" rel=\"noopener\">aceitou ser a nova ministra da cultura<\/a>. O minist\u00e9rio ser\u00e1 recriado na gest\u00e3o do petista, ap\u00f3s anos de descaso.<\/p>\n<p>No governo de <a href=\"https:\/\/bit.ly\/3k7rtxG\" target=\"_blank\" rel=\"noopener\">Michel Temer<\/a>, o Minist\u00e9rio da Cultura (MinC) foi <a href=\"https:\/\/bit.ly\/3FLiuyb\" target=\"_blank\" rel=\"noopener\">fundido ao Minist\u00e9rio da Educa\u00e7\u00e3o e rebaixado \u00e0 secretaria<\/a>. S\u00f3 depois de <a href=\"https:\/\/bit.ly\/3V9Xln2\" target=\"_blank\" rel=\"noopener\">muita mobiliza\u00e7\u00e3o<\/a> \u00e9 queTemer recriou o minist\u00e9rio. Com a elei\u00e7\u00e3o de <a href=\"https:\/\/bit.ly\/3DGojgM\" target=\"_blank\" rel=\"noopener\">Jair Bolsonaro<\/a>, o <a href=\"https:\/\/bit.ly\/3BPwllS\" target=\"_blank\" rel=\"noopener\">MinC foi novamente extinto<\/a> e foi criada a Secretaria Especial de Cultura, sob administra\u00e7\u00e3o do Minist\u00e9rio da Cidadania e, posteriormente, do Minist\u00e9rio do Turismo.<\/p>\n<figure id=\"attachment_64786\" aria-describedby=\"caption-attachment-64786\" style=\"width: 670px\" class=\"wp-caption aligncenter\"><a href=\"https:\/\/rioonwatch.org.br\/wp-content\/uploads\/2022\/12\/Margareth-Menezes-sera-a-futura-Ministra-da-Cultura-no-terceiro-governo-Lula-a-partir-de-1\u00b0-de-janeiro-de-2023.-Divulgacao.webp\"><img decoding=\"async\" class=\"wp-image-64786\" title=\"Margareth Menezes ser\u00e1 a futura Ministra da Cultura no terceiro governo Lula, a partir de 1\u00b0 de janeiro de 2023. Divulga\u00e7\u00e3o\" src=\"https:\/\/rioonwatch.org.br\/wp-content\/uploads\/2022\/12\/Margareth-Menezes-sera-a-futura-Ministra-da-Cultura-no-terceiro-governo-Lula-a-partir-de-1\u00b0-de-janeiro-de-2023.-Divulgacao.webp\" alt=\"Margareth Menezes ser\u00e1 a futura Ministra da Cultura no terceiro governo Lula, a partir de 1\u00b0 de janeiro de 2023. Divulga\u00e7\u00e3o\" width=\"670\" height=\"503\" srcset=\"https:\/\/rioonwatch.org.br\/wp-content\/uploads\/2022\/12\/Margareth-Menezes-sera-a-futura-Ministra-da-Cultura-no-terceiro-governo-Lula-a-partir-de-1\u00b0-de-janeiro-de-2023.-Divulgacao.webp 1200w, https:\/\/rioonwatch.org.br\/wp-content\/uploads\/2022\/12\/Margareth-Menezes-sera-a-futura-Ministra-da-Cultura-no-terceiro-governo-Lula-a-partir-de-1\u00b0-de-janeiro-de-2023.-Divulgacao-620x465.webp 620w, https:\/\/rioonwatch.org.br\/wp-content\/uploads\/2022\/12\/Margareth-Menezes-sera-a-futura-Ministra-da-Cultura-no-terceiro-governo-Lula-a-partir-de-1\u00b0-de-janeiro-de-2023.-Divulgacao-839x629.webp 839w, https:\/\/rioonwatch.org.br\/wp-content\/uploads\/2022\/12\/Margareth-Menezes-sera-a-futura-Ministra-da-Cultura-no-terceiro-governo-Lula-a-partir-de-1\u00b0-de-janeiro-de-2023.-Divulgacao-678x509.webp 678w, https:\/\/rioonwatch.org.br\/wp-content\/uploads\/2022\/12\/Margareth-Menezes-sera-a-futura-Ministra-da-Cultura-no-terceiro-governo-Lula-a-partir-de-1\u00b0-de-janeiro-de-2023.-Divulgacao-326x245.webp 326w, https:\/\/rioonwatch.org.br\/wp-content\/uploads\/2022\/12\/Margareth-Menezes-sera-a-futura-Ministra-da-Cultura-no-terceiro-governo-Lula-a-partir-de-1\u00b0-de-janeiro-de-2023.-Divulgacao-80x60.webp 80w\" sizes=\"(max-width: 670px) 100vw, 670px\" \/><\/a><figcaption id=\"caption-attachment-64786\" class=\"wp-caption-text\">Margareth Menezes ser\u00e1 a futura Ministra da Cultura no terceiro governo Lula, a partir de 1\u00b0 de janeiro de 2023. Foto: divulga\u00e7\u00e3o<\/figcaption><\/figure>\n<p>O perfil da futura ministra foi celebrado. \u00c9 mulher, negra e <a href=\"https:\/\/bit.ly\/3jlWZMW\" target=\"_blank\" rel=\"noopener\">ativista dos direitos humanos<\/a>. Foi eleita uma das 100 pessoas negras mais influentes do mundo, segundo a <em>Most Influential People of African Descent<\/em> (<a href=\"http:\/\/bit.ly\/2NsDmNy\" target=\"_blank\" rel=\"noopener\">MIPAD<\/a>).<\/p>\n<figure id=\"attachment_64640\" aria-describedby=\"caption-attachment-64640\" style=\"width: 300px\" class=\"wp-caption alignright\"><a href=\"https:\/\/rioonwatch.org.br\/wp-content\/uploads\/2022\/12\/Montagem-Midia-Ninja.png\"><img loading=\"lazy\" decoding=\"async\" class=\"wp-image-64640\" title=\"Da esquerda para direita: Sheila Carvalho, Tamires Sampaio e Marivaldo Pereira - Montagem: M\u00eddia Ninja\" src=\"https:\/\/rioonwatch.org.br\/wp-content\/uploads\/2022\/12\/Montagem-Midia-Ninja-620x432.png\" alt=\"Da esquerda para direita: Sheila Carvalho, Tamires Sampaio e Marivaldo Pereira - Montagem: M\u00eddia Ninja\" width=\"300\" height=\"209\" srcset=\"https:\/\/rioonwatch.org.br\/wp-content\/uploads\/2022\/12\/Montagem-Midia-Ninja-620x432.png 620w, https:\/\/rioonwatch.org.br\/wp-content\/uploads\/2022\/12\/Montagem-Midia-Ninja.png 624w\" sizes=\"(max-width: 300px) 100vw, 300px\" \/><\/a><figcaption id=\"caption-attachment-64640\" class=\"wp-caption-text\">Da esquerda para direita: Sheila Carvalho, Tamires Sampaio e Marivaldo Pereira &#8211; Montagem: M\u00eddia Ninja<\/figcaption><\/figure>\n<p>Em 16 de dezembro, o futuro Ministro da Justi\u00e7a e Seguran\u00e7a P\u00fablica <a href=\"https:\/\/bit.ly\/3G7FSHB\" target=\"_blank\" rel=\"noopener\">Fl\u00e1vio Dino<\/a> anunciou membros do seu gabinete e a cria\u00e7\u00e3o de uma nova secretaria. Entre os nomes anunciados est\u00e3o jovens lideran\u00e7as e ativistas negros que estar\u00e3o \u00e0 frente da formula\u00e7\u00e3o de pol\u00edticas nacionais de seguran\u00e7a p\u00fablica, de redu\u00e7\u00e3o de letalidade policial e de pol\u00edticas que combatam o genoc\u00eddio da popula\u00e7\u00e3o negra.<\/p>\n<p>A advogada <a href=\"https:\/\/bit.ly\/3jqls3O\" target=\"_blank\" rel=\"noopener\">Tamires Sampaio<\/a>, de 30 anos, ser\u00e1 coordenadora do Programa Nacional de Seguran\u00e7a P\u00fablica com Cidadania (<a href=\"https:\/\/bit.ly\/3YKjMCq\" target=\"_blank\" rel=\"noopener\">Pronasci<\/a>), <span style=\"font-weight: 400;\">criado em 2007 e hoje inativo. Tamires, moradora de <a href=\"https:\/\/bit.ly\/35wJf7M\" target=\"_blank\" rel=\"noopener\">Guaianases<\/a>, bairro da periferia leste da cidade de S\u00e3o Paulo, \u00e9 coordenadora da Frente Nacional Antirracista e ir\u00e1 liderar o trabalho para reduzir os \u00edndices de criminalidade nas regi\u00f5es metropolitanas mais violentas do Brasil.<\/span><\/p>\n<p><span style=\"font-weight: 400;\">Em <\/span><a href=\"http:\/\/bit.ly\/3I2RZHc\" target=\"_blank\" rel=\"noopener\"><span style=\"font-weight: 400;\">entrevista \u00e0 <em>Ponte Jornalismo<\/em><\/span><\/a><span style=\"font-weight: 400;\">, ela afirma que o principal desafio do posto \u00e9 construir uma no\u00e7\u00e3o da seguran\u00e7a p\u00fablica que n\u00e3o se baseie em repress\u00e3o e viol\u00eancia, mas \u201ca partir da garantia de direitos da popula\u00e7\u00e3o, do acesso \u00e0 sa\u00fade, educa\u00e7\u00e3o, cultura, moradia, gera\u00e7\u00e3o de emprego, discuss\u00e3o de renda\u201d.<\/span><\/p>\n<p>J\u00e1 <a href=\"https:\/\/bit.ly\/3v97LIU\" target=\"_blank\" rel=\"noopener\">Marivaldo Pereira<\/a>, presidente do PSOL-DF, vai estar \u00e0 frente da nova Secretaria de Acesso \u00e0 Justi\u00e7a, que ter\u00e1 como principal fun\u00e7\u00e3o coordenar a interlocu\u00e7\u00e3o do minist\u00e9rio com os movimentos sociais.<\/p>\n<blockquote class=\"twitter-tweet\">\n<p dir=\"ltr\" lang=\"pt\">Como compartilhei com voc\u00eas h\u00e1 uns dias, fui indicado pelo Ministro Fl\u00e1vio Dino para assumir a futura Secretaria de Acesso \u00e0 Justi\u00e7a no MJSP. Vim contar pra voc\u00eas um pouco mais desta nova Secretaria e um pouco mais da minha fun\u00e7\u00e3o nesse momento hist\u00f3rico! Vamo pra cima! &#x270a;&#x1f3fe; <a href=\"https:\/\/t.co\/qqvNSOB8kb\">pic.twitter.com\/qqvNSOB8kb<\/a><\/p>\n<p>\u2014 Marivaldo Pereira (@Marivaldo4P) <a href=\"https:\/\/twitter.com\/Marivaldo4P\/status\/1604972616980131841?ref_src=twsrc%5Etfw\">December 19, 2022<\/a><\/p><\/blockquote>\n<p><script async src=\"https:\/\/platform.twitter.com\/widgets.js\" charset=\"utf-8\"><\/script><\/p>\n<p>Al\u00e9m de Tamires e Marivaldo, Dino tamb\u00e9m anunciou <a href=\"https:\/\/bit.ly\/3HUMxGu\" target=\"_blank\" rel=\"noopener\">Sheila de Carvalho<\/a>, integrante da <a href=\"https:\/\/bit.ly\/3nDdSiT\" target=\"_blank\" rel=\"noopener\">Uneafro Brasil<\/a>, coordenadora do N\u00facleo de Viol\u00eancia Institucional da <a href=\"https:\/\/bit.ly\/2IiXfJV\" target=\"_blank\" rel=\"noopener\">OAB<\/a>-SP e conselheira da <a href=\"https:\/\/bit.ly\/3hJA8ud\" target=\"_blank\" rel=\"noopener\">Associa\u00e7\u00e3o Brasileira de Juristas pela Democracia<\/a>, al\u00e9m de militante da <a href=\"https:\/\/bit.ly\/3hFCwh2\" target=\"_blank\" rel=\"noopener\">Coaliz\u00e3o Negra Por Direitos<\/a>. Ela integrou o grupo de transi\u00e7\u00e3o de Justi\u00e7a e Seguran\u00e7a P\u00fablica e, agora, ser\u00e1 a <a href=\"https:\/\/bit.ly\/3PC8LPe\" target=\"_blank\" rel=\"noopener\">assessora especial de Fl\u00e1vio Dino no Minist\u00e9rio da Justi\u00e7a<\/a> e presidente do Comit\u00ea Nacional para os Refugiados (<a href=\"https:\/\/bit.ly\/36I6H66\" target=\"_blank\" rel=\"noopener\">CONARE<\/a>).<\/p>\n<blockquote class=\"twitter-tweet\">\n<p dir=\"ltr\" lang=\"pt\">Com felicidade aceitei o convite do Ministro <a href=\"https:\/\/twitter.com\/FlavioDino?ref_src=twsrc%5Etfw\">@FlavioDino<\/a> pra ser assessora especial direta do Ministro p\/assuntos de direitos humanos e di\u00e1logo com movimentos sociais, bem como Presidenta do CONARE. Juntos reconstruiremos as pol\u00edticas de justi\u00e7a no Brasil <a href=\"https:\/\/t.co\/NdiZQBLMkT\">https:\/\/t.co\/NdiZQBLMkT<\/a><\/p>\n<p>\u2014 Sheila de Carvalho (@she_carvalho) <a href=\"https:\/\/twitter.com\/she_carvalho\/status\/1603827927954620426?ref_src=twsrc%5Etfw\">December 16, 2022<\/a><\/p><\/blockquote>\n<p><script async src=\"https:\/\/platform.twitter.com\/widgets.js\" charset=\"utf-8\"><\/script><\/p>\n<p>Em <a href=\"https:\/\/bit.ly\/3FBnq8N\" target=\"_blank\" rel=\"noopener\">carta aberta<\/a> a Lula, a Articula\u00e7\u00e3o dos Povos Ind\u00edgenas do Brasil (<a href=\"https:\/\/bit.ly\/3ChUEZ7\" target=\"_blank\" rel=\"noopener\">APIB<\/a>) indicou tr\u00eas lideran\u00e7as ind\u00edgenas de diferentes povos para que o presidente-eleito escolha, dentre elas, quem ir\u00e1 liderar o primeiro Minist\u00e9rio dos Povos Ind\u00edgenas do Brasil. S\u00e3o elas <a href=\"https:\/\/bit.ly\/3jjIDfV\" target=\"_blank\" rel=\"noopener\">Weibe Tapeba<\/a> (PT-CE), advogado e vereador da cidade de Caucaia, no Cear\u00e1; <a href=\"https:\/\/bit.ly\/3PIbcQr\" target=\"_blank\" rel=\"noopener\">Sonia Guajajara<\/a> (PSOL-SP), professora, educadora e enfermeira, do Maranh\u00e3o, mas atualmente baseada em S\u00e3o Paulo; e <a href=\"https:\/\/bit.ly\/3Wz1phz\" target=\"_blank\" rel=\"noopener\">Joenia Wapichana<\/a> (<a href=\"https:\/\/bit.ly\/32MgT7K\" target=\"_blank\" rel=\"noopener\">REDE<\/a>-RR), primeira mulher ind\u00edgena advogada do Brasil e primeira mulher ind\u00edgena eleita deputada federal. Sonia e Joenia fazem parte do Gabinete de Transi\u00e7\u00e3o do Lula no grupo t\u00e9cnico dos Povos Origin\u00e1rios. Al\u00e9m delas, outras tr\u00eas lideran\u00e7as ind\u00edgenas participaram do grupo: <a href=\"https:\/\/bit.ly\/3v9lyPG\" target=\"_blank\" rel=\"noopener\">Benki Piy\u00e3ko<\/a>, <a href=\"https:\/\/bit.ly\/3jnEBD8\" target=\"_blank\" rel=\"noopener\">C\u00e9lia Xakriab\u00e1<\/a> e <a href=\"https:\/\/bit.ly\/3YJF5Uo\" target=\"_blank\" rel=\"noopener\">Davi Kopenawa Yanomami<\/a>.<\/p>\n<figure id=\"attachment_64639\" aria-describedby=\"caption-attachment-64639\" style=\"width: 670px\" class=\"wp-caption aligncenter\"><a href=\"https:\/\/rioonwatch.org.br\/wp-content\/uploads\/2022\/12\/card_triplice_capasite-1080x675_APIB.jpg\"><img loading=\"lazy\" decoding=\"async\" class=\"wp-image-64639\" title=\"Os tr\u00eas poss\u00edveis nomes para ocupar o Minist\u00e9rio dos Povos Origin\u00e1rios, da esquerda para a direita: Joenia Wapichana, Sonia Guajajara e Weibe Tapeba. Montagem APIB\" src=\"https:\/\/rioonwatch.org.br\/wp-content\/uploads\/2022\/12\/card_triplice_capasite-1080x675_APIB-620x388.jpg\" alt=\"Os tr\u00eas poss\u00edveis nomes para ocupar o Minist\u00e9rio dos Povos Origin\u00e1rios, da esquerda para a direita: Joenia Wapichana, Sonia Guajajara e Weibe Tapeba. Montagem APIB\" width=\"670\" height=\"419\" srcset=\"https:\/\/rioonwatch.org.br\/wp-content\/uploads\/2022\/12\/card_triplice_capasite-1080x675_APIB-620x388.jpg 620w, https:\/\/rioonwatch.org.br\/wp-content\/uploads\/2022\/12\/card_triplice_capasite-1080x675_APIB-1006x629.jpg 1006w, https:\/\/rioonwatch.org.br\/wp-content\/uploads\/2022\/12\/card_triplice_capasite-1080x675_APIB.jpg 1080w\" sizes=\"(max-width: 670px) 100vw, 670px\" \/><\/a><figcaption id=\"caption-attachment-64639\" class=\"wp-caption-text\">Os tr\u00eas poss\u00edveis nomes para ocupar o Minist\u00e9rio dos Povos Origin\u00e1rios, da esquerda para a direita: Joenia Wapichana, Sonia Guajajara e Weibe Tapeba. Montagem APIB<\/figcaption><\/figure>\n<p>Vale tamb\u00e9m destacar a participa\u00e7\u00e3o de crias de favela, intelectuais e ativistas perif\u00e9ricos no Gabinete, como a <a href=\"https:\/\/bit.ly\/3WvfRaq\" target=\"_blank\" rel=\"noopener\">Sabrina Santos<\/a>, membro da Uni\u00e3o dos Moradores de Heli\u00f3polis (<a href=\"https:\/\/bit.ly\/3v9BotK\" target=\"_blank\" rel=\"noopener\">Unas<\/a>).<\/p>\n<blockquote class=\"twitter-tweet\">\n<p dir=\"ltr\" lang=\"pt\">Sabrina Santos, 20 anos \u00e9 pesquisadora do projeto da UNAS, <a href=\"https:\/\/twitter.com\/hashtag\/DeOlhoNaQuebrada?src=hash&amp;ref_src=twsrc%5Etfw\">#DeOlhoNaQuebrada<\/a> e estudante de ci\u00eancias econ\u00f4micas e pol\u00edticas p\u00fablicas da UFABC. Hoje ela foi anunciada pelo vice-presidente eleito <a href=\"https:\/\/twitter.com\/geraldoalckmin?ref_src=twsrc%5Etfw\">@geraldoalckmin<\/a> como membra do governo de transi\u00e7\u00e3o no GT de juventude. <a href=\"https:\/\/t.co\/Nj3sDNp7he\">pic.twitter.com\/Nj3sDNp7he<\/a><\/p>\n<p>\u2014 UNAS Heliopolis (@UNAS_Heliopolis) <a href=\"https:\/\/twitter.com\/UNAS_Heliopolis\/status\/1592304923567304705?ref_src=twsrc%5Etfw\">November 14, 2022<\/a><\/p><\/blockquote>\n<p><script async src=\"https:\/\/platform.twitter.com\/widgets.js\" charset=\"utf-8\"><\/script><\/p>\n<p>O grupo de transi\u00e7\u00e3o de Igualdade Racial teve nomes de peso como: <a href=\"https:\/\/bit.ly\/3hE9MKd\" target=\"_blank\" rel=\"noopener\">Nilma Lino Gomes<\/a>, ex-Ministra das Mulheres, da Igualdade Racial e dos Direitos Humanos; <a href=\"https:\/\/bit.ly\/3FOxCL1\" target=\"_blank\" rel=\"noopener\">Giv\u00e2nia Maria Silva<\/a>, educadora quilombola e doutora em Sociologia; I\u00eada Leal, pedagoga e Coordenadora Nacional do Movimento Negro Unificado (<a href=\"https:\/\/bit.ly\/32Fgyo7\" target=\"_blank\" rel=\"noopener\">MNU<\/a>); e Preta Ferreira, militante do movimento negro e de moradia, <a href=\"https:\/\/bit.ly\/3v6mrsi\" target=\"_blank\" rel=\"noopener\">presa em 2019<\/a>\u00a0por <a href=\"https:\/\/bit.ly\/3PMf4j7\" target=\"_blank\" rel=\"noopener\">109 dias<\/a>\u00a0por ser atuante no Movimento dos Trabalhadores Sem Teto (<a href=\"http:\/\/bit.ly\/2Jk6dV5\" target=\"_blank\" rel=\"noopener\">MTST<\/a>) e na <a href=\"https:\/\/bit.ly\/3YFcr6X\" target=\"_blank\" rel=\"noopener\">Frente de Luta por Moradia<\/a> da cidade de S\u00e3o Paulo.<\/p>\n<figure id=\"attachment_64643\" aria-describedby=\"caption-attachment-64643\" style=\"width: 670px\" class=\"wp-caption aligncenter\"><a href=\"https:\/\/rioonwatch.org.br\/wp-content\/uploads\/2022\/12\/Douglas-Belchior-e-Nilma-Lino-Gomes-sao-os-nomes-cotados-para-assumir-o-futuro-Ministerio-da-Igualdade-Racial-Foto_-Divulgacao.png\"><img loading=\"lazy\" decoding=\"async\" class=\"wp-image-64643\" title=\"Nomes de peso como os de Douglas Belchior e Nilma Lino Gomes participaram de grupos de transi\u00e7\u00e3o e foram cotados para o futuro Minist\u00e9rio da Igualdade Racial. Divulga\u00e7\u00e3o\" src=\"https:\/\/rioonwatch.org.br\/wp-content\/uploads\/2022\/12\/Douglas-Belchior-e-Nilma-Lino-Gomes-sao-os-nomes-cotados-para-assumir-o-futuro-Ministerio-da-Igualdade-Racial-Foto_-Divulgacao-620x393.png\" alt=\"Nomes de peso como os de Douglas Belchior e Nilma Lino Gomes participaram de grupos de transi\u00e7\u00e3o e foram cotados para o futuro Minist\u00e9rio da Igualdade Racial. Divulga\u00e7\u00e3o\" width=\"670\" height=\"425\" srcset=\"https:\/\/rioonwatch.org.br\/wp-content\/uploads\/2022\/12\/Douglas-Belchior-e-Nilma-Lino-Gomes-sao-os-nomes-cotados-para-assumir-o-futuro-Ministerio-da-Igualdade-Racial-Foto_-Divulgacao-620x393.png 620w, https:\/\/rioonwatch.org.br\/wp-content\/uploads\/2022\/12\/Douglas-Belchior-e-Nilma-Lino-Gomes-sao-os-nomes-cotados-para-assumir-o-futuro-Ministerio-da-Igualdade-Racial-Foto_-Divulgacao.png 930w\" sizes=\"(max-width: 670px) 100vw, 670px\" \/><\/a><figcaption id=\"caption-attachment-64643\" class=\"wp-caption-text\">Nomes de peso como os de Douglas Belchior e Nilma Lino Gomes participaram de grupos de transi\u00e7\u00e3o e foram cotados para o futuro Minist\u00e9rio da Igualdade Racial. Foto: divulga\u00e7\u00e3o<\/figcaption><\/figure>\n<p>Al\u00e9m de Sheila Carvalho, outros integrantes da <a href=\"https:\/\/bit.ly\/2L6uB02\" target=\"_blank\" rel=\"noopener\">Coaliz\u00e3o Negra Por Direitos<\/a> participaram de grupos de transi\u00e7\u00e3o. Dentre eles, Douglas Belchior, professor de Hist\u00f3ria e fundador da Uneafro Brasil, e <a href=\"https:\/\/bit.ly\/3v9L1Zf\" target=\"_blank\" rel=\"noopener\">Thiago Tobias<\/a>, advogado da Coaliz\u00e3o.<\/p>\n<p>Ap\u00f3s compor o Grupo de Transi\u00e7\u00e3o de Mulheres junto a outras nove integrantes, a jornalista, pesquisadora e mestra em Rela\u00e7\u00f5es \u00c9tnico-Raciais <a href=\"https:\/\/bit.ly\/2P0jmsp\" target=\"_blank\" rel=\"noopener\">Anielle Franco<\/a>, cria do <a href=\"http:\/\/bit.ly\/2K1s59x\" target=\"_blank\" rel=\"noopener\">Conjunto de Favelas da Mar\u00e9<\/a>\u2014que abrange 16 favelas na Zona Norte do Rio de Janeiro\u2014ir\u00e1 assumir o futuro Minist\u00e9rio da Igualdade Racial do novo governo.<\/p>\n<figure id=\"attachment_64641\" aria-describedby=\"caption-attachment-64641\" style=\"width: 670px\" class=\"wp-caption aligncenter\"><a href=\"https:\/\/rioonwatch.org.br\/wp-content\/uploads\/2022\/12\/Anielle-Lula-Costa.png\"><img loading=\"lazy\" decoding=\"async\" class=\"wp-image-64641\" title=\"Anielle Franco, futura Ministra da Igualdade Racial, em ato na Esplanada dos Minist\u00e9rios, Bras\u00edlia. Foto: Luna Costa\" src=\"https:\/\/rioonwatch.org.br\/wp-content\/uploads\/2022\/12\/Anielle-Lula-Costa-620x356.png\" alt=\"Anielle Franco, futura Ministra da Igualdade Racial, em ato na Esplanada dos Minist\u00e9rios, Bras\u00edlia. Foto: Luna Costa\" width=\"670\" height=\"384\" srcset=\"https:\/\/rioonwatch.org.br\/wp-content\/uploads\/2022\/12\/Anielle-Lula-Costa-620x356.png 620w, https:\/\/rioonwatch.org.br\/wp-content\/uploads\/2022\/12\/Anielle-Lula-Costa.png 1039w\" sizes=\"(max-width: 670px) 100vw, 670px\" \/><\/a><figcaption id=\"caption-attachment-64641\" class=\"wp-caption-text\">Anielle Franco, futura Ministra da Igualdade Racial, em ato na Esplanada dos Minist\u00e9rios, Bras\u00edlia. Foto: Luna Costa<\/figcaption><\/figure>\n<p><a href=\"https:\/\/bit.ly\/3hLBnJo\" target=\"_blank\" rel=\"noopener\">Iraneide Soares da Silva<\/a>, doutora em Hist\u00f3ria e integrante do <a href=\"https:\/\/bit.ly\/3v9O4Ru\" target=\"_blank\" rel=\"noopener\">Sankofa &#8211; N\u00facleo de Estudos e Pesquisas em Hist\u00f3ria e Mem\u00f3ria da Escravid\u00e3o e do P\u00f3s-Aboli\u00e7\u00e3o<\/a> da <a href=\"https:\/\/bit.ly\/3WFhhiR\" target=\"_blank\" rel=\"noopener\">UESPI<\/a>, comp\u00f4s o grupo de transi\u00e7\u00e3o da Ci\u00eancia, Tecnologia e Inova\u00e7\u00e3o. A chefia do futuro Minist\u00e9rio da Ci\u00eancia e Tecnologia ficar\u00e1 a cargo da integrante do Conselho Pol\u00edtico do grupo de transi\u00e7\u00e3o do governo e atual vice-governadora de Pernambuco, <a href=\"http:\/\/glo.bo\/3FI4ftO\" target=\"_blank\" rel=\"noopener\">Luciana Santos<\/a>.<\/p>\n<figure id=\"attachment_64645\" aria-describedby=\"caption-attachment-64645\" style=\"width: 670px\" class=\"wp-caption aligncenter\"><a href=\"https:\/\/rioonwatch.org.br\/wp-content\/uploads\/2022\/12\/silvio-almeida-reproducao.png\"><img loading=\"lazy\" decoding=\"async\" class=\"wp-image-64645\" title=\"Silvio Almeida, membro do Gabinete de Transi\u00e7\u00e3o do novo governo Lula. Reprodu\u00e7\u00e3o\" src=\"https:\/\/rioonwatch.org.br\/wp-content\/uploads\/2022\/12\/silvio-almeida-reproducao-620x364.png\" alt=\"Silvio Almeida, membro do Gabinete de Transi\u00e7\u00e3o do novo governo Lula. Reprodu\u00e7\u00e3o\" width=\"670\" height=\"393\" srcset=\"https:\/\/rioonwatch.org.br\/wp-content\/uploads\/2022\/12\/silvio-almeida-reproducao-620x364.png 620w, https:\/\/rioonwatch.org.br\/wp-content\/uploads\/2022\/12\/silvio-almeida-reproducao.png 959w\" sizes=\"(max-width: 670px) 100vw, 670px\" \/><\/a><figcaption id=\"caption-attachment-64645\" class=\"wp-caption-text\">Silvio Almeida, futuro ministro dos Direitos Humanos do governo Lula. Foto: reprodu\u00e7\u00e3o<\/figcaption><\/figure>\n<p>No grupo de transi\u00e7\u00e3o do Minist\u00e9rio dos Direitos Humanos, destacou-se a participa\u00e7\u00e3o de <a href=\"https:\/\/bit.ly\/3BMyHC6\" target=\"_blank\" rel=\"noopener\">Silvio Luiz de Almeida<\/a>, um dos intelectuais negros mais renomados do pa\u00eds. <span style=\"font-weight: 400;\">Advogado e ex-professor das universidades de Columbia e Duke, nos Estados Unidos, Silvio \u00e9 <\/span>autor do livro <a href=\"https:\/\/bit.ly\/3FPBdIS\" target=\"_blank\" rel=\"noopener\"><em>Racismo Estrutural<\/em><\/a>. Apesar de seu nome desagradar alguns integrantes do PT que, <a href=\"https:\/\/bit.ly\/3hv5ox7\" target=\"_blank\" rel=\"noopener\">de acordo com a <em>CNN Brasil<\/em><\/a>, prefeririam um pol\u00edtico na vaga, seu favoritismo confirmou-se em 22 de dezembro quando foi anunciado como <a href=\"http:\/\/bit.ly\/3jrnPDm\" target=\"_blank\" rel=\"noopener\">Ministro dos Direitos Humanos<\/a>.<\/p>\n<h3>Nomea\u00e7\u00f5es para o Minist\u00e9rio e um Vislumbre do Futuro<\/h3>\n<p>O <a href=\"https:\/\/bit.ly\/3WBKsDj\" target=\"_blank\" rel=\"noopener\">novo governo ser\u00e1 composto por 37 minist\u00e9rios<\/a>. A cria\u00e7\u00e3o de novas pastas responde \u00e0s promessas feitas durante a campanha, mas n\u00e3o representar\u00e3o aumento de cargos na Administra\u00e7\u00e3o P\u00fablica Federal. At\u00e9 o momento, o perfil dos 21 ministros j\u00e1 anunciados pelo presidente-eleito Luiz In\u00e1cio Lula da Silva \u00e9 de dez petistas, seis mulheres, quatro negros e um ind\u00edgena. Em <a href=\"http:\/\/bit.ly\/3hMwSya\" target=\"_blank\" rel=\"noopener\">entrevista coletiva \u00e0 imprensa em 22 de dezembro<\/a>, Lula anunciou estes futuros ministros. Faltam ainda outros 16 nomes.<\/p>\n<p>Lula vem sendo cobrado por diversidade e os 21 futuros ministros j\u00e1 anunciados ainda n\u00e3o resolveram a quest\u00e3o. No recorte de g\u00eanero, temos 15 homens nomeados como ministros e apenas seis mulheres. Entre elas est\u00e1 Anielle Franco, at\u00e9 ent\u00e3o diretora do <a href=\"https:\/\/bit.ly\/39iSVWl\" target=\"_blank\" rel=\"noopener\">Instituto Marielle Franco<\/a>, que foi nomeada para o Minist\u00e9rio da Igualdade Racial. Anielle \u00e9 irm\u00e3 de Marielle Franco, vereadora brutalmente assassinada no Rio de Janeiro em 14 mar\u00e7o de 2018. Quase cinco anos ap\u00f3s a execu\u00e7\u00e3o, o crime segue sendo investigado e nenhum acusado foi julgado.<\/p>\n<p>Em <a href=\"https:\/\/bit.ly\/3PTbcx8\" target=\"_blank\" rel=\"noopener\">comunicado feito pelo Twitter<\/a>, Anielle Franco afirmou que far\u00e1 uma gest\u00e3o alinhada aos demais minist\u00e9rios e secretarias: \u201cN\u00e3o ser\u00e1 um minist\u00e9rio isolado. Vamos trabalhar com todos os minist\u00e9rios para recuperar o retrocesso que foi feito nos \u00faltimos anos e para avan\u00e7ar de uma forma urgente, necess\u00e1ria e in\u00e9dita na garantia de direitos e dignidades para o nosso povo e construir o Brasil do futuro\u201d.<\/p>\n<p><span style=\"font-weight: 400;\"><a href=\"https:\/\/rioonwatch.org.br\/wp-content\/uploads\/2022\/12\/Foto-Anielle-Franco-Aceite-Ministerio-2022-12-22-at-14.41.01.webp\"><img loading=\"lazy\" decoding=\"async\" class=\"alignright wp-image-64895\" src=\"https:\/\/rioonwatch.org.br\/wp-content\/uploads\/2022\/12\/Foto-Anielle-Franco-Aceite-Ministerio-2022-12-22-at-14.41.01-538x620.webp\" alt=\"\" width=\"300\" height=\"346\" srcset=\"https:\/\/rioonwatch.org.br\/wp-content\/uploads\/2022\/12\/Foto-Anielle-Franco-Aceite-Ministerio-2022-12-22-at-14.41.01-538x620.webp 538w, https:\/\/rioonwatch.org.br\/wp-content\/uploads\/2022\/12\/Foto-Anielle-Franco-Aceite-Ministerio-2022-12-22-at-14.41.01-546x629.webp 546w, https:\/\/rioonwatch.org.br\/wp-content\/uploads\/2022\/12\/Foto-Anielle-Franco-Aceite-Ministerio-2022-12-22-at-14.41.01.webp 1200w\" sizes=\"(max-width: 300px) 100vw, 300px\" \/><\/a>Explicou, ainda, por que aceitou o convite para ser ministra: <\/span><\/p>\n<blockquote><p><span style=\"font-weight: 400;\">\u201cRecebi o convite do presidente Lula para ser ministra da pasta de Igualdade Racial. Depois de refletir com minha fam\u00edlia, companheiras de caminhada e movimentos, aceitei o desafio em nome da mem\u00f3ria da minha irm\u00e3 e das mais de 115 milh\u00f5es de pessoas negras no Brasil, que s\u00e3o maioria da popula\u00e7\u00e3o e que precisam de um governo que se preocupe com os seus direitos de bem viver, de oportunidades, com seguran\u00e7a, comida, educa\u00e7\u00e3o, emprego, cultura, e dignidade\u201d.\u00a0<\/span><\/p><\/blockquote>\n<p><span style=\"font-weight: 400;\">O Instituto Marielle Franco fez um post recordando a <\/span><a href=\"http:\/\/bit.ly\/3hOg21T\" target=\"_blank\" rel=\"noopener\"><span style=\"font-weight: 400;\">\u00faltima fala de Marielle no evento do seu mandato na Casa das Pretas<\/span><\/a><span style=\"font-weight: 400;\"> sobre \u201cjovens negras movendo as estruturas\u201d.\u00a0<\/span><\/p>\n<blockquote class=\"twitter-tweet\">\n<p dir=\"ltr\" lang=\"pt\">O ano era 2018 e essa foi a \u00faltima fala de Marielle no evento do seu mandato \u201cJovens negras movendo as estruturas\u201d.<\/p>\n<p>Quando falamos de mais de n\u00f3s na pol\u00edtica, falamos sobre repara\u00e7\u00e3o, sobre justi\u00e7a e democracia. <a href=\"https:\/\/t.co\/Ywl3wzhOVW\">pic.twitter.com\/Ywl3wzhOVW<\/a><\/p>\n<p>\u2014 Instituto Marielle Franco (@inst_marielle) <a href=\"https:\/\/twitter.com\/inst_marielle\/status\/1605984344056549376?ref_src=twsrc%5Etfw\">December 22, 2022<\/a><\/p><\/blockquote>\n<p><script async src=\"https:\/\/platform.twitter.com\/widgets.js\" charset=\"utf-8\"><\/script><\/p>\n<p>Outra forte refer\u00eancia do movimento negro escolhido para um minist\u00e9rio, Silvio Almeida, afirmou em post do Twitter: \u201cAssumo com imensa honra e responsabilidade a tarefa que me foi atribu\u00edda pelo Presidente @LulaOficial de servir ao meu pa\u00eds como Ministro dos Direitos Humanos. Teremos um enorme trabalho pela frente, mas carrego a esperan\u00e7a de que ser\u00e1 poss\u00edvel trazer dignidade ao povo brasileiro\u201d.<\/p>\n<p>Eleito por uma frente ampla democr\u00e1tica, Lula at\u00e9 o momento mostra que o governo ter\u00e1 a cara do PT, sem comprometer um poss\u00edvel governo com orienta\u00e7\u00e3o de centro-direita ao inv\u00e9s de centro-esquerda.<\/p>\n<p>Dos 37 ministros que compor\u00e3o seu gabinete, sete s\u00e3o pol\u00edticos do PT, partido com a maior participa\u00e7\u00e3o. Nenhum partido de centro foi contemplado at\u00e9 agora. Em termos \u00e9tnicos e de g\u00eanero, s\u00e3o dez homens brancos, tr\u00eas pardos autodeclarados (Fl\u00e1vio Dino, Rui Costa e Jorge Messias), um preto, S\u00edlvio Almeida, e um ind\u00edgena, Wellington Dias. Entre as seis mulheres, Margareth Menezes e Anielle Franco s\u00e3o pretas e Luciana Santos se declara parda.<\/p>\n<p>Com 16 pastas ainda a serem anunciadas, permanece a expectativa do quanto as escolhas do presidente-eleito trar\u00e3o uma diversidade que de fato represente o conjunto da sociedade brasileira.<\/p>\n<p><em>Sobre a autora:\u00a0<a href=\"https:\/\/bit.ly\/3o2YA7Q\" rel=\"noopener\">Tatiana Lima<\/a>\u00a0\u00e9 jornalista e comunicadora popular de cora\u00e7\u00e3o. Feminista negra, integrante do\u00a0<a href=\"https:\/\/bit.ly\/3mZf3bS\" rel=\"noopener\">Grupo de Pesquisa Pesquisadores Em Movimento<\/a>\u00a0do Complexo do Alem\u00e3o, atua como rep\u00f3rter no RioOnWatch. Cria de favela, negra de pele clara, mora no asfalto perif\u00e9rico do sub\u00farbio do Rio e \u00e9 doutoranda em comunica\u00e7\u00e3o pela\u00a0<a href=\"http:\/\/bit.ly\/3h2kC6O\" rel=\"noopener\">UFF<\/a>.\u00a0<\/em><\/p>\n<hr \/>\n<h4><b data-stringify-type=\"bold\">Apoie nossos esfor\u00e7os para fornecer apoio estrat\u00e9gico \u00e0s favelas do Rio, incluindo o jornalismo hiperlocal, cr\u00edtico, inovador e incans\u00e1vel do\u00a0<\/b><b data-stringify-type=\"bold\"><i data-stringify-type=\"italic\">RioOnWatch<\/i><\/b>\u2014<a class=\"c-link\" href=\"http:\/\/www.bit.ly\/ApoieROW\" target=\"_blank\" rel=\"noopener noreferrer\" data-stringify-link=\"http:\/\/www.bit.ly\/ApoieROW\" data-sk=\"tooltip_parent\">doe aqui<\/a>.<\/h4>\n<!-- AddThis Advanced Settings generic via filter on the_content --><!-- AddThis Share Buttons generic via filter on the_content -->","protected":false},"excerpt":{"rendered":"<div class=\"mh-excerpt\"><p>Click Here for English Nos bastidores, o Gabinete de Transi\u00e7\u00e3o do Governo Lula foi cobrado a incluir mais nomes que representassem as minorias. Com a participa\u00e7\u00e3o de intelectuais ind\u00edgenas, quilombolas, negras e negros, de favela, <a class=\"mh-excerpt-more\" href=\"https:\/\/rioonwatch.org.br\/?p=64637\" title=\"Representatividade Importa: Acertos e Contradi\u00e7\u00f5es do Gabinete de Transi\u00e7\u00e3o e as Perspectivas para os Minist\u00e9rios do Novo Governo Lula\">[&#8230;]<\/a><!-- AddThis Advanced Settings generic via filter on get_the_excerpt --><!-- AddThis Share Buttons generic via filter on get_the_excerpt --><\/p>\n<\/div>","protected":false},"author":165,"featured_media":64646,"comment_status":"closed","ping_status":"closed","sticky":false,"template":"","format":"standard","meta":{"_acf_changed":false,"_monsterinsights_skip_tracking":false,"_monsterinsights_sitenote_active":false,"_monsterinsights_sitenote_note":"","_monsterinsights_sitenote_category":0,"footnotes":""},"categories":[1618,1621,3175,1625,3206,1612],"tags":[2954,332,479,88,3173,2891,1449,1574,1398,1841,1403,797,1217,304,2920,1989,1840,3114,1991,672],"writer":[2800],"translator":[],"source":[],"ilustrador":[],"fotografo":[],"class_list":{"0":"post-64637","1":"post","2":"type-post","3":"status-publish","4":"format-standard","5":"has-post-thumbnail","7":"category-olhonaparticipacao","8":"category-destaque","9":"category-democracia","10":"category-por-correspondentes-comunitarios","11":"category-representatividade","12":"category-sociedade-civil","13":"tag-coalizao-negra-por-direitos","14":"tag-complexo-da-mare","15":"tag-democracia","16":"tag-direitos-humanos","17":"tag-eleicoes-2022","18":"tag-guaianases","19":"tag-igualdade","20":"tag-indigenas","21":"tag-lgbt","22":"tag-lula","23":"tag-movimento-negro","24":"tag-movimentos-sociais","25":"tag-mtst","26":"tag-participacao","27":"tag-pl","28":"tag-psol","29":"tag-pt","30":"tag-racismo-estrutural","31":"tag-rede","32":"tag-seguranca-publica","33":"writer-tatiana-lima"},"acf":[],"yoast_head":"<!-- This site is optimized with the Yoast SEO plugin v25.6 - https:\/\/yoast.com\/wordpress\/plugins\/seo\/ -->\n<title>Representatividade Importa: Acertos e Contradi\u00e7\u00f5es do Gabinete de Transi\u00e7\u00e3o e as Perspectivas para os Minist\u00e9rios do Novo Governo Lula - RioOnWatch<\/title>\n<meta name=\"robots\" content=\"index, follow, max-snippet:-1, max-image-preview:large, max-video-preview:-1\" \/>\n<link rel=\"canonical\" href=\"https:\/\/rioonwatch.org.br\/?p=64637\" \/>\n<meta property=\"og:locale\" content=\"pt_BR\" \/>\n<meta property=\"og:type\" content=\"article\" \/>\n<meta property=\"og:title\" content=\"Representatividade Importa: Acertos e Contradi\u00e7\u00f5es do Gabinete de Transi\u00e7\u00e3o e as Perspectivas para os Minist\u00e9rios do Novo Governo Lula - RioOnWatch\" \/>\n<meta property=\"og:description\" content=\"Click Here for English Nos bastidores, o Gabinete de Transi\u00e7\u00e3o do Governo Lula foi cobrado a incluir mais nomes que representassem as minorias. Com a participa\u00e7\u00e3o de intelectuais ind\u00edgenas, quilombolas, negras e negros, de favela, [...]\" \/>\n<meta property=\"og:url\" content=\"https:\/\/rioonwatch.org.br\/?p=64637\" \/>\n<meta property=\"og:site_name\" content=\"RioOnWatch\" \/>\n<meta property=\"article:published_time\" content=\"2022-12-28T09:00:42+00:00\" \/>\n<meta property=\"article:modified_time\" content=\"2023-01-16T16:35:23+00:00\" \/>\n<meta property=\"og:image\" content=\"https:\/\/rioonwatch.org.br\/wp-content\/uploads\/2022\/12\/lula-anuncia-ministros_Foto_Marcelo-Camargo_Agencia-Brasil.jpg\" \/>\n\t<meta property=\"og:image:width\" content=\"1170\" \/>\n\t<meta property=\"og:image:height\" content=\"700\" \/>\n\t<meta property=\"og:image:type\" content=\"image\/jpeg\" \/>\n<meta name=\"author\" content=\"Tatiana Lima\" \/>\n<meta name=\"twitter:card\" content=\"summary_large_image\" \/>\n<meta name=\"twitter:label1\" content=\"Escrito por\" \/>\n\t<meta name=\"twitter:data1\" content=\"Tatiana Lima\" \/>\n\t<meta name=\"twitter:label2\" content=\"Est. tempo de leitura\" \/>\n\t<meta name=\"twitter:data2\" content=\"16 minutos\" \/>\n<script type=\"application\/ld+json\" class=\"yoast-schema-graph\">{\"@context\":\"https:\/\/schema.org\",\"@graph\":[{\"@type\":\"Article\",\"@id\":\"https:\/\/rioonwatch.org.br\/?p=64637#article\",\"isPartOf\":{\"@id\":\"https:\/\/rioonwatch.org.br\/?p=64637\"},\"author\":{\"name\":\"Tatiana Lima\",\"@id\":\"https:\/\/rioonwatch.org.br\/#\/schema\/person\/8fde974ee24e219acc413d63393ec551\"},\"headline\":\"Representatividade Importa: Acertos e Contradi\u00e7\u00f5es do Gabinete de Transi\u00e7\u00e3o e as Perspectivas para os Minist\u00e9rios do Novo Governo Lula\",\"datePublished\":\"2022-12-28T09:00:42+00:00\",\"dateModified\":\"2023-01-16T16:35:23+00:00\",\"mainEntityOfPage\":{\"@id\":\"https:\/\/rioonwatch.org.br\/?p=64637\"},\"wordCount\":2761,\"publisher\":{\"@id\":\"https:\/\/rioonwatch.org.br\/#organization\"},\"image\":{\"@id\":\"https:\/\/rioonwatch.org.br\/?p=64637#primaryimage\"},\"thumbnailUrl\":\"https:\/\/rioonwatch.org.br\/wp-content\/uploads\/2022\/12\/lula-anuncia-ministros_Foto_Marcelo-Camargo_Agencia-Brasil.jpg\",\"keywords\":[\"Coaliz\u00e3o Negra por Direitos\",\"Complexo da Mar\u00e9\",\"Democracia\",\"Direitos Humanos\",\"elei\u00e7\u00f5es 2022\",\"Guaianases\",\"igualdade\",\"ind\u00edgenas\",\"LGBTQIAPN+\",\"Lula\",\"Movimento negro\",\"movimentos sociais\",\"MTST\",\"participa\u00e7\u00e3o\",\"PL\",\"PSOL\",\"PT\",\"Racismo estrutural\",\"REDE\",\"seguran\u00e7a p\u00fablica\"],\"articleSection\":[\"#OlhoNaParticipa\u00e7\u00e3o\",\"*Destaque\",\"Democracia\",\"Escrito por Comunicadores Populares\",\"Representatividade\",\"Sociedade Civil\"],\"inLanguage\":\"pt-BR\"},{\"@type\":\"WebPage\",\"@id\":\"https:\/\/rioonwatch.org.br\/?p=64637\",\"url\":\"https:\/\/rioonwatch.org.br\/?p=64637\",\"name\":\"Representatividade Importa: Acertos e Contradi\u00e7\u00f5es do Gabinete de Transi\u00e7\u00e3o e as Perspectivas para os Minist\u00e9rios do Novo Governo Lula - RioOnWatch\",\"isPartOf\":{\"@id\":\"https:\/\/rioonwatch.org.br\/#website\"},\"primaryImageOfPage\":{\"@id\":\"https:\/\/rioonwatch.org.br\/?p=64637#primaryimage\"},\"image\":{\"@id\":\"https:\/\/rioonwatch.org.br\/?p=64637#primaryimage\"},\"thumbnailUrl\":\"https:\/\/rioonwatch.org.br\/wp-content\/uploads\/2022\/12\/lula-anuncia-ministros_Foto_Marcelo-Camargo_Agencia-Brasil.jpg\",\"datePublished\":\"2022-12-28T09:00:42+00:00\",\"dateModified\":\"2023-01-16T16:35:23+00:00\",\"breadcrumb\":{\"@id\":\"https:\/\/rioonwatch.org.br\/?p=64637#breadcrumb\"},\"inLanguage\":\"pt-BR\",\"potentialAction\":[{\"@type\":\"ReadAction\",\"target\":[\"https:\/\/rioonwatch.org.br\/?p=64637\"]}]},{\"@type\":\"ImageObject\",\"inLanguage\":\"pt-BR\",\"@id\":\"https:\/\/rioonwatch.org.br\/?p=64637#primaryimage\",\"url\":\"https:\/\/rioonwatch.org.br\/wp-content\/uploads\/2022\/12\/lula-anuncia-ministros_Foto_Marcelo-Camargo_Agencia-Brasil.jpg\",\"contentUrl\":\"https:\/\/rioonwatch.org.br\/wp-content\/uploads\/2022\/12\/lula-anuncia-ministros_Foto_Marcelo-Camargo_Agencia-Brasil.jpg\",\"width\":1170,\"height\":700,\"caption\":\"O Presidente-Eleito Luiz In\u00e1cio Lula da Silva anuncia ministros durante coletiva no CCBB Bras\u00edlia. Foto: Marcelo Camargo\/Ag\u00eancia Brasil\"},{\"@type\":\"BreadcrumbList\",\"@id\":\"https:\/\/rioonwatch.org.br\/?p=64637#breadcrumb\",\"itemListElement\":[{\"@type\":\"ListItem\",\"position\":1,\"name\":\"In\u00edcio\",\"item\":\"https:\/\/rioonwatch.org.br\/\"},{\"@type\":\"ListItem\",\"position\":2,\"name\":\"Representatividade Importa: Acertos e Contradi\u00e7\u00f5es do Gabinete de Transi\u00e7\u00e3o e as Perspectivas para os Minist\u00e9rios do Novo Governo Lula\"}]},{\"@type\":\"WebSite\",\"@id\":\"https:\/\/rioonwatch.org.br\/#website\",\"url\":\"https:\/\/rioonwatch.org.br\/\",\"name\":\"RioOnWatch\",\"description\":\"relatos das favelas cariocas\",\"publisher\":{\"@id\":\"https:\/\/rioonwatch.org.br\/#organization\"},\"potentialAction\":[{\"@type\":\"SearchAction\",\"target\":{\"@type\":\"EntryPoint\",\"urlTemplate\":\"https:\/\/rioonwatch.org.br\/?s={search_term_string}\"},\"query-input\":{\"@type\":\"PropertyValueSpecification\",\"valueRequired\":true,\"valueName\":\"search_term_string\"}}],\"inLanguage\":\"pt-BR\"},{\"@type\":\"Organization\",\"@id\":\"https:\/\/rioonwatch.org.br\/#organization\",\"name\":\"RioOnWatch\",\"url\":\"https:\/\/rioonwatch.org.br\/\",\"logo\":{\"@type\":\"ImageObject\",\"inLanguage\":\"pt-BR\",\"@id\":\"https:\/\/rioonwatch.org.br\/#\/schema\/logo\/image\/\",\"url\":\"https:\/\/rioonwatch.org.br\/wp-content\/uploads\/2021\/06\/RioOnWatchcabecalhoPT11anos-2.png\",\"contentUrl\":\"https:\/\/rioonwatch.org.br\/wp-content\/uploads\/2021\/06\/RioOnWatchcabecalhoPT11anos-2.png\",\"width\":779,\"height\":277,\"caption\":\"RioOnWatch\"},\"image\":{\"@id\":\"https:\/\/rioonwatch.org.br\/#\/schema\/logo\/image\/\"}},{\"@type\":\"Person\",\"@id\":\"https:\/\/rioonwatch.org.br\/#\/schema\/person\/8fde974ee24e219acc413d63393ec551\",\"name\":\"Tatiana Lima\",\"image\":{\"@type\":\"ImageObject\",\"inLanguage\":\"pt-BR\",\"@id\":\"https:\/\/rioonwatch.org.br\/#\/schema\/person\/image\/\",\"url\":\"https:\/\/secure.gravatar.com\/avatar\/5fb587d000e124a9d6aae50aec42d39e?s=96&d=blank&r=g\",\"contentUrl\":\"https:\/\/secure.gravatar.com\/avatar\/5fb587d000e124a9d6aae50aec42d39e?s=96&d=blank&r=g\",\"caption\":\"Tatiana Lima\"},\"url\":\"https:\/\/rioonwatch.org.br\/?author=165\"}]}<\/script>\n<!-- \/ Yoast SEO plugin. -->","yoast_head_json":{"title":"Representatividade Importa: Acertos e Contradi\u00e7\u00f5es do Gabinete de Transi\u00e7\u00e3o e as Perspectivas para os Minist\u00e9rios do Novo Governo Lula - RioOnWatch","robots":{"index":"index","follow":"follow","max-snippet":"max-snippet:-1","max-image-preview":"max-image-preview:large","max-video-preview":"max-video-preview:-1"},"canonical":"https:\/\/rioonwatch.org.br\/?p=64637","og_locale":"pt_BR","og_type":"article","og_title":"Representatividade Importa: Acertos e Contradi\u00e7\u00f5es do Gabinete de Transi\u00e7\u00e3o e as Perspectivas para os Minist\u00e9rios do Novo Governo Lula - RioOnWatch","og_description":"Click Here for English Nos bastidores, o Gabinete de Transi\u00e7\u00e3o do Governo Lula foi cobrado a incluir mais nomes que representassem as minorias. Com a participa\u00e7\u00e3o de intelectuais ind\u00edgenas, quilombolas, negras e negros, de favela, [...]","og_url":"https:\/\/rioonwatch.org.br\/?p=64637","og_site_name":"RioOnWatch","article_published_time":"2022-12-28T09:00:42+00:00","article_modified_time":"2023-01-16T16:35:23+00:00","og_image":[{"width":1170,"height":700,"url":"https:\/\/rioonwatch.org.br\/wp-content\/uploads\/2022\/12\/lula-anuncia-ministros_Foto_Marcelo-Camargo_Agencia-Brasil.jpg","type":"image\/jpeg"}],"author":"Tatiana Lima","twitter_card":"summary_large_image","twitter_misc":{"Escrito por":"Tatiana Lima","Est. tempo de leitura":"16 minutos"},"schema":{"@context":"https:\/\/schema.org","@graph":[{"@type":"Article","@id":"https:\/\/rioonwatch.org.br\/?p=64637#article","isPartOf":{"@id":"https:\/\/rioonwatch.org.br\/?p=64637"},"author":{"name":"Tatiana Lima","@id":"https:\/\/rioonwatch.org.br\/#\/schema\/person\/8fde974ee24e219acc413d63393ec551"},"headline":"Representatividade Importa: Acertos e Contradi\u00e7\u00f5es do Gabinete de Transi\u00e7\u00e3o e as Perspectivas para os Minist\u00e9rios do Novo Governo Lula","datePublished":"2022-12-28T09:00:42+00:00","dateModified":"2023-01-16T16:35:23+00:00","mainEntityOfPage":{"@id":"https:\/\/rioonwatch.org.br\/?p=64637"},"wordCount":2761,"publisher":{"@id":"https:\/\/rioonwatch.org.br\/#organization"},"image":{"@id":"https:\/\/rioonwatch.org.br\/?p=64637#primaryimage"},"thumbnailUrl":"https:\/\/rioonwatch.org.br\/wp-content\/uploads\/2022\/12\/lula-anuncia-ministros_Foto_Marcelo-Camargo_Agencia-Brasil.jpg","keywords":["Coaliz\u00e3o Negra por Direitos","Complexo da Mar\u00e9","Democracia","Direitos Humanos","elei\u00e7\u00f5es 2022","Guaianases","igualdade","ind\u00edgenas","LGBTQIAPN+","Lula","Movimento negro","movimentos sociais","MTST","participa\u00e7\u00e3o","PL","PSOL","PT","Racismo estrutural","REDE","seguran\u00e7a p\u00fablica"],"articleSection":["#OlhoNaParticipa\u00e7\u00e3o","*Destaque","Democracia","Escrito por Comunicadores Populares","Representatividade","Sociedade Civil"],"inLanguage":"pt-BR"},{"@type":"WebPage","@id":"https:\/\/rioonwatch.org.br\/?p=64637","url":"https:\/\/rioonwatch.org.br\/?p=64637","name":"Representatividade Importa: Acertos e Contradi\u00e7\u00f5es do Gabinete de Transi\u00e7\u00e3o e as Perspectivas para os Minist\u00e9rios do Novo Governo Lula - RioOnWatch","isPartOf":{"@id":"https:\/\/rioonwatch.org.br\/#website"},"primaryImageOfPage":{"@id":"https:\/\/rioonwatch.org.br\/?p=64637#primaryimage"},"image":{"@id":"https:\/\/rioonwatch.org.br\/?p=64637#primaryimage"},"thumbnailUrl":"https:\/\/rioonwatch.org.br\/wp-content\/uploads\/2022\/12\/lula-anuncia-ministros_Foto_Marcelo-Camargo_Agencia-Brasil.jpg","datePublished":"2022-12-28T09:00:42+00:00","dateModified":"2023-01-16T16:35:23+00:00","breadcrumb":{"@id":"https:\/\/rioonwatch.org.br\/?p=64637#breadcrumb"},"inLanguage":"pt-BR","potentialAction":[{"@type":"ReadAction","target":["https:\/\/rioonwatch.org.br\/?p=64637"]}]},{"@type":"ImageObject","inLanguage":"pt-BR","@id":"https:\/\/rioonwatch.org.br\/?p=64637#primaryimage","url":"https:\/\/rioonwatch.org.br\/wp-content\/uploads\/2022\/12\/lula-anuncia-ministros_Foto_Marcelo-Camargo_Agencia-Brasil.jpg","contentUrl":"https:\/\/rioonwatch.org.br\/wp-content\/uploads\/2022\/12\/lula-anuncia-ministros_Foto_Marcelo-Camargo_Agencia-Brasil.jpg","width":1170,"height":700,"caption":"O Presidente-Eleito Luiz In\u00e1cio Lula da Silva anuncia ministros durante coletiva no CCBB Bras\u00edlia. Foto: Marcelo Camargo\/Ag\u00eancia Brasil"},{"@type":"BreadcrumbList","@id":"https:\/\/rioonwatch.org.br\/?p=64637#breadcrumb","itemListElement":[{"@type":"ListItem","position":1,"name":"In\u00edcio","item":"https:\/\/rioonwatch.org.br\/"},{"@type":"ListItem","position":2,"name":"Representatividade Importa: Acertos e Contradi\u00e7\u00f5es do Gabinete de Transi\u00e7\u00e3o e as Perspectivas para os Minist\u00e9rios do Novo Governo Lula"}]},{"@type":"WebSite","@id":"https:\/\/rioonwatch.org.br\/#website","url":"https:\/\/rioonwatch.org.br\/","name":"RioOnWatch","description":"relatos das favelas cariocas","publisher":{"@id":"https:\/\/rioonwatch.org.br\/#organization"},"potentialAction":[{"@type":"SearchAction","target":{"@type":"EntryPoint","urlTemplate":"https:\/\/rioonwatch.org.br\/?s={search_term_string}"},"query-input":{"@type":"PropertyValueSpecification","valueRequired":true,"valueName":"search_term_string"}}],"inLanguage":"pt-BR"},{"@type":"Organization","@id":"https:\/\/rioonwatch.org.br\/#organization","name":"RioOnWatch","url":"https:\/\/rioonwatch.org.br\/","logo":{"@type":"ImageObject","inLanguage":"pt-BR","@id":"https:\/\/rioonwatch.org.br\/#\/schema\/logo\/image\/","url":"https:\/\/rioonwatch.org.br\/wp-content\/uploads\/2021\/06\/RioOnWatchcabecalhoPT11anos-2.png","contentUrl":"https:\/\/rioonwatch.org.br\/wp-content\/uploads\/2021\/06\/RioOnWatchcabecalhoPT11anos-2.png","width":779,"height":277,"caption":"RioOnWatch"},"image":{"@id":"https:\/\/rioonwatch.org.br\/#\/schema\/logo\/image\/"}},{"@type":"Person","@id":"https:\/\/rioonwatch.org.br\/#\/schema\/person\/8fde974ee24e219acc413d63393ec551","name":"Tatiana Lima","image":{"@type":"ImageObject","inLanguage":"pt-BR","@id":"https:\/\/rioonwatch.org.br\/#\/schema\/person\/image\/","url":"https:\/\/secure.gravatar.com\/avatar\/5fb587d000e124a9d6aae50aec42d39e?s=96&d=blank&r=g","contentUrl":"https:\/\/secure.gravatar.com\/avatar\/5fb587d000e124a9d6aae50aec42d39e?s=96&d=blank&r=g","caption":"Tatiana Lima"},"url":"https:\/\/rioonwatch.org.br\/?author=165"}]}},"_links":{"self":[{"href":"https:\/\/rioonwatch.org.br\/index.php?rest_route=\/wp\/v2\/posts\/64637"}],"collection":[{"href":"https:\/\/rioonwatch.org.br\/index.php?rest_route=\/wp\/v2\/posts"}],"about":[{"href":"https:\/\/rioonwatch.org.br\/index.php?rest_route=\/wp\/v2\/types\/post"}],"author":[{"embeddable":true,"href":"https:\/\/rioonwatch.org.br\/index.php?rest_route=\/wp\/v2\/users\/165"}],"replies":[{"embeddable":true,"href":"https:\/\/rioonwatch.org.br\/index.php?rest_route=%2Fwp%2Fv2%2Fcomments&post=64637"}],"version-history":[{"count":45,"href":"https:\/\/rioonwatch.org.br\/index.php?rest_route=\/wp\/v2\/posts\/64637\/revisions"}],"predecessor-version":[{"id":65385,"href":"https:\/\/rioonwatch.org.br\/index.php?rest_route=\/wp\/v2\/posts\/64637\/revisions\/65385"}],"wp:featuredmedia":[{"embeddable":true,"href":"https:\/\/rioonwatch.org.br\/index.php?rest_route=\/wp\/v2\/media\/64646"}],"wp:attachment":[{"href":"https:\/\/rioonwatch.org.br\/index.php?rest_route=%2Fwp%2Fv2%2Fmedia&parent=64637"}],"wp:term":[{"taxonomy":"category","embeddable":true,"href":"https:\/\/rioonwatch.org.br\/index.php?rest_route=%2Fwp%2Fv2%2Fcategories&post=64637"},{"taxonomy":"post_tag","embeddable":true,"href":"https:\/\/rioonwatch.org.br\/index.php?rest_route=%2Fwp%2Fv2%2Ftags&post=64637"},{"taxonomy":"writer","embeddable":true,"href":"https:\/\/rioonwatch.org.br\/index.php?rest_route=%2Fwp%2Fv2%2Fwriter&post=64637"},{"taxonomy":"translator","embeddable":true,"href":"https:\/\/rioonwatch.org.br\/index.php?rest_route=%2Fwp%2Fv2%2Ftranslator&post=64637"},{"taxonomy":"source","embeddable":true,"href":"https:\/\/rioonwatch.org.br\/index.php?rest_route=%2Fwp%2Fv2%2Fsource&post=64637"},{"taxonomy":"ilustrador","embeddable":true,"href":"https:\/\/rioonwatch.org.br\/index.php?rest_route=%2Fwp%2Fv2%2Filustrador&post=64637"},{"taxonomy":"fotografo","embeddable":true,"href":"https:\/\/rioonwatch.org.br\/index.php?rest_route=%2Fwp%2Fv2%2Ffotografo&post=64637"}],"curies":[{"name":"wp","href":"https:\/\/api.w.org\/{rel}","templated":true}]}}