{"id":64832,"date":"2023-01-13T16:46:09","date_gmt":"2023-01-13T19:46:09","guid":{"rendered":"https:\/\/rioonwatch.org.br\/?p=64832"},"modified":"2024-09-05T13:07:03","modified_gmt":"2024-09-05T16:07:03","slug":"retrospectiva-2022-melhores-e-piores-reportagens-internacionais-sobre-as-favelas-do-rio-editorial","status":"publish","type":"post","link":"https:\/\/rioonwatch.org.br\/?p=64832","title":{"rendered":"Retrospectiva 2022: Melhores e Piores Reportagens Internacionais sobre as Favelas do Rio [EDITORIAL]"},"content":{"rendered":"<figure id=\"attachment_63902\" aria-describedby=\"caption-attachment-63902\" style=\"width: 1030px\" class=\"wp-caption aligncenter\"><a href=\"https:\/\/rioonwatch.org.br\/wp-content\/uploads\/2022\/11\/Lula-na-Rocinha.png\"><img fetchpriority=\"high\" decoding=\"async\" class=\"wp-image-63902\" title=\"Caminhada em apoio a Lula na Rocinha. Foto: B\u00e1rbara Dias\/RioOnWatch\" src=\"https:\/\/rioonwatch.org.br\/wp-content\/uploads\/2022\/11\/Lula-na-Rocinha-620x259.png\" alt=\"Caminhada em apoio a Lula na Rocinha. Foto: B\u00e1rbara Dias\/RioOnWatch\" width=\"1030\" height=\"431\" srcset=\"https:\/\/rioonwatch.org.br\/wp-content\/uploads\/2022\/11\/Lula-na-Rocinha-620x259.png 620w, https:\/\/rioonwatch.org.br\/wp-content\/uploads\/2022\/11\/Lula-na-Rocinha-1505x629.png 1505w\" sizes=\"(max-width: 1030px) 100vw, 1030px\" \/><\/a><figcaption id=\"caption-attachment-63902\" class=\"wp-caption-text\">Caminhada em apoio a Lula na Rocinha. Foto: B\u00e1rbara Dias\/RioOnWatch<\/figcaption><\/figure>\n<h4 style=\"text-align: right;\"><a href=\"https:\/\/bit.ly\/FavelasInTheMedia2022\" target=\"_blank\" rel=\"noopener\"><em><strong>Click Here for English<img decoding=\"async\" class=\"alignright wp-image-15790\" src=\"https:\/\/rioonwatch.org.br\/wp-content\/uploads\/2012\/08\/EN-standard-e1439583104716.jpg\" alt=\"\" width=\"20\" height=\"20\" \/><\/strong><\/em><\/a><\/h4>\n<p><i><span style=\"font-weight: 400;\">Esta \u00e9 a contribui\u00e7\u00e3o mais recente da nossa s\u00e9rie anual de mat\u00e9rias analisando as <\/span><\/i><a href=\"http:\/\/bit.ly\/FavelasNaMidiaInternacional\" target=\"_blank\" rel=\"noopener\"><i><span style=\"font-weight: 400;\">Melhores e Piores Reportagens Internacionais sobre Favelas do Rio<\/span><\/i><\/a><i><span style=\"font-weight: 400;\">,<\/span><\/i> <i><span style=\"font-weight: 400;\">que faz parte do debate promovido pelo RioOnWatch sobre a <\/span><\/i><a href=\"http:\/\/bit.ly\/1ZVXkRS\" target=\"_blank\" rel=\"noopener\"><i><span style=\"font-weight: 400;\">narrativa<\/span><\/i><\/a><i><span style=\"font-weight: 400;\"> e as <\/span><\/i><a href=\"http:\/\/bit.ly\/1OKE065\" target=\"_blank\" rel=\"noopener\"><i><span style=\"font-weight: 400;\">representa\u00e7\u00f5es midi\u00e1ticas<\/span><\/i><\/a><i><span style=\"font-weight: 400;\"> acerca das favelas cariocas.<\/span><\/i><\/p>\n<h3>Introdu\u00e7\u00e3o \u00e0 Edi\u00e7\u00e3o de 2022<\/h3>\n<p><span style=\"font-weight: 400;\">O ano de 2022 foi cheio de complexidades, seja no \u00e2mbito nacional ou internacional. Ap\u00f3s dois anos de uma pandemia que continua com altos n\u00fameros de <a href=\"http:\/\/bit.ly\/3PJpf8g\" target=\"_blank\" rel=\"noopener\">contamina\u00e7\u00e3o<\/a><\/span><span style=\"font-weight: 400;\">, o Brasil entrou o ano lutando contra uma nova variante do coronav\u00edrus, a <\/span><span style=\"font-weight: 400;\">\u00d4micron, caracterizada por uma alt\u00edssima taxa de transmiss\u00e3o. Tal como ocorreu desde o in\u00edcio dessa emerg\u00eancia global, as organiza\u00e7\u00f5es de <\/span><a href=\"https:\/\/bit.ly\/Covid19NasFavelas\" target=\"_blank\" rel=\"noopener\"><span style=\"font-weight: 400;\">favelas foram as principais respons\u00e1veis pelo enfrentamento \u00e0 doen\u00e7a<\/span><\/a><span style=\"font-weight: 400;\"> e \u00e0s suas consequ\u00eancias nesses territ\u00f3rios, algo que n\u00e3o se alterou desde 2020.<\/span><\/p>\n<p><span style=\"font-weight: 400;\">2022 foi um ano \u00edmpar, em que, somado ao coronav\u00edrus e \u00e0 <a href=\"https:\/\/bit.ly\/2Rku5Mf\" target=\"_blank\" rel=\"noopener\">neglig\u00eancia estatal<\/a>, o Brasil tamb\u00e9m passou por uma intensa polariza\u00e7\u00e3o pol\u00edtica e um <\/span><a href=\"https:\/\/bit.ly\/3SpXsJC\" target=\"_blank\" rel=\"noopener\"><span style=\"font-weight: 400;\">processo eleitoral violento e tenso<\/span><\/a>.<span style=\"font-weight: 400;\"> No entanto, as manchetes internacionais sobre as favelas voltaram \u00e0 sua \u201cnormalidade hist\u00f3rica\u201d. <\/span><span style=\"font-weight: 400;\">Isso significou, muitas vezes, uma cobertura muito mais enviesada, reativa e, por vezes, problem\u00e1tica e ofensiva sobre esses territ\u00f3rios, ainda que com interessantes reportagens (e outros tipos de conte\u00fado) que trazem algo de novo sobre a favela e seus moradores.<\/span><\/p>\n<figure id=\"attachment_62007\" aria-describedby=\"caption-attachment-62007\" style=\"width: 500px\" class=\"wp-caption alignright\"><a href=\"https:\/\/rioonwatch.org.br\/wp-content\/uploads\/2022\/06\/Jacarezinho.jpg\"><img decoding=\"async\" class=\"wp-image-62007\" title=\"Inaugura\u00e7\u00e3o do Memorial aos 28 Mortos na Chacina do Jacarezinho, inaugurado em maio de 2022 e destru\u00eddo pela Pol\u00edcia Civil alguns meses depois. Foto: Selma Souza\/Voz das Comunidades\" src=\"https:\/\/rioonwatch.org.br\/wp-content\/uploads\/2022\/06\/Jacarezinho.jpg\" alt=\"Inaugura\u00e7\u00e3o do Memorial aos 28 Mortos na Chacina do Jacarezinho, inaugurado em maio de 2022 e destru\u00eddo pela Pol\u00edcia Civil alguns meses depois. Foto: Selma Souza\/Voz das Comunidades\" width=\"500\" height=\"333\" srcset=\"https:\/\/rioonwatch.org.br\/wp-content\/uploads\/2022\/06\/Jacarezinho.jpg 1024w, https:\/\/rioonwatch.org.br\/wp-content\/uploads\/2022\/06\/Jacarezinho-620x414.jpg 620w, https:\/\/rioonwatch.org.br\/wp-content\/uploads\/2022\/06\/Jacarezinho-943x629.jpg 943w\" sizes=\"(max-width: 500px) 100vw, 500px\" \/><\/a><figcaption id=\"caption-attachment-62007\" class=\"wp-caption-text\">Inaugura\u00e7\u00e3o do Memorial aos 28 Mortos na Chacina do Jacarezinho, inaugurado em maio de 2022 e destru\u00eddo pela Pol\u00edcia Civil alguns meses depois. Foto: Selma Souza\/Voz das Comunidades<\/figcaption><\/figure>\n<p><span style=\"font-weight: 400;\">O jornalismo de base comunit\u00e1ria, nesse contexto, manteve seu dever hist\u00f3rico de dar visibilidade a preocupa\u00e7\u00f5es concretas e cotidianas, como o <\/span><a href=\"https:\/\/bit.ly\/3RMKYg2\" target=\"_blank\" rel=\"noopener\"><span style=\"font-weight: 400;\">retorno da fome<\/span><\/a><span style=\"font-weight: 400;\">, a <\/span><a href=\"https:\/\/bit.ly\/2YQbMTP\" target=\"_blank\" rel=\"noopener\"><span style=\"font-weight: 400;\">necropol\u00edtica<\/span><\/a><span style=\"font-weight: 400;\">, o aumento no pre\u00e7o do<\/span> <a href=\"https:\/\/bit.ly\/3xd2YFC\" target=\"_blank\" rel=\"noopener\"><span style=\"font-weight: 400;\">g\u00e1s de cozinha<\/span><\/a><span style=\"font-weight: 400;\"> e dos alimentos da cesta b\u00e1sica, assim como quest\u00f5es de m\u00e9dio e longo prazo que facilmente s\u00e3o esquecidas em meio \u00e0 vida cotidiana, como <\/span><a href=\"https:\/\/bit.ly\/3zI2ytJ\" target=\"_blank\" rel=\"noopener\"><span style=\"font-weight: 400;\">mudan\u00e7as clim\u00e1ticas<\/span><\/a><span style=\"font-weight: 400;\">, <\/span><a href=\"https:\/\/bit.ly\/366t3eF\" target=\"_blank\" rel=\"noopener\"><span style=\"font-weight: 400;\">mem\u00f3ria coletiva<\/span><\/a>,<span style=\"font-weight: 400;\">\u00a0<\/span><a href=\"https:\/\/bit.ly\/DNAnoROW\" target=\"_blank\" rel=\"noopener\"><span style=\"font-weight: 400;\">ancestralidade<\/span><\/a><span style=\"font-weight: 400;\"> e <\/span><a href=\"https:\/\/bit.ly\/39irHkY\" target=\"_blank\" rel=\"noopener\"><span style=\"font-weight: 400;\">justi\u00e7a clim\u00e1tica<\/span><\/a><span style=\"font-weight: 400;\">.<\/span><\/p>\n<p><span style=\"font-weight: 400;\">Tais assuntos, por sua vez, raramente alcan\u00e7am as p\u00e1ginas da m\u00eddia internacional, mesmo que esses ve\u00edculos estejam <a href=\"http:\/\/bit.ly\/FavelasNaMidiaInternacional\" target=\"_blank\" rel=\"noopener\">cada vez mais atentos<\/a> sobre como abordar as favelas, seus moradores e suas solu\u00e7\u00f5es<\/span>\u2014<span style=\"font-weight: 400;\">e n\u00e3o apenas os problemas<\/span><span style=\"font-weight: 400;\">.<\/span><\/p>\n<p>Dado o impacto da m\u00eddia internacional sobre a opini\u00e3o p\u00fablica mundial, <a href=\"https:\/\/bit.ly\/3h2F8VA\" target=\"_blank\" rel=\"noopener\">coberturas enviesadas ou equivocadas<\/a>, por menores que sejam, se tornam problem\u00e1ticas. \u00c9 por isso que, apesar dos avan\u00e7os, \u00e9 sempre preciso refor\u00e7ar a necessidade de uma <a href=\"http:\/\/bit.ly\/2XvC2zf\" target=\"_blank\" rel=\"noopener\">mudan\u00e7a de paradigma<\/a> para transformar a realidade e influenciar as pol\u00edticas p\u00fablicas, tornando crucial que as informa\u00e7\u00f5es sobre as favelas sejam pensadas, produzidas e discutidas pelos seus pr\u00f3prios moradores e tamb\u00e9m por pessoas de fora em di\u00e1logo com eles.<\/p>\n<p><span style=\"font-weight: 400;\"><a href=\"http:\/\/bit.ly\/2neW6Vx\" target=\"_blank\" rel=\"noopener\">Como j\u00e1 foi coberto<\/a> pelo pr\u00f3prio <\/span><i><span style=\"font-weight: 400;\">RioOnWatch<\/span><\/i><span style=\"font-weight: 400;\">, h\u00e1 in\u00fameros benef\u00edcios de se fazer jornalismo a partir de solu\u00e7\u00f5es: ele deve ser rigoroso, baseado em evid\u00eancias que ofere\u00e7am esperan\u00e7a \u00e0 sociedade atrav\u00e9s da ci\u00eancia e tamb\u00e9m sempre respondendo, com ideias inovadoras, a problemas reais. Essa abordagem proativa e positiva, se soma ao papel de cobran\u00e7a \u00e0s autoridades, aos que devem resposta ao p\u00fablico atrav\u00e9s da imprensa livre. <\/span><a href=\"https:\/\/bit.ly\/3u86DV0\" target=\"_blank\" rel=\"noopener\"><span style=\"font-weight: 400;\">O jornalismo deve nos dar esperan\u00e7a, n\u00e3o medo<\/span><\/a><span style=\"font-weight: 400;\">.<\/span><\/p>\n<h3><b>Entre a Pandemia e a Volta das Coberturas Tradicionais: As Melhores e Piores Reportagens Internacionais sobre as Favelas em 2022<\/b><\/h3>\n<p>No in\u00edcio do ano, a revista alem\u00e3 <i>Spiegel International<\/i>, publicada em ingl\u00eas, <a href=\"http:\/\/bit.ly\/3nSpMb6\" target=\"_blank\" rel=\"noopener\">apresentou<\/a> um interessante panorama de como as juventudes faveladas est\u00e3o conquistando seu espa\u00e7o. S\u00f3 que, ao inv\u00e9s desse espa\u00e7o ser no mundo real, trata-se do mundo virtual. Ainda que o acesso \u00e0 internet nesses <a href=\"http:\/\/bit.ly\/3WBXSPC\" target=\"_blank\" rel=\"noopener\">territ\u00f3rios seja notoriamente inst\u00e1vel<\/a> e de baixa qualidade, a\u00a0<i>Agence France Presse<\/i> (<em>AFP<\/em>) publicou sobre a <a href=\"http:\/\/bit.ly\/3hGLA9U\" target=\"_blank\" rel=\"noopener\">cena <em>gamer<\/em> nas favelas<\/a>. A reportagem exp\u00f5e a pouca presen\u00e7a de pessoas negras em ambientes digitais no Brasil.<\/p>\n<figure id=\"attachment_64960\" aria-describedby=\"caption-attachment-64960\" style=\"width: 1030px\" class=\"wp-caption aligncenter\"><a href=\"https:\/\/rioonwatch.org.br\/wp-content\/uploads\/2022\/12\/96-das-criancas-de-favela-menores-de-15-anos-querem-se-tornar-gamers-profissionais-de-acordo-com-uma-pesquisa-de-2021-do-Instiuto-Data-Favela.-Foto-Evaristo-Sa-AFP.webp\"><img loading=\"lazy\" decoding=\"async\" class=\"wp-image-64960\" title=\"96% das crian\u00e7as de favela menores de 15 anos querem se tornar gamers profissionais, de acordo com uma pesquisa de 2021 do Instituto Data Favela. Foto: Evaristo S\u00e1\/AFP\" src=\"https:\/\/rioonwatch.org.br\/wp-content\/uploads\/2022\/12\/96-das-criancas-de-favela-menores-de-15-anos-querem-se-tornar-gamers-profissionais-de-acordo-com-uma-pesquisa-de-2021-do-Instiuto-Data-Favela.-Foto-Evaristo-Sa-AFP.webp\" alt=\"96% das crian\u00e7as de favela menores de 15 anos querem se tornar gamers profissionais, de acordo com uma pesquisa de 2021 do Instiuto Data Favela. Foto: Evaristo S\u00e1\/AFP\" width=\"1030\" height=\"687\" srcset=\"https:\/\/rioonwatch.org.br\/wp-content\/uploads\/2022\/12\/96-das-criancas-de-favela-menores-de-15-anos-querem-se-tornar-gamers-profissionais-de-acordo-com-uma-pesquisa-de-2021-do-Instiuto-Data-Favela.-Foto-Evaristo-Sa-AFP.webp 2480w, https:\/\/rioonwatch.org.br\/wp-content\/uploads\/2022\/12\/96-das-criancas-de-favela-menores-de-15-anos-querem-se-tornar-gamers-profissionais-de-acordo-com-uma-pesquisa-de-2021-do-Instiuto-Data-Favela.-Foto-Evaristo-Sa-AFP-620x413.webp 620w, https:\/\/rioonwatch.org.br\/wp-content\/uploads\/2022\/12\/96-das-criancas-de-favela-menores-de-15-anos-querem-se-tornar-gamers-profissionais-de-acordo-com-uma-pesquisa-de-2021-do-Instiuto-Data-Favela.-Foto-Evaristo-Sa-AFP-944x629.webp 944w\" sizes=\"(max-width: 1030px) 100vw, 1030px\" \/><\/a><figcaption id=\"caption-attachment-64960\" class=\"wp-caption-text\">96% das crian\u00e7as de favela menores de 15 anos querem se tornar gamers profissionais, de acordo com uma pesquisa de 2021 do Instituto Data Favela. Foto: Evaristo S\u00e1\/AFP<\/figcaption><\/figure>\n<p><span style=\"font-weight: 400;\">Infelizmente, <\/span><span style=\"font-weight: 400;\">percebeu-se a <\/span><a href=\"https:\/\/bit.ly\/3sFrQoN\" target=\"_blank\" rel=\"noopener\"><span style=\"font-weight: 400;\">continuidade do uso do termo estigmatizante <em>slum<\/em><\/span><\/a>\u2014que se refere \u00e0 favelas incipientes e prec\u00e1rias cujos moradores buscam reassentamento digno, e n\u00e3o \u00e0 favelas consolidadas que visam o investimento pleno como as do Brasil de hoje\u2014como em mat\u00e9rias dos sites <a href=\"http:\/\/bit.ly\/3uOZ3AN\" target=\"_blank\" rel=\"noopener\"><em>Impact Alpha<\/em><\/a><span style=\"font-weight: 400;\">, <a href=\"http:\/\/bit.ly\/3v8KVRW\" target=\"_blank\" rel=\"noopener\"><em>Start Ups<\/em><\/a> e <a href=\"http:\/\/bit.ly\/3G7re36\" target=\"_blank\" rel=\"noopener\"><em>Forbes<\/em><\/a>, algo que o <\/span><i><span style=\"font-weight: 400;\">RioOnWatch<\/span><\/i> <a href=\"http:\/\/bit.ly\/2brHHyf\" target=\"_blank\" rel=\"noopener\"><span style=\"font-weight: 400;\">vem h\u00e1 mais de uma d\u00e9cada chamando a aten\u00e7\u00e3o<\/span><\/a><span style=\"font-weight: 400;\">.<\/span><\/p>\n<p>Uma videorreportagem interessante da <a href=\"http:\/\/bit.ly\/3HTU08D\" target=\"_blank\" rel=\"noopener\"><em>Deutsche Welle<\/em><\/a> no in\u00edcio de 2022 combinou a preval\u00eancia da tecnologia e da internet nas favelas com a economia. A reportagem seguiu uma <a href=\"https:\/\/bit.ly\/3zCRKM7\" target=\"_blank\" rel=\"noopener\">s\u00e9rie de mat\u00e9rias em outros ve\u00edculos<\/a> no fim de 2021 e falou sobre o servi\u00e7o de entrega de mercadorias focado em favelas, Favela Brasil XPress, no contexto de alta do e-market (lojas virtuais) na pandemia.<\/p>\n<h3>Inseguran\u00e7a P\u00fablica, Chacinas e o Programa Cidade Integrada<\/h3>\n<p><span style=\"font-weight: 400;\">Ainda em janeiro, o Rio foi cen\u00e1rio da inaugura\u00e7\u00e3o de um novo programa de seguran\u00e7a p\u00fablica. Oito meses ap\u00f3s a<\/span> <a href=\"https:\/\/bit.ly\/3uzoyD6\" target=\"_blank\" rel=\"noopener\"><span style=\"font-weight: 400;\">Chacina do Jacarezinho<\/span><\/a><span style=\"font-weight: 400;\">, prontamente <\/span><span style=\"font-weight: 400;\">defendida pelo Governador Cl\u00e1udio Castro<\/span><span style=\"font-weight: 400;\">, em 19 de janeiro de 2022, \u00e0s 5h da manh\u00e3, a favela presenciou o in\u00edcio de um novo ciclo de pol\u00edtica p\u00fablica question\u00e1vel, ao <a href=\"https:\/\/bit.ly\/3GUCSvt\" target=\"_blank\" rel=\"noopener\">ser instalado o Programa Cidade Integrada<\/a><\/span><span style=\"font-weight: 400;\">\u00a0no Jacarezinho e Muzema. O medo de novo perambulava pelos becos e vielas do Jacarezinho, sintetizado em toucas ninjas ocultando rostos e policiais com fuzis nas m\u00e3os.<\/span><\/p>\n<p><span style=\"font-weight: 400;\">Ve\u00edculos internacionais reagiram \u00e0 opera\u00e7\u00e3o e a seus n\u00fameros com an\u00e1lises<\/span><b>\u2014<\/b><span style=\"font-weight: 400;\">geralmente cr\u00edticas<\/span><b>\u2014<\/b><span style=\"font-weight: 400;\">de especialistas. Ag\u00eancias de not\u00edcias estrangeiras, tais como a <\/span><a href=\"http:\/\/bit.ly\/3PHfAix\" target=\"_blank\" rel=\"noopener\"><i><span style=\"font-weight: 400;\">Associated Press<\/span><\/i><\/a> (<em>AP<\/em>)<span style=\"font-weight: 400;\">, <\/span><a href=\"http:\/\/bit.ly\/3PJb1Eh\" target=\"_blank\" rel=\"noopener\"><i><span style=\"font-weight: 400;\">Reuters<\/span><\/i><\/a><span style=\"font-weight: 400;\"> e <\/span><a href=\"http:\/\/bit.ly\/3BOGe3e\" target=\"_blank\" rel=\"noopener\"><i><span style=\"font-weight: 400;\">AFP<\/span><\/i><\/a><span style=\"font-weight: 400;\"> foram os ve\u00edculos que mais pautaram esses acontecimentos na m\u00eddia internacional. Infelizmente, suas coberturas foram essencialmente reativas, com poucas pautas propositivas ou explicativas.\u00a0<\/span><\/p>\n<figure id=\"attachment_64967\" aria-describedby=\"caption-attachment-64967\" style=\"width: 500px\" class=\"wp-caption alignright\"><a href=\"https:\/\/rioonwatch.org.br\/wp-content\/uploads\/2022\/12\/Traficantes-carregando-rifles-escutam-a-um-culto-evangelico-do-lado-de-fora-de-uma-igreja-na-periferia-do-Rio.-Foto-Alan-LimaThe-Guardian.webp\"><img loading=\"lazy\" decoding=\"async\" class=\"wp-image-64967\" title=\"Traficantes carregando rifles escutam a um culto evang\u00e9lico do lado de fora de uma igreja, na periferia do Rio. Foto: Alan Lima\/The Guardian\" src=\"https:\/\/rioonwatch.org.br\/wp-content\/uploads\/2022\/12\/Traficantes-carregando-rifles-escutam-a-um-culto-evangelico-do-lado-de-fora-de-uma-igreja-na-periferia-do-Rio.-Foto-Alan-LimaThe-Guardian.webp\" alt=\"Traficantes carregando rifles escutam a um culto evang\u00e9lico do lado de fora de uma igreja, na periferia do Rio. Foto: Alan Lima\/The Guardian\" width=\"500\" height=\"334\" srcset=\"https:\/\/rioonwatch.org.br\/wp-content\/uploads\/2022\/12\/Traficantes-carregando-rifles-escutam-a-um-culto-evangelico-do-lado-de-fora-de-uma-igreja-na-periferia-do-Rio.-Foto-Alan-LimaThe-Guardian.webp 880w, https:\/\/rioonwatch.org.br\/wp-content\/uploads\/2022\/12\/Traficantes-carregando-rifles-escutam-a-um-culto-evangelico-do-lado-de-fora-de-uma-igreja-na-periferia-do-Rio.-Foto-Alan-LimaThe-Guardian-620x414.webp 620w\" sizes=\"(max-width: 500px) 100vw, 500px\" \/><\/a><figcaption id=\"caption-attachment-64967\" class=\"wp-caption-text\">Traficantes carregando rifles escutam a um culto evang\u00e9lico do lado de fora de uma igreja, na periferia do Rio. Foto: Alan Lima\/The Guardian<\/figcaption><\/figure>\n<p>A <i><span style=\"font-weight: 400;\">Insight Crime<\/span><\/i><span style=\"font-weight: 400;\">, por sua vez, <a href=\"https:\/\/bit.ly\/3ucBqS8\" target=\"_blank\" rel=\"noopener\">mesclou jornalismo com an\u00e1lise cr\u00edtica<\/a>, bem como fez Tom Philips no <em>The Guardian<\/em>, <a href=\"https:\/\/bit.ly\/3IIrCDz\" target=\"_blank\" rel=\"noopener\">nesta mat\u00e9ria<\/a> na qual contextualiza o movimento de <\/span><span style=\"font-weight: 400;\">sincretismo entre a f\u00e9 crist\u00e3 e o tr\u00e1fico de drogas<\/span><span style=\"font-weight: 400;\">.<\/span><\/p>\n<p><span style=\"font-weight: 400;\">As chacinas de 2022 representam uma tend\u00eancia de retrocesso puro, tendo se repetido algumas vezes ao longo do ano. <\/span><span style=\"font-weight: 400;\">Algumas semanas depois do Programa Cidade Integrada, uma nova opera\u00e7\u00e3o culminou em uma chacina que<\/span> <span style=\"font-weight: 400;\">deixou oito mortos na Vila Cruzeiro<\/span><span style=\"font-weight: 400;\">, como reportado <a href=\"http:\/\/bit.ly\/3BVArc2\" target=\"_blank\" rel=\"noopener\">pela <em>Associated Press<\/em><\/a>, alguns destes pelas m\u00e3os da Pol\u00edcia Rodovi\u00e1ria Federal (PRF), algo pouco comum na hist\u00f3ria das opera\u00e7\u00f5es nas favelas do Rio e <a href=\"https:\/\/bit.ly\/3I1PrsO\" target=\"_blank\" rel=\"noopener\">legalmente question\u00e1vel<\/a>, j\u00e1 que as favelas do Complexo da Penha est\u00e3o a quil\u00f4metros de dist\u00e2ncia de estradas federais, sob a jurisdi\u00e7\u00e3o da PRF.<\/span><\/p>\n<p>A mesma<em> I<\/em><em>nsight Crime<\/em>, alguns meses depois, <a href=\"http:\/\/bit.ly\/3QJdxcX\" target=\"_blank\" rel=\"noopener\">fez uma reportagem provocadora<\/a> perguntando o porqu\u00ea da PRF, que participou dessa opera\u00e7\u00e3o, ter come\u00e7ado a matar muito mais pessoas em 2022 do que a sua m\u00e9dia hist\u00f3rica. As chacinas ainda se repetiram no Rio em maio conforme <a href=\"https:\/\/bit.ly\/3MQE86n\" target=\"_blank\" rel=\"noopener\">noticiado aqui pela <em>AP<\/em><\/a>, na Vila Cruzeiro, e em julho como noticiado <a href=\"http:\/\/bit.ly\/3FS0amS\" target=\"_blank\" rel=\"noopener\">aqui pela <em>Reuters<\/em><\/a>, no Complexo do Alem\u00e3o. No entanto, nenhuma reportagem estrangeira alinhavou o tema para al\u00e9m do \u00f3bvio, exceto um artigo do <a href=\"http:\/\/bit.ly\/3v5rh9c\" target=\"_blank\" rel=\"noopener\"><i>The Washington Post<\/i><\/a> que n\u00e3o poupou as for\u00e7as policiais brasileiras de serem identificadas como uma das mais letais do mundo.<\/p>\n<p>Uma das poucas mat\u00e9rias que descreveu bem o panorama da viol\u00eancia e da disfun\u00e7\u00e3o de direitos fundamentais foi publicada pela <em>AFP<\/em>, que fez uma instigante <a href=\"https:\/\/bit.ly\/3yNNbkl\" target=\"_blank\" rel=\"noopener\">reportagem sobre o triste marco de um ano da maior chacina na hist\u00f3ria da Pol\u00edcia Militar do Rio de Janeiro<\/a>, de 28 pessoas no Jacarezinho. A <a href=\"https:\/\/bit.ly\/38HjxTc\" target=\"_blank\" rel=\"noopener\"><em>Insight Crim<\/em><em>e<\/em> tamb\u00e9m escreveu<\/a> sobre o escalonamento da viol\u00eancia nas favelas, deixando evidente que essas a\u00e7\u00f5es apenas aumentavam o n\u00famero de cad\u00e1veres, sem nenhum impacto positivo nas condi\u00e7\u00f5es de seguran\u00e7a da cidade.<\/p>\n<h3>A Luta das Favelas por Justi\u00e7a Clim\u00e1tica<\/h3>\n<figure id=\"attachment_61083\" aria-describedby=\"caption-attachment-61083\" style=\"width: 500px\" class=\"wp-caption alignright\"><a href=\"https:\/\/rioonwatch.org.br\/wp-content\/uploads\/2022\/03\/mudancas-climaticas-e1648073359226.jpg\"><img loading=\"lazy\" decoding=\"async\" class=\"wp-image-61083\" title=\"Chuvas que atingiram Petr\u00f3polis em fevereiro foram as mais intensas desde 1932. Foto: Fernando Fraz\u00e3o \/ Ag\u00eancia Brasil\" src=\"https:\/\/rioonwatch.org.br\/wp-content\/uploads\/2022\/03\/mudancas-climaticas-e1648073359226.jpg\" alt=\"Chuvas que atingiram Petr\u00f3polis em fevereiro de 2022 foram as mais intensas desde 1932. Foto: Fernando Fraz\u00e3o \/ Ag\u00eancia Brasil\" width=\"500\" height=\"299\" srcset=\"https:\/\/rioonwatch.org.br\/wp-content\/uploads\/2022\/03\/mudancas-climaticas-e1648073359226.jpg 670w, https:\/\/rioonwatch.org.br\/wp-content\/uploads\/2022\/03\/mudancas-climaticas-e1648073359226-620x371.jpg 620w\" sizes=\"(max-width: 500px) 100vw, 500px\" \/><\/a><figcaption id=\"caption-attachment-61083\" class=\"wp-caption-text\">Chuvas que atingiram Petr\u00f3polis em fevereiro foram as mais intensas desde 1932. Foto: Fernando Fraz\u00e3o\/Ag\u00eancia Brasil<\/figcaption><\/figure>\n<p>Mat\u00e9rias, por sua vez, que falavam sobre o clima e tangenciavam as favela foram, no geral, interessantes, ainda que a maioria tenha sido reativa.<\/p>\n<p><span style=\"font-weight: 400;\">Uma das poucas que focou diretamente a grande vulnerabilidade desses territ\u00f3rios diante das mudan\u00e7as clim\u00e1ticas, foi a <\/span><a href=\"http:\/\/bit.ly\/3VebWxD\"><span style=\"font-weight: 400;\">reportagem do <\/span><i><span style=\"font-weight: 400;\">The Washington Post<\/span><\/i><\/a><span style=\"font-weight: 400;\"> sobre o deslizamento de terra ocorrido em uma favela em Petr\u00f3polis, que deixou 240 mortos. Nela, o jornalista Terrence McCoy faz uma cuidadosa an\u00e1lise do problema da falta de moradia que assola o pa\u00eds h\u00e1 mais de cem anos, a ocupa\u00e7\u00e3o dos morros em todo o pa\u00eds como alternativa vi\u00e1vel para uma imensa parcela da popula\u00e7\u00e3o e a posi\u00e7\u00e3o prec\u00e1ria em que seus moradores hoje se encontram. Sem op\u00e7\u00e3o de moradia em \u00e1reas menos suscet\u00edveis \u00e0s chuvas e alagamentos cada vez mais ferozes, o jornalista descreve a situa\u00e7\u00e3o nas favelas de todo o Brasil como uma bomba rel\u00f3gio.\u00a0\u00a0<\/span><\/p>\n<p><span style=\"font-weight: 400;\">No caso de Petr\u00f3polis, o <\/span><span style=\"font-weight: 400;\">Plano Municipal de Redu\u00e7\u00e3o de Risco<\/span><span style=\"font-weight: 400;\">, entregue em 2017\u2014elaborado sob os ecos da trag\u00e9dia de 2011\u2014<a href=\"https:\/\/bit.ly\/3tTm050\" target=\"_blank\" rel=\"noopener\">j\u00e1 havia identificado<\/a> mais de 27.000 casas edificadas em \u00e1reas de risco alto ou muito alto para deslizamentos de terra e enchentes. <\/span><span style=\"font-weight: 400;\">Neste sentido, o <em>Financial Times<\/em>, atrav\u00e9s de seu editor Bryan Harris, <a href=\"http:\/\/bit.ly\/3jleY6a\" target=\"_blank\" rel=\"noopener\">delineou a quest\u00e3o<\/a> focando em <\/span><span style=\"font-weight: 400;\">como a corrup\u00e7\u00e3o de ontem impacta no hoje<\/span><span style=\"font-weight: 400;\"> e no amanh\u00e3 em locais como favelas, que, em geral, s\u00e3o zonas de impacto, muito sens\u00edveis \u00e0s mudan\u00e7as clim\u00e1ticas.<\/span><\/p>\n<p><span style=\"font-weight: 400;\">Uma das ocasi\u00f5es em que ve\u00edculos internacionais deram ampla cobertura para um acontecimento em favela de forma propositiva, focando nas solu\u00e7\u00f5es geradas nesses territ\u00f3rios, foi na <\/span><a href=\"https:\/\/bit.ly\/ValeLancaBiossistema\"><span style=\"font-weight: 400;\">inaugura\u00e7\u00e3o do biossistema para tratamento do esgoto<\/span><\/a><span style=\"font-weight: 400;\"> da pequena comunidade do Vale Encantado, no Alto da Boa Vista. Rosie Thornton, <\/span><a href=\"http:\/\/bit.ly\/3bhBs3K\"><span style=\"font-weight: 400;\">no <\/span><i><span style=\"font-weight: 400;\">Latin America Bureau<\/span><\/i><\/a><span style=\"font-weight: 400;\"> (LAB) e David Biller <\/span><a href=\"https:\/\/bit.ly\/ValeNoAP\"><span style=\"font-weight: 400;\">no <\/span><i><span style=\"font-weight: 400;\">AP<\/span><\/i><\/a><span style=\"font-weight: 400;\"> descreveram a iniciativa tomada pela comunidade como um passo em dire\u00e7\u00e3o \u00e0 sustentabilidade ambiental. A <\/span><a href=\"http:\/\/bit.ly\/3NptpAl\"><i><span style=\"font-weight: 400;\">CGTN America<\/span><\/i><\/a><span style=\"font-weight: 400;\">, TV Chinesa em l\u00edngua inglesa, tamb\u00e9m publicou sobre o Vale Encantado como a favela com o esgoto mais limpo do Rio de Janeiro. Lucrecia Franco, da <em>CGTN<\/em>, fez uma cobertura em v\u00eddeo na qual entrevista e acompanha os moradores respons\u00e1veis pelo projeto.\u00a0<\/span><\/p>\n<figure id=\"attachment_25749\" aria-describedby=\"caption-attachment-25749\" style=\"width: 500px\" class=\"wp-caption alignright\"><a href=\"https:\/\/rioonwatch.org.br\/wp-content\/uploads\/2017\/05\/1240108_368879419882507_438958139_n-e1495054643629.jpg\"><img loading=\"lazy\" decoding=\"async\" class=\"wp-image-25749\" title=\"Horta Urbana Comunit\u00e1ria de Manguinhos, a maior da Am\u00e9rica Latina. Foto: Reprodu\u00e7\u00e3o\" src=\"https:\/\/rioonwatch.org.br\/wp-content\/uploads\/2017\/05\/1240108_368879419882507_438958139_n-e1495054643629.jpg\" alt=\"Horta Urbana Comunit\u00e1ria de Manguinhos, a maior da Am\u00e9rica Latina. Foto: Reprodu\u00e7\u00e3o\" width=\"500\" height=\"339\" srcset=\"https:\/\/rioonwatch.org.br\/wp-content\/uploads\/2017\/05\/1240108_368879419882507_438958139_n-e1495054643629.jpg 952w, https:\/\/rioonwatch.org.br\/wp-content\/uploads\/2017\/05\/1240108_368879419882507_438958139_n-e1495054643629-620x420.jpg 620w, https:\/\/rioonwatch.org.br\/wp-content\/uploads\/2017\/05\/1240108_368879419882507_438958139_n-e1495054643629-928x629.jpg 928w, https:\/\/rioonwatch.org.br\/wp-content\/uploads\/2017\/05\/1240108_368879419882507_438958139_n-e1495054643629-768x520.jpg 768w\" sizes=\"(max-width: 500px) 100vw, 500px\" \/><\/a><figcaption id=\"caption-attachment-25749\" class=\"wp-caption-text\">Horta Urbana Comunit\u00e1ria de Manguinhos, a maior da Am\u00e9rica Latina. Foto: Reprodu\u00e7\u00e3o<\/figcaption><\/figure>\n<p><span style=\"font-weight: 400;\">Um exemplo de como abordagens estereotipadas contrastam com perspectivas que respeitam a voz local s\u00e3o duas mat\u00e9rias de 2022 sobre a <a href=\"https:\/\/bit.ly\/3eaHjEV\" target=\"_blank\" rel=\"noopener\">Horta Comunit\u00e1ria de Manguinhos<\/a>,<\/span><span style=\"font-weight: 400;\"> que \u00e9 considerada a maior da Am\u00e9rica Latina. <\/span>A reportagem sobre o tema <a href=\"https:\/\/bit.ly\/3m8mEa6\" target=\"_blank\" rel=\"noopener\">na<em> AFP<\/em><\/a> inicia o texto criando uma imagem da horta contrastando com a de jovens com armas, em meio a uma <em>slum<\/em> danificada pelo tr\u00e1fico de drogas. Ou seja, refor\u00e7a estere\u00f3tipos negativos com rela\u00e7\u00e3o \u00e0 favela, fazendo uma an\u00e1lise que al\u00e9m de desproporcional \u00e9 desnecess\u00e1ria para falar sobre a maior horta da Am\u00e9rica Latina. A simples escolha desse caminho narrativo \u00e9 bastante problem\u00e1tica, <a href=\"https:\/\/bit.ly\/3h2F8VA\" target=\"_blank\" rel=\"noopener\">segundo o que v\u00eam defendendo os movimentos de favela<\/a>.<\/p>\n<p>Por sua vez, na <em>France24<\/em>, <a href=\"https:\/\/bit.ly\/3oZ7Yvm\" target=\"_blank\" rel=\"noopener\">a rep\u00f3rter Olivia Bizot abordou<\/a> o mesmo assunto iniciando seu texto falando de quantas pessoas a horta alimenta e fazendo men\u00e7\u00e3o, de forma respeitosa, \u00e0 viol\u00eancia. Ela tamb\u00e9m contextualizou o tema a partir de moradores e especialistas locais, inclusive citando a Rede Favela Sustent\u00e1vel (<a href=\"https:\/\/bit.ly\/RFSnoROW\" target=\"_blank\" rel=\"noopener\">RFS<\/a>)*.<\/p>\n<h3>Adversidades, Elei\u00e7\u00f5es 2022 e Copa do Mundo<\/h3>\n<p>Descontando ve\u00edculos comunit\u00e1rios e de nicho como o pr\u00f3prio <i>RioOnWatch<\/i>, poucos falaram sobre a intercess\u00e3o entre favelas e elei\u00e7\u00f5es. Nos relatos de comunicadores comunit\u00e1rios residentes em diferentes favelas do Rio <a href=\"https:\/\/bit.ly\/3dYtzBW\" target=\"_blank\" rel=\"noopener\">havia um forte medo de sofrer amea\u00e7as e repres\u00e1lias<\/a>\u2014at\u00e9 mesmo com risco de morte\u2014o que revela como a democracia brasileira ainda \u00e9 seletiva e n\u00e3o garante a <a href=\"https:\/\/bit.ly\/3uqYnQT\" target=\"_blank\" rel=\"noopener\">liberdade de express\u00e3o<\/a> a todos.<\/p>\n<figure id=\"attachment_63804\" aria-describedby=\"caption-attachment-63804\" style=\"width: 1030px\" class=\"wp-caption aligncenter\"><a href=\"https:\/\/rioonwatch.org.br\/wp-content\/uploads\/2022\/11\/Lula-usa-bone-com-sigla-CPX-abreviacao-de-Complexo-do-Alemao.-Foto-Domingos-Peixoto-Agencia-O-Globo.webp\"><img loading=\"lazy\" decoding=\"async\" class=\"wp-image-63804\" title=\"Lula usa bon\u00e9 com sigla CPX, abrevia\u00e7\u00e3o de 'Complexo do Alem\u00e3o'. Na foto, da esquerda para a direita, est\u00e3o a Deputada Estadual Dani Monteiro (PSOL-RJ), Camila Moradia, lideran\u00e7a da favela da Skol, no CPX do Alem\u00e3o, na luta pela moradia, Lula e Rene Silva, fundador do Voz das Comunidades. Foto: Domingos Peixoto\/ Ag\u00eancia O Globo\" src=\"https:\/\/rioonwatch.org.br\/wp-content\/uploads\/2022\/11\/Lula-usa-bone-com-sigla-CPX-abreviacao-de-Complexo-do-Alemao.-Foto-Domingos-Peixoto-Agencia-O-Globo.webp\" alt=\"Lula usa bon\u00e9 com sigla CPX, abrevia\u00e7\u00e3o de 'Complexo do Alem\u00e3o'. Na foto, da esquerda para a direita, est\u00e3o a Deputada Estadual Dani Monteiro (PSOL-RJ), Camila Moradia, lideran\u00e7a da favela da Skol, no CPX do Alem\u00e3o, na luta pela moradia, Lula e Rene Silva, fundador do Voz das Comunidades. Foto: Domingos Peixoto\/ Ag\u00eancia O Globo\" width=\"1030\" height=\"770\" srcset=\"https:\/\/rioonwatch.org.br\/wp-content\/uploads\/2022\/11\/Lula-usa-bone-com-sigla-CPX-abreviacao-de-Complexo-do-Alemao.-Foto-Domingos-Peixoto-Agencia-O-Globo.webp 1200w, https:\/\/rioonwatch.org.br\/wp-content\/uploads\/2022\/11\/Lula-usa-bone-com-sigla-CPX-abreviacao-de-Complexo-do-Alemao.-Foto-Domingos-Peixoto-Agencia-O-Globo-620x463.webp 620w, https:\/\/rioonwatch.org.br\/wp-content\/uploads\/2022\/11\/Lula-usa-bone-com-sigla-CPX-abreviacao-de-Complexo-do-Alemao.-Foto-Domingos-Peixoto-Agencia-O-Globo-841x629.webp 841w, https:\/\/rioonwatch.org.br\/wp-content\/uploads\/2022\/11\/Lula-usa-bone-com-sigla-CPX-abreviacao-de-Complexo-do-Alemao.-Foto-Domingos-Peixoto-Agencia-O-Globo-326x245.webp 326w, https:\/\/rioonwatch.org.br\/wp-content\/uploads\/2022\/11\/Lula-usa-bone-com-sigla-CPX-abreviacao-de-Complexo-do-Alemao.-Foto-Domingos-Peixoto-Agencia-O-Globo-80x60.webp 80w\" sizes=\"(max-width: 1030px) 100vw, 1030px\" \/><\/a><figcaption id=\"caption-attachment-63804\" class=\"wp-caption-text\">Lula usa bon\u00e9 com sigla CPX, abrevia\u00e7\u00e3o de &#8216;Complexo do Alem\u00e3o&#8217;. Na foto, da esquerda para a direita, est\u00e3o a Deputada Estadual Dani Monteiro (PSOL-RJ), Camila Moradia, lideran\u00e7a da favela da Skol, no Complexo do Alem\u00e3o, Lula e Rene Silva, fundador do <em>Voz das Comunidades<\/em>. Foto: Domingos Peixoto\/Ag\u00eancia O Globo<\/figcaption><\/figure>\n<p><span style=\"font-weight: 400;\">Um dos que tentaram algo para al\u00e9m do senso comum foi o rep\u00f3rter Tom Phillips, do <em>The Guardian, <\/em>que montou uma pauta bastante sens\u00edvel, junto ao rep\u00f3rter fotogr\u00e1fico Alan Lima, sobre as <\/span><a href=\"http:\/\/bit.ly\/3TohpC5\" target=\"_blank\" rel=\"noopener\"><span style=\"font-weight: 400;\">vis\u00f5es dos criminosos sobre as elei\u00e7\u00f5es<\/span><\/a><span style=\"font-weight: 400;\">. <\/span><span style=\"font-weight: 400;\">Tom tamb\u00e9m montou uma importante mat\u00e9ria sobre a <\/span><a href=\"https:\/\/bit.ly\/3TbUGJl\" target=\"_blank\" rel=\"noopener\"><span style=\"font-weight: 400;\">presen\u00e7a cada vez maior das mil\u00edcias na pol\u00edtica do Rio de Janeiro<\/span><\/a><span style=\"font-weight: 400;\">.<\/span><\/p>\n<p><span style=\"font-weight: 400;\">Al\u00e9m das elei\u00e7\u00f5es, o esporte e a cultura tamb\u00e9m foram nichos nos quais a favela se fez presente na m\u00eddia internacional. A Copa do Mundo viu algumas mat\u00e9rias darem destaque para as favelas e seus moradores, como a <a href=\"https:\/\/bit.ly\/3VTuPHU\" target=\"_blank\" rel=\"noopener\">do <em>Al Jazeera<\/em><\/a> sobre a <\/span><span style=\"font-weight: 400;\">equipe P\u00e9rola Negra<\/span><span style=\"font-weight: 400;\">, de uma favela paulistana, e outra sobre a <\/span><a href=\"https:\/\/bit.ly\/3CyDTuf\" target=\"_blank\" rel=\"noopener\"><span style=\"font-weight: 400;\">t\u00e9cnica de futebol J\u00e9ssica<\/span><\/a><span style=\"font-weight: 400;\">, do Complexo da Penha.<\/span><\/p>\n<p><iframe title=\"YouTube video player\" src=\"https:\/\/www.youtube.com\/embed\/cW4espPNmdA\" width=\"1030\" height=\"563\" frameborder=\"0\" allowfullscreen=\"allowfullscreen\"><span data-mce-type=\"bookmark\" style=\"display: inline-block; width: 0px; overflow: hidden; line-height: 0;\" class=\"mce_SELRES_start\">\ufeff<\/span><\/iframe><\/p>\n<p><span style=\"font-weight: 400;\">E n\u00e3o foi s\u00f3 no futebol. At\u00e9 no badminton a favela foi tema em 2022. Em um texto da <\/span><a href=\"http:\/\/bit.ly\/3Whtavl\" target=\"_blank\" rel=\"noopener\"><span style=\"font-weight: 400;\"><em>AFP<\/em> sobre o atleta Ygor Coelho<\/span><\/a><span style=\"font-weight: 400;\">, foi contada a hist\u00f3ria de neglig\u00eancias impostas a ele enquanto crescia. Apesar de um in\u00edcio de texto estereotipado, que fazia alus\u00e3o a como Ygor \u201ccresceu evitando proj\u00e9teis\u201d, a reportagem apresentou esse talento promissor da favela e do esporte nacional.<\/span><\/p>\n<p><span style=\"font-weight: 400;\">No \u00e2mbito cultural, foram, ao menos, tr\u00eas mat\u00e9rias em grandes jornais estrangeiros\u2014 como no <\/span><i><span style=\"font-weight: 400;\">New York Times<\/span><\/i>, <i>Financial Times<\/i>\u2014que falavam sobre artistas brasileiros oriundos de favelas: <a href=\"http:\/\/bit.ly\/3FFIw5U\" target=\"_blank\" rel=\"noopener\">Maxwell Alexandre<\/a>, <a href=\"http:\/\/bit.ly\/3PO0VlQ\" target=\"_blank\" rel=\"noopener\">Antonio Tarsis<\/a> e <a href=\"http:\/\/bit.ly\/3BTSRKz\" target=\"_blank\" rel=\"noopener\">Jota<\/a>.<\/p>\n<h3>Educa\u00e7\u00e3o e Ci\u00eancia nas Favelas<\/h3>\n<p><span style=\"font-weight: 400;\">As dificuldades vividas em favelas, como a <\/span><a href=\"https:\/\/bit.ly\/3x0X1uH\" target=\"_blank\" rel=\"noopener\"><span style=\"font-weight: 400;\">evas\u00e3o escolar<\/span><\/a><span style=\"font-weight: 400;\"> e a <a href=\"https:\/\/bit.ly\/3ktq9Y6\" target=\"_blank\" rel=\"noopener\">falta de representatividade<\/a>, s\u00e3o pressupostos das an\u00e1lises sobre educa\u00e7\u00e3o e ci\u00eancia nas favelas na m\u00eddia internacional.<\/span><span style=\"font-weight: 400;\">\u00a0<\/span><span style=\"font-weight: 400;\">Enquanto o ingresso de jovens moradores de favelas na universidade rompe uma das v\u00e1rias barreiras das desigualdades sociais, por outro lado, <a href=\"https:\/\/bit.ly\/3vVFLJA\" target=\"_blank\" rel=\"noopener\">revela in\u00fameras dificuldades<\/a>. <\/span><span style=\"font-weight: 400;\">H\u00e1, todavia, alguns exemplos de iniciativas de cunho cient\u00edfico-educacional que expuseram as favelas do Rio de forma positiva e parte de uma<\/span> <span style=\"font-weight: 400;\">rede de solu\u00e7\u00f5es complexas<\/span><span style=\"font-weight: 400;\"> e n\u00e3o atrav\u00e9s de problemas. <\/span><span style=\"font-weight: 400;\">A <a href=\"https:\/\/bit.ly\/3zwYtbD\" target=\"_blank\" rel=\"noopener\">mat\u00e9ria do\u00a0<em>New Scientist<\/em><\/a><\/span><span style=\"font-weight: 400;\">, <\/span><span style=\"font-weight: 400;\">escrita por Fabian Federl<\/span><span style=\"font-weight: 400;\">, que fala sobre o projeto <\/span><span style=\"font-weight: 400;\">Her\u00f3is Contra a Dengue<\/span><span style=\"font-weight: 400;\">, no Complexo da Mar\u00e9 e em outros locais, \u00e9 uma dessas que merece destaque.<\/span><\/p>\n<h3>As Favelas nas Redes Sociais em 2022<\/h3>\n<p><span style=\"font-weight: 400;\">Por fim, vale apontar tamb\u00e9m alguns conte\u00fados que n\u00e3o s\u00e3o de ve\u00edculos midi\u00e1ticos tradicionais estrangeiros, mas cujo alcance e impacto na percep\u00e7\u00e3o sobre as favelas v\u00eam tornando-os importantes por sua capilaridade, especialmente entre os jovens, e poder de influenciar e moldar a vis\u00e3o.<\/span><\/p>\n<p><span style=\"font-weight: 400;\">No <\/span><i><span style=\"font-weight: 400;\">YouTube, <\/span><\/i><span style=\"font-weight: 400;\">foi observada uma presen\u00e7a razo\u00e1vel de mais estrangeiros fazendo v\u00eddeos em favelas, especialmente neste ano em que o turismo voltou a se aquecer. <\/span><span style=\"font-weight: 400;\">Alguns canais de viagens ou de mochileiros problem\u00e1ticos trazem \u00e0 tona estere\u00f3tipos irrespons\u00e1veis, sensacionalistas e negativos das comunidades cariocas, <\/span><a href=\"http:\/\/bit.ly\/3v8FEcX\" target=\"_blank\" rel=\"noopener\"><span style=\"font-weight: 400;\">como o v\u00eddeo &#8220;Prezo Num Tiroteio em uma Favela do Rio&#8221;<\/span><\/a><span style=\"font-weight: 400;\"> e <\/span><a href=\"http:\/\/bit.ly\/3v8vjO4\" target=\"_blank\" rel=\"noopener\"><span style=\"font-weight: 400;\">o &#8220;Eu me infiltrei na favela mais perigosa do Brasil&#8221;<\/span><\/a><span style=\"font-weight: 400;\">.<\/span><\/p>\n<p><span style=\"font-weight: 400;\">No <\/span><i><span style=\"font-weight: 400;\">Tik Tok<\/span><\/i><span style=\"font-weight: 400;\">, por\u00e9m, um criador de conte\u00fado em l\u00edngua inglesa chamou bastante aten\u00e7\u00e3o por tratar as favelas de forma respeitosa, realista e sens\u00edvel. O lema de <a href=\"https:\/\/bit.ly\/3WlO7Wd\" target=\"_blank\" rel=\"noopener\"><em>Joris Explains<\/em><\/a>, nome do canal do comunicador franco-brit\u00e2nico <\/span><a href=\"http:\/\/bit.ly\/3v5zLNJ\" target=\"_blank\" rel=\"noopener\"><span style=\"font-weight: 400;\">Joris Lochene<\/span><\/a><span style=\"font-weight: 400;\"> \u00e9 deixar o impl\u00edcito expl\u00edcito.\u00a0<\/span><span style=\"font-weight: 400;\">Todos os seus <\/span><span style=\"font-weight: 400;\">v\u00eddeos para o <\/span><i><span style=\"font-weight: 400;\">Tik Tok<\/span><\/i><span style=\"font-weight: 400;\"> no Rio<\/span><span style=\"font-weight: 400;\"> s\u00e3o dignos de nota de como criar conte\u00fado que explica, sensibiliza e contextualiza a cidade para al\u00e9m do senso comum. <a href=\"http:\/\/bit.ly\/3hMz7Se\" target=\"_blank\" rel=\"noopener\">Neste v\u00eddeo<\/a>, ele pergunta: <\/span>&#8220;D\u00e1 medo um gringo andar por uma favela? Ent\u00e3o, depende. Voc\u00ea \u00e9 um homen branco de classe m\u00e9dia que foi socializado para sempre se sentir em casa por onde voc\u00ea andar, ou voc\u00ea em algum momento j\u00e1 viveu a marginaliza\u00e7\u00e3o?&#8221;<\/p>\n<blockquote class=\"tiktok-embed\" style=\"max-width: 1030px; min-width: 563px;\" cite=\"https:\/\/www.tiktok.com\/@joris_explains\/video\/7156718012467268869\" data-video-id=\"7156718012467268869\">\n<section><a title=\"@joris_explains\" href=\"https:\/\/bit.ly\/3WlO7Wd\" target=\"_blank\" rel=\"noopener\">@joris_explains<\/a> Does it feel scary to walk around in a favela? I don&#8217;t wanna romanticise Rio tho: This video is only about whether it FEELS scary to me, but In the next video I&#8217;ll address whether Rio is actually safe or not. <a title=\"rio\" href=\"https:\/\/www.tiktok.com\/tag\/rio?refer=embed\" target=\"_blank\" rel=\"noopener\">#rio<\/a> <a title=\"riodejaneiro\" href=\"https:\/\/www.tiktok.com\/tag\/riodejaneiro?refer=embed\" target=\"_blank\" rel=\"noopener\">#riodejaneiro<\/a> <a title=\"brazil\" href=\"https:\/\/www.tiktok.com\/tag\/brazil?refer=embed\" target=\"_blank\" rel=\"noopener\">#brazil<\/a> <a title=\"brasil\" href=\"https:\/\/www.tiktok.com\/tag\/brasil?refer=embed\" target=\"_blank\" rel=\"noopener\">#brasil<\/a> <a title=\"favela\" href=\"https:\/\/www.tiktok.com\/tag\/favela?refer=embed\" target=\"_blank\" rel=\"noopener\">#favela<\/a> <a title=\"rocinha\" href=\"https:\/\/www.tiktok.com\/tag\/rocinha?refer=embed\" target=\"_blank\" rel=\"noopener\">#rocinha<\/a> <a title=\"gringo\" href=\"https:\/\/www.tiktok.com\/tag\/gringo?refer=embed\" target=\"_blank\" rel=\"noopener\">#gringo<\/a> <a title=\"travel\" href=\"https:\/\/www.tiktok.com\/tag\/travel?refer=embed\" target=\"_blank\" rel=\"noopener\">#travel<\/a> <a title=\"traveltiltok\" href=\"https:\/\/www.tiktok.com\/tag\/traveltiltok?refer=embed\" target=\"_blank\" rel=\"noopener\">#traveltiltok<\/a> <a title=\"sociology\" href=\"https:\/\/www.tiktok.com\/tag\/sociology?refer=embed\" target=\"_blank\" rel=\"noopener\">#sociology<\/a> <a title=\"positionality\" href=\"https:\/\/www.tiktok.com\/tag\/positionality?refer=embed\" target=\"_blank\" rel=\"noopener\">#positionality<\/a> <a title=\"\u266c original sound - Joris_explains\" href=\"https:\/\/www.tiktok.com\/music\/original-sound-7156718059847994117?refer=embed\" target=\"_blank\" rel=\"noopener\">\u266c original sound &#8211; Joris_explains<\/a><\/section>\n<\/blockquote>\n<p>Sem altera\u00e7\u00e3o:<\/p>\n<blockquote><p><script async src=\"https:\/\/www.tiktok.com\/embed.js\"><\/script>Se d\u00e1 medo andar por uma favela? Eu n\u00e3o t\u00f4 a fim de romantizar o Rio, n\u00e3o. Este v\u00eddeo tem a ver com o quanto andar por uma favela ME d\u00e1 medo ou n\u00e3o, mas no pr\u00f3ximo v\u00eddeo eu vou falar sobre se o Rio \u00e9 ou n\u00e3o \u00e9 seguro.<\/p><\/blockquote>\n<p><em>*A Rede Favela Sustent\u00e1vel (RFS) e o RioOnWatch s\u00e3o projetos da organiza\u00e7\u00e3o sem fins lucrativos, Comunidades Catalisadoras (ComCat).<\/em><\/p>\n<hr \/>\n<h4><b data-stringify-type=\"bold\">Apoie nossos esfor\u00e7os para fornecer apoio estrat\u00e9gico \u00e0s favelas do Rio, incluindo o jornalismo hiperlocal, cr\u00edtico, inovador e incans\u00e1vel do\u00a0<\/b><b data-stringify-type=\"bold\"><i data-stringify-type=\"italic\">RioOnWatch<\/i><\/b>\u2014<a class=\"c-link\" href=\"http:\/\/www.bit.ly\/ApoieROW\" target=\"_blank\" rel=\"noopener noreferrer\" data-stringify-link=\"http:\/\/www.bit.ly\/ApoieROW\" data-sk=\"tooltip_parent\">doe aqui<\/a>.<\/h4>\n<!-- AddThis Advanced Settings generic via filter on the_content --><!-- AddThis Share Buttons generic via filter on the_content -->","protected":false},"excerpt":{"rendered":"<div class=\"mh-excerpt\"><p>Click Here for English Esta \u00e9 a contribui\u00e7\u00e3o mais recente da nossa s\u00e9rie anual de mat\u00e9rias analisando as Melhores e Piores Reportagens Internacionais sobre Favelas do Rio, que faz parte do debate promovido pelo RioOnWatch <a class=\"mh-excerpt-more\" href=\"https:\/\/rioonwatch.org.br\/?p=64832\" title=\"Retrospectiva 2022: Melhores e Piores Reportagens Internacionais sobre as Favelas do Rio [EDITORIAL]\">[&#8230;]<\/a><!-- AddThis Advanced Settings generic via filter on get_the_excerpt --><!-- AddThis Share Buttons generic via filter on get_the_excerpt --><\/p>\n<\/div>","protected":false},"author":179,"featured_media":63769,"comment_status":"closed","ping_status":"closed","sticky":false,"template":"template-full.php","format":"standard","meta":{"_acf_changed":false,"_monsterinsights_skip_tracking":false,"_monsterinsights_sitenote_active":false,"_monsterinsights_sitenote_note":"","_monsterinsights_sitenote_category":0,"footnotes":""},"categories":[3172,1621],"tags":[386,3253,787,11,3221,2967,332,2717,217,2748,1239,479,2070,316,3173,2230,1455,599,1166,3142,3112,1900,1719,1760,2561,2981,2901,125,672,1759,1001,218],"writer":[777],"translator":[],"source":[],"ilustrador":[],"fotografo":[],"class_list":{"0":"post-64832","1":"post","2":"type-post","3":"status-publish","4":"format-standard","5":"has-post-thumbnail","7":"category-olhonamidia","8":"category-destaque","9":"tag-estigma","10":"tag-antirracismo","11":"tag-chacina","12":"tag-chuvas","13":"tag-cidade-integrada","14":"tag-claudio-castro","15":"tag-complexo-da-mare","16":"tag-complexo-da-penha","17":"tag-complexo-do-alemao","18":"tag-coronavirus","19":"tag-criminalizacao-da-pobreza","20":"tag-democracia","21":"tag-direito-a-educacao","22":"tag-educacao","23":"tag-eleicoes-2022","24":"tag-fome","25":"tag-internet","26":"tag-jacarezinho","27":"tag-jornalismo","28":"tag-jornalismo-de-solucao","29":"tag-justica-climatica","30":"tag-liberdade-de-expressao","31":"tag-mudancas-climaticas","32":"tag-narrativa-midiatica","33":"tag-necropolitica","34":"tag-petropolis","35":"tag-rfs","36":"tag-religiao","37":"tag-seguranca-publica","38":"tag-serie-melhores-e-piores-reportagens","39":"tag-vila-cruzeiro","40":"tag-zona-norte","41":"writer-rioonwatch"},"acf":[],"yoast_head":"<!-- This site is optimized with the Yoast SEO plugin v25.6 - https:\/\/yoast.com\/wordpress\/plugins\/seo\/ -->\n<title>Retrospectiva 2022: Melhores e Piores Reportagens Internacionais sobre as Favelas do Rio [EDITORIAL] - RioOnWatch<\/title>\n<meta name=\"robots\" content=\"index, follow, max-snippet:-1, max-image-preview:large, max-video-preview:-1\" \/>\n<link rel=\"canonical\" href=\"https:\/\/rioonwatch.org.br\/?p=64832\" \/>\n<meta property=\"og:locale\" content=\"pt_BR\" \/>\n<meta property=\"og:type\" content=\"article\" \/>\n<meta property=\"og:title\" content=\"Retrospectiva 2022: Melhores e Piores Reportagens Internacionais sobre as Favelas do Rio [EDITORIAL] - RioOnWatch\" \/>\n<meta property=\"og:description\" content=\"Click Here for English Esta \u00e9 a contribui\u00e7\u00e3o mais recente da nossa s\u00e9rie anual de mat\u00e9rias analisando as Melhores e Piores Reportagens Internacionais sobre Favelas do Rio, que faz parte do debate promovido pelo RioOnWatch [...]\" \/>\n<meta property=\"og:url\" content=\"https:\/\/rioonwatch.org.br\/?p=64832\" \/>\n<meta property=\"og:site_name\" content=\"RioOnWatch\" \/>\n<meta property=\"article:published_time\" content=\"2023-01-13T19:46:09+00:00\" \/>\n<meta property=\"article:modified_time\" content=\"2024-09-05T16:07:03+00:00\" \/>\n<meta property=\"og:image\" content=\"https:\/\/rioonwatch.org.br\/wp-content\/uploads\/2022\/11\/barbara_dias1-24-2-scaled.jpg\" \/>\n\t<meta property=\"og:image:width\" content=\"2560\" \/>\n\t<meta property=\"og:image:height\" content=\"1709\" \/>\n\t<meta property=\"og:image:type\" content=\"image\/jpeg\" \/>\n<meta name=\"author\" content=\"Janaina Tavares\" \/>\n<meta name=\"twitter:card\" content=\"summary_large_image\" \/>\n<meta name=\"twitter:label1\" content=\"Escrito por\" \/>\n\t<meta name=\"twitter:data1\" content=\"Janaina Tavares\" \/>\n\t<meta name=\"twitter:label2\" content=\"Est. tempo de leitura\" \/>\n\t<meta name=\"twitter:data2\" content=\"16 minutos\" \/>\n<script type=\"application\/ld+json\" class=\"yoast-schema-graph\">{\"@context\":\"https:\/\/schema.org\",\"@graph\":[{\"@type\":\"Article\",\"@id\":\"https:\/\/rioonwatch.org.br\/?p=64832#article\",\"isPartOf\":{\"@id\":\"https:\/\/rioonwatch.org.br\/?p=64832\"},\"author\":{\"name\":\"Janaina Tavares\",\"@id\":\"https:\/\/rioonwatch.org.br\/#\/schema\/person\/feb227e5e7679aacc3d672e375cae1bd\"},\"headline\":\"Retrospectiva 2022: Melhores e Piores Reportagens Internacionais sobre as Favelas do Rio [EDITORIAL]\",\"datePublished\":\"2023-01-13T19:46:09+00:00\",\"dateModified\":\"2024-09-05T16:07:03+00:00\",\"mainEntityOfPage\":{\"@id\":\"https:\/\/rioonwatch.org.br\/?p=64832\"},\"wordCount\":2971,\"publisher\":{\"@id\":\"https:\/\/rioonwatch.org.br\/#organization\"},\"image\":{\"@id\":\"https:\/\/rioonwatch.org.br\/?p=64832#primaryimage\"},\"thumbnailUrl\":\"https:\/\/rioonwatch.org.br\/wp-content\/uploads\/2022\/11\/barbara_dias1-24-2-scaled.jpg\",\"keywords\":[\"#StopFavelaStigma\",\"Antirracismo\",\"chacina\",\"chuvas\",\"Cidade Integrada\",\"Cl\u00e1udio Castro\",\"Complexo da Mar\u00e9\",\"Complexo da Penha\",\"Complexo do Alem\u00e3o\",\"coronav\u00edrus\",\"criminaliza\u00e7\u00e3o da pobreza\",\"Democracia\",\"direito \u00e0 educa\u00e7\u00e3o\",\"educa\u00e7\u00e3o\",\"elei\u00e7\u00f5es 2022\",\"Inseguran\u00e7a alimentar\",\"internet\",\"Jacarezinho\",\"jornalismo\",\"jornalismo de solu\u00e7\u00e3o\",\"Justi\u00e7a Clim\u00e1tica\",\"liberdade de express\u00e3o\",\"mudan\u00e7as clim\u00e1ticas\",\"narrativa midi\u00e1tica\",\"necropol\u00edtica\",\"Petr\u00f3polis\",\"Rede Favela Sustent\u00e1vel\",\"religi\u00e3o\",\"seguran\u00e7a p\u00fablica\",\"S\u00e9rie: Melhores e Piores Reportagens\",\"Vila Cruzeiro\",\"Zona Norte\"],\"articleSection\":[\"#OlhoNaM\u00eddia\",\"*Destaque\"],\"inLanguage\":\"pt-BR\"},{\"@type\":\"WebPage\",\"@id\":\"https:\/\/rioonwatch.org.br\/?p=64832\",\"url\":\"https:\/\/rioonwatch.org.br\/?p=64832\",\"name\":\"Retrospectiva 2022: Melhores e Piores Reportagens Internacionais sobre as Favelas do Rio [EDITORIAL] - RioOnWatch\",\"isPartOf\":{\"@id\":\"https:\/\/rioonwatch.org.br\/#website\"},\"primaryImageOfPage\":{\"@id\":\"https:\/\/rioonwatch.org.br\/?p=64832#primaryimage\"},\"image\":{\"@id\":\"https:\/\/rioonwatch.org.br\/?p=64832#primaryimage\"},\"thumbnailUrl\":\"https:\/\/rioonwatch.org.br\/wp-content\/uploads\/2022\/11\/barbara_dias1-24-2-scaled.jpg\",\"datePublished\":\"2023-01-13T19:46:09+00:00\",\"dateModified\":\"2024-09-05T16:07:03+00:00\",\"breadcrumb\":{\"@id\":\"https:\/\/rioonwatch.org.br\/?p=64832#breadcrumb\"},\"inLanguage\":\"pt-BR\",\"potentialAction\":[{\"@type\":\"ReadAction\",\"target\":[\"https:\/\/rioonwatch.org.br\/?p=64832\"]}]},{\"@type\":\"ImageObject\",\"inLanguage\":\"pt-BR\",\"@id\":\"https:\/\/rioonwatch.org.br\/?p=64832#primaryimage\",\"url\":\"https:\/\/rioonwatch.org.br\/wp-content\/uploads\/2022\/11\/barbara_dias1-24-2-scaled.jpg\",\"contentUrl\":\"https:\/\/rioonwatch.org.br\/wp-content\/uploads\/2022\/11\/barbara_dias1-24-2-scaled.jpg\",\"width\":2560,\"height\":1709,\"caption\":\"Caminhada em apoio a Lula na Rocinha. Foto: B\u00e1rbara Dias\/RioOnWatch\"},{\"@type\":\"BreadcrumbList\",\"@id\":\"https:\/\/rioonwatch.org.br\/?p=64832#breadcrumb\",\"itemListElement\":[{\"@type\":\"ListItem\",\"position\":1,\"name\":\"In\u00edcio\",\"item\":\"https:\/\/rioonwatch.org.br\/\"},{\"@type\":\"ListItem\",\"position\":2,\"name\":\"Retrospectiva 2022: Melhores e Piores Reportagens Internacionais sobre as Favelas do Rio [EDITORIAL]\"}]},{\"@type\":\"WebSite\",\"@id\":\"https:\/\/rioonwatch.org.br\/#website\",\"url\":\"https:\/\/rioonwatch.org.br\/\",\"name\":\"RioOnWatch\",\"description\":\"relatos das favelas cariocas\",\"publisher\":{\"@id\":\"https:\/\/rioonwatch.org.br\/#organization\"},\"potentialAction\":[{\"@type\":\"SearchAction\",\"target\":{\"@type\":\"EntryPoint\",\"urlTemplate\":\"https:\/\/rioonwatch.org.br\/?s={search_term_string}\"},\"query-input\":{\"@type\":\"PropertyValueSpecification\",\"valueRequired\":true,\"valueName\":\"search_term_string\"}}],\"inLanguage\":\"pt-BR\"},{\"@type\":\"Organization\",\"@id\":\"https:\/\/rioonwatch.org.br\/#organization\",\"name\":\"RioOnWatch\",\"url\":\"https:\/\/rioonwatch.org.br\/\",\"logo\":{\"@type\":\"ImageObject\",\"inLanguage\":\"pt-BR\",\"@id\":\"https:\/\/rioonwatch.org.br\/#\/schema\/logo\/image\/\",\"url\":\"https:\/\/rioonwatch.org.br\/wp-content\/uploads\/2021\/06\/RioOnWatchcabecalhoPT11anos-2.png\",\"contentUrl\":\"https:\/\/rioonwatch.org.br\/wp-content\/uploads\/2021\/06\/RioOnWatchcabecalhoPT11anos-2.png\",\"width\":779,\"height\":277,\"caption\":\"RioOnWatch\"},\"image\":{\"@id\":\"https:\/\/rioonwatch.org.br\/#\/schema\/logo\/image\/\"}},{\"@type\":\"Person\",\"@id\":\"https:\/\/rioonwatch.org.br\/#\/schema\/person\/feb227e5e7679aacc3d672e375cae1bd\",\"name\":\"Janaina Tavares\",\"image\":{\"@type\":\"ImageObject\",\"inLanguage\":\"pt-BR\",\"@id\":\"https:\/\/rioonwatch.org.br\/#\/schema\/person\/image\/\",\"url\":\"https:\/\/secure.gravatar.com\/avatar\/83bb5bb4f8b0c5ad63f35939640eaaa2?s=96&d=blank&r=g\",\"contentUrl\":\"https:\/\/secure.gravatar.com\/avatar\/83bb5bb4f8b0c5ad63f35939640eaaa2?s=96&d=blank&r=g\",\"caption\":\"Janaina Tavares\"},\"url\":\"https:\/\/rioonwatch.org.br\/?author=179\"}]}<\/script>\n<!-- \/ Yoast SEO plugin. -->","yoast_head_json":{"title":"Retrospectiva 2022: Melhores e Piores Reportagens Internacionais sobre as Favelas do Rio [EDITORIAL] - RioOnWatch","robots":{"index":"index","follow":"follow","max-snippet":"max-snippet:-1","max-image-preview":"max-image-preview:large","max-video-preview":"max-video-preview:-1"},"canonical":"https:\/\/rioonwatch.org.br\/?p=64832","og_locale":"pt_BR","og_type":"article","og_title":"Retrospectiva 2022: Melhores e Piores Reportagens Internacionais sobre as Favelas do Rio [EDITORIAL] - RioOnWatch","og_description":"Click Here for English Esta \u00e9 a contribui\u00e7\u00e3o mais recente da nossa s\u00e9rie anual de mat\u00e9rias analisando as Melhores e Piores Reportagens Internacionais sobre Favelas do Rio, que faz parte do debate promovido pelo RioOnWatch [...]","og_url":"https:\/\/rioonwatch.org.br\/?p=64832","og_site_name":"RioOnWatch","article_published_time":"2023-01-13T19:46:09+00:00","article_modified_time":"2024-09-05T16:07:03+00:00","og_image":[{"width":2560,"height":1709,"url":"https:\/\/rioonwatch.org.br\/wp-content\/uploads\/2022\/11\/barbara_dias1-24-2-scaled.jpg","type":"image\/jpeg"}],"author":"Janaina Tavares","twitter_card":"summary_large_image","twitter_misc":{"Escrito por":"Janaina Tavares","Est. tempo de leitura":"16 minutos"},"schema":{"@context":"https:\/\/schema.org","@graph":[{"@type":"Article","@id":"https:\/\/rioonwatch.org.br\/?p=64832#article","isPartOf":{"@id":"https:\/\/rioonwatch.org.br\/?p=64832"},"author":{"name":"Janaina Tavares","@id":"https:\/\/rioonwatch.org.br\/#\/schema\/person\/feb227e5e7679aacc3d672e375cae1bd"},"headline":"Retrospectiva 2022: Melhores e Piores Reportagens Internacionais sobre as Favelas do Rio [EDITORIAL]","datePublished":"2023-01-13T19:46:09+00:00","dateModified":"2024-09-05T16:07:03+00:00","mainEntityOfPage":{"@id":"https:\/\/rioonwatch.org.br\/?p=64832"},"wordCount":2971,"publisher":{"@id":"https:\/\/rioonwatch.org.br\/#organization"},"image":{"@id":"https:\/\/rioonwatch.org.br\/?p=64832#primaryimage"},"thumbnailUrl":"https:\/\/rioonwatch.org.br\/wp-content\/uploads\/2022\/11\/barbara_dias1-24-2-scaled.jpg","keywords":["#StopFavelaStigma","Antirracismo","chacina","chuvas","Cidade Integrada","Cl\u00e1udio Castro","Complexo da Mar\u00e9","Complexo da Penha","Complexo do Alem\u00e3o","coronav\u00edrus","criminaliza\u00e7\u00e3o da pobreza","Democracia","direito \u00e0 educa\u00e7\u00e3o","educa\u00e7\u00e3o","elei\u00e7\u00f5es 2022","Inseguran\u00e7a alimentar","internet","Jacarezinho","jornalismo","jornalismo de solu\u00e7\u00e3o","Justi\u00e7a Clim\u00e1tica","liberdade de express\u00e3o","mudan\u00e7as clim\u00e1ticas","narrativa midi\u00e1tica","necropol\u00edtica","Petr\u00f3polis","Rede Favela Sustent\u00e1vel","religi\u00e3o","seguran\u00e7a p\u00fablica","S\u00e9rie: Melhores e Piores Reportagens","Vila Cruzeiro","Zona Norte"],"articleSection":["#OlhoNaM\u00eddia","*Destaque"],"inLanguage":"pt-BR"},{"@type":"WebPage","@id":"https:\/\/rioonwatch.org.br\/?p=64832","url":"https:\/\/rioonwatch.org.br\/?p=64832","name":"Retrospectiva 2022: Melhores e Piores Reportagens Internacionais sobre as Favelas do Rio [EDITORIAL] - RioOnWatch","isPartOf":{"@id":"https:\/\/rioonwatch.org.br\/#website"},"primaryImageOfPage":{"@id":"https:\/\/rioonwatch.org.br\/?p=64832#primaryimage"},"image":{"@id":"https:\/\/rioonwatch.org.br\/?p=64832#primaryimage"},"thumbnailUrl":"https:\/\/rioonwatch.org.br\/wp-content\/uploads\/2022\/11\/barbara_dias1-24-2-scaled.jpg","datePublished":"2023-01-13T19:46:09+00:00","dateModified":"2024-09-05T16:07:03+00:00","breadcrumb":{"@id":"https:\/\/rioonwatch.org.br\/?p=64832#breadcrumb"},"inLanguage":"pt-BR","potentialAction":[{"@type":"ReadAction","target":["https:\/\/rioonwatch.org.br\/?p=64832"]}]},{"@type":"ImageObject","inLanguage":"pt-BR","@id":"https:\/\/rioonwatch.org.br\/?p=64832#primaryimage","url":"https:\/\/rioonwatch.org.br\/wp-content\/uploads\/2022\/11\/barbara_dias1-24-2-scaled.jpg","contentUrl":"https:\/\/rioonwatch.org.br\/wp-content\/uploads\/2022\/11\/barbara_dias1-24-2-scaled.jpg","width":2560,"height":1709,"caption":"Caminhada em apoio a Lula na Rocinha. Foto: B\u00e1rbara Dias\/RioOnWatch"},{"@type":"BreadcrumbList","@id":"https:\/\/rioonwatch.org.br\/?p=64832#breadcrumb","itemListElement":[{"@type":"ListItem","position":1,"name":"In\u00edcio","item":"https:\/\/rioonwatch.org.br\/"},{"@type":"ListItem","position":2,"name":"Retrospectiva 2022: Melhores e Piores Reportagens Internacionais sobre as Favelas do Rio [EDITORIAL]"}]},{"@type":"WebSite","@id":"https:\/\/rioonwatch.org.br\/#website","url":"https:\/\/rioonwatch.org.br\/","name":"RioOnWatch","description":"relatos das favelas cariocas","publisher":{"@id":"https:\/\/rioonwatch.org.br\/#organization"},"potentialAction":[{"@type":"SearchAction","target":{"@type":"EntryPoint","urlTemplate":"https:\/\/rioonwatch.org.br\/?s={search_term_string}"},"query-input":{"@type":"PropertyValueSpecification","valueRequired":true,"valueName":"search_term_string"}}],"inLanguage":"pt-BR"},{"@type":"Organization","@id":"https:\/\/rioonwatch.org.br\/#organization","name":"RioOnWatch","url":"https:\/\/rioonwatch.org.br\/","logo":{"@type":"ImageObject","inLanguage":"pt-BR","@id":"https:\/\/rioonwatch.org.br\/#\/schema\/logo\/image\/","url":"https:\/\/rioonwatch.org.br\/wp-content\/uploads\/2021\/06\/RioOnWatchcabecalhoPT11anos-2.png","contentUrl":"https:\/\/rioonwatch.org.br\/wp-content\/uploads\/2021\/06\/RioOnWatchcabecalhoPT11anos-2.png","width":779,"height":277,"caption":"RioOnWatch"},"image":{"@id":"https:\/\/rioonwatch.org.br\/#\/schema\/logo\/image\/"}},{"@type":"Person","@id":"https:\/\/rioonwatch.org.br\/#\/schema\/person\/feb227e5e7679aacc3d672e375cae1bd","name":"Janaina Tavares","image":{"@type":"ImageObject","inLanguage":"pt-BR","@id":"https:\/\/rioonwatch.org.br\/#\/schema\/person\/image\/","url":"https:\/\/secure.gravatar.com\/avatar\/83bb5bb4f8b0c5ad63f35939640eaaa2?s=96&d=blank&r=g","contentUrl":"https:\/\/secure.gravatar.com\/avatar\/83bb5bb4f8b0c5ad63f35939640eaaa2?s=96&d=blank&r=g","caption":"Janaina Tavares"},"url":"https:\/\/rioonwatch.org.br\/?author=179"}]}},"_links":{"self":[{"href":"https:\/\/rioonwatch.org.br\/index.php?rest_route=\/wp\/v2\/posts\/64832"}],"collection":[{"href":"https:\/\/rioonwatch.org.br\/index.php?rest_route=\/wp\/v2\/posts"}],"about":[{"href":"https:\/\/rioonwatch.org.br\/index.php?rest_route=\/wp\/v2\/types\/post"}],"author":[{"embeddable":true,"href":"https:\/\/rioonwatch.org.br\/index.php?rest_route=\/wp\/v2\/users\/179"}],"replies":[{"embeddable":true,"href":"https:\/\/rioonwatch.org.br\/index.php?rest_route=%2Fwp%2Fv2%2Fcomments&post=64832"}],"version-history":[{"count":67,"href":"https:\/\/rioonwatch.org.br\/index.php?rest_route=\/wp\/v2\/posts\/64832\/revisions"}],"predecessor-version":[{"id":65388,"href":"https:\/\/rioonwatch.org.br\/index.php?rest_route=\/wp\/v2\/posts\/64832\/revisions\/65388"}],"wp:featuredmedia":[{"embeddable":true,"href":"https:\/\/rioonwatch.org.br\/index.php?rest_route=\/wp\/v2\/media\/63769"}],"wp:attachment":[{"href":"https:\/\/rioonwatch.org.br\/index.php?rest_route=%2Fwp%2Fv2%2Fmedia&parent=64832"}],"wp:term":[{"taxonomy":"category","embeddable":true,"href":"https:\/\/rioonwatch.org.br\/index.php?rest_route=%2Fwp%2Fv2%2Fcategories&post=64832"},{"taxonomy":"post_tag","embeddable":true,"href":"https:\/\/rioonwatch.org.br\/index.php?rest_route=%2Fwp%2Fv2%2Ftags&post=64832"},{"taxonomy":"writer","embeddable":true,"href":"https:\/\/rioonwatch.org.br\/index.php?rest_route=%2Fwp%2Fv2%2Fwriter&post=64832"},{"taxonomy":"translator","embeddable":true,"href":"https:\/\/rioonwatch.org.br\/index.php?rest_route=%2Fwp%2Fv2%2Ftranslator&post=64832"},{"taxonomy":"source","embeddable":true,"href":"https:\/\/rioonwatch.org.br\/index.php?rest_route=%2Fwp%2Fv2%2Fsource&post=64832"},{"taxonomy":"ilustrador","embeddable":true,"href":"https:\/\/rioonwatch.org.br\/index.php?rest_route=%2Fwp%2Fv2%2Filustrador&post=64832"},{"taxonomy":"fotografo","embeddable":true,"href":"https:\/\/rioonwatch.org.br\/index.php?rest_route=%2Fwp%2Fv2%2Ffotografo&post=64832"}],"curies":[{"name":"wp","href":"https:\/\/api.w.org\/{rel}","templated":true}]}}