{"id":65586,"date":"2023-02-07T08:27:05","date_gmt":"2023-02-07T11:27:05","guid":{"rendered":"https:\/\/rioonwatch.org.br\/?p=65586"},"modified":"2024-06-20T16:19:14","modified_gmt":"2024-06-20T19:19:14","slug":"a-hora-do-cine-coletivos-primavera-e-agbara-promovem-cineclube-para-criancas-no-morro-da-primavera-em-cavalcanti-com-tematicas-sobre-justica-racial-e-de-genero-evento","status":"publish","type":"post","link":"https:\/\/rioonwatch.org.br\/?p=65586","title":{"rendered":"A Hora do Cine: Coletivos Primavera e Agbara Promovem Cineclube para Crian\u00e7as no Morro da Primavera, em Cavalcanti, com Tem\u00e1ticas sobre Justi\u00e7a Racial e de G\u00eanero"},"content":{"rendered":"<figure id=\"attachment_65597\" aria-describedby=\"caption-attachment-65597\" style=\"width: 2420px\" class=\"wp-caption aligncenter\"><a href=\"https:\/\/rioonwatch.org.br\/wp-content\/uploads\/2023\/01\/Criancas-e-coletivos.-Foto-Vinicius-Ribeiro.jpeg\"><img fetchpriority=\"high\" decoding=\"async\" class=\"wp-image-65597 size-full\" title=\"Crian\u00e7as e Coletivos na a\u00e7\u00e3o A Hora do Cine. Foto: Vin\u00edcius Ribeiro\" src=\"https:\/\/rioonwatch.org.br\/wp-content\/uploads\/2023\/01\/Criancas-e-coletivos.-Foto-Vinicius-Ribeiro.jpeg\" alt=\"Crian\u00e7as e Coletivos na a\u00e7\u00e3o A Hora do Cine. Foto: Vin\u00edcius Ribeiro\" width=\"2420\" height=\"1816\" srcset=\"https:\/\/rioonwatch.org.br\/wp-content\/uploads\/2023\/01\/Criancas-e-coletivos.-Foto-Vinicius-Ribeiro.jpeg 2420w, https:\/\/rioonwatch.org.br\/wp-content\/uploads\/2023\/01\/Criancas-e-coletivos.-Foto-Vinicius-Ribeiro-620x465.jpeg 620w, https:\/\/rioonwatch.org.br\/wp-content\/uploads\/2023\/01\/Criancas-e-coletivos.-Foto-Vinicius-Ribeiro-1999x1500.jpeg 1999w, https:\/\/rioonwatch.org.br\/wp-content\/uploads\/2023\/01\/Criancas-e-coletivos.-Foto-Vinicius-Ribeiro-678x509.jpeg 678w, https:\/\/rioonwatch.org.br\/wp-content\/uploads\/2023\/01\/Criancas-e-coletivos.-Foto-Vinicius-Ribeiro-326x245.jpeg 326w, https:\/\/rioonwatch.org.br\/wp-content\/uploads\/2023\/01\/Criancas-e-coletivos.-Foto-Vinicius-Ribeiro-80x60.jpeg 80w, https:\/\/rioonwatch.org.br\/wp-content\/uploads\/2023\/01\/Criancas-e-coletivos.-Foto-Vinicius-Ribeiro-838x629.jpeg 838w\" sizes=\"(max-width: 2420px) 100vw, 2420px\" \/><\/a><figcaption id=\"caption-attachment-65597\" class=\"wp-caption-text\">Crian\u00e7as e coletivos na a\u00e7\u00e3o A Hora do Cine. Foto: Vin\u00edcius Ribeiro<\/figcaption><\/figure>\n<h4 style=\"text-align: right;\"><a href=\"http:\/\/bit.ly\/3G2hXZw\" target=\"_blank\" rel=\"noopener\"><em><strong>Click Here for English<img decoding=\"async\" class=\"alignright wp-image-15790\" src=\"https:\/\/rioonwatch.org.br\/wp-content\/uploads\/2012\/08\/EN-standard-e1439583104716.jpg\" alt=\"\" width=\"20\" height=\"20\" \/><\/strong><\/em><\/a><\/h4>\n<h4><i><span style=\"font-weight: 400;\">No s\u00e1bado, dia 28 de janeiro, aconteceu a terceira e, por enquanto, \u00faltima edi\u00e7\u00e3o do projeto A Hora do Cine, em <a href=\"https:\/\/bit.ly\/3Jv5ksx\" target=\"_blank\" rel=\"noopener\">Cavalcanti<\/a>, na <\/span><\/i><a href=\"http:\/\/bit.ly\/2ETpYR1\" target=\"_blank\" rel=\"noopener\"><i><span style=\"font-weight: 400;\">Zona Norte<\/span><\/i><\/a><i><span style=\"font-weight: 400;\"> do Rio de Janeiro. O evento foi realizado em parceria pelo <\/span><\/i><a href=\"http:\/\/bit.ly\/3DuoJGi\" target=\"_blank\" rel=\"noopener\"><i><span style=\"font-weight: 400;\">Coletivo Primavera<\/span><\/i><\/a><i><span style=\"font-weight: 400;\"> e <\/span><\/i><a href=\"http:\/\/bit.ly\/3wLSQVQ\" target=\"_blank\" rel=\"noopener\"><i><span style=\"font-weight: 400;\">Coletivo Agbara<\/span><\/i><\/a><i><span style=\"font-weight: 400;\">, por interm\u00e9dio do edital <\/span><\/i><a href=\"http:\/\/bit.ly\/3Jvzigc\" target=\"_blank\" rel=\"noopener\"><i><span style=\"font-weight: 400;\">Agenda Rio 2030<\/span><\/i><\/a><i><span style=\"font-weight: 400;\">, lan\u00e7ado<\/span><\/i><i><span style=\"font-weight: 400;\"> pela <\/span><\/i><a href=\"http:\/\/bit.ly\/2KNrw4s\" target=\"_blank\" rel=\"noopener\"><i><span style=\"font-weight: 400;\">Casa Fluminense<\/span><\/i><\/a><i><span style=\"font-weight: 400;\">\u00a0para<\/span><\/i><i><span style=\"font-weight: 400;\"> apoiar iniciativas articuladas no <a href=\"http:\/\/bit.ly\/2kFp5ol\" target=\"_blank\" rel=\"noopener\">Grande Rio<\/a>, organizadas a partir das justi\u00e7as econ\u00f4mica, racial, de g\u00eanero e clim\u00e1tica, com uma abordagem intersetorial e interseccional.<\/span><\/i><\/h4>\n<p><span style=\"font-weight: 400;\">O projeto A Hora do Cine \u00e9 uma a\u00e7\u00e3o de <a href=\"http:\/\/bit.ly\/360Z6KY\" target=\"_blank\" rel=\"noopener\">cineclube<\/a> desenvolvida por moradores das favelas de Cavalcanti, principalmente do <\/span><a href=\"http:\/\/bit.ly\/3l0HVoA\" target=\"_blank\" rel=\"noopener\"><span style=\"font-weight: 400;\">Morro da Primavera<\/span><\/a><span style=\"font-weight: 400;\">, para promover cultura e educa\u00e7\u00e3o entre as crian\u00e7as e adolescentes da regi\u00e3o. Teve sua primeira edi\u00e7\u00e3o em novembro de 2022 no alto do morro e sua \u00faltima edi\u00e7\u00e3o na Rua Tumucumaque. O projeto tem como objetivo exibir filmes com os temas de justi\u00e7a racial e de g\u00eanero. No \u00faltimo evento, foram exibidos os filmes: <em><a href=\"http:\/\/bit.ly\/3kV2z9H\" target=\"_blank\" rel=\"noopener\">Os Ind\u00edgenas &#8211; Ra\u00edzes do Brasil<\/a> <\/em>e<em> <a href=\"http:\/\/bit.ly\/3Hq5G18\" target=\"_blank\" rel=\"noopener\">D\u00fad\u00fa e o L\u00e1pis Cor da Pele<\/a><\/em>.<\/span><\/p>\n<p><span style=\"font-weight: 400;\">Nesta<\/span> <span style=\"font-weight: 400;\">edi\u00e7\u00e3o, cerca<\/span><span style=\"font-weight: 400;\"> de 30 crian\u00e7as de diversos pontos da comunidade estiveram <\/span><span style=\"font-weight: 400;\">presentes. A<\/span><span style=\"font-weight: 400;\">l\u00e9m dos filmes e do tradicional lanche, os pequenos <\/span><span style=\"font-weight: 400;\">tamb\u00e9m<\/span><span style=\"font-weight: 400;\"> se <\/span><span style=\"font-weight: 400;\">divertiram<\/span><span style=\"font-weight: 400;\"> com <\/span><span style=\"font-weight: 400;\">m\u00fasicas, pintura facial e fazendo desenhos com materiais oferecidos pelo projeto.<\/span><span style=\"font-weight: 400;\"> Entre um filme e outro, <\/span><span style=\"font-weight: 400;\">volunt\u00e1rios<\/span><span style=\"font-weight: 400;\"> dos <\/span><span style=\"font-weight: 400;\">coletivos<\/span><span style=\"font-weight: 400;\"> Primavera e Agbara faziam pequenas falas explicativas sobre a <\/span><span style=\"font-weight: 400;\">import\u00e2ncia<\/span><span style=\"font-weight: 400;\"> da promo\u00e7\u00e3o do debate racial, sobretudo para o p\u00fablico infanto-juvenil e em territ\u00f3rios de maioria negra.<\/span><\/p>\n<p>Como em grande parte das Zonas <a href=\"http:\/\/bit.ly\/2ETpYR1\" target=\"_blank\" rel=\"noopener\">Norte<\/a> e <a href=\"http:\/\/bit.ly\/2x3k8bw\" target=\"_blank\" rel=\"noopener\">Oeste<\/a>, em Cavalcanti <a href=\"http:\/\/bit.ly\/3YmFNpP\" target=\"_blank\" rel=\"noopener\">tamb\u00e9m n\u00e3o h\u00e1 op\u00e7\u00f5es de cinema<\/a>. Os moradores t\u00eam que ir at\u00e9 bairros vizinhos como <a href=\"https:\/\/bit.ly\/34duS6Y\" target=\"_blank\" rel=\"noopener\">Madureira<\/a> ou <a href=\"http:\/\/bit.ly\/3wHq9cG\" target=\"_blank\" rel=\"noopener\">Cachambi<\/a> para conseguirem usufruir de uma sala de exibi\u00e7\u00e3o. Al\u00e9m da dist\u00e2ncia, o custo da sess\u00e3o, do transporte e da alimenta\u00e7\u00e3o podem tornar invi\u00e1vel assistir a um filme. E, al\u00e9m da falta de acesso a cinemas que exibem <i data-stringify-type=\"italic\">blockbusters<\/i>, produ\u00e7\u00f5es cinematogr\u00e1ficas de grande sucesso de bilheteria, quando se trata de filmes infanto-juvenis, que pautam debates sociais, o quadro \u00e9 muito pior: \u00e9 preciso se deslocar at\u00e9 <a href=\"http:\/\/bit.ly\/3JNa2lN\" target=\"_blank\" rel=\"noopener\">centros culturais<\/a> e <a href=\"http:\/\/bit.ly\/3x6eDrD\" target=\"_blank\" rel=\"noopener\">cinemas<\/a> da Zona Sul e <a href=\"http:\/\/bit.ly\/3YqciDo\" target=\"_blank\" rel=\"noopener\">Centro<\/a>. Por isso, a\u00e7\u00f5es como A Hora do Cine s\u00e3o muito importantes em territ\u00f3rios culturalmente\u00a0<a class=\"c-link\" tabindex=\"-1\" href=\"https:\/\/bit.ly\/2Rku5Mf\" target=\"_blank\" rel=\"noopener noreferrer\" data-stringify-link=\"https:\/\/bit.ly\/2Rku5Mf\" data-sk=\"tooltip_parent\" data-remove-tab-index=\"true\">negligenciados pelo Estado<\/a>.<\/p>\n<figure id=\"attachment_65614\" aria-describedby=\"caption-attachment-65614\" style=\"width: 2560px\" class=\"wp-caption aligncenter\"><a href=\"https:\/\/rioonwatch.org.br\/wp-content\/uploads\/2023\/02\/A-Hora-do-Cine.-Foto-Vinicius-Ribeiro-scaled.jpg\"><img decoding=\"async\" class=\"wp-image-65614 size-full\" title=\"A Hora do Cine. Foto: Vin\u00edcius Ribeiro\" src=\"https:\/\/rioonwatch.org.br\/wp-content\/uploads\/2023\/02\/A-Hora-do-Cine.-Foto-Vinicius-Ribeiro-scaled.jpg\" alt=\"A Hora do Cine. Foto: Vin\u00edcius Ribeiro\" width=\"2560\" height=\"1707\" srcset=\"https:\/\/rioonwatch.org.br\/wp-content\/uploads\/2023\/02\/A-Hora-do-Cine.-Foto-Vinicius-Ribeiro-scaled.jpg 2560w, https:\/\/rioonwatch.org.br\/wp-content\/uploads\/2023\/02\/A-Hora-do-Cine.-Foto-Vinicius-Ribeiro-620x413.jpg 620w, https:\/\/rioonwatch.org.br\/wp-content\/uploads\/2023\/02\/A-Hora-do-Cine.-Foto-Vinicius-Ribeiro-944x629.jpg 944w\" sizes=\"(max-width: 2560px) 100vw, 2560px\" \/><\/a><figcaption id=\"caption-attachment-65614\" class=\"wp-caption-text\">A Hora do Cine. Foto: Vin\u00edcius Ribeiro<\/figcaption><\/figure>\n<p>Em entrevista, os organizadores do A Hora do Cine compartilharam a import\u00e2ncia da a\u00e7\u00e3o no territ\u00f3rio, ao pensar na <a href=\"https:\/\/bit.ly\/2Zy4jbV\" target=\"_blank\" rel=\"noopener\">representatividade<\/a> negra e em como construir outro imagin\u00e1rio sobre as favelas, enquanto territ\u00f3rios de produ\u00e7\u00e3o e consumo de cultura e arte. Foram entrevistados <a href=\"http:\/\/bit.ly\/3WPiCDb\" target=\"_blank\" rel=\"noopener\">Suellen Souza<\/a>, 25, aluna de pedagogia da <a href=\"http:\/\/bit.ly\/2KQx9xm\" target=\"_blank\" rel=\"noopener\">UERJ<\/a> e professora de ensino infantil, co-fundadora do Coletivo Primavera;\u00a0Juliana Andrade, 22, estudante de direito da UERJ e membro do Coletivo Agbara; e <a href=\"http:\/\/bit.ly\/3DxWuq9\" target=\"_blank\" rel=\"noopener\">Matheus Fernando<\/a>, 23, estoquista, membro do Coletivo Primavera.<\/p>\n<blockquote><p><span style=\"font-weight: 400;\">\u201cA sess\u00e3o de hoje teve um gostinho especial para mim, porque foi no lugar onde eu nasci e tenho vivido at\u00e9 hoje. Eu tenho 25 anos e foi no meu morro [em que o projeto] A Hora do Cine foi pensado, para ser itinerante e ao ar livre. Nosso intuito com o projeto sempre foi que ele acontecesse nas pra\u00e7as e ruas, para que a gente pudesse ocupar esses espa\u00e7os com cultura, arte e educa\u00e7\u00e3o, pensando na promo\u00e7\u00e3o da justi\u00e7a racial.\u201d <\/span>\u2014 <span style=\"font-weight: 400;\">Suellen Souza<\/span><\/p><\/blockquote>\n<figure id=\"attachment_65599\" aria-describedby=\"caption-attachment-65599\" style=\"width: 2560px\" class=\"wp-caption aligncenter\"><a href=\"https:\/\/rioonwatch.org.br\/wp-content\/uploads\/2023\/01\/Suellen-souza.-Foto-Vinicius-Ribeiro-scaled.jpg\"><img loading=\"lazy\" decoding=\"async\" class=\"wp-image-65599 size-full\" title=\"Suellen Souza, 25, aluna de Pedagogia da UERJ e professora de ensino infantil, co-fundadora do Coletivo Primavera. Foto: Vin\u00edcius Ribeiro\" src=\"https:\/\/rioonwatch.org.br\/wp-content\/uploads\/2023\/01\/Suellen-souza.-Foto-Vinicius-Ribeiro-scaled.jpg\" alt=\"Suellen Souza, 25, aluna de Pedagogia da UERJ e professora de ensino infantil, co-fundadora do Coletivo Primavera. Foto: Vin\u00edcius Ribeiro\" width=\"2560\" height=\"1707\" srcset=\"https:\/\/rioonwatch.org.br\/wp-content\/uploads\/2023\/01\/Suellen-souza.-Foto-Vinicius-Ribeiro-scaled.jpg 2560w, https:\/\/rioonwatch.org.br\/wp-content\/uploads\/2023\/01\/Suellen-souza.-Foto-Vinicius-Ribeiro-620x413.jpg 620w, https:\/\/rioonwatch.org.br\/wp-content\/uploads\/2023\/01\/Suellen-souza.-Foto-Vinicius-Ribeiro-944x629.jpg 944w\" sizes=\"(max-width: 2560px) 100vw, 2560px\" \/><\/a><figcaption id=\"caption-attachment-65599\" class=\"wp-caption-text\">Suellen Souza, 25, aluna de pedagogia da UERJ e professora de ensino infantil, co-fundadora do Coletivo Primavera. Foto: Vin\u00edcius Ribeiro<\/figcaption><\/figure>\n<blockquote><p><span style=\"font-weight: 400;\">\u201cA gente pensou, na verdade, em um projeto que falasse sobre arte e cultura aqui no territ\u00f3rio de Cavalcanti, que \u00e9 majoritariamente negro, ent\u00e3o falar de arte e cultura n\u00e3o poderia ser algo apartado tamb\u00e9m do tema racial&#8230;\u00a0 A gente entende que \u00e9 importante subverter essa l\u00f3gica que \u00e9 propagada hegemonicamente de que as favelas s\u00f3 produzem o mal. A gente est\u00e1 aqui para provar que a gente tem produzido v\u00e1rias outras coisas, inclusive saberes.\u201d <\/span>\u2014 <span style=\"font-weight: 400;\">Juliana Andrade<\/span><\/p><\/blockquote>\n<figure id=\"attachment_65602\" aria-describedby=\"caption-attachment-65602\" style=\"width: 2560px\" class=\"wp-caption aligncenter\"><a href=\"https:\/\/rioonwatch.org.br\/wp-content\/uploads\/2023\/01\/Juliana-Andrade.-Foto-Vinicius-Ribeiro-scaled.jpg\"><img loading=\"lazy\" decoding=\"async\" class=\"wp-image-65602 size-full\" title=\"Juliana Andrade, 22, estudante de direito da UERJ e membro do Coletivo Agbara. Foto: Vin\u00edcius Ribeiro\" src=\"https:\/\/rioonwatch.org.br\/wp-content\/uploads\/2023\/01\/Juliana-Andrade.-Foto-Vinicius-Ribeiro-scaled.jpg\" alt=\"Juliana Andrade, 22, estudante de direito da UERJ e membro do Coletivo Agbara. Foto: Vin\u00edcius Ribeiro\" width=\"2560\" height=\"1707\" srcset=\"https:\/\/rioonwatch.org.br\/wp-content\/uploads\/2023\/01\/Juliana-Andrade.-Foto-Vinicius-Ribeiro-scaled.jpg 2560w, https:\/\/rioonwatch.org.br\/wp-content\/uploads\/2023\/01\/Juliana-Andrade.-Foto-Vinicius-Ribeiro-620x413.jpg 620w, https:\/\/rioonwatch.org.br\/wp-content\/uploads\/2023\/01\/Juliana-Andrade.-Foto-Vinicius-Ribeiro-944x629.jpg 944w\" sizes=\"(max-width: 2560px) 100vw, 2560px\" \/><\/a><figcaption id=\"caption-attachment-65602\" class=\"wp-caption-text\">Juliana Andrade, 22, estudante de direito da UERJ e membro do Coletivo Agbara. Foto: Vin\u00edcius Ribeiro<\/figcaption><\/figure>\n<blockquote><p><span style=\"font-weight: 400;\">\u201cO c<\/span>inema est\u00e1 escasso tamb\u00e9m para n\u00f3s, que somos adultos. Eu n\u00e3o estou na faculdade, ent\u00e3o pago inteira. A meia-entrada j\u00e1 est\u00e1 cara [imaginem a inteira]! Vamos dizer que tu v\u00e1 em fam\u00edlia, um pai ou uma m\u00e3e mais duas crian\u00e7as. N\u00e3o d\u00e1 para o cara sair e levar pro cinema menos de R$150. Entre lanche, passagem e o cinema, isso custa dinheiro. Quando a gente traz o cinema para o nosso bairro, para a nossa favela, a gente acaba matando a corpora\u00e7\u00e3o do pr\u00f3prio cinema, que criou isso de que a gente tem que ir a um cinema dentro de um shopping, consumir da pra\u00e7a de alimenta\u00e7\u00e3o e das lojas do shopping, [o que] vai ser gasto para caramba. [Quando, em resposta a isso] a gente pode vir com um projetor e tacar [o filme] na parede, a gente monta um cinema para muitas crian\u00e7as e tudo de gra\u00e7a!\u201d \u2014 Matheus Fernando<\/p><\/blockquote>\n<figure id=\"attachment_65601\" aria-describedby=\"caption-attachment-65601\" style=\"width: 2560px\" class=\"wp-caption aligncenter\"><a href=\"https:\/\/rioonwatch.org.br\/wp-content\/uploads\/2023\/01\/Matheus-Fernando.-Foto-Vinicius-Ribeiro-scaled.jpg\"><img loading=\"lazy\" decoding=\"async\" class=\"wp-image-65601 size-full\" title=\"Matheus Fernando, 23, estoquista, membro do Coletivo Primavera. Foto: Vin\u00edcius Ribeiro\" src=\"https:\/\/rioonwatch.org.br\/wp-content\/uploads\/2023\/01\/Matheus-Fernando.-Foto-Vinicius-Ribeiro-scaled.jpg\" alt=\"Matheus Fernando, 23, estoquista, membro do Coletivo Primavera. Foto: Vin\u00edcius Ribeiro\" width=\"2560\" height=\"1707\" srcset=\"https:\/\/rioonwatch.org.br\/wp-content\/uploads\/2023\/01\/Matheus-Fernando.-Foto-Vinicius-Ribeiro-scaled.jpg 2560w, https:\/\/rioonwatch.org.br\/wp-content\/uploads\/2023\/01\/Matheus-Fernando.-Foto-Vinicius-Ribeiro-620x413.jpg 620w, https:\/\/rioonwatch.org.br\/wp-content\/uploads\/2023\/01\/Matheus-Fernando.-Foto-Vinicius-Ribeiro-944x629.jpg 944w\" sizes=\"(max-width: 2560px) 100vw, 2560px\" \/><\/a><figcaption id=\"caption-attachment-65601\" class=\"wp-caption-text\">Matheus Fernando, 23, estoquista, membro do Coletivo Primavera. Foto: Vin\u00edcius Ribeiro<\/figcaption><\/figure>\n<p><span style=\"font-weight: 400;\">O Estado falha em diversos aspectos por se fazer muito presente s\u00f3 atrav\u00e9s das for\u00e7as de seguran\u00e7a, fato que j\u00e1 atrapalhou, inclusive, as atividades culturais e art\u00edsticas do A Hora do Cine. No s\u00e1bado, 28 de janeiro de 2023, dia deste evento, enquanto era organizado o local para a exibi\u00e7\u00e3o dos filmes, um <a href=\"https:\/\/bit.ly\/2zjcLkP\" target=\"_blank\" rel=\"noopener\">caveir\u00e3o<\/a>, ve\u00edculo blindado da <a href=\"http:\/\/bit.ly\/2x488q5\" target=\"_blank\" rel=\"noopener\">Pol\u00edcia Militar<\/a>, entrou na favela atirando.\u00a0<\/span><\/p>\n<blockquote><p>\u201cNo meio da chuva, a gente ainda contou com a entrada do caveir\u00e3o na nossa comunidade, na hora que a gente estava montando o tel\u00e3o. A gente saiu correndo, porque &#8216;a bala comeu&#8217;, no portugu\u00eas mais claro. A gente teve que se abaixar.\u201d \u2014 Suellen <span style=\"font-weight: 400;\">Souza<\/span><\/p><\/blockquote>\n<figure id=\"attachment_65616\" aria-describedby=\"caption-attachment-65616\" style=\"width: 2560px\" class=\"wp-caption aligncenter\"><a href=\"https:\/\/rioonwatch.org.br\/wp-content\/uploads\/2023\/02\/Criancada-reunida-para-A-Hora-do-Cine.-Foto-Vinicius-Ribeiro-scaled.jpg\"><img loading=\"lazy\" decoding=\"async\" class=\"wp-image-65616 size-full\" title=\"Crian\u00e7ada reunida para A Hora do Cine. Foto: Vin\u00edcius Ribeiro\" src=\"https:\/\/rioonwatch.org.br\/wp-content\/uploads\/2023\/02\/Criancada-reunida-para-A-Hora-do-Cine.-Foto-Vinicius-Ribeiro-scaled.jpg\" alt=\"Crian\u00e7ada reunida para A Hora do Cine. Foto: Vin\u00edcius Ribeiro\" width=\"2560\" height=\"1707\" srcset=\"https:\/\/rioonwatch.org.br\/wp-content\/uploads\/2023\/02\/Criancada-reunida-para-A-Hora-do-Cine.-Foto-Vinicius-Ribeiro-scaled.jpg 2560w, https:\/\/rioonwatch.org.br\/wp-content\/uploads\/2023\/02\/Criancada-reunida-para-A-Hora-do-Cine.-Foto-Vinicius-Ribeiro-620x413.jpg 620w, https:\/\/rioonwatch.org.br\/wp-content\/uploads\/2023\/02\/Criancada-reunida-para-A-Hora-do-Cine.-Foto-Vinicius-Ribeiro-944x629.jpg 944w\" sizes=\"(max-width: 2560px) 100vw, 2560px\" \/><\/a><figcaption id=\"caption-attachment-65616\" class=\"wp-caption-text\">Crian\u00e7ada reunida para A Hora do Cine. Foto: Vin\u00edcius Ribeiro<\/figcaption><\/figure>\n<p>Tiros disparados pelo Estado n\u00e3o s\u00e3o fato incomum na regi\u00e3o. Em agosto de 2022, tr\u00eas dias ap\u00f3s uma a\u00e7\u00e3o dos coletivos Primavera e Agabara no alto do Morro da Primavera, a pol\u00edcia esteve no morro e matou uma pessoa. Na edi\u00e7\u00e3o de Natal do A Hora do Cine, um caveir\u00e3o estava na entrada da favela, enquanto l\u00e1 dentro as crian\u00e7as brincavam, assistiam a filmes e tiravam fotos com o Papai Noel.<\/p>\n<blockquote><p>\u201cDe uma forma geral, a gente v\u00ea que o Estado s\u00f3 est\u00e1 presente quando \u00e9 para fazer guerra e para produzir morte. Hoje, por exemplo, na atividade de encerramento [do A Hora do Cine], os tiros que tiveram foram por conta de um caveir\u00e3o, que chegou ali na esquina e simplesmente deu tiros. Toda a equipe de voluntariado, todo mundo que estava presente, teve que se esconder. Ent\u00e3o, a gente v\u00ea que a presen\u00e7a [do Estado] s\u00f3 se faz nesses nesses momentos.\u201d \u2014 <span style=\"font-weight: 400;\">Juliana Andrade<\/span><\/p><\/blockquote>\n<h3><b>Coletivos Primavera e Agbara: <\/b><b>Cultura de Morador para Morador<\/b><\/h3>\n<p>O Coletivo Primavera come\u00e7ou pela necessidade apresentada na pandemia, <a href=\"https:\/\/bit.ly\/Covid19NasFavelas\" target=\"_blank\" rel=\"noopener\">onde as favelas eram as \u00e1reas mais afetadas<\/a> e <a href=\"https:\/\/bit.ly\/PUF1Ano\" target=\"_blank\" rel=\"noopener\">n\u00e3o tinham a devida aten\u00e7\u00e3o do poder p\u00fablico<\/a>. Nesse contexto se iniciaram <a href=\"https:\/\/bit.ly\/3igtpCZ\" target=\"_blank\" rel=\"noopener\">a\u00e7\u00f5es para organizar arrecada\u00e7\u00f5es e doa\u00e7\u00f5es<\/a> de cestas b\u00e1sicas e kits de higiene. Em seguida, outras a\u00e7\u00f5es come\u00e7aram a ser feitas, como na \u00e1rea da educa\u00e7\u00e3o e da cultura. O coletivo \u00e9 formado por pessoas que moram nas favelas da regi\u00e3o de Cavalcanti.<\/p>\n<blockquote><p><span style=\"font-weight: 400;\">\u201cQuando a gente se junta e faz um coletivo, \u00e9 meio que acabar com esse abandono que a gente sente. Eu n\u00e3o estou sozinho nesse mundo que eu quero mudar&#8230; A gente faz um bagulho diferente, um cineminha para as crian\u00e7as, uma entrega de cesta b\u00e1sica. O morador j\u00e1 fica pensando, &#8216;p\u00f4, j\u00e1 n\u00e3o estou t\u00e3o sozinho&#8217;.\u201d \u2014 Matheus Fernando<\/span><\/p><\/blockquote>\n<figure id=\"attachment_65604\" aria-describedby=\"caption-attachment-65604\" style=\"width: 2420px\" class=\"wp-caption aligncenter\"><a href=\"https:\/\/rioonwatch.org.br\/wp-content\/uploads\/2023\/01\/Coletivo-Primavera-e-Agbara-e-voluntarios.-Foto-Vinicius-Ribeiro.jpeg\"><img loading=\"lazy\" decoding=\"async\" class=\"wp-image-65604 size-full\" title=\"Coletivos Primavera, Agbara e volunt\u00e1rios. Foto: Vin\u00edcius Ribeiro\" src=\"https:\/\/rioonwatch.org.br\/wp-content\/uploads\/2023\/01\/Coletivo-Primavera-e-Agbara-e-voluntarios.-Foto-Vinicius-Ribeiro.jpeg\" alt=\"Coletivos Primavera, Agbara e volunt\u00e1rios. Foto: Vin\u00edcius Ribeiro\" width=\"2420\" height=\"1816\" srcset=\"https:\/\/rioonwatch.org.br\/wp-content\/uploads\/2023\/01\/Coletivo-Primavera-e-Agbara-e-voluntarios.-Foto-Vinicius-Ribeiro.jpeg 2420w, https:\/\/rioonwatch.org.br\/wp-content\/uploads\/2023\/01\/Coletivo-Primavera-e-Agbara-e-voluntarios.-Foto-Vinicius-Ribeiro-620x465.jpeg 620w, https:\/\/rioonwatch.org.br\/wp-content\/uploads\/2023\/01\/Coletivo-Primavera-e-Agbara-e-voluntarios.-Foto-Vinicius-Ribeiro-838x629.jpeg 838w, https:\/\/rioonwatch.org.br\/wp-content\/uploads\/2023\/01\/Coletivo-Primavera-e-Agbara-e-voluntarios.-Foto-Vinicius-Ribeiro-678x509.jpeg 678w, https:\/\/rioonwatch.org.br\/wp-content\/uploads\/2023\/01\/Coletivo-Primavera-e-Agbara-e-voluntarios.-Foto-Vinicius-Ribeiro-326x245.jpeg 326w, https:\/\/rioonwatch.org.br\/wp-content\/uploads\/2023\/01\/Coletivo-Primavera-e-Agbara-e-voluntarios.-Foto-Vinicius-Ribeiro-80x60.jpeg 80w\" sizes=\"(max-width: 2420px) 100vw, 2420px\" \/><\/a><figcaption id=\"caption-attachment-65604\" class=\"wp-caption-text\">Coletivos Primavera, Agbara e volunt\u00e1rios. Foto: Vin\u00edcius Ribeiro<\/figcaption><\/figure>\n<p>O Coletivo Agbara \u00e9 constru\u00eddo por mulheres negras e atua na promo\u00e7\u00e3o de a\u00e7\u00f5es que afetem positivamente comunidades negras. Com atua\u00e7\u00e3o nacional e principalmente no Rio de janeiro, o Coletivo Agbara se uniu ao Coletivo Primavera em a\u00e7\u00f5es ao redor do territ\u00f3rio de Cavalcanti.<\/p>\n<blockquote><p>\u201cO Coletivo Agbara atua onde a gente v\u00ea que \u00e9 estrat\u00e9gico para a popula\u00e7\u00e3o negra como um todo.\u201d \u2014 Juliana Andrade<\/p><\/blockquote>\n<figure id=\"attachment_65607\" aria-describedby=\"caption-attachment-65607\" style=\"width: 2560px\" class=\"wp-caption aligncenter\"><a href=\"https:\/\/rioonwatch.org.br\/wp-content\/uploads\/2023\/01\/Crianca-do-Morro-da-Primavera-na-acao-A-Hora-do-Cine.-Foto-Vinicius-Ribeiro-scaled.jpg\"><img loading=\"lazy\" decoding=\"async\" class=\"wp-image-65607 size-full\" title=\"Crian\u00e7a do Morro da Primavera na a\u00e7\u00e3o A Hora do Cine. Foto: Vin\u00edcius Ribeiro\" src=\"https:\/\/rioonwatch.org.br\/wp-content\/uploads\/2023\/01\/Crianca-do-Morro-da-Primavera-na-acao-A-Hora-do-Cine.-Foto-Vinicius-Ribeiro-scaled.jpg\" alt=\"Crian\u00e7a do Morro da Primavera na a\u00e7\u00e3o A Hora do Cine. Foto: Vin\u00edcius Ribeiro\" width=\"2560\" height=\"1707\" srcset=\"https:\/\/rioonwatch.org.br\/wp-content\/uploads\/2023\/01\/Crianca-do-Morro-da-Primavera-na-acao-A-Hora-do-Cine.-Foto-Vinicius-Ribeiro-scaled.jpg 2560w, https:\/\/rioonwatch.org.br\/wp-content\/uploads\/2023\/01\/Crianca-do-Morro-da-Primavera-na-acao-A-Hora-do-Cine.-Foto-Vinicius-Ribeiro-620x413.jpg 620w, https:\/\/rioonwatch.org.br\/wp-content\/uploads\/2023\/01\/Crianca-do-Morro-da-Primavera-na-acao-A-Hora-do-Cine.-Foto-Vinicius-Ribeiro-944x629.jpg 944w\" sizes=\"(max-width: 2560px) 100vw, 2560px\" \/><\/a><figcaption id=\"caption-attachment-65607\" class=\"wp-caption-text\">Crian\u00e7a do Morro da Primavera na a\u00e7\u00e3o A Hora do Cine. Foto: Vin\u00edcius Ribeiro<\/figcaption><\/figure>\n<blockquote><p><span style=\"font-weight: 400;\">\u201cEu gostei muito [do A Hora do Cine], principalmente porque \u00e9 uma a\u00e7\u00e3o que n\u00e3o tem [igual] por aqui. Aqui n\u00e3o tem nada&#8230; Sou nascida e criada aqui h\u00e1 30 anos.\u201d \u2014 Thaine Maria, volunt\u00e1ria que fez as pinturas art\u00edsticas nas crian\u00e7as presentes.<\/span><\/p><\/blockquote>\n<p><span style=\"font-weight: 400;\">Em Cavalcanti e no Morro da Primavera, os moradores s\u00e3o pe\u00e7a fundamental na realiza\u00e7\u00e3o das a\u00e7\u00f5es sociais. O Coletivo Primavera, assim como outros coletivos de favela, segue a l\u00f3gica do <a href=\"https:\/\/bit.ly\/2VN4Ft6\" target=\"_blank\" rel=\"noopener\"><i>n\u00f3s por n\u00f3s<\/i><\/a> em suas atividades. Ajudam a construir o evento ali, na hora, na organiza\u00e7\u00e3o ou at\u00e9 mesmo fornecendo apoio estrutural. Seja em edi\u00e7\u00f5es que aconte\u00e7am no alto do morro ou na Rua Tumucumaque, sempre existe apoio dos moradores. Nesse evento de s\u00e1bado, 28 de janeiro, a moradora Fabiane Martinelli, mais conhecida como Dona Fabiane, cedeu as cadeiras do seu trailer para a sess\u00e3o na rua. Outras moradoras trabalharam como volunt\u00e1rias no evento, como a Thaiane Maria, 30, que fez pintura facial nas crian\u00e7as, e a Lorhany Miguel, 29, que fez algod\u00e3o doce ap\u00f3s a sess\u00e3o. Lorhany, al\u00e9m de volunt\u00e1ria, \u00e9 m\u00e3e do pequeno Jordan Oliveira, 6, que sempre frequenta as atividades do Coletivo Primavera. <\/span><\/p>\n<blockquote><p><span style=\"font-weight: 400;\">&#8220;Eu acho muito legal, porque eu amo essa festa. \u00c9 muito animada, tem desenho, tem tudo! Isso \u00e9 que \u00e9 vida.&#8221; Jordan Oliveira, 6 anos<\/span><\/p><\/blockquote>\n<p>Segundo moradores e m\u00e3es da comunidade, como Lorhany, Dona Fabiane e Thaiane, A Hora do Cine \u00e9 muito mais do que um projeto de exibi\u00e7\u00e3o de filmes em favelas. Ele contr\u00f3i possibilidades futuras e novas subjetividades, ao conferir novas vis\u00f5es sobre si a crian\u00e7as que, em geral, t\u00eam o direito \u00e0 autoestima negado.<\/p>\n<blockquote><p>\u201c<span style=\"font-weight: 400;\">Eu acredito que o projeto chegou na comunidade numa hora excelente. A gente v\u00ea que tem muitas crian\u00e7as que n\u00e3o conhecem a representatividade, que \u00e9 passada em um desenho ou em um filme. E eu tenho isso comigo. Eu sempre tento mostrar ao meu filho Jordan, de 6 anos de idade, o que \u00e9 representatividade, o que \u00e9 ver um desenho representar a sua origem, a sua perspectiva de vida.\u201d \u2014 Lorhany Miguel<\/span><\/p><\/blockquote>\n<figure id=\"attachment_65606\" aria-describedby=\"caption-attachment-65606\" style=\"width: 2560px\" class=\"wp-caption aligncenter\"><img loading=\"lazy\" decoding=\"async\" class=\"wp-image-65606 size-full\" title=\"Lorhany Miguel fazendo algod\u00e3o-doce para a crian\u00e7ada. Foto: Vin\u00edcius Ribeiro\" src=\"https:\/\/rioonwatch.org.br\/wp-content\/uploads\/2023\/01\/Lorhany-Miguel-fazendo-algodao-doce-para-criancada.-Foto-Vinicius-Ribeiro-scaled.jpg\" alt=\"Lorhany Miguel fazendo algod\u00e3o-doce para a crian\u00e7ada. Foto: Vin\u00edcius Ribeiro\" width=\"2560\" height=\"1707\" srcset=\"https:\/\/rioonwatch.org.br\/wp-content\/uploads\/2023\/01\/Lorhany-Miguel-fazendo-algodao-doce-para-criancada.-Foto-Vinicius-Ribeiro-scaled.jpg 2560w, https:\/\/rioonwatch.org.br\/wp-content\/uploads\/2023\/01\/Lorhany-Miguel-fazendo-algodao-doce-para-criancada.-Foto-Vinicius-Ribeiro-620x413.jpg 620w, https:\/\/rioonwatch.org.br\/wp-content\/uploads\/2023\/01\/Lorhany-Miguel-fazendo-algodao-doce-para-criancada.-Foto-Vinicius-Ribeiro-944x629.jpg 944w\" sizes=\"(max-width: 2560px) 100vw, 2560px\" \/><figcaption id=\"caption-attachment-65606\" class=\"wp-caption-text\">Lorhany Miguel fazendo algod\u00e3o-doce para a crian\u00e7ada. Foto: Vin\u00edcius Ribeiro<\/figcaption><\/figure>\n<p><em><a class=\"c-link\" tabindex=\"-1\" href=\"https:\/\/bit.ly\/3hDyudK\" target=\"_blank\" rel=\"noopener noreferrer\" data-stringify-link=\"https:\/\/bit.ly\/3hDyudK\" data-sk=\"tooltip_parent\" data-remove-tab-index=\"true\"><span class=\"c-mrkdwn__highlight\">Vin\u00edcius<\/span>\u00a0<span class=\"c-mrkdwn__highlight\">Ribeiro<\/span><\/a> \u00e9 nascido e criado na Zona Oeste, entre a Estrada da Posse, em Sant\u00edssimo, e o Barata, em Realengo. Atualmente mora na <a class=\"c-link\" tabindex=\"-1\" href=\"https:\/\/bit.ly\/2VNExxP\" target=\"_blank\" rel=\"noopener noreferrer\" data-stringify-link=\"https:\/\/bit.ly\/2VNExxP\" data-sk=\"tooltip_parent\" data-remove-tab-index=\"true\">Ladeira dos Tabajaras<\/a>. Jornalista, cineasta e fot\u00f3grafo, \u00e9 membro do\u00a0<a class=\"c-link\" tabindex=\"-1\" href=\"https:\/\/bit.ly\/3vfY8bj\" target=\"_blank\" rel=\"noopener noreferrer\" data-stringify-link=\"https:\/\/bit.ly\/3vfY8bj\" data-sk=\"tooltip_parent\" data-remove-tab-index=\"true\">Coletivo Fotoguerrilha<\/a>. Assina dire\u00e7\u00e3o e roteiro dos curtas\u00a0<a class=\"c-link\" tabindex=\"-1\" href=\"https:\/\/bit.ly\/3Y2XZEX\" target=\"_blank\" rel=\"noopener noreferrer\" data-stringify-link=\"https:\/\/youtu.be\/2mE7UUymocs\" data-sk=\"tooltip_parent\" data-remove-tab-index=\"true\">Sobreviver<\/a>,\u00a0<a class=\"c-link\" tabindex=\"-1\" href=\"https:\/\/bit.ly\/3FPRBt1\" target=\"_blank\" rel=\"noopener noreferrer\" data-stringify-link=\"https:\/\/bit.ly\/3FPRBt1\" data-sk=\"tooltip_parent\" data-remove-tab-index=\"true\">Dame Candole<\/a>,\u00a0<a class=\"c-link\" tabindex=\"-1\" href=\"https:\/\/bit.ly\/3jr5czR\" target=\"_blank\" rel=\"noopener noreferrer\" data-stringify-link=\"https:\/\/www.youtube.com\/watch?v=9-vIUocJ6zY\" data-sk=\"tooltip_parent\" data-remove-tab-index=\"true\">Sob o Mesmo Teto<\/a> e <a class=\"c-link\" tabindex=\"-1\" href=\"https:\/\/bit.ly\/3wRcHD5\" target=\"_blank\" rel=\"noopener noreferrer\" data-stringify-link=\"https:\/\/youtu.be\/4RrEj6zAKk8\" data-sk=\"tooltip_parent\" data-remove-tab-index=\"true\">Entregadores<\/a>. Atualmente, est\u00e1 em um projeto sobre uberiza\u00e7\u00e3o e precariza\u00e7\u00e3o do trabalho.<\/em><\/p>\n<hr \/>\n<h4>Apoie nossos esfor\u00e7os para fornecer apoio estrat\u00e9gico \u00e0s favelas do Rio, incluindo o jornalismo hiperlocal, cr\u00edtico, inovador e incans\u00e1vel do\u00a0<i data-stringify-type=\"italic\">RioOnWatch<\/i>\u2014<a class=\"c-link\" href=\"http:\/\/www.bit.ly\/ApoieROW\" target=\"_blank\" rel=\"noopener noreferrer\" data-stringify-link=\"http:\/\/www.bit.ly\/ApoieROW\" data-sk=\"tooltip_parent\">doe aqui<\/a>.<\/h4>\n<!-- AddThis Advanced Settings generic via filter on the_content --><!-- AddThis Share Buttons generic via filter on the_content -->","protected":false},"excerpt":{"rendered":"<div class=\"mh-excerpt\"><p>Click Here for English No s\u00e1bado, dia 28 de janeiro, aconteceu a terceira e, por enquanto, \u00faltima edi\u00e7\u00e3o do projeto A Hora do Cine, em Cavalcanti, na Zona Norte do Rio de Janeiro. O evento <a class=\"mh-excerpt-more\" href=\"https:\/\/rioonwatch.org.br\/?p=65586\" title=\"A Hora do Cine: Coletivos Primavera e Agbara Promovem Cineclube para Crian\u00e7as no Morro da Primavera, em Cavalcanti, com Tem\u00e1ticas sobre Justi\u00e7a Racial e de G\u00eanero\">[&#8230;]<\/a><!-- AddThis Advanced Settings generic via filter on get_the_excerpt --><!-- AddThis Share Buttons generic via filter on get_the_excerpt --><\/p>\n<\/div>","protected":false},"author":179,"featured_media":65597,"comment_status":"closed","ping_status":"closed","sticky":false,"template":"template-full.php","format":"standard","meta":{"_acf_changed":false,"_monsterinsights_skip_tracking":false,"_monsterinsights_sitenote_active":false,"_monsterinsights_sitenote_note":"","_monsterinsights_sitenote_category":0,"footnotes":""},"categories":[1621,1627,1615,1625,1616,3206,1612,342],"tags":[386,334,1361,3283,1597,1804,2379,2315,50,948,81,421,422,3143,922,1717,1304,3284,417,1830,2432,476,920,52,218],"writer":[3256],"translator":[],"source":[],"ilustrador":[],"fotografo":[3257],"class_list":{"0":"post-65586","1":"post","2":"type-post","3":"status-publish","4":"format-standard","5":"has-post-thumbnail","7":"category-destaque","8":"category-relato-de-evento","9":"category-cultura-da-favela","10":"category-por-correspondentes-comunitarios","11":"category-qualidades-da-favela","12":"category-representatividade","13":"category-sociedade-civil","14":"category-solucoes","15":"tag-estigma","16":"tag-arte","17":"tag-autoestima","18":"tag-cachambi","19":"tag-casa-fluminense","20":"tag-cavalcanti","21":"tag-caveirao","22":"tag-cineclube","23":"tag-cinema","24":"tag-coletivo","25":"tag-cultura","26":"tag-cultura-da-favela","27":"tag-cultura-de-rua","28":"tag-direito-a-favela","29":"tag-evento","30":"tag-madureira","31":"tag-organizacao-criativa","32":"tag-morro-da-primavera","33":"tag-negligencia-do-estado","34":"tag-nos-por-nos","35":"tag-representatividade","36":"tag-solucao-comunitaria","37":"tag-violencia-de-estado","38":"tag-violencia-policial","39":"tag-zona-norte","40":"writer-vinicius-ribeiro","41":"fotografo-vinicius-ribeiro"},"acf":[],"yoast_head":"<!-- This site is optimized with the Yoast SEO plugin v25.6 - https:\/\/yoast.com\/wordpress\/plugins\/seo\/ -->\n<title>A Hora do Cine: Coletivos Primavera e Agbara Promovem Cineclube para Crian\u00e7as no Morro da Primavera, em Cavalcanti, com Tem\u00e1ticas sobre Justi\u00e7a Racial e de G\u00eanero - RioOnWatch<\/title>\n<meta name=\"robots\" content=\"index, follow, max-snippet:-1, max-image-preview:large, max-video-preview:-1\" \/>\n<link rel=\"canonical\" href=\"https:\/\/rioonwatch.org.br\/?p=65586\" \/>\n<meta property=\"og:locale\" content=\"pt_BR\" \/>\n<meta property=\"og:type\" content=\"article\" \/>\n<meta property=\"og:title\" content=\"A Hora do Cine: Coletivos Primavera e Agbara Promovem Cineclube para Crian\u00e7as no Morro da Primavera, em Cavalcanti, com Tem\u00e1ticas sobre Justi\u00e7a Racial e de G\u00eanero - RioOnWatch\" \/>\n<meta property=\"og:description\" content=\"Click Here for English No s\u00e1bado, dia 28 de janeiro, aconteceu a terceira e, por enquanto, \u00faltima edi\u00e7\u00e3o do projeto A Hora do Cine, em Cavalcanti, na Zona Norte do Rio de Janeiro. O evento [...]\" \/>\n<meta property=\"og:url\" content=\"https:\/\/rioonwatch.org.br\/?p=65586\" \/>\n<meta property=\"og:site_name\" content=\"RioOnWatch\" \/>\n<meta property=\"article:published_time\" content=\"2023-02-07T11:27:05+00:00\" \/>\n<meta property=\"article:modified_time\" content=\"2024-06-20T19:19:14+00:00\" \/>\n<meta property=\"og:image\" content=\"https:\/\/rioonwatch.org.br\/wp-content\/uploads\/2023\/01\/Criancas-e-coletivos.-Foto-Vinicius-Ribeiro-1999x1500.jpeg\" \/>\n\t<meta property=\"og:image:width\" content=\"1999\" \/>\n\t<meta property=\"og:image:height\" content=\"1500\" \/>\n\t<meta property=\"og:image:type\" content=\"image\/jpeg\" \/>\n<meta name=\"author\" content=\"Janaina Tavares\" \/>\n<meta name=\"twitter:card\" content=\"summary_large_image\" \/>\n<meta name=\"twitter:label1\" content=\"Escrito por\" \/>\n\t<meta name=\"twitter:data1\" content=\"Janaina Tavares\" \/>\n\t<meta name=\"twitter:label2\" content=\"Est. tempo de leitura\" \/>\n\t<meta name=\"twitter:data2\" content=\"12 minutos\" \/>\n<script type=\"application\/ld+json\" class=\"yoast-schema-graph\">{\"@context\":\"https:\/\/schema.org\",\"@graph\":[{\"@type\":\"Article\",\"@id\":\"https:\/\/rioonwatch.org.br\/?p=65586#article\",\"isPartOf\":{\"@id\":\"https:\/\/rioonwatch.org.br\/?p=65586\"},\"author\":{\"name\":\"Janaina Tavares\",\"@id\":\"https:\/\/rioonwatch.org.br\/#\/schema\/person\/feb227e5e7679aacc3d672e375cae1bd\"},\"headline\":\"A Hora do Cine: Coletivos Primavera e Agbara Promovem Cineclube para Crian\u00e7as no Morro da Primavera, em Cavalcanti, com Tem\u00e1ticas sobre Justi\u00e7a Racial e de G\u00eanero\",\"datePublished\":\"2023-02-07T11:27:05+00:00\",\"dateModified\":\"2024-06-20T19:19:14+00:00\",\"mainEntityOfPage\":{\"@id\":\"https:\/\/rioonwatch.org.br\/?p=65586\"},\"wordCount\":1993,\"publisher\":{\"@id\":\"https:\/\/rioonwatch.org.br\/#organization\"},\"image\":{\"@id\":\"https:\/\/rioonwatch.org.br\/?p=65586#primaryimage\"},\"thumbnailUrl\":\"https:\/\/rioonwatch.org.br\/wp-content\/uploads\/2023\/01\/Criancas-e-coletivos.-Foto-Vinicius-Ribeiro.jpeg\",\"keywords\":[\"#StopFavelaStigma\",\"arte\",\"autoestima\",\"Cachambi\",\"Casa Fluminense\",\"Cavalcanti\",\"caveir\u00e3o\",\"cineclube\",\"cinema\",\"coletivo\",\"cultura\",\"cultura da favela\",\"cultura de rua\",\"Direito \u00e0 favela\",\"evento\",\"Madureira\",\"mobiliza\u00e7\u00e3o criativa\",\"Morro da Primavera\",\"Neglig\u00eancia do Estado\",\"N\u00f3s por N\u00f3s\",\"representatividade\",\"solu\u00e7\u00e3o comunit\u00e1ria\",\"viol\u00eancia de Estado\",\"viol\u00eancia policial\",\"Zona Norte\"],\"articleSection\":[\"*Destaque\",\"Cobertura de Eventos\",\"Cultura da Favela\",\"Escrito por Comunicadores Populares\",\"Qualidades da Favela\",\"Representatividade\",\"Sociedade Civil\",\"Solu\u00e7\u00f5es\"],\"inLanguage\":\"pt-BR\"},{\"@type\":\"WebPage\",\"@id\":\"https:\/\/rioonwatch.org.br\/?p=65586\",\"url\":\"https:\/\/rioonwatch.org.br\/?p=65586\",\"name\":\"A Hora do Cine: Coletivos Primavera e Agbara Promovem Cineclube para Crian\u00e7as no Morro da Primavera, em Cavalcanti, com Tem\u00e1ticas sobre Justi\u00e7a Racial e de G\u00eanero - RioOnWatch\",\"isPartOf\":{\"@id\":\"https:\/\/rioonwatch.org.br\/#website\"},\"primaryImageOfPage\":{\"@id\":\"https:\/\/rioonwatch.org.br\/?p=65586#primaryimage\"},\"image\":{\"@id\":\"https:\/\/rioonwatch.org.br\/?p=65586#primaryimage\"},\"thumbnailUrl\":\"https:\/\/rioonwatch.org.br\/wp-content\/uploads\/2023\/01\/Criancas-e-coletivos.-Foto-Vinicius-Ribeiro.jpeg\",\"datePublished\":\"2023-02-07T11:27:05+00:00\",\"dateModified\":\"2024-06-20T19:19:14+00:00\",\"breadcrumb\":{\"@id\":\"https:\/\/rioonwatch.org.br\/?p=65586#breadcrumb\"},\"inLanguage\":\"pt-BR\",\"potentialAction\":[{\"@type\":\"ReadAction\",\"target\":[\"https:\/\/rioonwatch.org.br\/?p=65586\"]}]},{\"@type\":\"ImageObject\",\"inLanguage\":\"pt-BR\",\"@id\":\"https:\/\/rioonwatch.org.br\/?p=65586#primaryimage\",\"url\":\"https:\/\/rioonwatch.org.br\/wp-content\/uploads\/2023\/01\/Criancas-e-coletivos.-Foto-Vinicius-Ribeiro.jpeg\",\"contentUrl\":\"https:\/\/rioonwatch.org.br\/wp-content\/uploads\/2023\/01\/Criancas-e-coletivos.-Foto-Vinicius-Ribeiro.jpeg\",\"width\":2420,\"height\":1816,\"caption\":\"Crian\u00e7as e Coletivos na a\u00e7\u00e3o A Hora do Cine. Foto: Vin\u00edcius Ribeiro\"},{\"@type\":\"BreadcrumbList\",\"@id\":\"https:\/\/rioonwatch.org.br\/?p=65586#breadcrumb\",\"itemListElement\":[{\"@type\":\"ListItem\",\"position\":1,\"name\":\"In\u00edcio\",\"item\":\"https:\/\/rioonwatch.org.br\/\"},{\"@type\":\"ListItem\",\"position\":2,\"name\":\"A Hora do Cine: Coletivos Primavera e Agbara Promovem Cineclube para Crian\u00e7as no Morro da Primavera, em Cavalcanti, com Tem\u00e1ticas sobre Justi\u00e7a Racial e de G\u00eanero\"}]},{\"@type\":\"WebSite\",\"@id\":\"https:\/\/rioonwatch.org.br\/#website\",\"url\":\"https:\/\/rioonwatch.org.br\/\",\"name\":\"RioOnWatch\",\"description\":\"relatos das favelas cariocas\",\"publisher\":{\"@id\":\"https:\/\/rioonwatch.org.br\/#organization\"},\"potentialAction\":[{\"@type\":\"SearchAction\",\"target\":{\"@type\":\"EntryPoint\",\"urlTemplate\":\"https:\/\/rioonwatch.org.br\/?s={search_term_string}\"},\"query-input\":{\"@type\":\"PropertyValueSpecification\",\"valueRequired\":true,\"valueName\":\"search_term_string\"}}],\"inLanguage\":\"pt-BR\"},{\"@type\":\"Organization\",\"@id\":\"https:\/\/rioonwatch.org.br\/#organization\",\"name\":\"RioOnWatch\",\"url\":\"https:\/\/rioonwatch.org.br\/\",\"logo\":{\"@type\":\"ImageObject\",\"inLanguage\":\"pt-BR\",\"@id\":\"https:\/\/rioonwatch.org.br\/#\/schema\/logo\/image\/\",\"url\":\"https:\/\/rioonwatch.org.br\/wp-content\/uploads\/2021\/06\/RioOnWatchcabecalhoPT11anos-2.png\",\"contentUrl\":\"https:\/\/rioonwatch.org.br\/wp-content\/uploads\/2021\/06\/RioOnWatchcabecalhoPT11anos-2.png\",\"width\":779,\"height\":277,\"caption\":\"RioOnWatch\"},\"image\":{\"@id\":\"https:\/\/rioonwatch.org.br\/#\/schema\/logo\/image\/\"}},{\"@type\":\"Person\",\"@id\":\"https:\/\/rioonwatch.org.br\/#\/schema\/person\/feb227e5e7679aacc3d672e375cae1bd\",\"name\":\"Janaina Tavares\",\"image\":{\"@type\":\"ImageObject\",\"inLanguage\":\"pt-BR\",\"@id\":\"https:\/\/rioonwatch.org.br\/#\/schema\/person\/image\/\",\"url\":\"https:\/\/secure.gravatar.com\/avatar\/83bb5bb4f8b0c5ad63f35939640eaaa2?s=96&d=blank&r=g\",\"contentUrl\":\"https:\/\/secure.gravatar.com\/avatar\/83bb5bb4f8b0c5ad63f35939640eaaa2?s=96&d=blank&r=g\",\"caption\":\"Janaina Tavares\"},\"url\":\"https:\/\/rioonwatch.org.br\/?author=179\"}]}<\/script>\n<!-- \/ Yoast SEO plugin. -->","yoast_head_json":{"title":"A Hora do Cine: Coletivos Primavera e Agbara Promovem Cineclube para Crian\u00e7as no Morro da Primavera, em Cavalcanti, com Tem\u00e1ticas sobre Justi\u00e7a Racial e de G\u00eanero - RioOnWatch","robots":{"index":"index","follow":"follow","max-snippet":"max-snippet:-1","max-image-preview":"max-image-preview:large","max-video-preview":"max-video-preview:-1"},"canonical":"https:\/\/rioonwatch.org.br\/?p=65586","og_locale":"pt_BR","og_type":"article","og_title":"A Hora do Cine: Coletivos Primavera e Agbara Promovem Cineclube para Crian\u00e7as no Morro da Primavera, em Cavalcanti, com Tem\u00e1ticas sobre Justi\u00e7a Racial e de G\u00eanero - RioOnWatch","og_description":"Click Here for English No s\u00e1bado, dia 28 de janeiro, aconteceu a terceira e, por enquanto, \u00faltima edi\u00e7\u00e3o do projeto A Hora do Cine, em Cavalcanti, na Zona Norte do Rio de Janeiro. O evento [...]","og_url":"https:\/\/rioonwatch.org.br\/?p=65586","og_site_name":"RioOnWatch","article_published_time":"2023-02-07T11:27:05+00:00","article_modified_time":"2024-06-20T19:19:14+00:00","og_image":[{"width":1999,"height":1500,"url":"https:\/\/rioonwatch.org.br\/wp-content\/uploads\/2023\/01\/Criancas-e-coletivos.-Foto-Vinicius-Ribeiro-1999x1500.jpeg","type":"image\/jpeg"}],"author":"Janaina Tavares","twitter_card":"summary_large_image","twitter_misc":{"Escrito por":"Janaina Tavares","Est. tempo de leitura":"12 minutos"},"schema":{"@context":"https:\/\/schema.org","@graph":[{"@type":"Article","@id":"https:\/\/rioonwatch.org.br\/?p=65586#article","isPartOf":{"@id":"https:\/\/rioonwatch.org.br\/?p=65586"},"author":{"name":"Janaina Tavares","@id":"https:\/\/rioonwatch.org.br\/#\/schema\/person\/feb227e5e7679aacc3d672e375cae1bd"},"headline":"A Hora do Cine: Coletivos Primavera e Agbara Promovem Cineclube para Crian\u00e7as no Morro da Primavera, em Cavalcanti, com Tem\u00e1ticas sobre Justi\u00e7a Racial e de G\u00eanero","datePublished":"2023-02-07T11:27:05+00:00","dateModified":"2024-06-20T19:19:14+00:00","mainEntityOfPage":{"@id":"https:\/\/rioonwatch.org.br\/?p=65586"},"wordCount":1993,"publisher":{"@id":"https:\/\/rioonwatch.org.br\/#organization"},"image":{"@id":"https:\/\/rioonwatch.org.br\/?p=65586#primaryimage"},"thumbnailUrl":"https:\/\/rioonwatch.org.br\/wp-content\/uploads\/2023\/01\/Criancas-e-coletivos.-Foto-Vinicius-Ribeiro.jpeg","keywords":["#StopFavelaStigma","arte","autoestima","Cachambi","Casa Fluminense","Cavalcanti","caveir\u00e3o","cineclube","cinema","coletivo","cultura","cultura da favela","cultura de rua","Direito \u00e0 favela","evento","Madureira","mobiliza\u00e7\u00e3o criativa","Morro da Primavera","Neglig\u00eancia do Estado","N\u00f3s por N\u00f3s","representatividade","solu\u00e7\u00e3o comunit\u00e1ria","viol\u00eancia de Estado","viol\u00eancia policial","Zona Norte"],"articleSection":["*Destaque","Cobertura de Eventos","Cultura da Favela","Escrito por Comunicadores Populares","Qualidades da Favela","Representatividade","Sociedade Civil","Solu\u00e7\u00f5es"],"inLanguage":"pt-BR"},{"@type":"WebPage","@id":"https:\/\/rioonwatch.org.br\/?p=65586","url":"https:\/\/rioonwatch.org.br\/?p=65586","name":"A Hora do Cine: Coletivos Primavera e Agbara Promovem Cineclube para Crian\u00e7as no Morro da Primavera, em Cavalcanti, com Tem\u00e1ticas sobre Justi\u00e7a Racial e de G\u00eanero - RioOnWatch","isPartOf":{"@id":"https:\/\/rioonwatch.org.br\/#website"},"primaryImageOfPage":{"@id":"https:\/\/rioonwatch.org.br\/?p=65586#primaryimage"},"image":{"@id":"https:\/\/rioonwatch.org.br\/?p=65586#primaryimage"},"thumbnailUrl":"https:\/\/rioonwatch.org.br\/wp-content\/uploads\/2023\/01\/Criancas-e-coletivos.-Foto-Vinicius-Ribeiro.jpeg","datePublished":"2023-02-07T11:27:05+00:00","dateModified":"2024-06-20T19:19:14+00:00","breadcrumb":{"@id":"https:\/\/rioonwatch.org.br\/?p=65586#breadcrumb"},"inLanguage":"pt-BR","potentialAction":[{"@type":"ReadAction","target":["https:\/\/rioonwatch.org.br\/?p=65586"]}]},{"@type":"ImageObject","inLanguage":"pt-BR","@id":"https:\/\/rioonwatch.org.br\/?p=65586#primaryimage","url":"https:\/\/rioonwatch.org.br\/wp-content\/uploads\/2023\/01\/Criancas-e-coletivos.-Foto-Vinicius-Ribeiro.jpeg","contentUrl":"https:\/\/rioonwatch.org.br\/wp-content\/uploads\/2023\/01\/Criancas-e-coletivos.-Foto-Vinicius-Ribeiro.jpeg","width":2420,"height":1816,"caption":"Crian\u00e7as e Coletivos na a\u00e7\u00e3o A Hora do Cine. Foto: Vin\u00edcius Ribeiro"},{"@type":"BreadcrumbList","@id":"https:\/\/rioonwatch.org.br\/?p=65586#breadcrumb","itemListElement":[{"@type":"ListItem","position":1,"name":"In\u00edcio","item":"https:\/\/rioonwatch.org.br\/"},{"@type":"ListItem","position":2,"name":"A Hora do Cine: Coletivos Primavera e Agbara Promovem Cineclube para Crian\u00e7as no Morro da Primavera, em Cavalcanti, com Tem\u00e1ticas sobre Justi\u00e7a Racial e de G\u00eanero"}]},{"@type":"WebSite","@id":"https:\/\/rioonwatch.org.br\/#website","url":"https:\/\/rioonwatch.org.br\/","name":"RioOnWatch","description":"relatos das favelas cariocas","publisher":{"@id":"https:\/\/rioonwatch.org.br\/#organization"},"potentialAction":[{"@type":"SearchAction","target":{"@type":"EntryPoint","urlTemplate":"https:\/\/rioonwatch.org.br\/?s={search_term_string}"},"query-input":{"@type":"PropertyValueSpecification","valueRequired":true,"valueName":"search_term_string"}}],"inLanguage":"pt-BR"},{"@type":"Organization","@id":"https:\/\/rioonwatch.org.br\/#organization","name":"RioOnWatch","url":"https:\/\/rioonwatch.org.br\/","logo":{"@type":"ImageObject","inLanguage":"pt-BR","@id":"https:\/\/rioonwatch.org.br\/#\/schema\/logo\/image\/","url":"https:\/\/rioonwatch.org.br\/wp-content\/uploads\/2021\/06\/RioOnWatchcabecalhoPT11anos-2.png","contentUrl":"https:\/\/rioonwatch.org.br\/wp-content\/uploads\/2021\/06\/RioOnWatchcabecalhoPT11anos-2.png","width":779,"height":277,"caption":"RioOnWatch"},"image":{"@id":"https:\/\/rioonwatch.org.br\/#\/schema\/logo\/image\/"}},{"@type":"Person","@id":"https:\/\/rioonwatch.org.br\/#\/schema\/person\/feb227e5e7679aacc3d672e375cae1bd","name":"Janaina Tavares","image":{"@type":"ImageObject","inLanguage":"pt-BR","@id":"https:\/\/rioonwatch.org.br\/#\/schema\/person\/image\/","url":"https:\/\/secure.gravatar.com\/avatar\/83bb5bb4f8b0c5ad63f35939640eaaa2?s=96&d=blank&r=g","contentUrl":"https:\/\/secure.gravatar.com\/avatar\/83bb5bb4f8b0c5ad63f35939640eaaa2?s=96&d=blank&r=g","caption":"Janaina Tavares"},"url":"https:\/\/rioonwatch.org.br\/?author=179"}]}},"_links":{"self":[{"href":"https:\/\/rioonwatch.org.br\/index.php?rest_route=\/wp\/v2\/posts\/65586"}],"collection":[{"href":"https:\/\/rioonwatch.org.br\/index.php?rest_route=\/wp\/v2\/posts"}],"about":[{"href":"https:\/\/rioonwatch.org.br\/index.php?rest_route=\/wp\/v2\/types\/post"}],"author":[{"embeddable":true,"href":"https:\/\/rioonwatch.org.br\/index.php?rest_route=\/wp\/v2\/users\/179"}],"replies":[{"embeddable":true,"href":"https:\/\/rioonwatch.org.br\/index.php?rest_route=%2Fwp%2Fv2%2Fcomments&post=65586"}],"version-history":[{"count":56,"href":"https:\/\/rioonwatch.org.br\/index.php?rest_route=\/wp\/v2\/posts\/65586\/revisions"}],"predecessor-version":[{"id":67186,"href":"https:\/\/rioonwatch.org.br\/index.php?rest_route=\/wp\/v2\/posts\/65586\/revisions\/67186"}],"wp:featuredmedia":[{"embeddable":true,"href":"https:\/\/rioonwatch.org.br\/index.php?rest_route=\/wp\/v2\/media\/65597"}],"wp:attachment":[{"href":"https:\/\/rioonwatch.org.br\/index.php?rest_route=%2Fwp%2Fv2%2Fmedia&parent=65586"}],"wp:term":[{"taxonomy":"category","embeddable":true,"href":"https:\/\/rioonwatch.org.br\/index.php?rest_route=%2Fwp%2Fv2%2Fcategories&post=65586"},{"taxonomy":"post_tag","embeddable":true,"href":"https:\/\/rioonwatch.org.br\/index.php?rest_route=%2Fwp%2Fv2%2Ftags&post=65586"},{"taxonomy":"writer","embeddable":true,"href":"https:\/\/rioonwatch.org.br\/index.php?rest_route=%2Fwp%2Fv2%2Fwriter&post=65586"},{"taxonomy":"translator","embeddable":true,"href":"https:\/\/rioonwatch.org.br\/index.php?rest_route=%2Fwp%2Fv2%2Ftranslator&post=65586"},{"taxonomy":"source","embeddable":true,"href":"https:\/\/rioonwatch.org.br\/index.php?rest_route=%2Fwp%2Fv2%2Fsource&post=65586"},{"taxonomy":"ilustrador","embeddable":true,"href":"https:\/\/rioonwatch.org.br\/index.php?rest_route=%2Fwp%2Fv2%2Filustrador&post=65586"},{"taxonomy":"fotografo","embeddable":true,"href":"https:\/\/rioonwatch.org.br\/index.php?rest_route=%2Fwp%2Fv2%2Ffotografo&post=65586"}],"curies":[{"name":"wp","href":"https:\/\/api.w.org\/{rel}","templated":true}]}}