{"id":65624,"date":"2023-02-24T08:00:31","date_gmt":"2023-02-24T11:00:31","guid":{"rendered":"https:\/\/rioonwatch.org.br\/?p=65624"},"modified":"2023-03-30T11:55:44","modified_gmt":"2023-03-30T14:55:44","slug":"o-bandido-e-o-vagabundo-o-discurso-moralizante-da-narrativa-midiatica-o-racismo-e-a-criminalizacao-das-favelas-opiniao","status":"publish","type":"post","link":"https:\/\/rioonwatch.org.br\/?p=65624","title":{"rendered":"O Bandido e o Vagabundo: O Discurso Sangrento da Grande M\u00eddia Que Defende a Branquitude e Condena \u00e0 Morte as Favelas [EDITORIAL]"},"content":{"rendered":"<figure id=\"attachment_65916\" aria-describedby=\"caption-attachment-65916\" style=\"width: 2480px\" class=\"wp-caption aligncenter\"><a href=\"https:\/\/rioonwatch.org.br\/wp-content\/uploads\/2023\/02\/Arte-original-por-Estevao-Ribeiro.jpg\"><img fetchpriority=\"high\" decoding=\"async\" class=\"size-full wp-image-65916\" src=\"https:\/\/rioonwatch.org.br\/wp-content\/uploads\/2023\/02\/Arte-original-por-Estevao-Ribeiro.jpg\" alt=\"Arte original por Estev\u00e3o Ribeiro\" width=\"2480\" height=\"1050\" srcset=\"https:\/\/rioonwatch.org.br\/wp-content\/uploads\/2023\/02\/Arte-original-por-Estevao-Ribeiro.jpg 2480w, https:\/\/rioonwatch.org.br\/wp-content\/uploads\/2023\/02\/Arte-original-por-Estevao-Ribeiro-620x264.jpg 620w, https:\/\/rioonwatch.org.br\/wp-content\/uploads\/2023\/02\/Arte-original-por-Estevao-Ribeiro-1486x629.jpg 1486w\" sizes=\"(max-width: 2480px) 100vw, 2480px\" \/><\/a><figcaption id=\"caption-attachment-65916\" class=\"wp-caption-text\">Arte original por Estev\u00e3o Ribeiro<\/figcaption><\/figure>\n<h4 style=\"text-align: right;\"><a href=\"http:\/\/bit.ly\/3ZuUjMn\" target=\"_blank\" rel=\"noopener\"><em><strong>Click Here for English<img decoding=\"async\" class=\"alignright wp-image-15790\" src=\"https:\/\/rioonwatch.org.br\/wp-content\/uploads\/2012\/08\/EN-standard-e1439583104716.jpg\" alt=\"\" width=\"20\" height=\"20\" \/><\/strong><\/em><\/a><\/h4>\n<p><span style=\"font-weight: 400;\">O comentarista de opini\u00e3o da rede <\/span><em><a href=\"http:\/\/bit.ly\/3wLsL9o\" target=\"_blank\" rel=\"noopener\"><span style=\"font-weight: 400;\">CNN Brasil<\/span><\/a><\/em><span style=\"font-weight: 400;\">, o veterano <\/span><a href=\"http:\/\/bit.ly\/3wKVUli\" target=\"_blank\" rel=\"noopener\"><span style=\"font-weight: 400;\">Boris Casoy<\/span><\/a><span style=\"font-weight: 400;\">, no dia 22 de junho de 2022, <\/span><a href=\"http:\/\/bit.ly\/3JuEVuP\" target=\"_blank\" rel=\"noopener\"><span style=\"font-weight: 400;\">analisava<\/span><\/a><span style=\"font-weight: 400;\"> a pris\u00e3o preventiva de <a href=\"http:\/\/bit.ly\/3HUlRoY\" target=\"_blank\" rel=\"noopener\">Milton Ribeiro<\/a>, em Santos, S\u00e3o Paulo. O ex-ministro da Educa\u00e7\u00e3o do ent\u00e3o presidente <a href=\"http:\/\/bit.ly\/2AyrWHv\" target=\"_blank\" rel=\"noopener\">Jair Bolsonaro<\/a> era acusado de cometer pelo menos quatro crimes: tr\u00e1fico de influ\u00eancia, prevarica\u00e7\u00e3o, corrup\u00e7\u00e3o ativa e passiva. O jornalista interpretou o epis\u00f3dio da seguinte maneira: \u201cA pol\u00edcia \u00e0s vezes \u00e9 muito afoita, me parece querer solucionar casos com muita rapidez. Isso \u00e9 muito perigoso. N\u00e3o sabemos os ind\u00edcios que justificam essa pris\u00e3o. \u00c9 preciso ter cautela, pois podemos estar diante de um linchamento\u201d.<\/span><\/p>\n<p><span style=\"font-weight: 400;\">Antes do coment\u00e1rio de Boris, seu parceiro de emissora, <\/span><a href=\"http:\/\/bit.ly\/3HpukyD\" target=\"_blank\" rel=\"noopener\"><span style=\"font-weight: 400;\">Rafael Colombo<\/span><\/a><span style=\"font-weight: 400;\">, foi ainda mais cauteloso e assim relativizou o fato: \u201cTudo nos leva a imaginar que s\u00e3o dados consistentes, mas temos sempre que ressaltar o princ\u00edpio da presun\u00e7\u00e3o da inoc\u00eancia, que \u00e9 um direito de todos n\u00f3s\u201d.<\/span><\/p>\n<p><iframe title=\"Boris Casoy: Milton Ribeiro est\u00e1 sendo submetido a processo de linchamento | NOVO DIA\" width=\"500\" height=\"281\" src=\"https:\/\/www.youtube.com\/embed\/HI7qPjh56rI?feature=oembed\" frameborder=\"0\" allow=\"accelerometer; autoplay; clipboard-write; encrypted-media; gyroscope; picture-in-picture; web-share\" referrerpolicy=\"strict-origin-when-cross-origin\" allowfullscreen><\/iframe><\/p>\n<p><span style=\"font-weight: 400;\">Quase um m\u00eas depois, esse zelo reservado ao ministro de Bolsonaro, com presun\u00e7\u00e3o de inoc\u00eancia, n\u00e3o estava presente no editorial da mesma <em>CNN Brasil<\/em>, quando, em mais uma opera\u00e7\u00e3o realizada pela Pol\u00edcia Militar (<a href=\"https:\/\/bit.ly\/3fW6s7q\" target=\"_blank\" rel=\"noopener\">PMERJ<\/a>), no <a href=\"http:\/\/bit.ly\/2wIyn5a\" target=\"_blank\" rel=\"noopener\">Complexo do Alem\u00e3o<\/a>, na <a href=\"http:\/\/bit.ly\/2ETpYR1\" target=\"_blank\" rel=\"noopener\">Zona Norte<\/a> do Rio de Janeiro, <a href=\"http:\/\/bit.ly\/3wKHd1y\" target=\"_blank\" rel=\"noopener\">18 moradores de favela foram executados<\/a>. Essa opera\u00e7\u00e3o se tornou a <\/span><a href=\"http:\/\/bit.ly\/3RqcTD1\" target=\"_blank\" rel=\"noopener\"><span style=\"font-weight: 400;\">quarta chacina policial mais letal<\/span><\/a><span style=\"font-weight: 400;\"> na hist\u00f3ria do Rio de Janeiro. Ao inv\u00e9s de decis\u00e3o judicial baseada em provas e uma pena sendo legalmente executada e cumprida, como no caso de Milton Ribeiro, dessa vez, moradores de favelas, negros e pobres, eram executados extrajudicialmente, <\/span><span style=\"font-weight: 400;\"> sumariamente, sem direito \u00e0 presun\u00e7\u00e3o de inoc\u00eancia, \u00e0 defesa, a um advogado ou a um julgamento justo. Na favela, as pessoas \u00e0s vezes n\u00e3o t\u00eam nem o direito de serem presas: s\u00e3o executadas. \u00c9 comum escutar de m\u00e3es, que choram por seus filhos v\u00edtimas do Estado: \u201c<a href=\"https:\/\/bit.ly\/3YStcuT\" target=\"_blank\" rel=\"noopener\">Por que mataram meu filho?<\/a>&#8221; Querem entender, e perguntam em sequ\u00eancia: &#8220;[Se o acharam culpado] por que n\u00e3o prenderam ele?\u201d. Nas favelas, as pessoas ainda lutam pelo direito de serem democraticamente presas e julgadas, quando suspeitas de um crime.<\/span><\/p>\n<p><span style=\"font-weight: 400;\">Sob o governo de <a href=\"https:\/\/bit.ly\/3nX8d8F\" target=\"_blank\" rel=\"noopener\">Cl\u00e1udio Castro<\/a> (<a href=\"https:\/\/bit.ly\/348Ylkd\" target=\"_blank\" rel=\"noopener\">PL<\/a>), em apenas um ano de gest\u00e3o, o Rio de Janeiro viveu uma sequ\u00eancia de <\/span><a href=\"https:\/\/bit.ly\/3Ccd9Ps\" target=\"_blank\" rel=\"noopener\"><span style=\"font-weight: 400;\">39 chacinas com 178 mortes promovidas pelas pol\u00edcias<\/span><\/a><span style=\"font-weight: 400;\">. As informa\u00e7\u00f5es s\u00e3o do levantamento realizado pelo <\/span><a href=\"https:\/\/bit.ly\/2TYd2kg\" target=\"_blank\" rel=\"noopener\"><span style=\"font-weight: 400;\">Instituto Fogo Cruzado<\/span><\/a><span style=\"font-weight: 400;\">, que re\u00fane dados sobre a viol\u00eancia armada, em conjunto com o Grupo de Estudos dos Novos Ilegalismos da Universidade Federal Fluminense (<\/span><a href=\"https:\/\/bit.ly\/3vsWkMh\" target=\"_blank\" rel=\"noopener\"><span style=\"font-weight: 400;\">Geni-UFF<\/span><\/a><span style=\"font-weight: 400;\">).\u00a0<\/span><\/p>\n<figure id=\"attachment_65653\" aria-describedby=\"caption-attachment-65653\" style=\"width: 1029px\" class=\"wp-caption aligncenter\"><a href=\"https:\/\/rioonwatch.org.br\/wp-content\/uploads\/2023\/02\/Claudio-Castro-Fernando-FrazaoAgencia-Brasil.png\"><img decoding=\"async\" class=\"wp-image-65653\" title=\"Cl\u00e1udio Castro. Foto: Fernando Fraz\u00e3o\/Ag\u00eancia Brasil\" src=\"https:\/\/rioonwatch.org.br\/wp-content\/uploads\/2023\/02\/Claudio-Castro-Fernando-FrazaoAgencia-Brasil-620x381.png\" alt=\"Cl\u00e1udio Castro. Foto: Fernando Fraz\u00e3o\/Ag\u00eancia Brasil\" width=\"1029\" height=\"633\" srcset=\"https:\/\/rioonwatch.org.br\/wp-content\/uploads\/2023\/02\/Claudio-Castro-Fernando-FrazaoAgencia-Brasil-620x381.png 620w, https:\/\/rioonwatch.org.br\/wp-content\/uploads\/2023\/02\/Claudio-Castro-Fernando-FrazaoAgencia-Brasil-1023x629.png 1023w, https:\/\/rioonwatch.org.br\/wp-content\/uploads\/2023\/02\/Claudio-Castro-Fernando-FrazaoAgencia-Brasil.png 2000w\" sizes=\"(max-width: 1029px) 100vw, 1029px\" \/><\/a><figcaption id=\"caption-attachment-65653\" class=\"wp-caption-text\">Cl\u00e1udio Castro. Foto: Fernando Fraz\u00e3o\/<em>Ag\u00eancia Brasil<\/em><\/figcaption><\/figure>\n<p><span style=\"font-weight: 400;\">Entretanto, ao se comparar a <a href=\"http:\/\/bit.ly\/2KFIy3x\" target=\"_blank\" rel=\"noopener\">narrativa midi\u00e1tica<\/a>, que relativiza tanto o poder de prender, quanto o poder de matar das autoridades policiais, de acordo com os <a href=\"https:\/\/bit.ly\/3Xd6ufA\" target=\"_blank\" rel=\"noopener\">recortes de classe, ra\u00e7a e territ\u00f3rio de origem da popula\u00e7\u00e3o<\/a>, as diferen\u00e7as s\u00e3o impressionantes. O ex-ministro tem nome, sobrenome, trajet\u00f3ria pol\u00edtica e \u201cdireito a ter direitos\u201d, enquanto a popula\u00e7\u00e3o que sofre desproporcionalmente mais com a <a href=\"https:\/\/bit.ly\/30PUPsB\" target=\"_blank\" rel=\"noopener\">viol\u00eancia policial<\/a>, <a href=\"https:\/\/bit.ly\/3RH7veI\" target=\"_blank\" rel=\"noopener\">discursiva e simb\u00f3lica<\/a>\u2014negra e de favela\u2014recorrentemente encontra sua <a href=\"https:\/\/bit.ly\/2WxQ208\" target=\"_blank\" rel=\"noopener\">pris\u00e3o e\/ou condena\u00e7\u00e3o \u00e0 revelia de provas e at\u00e9 mesmo de crimes<\/a>.<\/span><\/p>\n<p>Quando as circunst\u00e2ncias de uma chacina em uma favela, perpetrada pelas for\u00e7as de seguran\u00e7a p\u00fablica, s\u00e3o investigadas, recorrentemente surgem, <a href=\"http:\/\/bit.ly\/3JMzZld\" target=\"_blank\" rel=\"noopener\">na linguagem oficial, presente em inqu\u00e9ritos e processos<\/a>, e na m\u00eddia, express\u00f5es moralizantes e estigmatizadoras, <a href=\"https:\/\/bit.ly\/3pKxrKh\" target=\"_blank\" rel=\"noopener\">calcadas em s\u00e9culos de racismo estrutural<\/a>, sobre quem \u201cmerece\u201d morrer ou viver.<\/p>\n<p>Criam-se dualidades e oposi\u00e7\u00f5es que perpetuam diferen\u00e7as sociais, dispositivos da <a href=\"https:\/\/bit.ly\/3YgfzWm\" target=\"_blank\" rel=\"noopener\">colonialidade luso-brasileira<\/a> ativos at\u00e9 os dias de hoje. \u00c9 recorrente encontrar, quando se tratam de v\u00edtimas de confrontos armados ou da brutalidade policial, o uso de express\u00f5es totalizantes como \u201ctrabalhador\u201d, \u201cbandido\u201d, \u201cinocente\u201d, \u201csuspeito\u201d e \u201cvagabundo\u201d, que j\u00e1 involucram em si uma senten\u00e7a de culpa ou de inoc\u00eancia, independentemente do devido processo legal, de julgamentos, dos direitos humanos e da pr\u00f3pria lei. Nesse caso, esses \u201ctribunais\u201d s\u00e3o supremos, suas decis\u00f5es s\u00e3o finais, n\u00e3o oferecem chances de recurso, funcionam nos becos e vielas, na rua mesmo, com base no poder discricion\u00e1rio e social conferido \u00e0s for\u00e7as policiais.<\/p>\n<blockquote><p>A m\u00eddia tradicional e os policiais s\u00e3o, ao mesmo tempo, ju\u00edzes, acusadores e executores da pena.<\/p><\/blockquote>\n<p>Diferentemente da relativiza\u00e7\u00e3o moral conferida a um ministro de Estado acusado de crimes contra patrim\u00f4nio p\u00fablico, a m\u00eddia trata as favelas sem o benef\u00edcio da d\u00favida, sem presun\u00e7\u00e3o de inoc\u00eancia, com culpabilidade independente de provas, recorrentemente condenando cidad\u00e3os que estavam \u201cno lugar errado e na hora errada\u201d. Como B\u00f3ris Casoy disse no caso do ministro, a pol\u00edcia pode ser \u201cafoita e solucionar casos com rapidez\u201d. No entanto, enquanto no caso das favelas isso se concretiza com massacres (como a <a href=\"https:\/\/bit.ly\/2SI9Oni\" target=\"_blank\" rel=\"noopener\">Chacina do Jacarezinho<\/a>), no caso de Milton Ribeiro, ministro da educa\u00e7\u00e3o de Bolsonaro, isso se fez com uma pris\u00e3o por menos de 24 horas em uma sala especialmente montada para ele na sede da Pol\u00edcia Federal, em S\u00e3o Paulo.<\/p>\n<p><span style=\"font-weight: 400;\">Se analisarmos a hist\u00f3ria do Brasil, <a href=\"https:\/\/bit.ly\/2ZC0kM3\" target=\"_blank\" rel=\"noopener\">o pa\u00eds criou uma s\u00e9rie de institui\u00e7\u00f5es<\/a> pol\u00edticas, jur\u00eddicas e policiais para prender e subjugar a popula\u00e7\u00e3o negra escravizada e seus descendentes, criminalizando tudo o que fizesse refer\u00eancia <a href=\"https:\/\/bit.ly\/3wrGTma\" target=\"_blank\" rel=\"noopener\">\u00e0s suas origens<\/a>, <a href=\"https:\/\/bit.ly\/2MiebCP\" target=\"_blank\" rel=\"noopener\">cren\u00e7as<\/a> e <a href=\"https:\/\/bit.ly\/33dA2AA\" target=\"_blank\" rel=\"noopener\">formas de vida<\/a>.<\/span><span style=\"font-weight: 400;\">\u00a0A evid\u00eancia mais expl\u00edcita, descrita em min\u00facias no livro <\/span><a href=\"http:\/\/bit.ly\/3kSlkup\" target=\"_blank\" rel=\"noopener\"><i><span style=\"font-weight: 400;\">Pol\u00edcia no Rio de Janeiro: Repress\u00e3o e Resist\u00eancia numa Cidade do S\u00e9culo XIX<\/span><\/i><\/a><span style=\"font-weight: 400;\">, de Thomas Holloway, retrata como a <\/span><a href=\"https:\/\/bit.ly\/31LlvLC\" target=\"_blank\" rel=\"noopener\"><span style=\"font-weight: 400;\">capoeira<\/span><\/a><span style=\"font-weight: 400;\"> foi um dos alvos preferenciais das autoridades policiais desde a <a href=\"http:\/\/bit.ly\/3Ys60n2\" target=\"_blank\" rel=\"noopener\">aboli\u00e7\u00e3o da escravatura<\/a>. Essa <\/span><i><span style=\"font-weight: 400;\">dan\u00e7a-luta<\/span><\/i><span style=\"font-weight: 400;\"> era enquadrada na categoria das \u201c<a href=\"https:\/\/bit.ly\/3RMQ50q\" target=\"_blank\" rel=\"noopener\">ofensas \u00e0 ordem p\u00fablica<\/a>\u201d, uma cultura indesej\u00e1vel, logo um crime. <\/span><span style=\"font-weight: 400;\">O trabalho da pol\u00edcia \u00e9, desde sua origem, moralizante, pois regula os h\u00e1bitos privados e p\u00fablicos da popula\u00e7\u00e3o negra e de seus territ\u00f3rios de origem e moradia. Junto aos crimes contra a ordem p\u00fablica, havia outros dispositivos legais que permitiam a pol\u00edcia vigiar e punir comportamentos \u201cmoralmente question\u00e1veis\u201d, que supostamente trouxessem alguma amea\u00e7a \u00e0 sanidade moral da sociedade.<\/span><\/p>\n<p><span style=\"font-weight: 400;\"> A partir dessa realidade, cria-se um grande conjunto de categorias morais para classificar os \u201cn\u00e3o-civilizados\u201d e, entre eles, identificar aqueles que podem viver e os que podem morrer: separar quem merece empatia, pena ou \u00f3dio. Categorias sociais\u2014como capoeira, vadio, mendigo, bandido, vagabundo, criminoso, traficante, suspeito, cidad\u00e3o de bem, trabalhador, pai de fam\u00edlia e morador\u2014passam a ser senten\u00e7as, a determinar a vida de milh\u00f5es de cidad\u00e3os brasileiros.<\/span><\/p>\n<h3><b>Categorias Morais com Resultados Bastante Concretos<\/b><\/h3>\n<p><span style=\"font-weight: 400;\">O \u00f3dio ao bandido negro de favela e, por consequ\u00eancia, <a href=\"http:\/\/bit.ly\/2buISj2\" target=\"_blank\" rel=\"noopener\">\u00e0 pobreza<\/a>, \u00e9 mais do que a produ\u00e7\u00e3o sistem\u00e1tica de estere\u00f3tipos. \u00c9 estrutura. Ela molda e \u00e9 parte das nossas categorias de pensamento historicamente constru\u00eddas. <a href=\"https:\/\/bit.ly\/3JShP1r\" target=\"_blank\" rel=\"noopener\">Como afirmavam os escravistas<\/a> e os racistas cient\u00edficos de s\u00e9culos atr\u00e1s, o ex-governador <\/span><a href=\"https:\/\/bit.ly\/3dB3F2U\" target=\"_blank\" rel=\"noopener\"><span style=\"font-weight: 400;\">S\u00e9rgio Cabral<\/span><\/a><span style=\"font-weight: 400;\"> defendeu a legaliza\u00e7\u00e3o do aborto como forma de conter a viol\u00eancia no estado, afirmando que as m\u00e3es faveladas s\u00e3o \u201c<\/span><a href=\"https:\/\/bit.ly\/2GuzMlW\" target=\"_blank\" rel=\"noopener\"><span style=\"font-weight: 400;\">f\u00e1bricas de produzir marginal<\/span><\/a><span style=\"font-weight: 400;\">\u201d. Cabral, no entanto, ao se tornar um not\u00f3rio criminoso, <\/span><a href=\"http:\/\/bit.ly\/3JvhlOL\" target=\"_blank\" rel=\"noopener\"><span style=\"font-weight: 400;\">preso em regime fechado por seis anos<\/span><\/a>,<span style=\"font-weight: 400;\"> entre <a href=\"http:\/\/bit.ly\/40ny0cY\" target=\"_blank\" rel=\"noopener\">novembro de 2016 e dezembro de 2022<\/a>, mesmo com suas penas somando centenas de anos, referentes a m\u00faltiplas condena\u00e7\u00f5es na <a href=\"https:\/\/bit.ly\/3dIvf2C\" target=\"_blank\" rel=\"noopener\">Opera\u00e7\u00e3o Lava Jato<\/a>, n\u00e3o foi retratado como f\u00e1brica de marginal, n\u00e3o teve seus filhos, sua fam\u00edlia, seus vizinhos e seu bairro criminalizados pela m\u00eddia e pelos aparelhos de repress\u00e3o do Estado.<\/span><\/p>\n<p><span style=\"font-weight: 400;\">Protegido por sua <\/span><a href=\"https:\/\/bit.ly\/3prNKZx\" target=\"_blank\" rel=\"noopener\"><span style=\"font-weight: 400;\">branquitude<\/span><\/a> e classe<span style=\"font-weight: 400;\">, assim como Milton Ribeiro, Cabral n\u00e3o \u00e9 presa da <a href=\"http:\/\/bit.ly\/3DQfPDf\" target=\"_blank\" rel=\"noopener\">sujei\u00e7\u00e3o criminal<\/a>, termo cunhado pelo soci\u00f3logo <\/span><a href=\"http:\/\/bit.ly\/3WWACvs\" target=\"_blank\" rel=\"noopener\"><span style=\"font-weight: 400;\">Michel Misse<\/span><\/a><span style=\"font-weight: 400;\">. Ele \u00e9 representado e tratado como o ex-governador preso, como o pol\u00edtico preso ou at\u00e9 mesmo como preso pol\u00edtico, mas n\u00e3o como um criminoso perigoso. Ele ficou por longos per\u00edodos preso em batalh\u00f5es dos bombeiros e da Pol\u00edcia Militar, ao inv\u00e9s de em pres\u00eddios comuns, <a href=\"http:\/\/bit.ly\/3YfRFu2\" target=\"_blank\" rel=\"noopener\">comprovadamente contando com regalias<\/a>. <\/span>Ele teve at\u00e9 o <a href=\"http:\/\/bit.ly\/2GBnzIH\" target=\"_blank\" rel=\"noopener\">espa\u00e7o midi\u00e1tico<\/a> e o <a href=\"http:\/\/bit.ly\/3XgD93N\" target=\"_blank\" rel=\"noopener\">direito de se arrepender<\/a>, um <a href=\"http:\/\/bit.ly\/3x7mKEc\" target=\"_blank\" rel=\"noopener\">direito impens\u00e1vel quando se trata de pessoas negras de favela<\/a>, sobretudo as presas por tr\u00e1fico de drogas.<\/p>\n<figure id=\"attachment_65791\" aria-describedby=\"caption-attachment-65791\" style=\"width: 500px\" class=\"wp-caption alignright\"><a href=\"https:\/\/rioonwatch.org.br\/wp-content\/uploads\/2023\/02\/Adriana-Anselmo-e-seu-marido-o-ex-Governador-do-estado-do-Rio-de-Janeiro-Sergio-Cabral.jpg\"><img loading=\"lazy\" decoding=\"async\" class=\"wp-image-65791\" title=\"Adriana Anselmo e seu marido, o ex-Governador do estado do Rio de Janeiro S\u00e9rgio Cabral\" src=\"https:\/\/rioonwatch.org.br\/wp-content\/uploads\/2023\/02\/Adriana-Anselmo-e-seu-marido-o-ex-Governador-do-estado-do-Rio-de-Janeiro-Sergio-Cabral.jpg\" alt=\"Adriana Anselmo e seu marido, o ex-Governador do estado do Rio de Janeiro S\u00e9rgio Cabral\" width=\"500\" height=\"336\" srcset=\"https:\/\/rioonwatch.org.br\/wp-content\/uploads\/2023\/02\/Adriana-Anselmo-e-seu-marido-o-ex-Governador-do-estado-do-Rio-de-Janeiro-Sergio-Cabral.jpg 700w, https:\/\/rioonwatch.org.br\/wp-content\/uploads\/2023\/02\/Adriana-Anselmo-e-seu-marido-o-ex-Governador-do-estado-do-Rio-de-Janeiro-Sergio-Cabral-620x416.jpg 620w\" sizes=\"(max-width: 500px) 100vw, 500px\" \/><\/a><figcaption id=\"caption-attachment-65791\" class=\"wp-caption-text\">Adriana Anselmo e seu marido, o ex-Governador do estado do Rio de Janeiro S\u00e9rgio Cabral<\/figcaption><\/figure>\n<p><span style=\"font-weight: 400;\">Para o senso comum, o \u201cvagabundo\u201d que coloca a sociedade em perigo, em geral, \u00e9 o preto de favela. O criminoso de terno e gravata \u00e9 suspeito at\u00e9 que tenha seus processos transitados e julgados, e tenha sido condenado em \u00faltima inst\u00e2ncia, contando com audi\u00eancias de cust\u00f3dia, tr\u00eas inst\u00e2ncias judiciais, apela\u00e7\u00f5es, direito a <em><a href=\"http:\/\/bit.ly\/3HIyXEs\" target=\"_blank\" rel=\"noopener\">habeas corpus<\/a><\/em>, \u00e0 <a href=\"http:\/\/bit.ly\/3JSj9RX\" target=\"_blank\" rel=\"noopener\">pris\u00e3o domiciliar, \u00e0 tornozeleira eletr\u00f4nica<\/a>, \u00e0 fian\u00e7a ou at\u00e9 mesmo <a href=\"http:\/\/bit.ly\/3Iahbvg\" target=\"_blank\" rel=\"noopener\">com direito \u00e0 soltura por ser m\u00e3e<\/a>. Esse foi um caso emblem\u00e1tico protagozado pela esposa de Cabral, Adriana Ancelmo que, mesmo <a href=\"http:\/\/bit.ly\/3lbznvc\" target=\"_blank\" rel=\"noopener\">condenada a 18 anos e tr\u00eas meses de pris\u00e3o<\/a> pelo crime de lavagem dinheiro e por ser benefici\u00e1ria do esquema de corrup\u00e7\u00e3o comandado por seu marido, teve sua soltura decretada <a href=\"http:\/\/bit.ly\/3xbuG7z\" target=\"_blank\" rel=\"noopener\">por ter filhos menores de 12 anos<\/a>. O <a href=\"http:\/\/bit.ly\/3RYsNVv\">Ministro do Supremo Tribunal Federal Gilmar Mendes<\/a> emitiu a decis\u00e3o baseado no fato dela ser m\u00e3e, para que n\u00e3o houvesse \u201cpuni\u00e7\u00e3o excessiva\u201d \u00e0 mulher ou \u00e0 crian\u00e7a. <\/span><\/p>\n<p><span style=\"font-weight: 400;\">E<\/span><span style=\"font-weight: 400;\">nquanto isso, milh\u00f5es de outras <a href=\"http:\/\/bit.ly\/3HO9UQa\" target=\"_blank\" rel=\"noopener\">m\u00e3es permanecem presas em regime fechado<\/a> e milhares de <a href=\"http:\/\/bit.ly\/3I6epHk\" target=\"_blank\" rel=\"noopener\">mulheres d\u00e3o a luz a seus filhos presas<\/a> no Brasil todo ano. Enquanto, segundo Gilmar Mendes, Adriana e seus filhos s\u00e3o v\u00edtimas da puni\u00e7\u00e3o que o Estado determinou pelo crime que ela comprovadamente cometeu, outros milh\u00f5es n\u00e3o t\u00eam nem direito \u00e0 defesa ou a um julgamento justo. <\/span><\/p>\n<p>\u00c9 a partir de casos emblem\u00e1ticos da hist\u00f3ria recente da narrativa midi\u00e1tica e oficial que se pode afirmar que as categorias sociais que moralizam e justificam a elimina\u00e7\u00e3o do outro s\u00e3o t\u00e3o respons\u00e1veis pelas chacinas e pelo genoc\u00eddio negro quanto as balas da pol\u00edcia. A pol\u00edcia, os membros do Poder Judici\u00e1rio e do Minist\u00e9rio P\u00fablico agem de acordo com o que \u00e9 socialmente legitimado e, portanto, s\u00e3o agentes moralizantes, embebidos da moral advinda do senso comum. Se <a href=\"http:\/\/bit.ly\/3YhJXQb\" target=\"_blank\" rel=\"noopener\">a m\u00eddia e a sociedade legitimam assassinatos e execu\u00e7\u00f5es extrajudiciais<\/a> como m\u00e9todo de aplica\u00e7\u00e3o da justi\u00e7a, \u00e9 isso que as pol\u00edcias v\u00e3o entregar \u00e0 sociedade. Uma mudan\u00e7a \u00e0 n\u00edvel discursivo na mobiliza\u00e7\u00e3o dessas categorias poderia ter impactos positivos, no m\u00e9dio e longo prazo, na redu\u00e7\u00e3o da letalidade policial nas favelas e periferias. Uma nova pedagogia jornal\u00edstica \u00e9 necess\u00e1ria.<\/p>\n<p><em>Sobre a artista: <a href=\"https:\/\/bit.ly\/3gUzysE\" target=\"_blank\" rel=\"noopener\">Estev\u00e3o Ribeiro<\/a> \u00e9 escritor, ilustrador e roteirista audiovisual. \u00c9 <a href=\"https:\/\/bit.ly\/3VLWcCN\" target=\"_blank\" rel=\"noopener\">autor da tirinha<\/a> antirracista <a href=\"https:\/\/bit.ly\/3rMn1cY\" target=\"_blank\" rel=\"noopener\">R\u00ea Tinta<\/a>, publicada no instagram @renatatinta.<\/em><\/p>\n<hr \/>\n<h4><b data-stringify-type=\"bold\">Apoie nossos esfor\u00e7os para fornecer apoio estrat\u00e9gico \u00e0s favelas do Rio, incluindo o jornalismo hiperlocal, cr\u00edtico, inovador e incans\u00e1vel do\u00a0<\/b><b data-stringify-type=\"bold\"><i data-stringify-type=\"italic\">RioOnWatch<\/i><\/b>\u2014<a class=\"c-link\" href=\"http:\/\/www.bit.ly\/ApoieROW\" target=\"_blank\" rel=\"noopener noreferrer\" data-stringify-link=\"http:\/\/www.bit.ly\/ApoieROW\" data-sk=\"tooltip_parent\">doe aqui<\/a>.<\/h4>\n<!-- AddThis Advanced Settings generic via filter on the_content --><!-- AddThis Share Buttons generic via filter on the_content -->","protected":false},"excerpt":{"rendered":"<div class=\"mh-excerpt\"><p>Click Here for English O comentarista de opini\u00e3o da rede CNN Brasil, o veterano Boris Casoy, no dia 22 de junho de 2022, analisava a pris\u00e3o preventiva de Milton Ribeiro, em Santos, S\u00e3o Paulo. O <a class=\"mh-excerpt-more\" href=\"https:\/\/rioonwatch.org.br\/?p=65624\" title=\"O Bandido e o Vagabundo: O Discurso Sangrento da Grande M\u00eddia Que Defende a Branquitude e Condena \u00e0 Morte as Favelas [EDITORIAL]\">[&#8230;]<\/a><!-- AddThis Advanced Settings generic via filter on get_the_excerpt --><!-- AddThis Share Buttons generic via filter on get_the_excerpt --><\/p>\n<\/div>","protected":false},"author":179,"featured_media":65916,"comment_status":"closed","ping_status":"closed","sticky":false,"template":"template-full.php","format":"standard","meta":{"_acf_changed":false,"_monsterinsights_skip_tracking":false,"_monsterinsights_sitenote_active":false,"_monsterinsights_sitenote_note":"","_monsterinsights_sitenote_category":0,"footnotes":""},"categories":[3172,1621,3175,1630,1620,1612],"tags":[386,1676,2980,921,787,2967,217,1239,479,3143,88,2815,2699,599,2269,1166,2178,1760,2561,2920,774,3114,2432,786,2193,92,920,52,218],"writer":[777],"translator":[],"source":[],"ilustrador":[3242],"fotografo":[],"class_list":{"0":"post-65624","1":"post","2":"type-post","3":"status-publish","4":"format-standard","5":"has-post-thumbnail","7":"category-olhonamidia","8":"category-destaque","9":"category-democracia","10":"category-opiniao","11":"category-olhonaupp","12":"category-sociedade-civil","13":"tag-estigma","14":"tag-analise-cobertura-de-favelas","15":"tag-branquitude","16":"tag-capoeira","17":"tag-chacina","18":"tag-claudio-castro","19":"tag-complexo-do-alemao","20":"tag-criminalizacao-da-pobreza","21":"tag-democracia","22":"tag-direito-a-favela","23":"tag-direitos-humanos","24":"tag-fogo-cruzado","25":"tag-genocidio","26":"tag-jacarezinho","27":"tag-jair-bolsonaro","28":"tag-jornalismo","29":"tag-ministerio-publico","30":"tag-narrativa-midiatica","31":"tag-necropolitica","32":"tag-pl","33":"tag-policia-militar","34":"tag-racismo-estrutural","35":"tag-representatividade","36":"tag-governador-sergio-cabral","37":"tag-ufrj","38":"tag-upp","39":"tag-violencia-de-estado","40":"tag-violencia-policial","41":"tag-zona-norte","42":"writer-rioonwatch","43":"ilustrador-estevao-ribeiro"},"acf":[],"yoast_head":"<!-- This site is optimized with the Yoast SEO plugin v25.6 - https:\/\/yoast.com\/wordpress\/plugins\/seo\/ -->\n<title>O Bandido e o Vagabundo: O Discurso Sangrento da Grande M\u00eddia Que Defende a Branquitude e Condena \u00e0 Morte as Favelas [EDITORIAL] - RioOnWatch<\/title>\n<meta name=\"robots\" content=\"index, follow, max-snippet:-1, max-image-preview:large, max-video-preview:-1\" \/>\n<link rel=\"canonical\" href=\"https:\/\/rioonwatch.org.br\/?p=65624\" \/>\n<meta property=\"og:locale\" content=\"pt_BR\" \/>\n<meta property=\"og:type\" content=\"article\" \/>\n<meta property=\"og:title\" content=\"O Bandido e o Vagabundo: O Discurso Sangrento da Grande M\u00eddia Que Defende a Branquitude e Condena \u00e0 Morte as Favelas [EDITORIAL] - RioOnWatch\" \/>\n<meta property=\"og:description\" content=\"Click Here for English O comentarista de opini\u00e3o da rede CNN Brasil, o veterano Boris Casoy, no dia 22 de junho de 2022, analisava a pris\u00e3o preventiva de Milton Ribeiro, em Santos, S\u00e3o Paulo. O [...]\" \/>\n<meta property=\"og:url\" content=\"https:\/\/rioonwatch.org.br\/?p=65624\" \/>\n<meta property=\"og:site_name\" content=\"RioOnWatch\" \/>\n<meta property=\"article:published_time\" content=\"2023-02-24T11:00:31+00:00\" \/>\n<meta property=\"article:modified_time\" content=\"2023-03-30T14:55:44+00:00\" \/>\n<meta property=\"og:image\" content=\"https:\/\/rioonwatch.org.br\/wp-content\/uploads\/2023\/02\/Arte-original-por-Estevao-Ribeiro.jpg\" \/>\n\t<meta property=\"og:image:width\" content=\"2480\" \/>\n\t<meta property=\"og:image:height\" content=\"1050\" \/>\n\t<meta property=\"og:image:type\" content=\"image\/jpeg\" \/>\n<meta name=\"author\" content=\"Janaina Tavares\" \/>\n<meta name=\"twitter:card\" content=\"summary_large_image\" \/>\n<meta name=\"twitter:label1\" content=\"Escrito por\" \/>\n\t<meta name=\"twitter:data1\" content=\"Janaina Tavares\" \/>\n\t<meta name=\"twitter:label2\" content=\"Est. tempo de leitura\" \/>\n\t<meta name=\"twitter:data2\" content=\"10 minutos\" \/>\n<script type=\"application\/ld+json\" class=\"yoast-schema-graph\">{\"@context\":\"https:\/\/schema.org\",\"@graph\":[{\"@type\":\"Article\",\"@id\":\"https:\/\/rioonwatch.org.br\/?p=65624#article\",\"isPartOf\":{\"@id\":\"https:\/\/rioonwatch.org.br\/?p=65624\"},\"author\":{\"name\":\"Janaina Tavares\",\"@id\":\"https:\/\/rioonwatch.org.br\/#\/schema\/person\/feb227e5e7679aacc3d672e375cae1bd\"},\"headline\":\"O Bandido e o Vagabundo: O Discurso Sangrento da Grande M\u00eddia Que Defende a Branquitude e Condena \u00e0 Morte as Favelas [EDITORIAL]\",\"datePublished\":\"2023-02-24T11:00:31+00:00\",\"dateModified\":\"2023-03-30T14:55:44+00:00\",\"mainEntityOfPage\":{\"@id\":\"https:\/\/rioonwatch.org.br\/?p=65624\"},\"wordCount\":1919,\"publisher\":{\"@id\":\"https:\/\/rioonwatch.org.br\/#organization\"},\"image\":{\"@id\":\"https:\/\/rioonwatch.org.br\/?p=65624#primaryimage\"},\"thumbnailUrl\":\"https:\/\/rioonwatch.org.br\/wp-content\/uploads\/2023\/02\/Arte-original-por-Estevao-Ribeiro.jpg\",\"keywords\":[\"#StopFavelaStigma\",\"an\u00e1lise cobertura de favelas\",\"branquitude\",\"capoeira\",\"chacina\",\"Cl\u00e1udio Castro\",\"Complexo do Alem\u00e3o\",\"criminaliza\u00e7\u00e3o da pobreza\",\"Democracia\",\"Direito \u00e0 favela\",\"Direitos Humanos\",\"Fogo Cruzado\",\"genoc\u00eddio\",\"Jacarezinho\",\"Jair Bolsonaro\",\"jornalismo\",\"Minist\u00e9rio P\u00fablico\",\"narrativa midi\u00e1tica\",\"necropol\u00edtica\",\"PL\",\"Pol\u00edcia Militar\",\"Racismo estrutural\",\"representatividade\",\"S\u00e9rgio Cabral\",\"UFRJ\",\"UPP\",\"viol\u00eancia de Estado\",\"viol\u00eancia policial\",\"Zona Norte\"],\"articleSection\":[\"#OlhoNaM\u00eddia\",\"*Destaque\",\"Democracia\",\"Opini\u00e3o\",\"Seguran\u00e7a P\u00fablica\",\"Sociedade Civil\"],\"inLanguage\":\"pt-BR\"},{\"@type\":\"WebPage\",\"@id\":\"https:\/\/rioonwatch.org.br\/?p=65624\",\"url\":\"https:\/\/rioonwatch.org.br\/?p=65624\",\"name\":\"O Bandido e o Vagabundo: O Discurso Sangrento da Grande M\u00eddia Que Defende a Branquitude e Condena \u00e0 Morte as Favelas [EDITORIAL] - RioOnWatch\",\"isPartOf\":{\"@id\":\"https:\/\/rioonwatch.org.br\/#website\"},\"primaryImageOfPage\":{\"@id\":\"https:\/\/rioonwatch.org.br\/?p=65624#primaryimage\"},\"image\":{\"@id\":\"https:\/\/rioonwatch.org.br\/?p=65624#primaryimage\"},\"thumbnailUrl\":\"https:\/\/rioonwatch.org.br\/wp-content\/uploads\/2023\/02\/Arte-original-por-Estevao-Ribeiro.jpg\",\"datePublished\":\"2023-02-24T11:00:31+00:00\",\"dateModified\":\"2023-03-30T14:55:44+00:00\",\"breadcrumb\":{\"@id\":\"https:\/\/rioonwatch.org.br\/?p=65624#breadcrumb\"},\"inLanguage\":\"pt-BR\",\"potentialAction\":[{\"@type\":\"ReadAction\",\"target\":[\"https:\/\/rioonwatch.org.br\/?p=65624\"]}]},{\"@type\":\"ImageObject\",\"inLanguage\":\"pt-BR\",\"@id\":\"https:\/\/rioonwatch.org.br\/?p=65624#primaryimage\",\"url\":\"https:\/\/rioonwatch.org.br\/wp-content\/uploads\/2023\/02\/Arte-original-por-Estevao-Ribeiro.jpg\",\"contentUrl\":\"https:\/\/rioonwatch.org.br\/wp-content\/uploads\/2023\/02\/Arte-original-por-Estevao-Ribeiro.jpg\",\"width\":2480,\"height\":1050,\"caption\":\"Arte original por Estev\u00e3o Ribeiro\"},{\"@type\":\"BreadcrumbList\",\"@id\":\"https:\/\/rioonwatch.org.br\/?p=65624#breadcrumb\",\"itemListElement\":[{\"@type\":\"ListItem\",\"position\":1,\"name\":\"In\u00edcio\",\"item\":\"https:\/\/rioonwatch.org.br\/\"},{\"@type\":\"ListItem\",\"position\":2,\"name\":\"O Bandido e o Vagabundo: O Discurso Sangrento da Grande M\u00eddia Que Defende a Branquitude e Condena \u00e0 Morte as Favelas [EDITORIAL]\"}]},{\"@type\":\"WebSite\",\"@id\":\"https:\/\/rioonwatch.org.br\/#website\",\"url\":\"https:\/\/rioonwatch.org.br\/\",\"name\":\"RioOnWatch\",\"description\":\"relatos das favelas cariocas\",\"publisher\":{\"@id\":\"https:\/\/rioonwatch.org.br\/#organization\"},\"potentialAction\":[{\"@type\":\"SearchAction\",\"target\":{\"@type\":\"EntryPoint\",\"urlTemplate\":\"https:\/\/rioonwatch.org.br\/?s={search_term_string}\"},\"query-input\":{\"@type\":\"PropertyValueSpecification\",\"valueRequired\":true,\"valueName\":\"search_term_string\"}}],\"inLanguage\":\"pt-BR\"},{\"@type\":\"Organization\",\"@id\":\"https:\/\/rioonwatch.org.br\/#organization\",\"name\":\"RioOnWatch\",\"url\":\"https:\/\/rioonwatch.org.br\/\",\"logo\":{\"@type\":\"ImageObject\",\"inLanguage\":\"pt-BR\",\"@id\":\"https:\/\/rioonwatch.org.br\/#\/schema\/logo\/image\/\",\"url\":\"https:\/\/rioonwatch.org.br\/wp-content\/uploads\/2021\/06\/RioOnWatchcabecalhoPT11anos-2.png\",\"contentUrl\":\"https:\/\/rioonwatch.org.br\/wp-content\/uploads\/2021\/06\/RioOnWatchcabecalhoPT11anos-2.png\",\"width\":779,\"height\":277,\"caption\":\"RioOnWatch\"},\"image\":{\"@id\":\"https:\/\/rioonwatch.org.br\/#\/schema\/logo\/image\/\"}},{\"@type\":\"Person\",\"@id\":\"https:\/\/rioonwatch.org.br\/#\/schema\/person\/feb227e5e7679aacc3d672e375cae1bd\",\"name\":\"Janaina Tavares\",\"image\":{\"@type\":\"ImageObject\",\"inLanguage\":\"pt-BR\",\"@id\":\"https:\/\/rioonwatch.org.br\/#\/schema\/person\/image\/\",\"url\":\"https:\/\/secure.gravatar.com\/avatar\/83bb5bb4f8b0c5ad63f35939640eaaa2?s=96&d=blank&r=g\",\"contentUrl\":\"https:\/\/secure.gravatar.com\/avatar\/83bb5bb4f8b0c5ad63f35939640eaaa2?s=96&d=blank&r=g\",\"caption\":\"Janaina Tavares\"},\"url\":\"https:\/\/rioonwatch.org.br\/?author=179\"}]}<\/script>\n<!-- \/ Yoast SEO plugin. -->","yoast_head_json":{"title":"O Bandido e o Vagabundo: O Discurso Sangrento da Grande M\u00eddia Que Defende a Branquitude e Condena \u00e0 Morte as Favelas [EDITORIAL] - RioOnWatch","robots":{"index":"index","follow":"follow","max-snippet":"max-snippet:-1","max-image-preview":"max-image-preview:large","max-video-preview":"max-video-preview:-1"},"canonical":"https:\/\/rioonwatch.org.br\/?p=65624","og_locale":"pt_BR","og_type":"article","og_title":"O Bandido e o Vagabundo: O Discurso Sangrento da Grande M\u00eddia Que Defende a Branquitude e Condena \u00e0 Morte as Favelas [EDITORIAL] - RioOnWatch","og_description":"Click Here for English O comentarista de opini\u00e3o da rede CNN Brasil, o veterano Boris Casoy, no dia 22 de junho de 2022, analisava a pris\u00e3o preventiva de Milton Ribeiro, em Santos, S\u00e3o Paulo. O [...]","og_url":"https:\/\/rioonwatch.org.br\/?p=65624","og_site_name":"RioOnWatch","article_published_time":"2023-02-24T11:00:31+00:00","article_modified_time":"2023-03-30T14:55:44+00:00","og_image":[{"width":2480,"height":1050,"url":"https:\/\/rioonwatch.org.br\/wp-content\/uploads\/2023\/02\/Arte-original-por-Estevao-Ribeiro.jpg","type":"image\/jpeg"}],"author":"Janaina Tavares","twitter_card":"summary_large_image","twitter_misc":{"Escrito por":"Janaina Tavares","Est. tempo de leitura":"10 minutos"},"schema":{"@context":"https:\/\/schema.org","@graph":[{"@type":"Article","@id":"https:\/\/rioonwatch.org.br\/?p=65624#article","isPartOf":{"@id":"https:\/\/rioonwatch.org.br\/?p=65624"},"author":{"name":"Janaina Tavares","@id":"https:\/\/rioonwatch.org.br\/#\/schema\/person\/feb227e5e7679aacc3d672e375cae1bd"},"headline":"O Bandido e o Vagabundo: O Discurso Sangrento da Grande M\u00eddia Que Defende a Branquitude e Condena \u00e0 Morte as Favelas [EDITORIAL]","datePublished":"2023-02-24T11:00:31+00:00","dateModified":"2023-03-30T14:55:44+00:00","mainEntityOfPage":{"@id":"https:\/\/rioonwatch.org.br\/?p=65624"},"wordCount":1919,"publisher":{"@id":"https:\/\/rioonwatch.org.br\/#organization"},"image":{"@id":"https:\/\/rioonwatch.org.br\/?p=65624#primaryimage"},"thumbnailUrl":"https:\/\/rioonwatch.org.br\/wp-content\/uploads\/2023\/02\/Arte-original-por-Estevao-Ribeiro.jpg","keywords":["#StopFavelaStigma","an\u00e1lise cobertura de favelas","branquitude","capoeira","chacina","Cl\u00e1udio Castro","Complexo do Alem\u00e3o","criminaliza\u00e7\u00e3o da pobreza","Democracia","Direito \u00e0 favela","Direitos Humanos","Fogo Cruzado","genoc\u00eddio","Jacarezinho","Jair Bolsonaro","jornalismo","Minist\u00e9rio P\u00fablico","narrativa midi\u00e1tica","necropol\u00edtica","PL","Pol\u00edcia Militar","Racismo estrutural","representatividade","S\u00e9rgio Cabral","UFRJ","UPP","viol\u00eancia de Estado","viol\u00eancia policial","Zona Norte"],"articleSection":["#OlhoNaM\u00eddia","*Destaque","Democracia","Opini\u00e3o","Seguran\u00e7a P\u00fablica","Sociedade Civil"],"inLanguage":"pt-BR"},{"@type":"WebPage","@id":"https:\/\/rioonwatch.org.br\/?p=65624","url":"https:\/\/rioonwatch.org.br\/?p=65624","name":"O Bandido e o Vagabundo: O Discurso Sangrento da Grande M\u00eddia Que Defende a Branquitude e Condena \u00e0 Morte as Favelas [EDITORIAL] - RioOnWatch","isPartOf":{"@id":"https:\/\/rioonwatch.org.br\/#website"},"primaryImageOfPage":{"@id":"https:\/\/rioonwatch.org.br\/?p=65624#primaryimage"},"image":{"@id":"https:\/\/rioonwatch.org.br\/?p=65624#primaryimage"},"thumbnailUrl":"https:\/\/rioonwatch.org.br\/wp-content\/uploads\/2023\/02\/Arte-original-por-Estevao-Ribeiro.jpg","datePublished":"2023-02-24T11:00:31+00:00","dateModified":"2023-03-30T14:55:44+00:00","breadcrumb":{"@id":"https:\/\/rioonwatch.org.br\/?p=65624#breadcrumb"},"inLanguage":"pt-BR","potentialAction":[{"@type":"ReadAction","target":["https:\/\/rioonwatch.org.br\/?p=65624"]}]},{"@type":"ImageObject","inLanguage":"pt-BR","@id":"https:\/\/rioonwatch.org.br\/?p=65624#primaryimage","url":"https:\/\/rioonwatch.org.br\/wp-content\/uploads\/2023\/02\/Arte-original-por-Estevao-Ribeiro.jpg","contentUrl":"https:\/\/rioonwatch.org.br\/wp-content\/uploads\/2023\/02\/Arte-original-por-Estevao-Ribeiro.jpg","width":2480,"height":1050,"caption":"Arte original por Estev\u00e3o Ribeiro"},{"@type":"BreadcrumbList","@id":"https:\/\/rioonwatch.org.br\/?p=65624#breadcrumb","itemListElement":[{"@type":"ListItem","position":1,"name":"In\u00edcio","item":"https:\/\/rioonwatch.org.br\/"},{"@type":"ListItem","position":2,"name":"O Bandido e o Vagabundo: O Discurso Sangrento da Grande M\u00eddia Que Defende a Branquitude e Condena \u00e0 Morte as Favelas [EDITORIAL]"}]},{"@type":"WebSite","@id":"https:\/\/rioonwatch.org.br\/#website","url":"https:\/\/rioonwatch.org.br\/","name":"RioOnWatch","description":"relatos das favelas cariocas","publisher":{"@id":"https:\/\/rioonwatch.org.br\/#organization"},"potentialAction":[{"@type":"SearchAction","target":{"@type":"EntryPoint","urlTemplate":"https:\/\/rioonwatch.org.br\/?s={search_term_string}"},"query-input":{"@type":"PropertyValueSpecification","valueRequired":true,"valueName":"search_term_string"}}],"inLanguage":"pt-BR"},{"@type":"Organization","@id":"https:\/\/rioonwatch.org.br\/#organization","name":"RioOnWatch","url":"https:\/\/rioonwatch.org.br\/","logo":{"@type":"ImageObject","inLanguage":"pt-BR","@id":"https:\/\/rioonwatch.org.br\/#\/schema\/logo\/image\/","url":"https:\/\/rioonwatch.org.br\/wp-content\/uploads\/2021\/06\/RioOnWatchcabecalhoPT11anos-2.png","contentUrl":"https:\/\/rioonwatch.org.br\/wp-content\/uploads\/2021\/06\/RioOnWatchcabecalhoPT11anos-2.png","width":779,"height":277,"caption":"RioOnWatch"},"image":{"@id":"https:\/\/rioonwatch.org.br\/#\/schema\/logo\/image\/"}},{"@type":"Person","@id":"https:\/\/rioonwatch.org.br\/#\/schema\/person\/feb227e5e7679aacc3d672e375cae1bd","name":"Janaina Tavares","image":{"@type":"ImageObject","inLanguage":"pt-BR","@id":"https:\/\/rioonwatch.org.br\/#\/schema\/person\/image\/","url":"https:\/\/secure.gravatar.com\/avatar\/83bb5bb4f8b0c5ad63f35939640eaaa2?s=96&d=blank&r=g","contentUrl":"https:\/\/secure.gravatar.com\/avatar\/83bb5bb4f8b0c5ad63f35939640eaaa2?s=96&d=blank&r=g","caption":"Janaina Tavares"},"url":"https:\/\/rioonwatch.org.br\/?author=179"}]}},"_links":{"self":[{"href":"https:\/\/rioonwatch.org.br\/index.php?rest_route=\/wp\/v2\/posts\/65624"}],"collection":[{"href":"https:\/\/rioonwatch.org.br\/index.php?rest_route=\/wp\/v2\/posts"}],"about":[{"href":"https:\/\/rioonwatch.org.br\/index.php?rest_route=\/wp\/v2\/types\/post"}],"author":[{"embeddable":true,"href":"https:\/\/rioonwatch.org.br\/index.php?rest_route=\/wp\/v2\/users\/179"}],"replies":[{"embeddable":true,"href":"https:\/\/rioonwatch.org.br\/index.php?rest_route=%2Fwp%2Fv2%2Fcomments&post=65624"}],"version-history":[{"count":43,"href":"https:\/\/rioonwatch.org.br\/index.php?rest_route=\/wp\/v2\/posts\/65624\/revisions"}],"predecessor-version":[{"id":67191,"href":"https:\/\/rioonwatch.org.br\/index.php?rest_route=\/wp\/v2\/posts\/65624\/revisions\/67191"}],"wp:featuredmedia":[{"embeddable":true,"href":"https:\/\/rioonwatch.org.br\/index.php?rest_route=\/wp\/v2\/media\/65916"}],"wp:attachment":[{"href":"https:\/\/rioonwatch.org.br\/index.php?rest_route=%2Fwp%2Fv2%2Fmedia&parent=65624"}],"wp:term":[{"taxonomy":"category","embeddable":true,"href":"https:\/\/rioonwatch.org.br\/index.php?rest_route=%2Fwp%2Fv2%2Fcategories&post=65624"},{"taxonomy":"post_tag","embeddable":true,"href":"https:\/\/rioonwatch.org.br\/index.php?rest_route=%2Fwp%2Fv2%2Ftags&post=65624"},{"taxonomy":"writer","embeddable":true,"href":"https:\/\/rioonwatch.org.br\/index.php?rest_route=%2Fwp%2Fv2%2Fwriter&post=65624"},{"taxonomy":"translator","embeddable":true,"href":"https:\/\/rioonwatch.org.br\/index.php?rest_route=%2Fwp%2Fv2%2Ftranslator&post=65624"},{"taxonomy":"source","embeddable":true,"href":"https:\/\/rioonwatch.org.br\/index.php?rest_route=%2Fwp%2Fv2%2Fsource&post=65624"},{"taxonomy":"ilustrador","embeddable":true,"href":"https:\/\/rioonwatch.org.br\/index.php?rest_route=%2Fwp%2Fv2%2Filustrador&post=65624"},{"taxonomy":"fotografo","embeddable":true,"href":"https:\/\/rioonwatch.org.br\/index.php?rest_route=%2Fwp%2Fv2%2Ffotografo&post=65624"}],"curies":[{"name":"wp","href":"https:\/\/api.w.org\/{rel}","templated":true}]}}