{"id":65680,"date":"2023-03-23T17:49:26","date_gmt":"2023-03-23T20:49:26","guid":{"rendered":"https:\/\/rioonwatch.org.br\/?p=65680"},"modified":"2024-06-20T13:36:20","modified_gmt":"2024-06-20T16:36:20","slug":"violencia-politica-atraves-de-noticias-falsas-uma-nova-face-da-criminalizacao-da-pobreza-e-de-liderancas-comunitarias-nas-favelas","status":"publish","type":"post","link":"https:\/\/rioonwatch.org.br\/?p=65680","title":{"rendered":"Viol\u00eancia Pol\u00edtica Atrav\u00e9s de Not\u00edcias Falsas: Uma Nova Face da Criminaliza\u00e7\u00e3o da Pobreza e de Lideran\u00e7as Comunit\u00e1rias nas Favelas"},"content":{"rendered":"<figure id=\"attachment_65923\" aria-describedby=\"caption-attachment-65923\" style=\"width: 2481px\" class=\"wp-caption aligncenter\"><a href=\"https:\/\/rioonwatch.org.br\/wp-content\/uploads\/2023\/02\/Arte-original-por-Rodrigo-Candido.png\"><img fetchpriority=\"high\" decoding=\"async\" class=\"size-full wp-image-65923\" src=\"https:\/\/rioonwatch.org.br\/wp-content\/uploads\/2023\/02\/Arte-original-por-Rodrigo-Candido.png\" alt=\"Arte original por Rodrigo C\u00e2ndido\" width=\"2481\" height=\"1055\" srcset=\"https:\/\/rioonwatch.org.br\/wp-content\/uploads\/2023\/02\/Arte-original-por-Rodrigo-Candido.png 2481w, https:\/\/rioonwatch.org.br\/wp-content\/uploads\/2023\/02\/Arte-original-por-Rodrigo-Candido-620x264.png 620w, https:\/\/rioonwatch.org.br\/wp-content\/uploads\/2023\/02\/Arte-original-por-Rodrigo-Candido-1030x439.png 1030w, https:\/\/rioonwatch.org.br\/wp-content\/uploads\/2023\/02\/Arte-original-por-Rodrigo-Candido-1479x629.png 1479w\" sizes=\"(max-width: 2481px) 100vw, 2481px\" \/><\/a><figcaption id=\"caption-attachment-65923\" class=\"wp-caption-text\">Arte original por Rodrigo C\u00e2ndido<\/figcaption><\/figure>\n<h4 style=\"text-align: right;\"><a href=\"https:\/\/bit.ly\/3V3GyU9\" target=\"_blank\" rel=\"noopener\"><em><strong>Click Here for English<img decoding=\"async\" class=\"alignright wp-image-15790\" src=\"https:\/\/rioonwatch.org.br\/wp-content\/uploads\/2012\/08\/EN-standard-e1439583104716.jpg\" alt=\"\" width=\"20\" height=\"20\" \/><\/strong><\/em><\/a><\/h4>\n<p>A <a href=\"https:\/\/bit.ly\/31sC0gk\" target=\"_blank\" rel=\"noopener\">criminaliza\u00e7\u00e3o da pobreza<\/a> n\u00e3o \u00e9 um fen\u00f4meno novo. Trata-se de uma manifesta\u00e7\u00e3o global de preconceito, <a href=\"http:\/\/bit.ly\/3Z80C89\" target=\"_blank\" rel=\"noopener\">xenofobia<\/a>, <a href=\"http:\/\/bit.ly\/1KiFeTl\" target=\"_blank\" rel=\"noopener\">racismo<\/a>, classismo e discrimina\u00e7\u00e3o social contra as popula\u00e7\u00f5es mais vulner\u00e1veis em todo o mundo. Mas, no Brasil, <a href=\"https:\/\/bit.ly\/3x7gEE5\" target=\"_blank\" rel=\"noopener\">segundo colocado no ranking<\/a> de pa\u00edses com maior tempo m\u00e9dio di\u00e1rio gasto nas redes sociais, esse fen\u00f4meno ganha cada vez mais espa\u00e7o no meio digital.<\/p>\n<figure id=\"attachment_65644\" aria-describedby=\"caption-attachment-65644\" style=\"width: 500px\" class=\"wp-caption alignright\"><a href=\"https:\/\/rioonwatch.org.br\/wp-content\/uploads\/2023\/02\/Reproducao-Instagram-Raull-Santiago.png\"><img decoding=\"async\" class=\"wp-image-65644\" title=\"Alexandre de Moraes, \u00e0 direita, Preto Zez\u00e9 e Rene Silva, lideran\u00e7as dos movimentos de favela, sem rela\u00e7\u00e3o com fac\u00e7\u00e3o criminosa de SP. Foto: Reprodu\u00e7\u00e3o Redes Sociais\" src=\"https:\/\/rioonwatch.org.br\/wp-content\/uploads\/2023\/02\/Reproducao-Instagram-Raull-Santiago.png\" alt=\"Alexandre de Moraes, \u00e0 direita, Preto Zez\u00e9 e Rene Silva, lideran\u00e7as dos movimentos de favela, sem rela\u00e7\u00e3o com fac\u00e7\u00e3o criminosa de SP. Foto: Reprodu\u00e7\u00e3o Redes Sociais\" width=\"500\" height=\"623\" srcset=\"https:\/\/rioonwatch.org.br\/wp-content\/uploads\/2023\/02\/Reproducao-Instagram-Raull-Santiago.png 569w, https:\/\/rioonwatch.org.br\/wp-content\/uploads\/2023\/02\/Reproducao-Instagram-Raull-Santiago-498x620.png 498w, https:\/\/rioonwatch.org.br\/wp-content\/uploads\/2023\/02\/Reproducao-Instagram-Raull-Santiago-505x629.png 505w\" sizes=\"(max-width: 500px) 100vw, 500px\" \/><\/a><figcaption id=\"caption-attachment-65644\" class=\"wp-caption-text\">Alexandre de Moraes, \u00e0 direita, Preto Zez\u00e9 e Rene Silva, lideran\u00e7as dos movimentos de favela, sem rela\u00e7\u00e3o com fac\u00e7\u00e3o criminosa de SP. Foto: Reprodu\u00e7\u00e3o Redes Sociais<\/figcaption><\/figure>\n<p>Um dos casos mais recentes aconteceu com o <a href=\"http:\/\/bit.ly\/2F7s1Bl\" target=\"_blank\" rel=\"noopener\">ativista<\/a> e defensor de direitos humanos <a href=\"http:\/\/bit.ly\/3XZz99d\" target=\"_blank\" rel=\"noopener\">Raull Santiago<\/a>, integrante do <a href=\"https:\/\/bit.ly\/3Zs07ap\" target=\"_blank\" rel=\"noopener\">Coletivo Papo Reto<\/a> e do <a href=\"https:\/\/bit.ly\/3WYquCo\" target=\"_blank\" rel=\"noopener\">Movimentos<\/a>, morador do <a href=\"http:\/\/bit.ly\/2wIyn5a\" target=\"_blank\" rel=\"noopener\">Complexo do Alem\u00e3o<\/a>, localizado na <a href=\"http:\/\/bit.ly\/2ETpYR1\" target=\"_blank\" rel=\"noopener\">Zona Norte<\/a> do Rio. Ele foi v\u00edtima de diversas not\u00edcias falsas que <a href=\"https:\/\/bit.ly\/3DhtC4q\" target=\"_blank\" rel=\"noopener\">come\u00e7aram a circular no dia<\/a> em que o candidato\u00a0<a href=\"https:\/\/bit.ly\/3S2rxzB\" target=\"_blank\" rel=\"noopener\">Luiz In\u00e1cio Lula da Silva<\/a> visitou o Complexo do Alem\u00e3o e que continuaram na cerim\u00f4nia de posse do presidente\u00a0em Bras\u00edlia.<\/p>\n<blockquote><p>\u201cEu estava no jantar no Pal\u00e1cio do Itamaraty e havia v\u00e1rios ministros, pessoas famosas, gente de v\u00e1rios lugares do mundo, dentre eles o ministro do Supremo Tribunal Federal [<a href=\"https:\/\/bit.ly\/2Z8BO45\" target=\"_blank\" rel=\"noopener\">STF<\/a>] Alexandre de Moraes. Eu junto ao <a href=\"https:\/\/bit.ly\/3o3JYXb\" target=\"_blank\" rel=\"noopener\">Rene Silva<\/a> e o <a href=\"http:\/\/bit.ly\/3LGwu0N\" target=\"_blank\" rel=\"noopener\">Preto Zez\u00e9<\/a> da <a href=\"http:\/\/bit.ly\/2XFejgd\" target=\"_blank\" rel=\"noopener\">CUFA<\/a>, tiramos uma <em>selfie<\/em> com o ministro. A\u00ed postei no meu status no <em>feed<\/em> do <em>Instagram<\/em> e, automaticamente, essa foto <a href=\"http:\/\/bit.ly\/3JzIpfG\" target=\"_blank\" rel=\"noopener\">viralizou<\/a> com os dizeres de que o Alexandre de Moraes havia tirado fotos com lideran\u00e7as do <a href=\"http:\/\/bit.ly\/40hSJz7\" target=\"_blank\" rel=\"noopener\">PCC<\/a> [Primeiro Comando da Capital] durante o jantar oferecido na posse.&#8221; \u2014 Raull Santiago<\/p><\/blockquote>\n<p>A mentira disseminada associava os <a href=\"https:\/\/bit.ly\/3n5Q8sI\" target=\"_blank\" rel=\"noopener\">premiados<\/a> mobilizadores comunit\u00e1rias de favela, dois <a href=\"https:\/\/bit.ly\/3lySShS\" target=\"_blank\" rel=\"noopener\">cariocas<\/a> e um cereanse, <a href=\"http:\/\/bit.ly\/3FMdA4H\" target=\"_blank\" rel=\"noopener\">(re)conhecidos mundo afora<\/a> por sua dedica\u00e7\u00e3o ao fortalecimento e melhoramento de seus territ\u00f3rios\u2014<em>e todos homens negros<\/em>\u2014ao crime de tr\u00e1fico de drogas <em>em S\u00e3o Paulo<\/em>. Antes, crias e moradores de favelas e periferias eram v\u00edtimas da <a href=\"http:\/\/bit.ly\/2KOksTo\" target=\"_blank\" rel=\"noopener\">criminaliza\u00e7\u00e3o da pobreza<\/a> a partir da vers\u00e3o policial apresentada em delegacias, autos de processos judiciais e em reportagens da m\u00eddia tradicional. Agora, no Brasil hiperconectado pelas m\u00eddias sociais, eles tamb\u00e9m s\u00e3o alvo de desinforma\u00e7\u00f5es criminalizantes, produzidas estrategicamente para \u201cmatar\u201d reputa\u00e7\u00f5es, como um tiro de fuzil em forma de not\u00edcias falsas.<\/p>\n<p>Um cen\u00e1rio de generaliza\u00e7\u00e3o <em>online<\/em> da criminaliza\u00e7\u00e3o da pobreza e de outros preconceitos e estigmas cada vez mais influenciam a sociedade brasileira. De acordo com uma pesquisa realizada pela ag\u00eancia de marketing digital <a href=\"http:\/\/bit.ly\/3WS7mWM\" target=\"_blank\" rel=\"noopener\"><em>Sortlist<\/em><\/a>, em m\u00e9dia, contando com hor\u00e1rio online tanto trabalhando quanto no lazer, o brasileiro gasta 10 horas e 8 minutos por dia navegando na internet, o equivalente a 154 dias por ano. O relat\u00f3rio <a href=\"https:\/\/bit.ly\/3jm4mEk\" target=\"_blank\" rel=\"noopener\"><i>Digital 2022<\/i><\/a> refor\u00e7a a presen\u00e7a dos brasileiros online, ao mostrar que h\u00e1 cerca de 171,5 milh\u00f5es de usu\u00e1rios de redes sociais no Brasil. Os dados, coletados em janeiro de 2022, revelam que 79,9% da popula\u00e7\u00e3o brasileira utiliza alguma rede social no seu dia a dia.<\/p>\n<p>Os brasileiros amam as m\u00eddias sociais. Neste universo, a criminaliza\u00e7\u00e3o da pobreza e o racismo, via redes sociais, se tornaram ainda mais ub\u00edquos e problem\u00e1ticos. Exemplo disto \u00e9 o uso inapropriado pela pol\u00edcia de imagens das redes sociais de homens negros inocentes, sem qualquer suspeita, investiga\u00e7\u00e3o, comprova\u00e7\u00e3o, condena\u00e7\u00e3o ou pena por poss\u00edveis delitos, em \u00e1lbuns f\u00edsicos de reconhecimento facial para v\u00edtimas de crimes nas delegacias, o que levam pessoas inocentes <a href=\"http:\/\/bit.ly\/3jtb37J\" target=\"_blank\" rel=\"noopener\">a serem erroneamente reconhecidas<\/a> e injustamente presas.<\/p>\n<p>J\u00e1 a camada digital da criminaliza\u00e7\u00e3o da pobreza atrav\u00e9s das not\u00edcias falsas, as <em>fake news<\/em>\u2014seja com uso de imagens ou v\u00eddeo manipulados, de texto com informa\u00e7\u00f5es mentirosas ou de \u00e1udios forjados ou editados\u2014promove um verdadeiro tribunal nas redes sociais e em aplicativos de mensagem, reproduzindo viol\u00eancia pol\u00edtica. Essa \u00e9 a opini\u00e3o de <a href=\"http:\/\/bit.ly\/3XdJUDt\" target=\"_blank\" rel=\"noopener\">Maria Tranjan<\/a>, coordenadora da \u00e1rea de Prote\u00e7\u00e3o e Participa\u00e7\u00e3o Democr\u00e1tica da organiza\u00e7\u00e3o de direitos humanos <a href=\"http:\/\/bit.ly\/3l8A2xs\" target=\"_blank\" rel=\"noopener\">ARTIGO 19<\/a> e representante da <a href=\"http:\/\/bit.ly\/3x4RsxH\" target=\"_blank\" rel=\"noopener\">Rede de Prote\u00e7\u00e3o a Jornalistas e Comunicadores<\/a>. Ela explica que o fen\u00f4meno da viol\u00eancia pol\u00edtica nas redes sociais no Brasil se estende para al\u00e9m de epis\u00f3dios de viol\u00eancia direcionada a pol\u00edticos no exerc\u00edcio do mandato ou de candidatos a cargos no per\u00edodo eleitoral.<\/p>\n<blockquote><p>\u201cUma boa parte do campo considera que s\u00f3 candidatas\/eleitas podem sofrer essa forma de viol\u00eancia pol\u00edtica. Mas a gente [da ARTIGO 19] tem constru\u00eddo no sentido de compreender que, quando a viola\u00e7\u00e3o contra comunicadores t\u00eam car\u00e1ter pol\u00edtico, [e] \u00e9 motivada por posicionamento ou cobertura pol\u00edtica, \u00e9 tamb\u00e9m uma forma de viol\u00eancia pol\u00edtica&#8230; Se esvaziarmos epis\u00f3dios que n\u00e3o dizem respeito a mandatos eletivos da carga pol\u00edtica que est\u00e1 ao redor da viol\u00eancia, acabamos por invisibilizar desde uma jornalista que sofreu amea\u00e7as por determinada cobertura pol\u00edtica, at\u00e9 casos como o de <a href=\"http:\/\/bit.ly\/3DO8h3Z\" target=\"_blank\" rel=\"noopener\">Mestre Moa<\/a>. Precisamos entender que a pol\u00edtica tamb\u00e9m marca (e \u00e9 marcada por) essas pessoas, que t\u00eam sua participa\u00e7\u00e3o na vida p\u00fablica e sua express\u00e3o alvejadas.\u201d \u2014 Maria Tranjan<\/p><\/blockquote>\n<p><span style=\"font-weight: 400;\">De acordo com o<\/span><span style=\"font-weight: 400;\"> guia <a href=\"http:\/\/bit.ly\/3DOsTc8\" target=\"_blank\" rel=\"noopener\">Viol\u00eancia Pol\u00edtica e Eleitoral no Brasil<\/a><\/span><span style=\"font-weight: 400;\"> realizado pela <a href=\"http:\/\/bit.ly\/3HJRkc4\" target=\"_blank\" rel=\"noopener\">Terra de Direitos<\/a> e<\/span>\u00a0<a href=\"http:\/\/bit.ly\/3epNwia\" target=\"_blank\" rel=\"noopener\"><span style=\"font-weight: 400;\">Justi\u00e7a Global<\/span><\/a><span style=\"font-weight: 400;\">, a viol\u00eancia pol\u00edtica pode ser entendida como \u201catos f\u00edsicos, de intimida\u00e7\u00e3o psicol\u00f3gica e\/ou discriminat\u00f3rios, agress\u00f5es, dissemina\u00e7\u00e3o de discursos de \u00f3dio e conte\u00fado ofensivo contra grupos historicamente discriminados, em especial, pessoas eleitas, candidatas, pr\u00e9-candidatas ou designadas para exercer papel de representa\u00e7\u00e3o p\u00fablica e\/ou pol\u00edtica, com objetivo de suspender, interromper, restringir, ou desestabilizar seu exerc\u00edcio livre e pleno de representa\u00e7\u00e3o e participa\u00e7\u00e3o pol\u00edtica\u201d.<\/span><\/p>\n<p><span style=\"font-weight: 400;\">A ARTIGO 19 e outras 42 entidades da sociedade civil e dos movimentos sociais comp\u00f5em o<\/span> <span style=\"font-weight: 400;\">Comit\u00ea Brasileiro de Defensoras e Defensores de Direitos Humanos<\/span><span style=\"font-weight: 400;\"> (<a href=\"http:\/\/bit.ly\/40zQp6y\" target=\"_blank\" rel=\"noopener\">CBDDH<\/a>) que, durante as <a href=\"https:\/\/bit.ly\/3g8f9jn\" target=\"_blank\" rel=\"noopener\">elei\u00e7\u00f5es de 2022<\/a>, lan\u00e7ou o<\/span><span style=\"font-weight: 400;\"> guia pr\u00e1tico de <a href=\"http:\/\/bit.ly\/40O75HI\" target=\"_blank\" rel=\"noopener\">Prote\u00e7\u00e3o \u00e0 Viol\u00eancia Pol\u00edtica Para Defensoras e Defensores de Direitos Humanos<\/a>, em resposta <\/span><span style=\"font-weight: 400;\">ao aumento de casos registrados de viol\u00eancia pol\u00edtica.<\/span><\/p>\n<h3><b>Criminaliza\u00e7\u00e3o de Ativistas de Favela nas Redes<\/b><\/h3>\n<p>Sete dias ap\u00f3s o primeiro epis\u00f3dio do uso da imagem de Raull e Rene em not\u00edcias falsas na internet, novas desinforma\u00e7\u00f5es e mentiras foram espalhadas em grupos do <em>Telegram<\/em>, <em>WhatsApp<\/em>, <em>Twitter,<\/em> <em>TikTok<\/em>\u00a0e <em>Instagram, <\/em>a grande maioria incitando, <a href=\"https:\/\/bit.ly\/3lEEpkI\" target=\"_blank\" rel=\"noopener\">de acordo com Raull Santiago<\/a>, o \u00f3dio e a viol\u00eancia contra as lideran\u00e7as comunit\u00e1rias que foram, mais uma vez, acusadas de associa\u00e7\u00e3o ao tr\u00e1fico de drogas por <em>fake news<\/em> ligado ao ex-presidente.<\/p>\n<p>Desta vez, a viol\u00eancia pol\u00edtica aconteceu ap\u00f3s a invas\u00e3o e a depreda\u00e7\u00e3o dos pr\u00e9dios p\u00fablicos do Supremo Tribunal Federal, Senado Federal e C\u00e2mara dos Deputados, na Pra\u00e7a dos Tr\u00eas Poderes, em Bras\u00edlia, em 8 de janeiro, realizada por quem n\u00e3o aceitava o resultado das elei\u00e7\u00f5es.<\/p>\n<p>Desde que a interven\u00e7\u00e3o federal foi decretada pelo Presidente Lula na capital do Brasil, acarretando a pris\u00e3o de milhares de <a href=\"http:\/\/bit.ly\/3iBAbsu\" target=\"_blank\" rel=\"noopener\">&#8220;patriotas&#8221; que participaram dos atos<\/a> da extrema-direita, estes grupos passaram a disseminar not\u00edcias falsas nas redes sociais, em uma tentativa de se desvincularem dos crimes cometidos. Para isso, criaram a narrativa de que supostos infiltrados<span style=\"font-weight: 400;\">\u2014<\/span>como Raull<span style=\"font-weight: 400;\">\u2014<\/span>teriam entrado no meio das \u201ccaravanas de patriotas\u201d para cometerem crimes e os difamarem. A pr\u00e1tica do uso de <em>fake news<\/em> \u00e9 habitual do grupo de extremistas de direita, sendo largamente usada para promover uma <a href=\"http:\/\/bit.ly\/3DzHUi9\" target=\"_blank\" rel=\"noopener\">guerra cultural de disputa de narrativas<\/a>.<\/p>\n<figure id=\"attachment_65667\" aria-describedby=\"caption-attachment-65667\" style=\"width: 500px\" class=\"wp-caption alignright\"><a href=\"https:\/\/rioonwatch.org.br\/wp-content\/uploads\/2023\/02\/infiltrados.png\"><img loading=\"lazy\" decoding=\"async\" class=\"wp-image-65667\" title=\"\u00c0 frente, Raull Santiago em uma laje no CPX com os amigos Thiago, Anthony e Riele. Foto: Reprodu\u00e7\u00e3o do perfil @infiltrados.\" src=\"https:\/\/rioonwatch.org.br\/wp-content\/uploads\/2023\/02\/infiltrados-620x615.png\" alt=\"\u00c0 frente, Raull Santiago em uma laje no CPX com os amigos Thiago, Anthony e Riele. Foto: Reprodu\u00e7\u00e3o do perfil @infiltrados.\" width=\"500\" height=\"496\" srcset=\"https:\/\/rioonwatch.org.br\/wp-content\/uploads\/2023\/02\/infiltrados-620x615.png 620w, https:\/\/rioonwatch.org.br\/wp-content\/uploads\/2023\/02\/infiltrados-634x629.png 634w, https:\/\/rioonwatch.org.br\/wp-content\/uploads\/2023\/02\/infiltrados.png 706w\" sizes=\"(max-width: 500px) 100vw, 500px\" \/><\/a><figcaption id=\"caption-attachment-65667\" class=\"wp-caption-text\">\u00c0 frente, Raull Santiago em uma laje no CPX com os amigos Thiago, Anthony e Riele. Foto: Reprodu\u00e7\u00e3o do perfil @infiltrados<\/figcaption><\/figure>\n<p>Uma das principais fotos manipuladas com desinforma\u00e7\u00e3o traz a imagem de Raull em uma laje no Complexo do Alem\u00e3o, favela onde vive e trabalha como gestor de diversos projetos sociais. Na foto, ele est\u00e1 acompanhado dos amigos <a href=\"http:\/\/bit.ly\/3YyCrQE\" target=\"_blank\" rel=\"noopener\">Anthony Benn\u00e9<\/a>, Rildo Riele e <a href=\"http:\/\/bit.ly\/3JOMIUs\" target=\"_blank\" rel=\"noopener\">Tiago da Purifica\u00e7\u00e3o<\/a>. Tr\u00eas jovens negros empreendedores sociais que, junto com Raull, foram acusados de formar um &#8220;bando&#8221; para depredar os pr\u00e9dios p\u00fablicos, em Bras\u00edlia no dia 8 de janeiro.<\/p>\n<p>\u201cMeu amigo Tiago Purifica\u00e7\u00e3o, por exemplo, nunca havia ido a Bras\u00edlia. Ele foi comigo no dia 1 de janeiro e voltou no dia 2 de janeiro. J\u00e1 o Anthony Benn\u00e9 e o Rildo Riele nunca nem foram a Bras\u00edlia. Mas as <em>fakes<\/em> [<em>news<\/em>] veiculadas falam como se todos n\u00f3s tiv\u00e9ssemos l\u00e1 participando daquela coisa absurda\u201d, desabafa Raull. Ele relata ainda que, al\u00e9m do medo de acontecer uma \u201cviol\u00eancia f\u00edsica\u201d com os amigos, os jovens tamb\u00e9m perderam dois trabalhos publicit\u00e1rios pela imagem negativa que ficou associada \u00e0 figura deles. Logo, essas <em>fake news<\/em> destroem n\u00e3o s\u00f3 reputa\u00e7\u00f5es, mas atrapalham a vida econ\u00f4mica dessas jovens v\u00edtimas mais uma vez dos sistemas que perpetuam a desigualdade e racismo no pa\u00eds.<\/p>\n<p>Esse foi o motivo dos quatro criarem o perfil <a href=\"https:\/\/bit.ly\/3JG50aJ\" target=\"_blank\" rel=\"noopener\">@osinfiltradoscpx<\/a>, no <em>Instagram<\/em>. Na descri\u00e7\u00e3o da p\u00e1gina, eles explicam um pouco de quem s\u00e3o, em uma tentativa de reconquistarem as narrativas constru\u00eddas sobre suas pr\u00f3prias vidas: \u201cAcusados por <em>fake news<\/em> de serem infiltrados nos atentados em Bras\u00edlia, aqui mostram suas rotinas e lutas pessoais e pela FAVELA em que vivem, o CPX\u201d.<\/p>\n<p>O objetivo \u00e9 <em>hackear<\/em> a desinforma\u00e7\u00e3o e publicizar quais not\u00edcias s\u00e3o falsas apresentando a narrativa verdadeira atrav\u00e9s dos posts. Al\u00e9m disso, \u00e9 uma a\u00e7\u00e3o para \u201cblindar ele e os amigos de poss\u00edveis viol\u00eancias pol\u00edticas, policiais e de bolsonaristas\u201d nas redes e nas ruas.<\/p>\n<blockquote><p>\u201cNossa inten\u00e7\u00e3o \u00e9 mostrar que [n\u00f3s] os [supostos] &#8216;depredadores&#8217;, na verdade, fazemos trabalhos incr\u00edveis para melhorar a realidade da sociedade, a partir de nossas pr\u00f3prias favelas e periferias.\u201d <span style=\"font-weight: 400;\">\u2014<\/span> Raull Santiago<\/p><\/blockquote>\n<h3><b>Crime de Inj\u00faria Racial<\/b><\/h3>\n<p>De acordo com Raull Santiago, o <a href=\"https:\/\/bit.ly\/3jwdZAl\" target=\"_blank\" rel=\"noopener\">monitoramento das not\u00edcias falsas<\/a> vinculando a imagem e nome dele e dos amigos nas m\u00eddias sociais, seguiu tr\u00eas linhas discursivas. Primeiro foi acusar ele e Rene Silva de serem chefes do tr\u00e1fico por usarem bon\u00e9 do CPX. Posteriormente, grupos bolsonaristas passaram a incitar nas <em>fake news<\/em> ataques de \u00f3dio e viol\u00eancia contra eles. E, por \u00faltimo, as publica\u00e7\u00f5es com imagens editadas passaram a incentivar que policiais fossem atr\u00e1s deles para atos de viol\u00eancia f\u00edsica, incluindo a afirma\u00e7\u00e3o: \u201cvamos ca\u00e7ar [eles]\u201d.<\/p>\n<p>Em virtude disso, Raull junto com os amigos, denunciaram o caso \u00e0 Delegacia de Crimes Raciais e Delitos de Intoler\u00e2ncia (<a href=\"http:\/\/bit.ly\/3jCQEgD\" target=\"_blank\" rel=\"noopener\">DECRADI<\/a>), em 9 de janeiro. Ele tamb\u00e9m produziu um dossi\u00ea com um mapeamento das <em>fakes news<\/em> e pessoas que compartilharam para ser entregue \u00e0 Delegacia de Repress\u00e3o aos Crimes de Inform\u00e1tica (<a href=\"https:\/\/bit.ly\/3lhxcq2\" target=\"_blank\" rel=\"noopener\">DRCI<\/a>), em outra queixa-crime.<\/p>\n<figure id=\"attachment_65843\" aria-describedby=\"caption-attachment-65843\" style=\"width: 2560px\" class=\"wp-caption aligncenter\"><a href=\"https:\/\/rioonwatch.org.br\/wp-content\/uploads\/2023\/02\/2022_10_2_lula-no-alemao-_vilma-ribeiro-51-scaled.jpg\"><img loading=\"lazy\" decoding=\"async\" class=\"wp-image-65843 size-full\" title=\"Rene Silva junto com Lula e Janja na caminhada no Complexo do Alem\u00e3o, em ato de campanha nas elei\u00e7\u00f5es 2022. Foto: Vilma Ribeiro \/ Voz das Comunidades\" src=\"https:\/\/rioonwatch.org.br\/wp-content\/uploads\/2023\/02\/2022_10_2_lula-no-alemao-_vilma-ribeiro-51-scaled.jpg\" alt=\"Rene Silva junto com Lula e Janja na caminhada no Complexo do Alem\u00e3o, em ato de campanha nas elei\u00e7\u00f5es 2022. Foto: Vilma Ribeiro \/ Voz das Comunidades\" width=\"2560\" height=\"1707\" srcset=\"https:\/\/rioonwatch.org.br\/wp-content\/uploads\/2023\/02\/2022_10_2_lula-no-alemao-_vilma-ribeiro-51-scaled.jpg 2560w, https:\/\/rioonwatch.org.br\/wp-content\/uploads\/2023\/02\/2022_10_2_lula-no-alemao-_vilma-ribeiro-51-620x413.jpg 620w, https:\/\/rioonwatch.org.br\/wp-content\/uploads\/2023\/02\/2022_10_2_lula-no-alemao-_vilma-ribeiro-51-944x629.jpg 944w\" sizes=\"(max-width: 2560px) 100vw, 2560px\" \/><\/a><figcaption id=\"caption-attachment-65843\" class=\"wp-caption-text\">Rene Silva junto com Lula e Janja na caminhada no Complexo do Alem\u00e3o, em ato de campanha nas elei\u00e7\u00f5es 2022. Foto: Vilma Ribeiro\/<em>Voz das Comunidades<\/em><\/figcaption><\/figure>\n<p>Para Rene Silva, <a href=\"https:\/\/bit.ly\/42D3oW0\" target=\"_blank\" rel=\"noopener\">premiado em 2018 como um dos 100 afro-descendentes mais influentes do mundo<\/a> e fundador do <a href=\"http:\/\/bit.ly\/2JhMwyE\" target=\"_blank\" rel=\"noopener\"><em>Voz das Comunidades<\/em><\/a>\u2014<a href=\"https:\/\/bit.ly\/36lj7N9\" target=\"_blank\" rel=\"noopener\">m\u00eddia comunit\u00e1ria<\/a> tamb\u00e9m <a href=\"http:\/\/bit.ly\/40edQSu\" target=\"_blank\" rel=\"noopener\">reconhecida internacionalmente<\/a>\u2014as <em>fake news <\/em>ocorreram devido \u00e0s lideran\u00e7as comunit\u00e1rias terem manifestado <a href=\"https:\/\/bit.ly\/3sLWTPY\" target=\"_blank\" rel=\"noopener\">voto a favor do presidente Lula nas elei\u00e7\u00f5es<\/a> de 2022.<\/p>\n<blockquote><p>\u201cEu <a href=\"https:\/\/bit.ly\/3CyXvNw\" target=\"_blank\" rel=\"noopener\">me posicionei a favor da campanha do Presidente Lula<\/a> nas elei\u00e7\u00f5es. Antes mesmo da visita dele no Alem\u00e3o, eu j\u00e1 estava me posicionando muito forte nas redes sociais. Mas n\u00e3o \u00e9 s\u00f3 isso. O fato de ser um jovem negro da favela tamb\u00e9m conta. A vulnerabilidade da gente acaba sendo muito maior do que a de outras pessoas brancas e de outros lugares pol\u00edticos apoiando o Lula, sabe? Porque um branco n\u00e3o fica tanto em vulnerabilidade\u2026 Agora, um jovem negro da favela, que historicamente \u00e9 marginalizado, dito como lugar de bandido e traficante, falar de um presidente incomoda, n\u00e9?\u201d <span style=\"font-weight: 400;\">\u2014 Rene Silva<\/span><\/p><\/blockquote>\n<h3>Quem \u00c9 Raull Santiago?<\/h3>\n<figure id=\"attachment_63605\" aria-describedby=\"caption-attachment-63605\" style=\"width: 2048px\" class=\"wp-caption aligncenter\"><a href=\"https:\/\/rioonwatch.org.br\/wp-content\/uploads\/2022\/10\/Raull-Santiago_Reproducao-redes-sociais.jpg\"><img loading=\"lazy\" decoding=\"async\" class=\"wp-image-63605 size-full\" title=\"Raull Santiago no Complexo do Alem\u00e3o com bandeira em apoio ao presidente Lula, ap\u00f3s criminaliza\u00e7\u00e3o do bon\u00e9 do CPX. Foto: Reprodu\u00e7\u00e3o\" src=\"https:\/\/rioonwatch.org.br\/wp-content\/uploads\/2022\/10\/Raull-Santiago_Reproducao-redes-sociais.jpg\" alt=\"Raull Santiago no Complexo do Alem\u00e3o com bandeira em apoio ao presidente Lula, ap\u00f3s criminaliza\u00e7\u00e3o do bon\u00e9 do CPX. Foto: Reprodu\u00e7\u00e3o\" width=\"2048\" height=\"2048\" srcset=\"https:\/\/rioonwatch.org.br\/wp-content\/uploads\/2022\/10\/Raull-Santiago_Reproducao-redes-sociais.jpg 2048w, https:\/\/rioonwatch.org.br\/wp-content\/uploads\/2022\/10\/Raull-Santiago_Reproducao-redes-sociais-620x620.jpg 620w, https:\/\/rioonwatch.org.br\/wp-content\/uploads\/2022\/10\/Raull-Santiago_Reproducao-redes-sociais-629x629.jpg 629w, https:\/\/rioonwatch.org.br\/wp-content\/uploads\/2022\/10\/Raull-Santiago_Reproducao-redes-sociais-1536x1536.jpg 1536w\" sizes=\"(max-width: 2048px) 100vw, 2048px\" \/><\/a><figcaption id=\"caption-attachment-63605\" class=\"wp-caption-text\">Raull Santiago no Complexo do Alem\u00e3o com bandeira em apoio ao presidente Lula, ap\u00f3s criminaliza\u00e7\u00e3o do bon\u00e9 do CPX. Foto: Reprodu\u00e7\u00e3o<\/figcaption><\/figure>\n<p>Cria do Complexo do Alem\u00e3o, Raull Santiago \u00e9 defensor dos direitos humanos no Rio de Janeiro. Em 27 de mar\u00e7o de 2014, co-fundou o <a href=\"http:\/\/bit.ly\/2PbPnwV\" target=\"_blank\" rel=\"noopener\">Coletivo Papo Reto<\/a>: um coletivo de comunica\u00e7\u00e3o independente, que <a href=\"http:\/\/bit.ly\/3wNLDVk\" target=\"_blank\" rel=\"noopener\">documenta a vida no Complexo do Alem\u00e3o<\/a>. No come\u00e7o, a inten\u00e7\u00e3o do grupo era chamar a aten\u00e7\u00e3o para o que estava acontecendo na favela em meio \u00e0 pacifica\u00e7\u00e3o do Complexo do Alem\u00e3o, <a href=\"http:\/\/bit.ly\/1zT24bf\" target=\"_blank\" rel=\"noopener\">destacando a viol\u00eancia policial que era ignorada pela m\u00eddia tradicional<\/a>. Cria da primeira gera\u00e7\u00e3o de jovens de favelas com acesso a <em>smartphones<\/em>, Raull vem desde ent\u00e3o usando as suas contas nas m\u00eddias sociais,<span style=\"font-weight: 400;\">\u00a0<\/span>que hoje somam quase 600.000 seguidores, para comunicar exatamente, o papo reto.<\/p>\n<p>Abaixo, em entrevista ao <em>RioOnWatch<\/em>, Raull Santiago conta com mais detalhes a sucess\u00e3o de acontecimentos at\u00e9 a den\u00fancia do caso na Delegacia de Crimes Raciais e Delitos de Intoler\u00e2ncia, no dia 9 de janeiro.<\/p>\n<h4><b><em>RioOnWatch<\/em>: Por que voc\u00ea acredita ter se tornado alvo em campanhas de not\u00edcias falsas?<\/b><\/h4>\n<p><strong>Raull Santiago:<\/strong> \u00c9 importante dizer que tem uma linha do tempo das <em>fake news<\/em>&#8230; Eu acredito que desde a \u00e9poca do golpe da Dilma, \u00e9poca que a gente j\u00e1 postava textos nas redes sociais contra governos autorit\u00e1rios, entramos no radar da ultradireita, do bolsonarismo, do fascismo. O Bolsonaro ganha, a gente continua ali ferrenho, n\u00e9? Contra todo o significado perverso do que a presen\u00e7a do Bolsonaro na presid\u00eancia do nosso pa\u00eds. A\u00ed v\u00eam as elei\u00e7\u00f5es [2022], n\u00e9? E a\u00ed a gente explode no radar deles quando o Lula vem ao Complexo do Alem\u00e3o. Mais ainda porque, quando Hector [um mobilizador do <em>Voz das Comunidades<\/em>] entrega um bon\u00e9 do CPX para <a href=\"https:\/\/bit.ly\/3LIGzIm\" target=\"_blank\" rel=\"noopener\">Camila Moradia<\/a>, ela coloca esse bon\u00e9 no Lula. Esse bon\u00e9 viraliza no final da corrida do segundo turno da elei\u00e7\u00e3o, como uma <em>fake news<\/em>, n\u00e9? <a href=\"https:\/\/bit.ly\/3DhtC4q\" target=\"_blank\" rel=\"noopener\">Criminalizando a\u00ed n\u00e3o s\u00f3 n\u00f3s, mas, a partir do Complexo do Alem\u00e3o, todas as periferias e favelas<\/a>, no sentido em que se acusa a sigla a ter rela\u00e7\u00e3o ao crime, n\u00e9? Quando a pr\u00f3pria unidade de Pol\u00edcia Pacificadora nos complexos do Alem\u00e3o e da Penha e, em outras \u00e1reas, usam a abrevia\u00e7\u00e3o CPX para falar de &#8220;complexo&#8221;. N\u00f3s, moradores e moradoras, usamos CPX como refer\u00eancia ao lugar onde a gente vive.<\/p>\n<h4><b><em>RioOnWatch<\/em>:<\/b> <b>Quando foi que a informa\u00e7\u00e3o das <em>fake news<\/em> chegou at\u00e9 voc\u00ea, e quantas foram?<\/b><\/h4>\n<p><strong>Raull Santiago:<\/strong> A gente sofreu bastante ataque antes e depois das elei\u00e7\u00f5es de 2022. Eu acho que essa onda vem numa escalada da gente entrando no radar bolsonarista, de ultradireita que tem pensamentos arcaicos, culminando na recente <em>fake news<\/em>, que infelizmente afirma que eu estou envolvido [com o tr\u00e1fico]. As informa\u00e7\u00f5es das <em>fake news<\/em> chegaram j\u00e1 no dia seguinte da manh\u00e3 dos atos golpistas, n\u00e9? [Eu soube] quando elas come\u00e7aram a ser postadas por v\u00e1rias pessoas das minhas redes sociais, principalmente no <em>Twitter<\/em> e no<em> Instagram<\/em> me marcando, me mostrando o que estava acontecendo&#8230; que estavam botando a minha cara no meio dos atos de terrorismo e vandalismo, me associando \u00e0quelas imagens.<\/p>\n<h4><b><em>RioOnWatch<\/em>: A queixa-crime que voc\u00ea registrou tamb\u00e9m foi por inj\u00faria racial. Por que optou por, al\u00e9m de registrar as <em>fakes news<\/em>, apresentar uma queixa-crime separado?<\/b><\/h4>\n<p><strong>Raull Santiago:<\/strong> A gente fez uma den\u00fancia na delegacia especializada como crime racial, porque a gente est\u00e1 muito preocupado com a imagem dos outros meninos, n\u00e9? Que nitidamente foram associadas a essa situa\u00e7\u00e3o s\u00f3 por serem jovens negros de favela. Tamb\u00e9m teve o caso de me confundir, estrategicamente, [e] me colocar como seguran\u00e7a daquele espa\u00e7o e n\u00e3o como uma pessoa que foi convidada a estar na posse pela Presid\u00eancia da Rep\u00fablica. Ent\u00e3o, a nossa primeira den\u00fancia foi na delegacia de crimes de inj\u00faria racial por conta de todo esse processo. A gente preparou um dossi\u00ea para abrir outra den\u00fancia numa especializada em crimes de internet. N\u00f3s identificamos v\u00e1rias das pessoas que est\u00e3o compartilhando essas <em>fake news<\/em>.<\/p>\n<h4><b><em>RioOnWatch<\/em>: Desde o apoio nas elei\u00e7\u00f5es de 2022 ao Presidente Lula, voc\u00ea e Rene Silva s\u00e3o alvo de <em>fake news<\/em>. Voc\u00ea acredita que esse processo se deve \u00e0 criminaliza\u00e7\u00e3o da pobreza? Qual o seu maior medo ou receio com a circula\u00e7\u00e3o de <em>fake news<\/em>?<\/b><\/h4>\n<figure id=\"attachment_16154\" aria-describedby=\"caption-attachment-16154\" style=\"width: 500px\" class=\"wp-caption alignright\"><a href=\"https:\/\/rioonwatch.org.br\/wp-content\/uploads\/2015\/08\/Raull-Santiago-fala-no-protesto-Ta-Tudo-Errado-e1440619870303.jpg\"><img loading=\"lazy\" decoding=\"async\" class=\"wp-image-16154\" title=\"Raull Santiago em atividade e mobiliza\u00e7\u00e3o na feira da favela da Grota, no Complexo do Alem\u00e3o. Foto: Reprodu\u00e7\u00e3o\" src=\"https:\/\/rioonwatch.org.br\/wp-content\/uploads\/2015\/08\/Raull-Santiago-fala-no-protesto-Ta-Tudo-Errado-620x465.jpg\" alt=\"Raull Santiago em atividade e mobiliza\u00e7\u00e3o na feira da favela da Grota, no Complexo do Alem\u00e3o. Foto: Reprodu\u00e7\u00e3o\" width=\"500\" height=\"375\" \/><\/a><figcaption id=\"caption-attachment-16154\" class=\"wp-caption-text\">Raull Santiago em atividade e mobiliza\u00e7\u00e3o na feira da favela da Grota, no Complexo do Alem\u00e3o. Foto: Reprodu\u00e7\u00e3o<\/figcaption><\/figure>\n<p><strong>Raull Santiago:<\/strong> Sem d\u00favida. Ficou exposta a realidade de um Brasil que sempre existiu, mas que era mais t\u00edmido, n\u00e9? Mascarado antes, agora, no per\u00edodo do bolsonarismo, ele se exp\u00f4s. \u00c9 um Brasil com pensamento fascista, com pensamento de ultradireita, de supremacia branca, que pensa ter uma supremacia financeira sobre as pessoas negras e pobres. Eu acho que isso se escancarou nos \u00faltimos quatro anos de governo Bolsonaro. Para eles, pessoas como o Rene Silva e eu, que tivemos aproxima\u00e7\u00e3o com o Lula e a Janja nesse per\u00edodo eleitoral, servem s\u00f3 para virar alvo da estrutura e n\u00e3o protagonista. Eu acho que esse sentimento se materializa em n\u00f3s, na Camila Moradia e em tantas outras pessoas [pretas], a face do que \u00e9 essa elite racista, n\u00e9? Que abomina jovens, negros, da favela, de bon\u00e9, de dread, com g\u00edria, tatuado. \u00c9 todo esse processo&#8230; essa materializa\u00e7\u00e3o do processo onde essa elite olha para n\u00f3s com preconceito e criminaliza\u00e7\u00e3o&#8230; Com certeza isso \u00e9 um dos processos que nos torna alvo, n\u00e9? Mas olha, infelizmente, n\u00e3o \u00e9 a primeira vez que eu passo por uma situa\u00e7\u00e3o de fake news. O meu medo, por exemplo, nessa fake news recente da depreda\u00e7\u00e3o em Bras\u00edlia, foi sobre os meninos que estavam numa das fotos comigo. Eu, querendo ou n\u00e3o, tenho uma rede social com bastante seguidor e eu tenho um contato direto com a imprensa de v\u00e1rios ve\u00edculos nacionais e internacionais, que seguem me ajudando, dando a not\u00edcia de que aquilo \u00e9 fake, explicando e me ajudando a multiplicar essa contranarrativa. Mas eu fiquei preocupado com os outros jovens negros da foto, principalmente porque eles trabalham muito na rua. Os meninos foram a minha maior crise. Mas a gente conversou bastante, denunciou junto esses casos, fomos juntos abrir o boletim de ocorr\u00eancia, inclusive tamb\u00e9m por seguran\u00e7a de todos n\u00f3s. Fizemos isso como uma ferramenta de seguran\u00e7a e blindagem, caso passemos por alguma situa\u00e7\u00e3o de viol\u00eancia direta, caso vire uma coisa f\u00edsica, n\u00e9?<\/p>\n<p><i>Sobre a autora: <\/i><a href=\"https:\/\/bit.ly\/3o2YA7Q\" target=\"_blank\" rel=\"noopener\"><i>Tatiana Lima<\/i><\/a><i> \u00e9 jornalista, comunicadora popular e rep\u00f3rter especial do RioOnWatch. Mestra em M\u00eddia e Cotidiano pela <a href=\"http:\/\/bit.ly\/3h2kC6O\" target=\"_blank\" rel=\"noopener\">UFF<\/a> e doutoranda em Comunica\u00e7\u00e3o pela mesma institui\u00e7\u00e3o, integra o <\/i><a href=\"https:\/\/bit.ly\/3mZf3bS\" target=\"_blank\" rel=\"noopener\"><i>Grupo de Pesquisa Pesquisadores Em Movimento<\/i><\/a><i> do Complexo do Alem\u00e3o. Feminista negra de pele clara e cria da Favela do Quitungo, hoje \u00e9 moradora do asfalto perif\u00e9rico do sub\u00farbio do Rio.<\/i><\/p>\n<p><em>Sobre o artista:\u00a0<a href=\"https:\/\/bit.ly\/35RVM5T\" target=\"_blank\" rel=\"noopener\">Rodrigo C\u00e2ndido<\/a> \u00e9 ilustrador e quadrinista, cujo foco \u00e9 colocar gente preta em todas as narrativas imagin\u00e1veis. Seu trabalho tem influ\u00eancias de afrofuturismo, games, m\u00fasica e a hist\u00f3ria de grandes negros e negras que moldaram a humanidade.<\/em><\/p>\n<hr \/>\n<h4><b data-stringify-type=\"bold\">Apoie nossos esfor\u00e7os para fornecer apoio estrat\u00e9gico \u00e0s favelas do Rio, incluindo o jornalismo hiperlocal, cr\u00edtico, inovador e incans\u00e1vel do\u00a0<\/b><b data-stringify-type=\"bold\"><i data-stringify-type=\"italic\">RioOnWatch<\/i><\/b>\u2014<a class=\"c-link\" href=\"http:\/\/www.bit.ly\/ApoieROW\" target=\"_blank\" rel=\"noopener noreferrer\" data-stringify-link=\"http:\/\/www.bit.ly\/ApoieROW\" data-sk=\"tooltip_parent\">doe aqui<\/a>.<b><\/b><\/h4>\n<!-- AddThis Advanced Settings generic via filter on the_content --><!-- AddThis Share Buttons generic via filter on the_content -->","protected":false},"excerpt":{"rendered":"<div class=\"mh-excerpt\"><p>Click Here for English A criminaliza\u00e7\u00e3o da pobreza n\u00e3o \u00e9 um fen\u00f4meno novo. Trata-se de uma manifesta\u00e7\u00e3o global de preconceito, xenofobia, racismo, classismo e discrimina\u00e7\u00e3o social contra as popula\u00e7\u00f5es mais vulner\u00e1veis em todo o mundo. <a class=\"mh-excerpt-more\" href=\"https:\/\/rioonwatch.org.br\/?p=65680\" title=\"Viol\u00eancia Pol\u00edtica Atrav\u00e9s de Not\u00edcias Falsas: Uma Nova Face da Criminaliza\u00e7\u00e3o da Pobreza e de Lideran\u00e7as Comunit\u00e1rias nas Favelas\">[&#8230;]<\/a><!-- AddThis Advanced Settings generic via filter on get_the_excerpt --><!-- AddThis Share Buttons generic via filter on get_the_excerpt --><\/p>\n<\/div>","protected":false},"author":179,"featured_media":65923,"comment_status":"closed","ping_status":"closed","sticky":false,"template":"template-full.php","format":"standard","meta":{"_acf_changed":false,"_monsterinsights_skip_tracking":false,"_monsterinsights_sitenote_active":false,"_monsterinsights_sitenote_note":"","_monsterinsights_sitenote_category":0,"footnotes":""},"categories":[1621,3175,346,1629,1625,1613],"tags":[386,3253,217,1530,1239,1319,479,3143,88,3173,2271,2344,1418,1455,2269,1841,1033,30,3176,2003,218],"writer":[2800],"translator":[],"source":[],"ilustrador":[3286],"fotografo":[],"class_list":{"0":"post-65680","1":"post","2":"type-post","3":"status-publish","4":"format-standard","5":"has-post-thumbnail","7":"category-destaque","8":"category-democracia","9":"category-denuncias","10":"category-entrevistas-e-perfis","11":"category-por-correspondentes-comunitarios","12":"category-midia-comunitaria","13":"tag-estigma","14":"tag-antirracismo","15":"tag-complexo-do-alemao","16":"tag-midia-comunitaria","17":"tag-criminalizacao-da-pobreza","18":"tag-cufa","19":"tag-democracia","20":"tag-direito-a-favela","21":"tag-direitos-humanos","22":"tag-eleicoes-2022","23":"tag-fake-news","24":"tag-ibge","25":"tag-coletivo-papo-reto","26":"tag-internet","27":"tag-jair-bolsonaro","28":"tag-lula","29":"tag-politica","30":"tag-violencia","31":"tag-violencia-politica","32":"tag-voz-das-comunidades","33":"tag-zona-norte","34":"writer-tatiana-lima","35":"ilustrador-rodrigo-candido"},"acf":[],"yoast_head":"<!-- This site is optimized with the Yoast SEO plugin v25.6 - https:\/\/yoast.com\/wordpress\/plugins\/seo\/ -->\n<title>Viol\u00eancia Pol\u00edtica Atrav\u00e9s de Not\u00edcias Falsas: Uma Nova Face da Criminaliza\u00e7\u00e3o da Pobreza e de Lideran\u00e7as Comunit\u00e1rias nas Favelas - RioOnWatch<\/title>\n<meta name=\"robots\" content=\"index, follow, max-snippet:-1, max-image-preview:large, max-video-preview:-1\" \/>\n<link rel=\"canonical\" href=\"https:\/\/rioonwatch.org.br\/?p=65680\" \/>\n<meta property=\"og:locale\" content=\"pt_BR\" \/>\n<meta property=\"og:type\" content=\"article\" \/>\n<meta property=\"og:title\" content=\"Viol\u00eancia Pol\u00edtica Atrav\u00e9s de Not\u00edcias Falsas: Uma Nova Face da Criminaliza\u00e7\u00e3o da Pobreza e de Lideran\u00e7as Comunit\u00e1rias nas Favelas - RioOnWatch\" \/>\n<meta property=\"og:description\" content=\"Click Here for English A criminaliza\u00e7\u00e3o da pobreza n\u00e3o \u00e9 um fen\u00f4meno novo. Trata-se de uma manifesta\u00e7\u00e3o global de preconceito, xenofobia, racismo, classismo e discrimina\u00e7\u00e3o social contra as popula\u00e7\u00f5es mais vulner\u00e1veis em todo o mundo. [...]\" \/>\n<meta property=\"og:url\" content=\"https:\/\/rioonwatch.org.br\/?p=65680\" \/>\n<meta property=\"og:site_name\" content=\"RioOnWatch\" \/>\n<meta property=\"article:published_time\" content=\"2023-03-23T20:49:26+00:00\" \/>\n<meta property=\"article:modified_time\" content=\"2024-06-20T16:36:20+00:00\" \/>\n<meta property=\"og:image\" content=\"https:\/\/rioonwatch.org.br\/wp-content\/uploads\/2023\/02\/Arte-original-por-Rodrigo-Candido-1479x629.png\" \/>\n\t<meta property=\"og:image:width\" content=\"1479\" \/>\n\t<meta property=\"og:image:height\" content=\"629\" \/>\n\t<meta property=\"og:image:type\" content=\"image\/png\" \/>\n<meta name=\"author\" content=\"Janaina Tavares\" \/>\n<meta name=\"twitter:card\" content=\"summary_large_image\" \/>\n<meta name=\"twitter:label1\" content=\"Escrito por\" \/>\n\t<meta name=\"twitter:data1\" content=\"Janaina Tavares\" \/>\n\t<meta name=\"twitter:label2\" content=\"Est. tempo de leitura\" \/>\n\t<meta name=\"twitter:data2\" content=\"18 minutos\" \/>\n<script type=\"application\/ld+json\" class=\"yoast-schema-graph\">{\"@context\":\"https:\/\/schema.org\",\"@graph\":[{\"@type\":\"Article\",\"@id\":\"https:\/\/rioonwatch.org.br\/?p=65680#article\",\"isPartOf\":{\"@id\":\"https:\/\/rioonwatch.org.br\/?p=65680\"},\"author\":{\"name\":\"Janaina Tavares\",\"@id\":\"https:\/\/rioonwatch.org.br\/#\/schema\/person\/feb227e5e7679aacc3d672e375cae1bd\"},\"headline\":\"Viol\u00eancia Pol\u00edtica Atrav\u00e9s de Not\u00edcias Falsas: Uma Nova Face da Criminaliza\u00e7\u00e3o da Pobreza e de Lideran\u00e7as Comunit\u00e1rias nas Favelas\",\"datePublished\":\"2023-03-23T20:49:26+00:00\",\"dateModified\":\"2024-06-20T16:36:20+00:00\",\"mainEntityOfPage\":{\"@id\":\"https:\/\/rioonwatch.org.br\/?p=65680\"},\"wordCount\":3339,\"publisher\":{\"@id\":\"https:\/\/rioonwatch.org.br\/#organization\"},\"image\":{\"@id\":\"https:\/\/rioonwatch.org.br\/?p=65680#primaryimage\"},\"thumbnailUrl\":\"https:\/\/rioonwatch.org.br\/wp-content\/uploads\/2023\/02\/Arte-original-por-Rodrigo-Candido.png\",\"keywords\":[\"#StopFavelaStigma\",\"Antirracismo\",\"Complexo do Alem\u00e3o\",\"Comunica\u00e7\u00e3o Comunit\u00e1ria\",\"criminaliza\u00e7\u00e3o da pobreza\",\"CUFA\",\"Democracia\",\"Direito \u00e0 favela\",\"Direitos Humanos\",\"elei\u00e7\u00f5es 2022\",\"Fake news\",\"IBGE\",\"Instituto Papo Reto\",\"internet\",\"Jair Bolsonaro\",\"Lula\",\"pol\u00edtica\",\"viol\u00eancia\",\"viol\u00eancia pol\u00edtica\",\"Voz das Comunidades\",\"Zona Norte\"],\"articleSection\":[\"*Destaque\",\"Democracia\",\"Den\u00fancias\",\"Entrevistas e Perfis\",\"Escrito por Comunicadores Populares\",\"M\u00eddia Comunit\u00e1ria\"],\"inLanguage\":\"pt-BR\"},{\"@type\":\"WebPage\",\"@id\":\"https:\/\/rioonwatch.org.br\/?p=65680\",\"url\":\"https:\/\/rioonwatch.org.br\/?p=65680\",\"name\":\"Viol\u00eancia Pol\u00edtica Atrav\u00e9s de Not\u00edcias Falsas: Uma Nova Face da Criminaliza\u00e7\u00e3o da Pobreza e de Lideran\u00e7as Comunit\u00e1rias nas Favelas - RioOnWatch\",\"isPartOf\":{\"@id\":\"https:\/\/rioonwatch.org.br\/#website\"},\"primaryImageOfPage\":{\"@id\":\"https:\/\/rioonwatch.org.br\/?p=65680#primaryimage\"},\"image\":{\"@id\":\"https:\/\/rioonwatch.org.br\/?p=65680#primaryimage\"},\"thumbnailUrl\":\"https:\/\/rioonwatch.org.br\/wp-content\/uploads\/2023\/02\/Arte-original-por-Rodrigo-Candido.png\",\"datePublished\":\"2023-03-23T20:49:26+00:00\",\"dateModified\":\"2024-06-20T16:36:20+00:00\",\"breadcrumb\":{\"@id\":\"https:\/\/rioonwatch.org.br\/?p=65680#breadcrumb\"},\"inLanguage\":\"pt-BR\",\"potentialAction\":[{\"@type\":\"ReadAction\",\"target\":[\"https:\/\/rioonwatch.org.br\/?p=65680\"]}]},{\"@type\":\"ImageObject\",\"inLanguage\":\"pt-BR\",\"@id\":\"https:\/\/rioonwatch.org.br\/?p=65680#primaryimage\",\"url\":\"https:\/\/rioonwatch.org.br\/wp-content\/uploads\/2023\/02\/Arte-original-por-Rodrigo-Candido.png\",\"contentUrl\":\"https:\/\/rioonwatch.org.br\/wp-content\/uploads\/2023\/02\/Arte-original-por-Rodrigo-Candido.png\",\"width\":2481,\"height\":1055,\"caption\":\"Arte original por Rodrigo C\u00e2ndido\"},{\"@type\":\"BreadcrumbList\",\"@id\":\"https:\/\/rioonwatch.org.br\/?p=65680#breadcrumb\",\"itemListElement\":[{\"@type\":\"ListItem\",\"position\":1,\"name\":\"In\u00edcio\",\"item\":\"https:\/\/rioonwatch.org.br\/\"},{\"@type\":\"ListItem\",\"position\":2,\"name\":\"Viol\u00eancia Pol\u00edtica Atrav\u00e9s de Not\u00edcias Falsas: Uma Nova Face da Criminaliza\u00e7\u00e3o da Pobreza e de Lideran\u00e7as Comunit\u00e1rias nas Favelas\"}]},{\"@type\":\"WebSite\",\"@id\":\"https:\/\/rioonwatch.org.br\/#website\",\"url\":\"https:\/\/rioonwatch.org.br\/\",\"name\":\"RioOnWatch\",\"description\":\"relatos das favelas cariocas\",\"publisher\":{\"@id\":\"https:\/\/rioonwatch.org.br\/#organization\"},\"potentialAction\":[{\"@type\":\"SearchAction\",\"target\":{\"@type\":\"EntryPoint\",\"urlTemplate\":\"https:\/\/rioonwatch.org.br\/?s={search_term_string}\"},\"query-input\":{\"@type\":\"PropertyValueSpecification\",\"valueRequired\":true,\"valueName\":\"search_term_string\"}}],\"inLanguage\":\"pt-BR\"},{\"@type\":\"Organization\",\"@id\":\"https:\/\/rioonwatch.org.br\/#organization\",\"name\":\"RioOnWatch\",\"url\":\"https:\/\/rioonwatch.org.br\/\",\"logo\":{\"@type\":\"ImageObject\",\"inLanguage\":\"pt-BR\",\"@id\":\"https:\/\/rioonwatch.org.br\/#\/schema\/logo\/image\/\",\"url\":\"https:\/\/rioonwatch.org.br\/wp-content\/uploads\/2021\/06\/RioOnWatchcabecalhoPT11anos-2.png\",\"contentUrl\":\"https:\/\/rioonwatch.org.br\/wp-content\/uploads\/2021\/06\/RioOnWatchcabecalhoPT11anos-2.png\",\"width\":779,\"height\":277,\"caption\":\"RioOnWatch\"},\"image\":{\"@id\":\"https:\/\/rioonwatch.org.br\/#\/schema\/logo\/image\/\"}},{\"@type\":\"Person\",\"@id\":\"https:\/\/rioonwatch.org.br\/#\/schema\/person\/feb227e5e7679aacc3d672e375cae1bd\",\"name\":\"Janaina Tavares\",\"image\":{\"@type\":\"ImageObject\",\"inLanguage\":\"pt-BR\",\"@id\":\"https:\/\/rioonwatch.org.br\/#\/schema\/person\/image\/\",\"url\":\"https:\/\/secure.gravatar.com\/avatar\/83bb5bb4f8b0c5ad63f35939640eaaa2?s=96&d=blank&r=g\",\"contentUrl\":\"https:\/\/secure.gravatar.com\/avatar\/83bb5bb4f8b0c5ad63f35939640eaaa2?s=96&d=blank&r=g\",\"caption\":\"Janaina Tavares\"},\"url\":\"https:\/\/rioonwatch.org.br\/?author=179\"}]}<\/script>\n<!-- \/ Yoast SEO plugin. -->","yoast_head_json":{"title":"Viol\u00eancia Pol\u00edtica Atrav\u00e9s de Not\u00edcias Falsas: Uma Nova Face da Criminaliza\u00e7\u00e3o da Pobreza e de Lideran\u00e7as Comunit\u00e1rias nas Favelas - RioOnWatch","robots":{"index":"index","follow":"follow","max-snippet":"max-snippet:-1","max-image-preview":"max-image-preview:large","max-video-preview":"max-video-preview:-1"},"canonical":"https:\/\/rioonwatch.org.br\/?p=65680","og_locale":"pt_BR","og_type":"article","og_title":"Viol\u00eancia Pol\u00edtica Atrav\u00e9s de Not\u00edcias Falsas: Uma Nova Face da Criminaliza\u00e7\u00e3o da Pobreza e de Lideran\u00e7as Comunit\u00e1rias nas Favelas - RioOnWatch","og_description":"Click Here for English A criminaliza\u00e7\u00e3o da pobreza n\u00e3o \u00e9 um fen\u00f4meno novo. Trata-se de uma manifesta\u00e7\u00e3o global de preconceito, xenofobia, racismo, classismo e discrimina\u00e7\u00e3o social contra as popula\u00e7\u00f5es mais vulner\u00e1veis em todo o mundo. [...]","og_url":"https:\/\/rioonwatch.org.br\/?p=65680","og_site_name":"RioOnWatch","article_published_time":"2023-03-23T20:49:26+00:00","article_modified_time":"2024-06-20T16:36:20+00:00","og_image":[{"width":1479,"height":629,"url":"https:\/\/rioonwatch.org.br\/wp-content\/uploads\/2023\/02\/Arte-original-por-Rodrigo-Candido-1479x629.png","type":"image\/png"}],"author":"Janaina Tavares","twitter_card":"summary_large_image","twitter_misc":{"Escrito por":"Janaina Tavares","Est. tempo de leitura":"18 minutos"},"schema":{"@context":"https:\/\/schema.org","@graph":[{"@type":"Article","@id":"https:\/\/rioonwatch.org.br\/?p=65680#article","isPartOf":{"@id":"https:\/\/rioonwatch.org.br\/?p=65680"},"author":{"name":"Janaina Tavares","@id":"https:\/\/rioonwatch.org.br\/#\/schema\/person\/feb227e5e7679aacc3d672e375cae1bd"},"headline":"Viol\u00eancia Pol\u00edtica Atrav\u00e9s de Not\u00edcias Falsas: Uma Nova Face da Criminaliza\u00e7\u00e3o da Pobreza e de Lideran\u00e7as Comunit\u00e1rias nas Favelas","datePublished":"2023-03-23T20:49:26+00:00","dateModified":"2024-06-20T16:36:20+00:00","mainEntityOfPage":{"@id":"https:\/\/rioonwatch.org.br\/?p=65680"},"wordCount":3339,"publisher":{"@id":"https:\/\/rioonwatch.org.br\/#organization"},"image":{"@id":"https:\/\/rioonwatch.org.br\/?p=65680#primaryimage"},"thumbnailUrl":"https:\/\/rioonwatch.org.br\/wp-content\/uploads\/2023\/02\/Arte-original-por-Rodrigo-Candido.png","keywords":["#StopFavelaStigma","Antirracismo","Complexo do Alem\u00e3o","Comunica\u00e7\u00e3o Comunit\u00e1ria","criminaliza\u00e7\u00e3o da pobreza","CUFA","Democracia","Direito \u00e0 favela","Direitos Humanos","elei\u00e7\u00f5es 2022","Fake news","IBGE","Instituto Papo Reto","internet","Jair Bolsonaro","Lula","pol\u00edtica","viol\u00eancia","viol\u00eancia pol\u00edtica","Voz das Comunidades","Zona Norte"],"articleSection":["*Destaque","Democracia","Den\u00fancias","Entrevistas e Perfis","Escrito por Comunicadores Populares","M\u00eddia Comunit\u00e1ria"],"inLanguage":"pt-BR"},{"@type":"WebPage","@id":"https:\/\/rioonwatch.org.br\/?p=65680","url":"https:\/\/rioonwatch.org.br\/?p=65680","name":"Viol\u00eancia Pol\u00edtica Atrav\u00e9s de Not\u00edcias Falsas: Uma Nova Face da Criminaliza\u00e7\u00e3o da Pobreza e de Lideran\u00e7as Comunit\u00e1rias nas Favelas - RioOnWatch","isPartOf":{"@id":"https:\/\/rioonwatch.org.br\/#website"},"primaryImageOfPage":{"@id":"https:\/\/rioonwatch.org.br\/?p=65680#primaryimage"},"image":{"@id":"https:\/\/rioonwatch.org.br\/?p=65680#primaryimage"},"thumbnailUrl":"https:\/\/rioonwatch.org.br\/wp-content\/uploads\/2023\/02\/Arte-original-por-Rodrigo-Candido.png","datePublished":"2023-03-23T20:49:26+00:00","dateModified":"2024-06-20T16:36:20+00:00","breadcrumb":{"@id":"https:\/\/rioonwatch.org.br\/?p=65680#breadcrumb"},"inLanguage":"pt-BR","potentialAction":[{"@type":"ReadAction","target":["https:\/\/rioonwatch.org.br\/?p=65680"]}]},{"@type":"ImageObject","inLanguage":"pt-BR","@id":"https:\/\/rioonwatch.org.br\/?p=65680#primaryimage","url":"https:\/\/rioonwatch.org.br\/wp-content\/uploads\/2023\/02\/Arte-original-por-Rodrigo-Candido.png","contentUrl":"https:\/\/rioonwatch.org.br\/wp-content\/uploads\/2023\/02\/Arte-original-por-Rodrigo-Candido.png","width":2481,"height":1055,"caption":"Arte original por Rodrigo C\u00e2ndido"},{"@type":"BreadcrumbList","@id":"https:\/\/rioonwatch.org.br\/?p=65680#breadcrumb","itemListElement":[{"@type":"ListItem","position":1,"name":"In\u00edcio","item":"https:\/\/rioonwatch.org.br\/"},{"@type":"ListItem","position":2,"name":"Viol\u00eancia Pol\u00edtica Atrav\u00e9s de Not\u00edcias Falsas: Uma Nova Face da Criminaliza\u00e7\u00e3o da Pobreza e de Lideran\u00e7as Comunit\u00e1rias nas Favelas"}]},{"@type":"WebSite","@id":"https:\/\/rioonwatch.org.br\/#website","url":"https:\/\/rioonwatch.org.br\/","name":"RioOnWatch","description":"relatos das favelas cariocas","publisher":{"@id":"https:\/\/rioonwatch.org.br\/#organization"},"potentialAction":[{"@type":"SearchAction","target":{"@type":"EntryPoint","urlTemplate":"https:\/\/rioonwatch.org.br\/?s={search_term_string}"},"query-input":{"@type":"PropertyValueSpecification","valueRequired":true,"valueName":"search_term_string"}}],"inLanguage":"pt-BR"},{"@type":"Organization","@id":"https:\/\/rioonwatch.org.br\/#organization","name":"RioOnWatch","url":"https:\/\/rioonwatch.org.br\/","logo":{"@type":"ImageObject","inLanguage":"pt-BR","@id":"https:\/\/rioonwatch.org.br\/#\/schema\/logo\/image\/","url":"https:\/\/rioonwatch.org.br\/wp-content\/uploads\/2021\/06\/RioOnWatchcabecalhoPT11anos-2.png","contentUrl":"https:\/\/rioonwatch.org.br\/wp-content\/uploads\/2021\/06\/RioOnWatchcabecalhoPT11anos-2.png","width":779,"height":277,"caption":"RioOnWatch"},"image":{"@id":"https:\/\/rioonwatch.org.br\/#\/schema\/logo\/image\/"}},{"@type":"Person","@id":"https:\/\/rioonwatch.org.br\/#\/schema\/person\/feb227e5e7679aacc3d672e375cae1bd","name":"Janaina Tavares","image":{"@type":"ImageObject","inLanguage":"pt-BR","@id":"https:\/\/rioonwatch.org.br\/#\/schema\/person\/image\/","url":"https:\/\/secure.gravatar.com\/avatar\/83bb5bb4f8b0c5ad63f35939640eaaa2?s=96&d=blank&r=g","contentUrl":"https:\/\/secure.gravatar.com\/avatar\/83bb5bb4f8b0c5ad63f35939640eaaa2?s=96&d=blank&r=g","caption":"Janaina Tavares"},"url":"https:\/\/rioonwatch.org.br\/?author=179"}]}},"_links":{"self":[{"href":"https:\/\/rioonwatch.org.br\/index.php?rest_route=\/wp\/v2\/posts\/65680"}],"collection":[{"href":"https:\/\/rioonwatch.org.br\/index.php?rest_route=\/wp\/v2\/posts"}],"about":[{"href":"https:\/\/rioonwatch.org.br\/index.php?rest_route=\/wp\/v2\/types\/post"}],"author":[{"embeddable":true,"href":"https:\/\/rioonwatch.org.br\/index.php?rest_route=\/wp\/v2\/users\/179"}],"replies":[{"embeddable":true,"href":"https:\/\/rioonwatch.org.br\/index.php?rest_route=%2Fwp%2Fv2%2Fcomments&post=65680"}],"version-history":[{"count":84,"href":"https:\/\/rioonwatch.org.br\/index.php?rest_route=\/wp\/v2\/posts\/65680\/revisions"}],"predecessor-version":[{"id":67691,"href":"https:\/\/rioonwatch.org.br\/index.php?rest_route=\/wp\/v2\/posts\/65680\/revisions\/67691"}],"wp:featuredmedia":[{"embeddable":true,"href":"https:\/\/rioonwatch.org.br\/index.php?rest_route=\/wp\/v2\/media\/65923"}],"wp:attachment":[{"href":"https:\/\/rioonwatch.org.br\/index.php?rest_route=%2Fwp%2Fv2%2Fmedia&parent=65680"}],"wp:term":[{"taxonomy":"category","embeddable":true,"href":"https:\/\/rioonwatch.org.br\/index.php?rest_route=%2Fwp%2Fv2%2Fcategories&post=65680"},{"taxonomy":"post_tag","embeddable":true,"href":"https:\/\/rioonwatch.org.br\/index.php?rest_route=%2Fwp%2Fv2%2Ftags&post=65680"},{"taxonomy":"writer","embeddable":true,"href":"https:\/\/rioonwatch.org.br\/index.php?rest_route=%2Fwp%2Fv2%2Fwriter&post=65680"},{"taxonomy":"translator","embeddable":true,"href":"https:\/\/rioonwatch.org.br\/index.php?rest_route=%2Fwp%2Fv2%2Ftranslator&post=65680"},{"taxonomy":"source","embeddable":true,"href":"https:\/\/rioonwatch.org.br\/index.php?rest_route=%2Fwp%2Fv2%2Fsource&post=65680"},{"taxonomy":"ilustrador","embeddable":true,"href":"https:\/\/rioonwatch.org.br\/index.php?rest_route=%2Fwp%2Fv2%2Filustrador&post=65680"},{"taxonomy":"fotografo","embeddable":true,"href":"https:\/\/rioonwatch.org.br\/index.php?rest_route=%2Fwp%2Fv2%2Ffotografo&post=65680"}],"curies":[{"name":"wp","href":"https:\/\/api.w.org\/{rel}","templated":true}]}}