{"id":66033,"date":"2023-03-08T07:49:25","date_gmt":"2023-03-08T10:49:25","guid":{"rendered":"https:\/\/rioonwatch.org.br\/?p=66033"},"modified":"2024-06-20T13:45:44","modified_gmt":"2024-06-20T16:45:44","slug":"coroacao-de-maria-conga-em-mage-baixada-fluminense-ato-de-repudio-a-pichacao-nazista-e-racista-que-marcou-a-estatua-da-lider-quilombola-as-beiras-da-baia-de-guanabara","status":"publish","type":"post","link":"https:\/\/rioonwatch.org.br\/?p=66033","title":{"rendered":"Coroa\u00e7\u00e3o de Maria Conga, em Mag\u00e9: Ato de Rep\u00fadio \u00e0 Picha\u00e7\u00e3o que Marcou a Est\u00e1tua da L\u00edder Quilombola \u00e0s Beiras da Ba\u00eda de Guanabara"},"content":{"rendered":"<figure id=\"attachment_66084\" aria-describedby=\"caption-attachment-66084\" style=\"width: 2560px\" class=\"wp-caption aligncenter\"><a href=\"https:\/\/rioonwatch.org.br\/wp-content\/uploads\/2023\/02\/Legenda-Participantes-da-Coroacao-de-Maria-Conga-posam-em-frente-ao-busto-de-Maria-Conga-no-fim-do-ato-de-repudio-ao-vandalismo-nazista-e-racista-que-o-monumento-sofreu.-Foto-Barbara-Dias-scaled.jpg\"><img fetchpriority=\"high\" decoding=\"async\" class=\"wp-image-66084 size-full\" title=\"Participantes da &quot;Coroa\u00e7\u00e3o de Maria Conga&quot;, posam em frente ao busto de Maria Conga no fim do ato de rep\u00fadio ao vandalismo nazista e racista que o monumento sofreu. Foto: B\u00e1rbara Dias\" src=\"https:\/\/rioonwatch.org.br\/wp-content\/uploads\/2023\/02\/Legenda-Participantes-da-Coroacao-de-Maria-Conga-posam-em-frente-ao-busto-de-Maria-Conga-no-fim-do-ato-de-repudio-ao-vandalismo-nazista-e-racista-que-o-monumento-sofreu.-Foto-Barbara-Dias-scaled.jpg\" alt=\"Participantes da &quot;Coroa\u00e7\u00e3o de Maria Conga&quot;, posam em frente ao busto de Maria Conga no fim do ato de rep\u00fadio ao vandalismo nazista e racista que o monumento sofreu. Foto: B\u00e1rbara Dias\" width=\"2560\" height=\"1709\" srcset=\"https:\/\/rioonwatch.org.br\/wp-content\/uploads\/2023\/02\/Legenda-Participantes-da-Coroacao-de-Maria-Conga-posam-em-frente-ao-busto-de-Maria-Conga-no-fim-do-ato-de-repudio-ao-vandalismo-nazista-e-racista-que-o-monumento-sofreu.-Foto-Barbara-Dias-scaled.jpg 2560w, https:\/\/rioonwatch.org.br\/wp-content\/uploads\/2023\/02\/Legenda-Participantes-da-Coroacao-de-Maria-Conga-posam-em-frente-ao-busto-de-Maria-Conga-no-fim-do-ato-de-repudio-ao-vandalismo-nazista-e-racista-que-o-monumento-sofreu.-Foto-Barbara-Dias-620x414.jpg 620w, https:\/\/rioonwatch.org.br\/wp-content\/uploads\/2023\/02\/Legenda-Participantes-da-Coroacao-de-Maria-Conga-posam-em-frente-ao-busto-de-Maria-Conga-no-fim-do-ato-de-repudio-ao-vandalismo-nazista-e-racista-que-o-monumento-sofreu.-Foto-Barbara-Dias-942x629.jpg 942w\" sizes=\"(max-width: 2560px) 100vw, 2560px\" \/><\/a><figcaption id=\"caption-attachment-66084\" class=\"wp-caption-text\">Participantes da &#8220;Coroa\u00e7\u00e3o de Maria Conga&#8221;, posam em frente ao busto de Maria Conga no fim do ato de rep\u00fadio ao vandalismo nazista e racista que o monumento sofreu. Foto: B\u00e1rbara Dias<\/figcaption><\/figure>\n<h4 style=\"text-align: right;\"><a href=\"https:\/\/bit.ly\/3LtGtET\" target=\"_blank\" rel=\"noopener\"><em><strong>Click Here for English<img decoding=\"async\" class=\"alignright wp-image-15790\" src=\"https:\/\/rioonwatch.org.br\/wp-content\/uploads\/2012\/08\/EN-standard-e1439583104716.jpg\" alt=\"\" width=\"20\" height=\"20\" \/><\/strong><\/em><\/a><\/h4>\n<p><span style=\"font-weight: 400;\"><a href=\"http:\/\/bit.ly\/3Ir0DiJ\" target=\"_blank\" rel=\"noopener\">Maria Conga<\/a> foi uma l\u00edder <\/span><a href=\"http:\/\/bit.ly\/3IoqBmL\" target=\"_blank\" rel=\"noopener\"><span style=\"font-weight: 400;\">quilombola<\/span><\/a><span style=\"font-weight: 400;\"> que protagonizou a luta contra a escravid\u00e3o na cidade de <a href=\"http:\/\/bit.ly\/2M2sIfQ\" target=\"_blank\" rel=\"noopener\">Mag\u00e9<\/a>, <a href=\"http:\/\/bit.ly\/2EF7aoE\" target=\"_blank\" rel=\"noopener\">Baixada Fluminense<\/a>, no in\u00edcio do s\u00e9culo XIX. \u00c9 um exemplo de hero\u00edna da resist\u00eancia \u00e0 escraviza\u00e7\u00e3o que precisa ser relembrada e ter sua hist\u00f3ria preservada e defendida. Com este intuito, <a href=\"http:\/\/bit.ly\/40QdfqR\" target=\"_blank\" rel=\"noopener\">em novembro de 2021<\/a>, no p\u00eder da Piedade, um ponto tur\u00edstico em Mag\u00e9, foi inaugurado um busto em homenagem a Maria Conga. Contudo, pouco mais de um ano depois, <\/span><span style=\"font-weight: 400;\">em 5 de fevereiro de 2023, o monumento foi pichado com uma su\u00e1stica, um s\u00edmbolo nazista. O criminoso ainda n\u00e3o foi identificado.<\/span><\/p>\n<p><span style=\"font-weight: 400;\">O crime nazista e racista perpetrado contra o busto de Maria Conga levou \u00e0 organiza\u00e7\u00e3o de um protesto em frente ao seu monumento, em defesa da mem\u00f3ria da l\u00edder congo-brasileira, reunindo cerca de 50 pessoas em um ato simb\u00f3lico de &#8220;Coroa\u00e7\u00e3o de Maria Conga&#8221;<\/span>. Essa cerim\u00f4nia concretizou, cerca de 200 anos depois, algo para o qual Maria Conga havia nascido e para o qual havia sido preparada por seus pais, mas que, gra\u00e7as ao seu sequestro e tr\u00e1fico para o Brasil, nunca chegou a acontecer: ser coroada. <a href=\"http:\/\/bit.ly\/3lSk4Ib\" target=\"_blank\" rel=\"noopener\">Princesa africana<\/a>, filha de um Rei de Congo do s\u00e9culo XVIII, Maria Conga foi finalmente coroada e agora n\u00e3o \u00e9 mais princesa: \u00e9 rainha.<\/p>\n<p><span style=\"font-weight: 400;\">Para al\u00e9m da coroa\u00e7\u00e3o, a mobiliza\u00e7\u00e3o teve o objetivo de exigir que o poder p\u00fablico assegure a restaura\u00e7\u00e3o e prote\u00e7\u00e3o do monumento, investigue os respons\u00e1veis desse crime, evite futuros danos e pare de negligenciar e tratar com descaso as comunidades quilombolas de Mag\u00e9. O munic\u00edpio possui <\/span><a href=\"http:\/\/bit.ly\/3IoeWV2\" target=\"_blank\" rel=\"noopener\"><span style=\"font-weight: 400;\">tr\u00eas quilombos reconhecidos pela Funda\u00e7\u00e3o Palmares<\/span><\/a>.<span style=\"font-weight: 400;\"> Al\u00e9m do pr\u00f3prio <a href=\"https:\/\/bit.ly\/3kwg13V\" target=\"_blank\" rel=\"noopener\">Quilombo Maria Conga<\/a>, h\u00e1 o <a href=\"http:\/\/bit.ly\/3S1tLjz\" target=\"_blank\" rel=\"noopener\">Quilombo do Feital<\/a> e o <a href=\"http:\/\/bit.ly\/3E2XB1t\" target=\"_blank\" rel=\"noopener\">Quilombo Quilomb\u00e1<\/a>.<\/span><\/p>\n<figure id=\"attachment_66086\" aria-describedby=\"caption-attachment-66086\" style=\"width: 2560px\" class=\"wp-caption aligncenter\"><a href=\"https:\/\/rioonwatch.org.br\/wp-content\/uploads\/2023\/02\/Um-dos-organizadores-do-ato-mostra-uma-foto-no-celular-do-busto-de-Maria-Conga-vandalizado-com-simbolos-nazistas.-Foto-Barbara-Dias-scaled.jpg\"><img decoding=\"async\" class=\"wp-image-66086 size-full\" title=\"Um dos organizadores do ato mostra uma foto no celular do busto de Maria Conga vandalizado com s\u00edmbolos nazistas. Foto: B\u00e1rbara Dias\" src=\"https:\/\/rioonwatch.org.br\/wp-content\/uploads\/2023\/02\/Um-dos-organizadores-do-ato-mostra-uma-foto-no-celular-do-busto-de-Maria-Conga-vandalizado-com-simbolos-nazistas.-Foto-Barbara-Dias-scaled.jpg\" alt=\"Um dos organizadores do ato mostra uma foto no celular do busto de Maria Conga vandalizado com s\u00edmbolos nazistas. Foto: B\u00e1rbara Dias\" width=\"2560\" height=\"1709\" srcset=\"https:\/\/rioonwatch.org.br\/wp-content\/uploads\/2023\/02\/Um-dos-organizadores-do-ato-mostra-uma-foto-no-celular-do-busto-de-Maria-Conga-vandalizado-com-simbolos-nazistas.-Foto-Barbara-Dias-scaled.jpg 2560w, https:\/\/rioonwatch.org.br\/wp-content\/uploads\/2023\/02\/Um-dos-organizadores-do-ato-mostra-uma-foto-no-celular-do-busto-de-Maria-Conga-vandalizado-com-simbolos-nazistas.-Foto-Barbara-Dias-620x414.jpg 620w, https:\/\/rioonwatch.org.br\/wp-content\/uploads\/2023\/02\/Um-dos-organizadores-do-ato-mostra-uma-foto-no-celular-do-busto-de-Maria-Conga-vandalizado-com-simbolos-nazistas.-Foto-Barbara-Dias-942x629.jpg 942w\" sizes=\"(max-width: 2560px) 100vw, 2560px\" \/><\/a><figcaption id=\"caption-attachment-66086\" class=\"wp-caption-text\">Um dos organizadores do ato mostra uma foto no celular do busto de Maria Conga vandalizado com s\u00edmbolos nazistas. Foto: B\u00e1rbara Dias<\/figcaption><\/figure>\n<p>Estiveram presentes no ato o Quilombo Maria Conga, o <a href=\"http:\/\/bit.ly\/40Qf1Z3\" target=\"_blank\" rel=\"noopener\">Quilombo do Feital<\/a>, a Associa\u00e7\u00e3o Estadual das Comunidades Quilombolas do Estado do Rio de Janeiro (<a href=\"http:\/\/bit.ly\/3YxT5A6\" target=\"_blank\" rel=\"noopener\">ACQUILERJ<\/a>), o Centro Esp\u00edrita S\u00e3o Jorge Guerreiro, o <a href=\"http:\/\/bit.ly\/418D31B\" target=\"_blank\" rel=\"noopener\">Coletivo Guarani<\/a>, o <a href=\"http:\/\/bit.ly\/3xlxbnE\" target=\"_blank\" rel=\"noopener\">F\u00f3rum Clim\u00e1tico de Mag\u00e9<\/a>, o Movimento Negro Unificado (<a href=\"http:\/\/bit.ly\/3Ev6AsD\" target=\"_blank\" rel=\"noopener\">MNU<\/a>), a Iniciativa Direito \u00e0 Mem\u00f3ria e Justi\u00e7a Racial (<a href=\"http:\/\/bit.ly\/3Z8rjdF\" target=\"_blank\" rel=\"noopener\">IDMRJ<\/a>), o Comit\u00ea Popular de Lutas de Mag\u00e9, a <a href=\"http:\/\/bit.ly\/3E7TNvW\" target=\"_blank\" rel=\"noopener\">Frente Estadual pelo Desencarceramento RJ<\/a>, a <a href=\"http:\/\/bit.ly\/40PkuPL\" target=\"_blank\" rel=\"noopener\">Comiss\u00e3o de Igualdade Racial e Comiss\u00e3o de Direitos Humanos da OAB Mag\u00e9-Guapimirim<\/a>, a <a href=\"http:\/\/bit.ly\/3HWAWF8\" target=\"_blank\" rel=\"noopener\">Rede de Comunidades e Movimentos contra a Viol\u00eancia<\/a>, al\u00e9m de representantes da Prefeitura de Mag\u00e9, a <em>m\u00e3edata<\/em> (como chamam o mandato) da vereadora do Rio de Janeiro <a href=\"http:\/\/bit.ly\/3RVWS85\" target=\"_blank\" rel=\"noopener\">Thais Ferreira<\/a>, e o Deputado Federal <a href=\"http:\/\/bit.ly\/3lDWA9y\" target=\"_blank\" rel=\"noopener\">Henrique Vieira<\/a>. O protesto contou tamb\u00e9m com a presen\u00e7a de moradores locais e simpatizantes da figura hist\u00f3rica e religiosa de Maria Conga.<\/p>\n<h3><b>A Hist\u00f3ria de Vida da L\u00edder Quilombola Congo-Mageense<\/b><\/h3>\n<p><a href=\"http:\/\/bit.ly\/3Ir0DiJ\" target=\"_blank\" rel=\"noopener\">Maria Conga<\/a>, em vida, teve uma hist\u00f3ria de luta marcada pela liberta\u00e7\u00e3o de africanos e afro-brasileiros escravizados no Brasil. Atrav\u00e9s de fugas em bandos, facilitadas por um t\u00fanel constru\u00eddo por ela ligando regi\u00f5es escravistas \u00e0 regi\u00e3o onde ficava seu quilombo, ela concedeu aos negros escravizados de Mag\u00e9 a liberdade. M\u00e9todo de resgate, de certo modo, parecido com o utilizado por <a href=\"http:\/\/bit.ly\/3ISflQ0\" target=\"_blank\" rel=\"noopener\">Harriet Tubman<\/a> nos Estados Unidos.<\/p>\n<figure id=\"attachment_66088\" aria-describedby=\"caption-attachment-66088\" style=\"width: 2560px\" class=\"wp-caption aligncenter\"><a href=\"https:\/\/rioonwatch.org.br\/wp-content\/uploads\/2023\/02\/Busto-de-Maria-Conga-apos-a-Coroacao.-Foto-Barbara-Dias-scaled.jpg\"><img loading=\"lazy\" decoding=\"async\" class=\"wp-image-66088 size-full\" title=\"Busto de Maria Conga ap\u00f3s a &quot;Coroa\u00e7\u00e3o&quot;. Foto: B\u00e1rbara Dias\" src=\"https:\/\/rioonwatch.org.br\/wp-content\/uploads\/2023\/02\/Busto-de-Maria-Conga-apos-a-Coroacao.-Foto-Barbara-Dias-scaled.jpg\" alt=\"Busto de Maria Conga ap\u00f3s a &quot;Coroa\u00e7\u00e3o&quot;. Foto: B\u00e1rbara Dias\" width=\"2560\" height=\"1709\" srcset=\"https:\/\/rioonwatch.org.br\/wp-content\/uploads\/2023\/02\/Busto-de-Maria-Conga-apos-a-Coroacao.-Foto-Barbara-Dias-scaled.jpg 2560w, https:\/\/rioonwatch.org.br\/wp-content\/uploads\/2023\/02\/Busto-de-Maria-Conga-apos-a-Coroacao.-Foto-Barbara-Dias-620x414.jpg 620w, https:\/\/rioonwatch.org.br\/wp-content\/uploads\/2023\/02\/Busto-de-Maria-Conga-apos-a-Coroacao.-Foto-Barbara-Dias-942x629.jpg 942w\" sizes=\"(max-width: 2560px) 100vw, 2560px\" \/><\/a><figcaption id=\"caption-attachment-66088\" class=\"wp-caption-text\">Busto de Maria Conga ap\u00f3s a &#8220;Coroa\u00e7\u00e3o&#8221;. Foto: B\u00e1rbara Dias<\/figcaption><\/figure>\n<p><span style=\"font-weight: 400;\">Nascida no Congo em 1792, filha de um rei, foi trazida para a Bahia por volta de 1804. Aos 18 anos, foi vendida a um fazendeiro escravista de Mag\u00e9. Ap\u00f3s anos de luta, ela conseguiu sua alforria aos 35 anos de idade, quando fundou o quilombo. A figura da Maria Conga \u00e9 fundamental para a hist\u00f3ria da cidade de Mag\u00e9. <\/span><span style=\"font-weight: 400;\">Um dos organizadores do ato, <a href=\"http:\/\/bit.ly\/3Kc4JMK\" target=\"_blank\" rel=\"noopener\">Marcos Cesar Junior<\/a>, professor e morador do Quilombo Maria Conga, falou da import\u00e2ncia hist\u00f3rica da hero\u00edna congo-brasileira.<\/span><\/p>\n<blockquote><p><span style=\"font-weight: 400;\">\u201cEla foi fundadora do Quilombo Maria Conga, localizado no primeiro distrito, nos arredores do Morro Maria Conga. \u00c9 atribu\u00edda a ela a organiza\u00e7\u00e3o das fugas de pessoas escravizadas que eram desembarcadas de forma ilegal ap\u00f3s a <a href=\"http:\/\/bit.ly\/3lF0Rdb\" target=\"_blank\" rel=\"noopener\">Lei Feij\u00f3<\/a> [primeira lei a impedir a importa\u00e7\u00e3o de pessoas escravizadas], na <a href=\"https:\/\/bit.ly\/411me8r\" target=\"_blank\" rel=\"noopener\">Praia de Piedade<\/a> [em Mag\u00e9], onde ficava a Pra\u00e7a do Leil\u00e3o. No bairro da Piedade est\u00e1 localizado tamb\u00e9m o Quilombo do Feital, outro ponto de refer\u00eancia da luta contra a escraviza\u00e7\u00e3o. Nos contam os mais velhos que Maria Conga foi respons\u00e1vel pela constru\u00e7\u00e3o de um t\u00fanel que ligava Piedade ao Morro do Bonfim, por onde as fugas aconteciam.&#8221; <\/span>\u2014 Marcos Cesar Junior<\/p><\/blockquote>\n<figure id=\"attachment_66195\" aria-describedby=\"caption-attachment-66195\" style=\"width: 2560px\" class=\"wp-caption aligncenter\"><a href=\"https:\/\/rioonwatch.org.br\/wp-content\/uploads\/2023\/02\/Gisele-Florentino-do-Iniciativa-Direito-a-Memoria-e-Justica-Racial-IDMJR-fala-ao-publico-presente-no-ato-Coroacao-de-Maria-Conga-Foto-Barbara-Dias-scaled.jpg\"><img loading=\"lazy\" decoding=\"async\" class=\"wp-image-66195 size-full\" title=\"Giselle Florentino do Iniciativa Direito \u00e0 Mem\u00f3ria e Justi\u00e7a Racial (IDMJR) fala ao p\u00fablico presente no ato \u201cCoroa\u00e7\u00e3o de Maria Conga\u201d. Foto: B\u00e1rbara Dias\" src=\"https:\/\/rioonwatch.org.br\/wp-content\/uploads\/2023\/02\/Gisele-Florentino-do-Iniciativa-Direito-a-Memoria-e-Justica-Racial-IDMJR-fala-ao-publico-presente-no-ato-Coroacao-de-Maria-Conga-Foto-Barbara-Dias-scaled.jpg\" alt=\"Gisele Florentino do Iniciativa Direito \u00e0 Mem\u00f3ria e Justi\u00e7a Racial (IDMJR) fala ao p\u00fablico presente no ato \u201cCoroa\u00e7\u00e3o de Maria Conga\u201d. Foto: B\u00e1rbara Dias\" width=\"2560\" height=\"1709\" srcset=\"https:\/\/rioonwatch.org.br\/wp-content\/uploads\/2023\/02\/Gisele-Florentino-do-Iniciativa-Direito-a-Memoria-e-Justica-Racial-IDMJR-fala-ao-publico-presente-no-ato-Coroacao-de-Maria-Conga-Foto-Barbara-Dias-scaled.jpg 2560w, https:\/\/rioonwatch.org.br\/wp-content\/uploads\/2023\/02\/Gisele-Florentino-do-Iniciativa-Direito-a-Memoria-e-Justica-Racial-IDMJR-fala-ao-publico-presente-no-ato-Coroacao-de-Maria-Conga-Foto-Barbara-Dias-620x414.jpg 620w, https:\/\/rioonwatch.org.br\/wp-content\/uploads\/2023\/02\/Gisele-Florentino-do-Iniciativa-Direito-a-Memoria-e-Justica-Racial-IDMJR-fala-ao-publico-presente-no-ato-Coroacao-de-Maria-Conga-Foto-Barbara-Dias-942x629.jpg 942w\" sizes=\"(max-width: 2560px) 100vw, 2560px\" \/><\/a><figcaption id=\"caption-attachment-66195\" class=\"wp-caption-text\">Giselle Florentino da Iniciativa Direito \u00e0 Mem\u00f3ria e Justi\u00e7a Racial (IDMJR) fala ao p\u00fablico presente no ato \u201cCoroa\u00e7\u00e3o de Maria Conga\u201d. Foto: B\u00e1rbara Dias<\/figcaption><\/figure>\n<p><span style=\"font-weight: 400;\"><a href=\"http:\/\/bit.ly\/411mUuO\" target=\"_blank\" rel=\"noopener\">Giselle Florentino<\/a>, da <\/span><span style=\"font-weight: 400;\">Iniciativa Direito \u00e0 Mem\u00f3ria e Justi\u00e7a Racial<\/span><span style=\"font-weight: 400;\"> (IDMJR), falou durante o ato da necessidade da constru\u00e7\u00e3o de uma nova perspectiva de debate n\u00e3o s\u00f3 sobre a forma\u00e7\u00e3o dos quilombos, mas de como esses foram importantes na constru\u00e7\u00e3o da pr\u00f3pria Baixada Fluminense.<\/span><\/p>\n<blockquote><p><span style=\"font-weight: 400;\">\u201c<\/span><span style=\"font-weight: 400;\">Existe um debate que a Baixada Fluminense surgiu a partir do desenvolvimento agr\u00edcola da regi\u00e3o e a gente quer recontar uma outra hist\u00f3ria a partir do ponto de vista do povo negro, do povo ind\u00edgena e dos imigrantes. [A hist\u00f3ria] de que a funda\u00e7\u00e3o da Baixada Fluminense vem a partir de um complexo de quilombos chamado &#8216;<\/span><span style=\"font-weight: 400;\"><a href=\"http:\/\/bit.ly\/3XuOj51\" target=\"_blank\" rel=\"noopener\">Hidra de Igua\u00e7u<\/a>&#8216;<\/span><span style=\"font-weight: 400;\">, que era comandado <a href=\"https:\/\/bit.ly\/2XxMdYO\" target=\"_blank\" rel=\"noopener\">por mulheres pretas<\/a>. O Quilombo Maria Conga resistiu durante 100 anos aos intentos da Guarda Real de Portugal e foi considerado um dos mais mais resistentes e combativos nos tempo da Coroa. \u00c9 a partir dessa configura\u00e7\u00e3o social que vai se formar a Baixada Fluminense.\u201d\u00a0 \u2014 Giselle Florentino<\/span><\/p><\/blockquote>\n<figure id=\"attachment_66097\" aria-describedby=\"caption-attachment-66097\" style=\"width: 2560px\" class=\"wp-caption aligncenter\"><a href=\"https:\/\/rioonwatch.org.br\/wp-content\/uploads\/2023\/02\/Preparacao-das-flores-para-a-Coroacao-de-Maria-Conga.-Foto-Barbara-Dias-scaled.jpg\"><img loading=\"lazy\" decoding=\"async\" class=\"wp-image-66097 size-full\" title=\"Prepara\u00e7\u00e3o das flores para a Coroa\u00e7\u00e3o de Maria Conga. Foto: B\u00e1rbara Dias\" src=\"https:\/\/rioonwatch.org.br\/wp-content\/uploads\/2023\/02\/Preparacao-das-flores-para-a-Coroacao-de-Maria-Conga.-Foto-Barbara-Dias-scaled.jpg\" alt=\"Prepara\u00e7\u00e3o das flores para a Coroa\u00e7\u00e3o de Maria Conga. Foto: B\u00e1rbara Dias\" width=\"2560\" height=\"1709\" srcset=\"https:\/\/rioonwatch.org.br\/wp-content\/uploads\/2023\/02\/Preparacao-das-flores-para-a-Coroacao-de-Maria-Conga.-Foto-Barbara-Dias-scaled.jpg 2560w, https:\/\/rioonwatch.org.br\/wp-content\/uploads\/2023\/02\/Preparacao-das-flores-para-a-Coroacao-de-Maria-Conga.-Foto-Barbara-Dias-620x414.jpg 620w, https:\/\/rioonwatch.org.br\/wp-content\/uploads\/2023\/02\/Preparacao-das-flores-para-a-Coroacao-de-Maria-Conga.-Foto-Barbara-Dias-942x629.jpg 942w\" sizes=\"(max-width: 2560px) 100vw, 2560px\" \/><\/a><figcaption id=\"caption-attachment-66097\" class=\"wp-caption-text\">Prepara\u00e7\u00e3o das flores para a Coroa\u00e7\u00e3o de Maria Conga. Foto: B\u00e1rbara Dias<\/figcaption><\/figure>\n<p><span style=\"font-weight: 400;\">Maria Conga n\u00e3o s\u00f3 abrigava escravizados que conseguiam escapar da viol\u00eancia escravagista, ela tamb\u00e9m cuidava dos doentes, realizava partos e resolvia problemas da comunidade. Lutou at\u00e9 o fim de sua vida pelos que se tornaram seus filhos ao chegarem ao quilombo. E<\/span><span style=\"font-weight: 400;\">la <a href=\"http:\/\/bit.ly\/3Ir0DiJ\" target=\"_blank\" rel=\"noopener\">nunca foi capturada e morreu aos 90 anos<\/a>, de causas naturais.\u00a0<\/span><\/p>\n<figure id=\"attachment_66090\" aria-describedby=\"caption-attachment-66090\" style=\"width: 2560px\" class=\"wp-caption aligncenter\"><a href=\"https:\/\/rioonwatch.org.br\/wp-content\/uploads\/2023\/02\/Participantes-do-ato-Coroacao-de-Maria-Conga-num-ato-de-repudio-ao-vandalismo-nazista-e-racista-que-o-busto-sofreu.-Foto-Barbara-Dias-scaled.jpg\"><img loading=\"lazy\" decoding=\"async\" class=\"wp-image-66090 size-full\" title=\"Participantes do ato &quot;Coroa\u00e7\u00e3o de Maria Conga&quot;, num ato de rep\u00fadio ao vandalismo nazista e racista que o busto sofreu. Foto: B\u00e1rbara Dias\" src=\"https:\/\/rioonwatch.org.br\/wp-content\/uploads\/2023\/02\/Participantes-do-ato-Coroacao-de-Maria-Conga-num-ato-de-repudio-ao-vandalismo-nazista-e-racista-que-o-busto-sofreu.-Foto-Barbara-Dias-scaled.jpg\" alt=\"Participantes do ato &quot;Coroa\u00e7\u00e3o de Maria Conga&quot;, num ato de rep\u00fadio ao vandalismo nazista e racista que o busto sofreu. Foto: B\u00e1rbara Dias\" width=\"2560\" height=\"1709\" srcset=\"https:\/\/rioonwatch.org.br\/wp-content\/uploads\/2023\/02\/Participantes-do-ato-Coroacao-de-Maria-Conga-num-ato-de-repudio-ao-vandalismo-nazista-e-racista-que-o-busto-sofreu.-Foto-Barbara-Dias-scaled.jpg 2560w, https:\/\/rioonwatch.org.br\/wp-content\/uploads\/2023\/02\/Participantes-do-ato-Coroacao-de-Maria-Conga-num-ato-de-repudio-ao-vandalismo-nazista-e-racista-que-o-busto-sofreu.-Foto-Barbara-Dias-620x414.jpg 620w, https:\/\/rioonwatch.org.br\/wp-content\/uploads\/2023\/02\/Participantes-do-ato-Coroacao-de-Maria-Conga-num-ato-de-repudio-ao-vandalismo-nazista-e-racista-que-o-busto-sofreu.-Foto-Barbara-Dias-942x629.jpg 942w\" sizes=\"(max-width: 2560px) 100vw, 2560px\" \/><\/a><figcaption id=\"caption-attachment-66090\" class=\"wp-caption-text\">Participantes do ato &#8220;Coroa\u00e7\u00e3o de Maria Conga&#8221;, num ato de rep\u00fadio ao vandalismo nazista e racista que o busto sofreu. Foto: B\u00e1rbara Dias<\/figcaption><\/figure>\n<p><span style=\"font-weight: 400;\">Ela, ent\u00e3o, come\u00e7ou sua jornada como ancestral, tornando-se conhecida como <a href=\"https:\/\/bit.ly\/3XXbDJ1\" target=\"_blank\" rel=\"noopener\">Vov\u00f3 Maria Conga<\/a>, entidade espiritual cultuada na <a href=\"https:\/\/bit.ly\/38X9h6I\" target=\"_blank\" rel=\"noopener\">Umbanda<\/a>, religi\u00e3o de matriz afro-brasileira. Para os adeptos dessa religi\u00e3o, al\u00e9m da import\u00e2ncia hist\u00f3rica da figura de Maria Conga, como l\u00edder quilombola, existe ainda a import\u00e2ncia espiritual e ancestral. Sendo assim, o ataque nazista e racista vai al\u00e9m da figura hist\u00f3rica, ressoa tamb\u00e9m como um caso de <a href=\"https:\/\/bit.ly\/2MiebCP\" target=\"_blank\" rel=\"noopener\">racismo religioso<\/a>.<\/span><\/p>\n<p><iframe title=\"YouTube video player\" src=\"https:\/\/www.youtube.com\/embed\/hB5jgiwee2c\" width=\"1030\" height=\"563\" frameborder=\"0\" allowfullscreen=\"allowfullscreen\"><span data-mce-type=\"bookmark\" style=\"display: inline-block; width: 0px; overflow: hidden; line-height: 0;\" class=\"mce_SELRES_start\">\ufeff<\/span><\/iframe><\/p>\n<h3><b>O Ato de Rep\u00fadio \u00e0 Viol\u00eancia Nazista e Racista ao Busto de Maria Conga<\/b><\/h3>\n<p>A chamada para o ato \u201cCoroa\u00e7\u00e3o de Maria Conga\u201d solicitava que os participantes levassem flores brancas. Elas foram utilizadas para fazer uma coroa, que foi posta em volta da cabe\u00e7a do busto de Maria Conga, uma esp\u00e9cie de oferenda \u00e0 hero\u00edna quilombola, m\u00e3e e av\u00f3 de multid\u00f5es, libertadora de legi\u00f5es de negros escravizados, entidade espiritual de gera\u00e7\u00f5es de umbandistas.<\/p>\n<figure id=\"attachment_66091\" aria-describedby=\"caption-attachment-66091\" style=\"width: 2560px\" class=\"wp-caption aligncenter\"><a href=\"https:\/\/rioonwatch.org.br\/wp-content\/uploads\/2023\/02\/Marcos-Cesar-um-dos-organizadores-do-ato-coroa-o-busto-de-Maria-Conga-num-ato-de-reparacao-ao-ato-de-vandalismo-que-o-mesmo-havia-sofrido-ha-poucos-dias.-Foto-Barbara-Dias-scaled.jpg\"><img loading=\"lazy\" decoding=\"async\" class=\"wp-image-66091 size-full\" title=\"Marcos Cesar, um dos organizadores do ato, coroando o busto de Maria Conga, numa tentativa de repara\u00e7\u00e3o ao ato de vandalismo que o monumento havia sofrido h\u00e1 poucos dias. Foto: B\u00e1rbara Dias\" src=\"https:\/\/rioonwatch.org.br\/wp-content\/uploads\/2023\/02\/Marcos-Cesar-um-dos-organizadores-do-ato-coroa-o-busto-de-Maria-Conga-num-ato-de-reparacao-ao-ato-de-vandalismo-que-o-mesmo-havia-sofrido-ha-poucos-dias.-Foto-Barbara-Dias-scaled.jpg\" alt=\"Marcos Cesar, um dos organizadores do ato, coroando o busto de Maria Conga, numa tentativa de repara\u00e7\u00e3o ao ato de vandalismo que o monumento havia sofrido h\u00e1 poucos dias. Foto: B\u00e1rbara Dias\" width=\"2560\" height=\"1709\" srcset=\"https:\/\/rioonwatch.org.br\/wp-content\/uploads\/2023\/02\/Marcos-Cesar-um-dos-organizadores-do-ato-coroa-o-busto-de-Maria-Conga-num-ato-de-reparacao-ao-ato-de-vandalismo-que-o-mesmo-havia-sofrido-ha-poucos-dias.-Foto-Barbara-Dias-scaled.jpg 2560w, https:\/\/rioonwatch.org.br\/wp-content\/uploads\/2023\/02\/Marcos-Cesar-um-dos-organizadores-do-ato-coroa-o-busto-de-Maria-Conga-num-ato-de-reparacao-ao-ato-de-vandalismo-que-o-mesmo-havia-sofrido-ha-poucos-dias.-Foto-Barbara-Dias-620x414.jpg 620w, https:\/\/rioonwatch.org.br\/wp-content\/uploads\/2023\/02\/Marcos-Cesar-um-dos-organizadores-do-ato-coroa-o-busto-de-Maria-Conga-num-ato-de-reparacao-ao-ato-de-vandalismo-que-o-mesmo-havia-sofrido-ha-poucos-dias.-Foto-Barbara-Dias-942x629.jpg 942w\" sizes=\"(max-width: 2560px) 100vw, 2560px\" \/><\/a><figcaption id=\"caption-attachment-66091\" class=\"wp-caption-text\">Marcos Cesar, um dos organizadores do ato, coroando o busto de Maria Conga, numa tentativa de repara\u00e7\u00e3o ao ato de vandalismo que o monumento havia sofrido h\u00e1 poucos dias. Foto: B\u00e1rbara Dias<\/figcaption><\/figure>\n<p><span style=\"font-weight: 400;\">Ap\u00f3s essa interven\u00e7\u00e3o, as pessoas se organizaram para realizarem falas<\/span><span style=\"font-weight: 400;\">. Todos os participantes demonstraram indigna\u00e7\u00e3o com rela\u00e7\u00e3o \u00e0 viol\u00eancia \u00e0 mem\u00f3ria atrav\u00e9s do ataque ao busto de Maria Conga, al\u00e9m de refor\u00e7arem a necessidade de que esse crime seja apurado e os respons\u00e1veis, punidos. <a href=\"http:\/\/bit.ly\/3jTqZAt\" target=\"_blank\" rel=\"noopener\">Anderson Ribeiro<\/a>, advogado, defensor de Direitos Humanos na Baixada, presidente da <\/span><span style=\"font-weight: 400;\">Comiss\u00e3o de Direitos Humanos da OAB de Mag\u00e9 e <a href=\"https:\/\/bit.ly\/30Vuzwc\" target=\"_blank\" rel=\"noopener\">Guapimirim<\/a><\/span><span style=\"font-weight: 400;\"> e integrante do <\/span><span style=\"font-weight: 400;\">Coletivo Guarani<\/span><span style=\"font-weight: 400;\">, enumerou os crimes e as respectivas penas, que podem ser atribu\u00eddos aos criminosos: <\/span>\u201cOs crimes s\u00e3o de incita\u00e7\u00e3o ao racismo, apologia ao nazismo e dano ao patrim\u00f4nio p\u00fablico. A pena para o crime de dano ao patrim\u00f4nio p\u00fablico \u00e9 de 6 meses at\u00e9 3 anos de deten\u00e7\u00e3o, e os crimes de incita\u00e7\u00e3o aos racismo e apologia ao nazismo s\u00e3o de 2 a 5 anos, podendo ser realizada a proibi\u00e7\u00e3o do autor do crime de frequentar o local onde foi feito o vandalismo por 3 anos.\u201d<\/p>\n<p><span style=\"font-weight: 400;\">Marcos Cesar <\/span><span style=\"font-weight: 400;\">explicou que <\/span>&#8220;a viol\u00eancia fascista e racista existiu, a partir do momento em que eles fizeram o que fizeram&#8230; Eles marcaram su\u00e1sticas nela toda, na testa, na bochecha, no l\u00e1bio, nos dois seios. No dia, a gente viu e estava assim. Mesmo ap\u00f3s a recupera\u00e7\u00e3o, as marcas ainda est\u00e3o vis\u00edveis.&#8221;<\/p>\n<figure id=\"attachment_66094\" aria-describedby=\"caption-attachment-66094\" style=\"width: 2560px\" class=\"wp-caption aligncenter\"><a href=\"https:\/\/rioonwatch.org.br\/wp-content\/uploads\/2023\/02\/Fabiola-Nascimento-assessora-da-vereadora-Thais-Ferreira-aponta-as-marcas-deixadas-pelo-vandalismo-mesmo-apos-a-restauracao-do-busto-realizado-pela-prefeitura-de-Mage.-Foto-Barbara-Dias-scaled.jpg\"><img loading=\"lazy\" decoding=\"async\" class=\"wp-image-66094 size-full\" title=\"Fab\u00edola Nascimento, assessora da vereadora Tha\u00eds Ferreira aponta as marcas deixadas pelo vandalismo, mesmo ap\u00f3s a restaura\u00e7\u00e3o do busto realizado pela prefeitura de Mag\u00e9. Foto: B\u00e1rbara Dias\" src=\"https:\/\/rioonwatch.org.br\/wp-content\/uploads\/2023\/02\/Fabiola-Nascimento-assessora-da-vereadora-Thais-Ferreira-aponta-as-marcas-deixadas-pelo-vandalismo-mesmo-apos-a-restauracao-do-busto-realizado-pela-prefeitura-de-Mage.-Foto-Barbara-Dias-scaled.jpg\" alt=\"Fab\u00edola Nascimento, assessora da vereadora Tha\u00eds Ferreira aponta as marcas deixadas pelo vandalismo, mesmo ap\u00f3s a restaura\u00e7\u00e3o do busto realizado pela prefeitura de Mag\u00e9. Foto: B\u00e1rbara Dias\" width=\"2560\" height=\"1709\" srcset=\"https:\/\/rioonwatch.org.br\/wp-content\/uploads\/2023\/02\/Fabiola-Nascimento-assessora-da-vereadora-Thais-Ferreira-aponta-as-marcas-deixadas-pelo-vandalismo-mesmo-apos-a-restauracao-do-busto-realizado-pela-prefeitura-de-Mage.-Foto-Barbara-Dias-scaled.jpg 2560w, https:\/\/rioonwatch.org.br\/wp-content\/uploads\/2023\/02\/Fabiola-Nascimento-assessora-da-vereadora-Thais-Ferreira-aponta-as-marcas-deixadas-pelo-vandalismo-mesmo-apos-a-restauracao-do-busto-realizado-pela-prefeitura-de-Mage.-Foto-Barbara-Dias-620x414.jpg 620w, https:\/\/rioonwatch.org.br\/wp-content\/uploads\/2023\/02\/Fabiola-Nascimento-assessora-da-vereadora-Thais-Ferreira-aponta-as-marcas-deixadas-pelo-vandalismo-mesmo-apos-a-restauracao-do-busto-realizado-pela-prefeitura-de-Mage.-Foto-Barbara-Dias-942x629.jpg 942w\" sizes=\"(max-width: 2560px) 100vw, 2560px\" \/><\/a><figcaption id=\"caption-attachment-66094\" class=\"wp-caption-text\">Fab\u00edola Nascimento, assessora da Vereadora Tha\u00eds Ferreira aponta as marcas deixadas pelo vandalismo, mesmo ap\u00f3s a restaura\u00e7\u00e3o do busto realizado pela Prefeitura de Mag\u00e9. Foto: B\u00e1rbara Dias<\/figcaption><\/figure>\n<p><span style=\"font-weight: 400;\">Essas marcas nazistas que permanecem foram recorrentemente apontadas como motivo de preocupa\u00e7\u00e3o de muitos dos participantes do evento. Apesar da <a href=\"http:\/\/bit.ly\/3YPgFrV\" target=\"_blank\" rel=\"noopener\">Prefeitura de Mag\u00e9<\/a>\u00a0j\u00e1 ter realizado o trabalho de recupera\u00e7\u00e3o do monumento, em alguns locais do busto, ainda \u00e9 poss\u00edvel ver algumas marcas das agress\u00f5es nazistas. <a href=\"http:\/\/bit.ly\/3XyxGW8\" target=\"_blank\" rel=\"noopener\">Fab\u00edola Nascimento<\/a>, assessora da Vereadora Tha\u00eds Ferreira, enfatizou a necessidade de que a recupera\u00e7\u00e3o do busto possa ser plena, para que ele n\u00e3o vire, em suas palavras, um \u201cMemorial ao \u00d3dio\u201d. O busto de Maria Conga, deve continuar servindo \u00e0 <\/span><span style=\"font-weight: 400;\">\u201cprodu\u00e7\u00e3o de mem\u00f3ria afirmativa do povo quilombola no Brasil e n\u00e3o [sendo] um memorial ao \u00f3dio&#8230; porque enquanto as marcas das <a href=\"https:\/\/bit.ly\/3Ekwj76\" target=\"_blank\" rel=\"noopener\">su\u00e1sticas<\/a> estiverem aparentes nesse busto&#8230; se n\u00e3o tiver interven\u00e7\u00e3o dos poderes p\u00fablicos, ele pode se transformar em um memorial ao \u00f3dio\u201d.\u00a0<\/span><\/p>\n<figure id=\"attachment_66095\" aria-describedby=\"caption-attachment-66095\" style=\"width: 2560px\" class=\"wp-caption aligncenter\"><a href=\"https:\/\/rioonwatch.org.br\/wp-content\/uploads\/2023\/02\/Iasmine-Alfradique-presidente-do-Quilombo-Maria-Conga-fala-durante-o-ato-de-repudio.-Foto-Barbara-Dias-scaled.jpg\"><img loading=\"lazy\" decoding=\"async\" class=\"wp-image-66095 size-full\" title=\"Iasmine Alfradique, presidente do Quilombo Maria Conga, fala durante o ato de rep\u00fadio. Foto: B\u00e1rbara Dias\" src=\"https:\/\/rioonwatch.org.br\/wp-content\/uploads\/2023\/02\/Iasmine-Alfradique-presidente-do-Quilombo-Maria-Conga-fala-durante-o-ato-de-repudio.-Foto-Barbara-Dias-scaled.jpg\" alt=\"Iasmine Alfradique, presidente do Quilombo Maria Conga, fala durante o ato de rep\u00fadio. Foto: B\u00e1rbara Dias\" width=\"2560\" height=\"1709\" srcset=\"https:\/\/rioonwatch.org.br\/wp-content\/uploads\/2023\/02\/Iasmine-Alfradique-presidente-do-Quilombo-Maria-Conga-fala-durante-o-ato-de-repudio.-Foto-Barbara-Dias-scaled.jpg 2560w, https:\/\/rioonwatch.org.br\/wp-content\/uploads\/2023\/02\/Iasmine-Alfradique-presidente-do-Quilombo-Maria-Conga-fala-durante-o-ato-de-repudio.-Foto-Barbara-Dias-620x414.jpg 620w, https:\/\/rioonwatch.org.br\/wp-content\/uploads\/2023\/02\/Iasmine-Alfradique-presidente-do-Quilombo-Maria-Conga-fala-durante-o-ato-de-repudio.-Foto-Barbara-Dias-942x629.jpg 942w\" sizes=\"(max-width: 2560px) 100vw, 2560px\" \/><\/a><figcaption id=\"caption-attachment-66095\" class=\"wp-caption-text\">Iasmine Alfradique, presidente do Quilombo Maria Conga, fala durante o ato de rep\u00fadio. Foto: B\u00e1rbara Dias<\/figcaption><\/figure>\n<p><span style=\"font-weight: 400;\"><a href=\"http:\/\/bit.ly\/3YvALb5\" target=\"_blank\" rel=\"noopener\">Iasmine Alfradique<\/a>, presidente do Quilombo Maria Conga, fez uma fala sobre a necessidade de que a organiza\u00e7\u00e3o seja para al\u00e9m do rep\u00fadio. Ela convidou os participantes do ato, desde os representantes de movimentos sociais, coletivos e poder p\u00fablico, a se mobilizarem em apoio \u00e0 comunidade quilombola Maria Conga.<\/span><\/p>\n<blockquote><p>\u201cPara mim, \u00e9 muito importante que a gente tenha atos como esse, atos de hist\u00f3ria, atos de amor. \u00c9 muito memor\u00e1vel, acho muito importante a fala da gente ter um museu, da gente construir a nossa hist\u00f3ria. Por isso, at\u00e9, que o busto est\u00e1 aqui&#8230; \u00c9 muito importante que a gente construa e v\u00e1 \u00e0 frente. \u00c9 muito lindo [o ato de coroa\u00e7\u00e3o], mas eu preciso que a gente saia dos monumentos que a gente tanto defende! Com muito respeito [aos presentes], que a gente v\u00e1 para um ser humano que ainda respira! Porque se a gente n\u00e3o conseguir salvar o humano, a gente n\u00e3o vai salvar mais nada.\u201d \u2014 Iasmine Alfradique<\/p><\/blockquote>\n<p><span style=\"font-weight: 400;\">A fala de Iasmine refor\u00e7ou que o ato era de rep\u00fadio, mas tamb\u00e9m focado em chamar a aten\u00e7\u00e3o de todos os presentes para a causa quilombola que, atualmente, <a href=\"http:\/\/bit.ly\/3SAivLl\" target=\"_blank\" rel=\"noopener\">ainda se v\u00ea deslegitimizada<\/a>, violentada e sem amplo apoio pol\u00edtico e social. A coroa\u00e7\u00e3o de Maria Conga em Mag\u00e9 nos convida \u00e0 reflex\u00e3o e \u00e0 a\u00e7\u00e3o sobre a import\u00e2ncia da preserva\u00e7\u00e3o da cultura, mem\u00f3ria e hist\u00f3ria do povo negro e de suas <a href=\"http:\/\/bit.ly\/3ZDY5DG\" target=\"_blank\" rel=\"noopener\">tecnologias de resist\u00eancia<\/a>.<\/span><\/p>\n<figure id=\"attachment_66196\" aria-describedby=\"caption-attachment-66196\" style=\"width: 2560px\" class=\"wp-caption aligncenter\"><a href=\"https:\/\/rioonwatch.org.br\/wp-content\/uploads\/2023\/02\/Participantes-do-ato-Coroacao-de-Maria-Conga-num-ato-de-repudio-ao-vandalismo-nazista-e-racista-que-o-busto-sofreu.-Foto-Barbara-Dias-1-scaled.jpg\"><img loading=\"lazy\" decoding=\"async\" class=\"wp-image-66196 size-full\" title=\"Participantes do ato \u201cCoroa\u00e7\u00e3o de Maria Conga\u201d, num ato de rep\u00fadio ao vandalismo nazista e racista que o busto sofreu. Foto: B\u00e1rbara Dias\" src=\"https:\/\/rioonwatch.org.br\/wp-content\/uploads\/2023\/02\/Participantes-do-ato-Coroacao-de-Maria-Conga-num-ato-de-repudio-ao-vandalismo-nazista-e-racista-que-o-busto-sofreu.-Foto-Barbara-Dias-1-scaled.jpg\" alt=\"Participantes do ato \u201cCoroa\u00e7\u00e3o de Maria Conga\u201d, num ato de rep\u00fadio ao vandalismo nazista e racista que o busto sofreu. Foto: B\u00e1rbara Dias\" width=\"2560\" height=\"1709\" srcset=\"https:\/\/rioonwatch.org.br\/wp-content\/uploads\/2023\/02\/Participantes-do-ato-Coroacao-de-Maria-Conga-num-ato-de-repudio-ao-vandalismo-nazista-e-racista-que-o-busto-sofreu.-Foto-Barbara-Dias-1-scaled.jpg 2560w, https:\/\/rioonwatch.org.br\/wp-content\/uploads\/2023\/02\/Participantes-do-ato-Coroacao-de-Maria-Conga-num-ato-de-repudio-ao-vandalismo-nazista-e-racista-que-o-busto-sofreu.-Foto-Barbara-Dias-1-620x414.jpg 620w, https:\/\/rioonwatch.org.br\/wp-content\/uploads\/2023\/02\/Participantes-do-ato-Coroacao-de-Maria-Conga-num-ato-de-repudio-ao-vandalismo-nazista-e-racista-que-o-busto-sofreu.-Foto-Barbara-Dias-1-942x629.jpg 942w\" sizes=\"(max-width: 2560px) 100vw, 2560px\" \/><\/a><figcaption id=\"caption-attachment-66196\" class=\"wp-caption-text\">Participantes do ato \u201cCoroa\u00e7\u00e3o de Maria Conga\u201d, num ato de rep\u00fadio ao vandalismo nazista e racista que o busto sofreu. Foto: B\u00e1rbara Dias<\/figcaption><\/figure>\n<p><span style=\"font-weight: 400;\">O movimento que se iniciou em resposta a um ato de viol\u00eancia est\u00e1 evoluindo em dire\u00e7\u00e3o \u00e0 constru\u00e7\u00e3o de um movimento, fruto da for\u00e7a e da coes\u00e3o do povo quilombola, do movimento negro e dos coletivos e praticantes de religi\u00f5es de matriz afro-brasileira. \u00c9 fundamental destacar a urg\u00eancia de a\u00e7\u00f5es mais efetivas por parte do poder p\u00fablico para preservar e valorizar este patrim\u00f4nio cultural, hist\u00f3rico e espiritual que a figura da hero\u00edna nacional Maria Conga tem para Mag\u00e9, para a Baixada Fluminense e para o Brasil.<\/span><\/p>\n<p><em>Sobre a autora:\u00a0<a href=\"https:\/\/bit.ly\/3Gc3OJU\" target=\"_blank\" rel=\"noopener\">B\u00e1rbara Dias<\/a>, cria de Bangu, possui licenciatura em Ci\u00eancias Biol\u00f3gicas, mestrado em Educa\u00e7\u00e3o Ambiental e atua como professora da rede p\u00fablica desde 2006. \u00c9 fotojornalista e trabalha tamb\u00e9m com fotografia documental. \u00c9 comunicadora popular formada pelo N\u00facleo Piratininga de Comunica\u00e7\u00e3o (<a href=\"https:\/\/bit.ly\/3i2GcdN\" target=\"_blank\" rel=\"noopener\">NPC<\/a>) e co-fundadora do\u00a0<a href=\"https:\/\/bit.ly\/3vfY8bj\" target=\"_blank\" rel=\"noopener\">Coletivo Fotoguerrilha<\/a>.<\/em><\/p>\n<hr \/>\n<h4><b data-stringify-type=\"bold\">Apoie nossos esfor\u00e7os para fornecer apoio estrat\u00e9gico \u00e0s favelas do Rio, incluindo o jornalismo hiperlocal, cr\u00edtico, inovador e incans\u00e1vel do\u00a0<\/b><b data-stringify-type=\"bold\"><i data-stringify-type=\"italic\">RioOnWatch<\/i><\/b>\u2014<a class=\"c-link\" href=\"http:\/\/www.bit.ly\/ApoieROW\" target=\"_blank\" rel=\"noopener noreferrer\" data-stringify-link=\"http:\/\/www.bit.ly\/ApoieROW\" data-sk=\"tooltip_parent\">doe aqui<\/a>.<\/h4>\n<!-- AddThis Advanced Settings generic via filter on the_content --><!-- AddThis Share Buttons generic via filter on the_content -->","protected":false},"excerpt":{"rendered":"<div class=\"mh-excerpt\"><p>Click Here for English Maria Conga foi uma l\u00edder quilombola que protagonizou a luta contra a escravid\u00e3o na cidade de Mag\u00e9, Baixada Fluminense, no in\u00edcio do s\u00e9culo XIX. \u00c9 um exemplo de hero\u00edna da resist\u00eancia <a class=\"mh-excerpt-more\" href=\"https:\/\/rioonwatch.org.br\/?p=66033\" title=\"Coroa\u00e7\u00e3o de Maria Conga, em Mag\u00e9: Ato de Rep\u00fadio \u00e0 Picha\u00e7\u00e3o que Marcou a Est\u00e1tua da L\u00edder Quilombola \u00e0s Beiras da Ba\u00eda de Guanabara\">[&#8230;]<\/a><!-- AddThis Advanced Settings generic via filter on get_the_excerpt --><!-- AddThis Share Buttons generic via filter on get_the_excerpt --><\/p>\n<\/div>","protected":false},"author":179,"featured_media":66084,"comment_status":"closed","ping_status":"closed","sticky":false,"template":"template-full.php","format":"standard","meta":{"_acf_changed":false,"_monsterinsights_skip_tracking":false,"_monsterinsights_sitenote_active":false,"_monsterinsights_sitenote_note":"","_monsterinsights_sitenote_category":0,"footnotes":""},"categories":[1621,1627,3175,346,1633,3206,1612],"tags":[3253,804,959,513,1431,333,88,514,1372,1582,128,109,1179,469,1151,1304,1403,763,567,3293,3204,3294,125,2432,2206],"writer":[3244],"translator":[],"source":[],"ilustrador":[],"fotografo":[3184],"class_list":{"0":"post-66033","1":"post","2":"type-post","3":"status-publish","4":"format-standard","5":"has-post-thumbnail","7":"category-destaque","8":"category-relato-de-evento","9":"category-democracia","10":"category-denuncias","11":"category-foto-reportagens","12":"category-representatividade","13":"category-sociedade-civil","14":"tag-antirracismo","15":"tag-baia-da-guanabara","16":"tag-baixada-fluminense","17":"tag-cultura-afro-brasileira","18":"tag-dia-internacional-da-mulher","19":"tag-diaspora","20":"tag-direitos-humanos","21":"tag-escravidao","22":"tag-grande-rio","23":"tag-guapimirim","24":"tag-historia","25":"tag-intolerancia-religiosa","26":"tag-mage","27":"tag-memoria","28":"tag-organizacao","29":"tag-organizacao-criativa","30":"tag-movimento-negro","31":"tag-protesto","32":"tag-quilombo","33":"tag-quilombo-do-feital","34":"tag-quilombo-maria-conga","35":"tag-quilombo-quilomba","36":"tag-religiao","37":"tag-representatividade","38":"tag-umbanda","39":"writer-barbara-dias","40":"fotografo-barbara-dias"},"acf":[],"yoast_head":"<!-- This site is optimized with the Yoast SEO plugin v25.6 - https:\/\/yoast.com\/wordpress\/plugins\/seo\/ -->\n<title>Coroa\u00e7\u00e3o de Maria Conga, em Mag\u00e9: Ato de Rep\u00fadio \u00e0 Picha\u00e7\u00e3o que Marcou a Est\u00e1tua da L\u00edder Quilombola \u00e0s Beiras da Ba\u00eda de Guanabara - RioOnWatch<\/title>\n<meta name=\"robots\" content=\"index, follow, max-snippet:-1, max-image-preview:large, max-video-preview:-1\" \/>\n<link rel=\"canonical\" href=\"https:\/\/rioonwatch.org.br\/?p=66033\" \/>\n<meta property=\"og:locale\" content=\"pt_BR\" \/>\n<meta property=\"og:type\" content=\"article\" \/>\n<meta property=\"og:title\" content=\"Coroa\u00e7\u00e3o de Maria Conga, em Mag\u00e9: Ato de Rep\u00fadio \u00e0 Picha\u00e7\u00e3o que Marcou a Est\u00e1tua da L\u00edder Quilombola \u00e0s Beiras da Ba\u00eda de Guanabara - RioOnWatch\" \/>\n<meta property=\"og:description\" content=\"Click Here for English Maria Conga foi uma l\u00edder quilombola que protagonizou a luta contra a escravid\u00e3o na cidade de Mag\u00e9, Baixada Fluminense, no in\u00edcio do s\u00e9culo XIX. \u00c9 um exemplo de hero\u00edna da resist\u00eancia [...]\" \/>\n<meta property=\"og:url\" content=\"https:\/\/rioonwatch.org.br\/?p=66033\" \/>\n<meta property=\"og:site_name\" content=\"RioOnWatch\" \/>\n<meta property=\"article:published_time\" content=\"2023-03-08T10:49:25+00:00\" \/>\n<meta property=\"article:modified_time\" content=\"2024-06-20T16:45:44+00:00\" \/>\n<meta property=\"og:image\" content=\"https:\/\/rioonwatch.org.br\/wp-content\/uploads\/2023\/02\/Legenda-Participantes-da-Coroacao-de-Maria-Conga-posam-em-frente-ao-busto-de-Maria-Conga-no-fim-do-ato-de-repudio-ao-vandalismo-nazista-e-racista-que-o-monumento-sofreu.-Foto-Barbara-Dias-scaled.jpg\" \/>\n\t<meta property=\"og:image:width\" content=\"2560\" \/>\n\t<meta property=\"og:image:height\" content=\"1709\" \/>\n\t<meta property=\"og:image:type\" content=\"image\/jpeg\" \/>\n<meta name=\"author\" content=\"Janaina Tavares\" \/>\n<meta name=\"twitter:card\" content=\"summary_large_image\" \/>\n<meta name=\"twitter:label1\" content=\"Escrito por\" \/>\n\t<meta name=\"twitter:data1\" content=\"Janaina Tavares\" \/>\n\t<meta name=\"twitter:label2\" content=\"Est. tempo de leitura\" \/>\n\t<meta name=\"twitter:data2\" content=\"14 minutos\" \/>\n<script type=\"application\/ld+json\" class=\"yoast-schema-graph\">{\"@context\":\"https:\/\/schema.org\",\"@graph\":[{\"@type\":\"Article\",\"@id\":\"https:\/\/rioonwatch.org.br\/?p=66033#article\",\"isPartOf\":{\"@id\":\"https:\/\/rioonwatch.org.br\/?p=66033\"},\"author\":{\"name\":\"Janaina Tavares\",\"@id\":\"https:\/\/rioonwatch.org.br\/#\/schema\/person\/feb227e5e7679aacc3d672e375cae1bd\"},\"headline\":\"Coroa\u00e7\u00e3o de Maria Conga, em Mag\u00e9: Ato de Rep\u00fadio \u00e0 Picha\u00e7\u00e3o que Marcou a Est\u00e1tua da L\u00edder Quilombola \u00e0s Beiras da Ba\u00eda de Guanabara\",\"datePublished\":\"2023-03-08T10:49:25+00:00\",\"dateModified\":\"2024-06-20T16:45:44+00:00\",\"mainEntityOfPage\":{\"@id\":\"https:\/\/rioonwatch.org.br\/?p=66033\"},\"wordCount\":2263,\"publisher\":{\"@id\":\"https:\/\/rioonwatch.org.br\/#organization\"},\"image\":{\"@id\":\"https:\/\/rioonwatch.org.br\/?p=66033#primaryimage\"},\"thumbnailUrl\":\"https:\/\/rioonwatch.org.br\/wp-content\/uploads\/2023\/02\/Legenda-Participantes-da-Coroacao-de-Maria-Conga-posam-em-frente-ao-busto-de-Maria-Conga-no-fim-do-ato-de-repudio-ao-vandalismo-nazista-e-racista-que-o-monumento-sofreu.-Foto-Barbara-Dias-scaled.jpg\",\"keywords\":[\"Antirracismo\",\"Ba\u00eda da Guanabara\",\"Baixada Fluminense\",\"Cultura Afro-brasileira\",\"Dia Internacional da Mulher\",\"Di\u00e1spora Africana\",\"Direitos Humanos\",\"escravid\u00e3o\",\"Grande Rio\",\"Guapimirim\",\"hist\u00f3ria\",\"intoler\u00e2ncia religiosa\",\"Mag\u00e9\",\"Mem\u00f3rias Faveladas\",\"mobiliza\u00e7\u00e3o\",\"mobiliza\u00e7\u00e3o criativa\",\"Movimento negro\",\"protesto\",\"Quilombo\",\"Quilombo do Feital\",\"Quilombo Maria Conga\",\"Quilombo Quilomb\u00e1\",\"religi\u00e3o\",\"representatividade\",\"Umbanda\"],\"articleSection\":[\"*Destaque\",\"Cobertura de Eventos\",\"Democracia\",\"Den\u00fancias\",\"Fotorreportagens\",\"Representatividade\",\"Sociedade Civil\"],\"inLanguage\":\"pt-BR\"},{\"@type\":\"WebPage\",\"@id\":\"https:\/\/rioonwatch.org.br\/?p=66033\",\"url\":\"https:\/\/rioonwatch.org.br\/?p=66033\",\"name\":\"Coroa\u00e7\u00e3o de Maria Conga, em Mag\u00e9: Ato de Rep\u00fadio \u00e0 Picha\u00e7\u00e3o que Marcou a Est\u00e1tua da L\u00edder Quilombola \u00e0s Beiras da Ba\u00eda de Guanabara - RioOnWatch\",\"isPartOf\":{\"@id\":\"https:\/\/rioonwatch.org.br\/#website\"},\"primaryImageOfPage\":{\"@id\":\"https:\/\/rioonwatch.org.br\/?p=66033#primaryimage\"},\"image\":{\"@id\":\"https:\/\/rioonwatch.org.br\/?p=66033#primaryimage\"},\"thumbnailUrl\":\"https:\/\/rioonwatch.org.br\/wp-content\/uploads\/2023\/02\/Legenda-Participantes-da-Coroacao-de-Maria-Conga-posam-em-frente-ao-busto-de-Maria-Conga-no-fim-do-ato-de-repudio-ao-vandalismo-nazista-e-racista-que-o-monumento-sofreu.-Foto-Barbara-Dias-scaled.jpg\",\"datePublished\":\"2023-03-08T10:49:25+00:00\",\"dateModified\":\"2024-06-20T16:45:44+00:00\",\"breadcrumb\":{\"@id\":\"https:\/\/rioonwatch.org.br\/?p=66033#breadcrumb\"},\"inLanguage\":\"pt-BR\",\"potentialAction\":[{\"@type\":\"ReadAction\",\"target\":[\"https:\/\/rioonwatch.org.br\/?p=66033\"]}]},{\"@type\":\"ImageObject\",\"inLanguage\":\"pt-BR\",\"@id\":\"https:\/\/rioonwatch.org.br\/?p=66033#primaryimage\",\"url\":\"https:\/\/rioonwatch.org.br\/wp-content\/uploads\/2023\/02\/Legenda-Participantes-da-Coroacao-de-Maria-Conga-posam-em-frente-ao-busto-de-Maria-Conga-no-fim-do-ato-de-repudio-ao-vandalismo-nazista-e-racista-que-o-monumento-sofreu.-Foto-Barbara-Dias-scaled.jpg\",\"contentUrl\":\"https:\/\/rioonwatch.org.br\/wp-content\/uploads\/2023\/02\/Legenda-Participantes-da-Coroacao-de-Maria-Conga-posam-em-frente-ao-busto-de-Maria-Conga-no-fim-do-ato-de-repudio-ao-vandalismo-nazista-e-racista-que-o-monumento-sofreu.-Foto-Barbara-Dias-scaled.jpg\",\"width\":2560,\"height\":1709,\"caption\":\"Participantes da \\\"Coroa\u00e7\u00e3o de Maria Conga\\\", posam em frente ao busto de Maria Conga no fim do ato de rep\u00fadio ao vandalismo nazista e racista que o monumento sofreu. Foto: B\u00e1rbara Dias\"},{\"@type\":\"BreadcrumbList\",\"@id\":\"https:\/\/rioonwatch.org.br\/?p=66033#breadcrumb\",\"itemListElement\":[{\"@type\":\"ListItem\",\"position\":1,\"name\":\"In\u00edcio\",\"item\":\"https:\/\/rioonwatch.org.br\/\"},{\"@type\":\"ListItem\",\"position\":2,\"name\":\"Coroa\u00e7\u00e3o de Maria Conga, em Mag\u00e9: Ato de Rep\u00fadio \u00e0 Picha\u00e7\u00e3o que Marcou a Est\u00e1tua da L\u00edder Quilombola \u00e0s Beiras da Ba\u00eda de Guanabara\"}]},{\"@type\":\"WebSite\",\"@id\":\"https:\/\/rioonwatch.org.br\/#website\",\"url\":\"https:\/\/rioonwatch.org.br\/\",\"name\":\"RioOnWatch\",\"description\":\"relatos das favelas cariocas\",\"publisher\":{\"@id\":\"https:\/\/rioonwatch.org.br\/#organization\"},\"potentialAction\":[{\"@type\":\"SearchAction\",\"target\":{\"@type\":\"EntryPoint\",\"urlTemplate\":\"https:\/\/rioonwatch.org.br\/?s={search_term_string}\"},\"query-input\":{\"@type\":\"PropertyValueSpecification\",\"valueRequired\":true,\"valueName\":\"search_term_string\"}}],\"inLanguage\":\"pt-BR\"},{\"@type\":\"Organization\",\"@id\":\"https:\/\/rioonwatch.org.br\/#organization\",\"name\":\"RioOnWatch\",\"url\":\"https:\/\/rioonwatch.org.br\/\",\"logo\":{\"@type\":\"ImageObject\",\"inLanguage\":\"pt-BR\",\"@id\":\"https:\/\/rioonwatch.org.br\/#\/schema\/logo\/image\/\",\"url\":\"https:\/\/rioonwatch.org.br\/wp-content\/uploads\/2021\/06\/RioOnWatchcabecalhoPT11anos-2.png\",\"contentUrl\":\"https:\/\/rioonwatch.org.br\/wp-content\/uploads\/2021\/06\/RioOnWatchcabecalhoPT11anos-2.png\",\"width\":779,\"height\":277,\"caption\":\"RioOnWatch\"},\"image\":{\"@id\":\"https:\/\/rioonwatch.org.br\/#\/schema\/logo\/image\/\"}},{\"@type\":\"Person\",\"@id\":\"https:\/\/rioonwatch.org.br\/#\/schema\/person\/feb227e5e7679aacc3d672e375cae1bd\",\"name\":\"Janaina Tavares\",\"image\":{\"@type\":\"ImageObject\",\"inLanguage\":\"pt-BR\",\"@id\":\"https:\/\/rioonwatch.org.br\/#\/schema\/person\/image\/\",\"url\":\"https:\/\/secure.gravatar.com\/avatar\/83bb5bb4f8b0c5ad63f35939640eaaa2?s=96&d=blank&r=g\",\"contentUrl\":\"https:\/\/secure.gravatar.com\/avatar\/83bb5bb4f8b0c5ad63f35939640eaaa2?s=96&d=blank&r=g\",\"caption\":\"Janaina Tavares\"},\"url\":\"https:\/\/rioonwatch.org.br\/?author=179\"}]}<\/script>\n<!-- \/ Yoast SEO plugin. -->","yoast_head_json":{"title":"Coroa\u00e7\u00e3o de Maria Conga, em Mag\u00e9: Ato de Rep\u00fadio \u00e0 Picha\u00e7\u00e3o que Marcou a Est\u00e1tua da L\u00edder Quilombola \u00e0s Beiras da Ba\u00eda de Guanabara - RioOnWatch","robots":{"index":"index","follow":"follow","max-snippet":"max-snippet:-1","max-image-preview":"max-image-preview:large","max-video-preview":"max-video-preview:-1"},"canonical":"https:\/\/rioonwatch.org.br\/?p=66033","og_locale":"pt_BR","og_type":"article","og_title":"Coroa\u00e7\u00e3o de Maria Conga, em Mag\u00e9: Ato de Rep\u00fadio \u00e0 Picha\u00e7\u00e3o que Marcou a Est\u00e1tua da L\u00edder Quilombola \u00e0s Beiras da Ba\u00eda de Guanabara - RioOnWatch","og_description":"Click Here for English Maria Conga foi uma l\u00edder quilombola que protagonizou a luta contra a escravid\u00e3o na cidade de Mag\u00e9, Baixada Fluminense, no in\u00edcio do s\u00e9culo XIX. \u00c9 um exemplo de hero\u00edna da resist\u00eancia [...]","og_url":"https:\/\/rioonwatch.org.br\/?p=66033","og_site_name":"RioOnWatch","article_published_time":"2023-03-08T10:49:25+00:00","article_modified_time":"2024-06-20T16:45:44+00:00","og_image":[{"width":2560,"height":1709,"url":"https:\/\/rioonwatch.org.br\/wp-content\/uploads\/2023\/02\/Legenda-Participantes-da-Coroacao-de-Maria-Conga-posam-em-frente-ao-busto-de-Maria-Conga-no-fim-do-ato-de-repudio-ao-vandalismo-nazista-e-racista-que-o-monumento-sofreu.-Foto-Barbara-Dias-scaled.jpg","type":"image\/jpeg"}],"author":"Janaina Tavares","twitter_card":"summary_large_image","twitter_misc":{"Escrito por":"Janaina Tavares","Est. tempo de leitura":"14 minutos"},"schema":{"@context":"https:\/\/schema.org","@graph":[{"@type":"Article","@id":"https:\/\/rioonwatch.org.br\/?p=66033#article","isPartOf":{"@id":"https:\/\/rioonwatch.org.br\/?p=66033"},"author":{"name":"Janaina Tavares","@id":"https:\/\/rioonwatch.org.br\/#\/schema\/person\/feb227e5e7679aacc3d672e375cae1bd"},"headline":"Coroa\u00e7\u00e3o de Maria Conga, em Mag\u00e9: Ato de Rep\u00fadio \u00e0 Picha\u00e7\u00e3o que Marcou a Est\u00e1tua da L\u00edder Quilombola \u00e0s Beiras da Ba\u00eda de Guanabara","datePublished":"2023-03-08T10:49:25+00:00","dateModified":"2024-06-20T16:45:44+00:00","mainEntityOfPage":{"@id":"https:\/\/rioonwatch.org.br\/?p=66033"},"wordCount":2263,"publisher":{"@id":"https:\/\/rioonwatch.org.br\/#organization"},"image":{"@id":"https:\/\/rioonwatch.org.br\/?p=66033#primaryimage"},"thumbnailUrl":"https:\/\/rioonwatch.org.br\/wp-content\/uploads\/2023\/02\/Legenda-Participantes-da-Coroacao-de-Maria-Conga-posam-em-frente-ao-busto-de-Maria-Conga-no-fim-do-ato-de-repudio-ao-vandalismo-nazista-e-racista-que-o-monumento-sofreu.-Foto-Barbara-Dias-scaled.jpg","keywords":["Antirracismo","Ba\u00eda da Guanabara","Baixada Fluminense","Cultura Afro-brasileira","Dia Internacional da Mulher","Di\u00e1spora Africana","Direitos Humanos","escravid\u00e3o","Grande Rio","Guapimirim","hist\u00f3ria","intoler\u00e2ncia religiosa","Mag\u00e9","Mem\u00f3rias Faveladas","mobiliza\u00e7\u00e3o","mobiliza\u00e7\u00e3o criativa","Movimento negro","protesto","Quilombo","Quilombo do Feital","Quilombo Maria Conga","Quilombo Quilomb\u00e1","religi\u00e3o","representatividade","Umbanda"],"articleSection":["*Destaque","Cobertura de Eventos","Democracia","Den\u00fancias","Fotorreportagens","Representatividade","Sociedade Civil"],"inLanguage":"pt-BR"},{"@type":"WebPage","@id":"https:\/\/rioonwatch.org.br\/?p=66033","url":"https:\/\/rioonwatch.org.br\/?p=66033","name":"Coroa\u00e7\u00e3o de Maria Conga, em Mag\u00e9: Ato de Rep\u00fadio \u00e0 Picha\u00e7\u00e3o que Marcou a Est\u00e1tua da L\u00edder Quilombola \u00e0s Beiras da Ba\u00eda de Guanabara - RioOnWatch","isPartOf":{"@id":"https:\/\/rioonwatch.org.br\/#website"},"primaryImageOfPage":{"@id":"https:\/\/rioonwatch.org.br\/?p=66033#primaryimage"},"image":{"@id":"https:\/\/rioonwatch.org.br\/?p=66033#primaryimage"},"thumbnailUrl":"https:\/\/rioonwatch.org.br\/wp-content\/uploads\/2023\/02\/Legenda-Participantes-da-Coroacao-de-Maria-Conga-posam-em-frente-ao-busto-de-Maria-Conga-no-fim-do-ato-de-repudio-ao-vandalismo-nazista-e-racista-que-o-monumento-sofreu.-Foto-Barbara-Dias-scaled.jpg","datePublished":"2023-03-08T10:49:25+00:00","dateModified":"2024-06-20T16:45:44+00:00","breadcrumb":{"@id":"https:\/\/rioonwatch.org.br\/?p=66033#breadcrumb"},"inLanguage":"pt-BR","potentialAction":[{"@type":"ReadAction","target":["https:\/\/rioonwatch.org.br\/?p=66033"]}]},{"@type":"ImageObject","inLanguage":"pt-BR","@id":"https:\/\/rioonwatch.org.br\/?p=66033#primaryimage","url":"https:\/\/rioonwatch.org.br\/wp-content\/uploads\/2023\/02\/Legenda-Participantes-da-Coroacao-de-Maria-Conga-posam-em-frente-ao-busto-de-Maria-Conga-no-fim-do-ato-de-repudio-ao-vandalismo-nazista-e-racista-que-o-monumento-sofreu.-Foto-Barbara-Dias-scaled.jpg","contentUrl":"https:\/\/rioonwatch.org.br\/wp-content\/uploads\/2023\/02\/Legenda-Participantes-da-Coroacao-de-Maria-Conga-posam-em-frente-ao-busto-de-Maria-Conga-no-fim-do-ato-de-repudio-ao-vandalismo-nazista-e-racista-que-o-monumento-sofreu.-Foto-Barbara-Dias-scaled.jpg","width":2560,"height":1709,"caption":"Participantes da \"Coroa\u00e7\u00e3o de Maria Conga\", posam em frente ao busto de Maria Conga no fim do ato de rep\u00fadio ao vandalismo nazista e racista que o monumento sofreu. Foto: B\u00e1rbara Dias"},{"@type":"BreadcrumbList","@id":"https:\/\/rioonwatch.org.br\/?p=66033#breadcrumb","itemListElement":[{"@type":"ListItem","position":1,"name":"In\u00edcio","item":"https:\/\/rioonwatch.org.br\/"},{"@type":"ListItem","position":2,"name":"Coroa\u00e7\u00e3o de Maria Conga, em Mag\u00e9: Ato de Rep\u00fadio \u00e0 Picha\u00e7\u00e3o que Marcou a Est\u00e1tua da L\u00edder Quilombola \u00e0s Beiras da Ba\u00eda de Guanabara"}]},{"@type":"WebSite","@id":"https:\/\/rioonwatch.org.br\/#website","url":"https:\/\/rioonwatch.org.br\/","name":"RioOnWatch","description":"relatos das favelas cariocas","publisher":{"@id":"https:\/\/rioonwatch.org.br\/#organization"},"potentialAction":[{"@type":"SearchAction","target":{"@type":"EntryPoint","urlTemplate":"https:\/\/rioonwatch.org.br\/?s={search_term_string}"},"query-input":{"@type":"PropertyValueSpecification","valueRequired":true,"valueName":"search_term_string"}}],"inLanguage":"pt-BR"},{"@type":"Organization","@id":"https:\/\/rioonwatch.org.br\/#organization","name":"RioOnWatch","url":"https:\/\/rioonwatch.org.br\/","logo":{"@type":"ImageObject","inLanguage":"pt-BR","@id":"https:\/\/rioonwatch.org.br\/#\/schema\/logo\/image\/","url":"https:\/\/rioonwatch.org.br\/wp-content\/uploads\/2021\/06\/RioOnWatchcabecalhoPT11anos-2.png","contentUrl":"https:\/\/rioonwatch.org.br\/wp-content\/uploads\/2021\/06\/RioOnWatchcabecalhoPT11anos-2.png","width":779,"height":277,"caption":"RioOnWatch"},"image":{"@id":"https:\/\/rioonwatch.org.br\/#\/schema\/logo\/image\/"}},{"@type":"Person","@id":"https:\/\/rioonwatch.org.br\/#\/schema\/person\/feb227e5e7679aacc3d672e375cae1bd","name":"Janaina Tavares","image":{"@type":"ImageObject","inLanguage":"pt-BR","@id":"https:\/\/rioonwatch.org.br\/#\/schema\/person\/image\/","url":"https:\/\/secure.gravatar.com\/avatar\/83bb5bb4f8b0c5ad63f35939640eaaa2?s=96&d=blank&r=g","contentUrl":"https:\/\/secure.gravatar.com\/avatar\/83bb5bb4f8b0c5ad63f35939640eaaa2?s=96&d=blank&r=g","caption":"Janaina Tavares"},"url":"https:\/\/rioonwatch.org.br\/?author=179"}]}},"_links":{"self":[{"href":"https:\/\/rioonwatch.org.br\/index.php?rest_route=\/wp\/v2\/posts\/66033"}],"collection":[{"href":"https:\/\/rioonwatch.org.br\/index.php?rest_route=\/wp\/v2\/posts"}],"about":[{"href":"https:\/\/rioonwatch.org.br\/index.php?rest_route=\/wp\/v2\/types\/post"}],"author":[{"embeddable":true,"href":"https:\/\/rioonwatch.org.br\/index.php?rest_route=\/wp\/v2\/users\/179"}],"replies":[{"embeddable":true,"href":"https:\/\/rioonwatch.org.br\/index.php?rest_route=%2Fwp%2Fv2%2Fcomments&post=66033"}],"version-history":[{"count":54,"href":"https:\/\/rioonwatch.org.br\/index.php?rest_route=\/wp\/v2\/posts\/66033\/revisions"}],"predecessor-version":[{"id":68634,"href":"https:\/\/rioonwatch.org.br\/index.php?rest_route=\/wp\/v2\/posts\/66033\/revisions\/68634"}],"wp:featuredmedia":[{"embeddable":true,"href":"https:\/\/rioonwatch.org.br\/index.php?rest_route=\/wp\/v2\/media\/66084"}],"wp:attachment":[{"href":"https:\/\/rioonwatch.org.br\/index.php?rest_route=%2Fwp%2Fv2%2Fmedia&parent=66033"}],"wp:term":[{"taxonomy":"category","embeddable":true,"href":"https:\/\/rioonwatch.org.br\/index.php?rest_route=%2Fwp%2Fv2%2Fcategories&post=66033"},{"taxonomy":"post_tag","embeddable":true,"href":"https:\/\/rioonwatch.org.br\/index.php?rest_route=%2Fwp%2Fv2%2Ftags&post=66033"},{"taxonomy":"writer","embeddable":true,"href":"https:\/\/rioonwatch.org.br\/index.php?rest_route=%2Fwp%2Fv2%2Fwriter&post=66033"},{"taxonomy":"translator","embeddable":true,"href":"https:\/\/rioonwatch.org.br\/index.php?rest_route=%2Fwp%2Fv2%2Ftranslator&post=66033"},{"taxonomy":"source","embeddable":true,"href":"https:\/\/rioonwatch.org.br\/index.php?rest_route=%2Fwp%2Fv2%2Fsource&post=66033"},{"taxonomy":"ilustrador","embeddable":true,"href":"https:\/\/rioonwatch.org.br\/index.php?rest_route=%2Fwp%2Fv2%2Filustrador&post=66033"},{"taxonomy":"fotografo","embeddable":true,"href":"https:\/\/rioonwatch.org.br\/index.php?rest_route=%2Fwp%2Fv2%2Ffotografo&post=66033"}],"curies":[{"name":"wp","href":"https:\/\/api.w.org\/{rel}","templated":true}]}}