{"id":66291,"date":"2023-03-25T10:04:03","date_gmt":"2023-03-25T13:04:03","guid":{"rendered":"https:\/\/rioonwatch.org.br\/?p=66291"},"modified":"2024-06-20T15:55:36","modified_gmt":"2024-06-20T18:55:36","slug":"documentario-rio-negro-retrata-personagens-da-historia-negra-e-a-pequena-africa-como-fundamentais-para-a-construcao-do-brasil-resenha","status":"publish","type":"post","link":"https:\/\/rioonwatch.org.br\/?p=66291","title":{"rendered":"Filme &#8216;Rio, Negro&#8217; Retrata Personagens da Hist\u00f3ria Negra e a Pequena \u00c1frica como Fundamentais para a Constru\u00e7\u00e3o do Brasil [RESENHA]"},"content":{"rendered":"<figure id=\"attachment_66293\" aria-describedby=\"caption-attachment-66293\" style=\"width: 1920px\" class=\"wp-caption aligncenter\"><a href=\"https:\/\/rioonwatch.org.br\/wp-content\/uploads\/2023\/03\/Foto-de-divulgacao-do-Documentario-Rio-Negro..png\"><img fetchpriority=\"high\" decoding=\"async\" class=\"wp-image-66293 size-full\" title=\"Foto de divulga\u00e7\u00e3o do Document\u00e1rio &quot;Rio, Negro&quot;\" src=\"https:\/\/rioonwatch.org.br\/wp-content\/uploads\/2023\/03\/Foto-de-divulgacao-do-Documentario-Rio-Negro..png\" alt=\"Foto de divulga\u00e7\u00e3o do Document\u00e1rio &quot;Rio, Negro&quot;\" width=\"1920\" height=\"1080\" srcset=\"https:\/\/rioonwatch.org.br\/wp-content\/uploads\/2023\/03\/Foto-de-divulgacao-do-Documentario-Rio-Negro..png 1920w, https:\/\/rioonwatch.org.br\/wp-content\/uploads\/2023\/03\/Foto-de-divulgacao-do-Documentario-Rio-Negro.-620x349.png 620w, https:\/\/rioonwatch.org.br\/wp-content\/uploads\/2023\/03\/Foto-de-divulgacao-do-Documentario-Rio-Negro.-1118x629.png 1118w\" sizes=\"(max-width: 1920px) 100vw, 1920px\" \/><\/a><figcaption id=\"caption-attachment-66293\" class=\"wp-caption-text\">Foto de divulga\u00e7\u00e3o do document\u00e1rio &#8220;Rio, Negro&#8221;<\/figcaption><\/figure>\n<h4 style=\"text-align: right;\"><a href=\"https:\/\/bit.ly\/3VXMr5P\" target=\"_blank\" rel=\"noopener\"><em><strong>Click Here for English<img decoding=\"async\" class=\"alignright wp-image-15790\" src=\"https:\/\/rioonwatch.org.br\/wp-content\/uploads\/2012\/08\/EN-standard-e1439583104716.jpg\" alt=\"\" width=\"20\" height=\"20\" \/><\/strong><\/em><\/a><\/h4>\n<p><span style=\"font-weight: 400;\">As mem\u00f3rias impulsionam. S\u00e3o rompantes. Uma conex\u00e3o direta do presente com o passado, sem pedir licen\u00e7a, que nos invade enquanto possibilidades de projetar futuros, de questionar espa\u00e7os e de avan\u00e7ar. Quantas mem\u00f3rias cabem na constru\u00e7\u00e3o do Brasil? Quais delas dialogam com voc\u00ea? Como \u00e9 o Rio de Janeiro que voc\u00ea habita hoje? Por que esse territ\u00f3rio \u00e9 do jeito que \u00e9? H\u00e1 uma cidade partida? Que hist\u00f3rias s\u00e3o contadas e quais outras ainda valem a pena contar? O que de fato nos d\u00e1 esperan\u00e7a?<\/span><\/p>\n<p><span style=\"font-weight: 400;\">O document\u00e1rio <a href=\"http:\/\/bit.ly\/41DdjdR\" target=\"_blank\" rel=\"noopener\"><em>Rio, Negro<\/em><\/a>\u00a0\u00e9 o primeiro projeto cultural financiado pela<\/span> <span style=\"font-weight: 400;\"><a href=\"http:\/\/bit.ly\/2KNrw4s\" target=\"_blank\" rel=\"noopener\">Casa Fluminense<\/a>,<\/span><span style=\"font-weight: 400;\"> organiza\u00e7\u00e3o da sociedade civil criada em 2013 para <a href=\"https:\/\/bit.ly\/2ZSEEuQ\" target=\"_blank\" rel=\"noopener\">fomentar e criar a\u00e7\u00f5es efetivas<\/a> voltadas \u00e0 promo\u00e7\u00e3o da igualdade, ao aprofundamento democr\u00e1tico e ao desenvolvimento sustent\u00e1vel em toda a <a href=\"http:\/\/bit.ly\/2kFp5ol\" target=\"_blank\" rel=\"noopener\">Regi\u00e3o Metropolitana do Rio de Janeiro<\/a>. Produzido pela <\/span><a href=\"https:\/\/bit.ly\/3J7nz6I\" target=\"_blank\" rel=\"noopener\"><span style=\"font-weight: 400;\">Quiproc\u00f3<\/span> Filmes<\/a><span style=\"font-weight: 400;\">, o filme teve sua estreia nacional no dia 2 de mar\u00e7o, com distribui\u00e7\u00e3o da <a href=\"https:\/\/bit.ly\/3kKMV0X\" target=\"_blank\" rel=\"noopener\">Pipa Pictures<\/a><\/span><span style=\"font-weight: 400;\">, em salas de cinema do Rio, <a href=\"http:\/\/bit.ly\/2UFAXn8\" target=\"_blank\" rel=\"noopener\">Aracaju<\/a> e <a href=\"http:\/\/bit.ly\/2RR28KT\" target=\"_blank\" rel=\"noopener\">S\u00e3o Paulo<\/a>.<\/span><\/p>\n<figure id=\"attachment_66406\" aria-describedby=\"caption-attachment-66406\" style=\"width: 1600px\" class=\"wp-caption aligncenter\"><a href=\"https:\/\/rioonwatch.org.br\/wp-content\/uploads\/2023\/03\/Noite-de-estreia-do-documentario-Rio-Negro-no-Itau-Cultural-na-Zona-Sul-do-Rio..jpeg\"><img decoding=\"async\" class=\"wp-image-66406 size-full\" title=\"Noite de estreia do document\u00e1rio 'Rio, Negro', no Ita\u00fa Cultural, em Botafogo, na Zona Sul do Rio. Foto: Cleyton Santanna\" src=\"https:\/\/rioonwatch.org.br\/wp-content\/uploads\/2023\/03\/Noite-de-estreia-do-documentario-Rio-Negro-no-Itau-Cultural-na-Zona-Sul-do-Rio..jpeg\" alt=\"Noite de estreia do document\u00e1rio 'Rio, Negro', no Ita\u00fa Cultural, em Botafogo, na Zona Sul do Rio. Foto: Cleyton Santanna\" width=\"1600\" height=\"900\" srcset=\"https:\/\/rioonwatch.org.br\/wp-content\/uploads\/2023\/03\/Noite-de-estreia-do-documentario-Rio-Negro-no-Itau-Cultural-na-Zona-Sul-do-Rio..jpeg 1600w, https:\/\/rioonwatch.org.br\/wp-content\/uploads\/2023\/03\/Noite-de-estreia-do-documentario-Rio-Negro-no-Itau-Cultural-na-Zona-Sul-do-Rio.-620x349.jpeg 620w, https:\/\/rioonwatch.org.br\/wp-content\/uploads\/2023\/03\/Noite-de-estreia-do-documentario-Rio-Negro-no-Itau-Cultural-na-Zona-Sul-do-Rio.-1118x629.jpeg 1118w\" sizes=\"(max-width: 1600px) 100vw, 1600px\" \/><\/a><figcaption id=\"caption-attachment-66406\" class=\"wp-caption-text\">Noite de estreia do document\u00e1rio &#8216;Rio, Negro&#8217;, no Ita\u00fa Cultural, em Botafogo, na Zona Sul do Rio. Foto: Cleyton Santanna<\/figcaption><\/figure>\n<figure id=\"attachment_66404\" aria-describedby=\"caption-attachment-66404\" style=\"width: 450px\" class=\"wp-caption alignright\"><a href=\"https:\/\/rioonwatch.org.br\/wp-content\/uploads\/2023\/03\/Cartaz-do-Documentario-Rio-Negro.-Reproducao.jpg\"><img loading=\"lazy\" decoding=\"async\" class=\"size-full wp-image-66404\" src=\"https:\/\/rioonwatch.org.br\/wp-content\/uploads\/2023\/03\/Cartaz-do-Documentario-Rio-Negro.-Reproducao.jpg\" alt=\"Cartaz do Document\u00e1rio &quot;Rio, Negro&quot;. Reprodu\u00e7\u00e3o\" width=\"450\" height=\"628\" srcset=\"https:\/\/rioonwatch.org.br\/wp-content\/uploads\/2023\/03\/Cartaz-do-Documentario-Rio-Negro.-Reproducao.jpg 450w, https:\/\/rioonwatch.org.br\/wp-content\/uploads\/2023\/03\/Cartaz-do-Documentario-Rio-Negro.-Reproducao-444x620.jpg 444w\" sizes=\"(max-width: 450px) 100vw, 450px\" \/><\/a><figcaption id=\"caption-attachment-66404\" class=\"wp-caption-text\">Cartaz do document\u00e1rio &#8220;Rio, Negro&#8221;. Foto: Reprodu\u00e7\u00e3o<\/figcaption><\/figure>\n<p><span style=\"font-weight: 400;\">O filme apresenta os corpos que <a href=\"http:\/\/bit.ly\/1G0pp5a\" target=\"_blank\" rel=\"noopener\">teceram as esquinas<\/a> desta cidade, que ditaram o seu ritmo, a cura dos habitantes, que assentaram sua presen\u00e7a marcante. A contribui\u00e7\u00e3o ativa da popula\u00e7\u00e3o de origem africana na forma\u00e7\u00e3o da cidade \u00e9 o tema central da obra. Apesar da invisibiliza\u00e7\u00e3o estrutural sobre o papel dos negros na hist\u00f3ria do Brasil, o document\u00e1rio deixa evidente que a cultura carioca \u00e9 negra, tal como <a href=\"http:\/\/bit.ly\/3ZCwYbY\" target=\"_blank\" rel=\"noopener\">a maioria de sua popula\u00e7\u00e3o, 51,7%<\/a>. Assim sendo, o filme reclama o local de centralidade da negritude na cidade, retratando, de fato, um Rio negro.<\/span><\/p>\n<p><span style=\"font-weight: 400;\">Atrav\u00e9s de entrevistas e de material hist\u00f3rico, dispon\u00edvel em arquivos p\u00fablicos e em acervos privados, que se interligam de maneira brilhante durante o enredo, a narrativa do document\u00e1rio \u00e9 tecida de maneira muito sutil, mas ao mesmo tempo bastante potente, pois retrata a verdadeira face do carioca e do Rio de Janeiro. A proposta do longa \u00e9 compreender como a popula\u00e7\u00e3o afro-carioca forjou trajet\u00f3rias individuais e la\u00e7os comunit\u00e1rios em uma <em>cidade-di\u00e1spora<\/em>, marcada pelas disputas em torno do projeto \u201ccivilizat\u00f3rio\u201d das elites brancas. O document\u00e1rio debate o ide\u00e1rio racista, a transfer\u00eancia da capital para Bras\u00edlia, em <a href=\"http:\/\/bit.ly\/3ZJZdpj\" target=\"_blank\" rel=\"noopener\">1960<\/a>, e suas consequ\u00eancias pol\u00edtico-institucionais para o Rio de Janeiro, ent\u00e3o capital do pa\u00eds <a href=\"http:\/\/bit.ly\/3y1LOMB\" target=\"_blank\" rel=\"noopener\">desde 1763<\/a>.<\/span><\/p>\n<p><span style=\"font-weight: 400;\">Um grupo importante de pesquisadores, personalidades, ativistas e pol\u00edticos tecem o argumento central da produ\u00e7\u00e3o: a necessidade de evidenciar, reconhecer e reivindicar um Rio <em>feito de e por<\/em> pessoas negras. <a href=\"https:\/\/bit.ly\/3YhPchZ\" target=\"_blank\" rel=\"noopener\">M\u00e3e Meninazinha de Oxum<\/a>, <a href=\"https:\/\/bit.ly\/3JamJ9z\" target=\"_blank\" rel=\"noopener\">Tain\u00e1 de Paula<\/a>, <a href=\"https:\/\/bit.ly\/3ZjphYC\" target=\"_blank\" rel=\"noopener\">Helena Theodoro<\/a>, <a href=\"https:\/\/bit.ly\/3kOIlyF\" target=\"_blank\" rel=\"noopener\">Luiz Ant\u00f4nio Simas<\/a>, <a href=\"https:\/\/bit.ly\/3IRJKga\" target=\"_blank\" rel=\"noopener\">Leandro Vieira<\/a>, entre outros nomes, nos convidam a pensar a <a href=\"http:\/\/bit.ly\/3mhKhjD\" target=\"_blank\" rel=\"noopener\">Pequena \u00c1frica<\/a> como parte <a href=\"http:\/\/bit.ly\/29y4HuI\" target=\"_blank\" rel=\"noopener\">indissoci\u00e1vel da hist\u00f3ria<\/a> do nosso pa\u00eds. Essas personalidades nos impulsionam a entender que a Hist\u00f3ria do Rio de Janeiro e a Hist\u00f3ria do Brasil s\u00e3o, em grande parte, a Hist\u00f3ria Negra Brasileira. <em>Rio, Negro<\/em> revive o legado escravista dessa cidade, que foi o <a href=\"http:\/\/bit.ly\/3SMuDJo\" target=\"_blank\" rel=\"noopener\">epicentro da chegada<\/a> de negros <a href=\"http:\/\/bit.ly\/1S9AAtc\" target=\"_blank\" rel=\"noopener\">sequestrados de \u00c1frica<\/a> para escraviza\u00e7\u00e3o nas Am\u00e9ricas, atrav\u00e9s do que ela se tornou.<\/span><\/p>\n<figure id=\"attachment_66296\" aria-describedby=\"caption-attachment-66296\" style=\"width: 1920px\" class=\"wp-caption aligncenter\"><img loading=\"lazy\" decoding=\"async\" class=\"wp-image-66296 size-full\" title=\"Foto de divulga\u00e7\u00e3o do Document\u00e1rio &quot;Rio, Negro&quot;\" src=\"https:\/\/rioonwatch.org.br\/wp-content\/uploads\/2023\/03\/Foto-de-divulgacao-do-Documentario-Rio-Negro-2.png\" alt=\"Foto de divulga\u00e7\u00e3o do Document\u00e1rio &quot;Rio, Negro&quot;\" width=\"1920\" height=\"1080\" srcset=\"https:\/\/rioonwatch.org.br\/wp-content\/uploads\/2023\/03\/Foto-de-divulgacao-do-Documentario-Rio-Negro-2.png 1920w, https:\/\/rioonwatch.org.br\/wp-content\/uploads\/2023\/03\/Foto-de-divulgacao-do-Documentario-Rio-Negro-2-620x349.png 620w, https:\/\/rioonwatch.org.br\/wp-content\/uploads\/2023\/03\/Foto-de-divulgacao-do-Documentario-Rio-Negro-2-1118x629.png 1118w\" sizes=\"(max-width: 1920px) 100vw, 1920px\" \/><figcaption id=\"caption-attachment-66296\" class=\"wp-caption-text\">Foto de divulga\u00e7\u00e3o do document\u00e1rio &#8220;Rio, Negro&#8221;<\/figcaption><\/figure>\n<p><span style=\"font-weight: 400;\">Desde o per\u00edodo colonial at\u00e9 os dias atuais, a \u00e1rea, que fica na regi\u00e3o portu\u00e1ria do Rio de Janeiro, guarda em seu territ\u00f3rio grandes heran\u00e7as, parte da contribui\u00e7\u00e3o dos povos africanos para a cultura e diversidade brasileira. O document\u00e1rio \u00e9 uma reivindica\u00e7\u00e3o pela <a href=\"http:\/\/bit.ly\/2okmmh3\" target=\"_blank\" rel=\"noopener\">necessidade da preserva\u00e7\u00e3o<\/a> f\u00edsica da Pequena \u00c1frica. Um apelo feito \u00e0s autoridades, <a href=\"https:\/\/bit.ly\/3wrGTma\" target=\"_blank\" rel=\"noopener\">historicamente negligentes com espa\u00e7os de maioria preta<\/a> na cidade. Em resumo, assim como a Pequena \u00c1frica, <em>Rio, Negro<\/em> \u00e9 parte da reconstru\u00e7\u00e3o de uma identidade carioca e brasileira alicer\u00e7ada na hist\u00f3ria e no legado da popula\u00e7\u00e3o africana e afro-brasileira. \u00c9 um documento hist\u00f3rico fundamental sobre o Rio e os cariocas.<\/span><\/p>\n<p>Atualmente, o filme n\u00e3o est\u00e1 mais sendo exibido nas salas de cinema do Rio, Aracaju e S\u00e3o Paulo, mas vem atingindo novos p\u00fablicos pelo Brasil. Moradores de Palmas, Tocantins, e de Balne\u00e1rio Cambori\u00fa, Santa Catarina, j\u00e1 podem assistir <em>Rio, Negro<\/em> em suas cidades. Em contato com a distribuidora Pipa Pictures, o <em>RioOnWatch<\/em> foi informado de que, em um futuro pr\u00f3ximo, o document\u00e1rio estar\u00e1 dispon\u00edvel em plataformas de <em>streaming<\/em>.<\/p>\n<h3><strong>Confira o <a href=\"http:\/\/bit.ly\/3INZnoQ\" target=\"_blank\" rel=\"noopener\">trailer de <em>Rio, Negro<\/em><\/a>:<\/strong><\/h3>\n<p><iframe title=\"YouTube video player\" src=\"https:\/\/www.youtube.com\/embed\/P3RSPKLCuwQ\" width=\"1030\" height=\"563\" frameborder=\"0\" allowfullscreen=\"allowfullscreen\"><span data-mce-type=\"bookmark\" style=\"display: inline-block; width: 0px; overflow: hidden; line-height: 0;\" class=\"mce_SELRES_start\">\ufeff<\/span><\/iframe><\/p>\n<h3><b>Hor\u00e1rios de Exibi\u00e7\u00e3o do Document\u00e1rio:<\/b><b><br \/>\n<\/b><a href=\"https:\/\/bit.ly\/40DDOP7\" target=\"_blank\" rel=\"noopener\"><span style=\"font-weight: 400;\">23 a 25 de mar\u00e7o de 2023<\/span><\/a><\/h3>\n<p><b>Balne\u00e1rio Cambori\u00fa (SC)<\/b><span style=\"font-weight: 400;\">\u00a0\u2014 <a href=\"https:\/\/bit.ly\/3KQwryU\" target=\"_blank\" rel=\"noopener\">Espa\u00e7os Ita\u00fa de Cinema<\/a>\u2014 de 23 a 25 de mar\u00e7o, \u00e0s 17h45 <\/span><\/p>\n<p><b>Palmas (TO)<\/b><span style=\"font-weight: 400;\"> \u2014 Cinefilia \/ ONG Comunica \u2014 de quinta a s\u00e1bado, \u00e0s 21h30<\/span><\/p>\n<p><em>Sobre o autor:\u00a0<i data-stringify-type=\"italic\"><a href=\"https:\/\/bit.ly\/3eKEkFg\" target=\"_blank\" rel=\"noopener\">Cleyton Santanna<\/a>\u00a0\u00e9 jornalista e roteirista, formado pela\u00a0<\/i><i data-stringify-type=\"italic\"><a class=\"c-link\" href=\"http:\/\/bit.ly\/36D8IMt\" target=\"_blank\" rel=\"noopener noreferrer\" data-stringify-link=\"http:\/\/bit.ly\/36D8IMt\" data-sk=\"tooltip_parent\">UFRRJ<\/a><\/i><i data-stringify-type=\"italic\">\u00a0e pela\u00a0<\/i><i data-stringify-type=\"italic\"><a class=\"c-link\" href=\"https:\/\/rioonwatch.org.br\/?p=66104\" target=\"_blank\" rel=\"noopener noreferrer\" data-stringify-link=\"http:\/\/bit.ly\/3pGPU6Q\" data-sk=\"tooltip_parent\">CriaAtivo Film School<\/a><\/i><i data-stringify-type=\"italic\">. Em\u00a0<\/i><i data-stringify-type=\"italic\"><a class=\"c-link\" href=\"http:\/\/bit.ly\/3qGqBDt\" target=\"_blank\" rel=\"noopener noreferrer\" data-stringify-link=\"http:\/\/bit.ly\/3qGqBDt\" data-sk=\"tooltip_parent\">seu canal no YouTube<\/a><\/i><i data-stringify-type=\"italic\">, discorre sobre curiosidades, ancestralidade e cultura afro-brasileira. Em 2017, produziu dois document\u00e1rios, \u201cEntre Negros\u201d e \u201c<\/i><i data-stringify-type=\"italic\"><a class=\"c-link\" href=\"https:\/\/bit.ly\/2P1xdyj\" target=\"_blank\" rel=\"noopener noreferrer\" data-stringify-link=\"https:\/\/bit.ly\/2P1xdyj\" data-sk=\"tooltip_parent\">Tudo Vai Ficar Bem<\/a><\/i><i data-stringify-type=\"italic\">\u201d, e, em 2018, foi premiado como roteirista, com o curta-metragem \u201c<\/i><i data-stringify-type=\"italic\"><a class=\"c-link\" href=\"https:\/\/bit.ly\/3bGKRib\" target=\"_blank\" rel=\"noopener noreferrer\" data-stringify-link=\"https:\/\/bit.ly\/3bGKRib\" data-sk=\"tooltip_parent\">Vandinho<\/a><\/i><i data-stringify-type=\"italic\">\u201d, pela Creative Economy Network. Atualmente, atua como comunicador no Museu do Amanh\u00e3 e \u00e9 o apresentador do podcast\u00a0<\/i><i data-stringify-type=\"italic\"><a class=\"c-link\" href=\"http:\/\/spoti.fi\/2OQPVsg\" target=\"_blank\" rel=\"noopener noreferrer\" data-stringify-link=\"http:\/\/spoti.fi\/2OQPVsg\" data-sk=\"tooltip_parent\">Influ\u00eancia Negra<\/a><\/i><i data-stringify-type=\"italic\">.<\/i><\/em><\/p>\n<hr \/>\n<h4><b data-stringify-type=\"bold\">Apoie nossos esfor\u00e7os para fornecer apoio estrat\u00e9gico \u00e0s favelas do Rio, incluindo o jornalismo hiperlocal, cr\u00edtico, inovador e incans\u00e1vel do\u00a0<\/b><b data-stringify-type=\"bold\"><i data-stringify-type=\"italic\">RioOnWatch<\/i><\/b>\u2014<a class=\"c-link\" href=\"http:\/\/www.bit.ly\/ApoieROW\" target=\"_blank\" rel=\"noopener noreferrer\" data-stringify-link=\"http:\/\/www.bit.ly\/ApoieROW\" data-sk=\"tooltip_parent\">doe aqui<\/a>.<\/h4>\n<!-- AddThis Advanced Settings generic via filter on the_content --><!-- AddThis Share Buttons generic via filter on the_content -->","protected":false},"excerpt":{"rendered":"<div class=\"mh-excerpt\"><p>Click Here for English As mem\u00f3rias impulsionam. S\u00e3o rompantes. Uma conex\u00e3o direta do presente com o passado, sem pedir licen\u00e7a, que nos invade enquanto possibilidades de projetar futuros, de questionar espa\u00e7os e de avan\u00e7ar. Quantas <a class=\"mh-excerpt-more\" href=\"https:\/\/rioonwatch.org.br\/?p=66291\" title=\"Filme &#8216;Rio, Negro&#8217; Retrata Personagens da Hist\u00f3ria Negra e a Pequena \u00c1frica como Fundamentais para a Constru\u00e7\u00e3o do Brasil [RESENHA]\">[&#8230;]<\/a><!-- AddThis Advanced Settings generic via filter on get_the_excerpt --><!-- AddThis Share Buttons generic via filter on get_the_excerpt --><\/p>\n<\/div>","protected":false},"author":179,"featured_media":66293,"comment_status":"closed","ping_status":"closed","sticky":false,"template":"template-full.php","format":"standard","meta":{"_acf_changed":false,"_monsterinsights_skip_tracking":false,"_monsterinsights_sitenote_active":false,"_monsterinsights_sitenote_note":"","_monsterinsights_sitenote_category":0,"footnotes":""},"categories":[1621,1631,1625,1630,3206,1624],"tags":[3253,2519,1597,259,496,50,81,513,333,514,128,469,1970,1329,899,494,3437],"writer":[3004],"translator":[],"source":[],"ilustrador":[],"fotografo":[],"class_list":{"0":"post-66291","1":"post","2":"type-post","3":"status-publish","4":"format-standard","5":"has-post-thumbnail","7":"category-destaque","8":"category-entendendo-o-rio","9":"category-por-correspondentes-comunitarios","10":"category-opiniao","11":"category-representatividade","12":"category-resenha","13":"tag-antirracismo","14":"tag-brasilia","15":"tag-casa-fluminense","16":"tag-centro","17":"tag-cidade-partida","18":"tag-cinema","19":"tag-cultura","20":"tag-cultura-afro-brasileira","21":"tag-diaspora","22":"tag-escravidao","23":"tag-historia","24":"tag-memoria","25":"tag-negritude","26":"tag-pequena-africa","27":"tag-preservacao-de-cultura","28":"tag-regiao-do-porto","29":"tag-resenha-de-filme","30":"writer-cleyton-santanna"},"acf":[],"yoast_head":"<!-- This site is optimized with the Yoast SEO plugin v25.6 - https:\/\/yoast.com\/wordpress\/plugins\/seo\/ -->\n<title>Filme &#039;Rio, Negro&#039; Retrata Personagens da Hist\u00f3ria Negra e a Pequena \u00c1frica como Fundamentais para a Constru\u00e7\u00e3o do Brasil [RESENHA] - RioOnWatch<\/title>\n<meta name=\"robots\" content=\"index, follow, max-snippet:-1, max-image-preview:large, max-video-preview:-1\" \/>\n<link rel=\"canonical\" href=\"https:\/\/rioonwatch.org.br\/?p=66291\" \/>\n<meta property=\"og:locale\" content=\"pt_BR\" \/>\n<meta property=\"og:type\" content=\"article\" \/>\n<meta property=\"og:title\" content=\"Filme &#039;Rio, Negro&#039; Retrata Personagens da Hist\u00f3ria Negra e a Pequena \u00c1frica como Fundamentais para a Constru\u00e7\u00e3o do Brasil [RESENHA] - RioOnWatch\" \/>\n<meta property=\"og:description\" content=\"Click Here for English As mem\u00f3rias impulsionam. S\u00e3o rompantes. Uma conex\u00e3o direta do presente com o passado, sem pedir licen\u00e7a, que nos invade enquanto possibilidades de projetar futuros, de questionar espa\u00e7os e de avan\u00e7ar. Quantas [...]\" \/>\n<meta property=\"og:url\" content=\"https:\/\/rioonwatch.org.br\/?p=66291\" \/>\n<meta property=\"og:site_name\" content=\"RioOnWatch\" \/>\n<meta property=\"article:published_time\" content=\"2023-03-25T13:04:03+00:00\" \/>\n<meta property=\"article:modified_time\" content=\"2024-06-20T18:55:36+00:00\" \/>\n<meta property=\"og:image\" content=\"https:\/\/rioonwatch.org.br\/wp-content\/uploads\/2023\/03\/Foto-de-divulgacao-do-Documentario-Rio-Negro..png\" \/>\n\t<meta property=\"og:image:width\" content=\"1920\" \/>\n\t<meta property=\"og:image:height\" content=\"1080\" \/>\n\t<meta property=\"og:image:type\" content=\"image\/png\" \/>\n<meta name=\"author\" content=\"Janaina Tavares\" \/>\n<meta name=\"twitter:card\" content=\"summary_large_image\" \/>\n<meta name=\"twitter:label1\" content=\"Escrito por\" \/>\n\t<meta name=\"twitter:data1\" content=\"Janaina Tavares\" \/>\n\t<meta name=\"twitter:label2\" content=\"Est. tempo de leitura\" \/>\n\t<meta name=\"twitter:data2\" content=\"6 minutos\" \/>\n<script type=\"application\/ld+json\" class=\"yoast-schema-graph\">{\"@context\":\"https:\/\/schema.org\",\"@graph\":[{\"@type\":\"Article\",\"@id\":\"https:\/\/rioonwatch.org.br\/?p=66291#article\",\"isPartOf\":{\"@id\":\"https:\/\/rioonwatch.org.br\/?p=66291\"},\"author\":{\"name\":\"Janaina Tavares\",\"@id\":\"https:\/\/rioonwatch.org.br\/#\/schema\/person\/feb227e5e7679aacc3d672e375cae1bd\"},\"headline\":\"Filme &#8216;Rio, Negro&#8217; Retrata Personagens da Hist\u00f3ria Negra e a Pequena \u00c1frica como Fundamentais para a Constru\u00e7\u00e3o do Brasil [RESENHA]\",\"datePublished\":\"2023-03-25T13:04:03+00:00\",\"dateModified\":\"2024-06-20T18:55:36+00:00\",\"mainEntityOfPage\":{\"@id\":\"https:\/\/rioonwatch.org.br\/?p=66291\"},\"wordCount\":970,\"publisher\":{\"@id\":\"https:\/\/rioonwatch.org.br\/#organization\"},\"image\":{\"@id\":\"https:\/\/rioonwatch.org.br\/?p=66291#primaryimage\"},\"thumbnailUrl\":\"https:\/\/rioonwatch.org.br\/wp-content\/uploads\/2023\/03\/Foto-de-divulgacao-do-Documentario-Rio-Negro..png\",\"keywords\":[\"Antirracismo\",\"Bras\u00edlia\",\"Casa Fluminense\",\"Centro\",\"cidade partida\",\"cinema\",\"cultura\",\"Cultura Afro-brasileira\",\"Di\u00e1spora Africana\",\"escravid\u00e3o\",\"hist\u00f3ria\",\"Mem\u00f3rias Faveladas\",\"negritude\",\"Pequena \u00c1frica\",\"preserva\u00e7\u00e3o de cultura\",\"Regi\u00e3o do Porto\",\"Resenha de filme\"],\"articleSection\":[\"*Destaque\",\"Entendendo o Rio\",\"Escrito por Comunicadores Populares\",\"Opini\u00e3o\",\"Representatividade\",\"Resenhas\"],\"inLanguage\":\"pt-BR\"},{\"@type\":\"WebPage\",\"@id\":\"https:\/\/rioonwatch.org.br\/?p=66291\",\"url\":\"https:\/\/rioonwatch.org.br\/?p=66291\",\"name\":\"Filme 'Rio, Negro' Retrata Personagens da Hist\u00f3ria Negra e a Pequena \u00c1frica como Fundamentais para a Constru\u00e7\u00e3o do Brasil [RESENHA] - RioOnWatch\",\"isPartOf\":{\"@id\":\"https:\/\/rioonwatch.org.br\/#website\"},\"primaryImageOfPage\":{\"@id\":\"https:\/\/rioonwatch.org.br\/?p=66291#primaryimage\"},\"image\":{\"@id\":\"https:\/\/rioonwatch.org.br\/?p=66291#primaryimage\"},\"thumbnailUrl\":\"https:\/\/rioonwatch.org.br\/wp-content\/uploads\/2023\/03\/Foto-de-divulgacao-do-Documentario-Rio-Negro..png\",\"datePublished\":\"2023-03-25T13:04:03+00:00\",\"dateModified\":\"2024-06-20T18:55:36+00:00\",\"breadcrumb\":{\"@id\":\"https:\/\/rioonwatch.org.br\/?p=66291#breadcrumb\"},\"inLanguage\":\"pt-BR\",\"potentialAction\":[{\"@type\":\"ReadAction\",\"target\":[\"https:\/\/rioonwatch.org.br\/?p=66291\"]}]},{\"@type\":\"ImageObject\",\"inLanguage\":\"pt-BR\",\"@id\":\"https:\/\/rioonwatch.org.br\/?p=66291#primaryimage\",\"url\":\"https:\/\/rioonwatch.org.br\/wp-content\/uploads\/2023\/03\/Foto-de-divulgacao-do-Documentario-Rio-Negro..png\",\"contentUrl\":\"https:\/\/rioonwatch.org.br\/wp-content\/uploads\/2023\/03\/Foto-de-divulgacao-do-Documentario-Rio-Negro..png\",\"width\":1920,\"height\":1080,\"caption\":\"Foto de divulga\u00e7\u00e3o do Document\u00e1rio Rio, Negro.\"},{\"@type\":\"BreadcrumbList\",\"@id\":\"https:\/\/rioonwatch.org.br\/?p=66291#breadcrumb\",\"itemListElement\":[{\"@type\":\"ListItem\",\"position\":1,\"name\":\"In\u00edcio\",\"item\":\"https:\/\/rioonwatch.org.br\/\"},{\"@type\":\"ListItem\",\"position\":2,\"name\":\"Filme &#8216;Rio, Negro&#8217; Retrata Personagens da Hist\u00f3ria Negra e a Pequena \u00c1frica como Fundamentais para a Constru\u00e7\u00e3o do Brasil [RESENHA]\"}]},{\"@type\":\"WebSite\",\"@id\":\"https:\/\/rioonwatch.org.br\/#website\",\"url\":\"https:\/\/rioonwatch.org.br\/\",\"name\":\"RioOnWatch\",\"description\":\"relatos das favelas cariocas\",\"publisher\":{\"@id\":\"https:\/\/rioonwatch.org.br\/#organization\"},\"potentialAction\":[{\"@type\":\"SearchAction\",\"target\":{\"@type\":\"EntryPoint\",\"urlTemplate\":\"https:\/\/rioonwatch.org.br\/?s={search_term_string}\"},\"query-input\":{\"@type\":\"PropertyValueSpecification\",\"valueRequired\":true,\"valueName\":\"search_term_string\"}}],\"inLanguage\":\"pt-BR\"},{\"@type\":\"Organization\",\"@id\":\"https:\/\/rioonwatch.org.br\/#organization\",\"name\":\"RioOnWatch\",\"url\":\"https:\/\/rioonwatch.org.br\/\",\"logo\":{\"@type\":\"ImageObject\",\"inLanguage\":\"pt-BR\",\"@id\":\"https:\/\/rioonwatch.org.br\/#\/schema\/logo\/image\/\",\"url\":\"https:\/\/rioonwatch.org.br\/wp-content\/uploads\/2021\/06\/RioOnWatchcabecalhoPT11anos-2.png\",\"contentUrl\":\"https:\/\/rioonwatch.org.br\/wp-content\/uploads\/2021\/06\/RioOnWatchcabecalhoPT11anos-2.png\",\"width\":779,\"height\":277,\"caption\":\"RioOnWatch\"},\"image\":{\"@id\":\"https:\/\/rioonwatch.org.br\/#\/schema\/logo\/image\/\"}},{\"@type\":\"Person\",\"@id\":\"https:\/\/rioonwatch.org.br\/#\/schema\/person\/feb227e5e7679aacc3d672e375cae1bd\",\"name\":\"Janaina Tavares\",\"image\":{\"@type\":\"ImageObject\",\"inLanguage\":\"pt-BR\",\"@id\":\"https:\/\/rioonwatch.org.br\/#\/schema\/person\/image\/\",\"url\":\"https:\/\/secure.gravatar.com\/avatar\/83bb5bb4f8b0c5ad63f35939640eaaa2?s=96&d=blank&r=g\",\"contentUrl\":\"https:\/\/secure.gravatar.com\/avatar\/83bb5bb4f8b0c5ad63f35939640eaaa2?s=96&d=blank&r=g\",\"caption\":\"Janaina Tavares\"},\"url\":\"https:\/\/rioonwatch.org.br\/?author=179\"}]}<\/script>\n<!-- \/ Yoast SEO plugin. -->","yoast_head_json":{"title":"Filme 'Rio, Negro' Retrata Personagens da Hist\u00f3ria Negra e a Pequena \u00c1frica como Fundamentais para a Constru\u00e7\u00e3o do Brasil [RESENHA] - RioOnWatch","robots":{"index":"index","follow":"follow","max-snippet":"max-snippet:-1","max-image-preview":"max-image-preview:large","max-video-preview":"max-video-preview:-1"},"canonical":"https:\/\/rioonwatch.org.br\/?p=66291","og_locale":"pt_BR","og_type":"article","og_title":"Filme 'Rio, Negro' Retrata Personagens da Hist\u00f3ria Negra e a Pequena \u00c1frica como Fundamentais para a Constru\u00e7\u00e3o do Brasil [RESENHA] - RioOnWatch","og_description":"Click Here for English As mem\u00f3rias impulsionam. S\u00e3o rompantes. Uma conex\u00e3o direta do presente com o passado, sem pedir licen\u00e7a, que nos invade enquanto possibilidades de projetar futuros, de questionar espa\u00e7os e de avan\u00e7ar. Quantas [...]","og_url":"https:\/\/rioonwatch.org.br\/?p=66291","og_site_name":"RioOnWatch","article_published_time":"2023-03-25T13:04:03+00:00","article_modified_time":"2024-06-20T18:55:36+00:00","og_image":[{"width":1920,"height":1080,"url":"https:\/\/rioonwatch.org.br\/wp-content\/uploads\/2023\/03\/Foto-de-divulgacao-do-Documentario-Rio-Negro..png","type":"image\/png"}],"author":"Janaina Tavares","twitter_card":"summary_large_image","twitter_misc":{"Escrito por":"Janaina Tavares","Est. tempo de leitura":"6 minutos"},"schema":{"@context":"https:\/\/schema.org","@graph":[{"@type":"Article","@id":"https:\/\/rioonwatch.org.br\/?p=66291#article","isPartOf":{"@id":"https:\/\/rioonwatch.org.br\/?p=66291"},"author":{"name":"Janaina Tavares","@id":"https:\/\/rioonwatch.org.br\/#\/schema\/person\/feb227e5e7679aacc3d672e375cae1bd"},"headline":"Filme &#8216;Rio, Negro&#8217; Retrata Personagens da Hist\u00f3ria Negra e a Pequena \u00c1frica como Fundamentais para a Constru\u00e7\u00e3o do Brasil [RESENHA]","datePublished":"2023-03-25T13:04:03+00:00","dateModified":"2024-06-20T18:55:36+00:00","mainEntityOfPage":{"@id":"https:\/\/rioonwatch.org.br\/?p=66291"},"wordCount":970,"publisher":{"@id":"https:\/\/rioonwatch.org.br\/#organization"},"image":{"@id":"https:\/\/rioonwatch.org.br\/?p=66291#primaryimage"},"thumbnailUrl":"https:\/\/rioonwatch.org.br\/wp-content\/uploads\/2023\/03\/Foto-de-divulgacao-do-Documentario-Rio-Negro..png","keywords":["Antirracismo","Bras\u00edlia","Casa Fluminense","Centro","cidade partida","cinema","cultura","Cultura Afro-brasileira","Di\u00e1spora Africana","escravid\u00e3o","hist\u00f3ria","Mem\u00f3rias Faveladas","negritude","Pequena \u00c1frica","preserva\u00e7\u00e3o de cultura","Regi\u00e3o do Porto","Resenha de filme"],"articleSection":["*Destaque","Entendendo o Rio","Escrito por Comunicadores Populares","Opini\u00e3o","Representatividade","Resenhas"],"inLanguage":"pt-BR"},{"@type":"WebPage","@id":"https:\/\/rioonwatch.org.br\/?p=66291","url":"https:\/\/rioonwatch.org.br\/?p=66291","name":"Filme 'Rio, Negro' Retrata Personagens da Hist\u00f3ria Negra e a Pequena \u00c1frica como Fundamentais para a Constru\u00e7\u00e3o do Brasil [RESENHA] - RioOnWatch","isPartOf":{"@id":"https:\/\/rioonwatch.org.br\/#website"},"primaryImageOfPage":{"@id":"https:\/\/rioonwatch.org.br\/?p=66291#primaryimage"},"image":{"@id":"https:\/\/rioonwatch.org.br\/?p=66291#primaryimage"},"thumbnailUrl":"https:\/\/rioonwatch.org.br\/wp-content\/uploads\/2023\/03\/Foto-de-divulgacao-do-Documentario-Rio-Negro..png","datePublished":"2023-03-25T13:04:03+00:00","dateModified":"2024-06-20T18:55:36+00:00","breadcrumb":{"@id":"https:\/\/rioonwatch.org.br\/?p=66291#breadcrumb"},"inLanguage":"pt-BR","potentialAction":[{"@type":"ReadAction","target":["https:\/\/rioonwatch.org.br\/?p=66291"]}]},{"@type":"ImageObject","inLanguage":"pt-BR","@id":"https:\/\/rioonwatch.org.br\/?p=66291#primaryimage","url":"https:\/\/rioonwatch.org.br\/wp-content\/uploads\/2023\/03\/Foto-de-divulgacao-do-Documentario-Rio-Negro..png","contentUrl":"https:\/\/rioonwatch.org.br\/wp-content\/uploads\/2023\/03\/Foto-de-divulgacao-do-Documentario-Rio-Negro..png","width":1920,"height":1080,"caption":"Foto de divulga\u00e7\u00e3o do Document\u00e1rio Rio, Negro."},{"@type":"BreadcrumbList","@id":"https:\/\/rioonwatch.org.br\/?p=66291#breadcrumb","itemListElement":[{"@type":"ListItem","position":1,"name":"In\u00edcio","item":"https:\/\/rioonwatch.org.br\/"},{"@type":"ListItem","position":2,"name":"Filme &#8216;Rio, Negro&#8217; Retrata Personagens da Hist\u00f3ria Negra e a Pequena \u00c1frica como Fundamentais para a Constru\u00e7\u00e3o do Brasil [RESENHA]"}]},{"@type":"WebSite","@id":"https:\/\/rioonwatch.org.br\/#website","url":"https:\/\/rioonwatch.org.br\/","name":"RioOnWatch","description":"relatos das favelas cariocas","publisher":{"@id":"https:\/\/rioonwatch.org.br\/#organization"},"potentialAction":[{"@type":"SearchAction","target":{"@type":"EntryPoint","urlTemplate":"https:\/\/rioonwatch.org.br\/?s={search_term_string}"},"query-input":{"@type":"PropertyValueSpecification","valueRequired":true,"valueName":"search_term_string"}}],"inLanguage":"pt-BR"},{"@type":"Organization","@id":"https:\/\/rioonwatch.org.br\/#organization","name":"RioOnWatch","url":"https:\/\/rioonwatch.org.br\/","logo":{"@type":"ImageObject","inLanguage":"pt-BR","@id":"https:\/\/rioonwatch.org.br\/#\/schema\/logo\/image\/","url":"https:\/\/rioonwatch.org.br\/wp-content\/uploads\/2021\/06\/RioOnWatchcabecalhoPT11anos-2.png","contentUrl":"https:\/\/rioonwatch.org.br\/wp-content\/uploads\/2021\/06\/RioOnWatchcabecalhoPT11anos-2.png","width":779,"height":277,"caption":"RioOnWatch"},"image":{"@id":"https:\/\/rioonwatch.org.br\/#\/schema\/logo\/image\/"}},{"@type":"Person","@id":"https:\/\/rioonwatch.org.br\/#\/schema\/person\/feb227e5e7679aacc3d672e375cae1bd","name":"Janaina Tavares","image":{"@type":"ImageObject","inLanguage":"pt-BR","@id":"https:\/\/rioonwatch.org.br\/#\/schema\/person\/image\/","url":"https:\/\/secure.gravatar.com\/avatar\/83bb5bb4f8b0c5ad63f35939640eaaa2?s=96&d=blank&r=g","contentUrl":"https:\/\/secure.gravatar.com\/avatar\/83bb5bb4f8b0c5ad63f35939640eaaa2?s=96&d=blank&r=g","caption":"Janaina Tavares"},"url":"https:\/\/rioonwatch.org.br\/?author=179"}]}},"_links":{"self":[{"href":"https:\/\/rioonwatch.org.br\/index.php?rest_route=\/wp\/v2\/posts\/66291"}],"collection":[{"href":"https:\/\/rioonwatch.org.br\/index.php?rest_route=\/wp\/v2\/posts"}],"about":[{"href":"https:\/\/rioonwatch.org.br\/index.php?rest_route=\/wp\/v2\/types\/post"}],"author":[{"embeddable":true,"href":"https:\/\/rioonwatch.org.br\/index.php?rest_route=\/wp\/v2\/users\/179"}],"replies":[{"embeddable":true,"href":"https:\/\/rioonwatch.org.br\/index.php?rest_route=%2Fwp%2Fv2%2Fcomments&post=66291"}],"version-history":[{"count":40,"href":"https:\/\/rioonwatch.org.br\/index.php?rest_route=\/wp\/v2\/posts\/66291\/revisions"}],"predecessor-version":[{"id":68631,"href":"https:\/\/rioonwatch.org.br\/index.php?rest_route=\/wp\/v2\/posts\/66291\/revisions\/68631"}],"wp:featuredmedia":[{"embeddable":true,"href":"https:\/\/rioonwatch.org.br\/index.php?rest_route=\/wp\/v2\/media\/66293"}],"wp:attachment":[{"href":"https:\/\/rioonwatch.org.br\/index.php?rest_route=%2Fwp%2Fv2%2Fmedia&parent=66291"}],"wp:term":[{"taxonomy":"category","embeddable":true,"href":"https:\/\/rioonwatch.org.br\/index.php?rest_route=%2Fwp%2Fv2%2Fcategories&post=66291"},{"taxonomy":"post_tag","embeddable":true,"href":"https:\/\/rioonwatch.org.br\/index.php?rest_route=%2Fwp%2Fv2%2Ftags&post=66291"},{"taxonomy":"writer","embeddable":true,"href":"https:\/\/rioonwatch.org.br\/index.php?rest_route=%2Fwp%2Fv2%2Fwriter&post=66291"},{"taxonomy":"translator","embeddable":true,"href":"https:\/\/rioonwatch.org.br\/index.php?rest_route=%2Fwp%2Fv2%2Ftranslator&post=66291"},{"taxonomy":"source","embeddable":true,"href":"https:\/\/rioonwatch.org.br\/index.php?rest_route=%2Fwp%2Fv2%2Fsource&post=66291"},{"taxonomy":"ilustrador","embeddable":true,"href":"https:\/\/rioonwatch.org.br\/index.php?rest_route=%2Fwp%2Fv2%2Filustrador&post=66291"},{"taxonomy":"fotografo","embeddable":true,"href":"https:\/\/rioonwatch.org.br\/index.php?rest_route=%2Fwp%2Fv2%2Ffotografo&post=66291"}],"curies":[{"name":"wp","href":"https:\/\/api.w.org\/{rel}","templated":true}]}}