{"id":66543,"date":"2023-03-13T19:56:30","date_gmt":"2023-03-13T22:56:30","guid":{"rendered":"https:\/\/rioonwatch.org.br\/?p=66543"},"modified":"2023-03-29T20:24:46","modified_gmt":"2023-03-29T23:24:46","slug":"diversas-mas-nao-dispersas-a-pluralidade-das-vozes-na-marcha-do-dia-internacional-de-luta-das-mulheres-imagens","status":"publish","type":"post","link":"https:\/\/rioonwatch.org.br\/?p=66543","title":{"rendered":"Diversas, mas N\u00e3o Dispersas: A Pluralidade das Vozes na Marcha do Dia Internacional de Luta das Mulheres no Rio de Janeiro [IMAGENS]"},"content":{"rendered":"<figure id=\"attachment_66566\" aria-describedby=\"caption-attachment-66566\" style=\"width: 2000px\" class=\"wp-caption aligncenter\"><a href=\"https:\/\/rioonwatch.org.br\/wp-content\/uploads\/2023\/03\/Mulheres-no-inicio-do-ano-do-8M-seguram-faixa-e-gritam-palavras-de-ordem.jpg\"><img fetchpriority=\"high\" decoding=\"async\" class=\"wp-image-66566 size-full\" title=\"Mulheres no in\u00edcio do ato do 8M seguram faixa e gritam palavras de ordem, na foto, da esquerda para a direita, a Vereadora Luciana Boiteux, a Vereadora Monica Cunha, Tatianny Ara\u00fajo; atr\u00e1s com a bandeira do Movimento do Trabalhadores sem Direitos Maria dos Camel\u00f4s e, com a placa de Marielle Franco, S\u00edlvia Mendon\u00e7a. Foto: B\u00e1rbara Dias\" src=\"https:\/\/rioonwatch.org.br\/wp-content\/uploads\/2023\/03\/Mulheres-no-inicio-do-ano-do-8M-seguram-faixa-e-gritam-palavras-de-ordem.jpg\" alt=\"Mulheres no in\u00edcio do ato do 8M seguram faixa e gritam palavras de ordem, na foto, da esquerda para a direita, a Vereadora Luciana Boiteux, a Vereadora Monica Cunha, Tatianny Ara\u00fajo; atr\u00e1s com a bandeira do Movimento do Trabalhadores sem Direitos Maria dos Camel\u00f4s e, com a placa de Marielle Franco, S\u00edlvia Mendon\u00e7a. Foto: B\u00e1rbara Dias\" width=\"2000\" height=\"1335\" srcset=\"https:\/\/rioonwatch.org.br\/wp-content\/uploads\/2023\/03\/Mulheres-no-inicio-do-ano-do-8M-seguram-faixa-e-gritam-palavras-de-ordem.jpg 2000w, https:\/\/rioonwatch.org.br\/wp-content\/uploads\/2023\/03\/Mulheres-no-inicio-do-ano-do-8M-seguram-faixa-e-gritam-palavras-de-ordem-620x414.jpg 620w, https:\/\/rioonwatch.org.br\/wp-content\/uploads\/2023\/03\/Mulheres-no-inicio-do-ano-do-8M-seguram-faixa-e-gritam-palavras-de-ordem-942x629.jpg 942w\" sizes=\"(max-width: 2000px) 100vw, 2000px\" \/><\/a><figcaption id=\"caption-attachment-66566\" class=\"wp-caption-text\">Mulheres no in\u00edcio do ato do 8M seguram faixa e gritam palavras de ordem. Na foto, da esquerda para a direita: Vereadora Luciana Boiteux, Vereadora Monica Cunha, Tatianny Ara\u00fajo; atr\u00e1s com a bandeira do Movimento do Trabalhadores sem Direitos: Maria dos Camel\u00f4s e, com a placa de Marielle Franco, S\u00edlvia Mendon\u00e7a. Foto: B\u00e1rbara Dias<\/figcaption><\/figure>\n<h4 style=\"text-align: right;\"><a href=\"http:\/\/bit.ly\/3zyW4xD\" target=\"_blank\" rel=\"noopener\"><em><strong>Click Here for English<img decoding=\"async\" class=\"alignright wp-image-15790\" src=\"https:\/\/rioonwatch.org.br\/wp-content\/uploads\/2012\/08\/EN-standard-e1439583104716.jpg\" alt=\"\" width=\"20\" height=\"20\" \/><\/strong><\/em><\/a><\/h4>\n<h4><strong><em>No dia 8 de mar\u00e7o, anualmente, ocorre a Marcha do <a href=\"https:\/\/bit.ly\/30gWtTm\" target=\"_blank\" rel=\"noopener\">Dia Internacional de Luta das Mulheres<\/a>, chamada de <a href=\"https:\/\/bit.ly\/3Jry6Kd\" target=\"_blank\" rel=\"noopener\">8M RJ<\/a><\/em><em>, no Centro da cidade do Rio de Janeiro. O ato se concentra na Igreja da Candel\u00e1ria e caminha at\u00e9 a Cinel\u00e2ndia.<\/em> <\/strong><\/h4>\n<p><span style=\"font-weight: 400;\">Coletivos feministas, movimentos sociais, sindicatos e mulheres de diversos setores da sociedade v\u00e3o \u00e0s ruas marchar por entenderem a necessidade de lutar contra o <a href=\"https:\/\/bit.ly\/2MQ3Myz\" target=\"_blank\" rel=\"noopener\">patriarcado<\/a>, <\/span><span style=\"font-weight: 400;\">sistema<\/span><span style=\"font-weight: 400;\"> que perpetua a desigualdade de <a href=\"https:\/\/bit.ly\/3gVa1vs\" target=\"_blank\" rel=\"noopener\">g\u00eanero<\/a> e a opress\u00e3o sobre as mulheres<\/span><span style=\"font-weight: 400;\">.<\/span><span style=\"font-weight: 400;\"> A convoca\u00e7\u00e3o para a organiza\u00e7\u00e3o do ato \u00e9 sempre divulgada nas redes sociais, com locais e hor\u00e1rios definidos, onde qualquer mulher pode participar das plen\u00e1rias de constru\u00e7\u00e3o da marcha. Neste ano, a <a href=\"https:\/\/bit.ly\/425Xj4g\" target=\"_blank\" rel=\"noopener\">convoca\u00e7\u00e3o foi<\/a> <\/span>\u201cMulheres nas ruas em defesa da democracia! Sem anistia! Chega de feminic\u00eddio e de viol\u00eancia contra as mulheres! Por emprego e renda, pela legaliza\u00e7\u00e3o do aborto e pelo fim da fome! Em defesa da educa\u00e7\u00e3o e da sa\u00fade p\u00fablica!<span style=\"font-weight: 400;\">\u201d<\/span><\/p>\n<figure id=\"attachment_66587\" aria-describedby=\"caption-attachment-66587\" style=\"width: 2000px\" class=\"wp-caption aligncenter\"><a href=\"https:\/\/rioonwatch.org.br\/wp-content\/uploads\/2023\/03\/Faixa-Juntas-Somos-Gigantes-no-8M-RJ-na-Cinelandia.-Foto-Barbara-Dias.jpg\"><img decoding=\"async\" class=\"wp-image-66587 size-full\" title=\"Faixa &quot;Juntas Somos Gigantes&quot;, no 8M RJ, na Cinel\u00e2ndia. Foto: B\u00e1rbara Dias\" src=\"https:\/\/rioonwatch.org.br\/wp-content\/uploads\/2023\/03\/Faixa-Juntas-Somos-Gigantes-no-8M-RJ-na-Cinelandia.-Foto-Barbara-Dias.jpg\" alt=\"Faixa &quot;Juntas Somos Gigantes&quot;, no 8M RJ, na Cinel\u00e2ndia. Foto: B\u00e1rbara Dias\" width=\"2000\" height=\"1335\" srcset=\"https:\/\/rioonwatch.org.br\/wp-content\/uploads\/2023\/03\/Faixa-Juntas-Somos-Gigantes-no-8M-RJ-na-Cinelandia.-Foto-Barbara-Dias.jpg 2000w, https:\/\/rioonwatch.org.br\/wp-content\/uploads\/2023\/03\/Faixa-Juntas-Somos-Gigantes-no-8M-RJ-na-Cinelandia.-Foto-Barbara-Dias-620x414.jpg 620w, https:\/\/rioonwatch.org.br\/wp-content\/uploads\/2023\/03\/Faixa-Juntas-Somos-Gigantes-no-8M-RJ-na-Cinelandia.-Foto-Barbara-Dias-942x629.jpg 942w\" sizes=\"(max-width: 2000px) 100vw, 2000px\" \/><\/a><figcaption id=\"caption-attachment-66587\" class=\"wp-caption-text\">Faixa &#8220;Juntas Somos Gigantes&#8221;, no 8M RJ, na Cinel\u00e2ndia. Foto: B\u00e1rbara Dias<\/figcaption><\/figure>\n<p><span style=\"font-weight: 400;\">Por\u00e9m, apesar de estarem unidas, cada mulher que participa da Marcha das Mulheres tem suas pr\u00f3prias lutas. Cada uma experimenta as diferentes opress\u00f5es, oriundas de sua ra\u00e7a, classe social, territ\u00f3rios de origem ou de moradia, al\u00e9m das pr\u00f3prias subjetividades e hist\u00f3rias de vida. No livro <\/span><a href=\"https:\/\/bit.ly\/3YE7CcL\" target=\"_blank\" rel=\"noopener\"><span style=\"font-weight: 400;\"><em>O Que \u00c9 Lugar de Fala?<\/em><\/span><\/a><span style=\"font-weight: 400;\">, a fil\u00f3sofa <\/span><a href=\"http:\/\/bit.ly\/3FmKkBk\" target=\"_blank\" rel=\"noopener\"><span style=\"font-weight: 400;\">Djamila Ribeiro<\/span><\/a><span style=\"font-weight: 400;\"> alerta que a \u201cinsist\u00eancia em falar de mulheres como universais, n\u00e3o marcando as diferen\u00e7as existentes, faz com que somente parte desse ser mulher seja visto\u201d. Com a voz, a diversidade de mulheres, unidas, constru\u00edram o 8M RJ 2023.<\/span><\/p>\n<h3>Potyra Guajajara-Krikati, Lideran\u00e7a da Aldeia Maracan\u00e3<\/h3>\n<p><span style=\"font-weight: 400;\"><a href=\"https:\/\/bit.ly\/3YxrA9a\" target=\"_blank\" rel=\"noopener\">Potyra Guajajara-Krikati<\/a>, representante dos povos origin\u00e1rios, participante da ocupa\u00e7\u00e3o da <\/span><a href=\"https:\/\/bit.ly\/33SfAEg\" target=\"_blank\" rel=\"noopener\"><span style=\"font-weight: 400;\">Aldeia Maracan\u00e3<\/span><\/a><span style=\"font-weight: 400;\">, foi a primeira a compartilhar sua reflex\u00e3o.\u00a0\u00a0<\/span><\/p>\n<blockquote><p><span style=\"font-weight: 400;\">\u201cGostaria de homenagear todas as mulheres guerreiras, e que a nossa luta seja por um futuro maior e melhor para as crian\u00e7as, para os idosos e para n\u00f3s mulheres, para n\u00f3s, mulheres ind\u00edgenas&#8230; \u00c9 muito importante que a gente d\u00ea esse apoio \u00e0s m\u00e3es e \u00e0s crian\u00e7as, que s\u00e3o o futuro. A gente tamb\u00e9m tem que vencer esse preconceito e todo o racismo que existe contra n\u00f3s, povos ind\u00edgenas.\u201d \u2014 Potyra Guajajara-Krikati<\/span><\/p><\/blockquote>\n<figure id=\"attachment_66569\" aria-describedby=\"caption-attachment-66569\" style=\"width: 2000px\" class=\"wp-caption aligncenter\"><a href=\"https:\/\/rioonwatch.org.br\/wp-content\/uploads\/2023\/03\/Potyra-Guajajara-Krikati-da-Aldeia-Maracana.-Foto-Barbara-Dias.jpg\"><img loading=\"lazy\" decoding=\"async\" class=\"wp-image-66569 size-full\" title=\"Potyra Guajajara-Krikati da Aldeia Maracan\u00e3. Foto: B\u00e1rbara Dias\" src=\"https:\/\/rioonwatch.org.br\/wp-content\/uploads\/2023\/03\/Potyra-Guajajara-Krikati-da-Aldeia-Maracana.-Foto-Barbara-Dias.jpg\" alt=\"Potyra Guajajara-Krikati da Aldeia Maracan\u00e3. Foto: B\u00e1rbara Dias\" width=\"2000\" height=\"1335\" srcset=\"https:\/\/rioonwatch.org.br\/wp-content\/uploads\/2023\/03\/Potyra-Guajajara-Krikati-da-Aldeia-Maracana.-Foto-Barbara-Dias.jpg 2000w, https:\/\/rioonwatch.org.br\/wp-content\/uploads\/2023\/03\/Potyra-Guajajara-Krikati-da-Aldeia-Maracana.-Foto-Barbara-Dias-620x414.jpg 620w, https:\/\/rioonwatch.org.br\/wp-content\/uploads\/2023\/03\/Potyra-Guajajara-Krikati-da-Aldeia-Maracana.-Foto-Barbara-Dias-942x629.jpg 942w\" sizes=\"(max-width: 2000px) 100vw, 2000px\" \/><\/a><figcaption id=\"caption-attachment-66569\" class=\"wp-caption-text\">Potyra Guajajara-Krikati da Aldeia Maracan\u00e3. Foto: B\u00e1rbara Dias<\/figcaption><\/figure>\n<h3>Maria do Nascimento, Professora da Rede P\u00fablica e Sindicalista<\/h3>\n<p><span style=\"font-weight: 400;\">Muitas mulheres trabalhadoras marcaram presen\u00e7a na Marcha do 8M, como Maria do Nascimento, que \u00e9 professora da rede p\u00fablica e militante do <\/span><span style=\"font-weight: 400;\">Sindicato dos Profissionais da Educa\u00e7\u00e3o do Estado do Rio de Janeiro (<a href=\"https:\/\/bit.ly\/3mEFAAG\" target=\"_blank\" rel=\"noopener\">SEPE<\/a>). Ela segurava uma faixa onde se lia \u201c<\/span><i><span style=\"font-weight: 400;\">Mulheres Negras: As Mais Oprimidas\u201d<\/span><\/i><span style=\"font-weight: 400;\"> e um pequeno cartaz com a frase <\/span><i><span style=\"font-weight: 400;\">\u201cLute como uma Mulher\u201d. <\/span><\/i><span style=\"font-weight: 400;\">Maria <\/span><span style=\"font-weight: 400;\">contou um pouco de sua luta.\u00a0<\/span><i> <\/i><\/p>\n<blockquote><p><span style=\"font-weight: 400;\">\u201cEu sou professora, sou uma mulher preta de 56 anos e nordestina. N\u00f3s mulheres negras sofremos tr\u00eas vezes mais de <a href=\"https:\/\/bit.ly\/41UQSB1\" target=\"_blank\" rel=\"noopener\">feminic\u00eddio<\/a> e discrimina\u00e7\u00e3o por nossa cor e classe social. \u00c9 um momento que a gente precisa estar juntas, unidas pelas que vieram antes de n\u00f3s e morreram. Essa luta n\u00e3o pode ficar em v\u00e3o. A mulher brasileira \u00e9 uma das que mais sofre com o machismo, ent\u00e3o, hoje \u00e9 somar com todas as companheiras para dar visibilidade a essa luta t\u00e3o importante.\u201d \u2014 <\/span><span style=\"font-weight: 400;\">Maria do Nascimento<\/span><\/p><\/blockquote>\n<figure id=\"attachment_66572\" aria-describedby=\"caption-attachment-66572\" style=\"width: 2000px\" class=\"wp-caption aligncenter\"><a href=\"https:\/\/rioonwatch.org.br\/wp-content\/uploads\/2023\/03\/Maria-do-Nascimento-professora-da-rede-publica.-Foto-Barbara-Dias.jpg\"><img loading=\"lazy\" decoding=\"async\" class=\"wp-image-66572 size-full\" title=\"Maria do Nascimento, professora da rede p\u00fablica. Foto: B\u00e1rbara Dias\" src=\"https:\/\/rioonwatch.org.br\/wp-content\/uploads\/2023\/03\/Maria-do-Nascimento-professora-da-rede-publica.-Foto-Barbara-Dias.jpg\" alt=\"Maria do Nascimento, professora da rede p\u00fablica. Foto: B\u00e1rbara Dias\" width=\"2000\" height=\"1335\" srcset=\"https:\/\/rioonwatch.org.br\/wp-content\/uploads\/2023\/03\/Maria-do-Nascimento-professora-da-rede-publica.-Foto-Barbara-Dias.jpg 2000w, https:\/\/rioonwatch.org.br\/wp-content\/uploads\/2023\/03\/Maria-do-Nascimento-professora-da-rede-publica.-Foto-Barbara-Dias-620x414.jpg 620w, https:\/\/rioonwatch.org.br\/wp-content\/uploads\/2023\/03\/Maria-do-Nascimento-professora-da-rede-publica.-Foto-Barbara-Dias-942x629.jpg 942w\" sizes=\"(max-width: 2000px) 100vw, 2000px\" \/><\/a><figcaption id=\"caption-attachment-66572\" class=\"wp-caption-text\">Maria do Nascimento, professora da rede p\u00fablica. Foto: B\u00e1rbara Dias<\/figcaption><\/figure>\n<h3>F\u00e1tima Pinho, M\u00e3e de V\u00edtima de Viol\u00eancia do Estado<\/h3>\n<p><span style=\"font-weight: 400;\">F\u00e1tima Pinho \u00e9 membro do movimento <\/span><a href=\"https:\/\/bit.ly\/3J50CQx\" target=\"_blank\" rel=\"noopener\"><span style=\"font-weight: 400;\">M\u00e3es de Manguinhos<\/span><\/a><span style=\"font-weight: 400;\">,<\/span> <span style=\"font-weight: 400;\">um coletivo de <\/span><span style=\"font-weight: 400;\">m\u00e3es e familiares de v\u00edtimas da viol\u00eancia do Estado, e falou sobre a import\u00e2ncia de estar na Marcha das Mulheres, ocupando esse espa\u00e7o.<\/span><\/p>\n<blockquote><p><span style=\"font-weight: 400;\">\u201c\u00c9 uma maneira de fortalecer as mulheres, pois o dia das mulheres \u00e9 todos os dias. Est\u00e1 sendo uma batalha muito grande a luta contra o feminic\u00eddio. Ent\u00e3o, a gente est\u00e1 aqui para somar, para ver se d\u00e1 um basta tamb\u00e9m nisso. Com as mulheres gritando, somos mais fortes! \u00c9 um prazer imenso estar aqui, com outras mulheres de outros movimentos, e \u00e9 muito importante para n\u00f3s do Movimento M\u00e3es de Manguinhos, que representamos a luta de mulheres contra a viol\u00eancia do Estado, estar aqui. E \u00e9 isso, mulheres na pista sempre!\u201d \u2014 F\u00e1tima Pinho<\/span><\/p><\/blockquote>\n<figure id=\"attachment_66574\" aria-describedby=\"caption-attachment-66574\" style=\"width: 2000px\" class=\"wp-caption aligncenter\"><a href=\"https:\/\/rioonwatch.org.br\/wp-content\/uploads\/2023\/03\/Fatima-Pinho-no-movimento-Maes-de-Manguinhos.-Foto-Barbara-Dias.jpg\"><img loading=\"lazy\" decoding=\"async\" class=\"wp-image-66574 size-full\" title=\"F\u00e1tima Pinho do movimento M\u00e3es de Manguinhos. Foto: B\u00e1rbara Dias\" src=\"https:\/\/rioonwatch.org.br\/wp-content\/uploads\/2023\/03\/Fatima-Pinho-no-movimento-Maes-de-Manguinhos.-Foto-Barbara-Dias.jpg\" alt=\"F\u00e1tima Pinho do movimento M\u00e3es de Manguinhos. Foto: B\u00e1rbara Dias\" width=\"2000\" height=\"1335\" srcset=\"https:\/\/rioonwatch.org.br\/wp-content\/uploads\/2023\/03\/Fatima-Pinho-no-movimento-Maes-de-Manguinhos.-Foto-Barbara-Dias.jpg 2000w, https:\/\/rioonwatch.org.br\/wp-content\/uploads\/2023\/03\/Fatima-Pinho-no-movimento-Maes-de-Manguinhos.-Foto-Barbara-Dias-620x414.jpg 620w, https:\/\/rioonwatch.org.br\/wp-content\/uploads\/2023\/03\/Fatima-Pinho-no-movimento-Maes-de-Manguinhos.-Foto-Barbara-Dias-942x629.jpg 942w\" sizes=\"(max-width: 2000px) 100vw, 2000px\" \/><\/a><figcaption id=\"caption-attachment-66574\" class=\"wp-caption-text\">F\u00e1tima Pinho do movimento M\u00e3es de Manguinhos. Foto: B\u00e1rbara Dias<\/figcaption><\/figure>\n<h3>Maria dos Camel\u00f4s, Ambulante e Lideran\u00e7a de Classe<\/h3>\n<p><span style=\"font-weight: 400;\">Com um punho cerrado e o outro tremulando a bandeira amarela do Movimento Unido dos Camel\u00f4s (<\/span><span style=\"font-weight: 400;\"><a href=\"http:\/\/on.fb.me\/1lUSy5a\" target=\"_blank\" rel=\"noopener\">MUCA<\/a>), l\u00e1 estava Maria de Lourdes do Carmo, mais conhecid<\/span><span style=\"font-weight: 400;\">a como <\/span><a href=\"https:\/\/bit.ly\/3mzlbNg\" target=\"_blank\" rel=\"noopener\"><span style=\"font-weight: 400;\">Maria dos Camel\u00f4s<\/span><\/a><span style=\"font-weight: 400;\">, lideran\u00e7a da luta e em defesa das trabalhadoras e trabalhadores camel\u00f4s. Ativista e <a href=\"http:\/\/bit.ly\/3leFzD1\" target=\"_blank\" rel=\"noopener\">ambulante h\u00e1 25 anos<\/a>, ela compartilhou um pouco de sua viv\u00eancia e da import\u00e2ncia da camelotagem para a conquista da sua autonomia.<\/span><\/p>\n<blockquote><p><span style=\"font-weight: 400;\">\u201c\u00c9 muito importante a gente estar aqui hoje para que nos reconhe\u00e7am como trabalhadoras&#8230; sabemos que estamos falando de viol\u00eancia contra as mulheres. As camel\u00f4s v\u00e3o para as ruas!&#8230; Eu, por exemplo, sa\u00ed de um relacionamento, pois eu apanhava do meu ex-marido, pai dos meus filhos, e fui para a rua pra sair daquele relacionamento abusivo e conseguir ganhar dinheiro para criar os meus filhos [de maneira independente]. Ent\u00e3o, voc\u00ea v\u00ea muitas mulheres, m\u00e3es solo, que est\u00e3o aqui na rua trabalhando e a gente precisa que essas mulheres sejam reconhecidas como trabalhadoras. A gente fala de viol\u00eancia contra a mulher, mas [n\u00e3o podemos esquecer que] as mulheres que trabalham em camel\u00f4 sofrem todos os dias a viol\u00eancia [dos homens] da Guarda Municipal e do Prefeito da Cidade [Eduardo Paes].\u201d \u2014 Maria dos Camel\u00f4s<\/span><\/p><\/blockquote>\n<figure id=\"attachment_66576\" aria-describedby=\"caption-attachment-66576\" style=\"width: 2000px\" class=\"wp-caption aligncenter\"><a href=\"https:\/\/rioonwatch.org.br\/wp-content\/uploads\/2023\/03\/Maria-de-Lourdes-conhecida-como-Maria-dos-Camelos.-Foto-Barbara-Dias.jpg\"><img loading=\"lazy\" decoding=\"async\" class=\"wp-image-66576 size-full\" title=\"Maria de Lourdes, conhecida como \u201cMaria dos Camel\u00f4s\u201d. Foto: B\u00e1rbara Dias\" src=\"https:\/\/rioonwatch.org.br\/wp-content\/uploads\/2023\/03\/Maria-de-Lourdes-conhecida-como-Maria-dos-Camelos.-Foto-Barbara-Dias.jpg\" alt=\"Maria de Lourdes, conhecida como \u201cMaria dos Camel\u00f4s\u201d. Foto: B\u00e1rbara Dias\" width=\"2000\" height=\"1335\" srcset=\"https:\/\/rioonwatch.org.br\/wp-content\/uploads\/2023\/03\/Maria-de-Lourdes-conhecida-como-Maria-dos-Camelos.-Foto-Barbara-Dias.jpg 2000w, https:\/\/rioonwatch.org.br\/wp-content\/uploads\/2023\/03\/Maria-de-Lourdes-conhecida-como-Maria-dos-Camelos.-Foto-Barbara-Dias-620x414.jpg 620w, https:\/\/rioonwatch.org.br\/wp-content\/uploads\/2023\/03\/Maria-de-Lourdes-conhecida-como-Maria-dos-Camelos.-Foto-Barbara-Dias-942x629.jpg 942w\" sizes=\"(max-width: 2000px) 100vw, 2000px\" \/><\/a><figcaption id=\"caption-attachment-66576\" class=\"wp-caption-text\">Maria de Lourdes, conhecida como \u201cMaria dos Camel\u00f4s\u201d. Foto: B\u00e1rbara Dias<\/figcaption><\/figure>\n<h3>Luciene Lacerda, Psic\u00f3loga, Educadora e Feminista Antirracista<\/h3>\n<p><a href=\"https:\/\/bit.ly\/3ZTctbL\" target=\"_blank\" rel=\"noopener\"><span style=\"font-weight: 400;\">Luciene Lacerda<\/span><\/a><span style=\"font-weight: 400;\">, criadora e coordenadora da campanha <\/span><a href=\"https:\/\/bit.ly\/3FdLZJw\" target=\"_blank\" rel=\"noopener\"><span style=\"font-weight: 400;\">21 Dias Contra o Racismo<\/span><\/a><span style=\"font-weight: 400;\">, em sua fala evidenciou bem as demandas de uma mulher negra na marcha do Dia Internacional das Mulheres.<\/span><\/p>\n<blockquote><p><span style=\"font-weight: 400;\">\u201cEnt\u00e3o, estar aqui hoje \u00e9, principalmente, para lembrar de alguns pontos especiais. N\u00f3s, mulheres negras, somos <a href=\"http:\/\/bit.ly\/38tlIHF\" target=\"_blank\" rel=\"noopener\">28% da popula\u00e7\u00e3o brasileira<\/a>, n\u00f3s somos o maior contingente populacional do pa\u00eds, e a gente n\u00e3o est\u00e1 em determinados lugares, como, por exemplo, no Supremo Tribunal Federal (<a href=\"https:\/\/bit.ly\/2Z8BO45\" target=\"_blank\" rel=\"noopener\">STF<\/a>). A gente n\u00e3o [est\u00e1] em um n\u00famero representativo dentro da gest\u00e3o p\u00fablica, dentro do espa\u00e7o jur\u00eddico ou de qualquer gest\u00e3o. Mas [por outro lado] a gente est\u00e1 em primeiro lugar em algumas coisas muito tristes: <a href=\"https:\/\/bit.ly\/3J5Phji\" target=\"_blank\" rel=\"noopener\">n\u00f3s somos lideran\u00e7a da mortalidade materna<\/a>, estamos entre os <a href=\"http:\/\/bit.ly\/3yrbQtE\" target=\"_blank\" rel=\"noopener\">menores sal\u00e1rios<\/a>\u00a0e somos aquelas que <a href=\"https:\/\/bit.ly\/3ZYyky0\" target=\"_blank\" rel=\"noopener\">n\u00e3o conseguem alcan\u00e7ar as creches<\/a>. Mesmo tendo creche p\u00fablica, o n\u00famero \u00e9 absolutamente insuficiente. <\/span><\/p>\n<p><span style=\"font-weight: 400;\">A luta sobre a quest\u00e3o do aborto \u00e9 essencial, no entanto, s\u00f3 a quest\u00e3o da descriminaliza\u00e7\u00e3o n\u00e3o nos afeta. Pois isso significa que, mesmo deixando de ser crime, n\u00e3o vai ser p\u00fablico, n\u00e3o vai estar [dispon\u00edvel] pelo Sistema \u00danico de Sa\u00fade (<a href=\"http:\/\/bit.ly\/2JEcfk5\" target=\"_blank\" rel=\"noopener\">SUS<\/a>). Ent\u00e3o, isso significa [que] as mulheres pretas continuar\u00e3o morrendo. <\/span>As mulheres precisam ser acolhidas, precisam ter o direito ao trabalho e \u00e0 vida. Al\u00e9m de tudo isso, estamos no topo dos feminic\u00eddios. Ent\u00e3o, estar aqui no 8M \u00e9 lutar pelas mulheres, mas lutar pensando que n\u00e3o s\u00e3o todas as mulheres que est\u00e3o representadas aqui nesses espa\u00e7os de luta. \u00c9 necess\u00e1rio que isso seja mudado.\u201d \u2014 Luciene Lacerda<\/p><\/blockquote>\n<figure id=\"attachment_66578\" aria-describedby=\"caption-attachment-66578\" style=\"width: 2000px\" class=\"wp-caption aligncenter\"><a href=\"https:\/\/rioonwatch.org.br\/wp-content\/uploads\/2023\/03\/Luciene-Lacerda-criadora-e-coordenadora-da-campanha-21-dias-contra-o-Racismo.-Foto-Barbara-Dias.jpg\"><img loading=\"lazy\" decoding=\"async\" class=\"wp-image-66578 size-full\" title=\"Luciene Lacerda, criadora e coordenadora da campanha 21 dias contra o Racismo. Foto: B\u00e1rbara Dias\" src=\"https:\/\/rioonwatch.org.br\/wp-content\/uploads\/2023\/03\/Luciene-Lacerda-criadora-e-coordenadora-da-campanha-21-dias-contra-o-Racismo.-Foto-Barbara-Dias.jpg\" alt=\"Luciene Lacerda, criadora e coordenadora da campanha 21 dias contra o Racismo. Foto: B\u00e1rbara Dias\" width=\"2000\" height=\"1335\" srcset=\"https:\/\/rioonwatch.org.br\/wp-content\/uploads\/2023\/03\/Luciene-Lacerda-criadora-e-coordenadora-da-campanha-21-dias-contra-o-Racismo.-Foto-Barbara-Dias.jpg 2000w, https:\/\/rioonwatch.org.br\/wp-content\/uploads\/2023\/03\/Luciene-Lacerda-criadora-e-coordenadora-da-campanha-21-dias-contra-o-Racismo.-Foto-Barbara-Dias-620x414.jpg 620w, https:\/\/rioonwatch.org.br\/wp-content\/uploads\/2023\/03\/Luciene-Lacerda-criadora-e-coordenadora-da-campanha-21-dias-contra-o-Racismo.-Foto-Barbara-Dias-942x629.jpg 942w\" sizes=\"(max-width: 2000px) 100vw, 2000px\" \/><\/a><figcaption id=\"caption-attachment-66578\" class=\"wp-caption-text\">Luciene Lacerda, criadora e coordenadora da campanha 21 dias contra o Racismo. Foto: B\u00e1rbara Dias<\/figcaption><\/figure>\n<h3><strong>\u00c9 pela Vida das Mulheres<\/strong><\/h3>\n<p><span style=\"font-weight: 400;\">A luta \u00e9 por engajamento feminino e da sociedade em geral pela vida das mulheres, no combate ao feminic\u00eddio, \u00e0 viol\u00eancia pol\u00edtica de g\u00eanero, \u00e0 diferen\u00e7a salarial, ao racismo que incide de forma perversa sobre as mulheres negras, em busca da autonomia sobre nossos corpos e pela legaliza\u00e7\u00e3o do aborto seguro, legal e oferecido pelo SUS. A <\/span><span style=\"font-weight: 400;\">Vereadora <a href=\"http:\/\/bit.ly\/2YHxjy4\" target=\"_blank\" rel=\"noopener\">Marielle Franco<\/a><\/span><span style=\"font-weight: 400;\">, em discurso de <a href=\"https:\/\/bit.ly\/3JxEn7n\" target=\"_blank\" rel=\"noopener\">8 de mar\u00e7o de 2017<\/a>, resumiu que enquanto mulheres \u201csomos diversas, mas n\u00e3o estamos dispersas\u201d. \u00c9 nessa diversidade, apontada por Marielle, que reside a pot\u00eancia do movimento das mulheres.<\/span><\/p>\n<figure id=\"attachment_66582\" aria-describedby=\"caption-attachment-66582\" style=\"width: 1335px\" class=\"wp-caption aligncenter\"><a href=\"https:\/\/rioonwatch.org.br\/wp-content\/uploads\/2023\/03\/Manifestante-segura-uma-placa-com-o-nome-da-Rua-Marielle-Franco.-Foto-Barbara-Dias.jpg\"><img loading=\"lazy\" decoding=\"async\" class=\"wp-image-66582 size-full\" title=\"Manifestante segura uma placa com o nome da Rua Marielle Franco. Foto: B\u00e1rbara Dias\" src=\"https:\/\/rioonwatch.org.br\/wp-content\/uploads\/2023\/03\/Manifestante-segura-uma-placa-com-o-nome-da-Rua-Marielle-Franco.-Foto-Barbara-Dias.jpg\" alt=\"Manifestante segura uma placa com o nome da Rua Marielle Franco. Foto: B\u00e1rbara Dias\" width=\"1335\" height=\"2000\" srcset=\"https:\/\/rioonwatch.org.br\/wp-content\/uploads\/2023\/03\/Manifestante-segura-uma-placa-com-o-nome-da-Rua-Marielle-Franco.-Foto-Barbara-Dias.jpg 1335w, https:\/\/rioonwatch.org.br\/wp-content\/uploads\/2023\/03\/Manifestante-segura-uma-placa-com-o-nome-da-Rua-Marielle-Franco.-Foto-Barbara-Dias-414x620.jpg 414w, https:\/\/rioonwatch.org.br\/wp-content\/uploads\/2023\/03\/Manifestante-segura-uma-placa-com-o-nome-da-Rua-Marielle-Franco.-Foto-Barbara-Dias-420x629.jpg 420w\" sizes=\"(max-width: 1335px) 100vw, 1335px\" \/><\/a><figcaption id=\"caption-attachment-66582\" class=\"wp-caption-text\">Manifestante segura uma placa com o nome da Rua Marielle Franco. Foto: B\u00e1rbara Dias<\/figcaption><\/figure>\n<p><span style=\"font-weight: 400;\">Que n\u00e3o somente no dia 8 de mar\u00e7o, mas em todos os dias do ano, estejamos atentas a todas as vozes femininas, que, juntas, d\u00e3o o tom da constru\u00e7\u00e3o de um futuro mais igualit\u00e1rio.<\/span><\/p>\n<figure id=\"attachment_66581\" aria-describedby=\"caption-attachment-66581\" style=\"width: 2000px\" class=\"wp-caption aligncenter\"><a href=\"https:\/\/rioonwatch.org.br\/wp-content\/uploads\/2023\/03\/Marcha-8M-na-Cinelandia.-Foto-Barbara-Dias.jpg\"><img loading=\"lazy\" decoding=\"async\" class=\"wp-image-66581 size-full\" title=\"Marcha 8M na Cinel\u00e2ndia. Foto: B\u00e1rbara Dias\" src=\"https:\/\/rioonwatch.org.br\/wp-content\/uploads\/2023\/03\/Marcha-8M-na-Cinelandia.-Foto-Barbara-Dias.jpg\" alt=\"Marcha 8M na Cinel\u00e2ndia. Foto: B\u00e1rbara Dias\" width=\"2000\" height=\"1335\" srcset=\"https:\/\/rioonwatch.org.br\/wp-content\/uploads\/2023\/03\/Marcha-8M-na-Cinelandia.-Foto-Barbara-Dias.jpg 2000w, https:\/\/rioonwatch.org.br\/wp-content\/uploads\/2023\/03\/Marcha-8M-na-Cinelandia.-Foto-Barbara-Dias-620x414.jpg 620w, https:\/\/rioonwatch.org.br\/wp-content\/uploads\/2023\/03\/Marcha-8M-na-Cinelandia.-Foto-Barbara-Dias-942x629.jpg 942w\" sizes=\"(max-width: 2000px) 100vw, 2000px\" \/><\/a><figcaption id=\"caption-attachment-66581\" class=\"wp-caption-text\">Marcha 8M na Cinel\u00e2ndia. Foto: B\u00e1rbara Dias<\/figcaption><\/figure>\n<p><em>Sobre a autora:\u00a0<a href=\"https:\/\/bit.ly\/3Gc3OJU\" target=\"_blank\" rel=\"noopener\">B\u00e1rbara Dias<\/a>, cria de Bangu, possui licenciatura em Ci\u00eancias Biol\u00f3gicas, mestrado em Educa\u00e7\u00e3o Ambiental e atua como professora da rede p\u00fablica desde 2006. \u00c9 fotojornalista e trabalha tamb\u00e9m com fotografia documental. \u00c9 comunicadora popular formada pelo N\u00facleo Piratininga de Comunica\u00e7\u00e3o (<a href=\"https:\/\/bit.ly\/3i2GcdN\" target=\"_blank\" rel=\"noopener\">NPC<\/a>) e co-fundadora do\u00a0<a href=\"https:\/\/bit.ly\/3vfY8bj\" target=\"_blank\" rel=\"noopener\">Coletivo Fotoguerrilha<\/a>.<\/em><\/p>\n<hr \/>\n<h4><b data-stringify-type=\"bold\">Apoie nossos esfor\u00e7os para fornecer apoio estrat\u00e9gico \u00e0s favelas do Rio, incluindo o jornalismo hiperlocal, cr\u00edtico, inovador e incans\u00e1vel do\u00a0<\/b><b data-stringify-type=\"bold\"><i data-stringify-type=\"italic\">RioOnWatch<\/i><\/b>\u2014<a class=\"c-link\" href=\"http:\/\/www.bit.ly\/ApoieROW\" target=\"_blank\" rel=\"noopener noreferrer\" data-stringify-link=\"http:\/\/www.bit.ly\/ApoieROW\" data-sk=\"tooltip_parent\">doe aqui<\/a>.<\/h4>\n<!-- AddThis Advanced Settings generic via filter on the_content --><!-- AddThis Share Buttons generic via filter on the_content -->","protected":false},"excerpt":{"rendered":"<div class=\"mh-excerpt\"><p>Click Here for English No dia 8 de mar\u00e7o, anualmente, ocorre a Marcha do Dia Internacional de Luta das Mulheres, chamada de 8M RJ, no Centro da cidade do Rio de Janeiro. O ato se <a class=\"mh-excerpt-more\" href=\"https:\/\/rioonwatch.org.br\/?p=66543\" title=\"Diversas, mas N\u00e3o Dispersas: A Pluralidade das Vozes na Marcha do Dia Internacional de Luta das Mulheres no Rio de Janeiro [IMAGENS]\">[&#8230;]<\/a><!-- AddThis Advanced Settings generic via filter on get_the_excerpt --><!-- AddThis Share Buttons generic via filter on get_the_excerpt --><\/p>\n<\/div>","protected":false},"author":179,"featured_media":66566,"comment_status":"closed","ping_status":"closed","sticky":false,"template":"template-full.php","format":"standard","meta":{"_acf_changed":false,"_monsterinsights_skip_tracking":false,"_monsterinsights_sitenote_active":false,"_monsterinsights_sitenote_note":"","_monsterinsights_sitenote_category":0,"footnotes":""},"categories":[1621,1627,3175,1625,1633,1612,342],"tags":[3307,614,241,259,405,479,1431,484,1790,42,1574,2161,636,2033,763,782,2387,920],"writer":[3244],"translator":[],"source":[],"ilustrador":[],"fotografo":[3184],"class_list":{"0":"post-66543","1":"post","2":"type-post","3":"status-publish","4":"format-standard","5":"has-post-thumbnail","7":"category-destaque","8":"category-relato-de-evento","9":"category-democracia","10":"category-por-correspondentes-comunitarios","11":"category-foto-reportagens","12":"category-sociedade-civil","13":"category-solucoes","14":"tag-aborto","15":"tag-aldeia-maracana","16":"tag-vendedores-ambulantes","17":"tag-centro","18":"tag-cinelandia","19":"tag-democracia","20":"tag-dia-internacional-da-mulher","21":"tag-prefeito-eduardo-paes","22":"tag-feminismo","23":"tag-genero","24":"tag-indigenas","25":"tag-maes-de-manguinhos","26":"tag-manguinhos","27":"tag-marielle-franco","28":"tag-protesto","29":"tag-sus","30":"tag-violencia-contra-a-mulher","31":"tag-violencia-de-estado","32":"writer-barbara-dias","33":"fotografo-barbara-dias"},"acf":[],"yoast_head":"<!-- This site is optimized with the Yoast SEO plugin v25.6 - https:\/\/yoast.com\/wordpress\/plugins\/seo\/ -->\n<title>Diversas, mas N\u00e3o Dispersas: A Pluralidade das Vozes na Marcha do Dia Internacional de Luta das Mulheres no Rio de Janeiro [IMAGENS] - RioOnWatch<\/title>\n<meta name=\"robots\" content=\"index, follow, max-snippet:-1, max-image-preview:large, max-video-preview:-1\" \/>\n<link rel=\"canonical\" href=\"https:\/\/rioonwatch.org.br\/?p=66543\" \/>\n<meta property=\"og:locale\" content=\"pt_BR\" \/>\n<meta property=\"og:type\" content=\"article\" \/>\n<meta property=\"og:title\" content=\"Diversas, mas N\u00e3o Dispersas: A Pluralidade das Vozes na Marcha do Dia Internacional de Luta das Mulheres no Rio de Janeiro [IMAGENS] - RioOnWatch\" \/>\n<meta property=\"og:description\" content=\"Click Here for English No dia 8 de mar\u00e7o, anualmente, ocorre a Marcha do Dia Internacional de Luta das Mulheres, chamada de 8M RJ, no Centro da cidade do Rio de Janeiro. O ato se [...]\" \/>\n<meta property=\"og:url\" content=\"https:\/\/rioonwatch.org.br\/?p=66543\" \/>\n<meta property=\"og:site_name\" content=\"RioOnWatch\" \/>\n<meta property=\"article:published_time\" content=\"2023-03-13T22:56:30+00:00\" \/>\n<meta property=\"article:modified_time\" content=\"2023-03-29T23:24:46+00:00\" \/>\n<meta property=\"og:image\" content=\"https:\/\/rioonwatch.org.br\/wp-content\/uploads\/2023\/03\/Mulheres-no-inicio-do-ano-do-8M-seguram-faixa-e-gritam-palavras-de-ordem.jpg\" \/>\n\t<meta property=\"og:image:width\" content=\"2000\" \/>\n\t<meta property=\"og:image:height\" content=\"1335\" \/>\n\t<meta property=\"og:image:type\" content=\"image\/jpeg\" \/>\n<meta name=\"author\" content=\"Janaina Tavares\" \/>\n<meta name=\"twitter:card\" content=\"summary_large_image\" \/>\n<meta name=\"twitter:label1\" content=\"Escrito por\" \/>\n\t<meta name=\"twitter:data1\" content=\"Janaina Tavares\" \/>\n\t<meta name=\"twitter:label2\" content=\"Est. tempo de leitura\" \/>\n\t<meta name=\"twitter:data2\" content=\"11 minutos\" \/>\n<script type=\"application\/ld+json\" class=\"yoast-schema-graph\">{\"@context\":\"https:\/\/schema.org\",\"@graph\":[{\"@type\":\"Article\",\"@id\":\"https:\/\/rioonwatch.org.br\/?p=66543#article\",\"isPartOf\":{\"@id\":\"https:\/\/rioonwatch.org.br\/?p=66543\"},\"author\":{\"name\":\"Janaina Tavares\",\"@id\":\"https:\/\/rioonwatch.org.br\/#\/schema\/person\/feb227e5e7679aacc3d672e375cae1bd\"},\"headline\":\"Diversas, mas N\u00e3o Dispersas: A Pluralidade das Vozes na Marcha do Dia Internacional de Luta das Mulheres no Rio de Janeiro [IMAGENS]\",\"datePublished\":\"2023-03-13T22:56:30+00:00\",\"dateModified\":\"2023-03-29T23:24:46+00:00\",\"mainEntityOfPage\":{\"@id\":\"https:\/\/rioonwatch.org.br\/?p=66543\"},\"wordCount\":1674,\"publisher\":{\"@id\":\"https:\/\/rioonwatch.org.br\/#organization\"},\"image\":{\"@id\":\"https:\/\/rioonwatch.org.br\/?p=66543#primaryimage\"},\"thumbnailUrl\":\"https:\/\/rioonwatch.org.br\/wp-content\/uploads\/2023\/03\/Mulheres-no-inicio-do-ano-do-8M-seguram-faixa-e-gritam-palavras-de-ordem.jpg\",\"keywords\":[\"aborto\",\"Aldeia Maracan\u00e3\",\"camel\u00f4s\",\"Centro\",\"Cinel\u00e2ndia\",\"Democracia\",\"Dia Internacional da Mulher\",\"Eduardo Paes\",\"feminismo\",\"g\u00eanero\",\"ind\u00edgenas\",\"M\u00e3es de Manguinhos\",\"Manguinhos\",\"Marielle Franco\",\"protesto\",\"SUS\",\"viol\u00eancia contra a mulher\",\"viol\u00eancia de Estado\"],\"articleSection\":[\"*Destaque\",\"Cobertura de Eventos\",\"Democracia\",\"Escrito por Comunicadores Populares\",\"Fotorreportagens\",\"Sociedade Civil\",\"Solu\u00e7\u00f5es\"],\"inLanguage\":\"pt-BR\"},{\"@type\":\"WebPage\",\"@id\":\"https:\/\/rioonwatch.org.br\/?p=66543\",\"url\":\"https:\/\/rioonwatch.org.br\/?p=66543\",\"name\":\"Diversas, mas N\u00e3o Dispersas: A Pluralidade das Vozes na Marcha do Dia Internacional de Luta das Mulheres no Rio de Janeiro [IMAGENS] - RioOnWatch\",\"isPartOf\":{\"@id\":\"https:\/\/rioonwatch.org.br\/#website\"},\"primaryImageOfPage\":{\"@id\":\"https:\/\/rioonwatch.org.br\/?p=66543#primaryimage\"},\"image\":{\"@id\":\"https:\/\/rioonwatch.org.br\/?p=66543#primaryimage\"},\"thumbnailUrl\":\"https:\/\/rioonwatch.org.br\/wp-content\/uploads\/2023\/03\/Mulheres-no-inicio-do-ano-do-8M-seguram-faixa-e-gritam-palavras-de-ordem.jpg\",\"datePublished\":\"2023-03-13T22:56:30+00:00\",\"dateModified\":\"2023-03-29T23:24:46+00:00\",\"breadcrumb\":{\"@id\":\"https:\/\/rioonwatch.org.br\/?p=66543#breadcrumb\"},\"inLanguage\":\"pt-BR\",\"potentialAction\":[{\"@type\":\"ReadAction\",\"target\":[\"https:\/\/rioonwatch.org.br\/?p=66543\"]}]},{\"@type\":\"ImageObject\",\"inLanguage\":\"pt-BR\",\"@id\":\"https:\/\/rioonwatch.org.br\/?p=66543#primaryimage\",\"url\":\"https:\/\/rioonwatch.org.br\/wp-content\/uploads\/2023\/03\/Mulheres-no-inicio-do-ano-do-8M-seguram-faixa-e-gritam-palavras-de-ordem.jpg\",\"contentUrl\":\"https:\/\/rioonwatch.org.br\/wp-content\/uploads\/2023\/03\/Mulheres-no-inicio-do-ano-do-8M-seguram-faixa-e-gritam-palavras-de-ordem.jpg\",\"width\":2000,\"height\":1335,\"caption\":\"Mulheres no in\u00edcio do ato do 8M seguram faixa e gritam palavras de ordem, na foto, da esquerda para a direita, a Vereadora Luciana Boiteux, a Vereadora Monica Cunha, Tatianny Ara\u00fajo; atr\u00e1s com a bandeira do Movimento do Trabalhadores sem Direitos Maria dos Camel\u00f4s e, com a placa de Marielle Franco, S\u00edlvia Mendon\u00e7a. Foto: B\u00e1rbara Dias\"},{\"@type\":\"BreadcrumbList\",\"@id\":\"https:\/\/rioonwatch.org.br\/?p=66543#breadcrumb\",\"itemListElement\":[{\"@type\":\"ListItem\",\"position\":1,\"name\":\"In\u00edcio\",\"item\":\"https:\/\/rioonwatch.org.br\/\"},{\"@type\":\"ListItem\",\"position\":2,\"name\":\"Diversas, mas N\u00e3o Dispersas: A Pluralidade das Vozes na Marcha do Dia Internacional de Luta das Mulheres no Rio de Janeiro [IMAGENS]\"}]},{\"@type\":\"WebSite\",\"@id\":\"https:\/\/rioonwatch.org.br\/#website\",\"url\":\"https:\/\/rioonwatch.org.br\/\",\"name\":\"RioOnWatch\",\"description\":\"relatos das favelas cariocas\",\"publisher\":{\"@id\":\"https:\/\/rioonwatch.org.br\/#organization\"},\"potentialAction\":[{\"@type\":\"SearchAction\",\"target\":{\"@type\":\"EntryPoint\",\"urlTemplate\":\"https:\/\/rioonwatch.org.br\/?s={search_term_string}\"},\"query-input\":{\"@type\":\"PropertyValueSpecification\",\"valueRequired\":true,\"valueName\":\"search_term_string\"}}],\"inLanguage\":\"pt-BR\"},{\"@type\":\"Organization\",\"@id\":\"https:\/\/rioonwatch.org.br\/#organization\",\"name\":\"RioOnWatch\",\"url\":\"https:\/\/rioonwatch.org.br\/\",\"logo\":{\"@type\":\"ImageObject\",\"inLanguage\":\"pt-BR\",\"@id\":\"https:\/\/rioonwatch.org.br\/#\/schema\/logo\/image\/\",\"url\":\"https:\/\/rioonwatch.org.br\/wp-content\/uploads\/2021\/06\/RioOnWatchcabecalhoPT11anos-2.png\",\"contentUrl\":\"https:\/\/rioonwatch.org.br\/wp-content\/uploads\/2021\/06\/RioOnWatchcabecalhoPT11anos-2.png\",\"width\":779,\"height\":277,\"caption\":\"RioOnWatch\"},\"image\":{\"@id\":\"https:\/\/rioonwatch.org.br\/#\/schema\/logo\/image\/\"}},{\"@type\":\"Person\",\"@id\":\"https:\/\/rioonwatch.org.br\/#\/schema\/person\/feb227e5e7679aacc3d672e375cae1bd\",\"name\":\"Janaina Tavares\",\"image\":{\"@type\":\"ImageObject\",\"inLanguage\":\"pt-BR\",\"@id\":\"https:\/\/rioonwatch.org.br\/#\/schema\/person\/image\/\",\"url\":\"https:\/\/secure.gravatar.com\/avatar\/83bb5bb4f8b0c5ad63f35939640eaaa2?s=96&d=blank&r=g\",\"contentUrl\":\"https:\/\/secure.gravatar.com\/avatar\/83bb5bb4f8b0c5ad63f35939640eaaa2?s=96&d=blank&r=g\",\"caption\":\"Janaina Tavares\"},\"url\":\"https:\/\/rioonwatch.org.br\/?author=179\"}]}<\/script>\n<!-- \/ Yoast SEO plugin. -->","yoast_head_json":{"title":"Diversas, mas N\u00e3o Dispersas: A Pluralidade das Vozes na Marcha do Dia Internacional de Luta das Mulheres no Rio de Janeiro [IMAGENS] - RioOnWatch","robots":{"index":"index","follow":"follow","max-snippet":"max-snippet:-1","max-image-preview":"max-image-preview:large","max-video-preview":"max-video-preview:-1"},"canonical":"https:\/\/rioonwatch.org.br\/?p=66543","og_locale":"pt_BR","og_type":"article","og_title":"Diversas, mas N\u00e3o Dispersas: A Pluralidade das Vozes na Marcha do Dia Internacional de Luta das Mulheres no Rio de Janeiro [IMAGENS] - RioOnWatch","og_description":"Click Here for English No dia 8 de mar\u00e7o, anualmente, ocorre a Marcha do Dia Internacional de Luta das Mulheres, chamada de 8M RJ, no Centro da cidade do Rio de Janeiro. O ato se [...]","og_url":"https:\/\/rioonwatch.org.br\/?p=66543","og_site_name":"RioOnWatch","article_published_time":"2023-03-13T22:56:30+00:00","article_modified_time":"2023-03-29T23:24:46+00:00","og_image":[{"width":2000,"height":1335,"url":"https:\/\/rioonwatch.org.br\/wp-content\/uploads\/2023\/03\/Mulheres-no-inicio-do-ano-do-8M-seguram-faixa-e-gritam-palavras-de-ordem.jpg","type":"image\/jpeg"}],"author":"Janaina Tavares","twitter_card":"summary_large_image","twitter_misc":{"Escrito por":"Janaina Tavares","Est. tempo de leitura":"11 minutos"},"schema":{"@context":"https:\/\/schema.org","@graph":[{"@type":"Article","@id":"https:\/\/rioonwatch.org.br\/?p=66543#article","isPartOf":{"@id":"https:\/\/rioonwatch.org.br\/?p=66543"},"author":{"name":"Janaina Tavares","@id":"https:\/\/rioonwatch.org.br\/#\/schema\/person\/feb227e5e7679aacc3d672e375cae1bd"},"headline":"Diversas, mas N\u00e3o Dispersas: A Pluralidade das Vozes na Marcha do Dia Internacional de Luta das Mulheres no Rio de Janeiro [IMAGENS]","datePublished":"2023-03-13T22:56:30+00:00","dateModified":"2023-03-29T23:24:46+00:00","mainEntityOfPage":{"@id":"https:\/\/rioonwatch.org.br\/?p=66543"},"wordCount":1674,"publisher":{"@id":"https:\/\/rioonwatch.org.br\/#organization"},"image":{"@id":"https:\/\/rioonwatch.org.br\/?p=66543#primaryimage"},"thumbnailUrl":"https:\/\/rioonwatch.org.br\/wp-content\/uploads\/2023\/03\/Mulheres-no-inicio-do-ano-do-8M-seguram-faixa-e-gritam-palavras-de-ordem.jpg","keywords":["aborto","Aldeia Maracan\u00e3","camel\u00f4s","Centro","Cinel\u00e2ndia","Democracia","Dia Internacional da Mulher","Eduardo Paes","feminismo","g\u00eanero","ind\u00edgenas","M\u00e3es de Manguinhos","Manguinhos","Marielle Franco","protesto","SUS","viol\u00eancia contra a mulher","viol\u00eancia de Estado"],"articleSection":["*Destaque","Cobertura de Eventos","Democracia","Escrito por Comunicadores Populares","Fotorreportagens","Sociedade Civil","Solu\u00e7\u00f5es"],"inLanguage":"pt-BR"},{"@type":"WebPage","@id":"https:\/\/rioonwatch.org.br\/?p=66543","url":"https:\/\/rioonwatch.org.br\/?p=66543","name":"Diversas, mas N\u00e3o Dispersas: A Pluralidade das Vozes na Marcha do Dia Internacional de Luta das Mulheres no Rio de Janeiro [IMAGENS] - RioOnWatch","isPartOf":{"@id":"https:\/\/rioonwatch.org.br\/#website"},"primaryImageOfPage":{"@id":"https:\/\/rioonwatch.org.br\/?p=66543#primaryimage"},"image":{"@id":"https:\/\/rioonwatch.org.br\/?p=66543#primaryimage"},"thumbnailUrl":"https:\/\/rioonwatch.org.br\/wp-content\/uploads\/2023\/03\/Mulheres-no-inicio-do-ano-do-8M-seguram-faixa-e-gritam-palavras-de-ordem.jpg","datePublished":"2023-03-13T22:56:30+00:00","dateModified":"2023-03-29T23:24:46+00:00","breadcrumb":{"@id":"https:\/\/rioonwatch.org.br\/?p=66543#breadcrumb"},"inLanguage":"pt-BR","potentialAction":[{"@type":"ReadAction","target":["https:\/\/rioonwatch.org.br\/?p=66543"]}]},{"@type":"ImageObject","inLanguage":"pt-BR","@id":"https:\/\/rioonwatch.org.br\/?p=66543#primaryimage","url":"https:\/\/rioonwatch.org.br\/wp-content\/uploads\/2023\/03\/Mulheres-no-inicio-do-ano-do-8M-seguram-faixa-e-gritam-palavras-de-ordem.jpg","contentUrl":"https:\/\/rioonwatch.org.br\/wp-content\/uploads\/2023\/03\/Mulheres-no-inicio-do-ano-do-8M-seguram-faixa-e-gritam-palavras-de-ordem.jpg","width":2000,"height":1335,"caption":"Mulheres no in\u00edcio do ato do 8M seguram faixa e gritam palavras de ordem, na foto, da esquerda para a direita, a Vereadora Luciana Boiteux, a Vereadora Monica Cunha, Tatianny Ara\u00fajo; atr\u00e1s com a bandeira do Movimento do Trabalhadores sem Direitos Maria dos Camel\u00f4s e, com a placa de Marielle Franco, S\u00edlvia Mendon\u00e7a. Foto: B\u00e1rbara Dias"},{"@type":"BreadcrumbList","@id":"https:\/\/rioonwatch.org.br\/?p=66543#breadcrumb","itemListElement":[{"@type":"ListItem","position":1,"name":"In\u00edcio","item":"https:\/\/rioonwatch.org.br\/"},{"@type":"ListItem","position":2,"name":"Diversas, mas N\u00e3o Dispersas: A Pluralidade das Vozes na Marcha do Dia Internacional de Luta das Mulheres no Rio de Janeiro [IMAGENS]"}]},{"@type":"WebSite","@id":"https:\/\/rioonwatch.org.br\/#website","url":"https:\/\/rioonwatch.org.br\/","name":"RioOnWatch","description":"relatos das favelas cariocas","publisher":{"@id":"https:\/\/rioonwatch.org.br\/#organization"},"potentialAction":[{"@type":"SearchAction","target":{"@type":"EntryPoint","urlTemplate":"https:\/\/rioonwatch.org.br\/?s={search_term_string}"},"query-input":{"@type":"PropertyValueSpecification","valueRequired":true,"valueName":"search_term_string"}}],"inLanguage":"pt-BR"},{"@type":"Organization","@id":"https:\/\/rioonwatch.org.br\/#organization","name":"RioOnWatch","url":"https:\/\/rioonwatch.org.br\/","logo":{"@type":"ImageObject","inLanguage":"pt-BR","@id":"https:\/\/rioonwatch.org.br\/#\/schema\/logo\/image\/","url":"https:\/\/rioonwatch.org.br\/wp-content\/uploads\/2021\/06\/RioOnWatchcabecalhoPT11anos-2.png","contentUrl":"https:\/\/rioonwatch.org.br\/wp-content\/uploads\/2021\/06\/RioOnWatchcabecalhoPT11anos-2.png","width":779,"height":277,"caption":"RioOnWatch"},"image":{"@id":"https:\/\/rioonwatch.org.br\/#\/schema\/logo\/image\/"}},{"@type":"Person","@id":"https:\/\/rioonwatch.org.br\/#\/schema\/person\/feb227e5e7679aacc3d672e375cae1bd","name":"Janaina Tavares","image":{"@type":"ImageObject","inLanguage":"pt-BR","@id":"https:\/\/rioonwatch.org.br\/#\/schema\/person\/image\/","url":"https:\/\/secure.gravatar.com\/avatar\/83bb5bb4f8b0c5ad63f35939640eaaa2?s=96&d=blank&r=g","contentUrl":"https:\/\/secure.gravatar.com\/avatar\/83bb5bb4f8b0c5ad63f35939640eaaa2?s=96&d=blank&r=g","caption":"Janaina Tavares"},"url":"https:\/\/rioonwatch.org.br\/?author=179"}]}},"_links":{"self":[{"href":"https:\/\/rioonwatch.org.br\/index.php?rest_route=\/wp\/v2\/posts\/66543"}],"collection":[{"href":"https:\/\/rioonwatch.org.br\/index.php?rest_route=\/wp\/v2\/posts"}],"about":[{"href":"https:\/\/rioonwatch.org.br\/index.php?rest_route=\/wp\/v2\/types\/post"}],"author":[{"embeddable":true,"href":"https:\/\/rioonwatch.org.br\/index.php?rest_route=\/wp\/v2\/users\/179"}],"replies":[{"embeddable":true,"href":"https:\/\/rioonwatch.org.br\/index.php?rest_route=%2Fwp%2Fv2%2Fcomments&post=66543"}],"version-history":[{"count":44,"href":"https:\/\/rioonwatch.org.br\/index.php?rest_route=\/wp\/v2\/posts\/66543\/revisions"}],"predecessor-version":[{"id":67185,"href":"https:\/\/rioonwatch.org.br\/index.php?rest_route=\/wp\/v2\/posts\/66543\/revisions\/67185"}],"wp:featuredmedia":[{"embeddable":true,"href":"https:\/\/rioonwatch.org.br\/index.php?rest_route=\/wp\/v2\/media\/66566"}],"wp:attachment":[{"href":"https:\/\/rioonwatch.org.br\/index.php?rest_route=%2Fwp%2Fv2%2Fmedia&parent=66543"}],"wp:term":[{"taxonomy":"category","embeddable":true,"href":"https:\/\/rioonwatch.org.br\/index.php?rest_route=%2Fwp%2Fv2%2Fcategories&post=66543"},{"taxonomy":"post_tag","embeddable":true,"href":"https:\/\/rioonwatch.org.br\/index.php?rest_route=%2Fwp%2Fv2%2Ftags&post=66543"},{"taxonomy":"writer","embeddable":true,"href":"https:\/\/rioonwatch.org.br\/index.php?rest_route=%2Fwp%2Fv2%2Fwriter&post=66543"},{"taxonomy":"translator","embeddable":true,"href":"https:\/\/rioonwatch.org.br\/index.php?rest_route=%2Fwp%2Fv2%2Ftranslator&post=66543"},{"taxonomy":"source","embeddable":true,"href":"https:\/\/rioonwatch.org.br\/index.php?rest_route=%2Fwp%2Fv2%2Fsource&post=66543"},{"taxonomy":"ilustrador","embeddable":true,"href":"https:\/\/rioonwatch.org.br\/index.php?rest_route=%2Fwp%2Fv2%2Filustrador&post=66543"},{"taxonomy":"fotografo","embeddable":true,"href":"https:\/\/rioonwatch.org.br\/index.php?rest_route=%2Fwp%2Fv2%2Ffotografo&post=66543"}],"curies":[{"name":"wp","href":"https:\/\/api.w.org\/{rel}","templated":true}]}}