{"id":6658,"date":"2013-06-28T12:10:49","date_gmt":"2013-06-28T15:10:49","guid":{"rendered":"http:\/\/rioonwatch.org.br\/?p=6658"},"modified":"2017-05-12T00:31:43","modified_gmt":"2017-05-12T03:31:43","slug":"violencia-policial-durante-protesto-historico-levanta-serias-questoes","status":"publish","type":"post","link":"https:\/\/rioonwatch.org.br\/?p=6658","title":{"rendered":"Viol\u00eancia Policial Durante Protesto Hist\u00f3rico Levanta S\u00e9rias Quest\u00f5es"},"content":{"rendered":"<p style=\"text-align: right;\"><em><strong><a href=\"http:\/\/bit.ly\/1wkGqvL\" target=\"_blank\" rel=\"noopener noreferrer\">Click Here for English<img decoding=\"async\" width=\"20\" height=\"20\" class=\"alignright wp-image-15790\" src=\"http:\/\/rioonwatch.org.br\/wp-content\/uploads\/2012\/08\/EN-standard-e1439583104716.jpg\" alt=\"\" \/><\/a><\/strong><\/em><\/p>\n<p>Na quinta-feira, 20 de junho, mais de 300 mil cariocas marcharam pela Avenida Presidente Vargas, cantando pela melhoria da educa\u00e7\u00e3o, sa\u00fade, transportes, pelo fim da corrup\u00e7\u00e3o, remo\u00e7\u00f5es e gastos excessivos em mega-eventos. O ato constituiu uma poderosa demanda coletiva por um Brasil melhor e foi um <a href=\"http:\/\/bit.ly\/16kwSpc\" target=\"_blank\" rel=\"noopener noreferrer\">momento hist\u00f3rico<\/a> bonito de orgulho c\u00edvico no Rio de Janeiro.<\/p>\n<p>Mas em poucas horas, como um manifestante postou no Facebook: &#8220;Acabou o amor. Aqui virou o inferno\u201d.<\/p>\n<p>Para dezenas de milhares de manifestantes pac\u00edficos, as horas ap\u00f3s o protesto foram de fato uma prova\u00e7\u00e3o infernal. Presos no Centro da cidade, j\u00e1 que as ruas e as esta\u00e7\u00f5es de metr\u00f4 foram fechadas, os cidad\u00e3os que tinham vindo para exercer o seu direito democr\u00e1tico, constitucionalmente protegido de protestar encontraram-se indiscriminadamente alvejados <a href=\"http:\/\/bit.ly\/120JPA5\" target=\"_blank\" rel=\"noopener noreferrer\">por balas<\/a> de borrachas e por <a href=\"http:\/\/bit.ly\/1af34Py\" target=\"_blank\" rel=\"noopener noreferrer\">bombas de g\u00e1s lacrimog\u00eaneo<\/a> pela Pol\u00edcia Militar do Rio de Janeiro em uma opera\u00e7\u00e3o repressiva que se espalhou por toda a regi\u00e3o central da cidade.<\/p>\n<p>A &#8220;loucura&#8221;, como muitas testemunhas eufemisticamente chamaram essas horas, come\u00e7ou quando a multid\u00e3o chegou ao destino da marcha, a Prefeitura. Entre 19:00 e 19:30h um conflito eclodiu entre a pol\u00edcia e um pequeno grupo de manifestantes em busca de conflito, que estavam atirando pedras contra a pol\u00edcia, destruindo, vandalizando a propriedade p\u00fablica, e ateando fogo na rua. A pol\u00edcia respondeu disparando bombas de g\u00e1s lacrimog\u00eaneo, spray de pimenta, balas de borracha e granadas de efeito moral em dire\u00e7\u00e3o \u00e0 multid\u00e3o. At\u00e9 a\u00ed tem sido bem documentado pela grande m\u00eddia. Mas a experi\u00eancia chocante da maioria dos manifestantes, pac\u00edficos, e de inocentes transeuntes, em frente a repress\u00e3o policial, s\u00f3 foi amplamente documentada e discutida nas redes sociais.<\/p>\n<p><a href=\"http:\/\/rioonwatch.org.br\/?attachment_id=9803\" rel=\"attachment wp-att-9803\"><img fetchpriority=\"high\" decoding=\"async\" class=\"aligncenter wp-image-9803 size-full\" title=\"Pessoas encurraladas depois que a pol\u00edcia atira g\u00e1s lacrimog\u00eaneo na rua. Foto por Nicolas Tanner \/ AP\" src=\"http:\/\/rioonwatch.org\/wp-content\/uploads\/2013\/06\/police-op-3.jpg\" alt=\"\" width=\"328\" height=\"218\" \/><\/a><\/p>\n<p>&#8220;Fui v\u00edtima de tortura e terrorismo da pol\u00edcia hoje, junto com centenas ou milhares de pessoas. A sensa\u00e7\u00e3o de tomar g\u00e1s lacrimog\u00eaneo na cara, entre pessoas que n\u00e3o sabiam o que estava acontecendo e choravam e corriam e gritavam &#8216;eu vou morrer!&#8217; S\u00f3 pode ser descrita como tortura e terrorismo&#8221;, escreveu um manifestante. Outro postou: &#8220;O que n\u00f3s vimos hoje foi um ato planejado de terrorismo perante todos n\u00f3s. Fomos todos ENCURRALADOS por uma pol\u00edcia extremamente despreparada e fascista. As ruas do centro estavam tomadas por homens vestidos de preto&#8221;. E um outro cidad\u00e3o escreveu: &#8220;N\u00e3o acredito em tudo que vi e ouvi hj! Cercaram v\u00e1rios manifestantes, encurralaram mesmo&#8230; Jogaram <a href=\"http:\/\/bit.ly\/1aNVIBc\" target=\"_blank\" rel=\"noopener noreferrer\">bomba de g\u00e1s lacrimog\u00eanio at\u00e9 dentro da Pizzaria Guanabara, na Lapa<\/a>, mesmo com fam\u00edlias comendo e crian\u00e7as&#8230; g\u00e1s de pimenta dentro de \u00f4nibus&#8221;. Outro simplesmente postou, &#8220;Voltamos no tempo, ditadura! Chocada com tudo isto!&#8221;<\/p>\n<p>Cerca de <a href=\"http:\/\/bit.ly\/19CtZSr\" target=\"_blank\" rel=\"noopener noreferrer\">400 manifestantes refugiaram-se<\/a> no Instituto de Filosofia e Ci\u00eancias Sociais (IFCS) da UFRJ, onde foram cercados pela pol\u00edcia, ficando incapazes de sa\u00edrem. O grupo fugia da a\u00e7\u00e3o da pol\u00edcia que tinha tomado o Centro e em seguida ficaram aterrorizados e com medo de sair do pr\u00e9dio. Representantes da Ordem dos Advogados do Brasil (OAB) deram suporte para o grupo poder, finalmente, sair. O Vice Presidente da OAB do Rio de Janeiro, Ronaldo Cramer, disse: &#8220;A situa\u00e7\u00e3o no IFCS foi triste, estudantes ficaram sitiados, com medo de sair, porque estavam com receio de serem perseguidos&#8221;.<\/p>\n<p>No dia seguinte, o Instituto divulgou um <a href=\"http:\/\/bit.ly\/19Ctx6G\" target=\"_blank\" rel=\"noopener noreferrer\">comunicado<\/a>\u00a0que dizia: &#8220;Deve ser motivo de preocupa\u00e7\u00e3o para todos que o Estado venha a adotar uma postura agressiva e intolerante, tratando cidad\u00e3os como inimigos e perseguindo-os pelas ruas, como foi observado e experimentado por muitos naquela longa e dura noite&#8221;.<\/p>\n<p><a href=\"http:\/\/rioonwatch.org.br\/?attachment_id=9804\" rel=\"attachment wp-att-9804\"><img decoding=\"async\" class=\"size-full wp-image-9804 aligncenter\" title=\"Uma mulher atingida por spray de pimenta. Foto por Christophe Simon \/ AFP\/ Getty Images\" src=\"http:\/\/rioonwatch.org\/wp-content\/uploads\/2013\/06\/police-op-4.jpg\" alt=\"\" width=\"328\" height=\"218\" \/><\/a><\/p>\n<p>Um dos relatos mais chocantes de viol\u00eancia policial nas horas ap\u00f3s o protesto veio de funcion\u00e1rios e pacientes do Hospital Municipal Souza Aguiar, onde os feridos no conflito, p\u00f3s-manifesta\u00e7\u00e3o, estavam sendo tratados. <a href=\"http:\/\/bit.ly\/14aieRc\" target=\"_blank\" rel=\"noopener noreferrer\">A pol\u00edcia disparou balas de borracha e bombas de g\u00e1s lacrimog\u00eaneo dentro do hospital<\/a>, onde foi relatado \u00a0que o g\u00e1s podia ser sentido at\u00e9 no s\u00e9timo andar. Um m\u00e9dico do hospital postou: Meia d\u00fazia de manifestantes pedindo pra pol\u00edcia n\u00e3o atirar porque ali era um HOSPITAL, e, mesmo assim, o despreparado policial se posiciona, mira e atira duas bombas!!!!!!!! O que \u00e9 isso meu Deus???!!!!!!! As pessoas ali est\u00e3o DOENTES!!!!!&#8221;<\/p>\n<p>Depoimentos, fotos e v\u00eddeos nas redes sociais d\u00e3o o senso da escala da opera\u00e7\u00e3o, com relat\u00f3rios das atividades repressivas e violentas da pol\u00edcia desde o norte na Pra\u00e7a da Bandeira at\u00e9 Laranjeiras na Zona Sul, o que durou at\u00e9 as primeiras horas da madrugada da sexta. Mais de 7.500 policiais armados foram destacados utilizando tanques, cavalos e c\u00e3es e disparando mais de 2.000 bombas de g\u00e1s lacrimog\u00eaneo, muitas ultrapassadas. Relat\u00f3rios e v\u00eddeos mostram que <a href=\"http:\/\/bit.ly\/10UBwf9\" target=\"_blank\" rel=\"noopener noreferrer\">a ilumina\u00e7\u00e3o p\u00fablica foi desligada no Centro<\/a> por per\u00edodos prolongados. Todas as cinco esta\u00e7\u00f5es centrais do metr\u00f4 foram fechadas deixando as pessoas desesperadas para voltarem para casa sem recurso e <a href=\"http:\/\/bit.ly\/11NNbHU\" target=\"_blank\" rel=\"noopener noreferrer\">na linha de fogo<\/a>, e a certa altura as imagens das c\u00e2meras da Avenida Presidente Vargas transmitidas pelo Centro de Opera\u00e7\u00f5es Rio&#8211;novo centro de alta tecnologia que coordena 30 org\u00e3os de monitoramento&#8211;foram substitu\u00eddas com imagens do tr\u00e2nsito na Barra da Tijuca. Houve at\u00e9 um relat\u00f3rio no Facebook de algu\u00e9m que ouviu um rep\u00f3rter da Globo, falando no in\u00edcio da tarde em cobrir o protesto naquela noite, e ele dizia: &#8220;a previs\u00e3o \u00e9 confus\u00e3o s\u00f3 estourar por volta das 21:30&#8230; ent\u00e3o t\u00e1 tranquilo&#8221;.<\/p>\n<p><a href=\"http:\/\/rioonwatch.org.br\/?attachment_id=9807\" rel=\"attachment wp-att-9807\"><img loading=\"lazy\" decoding=\"async\" class=\"size-full wp-image-9807 aligncenter\" title=\"Testemunhos de relatos de viol\u00eancia policial, quase ao mesmo tempo, por toda regi\u00e3o do centro. \" src=\"http:\/\/rioonwatch.org\/wp-content\/uploads\/2013\/06\/PoliceViolenceMap.jpg\" alt=\"\" width=\"336\" height=\"253\" \/><\/a><\/p>\n<p>O fato de que pessoas inocentes e manifestantes n\u00e3o-violentos foram, deliberadamente, atacados por horas, no escuro, e que tenha sido negado o acesso ao transporte p\u00fablico para irem embora, levanta s\u00e9rias quest\u00f5es sobre a estrat\u00e9gia de gest\u00e3o de multid\u00f5es do Rio e compromete seriamente a credibilidade das <a href=\"http:\/\/bit.ly\/11NNCBY\" target=\"_blank\" rel=\"noopener noreferrer\">alega\u00e7\u00f5es da pol\u00edcia<\/a> de que &#8220;a Pol\u00edcia Militar tem a finalidade de manter um princ\u00edpio b\u00e1sico da Democracia: a conviv\u00eancia pac\u00edfica&#8221;.<\/p>\n<p>O policiamento de uma manifesta\u00e7\u00e3o em massa \u00e9 um desafio dif\u00edcil para qualquer \u00f3rg\u00e3o de seguran\u00e7a, e as opera\u00e7\u00f5es freq\u00fcentemente geram cr\u00edticas. Uma pesquisa feita por ag\u00eancias de pol\u00edcia reconhece este desafio e fornece insights sobre como a situa\u00e7\u00e3o poderia ser melhor gerenciada. A Associa\u00e7\u00e3o Internacional de Chefes de Pol\u00edcia (IACP) e o F\u00f3rum de Pesquisa da Pol\u00edcia Executiva (PERF), em seu relat\u00f3rio <em><a href=\"http:\/\/bit.ly\/19tUKvC\" target=\"_blank\" rel=\"noopener noreferrer\">Gest\u00e3o Megaeventos: Melhores Pr\u00e1ticas em Campo<\/a><\/em> enfatiza uma abordagem relacional, uma comunica\u00e7\u00e3o ativa com os manifestantes e o uso de equipamentos anti-motim como o \u00faltimo recurso. As conclus\u00f5es s\u00e3o reiteradas no relat\u00f3rio, do ano passado, do Escrit\u00f3rio Federal de Investiga\u00e7\u00e3o (FBI) dos EUA,\u00a0<a href=\"http:\/\/1.usa.gov\/120BDzU\" target=\"_blank\" rel=\"noopener noreferrer\">Gest\u00e3o de <em>Multid\u00e3o: Adotando um Novo Paradigma<\/em><\/a>,\u00a0que enfatiza o di\u00e1logo construtivo como a prim\u00e1ria op\u00e7\u00e3o t\u00e1tica, dizendo:\u00a0&#8220;A comunica\u00e7\u00e3o das expectativas, negociar continuamente, e enfatizar a meta de seguran\u00e7a s\u00e3o vitais. Os agentes n\u00e3o devem confundir as a\u00e7\u00f5es de alguns com as do grupo&#8221;.<\/p>\n<p>O relat\u00f3rio do FBI tamb\u00e9m aconselha contra o uso de for\u00e7a excessiva: &#8220;Quando uma multid\u00e3o se torna dif\u00edcil de controlar e os indiv\u00edduos percebem um tratamento injusto por policiais, a viol\u00eancia pode aumentar, e um motim pode entrar em erup\u00e7\u00e3o. Uma pesquisa recente [&#8230;] conclui que quando os policiais agem com legitimidade, a desordem se torna menos prov\u00e1vel, porque os cidad\u00e3os ir\u00e3o confiar e apoiar os esfor\u00e7os de aplica\u00e7\u00e3o da lei e se comportar de forma adequada\u201d.<\/p>\n<p>O Professor Steve Reicher, especialista em psicologia de multid\u00f5es, corrobora com essa vis\u00e3o, dizendo em uma <a href=\"http:\/\/bbc.in\/19u1ZE2\" target=\"_blank\" rel=\"noopener noreferrer\">reportagem da BBC<\/a> esta semana que &#8220;o equil\u00edbrio de vozes dentro de uma multid\u00e3o heterog\u00eanea \u00e9 afetado pela rela\u00e7\u00e3o entre a multid\u00e3o e a pol\u00edcia&#8221;, e, ainda, &#8220;sob condi\u00e7\u00f5es onde a multid\u00e3o \u00e9 tratada como se todos fossem iguais, e todos perigosos, a multid\u00e3o muda.&#8221; Certamente, na experi\u00eancia deste escritor na quinta-feira \u00e0 noite, o comportamento destrutivo de alguns se intensificou consideravelmente, imediatamente ap\u00f3s um ataque contra a multid\u00e3o por parte da pol\u00edcia.<\/p>\n<p>Tudo isso levanta as quest\u00f5es: at\u00e9 que ponto as for\u00e7as policiais estavam tentando incitar, ao inv\u00e9s de conter, o comportamento destrutivo ap\u00f3s a manifesta\u00e7\u00e3o na quinta-feira \u00e0 noite? As opera\u00e7\u00f5es foram mesmo pr\u00e9-planejadas, e seria poss\u00edvel que rep\u00f3rteres, realmente, soubessem com anteced\u00eancia? Estavam as for\u00e7as policiais trabalhando para deslegitimar intencionalmente este protesto de grau hist\u00f3rico? As for\u00e7as policiais estavam ativamente tentando punir os manifestantes para desencoraj\u00e1-los a participar em futuras\u00a0manifesta\u00e7\u00f5es?<\/p>\n<p><a href=\"http:\/\/rioonwatch.org.br\/?attachment_id=9809\" rel=\"attachment wp-att-9809\"><img loading=\"lazy\" decoding=\"async\" class=\"size-full wp-image-9809 aligncenter\" title=\"Faixa no protesto na Mar\u00e9 depois de 9 mortes em uma opera\u00e7\u00e3o policial. Foto por Jo\u00e3o Lima\" src=\"http:\/\/rioonwatch.org\/wp-content\/uploads\/2013\/06\/police-op-51.jpg\" alt=\"\" width=\"336\" height=\"223\" \/><\/a><\/p>\n<p>A Pol\u00edcia Militar do Rio justifica o uso da for\u00e7a em suas opera\u00e7\u00f5es com base na elimina\u00e7\u00e3o de um inimigo identificado. Na quinta-feira do protesto, em teoria, o inimigo era um grupo de v\u00e2ndalos destruindo a propriedade p\u00fablica. Um grande show \u00e9 necess\u00e1rio para criar legitimidade, aos olhos da popula\u00e7\u00e3o, para o uso de tal for\u00e7a excessiva. Um pequeno grupo de v\u00e2ndalos n\u00e3o constitui tal amea\u00e7a. Deste modo, enquanto dezenas de milhares de manifestantes estavam ilhados no Centro lutando para escapar do pesadelo apocal\u00edptico ao receber tiros por uma for\u00e7a policial que deveria proteg\u00ea-los, milh\u00f5es de telespectadores assistiam a um fluxo aparentemente incessante de <a href=\"http:\/\/bit.ly\/14XRjZM\" target=\"_blank\" rel=\"noopener noreferrer\">imagens chocantes de vandalismo capturadas pela TV Globo<\/a> com helic\u00f3pteros circulando a \u00e1rea. <a href=\"http:\/\/bit.ly\/11Iwl0m\" target=\"_blank\" rel=\"noopener noreferrer\">Os jornais da sexta-feira<\/a> amanheceram noticiando esta mesma hist\u00f3ria, na qual a destrui\u00e7\u00e3o da propriedade se tornou a narrativa principal da noite, deixando de levar em conta a experi\u00eancia de um n\u00famero recorde de manifestantes pac\u00edficos unidos em sua indigna\u00e7\u00e3o. A grande m\u00eddia oferecia justificativas ao inv\u00e9s de apurar sobre o uso da for\u00e7a policial.<\/p>\n<p>Na manh\u00e3 seguinte, o Prefeito Eduardo Paes divulgou um <a href=\"http:\/\/bit.ly\/120Nyxo\" target=\"_blank\" rel=\"noopener noreferrer\">comunicado<\/a> dizendo: &#8220;Foi uma demonstra\u00e7\u00e3o muito clara de que existe uma minoria que protagoniza, infelizmente, esses eventos. Essas pessoas, acima de tudo, n\u00e3o s\u00e3o democr\u00e1ticas. Quem age dessa maneira n\u00e3o sabe viver num estado de direito, onde os cidad\u00e3os t\u00eam todo o direito de se manifestar&#8221;.<\/p>\n<p dir=\"ltr\">Embora o Prefeito estivesse se referindo \u00e0queles que cometeram atos de vandalismo contra o patrim\u00f4nio p\u00fablico, na experi\u00eancia dos manifestantes pac\u00edficos e dos transeuntes inocentes que sofreram com a extrema viol\u00eancia policial, o protagonista antidemocr\u00e1tico desses eventos no Rio de Janeiro n\u00e3o foram os poucos v\u00e2ndalos mas sim a Pol\u00edcia Militar do Estado. Desde a semana passada a palavra &#8220;vandalismo&#8221; tem sido amplamente utilizado por cidad\u00e3os cariocas nas redes sociais, em refer\u00eancia \u00e0s a\u00e7\u00f5es do Estado.<\/p>\n<p dir=\"ltr\">Com a classe m\u00e9dia experimentando o horror de ser, indiscriminadamente, elencado como um inimigo da pol\u00edcia do Rio de Janeiro na manifesta\u00e7\u00e3o de quinta-feira, e a <a href=\"http:\/\/bit.ly\/19q9V9k\" target=\"_blank\" rel=\"noopener noreferrer\">morte de nove pessoas em uma opera\u00e7\u00e3o policial extremamente violenta na Mar\u00e9<\/a> nos \u00faltimos dias, o caso da <a href=\"http:\/\/bit.ly\/16PPD5e\" target=\"_blank\" rel=\"noopener noreferrer\">aboli\u00e7\u00e3o da Pol\u00edcia Militar<\/a> do Brasil ganha terreno significativo. Um morador de favela que participou do evento de quinta-feira postou: &#8220;Agora voc\u00eas conseguem entender por que o povo que mora em comunidade odiava quando a pol\u00edcia subia e at\u00e9 preferia que n\u00e3o subisse? Agora voc\u00eas conseguem imaginar o que esses PMs FAZIAM? As atrocidades que eles cometiam? Se diante de c\u00e2meras e cobertura da m\u00eddia eles j\u00e1 fazem o que eles fazem, imagina contra negro, pobre, favelado e sem m\u00eddia&#8221;.<\/p>\n<p dir=\"ltr\"><em>A Anistia Internacional lan\u00e7ou uma campanha pedindo que as pessoas enviem, <em>por e-mail ou Tweet,<\/em>\u00a0uma requisi\u00e7\u00e3o as autoridades\u00a0 para que a pol\u00edcia aja com respeito ao direito \u00e0 liberdade de express\u00e3o e n\u00e3o pratique o abuso de poder usando g\u00e1s lacrimog\u00eaneo e armas de fogo. Para mais informa\u00e7\u00f5es clique <a href=\"http:\/\/bit.ly\/137P0V8\" target=\"_blank\" rel=\"noopener noreferrer\">aqui<\/a>.<\/em><\/p>\n<p><em>Foram consultadas, aproximadamente, 500 mensagens postadas nas redes sociais por manifestantes dentro da nossa rede para a elabora\u00e7\u00e3o deste artigo.<\/em><\/p>\n<!-- AddThis Advanced Settings generic via filter on the_content --><!-- AddThis Share Buttons generic via filter on the_content -->","protected":false},"excerpt":{"rendered":"<div class=\"mh-excerpt\"><p>Click Here for English Na quinta-feira, 20 de junho, mais de 300 mil cariocas marcharam pela Avenida Presidente Vargas, cantando pela melhoria da educa\u00e7\u00e3o, sa\u00fade, transportes, pelo fim da corrup\u00e7\u00e3o, remo\u00e7\u00f5es e gastos excessivos em <a class=\"mh-excerpt-more\" href=\"https:\/\/rioonwatch.org.br\/?p=6658\" title=\"Viol\u00eancia Policial Durante Protesto Hist\u00f3rico Levanta S\u00e9rias Quest\u00f5es\">[&#8230;]<\/a><!-- AddThis Advanced Settings generic via filter on get_the_excerpt --><!-- AddThis Share Buttons generic via filter on get_the_excerpt --><\/p>\n<\/div>","protected":false},"author":129,"featured_media":25632,"comment_status":"closed","ping_status":"closed","sticky":false,"template":"","format":"standard","meta":{"_acf_changed":false,"_monsterinsights_skip_tracking":false,"_monsterinsights_sitenote_active":false,"_monsterinsights_sitenote_note":"","_monsterinsights_sitenote_category":0,"footnotes":""},"categories":[1635,346,344],"tags":[943,766,347,259,332,479,88,484,774,763,30,52],"writer":[777],"translator":[],"source":[],"ilustrador":[],"fotografo":[],"class_list":{"0":"post-6658","1":"post","2":"type-post","3":"status-publish","4":"format-standard","5":"has-post-thumbnail","7":"category-1635","8":"category-denuncias","9":"category-politicas","10":"tag-oquedizemasredes","11":"tag-20-centavos","12":"tag-bope","13":"tag-centro","14":"tag-complexo-da-mare","15":"tag-democracia","16":"tag-direitos-humanos","17":"tag-prefeito-eduardo-paes","18":"tag-policia-militar","19":"tag-protesto","20":"tag-violencia","21":"tag-violencia-policial","22":"writer-rioonwatch"},"acf":[],"yoast_head":"<!-- This site is optimized with the Yoast SEO plugin v25.6 - https:\/\/yoast.com\/wordpress\/plugins\/seo\/ -->\n<title>Viol\u00eancia Policial Durante Protesto Hist\u00f3rico Levanta S\u00e9rias Quest\u00f5es - RioOnWatch<\/title>\n<meta name=\"robots\" content=\"index, follow, max-snippet:-1, max-image-preview:large, max-video-preview:-1\" \/>\n<link rel=\"canonical\" href=\"https:\/\/rioonwatch.org.br\/?p=6658\" \/>\n<meta property=\"og:locale\" content=\"pt_BR\" \/>\n<meta property=\"og:type\" content=\"article\" \/>\n<meta property=\"og:title\" content=\"Viol\u00eancia Policial Durante Protesto Hist\u00f3rico Levanta S\u00e9rias Quest\u00f5es - RioOnWatch\" \/>\n<meta property=\"og:description\" content=\"Click Here for English Na quinta-feira, 20 de junho, mais de 300 mil cariocas marcharam pela Avenida Presidente Vargas, cantando pela melhoria da educa\u00e7\u00e3o, sa\u00fade, transportes, pelo fim da corrup\u00e7\u00e3o, remo\u00e7\u00f5es e gastos excessivos em [...]\" \/>\n<meta property=\"og:url\" content=\"https:\/\/rioonwatch.org.br\/?p=6658\" \/>\n<meta property=\"og:site_name\" content=\"RioOnWatch\" \/>\n<meta property=\"article:published_time\" content=\"2013-06-28T15:10:49+00:00\" \/>\n<meta property=\"article:modified_time\" content=\"2017-05-12T03:31:43+00:00\" \/>\n<meta property=\"og:image\" content=\"https:\/\/rioonwatch.org.br\/wp-content\/uploads\/2013\/06\/police-op1.jpg\" \/>\n\t<meta property=\"og:image:width\" content=\"620\" \/>\n\t<meta property=\"og:image:height\" content=\"465\" \/>\n\t<meta property=\"og:image:type\" content=\"image\/jpeg\" \/>\n<meta name=\"author\" content=\"Admin\" \/>\n<meta name=\"twitter:card\" content=\"summary_large_image\" \/>\n<meta name=\"twitter:label1\" content=\"Escrito por\" \/>\n\t<meta name=\"twitter:data1\" content=\"Admin\" \/>\n\t<meta name=\"twitter:label2\" content=\"Est. tempo de leitura\" \/>\n\t<meta name=\"twitter:data2\" content=\"10 minutos\" \/>\n<script type=\"application\/ld+json\" class=\"yoast-schema-graph\">{\"@context\":\"https:\/\/schema.org\",\"@graph\":[{\"@type\":\"Article\",\"@id\":\"https:\/\/rioonwatch.org.br\/?p=6658#article\",\"isPartOf\":{\"@id\":\"https:\/\/rioonwatch.org.br\/?p=6658\"},\"author\":{\"name\":\"Admin\",\"@id\":\"https:\/\/rioonwatch.org.br\/#\/schema\/person\/11d64c290506f9df50c71b850c473f68\"},\"headline\":\"Viol\u00eancia Policial Durante Protesto Hist\u00f3rico Levanta S\u00e9rias Quest\u00f5es\",\"datePublished\":\"2013-06-28T15:10:49+00:00\",\"dateModified\":\"2017-05-12T03:31:43+00:00\",\"mainEntityOfPage\":{\"@id\":\"https:\/\/rioonwatch.org.br\/?p=6658\"},\"wordCount\":2056,\"publisher\":{\"@id\":\"https:\/\/rioonwatch.org.br\/#organization\"},\"image\":{\"@id\":\"https:\/\/rioonwatch.org.br\/?p=6658#primaryimage\"},\"thumbnailUrl\":\"https:\/\/rioonwatch.org.br\/wp-content\/uploads\/2013\/06\/police-op1.jpg\",\"keywords\":[\"#OQueDizemAsRedes\",\"20 centavos\",\"BOPE\",\"Centro\",\"Complexo da Mar\u00e9\",\"Democracia\",\"Direitos Humanos\",\"Eduardo Paes\",\"Pol\u00edcia Militar\",\"protesto\",\"viol\u00eancia\",\"viol\u00eancia policial\"],\"articleSection\":[\"#Rio2016\",\"Den\u00fancias\",\"Pol\u00edticas\"],\"inLanguage\":\"pt-BR\"},{\"@type\":\"WebPage\",\"@id\":\"https:\/\/rioonwatch.org.br\/?p=6658\",\"url\":\"https:\/\/rioonwatch.org.br\/?p=6658\",\"name\":\"Viol\u00eancia Policial Durante Protesto Hist\u00f3rico Levanta S\u00e9rias Quest\u00f5es - RioOnWatch\",\"isPartOf\":{\"@id\":\"https:\/\/rioonwatch.org.br\/#website\"},\"primaryImageOfPage\":{\"@id\":\"https:\/\/rioonwatch.org.br\/?p=6658#primaryimage\"},\"image\":{\"@id\":\"https:\/\/rioonwatch.org.br\/?p=6658#primaryimage\"},\"thumbnailUrl\":\"https:\/\/rioonwatch.org.br\/wp-content\/uploads\/2013\/06\/police-op1.jpg\",\"datePublished\":\"2013-06-28T15:10:49+00:00\",\"dateModified\":\"2017-05-12T03:31:43+00:00\",\"breadcrumb\":{\"@id\":\"https:\/\/rioonwatch.org.br\/?p=6658#breadcrumb\"},\"inLanguage\":\"pt-BR\",\"potentialAction\":[{\"@type\":\"ReadAction\",\"target\":[\"https:\/\/rioonwatch.org.br\/?p=6658\"]}]},{\"@type\":\"ImageObject\",\"inLanguage\":\"pt-BR\",\"@id\":\"https:\/\/rioonwatch.org.br\/?p=6658#primaryimage\",\"url\":\"https:\/\/rioonwatch.org.br\/wp-content\/uploads\/2013\/06\/police-op1.jpg\",\"contentUrl\":\"https:\/\/rioonwatch.org.br\/wp-content\/uploads\/2013\/06\/police-op1.jpg\",\"width\":620,\"height\":465},{\"@type\":\"BreadcrumbList\",\"@id\":\"https:\/\/rioonwatch.org.br\/?p=6658#breadcrumb\",\"itemListElement\":[{\"@type\":\"ListItem\",\"position\":1,\"name\":\"In\u00edcio\",\"item\":\"https:\/\/rioonwatch.org.br\/\"},{\"@type\":\"ListItem\",\"position\":2,\"name\":\"Viol\u00eancia Policial Durante Protesto Hist\u00f3rico Levanta S\u00e9rias Quest\u00f5es\"}]},{\"@type\":\"WebSite\",\"@id\":\"https:\/\/rioonwatch.org.br\/#website\",\"url\":\"https:\/\/rioonwatch.org.br\/\",\"name\":\"RioOnWatch\",\"description\":\"relatos das favelas cariocas\",\"publisher\":{\"@id\":\"https:\/\/rioonwatch.org.br\/#organization\"},\"potentialAction\":[{\"@type\":\"SearchAction\",\"target\":{\"@type\":\"EntryPoint\",\"urlTemplate\":\"https:\/\/rioonwatch.org.br\/?s={search_term_string}\"},\"query-input\":{\"@type\":\"PropertyValueSpecification\",\"valueRequired\":true,\"valueName\":\"search_term_string\"}}],\"inLanguage\":\"pt-BR\"},{\"@type\":\"Organization\",\"@id\":\"https:\/\/rioonwatch.org.br\/#organization\",\"name\":\"RioOnWatch\",\"url\":\"https:\/\/rioonwatch.org.br\/\",\"logo\":{\"@type\":\"ImageObject\",\"inLanguage\":\"pt-BR\",\"@id\":\"https:\/\/rioonwatch.org.br\/#\/schema\/logo\/image\/\",\"url\":\"https:\/\/rioonwatch.org.br\/wp-content\/uploads\/2021\/06\/RioOnWatchcabecalhoPT11anos-2.png\",\"contentUrl\":\"https:\/\/rioonwatch.org.br\/wp-content\/uploads\/2021\/06\/RioOnWatchcabecalhoPT11anos-2.png\",\"width\":779,\"height\":277,\"caption\":\"RioOnWatch\"},\"image\":{\"@id\":\"https:\/\/rioonwatch.org.br\/#\/schema\/logo\/image\/\"}},{\"@type\":\"Person\",\"@id\":\"https:\/\/rioonwatch.org.br\/#\/schema\/person\/11d64c290506f9df50c71b850c473f68\",\"name\":\"Admin\",\"image\":{\"@type\":\"ImageObject\",\"inLanguage\":\"pt-BR\",\"@id\":\"https:\/\/rioonwatch.org.br\/#\/schema\/person\/image\/\",\"url\":\"https:\/\/secure.gravatar.com\/avatar\/56211ac74568383903349a1485e3c325?s=96&d=blank&r=g\",\"contentUrl\":\"https:\/\/secure.gravatar.com\/avatar\/56211ac74568383903349a1485e3c325?s=96&d=blank&r=g\",\"caption\":\"Admin\"},\"url\":\"https:\/\/rioonwatch.org.br\/?author=129\"}]}<\/script>\n<!-- \/ Yoast SEO plugin. -->","yoast_head_json":{"title":"Viol\u00eancia Policial Durante Protesto Hist\u00f3rico Levanta S\u00e9rias Quest\u00f5es - RioOnWatch","robots":{"index":"index","follow":"follow","max-snippet":"max-snippet:-1","max-image-preview":"max-image-preview:large","max-video-preview":"max-video-preview:-1"},"canonical":"https:\/\/rioonwatch.org.br\/?p=6658","og_locale":"pt_BR","og_type":"article","og_title":"Viol\u00eancia Policial Durante Protesto Hist\u00f3rico Levanta S\u00e9rias Quest\u00f5es - RioOnWatch","og_description":"Click Here for English Na quinta-feira, 20 de junho, mais de 300 mil cariocas marcharam pela Avenida Presidente Vargas, cantando pela melhoria da educa\u00e7\u00e3o, sa\u00fade, transportes, pelo fim da corrup\u00e7\u00e3o, remo\u00e7\u00f5es e gastos excessivos em [...]","og_url":"https:\/\/rioonwatch.org.br\/?p=6658","og_site_name":"RioOnWatch","article_published_time":"2013-06-28T15:10:49+00:00","article_modified_time":"2017-05-12T03:31:43+00:00","og_image":[{"width":620,"height":465,"url":"https:\/\/rioonwatch.org.br\/wp-content\/uploads\/2013\/06\/police-op1.jpg","type":"image\/jpeg"}],"author":"Admin","twitter_card":"summary_large_image","twitter_misc":{"Escrito por":"Admin","Est. tempo de leitura":"10 minutos"},"schema":{"@context":"https:\/\/schema.org","@graph":[{"@type":"Article","@id":"https:\/\/rioonwatch.org.br\/?p=6658#article","isPartOf":{"@id":"https:\/\/rioonwatch.org.br\/?p=6658"},"author":{"name":"Admin","@id":"https:\/\/rioonwatch.org.br\/#\/schema\/person\/11d64c290506f9df50c71b850c473f68"},"headline":"Viol\u00eancia Policial Durante Protesto Hist\u00f3rico Levanta S\u00e9rias Quest\u00f5es","datePublished":"2013-06-28T15:10:49+00:00","dateModified":"2017-05-12T03:31:43+00:00","mainEntityOfPage":{"@id":"https:\/\/rioonwatch.org.br\/?p=6658"},"wordCount":2056,"publisher":{"@id":"https:\/\/rioonwatch.org.br\/#organization"},"image":{"@id":"https:\/\/rioonwatch.org.br\/?p=6658#primaryimage"},"thumbnailUrl":"https:\/\/rioonwatch.org.br\/wp-content\/uploads\/2013\/06\/police-op1.jpg","keywords":["#OQueDizemAsRedes","20 centavos","BOPE","Centro","Complexo da Mar\u00e9","Democracia","Direitos Humanos","Eduardo Paes","Pol\u00edcia Militar","protesto","viol\u00eancia","viol\u00eancia policial"],"articleSection":["#Rio2016","Den\u00fancias","Pol\u00edticas"],"inLanguage":"pt-BR"},{"@type":"WebPage","@id":"https:\/\/rioonwatch.org.br\/?p=6658","url":"https:\/\/rioonwatch.org.br\/?p=6658","name":"Viol\u00eancia Policial Durante Protesto Hist\u00f3rico Levanta S\u00e9rias Quest\u00f5es - RioOnWatch","isPartOf":{"@id":"https:\/\/rioonwatch.org.br\/#website"},"primaryImageOfPage":{"@id":"https:\/\/rioonwatch.org.br\/?p=6658#primaryimage"},"image":{"@id":"https:\/\/rioonwatch.org.br\/?p=6658#primaryimage"},"thumbnailUrl":"https:\/\/rioonwatch.org.br\/wp-content\/uploads\/2013\/06\/police-op1.jpg","datePublished":"2013-06-28T15:10:49+00:00","dateModified":"2017-05-12T03:31:43+00:00","breadcrumb":{"@id":"https:\/\/rioonwatch.org.br\/?p=6658#breadcrumb"},"inLanguage":"pt-BR","potentialAction":[{"@type":"ReadAction","target":["https:\/\/rioonwatch.org.br\/?p=6658"]}]},{"@type":"ImageObject","inLanguage":"pt-BR","@id":"https:\/\/rioonwatch.org.br\/?p=6658#primaryimage","url":"https:\/\/rioonwatch.org.br\/wp-content\/uploads\/2013\/06\/police-op1.jpg","contentUrl":"https:\/\/rioonwatch.org.br\/wp-content\/uploads\/2013\/06\/police-op1.jpg","width":620,"height":465},{"@type":"BreadcrumbList","@id":"https:\/\/rioonwatch.org.br\/?p=6658#breadcrumb","itemListElement":[{"@type":"ListItem","position":1,"name":"In\u00edcio","item":"https:\/\/rioonwatch.org.br\/"},{"@type":"ListItem","position":2,"name":"Viol\u00eancia Policial Durante Protesto Hist\u00f3rico Levanta S\u00e9rias Quest\u00f5es"}]},{"@type":"WebSite","@id":"https:\/\/rioonwatch.org.br\/#website","url":"https:\/\/rioonwatch.org.br\/","name":"RioOnWatch","description":"relatos das favelas cariocas","publisher":{"@id":"https:\/\/rioonwatch.org.br\/#organization"},"potentialAction":[{"@type":"SearchAction","target":{"@type":"EntryPoint","urlTemplate":"https:\/\/rioonwatch.org.br\/?s={search_term_string}"},"query-input":{"@type":"PropertyValueSpecification","valueRequired":true,"valueName":"search_term_string"}}],"inLanguage":"pt-BR"},{"@type":"Organization","@id":"https:\/\/rioonwatch.org.br\/#organization","name":"RioOnWatch","url":"https:\/\/rioonwatch.org.br\/","logo":{"@type":"ImageObject","inLanguage":"pt-BR","@id":"https:\/\/rioonwatch.org.br\/#\/schema\/logo\/image\/","url":"https:\/\/rioonwatch.org.br\/wp-content\/uploads\/2021\/06\/RioOnWatchcabecalhoPT11anos-2.png","contentUrl":"https:\/\/rioonwatch.org.br\/wp-content\/uploads\/2021\/06\/RioOnWatchcabecalhoPT11anos-2.png","width":779,"height":277,"caption":"RioOnWatch"},"image":{"@id":"https:\/\/rioonwatch.org.br\/#\/schema\/logo\/image\/"}},{"@type":"Person","@id":"https:\/\/rioonwatch.org.br\/#\/schema\/person\/11d64c290506f9df50c71b850c473f68","name":"Admin","image":{"@type":"ImageObject","inLanguage":"pt-BR","@id":"https:\/\/rioonwatch.org.br\/#\/schema\/person\/image\/","url":"https:\/\/secure.gravatar.com\/avatar\/56211ac74568383903349a1485e3c325?s=96&d=blank&r=g","contentUrl":"https:\/\/secure.gravatar.com\/avatar\/56211ac74568383903349a1485e3c325?s=96&d=blank&r=g","caption":"Admin"},"url":"https:\/\/rioonwatch.org.br\/?author=129"}]}},"_links":{"self":[{"href":"https:\/\/rioonwatch.org.br\/index.php?rest_route=\/wp\/v2\/posts\/6658"}],"collection":[{"href":"https:\/\/rioonwatch.org.br\/index.php?rest_route=\/wp\/v2\/posts"}],"about":[{"href":"https:\/\/rioonwatch.org.br\/index.php?rest_route=\/wp\/v2\/types\/post"}],"author":[{"embeddable":true,"href":"https:\/\/rioonwatch.org.br\/index.php?rest_route=\/wp\/v2\/users\/129"}],"replies":[{"embeddable":true,"href":"https:\/\/rioonwatch.org.br\/index.php?rest_route=%2Fwp%2Fv2%2Fcomments&post=6658"}],"version-history":[{"count":80,"href":"https:\/\/rioonwatch.org.br\/index.php?rest_route=\/wp\/v2\/posts\/6658\/revisions"}],"predecessor-version":[{"id":25636,"href":"https:\/\/rioonwatch.org.br\/index.php?rest_route=\/wp\/v2\/posts\/6658\/revisions\/25636"}],"wp:featuredmedia":[{"embeddable":true,"href":"https:\/\/rioonwatch.org.br\/index.php?rest_route=\/wp\/v2\/media\/25632"}],"wp:attachment":[{"href":"https:\/\/rioonwatch.org.br\/index.php?rest_route=%2Fwp%2Fv2%2Fmedia&parent=6658"}],"wp:term":[{"taxonomy":"category","embeddable":true,"href":"https:\/\/rioonwatch.org.br\/index.php?rest_route=%2Fwp%2Fv2%2Fcategories&post=6658"},{"taxonomy":"post_tag","embeddable":true,"href":"https:\/\/rioonwatch.org.br\/index.php?rest_route=%2Fwp%2Fv2%2Ftags&post=6658"},{"taxonomy":"writer","embeddable":true,"href":"https:\/\/rioonwatch.org.br\/index.php?rest_route=%2Fwp%2Fv2%2Fwriter&post=6658"},{"taxonomy":"translator","embeddable":true,"href":"https:\/\/rioonwatch.org.br\/index.php?rest_route=%2Fwp%2Fv2%2Ftranslator&post=6658"},{"taxonomy":"source","embeddable":true,"href":"https:\/\/rioonwatch.org.br\/index.php?rest_route=%2Fwp%2Fv2%2Fsource&post=6658"},{"taxonomy":"ilustrador","embeddable":true,"href":"https:\/\/rioonwatch.org.br\/index.php?rest_route=%2Fwp%2Fv2%2Filustrador&post=6658"},{"taxonomy":"fotografo","embeddable":true,"href":"https:\/\/rioonwatch.org.br\/index.php?rest_route=%2Fwp%2Fv2%2Ffotografo&post=6658"}],"curies":[{"name":"wp","href":"https:\/\/api.w.org\/{rel}","templated":true}]}}