{"id":67171,"date":"2023-05-03T09:27:51","date_gmt":"2023-05-03T12:27:51","guid":{"rendered":"https:\/\/rioonwatch.org.br\/?p=67171"},"modified":"2024-06-20T13:45:43","modified_gmt":"2024-06-20T16:45:43","slug":"peca-pasmado-recupera-a-memoria-de-pasmado-uma-favela-esquecida-removida-de-botafogo-na-decada-de-1960","status":"publish","type":"post","link":"https:\/\/rioonwatch.org.br\/?p=67171","title":{"rendered":"Pe\u00e7a \u2018Pasmado\u2019 Recupera Mem\u00f3ria de uma Favela Esquecida, Removida de Botafogo na D\u00e9cada de 1960"},"content":{"rendered":"<figure id=\"attachment_67172\" aria-describedby=\"caption-attachment-67172\" style=\"width: 2560px\" class=\"wp-caption aligncenter\"><a href=\"https:\/\/rioonwatch.org.br\/wp-content\/uploads\/2023\/03\/pasmado.jpeg\"><img fetchpriority=\"high\" decoding=\"async\" class=\"wp-image-67172 size-full\" title=\"Protagonistas Z\u00e9z\u00e9 e Jo\u00e3o interpretados por Kamilla Neves e Anderson Barreto, respectivamente. Foto: Leonardo Lopes (Peneira)\" src=\"https:\/\/rioonwatch.org.br\/wp-content\/uploads\/2023\/03\/pasmado.jpeg\" alt=\"Protagonistas Z\u00e9z\u00e9 e Jo\u00e3o interpretados por Kamilla Neves e Anderson Barreto, respectivamente. Foto: Leonardo Lopes (Peneira)\" width=\"2560\" height=\"1707\" srcset=\"https:\/\/rioonwatch.org.br\/wp-content\/uploads\/2023\/03\/pasmado.jpeg 2560w, https:\/\/rioonwatch.org.br\/wp-content\/uploads\/2023\/03\/pasmado-620x413.jpeg 620w, https:\/\/rioonwatch.org.br\/wp-content\/uploads\/2023\/03\/pasmado-943x629.jpeg 943w\" sizes=\"(max-width: 2560px) 100vw, 2560px\" \/><\/a><figcaption id=\"caption-attachment-67172\" class=\"wp-caption-text\">Protagonistas Z\u00e9z\u00e9 e Jo\u00e3o interpretados por Kamilla Neves e Anderson Barreto, respectivamente. Foto: Leonardo Lopes (Peneira)<\/figcaption><\/figure>\n<h4 style=\"text-align: right;\"><a href=\"https:\/\/bit.ly\/3nmmRKB\" target=\"_blank\" rel=\"noopener\"><em><strong>Click Here for English<img decoding=\"async\" class=\"alignright wp-image-15790\" src=\"https:\/\/rioonwatch.org.br\/wp-content\/uploads\/2012\/08\/EN-standard-e1439583104716.jpg\" alt=\"\" width=\"20\" height=\"20\" \/><\/strong><\/em><\/a><\/h4>\n<p><span style=\"font-weight: 400;\">A pe\u00e7a<\/span><i><span style=\"font-weight: 400;\"> Pasmado<\/span><\/i><span style=\"font-weight: 400;\"> explora as experi\u00eancias de moradores da <\/span><a href=\"http:\/\/bit.ly\/2x3chdW\"><span style=\"font-weight: 400;\">remo\u00e7\u00e3o<\/span><\/a> <span style=\"font-weight: 400;\">da favela do <\/span><a href=\"http:\/\/bit.ly\/3S38rdp\"><span style=\"font-weight: 400;\">Pasmado<\/span><\/a><span style=\"font-weight: 400;\">, localizada em <\/span><a href=\"http:\/\/bit.ly\/1QJnyVP\"><span style=\"font-weight: 400;\">Botafogo<\/span><\/a><span style=\"font-weight: 400;\">, na <\/span><a href=\"http:\/\/bit.ly\/2WL6FUi\"><span style=\"font-weight: 400;\">Zona Sul<\/span><\/a><span style=\"font-weight: 400;\"> do Rio, durante a d\u00e9cada de 1960. A pe\u00e7a foi escrita por Luiz Fernando Pinto, um de seus diretores e cria da <\/span><a href=\"http:\/\/bit.ly\/1npmeGe\"><span style=\"font-weight: 400;\">Vila Alian\u00e7a<\/span><\/a><span style=\"font-weight: 400;\">, favela da <\/span><a href=\"http:\/\/bit.ly\/2x3k8bw\"><span style=\"font-weight: 400;\">Zona Oeste<\/span><\/a><span style=\"font-weight: 400;\">, onde muitos dos moradores de Pasmado foram reassentados. A pe\u00e7a foi desenvolvida a partir de relatos de moradores e baseia-se na hist\u00f3ria da fam\u00edlia de Luiz Fernando, cujos av\u00f3s eram moradores da antiga comunidade do Pasmado. Foi realizada e encenada pela <\/span><a href=\"https:\/\/bit.ly\/2XOuGfu\"><span style=\"font-weight: 400;\">Associa\u00e7\u00e3o Cultural Peneira<\/span><\/a><span style=\"font-weight: 400;\">, que realiza iniciativas art\u00edsticas e culturais baseadas nas intera\u00e7\u00f5es e rela\u00e7\u00f5es interpessoais do cotidiano do Rio de Janeiro.<\/span><\/p>\n<p><span style=\"font-weight: 400;\">A pe\u00e7a estreou em dezembro de 2022 com cinco apresenta\u00e7\u00f5es em lajes por toda a Vila Alian\u00e7a. As apresenta\u00e7\u00f5es comunit\u00e1rias gratuitas de dezembro inclu\u00edr<\/span><span style=\"font-weight: 400;\">am um jantar ap\u00f3s a pe\u00e7a com moradores, elenco e equipe de produ\u00e7\u00e3o para estimular discuss\u00f5es e reflex\u00f5es sobre os temas da pe\u00e7a. De acordo com Luiz e sua codiretora, Priscila Bittencourt, foi <\/span><a href=\"http:\/\/bit.ly\/2JcnmSC\"><span style=\"font-weight: 400;\">essencial levar<\/span><\/a><span style=\"font-weight: 400;\"> o teatro para <\/span><a href=\"https:\/\/bit.ly\/3G1b9L1\"><span style=\"font-weight: 400;\">uma \u00e1rea perif\u00e9rica<\/span><\/a><span style=\"font-weight: 400;\"> da cidade que raramente recebe as artes c\u00eanicas e a eventos culturais. Ap\u00f3s as estreias comunit\u00e1rias, a pe\u00e7a foi apresentada no <\/span><a href=\"http:\/\/bit.ly\/3YN58t4\"><span style=\"font-weight: 400;\">Teatro Caf\u00e9 Pequeno<\/span><\/a><span style=\"font-weight: 400;\">, no <\/span><a href=\"http:\/\/bit.ly\/1OKB9XY\"><span style=\"font-weight: 400;\">Leblon<\/span><\/a><span style=\"font-weight: 400;\">, na <\/span><span style=\"font-weight: 400;\">Zona Sul<\/span><span style=\"font-weight: 400;\"> do Rio, nos dois primeiros fins de semana de fevereiro de 2023.<\/span><\/p>\n<h3>Relembrando a Remo\u00e7\u00e3o do Pasmado Atrav\u00e9s da Arte<\/h3>\n<figure id=\"attachment_67173\" aria-describedby=\"caption-attachment-67173\" style=\"width: 500px\" class=\"wp-caption alignright\"><a href=\"https:\/\/rioonwatch.org.br\/wp-content\/uploads\/2023\/03\/Joao.jpeg\"><img decoding=\"async\" class=\"wp-image-67173\" title=\"Jo\u00e3o inspeciona \u201cJurema,\u201d um m\u00f3vel herdado de sua m\u00e3e. Foto: Felix Foot\" src=\"https:\/\/rioonwatch.org.br\/wp-content\/uploads\/2023\/03\/Joao-465x620.jpeg\" alt=\"Jo\u00e3o inspeciona \u201cJurema,\u201d um m\u00f3vel herdado de sua m\u00e3e. Foto: Felix Foot\" width=\"500\" height=\"667\" srcset=\"https:\/\/rioonwatch.org.br\/wp-content\/uploads\/2023\/03\/Joao-465x620.jpeg 465w, https:\/\/rioonwatch.org.br\/wp-content\/uploads\/2023\/03\/Joao-472x629.jpeg 472w, https:\/\/rioonwatch.org.br\/wp-content\/uploads\/2023\/03\/Joao.jpeg 768w\" sizes=\"(max-width: 500px) 100vw, 500px\" \/><\/a><figcaption id=\"caption-attachment-67173\" class=\"wp-caption-text\">Jo\u00e3o inspeciona \u201cJurema\u201d, um m\u00f3vel herdado de sua m\u00e3e. Foto: Felix Foot<\/figcaption><\/figure>\n<p><span style=\"font-weight: 400;\">Em 1964, a favela do Pasmado, como outras comunidades da abastada Zona Sul da cidade, foi alvo de uma violenta \u201copera\u00e7\u00e3o de saneamento\u201d pelo ent\u00e3o <\/span><span style=\"font-weight: 400;\">governador do estado da Guanabara, <a href=\"http:\/\/bit.ly\/2hmAfKz\" target=\"_blank\" rel=\"noopener\">Carlos Lacerda<\/a><\/span><span style=\"font-weight: 400;\">. Como parte da remo\u00e7\u00e3o, o corpo de bombeiros da cidade supervisionou um inc\u00eandio \u201ccontrolado\u201d que consumiu a comunidade, destruindo mais de 500 casas e, segundo os moradores, custando milhares de vidas.<\/span><\/p>\n<p><span style=\"font-weight: 400;\">Dirigida e interpretada por descendentes de antigos moradores do Pasmado, a pe\u00e7a se concentra na rela\u00e7\u00e3o entre dois irm\u00e3os, Zez\u00e9 e Jo\u00e3o, interpretados respectivamente por Kamilla Neves e Anderson Barreto. No entanto, h\u00e1 um terceiro personagem, invis\u00edvel, que entra e sai de cena: a voz de Dona Celina. Esses trechos foram retirados de grava\u00e7\u00f5es originais da matriarca, que vivenciou a remo\u00e7\u00e3o, e s\u00e3o um lembrete arrepiante desse brutal acontecimento.<\/span><\/p>\n<p><span style=\"font-weight: 400;\">A cena de abertura apresenta a voz chiada de Dona Celina acima do zumbido dos autom\u00f3veis e da rua ao fundo enquanto a matriarca idosa narra recorda\u00e7\u00f5es tang\u00edveis do Pasmado: \u201cDo que eu consigo lembrar?\u2026 A Hist\u00f3ria \u00e9 muito dif\u00edcil, n\u00e3o \u00e9 mesmo?\u201d<\/span><\/p>\n<p><span style=\"font-weight: 400;\">Juntos, Jo\u00e3o e Zez\u00e9 tentam estabelecer uma liga\u00e7\u00e3o entre a sua situa\u00e7\u00e3o atual e o seu passado. Essa rela\u00e7\u00e3o delicada entre passado e presente \u00e9 destacada quando Jo\u00e3o avisa: \u201cCuidado, agora! Voc\u00ea pode estar pisando na hist\u00f3ria de algu\u00e9m\u201d, referindo-se \u00e0s muitas \u00e1reas da Zona Sul que, hoje, est\u00e3o constru\u00eddas sobre favelas demolidas.<\/span><\/p>\n<p><span style=\"font-weight: 400;\">\u00c0 medida em que a pe\u00e7a se aproxima do cl\u00edmax, Jo\u00e3o come\u00e7a a sentir um cheiro no ar. Andando de um lado para o outro em torno da irm\u00e3, que permanece alheia, ele repete: &#8220;Voc\u00ea est\u00e1 sentindo esse cheiro?&#8221; A fuma\u00e7a come\u00e7a a flutuar pelo palco at\u00e9 que toda a sala adquire uma tonalidade vermelho-fogo e o som de sibilos e estalos vai se tornando ensurdecedor.<\/span><\/p>\n<figure id=\"attachment_67174\" aria-describedby=\"caption-attachment-67174\" style=\"width: 2560px\" class=\"wp-caption aligncenter\"><a href=\"https:\/\/rioonwatch.org.br\/wp-content\/uploads\/2023\/03\/pasmado_instituto-069-scaled-1.jpeg\"><img loading=\"lazy\" decoding=\"async\" class=\"wp-image-67174 size-full\" title=\"Irm\u00e3os Zez\u00e9 e Jo\u00e3o. Foto: Leonardo Lopes\" src=\"https:\/\/rioonwatch.org.br\/wp-content\/uploads\/2023\/03\/pasmado_instituto-069-scaled-1.jpeg\" alt=\"Irm\u00e3os Zez\u00e9 e Jo\u00e3o. Foto: Leonardo Lopes\" width=\"2560\" height=\"1707\" srcset=\"https:\/\/rioonwatch.org.br\/wp-content\/uploads\/2023\/03\/pasmado_instituto-069-scaled-1.jpeg 2560w, https:\/\/rioonwatch.org.br\/wp-content\/uploads\/2023\/03\/pasmado_instituto-069-scaled-1-620x413.jpeg 620w, https:\/\/rioonwatch.org.br\/wp-content\/uploads\/2023\/03\/pasmado_instituto-069-scaled-1-943x629.jpeg 943w\" sizes=\"(max-width: 2560px) 100vw, 2560px\" \/><\/a><figcaption id=\"caption-attachment-67174\" class=\"wp-caption-text\">Irm\u00e3os Zez\u00e9 e Jo\u00e3o. Foto: Leonardo Lopes<\/figcaption><\/figure>\n<h3><span style=\"font-weight: 400;\">Mem\u00f3ria Criativa: Entender a Cidade atrav\u00e9s do Passado<\/span><\/h3>\n<p><span style=\"font-weight: 400;\">Para os diretores Priscila e Luiz, a pe\u00e7a combina as conex\u00f5es pessoais de Luiz com o Pasmado e com a Vila Alian\u00e7a e o objetivo geral da Peneira de investigar formas de express\u00e3o art\u00edstica que destacam as rela\u00e7\u00f5es entre as pessoas, suas mem\u00f3rias e comunidades. Desde 2018, a Peneira tem iniciado o processo de constru\u00e7\u00e3o de um arquivo pessoal e emocional de diferentes partes do Rio de Janeiro. <\/span><a href=\"http:\/\/bit.ly\/3Y8Pesf\"><span style=\"font-weight: 400;\">Seu primeiro projeto<\/span><\/a><span style=\"font-weight: 400;\"> aconteceu na Rua Joaquim Silva na Lapa, no <\/span><a href=\"http:\/\/bit.ly\/2x1dXEP\"><span style=\"font-weight: 400;\">Centro<\/span><\/a><span style=\"font-weight: 400;\">, com 18 pessoas diferentes\u2014incluindo Dona Marlene, cuja voz pode ser ouvida ao longo da pe\u00e7a\u2014<\/span><span style=\"font-weight: 400;\">contando suas <\/span><a href=\"http:\/\/bit.ly\/3IsPkpW\"><span style=\"font-weight: 400;\">experi\u00eancias com pessoas e lugares do Rio<\/span><\/a><span style=\"font-weight: 400;\">.\u00a0<\/span><\/p>\n<blockquote><p><span style=\"font-weight: 400;\">\u201cGeralmente, quando as pessoas falam de uma cidade, elas falam de projetos, ruas, arquitetura. A gente fala a partir do mi\u00fado, do que \u00e9 do mi\u00fado. \u00c9 do pequeno, do cotidiano, das rela\u00e7\u00f5es entre as pessoas e das mem\u00f3rias das pessoas.\u201d \u2014 Priscila Bittencourt<\/span><\/p><\/blockquote>\n<p><span style=\"font-weight: 400;\">Luiz reafirmou esse ponto, dizendo que um dos objetivos da Peneira \u00e9 a cria\u00e7\u00e3o de um arquivo art\u00edstico sobre a cidade: <\/span><\/p>\n<blockquote><p>\u201cA constru\u00e7\u00e3o da cidade \u00e9 muito ligada a esse <a href=\"https:\/\/bit.ly\/3FfE0wx\">processo de remo\u00e7\u00f5es<\/a>, com muitas das comunidades que surgiram no Rio sendo a partir desse processo de remo\u00e7\u00f5es.\u201d<\/p><\/blockquote>\n<p><span style=\"font-weight: 400;\">A pe\u00e7a e, na realidade, a pr\u00f3pria atividade de narra\u00e7\u00e3o, \u00e9 portanto um processo ativo de revisitar essas hist\u00f3rias e lidar com a mem\u00f3ria muitas vezes inquietante que elas trazem consigo. Anderson, que interpreta Jo\u00e3o na pe\u00e7a, conta como atuar \u00e9 para ele um processo de retornar ao passado. Apontando para as manchas de lama vermelha no ch\u00e3o do palco, \u00e9 como \u201ctrazer de volta mem\u00f3rias da inf\u00e2ncia, mem\u00f3rias da casa\u201d.<\/span><\/p>\n<p><span style=\"font-weight: 400;\">A pe\u00e7a n\u00e3o s\u00f3 olha para tr\u00e1s, para o que aconteceu, mas est\u00e1 inextricavelmente ligada ao contexto contempor\u00e2neo da Vila Alian\u00e7a e da Zona Oeste. A jornalista Hellowa Corr\u00eaa, moradora de <\/span><a href=\"http:\/\/bit.ly\/2kme4It\"><span style=\"font-weight: 400;\">Realengo<\/span><\/a><span style=\"font-weight: 400;\">, na Zona Oeste, assistiu \u00e0s apresenta\u00e7\u00f5es na Vila Alian\u00e7a e no Leblon. Conversando com Hellowa e com os diretores, eles contaram como a pe\u00e7a \u201cafeta todos os cariocas\u201d e apontaram para jovens moradores de favelas sentados na plateia que, embora n\u00e3o tenham sido diretamente afetados pelas remo\u00e7\u00f5es do Pasmado, <\/span><a href=\"https:\/\/bit.ly\/2WTIMf1\"><span style=\"font-weight: 400;\">n\u00e3o t\u00eam acesso<\/span><\/a><span style=\"font-weight: 400;\"> a esse tipo de equipamento cultural ou teatros<\/span><span style=\"font-weight: 400;\"> e podem estar amea\u00e7ados com <\/span><a href=\"https:\/\/bit.ly\/3K4MRDb\"><span style=\"font-weight: 400;\">outros processos de remo\u00e7\u00e3o<\/span><\/a><span style=\"font-weight: 400;\"> na cidade hoje<\/span><span style=\"font-weight: 400;\">. Hellowa destacou o profundo senso de territ\u00f3rio e espa\u00e7o evocado pela apresenta\u00e7\u00e3o.<\/span><\/p>\n<blockquote><p><span style=\"font-weight: 400;\">\u201cEu sou moradora da Zona Oeste e me parece que, na pe\u00e7a, o espa\u00e7o em si \u00e9 um personagem tamb\u00e9m. Nas apresenta\u00e7\u00f5es na Vila Alian\u00e7a, isso foi uma percep\u00e7\u00e3o muito forte.\u201d \u2014 Hellowa Corr\u00eaa<\/span><\/p><\/blockquote>\n<figure id=\"attachment_67175\" aria-describedby=\"caption-attachment-67175\" style=\"width: 1600px\" class=\"wp-caption aligncenter\"><a href=\"https:\/\/rioonwatch.org.br\/wp-content\/uploads\/2023\/03\/pasmado-elenco.jpeg\"><img loading=\"lazy\" decoding=\"async\" class=\"wp-image-67175 size-full\" title=\"Grupo Peneira em p\u00e9 juntos ap\u00f3s sua \u00faltima apresenta\u00e7\u00e3o de \u201cPasmado\u201d. Foto: Angus Beazley\" src=\"https:\/\/rioonwatch.org.br\/wp-content\/uploads\/2023\/03\/pasmado-elenco.jpeg\" alt=\"Grupo Peneira em p\u00e9 juntos ap\u00f3s sua \u00faltima apresenta\u00e7\u00e3o de \u201cPasmado\u201d. Foto: Angus Beazley\" width=\"1600\" height=\"1200\" srcset=\"https:\/\/rioonwatch.org.br\/wp-content\/uploads\/2023\/03\/pasmado-elenco.jpeg 1600w, https:\/\/rioonwatch.org.br\/wp-content\/uploads\/2023\/03\/pasmado-elenco-620x465.jpeg 620w, https:\/\/rioonwatch.org.br\/wp-content\/uploads\/2023\/03\/pasmado-elenco-839x629.jpeg 839w, https:\/\/rioonwatch.org.br\/wp-content\/uploads\/2023\/03\/pasmado-elenco-678x509.jpeg 678w, https:\/\/rioonwatch.org.br\/wp-content\/uploads\/2023\/03\/pasmado-elenco-326x245.jpeg 326w, https:\/\/rioonwatch.org.br\/wp-content\/uploads\/2023\/03\/pasmado-elenco-80x60.jpeg 80w\" sizes=\"(max-width: 1600px) 100vw, 1600px\" \/><\/a><figcaption id=\"caption-attachment-67175\" class=\"wp-caption-text\">Grupo Peneira em p\u00e9 juntos ap\u00f3s sua \u00faltima apresenta\u00e7\u00e3o de <em>Pasmado<\/em>. Foto: Angus Beazley<\/figcaption><\/figure>\n<p><span style=\"font-weight: 400;\">Ao reviver a mem\u00f3ria de uma favela esquecida do Rio e explorar as ramifica\u00e7\u00f5es dessa remo\u00e7\u00e3o brutal no presente\u2014e trazer essa express\u00e3o art\u00edstica para as comunidades diretamente afetadas\u2014a pe\u00e7a <\/span><i><span style=\"font-weight: 400;\">Pasmado <\/span><\/i><span style=\"font-weight: 400;\">cria um espa\u00e7o para conectar, entender e, finalmente, ajudar a resistir aos processos discriminat\u00f3rios que continuam a moldar a cidade do Rio.<\/span><\/p>\n<hr \/>\n<h4><b data-stringify-type=\"bold\">Apoie nossos esfor\u00e7os para fornecer apoio estrat\u00e9gico \u00e0s favelas do Rio, incluindo o jornalismo hiperlocal, cr\u00edtico, inovador e incans\u00e1vel do <\/b><b data-stringify-type=\"bold\"><i data-stringify-type=\"italic\">RioOnWatch<\/i><\/b>\u2014<a class=\"c-link\" href=\"http:\/\/www.bit.ly\/ApoieROW\" rel=\"noopener noreferrer\" data-stringify-link=\"http:\/\/www.bit.ly\/ApoieROW\" data-sk=\"tooltip_parent\">doe aqui<\/a>.<\/h4>\n<!-- AddThis Advanced Settings generic via filter on the_content --><!-- AddThis Share Buttons generic via filter on the_content -->","protected":false},"excerpt":{"rendered":"<div class=\"mh-excerpt\"><p>Click Here for English A pe\u00e7a Pasmado explora as experi\u00eancias de moradores da remo\u00e7\u00e3o da favela do Pasmado, localizada em Botafogo, na Zona Sul do Rio, durante a d\u00e9cada de 1960. A pe\u00e7a foi escrita <a class=\"mh-excerpt-more\" href=\"https:\/\/rioonwatch.org.br\/?p=67171\" title=\"Pe\u00e7a \u2018Pasmado\u2019 Recupera Mem\u00f3ria de uma Favela Esquecida, Removida de Botafogo na D\u00e9cada de 1960\">[&#8230;]<\/a><!-- AddThis Advanced Settings generic via filter on get_the_excerpt --><!-- AddThis Share Buttons generic via filter on get_the_excerpt --><\/p>\n<\/div>","protected":false},"author":183,"featured_media":67172,"comment_status":"closed","ping_status":"closed","sticky":false,"template":"template-full.php","format":"standard","meta":{"_acf_changed":false,"_monsterinsights_skip_tracking":false,"_monsterinsights_sitenote_active":false,"_monsterinsights_sitenote_note":"","_monsterinsights_sitenote_category":0,"footnotes":""},"categories":[1621,1627,1615,1626,342],"tags":[334,1696,81,421,128,841,2046,1443,932,469,3323,713,14,335,230,184,383],"writer":[3324,3325],"translator":[3308],"source":[],"ilustrador":[],"fotografo":[],"class_list":{"0":"post-67171","1":"post","2":"type-post","3":"status-publish","4":"format-standard","5":"has-post-thumbnail","7":"category-destaque","8":"category-relato-de-evento","9":"category-cultura-da-favela","10":"category-por-observadores-internacionais","11":"category-solucoes","12":"tag-arte","13":"tag-botafogo","14":"tag-cultura","15":"tag-cultura-da-favela","16":"tag-historia","17":"tag-historia-oral","18":"tag-lacerda","19":"tag-laje","20":"tag-leblon","21":"tag-memoria","22":"tag-pasmado","23":"tag-realengo","24":"tag-remocao","25":"tag-teatro","26":"tag-vila-alianca","27":"tag-zona-oeste","28":"tag-zona-sul","29":"writer-angus-beazley","30":"writer-felix-foot","31":"translator-nicholas-miller"},"acf":[],"yoast_head":"<!-- This site is optimized with the Yoast SEO plugin v25.6 - https:\/\/yoast.com\/wordpress\/plugins\/seo\/ -->\n<title>Pe\u00e7a \u2018Pasmado\u2019 Recupera Mem\u00f3ria de uma Favela Esquecida, Removida de Botafogo na D\u00e9cada de 1960 - RioOnWatch<\/title>\n<meta name=\"robots\" content=\"index, follow, max-snippet:-1, max-image-preview:large, max-video-preview:-1\" \/>\n<link rel=\"canonical\" href=\"https:\/\/rioonwatch.org.br\/?p=67171\" \/>\n<meta property=\"og:locale\" content=\"pt_BR\" \/>\n<meta property=\"og:type\" content=\"article\" \/>\n<meta property=\"og:title\" content=\"Pe\u00e7a \u2018Pasmado\u2019 Recupera Mem\u00f3ria de uma Favela Esquecida, Removida de Botafogo na D\u00e9cada de 1960 - RioOnWatch\" \/>\n<meta property=\"og:description\" content=\"Click Here for English A pe\u00e7a Pasmado explora as experi\u00eancias de moradores da remo\u00e7\u00e3o da favela do Pasmado, localizada em Botafogo, na Zona Sul do Rio, durante a d\u00e9cada de 1960. A pe\u00e7a foi escrita [...]\" \/>\n<meta property=\"og:url\" content=\"https:\/\/rioonwatch.org.br\/?p=67171\" \/>\n<meta property=\"og:site_name\" content=\"RioOnWatch\" \/>\n<meta property=\"article:published_time\" content=\"2023-05-03T12:27:51+00:00\" \/>\n<meta property=\"article:modified_time\" content=\"2024-06-20T16:45:43+00:00\" \/>\n<meta property=\"og:image\" content=\"https:\/\/rioonwatch.org.br\/wp-content\/uploads\/2023\/03\/pasmado.jpeg\" \/>\n\t<meta property=\"og:image:width\" content=\"2560\" \/>\n\t<meta property=\"og:image:height\" content=\"1707\" \/>\n\t<meta property=\"og:image:type\" content=\"image\/jpeg\" \/>\n<meta name=\"author\" content=\"Nicholas MIller\" \/>\n<meta name=\"twitter:card\" content=\"summary_large_image\" \/>\n<meta name=\"twitter:label1\" content=\"Escrito por\" \/>\n\t<meta name=\"twitter:data1\" content=\"Nicholas MIller\" \/>\n\t<meta name=\"twitter:label2\" content=\"Est. tempo de leitura\" \/>\n\t<meta name=\"twitter:data2\" content=\"8 minutos\" \/>\n<script type=\"application\/ld+json\" class=\"yoast-schema-graph\">{\"@context\":\"https:\/\/schema.org\",\"@graph\":[{\"@type\":\"Article\",\"@id\":\"https:\/\/rioonwatch.org.br\/?p=67171#article\",\"isPartOf\":{\"@id\":\"https:\/\/rioonwatch.org.br\/?p=67171\"},\"author\":{\"name\":\"Nicholas MIller\",\"@id\":\"https:\/\/rioonwatch.org.br\/#\/schema\/person\/f39670a93d63a870875a56e1a7f1beb9\"},\"headline\":\"Pe\u00e7a \u2018Pasmado\u2019 Recupera Mem\u00f3ria de uma Favela Esquecida, Removida de Botafogo na D\u00e9cada de 1960\",\"datePublished\":\"2023-05-03T12:27:51+00:00\",\"dateModified\":\"2024-06-20T16:45:43+00:00\",\"mainEntityOfPage\":{\"@id\":\"https:\/\/rioonwatch.org.br\/?p=67171\"},\"wordCount\":1242,\"publisher\":{\"@id\":\"https:\/\/rioonwatch.org.br\/#organization\"},\"image\":{\"@id\":\"https:\/\/rioonwatch.org.br\/?p=67171#primaryimage\"},\"thumbnailUrl\":\"https:\/\/rioonwatch.org.br\/wp-content\/uploads\/2023\/03\/pasmado.jpeg\",\"keywords\":[\"arte\",\"Botafogo\",\"cultura\",\"cultura da favela\",\"hist\u00f3ria\",\"hist\u00f3ria oral\",\"Lacerda\",\"laje\",\"Leblon\",\"Mem\u00f3rias Faveladas\",\"Pasmado\",\"Realengo\",\"Remo\u00e7\u00e3o\",\"teatro\",\"Vila Alian\u00e7a\",\"Zona Oeste\",\"Zona Sul\"],\"articleSection\":[\"*Destaque\",\"Cobertura de Eventos\",\"Cultura da Favela\",\"Escrito por Aliados\",\"Solu\u00e7\u00f5es\"],\"inLanguage\":\"pt-BR\"},{\"@type\":\"WebPage\",\"@id\":\"https:\/\/rioonwatch.org.br\/?p=67171\",\"url\":\"https:\/\/rioonwatch.org.br\/?p=67171\",\"name\":\"Pe\u00e7a \u2018Pasmado\u2019 Recupera Mem\u00f3ria de uma Favela Esquecida, Removida de Botafogo na D\u00e9cada de 1960 - RioOnWatch\",\"isPartOf\":{\"@id\":\"https:\/\/rioonwatch.org.br\/#website\"},\"primaryImageOfPage\":{\"@id\":\"https:\/\/rioonwatch.org.br\/?p=67171#primaryimage\"},\"image\":{\"@id\":\"https:\/\/rioonwatch.org.br\/?p=67171#primaryimage\"},\"thumbnailUrl\":\"https:\/\/rioonwatch.org.br\/wp-content\/uploads\/2023\/03\/pasmado.jpeg\",\"datePublished\":\"2023-05-03T12:27:51+00:00\",\"dateModified\":\"2024-06-20T16:45:43+00:00\",\"breadcrumb\":{\"@id\":\"https:\/\/rioonwatch.org.br\/?p=67171#breadcrumb\"},\"inLanguage\":\"pt-BR\",\"potentialAction\":[{\"@type\":\"ReadAction\",\"target\":[\"https:\/\/rioonwatch.org.br\/?p=67171\"]}]},{\"@type\":\"ImageObject\",\"inLanguage\":\"pt-BR\",\"@id\":\"https:\/\/rioonwatch.org.br\/?p=67171#primaryimage\",\"url\":\"https:\/\/rioonwatch.org.br\/wp-content\/uploads\/2023\/03\/pasmado.jpeg\",\"contentUrl\":\"https:\/\/rioonwatch.org.br\/wp-content\/uploads\/2023\/03\/pasmado.jpeg\",\"width\":2560,\"height\":1707},{\"@type\":\"BreadcrumbList\",\"@id\":\"https:\/\/rioonwatch.org.br\/?p=67171#breadcrumb\",\"itemListElement\":[{\"@type\":\"ListItem\",\"position\":1,\"name\":\"In\u00edcio\",\"item\":\"https:\/\/rioonwatch.org.br\/\"},{\"@type\":\"ListItem\",\"position\":2,\"name\":\"Pe\u00e7a \u2018Pasmado\u2019 Recupera Mem\u00f3ria de uma Favela Esquecida, Removida de Botafogo na D\u00e9cada de 1960\"}]},{\"@type\":\"WebSite\",\"@id\":\"https:\/\/rioonwatch.org.br\/#website\",\"url\":\"https:\/\/rioonwatch.org.br\/\",\"name\":\"RioOnWatch\",\"description\":\"relatos das favelas cariocas\",\"publisher\":{\"@id\":\"https:\/\/rioonwatch.org.br\/#organization\"},\"potentialAction\":[{\"@type\":\"SearchAction\",\"target\":{\"@type\":\"EntryPoint\",\"urlTemplate\":\"https:\/\/rioonwatch.org.br\/?s={search_term_string}\"},\"query-input\":{\"@type\":\"PropertyValueSpecification\",\"valueRequired\":true,\"valueName\":\"search_term_string\"}}],\"inLanguage\":\"pt-BR\"},{\"@type\":\"Organization\",\"@id\":\"https:\/\/rioonwatch.org.br\/#organization\",\"name\":\"RioOnWatch\",\"url\":\"https:\/\/rioonwatch.org.br\/\",\"logo\":{\"@type\":\"ImageObject\",\"inLanguage\":\"pt-BR\",\"@id\":\"https:\/\/rioonwatch.org.br\/#\/schema\/logo\/image\/\",\"url\":\"https:\/\/rioonwatch.org.br\/wp-content\/uploads\/2021\/06\/RioOnWatchcabecalhoPT11anos-2.png\",\"contentUrl\":\"https:\/\/rioonwatch.org.br\/wp-content\/uploads\/2021\/06\/RioOnWatchcabecalhoPT11anos-2.png\",\"width\":779,\"height\":277,\"caption\":\"RioOnWatch\"},\"image\":{\"@id\":\"https:\/\/rioonwatch.org.br\/#\/schema\/logo\/image\/\"}},{\"@type\":\"Person\",\"@id\":\"https:\/\/rioonwatch.org.br\/#\/schema\/person\/f39670a93d63a870875a56e1a7f1beb9\",\"name\":\"Nicholas MIller\",\"image\":{\"@type\":\"ImageObject\",\"inLanguage\":\"pt-BR\",\"@id\":\"https:\/\/rioonwatch.org.br\/#\/schema\/person\/image\/\",\"url\":\"https:\/\/secure.gravatar.com\/avatar\/529e4b3665bccb9118b26868a65ea52c?s=96&d=blank&r=g\",\"contentUrl\":\"https:\/\/secure.gravatar.com\/avatar\/529e4b3665bccb9118b26868a65ea52c?s=96&d=blank&r=g\",\"caption\":\"Nicholas MIller\"},\"url\":\"https:\/\/rioonwatch.org.br\/?author=183\"}]}<\/script>\n<!-- \/ Yoast SEO plugin. -->","yoast_head_json":{"title":"Pe\u00e7a \u2018Pasmado\u2019 Recupera Mem\u00f3ria de uma Favela Esquecida, Removida de Botafogo na D\u00e9cada de 1960 - RioOnWatch","robots":{"index":"index","follow":"follow","max-snippet":"max-snippet:-1","max-image-preview":"max-image-preview:large","max-video-preview":"max-video-preview:-1"},"canonical":"https:\/\/rioonwatch.org.br\/?p=67171","og_locale":"pt_BR","og_type":"article","og_title":"Pe\u00e7a \u2018Pasmado\u2019 Recupera Mem\u00f3ria de uma Favela Esquecida, Removida de Botafogo na D\u00e9cada de 1960 - RioOnWatch","og_description":"Click Here for English A pe\u00e7a Pasmado explora as experi\u00eancias de moradores da remo\u00e7\u00e3o da favela do Pasmado, localizada em Botafogo, na Zona Sul do Rio, durante a d\u00e9cada de 1960. A pe\u00e7a foi escrita [...]","og_url":"https:\/\/rioonwatch.org.br\/?p=67171","og_site_name":"RioOnWatch","article_published_time":"2023-05-03T12:27:51+00:00","article_modified_time":"2024-06-20T16:45:43+00:00","og_image":[{"width":2560,"height":1707,"url":"https:\/\/rioonwatch.org.br\/wp-content\/uploads\/2023\/03\/pasmado.jpeg","type":"image\/jpeg"}],"author":"Nicholas MIller","twitter_card":"summary_large_image","twitter_misc":{"Escrito por":"Nicholas MIller","Est. tempo de leitura":"8 minutos"},"schema":{"@context":"https:\/\/schema.org","@graph":[{"@type":"Article","@id":"https:\/\/rioonwatch.org.br\/?p=67171#article","isPartOf":{"@id":"https:\/\/rioonwatch.org.br\/?p=67171"},"author":{"name":"Nicholas MIller","@id":"https:\/\/rioonwatch.org.br\/#\/schema\/person\/f39670a93d63a870875a56e1a7f1beb9"},"headline":"Pe\u00e7a \u2018Pasmado\u2019 Recupera Mem\u00f3ria de uma Favela Esquecida, Removida de Botafogo na D\u00e9cada de 1960","datePublished":"2023-05-03T12:27:51+00:00","dateModified":"2024-06-20T16:45:43+00:00","mainEntityOfPage":{"@id":"https:\/\/rioonwatch.org.br\/?p=67171"},"wordCount":1242,"publisher":{"@id":"https:\/\/rioonwatch.org.br\/#organization"},"image":{"@id":"https:\/\/rioonwatch.org.br\/?p=67171#primaryimage"},"thumbnailUrl":"https:\/\/rioonwatch.org.br\/wp-content\/uploads\/2023\/03\/pasmado.jpeg","keywords":["arte","Botafogo","cultura","cultura da favela","hist\u00f3ria","hist\u00f3ria oral","Lacerda","laje","Leblon","Mem\u00f3rias Faveladas","Pasmado","Realengo","Remo\u00e7\u00e3o","teatro","Vila Alian\u00e7a","Zona Oeste","Zona Sul"],"articleSection":["*Destaque","Cobertura de Eventos","Cultura da Favela","Escrito por Aliados","Solu\u00e7\u00f5es"],"inLanguage":"pt-BR"},{"@type":"WebPage","@id":"https:\/\/rioonwatch.org.br\/?p=67171","url":"https:\/\/rioonwatch.org.br\/?p=67171","name":"Pe\u00e7a \u2018Pasmado\u2019 Recupera Mem\u00f3ria de uma Favela Esquecida, Removida de Botafogo na D\u00e9cada de 1960 - RioOnWatch","isPartOf":{"@id":"https:\/\/rioonwatch.org.br\/#website"},"primaryImageOfPage":{"@id":"https:\/\/rioonwatch.org.br\/?p=67171#primaryimage"},"image":{"@id":"https:\/\/rioonwatch.org.br\/?p=67171#primaryimage"},"thumbnailUrl":"https:\/\/rioonwatch.org.br\/wp-content\/uploads\/2023\/03\/pasmado.jpeg","datePublished":"2023-05-03T12:27:51+00:00","dateModified":"2024-06-20T16:45:43+00:00","breadcrumb":{"@id":"https:\/\/rioonwatch.org.br\/?p=67171#breadcrumb"},"inLanguage":"pt-BR","potentialAction":[{"@type":"ReadAction","target":["https:\/\/rioonwatch.org.br\/?p=67171"]}]},{"@type":"ImageObject","inLanguage":"pt-BR","@id":"https:\/\/rioonwatch.org.br\/?p=67171#primaryimage","url":"https:\/\/rioonwatch.org.br\/wp-content\/uploads\/2023\/03\/pasmado.jpeg","contentUrl":"https:\/\/rioonwatch.org.br\/wp-content\/uploads\/2023\/03\/pasmado.jpeg","width":2560,"height":1707},{"@type":"BreadcrumbList","@id":"https:\/\/rioonwatch.org.br\/?p=67171#breadcrumb","itemListElement":[{"@type":"ListItem","position":1,"name":"In\u00edcio","item":"https:\/\/rioonwatch.org.br\/"},{"@type":"ListItem","position":2,"name":"Pe\u00e7a \u2018Pasmado\u2019 Recupera Mem\u00f3ria de uma Favela Esquecida, Removida de Botafogo na D\u00e9cada de 1960"}]},{"@type":"WebSite","@id":"https:\/\/rioonwatch.org.br\/#website","url":"https:\/\/rioonwatch.org.br\/","name":"RioOnWatch","description":"relatos das favelas cariocas","publisher":{"@id":"https:\/\/rioonwatch.org.br\/#organization"},"potentialAction":[{"@type":"SearchAction","target":{"@type":"EntryPoint","urlTemplate":"https:\/\/rioonwatch.org.br\/?s={search_term_string}"},"query-input":{"@type":"PropertyValueSpecification","valueRequired":true,"valueName":"search_term_string"}}],"inLanguage":"pt-BR"},{"@type":"Organization","@id":"https:\/\/rioonwatch.org.br\/#organization","name":"RioOnWatch","url":"https:\/\/rioonwatch.org.br\/","logo":{"@type":"ImageObject","inLanguage":"pt-BR","@id":"https:\/\/rioonwatch.org.br\/#\/schema\/logo\/image\/","url":"https:\/\/rioonwatch.org.br\/wp-content\/uploads\/2021\/06\/RioOnWatchcabecalhoPT11anos-2.png","contentUrl":"https:\/\/rioonwatch.org.br\/wp-content\/uploads\/2021\/06\/RioOnWatchcabecalhoPT11anos-2.png","width":779,"height":277,"caption":"RioOnWatch"},"image":{"@id":"https:\/\/rioonwatch.org.br\/#\/schema\/logo\/image\/"}},{"@type":"Person","@id":"https:\/\/rioonwatch.org.br\/#\/schema\/person\/f39670a93d63a870875a56e1a7f1beb9","name":"Nicholas MIller","image":{"@type":"ImageObject","inLanguage":"pt-BR","@id":"https:\/\/rioonwatch.org.br\/#\/schema\/person\/image\/","url":"https:\/\/secure.gravatar.com\/avatar\/529e4b3665bccb9118b26868a65ea52c?s=96&d=blank&r=g","contentUrl":"https:\/\/secure.gravatar.com\/avatar\/529e4b3665bccb9118b26868a65ea52c?s=96&d=blank&r=g","caption":"Nicholas MIller"},"url":"https:\/\/rioonwatch.org.br\/?author=183"}]}},"_links":{"self":[{"href":"https:\/\/rioonwatch.org.br\/index.php?rest_route=\/wp\/v2\/posts\/67171"}],"collection":[{"href":"https:\/\/rioonwatch.org.br\/index.php?rest_route=\/wp\/v2\/posts"}],"about":[{"href":"https:\/\/rioonwatch.org.br\/index.php?rest_route=\/wp\/v2\/types\/post"}],"author":[{"embeddable":true,"href":"https:\/\/rioonwatch.org.br\/index.php?rest_route=\/wp\/v2\/users\/183"}],"replies":[{"embeddable":true,"href":"https:\/\/rioonwatch.org.br\/index.php?rest_route=%2Fwp%2Fv2%2Fcomments&post=67171"}],"version-history":[{"count":14,"href":"https:\/\/rioonwatch.org.br\/index.php?rest_route=\/wp\/v2\/posts\/67171\/revisions"}],"predecessor-version":[{"id":67785,"href":"https:\/\/rioonwatch.org.br\/index.php?rest_route=\/wp\/v2\/posts\/67171\/revisions\/67785"}],"wp:featuredmedia":[{"embeddable":true,"href":"https:\/\/rioonwatch.org.br\/index.php?rest_route=\/wp\/v2\/media\/67172"}],"wp:attachment":[{"href":"https:\/\/rioonwatch.org.br\/index.php?rest_route=%2Fwp%2Fv2%2Fmedia&parent=67171"}],"wp:term":[{"taxonomy":"category","embeddable":true,"href":"https:\/\/rioonwatch.org.br\/index.php?rest_route=%2Fwp%2Fv2%2Fcategories&post=67171"},{"taxonomy":"post_tag","embeddable":true,"href":"https:\/\/rioonwatch.org.br\/index.php?rest_route=%2Fwp%2Fv2%2Ftags&post=67171"},{"taxonomy":"writer","embeddable":true,"href":"https:\/\/rioonwatch.org.br\/index.php?rest_route=%2Fwp%2Fv2%2Fwriter&post=67171"},{"taxonomy":"translator","embeddable":true,"href":"https:\/\/rioonwatch.org.br\/index.php?rest_route=%2Fwp%2Fv2%2Ftranslator&post=67171"},{"taxonomy":"source","embeddable":true,"href":"https:\/\/rioonwatch.org.br\/index.php?rest_route=%2Fwp%2Fv2%2Fsource&post=67171"},{"taxonomy":"ilustrador","embeddable":true,"href":"https:\/\/rioonwatch.org.br\/index.php?rest_route=%2Fwp%2Fv2%2Filustrador&post=67171"},{"taxonomy":"fotografo","embeddable":true,"href":"https:\/\/rioonwatch.org.br\/index.php?rest_route=%2Fwp%2Fv2%2Ffotografo&post=67171"}],"curies":[{"name":"wp","href":"https:\/\/api.w.org\/{rel}","templated":true}]}}