{"id":6753,"date":"2013-07-01T10:46:15","date_gmt":"2013-07-01T13:46:15","guid":{"rendered":"http:\/\/rioonwatch.org.br\/?p=6753"},"modified":"2015-08-14T19:20:35","modified_gmt":"2015-08-14T22:20:35","slug":"o-sistema-de-saude-e-a-importacao-de-medicos-no-brasil","status":"publish","type":"post","link":"https:\/\/rioonwatch.org.br\/?p=6753","title":{"rendered":"O Sistema de Sa\u00fade e a Importa\u00e7\u00e3o de M\u00e9dicos no Brasil"},"content":{"rendered":"<p>V\u00e1rios amigos pediram minha opini\u00e3o sobre a proposta de trazer <a href=\"http:\/\/abr.ai\/154dltR\" target=\"_blank\">m\u00e9dicos estrangeiros para atuar em regi\u00f5es do interior<\/a> do\u00a0pa\u00eds e em \u00e1reas de pobreza. \u00c9 um desses temas complexos onde a simplifica\u00e7\u00e3o \u00e9 sempre burra, e onde todos tem um pouco de raz\u00e3o e ningu\u00e9m est\u00e1 inteiramente certo. O que est\u00e1 inteiramente errado \u00e9 afirmar que esta \u00e9 a solu\u00e7\u00e3o para os problemas da sa\u00fade. Isso chega a ser uma piada de mau gosto.<\/p>\n<p>Ningu\u00e9m precisa ser especialista para perceber que 500 mil m\u00e9dicos cubanos ou noruegueses n\u00e3o v\u00e3o resolver o problema da p\u00e9ssima infra-estrutura, de hospitais caindo aos peda\u00e7os, equipamentos quebrados por falta de (contratos de!) manuten\u00e7\u00e3o, falta de medicamentos e insumos b\u00e1sicos, <a href=\"http:\/\/bit.ly\/14fIDNx\" target=\"_blank\">emerg\u00eancias superlotadas<\/a> e por a\u00ed vai. Existem muitos fatores para explicar tudo isso, mas o mais importante \u00e9 a m\u00e1 gest\u00e3o (incluindo a corrup\u00e7\u00e3o, mas n\u00e3o s\u00f3 ela) e a insufici\u00eancia de recursos. O primeiro \u00e9 mais s\u00e9rio&#8211;se o recurso que existe fosse bem gerido e aplicado honestamente, muitos destes problemas deixariam de existir.<\/p>\n<p><a href=\"http:\/\/bit.ly\/10qrzn9\" target=\"_blank\">\u00c9 dif\u00edcil levar m\u00e9dicos para os \u201cgrot\u00f5es\u201d?<\/a> Sim. <a href=\"http:\/\/bit.ly\/129AcAq\" target=\"_blank\">Mesmo com \u00f3timos sal\u00e1rios<\/a>, poucos se arriscam nessa aventura: podem ficar \u00e0 merc\u00ea de pol\u00edticos sujos nas prefeituras, os bons sal\u00e1rios atrasam por meses, as condi\u00e7\u00f5es de trabalho muitas vezes s\u00e3o p\u00e9ssimas, perde-se contato com colegas, \u00e9 dif\u00edcil se atualizar, n\u00e3o h\u00e1 como encaminhar ou resolver casos graves por falta de estrutura, e al\u00e9m disso, esses m\u00e9dicos formados nos grandes centros t\u00eam que enfrentar os problemas de uma vida no \u201cinterior\u201d \u2013 limita\u00e7\u00f5es culturais e sociais que nem todos os jovens est\u00e3o dispostos a enfrentar.<\/p>\n<p>OK, a solu\u00e7\u00e3o \u00e9 criar planos de carreira no <a href=\"http:\/\/bit.ly\/16FTn88\" target=\"_blank\">SUS<\/a>, investir em infra-estrutura, etc. Solu\u00e7\u00f5es a m\u00e9dio e longo prazo. Mas porque n\u00e3o trazer para o pa\u00eds m\u00e9dicos&#8211;contanto que tenham seus diplomas validados e sua per\u00edcia minimamente avaliada&#8211;que estejam dispostos a trabalhar por um tempo definido nestes locais onde \u00e9 t\u00e3o dif\u00edcil deslocar um profissional? A Alemanha est\u00e1 cheia de m\u00e9dicos gregos, Portugal tem muitos m\u00e9dicos cubanos e nas \u00e1reas mais remotas (e geladas) do Canad\u00e1 h\u00e1 brasileiros, argentinos e europeus. N\u00e3o \u00e9 um pecado em si \u201cimportar\u201d m\u00e9dicos, como grita o corporativismo da classe. Errado \u00e9 atribuir a esta medida um car\u00e1ter de panac\u00e9ia ou solu\u00e7\u00e3o m\u00e1gica para um sistema de sa\u00fade que&#8211;com todos os seus m\u00e9ritos, e s\u00e3o muitos&#8211;est\u00e1 atolado em problemas. Errado \u00e9 deixar \u00e1reas enormes do territ\u00f3rio sem nenhuma assist\u00eancia m\u00e9dica. Errado seria traz\u00ea-los sem nenhum tipo de avalia\u00e7\u00e3o ou valida\u00e7\u00e3o&#8211;mais que pecado, seria uma temeridade e uma irresponsabilidade.<\/p>\n<p><a href=\"http:\/\/rioonwatch.org.br\/?attachment_id=6883\" rel=\"attachment wp-att-6883\"><img fetchpriority=\"high\" decoding=\"async\" class=\"alignright\" title=\"Cartaz em manifesta\u00e7\u00e3o do dia 20 de junho\" src=\"http:\/\/rioonwatch.org.br\/wp-content\/uploads\/2013\/07\/saude.jpg\" alt=\"\" width=\"345\" height=\"260\" \/><\/a>E ali\u00e1s, por falar no assunto, a forma\u00e7\u00e3o do m\u00e9dico brasileiro&#8211;com muitas e boas exce\u00e7\u00f5es, \u00e9 claro&#8211;n\u00e3o se caracteriza exatamente pela excel\u00eancia. Al\u00e9m disso, a forma\u00e7\u00e3o nas melhores escolas m\u00e9dicas \u00e9 voltada para a medicina hospitalar, de alta complexidade, para a forma\u00e7\u00e3o de especialistas. Uma linha de montagem voltada, ali\u00e1s, para o mercado privado. Para o atendimento das necessidades de \u00e1reas pobres do interior, precisamos de m\u00e9dicos bem formados na chamada aten\u00e7\u00e3o primaria \u00e0 sa\u00fade, os chamados <a href=\"http:\/\/bit.ly\/13f7kvw\" target=\"_blank\">m\u00e9dicos de fam\u00edlia<\/a> ou generalistas. Essa \u00e9 uma pr\u00e1tica complexa, riqu\u00edssima, mais ampla que a medicina hospitalar na minha opini\u00e3o, e muitas vezes desprezada pelos doutos professores de faculdade como \u201cmedicina de pobre\u201d. Nada mais equivocado.<\/p>\n<p>Muito melhor que tudo isso seria implementar a proposta do servi\u00e7o civil para rec\u00e9m formados de faculdades p\u00fablicas de medicina. A grande maioria destes jovens&#8211;que vai \u00e0 faculdade em carros de luxo e estudou nas melhores escolas e cursos pr\u00e9-vestibular, e se forma a um custo de cerca de 700 mil reais&#8211;vai trabalhar no setor privado. Uma boa forma de devolver o magn\u00edfico presente que receberam da sociedade brasileira seria trabalhar por um ou dois anos como m\u00e9dicos de fam\u00edlia (ou atividade similar) nas \u00e1reas mais carentes de m\u00e9dicos. Tenho certeza de que a pr\u00f3pria presen\u00e7a deles acabaria desencadeando algum investimento em infra-estrutura, t\u00e3o necess\u00e1rio nestas localidades.<\/p>\n<p>Creio que num primeiro momento, eles e seus pais n\u00e3o ficariam muito felizes com essa proposta. Mas tenho certeza, por experi\u00eancia pr\u00f3pria, de que esses jovens voltariam pra casa transformados, mais maduros, mais experientes, conhecendo melhor o pa\u00eds e a sociedade em que vivem. Como diz o Chico: crescidos de cora\u00e7\u00e3o.<\/p>\n<p><em>Daniel Becker \u00e9 m\u00e9dico pediatra e consultor em sa\u00fade p\u00fablica. Daniel foi pediatra da organiza\u00e7\u00e3o M\u00e9dicos Sem Fronteiras em campos de refugiados na \u00c1sia e \u00e9 fundador do <a href=\"http:\/\/bit.ly\/16FStZb\">CEDAPS<\/a> &#8211; Centro de Promo\u00e7\u00e3o da Sa\u00fade \u2013 ONG com forte atua\u00e7\u00e3o social em comunidades populares. Curta a sua p\u00e1gina, <a href=\"http:\/\/on.fb.me\/14sW3pt\" target=\"_blank\">Pediatria Integral<\/a>\u00a0no Facebook.<\/em><\/p>\n<!-- AddThis Advanced Settings generic via filter on the_content --><!-- AddThis Share Buttons generic via filter on the_content -->","protected":false},"excerpt":{"rendered":"<div class=\"mh-excerpt\"><p>V\u00e1rios amigos pediram minha opini\u00e3o sobre a proposta de trazer m\u00e9dicos estrangeiros para atuar em regi\u00f5es do interior do\u00a0pa\u00eds e em \u00e1reas de pobreza. \u00c9 um desses temas complexos onde a simplifica\u00e7\u00e3o \u00e9 sempre burra, <a class=\"mh-excerpt-more\" href=\"https:\/\/rioonwatch.org.br\/?p=6753\" title=\"O Sistema de Sa\u00fade e a Importa\u00e7\u00e3o de M\u00e9dicos no Brasil\">[&#8230;]<\/a><!-- AddThis Advanced Settings generic via filter on get_the_excerpt --><!-- AddThis Share Buttons generic via filter on get_the_excerpt --><\/p>\n<\/div>","protected":false},"author":129,"featured_media":6892,"comment_status":"closed","ping_status":"closed","sticky":false,"template":"","format":"standard","meta":{"_acf_changed":false,"_monsterinsights_skip_tracking":false,"_monsterinsights_sitenote_active":false,"_monsterinsights_sitenote_note":"","_monsterinsights_sitenote_category":0,"footnotes":""},"categories":[1630,344,342],"tags":[783,307,294,782],"writer":[781],"translator":[],"source":[],"ilustrador":[],"fotografo":[],"class_list":{"0":"post-6753","1":"post","2":"type-post","3":"status-publish","4":"format-standard","5":"has-post-thumbnail","7":"category-opiniao","8":"category-politicas","9":"category-solucoes","10":"tag-medicina-hospitalar","11":"tag-opiniao","12":"tag-saude","13":"tag-sus","14":"writer-daniel-becker"},"acf":[],"yoast_head":"<!-- This site is optimized with the Yoast SEO plugin v25.6 - https:\/\/yoast.com\/wordpress\/plugins\/seo\/ -->\n<title>O Sistema de Sa\u00fade e a Importa\u00e7\u00e3o de M\u00e9dicos no Brasil - RioOnWatch<\/title>\n<meta name=\"robots\" content=\"index, follow, max-snippet:-1, max-image-preview:large, max-video-preview:-1\" \/>\n<link rel=\"canonical\" href=\"https:\/\/rioonwatch.org.br\/?p=6753\" \/>\n<meta property=\"og:locale\" content=\"pt_BR\" \/>\n<meta property=\"og:type\" content=\"article\" \/>\n<meta property=\"og:title\" content=\"O Sistema de Sa\u00fade e a Importa\u00e7\u00e3o de M\u00e9dicos no Brasil - RioOnWatch\" \/>\n<meta property=\"og:description\" content=\"V\u00e1rios amigos pediram minha opini\u00e3o sobre a proposta de trazer m\u00e9dicos estrangeiros para atuar em regi\u00f5es do interior do\u00a0pa\u00eds e em \u00e1reas de pobreza. \u00c9 um desses temas complexos onde a simplifica\u00e7\u00e3o \u00e9 sempre burra, [...]\" \/>\n<meta property=\"og:url\" content=\"https:\/\/rioonwatch.org.br\/?p=6753\" \/>\n<meta property=\"og:site_name\" content=\"RioOnWatch\" \/>\n<meta property=\"article:published_time\" content=\"2013-07-01T13:46:15+00:00\" \/>\n<meta property=\"article:modified_time\" content=\"2015-08-14T22:20:35+00:00\" \/>\n<meta property=\"og:image\" content=\"https:\/\/rioonwatch.org.br\/wp-content\/uploads\/2013\/07\/capa.jpg\" \/>\n\t<meta property=\"og:image:width\" content=\"300\" \/>\n\t<meta property=\"og:image:height\" content=\"213\" \/>\n\t<meta property=\"og:image:type\" content=\"image\/jpeg\" \/>\n<meta name=\"author\" content=\"Admin\" \/>\n<meta name=\"twitter:card\" content=\"summary_large_image\" \/>\n<meta name=\"twitter:label1\" content=\"Escrito por\" \/>\n\t<meta name=\"twitter:data1\" content=\"Admin\" \/>\n\t<meta name=\"twitter:label2\" content=\"Est. tempo de leitura\" \/>\n\t<meta name=\"twitter:data2\" content=\"4 minutos\" \/>\n<script type=\"application\/ld+json\" class=\"yoast-schema-graph\">{\"@context\":\"https:\/\/schema.org\",\"@graph\":[{\"@type\":\"Article\",\"@id\":\"https:\/\/rioonwatch.org.br\/?p=6753#article\",\"isPartOf\":{\"@id\":\"https:\/\/rioonwatch.org.br\/?p=6753\"},\"author\":{\"name\":\"Admin\",\"@id\":\"https:\/\/rioonwatch.org.br\/#\/schema\/person\/11d64c290506f9df50c71b850c473f68\"},\"headline\":\"O Sistema de Sa\u00fade e a Importa\u00e7\u00e3o de M\u00e9dicos no Brasil\",\"datePublished\":\"2013-07-01T13:46:15+00:00\",\"dateModified\":\"2015-08-14T22:20:35+00:00\",\"mainEntityOfPage\":{\"@id\":\"https:\/\/rioonwatch.org.br\/?p=6753\"},\"wordCount\":838,\"publisher\":{\"@id\":\"https:\/\/rioonwatch.org.br\/#organization\"},\"image\":{\"@id\":\"https:\/\/rioonwatch.org.br\/?p=6753#primaryimage\"},\"thumbnailUrl\":\"https:\/\/rioonwatch.org.br\/wp-content\/uploads\/2013\/07\/capa.jpg\",\"keywords\":[\"medicina hospitalar\",\"opini\u00e3o\",\"sa\u00fade\",\"SUS\"],\"articleSection\":[\"Opini\u00e3o\",\"Pol\u00edticas\",\"Solu\u00e7\u00f5es\"],\"inLanguage\":\"pt-BR\"},{\"@type\":\"WebPage\",\"@id\":\"https:\/\/rioonwatch.org.br\/?p=6753\",\"url\":\"https:\/\/rioonwatch.org.br\/?p=6753\",\"name\":\"O Sistema de Sa\u00fade e a Importa\u00e7\u00e3o de M\u00e9dicos no Brasil - RioOnWatch\",\"isPartOf\":{\"@id\":\"https:\/\/rioonwatch.org.br\/#website\"},\"primaryImageOfPage\":{\"@id\":\"https:\/\/rioonwatch.org.br\/?p=6753#primaryimage\"},\"image\":{\"@id\":\"https:\/\/rioonwatch.org.br\/?p=6753#primaryimage\"},\"thumbnailUrl\":\"https:\/\/rioonwatch.org.br\/wp-content\/uploads\/2013\/07\/capa.jpg\",\"datePublished\":\"2013-07-01T13:46:15+00:00\",\"dateModified\":\"2015-08-14T22:20:35+00:00\",\"breadcrumb\":{\"@id\":\"https:\/\/rioonwatch.org.br\/?p=6753#breadcrumb\"},\"inLanguage\":\"pt-BR\",\"potentialAction\":[{\"@type\":\"ReadAction\",\"target\":[\"https:\/\/rioonwatch.org.br\/?p=6753\"]}]},{\"@type\":\"ImageObject\",\"inLanguage\":\"pt-BR\",\"@id\":\"https:\/\/rioonwatch.org.br\/?p=6753#primaryimage\",\"url\":\"https:\/\/rioonwatch.org.br\/wp-content\/uploads\/2013\/07\/capa.jpg\",\"contentUrl\":\"https:\/\/rioonwatch.org.br\/wp-content\/uploads\/2013\/07\/capa.jpg\",\"width\":300,\"height\":213},{\"@type\":\"BreadcrumbList\",\"@id\":\"https:\/\/rioonwatch.org.br\/?p=6753#breadcrumb\",\"itemListElement\":[{\"@type\":\"ListItem\",\"position\":1,\"name\":\"In\u00edcio\",\"item\":\"https:\/\/rioonwatch.org.br\/\"},{\"@type\":\"ListItem\",\"position\":2,\"name\":\"O Sistema de Sa\u00fade e a Importa\u00e7\u00e3o de M\u00e9dicos no Brasil\"}]},{\"@type\":\"WebSite\",\"@id\":\"https:\/\/rioonwatch.org.br\/#website\",\"url\":\"https:\/\/rioonwatch.org.br\/\",\"name\":\"RioOnWatch\",\"description\":\"relatos das favelas cariocas\",\"publisher\":{\"@id\":\"https:\/\/rioonwatch.org.br\/#organization\"},\"potentialAction\":[{\"@type\":\"SearchAction\",\"target\":{\"@type\":\"EntryPoint\",\"urlTemplate\":\"https:\/\/rioonwatch.org.br\/?s={search_term_string}\"},\"query-input\":{\"@type\":\"PropertyValueSpecification\",\"valueRequired\":true,\"valueName\":\"search_term_string\"}}],\"inLanguage\":\"pt-BR\"},{\"@type\":\"Organization\",\"@id\":\"https:\/\/rioonwatch.org.br\/#organization\",\"name\":\"RioOnWatch\",\"url\":\"https:\/\/rioonwatch.org.br\/\",\"logo\":{\"@type\":\"ImageObject\",\"inLanguage\":\"pt-BR\",\"@id\":\"https:\/\/rioonwatch.org.br\/#\/schema\/logo\/image\/\",\"url\":\"https:\/\/rioonwatch.org.br\/wp-content\/uploads\/2021\/06\/RioOnWatchcabecalhoPT11anos-2.png\",\"contentUrl\":\"https:\/\/rioonwatch.org.br\/wp-content\/uploads\/2021\/06\/RioOnWatchcabecalhoPT11anos-2.png\",\"width\":779,\"height\":277,\"caption\":\"RioOnWatch\"},\"image\":{\"@id\":\"https:\/\/rioonwatch.org.br\/#\/schema\/logo\/image\/\"}},{\"@type\":\"Person\",\"@id\":\"https:\/\/rioonwatch.org.br\/#\/schema\/person\/11d64c290506f9df50c71b850c473f68\",\"name\":\"Admin\",\"image\":{\"@type\":\"ImageObject\",\"inLanguage\":\"pt-BR\",\"@id\":\"https:\/\/rioonwatch.org.br\/#\/schema\/person\/image\/\",\"url\":\"https:\/\/secure.gravatar.com\/avatar\/56211ac74568383903349a1485e3c325?s=96&d=blank&r=g\",\"contentUrl\":\"https:\/\/secure.gravatar.com\/avatar\/56211ac74568383903349a1485e3c325?s=96&d=blank&r=g\",\"caption\":\"Admin\"},\"url\":\"https:\/\/rioonwatch.org.br\/?author=129\"}]}<\/script>\n<!-- \/ Yoast SEO plugin. -->","yoast_head_json":{"title":"O Sistema de Sa\u00fade e a Importa\u00e7\u00e3o de M\u00e9dicos no Brasil - RioOnWatch","robots":{"index":"index","follow":"follow","max-snippet":"max-snippet:-1","max-image-preview":"max-image-preview:large","max-video-preview":"max-video-preview:-1"},"canonical":"https:\/\/rioonwatch.org.br\/?p=6753","og_locale":"pt_BR","og_type":"article","og_title":"O Sistema de Sa\u00fade e a Importa\u00e7\u00e3o de M\u00e9dicos no Brasil - RioOnWatch","og_description":"V\u00e1rios amigos pediram minha opini\u00e3o sobre a proposta de trazer m\u00e9dicos estrangeiros para atuar em regi\u00f5es do interior do\u00a0pa\u00eds e em \u00e1reas de pobreza. \u00c9 um desses temas complexos onde a simplifica\u00e7\u00e3o \u00e9 sempre burra, [...]","og_url":"https:\/\/rioonwatch.org.br\/?p=6753","og_site_name":"RioOnWatch","article_published_time":"2013-07-01T13:46:15+00:00","article_modified_time":"2015-08-14T22:20:35+00:00","og_image":[{"width":300,"height":213,"url":"https:\/\/rioonwatch.org.br\/wp-content\/uploads\/2013\/07\/capa.jpg","type":"image\/jpeg"}],"author":"Admin","twitter_card":"summary_large_image","twitter_misc":{"Escrito por":"Admin","Est. tempo de leitura":"4 minutos"},"schema":{"@context":"https:\/\/schema.org","@graph":[{"@type":"Article","@id":"https:\/\/rioonwatch.org.br\/?p=6753#article","isPartOf":{"@id":"https:\/\/rioonwatch.org.br\/?p=6753"},"author":{"name":"Admin","@id":"https:\/\/rioonwatch.org.br\/#\/schema\/person\/11d64c290506f9df50c71b850c473f68"},"headline":"O Sistema de Sa\u00fade e a Importa\u00e7\u00e3o de M\u00e9dicos no Brasil","datePublished":"2013-07-01T13:46:15+00:00","dateModified":"2015-08-14T22:20:35+00:00","mainEntityOfPage":{"@id":"https:\/\/rioonwatch.org.br\/?p=6753"},"wordCount":838,"publisher":{"@id":"https:\/\/rioonwatch.org.br\/#organization"},"image":{"@id":"https:\/\/rioonwatch.org.br\/?p=6753#primaryimage"},"thumbnailUrl":"https:\/\/rioonwatch.org.br\/wp-content\/uploads\/2013\/07\/capa.jpg","keywords":["medicina hospitalar","opini\u00e3o","sa\u00fade","SUS"],"articleSection":["Opini\u00e3o","Pol\u00edticas","Solu\u00e7\u00f5es"],"inLanguage":"pt-BR"},{"@type":"WebPage","@id":"https:\/\/rioonwatch.org.br\/?p=6753","url":"https:\/\/rioonwatch.org.br\/?p=6753","name":"O Sistema de Sa\u00fade e a Importa\u00e7\u00e3o de M\u00e9dicos no Brasil - RioOnWatch","isPartOf":{"@id":"https:\/\/rioonwatch.org.br\/#website"},"primaryImageOfPage":{"@id":"https:\/\/rioonwatch.org.br\/?p=6753#primaryimage"},"image":{"@id":"https:\/\/rioonwatch.org.br\/?p=6753#primaryimage"},"thumbnailUrl":"https:\/\/rioonwatch.org.br\/wp-content\/uploads\/2013\/07\/capa.jpg","datePublished":"2013-07-01T13:46:15+00:00","dateModified":"2015-08-14T22:20:35+00:00","breadcrumb":{"@id":"https:\/\/rioonwatch.org.br\/?p=6753#breadcrumb"},"inLanguage":"pt-BR","potentialAction":[{"@type":"ReadAction","target":["https:\/\/rioonwatch.org.br\/?p=6753"]}]},{"@type":"ImageObject","inLanguage":"pt-BR","@id":"https:\/\/rioonwatch.org.br\/?p=6753#primaryimage","url":"https:\/\/rioonwatch.org.br\/wp-content\/uploads\/2013\/07\/capa.jpg","contentUrl":"https:\/\/rioonwatch.org.br\/wp-content\/uploads\/2013\/07\/capa.jpg","width":300,"height":213},{"@type":"BreadcrumbList","@id":"https:\/\/rioonwatch.org.br\/?p=6753#breadcrumb","itemListElement":[{"@type":"ListItem","position":1,"name":"In\u00edcio","item":"https:\/\/rioonwatch.org.br\/"},{"@type":"ListItem","position":2,"name":"O Sistema de Sa\u00fade e a Importa\u00e7\u00e3o de M\u00e9dicos no Brasil"}]},{"@type":"WebSite","@id":"https:\/\/rioonwatch.org.br\/#website","url":"https:\/\/rioonwatch.org.br\/","name":"RioOnWatch","description":"relatos das favelas cariocas","publisher":{"@id":"https:\/\/rioonwatch.org.br\/#organization"},"potentialAction":[{"@type":"SearchAction","target":{"@type":"EntryPoint","urlTemplate":"https:\/\/rioonwatch.org.br\/?s={search_term_string}"},"query-input":{"@type":"PropertyValueSpecification","valueRequired":true,"valueName":"search_term_string"}}],"inLanguage":"pt-BR"},{"@type":"Organization","@id":"https:\/\/rioonwatch.org.br\/#organization","name":"RioOnWatch","url":"https:\/\/rioonwatch.org.br\/","logo":{"@type":"ImageObject","inLanguage":"pt-BR","@id":"https:\/\/rioonwatch.org.br\/#\/schema\/logo\/image\/","url":"https:\/\/rioonwatch.org.br\/wp-content\/uploads\/2021\/06\/RioOnWatchcabecalhoPT11anos-2.png","contentUrl":"https:\/\/rioonwatch.org.br\/wp-content\/uploads\/2021\/06\/RioOnWatchcabecalhoPT11anos-2.png","width":779,"height":277,"caption":"RioOnWatch"},"image":{"@id":"https:\/\/rioonwatch.org.br\/#\/schema\/logo\/image\/"}},{"@type":"Person","@id":"https:\/\/rioonwatch.org.br\/#\/schema\/person\/11d64c290506f9df50c71b850c473f68","name":"Admin","image":{"@type":"ImageObject","inLanguage":"pt-BR","@id":"https:\/\/rioonwatch.org.br\/#\/schema\/person\/image\/","url":"https:\/\/secure.gravatar.com\/avatar\/56211ac74568383903349a1485e3c325?s=96&d=blank&r=g","contentUrl":"https:\/\/secure.gravatar.com\/avatar\/56211ac74568383903349a1485e3c325?s=96&d=blank&r=g","caption":"Admin"},"url":"https:\/\/rioonwatch.org.br\/?author=129"}]}},"_links":{"self":[{"href":"https:\/\/rioonwatch.org.br\/index.php?rest_route=\/wp\/v2\/posts\/6753"}],"collection":[{"href":"https:\/\/rioonwatch.org.br\/index.php?rest_route=\/wp\/v2\/posts"}],"about":[{"href":"https:\/\/rioonwatch.org.br\/index.php?rest_route=\/wp\/v2\/types\/post"}],"author":[{"embeddable":true,"href":"https:\/\/rioonwatch.org.br\/index.php?rest_route=\/wp\/v2\/users\/129"}],"replies":[{"embeddable":true,"href":"https:\/\/rioonwatch.org.br\/index.php?rest_route=%2Fwp%2Fv2%2Fcomments&post=6753"}],"version-history":[{"count":37,"href":"https:\/\/rioonwatch.org.br\/index.php?rest_route=\/wp\/v2\/posts\/6753\/revisions"}],"predecessor-version":[{"id":15599,"href":"https:\/\/rioonwatch.org.br\/index.php?rest_route=\/wp\/v2\/posts\/6753\/revisions\/15599"}],"wp:featuredmedia":[{"embeddable":true,"href":"https:\/\/rioonwatch.org.br\/index.php?rest_route=\/wp\/v2\/media\/6892"}],"wp:attachment":[{"href":"https:\/\/rioonwatch.org.br\/index.php?rest_route=%2Fwp%2Fv2%2Fmedia&parent=6753"}],"wp:term":[{"taxonomy":"category","embeddable":true,"href":"https:\/\/rioonwatch.org.br\/index.php?rest_route=%2Fwp%2Fv2%2Fcategories&post=6753"},{"taxonomy":"post_tag","embeddable":true,"href":"https:\/\/rioonwatch.org.br\/index.php?rest_route=%2Fwp%2Fv2%2Ftags&post=6753"},{"taxonomy":"writer","embeddable":true,"href":"https:\/\/rioonwatch.org.br\/index.php?rest_route=%2Fwp%2Fv2%2Fwriter&post=6753"},{"taxonomy":"translator","embeddable":true,"href":"https:\/\/rioonwatch.org.br\/index.php?rest_route=%2Fwp%2Fv2%2Ftranslator&post=6753"},{"taxonomy":"source","embeddable":true,"href":"https:\/\/rioonwatch.org.br\/index.php?rest_route=%2Fwp%2Fv2%2Fsource&post=6753"},{"taxonomy":"ilustrador","embeddable":true,"href":"https:\/\/rioonwatch.org.br\/index.php?rest_route=%2Fwp%2Fv2%2Filustrador&post=6753"},{"taxonomy":"fotografo","embeddable":true,"href":"https:\/\/rioonwatch.org.br\/index.php?rest_route=%2Fwp%2Fv2%2Ffotografo&post=6753"}],"curies":[{"name":"wp","href":"https:\/\/api.w.org\/{rel}","templated":true}]}}