{"id":67844,"date":"2023-05-13T06:00:23","date_gmt":"2023-05-13T09:00:23","guid":{"rendered":"https:\/\/rioonwatch.org.br\/?p=67844"},"modified":"2023-07-31T12:07:46","modified_gmt":"2023-07-31T15:07:46","slug":"quilombo-dos-palmares-resistencia-viva-video","status":"publish","type":"post","link":"https:\/\/rioonwatch.org.br\/?p=67844","title":{"rendered":"Quilombo dos Palmares: Resist\u00eancia Viva [V\u00cdDEO]"},"content":{"rendered":"<h4><iframe title=\"YouTube video player\" src=\"https:\/\/www.youtube.com\/embed\/LUpOmDfK5lM\" width=\"1030\" height=\"563\" frameborder=\"0\" allowfullscreen=\"allowfullscreen\"><span data-mce-type=\"bookmark\" style=\"display: inline-block; width: 0px; overflow: hidden; line-height: 0;\" class=\"mce_SELRES_start\">\ufeff<\/span><\/iframe><\/h4>\n<h4 style=\"text-align: right;\"><a href=\"https:\/\/bit.ly\/3OrJNTG\" target=\"_blank\" rel=\"noopener\"><em><strong>Click Here for English<\/strong><\/em><\/a><a href=\"https:\/\/bit.ly\/3OrJNTG\"><img decoding=\"async\" class=\"alignright wp-image-15790\" src=\"https:\/\/rioonwatch.org.br\/wp-content\/uploads\/2012\/08\/EN-standard-e1439583104716.jpg\" alt=\"\" width=\"20\" height=\"20\" \/><\/a><\/h4>\n<h4><a href=\"https:\/\/bit.ly\/QuilomboPalmaresVideo\" target=\"_blank\" rel=\"noopener\">Esta videorreportagem<\/a> mostra o <a href=\"https:\/\/bit.ly\/2AbX1N1\" target=\"_blank\" rel=\"noopener\">Quilombo dos Palmares<\/a> (1605-1695), maior s\u00edmbolo da resist\u00eancia negra na hist\u00f3ria brasileira, e sua import\u00e2ncia para a <a href=\"https:\/\/bit.ly\/2Zy4jbV\" target=\"_blank\" rel=\"noopener\">representatividade<\/a>\u00a0do povo negro brasileiro, <a href=\"https:\/\/bit.ly\/DNAnoROW\" target=\"_blank\" rel=\"noopener\">negado o conhecimento<\/a> de suas ra\u00edzes. O <a href=\"https:\/\/bit.ly\/42FdFjL\" target=\"_blank\" rel=\"noopener\">Parque Memorial Quilombo dos Palmares<\/a> deve ser visitado e conhecido em qualquer \u00e9poca do ano, mas, sobretudo neste <a href=\"https:\/\/bit.ly\/3psjNgO\" target=\"_blank\" rel=\"noopener\">135\u00b0 anivers\u00e1rio do Dia da Aboli\u00e7\u00e3o da Escravatura<\/a>, marco que, historicamente, invisibiliza s\u00e9culos de luta do povo negro, em prol de uma princesa-regente. Em 13 de maio de 1888, ap\u00f3s 388 anos de escravid\u00e3o negra e de resist\u00eancia contra este regime servil, africanos e afro-brasileiros conquistaram sua liberdade formal.<\/h4>\n<p>Neste 13 de maio de 2023, \u00e9 preciso reafirmar que <a href=\"https:\/\/bit.ly\/3VRp3a3\" target=\"_blank\" rel=\"noopener\">n\u00e3o foi a Princesa Isabel<\/a>, foram Palmares e suas sementes que aboliram a escravid\u00e3o no Brasil. Mesmo depois da proclama\u00e7\u00e3o da <a href=\"https:\/\/bit.ly\/1Ojhb85\" target=\"_blank\" rel=\"noopener\">Lei \u00c1urea<\/a>, o <a href=\"https:\/\/bit.ly\/3JUDW48\" target=\"_blank\" rel=\"noopener\">racismo estrutural<\/a>, a nega\u00e7\u00e3o do <a href=\"https:\/\/bit.ly\/2wXAliv\" target=\"_blank\" rel=\"noopener\">direito \u00e0 moradia<\/a>, ao trabalho digno, a uma <a href=\"https:\/\/bit.ly\/3eC1pYX\" target=\"_blank\" rel=\"noopener\">renda adequada<\/a>, \u00e0 <a href=\"https:\/\/bit.ly\/31UTy7s\" target=\"_blank\" rel=\"noopener\">justi\u00e7a ambiental e clim\u00e1tica<\/a> e etc., fizeram com que os quilombos continuassem a ser espa\u00e7os necess\u00e1rios para a popula\u00e7\u00e3o negra. Hoje, <a href=\"https:\/\/bit.ly\/42g3dj3\" target=\"_blank\" rel=\"noopener\">a favela \u00e9 o quilombo contempor\u00e2neo<\/a>, espa\u00e7o primordial de liberdade n\u00e3o-mediada pelo Estado para o povo negro, territ\u00f3rio de realiza\u00e7\u00e3o do direito \u00e0 vida, da auto-organiza\u00e7\u00e3o dos moradores frente \u00e0 necessidade deixada pela neglig\u00eancia estatal, local de efervesc\u00eancia cultural e de popula\u00e7\u00e3o predominantemente negra. \u00c9 fundamental olhar Palmares a partir dos olhos da favela. Segundo o povo <a href=\"https:\/\/bit.ly\/3oFnwUJ\" target=\"_blank\" rel=\"noopener\">Akan<\/a>, da atual Gana, n\u00e3o \u00e9 tabu voltar e recuperar o que se deixou\u00a0para tr\u00e1s. Logo, ir \u00e0 Palmares em 2023, \u00e9 <a href=\"https:\/\/bit.ly\/38DzS7p\" target=\"_blank\" rel=\"noopener\">Sankofa<\/a>: \u201cSan\u201d (voltar, retornar), \u201cKo\u201d (ir) e \u201cFa\u201d (olhar, buscar, pegar).<\/p>\n<figure id=\"attachment_67899\" aria-describedby=\"caption-attachment-67899\" style=\"width: 1024px\" class=\"wp-caption aligncenter\"><a href=\"https:\/\/rioonwatch.org.br\/wp-content\/uploads\/2023\/05\/Visao-panoramica-do-Parque-Memorial-Quilombo-dos-Palmares-nos-dias-de-hoje.-Foto-Divulgacao.jpg\"><img fetchpriority=\"high\" decoding=\"async\" class=\"size-full wp-image-67899\" src=\"https:\/\/rioonwatch.org.br\/wp-content\/uploads\/2023\/05\/Visao-panoramica-do-Parque-Memorial-Quilombo-dos-Palmares-nos-dias-de-hoje.-Foto-Divulgacao.jpg\" alt=\"Vis\u00e3o panor\u00e2mica do Parque Memorial Quilombo dos Palmares nos dias de hoje. Foto: Divulga\u00e7\u00e3o\" width=\"1024\" height=\"280\" srcset=\"https:\/\/rioonwatch.org.br\/wp-content\/uploads\/2023\/05\/Visao-panoramica-do-Parque-Memorial-Quilombo-dos-Palmares-nos-dias-de-hoje.-Foto-Divulgacao.jpg 1024w, https:\/\/rioonwatch.org.br\/wp-content\/uploads\/2023\/05\/Visao-panoramica-do-Parque-Memorial-Quilombo-dos-Palmares-nos-dias-de-hoje.-Foto-Divulgacao-620x170.jpg 620w\" sizes=\"(max-width: 1024px) 100vw, 1024px\" \/><\/a><figcaption id=\"caption-attachment-67899\" class=\"wp-caption-text\">Vis\u00e3o panor\u00e2mica do Parque Memorial Quilombo dos Palmares nos dias de hoje. Foto: Divulga\u00e7\u00e3o<\/figcaption><\/figure>\n<p><span style=\"font-weight: 400;\">Muita gente n\u00e3o sabe, mas, onde foi o epicentro do Quilombo dos Palmares, existe hoje um memorial \u00e0 luta dos africanos e dos afro-brasileiros. Sempre foi um sonho poder estar naquele local, enquanto mulher preta, perif\u00e9rica e cria da <a href=\"https:\/\/bit.ly\/32JVvht\" target=\"_blank\" rel=\"noopener\">Baixada Fluminense<\/a>. Senti uma necessidade de estar l\u00e1 e conhecer esse territ\u00f3rio ancestral. Como uma africana em <a href=\"https:\/\/bit.ly\/3o2XsAE\" target=\"_blank\" rel=\"noopener\">di\u00e1spora<\/a>, eu n\u00e3o sei de que parte de <a href=\"https:\/\/bit.ly\/2CDzDNX\" target=\"_blank\" rel=\"noopener\">\u00c1frica<\/a> meus antepassados foram sequestrados, mas eu sabia que, em <a href=\"https:\/\/bit.ly\/3pmoqsJ\" target=\"_blank\" rel=\"noopener\">Alagoas,<\/a> na <a href=\"https:\/\/bit.ly\/3nzkmoO\" target=\"_blank\" rel=\"noopener\">Regi\u00e3o Nordeste<\/a>, eu poderia ao menos iniciar a minha reconex\u00e3o com minha <a href=\"https:\/\/bit.ly\/3JGIGet\" target=\"_blank\" rel=\"noopener\">ancestralidade<\/a>.<\/span><\/p>\n<p>No meu \u00faltimo anivers\u00e1rio, decidi realizar esse desejo e conhecer o Quilombo dos Palmares. Sa\u00ed da periferia do Rio de Janeiro para <a href=\"https:\/\/bit.ly\/3M57EY4\" target=\"_blank\" rel=\"noopener\">Macei\u00f3<\/a>, capital do estado de Alagoas, e de l\u00e1 encarei cerca de uma hora e meia de estrada at\u00e9 a\u00a0<a href=\"https:\/\/bit.ly\/3VGQnYs\" target=\"_blank\" rel=\"noopener\">Serra da Barriga<\/a>, na cidade de Uni\u00e3o dos Palmares,\u00a0no mesmo estado. Durante todo o passeio no s\u00edtio de Palmares, contei com <a href=\"https:\/\/bit.ly\/3pmrDZx\" target=\"_blank\" rel=\"noopener\">Thais Patr\u00edcia Paulino da Silva<\/a>, mais conhecida no Dandara Thais, uma guia afroind\u00edgena de turismo comunit\u00e1rio, nascida e criada na regi\u00e3o. De t\u00e3o conhecedora da Serra, ficou conhecida pelo apelido de <a href=\"https:\/\/bit.ly\/2AXdkjJ\" target=\"_blank\" rel=\"noopener\">Dandara<\/a>, nome de uma grande hero\u00edna negra palmarina, esposa de <a title=\"\" href=\"https:\/\/bit.ly\/3NVn8j0\" target=\"_blank\" rel=\"noopener\">Zumbi dos Palmares<\/a>.<\/p>\n<p><span style=\"font-weight: 400;\">Primeiramente, fui aos dois museus que ficam dentro da Universidade Federal de Alagoas (<a href=\"https:\/\/bit.ly\/3O62uNd\" target=\"_blank\" rel=\"noopener\">UFAL<\/a>). L\u00e1 conheci artes locais, feitas por descendentes do <a href=\"https:\/\/bit.ly\/3NOnrvL\" target=\"_blank\" rel=\"noopener\">Quilombo do Muqu\u00e9m<\/a>, uma das comunidades remanescentes de quilombolas certificadas pela <a href=\"https:\/\/bit.ly\/3NPrxDW\" target=\"_blank\" rel=\"noopener\">Funda\u00e7\u00e3o Cultural Palmares<\/a> em Alagoas. <\/span><span style=\"font-weight: 400;\">Depois, subi a Serra da Barriga, onde foi o epicentro do Quilombo dos Palmares no s\u00e9culo XVII, orientada por Dandara. Ao chegar no s\u00edtio arqueol\u00f3gico, Dandara saudou nossos ancestrais e come\u00e7ou a contar um pouco mais de nossa hist\u00f3ria.<\/span><\/p>\n<p><span style=\"font-weight: 400;\">Estar ali \u00e9 indescrit\u00edvel. Muitas vezes o choro escorreu dos olhos. \u00c9 muita emo\u00e7\u00e3o saber de onde viemos, pois sim, acredito que parte de mim veio dali. <\/span><span style=\"font-weight: 400;\">Ap\u00f3s visitar o quilombo, seguimos para o Muqu\u00e9m para visitar os artes\u00e3os. As pe\u00e7as custam a partir de R$10. <\/span><span style=\"font-weight: 400;\">Se voc\u00ea tiver a oportunidade, visite e se informe mais sobre o Quilombo dos Palmares. N\u00e3o se trata apenas de uma parte da hist\u00f3ria <a href=\"https:\/\/bit.ly\/1ruUDso\" target=\"_blank\" rel=\"noopener\">afro-brasileira<\/a>, mas tamb\u00e9m de um peda\u00e7o importante das hist\u00f3rias de todos os brasileiros.\u00a0<\/span><\/p>\n<h3>Assista \u00e0 <a href=\"https:\/\/bit.ly\/QuilomboPalmaresVideo\" target=\"_blank\" rel=\"noopener\">Videorreportagem Aqui<\/a>.<\/h3>\n<p><a href=\"https:\/\/rioonwatch.org.br\/wp-content\/uploads\/2023\/05\/Parque-Memorial-Quilombo-dos-Palmares.png\"><img decoding=\"async\" class=\"alignright size-full wp-image-68082\" src=\"https:\/\/rioonwatch.org.br\/wp-content\/uploads\/2023\/05\/Parque-Memorial-Quilombo-dos-Palmares.png\" alt=\"\" width=\"1495\" height=\"1039\" srcset=\"https:\/\/rioonwatch.org.br\/wp-content\/uploads\/2023\/05\/Parque-Memorial-Quilombo-dos-Palmares.png 1495w, https:\/\/rioonwatch.org.br\/wp-content\/uploads\/2023\/05\/Parque-Memorial-Quilombo-dos-Palmares-620x431.png 620w, https:\/\/rioonwatch.org.br\/wp-content\/uploads\/2023\/05\/Parque-Memorial-Quilombo-dos-Palmares-905x629.png 905w\" sizes=\"(max-width: 1495px) 100vw, 1495px\" \/><\/a><\/p>\n<p><em>Sobre a autora: T\u00e1ssia di Carvalho \u00e9 graduada em Jornalismo e Publicidade e Propaganda e atua nas \u00e1reas de empreendedorismo, impacto social e igualdade racial. Em 2016, criou a <a href=\"https:\/\/bit.ly\/3HLHRm3\" target=\"_blank\" rel=\"noopener\">Ag\u00eancia Is<\/a>\u00a0assim que saiu do Jornal <a href=\"https:\/\/bit.ly\/2HrgIou\" target=\"_blank\" rel=\"noopener\">O Dia<\/a>, onde era colunista e rep\u00f3rter, cobrindo o lado positivo de favelas e periferias.<\/em><\/p>\n<p><em>Sobre o editor de v\u00eddeo: Raphael Kepler, cria de <a href=\"https:\/\/bit.ly\/34duS6Y\" target=\"_blank\" rel=\"noopener\">Madureira<\/a>, \u00e9 editor de v\u00eddeo e podcast, m\u00fasico e produtor musical. Atualmente, Raphael trabalha com ag\u00eancias na parte de edi\u00e7\u00e3o e com artistas independentes na produ\u00e7\u00e3o musical completa.<\/em><\/p>\n<hr \/>\n<h4><b data-stringify-type=\"bold\">Apoie nossos esfor\u00e7os para fornecer apoio estrat\u00e9gico \u00e0s favelas do Rio, incluindo o jornalismo hiperlocal, cr\u00edtico, inovador e incans\u00e1vel do\u00a0<\/b><b data-stringify-type=\"bold\"><i data-stringify-type=\"italic\">RioOnWatch<\/i><\/b>\u2014<a class=\"c-link\" href=\"http:\/\/www.bit.ly\/ApoieROW\" target=\"_blank\" rel=\"noopener noreferrer\" data-stringify-link=\"http:\/\/www.bit.ly\/ApoieROW\" data-sk=\"tooltip_parent\">doe aqui<\/a>.<\/h4>\n<!-- AddThis Advanced Settings generic via filter on the_content --><!-- AddThis Share Buttons generic via filter on the_content -->","protected":false},"excerpt":{"rendered":"<div class=\"mh-excerpt\"><p>\ufeff Click Here for English Esta videorreportagem mostra o Quilombo dos Palmares (1605-1695), maior s\u00edmbolo da resist\u00eancia negra na hist\u00f3ria brasileira, e sua import\u00e2ncia para a representatividade\u00a0do povo negro brasileiro, negado o conhecimento de suas <a class=\"mh-excerpt-more\" href=\"https:\/\/rioonwatch.org.br\/?p=67844\" title=\"Quilombo dos Palmares: Resist\u00eancia Viva [V\u00cdDEO]\">[&#8230;]<\/a><!-- AddThis Advanced Settings generic via filter on get_the_excerpt --><!-- AddThis Share Buttons generic via filter on get_the_excerpt --><\/p>\n<\/div>","protected":false},"author":179,"featured_media":68082,"comment_status":"closed","ping_status":"closed","sticky":false,"template":"template-full.php","format":"standard","meta":{"_acf_changed":false,"_monsterinsights_skip_tracking":false,"_monsterinsights_sitenote_active":false,"_monsterinsights_sitenote_note":"","_monsterinsights_sitenote_category":0,"footnotes":""},"categories":[1621,1625,3206,342,1639,1638],"tags":[329,3350,3139,959,1221,513,333,424,514,128,1970,265,1297,567,3349,3348,2432,432,1810,1330],"writer":[3229],"translator":[],"source":[],"ilustrador":[],"fotografo":[],"class_list":{"0":"post-67844","1":"post","2":"type-post","3":"status-publish","4":"format-standard","5":"has-post-thumbnail","7":"category-destaque","8":"category-por-correspondentes-comunitarios","9":"category-representatividade","10":"category-solucoes","11":"category-sustentabilidade","12":"category-video","13":"tag-africa","14":"tag-alagoas","15":"tag-aquilombamento","16":"tag-baixada-fluminense","17":"tag-comparacao-nacional","18":"tag-cultura-afro-brasileira","19":"tag-diaspora","20":"tag-direito-a-moradia","21":"tag-escravidao","22":"tag-historia","23":"tag-negritude","24":"tag-nordeste","25":"tag-preservacao-historica","26":"tag-quilombo","27":"tag-quilombo-do-muquem","28":"tag-quilombo-dos-palmares","29":"tag-representatividade","30":"tag-resistencia","31":"tag-video","32":"tag-zumbi-dos-palmares","33":"writer-tassia-di-carvalho"},"acf":[],"yoast_head":"<!-- This site is optimized with the Yoast SEO plugin v25.6 - https:\/\/yoast.com\/wordpress\/plugins\/seo\/ -->\n<title>Quilombo dos Palmares: Resist\u00eancia Viva [V\u00cdDEO] - RioOnWatch<\/title>\n<meta name=\"robots\" content=\"index, follow, max-snippet:-1, max-image-preview:large, max-video-preview:-1\" \/>\n<link rel=\"canonical\" href=\"https:\/\/rioonwatch.org.br\/?p=67844\" \/>\n<meta property=\"og:locale\" content=\"pt_BR\" \/>\n<meta property=\"og:type\" content=\"article\" \/>\n<meta property=\"og:title\" content=\"Quilombo dos Palmares: Resist\u00eancia Viva [V\u00cdDEO] - RioOnWatch\" \/>\n<meta property=\"og:description\" content=\"\ufeff Click Here for English Esta videorreportagem mostra o Quilombo dos Palmares (1605-1695), maior s\u00edmbolo da resist\u00eancia negra na hist\u00f3ria brasileira, e sua import\u00e2ncia para a representatividade\u00a0do povo negro brasileiro, negado o conhecimento de suas [...]\" \/>\n<meta property=\"og:url\" content=\"https:\/\/rioonwatch.org.br\/?p=67844\" \/>\n<meta property=\"og:site_name\" content=\"RioOnWatch\" \/>\n<meta property=\"article:published_time\" content=\"2023-05-13T09:00:23+00:00\" \/>\n<meta property=\"article:modified_time\" content=\"2023-07-31T15:07:46+00:00\" \/>\n<meta property=\"og:image\" content=\"https:\/\/rioonwatch.org.br\/wp-content\/uploads\/2023\/05\/Parque-Memorial-Quilombo-dos-Palmares-905x629.png\" \/>\n\t<meta property=\"og:image:width\" content=\"905\" \/>\n\t<meta property=\"og:image:height\" content=\"629\" \/>\n\t<meta property=\"og:image:type\" content=\"image\/png\" \/>\n<meta name=\"author\" content=\"Janaina Tavares\" \/>\n<meta name=\"twitter:card\" content=\"summary_large_image\" \/>\n<meta name=\"twitter:label1\" content=\"Escrito por\" \/>\n\t<meta name=\"twitter:data1\" content=\"Janaina Tavares\" \/>\n\t<meta name=\"twitter:label2\" content=\"Est. tempo de leitura\" \/>\n\t<meta name=\"twitter:data2\" content=\"5 minutos\" \/>\n<script type=\"application\/ld+json\" class=\"yoast-schema-graph\">{\"@context\":\"https:\/\/schema.org\",\"@graph\":[{\"@type\":\"Article\",\"@id\":\"https:\/\/rioonwatch.org.br\/?p=67844#article\",\"isPartOf\":{\"@id\":\"https:\/\/rioonwatch.org.br\/?p=67844\"},\"author\":{\"name\":\"Janaina Tavares\",\"@id\":\"https:\/\/rioonwatch.org.br\/#\/schema\/person\/feb227e5e7679aacc3d672e375cae1bd\"},\"headline\":\"Quilombo dos Palmares: Resist\u00eancia Viva [V\u00cdDEO]\",\"datePublished\":\"2023-05-13T09:00:23+00:00\",\"dateModified\":\"2023-07-31T15:07:46+00:00\",\"mainEntityOfPage\":{\"@id\":\"https:\/\/rioonwatch.org.br\/?p=67844\"},\"wordCount\":824,\"publisher\":{\"@id\":\"https:\/\/rioonwatch.org.br\/#organization\"},\"image\":{\"@id\":\"https:\/\/rioonwatch.org.br\/?p=67844#primaryimage\"},\"thumbnailUrl\":\"https:\/\/rioonwatch.org.br\/wp-content\/uploads\/2023\/05\/Parque-Memorial-Quilombo-dos-Palmares.png\",\"keywords\":[\"\u00c1frica\",\"Alagoas\",\"Aquilombamento\",\"Baixada Fluminense\",\"compara\u00e7\u00e3o nacional\",\"Cultura Afro-brasileira\",\"Di\u00e1spora Africana\",\"Direito \u00e0 Moradia\",\"escravid\u00e3o\",\"hist\u00f3ria\",\"negritude\",\"Nordeste\",\"preserva\u00e7\u00e3o hist\u00f3rica\",\"Quilombo\",\"Quilombo do Muqu\u00e9m\",\"Quilombo dos Palmares\",\"representatividade\",\"resist\u00eancia\",\"v\u00eddeo\",\"Zumbi dos Palmares\"],\"articleSection\":[\"*Destaque\",\"Escrito por Comunicadores Populares\",\"Representatividade\",\"Solu\u00e7\u00f5es\",\"Sustentabilidade\",\"V\u00eddeo\"],\"inLanguage\":\"pt-BR\"},{\"@type\":\"WebPage\",\"@id\":\"https:\/\/rioonwatch.org.br\/?p=67844\",\"url\":\"https:\/\/rioonwatch.org.br\/?p=67844\",\"name\":\"Quilombo dos Palmares: Resist\u00eancia Viva [V\u00cdDEO] - RioOnWatch\",\"isPartOf\":{\"@id\":\"https:\/\/rioonwatch.org.br\/#website\"},\"primaryImageOfPage\":{\"@id\":\"https:\/\/rioonwatch.org.br\/?p=67844#primaryimage\"},\"image\":{\"@id\":\"https:\/\/rioonwatch.org.br\/?p=67844#primaryimage\"},\"thumbnailUrl\":\"https:\/\/rioonwatch.org.br\/wp-content\/uploads\/2023\/05\/Parque-Memorial-Quilombo-dos-Palmares.png\",\"datePublished\":\"2023-05-13T09:00:23+00:00\",\"dateModified\":\"2023-07-31T15:07:46+00:00\",\"breadcrumb\":{\"@id\":\"https:\/\/rioonwatch.org.br\/?p=67844#breadcrumb\"},\"inLanguage\":\"pt-BR\",\"potentialAction\":[{\"@type\":\"ReadAction\",\"target\":[\"https:\/\/rioonwatch.org.br\/?p=67844\"]}]},{\"@type\":\"ImageObject\",\"inLanguage\":\"pt-BR\",\"@id\":\"https:\/\/rioonwatch.org.br\/?p=67844#primaryimage\",\"url\":\"https:\/\/rioonwatch.org.br\/wp-content\/uploads\/2023\/05\/Parque-Memorial-Quilombo-dos-Palmares.png\",\"contentUrl\":\"https:\/\/rioonwatch.org.br\/wp-content\/uploads\/2023\/05\/Parque-Memorial-Quilombo-dos-Palmares.png\",\"width\":1495,\"height\":1039},{\"@type\":\"BreadcrumbList\",\"@id\":\"https:\/\/rioonwatch.org.br\/?p=67844#breadcrumb\",\"itemListElement\":[{\"@type\":\"ListItem\",\"position\":1,\"name\":\"In\u00edcio\",\"item\":\"https:\/\/rioonwatch.org.br\/\"},{\"@type\":\"ListItem\",\"position\":2,\"name\":\"Quilombo dos Palmares: Resist\u00eancia Viva [V\u00cdDEO]\"}]},{\"@type\":\"WebSite\",\"@id\":\"https:\/\/rioonwatch.org.br\/#website\",\"url\":\"https:\/\/rioonwatch.org.br\/\",\"name\":\"RioOnWatch\",\"description\":\"relatos das favelas cariocas\",\"publisher\":{\"@id\":\"https:\/\/rioonwatch.org.br\/#organization\"},\"potentialAction\":[{\"@type\":\"SearchAction\",\"target\":{\"@type\":\"EntryPoint\",\"urlTemplate\":\"https:\/\/rioonwatch.org.br\/?s={search_term_string}\"},\"query-input\":{\"@type\":\"PropertyValueSpecification\",\"valueRequired\":true,\"valueName\":\"search_term_string\"}}],\"inLanguage\":\"pt-BR\"},{\"@type\":\"Organization\",\"@id\":\"https:\/\/rioonwatch.org.br\/#organization\",\"name\":\"RioOnWatch\",\"url\":\"https:\/\/rioonwatch.org.br\/\",\"logo\":{\"@type\":\"ImageObject\",\"inLanguage\":\"pt-BR\",\"@id\":\"https:\/\/rioonwatch.org.br\/#\/schema\/logo\/image\/\",\"url\":\"https:\/\/rioonwatch.org.br\/wp-content\/uploads\/2021\/06\/RioOnWatchcabecalhoPT11anos-2.png\",\"contentUrl\":\"https:\/\/rioonwatch.org.br\/wp-content\/uploads\/2021\/06\/RioOnWatchcabecalhoPT11anos-2.png\",\"width\":779,\"height\":277,\"caption\":\"RioOnWatch\"},\"image\":{\"@id\":\"https:\/\/rioonwatch.org.br\/#\/schema\/logo\/image\/\"}},{\"@type\":\"Person\",\"@id\":\"https:\/\/rioonwatch.org.br\/#\/schema\/person\/feb227e5e7679aacc3d672e375cae1bd\",\"name\":\"Janaina Tavares\",\"image\":{\"@type\":\"ImageObject\",\"inLanguage\":\"pt-BR\",\"@id\":\"https:\/\/rioonwatch.org.br\/#\/schema\/person\/image\/\",\"url\":\"https:\/\/secure.gravatar.com\/avatar\/83bb5bb4f8b0c5ad63f35939640eaaa2?s=96&d=blank&r=g\",\"contentUrl\":\"https:\/\/secure.gravatar.com\/avatar\/83bb5bb4f8b0c5ad63f35939640eaaa2?s=96&d=blank&r=g\",\"caption\":\"Janaina Tavares\"},\"url\":\"https:\/\/rioonwatch.org.br\/?author=179\"}]}<\/script>\n<!-- \/ Yoast SEO plugin. -->","yoast_head_json":{"title":"Quilombo dos Palmares: Resist\u00eancia Viva [V\u00cdDEO] - RioOnWatch","robots":{"index":"index","follow":"follow","max-snippet":"max-snippet:-1","max-image-preview":"max-image-preview:large","max-video-preview":"max-video-preview:-1"},"canonical":"https:\/\/rioonwatch.org.br\/?p=67844","og_locale":"pt_BR","og_type":"article","og_title":"Quilombo dos Palmares: Resist\u00eancia Viva [V\u00cdDEO] - RioOnWatch","og_description":"\ufeff Click Here for English Esta videorreportagem mostra o Quilombo dos Palmares (1605-1695), maior s\u00edmbolo da resist\u00eancia negra na hist\u00f3ria brasileira, e sua import\u00e2ncia para a representatividade\u00a0do povo negro brasileiro, negado o conhecimento de suas [...]","og_url":"https:\/\/rioonwatch.org.br\/?p=67844","og_site_name":"RioOnWatch","article_published_time":"2023-05-13T09:00:23+00:00","article_modified_time":"2023-07-31T15:07:46+00:00","og_image":[{"width":905,"height":629,"url":"https:\/\/rioonwatch.org.br\/wp-content\/uploads\/2023\/05\/Parque-Memorial-Quilombo-dos-Palmares-905x629.png","type":"image\/png"}],"author":"Janaina Tavares","twitter_card":"summary_large_image","twitter_misc":{"Escrito por":"Janaina Tavares","Est. tempo de leitura":"5 minutos"},"schema":{"@context":"https:\/\/schema.org","@graph":[{"@type":"Article","@id":"https:\/\/rioonwatch.org.br\/?p=67844#article","isPartOf":{"@id":"https:\/\/rioonwatch.org.br\/?p=67844"},"author":{"name":"Janaina Tavares","@id":"https:\/\/rioonwatch.org.br\/#\/schema\/person\/feb227e5e7679aacc3d672e375cae1bd"},"headline":"Quilombo dos Palmares: Resist\u00eancia Viva [V\u00cdDEO]","datePublished":"2023-05-13T09:00:23+00:00","dateModified":"2023-07-31T15:07:46+00:00","mainEntityOfPage":{"@id":"https:\/\/rioonwatch.org.br\/?p=67844"},"wordCount":824,"publisher":{"@id":"https:\/\/rioonwatch.org.br\/#organization"},"image":{"@id":"https:\/\/rioonwatch.org.br\/?p=67844#primaryimage"},"thumbnailUrl":"https:\/\/rioonwatch.org.br\/wp-content\/uploads\/2023\/05\/Parque-Memorial-Quilombo-dos-Palmares.png","keywords":["\u00c1frica","Alagoas","Aquilombamento","Baixada Fluminense","compara\u00e7\u00e3o nacional","Cultura Afro-brasileira","Di\u00e1spora Africana","Direito \u00e0 Moradia","escravid\u00e3o","hist\u00f3ria","negritude","Nordeste","preserva\u00e7\u00e3o hist\u00f3rica","Quilombo","Quilombo do Muqu\u00e9m","Quilombo dos Palmares","representatividade","resist\u00eancia","v\u00eddeo","Zumbi dos Palmares"],"articleSection":["*Destaque","Escrito por Comunicadores Populares","Representatividade","Solu\u00e7\u00f5es","Sustentabilidade","V\u00eddeo"],"inLanguage":"pt-BR"},{"@type":"WebPage","@id":"https:\/\/rioonwatch.org.br\/?p=67844","url":"https:\/\/rioonwatch.org.br\/?p=67844","name":"Quilombo dos Palmares: Resist\u00eancia Viva [V\u00cdDEO] - RioOnWatch","isPartOf":{"@id":"https:\/\/rioonwatch.org.br\/#website"},"primaryImageOfPage":{"@id":"https:\/\/rioonwatch.org.br\/?p=67844#primaryimage"},"image":{"@id":"https:\/\/rioonwatch.org.br\/?p=67844#primaryimage"},"thumbnailUrl":"https:\/\/rioonwatch.org.br\/wp-content\/uploads\/2023\/05\/Parque-Memorial-Quilombo-dos-Palmares.png","datePublished":"2023-05-13T09:00:23+00:00","dateModified":"2023-07-31T15:07:46+00:00","breadcrumb":{"@id":"https:\/\/rioonwatch.org.br\/?p=67844#breadcrumb"},"inLanguage":"pt-BR","potentialAction":[{"@type":"ReadAction","target":["https:\/\/rioonwatch.org.br\/?p=67844"]}]},{"@type":"ImageObject","inLanguage":"pt-BR","@id":"https:\/\/rioonwatch.org.br\/?p=67844#primaryimage","url":"https:\/\/rioonwatch.org.br\/wp-content\/uploads\/2023\/05\/Parque-Memorial-Quilombo-dos-Palmares.png","contentUrl":"https:\/\/rioonwatch.org.br\/wp-content\/uploads\/2023\/05\/Parque-Memorial-Quilombo-dos-Palmares.png","width":1495,"height":1039},{"@type":"BreadcrumbList","@id":"https:\/\/rioonwatch.org.br\/?p=67844#breadcrumb","itemListElement":[{"@type":"ListItem","position":1,"name":"In\u00edcio","item":"https:\/\/rioonwatch.org.br\/"},{"@type":"ListItem","position":2,"name":"Quilombo dos Palmares: Resist\u00eancia Viva [V\u00cdDEO]"}]},{"@type":"WebSite","@id":"https:\/\/rioonwatch.org.br\/#website","url":"https:\/\/rioonwatch.org.br\/","name":"RioOnWatch","description":"relatos das favelas cariocas","publisher":{"@id":"https:\/\/rioonwatch.org.br\/#organization"},"potentialAction":[{"@type":"SearchAction","target":{"@type":"EntryPoint","urlTemplate":"https:\/\/rioonwatch.org.br\/?s={search_term_string}"},"query-input":{"@type":"PropertyValueSpecification","valueRequired":true,"valueName":"search_term_string"}}],"inLanguage":"pt-BR"},{"@type":"Organization","@id":"https:\/\/rioonwatch.org.br\/#organization","name":"RioOnWatch","url":"https:\/\/rioonwatch.org.br\/","logo":{"@type":"ImageObject","inLanguage":"pt-BR","@id":"https:\/\/rioonwatch.org.br\/#\/schema\/logo\/image\/","url":"https:\/\/rioonwatch.org.br\/wp-content\/uploads\/2021\/06\/RioOnWatchcabecalhoPT11anos-2.png","contentUrl":"https:\/\/rioonwatch.org.br\/wp-content\/uploads\/2021\/06\/RioOnWatchcabecalhoPT11anos-2.png","width":779,"height":277,"caption":"RioOnWatch"},"image":{"@id":"https:\/\/rioonwatch.org.br\/#\/schema\/logo\/image\/"}},{"@type":"Person","@id":"https:\/\/rioonwatch.org.br\/#\/schema\/person\/feb227e5e7679aacc3d672e375cae1bd","name":"Janaina Tavares","image":{"@type":"ImageObject","inLanguage":"pt-BR","@id":"https:\/\/rioonwatch.org.br\/#\/schema\/person\/image\/","url":"https:\/\/secure.gravatar.com\/avatar\/83bb5bb4f8b0c5ad63f35939640eaaa2?s=96&d=blank&r=g","contentUrl":"https:\/\/secure.gravatar.com\/avatar\/83bb5bb4f8b0c5ad63f35939640eaaa2?s=96&d=blank&r=g","caption":"Janaina Tavares"},"url":"https:\/\/rioonwatch.org.br\/?author=179"}]}},"_links":{"self":[{"href":"https:\/\/rioonwatch.org.br\/index.php?rest_route=\/wp\/v2\/posts\/67844"}],"collection":[{"href":"https:\/\/rioonwatch.org.br\/index.php?rest_route=\/wp\/v2\/posts"}],"about":[{"href":"https:\/\/rioonwatch.org.br\/index.php?rest_route=\/wp\/v2\/types\/post"}],"author":[{"embeddable":true,"href":"https:\/\/rioonwatch.org.br\/index.php?rest_route=\/wp\/v2\/users\/179"}],"replies":[{"embeddable":true,"href":"https:\/\/rioonwatch.org.br\/index.php?rest_route=%2Fwp%2Fv2%2Fcomments&post=67844"}],"version-history":[{"count":37,"href":"https:\/\/rioonwatch.org.br\/index.php?rest_route=\/wp\/v2\/posts\/67844\/revisions"}],"predecessor-version":[{"id":69806,"href":"https:\/\/rioonwatch.org.br\/index.php?rest_route=\/wp\/v2\/posts\/67844\/revisions\/69806"}],"wp:featuredmedia":[{"embeddable":true,"href":"https:\/\/rioonwatch.org.br\/index.php?rest_route=\/wp\/v2\/media\/68082"}],"wp:attachment":[{"href":"https:\/\/rioonwatch.org.br\/index.php?rest_route=%2Fwp%2Fv2%2Fmedia&parent=67844"}],"wp:term":[{"taxonomy":"category","embeddable":true,"href":"https:\/\/rioonwatch.org.br\/index.php?rest_route=%2Fwp%2Fv2%2Fcategories&post=67844"},{"taxonomy":"post_tag","embeddable":true,"href":"https:\/\/rioonwatch.org.br\/index.php?rest_route=%2Fwp%2Fv2%2Ftags&post=67844"},{"taxonomy":"writer","embeddable":true,"href":"https:\/\/rioonwatch.org.br\/index.php?rest_route=%2Fwp%2Fv2%2Fwriter&post=67844"},{"taxonomy":"translator","embeddable":true,"href":"https:\/\/rioonwatch.org.br\/index.php?rest_route=%2Fwp%2Fv2%2Ftranslator&post=67844"},{"taxonomy":"source","embeddable":true,"href":"https:\/\/rioonwatch.org.br\/index.php?rest_route=%2Fwp%2Fv2%2Fsource&post=67844"},{"taxonomy":"ilustrador","embeddable":true,"href":"https:\/\/rioonwatch.org.br\/index.php?rest_route=%2Fwp%2Fv2%2Filustrador&post=67844"},{"taxonomy":"fotografo","embeddable":true,"href":"https:\/\/rioonwatch.org.br\/index.php?rest_route=%2Fwp%2Fv2%2Ffotografo&post=67844"}],"curies":[{"name":"wp","href":"https:\/\/api.w.org\/{rel}","templated":true}]}}