{"id":68183,"date":"2023-07-10T06:00:26","date_gmt":"2023-07-10T09:00:26","guid":{"rendered":"https:\/\/rioonwatch.org.br\/?p=68183"},"modified":"2024-06-20T13:41:10","modified_gmt":"2024-06-20T16:41:10","slug":"semeando-emocoes-e-imprimindo-historias-conheca-agudas-de-semanou-lionel-video","status":"publish","type":"post","link":"https:\/\/rioonwatch.org.br\/?p=68183","title":{"rendered":"Semeando Emo\u00e7\u00f5es e Imprimindo Hist\u00f3rias: Conhe\u00e7a &#8216;Agud\u00e1s&#8217; de S\u00e8manou Lionel [V\u00cdDEO]"},"content":{"rendered":"<h4><iframe title=\"YouTube video player\" src=\"https:\/\/www.youtube.com\/embed\/kmTAKmLoBV8\" width=\"1030\" height=\"563\" frameborder=\"0\" allowfullscreen=\"allowfullscreen\"><span data-mce-type=\"bookmark\" style=\"display: inline-block; width: 0px; overflow: hidden; line-height: 0;\" class=\"mce_SELRES_start\">\ufeff<\/span><\/iframe><\/h4>\n<h4 style=\"text-align: right;\"><em><strong><a href=\"https:\/\/bit.ly\/3tP95DD\" target=\"_blank\" rel=\"noopener\">Click Here for English<img decoding=\"async\" class=\"alignright wp-image-15790\" src=\"https:\/\/rioonwatch.org.br\/wp-content\/uploads\/2012\/08\/EN-standard-e1439583104716.jpg\" alt=\"\" width=\"20\" height=\"20\" \/><\/a><\/strong><\/em><\/h4>\n<h4><a href=\"https:\/\/bit.ly\/AgudasNoROW\" target=\"_blank\" rel=\"noopener\">Esta videorreportagem<\/a> mostra a hist\u00f3ria de <a href=\"https:\/\/bit.ly\/3MJTtZ7\" target=\"_blank\" rel=\"noopener\">S\u00e8manou Lionel<\/a>, 35, imigrante do <a href=\"http:\/\/glo.bo\/43y56HP\" target=\"_blank\" rel=\"noopener\">Benin<\/a>, pa\u00eds localizado na <a href=\"https:\/\/bit.ly\/41PJGVo\" target=\"_blank\" rel=\"noopener\">\u00c1frica Ocidental<\/a>. S\u00e8manou vive no Brasil desde 2011, \u00e9 artista, fot\u00f3grafo e cinegrafista. Fez Escola de Artes e Cultura e se graduou pela Pontif\u00edcia Universidade Cat\u00f3lica do Rio de Janeiro (<a href=\"https:\/\/bit.ly\/3eoFKDN\" target=\"_blank\" rel=\"noopener\">PUC-RIO<\/a>), na \u00e1rea de Comunica\u00e7\u00e3o Visual e Design. Ele fundou o projeto \u201cAgud\u00e1s: A Caminho da \u00c1frica\u201d, que atende principalmente crian\u00e7as de escolas p\u00fablicas de favelas do Rio de Janeiro.<\/h4>\n<p><span style=\"font-weight: 400;\">O projeto Agud\u00e1s foi criado pelo artista S\u00e8manou Lionel para ser realizado em uma oficina oferecida a alunos da <\/span><a href=\"https:\/\/bit.ly\/4334nOH\"><span style=\"font-weight: 400;\">Creche Municipal Margarida Gabinal<\/span><\/a><span style=\"font-weight: 400;\">, na <a href=\"https:\/\/bit.ly\/2rF8MuX\" target=\"_blank\" rel=\"noopener\">Cidade de Deus<\/a>, <a href=\"https:\/\/bit.ly\/2VcmBwc\" target=\"_blank\" rel=\"noopener\">Zona Oeste<\/a> do Rio de Janeiro. Durante a oficina, os participantes semeiam emo\u00e7\u00f5es montando m\u00e1scaras africanas e imprimem hist\u00f3rias confeccionando estamparias africanas, enquanto contam com ensinamentos sobre ancestralidade e culturas do continente-m\u00e3e. \u201c<\/span><span style=\"font-weight: 400;\">Agud\u00e1\u201d \u00e9 um termo com v\u00e1rias camadas de sentido. Uma das vers\u00f5es diz \u201cque se originou da transforma\u00e7\u00e3o de <em>Ajud\u00e1<\/em>, nome portugu\u00eas dado \u00e0 cidade de <a href=\"https:\/\/bit.ly\/3odpH5u\" target=\"_blank\" rel=\"noopener\">Ouidah<\/a>, no Benin. Esta cidade cont\u00e9m grande simbologia, pois foi ponto de partida de pessoas escravizadas no Benin para o restante do mundo, inclusive o Brasil\u201d, explica S\u00e8manou. Al\u00e9m disso, \u201cAgud\u00e1\u201d \u00e9 o nome dado \u00e0 comunidade de africanos e afro-brasileiros retornados, pessoas que sofreram com a escravid\u00e3o no Brasil e, quando foi poss\u00edvel, voltaram ao Benin como pessoas livres. E h\u00e1 ainda uma \u00faltima camada de sentido no nome do projeto, j\u00e1 que &#8220;<\/span><span style=\"font-weight: 400;\">Agud\u00e1&#8221; tamb\u00e9m vem da palavra \u201cajuda\u201d, que o artista e educador recebeu de muitos e pretende dar a muitos outros. <\/span><\/p>\n<blockquote><p><span style=\"font-weight: 400;\">\u201cPara retribuir [a ajuda que recebi] tenho que retribuir isso. Eu tenho que ir em escolas onde as pessoas n\u00e3o t\u00eam oportunidade de ter refer\u00eancias de pessoas pretas. Esse \u00e9 meu dever, ir \u00e0s escolas e levar conhecimento&#8230; Porque a crian\u00e7a \u00e9 inocente e recebe muitas informa\u00e7\u00f5es. Se receber a informa\u00e7\u00e3o certa, isso pode mudar o mundo!\u201d \u2014 S\u00e8manou Lionel<\/span><\/p><\/blockquote>\n<p><span style=\"font-weight: 400;\">S\u00e8manou utiliza diversas m\u00eddias em seu trabalho, entre elas a <a href=\"https:\/\/bit.ly\/3Wbx362\" target=\"_blank\" rel=\"noopener\">xilogravura<\/a>, t\u00e9cnica que se baseia no corte de figuras sobre placas de madeira usadas como matriz, cobertas de tinta e reproduzidas sobre papel ou tecido; a pintura e a <a href=\"https:\/\/bit.ly\/3OiC3ni\" target=\"_blank\" rel=\"noopener\">serigrafia<\/a>, tamb\u00e9m conhecido como <em>silk-screen<\/em> ou impress\u00e3o a tela, que \u00e9 um processo de impress\u00e3o \u00e0 base de est\u00eancil na qual a tinta \u00e9 for\u00e7ada atrav\u00e9s de um crivo fino para o substrato abaixo. Com essas t\u00e9cnicas, o artista expressa, em imagens, a cr\u00f4nica da realidade social de uma juventude africana, ceifada de recursos, mas que se esfor\u00e7a com o que tem para conquistar um lugar no mundo atrav\u00e9s da arte, resgatando mem\u00f3rias. Em suas obras e projetos sociais, S\u00e8manou procura demonstrar que o Benin e o Brasil est\u00e3o intimamente ligados.<\/span><\/p>\n<p><span style=\"font-weight: 400;\">A iniciativa de S\u00e8manou atende \u00e0 <a href=\"https:\/\/bit.ly\/3pKhVjP\" target=\"_blank\" rel=\"noopener\">Lei 10.639\/03<\/a>, alterada pela <a href=\"https:\/\/bit.ly\/2LgMl4l\" target=\"_blank\" rel=\"noopener\">Lei 11.645\/08<\/a>, que torna obrigat\u00f3rio o ensino da hist\u00f3ria e cultura afro-brasileira e africana em todas as escolas, p\u00fablicas e particulares. Pensando nisso, S\u00e8manou j\u00e1 proporcionou esta experi\u00eancia a diversos alunos de escolas p\u00fablicas, principalmente em unidades localizadas em favelas. Ele realiza diversas atividades pautadas na lei, o que o pr\u00f3prio Estado pouco faz.<\/span><\/p>\n<blockquote><p><span style=\"font-weight: 400;\">\u201cAcredito que meu trabalho possa contribuir para compreender outras realidades.\u201d \u2014 S\u00e8manou Lionel<\/span><\/p><\/blockquote>\n<h3><a href=\"https:\/\/bit.ly\/AgudasNoROW\" target=\"_blank\" rel=\"noopener\">Assista \u00e0 Videorreportagem Aqui<\/a>.<\/h3>\n<p><a href=\"https:\/\/rioonwatch.org.br\/wp-content\/uploads\/2023\/07\/Agudas-Acreditar-em-Si.png\"><img fetchpriority=\"high\" decoding=\"async\" class=\"alignright size-full wp-image-69917\" src=\"https:\/\/rioonwatch.org.br\/wp-content\/uploads\/2023\/07\/Agudas-Acreditar-em-Si.png\" alt=\"\" width=\"1920\" height=\"1080\" srcset=\"https:\/\/rioonwatch.org.br\/wp-content\/uploads\/2023\/07\/Agudas-Acreditar-em-Si.png 1920w, https:\/\/rioonwatch.org.br\/wp-content\/uploads\/2023\/07\/Agudas-Acreditar-em-Si-620x349.png 620w, https:\/\/rioonwatch.org.br\/wp-content\/uploads\/2023\/07\/Agudas-Acreditar-em-Si-1118x629.png 1118w\" sizes=\"(max-width: 1920px) 100vw, 1920px\" \/><\/a><\/p>\n<p><a href=\"https:\/\/rioonwatch.org.br\/wp-content\/uploads\/2023\/05\/Semanou-Lionel-na-oficina-com-criancas-do-projeto-Agudas.png\"><img decoding=\"async\" class=\"aligncenter wp-image-68648 size-full\" src=\"https:\/\/rioonwatch.org.br\/wp-content\/uploads\/2023\/05\/Semanou-Lionel-na-oficina-com-criancas-do-projeto-Agudas.png\" alt=\"S\u00e8manou Lionel com crian\u00e7as do projeto Agud\u00e1s\" width=\"1920\" height=\"1080\" srcset=\"https:\/\/rioonwatch.org.br\/wp-content\/uploads\/2023\/05\/Semanou-Lionel-na-oficina-com-criancas-do-projeto-Agudas.png 1920w, https:\/\/rioonwatch.org.br\/wp-content\/uploads\/2023\/05\/Semanou-Lionel-na-oficina-com-criancas-do-projeto-Agudas-620x349.png 620w, https:\/\/rioonwatch.org.br\/wp-content\/uploads\/2023\/05\/Semanou-Lionel-na-oficina-com-criancas-do-projeto-Agudas-1118x629.png 1118w\" sizes=\"(max-width: 1920px) 100vw, 1920px\" \/><\/a><\/p>\n<p><em>Sobre autora: <a href=\"https:\/\/bit.ly\/3MOksTa\" target=\"_blank\" rel=\"noopener\">Amanda Botelho<\/a>, de 26 anos, \u00e9 jornalista e p\u00f3s-graduada em M\u00eddias Sociais. Cria do <a href=\"https:\/\/bit.ly\/2XYwO1q\" target=\"_blank\" rel=\"noopener\">Morro da Formiga<\/a>, na Tijuca, <a href=\"https:\/\/bit.ly\/3qsTKRW\" target=\"_blank\" rel=\"noopener\">Zona Norte<\/a> do Rio, come\u00e7ou na comunica\u00e7\u00e3o comunit\u00e1ria como rep\u00f3rter do <a href=\"https:\/\/bit.ly\/36lj7N9\" target=\"_blank\" rel=\"noopener\">Voz das Comunidades<\/a>. Atualmente trabalha como freelancer no <a href=\"https:\/\/bit.ly\/3IA0Tvs\" target=\"_blank\" rel=\"noopener\">Canal Futura<\/a>, com passagens pela <a href=\"https:\/\/bit.ly\/RioTVCamara\" target=\"_blank\" rel=\"noopener\">Rio TV C\u00e2mara<\/a> e <a href=\"https:\/\/bit.ly\/36pbENq\" target=\"_blank\" rel=\"noopener\">Fiocruz<\/a>.<\/em><\/p>\n<p><em>Sobre o editor: <a href=\"https:\/\/bit.ly\/3IC72Hl\" target=\"_blank\" rel=\"noopener\">Guilherme Oliveira<\/a>, 20 anos, \u00e9 formado em Marketing, mas atua como cinegrafista desde seus 14 anos. Nascido e criado no <a href=\"https:\/\/bit.ly\/35MsR3z\" target=\"_blank\" rel=\"noopener\">Alto da Boa Vista<\/a>, <a href=\"https:\/\/bit.ly\/3qsTKRW\" target=\"_blank\" rel=\"noopener\">Zona Norte<\/a> do Rio, ingressou no audiovisual atrav\u00e9s do Ponto de Cultura Cine Floresta Nossa e teve uma passagem recente no <a href=\"https:\/\/bit.ly\/36lj7N9\" target=\"_blank\" rel=\"noopener\">Voz Das Comunidades<\/a>. Atualmente, exerce a fun\u00e7\u00e3o na Prefeitura do Rio, na Secretaria Municipal de Educa\u00e7\u00e3o (<a href=\"https:\/\/bit.ly\/3oeYeQY\" target=\"_blank\" rel=\"noopener\">SME<\/a>).<\/em><\/p>\n<hr \/>\n<h4><b data-stringify-type=\"bold\">Apoie nossos esfor\u00e7os para fornecer apoio estrat\u00e9gico \u00e0s favelas do Rio, incluindo o jornalismo hiperlocal, cr\u00edtico, inovador e incans\u00e1vel do\u00a0<\/b><b data-stringify-type=\"bold\"><i data-stringify-type=\"italic\">RioOnWatch<\/i><\/b>\u2014<a class=\"c-link\" href=\"http:\/\/www.bit.ly\/ApoieROW\" target=\"_blank\" rel=\"noopener noreferrer\" data-stringify-link=\"http:\/\/www.bit.ly\/ApoieROW\" data-sk=\"tooltip_parent\">doe aqui<\/a>.<\/h4>\n<!-- AddThis Advanced Settings generic via filter on the_content --><!-- AddThis Share Buttons generic via filter on the_content -->","protected":false},"excerpt":{"rendered":"<div class=\"mh-excerpt\"><p>\ufeff Click Here for English Esta videorreportagem mostra a hist\u00f3ria de S\u00e8manou Lionel, 35, imigrante do Benin, pa\u00eds localizado na \u00c1frica Ocidental. S\u00e8manou vive no Brasil desde 2011, \u00e9 artista, fot\u00f3grafo e cinegrafista. Fez Escola <a class=\"mh-excerpt-more\" href=\"https:\/\/rioonwatch.org.br\/?p=68183\" title=\"Semeando Emo\u00e7\u00f5es e Imprimindo Hist\u00f3rias: Conhe\u00e7a &#8216;Agud\u00e1s&#8217; de S\u00e8manou Lionel [V\u00cdDEO]\">[&#8230;]<\/a><!-- AddThis Advanced Settings generic via filter on get_the_excerpt --><!-- AddThis Share Buttons generic via filter on get_the_excerpt --><\/p>\n<\/div>","protected":false},"author":179,"featured_media":68648,"comment_status":"closed","ping_status":"closed","sticky":false,"template":"template-full.php","format":"standard","meta":{"_acf_changed":false,"_monsterinsights_skip_tracking":false,"_monsterinsights_sitenote_active":false,"_monsterinsights_sitenote_note":"","_monsterinsights_sitenote_category":0,"footnotes":""},"categories":[1621,1629,1625,3206,342,1638],"tags":[329,3253,334,3339,554,759,81,513,333,2070,876,316,113,469,1304,1970,1545,184],"writer":[2986],"translator":[],"source":[],"ilustrador":[],"fotografo":[3340],"class_list":{"0":"post-68183","1":"post","2":"type-post","3":"status-publish","4":"format-standard","5":"has-post-thumbnail","7":"category-destaque","8":"category-entrevistas-e-perfis","9":"category-por-correspondentes-comunitarios","10":"category-representatividade","11":"category-solucoes","12":"category-video","13":"tag-africa","14":"tag-antirracismo","15":"tag-arte","16":"tag-benin","17":"tag-cidade-de-deus","18":"tag-comparacao-internacional","19":"tag-cultura","20":"tag-cultura-afro-brasileira","21":"tag-diaspora","22":"tag-direito-a-educacao","23":"tag-direitos-da-crianca","24":"tag-educacao","25":"tag-juventude","26":"tag-memoria","27":"tag-organizacao-criativa","28":"tag-negritude","29":"tag-puc","30":"tag-zona-oeste","31":"writer-amanda-botelho","32":"fotografo-guilherme-oliveira"},"acf":[],"yoast_head":"<!-- This site is optimized with the Yoast SEO plugin v25.6 - https:\/\/yoast.com\/wordpress\/plugins\/seo\/ -->\n<title>Semeando Emo\u00e7\u00f5es e Imprimindo Hist\u00f3rias: Conhe\u00e7a &#039;Agud\u00e1s&#039; de S\u00e8manou Lionel [V\u00cdDEO] - RioOnWatch<\/title>\n<meta name=\"robots\" content=\"index, follow, max-snippet:-1, max-image-preview:large, max-video-preview:-1\" \/>\n<link rel=\"canonical\" href=\"https:\/\/rioonwatch.org.br\/?p=68183\" \/>\n<meta property=\"og:locale\" content=\"pt_BR\" \/>\n<meta property=\"og:type\" content=\"article\" \/>\n<meta property=\"og:title\" content=\"Semeando Emo\u00e7\u00f5es e Imprimindo Hist\u00f3rias: Conhe\u00e7a &#039;Agud\u00e1s&#039; de S\u00e8manou Lionel [V\u00cdDEO] - RioOnWatch\" \/>\n<meta property=\"og:description\" content=\"\ufeff Click Here for English Esta videorreportagem mostra a hist\u00f3ria de S\u00e8manou Lionel, 35, imigrante do Benin, pa\u00eds localizado na \u00c1frica Ocidental. S\u00e8manou vive no Brasil desde 2011, \u00e9 artista, fot\u00f3grafo e cinegrafista. Fez Escola [...]\" \/>\n<meta property=\"og:url\" content=\"https:\/\/rioonwatch.org.br\/?p=68183\" \/>\n<meta property=\"og:site_name\" content=\"RioOnWatch\" \/>\n<meta property=\"article:published_time\" content=\"2023-07-10T09:00:26+00:00\" \/>\n<meta property=\"article:modified_time\" content=\"2024-06-20T16:41:10+00:00\" \/>\n<meta property=\"og:image\" content=\"https:\/\/rioonwatch.org.br\/wp-content\/uploads\/2023\/05\/Semanou-Lionel-na-oficina-com-criancas-do-projeto-Agudas-1118x629.png\" \/>\n\t<meta property=\"og:image:width\" content=\"1118\" \/>\n\t<meta property=\"og:image:height\" content=\"629\" \/>\n\t<meta property=\"og:image:type\" content=\"image\/png\" \/>\n<meta name=\"author\" content=\"Janaina Tavares\" \/>\n<meta name=\"twitter:card\" content=\"summary_large_image\" \/>\n<meta name=\"twitter:label1\" content=\"Escrito por\" \/>\n\t<meta name=\"twitter:data1\" content=\"Janaina Tavares\" \/>\n\t<meta name=\"twitter:label2\" content=\"Est. tempo de leitura\" \/>\n\t<meta name=\"twitter:data2\" content=\"5 minutos\" \/>\n<script type=\"application\/ld+json\" class=\"yoast-schema-graph\">{\"@context\":\"https:\/\/schema.org\",\"@graph\":[{\"@type\":\"Article\",\"@id\":\"https:\/\/rioonwatch.org.br\/?p=68183#article\",\"isPartOf\":{\"@id\":\"https:\/\/rioonwatch.org.br\/?p=68183\"},\"author\":{\"name\":\"Janaina Tavares\",\"@id\":\"https:\/\/rioonwatch.org.br\/#\/schema\/person\/feb227e5e7679aacc3d672e375cae1bd\"},\"headline\":\"Semeando Emo\u00e7\u00f5es e Imprimindo Hist\u00f3rias: Conhe\u00e7a &#8216;Agud\u00e1s&#8217; de S\u00e8manou Lionel [V\u00cdDEO]\",\"datePublished\":\"2023-07-10T09:00:26+00:00\",\"dateModified\":\"2024-06-20T16:41:10+00:00\",\"mainEntityOfPage\":{\"@id\":\"https:\/\/rioonwatch.org.br\/?p=68183\"},\"wordCount\":734,\"publisher\":{\"@id\":\"https:\/\/rioonwatch.org.br\/#organization\"},\"image\":{\"@id\":\"https:\/\/rioonwatch.org.br\/?p=68183#primaryimage\"},\"thumbnailUrl\":\"https:\/\/rioonwatch.org.br\/wp-content\/uploads\/2023\/05\/Semanou-Lionel-na-oficina-com-criancas-do-projeto-Agudas.png\",\"keywords\":[\"\u00c1frica\",\"Antirracismo\",\"arte\",\"Benin\",\"Cidade de Deus\",\"compara\u00e7\u00e3o internacional\",\"cultura\",\"Cultura Afro-brasileira\",\"Di\u00e1spora Africana\",\"direito \u00e0 educa\u00e7\u00e3o\",\"direitos da crian\u00e7a\",\"educa\u00e7\u00e3o\",\"juventude\",\"Mem\u00f3rias Faveladas\",\"mobiliza\u00e7\u00e3o criativa\",\"negritude\",\"PUC\",\"Zona Oeste\"],\"articleSection\":[\"*Destaque\",\"Entrevistas e Perfis\",\"Escrito por Comunicadores Populares\",\"Representatividade\",\"Solu\u00e7\u00f5es\",\"V\u00eddeo\"],\"inLanguage\":\"pt-BR\"},{\"@type\":\"WebPage\",\"@id\":\"https:\/\/rioonwatch.org.br\/?p=68183\",\"url\":\"https:\/\/rioonwatch.org.br\/?p=68183\",\"name\":\"Semeando Emo\u00e7\u00f5es e Imprimindo Hist\u00f3rias: Conhe\u00e7a 'Agud\u00e1s' de S\u00e8manou Lionel [V\u00cdDEO] - RioOnWatch\",\"isPartOf\":{\"@id\":\"https:\/\/rioonwatch.org.br\/#website\"},\"primaryImageOfPage\":{\"@id\":\"https:\/\/rioonwatch.org.br\/?p=68183#primaryimage\"},\"image\":{\"@id\":\"https:\/\/rioonwatch.org.br\/?p=68183#primaryimage\"},\"thumbnailUrl\":\"https:\/\/rioonwatch.org.br\/wp-content\/uploads\/2023\/05\/Semanou-Lionel-na-oficina-com-criancas-do-projeto-Agudas.png\",\"datePublished\":\"2023-07-10T09:00:26+00:00\",\"dateModified\":\"2024-06-20T16:41:10+00:00\",\"breadcrumb\":{\"@id\":\"https:\/\/rioonwatch.org.br\/?p=68183#breadcrumb\"},\"inLanguage\":\"pt-BR\",\"potentialAction\":[{\"@type\":\"ReadAction\",\"target\":[\"https:\/\/rioonwatch.org.br\/?p=68183\"]}]},{\"@type\":\"ImageObject\",\"inLanguage\":\"pt-BR\",\"@id\":\"https:\/\/rioonwatch.org.br\/?p=68183#primaryimage\",\"url\":\"https:\/\/rioonwatch.org.br\/wp-content\/uploads\/2023\/05\/Semanou-Lionel-na-oficina-com-criancas-do-projeto-Agudas.png\",\"contentUrl\":\"https:\/\/rioonwatch.org.br\/wp-content\/uploads\/2023\/05\/Semanou-Lionel-na-oficina-com-criancas-do-projeto-Agudas.png\",\"width\":1920,\"height\":1080,\"caption\":\"S\u00e8manou Lionel com crian\u00e7as do projeto Agud\u00e1s\"},{\"@type\":\"BreadcrumbList\",\"@id\":\"https:\/\/rioonwatch.org.br\/?p=68183#breadcrumb\",\"itemListElement\":[{\"@type\":\"ListItem\",\"position\":1,\"name\":\"In\u00edcio\",\"item\":\"https:\/\/rioonwatch.org.br\/\"},{\"@type\":\"ListItem\",\"position\":2,\"name\":\"Semeando Emo\u00e7\u00f5es e Imprimindo Hist\u00f3rias: Conhe\u00e7a &#8216;Agud\u00e1s&#8217; de S\u00e8manou Lionel [V\u00cdDEO]\"}]},{\"@type\":\"WebSite\",\"@id\":\"https:\/\/rioonwatch.org.br\/#website\",\"url\":\"https:\/\/rioonwatch.org.br\/\",\"name\":\"RioOnWatch\",\"description\":\"relatos das favelas cariocas\",\"publisher\":{\"@id\":\"https:\/\/rioonwatch.org.br\/#organization\"},\"potentialAction\":[{\"@type\":\"SearchAction\",\"target\":{\"@type\":\"EntryPoint\",\"urlTemplate\":\"https:\/\/rioonwatch.org.br\/?s={search_term_string}\"},\"query-input\":{\"@type\":\"PropertyValueSpecification\",\"valueRequired\":true,\"valueName\":\"search_term_string\"}}],\"inLanguage\":\"pt-BR\"},{\"@type\":\"Organization\",\"@id\":\"https:\/\/rioonwatch.org.br\/#organization\",\"name\":\"RioOnWatch\",\"url\":\"https:\/\/rioonwatch.org.br\/\",\"logo\":{\"@type\":\"ImageObject\",\"inLanguage\":\"pt-BR\",\"@id\":\"https:\/\/rioonwatch.org.br\/#\/schema\/logo\/image\/\",\"url\":\"https:\/\/rioonwatch.org.br\/wp-content\/uploads\/2021\/06\/RioOnWatchcabecalhoPT11anos-2.png\",\"contentUrl\":\"https:\/\/rioonwatch.org.br\/wp-content\/uploads\/2021\/06\/RioOnWatchcabecalhoPT11anos-2.png\",\"width\":779,\"height\":277,\"caption\":\"RioOnWatch\"},\"image\":{\"@id\":\"https:\/\/rioonwatch.org.br\/#\/schema\/logo\/image\/\"}},{\"@type\":\"Person\",\"@id\":\"https:\/\/rioonwatch.org.br\/#\/schema\/person\/feb227e5e7679aacc3d672e375cae1bd\",\"name\":\"Janaina Tavares\",\"image\":{\"@type\":\"ImageObject\",\"inLanguage\":\"pt-BR\",\"@id\":\"https:\/\/rioonwatch.org.br\/#\/schema\/person\/image\/\",\"url\":\"https:\/\/secure.gravatar.com\/avatar\/83bb5bb4f8b0c5ad63f35939640eaaa2?s=96&d=blank&r=g\",\"contentUrl\":\"https:\/\/secure.gravatar.com\/avatar\/83bb5bb4f8b0c5ad63f35939640eaaa2?s=96&d=blank&r=g\",\"caption\":\"Janaina Tavares\"},\"url\":\"https:\/\/rioonwatch.org.br\/?author=179\"}]}<\/script>\n<!-- \/ Yoast SEO plugin. -->","yoast_head_json":{"title":"Semeando Emo\u00e7\u00f5es e Imprimindo Hist\u00f3rias: Conhe\u00e7a 'Agud\u00e1s' de S\u00e8manou Lionel [V\u00cdDEO] - RioOnWatch","robots":{"index":"index","follow":"follow","max-snippet":"max-snippet:-1","max-image-preview":"max-image-preview:large","max-video-preview":"max-video-preview:-1"},"canonical":"https:\/\/rioonwatch.org.br\/?p=68183","og_locale":"pt_BR","og_type":"article","og_title":"Semeando Emo\u00e7\u00f5es e Imprimindo Hist\u00f3rias: Conhe\u00e7a 'Agud\u00e1s' de S\u00e8manou Lionel [V\u00cdDEO] - RioOnWatch","og_description":"\ufeff Click Here for English Esta videorreportagem mostra a hist\u00f3ria de S\u00e8manou Lionel, 35, imigrante do Benin, pa\u00eds localizado na \u00c1frica Ocidental. S\u00e8manou vive no Brasil desde 2011, \u00e9 artista, fot\u00f3grafo e cinegrafista. Fez Escola [...]","og_url":"https:\/\/rioonwatch.org.br\/?p=68183","og_site_name":"RioOnWatch","article_published_time":"2023-07-10T09:00:26+00:00","article_modified_time":"2024-06-20T16:41:10+00:00","og_image":[{"width":1118,"height":629,"url":"https:\/\/rioonwatch.org.br\/wp-content\/uploads\/2023\/05\/Semanou-Lionel-na-oficina-com-criancas-do-projeto-Agudas-1118x629.png","type":"image\/png"}],"author":"Janaina Tavares","twitter_card":"summary_large_image","twitter_misc":{"Escrito por":"Janaina Tavares","Est. tempo de leitura":"5 minutos"},"schema":{"@context":"https:\/\/schema.org","@graph":[{"@type":"Article","@id":"https:\/\/rioonwatch.org.br\/?p=68183#article","isPartOf":{"@id":"https:\/\/rioonwatch.org.br\/?p=68183"},"author":{"name":"Janaina Tavares","@id":"https:\/\/rioonwatch.org.br\/#\/schema\/person\/feb227e5e7679aacc3d672e375cae1bd"},"headline":"Semeando Emo\u00e7\u00f5es e Imprimindo Hist\u00f3rias: Conhe\u00e7a &#8216;Agud\u00e1s&#8217; de S\u00e8manou Lionel [V\u00cdDEO]","datePublished":"2023-07-10T09:00:26+00:00","dateModified":"2024-06-20T16:41:10+00:00","mainEntityOfPage":{"@id":"https:\/\/rioonwatch.org.br\/?p=68183"},"wordCount":734,"publisher":{"@id":"https:\/\/rioonwatch.org.br\/#organization"},"image":{"@id":"https:\/\/rioonwatch.org.br\/?p=68183#primaryimage"},"thumbnailUrl":"https:\/\/rioonwatch.org.br\/wp-content\/uploads\/2023\/05\/Semanou-Lionel-na-oficina-com-criancas-do-projeto-Agudas.png","keywords":["\u00c1frica","Antirracismo","arte","Benin","Cidade de Deus","compara\u00e7\u00e3o internacional","cultura","Cultura Afro-brasileira","Di\u00e1spora Africana","direito \u00e0 educa\u00e7\u00e3o","direitos da crian\u00e7a","educa\u00e7\u00e3o","juventude","Mem\u00f3rias Faveladas","mobiliza\u00e7\u00e3o criativa","negritude","PUC","Zona Oeste"],"articleSection":["*Destaque","Entrevistas e Perfis","Escrito por Comunicadores Populares","Representatividade","Solu\u00e7\u00f5es","V\u00eddeo"],"inLanguage":"pt-BR"},{"@type":"WebPage","@id":"https:\/\/rioonwatch.org.br\/?p=68183","url":"https:\/\/rioonwatch.org.br\/?p=68183","name":"Semeando Emo\u00e7\u00f5es e Imprimindo Hist\u00f3rias: Conhe\u00e7a 'Agud\u00e1s' de S\u00e8manou Lionel [V\u00cdDEO] - RioOnWatch","isPartOf":{"@id":"https:\/\/rioonwatch.org.br\/#website"},"primaryImageOfPage":{"@id":"https:\/\/rioonwatch.org.br\/?p=68183#primaryimage"},"image":{"@id":"https:\/\/rioonwatch.org.br\/?p=68183#primaryimage"},"thumbnailUrl":"https:\/\/rioonwatch.org.br\/wp-content\/uploads\/2023\/05\/Semanou-Lionel-na-oficina-com-criancas-do-projeto-Agudas.png","datePublished":"2023-07-10T09:00:26+00:00","dateModified":"2024-06-20T16:41:10+00:00","breadcrumb":{"@id":"https:\/\/rioonwatch.org.br\/?p=68183#breadcrumb"},"inLanguage":"pt-BR","potentialAction":[{"@type":"ReadAction","target":["https:\/\/rioonwatch.org.br\/?p=68183"]}]},{"@type":"ImageObject","inLanguage":"pt-BR","@id":"https:\/\/rioonwatch.org.br\/?p=68183#primaryimage","url":"https:\/\/rioonwatch.org.br\/wp-content\/uploads\/2023\/05\/Semanou-Lionel-na-oficina-com-criancas-do-projeto-Agudas.png","contentUrl":"https:\/\/rioonwatch.org.br\/wp-content\/uploads\/2023\/05\/Semanou-Lionel-na-oficina-com-criancas-do-projeto-Agudas.png","width":1920,"height":1080,"caption":"S\u00e8manou Lionel com crian\u00e7as do projeto Agud\u00e1s"},{"@type":"BreadcrumbList","@id":"https:\/\/rioonwatch.org.br\/?p=68183#breadcrumb","itemListElement":[{"@type":"ListItem","position":1,"name":"In\u00edcio","item":"https:\/\/rioonwatch.org.br\/"},{"@type":"ListItem","position":2,"name":"Semeando Emo\u00e7\u00f5es e Imprimindo Hist\u00f3rias: Conhe\u00e7a &#8216;Agud\u00e1s&#8217; de S\u00e8manou Lionel [V\u00cdDEO]"}]},{"@type":"WebSite","@id":"https:\/\/rioonwatch.org.br\/#website","url":"https:\/\/rioonwatch.org.br\/","name":"RioOnWatch","description":"relatos das favelas cariocas","publisher":{"@id":"https:\/\/rioonwatch.org.br\/#organization"},"potentialAction":[{"@type":"SearchAction","target":{"@type":"EntryPoint","urlTemplate":"https:\/\/rioonwatch.org.br\/?s={search_term_string}"},"query-input":{"@type":"PropertyValueSpecification","valueRequired":true,"valueName":"search_term_string"}}],"inLanguage":"pt-BR"},{"@type":"Organization","@id":"https:\/\/rioonwatch.org.br\/#organization","name":"RioOnWatch","url":"https:\/\/rioonwatch.org.br\/","logo":{"@type":"ImageObject","inLanguage":"pt-BR","@id":"https:\/\/rioonwatch.org.br\/#\/schema\/logo\/image\/","url":"https:\/\/rioonwatch.org.br\/wp-content\/uploads\/2021\/06\/RioOnWatchcabecalhoPT11anos-2.png","contentUrl":"https:\/\/rioonwatch.org.br\/wp-content\/uploads\/2021\/06\/RioOnWatchcabecalhoPT11anos-2.png","width":779,"height":277,"caption":"RioOnWatch"},"image":{"@id":"https:\/\/rioonwatch.org.br\/#\/schema\/logo\/image\/"}},{"@type":"Person","@id":"https:\/\/rioonwatch.org.br\/#\/schema\/person\/feb227e5e7679aacc3d672e375cae1bd","name":"Janaina Tavares","image":{"@type":"ImageObject","inLanguage":"pt-BR","@id":"https:\/\/rioonwatch.org.br\/#\/schema\/person\/image\/","url":"https:\/\/secure.gravatar.com\/avatar\/83bb5bb4f8b0c5ad63f35939640eaaa2?s=96&d=blank&r=g","contentUrl":"https:\/\/secure.gravatar.com\/avatar\/83bb5bb4f8b0c5ad63f35939640eaaa2?s=96&d=blank&r=g","caption":"Janaina Tavares"},"url":"https:\/\/rioonwatch.org.br\/?author=179"}]}},"_links":{"self":[{"href":"https:\/\/rioonwatch.org.br\/index.php?rest_route=\/wp\/v2\/posts\/68183"}],"collection":[{"href":"https:\/\/rioonwatch.org.br\/index.php?rest_route=\/wp\/v2\/posts"}],"about":[{"href":"https:\/\/rioonwatch.org.br\/index.php?rest_route=\/wp\/v2\/types\/post"}],"author":[{"embeddable":true,"href":"https:\/\/rioonwatch.org.br\/index.php?rest_route=\/wp\/v2\/users\/179"}],"replies":[{"embeddable":true,"href":"https:\/\/rioonwatch.org.br\/index.php?rest_route=%2Fwp%2Fv2%2Fcomments&post=68183"}],"version-history":[{"count":32,"href":"https:\/\/rioonwatch.org.br\/index.php?rest_route=\/wp\/v2\/posts\/68183\/revisions"}],"predecessor-version":[{"id":70807,"href":"https:\/\/rioonwatch.org.br\/index.php?rest_route=\/wp\/v2\/posts\/68183\/revisions\/70807"}],"wp:featuredmedia":[{"embeddable":true,"href":"https:\/\/rioonwatch.org.br\/index.php?rest_route=\/wp\/v2\/media\/68648"}],"wp:attachment":[{"href":"https:\/\/rioonwatch.org.br\/index.php?rest_route=%2Fwp%2Fv2%2Fmedia&parent=68183"}],"wp:term":[{"taxonomy":"category","embeddable":true,"href":"https:\/\/rioonwatch.org.br\/index.php?rest_route=%2Fwp%2Fv2%2Fcategories&post=68183"},{"taxonomy":"post_tag","embeddable":true,"href":"https:\/\/rioonwatch.org.br\/index.php?rest_route=%2Fwp%2Fv2%2Ftags&post=68183"},{"taxonomy":"writer","embeddable":true,"href":"https:\/\/rioonwatch.org.br\/index.php?rest_route=%2Fwp%2Fv2%2Fwriter&post=68183"},{"taxonomy":"translator","embeddable":true,"href":"https:\/\/rioonwatch.org.br\/index.php?rest_route=%2Fwp%2Fv2%2Ftranslator&post=68183"},{"taxonomy":"source","embeddable":true,"href":"https:\/\/rioonwatch.org.br\/index.php?rest_route=%2Fwp%2Fv2%2Fsource&post=68183"},{"taxonomy":"ilustrador","embeddable":true,"href":"https:\/\/rioonwatch.org.br\/index.php?rest_route=%2Fwp%2Fv2%2Filustrador&post=68183"},{"taxonomy":"fotografo","embeddable":true,"href":"https:\/\/rioonwatch.org.br\/index.php?rest_route=%2Fwp%2Fv2%2Ffotografo&post=68183"}],"curies":[{"name":"wp","href":"https:\/\/api.w.org\/{rel}","templated":true}]}}