{"id":68617,"date":"2023-07-30T16:46:31","date_gmt":"2023-07-30T19:46:31","guid":{"rendered":"https:\/\/rioonwatch.org.br\/?p=68617"},"modified":"2023-09-15T11:21:49","modified_gmt":"2023-09-15T14:21:49","slug":"a-luta-dos-camelos-no-rio-de-janeiro-meu-trabalho-informal-importa-video","status":"publish","type":"post","link":"https:\/\/rioonwatch.org.br\/?p=68617","title":{"rendered":"A Luta dos Camel\u00f4s no Rio de Janeiro: Meu Trabalho Informal Importa [V\u00cdDEO]"},"content":{"rendered":"<p><iframe title=\"YouTube video player\" src=\"https:\/\/www.youtube.com\/embed\/zeub9-FBEM8\" width=\"1030\" height=\"580\" frameborder=\"0\" allowfullscreen=\"allowfullscreen\"><span data-mce-type=\"bookmark\" style=\"display: inline-block; width: 0px; overflow: hidden; line-height: 0;\" class=\"mce_SELRES_start\">\ufeff<\/span><span data-mce-type=\"bookmark\" style=\"display: inline-block; width: 0px; overflow: hidden; line-height: 0;\" class=\"mce_SELRES_start\">\ufeff<\/span><\/iframe><\/p>\n<p style=\"text-align: right;\"><a href=\"https:\/\/bit.ly\/44S2WmI\" target=\"_blank\" rel=\"noopener\"><em><strong>Click Here for English<img decoding=\"async\" class=\"alignright wp-image-15790\" src=\"https:\/\/rioonwatch.org.br\/wp-content\/uploads\/2012\/08\/EN-standard-e1439583104716.jpg\" alt=\"\" width=\"20\" height=\"20\" \/><\/strong><\/em><\/a><\/p>\n<p><em><span style=\"font-weight: 400;\"><a href=\"https:\/\/bit.ly\/LutaDosCamelos\" target=\"_blank\" rel=\"noopener\">Esta videorreportagem<\/a> traz relatos de tr\u00eas camel\u00f4s e mostra a realidade vivida por estes trabalhadores informais nas ruas do Rio de Janeiro.<\/span><\/em><\/p>\n<p><span style=\"font-weight: 400;\">O v\u00eddeo traz a perspectiva de Maria de Lourdes do Carmo, 48, conhecida como <a href=\"https:\/\/bit.ly\/46RIV1U\" target=\"_blank\" rel=\"noopener\">Maria dos Camel\u00f4s<\/a>, lideran\u00e7a de classe, que trabalha nas ruas desde 1996. Maria h\u00e1 20 anos \u00e9 coordenadora do Movimento Unido dos Camel\u00f4s (<a href=\"https:\/\/bit.ly\/44Mu0VG\" target=\"_blank\" rel=\"noopener\">MUCA<\/a>), que <a href=\"https:\/\/bit.ly\/3MI4cC3\" target=\"_blank\" rel=\"noopener\">nasce em 2003<\/a>, em um momento de indigna\u00e7\u00e3o depois de uma agress\u00e3o que ela sofre da Guarda Municipal (<a href=\"https:\/\/bit.ly\/3hmf4Ef\" target=\"_blank\" rel=\"noopener\">GM<\/a>), no <a href=\"https:\/\/bit.ly\/2x1dXEP\" target=\"_blank\" rel=\"noopener\">Centro<\/a> do Rio de Janeiro. Neste evento, Maria dos Camel\u00f4s foi espancada por guardas municipais 15 dias ap\u00f3s ter dado \u00e0 luz um filho.<\/span><\/p>\n<figure id=\"attachment_69596\" aria-describedby=\"caption-attachment-69596\" style=\"width: 1366px\" class=\"wp-caption aligncenter\"><img fetchpriority=\"high\" decoding=\"async\" class=\"wp-image-69596 size-full\" title=\"Maria de Lourdes do Carmo, 48, conhecida como Maria dos Camel\u00f4s, lideran\u00e7a de classe, que trabalha nas ruas desde 1996. Maria h\u00e1 20 anos \u00e9 coordenadora do Movimento Unido dos Camel\u00f4s (MUCA).\" src=\"https:\/\/rioonwatch.org.br\/wp-content\/uploads\/2023\/07\/Maria-de-Lourdes-do-Carmo-48-conhecida-como-Maria-dos-Camelos-lideranca-de-classe-que-trabalha-nas-ruas-desde-1996.-Maria-ha-20-anos-e-coordenadora-do-Movimento-Unido-dos-Camelos-MUCA-1.png\" alt=\"Maria de Lourdes do Carmo, 48, conhecida como Maria dos Camel\u00f4s, lideran\u00e7a de classe, que trabalha nas ruas desde 1996. Maria h\u00e1 20 anos \u00e9 coordenadora do Movimento Unido dos Camel\u00f4s (MUCA).\" width=\"1366\" height=\"768\" srcset=\"https:\/\/rioonwatch.org.br\/wp-content\/uploads\/2023\/07\/Maria-de-Lourdes-do-Carmo-48-conhecida-como-Maria-dos-Camelos-lideranca-de-classe-que-trabalha-nas-ruas-desde-1996.-Maria-ha-20-anos-e-coordenadora-do-Movimento-Unido-dos-Camelos-MUCA-1.png 1366w, https:\/\/rioonwatch.org.br\/wp-content\/uploads\/2023\/07\/Maria-de-Lourdes-do-Carmo-48-conhecida-como-Maria-dos-Camelos-lideranca-de-classe-que-trabalha-nas-ruas-desde-1996.-Maria-ha-20-anos-e-coordenadora-do-Movimento-Unido-dos-Camelos-MUCA-1-620x349.png 620w, https:\/\/rioonwatch.org.br\/wp-content\/uploads\/2023\/07\/Maria-de-Lourdes-do-Carmo-48-conhecida-como-Maria-dos-Camelos-lideranca-de-classe-que-trabalha-nas-ruas-desde-1996.-Maria-ha-20-anos-e-coordenadora-do-Movimento-Unido-dos-Camelos-MUCA-1-1119x629.png 1119w\" sizes=\"(max-width: 1366px) 100vw, 1366px\" \/><figcaption id=\"caption-attachment-69596\" class=\"wp-caption-text\">Maria de Lourdes do Carmo, 48, conhecida como Maria dos Camel\u00f4s, lideran\u00e7a de classe, que trabalha nas ruas desde 1996. Maria h\u00e1 20 anos \u00e9 coordenadora do Movimento Unido dos Camel\u00f4s (MUCA).<\/figcaption><\/figure>\n<figure id=\"attachment_69588\" aria-describedby=\"caption-attachment-69588\" style=\"width: 500px\" class=\"wp-caption alignright\"><img decoding=\"async\" class=\"wp-image-69588\" title=\"Cristina de Oliveira, moradora da Ladeira dos Tabajaras, em Copacabana, na Zona Sul, \u00e9 camel\u00f4 h\u00e1 mais de uma d\u00e9cada, \u00e9 m\u00e3e e sustenta seus filhos com seu trabalho informal.\" src=\"https:\/\/rioonwatch.org.br\/wp-content\/uploads\/2023\/07\/Cristina-de-Oliveira-moradora-da-Ladeira-dos-Tabajaras-em-Copacabana-na-Zona-Sul-e-camelo-ha-mais-de-uma-decada-e-mae-e-sustenta-seus-filhos-com-seu-trabalho-informal-620x349.png\" alt=\"Cristina de Oliveira, moradora da Ladeira dos Tabajaras, em Copacabana, na Zona Sul, \u00e9 camel\u00f4 h\u00e1 mais de uma d\u00e9cada, \u00e9 m\u00e3e e sustenta seus filhos com seu trabalho informal.\" width=\"500\" height=\"281\" srcset=\"https:\/\/rioonwatch.org.br\/wp-content\/uploads\/2023\/07\/Cristina-de-Oliveira-moradora-da-Ladeira-dos-Tabajaras-em-Copacabana-na-Zona-Sul-e-camelo-ha-mais-de-uma-decada-e-mae-e-sustenta-seus-filhos-com-seu-trabalho-informal-620x349.png 620w, https:\/\/rioonwatch.org.br\/wp-content\/uploads\/2023\/07\/Cristina-de-Oliveira-moradora-da-Ladeira-dos-Tabajaras-em-Copacabana-na-Zona-Sul-e-camelo-ha-mais-de-uma-decada-e-mae-e-sustenta-seus-filhos-com-seu-trabalho-informal-1119x629.png 1119w, https:\/\/rioonwatch.org.br\/wp-content\/uploads\/2023\/07\/Cristina-de-Oliveira-moradora-da-Ladeira-dos-Tabajaras-em-Copacabana-na-Zona-Sul-e-camelo-ha-mais-de-uma-decada-e-mae-e-sustenta-seus-filhos-com-seu-trabalho-informal.png 1366w\" sizes=\"(max-width: 500px) 100vw, 500px\" \/><figcaption id=\"caption-attachment-69588\" class=\"wp-caption-text\">Cristina de Oliveira, moradora da Ladeira dos Tabajaras, em Copacabana, na Zona Sul, \u00e9 camel\u00f4 h\u00e1 mais de uma d\u00e9cada, \u00e9 m\u00e3e e sustenta seus filhos com seu trabalho informal.<\/figcaption><\/figure>\n<p><span style=\"font-weight: 400;\">Al\u00e9m de Maria dos Camel\u00f4s, est\u00e3o neste minidocument\u00e1rio dois outros camel\u00f4s, que relataram suas experi\u00eancias na luta di\u00e1ria pelo sustento nas ruas do Rio de Janeiro. Cristina de Oliveira, moradora da <a href=\"https:\/\/bit.ly\/2VNExxP\" target=\"_blank\" rel=\"noopener\">Ladeira dos Tabajaras<\/a>, em <a href=\"https:\/\/bit.ly\/3aYr10N\" target=\"_blank\" rel=\"noopener\">Copacabana<\/a>, na <a href=\"https:\/\/bit.ly\/2WL6FUi\" target=\"_blank\" rel=\"noopener\">Zona Sul<\/a> da cidade do Rio, \u00e9 camel\u00f4 h\u00e1 mais de uma d\u00e9cada, m\u00e3e, e sustenta seus filhos com seu trabalho informal. Inicialmente, ela tinha um carrinho de lanches, mas, por press\u00e3o da fiscaliza\u00e7\u00e3o da prefeitura, depois de diversas apreens\u00f5es de seu material de trabalho e de muito preju\u00edzo, ela resolveu mudar de mercadoria e passou a vender artesanato, que ela pr\u00f3pria fabrica.<\/span><\/p>\n<blockquote><p><span style=\"font-weight: 400;\"> \u201cEu fui para o artesanato porque \u00e9 mais f\u00e1cil pra eu correr. Antigamente eles respeitavam o artesanato, agora nem o artesanato eles respeitam&#8230; tenho que trazer meu material pra correr deles, porque eles tomam, eles quebram, sendo que tudo tem nota fiscal.\u201d \u2014 Cristina de Oliveira<\/span><\/p><\/blockquote>\n<p><span style=\"font-weight: 400;\">Ela relata estar h\u00e1 mais de uma d\u00e9cada esperando, sem sucesso, a permiss\u00e3o da prefeitura para trabalhar como camel\u00f4 de forma legal. Desde 2009, Cristina diz ter diversos pedidos, impetrados na prefeitura, para permiss\u00e3o de trabalho ambulante, tanto de comida, quanto de artesanato.<\/span><\/p>\n<blockquote><p><span style=\"font-weight: 400;\">\u201cA gente tem sofrido muita trucul\u00eancia com a Guarda [Municipal]. Fiscais vem \u00e0 paisana, vem com grosseria na abordagem, no modo de tratar a gente. A gente s\u00f3 quer, na verdade, a nossa legaliza\u00e7\u00e3o&#8230; junto com o MUCA a gente quer abrir uma negocia\u00e7\u00e3o com a prefeitura, abrir um di\u00e1logo com a prefeitura&#8230; ningu\u00e9m quer ficar informal! A gente s\u00f3 quer o direito ao trabalho, o direito de sustentar os filhos da gente!\u201d \u2014 Cristina de Oliveira<\/span><\/p><\/blockquote>\n<figure id=\"attachment_69587\" aria-describedby=\"caption-attachment-69587\" style=\"width: 500px\" class=\"wp-caption alignright\"><img loading=\"lazy\" decoding=\"async\" class=\"wp-image-69587\" title=\"Lucas Yan Antunes Santos, morador da Vila Alian\u00e7a, em Bangu, na Zona Oeste, \u00e9 camel\u00f4, dono de uma banca m\u00f3vel de venda de balas, chicletes, cigarros e etc. Ele tem medo da Guarda Municipal, que j\u00e1 lhe agrediu outras vezes, enquanto trabalhava.\" src=\"https:\/\/rioonwatch.org.br\/wp-content\/uploads\/2023\/07\/Lucas-Yan-Antunes-Santos-da-Vila-Alianca-em-Bangu-na-Zona-Oeste-e-camelo-dono-de-uma-banca-movel-de-venda-de-balas-chicletes-cigarros.-Ele-tem-medo-da-Guarda-Municipal-que-ja-lhe-agrediu-620x349.png\" alt=\"Lucas Yan Antunes Santos, morador da Vila Alian\u00e7a, em Bangu, na Zona Oeste, \u00e9 camel\u00f4, dono de uma banca m\u00f3vel de venda de balas, chicletes, cigarros e etc. Ele tem medo da Guarda Municipal, que j\u00e1 lhe agrediu outras vezes, enquanto trabalhava.\" width=\"500\" height=\"281\" srcset=\"https:\/\/rioonwatch.org.br\/wp-content\/uploads\/2023\/07\/Lucas-Yan-Antunes-Santos-da-Vila-Alianca-em-Bangu-na-Zona-Oeste-e-camelo-dono-de-uma-banca-movel-de-venda-de-balas-chicletes-cigarros.-Ele-tem-medo-da-Guarda-Municipal-que-ja-lhe-agrediu-620x349.png 620w, https:\/\/rioonwatch.org.br\/wp-content\/uploads\/2023\/07\/Lucas-Yan-Antunes-Santos-da-Vila-Alianca-em-Bangu-na-Zona-Oeste-e-camelo-dono-de-uma-banca-movel-de-venda-de-balas-chicletes-cigarros.-Ele-tem-medo-da-Guarda-Municipal-que-ja-lhe-agrediu-1119x629.png 1119w, https:\/\/rioonwatch.org.br\/wp-content\/uploads\/2023\/07\/Lucas-Yan-Antunes-Santos-da-Vila-Alianca-em-Bangu-na-Zona-Oeste-e-camelo-dono-de-uma-banca-movel-de-venda-de-balas-chicletes-cigarros.-Ele-tem-medo-da-Guarda-Municipal-que-ja-lhe-agrediu.png 1366w\" sizes=\"(max-width: 500px) 100vw, 500px\" \/><figcaption id=\"caption-attachment-69587\" class=\"wp-caption-text\">Lucas Yan Antunes Santos, morador da Vila Alian\u00e7a, em Bangu, na Zona Oeste, \u00e9 camel\u00f4, dono de uma banca m\u00f3vel de venda de balas, chicletes, cigarros e etc. Ele tem medo da Guarda Municipal, que j\u00e1 lhe agrediu outras vezes, enquanto trabalhava.<\/figcaption><\/figure>\n<p><span style=\"font-weight: 400;\">Situa\u00e7\u00e3o parecida com a vivida por Lucas Yan Antunes Santos, morador da <a href=\"https:\/\/bit.ly\/2WNW89U\" target=\"_blank\" rel=\"noopener\">Vila Alian\u00e7a<\/a>, no bairro de <a href=\"https:\/\/bit.ly\/2ZuV10G\" target=\"_blank\" rel=\"noopener\">Bangu<\/a>, na <a href=\"https:\/\/bit.ly\/2VcmBwc\" target=\"_blank\" rel=\"noopener\">Zona Oeste<\/a>. Camel\u00f4, Lucas \u00e9 dono de uma banca m\u00f3vel de venda de balas, chicletes, e cigarros a varejo, que ele diz ser \u201cmeu empreendimento, minha pequena empresa, meu grande neg\u00f3cio\u201d. Ele \u00e9 dono de uma bomboni\u00e8re ambulante, que garante conforto a seus clientes por onde quer que passe e que sustenta seus filhos. No entanto, ele afirma sentir medo de trabalhar como camel\u00f4 pelas ruas do Rio, por j\u00e1 ter sido violentamente agredido por agentes da Guarda Municipal, em Copacabana. Ele tem medo de ser atacado novamente e de n\u00e3o voltar para seus filhos, n\u00e3o voltar para casa. <\/span><\/p>\n<blockquote><p>\u201cA rua \u00e9 um palco grande para quem quiser trabalhar, trabalhar&#8230; Emprego n\u00e3o tem, mas trabalho tem&#8230; Mas o problema \u00e9 que quando eu vou trabalhar, eu tenho uma barreira na rua&#8230; a Guarda Municipal&#8230; que entra pra pegar minhas mercadorias&#8230; Aqui eu fico vulner\u00e1vel, os caras [da Guarda Municipal que me agrediram] foram trocados de lugar. Eu nem sei quem foram os caras, amanh\u00e3 ou depois pode acontecer uma covardia comigo. At\u00e9 hoje estou tentando saber quem matou Marielle e eu n\u00e3o sei! A\u00ed, vai saber, eu? Que n\u00e3o sou ningu\u00e9m? Amanh\u00e3 ou depois [vai escutar]: &#8216;sumiu fulano&#8217;!\u201d \u2014 Lucas Yan Antunes Santos<\/p><\/blockquote>\n<p><span style=\"font-weight: 400;\">O <a href=\"https:\/\/bit.ly\/46Q1wvr\" target=\"_blank\" rel=\"noopener\">direito ao trabalho<\/a> e <a href=\"https:\/\/bit.ly\/3aY4PCT\" target=\"_blank\" rel=\"noopener\">\u00e0 cidade<\/a> s\u00e3o pautas centrais desses trabalhadores. A busca por um trabalho com seguran\u00e7a, garantias e respeito bate de frente com pol\u00edticas p\u00fablicas que excluem os camel\u00f4s do Centro e da Zona Sul da cidade do Rio de Janeiro.<\/span><\/p>\n<p><span style=\"font-weight: 400;\">No Brasil, a <a href=\"https:\/\/bit.ly\/44MNuJs\" target=\"_blank\" rel=\"noopener\">taxa de desemprego vem diminuindo<\/a> em parte por conta d<\/span><span style=\"font-weight: 400;\">o <a href=\"https:\/\/bit.ly\/3pTdN1i\" target=\"_blank\" rel=\"noopener\">aumento do trabalho informal<\/a> que, para diversos trabalhadores, \u00e9 a \u00fanica fonte de renda para suas fam\u00edlias. No Rio de Janeiro, al\u00e9m das dificuldades comuns aos trabalhadores informais, os camel\u00f4s ainda enfrentam forte repress\u00e3o e a trucul\u00eancia da Guarda Municipal e da Secretaria Municipal de Ordem P\u00fablica (<a href=\"https:\/\/bit.ly\/2HSkjgb\" target=\"_blank\" rel=\"noopener\">SEOP<\/a>). A <\/span><span style=\"font-weight: 400;\">falta de di\u00e1logo com esses trabalhadores \u00e9 marca do governo <a href=\"https:\/\/bit.ly\/2H9hSrV\" target=\"_blank\" rel=\"noopener\">Eduardo Paes<\/a>. Por outro lado, a luta dos camel\u00f4s \u00e9 constante.<\/span><\/p>\n<figure id=\"attachment_69592\" aria-describedby=\"caption-attachment-69592\" style=\"width: 1366px\" class=\"wp-caption aligncenter\"><img loading=\"lazy\" decoding=\"async\" class=\"wp-image-69592 size-full\" title=\"No dia 31 de janeiro de 2023, ap\u00f3s a ocupa\u00e7\u00e3o do gabinete do Prefeito Eduardo Paes pelo Movimento Unido dos Camel\u00f4s (MUCA), o Secret\u00e1rio Municipal de Ordem P\u00fablica Brenno Carnevale aceitou receber os camel\u00f4s. Ap\u00f3s a reuni\u00e3o, o secret\u00e1rio revogou a Resolu\u00e7\u00e3o 439 em janeiro de 2023, que burocratizava a devolu\u00e7\u00e3o de mercadorias, uma demanda apresentada pela categoria.\" src=\"https:\/\/rioonwatch.org.br\/wp-content\/uploads\/2023\/07\/No-dia-31-de-janeiro-de-2023-apos-ocupacao-do-gabinete-do-Prefeito-Eduardo-Paes-pelo-Movimento-Unido-dos-Camelos-MUCA-Secretario-Municipal-de-Ordem-Publica-Brenno-Carnevale-e-MUCA-se-reuniram.png\" alt=\"No dia 31 de janeiro de 2023, ap\u00f3s a ocupa\u00e7\u00e3o do gabinete do Prefeito Eduardo Paes pelo Movimento Unido dos Camel\u00f4s (MUCA), o Secret\u00e1rio Municipal de Ordem P\u00fablica Brenno Carnevale aceitou receber os camel\u00f4s. Ap\u00f3s a reuni\u00e3o, o secret\u00e1rio revogou a Resolu\u00e7\u00e3o 439 em janeiro de 2023, que burocratizava a devolu\u00e7\u00e3o de mercadorias, uma demanda apresentada pela categoria.\" width=\"1366\" height=\"768\" srcset=\"https:\/\/rioonwatch.org.br\/wp-content\/uploads\/2023\/07\/No-dia-31-de-janeiro-de-2023-apos-ocupacao-do-gabinete-do-Prefeito-Eduardo-Paes-pelo-Movimento-Unido-dos-Camelos-MUCA-Secretario-Municipal-de-Ordem-Publica-Brenno-Carnevale-e-MUCA-se-reuniram.png 1366w, https:\/\/rioonwatch.org.br\/wp-content\/uploads\/2023\/07\/No-dia-31-de-janeiro-de-2023-apos-ocupacao-do-gabinete-do-Prefeito-Eduardo-Paes-pelo-Movimento-Unido-dos-Camelos-MUCA-Secretario-Municipal-de-Ordem-Publica-Brenno-Carnevale-e-MUCA-se-reuniram-620x349.png 620w, https:\/\/rioonwatch.org.br\/wp-content\/uploads\/2023\/07\/No-dia-31-de-janeiro-de-2023-apos-ocupacao-do-gabinete-do-Prefeito-Eduardo-Paes-pelo-Movimento-Unido-dos-Camelos-MUCA-Secretario-Municipal-de-Ordem-Publica-Brenno-Carnevale-e-MUCA-se-reuniram-1119x629.png 1119w\" sizes=\"(max-width: 1366px) 100vw, 1366px\" \/><figcaption id=\"caption-attachment-69592\" class=\"wp-caption-text\">No dia 31 de janeiro de 2023, ap\u00f3s a ocupa\u00e7\u00e3o do gabinete do Prefeito Eduardo Paes pelo Movimento Unido dos Camel\u00f4s (MUCA), o Secret\u00e1rio Municipal de Ordem P\u00fablica Brenno Carnevale aceitou receber os camel\u00f4s. Ap\u00f3s a reuni\u00e3o, o secret\u00e1rio revogou a Resolu\u00e7\u00e3o 439 em janeiro de 2023, que burocratizava a devolu\u00e7\u00e3o de mercadorias, uma demanda apresentada pela categoria.<\/figcaption><\/figure>\n<p><span style=\"font-weight: 400;\"> Exemplo disso \u00e9 a atua\u00e7\u00e3o do Movimento Unido dos Camel\u00f4s, que existe em defesa da categoria diante da marginaliza\u00e7\u00e3o e da falta de di\u00e1logo promovidas pelo governo municipal do Rio de Janeiro. O MUCA tem realizado manifesta\u00e7\u00f5es nas ruas, reivindicando formaliza\u00e7\u00e3o e o fim da viol\u00eancia usada contra os camel\u00f4s. Ent\u00e3o, para quem algum dia compra uma bala em um \u00f4nibus, trem, barca ou metr\u00f4, para aqueles que compram um queijo ou um mate na praia, ou para os que compram uma cerveja num bloco, \u00e9 bom sempre lembrar que: &#8220;O camel\u00f4 \u00e9 meu amigo, mexeu com ele mexeu comigo!\u201d.<\/span><\/p>\n<h3>Assista a Videorreportagem <a href=\"https:\/\/bit.ly\/LutaDosCamelos\" target=\"_blank\" rel=\"noopener\">Aqui<\/a>.<\/h3>\n<figure id=\"attachment_69585\" aria-describedby=\"caption-attachment-69585\" style=\"width: 1366px\" class=\"wp-caption aligncenter\"><img loading=\"lazy\" decoding=\"async\" class=\"wp-image-69585 size-full\" title=\"Maria de Lourdes do Carmo, 48, conhecida como Maria dos Camel\u00f4s, lideran\u00e7a de classe, que trabalha nas ruas desde 1996. Maria h\u00e1 20 anos \u00e9 coordenadora do Movimento Unido dos Camel\u00f4s (MUCA), nascido em 2003.\" src=\"https:\/\/rioonwatch.org.br\/wp-content\/uploads\/2023\/07\/Maria-de-Lourdes-do-Carmo-48-conhecida-como-Maria-dos-Camelos-lideranca-de-classe-que-trabalha-nas-ruas-desde-1996.-Maria-ha-20-anos-e-coordenadora-do-Movimento-Unido-dos-Camelos-MUCA.png\" alt=\"Maria de Lourdes do Carmo, 48, conhecida como Maria dos Camel\u00f4s, lideran\u00e7a de classe, que trabalha nas ruas desde 1996. Maria h\u00e1 20 anos \u00e9 coordenadora do Movimento Unido dos Camel\u00f4s (MUCA), nascido em 2003.\" width=\"1366\" height=\"768\" srcset=\"https:\/\/rioonwatch.org.br\/wp-content\/uploads\/2023\/07\/Maria-de-Lourdes-do-Carmo-48-conhecida-como-Maria-dos-Camelos-lideranca-de-classe-que-trabalha-nas-ruas-desde-1996.-Maria-ha-20-anos-e-coordenadora-do-Movimento-Unido-dos-Camelos-MUCA.png 1366w, https:\/\/rioonwatch.org.br\/wp-content\/uploads\/2023\/07\/Maria-de-Lourdes-do-Carmo-48-conhecida-como-Maria-dos-Camelos-lideranca-de-classe-que-trabalha-nas-ruas-desde-1996.-Maria-ha-20-anos-e-coordenadora-do-Movimento-Unido-dos-Camelos-MUCA-620x349.png 620w, https:\/\/rioonwatch.org.br\/wp-content\/uploads\/2023\/07\/Maria-de-Lourdes-do-Carmo-48-conhecida-como-Maria-dos-Camelos-lideranca-de-classe-que-trabalha-nas-ruas-desde-1996.-Maria-ha-20-anos-e-coordenadora-do-Movimento-Unido-dos-Camelos-MUCA-1119x629.png 1119w\" sizes=\"(max-width: 1366px) 100vw, 1366px\" \/><figcaption id=\"caption-attachment-69585\" class=\"wp-caption-text\">Maria de Lourdes do Carmo, 48, conhecida como Maria dos Camel\u00f4s, lideran\u00e7a de classe, que trabalha nas ruas desde 1996. Maria h\u00e1 20 anos \u00e9 coordenadora do Movimento Unido dos Camel\u00f4s (MUCA), nascido em 2003.<\/figcaption><\/figure>\n<p><em>Sobre o autor:\u00a0<a class=\"c-link\" tabindex=\"-1\" href=\"https:\/\/bit.ly\/3hDyudK\" target=\"_blank\" rel=\"noopener noreferrer\" data-stringify-link=\"https:\/\/bit.ly\/3hDyudK\" data-sk=\"tooltip_parent\" data-remove-tab-index=\"true\"><span class=\"c-mrkdwn__highlight\">Vin\u00edcius<\/span>\u00a0<span class=\"c-mrkdwn__highlight\">Ribeiro<\/span><\/a>\u00a0\u00e9 nascido e criado na Zona Oeste, entre a Estrada da Posse, em Sant\u00edssimo, e o Barata, em Realengo. Atualmente mora na\u00a0<a href=\"https:\/\/bit.ly\/2J8Xt4f\" target=\"_blank\" rel=\"noopener\">Mangueira<\/a>.\u00a0Jornalista, cineasta e fot\u00f3grafo, \u00e9 membro do\u00a0<a class=\"c-link\" tabindex=\"-1\" href=\"https:\/\/bit.ly\/3vfY8bj\" target=\"_blank\" rel=\"noopener noreferrer\" data-stringify-link=\"https:\/\/bit.ly\/3vfY8bj\" data-sk=\"tooltip_parent\" data-remove-tab-index=\"true\">Coletivo Fotoguerrilha<\/a>. Assina dire\u00e7\u00e3o e roteiro dos curtas\u00a0<a class=\"c-link\" tabindex=\"-1\" href=\"https:\/\/bit.ly\/3Y2XZEX\" target=\"_blank\" rel=\"noopener noreferrer\" data-stringify-link=\"https:\/\/youtu.be\/2mE7UUymocs\" data-sk=\"tooltip_parent\" data-remove-tab-index=\"true\">Sobreviver<\/a>,\u00a0<a class=\"c-link\" tabindex=\"-1\" href=\"https:\/\/bit.ly\/3FPRBt1\" target=\"_blank\" rel=\"noopener noreferrer\" data-stringify-link=\"https:\/\/bit.ly\/3FPRBt1\" data-sk=\"tooltip_parent\" data-remove-tab-index=\"true\">Dame Candole<\/a>,\u00a0<a class=\"c-link\" tabindex=\"-1\" href=\"https:\/\/bit.ly\/3jr5czR\" target=\"_blank\" rel=\"noopener noreferrer\" data-stringify-link=\"https:\/\/www.youtube.com\/watch?v=9-vIUocJ6zY\" data-sk=\"tooltip_parent\" data-remove-tab-index=\"true\">Sob o Mesmo Teto<\/a>\u00a0e\u00a0<a class=\"c-link\" tabindex=\"-1\" href=\"https:\/\/bit.ly\/3wRcHD5\" target=\"_blank\" rel=\"noopener noreferrer\" data-stringify-link=\"https:\/\/youtu.be\/4RrEj6zAKk8\" data-sk=\"tooltip_parent\" data-remove-tab-index=\"true\">Entregadores<\/a>. Atualmente, est\u00e1 em um projeto sobre uberiza\u00e7\u00e3o e precariza\u00e7\u00e3o do trabalho.<\/em><\/p>\n<hr \/>\n<h4><b data-stringify-type=\"bold\">Apoie nossos esfor\u00e7os para fornecer apoio estrat\u00e9gico \u00e0s favelas do Rio, incluindo o jornalismo hiperlocal, cr\u00edtico, inovador e incans\u00e1vel do\u00a0<\/b><b data-stringify-type=\"bold\"><i data-stringify-type=\"italic\">RioOnWatch<\/i><\/b>\u2014<a class=\"c-link\" href=\"http:\/\/www.bit.ly\/ApoieROW\" target=\"_blank\" rel=\"noopener noreferrer\" data-stringify-link=\"http:\/\/www.bit.ly\/ApoieROW\" data-sk=\"tooltip_parent\">doe aqui<\/a>.<\/h4>\n<!-- AddThis Advanced Settings generic via filter on the_content --><!-- AddThis Share Buttons generic via filter on the_content -->","protected":false},"excerpt":{"rendered":"<div class=\"mh-excerpt\"><p>\ufeff\ufeff Click Here for English Esta videorreportagem traz relatos de tr\u00eas camel\u00f4s e mostra a realidade vivida por estes trabalhadores informais nas ruas do Rio de Janeiro. O v\u00eddeo traz a perspectiva de Maria de <a class=\"mh-excerpt-more\" href=\"https:\/\/rioonwatch.org.br\/?p=68617\" title=\"A Luta dos Camel\u00f4s no Rio de Janeiro: Meu Trabalho Informal Importa [V\u00cdDEO]\">[&#8230;]<\/a><!-- AddThis Advanced Settings generic via filter on get_the_excerpt --><!-- AddThis Share Buttons generic via filter on get_the_excerpt --><\/p>\n<\/div>","protected":false},"author":179,"featured_media":69585,"comment_status":"closed","ping_status":"closed","sticky":false,"template":"template-full.php","format":"standard","meta":{"_acf_changed":false,"_monsterinsights_skip_tracking":false,"_monsterinsights_sitenote_active":false,"_monsterinsights_sitenote_note":"","_monsterinsights_sitenote_category":0,"footnotes":""},"categories":[1621,3175,346,1625,1620,1612,1638],"tags":[235,241,259,931,831,484,731,1173,1103,1511,2655,1109,93,578,230,52,184,383],"writer":[3256],"translator":[],"source":[],"ilustrador":[],"fotografo":[],"class_list":{"0":"post-68617","1":"post","2":"type-post","3":"status-publish","4":"format-standard","5":"has-post-thumbnail","7":"category-destaque","8":"category-democracia","9":"category-denuncias","10":"category-por-correspondentes-comunitarios","11":"category-olhonaupp","12":"category-sociedade-civil","13":"category-video","14":"tag-bangu","15":"tag-vendedores-ambulantes","16":"tag-centro","17":"tag-copacabana","18":"tag-direito-a-cidade","19":"tag-prefeito-eduardo-paes","20":"tag-empreendedorismo","21":"tag-guarda-municipal","22":"tag-informalidade","23":"tag-politica-de-seguranca","24":"tag-secretaria-municipal-de-ordem-publica","25":"tag-sociedade-civil","26":"tag-tabajaras","27":"tag-trabalho-e-renda","28":"tag-vila-alianca","29":"tag-violencia-policial","30":"tag-zona-oeste","31":"tag-zona-sul","32":"writer-vinicius-ribeiro"},"acf":[],"yoast_head":"<!-- This site is optimized with the Yoast SEO plugin v25.6 - https:\/\/yoast.com\/wordpress\/plugins\/seo\/ -->\n<title>A Luta dos Camel\u00f4s no Rio de Janeiro: Meu Trabalho Informal Importa [V\u00cdDEO] - RioOnWatch<\/title>\n<meta name=\"robots\" content=\"index, follow, max-snippet:-1, max-image-preview:large, max-video-preview:-1\" \/>\n<link rel=\"canonical\" href=\"https:\/\/rioonwatch.org.br\/?p=68617\" \/>\n<meta property=\"og:locale\" content=\"pt_BR\" \/>\n<meta property=\"og:type\" content=\"article\" \/>\n<meta property=\"og:title\" content=\"A Luta dos Camel\u00f4s no Rio de Janeiro: Meu Trabalho Informal Importa [V\u00cdDEO] - RioOnWatch\" \/>\n<meta property=\"og:description\" content=\"\ufeff\ufeff Click Here for English Esta videorreportagem traz relatos de tr\u00eas camel\u00f4s e mostra a realidade vivida por estes trabalhadores informais nas ruas do Rio de Janeiro. O v\u00eddeo traz a perspectiva de Maria de [...]\" \/>\n<meta property=\"og:url\" content=\"https:\/\/rioonwatch.org.br\/?p=68617\" \/>\n<meta property=\"og:site_name\" content=\"RioOnWatch\" \/>\n<meta property=\"article:published_time\" content=\"2023-07-30T19:46:31+00:00\" \/>\n<meta property=\"article:modified_time\" content=\"2023-09-15T14:21:49+00:00\" \/>\n<meta property=\"og:image\" content=\"https:\/\/rioonwatch.org.br\/wp-content\/uploads\/2023\/07\/Maria-de-Lourdes-do-Carmo-48-conhecida-como-Maria-dos-Camelos-lideranca-de-classe-que-trabalha-nas-ruas-desde-1996.-Maria-ha-20-anos-e-coordenadora-do-Movimento-Unido-dos-Camelos-MUCA.png\" \/>\n\t<meta property=\"og:image:width\" content=\"1366\" \/>\n\t<meta property=\"og:image:height\" content=\"768\" \/>\n\t<meta property=\"og:image:type\" content=\"image\/png\" \/>\n<meta name=\"author\" content=\"Janaina Tavares\" \/>\n<meta name=\"twitter:card\" content=\"summary_large_image\" \/>\n<meta name=\"twitter:label1\" content=\"Escrito por\" \/>\n\t<meta name=\"twitter:data1\" content=\"Janaina Tavares\" \/>\n\t<meta name=\"twitter:label2\" content=\"Est. tempo de leitura\" \/>\n\t<meta name=\"twitter:data2\" content=\"8 minutos\" \/>\n<script type=\"application\/ld+json\" class=\"yoast-schema-graph\">{\"@context\":\"https:\/\/schema.org\",\"@graph\":[{\"@type\":\"Article\",\"@id\":\"https:\/\/rioonwatch.org.br\/?p=68617#article\",\"isPartOf\":{\"@id\":\"https:\/\/rioonwatch.org.br\/?p=68617\"},\"author\":{\"name\":\"Janaina Tavares\",\"@id\":\"https:\/\/rioonwatch.org.br\/#\/schema\/person\/feb227e5e7679aacc3d672e375cae1bd\"},\"headline\":\"A Luta dos Camel\u00f4s no Rio de Janeiro: Meu Trabalho Informal Importa [V\u00cdDEO]\",\"datePublished\":\"2023-07-30T19:46:31+00:00\",\"dateModified\":\"2023-09-15T14:21:49+00:00\",\"mainEntityOfPage\":{\"@id\":\"https:\/\/rioonwatch.org.br\/?p=68617\"},\"wordCount\":1217,\"publisher\":{\"@id\":\"https:\/\/rioonwatch.org.br\/#organization\"},\"image\":{\"@id\":\"https:\/\/rioonwatch.org.br\/?p=68617#primaryimage\"},\"thumbnailUrl\":\"https:\/\/rioonwatch.org.br\/wp-content\/uploads\/2023\/07\/Maria-de-Lourdes-do-Carmo-48-conhecida-como-Maria-dos-Camelos-lideranca-de-classe-que-trabalha-nas-ruas-desde-1996.-Maria-ha-20-anos-e-coordenadora-do-Movimento-Unido-dos-Camelos-MUCA.png\",\"keywords\":[\"Bangu\",\"camel\u00f4s\",\"Centro\",\"Copacabana\",\"Direito \u00e0 Cidade\",\"Eduardo Paes\",\"empreendedorismo\",\"Guarda Municipal\",\"informalidade\",\"pol\u00edtica de seguran\u00e7a\",\"Secretaria Municipal de Ordem P\u00fablica\",\"sociedade civil\",\"Tabajaras\",\"Trabalho e renda\",\"Vila Alian\u00e7a\",\"viol\u00eancia policial\",\"Zona Oeste\",\"Zona Sul\"],\"articleSection\":[\"*Destaque\",\"Democracia\",\"Den\u00fancias\",\"Escrito por Comunicadores Populares\",\"Seguran\u00e7a P\u00fablica\",\"Sociedade Civil\",\"V\u00eddeo\"],\"inLanguage\":\"pt-BR\"},{\"@type\":\"WebPage\",\"@id\":\"https:\/\/rioonwatch.org.br\/?p=68617\",\"url\":\"https:\/\/rioonwatch.org.br\/?p=68617\",\"name\":\"A Luta dos Camel\u00f4s no Rio de Janeiro: Meu Trabalho Informal Importa [V\u00cdDEO] - RioOnWatch\",\"isPartOf\":{\"@id\":\"https:\/\/rioonwatch.org.br\/#website\"},\"primaryImageOfPage\":{\"@id\":\"https:\/\/rioonwatch.org.br\/?p=68617#primaryimage\"},\"image\":{\"@id\":\"https:\/\/rioonwatch.org.br\/?p=68617#primaryimage\"},\"thumbnailUrl\":\"https:\/\/rioonwatch.org.br\/wp-content\/uploads\/2023\/07\/Maria-de-Lourdes-do-Carmo-48-conhecida-como-Maria-dos-Camelos-lideranca-de-classe-que-trabalha-nas-ruas-desde-1996.-Maria-ha-20-anos-e-coordenadora-do-Movimento-Unido-dos-Camelos-MUCA.png\",\"datePublished\":\"2023-07-30T19:46:31+00:00\",\"dateModified\":\"2023-09-15T14:21:49+00:00\",\"breadcrumb\":{\"@id\":\"https:\/\/rioonwatch.org.br\/?p=68617#breadcrumb\"},\"inLanguage\":\"pt-BR\",\"potentialAction\":[{\"@type\":\"ReadAction\",\"target\":[\"https:\/\/rioonwatch.org.br\/?p=68617\"]}]},{\"@type\":\"ImageObject\",\"inLanguage\":\"pt-BR\",\"@id\":\"https:\/\/rioonwatch.org.br\/?p=68617#primaryimage\",\"url\":\"https:\/\/rioonwatch.org.br\/wp-content\/uploads\/2023\/07\/Maria-de-Lourdes-do-Carmo-48-conhecida-como-Maria-dos-Camelos-lideranca-de-classe-que-trabalha-nas-ruas-desde-1996.-Maria-ha-20-anos-e-coordenadora-do-Movimento-Unido-dos-Camelos-MUCA.png\",\"contentUrl\":\"https:\/\/rioonwatch.org.br\/wp-content\/uploads\/2023\/07\/Maria-de-Lourdes-do-Carmo-48-conhecida-como-Maria-dos-Camelos-lideranca-de-classe-que-trabalha-nas-ruas-desde-1996.-Maria-ha-20-anos-e-coordenadora-do-Movimento-Unido-dos-Camelos-MUCA.png\",\"width\":1366,\"height\":768,\"caption\":\"Maria de Lourdes do Carmo, 48, conhecida como Maria dos Camel\u00f4s, lideran\u00e7a de classe, que trabalha nas ruas desde 1996. Maria h\u00e1 20 anos \u00e9 coordenadora do Movimento Unido dos Camel\u00f4s (MUCA), nascido em 2003.\"},{\"@type\":\"BreadcrumbList\",\"@id\":\"https:\/\/rioonwatch.org.br\/?p=68617#breadcrumb\",\"itemListElement\":[{\"@type\":\"ListItem\",\"position\":1,\"name\":\"In\u00edcio\",\"item\":\"https:\/\/rioonwatch.org.br\/\"},{\"@type\":\"ListItem\",\"position\":2,\"name\":\"A Luta dos Camel\u00f4s no Rio de Janeiro: Meu Trabalho Informal Importa [V\u00cdDEO]\"}]},{\"@type\":\"WebSite\",\"@id\":\"https:\/\/rioonwatch.org.br\/#website\",\"url\":\"https:\/\/rioonwatch.org.br\/\",\"name\":\"RioOnWatch\",\"description\":\"relatos das favelas cariocas\",\"publisher\":{\"@id\":\"https:\/\/rioonwatch.org.br\/#organization\"},\"potentialAction\":[{\"@type\":\"SearchAction\",\"target\":{\"@type\":\"EntryPoint\",\"urlTemplate\":\"https:\/\/rioonwatch.org.br\/?s={search_term_string}\"},\"query-input\":{\"@type\":\"PropertyValueSpecification\",\"valueRequired\":true,\"valueName\":\"search_term_string\"}}],\"inLanguage\":\"pt-BR\"},{\"@type\":\"Organization\",\"@id\":\"https:\/\/rioonwatch.org.br\/#organization\",\"name\":\"RioOnWatch\",\"url\":\"https:\/\/rioonwatch.org.br\/\",\"logo\":{\"@type\":\"ImageObject\",\"inLanguage\":\"pt-BR\",\"@id\":\"https:\/\/rioonwatch.org.br\/#\/schema\/logo\/image\/\",\"url\":\"https:\/\/rioonwatch.org.br\/wp-content\/uploads\/2021\/06\/RioOnWatchcabecalhoPT11anos-2.png\",\"contentUrl\":\"https:\/\/rioonwatch.org.br\/wp-content\/uploads\/2021\/06\/RioOnWatchcabecalhoPT11anos-2.png\",\"width\":779,\"height\":277,\"caption\":\"RioOnWatch\"},\"image\":{\"@id\":\"https:\/\/rioonwatch.org.br\/#\/schema\/logo\/image\/\"}},{\"@type\":\"Person\",\"@id\":\"https:\/\/rioonwatch.org.br\/#\/schema\/person\/feb227e5e7679aacc3d672e375cae1bd\",\"name\":\"Janaina Tavares\",\"image\":{\"@type\":\"ImageObject\",\"inLanguage\":\"pt-BR\",\"@id\":\"https:\/\/rioonwatch.org.br\/#\/schema\/person\/image\/\",\"url\":\"https:\/\/secure.gravatar.com\/avatar\/83bb5bb4f8b0c5ad63f35939640eaaa2?s=96&d=blank&r=g\",\"contentUrl\":\"https:\/\/secure.gravatar.com\/avatar\/83bb5bb4f8b0c5ad63f35939640eaaa2?s=96&d=blank&r=g\",\"caption\":\"Janaina Tavares\"},\"url\":\"https:\/\/rioonwatch.org.br\/?author=179\"}]}<\/script>\n<!-- \/ Yoast SEO plugin. -->","yoast_head_json":{"title":"A Luta dos Camel\u00f4s no Rio de Janeiro: Meu Trabalho Informal Importa [V\u00cdDEO] - RioOnWatch","robots":{"index":"index","follow":"follow","max-snippet":"max-snippet:-1","max-image-preview":"max-image-preview:large","max-video-preview":"max-video-preview:-1"},"canonical":"https:\/\/rioonwatch.org.br\/?p=68617","og_locale":"pt_BR","og_type":"article","og_title":"A Luta dos Camel\u00f4s no Rio de Janeiro: Meu Trabalho Informal Importa [V\u00cdDEO] - RioOnWatch","og_description":"\ufeff\ufeff Click Here for English Esta videorreportagem traz relatos de tr\u00eas camel\u00f4s e mostra a realidade vivida por estes trabalhadores informais nas ruas do Rio de Janeiro. O v\u00eddeo traz a perspectiva de Maria de [...]","og_url":"https:\/\/rioonwatch.org.br\/?p=68617","og_site_name":"RioOnWatch","article_published_time":"2023-07-30T19:46:31+00:00","article_modified_time":"2023-09-15T14:21:49+00:00","og_image":[{"width":1366,"height":768,"url":"https:\/\/rioonwatch.org.br\/wp-content\/uploads\/2023\/07\/Maria-de-Lourdes-do-Carmo-48-conhecida-como-Maria-dos-Camelos-lideranca-de-classe-que-trabalha-nas-ruas-desde-1996.-Maria-ha-20-anos-e-coordenadora-do-Movimento-Unido-dos-Camelos-MUCA.png","type":"image\/png"}],"author":"Janaina Tavares","twitter_card":"summary_large_image","twitter_misc":{"Escrito por":"Janaina Tavares","Est. tempo de leitura":"8 minutos"},"schema":{"@context":"https:\/\/schema.org","@graph":[{"@type":"Article","@id":"https:\/\/rioonwatch.org.br\/?p=68617#article","isPartOf":{"@id":"https:\/\/rioonwatch.org.br\/?p=68617"},"author":{"name":"Janaina Tavares","@id":"https:\/\/rioonwatch.org.br\/#\/schema\/person\/feb227e5e7679aacc3d672e375cae1bd"},"headline":"A Luta dos Camel\u00f4s no Rio de Janeiro: Meu Trabalho Informal Importa [V\u00cdDEO]","datePublished":"2023-07-30T19:46:31+00:00","dateModified":"2023-09-15T14:21:49+00:00","mainEntityOfPage":{"@id":"https:\/\/rioonwatch.org.br\/?p=68617"},"wordCount":1217,"publisher":{"@id":"https:\/\/rioonwatch.org.br\/#organization"},"image":{"@id":"https:\/\/rioonwatch.org.br\/?p=68617#primaryimage"},"thumbnailUrl":"https:\/\/rioonwatch.org.br\/wp-content\/uploads\/2023\/07\/Maria-de-Lourdes-do-Carmo-48-conhecida-como-Maria-dos-Camelos-lideranca-de-classe-que-trabalha-nas-ruas-desde-1996.-Maria-ha-20-anos-e-coordenadora-do-Movimento-Unido-dos-Camelos-MUCA.png","keywords":["Bangu","camel\u00f4s","Centro","Copacabana","Direito \u00e0 Cidade","Eduardo Paes","empreendedorismo","Guarda Municipal","informalidade","pol\u00edtica de seguran\u00e7a","Secretaria Municipal de Ordem P\u00fablica","sociedade civil","Tabajaras","Trabalho e renda","Vila Alian\u00e7a","viol\u00eancia policial","Zona Oeste","Zona Sul"],"articleSection":["*Destaque","Democracia","Den\u00fancias","Escrito por Comunicadores Populares","Seguran\u00e7a P\u00fablica","Sociedade Civil","V\u00eddeo"],"inLanguage":"pt-BR"},{"@type":"WebPage","@id":"https:\/\/rioonwatch.org.br\/?p=68617","url":"https:\/\/rioonwatch.org.br\/?p=68617","name":"A Luta dos Camel\u00f4s no Rio de Janeiro: Meu Trabalho Informal Importa [V\u00cdDEO] - RioOnWatch","isPartOf":{"@id":"https:\/\/rioonwatch.org.br\/#website"},"primaryImageOfPage":{"@id":"https:\/\/rioonwatch.org.br\/?p=68617#primaryimage"},"image":{"@id":"https:\/\/rioonwatch.org.br\/?p=68617#primaryimage"},"thumbnailUrl":"https:\/\/rioonwatch.org.br\/wp-content\/uploads\/2023\/07\/Maria-de-Lourdes-do-Carmo-48-conhecida-como-Maria-dos-Camelos-lideranca-de-classe-que-trabalha-nas-ruas-desde-1996.-Maria-ha-20-anos-e-coordenadora-do-Movimento-Unido-dos-Camelos-MUCA.png","datePublished":"2023-07-30T19:46:31+00:00","dateModified":"2023-09-15T14:21:49+00:00","breadcrumb":{"@id":"https:\/\/rioonwatch.org.br\/?p=68617#breadcrumb"},"inLanguage":"pt-BR","potentialAction":[{"@type":"ReadAction","target":["https:\/\/rioonwatch.org.br\/?p=68617"]}]},{"@type":"ImageObject","inLanguage":"pt-BR","@id":"https:\/\/rioonwatch.org.br\/?p=68617#primaryimage","url":"https:\/\/rioonwatch.org.br\/wp-content\/uploads\/2023\/07\/Maria-de-Lourdes-do-Carmo-48-conhecida-como-Maria-dos-Camelos-lideranca-de-classe-que-trabalha-nas-ruas-desde-1996.-Maria-ha-20-anos-e-coordenadora-do-Movimento-Unido-dos-Camelos-MUCA.png","contentUrl":"https:\/\/rioonwatch.org.br\/wp-content\/uploads\/2023\/07\/Maria-de-Lourdes-do-Carmo-48-conhecida-como-Maria-dos-Camelos-lideranca-de-classe-que-trabalha-nas-ruas-desde-1996.-Maria-ha-20-anos-e-coordenadora-do-Movimento-Unido-dos-Camelos-MUCA.png","width":1366,"height":768,"caption":"Maria de Lourdes do Carmo, 48, conhecida como Maria dos Camel\u00f4s, lideran\u00e7a de classe, que trabalha nas ruas desde 1996. Maria h\u00e1 20 anos \u00e9 coordenadora do Movimento Unido dos Camel\u00f4s (MUCA), nascido em 2003."},{"@type":"BreadcrumbList","@id":"https:\/\/rioonwatch.org.br\/?p=68617#breadcrumb","itemListElement":[{"@type":"ListItem","position":1,"name":"In\u00edcio","item":"https:\/\/rioonwatch.org.br\/"},{"@type":"ListItem","position":2,"name":"A Luta dos Camel\u00f4s no Rio de Janeiro: Meu Trabalho Informal Importa [V\u00cdDEO]"}]},{"@type":"WebSite","@id":"https:\/\/rioonwatch.org.br\/#website","url":"https:\/\/rioonwatch.org.br\/","name":"RioOnWatch","description":"relatos das favelas cariocas","publisher":{"@id":"https:\/\/rioonwatch.org.br\/#organization"},"potentialAction":[{"@type":"SearchAction","target":{"@type":"EntryPoint","urlTemplate":"https:\/\/rioonwatch.org.br\/?s={search_term_string}"},"query-input":{"@type":"PropertyValueSpecification","valueRequired":true,"valueName":"search_term_string"}}],"inLanguage":"pt-BR"},{"@type":"Organization","@id":"https:\/\/rioonwatch.org.br\/#organization","name":"RioOnWatch","url":"https:\/\/rioonwatch.org.br\/","logo":{"@type":"ImageObject","inLanguage":"pt-BR","@id":"https:\/\/rioonwatch.org.br\/#\/schema\/logo\/image\/","url":"https:\/\/rioonwatch.org.br\/wp-content\/uploads\/2021\/06\/RioOnWatchcabecalhoPT11anos-2.png","contentUrl":"https:\/\/rioonwatch.org.br\/wp-content\/uploads\/2021\/06\/RioOnWatchcabecalhoPT11anos-2.png","width":779,"height":277,"caption":"RioOnWatch"},"image":{"@id":"https:\/\/rioonwatch.org.br\/#\/schema\/logo\/image\/"}},{"@type":"Person","@id":"https:\/\/rioonwatch.org.br\/#\/schema\/person\/feb227e5e7679aacc3d672e375cae1bd","name":"Janaina Tavares","image":{"@type":"ImageObject","inLanguage":"pt-BR","@id":"https:\/\/rioonwatch.org.br\/#\/schema\/person\/image\/","url":"https:\/\/secure.gravatar.com\/avatar\/83bb5bb4f8b0c5ad63f35939640eaaa2?s=96&d=blank&r=g","contentUrl":"https:\/\/secure.gravatar.com\/avatar\/83bb5bb4f8b0c5ad63f35939640eaaa2?s=96&d=blank&r=g","caption":"Janaina Tavares"},"url":"https:\/\/rioonwatch.org.br\/?author=179"}]}},"_links":{"self":[{"href":"https:\/\/rioonwatch.org.br\/index.php?rest_route=\/wp\/v2\/posts\/68617"}],"collection":[{"href":"https:\/\/rioonwatch.org.br\/index.php?rest_route=\/wp\/v2\/posts"}],"about":[{"href":"https:\/\/rioonwatch.org.br\/index.php?rest_route=\/wp\/v2\/types\/post"}],"author":[{"embeddable":true,"href":"https:\/\/rioonwatch.org.br\/index.php?rest_route=\/wp\/v2\/users\/179"}],"replies":[{"embeddable":true,"href":"https:\/\/rioonwatch.org.br\/index.php?rest_route=%2Fwp%2Fv2%2Fcomments&post=68617"}],"version-history":[{"count":43,"href":"https:\/\/rioonwatch.org.br\/index.php?rest_route=\/wp\/v2\/posts\/68617\/revisions"}],"predecessor-version":[{"id":70336,"href":"https:\/\/rioonwatch.org.br\/index.php?rest_route=\/wp\/v2\/posts\/68617\/revisions\/70336"}],"wp:featuredmedia":[{"embeddable":true,"href":"https:\/\/rioonwatch.org.br\/index.php?rest_route=\/wp\/v2\/media\/69585"}],"wp:attachment":[{"href":"https:\/\/rioonwatch.org.br\/index.php?rest_route=%2Fwp%2Fv2%2Fmedia&parent=68617"}],"wp:term":[{"taxonomy":"category","embeddable":true,"href":"https:\/\/rioonwatch.org.br\/index.php?rest_route=%2Fwp%2Fv2%2Fcategories&post=68617"},{"taxonomy":"post_tag","embeddable":true,"href":"https:\/\/rioonwatch.org.br\/index.php?rest_route=%2Fwp%2Fv2%2Ftags&post=68617"},{"taxonomy":"writer","embeddable":true,"href":"https:\/\/rioonwatch.org.br\/index.php?rest_route=%2Fwp%2Fv2%2Fwriter&post=68617"},{"taxonomy":"translator","embeddable":true,"href":"https:\/\/rioonwatch.org.br\/index.php?rest_route=%2Fwp%2Fv2%2Ftranslator&post=68617"},{"taxonomy":"source","embeddable":true,"href":"https:\/\/rioonwatch.org.br\/index.php?rest_route=%2Fwp%2Fv2%2Fsource&post=68617"},{"taxonomy":"ilustrador","embeddable":true,"href":"https:\/\/rioonwatch.org.br\/index.php?rest_route=%2Fwp%2Fv2%2Filustrador&post=68617"},{"taxonomy":"fotografo","embeddable":true,"href":"https:\/\/rioonwatch.org.br\/index.php?rest_route=%2Fwp%2Fv2%2Ffotografo&post=68617"}],"curies":[{"name":"wp","href":"https:\/\/api.w.org\/{rel}","templated":true}]}}