{"id":68744,"date":"2023-06-28T06:00:27","date_gmt":"2023-06-28T09:00:27","guid":{"rendered":"https:\/\/rioonwatch.org.br\/?p=68744"},"modified":"2024-07-22T13:20:03","modified_gmt":"2024-07-22T16:20:03","slug":"neste-dia-do-orgulho-lgbtqiapn-conheca-a-casa-dulce-seixas-primeira-casa-de-acolhimento-para-a-populacao-lgbtqiapn-em-vulnerabilidade-social-da-baixada-fluminense","status":"publish","type":"post","link":"https:\/\/rioonwatch.org.br\/?p=68744","title":{"rendered":"Neste Dia do Orgulho LGBTQIAPN+, Conhe\u00e7a a Casa Dulce Seixas: Primeira Casa de Acolhimento da Baixada Fluminense"},"content":{"rendered":"<figure id=\"attachment_68771\" aria-describedby=\"caption-attachment-68771\" style=\"width: 2000px\" class=\"wp-caption aligncenter\"><a href=\"https:\/\/rioonwatch.org.br\/wp-content\/uploads\/2023\/06\/Shirley-de-Maria-Padilha-e-seus-acolhides-posam-para-fotografia.-Foto-Barbara-Dias.jpg\"><img fetchpriority=\"high\" decoding=\"async\" class=\"wp-image-68771 size-full\" title=\"Shirley de Maria Padilha e seus acolhides posam para fotografia. Foto: B\u00e1rbara Dias\" src=\"https:\/\/rioonwatch.org.br\/wp-content\/uploads\/2023\/06\/Shirley-de-Maria-Padilha-e-seus-acolhides-posam-para-fotografia.-Foto-Barbara-Dias.jpg\" alt=\"Shirley de Maria Padilha e seus acolhides posam para fotografia. Foto: B\u00e1rbara Dias\" width=\"2000\" height=\"1335\" srcset=\"https:\/\/rioonwatch.org.br\/wp-content\/uploads\/2023\/06\/Shirley-de-Maria-Padilha-e-seus-acolhides-posam-para-fotografia.-Foto-Barbara-Dias.jpg 2000w, https:\/\/rioonwatch.org.br\/wp-content\/uploads\/2023\/06\/Shirley-de-Maria-Padilha-e-seus-acolhides-posam-para-fotografia.-Foto-Barbara-Dias-620x414.jpg 620w, https:\/\/rioonwatch.org.br\/wp-content\/uploads\/2023\/06\/Shirley-de-Maria-Padilha-e-seus-acolhides-posam-para-fotografia.-Foto-Barbara-Dias-942x629.jpg 942w\" sizes=\"(max-width: 2000px) 100vw, 2000px\" \/><\/a><figcaption id=\"caption-attachment-68771\" class=\"wp-caption-text\">Shirley de Maria Padilha e seus acolhides posam para fotografia. Foto: B\u00e1rbara Dias<\/figcaption><\/figure>\n<p style=\"text-align: right;\"><em><strong><a href=\"https:\/\/bit.ly\/3QLla65\" target=\"_blank\" rel=\"noopener\">Click Here for English<img decoding=\"async\" class=\"alignright wp-image-15790\" src=\"https:\/\/rioonwatch.org.br\/wp-content\/uploads\/2012\/08\/EN-standard-e1439583104716.jpg\" alt=\"\" width=\"20\" height=\"20\" \/><\/a><\/strong><\/em><\/p>\n<p><em><a href=\"https:\/\/rioonwatch.org\/wp-content\/uploads\/2019\/08\/BehnerStiefel.png\"><img decoding=\"async\" class=\"alignright wp-image-55315\" src=\"https:\/\/rioonwatch.org\/wp-content\/uploads\/2019\/08\/BehnerStiefel.png\" sizes=\"(max-width: 200px) 100vw, 200px\" srcset=\"https:\/\/rioonwatch.org\/wp-content\/uploads\/2019\/08\/BehnerStiefel.png 1934w, https:\/\/rioonwatch.org\/wp-content\/uploads\/2019\/08\/BehnerStiefel-300x102.png 300w, https:\/\/rioonwatch.org\/wp-content\/uploads\/2019\/08\/BehnerStiefel-768x261.png 768w, https:\/\/rioonwatch.org\/wp-content\/uploads\/2019\/08\/BehnerStiefel-1024x348.png 1024w\" alt=\"\" width=\"200\" height=\"68\" \/><\/a>Esta mat\u00e9ria\u00a0<\/em><em>faz parte de uma\u00a0<a href=\"https:\/\/bit.ly\/SerieSDSU\" target=\"_blank\" rel=\"noopener noreferrer\">s\u00e9rie<\/a>\u00a0gerada por uma parceria com o\u00a0<a href=\"https:\/\/bit.ly\/SDSUDigitalBrazilProject\" target=\"_blank\" rel=\"noopener noreferrer\">Digital Brazil Project<\/a>\u00a0do\u00a0<a href=\"http:\/\/bit.ly\/2zcymI6\" target=\"_blank\" rel=\"noopener noreferrer\">Centro Behner Stiefel de Estudos Brasileiros<\/a> da Universidade Estadual de San Diego na Calif\u00f3rnia, para produzir mat\u00e9rias sobre a quest\u00e3o da \u00e1gua e a popula\u00e7\u00e3o LGBTQIAPN+ nas favelas cariocas e na Baixada Fluminense.<\/em><\/p>\n<h4>Neste <a href=\"https:\/\/bit.ly\/43v6jjE\" target=\"_blank\" rel=\"noopener\">Dia do Orgulho LGBTQIAPN+<\/a>, foram entrevistados cinco acolhides da <a href=\"https:\/\/bit.ly\/3P1y3bo\" target=\"_blank\" rel=\"noopener\">Casa Dulce Seixas<\/a>, \u00fanica casa de acolhimento a <a href=\"https:\/\/bit.ly\/3tetDRj\" target=\"_blank\" rel=\"noopener\">LGBTQIAPN+<\/a> na <a href=\"https:\/\/bit.ly\/32JVvht\" target=\"_blank\" rel=\"noopener\">Baixada Fluminense<\/a>, que fica em <a href=\"https:\/\/bit.ly\/2TSQEYk\" target=\"_blank\" rel=\"noopener\">Nova Igua\u00e7u<\/a>. A institui\u00e7\u00e3o j\u00e1 acolheu mais de 150 pessoas e conta com o apoio de redes colaborativas e cidad\u00e3s.<\/h4>\n<blockquote><p>\u201cA luta de um corpo estereotipado<br \/>\nPossu\u00eddo em fetiche pelas esquinas<br \/>\nMas n\u00e3o possuidor de direitos.\u201d<\/p><\/blockquote>\n<p>Estes versos fazem parte da poesia \u201c<a href=\"https:\/\/bit.ly\/3X89KdT\" target=\"_blank\" rel=\"noopener\">Orgulho e Luto<\/a>\u201d, de <a href=\"https:\/\/bit.ly\/42zNQkz\" target=\"_blank\" rel=\"noopener\">Davlyn Lotus<\/a>, e resumem bem as mazelas dos LGBTQIAPN+ no Brasil. A popula\u00e7\u00e3o LGBTQIAPN+ brasileira sempre foi vitimada por numerosas formas de viol\u00eancia. Por um lado vive no pa\u00eds que se encontra no <a href=\"https:\/\/bit.ly\/3WRHxI1\" target=\"_blank\" rel=\"noopener\">topo do ranking<\/a> dos que mais consomem pornografia trans, enquanto tamb\u00e9m, h\u00e1 14 anos consecutivos, \u00e9 tamb\u00e9m o que <a href=\"https:\/\/bit.ly\/3WYjzem\" target=\"_blank\" rel=\"noopener\">mais mata travestis e transsexuais<\/a>.<\/p>\n<p>Como reflexo da <a href=\"https:\/\/bit.ly\/3JdAyn7\" target=\"_blank\" rel=\"noopener\">LGBTQIAPN+fobia estrutural<\/a>, a comunidade no Brasil tem sido negligenciada pelo poder p\u00fablico, que n\u00e3o promove pol\u00edticas p\u00fablicas em seu apoio \u00e0 v\u00edtimas de viol\u00eancia, em vulnerabilidade socioecon\u00f4mica ou situa\u00e7\u00e3o de rua. A inclus\u00e3o desta popula\u00e7\u00e3o no mercado de trabalho \u00e9 um exemplo do que pode ser feito para reduzir o abismo entre pessoas LGBTQIAPN+ e pessoas <a href=\"https:\/\/bit.ly\/43XPSMM\" target=\"_blank\" rel=\"noopener\">heterocisnormativas<\/a>.<\/p>\n<h3>Solidariedade, Acolhimento e Capacita\u00e7\u00e3o para LGBTQIAPN+ e Mulheres V\u00edtimas de Viol\u00eancia de G\u00eanero<\/h3>\n<p><span style=\"font-weight: 400;\">A <\/span><span style=\"font-weight: 400;\">Casa Dulce Seixas<\/span><span style=\"font-weight: 400;\"> \u00e9 uma casa de acolhimento, por tempo indeterminado, de pessoas LGBTQIAPN+ em situa\u00e7\u00e3o de rua, vulnerabilidade socioecon\u00f4mica ou viol\u00eancia dom\u00e9stica. Tamb\u00e9m recebe mulheres heterocisnormativas v\u00edtimas de viol\u00eancia de g\u00eanero ou em situa\u00e7\u00e3o de vulnerabilidade. O projeto de acolhimento \u00e9 oriundo do terreiro de candombl\u00e9 Il\u00ea Omim Dewa As\u00e9 Od\u00e9. H\u00e1 14 anos, o templo j\u00e1 acolhia pessoas com o apoio de Dulce Seixas Cordeiro, uma das filhas de santo mais devotas da <\/span><span style=\"font-weight: 400;\">Iyalorix\u00e1 <a href=\"https:\/\/bit.ly\/3oUOnQk\" target=\"_blank\" rel=\"noopener\">Shirley de Maria Padilha<\/a>. <\/span><span style=\"font-weight: 400;\">Dulce foi respons\u00e1vel por dar de presente a Shirley o terreno e, posteriormente, o im\u00f3vel onde atualmente funciona a Casa Dulce Seixas.<\/span><\/p>\n<figure id=\"attachment_68795\" aria-describedby=\"caption-attachment-68795\" style=\"width: 2000px\" class=\"wp-caption aligncenter\"><a href=\"https:\/\/rioonwatch.org.br\/wp-content\/uploads\/2023\/06\/Shirley-de-Maria-Padilha-coordenadora-da-Casa-Dulce-Seixas-em-frente-a-sua-mesa-de-oraculo-de-buzios.-Foto-Barbara-Dias.jpg\"><img loading=\"lazy\" decoding=\"async\" class=\"wp-image-68795 size-full\" title=\"Shirley de Maria Padilha, coordenadora da Casa Dulce Seixas, em frente \u00e0 sua mesa de or\u00e1culo de b\u00fazios. Foto: B\u00e1rbara Dias\" src=\"https:\/\/rioonwatch.org.br\/wp-content\/uploads\/2023\/06\/Shirley-de-Maria-Padilha-coordenadora-da-Casa-Dulce-Seixas-em-frente-a-sua-mesa-de-oraculo-de-buzios.-Foto-Barbara-Dias.jpg\" alt=\"Shirley de Maria Padilha, coordenadora da Casa Dulce Seixas, em frente \u00e0 sua mesa de or\u00e1culo de b\u00fazios. Foto: B\u00e1rbara Dias\" width=\"2000\" height=\"1335\" srcset=\"https:\/\/rioonwatch.org.br\/wp-content\/uploads\/2023\/06\/Shirley-de-Maria-Padilha-coordenadora-da-Casa-Dulce-Seixas-em-frente-a-sua-mesa-de-oraculo-de-buzios.-Foto-Barbara-Dias.jpg 2000w, https:\/\/rioonwatch.org.br\/wp-content\/uploads\/2023\/06\/Shirley-de-Maria-Padilha-coordenadora-da-Casa-Dulce-Seixas-em-frente-a-sua-mesa-de-oraculo-de-buzios.-Foto-Barbara-Dias-620x414.jpg 620w, https:\/\/rioonwatch.org.br\/wp-content\/uploads\/2023\/06\/Shirley-de-Maria-Padilha-coordenadora-da-Casa-Dulce-Seixas-em-frente-a-sua-mesa-de-oraculo-de-buzios.-Foto-Barbara-Dias-942x629.jpg 942w\" sizes=\"(max-width: 2000px) 100vw, 2000px\" \/><\/a><figcaption id=\"caption-attachment-68795\" class=\"wp-caption-text\">Shirley de Maria Padilha, coordenadora da Casa Dulce Seixas, em frente \u00e0 sua mesa de or\u00e1culo de b\u00fazios. Foto: B\u00e1rbara Dias<\/figcaption><\/figure>\n<p><span style=\"font-weight: 400;\">H\u00e1 tr\u00eas anos, a Casa Dulce figura como a primeira e \u00fanica casa de acolhimento para pessoas LGBTQIAPN+ da Baixada Fluminense, localizada no munic\u00edpio de Nova Igua\u00e7u. Desde que abriu as portas, a Casa Dulce Seixas acolheu mais de 150 pessoas de todo o pa\u00eds, inclusive do Amazonas, interior da Bahia, Paran\u00e1, Tocantins e, principalmente, das favelas do Rio de Janeiro, como <a href=\"https:\/\/bit.ly\/2rF8MuX\" target=\"_blank\" rel=\"noopener\">Cidade de Deus<\/a>, <a href=\"https:\/\/bit.ly\/3l0WQKR\" target=\"_blank\" rel=\"noopener\">Complexo da Mar\u00e9<\/a>, <a href=\"https:\/\/bit.ly\/3kxzMmJ\" target=\"_blank\" rel=\"noopener\">Mandela<\/a>, entre outras.<\/span><\/p>\n<figure id=\"attachment_68848\" aria-describedby=\"caption-attachment-68848\" style=\"width: 2000px\" class=\"wp-caption aligncenter\"><a href=\"https:\/\/rioonwatch.org.br\/wp-content\/uploads\/2023\/06\/Placa-em-homenagem-a-Dulce-Seixas-esquerda-e-a-centralmente-foto-de-Shirley-de-Maria-Padilha-coordenadora-da-Casa-Dulce-Seixas.-Foto-Barbara-DIas.jpg\"><img loading=\"lazy\" decoding=\"async\" class=\"wp-image-68848 size-full\" title=\"Placa em homenagem a Dulce Seixas \u00e0 esquerda e, ao centro, foto de Shirley de Maria Padilha, coordenadora da Casa Dulce Seixas, que tamb\u00e9m tem o cargo de Iyalorix\u00e1. Foto: B\u00e1rbara Dias\" src=\"https:\/\/rioonwatch.org.br\/wp-content\/uploads\/2023\/06\/Placa-em-homenagem-a-Dulce-Seixas-esquerda-e-a-centralmente-foto-de-Shirley-de-Maria-Padilha-coordenadora-da-Casa-Dulce-Seixas.-Foto-Barbara-DIas.jpg\" alt=\"Placa em homenagem a Dulce Seixas \u00e0 esquerda e, ao centro, foto de Shirley de Maria Padilha, coordenadora da Casa Dulce Seixas, que tamb\u00e9m tem o cargo de Iyalorix\u00e1. Foto: B\u00e1rbara Dias\" width=\"2000\" height=\"1335\" srcset=\"https:\/\/rioonwatch.org.br\/wp-content\/uploads\/2023\/06\/Placa-em-homenagem-a-Dulce-Seixas-esquerda-e-a-centralmente-foto-de-Shirley-de-Maria-Padilha-coordenadora-da-Casa-Dulce-Seixas.-Foto-Barbara-DIas.jpg 2000w, https:\/\/rioonwatch.org.br\/wp-content\/uploads\/2023\/06\/Placa-em-homenagem-a-Dulce-Seixas-esquerda-e-a-centralmente-foto-de-Shirley-de-Maria-Padilha-coordenadora-da-Casa-Dulce-Seixas.-Foto-Barbara-DIas-620x414.jpg 620w, https:\/\/rioonwatch.org.br\/wp-content\/uploads\/2023\/06\/Placa-em-homenagem-a-Dulce-Seixas-esquerda-e-a-centralmente-foto-de-Shirley-de-Maria-Padilha-coordenadora-da-Casa-Dulce-Seixas.-Foto-Barbara-DIas-942x629.jpg 942w\" sizes=\"(max-width: 2000px) 100vw, 2000px\" \/><\/a><figcaption id=\"caption-attachment-68848\" class=\"wp-caption-text\">Placa em homenagem a Dulce Seixas \u00e0 esquerda e, ao centro, foto de Shirley de Maria Padilha, coordenadora da Casa Dulce Seixas, que tamb\u00e9m tem o cargo de Iyalorix\u00e1. Foto: B\u00e1rbara Dias<\/figcaption><\/figure>\n<p>Os enfrentamentos da institui\u00e7\u00e3o s\u00e3o m\u00faltiplos, uma vez que a Baixada Fluminense \u00e9 uma regi\u00e3o perif\u00e9rica que sofre com a escassez cr\u00f4nica de pol\u00edticas p\u00fablicas e \u00e9 dominada pela l\u00f3gica conservadora de um racioc\u00ednio crist\u00e3o-protestante. Nesse sentido, a Casa Dulce realiza rodas de conversa com o intuito de combater a LGBTQIAPN+fobia e o <a href=\"https:\/\/bit.ly\/43TQsuR\" target=\"_blank\" rel=\"noopener\">racismo religioso<\/a> no territ\u00f3rio. Al\u00e9m disso, a escassez de recursos financeiros dificulta a execu\u00e7\u00e3o das principais atividades externas da casa, como cuidados m\u00e9dicos, acompanhamento psicol\u00f3gico, isen\u00e7\u00e3o de documentos e acesso aos benef\u00edcios sociais para as 30 pessoas atualmente acolhidas pela ONG.<\/p>\n<figure id=\"attachment_68800\" aria-describedby=\"caption-attachment-68800\" style=\"width: 2000px\" class=\"wp-caption aligncenter\"><a href=\"https:\/\/rioonwatch.org.br\/wp-content\/uploads\/2023\/06\/Boneca-vestida-de-orixa-Oxum.-A-Casa-Dulce-Seixas-divide-o-espaco-com-um-barracao-de-Candomble-coordenado-pela-Shirley-de-Maria-Padilha.-Foto-Barbara-Dias.jpg\"><img loading=\"lazy\" decoding=\"async\" class=\"wp-image-68800 size-full\" title=\"Boneca vestida de orix\u00e1 Oxum. A Casa Dulce Seixas divide o espa\u00e7o com um barrac\u00e3o de Candombl\u00e9, coordenado pela Shirley de Maria Padilha. Foto: B\u00e1rbara Dias\" src=\"https:\/\/rioonwatch.org.br\/wp-content\/uploads\/2023\/06\/Boneca-vestida-de-orixa-Oxum.-A-Casa-Dulce-Seixas-divide-o-espaco-com-um-barracao-de-Candomble-coordenado-pela-Shirley-de-Maria-Padilha.-Foto-Barbara-Dias.jpg\" alt=\"Boneca vestida de orix\u00e1 Oxum. A Casa Dulce Seixas divide o espa\u00e7o com um barrac\u00e3o de Candombl\u00e9, coordenado pela Shirley de Maria Padilha. Foto: B\u00e1rbara Dias\" width=\"2000\" height=\"1335\" srcset=\"https:\/\/rioonwatch.org.br\/wp-content\/uploads\/2023\/06\/Boneca-vestida-de-orixa-Oxum.-A-Casa-Dulce-Seixas-divide-o-espaco-com-um-barracao-de-Candomble-coordenado-pela-Shirley-de-Maria-Padilha.-Foto-Barbara-Dias.jpg 2000w, https:\/\/rioonwatch.org.br\/wp-content\/uploads\/2023\/06\/Boneca-vestida-de-orixa-Oxum.-A-Casa-Dulce-Seixas-divide-o-espaco-com-um-barracao-de-Candomble-coordenado-pela-Shirley-de-Maria-Padilha.-Foto-Barbara-Dias-620x414.jpg 620w, https:\/\/rioonwatch.org.br\/wp-content\/uploads\/2023\/06\/Boneca-vestida-de-orixa-Oxum.-A-Casa-Dulce-Seixas-divide-o-espaco-com-um-barracao-de-Candomble-coordenado-pela-Shirley-de-Maria-Padilha.-Foto-Barbara-Dias-942x629.jpg 942w\" sizes=\"(max-width: 2000px) 100vw, 2000px\" \/><\/a><figcaption id=\"caption-attachment-68800\" class=\"wp-caption-text\">Boneca vestida de orix\u00e1 Oxum. A Casa Dulce Seixas divide o espa\u00e7o com um barrac\u00e3o de Candombl\u00e9, coordenado pela Shirley de Maria Padilha. Foto: B\u00e1rbara Dias<\/figcaption><\/figure>\n<p>Davlyn Lotus, 29 anos, secret\u00e1ria, bacharel em psicologia e produtora cultural, compartilha a import\u00e2ncia da Casa Dulce em sua trajet\u00f3ria e o que sente ao poder retribuir parte do que recebeu, trabalhando pelo acolhimento e cuidado do seu povo contra a LGBTQIAPN+fobia.<\/p>\n<blockquote><p><span style=\"font-weight: 400;\">\u201cEstar na Casa Dulce Seixas tem um grande valor social e tamb\u00e9m pessoal. Durante a universidade, sempre fui convidada a pensar na minha gente e no meu territ\u00f3rio, desconstruindo conceitos&#8230; Olhar ao meu redor, o que eu sofria por n\u00e3o saber e pela intoler\u00e2ncia. Depois, fui entender que eu tamb\u00e9m sou uma ferramenta para transformar essa realidade&#8230; Hoje, me envolver nas articula\u00e7\u00f5es pol\u00edticas e todo esse grande marco que \u00e9 a Dulce Seixas, faz com que todos os dias eu renove a minha esperan\u00e7a. Chegar a lugares que nunca pensei em estar e ter os ouvidos de quem nunca pensei em ter mostram a import\u00e2ncia da minha ocupa\u00e7\u00e3o e daqueles que eu represento&#8230; Sou grata pelos la\u00e7os que criei desde que cheguei aqui, sou grata pelas portas abertas e pelas oportunidades que j\u00e1 tive e que terei aqui. Fui chamada para ajudar a transformar, mas fui eu uma das grandes transforma\u00e7\u00f5es realizadas nesta casa.\u201d \u2014 Davlyn Lotus<\/span><\/p><\/blockquote>\n<figure id=\"attachment_68784\" aria-describedby=\"caption-attachment-68784\" style=\"width: 2000px\" class=\"wp-caption aligncenter\"><a href=\"https:\/\/rioonwatch.org.br\/wp-content\/uploads\/2023\/06\/Davlyn-Lotus-secretaria-da-Casa-Dulce-Seixas-em-frente-a-porta-de-entrada-do-imovel.-Foto-Barbara-Dias.jpg\"><img loading=\"lazy\" decoding=\"async\" class=\"wp-image-68784 size-full\" title=\"Davlyn Lotus, secret\u00e1ria da Casa Dulce Seixas, em frente \u00e0 porta de entrada do im\u00f3vel. Foto: B\u00e1rbara Dias\" src=\"https:\/\/rioonwatch.org.br\/wp-content\/uploads\/2023\/06\/Davlyn-Lotus-secretaria-da-Casa-Dulce-Seixas-em-frente-a-porta-de-entrada-do-imovel.-Foto-Barbara-Dias.jpg\" alt=\"Davlyn Lotus, secret\u00e1ria da Casa Dulce Seixas, em frente \u00e0 porta de entrada do im\u00f3vel. Foto: B\u00e1rbara Dias\" width=\"2000\" height=\"1335\" srcset=\"https:\/\/rioonwatch.org.br\/wp-content\/uploads\/2023\/06\/Davlyn-Lotus-secretaria-da-Casa-Dulce-Seixas-em-frente-a-porta-de-entrada-do-imovel.-Foto-Barbara-Dias.jpg 2000w, https:\/\/rioonwatch.org.br\/wp-content\/uploads\/2023\/06\/Davlyn-Lotus-secretaria-da-Casa-Dulce-Seixas-em-frente-a-porta-de-entrada-do-imovel.-Foto-Barbara-Dias-620x414.jpg 620w, https:\/\/rioonwatch.org.br\/wp-content\/uploads\/2023\/06\/Davlyn-Lotus-secretaria-da-Casa-Dulce-Seixas-em-frente-a-porta-de-entrada-do-imovel.-Foto-Barbara-Dias-942x629.jpg 942w\" sizes=\"(max-width: 2000px) 100vw, 2000px\" \/><\/a><figcaption id=\"caption-attachment-68784\" class=\"wp-caption-text\">Davlyn Lotus, secret\u00e1ria da Casa Dulce Seixas, em frente \u00e0 porta de entrada do im\u00f3vel. Foto: B\u00e1rbara Dias<\/figcaption><\/figure>\n<p><span style=\"font-weight: 400;\">A institui\u00e7\u00e3o p\u00f5e em pr\u00e1tica o conceito mais b\u00e1sico da assist\u00eancia social, atrav\u00e9s da a\u00e7\u00e3o social<\/span> <em><a href=\"https:\/\/bit.ly\/3qCmTzJ\" target=\"_blank\" rel=\"noopener\">Dulce\u2019mente Solid\u00e1ria<\/a>\u00a0<\/em><span style=\"font-weight: 400;\">que j\u00e1 distribuiu mais de 500 cestas b\u00e1sicas, em oito edi\u00e7\u00f5es do programa, que come\u00e7ou em 2020 e teve sua \u00faltima edi\u00e7\u00e3o em janeiro de 2023. Tais cestas foram doadas a partir de redes de doadores que n\u00e3o s\u00e3o fixas e que, portanto, exigem uma nova busca todos os meses.<\/span><\/p>\n<figure id=\"attachment_68797\" aria-describedby=\"caption-attachment-68797\" style=\"width: 2000px\" class=\"wp-caption aligncenter\"><a href=\"https:\/\/rioonwatch.org.br\/wp-content\/uploads\/2023\/06\/Wendel-Felipe-acolhide-da-Casa-Dulce-Seixas-ajuda-na-manutencao-da-limpeza-do-ambiente.-Todos-os-trabalhos-sao-realizados-de-maneira-coletiva.-Foto-Barbara-Dias.jpg\"><img loading=\"lazy\" decoding=\"async\" class=\"wp-image-68797 size-full\" title=\"Wendel Felipe, acolhide da Casa Dulce Seixas, ajuda na manuten\u00e7\u00e3o da limpeza do ambiente. Todos os trabalhos s\u00e3o realizados de maneira coletiva. Foto: B\u00e1rbara Dias\" src=\"https:\/\/rioonwatch.org.br\/wp-content\/uploads\/2023\/06\/Wendel-Felipe-acolhide-da-Casa-Dulce-Seixas-ajuda-na-manutencao-da-limpeza-do-ambiente.-Todos-os-trabalhos-sao-realizados-de-maneira-coletiva.-Foto-Barbara-Dias.jpg\" alt=\"Wendel Felipe, acolhide da Casa Dulce Seixas, ajuda na manuten\u00e7\u00e3o da limpeza do ambiente. Todos os trabalhos s\u00e3o realizados de maneira coletiva. Foto: B\u00e1rbara Dias\" width=\"2000\" height=\"1335\" srcset=\"https:\/\/rioonwatch.org.br\/wp-content\/uploads\/2023\/06\/Wendel-Felipe-acolhide-da-Casa-Dulce-Seixas-ajuda-na-manutencao-da-limpeza-do-ambiente.-Todos-os-trabalhos-sao-realizados-de-maneira-coletiva.-Foto-Barbara-Dias.jpg 2000w, https:\/\/rioonwatch.org.br\/wp-content\/uploads\/2023\/06\/Wendel-Felipe-acolhide-da-Casa-Dulce-Seixas-ajuda-na-manutencao-da-limpeza-do-ambiente.-Todos-os-trabalhos-sao-realizados-de-maneira-coletiva.-Foto-Barbara-Dias-620x414.jpg 620w, https:\/\/rioonwatch.org.br\/wp-content\/uploads\/2023\/06\/Wendel-Felipe-acolhide-da-Casa-Dulce-Seixas-ajuda-na-manutencao-da-limpeza-do-ambiente.-Todos-os-trabalhos-sao-realizados-de-maneira-coletiva.-Foto-Barbara-Dias-942x629.jpg 942w\" sizes=\"(max-width: 2000px) 100vw, 2000px\" \/><\/a><figcaption id=\"caption-attachment-68797\" class=\"wp-caption-text\">Wendel Felipe, acolhide da Casa Dulce Seixas, ajuda na manuten\u00e7\u00e3o da limpeza do ambiente. Todos os trabalhos s\u00e3o realizados de maneira coletiva. Foto: B\u00e1rbara Dias<\/figcaption><\/figure>\n<p>Todos os dias, h\u00e1 relatos de fam\u00edlias que necessitam desta a\u00e7\u00e3o emergencial de ajuda da Casa Dulce Seixas. Atrav\u00e9s de seu principal programa, o <i><a href=\"https:\/\/bit.ly\/3P8i1fB\" target=\"_blank\" rel=\"noopener\">Dulce\u2019mente Acolhedor<\/a>,<\/i> jovens, adultos e idosos em situa\u00e7\u00e3o de rua, em vulnerabilidade socioecon\u00f4mica e <a href=\"https:\/\/bit.ly\/3XlGuzW\" target=\"_blank\" rel=\"noopener\">inseguran\u00e7a alimentar<\/a>, v\u00edtimas de viol\u00eancia de g\u00eanero e da LGBTQIAPN+fobia, pessoas que sofrem ou sofreram com a viol\u00eancia de fam\u00edlias que n\u00e3o os aceitam como s\u00e3o, recebem um lar, uma fam\u00edlia, comida, suporte emocional e psicol\u00f3gico, al\u00e9m de perspectivas de futuro.<\/p>\n<figure id=\"attachment_68798\" aria-describedby=\"caption-attachment-68798\" style=\"width: 2000px\" class=\"wp-caption aligncenter\"><a href=\"https:\/\/rioonwatch.org.br\/wp-content\/uploads\/2023\/06\/Jean-Claiton-acolhide-da-Casa-Dulce-Seixas-prepara-o-almoco-coletivo.-Foto-Barbara-Dias.jpg\"><img loading=\"lazy\" decoding=\"async\" class=\"wp-image-68798 size-full\" title=\"Jean Claiton, acolhide da Casa Dulce Seixas prepara o almo\u00e7o coletivo. Foto: B\u00e1rbara Dias\" src=\"https:\/\/rioonwatch.org.br\/wp-content\/uploads\/2023\/06\/Jean-Claiton-acolhide-da-Casa-Dulce-Seixas-prepara-o-almoco-coletivo.-Foto-Barbara-Dias.jpg\" alt=\"Jean Claiton, acolhide da Casa Dulce Seixas prepara o almo\u00e7o coletivo. Foto: B\u00e1rbara Dias\" width=\"2000\" height=\"1335\" srcset=\"https:\/\/rioonwatch.org.br\/wp-content\/uploads\/2023\/06\/Jean-Claiton-acolhide-da-Casa-Dulce-Seixas-prepara-o-almoco-coletivo.-Foto-Barbara-Dias.jpg 2000w, https:\/\/rioonwatch.org.br\/wp-content\/uploads\/2023\/06\/Jean-Claiton-acolhide-da-Casa-Dulce-Seixas-prepara-o-almoco-coletivo.-Foto-Barbara-Dias-620x414.jpg 620w, https:\/\/rioonwatch.org.br\/wp-content\/uploads\/2023\/06\/Jean-Claiton-acolhide-da-Casa-Dulce-Seixas-prepara-o-almoco-coletivo.-Foto-Barbara-Dias-942x629.jpg 942w\" sizes=\"(max-width: 2000px) 100vw, 2000px\" \/><\/a><figcaption id=\"caption-attachment-68798\" class=\"wp-caption-text\">Jean Claiton, acolhide da Casa Dulce Seixas prepara o almo\u00e7o coletivo. Foto: B\u00e1rbara Dias<\/figcaption><\/figure>\n<p>Muitos procuram a ONG com traumas causados pela viol\u00eancia f\u00edsica e psicol\u00f3gica e chegam somente com as roupas do corpo. A Casa Dulce Seixas j\u00e1 acolheu, inclusive, estrangeiros, imigrantes econ\u00f4micos e pessoas refugiadas de guerra. Acolhides como Juliete Palomo, cidad\u00e3 venezuelana que imigrou para o Brasil, e ainda outro, refugiado da Guerra da Ucr\u00e2nia, puderam, finalmente, encontrar um lar em seu novo pa\u00eds, onde se sentem amparados e seguros.<\/p>\n<figure id=\"attachment_68850\" aria-describedby=\"caption-attachment-68850\" style=\"width: 2000px\" class=\"wp-caption aligncenter\"><a href=\"https:\/\/rioonwatch.org.br\/wp-content\/uploads\/2023\/06\/Juliete-Palomo-e-Venezuelana-e-acolhide-da-Casa-Dulce-Seixas.-Foto-Barbara-Dias.jpg\"><img loading=\"lazy\" decoding=\"async\" class=\"wp-image-68850 size-full\" title=\"Juliete Palomo \u00e9 venezuelana e acolhide da Casa Dulce Seixas. Foto: B\u00e1rbara Dias\" src=\"https:\/\/rioonwatch.org.br\/wp-content\/uploads\/2023\/06\/Juliete-Palomo-e-Venezuelana-e-acolhide-da-Casa-Dulce-Seixas.-Foto-Barbara-Dias.jpg\" alt=\"Juliete Palomo \u00e9 venezuelana e acolhide da Casa Dulce Seixas. Foto: B\u00e1rbara Dias\" width=\"2000\" height=\"1335\" srcset=\"https:\/\/rioonwatch.org.br\/wp-content\/uploads\/2023\/06\/Juliete-Palomo-e-Venezuelana-e-acolhide-da-Casa-Dulce-Seixas.-Foto-Barbara-Dias.jpg 2000w, https:\/\/rioonwatch.org.br\/wp-content\/uploads\/2023\/06\/Juliete-Palomo-e-Venezuelana-e-acolhide-da-Casa-Dulce-Seixas.-Foto-Barbara-Dias-620x414.jpg 620w, https:\/\/rioonwatch.org.br\/wp-content\/uploads\/2023\/06\/Juliete-Palomo-e-Venezuelana-e-acolhide-da-Casa-Dulce-Seixas.-Foto-Barbara-Dias-942x629.jpg 942w\" sizes=\"(max-width: 2000px) 100vw, 2000px\" \/><\/a><figcaption id=\"caption-attachment-68850\" class=\"wp-caption-text\">Juliete Palomo \u00e9 venezuelana e acolhide da Casa Dulce Seixas. Foto: B\u00e1rbara Dias<\/figcaption><\/figure>\n<p>Thay Silva, acolhido vindo de <a href=\"https:\/\/bit.ly\/3lb7Hlk\" target=\"_blank\" rel=\"noopener\">Pra\u00e7a Seca<\/a>, rec\u00e9m-chegado \u00e0 sua nova casa, conta o que significa para ele ter uma fam\u00edlia e um lar. Ele diz que se sente no caminho certo agora que tem o suporte da Casa Dulce Seixas, uma comunidade de pessoas que cuidam umas das outras, que emanam positividade e que incentivam cada um dos acolhides a ter um futuro melhor.<\/p>\n<blockquote><p>\u201cA Casa Dulce me acolheu de uma forma que n\u00e3o h\u00e1 palavras para expressar. Sinceramente falando, h\u00e1 muitos cuidados bem dados para a gente que, no fundo, est\u00e1 adaptado a n\u00e3o ter nada. Me sinto verdadeiramente em casa e \u00e0 vontade. Sou bem tratado e espero, com toda a positividade, que eu cres\u00e7a na vida neste lugar, conquistando o meu espa\u00e7o, conseguindo o meu trabalho, melhorar a minha qualidade de vida e ver acontecer a mudan\u00e7a que eu anseio. Sei que a Dulce Seixas estar\u00e1 me orientado no caminho certo, para todas as minhas vit\u00f3rias no futuro. S\u00f3 tenho a agradecer do fundo do meu cora\u00e7\u00e3o as portas abertas da Casa Dulce Seixas.&#8221; \u2014 Thay Silva<\/p><\/blockquote>\n<figure id=\"attachment_68847\" aria-describedby=\"caption-attachment-68847\" style=\"width: 2000px\" class=\"wp-caption aligncenter\"><a href=\"https:\/\/rioonwatch.org.br\/wp-content\/uploads\/2023\/06\/Thay-Silva-acolhide-da-Casa-Dulce-Seixas.-Foto-Barbara-Dias.jpg\"><img loading=\"lazy\" decoding=\"async\" class=\"wp-image-68847 size-full\" title=\"Thay Silva, acolhido da Casa Dulce Seixas. Foto: B\u00e1rbara Dias\" src=\"https:\/\/rioonwatch.org.br\/wp-content\/uploads\/2023\/06\/Thay-Silva-acolhide-da-Casa-Dulce-Seixas.-Foto-Barbara-Dias.jpg\" alt=\"Thay Silva, acolhido da Casa Dulce Seixas. Foto: B\u00e1rbara Dias\" width=\"2000\" height=\"1335\" srcset=\"https:\/\/rioonwatch.org.br\/wp-content\/uploads\/2023\/06\/Thay-Silva-acolhide-da-Casa-Dulce-Seixas.-Foto-Barbara-Dias.jpg 2000w, https:\/\/rioonwatch.org.br\/wp-content\/uploads\/2023\/06\/Thay-Silva-acolhide-da-Casa-Dulce-Seixas.-Foto-Barbara-Dias-620x414.jpg 620w, https:\/\/rioonwatch.org.br\/wp-content\/uploads\/2023\/06\/Thay-Silva-acolhide-da-Casa-Dulce-Seixas.-Foto-Barbara-Dias-942x629.jpg 942w\" sizes=\"(max-width: 2000px) 100vw, 2000px\" \/><\/a><figcaption id=\"caption-attachment-68847\" class=\"wp-caption-text\">Thay Silva, acolhido da Casa Dulce Seixas. Foto: B\u00e1rbara Dias<\/figcaption><\/figure>\n<p>O <em>Dulce\u2019mente Acolhedora<\/em> \u00e9 a a\u00e7\u00e3o da Casa que mais precisa de aten\u00e7\u00e3o, devido aos cuidados m\u00e9dicos para acompanhar os acolhides, indo a Fiocruz ou outras cl\u00ednicas de cuidados, como o Centro de Assist\u00eancia Psicossocial (<a href=\"https:\/\/bit.ly\/43S5GR5\" target=\"_blank\" rel=\"noopener\">CAPS<\/a>) e as Unidades de Pronto Atendimento (<a href=\"https:\/\/bit.ly\/43WsBdM\" target=\"_blank\" rel=\"noopener\">UPAs<\/a>), em casos de enfermidades mais graves e urgentes. A alimenta\u00e7\u00e3o dos moradores da Dulce Seixas conta com o oferecimento de cinco a dez cestas b\u00e1sicas vindas da Secretaria Municipal de Assist\u00eancia Social de Nova Igua\u00e7u (<a href=\"https:\/\/bit.ly\/2yKXbNX\" target=\"_blank\" rel=\"noopener\">SEMAS<\/a>) e de outras dez cestas doadas pela <a href=\"https:\/\/bit.ly\/3Jb74X8\" target=\"_blank\" rel=\"noopener\">FioTec<\/a>, um programa da <a href=\"https:\/\/bit.ly\/2WDhuUk\" target=\"_blank\" rel=\"noopener\">Fiocruz<\/a>.<\/p>\n<figure id=\"attachment_68853\" aria-describedby=\"caption-attachment-68853\" style=\"width: 2000px\" class=\"wp-caption aligncenter\"><a href=\"https:\/\/rioonwatch.org.br\/wp-content\/uploads\/2023\/06\/John-Ricardo-acolhide-da-Casa-Dulce-Seixas.-Foto-Barbara-Dias.jpg\"><img loading=\"lazy\" decoding=\"async\" class=\"wp-image-68853 size-full\" title=\"John Ricardo, acolhide da Casa Dulce Seixas. Foto: B\u00e1rbara Dias\" src=\"https:\/\/rioonwatch.org.br\/wp-content\/uploads\/2023\/06\/John-Ricardo-acolhide-da-Casa-Dulce-Seixas.-Foto-Barbara-Dias.jpg\" alt=\"John Ricardo, acolhide da Casa Dulce Seixas. Foto: B\u00e1rbara Dias\" width=\"2000\" height=\"1335\" srcset=\"https:\/\/rioonwatch.org.br\/wp-content\/uploads\/2023\/06\/John-Ricardo-acolhide-da-Casa-Dulce-Seixas.-Foto-Barbara-Dias.jpg 2000w, https:\/\/rioonwatch.org.br\/wp-content\/uploads\/2023\/06\/John-Ricardo-acolhide-da-Casa-Dulce-Seixas.-Foto-Barbara-Dias-620x414.jpg 620w, https:\/\/rioonwatch.org.br\/wp-content\/uploads\/2023\/06\/John-Ricardo-acolhide-da-Casa-Dulce-Seixas.-Foto-Barbara-Dias-942x629.jpg 942w\" sizes=\"(max-width: 2000px) 100vw, 2000px\" \/><\/a><figcaption id=\"caption-attachment-68853\" class=\"wp-caption-text\">John Ricardo, acolhide da Casa Dulce Seixas. Foto: B\u00e1rbara Dias<\/figcaption><\/figure>\n<p>As despesas mensais da casa chegam a R$10.000. Elas v\u00e3o desde a conta de luz, que, no mais barato, custa R$960 e, no mais caro, quase R$2.000, a conta de \u00e1gua, de internet e mercado para o complemento nutricional da alimenta\u00e7\u00e3o ofertada (carnes, verduras, legumes e frutas). Al\u00e9m disso, a ONG arca com material de limpeza e produtos de higiene pessoal, sem contar as despesas de transporte, medica\u00e7\u00f5es e o IPTU da propriedade, que \u00e9 cobrado pela prefeitura.<\/p>\n<p>A institui\u00e7\u00e3o pretende colocar em pr\u00e1tica o programa <em>Dulce\u2019mente Capacitadora<\/em><i>, <\/i>que tem como objetivo a capacita\u00e7\u00e3o para o trabalho ou empreendimento de acolhides. Essas iniciativas visam promover a autonomia financeira dos envolvidos. O curso de panifica\u00e7\u00e3o tinha previs\u00e3o para ser realizado no primeiro semestre de 2023, de forma gratuita para acolhides e popula\u00e7\u00e3o LGBTQIAPN+ do territ\u00f3rio. No entanto, devido \u00e0s dificuldades para a instala\u00e7\u00e3o de equipamentos e a problemas estruturais como alagamentos, goteiras e infiltra\u00e7\u00f5es, atualmente, o programa est\u00e1 suspenso. Seu in\u00edcio est\u00e1 previsto ainda para o segundo semestre de 2023.<\/p>\n<figure id=\"attachment_68854\" aria-describedby=\"caption-attachment-68854\" style=\"width: 2000px\" class=\"wp-caption aligncenter\"><a href=\"https:\/\/rioonwatch.org.br\/wp-content\/uploads\/2023\/06\/Alexandre-Almeida-acolhide-da-Casa-Dulce-Seixas.-Foto-Barbara-Dias.jpg\"><img loading=\"lazy\" decoding=\"async\" class=\"wp-image-68854 size-full\" title=\"Alexandre Almeida, acolhide da Casa Dulce Seixas. Foto: B\u00e1rbara Dias\" src=\"https:\/\/rioonwatch.org.br\/wp-content\/uploads\/2023\/06\/Alexandre-Almeida-acolhide-da-Casa-Dulce-Seixas.-Foto-Barbara-Dias.jpg\" alt=\"Alexandre Almeida, acolhide da Casa Dulce Seixas. Foto: B\u00e1rbara Dias\" width=\"2000\" height=\"1335\" srcset=\"https:\/\/rioonwatch.org.br\/wp-content\/uploads\/2023\/06\/Alexandre-Almeida-acolhide-da-Casa-Dulce-Seixas.-Foto-Barbara-Dias.jpg 2000w, https:\/\/rioonwatch.org.br\/wp-content\/uploads\/2023\/06\/Alexandre-Almeida-acolhide-da-Casa-Dulce-Seixas.-Foto-Barbara-Dias-620x414.jpg 620w, https:\/\/rioonwatch.org.br\/wp-content\/uploads\/2023\/06\/Alexandre-Almeida-acolhide-da-Casa-Dulce-Seixas.-Foto-Barbara-Dias-942x629.jpg 942w\" sizes=\"(max-width: 2000px) 100vw, 2000px\" \/><\/a><figcaption id=\"caption-attachment-68854\" class=\"wp-caption-text\">Alexandre Almeida, acolhide da Casa Dulce Seixas. Foto: B\u00e1rbara Dias<\/figcaption><\/figure>\n<p>A ONG tamb\u00e9m prev\u00ea a realiza\u00e7\u00e3o do programa <em><a href=\"https:\/\/bit.ly\/42QxOTT\" target=\"_blank\" rel=\"noopener\">Dulce\u2019mente Liter\u00e1ria e Cultural<\/a><\/em>, que culminaria na constru\u00e7\u00e3o de uma biblioteca comunit\u00e1ria, com o empr\u00e9stimo gratuito de livros, entendendo que a <a href=\"https:\/\/bit.ly\/3iCHmQS\" target=\"_blank\" rel=\"noopener\">literatura \u00e9 um direito humano<\/a> e fundamental para o pensamento livre em uma sociedade democr\u00e1tica. Assim sendo, o espa\u00e7o tamb\u00e9m servir\u00e1 como ponto de encontro, para a comunidade do entorno da Casa Dulce e para os movimentos sociais do territ\u00f3rio. Al\u00e9m disso, o programa tamb\u00e9m tem o intuito de realizar eventos culturais, como <a href=\"https:\/\/bit.ly\/2s8lGSA\" target=\"_blank\" rel=\"noopener\">slams<\/a> e saraus de poesia.<\/p>\n<figure id=\"attachment_68852\" aria-describedby=\"caption-attachment-68852\" style=\"width: 2000px\" class=\"wp-caption aligncenter\"><a href=\"https:\/\/rioonwatch.org.br\/wp-content\/uploads\/2023\/06\/Manuela-Jardim-acolhide-da-Casa-Dulce-Seixas.-Foto-Barbara-Dias.jpg\"><img loading=\"lazy\" decoding=\"async\" class=\"wp-image-68852 size-full\" title=\"Manuela Jardim, acolhide da Casa Dulce Seixas. Foto: B\u00e1rbara Dias\" src=\"https:\/\/rioonwatch.org.br\/wp-content\/uploads\/2023\/06\/Manuela-Jardim-acolhide-da-Casa-Dulce-Seixas.-Foto-Barbara-Dias.jpg\" alt=\"Manuela Jardim, acolhide da Casa Dulce Seixas. Foto: B\u00e1rbara Dias\" width=\"2000\" height=\"1335\" srcset=\"https:\/\/rioonwatch.org.br\/wp-content\/uploads\/2023\/06\/Manuela-Jardim-acolhide-da-Casa-Dulce-Seixas.-Foto-Barbara-Dias.jpg 2000w, https:\/\/rioonwatch.org.br\/wp-content\/uploads\/2023\/06\/Manuela-Jardim-acolhide-da-Casa-Dulce-Seixas.-Foto-Barbara-Dias-620x414.jpg 620w, https:\/\/rioonwatch.org.br\/wp-content\/uploads\/2023\/06\/Manuela-Jardim-acolhide-da-Casa-Dulce-Seixas.-Foto-Barbara-Dias-942x629.jpg 942w\" sizes=\"(max-width: 2000px) 100vw, 2000px\" \/><\/a><figcaption id=\"caption-attachment-68852\" class=\"wp-caption-text\">Manuela Jardim, acolhide da Casa Dulce Seixas. Foto: B\u00e1rbara Dias<\/figcaption><\/figure>\n<p>Amanda Corr\u00eaa, acolhida h\u00e1 nove meses e vinda da favela da Portelinha, localizada na cidade litor\u00e2nea de <a href=\"https:\/\/bit.ly\/3CtSc20\" target=\"_blank\" rel=\"noopener\">Rio das Ostras<\/a>, na <a href=\"https:\/\/bit.ly\/441hbFO\" target=\"_blank\" rel=\"noopener\">Regi\u00e3o dos Lagos<\/a> do estado do Rio de Janeiro, fala sobre o carinho que tem recebido na casa. Para ela, a Casa Dulce Seixas foi a base que lhe permitiu se curar de feridas deixadas pela LGBTQIAPN+fobia, estudar e conquistar um emprego em uma multinacional.<\/p>\n<blockquote><p>\u201cEste lugar me proporcionou abrigo, al\u00e9m das demais necessidades b\u00e1sicas para que eu pudesse me reestruturar para o mundo. Hoje, fa\u00e7o faculdade de Recursos Humanos, fui efetivada na <em>Amazon, <\/em>onde estava como jovem aprendiz. Posso me manter gra\u00e7as a todo o carinho vindo deste lugar bom, que acolhe pessoas &#8216;feridas&#8217; e as cura, para retornarem \u00e0s batalhas da vida.\u201d \u2014 Amanda Corr\u00eaa<\/p><\/blockquote>\n<figure id=\"attachment_68849\" aria-describedby=\"caption-attachment-68849\" style=\"width: 2000px\" class=\"wp-caption aligncenter\"><a href=\"https:\/\/rioonwatch.org.br\/wp-content\/uploads\/2023\/06\/Acolhides-da-Casa-Dulce-Seixa-posam-contemplativos-para-foto-na-janela-de-seu-lar.-Foto-Barbara-Dias.jpg\"><img loading=\"lazy\" decoding=\"async\" class=\"wp-image-68849 size-full\" title=\"Acolhides da Casa Dulce Seixa posam, contemplativos, para foto na janela de seu lar. Foto: B\u00e1rbara Dias\" src=\"https:\/\/rioonwatch.org.br\/wp-content\/uploads\/2023\/06\/Acolhides-da-Casa-Dulce-Seixa-posam-contemplativos-para-foto-na-janela-de-seu-lar.-Foto-Barbara-Dias.jpg\" alt=\"Acolhides da Casa Dulce Seixa posam, contemplativos, para foto na janela de seu lar. Foto: B\u00e1rbara Dias\" width=\"2000\" height=\"1335\" srcset=\"https:\/\/rioonwatch.org.br\/wp-content\/uploads\/2023\/06\/Acolhides-da-Casa-Dulce-Seixa-posam-contemplativos-para-foto-na-janela-de-seu-lar.-Foto-Barbara-Dias.jpg 2000w, https:\/\/rioonwatch.org.br\/wp-content\/uploads\/2023\/06\/Acolhides-da-Casa-Dulce-Seixa-posam-contemplativos-para-foto-na-janela-de-seu-lar.-Foto-Barbara-Dias-620x414.jpg 620w, https:\/\/rioonwatch.org.br\/wp-content\/uploads\/2023\/06\/Acolhides-da-Casa-Dulce-Seixa-posam-contemplativos-para-foto-na-janela-de-seu-lar.-Foto-Barbara-Dias-942x629.jpg 942w\" sizes=\"(max-width: 2000px) 100vw, 2000px\" \/><\/a><figcaption id=\"caption-attachment-68849\" class=\"wp-caption-text\">Acolhides da Casa Dulce Seixa posam, contemplativos, para foto na janela de seu lar. Foto: B\u00e1rbara Dias<\/figcaption><\/figure>\n<p>Juliana Souza Santos, conhecida como \u201cJu Tempestade\u201d, acolhida h\u00e1 dez meses vinda de <a href=\"https:\/\/bit.ly\/3Nqnzku\" target=\"_blank\" rel=\"noopener\">Itabuna<\/a>, no estado da <a href=\"https:\/\/bit.ly\/3DuKUJW\" target=\"_blank\" rel=\"noopener\">Bahia<\/a>, diz que em sua cidade natal a LGBTQIAPN+fobia tornou insustent\u00e1vel sua vida. Portanto, assim que soube da exist\u00eancia da Casa Dulce, entrou em contato com a <span style=\"font-weight: 400;\">Iyalorix\u00e1 Shirley de Maria Padilha e pediu acolhimento em Nova Igua\u00e7u. Hoje, morando em outro estado, ela faz quest\u00e3o de deixar n\u00edtida a import\u00e2ncia de Shirley e da Casa Dulce na sua trajet\u00f3ria. Ela menciona<\/span><span style=\"font-weight: 400;\"> Shirley como uma m\u00e3e, que cuida, d\u00e1 carinho, um espa\u00e7o seguro a seus filhes que ajuda com que se desenvolvam e cres\u00e7am.<\/span><\/p>\n<blockquote><p>\u201cEu fui pro Rio de Janeiro assim que conheci a Casa Dulce pela internet. Sa\u00ed da minha cidade devido a dificuldades financeiras e porque em minha cidade havia muito preconceito e a n\u00e3o aceita\u00e7\u00e3o da minha fam\u00edlia. Conheci a Shirley e sou grata por todo o carinho, a aten\u00e7\u00e3o e o acolhimento que ela e a institui\u00e7\u00e3o me deram. Hoje, estou realizada! Casada, trabalhando e morando no estado do <a href=\"https:\/\/bit.ly\/3X2b01T\" target=\"_blank\" rel=\"noopener\">Esp\u00edrito Santo<\/a>. Foi gra\u00e7as a todo o trabalho dessa fam\u00edlia, que eu estou neste lugar de realiza\u00e7\u00e3o. Shirley \u00e9 uma m\u00e3e, ela trata<i> todes<\/i> como <i>filhes<\/i> e faz de tudo para que consigamos alcan\u00e7ar nossos objetivos. Sou muito agradecida por conhecer esse lugar que transforma vidas. Eu sou uma das que foram transformadas gra\u00e7as a todo o cuidado que recebi da Shirley, de Johari e da Davlyn.\u201d \u2014 Juliana Souza Santos<\/p><\/blockquote>\n<figure id=\"attachment_68851\" aria-describedby=\"caption-attachment-68851\" style=\"width: 2000px\" class=\"wp-caption aligncenter\"><a href=\"https:\/\/rioonwatch.org.br\/wp-content\/uploads\/2023\/06\/Shirley-de-Maria-Padilha-coordenadora-da-Casa-Dulce-Seixas.-Foto-Barbara-Dias.jpg\"><img loading=\"lazy\" decoding=\"async\" class=\"wp-image-68851 size-full\" title=\"Shirley de Maria Padilha, coordenadora da Casa Dulce Seixas. Foto: B\u00e1rbara Dias\" src=\"https:\/\/rioonwatch.org.br\/wp-content\/uploads\/2023\/06\/Shirley-de-Maria-Padilha-coordenadora-da-Casa-Dulce-Seixas.-Foto-Barbara-Dias.jpg\" alt=\"Shirley de Maria Padilha, coordenadora da Casa Dulce Seixas. Foto: B\u00e1rbara Dias\" width=\"2000\" height=\"1335\" srcset=\"https:\/\/rioonwatch.org.br\/wp-content\/uploads\/2023\/06\/Shirley-de-Maria-Padilha-coordenadora-da-Casa-Dulce-Seixas.-Foto-Barbara-Dias.jpg 2000w, https:\/\/rioonwatch.org.br\/wp-content\/uploads\/2023\/06\/Shirley-de-Maria-Padilha-coordenadora-da-Casa-Dulce-Seixas.-Foto-Barbara-Dias-620x414.jpg 620w, https:\/\/rioonwatch.org.br\/wp-content\/uploads\/2023\/06\/Shirley-de-Maria-Padilha-coordenadora-da-Casa-Dulce-Seixas.-Foto-Barbara-Dias-942x629.jpg 942w\" sizes=\"(max-width: 2000px) 100vw, 2000px\" \/><\/a><figcaption id=\"caption-attachment-68851\" class=\"wp-caption-text\">Shirley de Maria Padilha, coordenadora da Casa Dulce Seixas. Foto: B\u00e1rbara Dias<\/figcaption><\/figure>\n<p>Maya Rangel dos Santos Cruz foi acolhida h\u00e1 sete meses, vinda de <a href=\"https:\/\/bit.ly\/42FBU0K\" target=\"_blank\" rel=\"noopener\">Coroa Grande<\/a>, bairro do munic\u00edpio de <a href=\"https:\/\/bit.ly\/2X1gPhx\" target=\"_blank\" rel=\"noopener\">Itagua\u00ed<\/a>, tamb\u00e9m na Baixada Fluminense. Para ela, Shirley tamb\u00e9m \u00e9 como uma m\u00e3e, que ensina, protege e apoia.<\/p>\n<blockquote><p>\u201cVou contar um pouco da minha hist\u00f3ria. Antes de conhecer a Casa Dulce, eu morava com meus tios. Desde crian\u00e7a, eu passava por transfobia, apanhava e era oprimida. Quando completei 15 anos, por insistir na minha sexualidade, me colocaram para fora de casa. Ent\u00e3o, fui para o abrigo de menores no Centro do Rio de Janeiro, onde sofri um abuso sexual, meu primeiro estupro, por um educador&#8230; [Ali] fiquei at\u00e9 os meus 18 anos. Desde que fiz 18 anos, fui para um hotel da Prefeitura, onde eu tamb\u00e9m sofria bastante. N\u00e3o me adaptei&#8230; tinham drogas envolvidas e eu n\u00e3o me envolvia. N\u00e3o me cabia estar ali. Na procura de um novo lar, me vi dentro de uma casa LGBTQIAPN+, que se chama <a href=\"https:\/\/bit.ly\/3Xpx07n\" target=\"_blank\" rel=\"noopener\">Casa Nem<\/a>. L\u00e1, aprendi muitas coisas, mas tamb\u00e9m n\u00e3o me cabia estar ali. Ent\u00e3o, fui embora para a Casa Dulce Seixas, onde conheci uma amiga, uma protetora e, primeiramente, uma m\u00e3e, que se chama Shirley, diretora e fundadora da Casa Dulce. Ela me apoiou, me deu suporte e me ajudou&#8230; Estou casada h\u00e1 dois anos, estamos bem estabelecidos, tenho minha casa e estou muito feliz! Agrade\u00e7o muito a Casa Dulce Seixas, por me acolher e me apoiar, independentemente de toda minha hist\u00f3ria.\u201d \u2014 Maya Rangel dos Santos Cruz<\/p><\/blockquote>\n<figure id=\"attachment_68793\" aria-describedby=\"caption-attachment-68793\" style=\"width: 2000px\" class=\"wp-caption aligncenter\"><a href=\"https:\/\/rioonwatch.org.br\/wp-content\/uploads\/2023\/06\/Acolhides-da-Casa-Dulce-Seixa-tomam-cafe-da-manha-juntes.-Foto-Barbara-Dias.jpg\"><img loading=\"lazy\" decoding=\"async\" class=\"wp-image-68793 size-full\" title=\"Acolhides da Casa Dulce Seixa tomam caf\u00e9 da manh\u00e3 juntes. Foto: B\u00e1rbara Dias\" src=\"https:\/\/rioonwatch.org.br\/wp-content\/uploads\/2023\/06\/Acolhides-da-Casa-Dulce-Seixa-tomam-cafe-da-manha-juntes.-Foto-Barbara-Dias.jpg\" alt=\"Acolhides da Casa Dulce Seixa tomam caf\u00e9 da manh\u00e3 juntes. Foto: B\u00e1rbara Dias\" width=\"2000\" height=\"1335\" srcset=\"https:\/\/rioonwatch.org.br\/wp-content\/uploads\/2023\/06\/Acolhides-da-Casa-Dulce-Seixa-tomam-cafe-da-manha-juntes.-Foto-Barbara-Dias.jpg 2000w, https:\/\/rioonwatch.org.br\/wp-content\/uploads\/2023\/06\/Acolhides-da-Casa-Dulce-Seixa-tomam-cafe-da-manha-juntes.-Foto-Barbara-Dias-620x414.jpg 620w, https:\/\/rioonwatch.org.br\/wp-content\/uploads\/2023\/06\/Acolhides-da-Casa-Dulce-Seixa-tomam-cafe-da-manha-juntes.-Foto-Barbara-Dias-942x629.jpg 942w\" sizes=\"(max-width: 2000px) 100vw, 2000px\" \/><\/a><figcaption id=\"caption-attachment-68793\" class=\"wp-caption-text\">Acolhides da Casa Dulce Seixa tomam caf\u00e9 da manh\u00e3 juntes. Foto: B\u00e1rbara Dias<\/figcaption><\/figure>\n<p>Na Casa Dulce Seixas, se reconhece a import\u00e2ncia da hist\u00f3ria de cada acolhide que passa por aquele lugar. Toda vit\u00f3ria \u00e9 m\u00e9rito delus, delis, delas e deles, com uma pitada do abra\u00e7o e do colo da institui\u00e7\u00e3o. Para todes da Casa Dulce, o sentimento \u00e9 de gratid\u00e3o por essas pessoas permitirem que eles fa\u00e7am parte de suas vidas. Cada indiv\u00edduo \u00e9 recebido com muito carinho, ganha um lar e passa a fazer parte da fam\u00edlia Dulce Seixas. No entanto, para que o trabalho da Casa Dulce Seixas continue, doa\u00e7\u00f5es s\u00e3o necess\u00e1rias. Quem quiser e puder ajudar entre em contato com a <a href=\"https:\/\/bit.ly\/3P1y3bo\" target=\"_blank\" rel=\"noopener\">Casa Dulce Seixas<\/a> pelas redes sociais.<\/p>\n<p><em>Sobre a autora: <a href=\"https:\/\/bit.ly\/3X4oABP\" target=\"_blank\" rel=\"noopener\">Johari Silva<\/a> \u00e9 comunicadora e articuladora social, mobilizadora de advocacy da <a href=\"https:\/\/bit.ly\/3BoR2Ep\" target=\"_blank\" rel=\"noopener\">A\u00e7\u00e3o da Cidadania<\/a>, membro-diretora da Comiss\u00e3o Organizadora da Parada do Orgulho LGBTQIAPN+ de Nova Igua\u00e7u e conselheira municipal de Defesa do Direito do Negro, de Sa\u00fade e de Seguran\u00e7a Alimentar de Nova Igua\u00e7u.<\/em><\/p>\n<hr \/>\n<h4><b data-stringify-type=\"bold\">Apoie nossos esfor\u00e7os para fornecer apoio estrat\u00e9gico \u00e0s favelas do Rio, incluindo o jornalismo hiperlocal, cr\u00edtico, inovador e incans\u00e1vel do\u00a0<\/b><b data-stringify-type=\"bold\"><i data-stringify-type=\"italic\">RioOnWatch<\/i><\/b>\u2014<a class=\"c-link\" href=\"http:\/\/www.bit.ly\/ApoieROW\" target=\"_blank\" rel=\"noopener noreferrer\" data-stringify-link=\"http:\/\/www.bit.ly\/ApoieROW\" data-sk=\"tooltip_parent\">doe aqui<\/a>.<\/h4>\n<!-- AddThis Advanced Settings generic via filter on the_content --><!-- AddThis Share Buttons generic via filter on the_content -->","protected":false},"excerpt":{"rendered":"<div class=\"mh-excerpt\"><p>Click Here for English Esta mat\u00e9ria\u00a0faz parte de uma\u00a0s\u00e9rie\u00a0gerada por uma parceria com o\u00a0Digital Brazil Project\u00a0do\u00a0Centro Behner Stiefel de Estudos Brasileiros da Universidade Estadual de San Diego na Calif\u00f3rnia, para produzir mat\u00e9rias sobre a quest\u00e3o <a class=\"mh-excerpt-more\" href=\"https:\/\/rioonwatch.org.br\/?p=68744\" title=\"Neste Dia do Orgulho LGBTQIAPN+, Conhe\u00e7a a Casa Dulce Seixas: Primeira Casa de Acolhimento da Baixada Fluminense\">[&#8230;]<\/a><!-- AddThis Advanced Settings generic via filter on get_the_excerpt --><!-- AddThis Share Buttons generic via filter on get_the_excerpt --><\/p>\n<\/div>","protected":false},"author":179,"featured_media":68771,"comment_status":"closed","ping_status":"closed","sticky":false,"template":"template-full.php","format":"standard","meta":{"_acf_changed":false,"_monsterinsights_skip_tracking":false,"_monsterinsights_sitenote_active":false,"_monsterinsights_sitenote_note":"","_monsterinsights_sitenote_category":0,"footnotes":""},"categories":[1621,1633,3206,1612,342],"tags":[3253,959,1541,424,88,3443,2146,2230,109,1583,1398,1037,961,2432,294,2069,2693,3362],"writer":[3337],"translator":[],"source":[],"ilustrador":[],"fotografo":[3184],"class_list":{"0":"post-68744","1":"post","2":"type-post","3":"status-publish","4":"format-standard","5":"has-post-thumbnail","7":"category-destaque","8":"category-foto-reportagens","9":"category-representatividade","10":"category-sociedade-civil","11":"category-solucoes","12":"tag-antirracismo","13":"tag-baixada-fluminense","14":"tag-candomble","15":"tag-direito-a-moradia","16":"tag-direitos-humanos","17":"tag-espaco-de-acolhimento","18":"tag-fiocruz","19":"tag-fome","20":"tag-intolerancia-religiosa","21":"tag-itaguai","22":"tag-lgbt","23":"tag-moradia","24":"tag-nova-iguacu","25":"tag-representatividade","26":"tag-saude","27":"tag-saude-mental","28":"tag-serie-direitos-humanos-com-apoio-do-centro-behner-stiefel-da-sdsu","29":"tag-transgenero","30":"writer-johari-silva","31":"fotografo-barbara-dias"},"acf":[],"yoast_head":"<!-- This site is optimized with the Yoast SEO plugin v25.6 - https:\/\/yoast.com\/wordpress\/plugins\/seo\/ -->\n<title>Neste Dia do Orgulho LGBTQIAPN+, Conhe\u00e7a a Casa Dulce Seixas: Primeira Casa de Acolhimento da Baixada Fluminense - RioOnWatch<\/title>\n<meta name=\"robots\" content=\"index, follow, max-snippet:-1, max-image-preview:large, max-video-preview:-1\" \/>\n<link rel=\"canonical\" href=\"https:\/\/rioonwatch.org.br\/?p=68744\" \/>\n<meta property=\"og:locale\" content=\"pt_BR\" \/>\n<meta property=\"og:type\" content=\"article\" \/>\n<meta property=\"og:title\" content=\"Neste Dia do Orgulho LGBTQIAPN+, Conhe\u00e7a a Casa Dulce Seixas: Primeira Casa de Acolhimento da Baixada Fluminense - RioOnWatch\" \/>\n<meta property=\"og:description\" content=\"Click Here for English Esta mat\u00e9ria\u00a0faz parte de uma\u00a0s\u00e9rie\u00a0gerada por uma parceria com o\u00a0Digital Brazil Project\u00a0do\u00a0Centro Behner Stiefel de Estudos Brasileiros da Universidade Estadual de San Diego na Calif\u00f3rnia, para produzir mat\u00e9rias sobre a quest\u00e3o [...]\" \/>\n<meta property=\"og:url\" content=\"https:\/\/rioonwatch.org.br\/?p=68744\" \/>\n<meta property=\"og:site_name\" content=\"RioOnWatch\" \/>\n<meta property=\"article:published_time\" content=\"2023-06-28T09:00:27+00:00\" \/>\n<meta property=\"article:modified_time\" content=\"2024-07-22T16:20:03+00:00\" \/>\n<meta property=\"og:image\" content=\"https:\/\/rioonwatch.org.br\/wp-content\/uploads\/2023\/06\/Shirley-de-Maria-Padilha-e-seus-acolhides-posam-para-fotografia.-Foto-Barbara-Dias.jpg\" \/>\n\t<meta property=\"og:image:width\" content=\"2000\" \/>\n\t<meta property=\"og:image:height\" content=\"1335\" \/>\n\t<meta property=\"og:image:type\" content=\"image\/jpeg\" \/>\n<meta name=\"author\" content=\"Janaina Tavares\" \/>\n<meta name=\"twitter:card\" content=\"summary_large_image\" \/>\n<meta name=\"twitter:label1\" content=\"Escrito por\" \/>\n\t<meta name=\"twitter:data1\" content=\"Janaina Tavares\" \/>\n\t<meta name=\"twitter:label2\" content=\"Est. tempo de leitura\" \/>\n\t<meta name=\"twitter:data2\" content=\"14 minutos\" \/>\n<script type=\"application\/ld+json\" class=\"yoast-schema-graph\">{\"@context\":\"https:\/\/schema.org\",\"@graph\":[{\"@type\":\"Article\",\"@id\":\"https:\/\/rioonwatch.org.br\/?p=68744#article\",\"isPartOf\":{\"@id\":\"https:\/\/rioonwatch.org.br\/?p=68744\"},\"author\":{\"name\":\"Janaina Tavares\",\"@id\":\"https:\/\/rioonwatch.org.br\/#\/schema\/person\/feb227e5e7679aacc3d672e375cae1bd\"},\"headline\":\"Neste Dia do Orgulho LGBTQIAPN+, Conhe\u00e7a a Casa Dulce Seixas: Primeira Casa de Acolhimento da Baixada Fluminense\",\"datePublished\":\"2023-06-28T09:00:27+00:00\",\"dateModified\":\"2024-07-22T16:20:03+00:00\",\"mainEntityOfPage\":{\"@id\":\"https:\/\/rioonwatch.org.br\/?p=68744\"},\"wordCount\":2848,\"publisher\":{\"@id\":\"https:\/\/rioonwatch.org.br\/#organization\"},\"image\":{\"@id\":\"https:\/\/rioonwatch.org.br\/?p=68744#primaryimage\"},\"thumbnailUrl\":\"https:\/\/rioonwatch.org.br\/wp-content\/uploads\/2023\/06\/Shirley-de-Maria-Padilha-e-seus-acolhides-posam-para-fotografia.-Foto-Barbara-Dias.jpg\",\"keywords\":[\"Antirracismo\",\"Baixada Fluminense\",\"Candombl\u00e9\",\"Direito \u00e0 Moradia\",\"Direitos Humanos\",\"Espa\u00e7o de acolhimento\",\"Fiocruz\",\"Inseguran\u00e7a alimentar\",\"intoler\u00e2ncia religiosa\",\"Itagua\u00ed\",\"LGBTQIAPN+\",\"moradia\",\"Nova Igua\u00e7u\",\"representatividade\",\"sa\u00fade\",\"sa\u00fade mental\",\"S\u00e9rie Apoiada pelo Centro Behner Stiefel\/SDSU\",\"transg\u00eanero\"],\"articleSection\":[\"*Destaque\",\"Fotorreportagens\",\"Representatividade\",\"Sociedade Civil\",\"Solu\u00e7\u00f5es\"],\"inLanguage\":\"pt-BR\"},{\"@type\":\"WebPage\",\"@id\":\"https:\/\/rioonwatch.org.br\/?p=68744\",\"url\":\"https:\/\/rioonwatch.org.br\/?p=68744\",\"name\":\"Neste Dia do Orgulho LGBTQIAPN+, Conhe\u00e7a a Casa Dulce Seixas: Primeira Casa de Acolhimento da Baixada Fluminense - RioOnWatch\",\"isPartOf\":{\"@id\":\"https:\/\/rioonwatch.org.br\/#website\"},\"primaryImageOfPage\":{\"@id\":\"https:\/\/rioonwatch.org.br\/?p=68744#primaryimage\"},\"image\":{\"@id\":\"https:\/\/rioonwatch.org.br\/?p=68744#primaryimage\"},\"thumbnailUrl\":\"https:\/\/rioonwatch.org.br\/wp-content\/uploads\/2023\/06\/Shirley-de-Maria-Padilha-e-seus-acolhides-posam-para-fotografia.-Foto-Barbara-Dias.jpg\",\"datePublished\":\"2023-06-28T09:00:27+00:00\",\"dateModified\":\"2024-07-22T16:20:03+00:00\",\"breadcrumb\":{\"@id\":\"https:\/\/rioonwatch.org.br\/?p=68744#breadcrumb\"},\"inLanguage\":\"pt-BR\",\"potentialAction\":[{\"@type\":\"ReadAction\",\"target\":[\"https:\/\/rioonwatch.org.br\/?p=68744\"]}]},{\"@type\":\"ImageObject\",\"inLanguage\":\"pt-BR\",\"@id\":\"https:\/\/rioonwatch.org.br\/?p=68744#primaryimage\",\"url\":\"https:\/\/rioonwatch.org.br\/wp-content\/uploads\/2023\/06\/Shirley-de-Maria-Padilha-e-seus-acolhides-posam-para-fotografia.-Foto-Barbara-Dias.jpg\",\"contentUrl\":\"https:\/\/rioonwatch.org.br\/wp-content\/uploads\/2023\/06\/Shirley-de-Maria-Padilha-e-seus-acolhides-posam-para-fotografia.-Foto-Barbara-Dias.jpg\",\"width\":2000,\"height\":1335,\"caption\":\"Shirley de Maria Padilha e seus acolhides posam para fotografia. Foto: B\u00e1rbara Dias\"},{\"@type\":\"BreadcrumbList\",\"@id\":\"https:\/\/rioonwatch.org.br\/?p=68744#breadcrumb\",\"itemListElement\":[{\"@type\":\"ListItem\",\"position\":1,\"name\":\"In\u00edcio\",\"item\":\"https:\/\/rioonwatch.org.br\/\"},{\"@type\":\"ListItem\",\"position\":2,\"name\":\"Neste Dia do Orgulho LGBTQIAPN+, Conhe\u00e7a a Casa Dulce Seixas: Primeira Casa de Acolhimento da Baixada Fluminense\"}]},{\"@type\":\"WebSite\",\"@id\":\"https:\/\/rioonwatch.org.br\/#website\",\"url\":\"https:\/\/rioonwatch.org.br\/\",\"name\":\"RioOnWatch\",\"description\":\"relatos das favelas cariocas\",\"publisher\":{\"@id\":\"https:\/\/rioonwatch.org.br\/#organization\"},\"potentialAction\":[{\"@type\":\"SearchAction\",\"target\":{\"@type\":\"EntryPoint\",\"urlTemplate\":\"https:\/\/rioonwatch.org.br\/?s={search_term_string}\"},\"query-input\":{\"@type\":\"PropertyValueSpecification\",\"valueRequired\":true,\"valueName\":\"search_term_string\"}}],\"inLanguage\":\"pt-BR\"},{\"@type\":\"Organization\",\"@id\":\"https:\/\/rioonwatch.org.br\/#organization\",\"name\":\"RioOnWatch\",\"url\":\"https:\/\/rioonwatch.org.br\/\",\"logo\":{\"@type\":\"ImageObject\",\"inLanguage\":\"pt-BR\",\"@id\":\"https:\/\/rioonwatch.org.br\/#\/schema\/logo\/image\/\",\"url\":\"https:\/\/rioonwatch.org.br\/wp-content\/uploads\/2021\/06\/RioOnWatchcabecalhoPT11anos-2.png\",\"contentUrl\":\"https:\/\/rioonwatch.org.br\/wp-content\/uploads\/2021\/06\/RioOnWatchcabecalhoPT11anos-2.png\",\"width\":779,\"height\":277,\"caption\":\"RioOnWatch\"},\"image\":{\"@id\":\"https:\/\/rioonwatch.org.br\/#\/schema\/logo\/image\/\"}},{\"@type\":\"Person\",\"@id\":\"https:\/\/rioonwatch.org.br\/#\/schema\/person\/feb227e5e7679aacc3d672e375cae1bd\",\"name\":\"Janaina Tavares\",\"image\":{\"@type\":\"ImageObject\",\"inLanguage\":\"pt-BR\",\"@id\":\"https:\/\/rioonwatch.org.br\/#\/schema\/person\/image\/\",\"url\":\"https:\/\/secure.gravatar.com\/avatar\/83bb5bb4f8b0c5ad63f35939640eaaa2?s=96&d=blank&r=g\",\"contentUrl\":\"https:\/\/secure.gravatar.com\/avatar\/83bb5bb4f8b0c5ad63f35939640eaaa2?s=96&d=blank&r=g\",\"caption\":\"Janaina Tavares\"},\"url\":\"https:\/\/rioonwatch.org.br\/?author=179\"}]}<\/script>\n<!-- \/ Yoast SEO plugin. -->","yoast_head_json":{"title":"Neste Dia do Orgulho LGBTQIAPN+, Conhe\u00e7a a Casa Dulce Seixas: Primeira Casa de Acolhimento da Baixada Fluminense - RioOnWatch","robots":{"index":"index","follow":"follow","max-snippet":"max-snippet:-1","max-image-preview":"max-image-preview:large","max-video-preview":"max-video-preview:-1"},"canonical":"https:\/\/rioonwatch.org.br\/?p=68744","og_locale":"pt_BR","og_type":"article","og_title":"Neste Dia do Orgulho LGBTQIAPN+, Conhe\u00e7a a Casa Dulce Seixas: Primeira Casa de Acolhimento da Baixada Fluminense - RioOnWatch","og_description":"Click Here for English Esta mat\u00e9ria\u00a0faz parte de uma\u00a0s\u00e9rie\u00a0gerada por uma parceria com o\u00a0Digital Brazil Project\u00a0do\u00a0Centro Behner Stiefel de Estudos Brasileiros da Universidade Estadual de San Diego na Calif\u00f3rnia, para produzir mat\u00e9rias sobre a quest\u00e3o [...]","og_url":"https:\/\/rioonwatch.org.br\/?p=68744","og_site_name":"RioOnWatch","article_published_time":"2023-06-28T09:00:27+00:00","article_modified_time":"2024-07-22T16:20:03+00:00","og_image":[{"width":2000,"height":1335,"url":"https:\/\/rioonwatch.org.br\/wp-content\/uploads\/2023\/06\/Shirley-de-Maria-Padilha-e-seus-acolhides-posam-para-fotografia.-Foto-Barbara-Dias.jpg","type":"image\/jpeg"}],"author":"Janaina Tavares","twitter_card":"summary_large_image","twitter_misc":{"Escrito por":"Janaina Tavares","Est. tempo de leitura":"14 minutos"},"schema":{"@context":"https:\/\/schema.org","@graph":[{"@type":"Article","@id":"https:\/\/rioonwatch.org.br\/?p=68744#article","isPartOf":{"@id":"https:\/\/rioonwatch.org.br\/?p=68744"},"author":{"name":"Janaina Tavares","@id":"https:\/\/rioonwatch.org.br\/#\/schema\/person\/feb227e5e7679aacc3d672e375cae1bd"},"headline":"Neste Dia do Orgulho LGBTQIAPN+, Conhe\u00e7a a Casa Dulce Seixas: Primeira Casa de Acolhimento da Baixada Fluminense","datePublished":"2023-06-28T09:00:27+00:00","dateModified":"2024-07-22T16:20:03+00:00","mainEntityOfPage":{"@id":"https:\/\/rioonwatch.org.br\/?p=68744"},"wordCount":2848,"publisher":{"@id":"https:\/\/rioonwatch.org.br\/#organization"},"image":{"@id":"https:\/\/rioonwatch.org.br\/?p=68744#primaryimage"},"thumbnailUrl":"https:\/\/rioonwatch.org.br\/wp-content\/uploads\/2023\/06\/Shirley-de-Maria-Padilha-e-seus-acolhides-posam-para-fotografia.-Foto-Barbara-Dias.jpg","keywords":["Antirracismo","Baixada Fluminense","Candombl\u00e9","Direito \u00e0 Moradia","Direitos Humanos","Espa\u00e7o de acolhimento","Fiocruz","Inseguran\u00e7a alimentar","intoler\u00e2ncia religiosa","Itagua\u00ed","LGBTQIAPN+","moradia","Nova Igua\u00e7u","representatividade","sa\u00fade","sa\u00fade mental","S\u00e9rie Apoiada pelo Centro Behner Stiefel\/SDSU","transg\u00eanero"],"articleSection":["*Destaque","Fotorreportagens","Representatividade","Sociedade Civil","Solu\u00e7\u00f5es"],"inLanguage":"pt-BR"},{"@type":"WebPage","@id":"https:\/\/rioonwatch.org.br\/?p=68744","url":"https:\/\/rioonwatch.org.br\/?p=68744","name":"Neste Dia do Orgulho LGBTQIAPN+, Conhe\u00e7a a Casa Dulce Seixas: Primeira Casa de Acolhimento da Baixada Fluminense - RioOnWatch","isPartOf":{"@id":"https:\/\/rioonwatch.org.br\/#website"},"primaryImageOfPage":{"@id":"https:\/\/rioonwatch.org.br\/?p=68744#primaryimage"},"image":{"@id":"https:\/\/rioonwatch.org.br\/?p=68744#primaryimage"},"thumbnailUrl":"https:\/\/rioonwatch.org.br\/wp-content\/uploads\/2023\/06\/Shirley-de-Maria-Padilha-e-seus-acolhides-posam-para-fotografia.-Foto-Barbara-Dias.jpg","datePublished":"2023-06-28T09:00:27+00:00","dateModified":"2024-07-22T16:20:03+00:00","breadcrumb":{"@id":"https:\/\/rioonwatch.org.br\/?p=68744#breadcrumb"},"inLanguage":"pt-BR","potentialAction":[{"@type":"ReadAction","target":["https:\/\/rioonwatch.org.br\/?p=68744"]}]},{"@type":"ImageObject","inLanguage":"pt-BR","@id":"https:\/\/rioonwatch.org.br\/?p=68744#primaryimage","url":"https:\/\/rioonwatch.org.br\/wp-content\/uploads\/2023\/06\/Shirley-de-Maria-Padilha-e-seus-acolhides-posam-para-fotografia.-Foto-Barbara-Dias.jpg","contentUrl":"https:\/\/rioonwatch.org.br\/wp-content\/uploads\/2023\/06\/Shirley-de-Maria-Padilha-e-seus-acolhides-posam-para-fotografia.-Foto-Barbara-Dias.jpg","width":2000,"height":1335,"caption":"Shirley de Maria Padilha e seus acolhides posam para fotografia. Foto: B\u00e1rbara Dias"},{"@type":"BreadcrumbList","@id":"https:\/\/rioonwatch.org.br\/?p=68744#breadcrumb","itemListElement":[{"@type":"ListItem","position":1,"name":"In\u00edcio","item":"https:\/\/rioonwatch.org.br\/"},{"@type":"ListItem","position":2,"name":"Neste Dia do Orgulho LGBTQIAPN+, Conhe\u00e7a a Casa Dulce Seixas: Primeira Casa de Acolhimento da Baixada Fluminense"}]},{"@type":"WebSite","@id":"https:\/\/rioonwatch.org.br\/#website","url":"https:\/\/rioonwatch.org.br\/","name":"RioOnWatch","description":"relatos das favelas cariocas","publisher":{"@id":"https:\/\/rioonwatch.org.br\/#organization"},"potentialAction":[{"@type":"SearchAction","target":{"@type":"EntryPoint","urlTemplate":"https:\/\/rioonwatch.org.br\/?s={search_term_string}"},"query-input":{"@type":"PropertyValueSpecification","valueRequired":true,"valueName":"search_term_string"}}],"inLanguage":"pt-BR"},{"@type":"Organization","@id":"https:\/\/rioonwatch.org.br\/#organization","name":"RioOnWatch","url":"https:\/\/rioonwatch.org.br\/","logo":{"@type":"ImageObject","inLanguage":"pt-BR","@id":"https:\/\/rioonwatch.org.br\/#\/schema\/logo\/image\/","url":"https:\/\/rioonwatch.org.br\/wp-content\/uploads\/2021\/06\/RioOnWatchcabecalhoPT11anos-2.png","contentUrl":"https:\/\/rioonwatch.org.br\/wp-content\/uploads\/2021\/06\/RioOnWatchcabecalhoPT11anos-2.png","width":779,"height":277,"caption":"RioOnWatch"},"image":{"@id":"https:\/\/rioonwatch.org.br\/#\/schema\/logo\/image\/"}},{"@type":"Person","@id":"https:\/\/rioonwatch.org.br\/#\/schema\/person\/feb227e5e7679aacc3d672e375cae1bd","name":"Janaina Tavares","image":{"@type":"ImageObject","inLanguage":"pt-BR","@id":"https:\/\/rioonwatch.org.br\/#\/schema\/person\/image\/","url":"https:\/\/secure.gravatar.com\/avatar\/83bb5bb4f8b0c5ad63f35939640eaaa2?s=96&d=blank&r=g","contentUrl":"https:\/\/secure.gravatar.com\/avatar\/83bb5bb4f8b0c5ad63f35939640eaaa2?s=96&d=blank&r=g","caption":"Janaina Tavares"},"url":"https:\/\/rioonwatch.org.br\/?author=179"}]}},"_links":{"self":[{"href":"https:\/\/rioonwatch.org.br\/index.php?rest_route=\/wp\/v2\/posts\/68744"}],"collection":[{"href":"https:\/\/rioonwatch.org.br\/index.php?rest_route=\/wp\/v2\/posts"}],"about":[{"href":"https:\/\/rioonwatch.org.br\/index.php?rest_route=\/wp\/v2\/types\/post"}],"author":[{"embeddable":true,"href":"https:\/\/rioonwatch.org.br\/index.php?rest_route=\/wp\/v2\/users\/179"}],"replies":[{"embeddable":true,"href":"https:\/\/rioonwatch.org.br\/index.php?rest_route=%2Fwp%2Fv2%2Fcomments&post=68744"}],"version-history":[{"count":68,"href":"https:\/\/rioonwatch.org.br\/index.php?rest_route=\/wp\/v2\/posts\/68744\/revisions"}],"predecessor-version":[{"id":74822,"href":"https:\/\/rioonwatch.org.br\/index.php?rest_route=\/wp\/v2\/posts\/68744\/revisions\/74822"}],"wp:featuredmedia":[{"embeddable":true,"href":"https:\/\/rioonwatch.org.br\/index.php?rest_route=\/wp\/v2\/media\/68771"}],"wp:attachment":[{"href":"https:\/\/rioonwatch.org.br\/index.php?rest_route=%2Fwp%2Fv2%2Fmedia&parent=68744"}],"wp:term":[{"taxonomy":"category","embeddable":true,"href":"https:\/\/rioonwatch.org.br\/index.php?rest_route=%2Fwp%2Fv2%2Fcategories&post=68744"},{"taxonomy":"post_tag","embeddable":true,"href":"https:\/\/rioonwatch.org.br\/index.php?rest_route=%2Fwp%2Fv2%2Ftags&post=68744"},{"taxonomy":"writer","embeddable":true,"href":"https:\/\/rioonwatch.org.br\/index.php?rest_route=%2Fwp%2Fv2%2Fwriter&post=68744"},{"taxonomy":"translator","embeddable":true,"href":"https:\/\/rioonwatch.org.br\/index.php?rest_route=%2Fwp%2Fv2%2Ftranslator&post=68744"},{"taxonomy":"source","embeddable":true,"href":"https:\/\/rioonwatch.org.br\/index.php?rest_route=%2Fwp%2Fv2%2Fsource&post=68744"},{"taxonomy":"ilustrador","embeddable":true,"href":"https:\/\/rioonwatch.org.br\/index.php?rest_route=%2Fwp%2Fv2%2Filustrador&post=68744"},{"taxonomy":"fotografo","embeddable":true,"href":"https:\/\/rioonwatch.org.br\/index.php?rest_route=%2Fwp%2Fv2%2Ffotografo&post=68744"}],"curies":[{"name":"wp","href":"https:\/\/api.w.org\/{rel}","templated":true}]}}