{"id":68802,"date":"2023-06-27T11:26:54","date_gmt":"2023-06-27T14:26:54","guid":{"rendered":"https:\/\/rioonwatch.org.br\/?p=68802"},"modified":"2023-07-12T13:48:17","modified_gmt":"2023-07-12T16:48:17","slug":"apos-intensa-mobilizacao-popular-prefeitura-volta-atras-e-mantem-o-termo-territorial-coletivo-no-plano-diretor","status":"publish","type":"post","link":"https:\/\/rioonwatch.org.br\/?p=68802","title":{"rendered":"Ap\u00f3s Intensa Mobiliza\u00e7\u00e3o Popular, Prefeitura Volta Atr\u00e1s e Mant\u00e9m o Termo Territorial Coletivo no Plano Diretor, Com Algumas Mudan\u00e7as"},"content":{"rendered":"<figure id=\"attachment_68820\" aria-describedby=\"caption-attachment-68820\" style=\"width: 2047px\" class=\"wp-caption aligncenter\"><a href=\"https:\/\/rioonwatch.org.br\/wp-content\/uploads\/2023\/06\/Audiencia-Publica-do-Plano-Diretor-na-Camara-dos-Vereadores-do-Rio-de-Janeiro.jpg\"><img fetchpriority=\"high\" decoding=\"async\" class=\"wp-image-68820 size-full\" title=\"P\u00fablico presente na Audi\u00eancia P\u00fablica do Plano Diretor na C\u00e2mara dos Vereadores do Rio de Janeiro, no dia 5 de abril de 2023, ergue faixas em defesa da moradia digna e a favor do Termo Territorial Coletivo (TTC).\" src=\"https:\/\/rioonwatch.org.br\/wp-content\/uploads\/2023\/06\/Audiencia-Publica-do-Plano-Diretor-na-Camara-dos-Vereadores-do-Rio-de-Janeiro.jpg\" alt=\"P\u00fablico presente na Audi\u00eancia P\u00fablica do Plano Diretor na C\u00e2mara dos Vereadores do Rio de Janeiro, no dia 5 de abril de 2023, ergue faixas em defesa da moradia digna e a favor do Termo Territorial Coletivo (TTC).\" width=\"2047\" height=\"1365\" srcset=\"https:\/\/rioonwatch.org.br\/wp-content\/uploads\/2023\/06\/Audiencia-Publica-do-Plano-Diretor-na-Camara-dos-Vereadores-do-Rio-de-Janeiro.jpg 2047w, https:\/\/rioonwatch.org.br\/wp-content\/uploads\/2023\/06\/Audiencia-Publica-do-Plano-Diretor-na-Camara-dos-Vereadores-do-Rio-de-Janeiro-620x413.jpg 620w, https:\/\/rioonwatch.org.br\/wp-content\/uploads\/2023\/06\/Audiencia-Publica-do-Plano-Diretor-na-Camara-dos-Vereadores-do-Rio-de-Janeiro-943x629.jpg 943w\" sizes=\"(max-width: 2047px) 100vw, 2047px\" \/><\/a><figcaption id=\"caption-attachment-68820\" class=\"wp-caption-text\">P\u00fablico presente na Audi\u00eancia P\u00fablica do Plano Diretor na C\u00e2mara dos Vereadores do Rio de Janeiro, no dia 5 de abril de 2023, ergue faixas em defesa da moradia digna e a favor do Termo Territorial Coletivo (TTC).<\/figcaption><\/figure>\n<p style=\"text-align: right;\"><em><strong><a href=\"https:\/\/bit.ly\/3JUorvB\" target=\"_blank\" rel=\"noopener noreferrer\">Click Here for English<\/a><a href=\"https:\/\/bit.ly\/3JUorvB\" rel=\"noopener noreferrer\"><img decoding=\"async\" class=\"alignright wp-image-15790\" src=\"https:\/\/rioonwatch.org.br\/wp-content\/uploads\/2012\/08\/EN-standard-e1439583104716.jpg\" alt=\"\" width=\"20\" height=\"20\" \/><\/a><\/strong><\/em><\/p>\n<p><span style=\"font-weight: 400;\">O m\u00eas de junho come\u00e7ou com um passo significativo rumo \u00e0 vit\u00f3ria p<\/span><span style=\"font-weight: 400;\">ara os que buscam realizar o <a href=\"https:\/\/bit.ly\/2MjVexB\" target=\"_blank\" rel=\"noopener\">direito \u00e0 moradia<\/a> no Rio de Janeiro. A <\/span><span style=\"font-weight: 400;\"><a href=\"https:\/\/bit.ly\/2Ql8677\" target=\"_blank\" rel=\"noopener\">prefeitura<\/a> decidiu <a href=\"https:\/\/bit.ly\/3CaNLt9\" target=\"_blank\" rel=\"noopener\">voltar atr\u00e1s e retornar<\/a> o Termo Territorial Coletivo (<a href=\"https:\/\/bit.ly\/TTCsNoRioOnWatch\" target=\"_blank\" rel=\"noopener\">TTC<\/a>)<\/span><span style=\"font-weight: 400;\"> no Projeto de Lei do Plano Diretor da Cidade do Rio de Janeiro, que atualmente est\u00e1 sendo debatido na <a href=\"https:\/\/bit.ly\/35SM8DK\" target=\"_blank\" rel=\"noopener\">C\u00e2mara Municipal<\/a>. Com isso, o novo instrumento urban\u00edstico constar\u00e1 no texto, que ser\u00e1 votado pelos vereadores ainda neste semestre, em primeira vota\u00e7\u00e3o.<\/span><\/p>\n<p><span style=\"font-weight: 400;\">Quando foi anunciada a retomada do processo de revis\u00e3o do Plano Diretor do Rio de Janeiro, em 2021, diversas organiza\u00e7\u00f5es da sociedade civil se organizaram para participar das discuss\u00f5es e influenciar os rumos da pol\u00edtica urbana da nossa cidade. Apesar das <\/span><a href=\"http:\/\/bit.ly\/3nPTDUv\" target=\"_blank\" rel=\"noopener\"><span style=\"font-weight: 400;\">cr\u00edticas \u00e0 decis\u00e3o<\/span><\/a><span style=\"font-weight: 400;\"> de levar adiante esse debate em um dos per\u00edodos mais duros da pandemia do coronav\u00edrus, em que a participa\u00e7\u00e3o popular foi drasticamente limitada, os debates contaram com a presen\u00e7a de diversos setores da sociedade civil organizada, que puderam trazer seus pontos de vista e defender propostas para o novo plano. O resultado do processo foi o <\/span><a href=\"https:\/\/bit.ly\/3lIBzZ3\" target=\"_blank\" rel=\"noopener\"><span style=\"font-weight: 400;\">Projeto de Lei n. 44\/2021<\/span><\/a><span style=\"font-weight: 400;\">, debatido em <\/span><a href=\"https:\/\/bit.ly\/3o08R9I\" target=\"_blank\" rel=\"noopener\"><span style=\"font-weight: 400;\">mais de 20 audi\u00eancias p\u00fablicas<\/span><\/a><span style=\"font-weight: 400;\"> no \u00e2mbito do Legislativo.<\/span><\/p>\n<p>No texto do novo plano, uma novidade saltava aos olhos: a inclus\u00e3o de um novo instrumento urban\u00edstico\u2014o <a href=\"https:\/\/bit.ly\/3KLuS4S\" target=\"_blank\" rel=\"noopener\">Termo Territorial Coletivo<\/a> (TTC). Em linhas gerais, trata-se de um modelo de gest\u00e3o territorial e regulariza\u00e7\u00e3o fundi\u00e1ria que aposta no protagonismo dos moradores para organizarem suas comunidades, fomentando o desenvolvimento comunit\u00e1rio e concretizando o direito \u00e0 moradia digna, especialmente a partir da garantia de perman\u00eancia das comunidades. Isso \u00e9 feito pela separa\u00e7\u00e3o da terra, que se torna propriedade de todos os moradores atrav\u00e9s de uma pessoa jur\u00eddica, e das moradias, que s\u00e3o propriedade dos moradores. Apesar de pouco conhecido no Brasil, o TTC \u00e9 <a href=\"http:\/\/bit.ly\/TTCsPeloMundo\" target=\"_blank\" rel=\"noopener\">adotado em diversos pa\u00edses do mundo<\/a> e reconhecido internacionalmente como uma solu\u00e7\u00e3o habitacional sustent\u00e1vel e inclusiva, tendo sido desenvolvido inicialmente por movimentos por direito civis nos Estados Unidos h\u00e1 mais de 50 anos. Fruto da participa\u00e7\u00e3o popular, a inclus\u00e3o do TTC no projeto do Plano Diretor foi uma vit\u00f3ria para setores que reivindicam a garantia da perman\u00eancia de comunidades nos seus espa\u00e7os e oferta de moradia economicamente acess\u00edvel. Tamb\u00e9m foi uma vit\u00f3ria para quem visa um Rio de Janeiro inovador no \u00e2mbito social.<\/p>\n<p>Ao longo das audi\u00eancias p\u00fablicas no legislativo, lideran\u00e7as comunit\u00e1rias, organiza\u00e7\u00f5es sociais e t\u00e9cnicos na \u00e1rea do planejamento urbano defenderam a aprova\u00e7\u00e3o do instrumento no plano, n\u00e3o havendo qualquer manifesta\u00e7\u00e3o contr\u00e1ria ao TTC no debate p\u00fablico. Apesar disso, na reta final da discuss\u00e3o do plano diretor, a prefeitura <a href=\"https:\/\/bit.ly\/3GxHUkd\" target=\"_blank\" rel=\"noopener\">apresentou 215 emendas<\/a> ao projeto de sua autoria que, entre outras mudan\u00e7as substantivas, retiraram o Termo Territorial Coletivo da lei sem qualquer justificativa.<\/p>\n<p>A decis\u00e3o gerou uma rea\u00e7\u00e3o imediata da sociedade civil. Nas audi\u00eancias p\u00fablicas realizadas em 2023, todas voltadas para discutir as emendas da prefeitura, foram in\u00fameras as vozes criticando a medida, demonstrando a falta de transpar\u00eancia da prefeitura e desrespeito \u00e0 participa\u00e7\u00e3o popular, que deve nortear a constru\u00e7\u00e3o de planos diretores. Por meio de cartazes, discursos no plen\u00e1rio da C\u00e2mara Municipal, cartas abertas a parlamentares, postagens nas redes sociais e at\u00e9 mesmo um <a href=\"https:\/\/bit.ly\/AbaixoAssinadoTTCJ%C3%A1\" target=\"_blank\" rel=\"noopener\">abaixo-assinado<\/a>, diversos setores da popula\u00e7\u00e3o <a href=\"https:\/\/bit.ly\/AudienciaPlanoDiretorTTCemODia\" target=\"_blank\" rel=\"noopener\">se manifestaram<\/a> no sentido de defender a manuten\u00e7\u00e3o do Termo Territorial Coletivo no Plano Diretor. O instrumento foi considerado uma importante alternativa para a garantia do direito \u00e0 moradia a fam\u00edlias de baixa renda, um grande desafio da cidade e a uma das maiores demandas expressa ao longo de todo o processo. Resistente em mudar sua postura, representantes da prefeitura que participavam das audi\u00eancias evitavam tocar no assunto, sem sequer dar uma explica\u00e7\u00e3o sobre o porqu\u00ea da retirada de um instrumento t\u00e3o defendido pela popula\u00e7\u00e3o.<\/p>\n<figure id=\"attachment_68827\" aria-describedby=\"caption-attachment-68827\" style=\"width: 2047px\" class=\"wp-caption aligncenter\"><a href=\"https:\/\/rioonwatch.org.br\/wp-content\/uploads\/2023\/06\/Maria-da-Penha-faz-uma-fala-enfatica-em-defesa-do-direito-a-moradia-no-plenario-da-Camara-Municipal-do-Rio-no-dia-12-de-abril.jpg\"><img decoding=\"async\" class=\"wp-image-68827 size-full\" title=\"Maria da Penha faz uma fala enf\u00e1tica em defesa do direito \u00e0 moradia no plen\u00e1rio da C\u00e2mara Municipal do Rio, no dia 12 de abril.\" src=\"https:\/\/rioonwatch.org.br\/wp-content\/uploads\/2023\/06\/Maria-da-Penha-faz-uma-fala-enfatica-em-defesa-do-direito-a-moradia-no-plenario-da-Camara-Municipal-do-Rio-no-dia-12-de-abril.jpg\" alt=\"Maria da Penha faz uma fala enf\u00e1tica em defesa do direito \u00e0 moradia no plen\u00e1rio da C\u00e2mara Municipal do Rio, no dia 12 de abril.\" width=\"2047\" height=\"1365\" srcset=\"https:\/\/rioonwatch.org.br\/wp-content\/uploads\/2023\/06\/Maria-da-Penha-faz-uma-fala-enfatica-em-defesa-do-direito-a-moradia-no-plenario-da-Camara-Municipal-do-Rio-no-dia-12-de-abril.jpg 2047w, https:\/\/rioonwatch.org.br\/wp-content\/uploads\/2023\/06\/Maria-da-Penha-faz-uma-fala-enfatica-em-defesa-do-direito-a-moradia-no-plenario-da-Camara-Municipal-do-Rio-no-dia-12-de-abril-620x413.jpg 620w, https:\/\/rioonwatch.org.br\/wp-content\/uploads\/2023\/06\/Maria-da-Penha-faz-uma-fala-enfatica-em-defesa-do-direito-a-moradia-no-plenario-da-Camara-Municipal-do-Rio-no-dia-12-de-abril-943x629.jpg 943w\" sizes=\"(max-width: 2047px) 100vw, 2047px\" \/><\/a><figcaption id=\"caption-attachment-68827\" class=\"wp-caption-text\">Maria da Penha faz uma fala enf\u00e1tica em defesa do direito \u00e0 moradia no plen\u00e1rio da C\u00e2mara Municipal do Rio, no dia 12 de abril.<\/figcaption><\/figure>\n<p>Felizmente, os esfor\u00e7os n\u00e3o foram em v\u00e3o. Depois de tanta press\u00e3o popular, a prefeitura <a href=\"https:\/\/bit.ly\/3CaNLt9\" target=\"_blank\" rel=\"noopener\">voltou atr\u00e1s e manteve<\/a> o Termo Territorial Coletivo no projeto de lei do Plano Diretor. O executivo revogou, na \u00faltima semana, algumas das emendas que apresentou ao projeto de lei, inclusive a que retirava o TTC dentre os instrumentos urban\u00edsticos do novo plano. A not\u00edcia foi recebida com entusiasmo por todos os que defendem o instrumento, com o sentimento de que suas vozes foram ouvidas e tiveram impacto. No entanto, ainda h\u00e1 um caminho pela frente. O projeto de lei segue sendo discutido na C\u00e2mara Municipal e precisa ser aprovado pelos vereadores antes de se tornar uma realidade.<\/p>\n<p>Apesar da vit\u00f3ria que foi a mudan\u00e7a de postura da prefeitura, algumas mudan\u00e7as na reda\u00e7\u00e3o do cap\u00edtulo do Termo Territorial Coletivo preocupam defensores do instrumento. A primeira delas \u00e9 um pequeno par\u00e1grafo que determina que o TTC precisa ser regulamentado por lei especial para ser aplicado. Essa adi\u00e7\u00e3o, apesar de pequena, traz um problema enorme para a utiliza\u00e7\u00e3o do instrumento na cidade, j\u00e1 que condiciona seu uso \u00e0 exist\u00eancia de uma lei pr\u00f3pria a n\u00edvel municipal. N\u00e3o h\u00e1 nenhuma necessidade para essa exig\u00eancia pois o TTC j\u00e1\u00a0<a href=\"https:\/\/bit.ly\/31k0Knp\" target=\"_blank\" rel=\"noopener\">n\u00e3o depende de uma lei para ser implementado<\/a>, j\u00e1 que ele apenas re\u00fane diversos institutos j\u00e1 existentes na nossa legisla\u00e7\u00e3o.<\/p>\n<p>A segunda limita\u00e7\u00e3o \u00e0 plena realiza\u00e7\u00e3o do potencial do instrumento do TTC vem com a retirada de um artigo central ao modelo, que constava na proposta original, em que a entidade gestora do TTC, cuja gest\u00e3o \u00e9 realizada pelos moradores, \u00e9 impossibilitada de vender a terra ocupada pela comunidade. Esse \u00e9 um dos princ\u00edpios do TTC que fazem dele uma refer\u00eancia mundial de seguran\u00e7a de perman\u00eancia, seja qual for a fase econ\u00f4mica do momento (seja alta, seja baixa). A regulariza\u00e7\u00e3o fundi\u00e1ria combinada com a retirada da terra do mercado afasta ambos o risco da remo\u00e7\u00e3o quanto tamb\u00e9m da especula\u00e7\u00e3o imobili\u00e1ria e de gentrifica\u00e7\u00e3o. Moradores podem vender suas casas, mas a terra \u00e9 sempre protegida, ela \u00e9 do coletivo de moradores, atrav\u00e9s do TTC. Dentro do arranjo de um TTC, a terra n\u00e3o \u00e9 uma mercadoria, e sim um bem coletivo voltado para a garantia de moradia popular. \u00c9 importante que esse princ\u00edpio seja preservado.<\/p>\n<p><span style=\"font-weight: 400;\">A manuten\u00e7\u00e3o do Termo Territorial Coletivo no projeto de lei do Plano Diretor do Rio de Janeiro \u00e9 uma vit\u00f3ria para todos os que lutam pelo direito \u00e0 moradia. Em uma cidade em que uma a cada quatro pessoas mora numa favela, torna-se urgente a promo\u00e7\u00e3o de novas solu\u00e7\u00f5es para esses territ\u00f3rios, que valorizem as qualidades desenvolvidas informalmente pelos residentes, a perman\u00eancia das comunidades nos seus espa\u00e7os e um desenvolvimento pautado pelo protagonismo dos moradores. <\/span><\/p>\n<p>As formas de lidar com esses territ\u00f3rios costumam ser pautadas ou pela remo\u00e7\u00e3o violenta ou por um paternalismo do poder p\u00fablico que apresenta solu\u00e7\u00f5es de cima para baixo, sem considerar as necessidades locais. Essas posturas nunca apresentaram uma solu\u00e7\u00e3o efetiva para as favelas e assentamentos autoconstru\u00eddos da nossa cidade. <a href=\"http:\/\/www.bit.ly\/VideoTTC\" target=\"_blank\" rel=\"noopener\">\u00c9 hora de experimentar novos caminhos<\/a>, que passam pela valoriza\u00e7\u00e3o do saber local, da autogest\u00e3o e do reconhecimento da terra n\u00e3o como uma mercadoria, mas como um bem que serve a uma coletividade. Aprovar o Termo Territorial Coletivo no Plano Diretor e reivindicar sua implementa\u00e7\u00e3o no Rio \u00e9 um importante passo nessa dire\u00e7\u00e3o!<\/p>\n<hr \/>\n<h4><b data-stringify-type=\"bold\">Apoie nossos esfor\u00e7os para fornecer apoio estrat\u00e9gico \u00e0s favelas do Rio, incluindo o jornalismo hiperlocal, cr\u00edtico, inovador e incans\u00e1vel do\u00a0<\/b><b data-stringify-type=\"bold\"><i data-stringify-type=\"italic\">RioOnWatch<\/i><\/b>\u2014<a class=\"c-link\" href=\"http:\/\/www.bit.ly\/ApoieROW\" target=\"_blank\" rel=\"noopener noreferrer\" data-stringify-link=\"http:\/\/www.bit.ly\/ApoieROW\" data-sk=\"tooltip_parent\">doe aqui<\/a>.<\/h4>\n<!-- AddThis Advanced Settings generic via filter on the_content --><!-- AddThis Share Buttons generic via filter on the_content -->","protected":false},"excerpt":{"rendered":"<div class=\"mh-excerpt\"><p>Click Here for English O m\u00eas de junho come\u00e7ou com um passo significativo rumo \u00e0 vit\u00f3ria para os que buscam realizar o direito \u00e0 moradia no Rio de Janeiro. A prefeitura decidiu voltar atr\u00e1s e <a class=\"mh-excerpt-more\" href=\"https:\/\/rioonwatch.org.br\/?p=68802\" title=\"Ap\u00f3s Intensa Mobiliza\u00e7\u00e3o Popular, Prefeitura Volta Atr\u00e1s e Mant\u00e9m o Termo Territorial Coletivo no Plano Diretor, Com Algumas Mudan\u00e7as\">[&#8230;]<\/a><!-- AddThis Advanced Settings generic via filter on get_the_excerpt --><!-- AddThis Share Buttons generic via filter on get_the_excerpt --><\/p>\n<\/div>","protected":false},"author":179,"featured_media":68820,"comment_status":"closed","ping_status":"closed","sticky":false,"template":"template-full.php","format":"standard","meta":{"_acf_changed":false,"_monsterinsights_skip_tracking":false,"_monsterinsights_sitenote_active":false,"_monsterinsights_sitenote_note":"","_monsterinsights_sitenote_category":0,"footnotes":""},"categories":[1621,3175,344,1612,342],"tags":[951,1754,1386,479,831,3143,424,550,484,909,1151,1037,621,2451,711],"writer":[2718,2461],"translator":[],"source":[],"ilustrador":[],"fotografo":[],"class_list":{"0":"post-68802","1":"post","2":"type-post","3":"status-publish","4":"format-standard","5":"has-post-thumbnail","7":"category-destaque","8":"category-democracia","9":"category-politicas","10":"category-sociedade-civil","11":"category-solucoes","12":"tag-audiencia-publica","13":"tag-camara-dos-vereadores","14":"tag-critica-a-politica","15":"tag-democracia","16":"tag-direito-a-cidade","17":"tag-direito-a-favela","18":"tag-direito-a-moradia","19":"tag-direito-a-terra","20":"tag-prefeito-eduardo-paes","21":"tag-habitacao-acessivel","22":"tag-organizacao","23":"tag-moradia","24":"tag-plano-diretor","25":"tag-politicas-publicas","26":"tag-clt","27":"writer-felipe-litsek","28":"writer-tarcyla-fidalgo"},"acf":[],"yoast_head":"<!-- This site is optimized with the Yoast SEO plugin v25.6 - https:\/\/yoast.com\/wordpress\/plugins\/seo\/ -->\n<title>Ap\u00f3s Intensa Mobiliza\u00e7\u00e3o Popular, Prefeitura Volta Atr\u00e1s e Mant\u00e9m o Termo Territorial Coletivo no Plano Diretor, Com Algumas Mudan\u00e7as - RioOnWatch<\/title>\n<meta name=\"robots\" content=\"index, follow, max-snippet:-1, max-image-preview:large, max-video-preview:-1\" \/>\n<link rel=\"canonical\" href=\"https:\/\/rioonwatch.org.br\/?p=68802\" \/>\n<meta property=\"og:locale\" content=\"pt_BR\" \/>\n<meta property=\"og:type\" content=\"article\" \/>\n<meta property=\"og:title\" content=\"Ap\u00f3s Intensa Mobiliza\u00e7\u00e3o Popular, Prefeitura Volta Atr\u00e1s e Mant\u00e9m o Termo Territorial Coletivo no Plano Diretor, Com Algumas Mudan\u00e7as - RioOnWatch\" \/>\n<meta property=\"og:description\" content=\"Click Here for English O m\u00eas de junho come\u00e7ou com um passo significativo rumo \u00e0 vit\u00f3ria para os que buscam realizar o direito \u00e0 moradia no Rio de Janeiro. A prefeitura decidiu voltar atr\u00e1s e [...]\" \/>\n<meta property=\"og:url\" content=\"https:\/\/rioonwatch.org.br\/?p=68802\" \/>\n<meta property=\"og:site_name\" content=\"RioOnWatch\" \/>\n<meta property=\"article:published_time\" content=\"2023-06-27T14:26:54+00:00\" \/>\n<meta property=\"article:modified_time\" content=\"2023-07-12T16:48:17+00:00\" \/>\n<meta property=\"og:image\" content=\"https:\/\/rioonwatch.org.br\/wp-content\/uploads\/2023\/06\/Audiencia-Publica-do-Plano-Diretor-na-Camara-dos-Vereadores-do-Rio-de-Janeiro.jpg\" \/>\n\t<meta property=\"og:image:width\" content=\"2047\" \/>\n\t<meta property=\"og:image:height\" content=\"1365\" \/>\n\t<meta property=\"og:image:type\" content=\"image\/jpeg\" \/>\n<meta name=\"author\" content=\"Janaina Tavares\" \/>\n<meta name=\"twitter:card\" content=\"summary_large_image\" \/>\n<meta name=\"twitter:label1\" content=\"Escrito por\" \/>\n\t<meta name=\"twitter:data1\" content=\"Janaina Tavares\" \/>\n\t<meta name=\"twitter:label2\" content=\"Est. tempo de leitura\" \/>\n\t<meta name=\"twitter:data2\" content=\"8 minutos\" \/>\n<script type=\"application\/ld+json\" class=\"yoast-schema-graph\">{\"@context\":\"https:\/\/schema.org\",\"@graph\":[{\"@type\":\"Article\",\"@id\":\"https:\/\/rioonwatch.org.br\/?p=68802#article\",\"isPartOf\":{\"@id\":\"https:\/\/rioonwatch.org.br\/?p=68802\"},\"author\":{\"name\":\"Janaina Tavares\",\"@id\":\"https:\/\/rioonwatch.org.br\/#\/schema\/person\/feb227e5e7679aacc3d672e375cae1bd\"},\"headline\":\"Ap\u00f3s Intensa Mobiliza\u00e7\u00e3o Popular, Prefeitura Volta Atr\u00e1s e Mant\u00e9m o Termo Territorial Coletivo no Plano Diretor, Com Algumas Mudan\u00e7as\",\"datePublished\":\"2023-06-27T14:26:54+00:00\",\"dateModified\":\"2023-07-12T16:48:17+00:00\",\"mainEntityOfPage\":{\"@id\":\"https:\/\/rioonwatch.org.br\/?p=68802\"},\"wordCount\":1400,\"publisher\":{\"@id\":\"https:\/\/rioonwatch.org.br\/#organization\"},\"image\":{\"@id\":\"https:\/\/rioonwatch.org.br\/?p=68802#primaryimage\"},\"thumbnailUrl\":\"https:\/\/rioonwatch.org.br\/wp-content\/uploads\/2023\/06\/Audiencia-Publica-do-Plano-Diretor-na-Camara-dos-Vereadores-do-Rio-de-Janeiro.jpg\",\"keywords\":[\"audi\u00eancia p\u00fablica\",\"C\u00e2mara dos Vereadores\",\"cr\u00edtica \u00e0 pol\u00edtica\",\"Democracia\",\"Direito \u00e0 Cidade\",\"Direito \u00e0 favela\",\"Direito \u00e0 Moradia\",\"direito \u00e0 terra\",\"Eduardo Paes\",\"habita\u00e7\u00e3o acess\u00edvel\",\"mobiliza\u00e7\u00e3o\",\"moradia\",\"Plano Diretor\",\"pol\u00edticas p\u00fablicas\",\"Termo Territorial Coletivo (TTC) \/ Community Land Trust (CLT)\"],\"articleSection\":[\"*Destaque\",\"Democracia\",\"Pol\u00edticas\",\"Sociedade Civil\",\"Solu\u00e7\u00f5es\"],\"inLanguage\":\"pt-BR\"},{\"@type\":\"WebPage\",\"@id\":\"https:\/\/rioonwatch.org.br\/?p=68802\",\"url\":\"https:\/\/rioonwatch.org.br\/?p=68802\",\"name\":\"Ap\u00f3s Intensa Mobiliza\u00e7\u00e3o Popular, Prefeitura Volta Atr\u00e1s e Mant\u00e9m o Termo Territorial Coletivo no Plano Diretor, Com Algumas Mudan\u00e7as - RioOnWatch\",\"isPartOf\":{\"@id\":\"https:\/\/rioonwatch.org.br\/#website\"},\"primaryImageOfPage\":{\"@id\":\"https:\/\/rioonwatch.org.br\/?p=68802#primaryimage\"},\"image\":{\"@id\":\"https:\/\/rioonwatch.org.br\/?p=68802#primaryimage\"},\"thumbnailUrl\":\"https:\/\/rioonwatch.org.br\/wp-content\/uploads\/2023\/06\/Audiencia-Publica-do-Plano-Diretor-na-Camara-dos-Vereadores-do-Rio-de-Janeiro.jpg\",\"datePublished\":\"2023-06-27T14:26:54+00:00\",\"dateModified\":\"2023-07-12T16:48:17+00:00\",\"breadcrumb\":{\"@id\":\"https:\/\/rioonwatch.org.br\/?p=68802#breadcrumb\"},\"inLanguage\":\"pt-BR\",\"potentialAction\":[{\"@type\":\"ReadAction\",\"target\":[\"https:\/\/rioonwatch.org.br\/?p=68802\"]}]},{\"@type\":\"ImageObject\",\"inLanguage\":\"pt-BR\",\"@id\":\"https:\/\/rioonwatch.org.br\/?p=68802#primaryimage\",\"url\":\"https:\/\/rioonwatch.org.br\/wp-content\/uploads\/2023\/06\/Audiencia-Publica-do-Plano-Diretor-na-Camara-dos-Vereadores-do-Rio-de-Janeiro.jpg\",\"contentUrl\":\"https:\/\/rioonwatch.org.br\/wp-content\/uploads\/2023\/06\/Audiencia-Publica-do-Plano-Diretor-na-Camara-dos-Vereadores-do-Rio-de-Janeiro.jpg\",\"width\":2047,\"height\":1365,\"caption\":\"P\u00fablico presente na Audi\u00eancia P\u00fablica do Plano Diretor na C\u00e2mara dos Vereadores do Rio de Janeiro.\"},{\"@type\":\"BreadcrumbList\",\"@id\":\"https:\/\/rioonwatch.org.br\/?p=68802#breadcrumb\",\"itemListElement\":[{\"@type\":\"ListItem\",\"position\":1,\"name\":\"In\u00edcio\",\"item\":\"https:\/\/rioonwatch.org.br\/\"},{\"@type\":\"ListItem\",\"position\":2,\"name\":\"Ap\u00f3s Intensa Mobiliza\u00e7\u00e3o Popular, Prefeitura Volta Atr\u00e1s e Mant\u00e9m o Termo Territorial Coletivo no Plano Diretor, Com Algumas Mudan\u00e7as\"}]},{\"@type\":\"WebSite\",\"@id\":\"https:\/\/rioonwatch.org.br\/#website\",\"url\":\"https:\/\/rioonwatch.org.br\/\",\"name\":\"RioOnWatch\",\"description\":\"relatos das favelas cariocas\",\"publisher\":{\"@id\":\"https:\/\/rioonwatch.org.br\/#organization\"},\"potentialAction\":[{\"@type\":\"SearchAction\",\"target\":{\"@type\":\"EntryPoint\",\"urlTemplate\":\"https:\/\/rioonwatch.org.br\/?s={search_term_string}\"},\"query-input\":{\"@type\":\"PropertyValueSpecification\",\"valueRequired\":true,\"valueName\":\"search_term_string\"}}],\"inLanguage\":\"pt-BR\"},{\"@type\":\"Organization\",\"@id\":\"https:\/\/rioonwatch.org.br\/#organization\",\"name\":\"RioOnWatch\",\"url\":\"https:\/\/rioonwatch.org.br\/\",\"logo\":{\"@type\":\"ImageObject\",\"inLanguage\":\"pt-BR\",\"@id\":\"https:\/\/rioonwatch.org.br\/#\/schema\/logo\/image\/\",\"url\":\"https:\/\/rioonwatch.org.br\/wp-content\/uploads\/2021\/06\/RioOnWatchcabecalhoPT11anos-2.png\",\"contentUrl\":\"https:\/\/rioonwatch.org.br\/wp-content\/uploads\/2021\/06\/RioOnWatchcabecalhoPT11anos-2.png\",\"width\":779,\"height\":277,\"caption\":\"RioOnWatch\"},\"image\":{\"@id\":\"https:\/\/rioonwatch.org.br\/#\/schema\/logo\/image\/\"}},{\"@type\":\"Person\",\"@id\":\"https:\/\/rioonwatch.org.br\/#\/schema\/person\/feb227e5e7679aacc3d672e375cae1bd\",\"name\":\"Janaina Tavares\",\"image\":{\"@type\":\"ImageObject\",\"inLanguage\":\"pt-BR\",\"@id\":\"https:\/\/rioonwatch.org.br\/#\/schema\/person\/image\/\",\"url\":\"https:\/\/secure.gravatar.com\/avatar\/83bb5bb4f8b0c5ad63f35939640eaaa2?s=96&d=blank&r=g\",\"contentUrl\":\"https:\/\/secure.gravatar.com\/avatar\/83bb5bb4f8b0c5ad63f35939640eaaa2?s=96&d=blank&r=g\",\"caption\":\"Janaina Tavares\"},\"url\":\"https:\/\/rioonwatch.org.br\/?author=179\"}]}<\/script>\n<!-- \/ Yoast SEO plugin. -->","yoast_head_json":{"title":"Ap\u00f3s Intensa Mobiliza\u00e7\u00e3o Popular, Prefeitura Volta Atr\u00e1s e Mant\u00e9m o Termo Territorial Coletivo no Plano Diretor, Com Algumas Mudan\u00e7as - RioOnWatch","robots":{"index":"index","follow":"follow","max-snippet":"max-snippet:-1","max-image-preview":"max-image-preview:large","max-video-preview":"max-video-preview:-1"},"canonical":"https:\/\/rioonwatch.org.br\/?p=68802","og_locale":"pt_BR","og_type":"article","og_title":"Ap\u00f3s Intensa Mobiliza\u00e7\u00e3o Popular, Prefeitura Volta Atr\u00e1s e Mant\u00e9m o Termo Territorial Coletivo no Plano Diretor, Com Algumas Mudan\u00e7as - RioOnWatch","og_description":"Click Here for English O m\u00eas de junho come\u00e7ou com um passo significativo rumo \u00e0 vit\u00f3ria para os que buscam realizar o direito \u00e0 moradia no Rio de Janeiro. A prefeitura decidiu voltar atr\u00e1s e [...]","og_url":"https:\/\/rioonwatch.org.br\/?p=68802","og_site_name":"RioOnWatch","article_published_time":"2023-06-27T14:26:54+00:00","article_modified_time":"2023-07-12T16:48:17+00:00","og_image":[{"width":2047,"height":1365,"url":"https:\/\/rioonwatch.org.br\/wp-content\/uploads\/2023\/06\/Audiencia-Publica-do-Plano-Diretor-na-Camara-dos-Vereadores-do-Rio-de-Janeiro.jpg","type":"image\/jpeg"}],"author":"Janaina Tavares","twitter_card":"summary_large_image","twitter_misc":{"Escrito por":"Janaina Tavares","Est. tempo de leitura":"8 minutos"},"schema":{"@context":"https:\/\/schema.org","@graph":[{"@type":"Article","@id":"https:\/\/rioonwatch.org.br\/?p=68802#article","isPartOf":{"@id":"https:\/\/rioonwatch.org.br\/?p=68802"},"author":{"name":"Janaina Tavares","@id":"https:\/\/rioonwatch.org.br\/#\/schema\/person\/feb227e5e7679aacc3d672e375cae1bd"},"headline":"Ap\u00f3s Intensa Mobiliza\u00e7\u00e3o Popular, Prefeitura Volta Atr\u00e1s e Mant\u00e9m o Termo Territorial Coletivo no Plano Diretor, Com Algumas Mudan\u00e7as","datePublished":"2023-06-27T14:26:54+00:00","dateModified":"2023-07-12T16:48:17+00:00","mainEntityOfPage":{"@id":"https:\/\/rioonwatch.org.br\/?p=68802"},"wordCount":1400,"publisher":{"@id":"https:\/\/rioonwatch.org.br\/#organization"},"image":{"@id":"https:\/\/rioonwatch.org.br\/?p=68802#primaryimage"},"thumbnailUrl":"https:\/\/rioonwatch.org.br\/wp-content\/uploads\/2023\/06\/Audiencia-Publica-do-Plano-Diretor-na-Camara-dos-Vereadores-do-Rio-de-Janeiro.jpg","keywords":["audi\u00eancia p\u00fablica","C\u00e2mara dos Vereadores","cr\u00edtica \u00e0 pol\u00edtica","Democracia","Direito \u00e0 Cidade","Direito \u00e0 favela","Direito \u00e0 Moradia","direito \u00e0 terra","Eduardo Paes","habita\u00e7\u00e3o acess\u00edvel","mobiliza\u00e7\u00e3o","moradia","Plano Diretor","pol\u00edticas p\u00fablicas","Termo Territorial Coletivo (TTC) \/ Community Land Trust (CLT)"],"articleSection":["*Destaque","Democracia","Pol\u00edticas","Sociedade Civil","Solu\u00e7\u00f5es"],"inLanguage":"pt-BR"},{"@type":"WebPage","@id":"https:\/\/rioonwatch.org.br\/?p=68802","url":"https:\/\/rioonwatch.org.br\/?p=68802","name":"Ap\u00f3s Intensa Mobiliza\u00e7\u00e3o Popular, Prefeitura Volta Atr\u00e1s e Mant\u00e9m o Termo Territorial Coletivo no Plano Diretor, Com Algumas Mudan\u00e7as - RioOnWatch","isPartOf":{"@id":"https:\/\/rioonwatch.org.br\/#website"},"primaryImageOfPage":{"@id":"https:\/\/rioonwatch.org.br\/?p=68802#primaryimage"},"image":{"@id":"https:\/\/rioonwatch.org.br\/?p=68802#primaryimage"},"thumbnailUrl":"https:\/\/rioonwatch.org.br\/wp-content\/uploads\/2023\/06\/Audiencia-Publica-do-Plano-Diretor-na-Camara-dos-Vereadores-do-Rio-de-Janeiro.jpg","datePublished":"2023-06-27T14:26:54+00:00","dateModified":"2023-07-12T16:48:17+00:00","breadcrumb":{"@id":"https:\/\/rioonwatch.org.br\/?p=68802#breadcrumb"},"inLanguage":"pt-BR","potentialAction":[{"@type":"ReadAction","target":["https:\/\/rioonwatch.org.br\/?p=68802"]}]},{"@type":"ImageObject","inLanguage":"pt-BR","@id":"https:\/\/rioonwatch.org.br\/?p=68802#primaryimage","url":"https:\/\/rioonwatch.org.br\/wp-content\/uploads\/2023\/06\/Audiencia-Publica-do-Plano-Diretor-na-Camara-dos-Vereadores-do-Rio-de-Janeiro.jpg","contentUrl":"https:\/\/rioonwatch.org.br\/wp-content\/uploads\/2023\/06\/Audiencia-Publica-do-Plano-Diretor-na-Camara-dos-Vereadores-do-Rio-de-Janeiro.jpg","width":2047,"height":1365,"caption":"P\u00fablico presente na Audi\u00eancia P\u00fablica do Plano Diretor na C\u00e2mara dos Vereadores do Rio de Janeiro."},{"@type":"BreadcrumbList","@id":"https:\/\/rioonwatch.org.br\/?p=68802#breadcrumb","itemListElement":[{"@type":"ListItem","position":1,"name":"In\u00edcio","item":"https:\/\/rioonwatch.org.br\/"},{"@type":"ListItem","position":2,"name":"Ap\u00f3s Intensa Mobiliza\u00e7\u00e3o Popular, Prefeitura Volta Atr\u00e1s e Mant\u00e9m o Termo Territorial Coletivo no Plano Diretor, Com Algumas Mudan\u00e7as"}]},{"@type":"WebSite","@id":"https:\/\/rioonwatch.org.br\/#website","url":"https:\/\/rioonwatch.org.br\/","name":"RioOnWatch","description":"relatos das favelas cariocas","publisher":{"@id":"https:\/\/rioonwatch.org.br\/#organization"},"potentialAction":[{"@type":"SearchAction","target":{"@type":"EntryPoint","urlTemplate":"https:\/\/rioonwatch.org.br\/?s={search_term_string}"},"query-input":{"@type":"PropertyValueSpecification","valueRequired":true,"valueName":"search_term_string"}}],"inLanguage":"pt-BR"},{"@type":"Organization","@id":"https:\/\/rioonwatch.org.br\/#organization","name":"RioOnWatch","url":"https:\/\/rioonwatch.org.br\/","logo":{"@type":"ImageObject","inLanguage":"pt-BR","@id":"https:\/\/rioonwatch.org.br\/#\/schema\/logo\/image\/","url":"https:\/\/rioonwatch.org.br\/wp-content\/uploads\/2021\/06\/RioOnWatchcabecalhoPT11anos-2.png","contentUrl":"https:\/\/rioonwatch.org.br\/wp-content\/uploads\/2021\/06\/RioOnWatchcabecalhoPT11anos-2.png","width":779,"height":277,"caption":"RioOnWatch"},"image":{"@id":"https:\/\/rioonwatch.org.br\/#\/schema\/logo\/image\/"}},{"@type":"Person","@id":"https:\/\/rioonwatch.org.br\/#\/schema\/person\/feb227e5e7679aacc3d672e375cae1bd","name":"Janaina Tavares","image":{"@type":"ImageObject","inLanguage":"pt-BR","@id":"https:\/\/rioonwatch.org.br\/#\/schema\/person\/image\/","url":"https:\/\/secure.gravatar.com\/avatar\/83bb5bb4f8b0c5ad63f35939640eaaa2?s=96&d=blank&r=g","contentUrl":"https:\/\/secure.gravatar.com\/avatar\/83bb5bb4f8b0c5ad63f35939640eaaa2?s=96&d=blank&r=g","caption":"Janaina Tavares"},"url":"https:\/\/rioonwatch.org.br\/?author=179"}]}},"_links":{"self":[{"href":"https:\/\/rioonwatch.org.br\/index.php?rest_route=\/wp\/v2\/posts\/68802"}],"collection":[{"href":"https:\/\/rioonwatch.org.br\/index.php?rest_route=\/wp\/v2\/posts"}],"about":[{"href":"https:\/\/rioonwatch.org.br\/index.php?rest_route=\/wp\/v2\/types\/post"}],"author":[{"embeddable":true,"href":"https:\/\/rioonwatch.org.br\/index.php?rest_route=\/wp\/v2\/users\/179"}],"replies":[{"embeddable":true,"href":"https:\/\/rioonwatch.org.br\/index.php?rest_route=%2Fwp%2Fv2%2Fcomments&post=68802"}],"version-history":[{"count":19,"href":"https:\/\/rioonwatch.org.br\/index.php?rest_route=\/wp\/v2\/posts\/68802\/revisions"}],"predecessor-version":[{"id":69404,"href":"https:\/\/rioonwatch.org.br\/index.php?rest_route=\/wp\/v2\/posts\/68802\/revisions\/69404"}],"wp:featuredmedia":[{"embeddable":true,"href":"https:\/\/rioonwatch.org.br\/index.php?rest_route=\/wp\/v2\/media\/68820"}],"wp:attachment":[{"href":"https:\/\/rioonwatch.org.br\/index.php?rest_route=%2Fwp%2Fv2%2Fmedia&parent=68802"}],"wp:term":[{"taxonomy":"category","embeddable":true,"href":"https:\/\/rioonwatch.org.br\/index.php?rest_route=%2Fwp%2Fv2%2Fcategories&post=68802"},{"taxonomy":"post_tag","embeddable":true,"href":"https:\/\/rioonwatch.org.br\/index.php?rest_route=%2Fwp%2Fv2%2Ftags&post=68802"},{"taxonomy":"writer","embeddable":true,"href":"https:\/\/rioonwatch.org.br\/index.php?rest_route=%2Fwp%2Fv2%2Fwriter&post=68802"},{"taxonomy":"translator","embeddable":true,"href":"https:\/\/rioonwatch.org.br\/index.php?rest_route=%2Fwp%2Fv2%2Ftranslator&post=68802"},{"taxonomy":"source","embeddable":true,"href":"https:\/\/rioonwatch.org.br\/index.php?rest_route=%2Fwp%2Fv2%2Fsource&post=68802"},{"taxonomy":"ilustrador","embeddable":true,"href":"https:\/\/rioonwatch.org.br\/index.php?rest_route=%2Fwp%2Fv2%2Filustrador&post=68802"},{"taxonomy":"fotografo","embeddable":true,"href":"https:\/\/rioonwatch.org.br\/index.php?rest_route=%2Fwp%2Fv2%2Ffotografo&post=68802"}],"curies":[{"name":"wp","href":"https:\/\/api.w.org\/{rel}","templated":true}]}}