{"id":68806,"date":"2014-01-05T15:46:19","date_gmt":"2014-01-05T18:46:19","guid":{"rendered":"https:\/\/rioonwatch.org.br\/?p=68806"},"modified":"2025-01-02T11:10:21","modified_gmt":"2025-01-02T14:10:21","slug":"retrospectiva-2013-melhores-e-piores-reportagens-internacionais-sobre-as-favelas-do-rio-editorial","status":"publish","type":"post","link":"https:\/\/rioonwatch.org.br\/?p=68806","title":{"rendered":"Piores Reportagens Internacionais sobre as Favelas do Rio em 2013"},"content":{"rendered":"<p><a href=\"https:\/\/rioonwatch.org.br\/wp-content\/uploads\/2023\/06\/Traficante-em-favela-do-Rio-de-Janeiro.-Foto-por-Thiago-Cardoso-AFP-Getty-Images.jpg\"><img fetchpriority=\"high\" decoding=\"async\" class=\"aligncenter wp-image-69178 size-full\" title=\"Traficante em favela do Rio de Janeiro. Foto: Thiago Cardoso\/AFP\/Getty Images\" src=\"https:\/\/rioonwatch.org.br\/wp-content\/uploads\/2023\/06\/Traficante-em-favela-do-Rio-de-Janeiro.-Foto-por-Thiago-Cardoso-AFP-Getty-Images.jpg\" alt=\"Traficante em favela do Rio de Janeiro. Foto: Thiago Cardoso\/AFP\/Getty Images\" width=\"580\" height=\"326\" \/><\/a><\/p>\n<h4 style=\"text-align: right;\"><a href=\"https:\/\/bit.ly\/42YnLfj\" target=\"_blank\" rel=\"noopener\"><em><strong>Click Here for English<img decoding=\"async\" class=\"alignright wp-image-15790\" src=\"https:\/\/rioonwatch.org.br\/wp-content\/uploads\/2012\/08\/EN-standard-e1439583104716.jpg\" alt=\"\" width=\"20\" height=\"20\" \/><\/strong><\/em><\/a><\/h4>\n<p><i><span style=\"font-weight: 400;\">Esta foi a primeira mat\u00e9ria da nossa s\u00e9rie anual analisando as <\/span><\/i><a href=\"http:\/\/bit.ly\/FavelasNaMidiaInternacional\" target=\"_blank\" rel=\"noopener\"><i><span style=\"font-weight: 400;\">Melhores e Piores Reportagens Internacionais sobre Favelas do Rio<\/span><\/i><\/a><i><span style=\"font-weight: 400;\">,<\/span><\/i> <i><span style=\"font-weight: 400;\">que faz parte do debate promovido pelo RioOnWatch sobre a <\/span><\/i><a href=\"http:\/\/bit.ly\/1ZVXkRS\" target=\"_blank\" rel=\"noopener\"><i><span style=\"font-weight: 400;\">narrativa<\/span><\/i><\/a><i><span style=\"font-weight: 400;\"> e as <\/span><\/i><a href=\"http:\/\/bit.ly\/1OKE065\" target=\"_blank\" rel=\"noopener\"><i><span style=\"font-weight: 400;\">representa\u00e7\u00f5es midi\u00e1ticas<\/span><\/i><\/a><i><span style=\"font-weight: 400;\"> acerca das favelas cariocas.<\/span><\/i><\/p>\n<p><span style=\"font-weight: 400;\">Ao longo do ano, o <em>RioOnWatch<\/em> monitora a cobertura sobre as favelas do Rio na imprensa internacional, compartilhando artigos por meio da p\u00e1gina do <a href=\"http:\/\/on.fb.me\/1lkVeVM\" target=\"_blank\" rel=\"noopener\"><em>RioOnWatch<\/em> no Facebook<\/a> e em nosso <a href=\"https:\/\/comcat.org\/boletins\/\" target=\"_blank\" rel=\"noopener\">boletim<\/a> mensal de not\u00edcias. Estamos sempre \u00e0 disposi\u00e7\u00e3o para <a href=\"https:\/\/bit.ly\/3XutqbZ\" target=\"_blank\" rel=\"noopener\">apoiar os jornalistas<\/a> em sua cobertura das favelas do Rio, fornecendo informa\u00e7\u00f5es e contatos e ficamos entusiasmados quando as reportagens internacionais representam e comunicam com sucesso as opini\u00f5es e preocupa\u00e7\u00f5es das comunidades de maneira sutil, o que reflete a complexidade da situa\u00e7\u00e3o no Rio hoje. Embora vejamos uma melhora nas reportagens sobre as favelas, em geral, ainda h\u00e1 muitos artigos que n\u00e3o s\u00e3o apenas imprecisos, mas perigosos ao refor\u00e7ar uma vis\u00e3o estigmatizada e unidimensional das favelas do Rio e de seus moradores. Em um contexto onde direitos e servi\u00e7os t\u00eam sido historicamente negados com base no preconceito, tais mat\u00e9rias podem ter consequ\u00eancias negativas de longo alcance.<\/span><\/p>\n<p><span style=\"font-weight: 400;\">Ent\u00e3o, para fechar 2013, analisamos algumas das piores reportagens sobre as favelas do Rio, na tentativa de mostrar que as hist\u00f3rias que os jornalistas escolhem contar e as pessoas a quem eles d\u00e3o plataforma importam. As imagens utilizadas s\u00e3o aquelas que acompanhavam os artigos originais.<\/span><\/p>\n<h2><strong><a href=\"http:\/\/onforb.es\/VzmWqH\" target=\"_blank\" rel=\"noopener\"><em>Forbes<\/em><\/a><\/strong><a href=\"http:\/\/onforb.es\/VzmWqH\" target=\"_blank\" rel=\"noopener\"> \u2013 Eduardo Paes, prefeito do Rio de Janeiro, revela para onde est\u00e1 indo o dinheiro no Brasil: \u00e0s favelas<\/a><\/h2>\n<p><a href=\"https:\/\/rioonwatch.org.br\/wp-content\/uploads\/2023\/06\/Eduardo-Paes-e-o-Presidente-da-FIFA-Joseph-Blatter.-Foto-Evaristo-Sa-AFP-Getty-Images.jpg\"><img decoding=\"async\" class=\"alignright wp-image-69173 size-full\" title=\"Eduardo Paes e o Presidente da FIFA Joseph Blatter. Foto: Evaristo S\u00e1\/AFP\/Getty Images\" src=\"https:\/\/rioonwatch.org.br\/wp-content\/uploads\/2023\/06\/Eduardo-Paes-e-o-Presidente-da-FIFA-Joseph-Blatter.-Foto-Evaristo-Sa-AFP-Getty-Images.jpg\" alt=\"Eduardo Paes e o Presidente da FIFA Joseph Blatter. Foto: Evaristo S\u00e1\/AFP\/Getty Images\" width=\"228\" height=\"300\" \/><\/a><\/p>\n<p><span style=\"font-weight: 400;\">Pela manchete, voc\u00ea pode pensar que este artigo da Forbes de janeiro de 2013 \u00e9 baseado em uma revela\u00e7\u00e3o do prefeito do Rio, Eduardo Paes, de que fundos p\u00fablicos de grande escala seriam investidos nas favelas do Brasil. N\u00e3o exatamente. A mat\u00e9ria na verdade \u00e9 um editorial que faz propaganda do mercado das favelas e como entrar. Primeiro, o que s\u00e3o favelas? O conselho da Forbes \u00e9: \u201cPara ter uma vis\u00e3o clara das favelas do Rio, assista a um dos melhores filmes brasileiros de todos os tempos, Cidade de Deus\u201d. Um grande filme, sem d\u00favida, mas por se tratar de um conto fict\u00edcio baseado em um conjunto habitacional entre as d\u00e9cadas de 1960 e 1980, dificilmente \u00e9 um curso intensivo recomendado sobre favelasde hoje.<\/span><\/p>\n<p><span style=\"font-weight: 400;\">Mas voltando ao Paes. \u201cUma das principais pessoas por tr\u00e1s da instala\u00e7\u00e3o bem-sucedida das Unidades de Pol\u00edcia Pacificadora (<a href=\"https:\/\/bit.ly\/2x52t2Y\" target=\"_blank\" rel=\"noopener\">UPPs<\/a>) foi o prefeito do Rio de Janeiro, Eduardo Paes\u201d. Esta \u00e9 uma declara\u00e7\u00e3o controversa, j\u00e1 que a pacifica\u00e7\u00e3o \u00e9 um programa estadual e, como representante a n\u00edvel municipal, Paes n\u00e3o tem envolvimento administrativo. Ainda assim, descobrimos que ele foi reeleito e deu uma palestra <a href=\"http:\/\/bit.ly\/YatLKW\" target=\"_blank\" rel=\"noopener\">TED talk<\/a> \u201cinformativa\u201d no in\u00edcio de 2012. Uma palestra em que ele afirmou que a integra\u00e7\u00e3o das favelas \u00e9 parte da solu\u00e7\u00e3o para os problemas do Rio, enquanto, naquele mesmo m\u00eas, <a href=\"https:\/\/bit.ly\/3AdyYeq\" target=\"_blank\" rel=\"noopener\">remo\u00e7\u00f5es<\/a> lideradas por seu governo estavam em andamento.<\/span><\/p>\n<p><span style=\"font-weight: 400;\">Seguindo em frente: \u201cAs favelas onde as UPPs foram instaladas com sucesso come\u00e7aram a ser vistas como mercados inexplorados. Os moradores das favelas n\u00e3o precisam mais sair das comunidades para comprar bens e servi\u00e7os, pois as empresas come\u00e7aram a abrir filiais\u201d. O mercado \u201cinexplorado\u201d, no entanto, j\u00e1 \u00e9 amplamente explorado por empresas locais e prestadores de servi\u00e7os. O esp\u00edrito empreendedor que, de muitas maneiras, define o que s\u00e3o as favelas est\u00e1 ausente, pois os moradores s\u00e3o considerados apenas como consumidores ou trabalhadores. A Forbes explica: \u201cGrandes empresas querem uma fatia desse mercado\u201d.<\/span><\/p>\n<p><span style=\"font-weight: 400;\">O artigo, ent\u00e3o, gasta sete par\u00e1grafos mostrando como fazer isso, desde bolsas de estudo e cursos, at\u00e9 o patroc\u00ednio de eventos comunit\u00e1rios. Recomenda-se a constru\u00e7\u00e3o espec\u00edfica de campos de futebol para criar melhorias e transforma\u00e7\u00f5es duradouras. O Sr. Hutchmacher, da Tensport Marketing, declarou: \u201cAs empresas privadas ser\u00e3o o principal ator respons\u00e1vel por esta revolu\u00e7\u00e3o.\u201d Mas, n\u00e3o. Como toda revolu\u00e7\u00e3o, ela vai acontecer de baixo para cima e \u00e9 a\u00ed que reside a grande irresponsabilidade do artigo: a falta de reconhecimento de que j\u00e1 existe uma economia\u2013e ag\u00eancia\u2013nas favelas, e que as regras de engajamento positivo v\u00e3o al\u00e9m do patroc\u00ednio a uma partida de futebol.<\/span><\/p>\n<h2><strong><a href=\"http:\/\/bit.ly\/I0WJfu\" target=\"_blank\" rel=\"noopener\"><em>Sunday World<\/em><\/a><\/strong><a href=\"http:\/\/bit.ly\/I0WJfu\" target=\"_blank\" rel=\"noopener\"> \u2013 Torcedores da Copa do Mundo arriscam suas vidas se entrarem em favelas duvidosas<\/a><\/h2>\n<p><a href=\"https:\/\/rioonwatch.org.br\/wp-content\/uploads\/2023\/06\/Imagem-acompanhando-Sunday-World.jpeg\"><img loading=\"lazy\" decoding=\"async\" class=\"alignright wp-image-69174\" title=\"Imagem acompanhando Sunday World\" src=\"https:\/\/rioonwatch.org.br\/wp-content\/uploads\/2023\/06\/Imagem-acompanhando-Sunday-World.jpeg\" alt=\"Imagem acompanhando Sunday World\" width=\"300\" height=\"237\" srcset=\"https:\/\/rioonwatch.org.br\/wp-content\/uploads\/2023\/06\/Imagem-acompanhando-Sunday-World.jpeg 800w, https:\/\/rioonwatch.org.br\/wp-content\/uploads\/2023\/06\/Imagem-acompanhando-Sunday-World-620x489.jpeg 620w, https:\/\/rioonwatch.org.br\/wp-content\/uploads\/2023\/06\/Imagem-acompanhando-Sunday-World-797x629.jpeg 797w\" sizes=\"(max-width: 300px) 100vw, 300px\" \/><\/a><\/p>\n<p><span style=\"font-weight: 400;\">O fato de um tabloide brit\u00e2nico ter publicado uma hist\u00f3ria cheia de imprecis\u00f5es e falsidades escancaradas n\u00e3o deveria ser uma surpresa. Esta reportagem de novembro do<em> Sunday World<\/em>, no entanto, se supera em termos de sensacionalismo nas favelas. Longe de ser o \u00fanico na imprensa brit\u00e2nica, o jornal criou uma hist\u00f3ria a partir da amea\u00e7a em potencial da inseguran\u00e7a durante a Copa do Mundo e da proximidade do hotel da sele\u00e7\u00e3o inglesa com a <a href=\"https:\/\/bit.ly\/3dzwwUD\" target=\"_blank\" rel=\"noopener\">Rocinha<\/a>. \u201cOs f\u00e3s que planejam ficar na cidade foram fortemente advertidos a n\u00e3o se aventurar na favela da Rocinha\u2013onde mais de 100.000 dos habitantes mais pobres do Rio vivem em uma mis\u00e9ria quase inacredit\u00e1vel\u201d. Grave deturpa\u00e7\u00e3o aqui: os moradores da Rocinha n\u00e3o s\u00e3o nem de longe os mais pobres do Rio e n\u00e3o vivem em uma mis\u00e9ria quase inacredit\u00e1vel. O <em>Sunday World<\/em> teria feito bem em verificar os fatos at\u00e9 mesmo na <a href=\"https:\/\/bit.ly\/3XoGgrJ\" target=\"_blank\" rel=\"noopener\">Wikipedia<\/a>. A Rocinha tem corretoras de im\u00f3veis pr\u00f3prias, McDonald\u2019s e algumas casas grandes e bonitas, al\u00e9m de milhares de com\u00e9rcios locais que atraem compradores de bairros de fora. Mas o <em>Sunday World<\/em> prossegue, agora com um especialista em gangues latino-americanas, Rick Garcia, que adverte: \u201cAs pessoas, especialmente os ocidentais, que entram em qualquer uma das favelas est\u00e3o literalmente arriscando suas vidas\u201d. Isso apesar do <em>The Guardian<\/em> <a href=\"http:\/\/bit.ly\/1hJEEzQ\" target=\"_blank\" rel=\"noopener\">recomendar visitas \u00e0s favelas do Rio<\/a> e do <em>The New York Times<\/em> descrever como os <a href=\"http:\/\/nyti.ms\/1c02aFz\" target=\"_blank\" rel=\"noopener\">visitantes estrangeiros est\u00e3o cada vez mais optando por se hospedar nas favelas do Rio<\/a>, ambos mencionando explicitamente a Rocinha.<\/span><\/p>\n<p><span style=\"font-weight: 400;\">Em nossa pesquisa, n\u00e3o conseguimos encontrar nenhuma informa\u00e7\u00e3o sobre o trabalho ou credenciais do Sr. Rick Garcia. H\u00e1, no entanto, milh\u00f5es que podem testemunhar o contr\u00e1rio. Favelas s\u00e3o bairros populares onde as pessoas vivem, trabalham, relaxam, festejam, dormem, comem e cuidam de seus neg\u00f3cios. Sob certas circunst\u00e2ncias e condi\u00e7\u00f5es, favelas espec\u00edficas, em momentos espec\u00edficos, s\u00e3o lugares perigosos, principalmente para seus pr\u00f3prios moradores. \u00c9 totalmente irrespons\u00e1vel sugerir que pisar em qualquer favela, seja na guerra do narcotr\u00e1fico ou n\u00e3o, seja ocupada pela pol\u00edcia ou n\u00e3o, corre s\u00e9rio perigo. Isso refor\u00e7a os estigmas profundamente arraigados em torno das favelas, mina os grandes avan\u00e7os feitos para desenvolver e aumentar a seguran\u00e7a nessas comunidades e repele pessoas que a visitariam, apoiariam e descobririam essas comunidades por conta pr\u00f3pria.<\/span><\/p>\n<h2><a href=\"http:\/\/bit.ly\/19mEhES\" target=\"_blank\" rel=\"noopener\"><strong><em>New York Review of Books<\/em><\/strong>\u00a0\u2013 Nas Favelas Violentas do Brasil<\/a><\/h2>\n<p><a href=\"https:\/\/rioonwatch.org.br\/wp-content\/uploads\/2023\/06\/Foto-por-Walter-Mesquita.jpg\"><img loading=\"lazy\" decoding=\"async\" class=\"wp-image-69176 alignright\" title=\"Foto por Walter Mesquita\" src=\"https:\/\/rioonwatch.org.br\/wp-content\/uploads\/2023\/06\/Foto-por-Walter-Mesquita.jpg\" alt=\"Foto por Walter Mesquita\" width=\"300\" height=\"199\" \/><\/a>O escritor Suketu Mehti, nascido na \u00cdndia e morador de Nova York, \u00e9 o autor de Maximum City, indicado ao Pr\u00eamio Pulitzer, tratando sobre o lado oculto da vida em Mumbai. Neste ensaio de agosto para a <em>New York Review of Books<\/em>, ele tenta fazer uma descri\u00e7\u00e3o explicativa das favelas \u201cviolentas\u201d do Rio. Na verdade, o t\u00edtulo \u00e9 a primeira pista para o erro que Mehti comete ao considerar as favelas lugares inerentemente violentos. E o ensaio segue para bater na narrativa desgastada de que as favelas s\u00e3o lugares de drogas, viol\u00eancia e pobreza, e que as UPPs s\u00e3o uma salva\u00e7\u00e3o. Isso \u00e9 feito principalmente por meio de passagens descritivas e observa\u00e7\u00f5es superficiais que exp\u00f5em a falta de sensibilidade do escritor e a compreens\u00e3o diferenciada de uma situa\u00e7\u00e3o complexa. Ele abre com uma anedota de quase ter sido assaltado \u00e0 m\u00e3o armada nas ruas de S\u00e3o Paulo\u2013o que serve como uma estranha introdu\u00e7\u00e3o ao assunto das favelas do Rio de Janeiro. Ele, ent\u00e3o, enfatiza as taxas de homic\u00eddio e criminalidade antes de realizar um panorama abrangente da situa\u00e7\u00e3o, contando com imprecis\u00f5es e generaliza\u00e7\u00f5es para sustentar a hist\u00f3ria de viol\u00eancia incessante.<\/p>\n<p><span style=\"font-weight: 400;\">A pe\u00e7a levou o pesquisador Tucker Landesman a publicar uma desconstru\u00e7\u00e3o completa em resposta no <\/span><i><span style=\"font-weight: 400;\">FAVELissues<\/span><\/i><span style=\"font-weight: 400;\">, escrevendo: \u201cA deturpa\u00e7\u00e3o de Mehta sobre o Rio de Janeiro, a cultura brasileira e a integra\u00e7\u00e3o das favelas por meio da pacifica\u00e7\u00e3o \u00e9 problem\u00e1tica, al\u00e9m de quest\u00f5es de integridade jornal\u00edstica e devida dilig\u00eancia. Primeiro, no ensaio de Mehta, o Brasil \u00e9 um lugar violento. Os brasileiros se matam a torta e a direita, matam o meio ambiente e estupram suas mulheres com uma frequ\u00eancia cada vez maior. Favelas s\u00e3o lugares violentos movidos a drogas. Esse tipo de narrativa dissocia a viol\u00eancia das muitas for\u00e7as sociais hist\u00f3ricas que levaram aos n\u00edveis atuais de crimes violentos. Isso resulta na mentalidade de \u2018tempos de desespero pedem medidas desesperadas\u2019, o que justifica uma forma de repress\u00e3o estatal que seria impens\u00e1vel fora das favelas.\u201d<\/span><\/p>\n<p><span style=\"font-weight: 400;\">Landesman articula a principal cr\u00edtica a esta\u2013e a todas as outras reportagens ruins sobre as favelas cariocas\u2013de forma brilhante: \u201cOs interessados em refazer o Rio, mesmo os ensa\u00edstas que escrevem para revistas intelectuais estrangeiras, devem pensar criticamente e se esfor\u00e7ar para apresentar os fatos a partir das experi\u00eancias das pessoas comuns&#8221;. A aus\u00eancia das vozes das pessoas comuns, de empres\u00e1rios locais, organizadores comunit\u00e1rios, artistas, ativistas, l\u00edderes e outros \u00e9 a principal caracter\u00edstica que define as m\u00e1s reportagens sobre as favelas do Rio. Ao n\u00e3o representar, de forma alguma, os pontos de vista, esperan\u00e7as e cr\u00edticas daqueles que vivem nas favelas do Rio, a reportagem mal feita perpetua a hist\u00f3ria das favelas como lugares negativos, violentos, empobrecidos, tempor\u00e1rios, passivos, onde os principais atores s\u00e3o a pol\u00edcia estadual, gangues de drogas e grandes neg\u00f3cios. A realidade, por\u00e9m, \u00e9 bem mais interessante e complexa, se ao menos os jornalistas ouvissem os moradores.<\/span><\/p>\n<!-- AddThis Advanced Settings generic via filter on the_content --><!-- AddThis Share Buttons generic via filter on the_content -->","protected":false},"excerpt":{"rendered":"<div class=\"mh-excerpt\"><p>Click Here for English Esta foi a primeira mat\u00e9ria da nossa s\u00e9rie anual analisando as Melhores e Piores Reportagens Internacionais sobre Favelas do Rio, que faz parte do debate promovido pelo RioOnWatch sobre a narrativa <a class=\"mh-excerpt-more\" href=\"https:\/\/rioonwatch.org.br\/?p=68806\" title=\"Piores Reportagens Internacionais sobre as Favelas do Rio em 2013\">[&#8230;]<\/a><!-- AddThis Advanced Settings generic via filter on get_the_excerpt --><!-- AddThis Share Buttons generic via filter on get_the_excerpt --><\/p>\n<\/div>","protected":false},"author":167,"featured_media":69178,"comment_status":"closed","ping_status":"closed","sticky":false,"template":"","format":"standard","meta":{"_acf_changed":false,"_monsterinsights_skip_tracking":false,"_monsterinsights_sitenote_active":false,"_monsterinsights_sitenote_note":"","_monsterinsights_sitenote_category":0,"footnotes":""},"categories":[1635],"tags":[386,1676,332,1386,687,1637,1240,1760,1145,14,16,2289,1759,562,92,1144],"writer":[777],"translator":[1862],"source":[],"ilustrador":[],"fotografo":[],"class_list":{"0":"post-68806","1":"post","2":"type-post","3":"status-publish","4":"format-standard","5":"has-post-thumbnail","7":"category-1635","8":"tag-estigma","9":"tag-analise-cobertura-de-favelas","10":"tag-complexo-da-mare","11":"tag-critica-a-politica","12":"tag-economia","13":"tag-referencia","14":"tag-megaeventos","15":"tag-narrativa-midiatica","16":"tag-observadores-internacionais","17":"tag-remocao","18":"tag-rocinha","19":"tag-serie","20":"tag-serie-melhores-e-piores-reportagens","21":"tag-trafico-de-drogas","22":"tag-upp","23":"tag-violencia-urbana","24":"writer-rioonwatch","25":"translator-caroline-quintanilha"},"acf":[],"yoast_head":"<!-- This site is optimized with the Yoast SEO plugin v25.6 - https:\/\/yoast.com\/wordpress\/plugins\/seo\/ -->\n<title>Piores Reportagens Internacionais sobre as Favelas do Rio em 2013 - RioOnWatch<\/title>\n<meta name=\"robots\" content=\"index, follow, max-snippet:-1, max-image-preview:large, max-video-preview:-1\" \/>\n<link rel=\"canonical\" href=\"https:\/\/rioonwatch.org.br\/?p=68806\" \/>\n<meta property=\"og:locale\" content=\"pt_BR\" \/>\n<meta property=\"og:type\" content=\"article\" \/>\n<meta property=\"og:title\" content=\"Piores Reportagens Internacionais sobre as Favelas do Rio em 2013 - RioOnWatch\" \/>\n<meta property=\"og:description\" content=\"Click Here for English Esta foi a primeira mat\u00e9ria da nossa s\u00e9rie anual analisando as Melhores e Piores Reportagens Internacionais sobre Favelas do Rio, que faz parte do debate promovido pelo RioOnWatch sobre a narrativa [...]\" \/>\n<meta property=\"og:url\" content=\"https:\/\/rioonwatch.org.br\/?p=68806\" \/>\n<meta property=\"og:site_name\" content=\"RioOnWatch\" \/>\n<meta property=\"article:published_time\" content=\"2014-01-05T18:46:19+00:00\" \/>\n<meta property=\"article:modified_time\" content=\"2025-01-02T14:10:21+00:00\" \/>\n<meta property=\"og:image\" content=\"https:\/\/rioonwatch.org.br\/wp-content\/uploads\/2023\/06\/Traficante-em-favela-do-Rio-de-Janeiro.-Foto-por-Thiago-Cardoso-AFP-Getty-Images.jpg\" \/>\n\t<meta property=\"og:image:width\" content=\"580\" \/>\n\t<meta property=\"og:image:height\" content=\"326\" \/>\n\t<meta property=\"og:image:type\" content=\"image\/jpeg\" \/>\n<meta name=\"author\" content=\"Julio Santos Filho\" \/>\n<meta name=\"twitter:card\" content=\"summary_large_image\" \/>\n<meta name=\"twitter:label1\" content=\"Escrito por\" \/>\n\t<meta name=\"twitter:data1\" content=\"Julio Santos Filho\" \/>\n\t<meta name=\"twitter:label2\" content=\"Est. tempo de leitura\" \/>\n\t<meta name=\"twitter:data2\" content=\"10 minutos\" \/>\n<script type=\"application\/ld+json\" class=\"yoast-schema-graph\">{\"@context\":\"https:\/\/schema.org\",\"@graph\":[{\"@type\":\"Article\",\"@id\":\"https:\/\/rioonwatch.org.br\/?p=68806#article\",\"isPartOf\":{\"@id\":\"https:\/\/rioonwatch.org.br\/?p=68806\"},\"author\":{\"name\":\"Julio Santos Filho\",\"@id\":\"https:\/\/rioonwatch.org.br\/#\/schema\/person\/476bc75767957d3535b65b796667cd36\"},\"headline\":\"Piores Reportagens Internacionais sobre as Favelas do Rio em 2013\",\"datePublished\":\"2014-01-05T18:46:19+00:00\",\"dateModified\":\"2025-01-02T14:10:21+00:00\",\"mainEntityOfPage\":{\"@id\":\"https:\/\/rioonwatch.org.br\/?p=68806\"},\"wordCount\":1707,\"publisher\":{\"@id\":\"https:\/\/rioonwatch.org.br\/#organization\"},\"image\":{\"@id\":\"https:\/\/rioonwatch.org.br\/?p=68806#primaryimage\"},\"thumbnailUrl\":\"https:\/\/rioonwatch.org.br\/wp-content\/uploads\/2023\/06\/Traficante-em-favela-do-Rio-de-Janeiro.-Foto-por-Thiago-Cardoso-AFP-Getty-Images.jpg\",\"keywords\":[\"#StopFavelaStigma\",\"an\u00e1lise cobertura de favelas\",\"Complexo da Mar\u00e9\",\"cr\u00edtica \u00e0 pol\u00edtica\",\"economia\",\"Mat\u00e9rias de Refer\u00eancia\",\"Megaeventos\",\"narrativa midi\u00e1tica\",\"observadores internacionais\",\"Remo\u00e7\u00e3o\",\"Rocinha\",\"S\u00e9rie\",\"S\u00e9rie: Melhores e Piores Reportagens\",\"tr\u00e1fico de drogas\",\"UPP\",\"viol\u00eancia urbana\"],\"articleSection\":[\"#Rio2016\"],\"inLanguage\":\"pt-BR\"},{\"@type\":\"WebPage\",\"@id\":\"https:\/\/rioonwatch.org.br\/?p=68806\",\"url\":\"https:\/\/rioonwatch.org.br\/?p=68806\",\"name\":\"Piores Reportagens Internacionais sobre as Favelas do Rio em 2013 - RioOnWatch\",\"isPartOf\":{\"@id\":\"https:\/\/rioonwatch.org.br\/#website\"},\"primaryImageOfPage\":{\"@id\":\"https:\/\/rioonwatch.org.br\/?p=68806#primaryimage\"},\"image\":{\"@id\":\"https:\/\/rioonwatch.org.br\/?p=68806#primaryimage\"},\"thumbnailUrl\":\"https:\/\/rioonwatch.org.br\/wp-content\/uploads\/2023\/06\/Traficante-em-favela-do-Rio-de-Janeiro.-Foto-por-Thiago-Cardoso-AFP-Getty-Images.jpg\",\"datePublished\":\"2014-01-05T18:46:19+00:00\",\"dateModified\":\"2025-01-02T14:10:21+00:00\",\"breadcrumb\":{\"@id\":\"https:\/\/rioonwatch.org.br\/?p=68806#breadcrumb\"},\"inLanguage\":\"pt-BR\",\"potentialAction\":[{\"@type\":\"ReadAction\",\"target\":[\"https:\/\/rioonwatch.org.br\/?p=68806\"]}]},{\"@type\":\"ImageObject\",\"inLanguage\":\"pt-BR\",\"@id\":\"https:\/\/rioonwatch.org.br\/?p=68806#primaryimage\",\"url\":\"https:\/\/rioonwatch.org.br\/wp-content\/uploads\/2023\/06\/Traficante-em-favela-do-Rio-de-Janeiro.-Foto-por-Thiago-Cardoso-AFP-Getty-Images.jpg\",\"contentUrl\":\"https:\/\/rioonwatch.org.br\/wp-content\/uploads\/2023\/06\/Traficante-em-favela-do-Rio-de-Janeiro.-Foto-por-Thiago-Cardoso-AFP-Getty-Images.jpg\",\"width\":580,\"height\":326,\"caption\":\"Traficante em favela do Rio de Janeiro. Foto: Thiago Cardoso\/AFP\/Getty Images\"},{\"@type\":\"BreadcrumbList\",\"@id\":\"https:\/\/rioonwatch.org.br\/?p=68806#breadcrumb\",\"itemListElement\":[{\"@type\":\"ListItem\",\"position\":1,\"name\":\"In\u00edcio\",\"item\":\"https:\/\/rioonwatch.org.br\/\"},{\"@type\":\"ListItem\",\"position\":2,\"name\":\"Piores Reportagens Internacionais sobre as Favelas do Rio em 2013\"}]},{\"@type\":\"WebSite\",\"@id\":\"https:\/\/rioonwatch.org.br\/#website\",\"url\":\"https:\/\/rioonwatch.org.br\/\",\"name\":\"RioOnWatch\",\"description\":\"relatos das favelas cariocas\",\"publisher\":{\"@id\":\"https:\/\/rioonwatch.org.br\/#organization\"},\"potentialAction\":[{\"@type\":\"SearchAction\",\"target\":{\"@type\":\"EntryPoint\",\"urlTemplate\":\"https:\/\/rioonwatch.org.br\/?s={search_term_string}\"},\"query-input\":{\"@type\":\"PropertyValueSpecification\",\"valueRequired\":true,\"valueName\":\"search_term_string\"}}],\"inLanguage\":\"pt-BR\"},{\"@type\":\"Organization\",\"@id\":\"https:\/\/rioonwatch.org.br\/#organization\",\"name\":\"RioOnWatch\",\"url\":\"https:\/\/rioonwatch.org.br\/\",\"logo\":{\"@type\":\"ImageObject\",\"inLanguage\":\"pt-BR\",\"@id\":\"https:\/\/rioonwatch.org.br\/#\/schema\/logo\/image\/\",\"url\":\"https:\/\/rioonwatch.org.br\/wp-content\/uploads\/2021\/06\/RioOnWatchcabecalhoPT11anos-2.png\",\"contentUrl\":\"https:\/\/rioonwatch.org.br\/wp-content\/uploads\/2021\/06\/RioOnWatchcabecalhoPT11anos-2.png\",\"width\":779,\"height\":277,\"caption\":\"RioOnWatch\"},\"image\":{\"@id\":\"https:\/\/rioonwatch.org.br\/#\/schema\/logo\/image\/\"}},{\"@type\":\"Person\",\"@id\":\"https:\/\/rioonwatch.org.br\/#\/schema\/person\/476bc75767957d3535b65b796667cd36\",\"name\":\"Julio Santos Filho\",\"image\":{\"@type\":\"ImageObject\",\"inLanguage\":\"pt-BR\",\"@id\":\"https:\/\/rioonwatch.org.br\/#\/schema\/person\/image\/\",\"url\":\"https:\/\/secure.gravatar.com\/avatar\/ca138f7666182a292a8ce4ca14fb81f8?s=96&d=blank&r=g\",\"contentUrl\":\"https:\/\/secure.gravatar.com\/avatar\/ca138f7666182a292a8ce4ca14fb81f8?s=96&d=blank&r=g\",\"caption\":\"Julio Santos Filho\"},\"url\":\"https:\/\/rioonwatch.org.br\/?author=167\"}]}<\/script>\n<!-- \/ Yoast SEO plugin. -->","yoast_head_json":{"title":"Piores Reportagens Internacionais sobre as Favelas do Rio em 2013 - RioOnWatch","robots":{"index":"index","follow":"follow","max-snippet":"max-snippet:-1","max-image-preview":"max-image-preview:large","max-video-preview":"max-video-preview:-1"},"canonical":"https:\/\/rioonwatch.org.br\/?p=68806","og_locale":"pt_BR","og_type":"article","og_title":"Piores Reportagens Internacionais sobre as Favelas do Rio em 2013 - RioOnWatch","og_description":"Click Here for English Esta foi a primeira mat\u00e9ria da nossa s\u00e9rie anual analisando as Melhores e Piores Reportagens Internacionais sobre Favelas do Rio, que faz parte do debate promovido pelo RioOnWatch sobre a narrativa [...]","og_url":"https:\/\/rioonwatch.org.br\/?p=68806","og_site_name":"RioOnWatch","article_published_time":"2014-01-05T18:46:19+00:00","article_modified_time":"2025-01-02T14:10:21+00:00","og_image":[{"width":580,"height":326,"url":"https:\/\/rioonwatch.org.br\/wp-content\/uploads\/2023\/06\/Traficante-em-favela-do-Rio-de-Janeiro.-Foto-por-Thiago-Cardoso-AFP-Getty-Images.jpg","type":"image\/jpeg"}],"author":"Julio Santos Filho","twitter_card":"summary_large_image","twitter_misc":{"Escrito por":"Julio Santos Filho","Est. tempo de leitura":"10 minutos"},"schema":{"@context":"https:\/\/schema.org","@graph":[{"@type":"Article","@id":"https:\/\/rioonwatch.org.br\/?p=68806#article","isPartOf":{"@id":"https:\/\/rioonwatch.org.br\/?p=68806"},"author":{"name":"Julio Santos Filho","@id":"https:\/\/rioonwatch.org.br\/#\/schema\/person\/476bc75767957d3535b65b796667cd36"},"headline":"Piores Reportagens Internacionais sobre as Favelas do Rio em 2013","datePublished":"2014-01-05T18:46:19+00:00","dateModified":"2025-01-02T14:10:21+00:00","mainEntityOfPage":{"@id":"https:\/\/rioonwatch.org.br\/?p=68806"},"wordCount":1707,"publisher":{"@id":"https:\/\/rioonwatch.org.br\/#organization"},"image":{"@id":"https:\/\/rioonwatch.org.br\/?p=68806#primaryimage"},"thumbnailUrl":"https:\/\/rioonwatch.org.br\/wp-content\/uploads\/2023\/06\/Traficante-em-favela-do-Rio-de-Janeiro.-Foto-por-Thiago-Cardoso-AFP-Getty-Images.jpg","keywords":["#StopFavelaStigma","an\u00e1lise cobertura de favelas","Complexo da Mar\u00e9","cr\u00edtica \u00e0 pol\u00edtica","economia","Mat\u00e9rias de Refer\u00eancia","Megaeventos","narrativa midi\u00e1tica","observadores internacionais","Remo\u00e7\u00e3o","Rocinha","S\u00e9rie","S\u00e9rie: Melhores e Piores Reportagens","tr\u00e1fico de drogas","UPP","viol\u00eancia urbana"],"articleSection":["#Rio2016"],"inLanguage":"pt-BR"},{"@type":"WebPage","@id":"https:\/\/rioonwatch.org.br\/?p=68806","url":"https:\/\/rioonwatch.org.br\/?p=68806","name":"Piores Reportagens Internacionais sobre as Favelas do Rio em 2013 - RioOnWatch","isPartOf":{"@id":"https:\/\/rioonwatch.org.br\/#website"},"primaryImageOfPage":{"@id":"https:\/\/rioonwatch.org.br\/?p=68806#primaryimage"},"image":{"@id":"https:\/\/rioonwatch.org.br\/?p=68806#primaryimage"},"thumbnailUrl":"https:\/\/rioonwatch.org.br\/wp-content\/uploads\/2023\/06\/Traficante-em-favela-do-Rio-de-Janeiro.-Foto-por-Thiago-Cardoso-AFP-Getty-Images.jpg","datePublished":"2014-01-05T18:46:19+00:00","dateModified":"2025-01-02T14:10:21+00:00","breadcrumb":{"@id":"https:\/\/rioonwatch.org.br\/?p=68806#breadcrumb"},"inLanguage":"pt-BR","potentialAction":[{"@type":"ReadAction","target":["https:\/\/rioonwatch.org.br\/?p=68806"]}]},{"@type":"ImageObject","inLanguage":"pt-BR","@id":"https:\/\/rioonwatch.org.br\/?p=68806#primaryimage","url":"https:\/\/rioonwatch.org.br\/wp-content\/uploads\/2023\/06\/Traficante-em-favela-do-Rio-de-Janeiro.-Foto-por-Thiago-Cardoso-AFP-Getty-Images.jpg","contentUrl":"https:\/\/rioonwatch.org.br\/wp-content\/uploads\/2023\/06\/Traficante-em-favela-do-Rio-de-Janeiro.-Foto-por-Thiago-Cardoso-AFP-Getty-Images.jpg","width":580,"height":326,"caption":"Traficante em favela do Rio de Janeiro. Foto: Thiago Cardoso\/AFP\/Getty Images"},{"@type":"BreadcrumbList","@id":"https:\/\/rioonwatch.org.br\/?p=68806#breadcrumb","itemListElement":[{"@type":"ListItem","position":1,"name":"In\u00edcio","item":"https:\/\/rioonwatch.org.br\/"},{"@type":"ListItem","position":2,"name":"Piores Reportagens Internacionais sobre as Favelas do Rio em 2013"}]},{"@type":"WebSite","@id":"https:\/\/rioonwatch.org.br\/#website","url":"https:\/\/rioonwatch.org.br\/","name":"RioOnWatch","description":"relatos das favelas cariocas","publisher":{"@id":"https:\/\/rioonwatch.org.br\/#organization"},"potentialAction":[{"@type":"SearchAction","target":{"@type":"EntryPoint","urlTemplate":"https:\/\/rioonwatch.org.br\/?s={search_term_string}"},"query-input":{"@type":"PropertyValueSpecification","valueRequired":true,"valueName":"search_term_string"}}],"inLanguage":"pt-BR"},{"@type":"Organization","@id":"https:\/\/rioonwatch.org.br\/#organization","name":"RioOnWatch","url":"https:\/\/rioonwatch.org.br\/","logo":{"@type":"ImageObject","inLanguage":"pt-BR","@id":"https:\/\/rioonwatch.org.br\/#\/schema\/logo\/image\/","url":"https:\/\/rioonwatch.org.br\/wp-content\/uploads\/2021\/06\/RioOnWatchcabecalhoPT11anos-2.png","contentUrl":"https:\/\/rioonwatch.org.br\/wp-content\/uploads\/2021\/06\/RioOnWatchcabecalhoPT11anos-2.png","width":779,"height":277,"caption":"RioOnWatch"},"image":{"@id":"https:\/\/rioonwatch.org.br\/#\/schema\/logo\/image\/"}},{"@type":"Person","@id":"https:\/\/rioonwatch.org.br\/#\/schema\/person\/476bc75767957d3535b65b796667cd36","name":"Julio Santos Filho","image":{"@type":"ImageObject","inLanguage":"pt-BR","@id":"https:\/\/rioonwatch.org.br\/#\/schema\/person\/image\/","url":"https:\/\/secure.gravatar.com\/avatar\/ca138f7666182a292a8ce4ca14fb81f8?s=96&d=blank&r=g","contentUrl":"https:\/\/secure.gravatar.com\/avatar\/ca138f7666182a292a8ce4ca14fb81f8?s=96&d=blank&r=g","caption":"Julio Santos Filho"},"url":"https:\/\/rioonwatch.org.br\/?author=167"}]}},"_links":{"self":[{"href":"https:\/\/rioonwatch.org.br\/index.php?rest_route=\/wp\/v2\/posts\/68806"}],"collection":[{"href":"https:\/\/rioonwatch.org.br\/index.php?rest_route=\/wp\/v2\/posts"}],"about":[{"href":"https:\/\/rioonwatch.org.br\/index.php?rest_route=\/wp\/v2\/types\/post"}],"author":[{"embeddable":true,"href":"https:\/\/rioonwatch.org.br\/index.php?rest_route=\/wp\/v2\/users\/167"}],"replies":[{"embeddable":true,"href":"https:\/\/rioonwatch.org.br\/index.php?rest_route=%2Fwp%2Fv2%2Fcomments&post=68806"}],"version-history":[{"count":23,"href":"https:\/\/rioonwatch.org.br\/index.php?rest_route=\/wp\/v2\/posts\/68806\/revisions"}],"predecessor-version":[{"id":76841,"href":"https:\/\/rioonwatch.org.br\/index.php?rest_route=\/wp\/v2\/posts\/68806\/revisions\/76841"}],"wp:featuredmedia":[{"embeddable":true,"href":"https:\/\/rioonwatch.org.br\/index.php?rest_route=\/wp\/v2\/media\/69178"}],"wp:attachment":[{"href":"https:\/\/rioonwatch.org.br\/index.php?rest_route=%2Fwp%2Fv2%2Fmedia&parent=68806"}],"wp:term":[{"taxonomy":"category","embeddable":true,"href":"https:\/\/rioonwatch.org.br\/index.php?rest_route=%2Fwp%2Fv2%2Fcategories&post=68806"},{"taxonomy":"post_tag","embeddable":true,"href":"https:\/\/rioonwatch.org.br\/index.php?rest_route=%2Fwp%2Fv2%2Ftags&post=68806"},{"taxonomy":"writer","embeddable":true,"href":"https:\/\/rioonwatch.org.br\/index.php?rest_route=%2Fwp%2Fv2%2Fwriter&post=68806"},{"taxonomy":"translator","embeddable":true,"href":"https:\/\/rioonwatch.org.br\/index.php?rest_route=%2Fwp%2Fv2%2Ftranslator&post=68806"},{"taxonomy":"source","embeddable":true,"href":"https:\/\/rioonwatch.org.br\/index.php?rest_route=%2Fwp%2Fv2%2Fsource&post=68806"},{"taxonomy":"ilustrador","embeddable":true,"href":"https:\/\/rioonwatch.org.br\/index.php?rest_route=%2Fwp%2Fv2%2Filustrador&post=68806"},{"taxonomy":"fotografo","embeddable":true,"href":"https:\/\/rioonwatch.org.br\/index.php?rest_route=%2Fwp%2Fv2%2Ffotografo&post=68806"}],"curies":[{"name":"wp","href":"https:\/\/api.w.org\/{rel}","templated":true}]}}