{"id":68935,"date":"2023-08-20T18:03:37","date_gmt":"2023-08-20T21:03:37","guid":{"rendered":"https:\/\/rioonwatch.org.br\/?p=68935"},"modified":"2023-09-14T11:09:32","modified_gmt":"2023-09-14T14:09:32","slug":"desfavelizacao-da-favela-do-lixao-em-duque-de-caxias-traz-debate-sobre-remocao-para-especulacao-imobiliaria-na-baixada-fluminense","status":"publish","type":"post","link":"https:\/\/rioonwatch.org.br\/?p=68935","title":{"rendered":"&#8216;Desfaveliza\u00e7\u00e3o&#8217; da Favela do Lix\u00e3o, em Duque de Caxias, Traz Debate Sobre Especula\u00e7\u00e3o Imobili\u00e1ria na Baixada Fluminense"},"content":{"rendered":"<figure id=\"attachment_69674\" aria-describedby=\"caption-attachment-69674\" style=\"width: 2560px\" class=\"wp-caption aligncenter\"><img fetchpriority=\"high\" decoding=\"async\" class=\"wp-image-69674 size-full\" title=\"Da esquerda para direita, as moradoras e ativistas Glaucia Quirino, Rose Silva, ambas da Favela do Lix\u00e3o, e Veinha, moradora da Beira-Beira. Foto: Fabio Leon\" src=\"https:\/\/rioonwatch.org.br\/wp-content\/uploads\/2023\/07\/Da-esquerda-para-direita-as-moradoras-e-ativistas-Glaucia-Quirino-Rose-Silva.-Foto-Fabio-Leon-scaled.jpg\" alt=\"Da esquerda para direita, as moradoras e ativistas Glaucia Quirino, Rose Silva, ambas da Favela do Lix\u00e3o, e Veinha, moradora da Beira-Beira. Foto: Fabio Leon\" width=\"2560\" height=\"1920\" srcset=\"https:\/\/rioonwatch.org.br\/wp-content\/uploads\/2023\/07\/Da-esquerda-para-direita-as-moradoras-e-ativistas-Glaucia-Quirino-Rose-Silva.-Foto-Fabio-Leon-scaled.jpg 2560w, https:\/\/rioonwatch.org.br\/wp-content\/uploads\/2023\/07\/Da-esquerda-para-direita-as-moradoras-e-ativistas-Glaucia-Quirino-Rose-Silva.-Foto-Fabio-Leon-620x465.jpg 620w, https:\/\/rioonwatch.org.br\/wp-content\/uploads\/2023\/07\/Da-esquerda-para-direita-as-moradoras-e-ativistas-Glaucia-Quirino-Rose-Silva.-Foto-Fabio-Leon-2000x1500.jpg 2000w, https:\/\/rioonwatch.org.br\/wp-content\/uploads\/2023\/07\/Da-esquerda-para-direita-as-moradoras-e-ativistas-Glaucia-Quirino-Rose-Silva.-Foto-Fabio-Leon-678x509.jpg 678w, https:\/\/rioonwatch.org.br\/wp-content\/uploads\/2023\/07\/Da-esquerda-para-direita-as-moradoras-e-ativistas-Glaucia-Quirino-Rose-Silva.-Foto-Fabio-Leon-326x245.jpg 326w, https:\/\/rioonwatch.org.br\/wp-content\/uploads\/2023\/07\/Da-esquerda-para-direita-as-moradoras-e-ativistas-Glaucia-Quirino-Rose-Silva.-Foto-Fabio-Leon-80x60.jpg 80w, https:\/\/rioonwatch.org.br\/wp-content\/uploads\/2023\/07\/Da-esquerda-para-direita-as-moradoras-e-ativistas-Glaucia-Quirino-Rose-Silva.-Foto-Fabio-Leon-839x629.jpg 839w\" sizes=\"(max-width: 2560px) 100vw, 2560px\" \/><figcaption id=\"caption-attachment-69674\" class=\"wp-caption-text\">Da esquerda para direita, as moradoras e ativistas Glaucia Quirino, Rose Silva, ambas da Favela do Lix\u00e3o, e Veinha, moradora da Beira-Beira. Foto: Fabio Leon<\/figcaption><\/figure>\n<p style=\"text-align: right;\"><em><strong><a href=\"https:\/\/bit.ly\/3PdJ7BY\" target=\"_blank\" rel=\"noopener\">Click Here for English<\/a><a href=\"https:\/\/bit.ly\/3PdJ7BY\" target=\"_blank\" rel=\"noopener noreferrer\"><img decoding=\"async\" class=\"alignright wp-image-15790\" src=\"https:\/\/rioonwatch.org.br\/wp-content\/uploads\/2012\/08\/EN-standard-e1439583104716.jpg\" alt=\"\" width=\"20\" height=\"20\" \/><\/a><\/strong><\/em><\/p>\n<p><em><a href=\"https:\/\/rioonwatch.org\/wp-content\/uploads\/2019\/08\/BehnerStiefel.png\"><img decoding=\"async\" class=\"alignright wp-image-55315\" src=\"https:\/\/rioonwatch.org\/wp-content\/uploads\/2019\/08\/BehnerStiefel.png\" sizes=\"(max-width: 200px) 100vw, 200px\" srcset=\"https:\/\/rioonwatch.org\/wp-content\/uploads\/2019\/08\/BehnerStiefel.png 1934w, https:\/\/rioonwatch.org\/wp-content\/uploads\/2019\/08\/BehnerStiefel-300x102.png 300w, https:\/\/rioonwatch.org\/wp-content\/uploads\/2019\/08\/BehnerStiefel-768x261.png 768w, https:\/\/rioonwatch.org\/wp-content\/uploads\/2019\/08\/BehnerStiefel-1024x348.png 1024w\" alt=\"Centro Behner Stiefel de Estudos Brasileiros\" width=\"200\" height=\"68\" \/><\/a>Esta mat\u00e9ria\u00a0<\/em><em>faz parte de uma\u00a0<a href=\"https:\/\/bit.ly\/SerieSDSU\" target=\"_blank\" rel=\"noopener noreferrer\">s\u00e9rie<\/a>\u00a0gerada por uma parceria com o\u00a0<a href=\"https:\/\/bit.ly\/SDSUDigitalBrazilProject\" target=\"_blank\" rel=\"noopener noreferrer\">Digital Brazil Project<\/a>\u00a0do\u00a0<a href=\"http:\/\/bit.ly\/2zcymI6\" target=\"_blank\" rel=\"noopener noreferrer\">Centro Behner Stiefel de Estudos Brasileiros<\/a>\u00a0da Universidade Estadual de San Diego na Calif\u00f3rnia, para produzir mat\u00e9rias sobre a quest\u00e3o da \u00e1gua e a popula\u00e7\u00e3o LGBTQIAPN+ nas favelas cariocas e na Baixada Fluminense.<\/em><\/p>\n<p><em><span style=\"font-weight: 400;\">Moradores da <a href=\"https:\/\/bit.ly\/3qQ99kV\" target=\"_blank\" rel=\"noopener\">Favela do Lix\u00e3o<\/a>, no centro da cidade de <a href=\"https:\/\/bit.ly\/2KMwrB3\" target=\"_blank\" rel=\"noopener\">Duque de Caxias<\/a>, na <a href=\"https:\/\/bit.ly\/32JVvht\" target=\"_blank\" rel=\"noopener\">Baixada Fluminense<\/a>, t\u00eam reclamado de diversas arbitrariedades cometidas pela <a href=\"https:\/\/bit.ly\/3Pjeifq\" target=\"_blank\" rel=\"noopener\">prefeitura<\/a>, em fun\u00e7\u00e3o de <a href=\"https:\/\/bit.ly\/3AdyYeq\" target=\"_blank\" rel=\"noopener\">reassentamentos<\/a> iniciados com mais rigor a partir de 2020. No final de 2021, cerca de 60 fam\u00edlias foram pegas de surpresa com uma poss\u00edvel <a href=\"https:\/\/bit.ly\/3NRfntT\" target=\"_blank\" rel=\"noopener\">expuls\u00e3o do local<\/a>. O motivo seria o processo de urbaniza\u00e7\u00e3o, chamado de <a href=\"https:\/\/bit.ly\/44URqrl\" target=\"_blank\" rel=\"noopener\">desfaveliza\u00e7\u00e3o<\/a> pela prefeitura, de tr\u00eas comunidades: <a href=\"https:\/\/bit.ly\/3Y2GZ2K\" target=\"_blank\" rel=\"noopener\">Vila Ideal<\/a>, <a href=\"https:\/\/bit.ly\/3DjoD3Z\" target=\"_blank\" rel=\"noopener\">Parque Vila Nova<\/a>, al\u00e9m da localidade conhecida como <a href=\"https:\/\/bit.ly\/3XYPM5v\" target=\"_blank\" rel=\"noopener\">Beira-Beira<\/a>. S\u00e3o territ\u00f3rios que foram sendo ocupados nos \u00faltimos 40 anos, em paralelo \u00e0 <a href=\"https:\/\/bit.ly\/2Rku5Mf\" target=\"_blank\" rel=\"noopener\">neglig\u00eancia do Estado<\/a> e \u00e0 falta estrutural de pol\u00edticas habitacionais eficientes, voltadas para a popula\u00e7\u00e3o caxiense economicamente mais vulner\u00e1vel.<\/span><\/em><\/p>\n<p><span style=\"font-weight: 400;\">Segundo relatos, as tentativas de remover a Favela do Lix\u00e3o foram se tornando mais presentes a partir de 2013. Contudo, a grande ang\u00fastia come\u00e7ou em 1 de outubro de 2020. De acordo com moradores, o Subsecret\u00e1rio Municipal de Urbanismo e Habita\u00e7\u00e3o, Rafael Quaresma, chegou \u00e0 comunidade com funcion\u00e1rios da prefeitura e policiais militares para iniciar a demoli\u00e7\u00e3o das moradias. Eles entraram por um dos acessos do Lix\u00e3o, na Avenida Governador Leonel de Moura Brizola, e utilizaram uma retroescavadeira.\u00a0<\/span><\/p>\n<figure id=\"attachment_69680\" aria-describedby=\"caption-attachment-69680\" style=\"width: 2560px\" class=\"wp-caption aligncenter\"><img loading=\"lazy\" decoding=\"async\" class=\"wp-image-69680 size-full\" title=\"A Ucr\u00e2nia \u00e9 aqui. Demoli\u00e7\u00f5es das casas lembram cen\u00e1rio de guerra. Foto: Fabio Leon\" src=\"https:\/\/rioonwatch.org.br\/wp-content\/uploads\/2023\/07\/A-Ucrania-e-aqui-demolicoes-das-casas-lembram-cenario-de-guerra.-Foto-Fabio-Leon-scaled.jpg\" alt=\"A Ucr\u00e2nia \u00e9 aqui. Demoli\u00e7\u00f5es das casas lembram cen\u00e1rio de guerra. Foto: Fabio Leon\" width=\"2560\" height=\"1920\" srcset=\"https:\/\/rioonwatch.org.br\/wp-content\/uploads\/2023\/07\/A-Ucrania-e-aqui-demolicoes-das-casas-lembram-cenario-de-guerra.-Foto-Fabio-Leon-scaled.jpg 2560w, https:\/\/rioonwatch.org.br\/wp-content\/uploads\/2023\/07\/A-Ucrania-e-aqui-demolicoes-das-casas-lembram-cenario-de-guerra.-Foto-Fabio-Leon-620x465.jpg 620w, https:\/\/rioonwatch.org.br\/wp-content\/uploads\/2023\/07\/A-Ucrania-e-aqui-demolicoes-das-casas-lembram-cenario-de-guerra.-Foto-Fabio-Leon-839x629.jpg 839w, https:\/\/rioonwatch.org.br\/wp-content\/uploads\/2023\/07\/A-Ucrania-e-aqui-demolicoes-das-casas-lembram-cenario-de-guerra.-Foto-Fabio-Leon-678x509.jpg 678w, https:\/\/rioonwatch.org.br\/wp-content\/uploads\/2023\/07\/A-Ucrania-e-aqui-demolicoes-das-casas-lembram-cenario-de-guerra.-Foto-Fabio-Leon-326x245.jpg 326w, https:\/\/rioonwatch.org.br\/wp-content\/uploads\/2023\/07\/A-Ucrania-e-aqui-demolicoes-das-casas-lembram-cenario-de-guerra.-Foto-Fabio-Leon-80x60.jpg 80w\" sizes=\"(max-width: 2560px) 100vw, 2560px\" \/><figcaption id=\"caption-attachment-69680\" class=\"wp-caption-text\">A Ucr\u00e2nia \u00e9 aqui. Demoli\u00e7\u00f5es das casas lembram cen\u00e1rio de guerra. Foto: Fabio Leon<\/figcaption><\/figure>\n<p><span style=\"font-weight: 400;\">Dois meses depois, na <a href=\"https:\/\/bit.ly\/3Omqds7\" target=\"_blank\" rel=\"noopener\">noite de Natal de 2020<\/a>, a cidade foi atingida por fortes chuvas. Cinco bairros, Santa Cruz da Serra, <a href=\"https:\/\/bit.ly\/3K4LIv1\" target=\"_blank\" rel=\"noopener\">Xer\u00e9m<\/a>, <a href=\"https:\/\/bit.ly\/3pNq4EJ\" target=\"_blank\" rel=\"noopener\">Parada Morabi<\/a>, Morabi 2 e <a href=\"https:\/\/bit.ly\/44TuwQS\" target=\"_blank\" rel=\"noopener\">Imbari\u00ea<\/a>, ficaram debaixo d&#8217;\u00e1gua. O fen\u00f4meno clim\u00e1tico apresentou <a href=\"https:\/\/bit.ly\/3PAZ5GK\" target=\"_blank\" rel=\"noopener\">\u00edndices pluviom\u00e9tricos assustadores<\/a>, embora ocorressem com pouca densidade no centro de Duque de Caxias. Pouco mais de duas semanas depois, em 14 de janeiro de 2021, 58 fam\u00edlias foram pegas de surpresa com um aviso de despejo enviado pela prefeitura de Caxias. Moradores relataram que autoridades municipais foram \u00e0s suas casas ordenando que todos deveriam deixar seus lares, de modo a reduzir os impactos das enchentes na regi\u00e3o.<\/span><\/p>\n<h3>Indeniza\u00e7\u00f5es Injustas e Especula\u00e7\u00e3o Imobili\u00e1ria<\/h3>\n<p><span style=\"font-weight: 400;\">Entre uma demoli\u00e7\u00e3o e outra, que j\u00e1 derrubou, at\u00e9 o momento, cerca de 150 moradias, h\u00e1 diversos contratempos e acordos provis\u00f3rios protagonizados pela prefeitura. Isso gera uma situa\u00e7\u00e3o de inseguran\u00e7a e tens\u00e3o no local. No in\u00edcio do processo que a prefeitura de Duque de Caxias chama de \u201cdesfaveliza\u00e7\u00e3o\u201d, o munic\u00edpio chegou a oferecer apenas tr\u00eas meses de aluguel social aos moradores, com parcelas no valor de meio sal\u00e1rio m\u00ednimo (R$660) cada. A dura\u00e7\u00e3o do benef\u00edcio foi estendida pelo tempo que durar a obra, gra\u00e7as \u00e0 interven\u00e7\u00e3o da <a href=\"https:\/\/bit.ly\/2F6okiw\" target=\"_blank\" rel=\"noopener\">Defensoria P\u00fablica<\/a>, que considerou a negocia\u00e7\u00e3o inconstitucional do jeito que estava sendo feita pelo governo de Caxias.\u00a0<\/span><\/p>\n<figure id=\"attachment_69634\" aria-describedby=\"caption-attachment-69634\" style=\"width: 500px\" class=\"wp-caption alignright\"><img loading=\"lazy\" decoding=\"async\" class=\"wp-image-69634\" title=\"Cal\u00e7ad\u00e3o Duque de Caxias, na Avenida Nilo Pe\u00e7anha, no Centro da cidade. Foto: Teteu-wiki\" src=\"https:\/\/rioonwatch.org.br\/wp-content\/uploads\/2023\/07\/Calcadao-Duque-de-Caxias-na-Avenida-Nilo-Pecanha-no-Centro-da-cidade.-Foto-Teteu-wiki.jpg\" alt=\"Cal\u00e7ad\u00e3o Duque de Caxias, na Avenida Nilo Pe\u00e7anha, no Centro da cidade. Foto: Teteu-wiki\" width=\"500\" height=\"281\" srcset=\"https:\/\/rioonwatch.org.br\/wp-content\/uploads\/2023\/07\/Calcadao-Duque-de-Caxias-na-Avenida-Nilo-Pecanha-no-Centro-da-cidade.-Foto-Teteu-wiki.jpg 2560w, https:\/\/rioonwatch.org.br\/wp-content\/uploads\/2023\/07\/Calcadao-Duque-de-Caxias-na-Avenida-Nilo-Pecanha-no-Centro-da-cidade.-Foto-Teteu-wiki-620x349.jpg 620w, https:\/\/rioonwatch.org.br\/wp-content\/uploads\/2023\/07\/Calcadao-Duque-de-Caxias-na-Avenida-Nilo-Pecanha-no-Centro-da-cidade.-Foto-Teteu-wiki-1118x629.jpg 1118w\" sizes=\"(max-width: 500px) 100vw, 500px\" \/><figcaption id=\"caption-attachment-69634\" class=\"wp-caption-text\">Cal\u00e7ad\u00e3o Duque de Caxias, na Avenida Nilo Pe\u00e7anha, no Centro da cidade. Foto: Teteu-wiki<\/figcaption><\/figure>\n<p>A Favela do Lix\u00e3o fica bem pr\u00f3xima a um importante centro comercial da cidade, o <a href=\"https:\/\/bit.ly\/44vCnEw\" target=\"_blank\" rel=\"noopener\">Cal\u00e7ad\u00e3o de Caxias<\/a>, de um hipermercado e de uma rodovi\u00e1ria intermunicipal. Segundo o site da Secretaria Municipal de Urbanismo e Habita\u00e7\u00e3o (<a href=\"https:\/\/bit.ly\/3CS7oGE\" target=\"_blank\" rel=\"noopener\">SHU<\/a>), o <a href=\"https:\/\/bit.ly\/3CS7oGE\" target=\"_blank\" rel=\"noopener\">objetivo<\/a> \u00e9 oferecer \u201cum novo projeto de habita\u00e7\u00e3o, com moradias dignas e a garantia de acesso a servi\u00e7os p\u00fablicos essenciais \u00e0 popula\u00e7\u00e3o\u201d, como a constru\u00e7\u00e3o de uma creche, uma escola, uma \u00e1rea de lazer, al\u00e9m de uma unidade b\u00e1sica de sa\u00fade. Por\u00e9m, \u00e9 vis\u00edvel que a localiza\u00e7\u00e3o da favela \u00e9 \u00f3tima para o capital imobili\u00e1rio.<\/p>\n<p><span style=\"font-weight: 400;\">O poder p\u00fablico local afirma que a Favela do Lix\u00e3o \u00e9 uma invas\u00e3o, j\u00e1 que toda a regi\u00e3o supostamente pertenceria \u00e0 Marinha do Brasil. Isso vem sendo usado como justificativa para as desapropria\u00e7\u00f5es a toque de caixa. Entretanto, gest\u00f5es municipais anteriores, nos \u00faltimos 40 anos, n\u00e3o impediram que os moradores estruturassem o local. A decis\u00e3o de retirar os moradores \u00e9 vista como hipocrisia, como afirma Rose Silva, uma l\u00edder comunit\u00e1ria da regi\u00e3o.<\/span><\/p>\n<blockquote><p><span style=\"font-weight: 400;\">\u201cIsso aqui h\u00e1 40 anos era tudo brejo! [Fomos] n\u00f3s que aterramos tudo. Depois, [gest\u00f5es da prefeitura] colocaram asfalto, poste e luz. Tem uma escola municipal aqui! Como \u00e9 que depois desse tempo todo, a prefeitura tem coragem de dizer que isso aqui \u00e9 uma invas\u00e3o?\u201d \u2014 Rose Silva<\/span><\/p><\/blockquote>\n<p>Nesta primeira etapa, ainda segundo o site da SHU, est\u00e1 sendo realizado o cadastramento e a transfer\u00eancia de 800 fam\u00edlias atrav\u00e9s da oferta de tr\u00eas op\u00e7\u00f5es. A primeira \u00e9 uma permuta em que a fam\u00edlia troca o seu im\u00f3vel por um apartamento no futuro conjunto que ser\u00e1 constru\u00eddo no local. Enquanto o condom\u00ednio n\u00e3o fica pronto, os familiares receber\u00e3o um aluguel social para residir temporariamente em outro ponto. A segunda op\u00e7\u00e3o \u00e9 o pagamento do valor avaliado pelas edifica\u00e7\u00f5es e demais benfeitorias que os moradores constru\u00edram e ocupam. A terceira op\u00e7\u00e3o \u00e9 a chamada compra assistida: o morador da comunidade encontra um im\u00f3vel que esteja \u00e0 venda, com carater\u00edsticas semelhantes ao que ele ocupa. A prefeitura compra esse im\u00f3vel e o oferece, em permuta, ao morador pela resid\u00eancia em que ele vive.<\/p>\n<p>Isso dito, a cada uma dessas etapas, h\u00e1 <a href=\"https:\/\/bit.ly\/3B9tTFN\" target=\"_blank\" rel=\"noopener\">conflito de interesses<\/a> e <a href=\"https:\/\/bit.ly\/2YIZVER\" target=\"_blank\" rel=\"noopener\">desinforma\u00e7\u00e3o<\/a>. No caso da segunda, por exemplo, o problema est\u00e1 na <a href=\"https:\/\/bit.ly\/4494jhN\" target=\"_blank\" rel=\"noopener\">desproporcionalidade do valor ofertado<\/a> e o per\u00edmetro das edifica\u00e7\u00f5es e benfeitorias. Al\u00e9m disso, alguns est\u00e3o aceitando se deslocar para localidades muito distantes, em outros <a href=\"https:\/\/bit.ly\/44PQOTQ\" target=\"_blank\" rel=\"noopener\">distritos de Duque de Caxias<\/a>, como Santa Cruz da Serra ou Imbari\u00ea, de acordo com o relato da ativista e moradora Gl\u00e1ucia Quirino.<\/p>\n<blockquote><p>\u201cAqui na favela, n\u00e3o tem s\u00f3 moradia miser\u00e1vel, n\u00e3o! A prefeitura quer pagar o mesmo valor para casas que s\u00e3o um pouco melhores, que t\u00eam parede ou piso revestido de porcelanato, por exemplo, que \u00e9 um material mais caro, ou que t\u00eam blindex de vidro, ou que tenham dois ou mais andares. S\u00e3o casas que, \u00e0s vezes, t\u00eam 100<span style=\"font-weight: 400;\">m\u00b2<\/span>, mas s\u00f3 querem dar R$800 por metro quadrado como indeniza\u00e7\u00e3o, quando o valor da casa, na verdade, pode chegar a R$100.000. Os fiscais da prefeitura afirmam que, depois que os moradores souberam dos pre\u00e7os, est\u00e3o aumentando o tamanho das resid\u00eancias para ver se faturam mais. Al\u00e9m disso, os apartamentos que eles querem oferecer pra gente morar aqui s\u00e3o de 42<span style=\"font-weight: 400;\">m\u00b2<\/span>. Eu moro numa casa que tem o dobro do tamanho. Tudo isso \u00e9 um absurdo.\u201d \u2014 Gl\u00e1ucia Quirino<\/p><\/blockquote>\n<figure id=\"attachment_69681\" aria-describedby=\"caption-attachment-69681\" style=\"width: 2560px\" class=\"wp-caption aligncenter\"><img loading=\"lazy\" decoding=\"async\" class=\"wp-image-69681 size-full\" title=\"Qualquer extens\u00e3o de obra \u00e9 interpretada pelos fiscais da prefeitura como uma estrat\u00e9gia para sobrevalorizar as indeniza\u00e7\u00f5es sobre as resid\u00eancias. Foto: Fabio Leon\" src=\"https:\/\/rioonwatch.org.br\/wp-content\/uploads\/2023\/07\/Qualquer-extensao-de-obra-e-interpretada-pelos-fiscais-da-prefeitura-como-uma-estrategia-para-sobrevalorizar-as-indenizacoes-sobre-as-residencias.-Foto-Fabio-Leon-scaled.jpg\" alt=\"Qualquer extens\u00e3o de obra \u00e9 interpretada pelos fiscais da prefeitura como uma estrat\u00e9gia para sobrevalorizar as indeniza\u00e7\u00f5es sobre as resid\u00eancias. Foto: Fabio Leon\" width=\"2560\" height=\"1920\" srcset=\"https:\/\/rioonwatch.org.br\/wp-content\/uploads\/2023\/07\/Qualquer-extensao-de-obra-e-interpretada-pelos-fiscais-da-prefeitura-como-uma-estrategia-para-sobrevalorizar-as-indenizacoes-sobre-as-residencias.-Foto-Fabio-Leon-scaled.jpg 2560w, https:\/\/rioonwatch.org.br\/wp-content\/uploads\/2023\/07\/Qualquer-extensao-de-obra-e-interpretada-pelos-fiscais-da-prefeitura-como-uma-estrategia-para-sobrevalorizar-as-indenizacoes-sobre-as-residencias.-Foto-Fabio-Leon-620x465.jpg 620w, https:\/\/rioonwatch.org.br\/wp-content\/uploads\/2023\/07\/Qualquer-extensao-de-obra-e-interpretada-pelos-fiscais-da-prefeitura-como-uma-estrategia-para-sobrevalorizar-as-indenizacoes-sobre-as-residencias.-Foto-Fabio-Leon-839x629.jpg 839w, https:\/\/rioonwatch.org.br\/wp-content\/uploads\/2023\/07\/Qualquer-extensao-de-obra-e-interpretada-pelos-fiscais-da-prefeitura-como-uma-estrategia-para-sobrevalorizar-as-indenizacoes-sobre-as-residencias.-Foto-Fabio-Leon-678x509.jpg 678w, https:\/\/rioonwatch.org.br\/wp-content\/uploads\/2023\/07\/Qualquer-extensao-de-obra-e-interpretada-pelos-fiscais-da-prefeitura-como-uma-estrategia-para-sobrevalorizar-as-indenizacoes-sobre-as-residencias.-Foto-Fabio-Leon-326x245.jpg 326w, https:\/\/rioonwatch.org.br\/wp-content\/uploads\/2023\/07\/Qualquer-extensao-de-obra-e-interpretada-pelos-fiscais-da-prefeitura-como-uma-estrategia-para-sobrevalorizar-as-indenizacoes-sobre-as-residencias.-Foto-Fabio-Leon-80x60.jpg 80w\" sizes=\"(max-width: 2560px) 100vw, 2560px\" \/><figcaption id=\"caption-attachment-69681\" class=\"wp-caption-text\">Qualquer investimento em obra \u00e9 interpretada pelos fiscais da prefeitura como uma estrat\u00e9gia para sobrevalorizar as indeniza\u00e7\u00f5es sobre as resid\u00eancias. Foto: Fabio Leon<\/figcaption><\/figure>\n<p style=\"font-weight: 400;\">Outro exemplo da inseguran\u00e7a patrimonial que paira sobre os moradores do Lix\u00e3o, em fun\u00e7\u00e3o dos desmandos da prefeitura de Duque de Caxias, \u00e9 vivenciado cotidianamente pela costureira Maria Neide. Ela tamb\u00e9m fez parte da primeira gera\u00e7\u00e3o que fundou e ergueu a favela, h\u00e1 mais de 40 anos. A casa onde ela mora agora disp\u00f5e de um segundo andar, rec\u00e9m-constru\u00eddo ap\u00f3s anos de labuta. Entretanto, os fiscais da prefeitura interpretaram que a obra foi conclu\u00edda \u00e0s pressas para que a moradia tivesse um reajuste maior no valor da indeniza\u00e7\u00e3o. Segundo seus c\u00e1lculos, a casa deveria ser avaliada em R$150.000, mas a prefeitura quer fechar a compra por R$52.000. Ela tamb\u00e9m <a href=\"https:\/\/bit.ly\/3B1Tq23\" target=\"_blank\" rel=\"noopener\">foi coagida<\/a> a se mudar para o bairro Santa Cruz da Serra, mas afirmou que, como sua m\u00e3e \u00e9 idosa e est\u00e1 doente, precisando de sua ajuda, e tamb\u00e9m mora no Lix\u00e3o, ela n\u00e3o se sentiria confort\u00e1vel de sair de sua comunidade para morar t\u00e3o longe.<\/p>\n<blockquote>\n<p style=\"font-weight: 400;\">\u201cEu paguei com muito suor cada tijolo daqui. Tudo era mangue. Eu n\u00e3o posso sair daqui porque eu tenho uma m\u00e3e que j\u00e1 t\u00e1 com 91 anos e preciso estar com ela dois dias na semana pra cuidar dela, dar os rem\u00e9dios. Morar longe daqui s\u00f3 vai me dificultar a vida.\u201d <span style=\"font-weight: 400;\">\u2014 <\/span>Maria Neide<\/p>\n<\/blockquote>\n<figure id=\"attachment_69679\" aria-describedby=\"caption-attachment-69679\" style=\"width: 2560px\" class=\"wp-caption aligncenter\"><img loading=\"lazy\" decoding=\"async\" class=\"wp-image-69679 size-full\" title=\"Dona Maria Neide \u00e9 costureira ajudou a erguer a favela, h\u00e1 mais de 40 anos, e, hoje, est\u00e1 sendo coagida a vender sua casa por 3 vezes menos do que vale e a se mudar para longe pela Prefeitura de Caxias. Foto: Fabio Leon\" src=\"https:\/\/rioonwatch.org.br\/wp-content\/uploads\/2023\/07\/Dona-Maria-Neide-e-costureira-ajudou-a-erguer-a-favela-ha-mais-de-40-anos-scaled.jpg\" alt=\"Dona Maria Neide \u00e9 costureira ajudou a erguer a favela, h\u00e1 mais de 40 anos, e, hoje, est\u00e1 sendo coagida a vender sua casa por 3 vezes menos do que vale e a se mudar para longe pela Prefeitura de Caxias. Foto: Fabio Leon\" width=\"2560\" height=\"1920\" srcset=\"https:\/\/rioonwatch.org.br\/wp-content\/uploads\/2023\/07\/Dona-Maria-Neide-e-costureira-ajudou-a-erguer-a-favela-ha-mais-de-40-anos-scaled.jpg 2560w, https:\/\/rioonwatch.org.br\/wp-content\/uploads\/2023\/07\/Dona-Maria-Neide-e-costureira-ajudou-a-erguer-a-favela-ha-mais-de-40-anos-620x465.jpg 620w, https:\/\/rioonwatch.org.br\/wp-content\/uploads\/2023\/07\/Dona-Maria-Neide-e-costureira-ajudou-a-erguer-a-favela-ha-mais-de-40-anos-839x629.jpg 839w, https:\/\/rioonwatch.org.br\/wp-content\/uploads\/2023\/07\/Dona-Maria-Neide-e-costureira-ajudou-a-erguer-a-favela-ha-mais-de-40-anos-678x509.jpg 678w, https:\/\/rioonwatch.org.br\/wp-content\/uploads\/2023\/07\/Dona-Maria-Neide-e-costureira-ajudou-a-erguer-a-favela-ha-mais-de-40-anos-326x245.jpg 326w, https:\/\/rioonwatch.org.br\/wp-content\/uploads\/2023\/07\/Dona-Maria-Neide-e-costureira-ajudou-a-erguer-a-favela-ha-mais-de-40-anos-80x60.jpg 80w\" sizes=\"(max-width: 2560px) 100vw, 2560px\" \/><figcaption id=\"caption-attachment-69679\" class=\"wp-caption-text\">Dona Maria Neide \u00e9 costureira e ajudou a erguer a favela, h\u00e1 mais de 40 anos. Hoje, est\u00e1 sendo coagida a vender sua casa por tr\u00eas vezes menos do que vale e a se mudar para longe pela Prefeitura de Caxias. Foto: Fabio Leon<\/figcaption><\/figure>\n<p><span style=\"font-weight: 400;\">Nem o com\u00e9rcio local, que funciona no entorno da favela, escapou das investidas da prefeitura. Diego Tom\u00e1s Fortes tem uma pequena loja de material de constru\u00e7\u00e3o na Rua Piratini, que contorna a comunidade. Ele diz que o valor oferecido pela prefeitura n\u00e3o chega nem perto do que ele gastou ao comprar o im\u00f3vel h\u00e1 um tempo. Nenhuma reuni\u00e3o com o secret\u00e1rio de obras foi realizada. Ele afirma que teve uma conversa com um \u201crepresentante da prefeitura\u201d, h\u00e1 cerca de um m\u00eas. Segundo o comerciante, ele j\u00e1 foi \u201cdecretando os valores\u201d, que est\u00e3o sendo oferecidos para todos os comerciantes. Ningu\u00e9m aceitou, por serem valores injustos.<\/span><\/p>\n<blockquote><p>\u201cEu paguei R$120.000 pela loja, construindo ela do zero. Mas a prefeitura quer arrendar por menos da metade, em torno de R$50.000. Isso \u00e9 completamente desrespeitoso com a gente. Eles criaram esses valores baseado numa tabela que s\u00f3 eles t\u00eam.\u201d \u2014 Diego <span style=\"font-weight: 400;\">Tom\u00e1s Fortes<\/span><\/p><\/blockquote>\n<figure id=\"attachment_69677\" aria-describedby=\"caption-attachment-69677\" style=\"width: 2560px\" class=\"wp-caption aligncenter\"><img loading=\"lazy\" decoding=\"async\" class=\"wp-image-69677 size-full\" title=\"Com\u00e9rcio da Rua Piratini, no entorno da comunidade propriet\u00e1rios coagidos a se retirar. Foto: Fabio Leon\" src=\"https:\/\/rioonwatch.org.br\/wp-content\/uploads\/2023\/07\/Comercio-da-Rua-Piratini-no-entorno-da-comunidade-proprietarios-coagidos-a-se-retirar.-Foto-Fabio-Leon-scaled.jpg\" alt=\"Com\u00e9rcio da Rua Piratini, no entorno da comunidade propriet\u00e1rios coagidos a se retirar. Foto: Fabio Leon\" width=\"2560\" height=\"1920\" srcset=\"https:\/\/rioonwatch.org.br\/wp-content\/uploads\/2023\/07\/Comercio-da-Rua-Piratini-no-entorno-da-comunidade-proprietarios-coagidos-a-se-retirar.-Foto-Fabio-Leon-scaled.jpg 2560w, https:\/\/rioonwatch.org.br\/wp-content\/uploads\/2023\/07\/Comercio-da-Rua-Piratini-no-entorno-da-comunidade-proprietarios-coagidos-a-se-retirar.-Foto-Fabio-Leon-620x465.jpg 620w, https:\/\/rioonwatch.org.br\/wp-content\/uploads\/2023\/07\/Comercio-da-Rua-Piratini-no-entorno-da-comunidade-proprietarios-coagidos-a-se-retirar.-Foto-Fabio-Leon-839x629.jpg 839w, https:\/\/rioonwatch.org.br\/wp-content\/uploads\/2023\/07\/Comercio-da-Rua-Piratini-no-entorno-da-comunidade-proprietarios-coagidos-a-se-retirar.-Foto-Fabio-Leon-678x509.jpg 678w, https:\/\/rioonwatch.org.br\/wp-content\/uploads\/2023\/07\/Comercio-da-Rua-Piratini-no-entorno-da-comunidade-proprietarios-coagidos-a-se-retirar.-Foto-Fabio-Leon-326x245.jpg 326w, https:\/\/rioonwatch.org.br\/wp-content\/uploads\/2023\/07\/Comercio-da-Rua-Piratini-no-entorno-da-comunidade-proprietarios-coagidos-a-se-retirar.-Foto-Fabio-Leon-80x60.jpg 80w\" sizes=\"(max-width: 2560px) 100vw, 2560px\" \/><figcaption id=\"caption-attachment-69677\" class=\"wp-caption-text\">Com\u00e9rcio da Rua Piratini, no entorno da comunidade, onde propriet\u00e1rios est\u00e3o sendo coagidos a se retirar. Foto: Fabio Leon<\/figcaption><\/figure>\n<p>Segundo o <a href=\"https:\/\/bit.ly\/42YGKX3\" target=\"_blank\" rel=\"noopener\">portal <em>Pacto RJ<\/em><\/a>, uma esp\u00e9cie de vers\u00e3o estadual do <a href=\"https:\/\/bit.ly\/3rGlzfK\" target=\"_blank\" rel=\"noopener\">Portal da Transpar\u00eancia<\/a>, onde est\u00e3o disponibilizadas as informa\u00e7\u00f5es de todas as etapas da constru\u00e7\u00e3o, ser\u00e3o erguidas na Favela do Lix\u00e3o <a href=\"https:\/\/bit.ly\/42YGKX3\" target=\"_blank\" rel=\"noopener\">423 unidades habitacionais e 12 unidades comerciais<\/a>, ao custo de <a href=\"https:\/\/bit.ly\/42YGKX3\" target=\"_blank\" rel=\"noopener\">quase R$62 milh\u00f5es<\/a>. Os servi\u00e7os compreendem canteiro de obras, movimento de terra, transporte, galerias, drenos e conex\u00f5es, funda\u00e7\u00f5es, estrutura, alvenarias, etc. \u00c0s margens do <a href=\"https:\/\/bit.ly\/443UNMk\" target=\"_blank\" rel=\"noopener\">Canal Caboclo<\/a>, ser\u00e3o canalizados <a href=\"https:\/\/bit.ly\/443UNMk\" target=\"_blank\" rel=\"noopener\">2.260 metros<\/a>, no trecho da <a href=\"https:\/\/bit.ly\/2HvI90V\" target=\"_blank\" rel=\"noopener\">Linha Vermelha<\/a> at\u00e9 o bairro Trezentos, na divisa com <a href=\"https:\/\/bit.ly\/2ma11KL\" target=\"_blank\" rel=\"noopener\">S\u00e3o Jo\u00e3o de Meriti<\/a>.<\/p>\n<figure id=\"attachment_69682\" aria-describedby=\"caption-attachment-69682\" style=\"width: 1600px\" class=\"wp-caption aligncenter\"><img loading=\"lazy\" decoding=\"async\" class=\"wp-image-69682 size-full\" title=\"Localidade do Lix\u00e3o conhecida como Beira-Beira, \u00e0s margens da Linha Vermelha. Foto: Fabio Leon\" src=\"https:\/\/rioonwatch.org.br\/wp-content\/uploads\/2023\/07\/Localidade-do-Lixao-conhecida-como-Beira-Beira-as-margens-da-Linha-Vermelha.-Foto-Fabio-Leon.jpeg\" alt=\"Localidade do Lix\u00e3o conhecida como Beira-Beira, \u00e0s margens da Linha Vermelha. Foto: Fabio Leon\" width=\"1600\" height=\"1200\" srcset=\"https:\/\/rioonwatch.org.br\/wp-content\/uploads\/2023\/07\/Localidade-do-Lixao-conhecida-como-Beira-Beira-as-margens-da-Linha-Vermelha.-Foto-Fabio-Leon.jpeg 1600w, https:\/\/rioonwatch.org.br\/wp-content\/uploads\/2023\/07\/Localidade-do-Lixao-conhecida-como-Beira-Beira-as-margens-da-Linha-Vermelha.-Foto-Fabio-Leon-620x465.jpeg 620w, https:\/\/rioonwatch.org.br\/wp-content\/uploads\/2023\/07\/Localidade-do-Lixao-conhecida-como-Beira-Beira-as-margens-da-Linha-Vermelha.-Foto-Fabio-Leon-839x629.jpeg 839w, https:\/\/rioonwatch.org.br\/wp-content\/uploads\/2023\/07\/Localidade-do-Lixao-conhecida-como-Beira-Beira-as-margens-da-Linha-Vermelha.-Foto-Fabio-Leon-678x509.jpeg 678w, https:\/\/rioonwatch.org.br\/wp-content\/uploads\/2023\/07\/Localidade-do-Lixao-conhecida-como-Beira-Beira-as-margens-da-Linha-Vermelha.-Foto-Fabio-Leon-326x245.jpeg 326w, https:\/\/rioonwatch.org.br\/wp-content\/uploads\/2023\/07\/Localidade-do-Lixao-conhecida-como-Beira-Beira-as-margens-da-Linha-Vermelha.-Foto-Fabio-Leon-80x60.jpeg 80w\" sizes=\"(max-width: 1600px) 100vw, 1600px\" \/><figcaption id=\"caption-attachment-69682\" class=\"wp-caption-text\">Localidade do Lix\u00e3o conhecida como Beira-Beira, \u00e0s margens da Linha Vermelha. Foto: Fabio Leon<\/figcaption><\/figure>\n<p style=\"font-weight: 400;\">Os moradores temem que o que est\u00e1 acontecendo na Favela do Lix\u00e3o \u00e9 a\u00a0<a href=\"https:\/\/bit.ly\/2wYNOXe\" target=\"_blank\" rel=\"noopener\">gentrifica\u00e7\u00e3o<\/a>, termo que designa o processo de segrega\u00e7\u00e3o vivenciado em \u00e1reas urbanas, caracterizado pela valoriza\u00e7\u00e3o acentuada de determinada \u00e1rea, que culmina na sa\u00edda de moradores antigos em raz\u00e3o do aumento local do custo de vida. Isso geralmente ocorre quando investidores, desenvolvedores e moradores mais ricos come\u00e7am a se interessar por \u00e1reas antes negligenciadas pelo poder p\u00fablico e ocupadas por setores populares.<\/p>\n<p style=\"font-weight: 400;\">\u00c0 medida em que esses investimentos aumentam, ocorrem melhorias na infraestrutura, nos servi\u00e7os e no com\u00e9rcio, e a \u00e1rea passa a ser considerada mais atraente e, assim, os pre\u00e7os dos im\u00f3veis e dos alugu\u00e9is aumentam. A ideia \u00e9 vendida como revitaliza\u00e7\u00e3o de \u00e1reas degradadas trazendo melhorias na infraestrutura, no saneamento b\u00e1sico, na seguran\u00e7a e no acesso a servi\u00e7os p\u00fablicos, al\u00e9m de valorizar o patrim\u00f4nio imobili\u00e1rio local. No entanto, essa transforma\u00e7\u00e3o leva ao deslocamento das popula\u00e7\u00f5es de baixa renda, que j\u00e1 viviam nessas \u00e1reas, que deveriam ser os benefici\u00e1rios de qualquer investimento no local. Muitas vezes, essas comunidades s\u00e3o for\u00e7adas a se deslocar para regi\u00f5es mais afastadas da cidade, com menos infraestrutura, resultando em perda de v\u00ednculos sociais, o aumento da desigualdade e dificuldades de acesso a servi\u00e7os b\u00e1sicos.<\/p>\n<figure id=\"attachment_69676\" aria-describedby=\"caption-attachment-69676\" style=\"width: 1600px\" class=\"wp-caption aligncenter\"><img loading=\"lazy\" decoding=\"async\" class=\"wp-image-69676 size-full\" title=\"Cartaz da parceria p\u00fablico-privada oficializando a gentrifica\u00e7\u00e3o da Favela do Lix\u00e3o. Foto: Fabio Leon\" src=\"https:\/\/rioonwatch.org.br\/wp-content\/uploads\/2023\/07\/Cartaz-da-parceria-publico-privada-oficializando-a-gentrificacao-da-Favela-do-Lixao.-Foto-Fabio-Leon.jpeg\" alt=\"Cartaz da parceria p\u00fablico-privada oficializando a gentrifica\u00e7\u00e3o da Favela do Lix\u00e3o. Foto: Fabio Leon\" width=\"1600\" height=\"1200\" srcset=\"https:\/\/rioonwatch.org.br\/wp-content\/uploads\/2023\/07\/Cartaz-da-parceria-publico-privada-oficializando-a-gentrificacao-da-Favela-do-Lixao.-Foto-Fabio-Leon.jpeg 1600w, https:\/\/rioonwatch.org.br\/wp-content\/uploads\/2023\/07\/Cartaz-da-parceria-publico-privada-oficializando-a-gentrificacao-da-Favela-do-Lixao.-Foto-Fabio-Leon-620x465.jpeg 620w, https:\/\/rioonwatch.org.br\/wp-content\/uploads\/2023\/07\/Cartaz-da-parceria-publico-privada-oficializando-a-gentrificacao-da-Favela-do-Lixao.-Foto-Fabio-Leon-839x629.jpeg 839w, https:\/\/rioonwatch.org.br\/wp-content\/uploads\/2023\/07\/Cartaz-da-parceria-publico-privada-oficializando-a-gentrificacao-da-Favela-do-Lixao.-Foto-Fabio-Leon-678x509.jpeg 678w, https:\/\/rioonwatch.org.br\/wp-content\/uploads\/2023\/07\/Cartaz-da-parceria-publico-privada-oficializando-a-gentrificacao-da-Favela-do-Lixao.-Foto-Fabio-Leon-326x245.jpeg 326w, https:\/\/rioonwatch.org.br\/wp-content\/uploads\/2023\/07\/Cartaz-da-parceria-publico-privada-oficializando-a-gentrificacao-da-Favela-do-Lixao.-Foto-Fabio-Leon-80x60.jpeg 80w\" sizes=\"(max-width: 1600px) 100vw, 1600px\" \/><figcaption id=\"caption-attachment-69676\" class=\"wp-caption-text\">Cartaz da parceria p\u00fablico-privada oficializando o projeto de &#8216;desfaveliza\u00e7\u00e3o&#8217; da Favela do Lix\u00e3o. Foto: Fabio Leon<\/figcaption><\/figure>\n<p style=\"font-weight: 400;\">Um exemplo deste fen\u00f4meno acontece na <a href=\"https:\/\/bit.ly\/37DChjM\" target=\"_blank\" rel=\"noopener\">Regi\u00e3o Portu\u00e1ria<\/a> do Rio de Janeiro que, sob a justificativa da realiza\u00e7\u00e3o da <a href=\"https:\/\/glo.bo\/38e39Vi\" target=\"_blank\" rel=\"noopener\">Copa do Mundo de 2014<\/a> e das <a href=\"https:\/\/bit.ly\/3XpN2xi\" target=\"_blank\" rel=\"noopener\">Olimp\u00edadas de 2016<\/a>, passou por um amplo processo de revitaliza\u00e7\u00e3o que mudou a cara da regi\u00e3o. O <a href=\"https:\/\/bit.ly\/3827GtE\" target=\"_blank\" rel=\"noopener\">Porto Maravilha<\/a>, como foi nomeado o projeto, \u00e9 a maior <a href=\"https:\/\/bit.ly\/43Bou6H\" target=\"_blank\" rel=\"noopener\">parceria p\u00fablico-privada<\/a> da hist\u00f3ria do Brasil, com custo de mais de <a href=\"https:\/\/bit.ly\/44l2HAF\" target=\"_blank\" rel=\"noopener\">R$8 bilh\u00f5es<\/a>. O que se viu foi um projeto de interesse p\u00fablico sofrendo press\u00f5es do mercado imobili\u00e1rio, al\u00e9m de diversas promessas de contrapartidas sociais que nunca sa\u00edram do papel.<\/p>\n<p style=\"font-weight: 400;\">Se nada for feito, o risco \u00e9 grande deste ser o destino da Favela do Lix\u00e3o. Falta a prefeitura de Duque de Caxias ouvir os moradores e suas demandas para o territ\u00f3rio, sem amea\u00e7as ou imposi\u00e7\u00f5es. O munic\u00edpio ter\u00e1 que fazer uma escolha entre dois projetos de cidade: um que garante aos moradores a t\u00e3o prometida dignidade e infraestrutura, e outro que pode elitizar e embranquecer a regi\u00e3o, atrav\u00e9s de uma mudan\u00e7a demogr\u00e1fica do perfil dos moradores do territ\u00f3rio.<\/p>\n<p><em>Sobre o autor:\u00a0<a href=\"https:\/\/bit.ly\/2ZpPvyr\" target=\"_blank\" rel=\"noopener\">Fabio Leon<\/a>\u00a0\u00e9 jornalista, ativista dos direitos humanos e assessor de comunica\u00e7\u00e3o no\u00a0<a href=\"http:\/\/bit.ly\/2uOOkXZ\" target=\"_blank\" rel=\"noopener noreferrer\">F\u00f3rum Grita Baixada<\/a>.<\/em><\/p>\n<hr \/>\n<h4><b data-stringify-type=\"bold\">Apoie nossos esfor\u00e7os para fornecer apoio estrat\u00e9gico \u00e0s favelas do Rio, incluindo o jornalismo hiperlocal, cr\u00edtico, inovador e incans\u00e1vel do\u00a0<\/b><b data-stringify-type=\"bold\"><i data-stringify-type=\"italic\">RioOnWatch<\/i><\/b>\u2014<a class=\"c-link\" href=\"http:\/\/www.bit.ly\/ApoieROW\" target=\"_blank\" rel=\"noopener noreferrer\" data-stringify-link=\"http:\/\/www.bit.ly\/ApoieROW\" data-sk=\"tooltip_parent\">doe aqui<\/a>.<\/h4>\n<!-- AddThis Advanced Settings generic via filter on the_content --><!-- AddThis Share Buttons generic via filter on the_content -->","protected":false},"excerpt":{"rendered":"<div class=\"mh-excerpt\"><p>Click Here for English Esta mat\u00e9ria\u00a0faz parte de uma\u00a0s\u00e9rie\u00a0gerada por uma parceria com o\u00a0Digital Brazil Project\u00a0do\u00a0Centro Behner Stiefel de Estudos Brasileiros\u00a0da Universidade Estadual de San Diego na Calif\u00f3rnia, para produzir mat\u00e9rias sobre a quest\u00e3o da <a class=\"mh-excerpt-more\" href=\"https:\/\/rioonwatch.org.br\/?p=68935\" title=\"&#8216;Desfaveliza\u00e7\u00e3o&#8217; da Favela do Lix\u00e3o, em Duque de Caxias, Traz Debate Sobre Especula\u00e7\u00e3o Imobili\u00e1ria na Baixada Fluminense\">[&#8230;]<\/a><!-- AddThis Advanced Settings generic via filter on get_the_excerpt --><!-- AddThis Share Buttons generic via filter on get_the_excerpt --><\/p>\n<\/div>","protected":false},"author":179,"featured_media":69674,"comment_status":"closed","ping_status":"closed","sticky":false,"template":"template-full.php","format":"standard","meta":{"_acf_changed":false,"_monsterinsights_skip_tracking":false,"_monsterinsights_sitenote_active":false,"_monsterinsights_sitenote_note":"","_monsterinsights_sitenote_category":0,"footnotes":""},"categories":[1614,1621,346,1625],"tags":[959,3358,11,424,1091,396,3357,395,1372,752,505,3359,14,2693,1482,1367],"writer":[2177],"translator":[],"source":[],"ilustrador":[],"fotografo":[],"class_list":{"0":"post-68935","1":"post","2":"type-post","3":"status-publish","4":"format-standard","5":"has-post-thumbnail","7":"category-olhonasremocoes","8":"category-destaque","9":"category-denuncias","10":"category-por-correspondentes-comunitarios","11":"tag-baixada-fluminense","12":"tag-beira-beira","13":"tag-chuvas","14":"tag-direito-a-moradia","15":"tag-duque-de-caxias","16":"tag-especulacao-imobiliaria","17":"tag-favela-do-lixao","18":"tag-gentrificacao-remocao-branca","19":"tag-grande-rio","20":"tag-indenizacao-injusta","21":"tag-parceria-publico-privado","22":"tag-parque-vila-nova-caxias","23":"tag-remocao","24":"tag-serie-direitos-humanos-com-apoio-do-centro-behner-stiefel-da-sdsu","25":"tag-taticas-de-remocao-desinformacao","26":"tag-taticas-de-remocao-dividir-para-conquistar","27":"writer-fabio-leon"},"acf":[],"yoast_head":"<!-- This site is optimized with the Yoast SEO plugin v25.6 - https:\/\/yoast.com\/wordpress\/plugins\/seo\/ -->\n<title>&#039;Desfaveliza\u00e7\u00e3o&#039; da Favela do Lix\u00e3o, em Duque de Caxias, Traz Debate Sobre Especula\u00e7\u00e3o Imobili\u00e1ria na Baixada Fluminense - RioOnWatch<\/title>\n<meta name=\"robots\" content=\"index, follow, max-snippet:-1, max-image-preview:large, max-video-preview:-1\" \/>\n<link rel=\"canonical\" href=\"https:\/\/rioonwatch.org.br\/?p=68935\" \/>\n<meta property=\"og:locale\" content=\"pt_BR\" \/>\n<meta property=\"og:type\" content=\"article\" \/>\n<meta property=\"og:title\" content=\"&#039;Desfaveliza\u00e7\u00e3o&#039; da Favela do Lix\u00e3o, em Duque de Caxias, Traz Debate Sobre Especula\u00e7\u00e3o Imobili\u00e1ria na Baixada Fluminense - RioOnWatch\" \/>\n<meta property=\"og:description\" content=\"Click Here for English Esta mat\u00e9ria\u00a0faz parte de uma\u00a0s\u00e9rie\u00a0gerada por uma parceria com o\u00a0Digital Brazil Project\u00a0do\u00a0Centro Behner Stiefel de Estudos Brasileiros\u00a0da Universidade Estadual de San Diego na Calif\u00f3rnia, para produzir mat\u00e9rias sobre a quest\u00e3o da [...]\" \/>\n<meta property=\"og:url\" content=\"https:\/\/rioonwatch.org.br\/?p=68935\" \/>\n<meta property=\"og:site_name\" content=\"RioOnWatch\" \/>\n<meta property=\"article:published_time\" content=\"2023-08-20T21:03:37+00:00\" \/>\n<meta property=\"article:modified_time\" content=\"2023-09-14T14:09:32+00:00\" \/>\n<meta property=\"og:image\" content=\"https:\/\/rioonwatch.org.br\/wp-content\/uploads\/2023\/07\/Da-esquerda-para-direita-as-moradoras-e-ativistas-Glaucia-Quirino-Rose-Silva.-Foto-Fabio-Leon-scaled.jpg\" \/>\n\t<meta property=\"og:image:width\" content=\"2560\" \/>\n\t<meta property=\"og:image:height\" content=\"1920\" \/>\n\t<meta property=\"og:image:type\" content=\"image\/jpeg\" \/>\n<meta name=\"author\" content=\"Janaina Tavares\" \/>\n<meta name=\"twitter:card\" content=\"summary_large_image\" \/>\n<meta name=\"twitter:label1\" content=\"Escrito por\" \/>\n\t<meta name=\"twitter:data1\" content=\"Janaina Tavares\" \/>\n\t<meta name=\"twitter:label2\" content=\"Est. tempo de leitura\" \/>\n\t<meta name=\"twitter:data2\" content=\"14 minutos\" \/>\n<script type=\"application\/ld+json\" class=\"yoast-schema-graph\">{\"@context\":\"https:\/\/schema.org\",\"@graph\":[{\"@type\":\"Article\",\"@id\":\"https:\/\/rioonwatch.org.br\/?p=68935#article\",\"isPartOf\":{\"@id\":\"https:\/\/rioonwatch.org.br\/?p=68935\"},\"author\":{\"name\":\"Janaina Tavares\",\"@id\":\"https:\/\/rioonwatch.org.br\/#\/schema\/person\/feb227e5e7679aacc3d672e375cae1bd\"},\"headline\":\"&#8216;Desfaveliza\u00e7\u00e3o&#8217; da Favela do Lix\u00e3o, em Duque de Caxias, Traz Debate Sobre Especula\u00e7\u00e3o Imobili\u00e1ria na Baixada Fluminense\",\"datePublished\":\"2023-08-20T21:03:37+00:00\",\"dateModified\":\"2023-09-14T14:09:32+00:00\",\"mainEntityOfPage\":{\"@id\":\"https:\/\/rioonwatch.org.br\/?p=68935\"},\"wordCount\":2316,\"publisher\":{\"@id\":\"https:\/\/rioonwatch.org.br\/#organization\"},\"image\":{\"@id\":\"https:\/\/rioonwatch.org.br\/?p=68935#primaryimage\"},\"thumbnailUrl\":\"https:\/\/rioonwatch.org.br\/wp-content\/uploads\/2023\/07\/Da-esquerda-para-direita-as-moradoras-e-ativistas-Glaucia-Quirino-Rose-Silva.-Foto-Fabio-Leon-scaled.jpg\",\"keywords\":[\"Baixada Fluminense\",\"Beira-Beira\",\"chuvas\",\"Direito \u00e0 Moradia\",\"Duque de Caxias\",\"especula\u00e7\u00e3o imobili\u00e1ria\",\"Favela do Lix\u00e3o\",\"gentrifica\u00e7\u00e3o\",\"Grande Rio\",\"indeniza\u00e7\u00e3o injusta\",\"Parceria P\u00fablico-Privada\",\"Parque Vila Nova (Caxias)\",\"Remo\u00e7\u00e3o\",\"S\u00e9rie Apoiada pelo Centro Behner Stiefel\/SDSU\",\"T\u00e1ticas de remo\u00e7\u00e3o: desinforma\u00e7\u00e3o\",\"T\u00e1ticas de remo\u00e7\u00e3o: dividir para conquistar\"],\"articleSection\":[\"#OlhoNasRemo\u00e7\u00f5es\",\"*Destaque\",\"Den\u00fancias\",\"Escrito por Comunicadores Populares\"],\"inLanguage\":\"pt-BR\"},{\"@type\":\"WebPage\",\"@id\":\"https:\/\/rioonwatch.org.br\/?p=68935\",\"url\":\"https:\/\/rioonwatch.org.br\/?p=68935\",\"name\":\"'Desfaveliza\u00e7\u00e3o' da Favela do Lix\u00e3o, em Duque de Caxias, Traz Debate Sobre Especula\u00e7\u00e3o Imobili\u00e1ria na Baixada Fluminense - RioOnWatch\",\"isPartOf\":{\"@id\":\"https:\/\/rioonwatch.org.br\/#website\"},\"primaryImageOfPage\":{\"@id\":\"https:\/\/rioonwatch.org.br\/?p=68935#primaryimage\"},\"image\":{\"@id\":\"https:\/\/rioonwatch.org.br\/?p=68935#primaryimage\"},\"thumbnailUrl\":\"https:\/\/rioonwatch.org.br\/wp-content\/uploads\/2023\/07\/Da-esquerda-para-direita-as-moradoras-e-ativistas-Glaucia-Quirino-Rose-Silva.-Foto-Fabio-Leon-scaled.jpg\",\"datePublished\":\"2023-08-20T21:03:37+00:00\",\"dateModified\":\"2023-09-14T14:09:32+00:00\",\"breadcrumb\":{\"@id\":\"https:\/\/rioonwatch.org.br\/?p=68935#breadcrumb\"},\"inLanguage\":\"pt-BR\",\"potentialAction\":[{\"@type\":\"ReadAction\",\"target\":[\"https:\/\/rioonwatch.org.br\/?p=68935\"]}]},{\"@type\":\"ImageObject\",\"inLanguage\":\"pt-BR\",\"@id\":\"https:\/\/rioonwatch.org.br\/?p=68935#primaryimage\",\"url\":\"https:\/\/rioonwatch.org.br\/wp-content\/uploads\/2023\/07\/Da-esquerda-para-direita-as-moradoras-e-ativistas-Glaucia-Quirino-Rose-Silva.-Foto-Fabio-Leon-scaled.jpg\",\"contentUrl\":\"https:\/\/rioonwatch.org.br\/wp-content\/uploads\/2023\/07\/Da-esquerda-para-direita-as-moradoras-e-ativistas-Glaucia-Quirino-Rose-Silva.-Foto-Fabio-Leon-scaled.jpg\",\"width\":2560,\"height\":1920,\"caption\":\"Da esquerda para direita, as moradoras e ativistas Glaucia Quirino, Rose Silva. Foto: Fabio Leon\"},{\"@type\":\"BreadcrumbList\",\"@id\":\"https:\/\/rioonwatch.org.br\/?p=68935#breadcrumb\",\"itemListElement\":[{\"@type\":\"ListItem\",\"position\":1,\"name\":\"In\u00edcio\",\"item\":\"https:\/\/rioonwatch.org.br\/\"},{\"@type\":\"ListItem\",\"position\":2,\"name\":\"&#8216;Desfaveliza\u00e7\u00e3o&#8217; da Favela do Lix\u00e3o, em Duque de Caxias, Traz Debate Sobre Especula\u00e7\u00e3o Imobili\u00e1ria na Baixada Fluminense\"}]},{\"@type\":\"WebSite\",\"@id\":\"https:\/\/rioonwatch.org.br\/#website\",\"url\":\"https:\/\/rioonwatch.org.br\/\",\"name\":\"RioOnWatch\",\"description\":\"relatos das favelas cariocas\",\"publisher\":{\"@id\":\"https:\/\/rioonwatch.org.br\/#organization\"},\"potentialAction\":[{\"@type\":\"SearchAction\",\"target\":{\"@type\":\"EntryPoint\",\"urlTemplate\":\"https:\/\/rioonwatch.org.br\/?s={search_term_string}\"},\"query-input\":{\"@type\":\"PropertyValueSpecification\",\"valueRequired\":true,\"valueName\":\"search_term_string\"}}],\"inLanguage\":\"pt-BR\"},{\"@type\":\"Organization\",\"@id\":\"https:\/\/rioonwatch.org.br\/#organization\",\"name\":\"RioOnWatch\",\"url\":\"https:\/\/rioonwatch.org.br\/\",\"logo\":{\"@type\":\"ImageObject\",\"inLanguage\":\"pt-BR\",\"@id\":\"https:\/\/rioonwatch.org.br\/#\/schema\/logo\/image\/\",\"url\":\"https:\/\/rioonwatch.org.br\/wp-content\/uploads\/2021\/06\/RioOnWatchcabecalhoPT11anos-2.png\",\"contentUrl\":\"https:\/\/rioonwatch.org.br\/wp-content\/uploads\/2021\/06\/RioOnWatchcabecalhoPT11anos-2.png\",\"width\":779,\"height\":277,\"caption\":\"RioOnWatch\"},\"image\":{\"@id\":\"https:\/\/rioonwatch.org.br\/#\/schema\/logo\/image\/\"}},{\"@type\":\"Person\",\"@id\":\"https:\/\/rioonwatch.org.br\/#\/schema\/person\/feb227e5e7679aacc3d672e375cae1bd\",\"name\":\"Janaina Tavares\",\"image\":{\"@type\":\"ImageObject\",\"inLanguage\":\"pt-BR\",\"@id\":\"https:\/\/rioonwatch.org.br\/#\/schema\/person\/image\/\",\"url\":\"https:\/\/secure.gravatar.com\/avatar\/83bb5bb4f8b0c5ad63f35939640eaaa2?s=96&d=blank&r=g\",\"contentUrl\":\"https:\/\/secure.gravatar.com\/avatar\/83bb5bb4f8b0c5ad63f35939640eaaa2?s=96&d=blank&r=g\",\"caption\":\"Janaina Tavares\"},\"url\":\"https:\/\/rioonwatch.org.br\/?author=179\"}]}<\/script>\n<!-- \/ Yoast SEO plugin. -->","yoast_head_json":{"title":"'Desfaveliza\u00e7\u00e3o' da Favela do Lix\u00e3o, em Duque de Caxias, Traz Debate Sobre Especula\u00e7\u00e3o Imobili\u00e1ria na Baixada Fluminense - RioOnWatch","robots":{"index":"index","follow":"follow","max-snippet":"max-snippet:-1","max-image-preview":"max-image-preview:large","max-video-preview":"max-video-preview:-1"},"canonical":"https:\/\/rioonwatch.org.br\/?p=68935","og_locale":"pt_BR","og_type":"article","og_title":"'Desfaveliza\u00e7\u00e3o' da Favela do Lix\u00e3o, em Duque de Caxias, Traz Debate Sobre Especula\u00e7\u00e3o Imobili\u00e1ria na Baixada Fluminense - RioOnWatch","og_description":"Click Here for English Esta mat\u00e9ria\u00a0faz parte de uma\u00a0s\u00e9rie\u00a0gerada por uma parceria com o\u00a0Digital Brazil Project\u00a0do\u00a0Centro Behner Stiefel de Estudos Brasileiros\u00a0da Universidade Estadual de San Diego na Calif\u00f3rnia, para produzir mat\u00e9rias sobre a quest\u00e3o da [...]","og_url":"https:\/\/rioonwatch.org.br\/?p=68935","og_site_name":"RioOnWatch","article_published_time":"2023-08-20T21:03:37+00:00","article_modified_time":"2023-09-14T14:09:32+00:00","og_image":[{"width":2560,"height":1920,"url":"https:\/\/rioonwatch.org.br\/wp-content\/uploads\/2023\/07\/Da-esquerda-para-direita-as-moradoras-e-ativistas-Glaucia-Quirino-Rose-Silva.-Foto-Fabio-Leon-scaled.jpg","type":"image\/jpeg"}],"author":"Janaina Tavares","twitter_card":"summary_large_image","twitter_misc":{"Escrito por":"Janaina Tavares","Est. tempo de leitura":"14 minutos"},"schema":{"@context":"https:\/\/schema.org","@graph":[{"@type":"Article","@id":"https:\/\/rioonwatch.org.br\/?p=68935#article","isPartOf":{"@id":"https:\/\/rioonwatch.org.br\/?p=68935"},"author":{"name":"Janaina Tavares","@id":"https:\/\/rioonwatch.org.br\/#\/schema\/person\/feb227e5e7679aacc3d672e375cae1bd"},"headline":"&#8216;Desfaveliza\u00e7\u00e3o&#8217; da Favela do Lix\u00e3o, em Duque de Caxias, Traz Debate Sobre Especula\u00e7\u00e3o Imobili\u00e1ria na Baixada Fluminense","datePublished":"2023-08-20T21:03:37+00:00","dateModified":"2023-09-14T14:09:32+00:00","mainEntityOfPage":{"@id":"https:\/\/rioonwatch.org.br\/?p=68935"},"wordCount":2316,"publisher":{"@id":"https:\/\/rioonwatch.org.br\/#organization"},"image":{"@id":"https:\/\/rioonwatch.org.br\/?p=68935#primaryimage"},"thumbnailUrl":"https:\/\/rioonwatch.org.br\/wp-content\/uploads\/2023\/07\/Da-esquerda-para-direita-as-moradoras-e-ativistas-Glaucia-Quirino-Rose-Silva.-Foto-Fabio-Leon-scaled.jpg","keywords":["Baixada Fluminense","Beira-Beira","chuvas","Direito \u00e0 Moradia","Duque de Caxias","especula\u00e7\u00e3o imobili\u00e1ria","Favela do Lix\u00e3o","gentrifica\u00e7\u00e3o","Grande Rio","indeniza\u00e7\u00e3o injusta","Parceria P\u00fablico-Privada","Parque Vila Nova (Caxias)","Remo\u00e7\u00e3o","S\u00e9rie Apoiada pelo Centro Behner Stiefel\/SDSU","T\u00e1ticas de remo\u00e7\u00e3o: desinforma\u00e7\u00e3o","T\u00e1ticas de remo\u00e7\u00e3o: dividir para conquistar"],"articleSection":["#OlhoNasRemo\u00e7\u00f5es","*Destaque","Den\u00fancias","Escrito por Comunicadores Populares"],"inLanguage":"pt-BR"},{"@type":"WebPage","@id":"https:\/\/rioonwatch.org.br\/?p=68935","url":"https:\/\/rioonwatch.org.br\/?p=68935","name":"'Desfaveliza\u00e7\u00e3o' da Favela do Lix\u00e3o, em Duque de Caxias, Traz Debate Sobre Especula\u00e7\u00e3o Imobili\u00e1ria na Baixada Fluminense - RioOnWatch","isPartOf":{"@id":"https:\/\/rioonwatch.org.br\/#website"},"primaryImageOfPage":{"@id":"https:\/\/rioonwatch.org.br\/?p=68935#primaryimage"},"image":{"@id":"https:\/\/rioonwatch.org.br\/?p=68935#primaryimage"},"thumbnailUrl":"https:\/\/rioonwatch.org.br\/wp-content\/uploads\/2023\/07\/Da-esquerda-para-direita-as-moradoras-e-ativistas-Glaucia-Quirino-Rose-Silva.-Foto-Fabio-Leon-scaled.jpg","datePublished":"2023-08-20T21:03:37+00:00","dateModified":"2023-09-14T14:09:32+00:00","breadcrumb":{"@id":"https:\/\/rioonwatch.org.br\/?p=68935#breadcrumb"},"inLanguage":"pt-BR","potentialAction":[{"@type":"ReadAction","target":["https:\/\/rioonwatch.org.br\/?p=68935"]}]},{"@type":"ImageObject","inLanguage":"pt-BR","@id":"https:\/\/rioonwatch.org.br\/?p=68935#primaryimage","url":"https:\/\/rioonwatch.org.br\/wp-content\/uploads\/2023\/07\/Da-esquerda-para-direita-as-moradoras-e-ativistas-Glaucia-Quirino-Rose-Silva.-Foto-Fabio-Leon-scaled.jpg","contentUrl":"https:\/\/rioonwatch.org.br\/wp-content\/uploads\/2023\/07\/Da-esquerda-para-direita-as-moradoras-e-ativistas-Glaucia-Quirino-Rose-Silva.-Foto-Fabio-Leon-scaled.jpg","width":2560,"height":1920,"caption":"Da esquerda para direita, as moradoras e ativistas Glaucia Quirino, Rose Silva. Foto: Fabio Leon"},{"@type":"BreadcrumbList","@id":"https:\/\/rioonwatch.org.br\/?p=68935#breadcrumb","itemListElement":[{"@type":"ListItem","position":1,"name":"In\u00edcio","item":"https:\/\/rioonwatch.org.br\/"},{"@type":"ListItem","position":2,"name":"&#8216;Desfaveliza\u00e7\u00e3o&#8217; da Favela do Lix\u00e3o, em Duque de Caxias, Traz Debate Sobre Especula\u00e7\u00e3o Imobili\u00e1ria na Baixada Fluminense"}]},{"@type":"WebSite","@id":"https:\/\/rioonwatch.org.br\/#website","url":"https:\/\/rioonwatch.org.br\/","name":"RioOnWatch","description":"relatos das favelas cariocas","publisher":{"@id":"https:\/\/rioonwatch.org.br\/#organization"},"potentialAction":[{"@type":"SearchAction","target":{"@type":"EntryPoint","urlTemplate":"https:\/\/rioonwatch.org.br\/?s={search_term_string}"},"query-input":{"@type":"PropertyValueSpecification","valueRequired":true,"valueName":"search_term_string"}}],"inLanguage":"pt-BR"},{"@type":"Organization","@id":"https:\/\/rioonwatch.org.br\/#organization","name":"RioOnWatch","url":"https:\/\/rioonwatch.org.br\/","logo":{"@type":"ImageObject","inLanguage":"pt-BR","@id":"https:\/\/rioonwatch.org.br\/#\/schema\/logo\/image\/","url":"https:\/\/rioonwatch.org.br\/wp-content\/uploads\/2021\/06\/RioOnWatchcabecalhoPT11anos-2.png","contentUrl":"https:\/\/rioonwatch.org.br\/wp-content\/uploads\/2021\/06\/RioOnWatchcabecalhoPT11anos-2.png","width":779,"height":277,"caption":"RioOnWatch"},"image":{"@id":"https:\/\/rioonwatch.org.br\/#\/schema\/logo\/image\/"}},{"@type":"Person","@id":"https:\/\/rioonwatch.org.br\/#\/schema\/person\/feb227e5e7679aacc3d672e375cae1bd","name":"Janaina Tavares","image":{"@type":"ImageObject","inLanguage":"pt-BR","@id":"https:\/\/rioonwatch.org.br\/#\/schema\/person\/image\/","url":"https:\/\/secure.gravatar.com\/avatar\/83bb5bb4f8b0c5ad63f35939640eaaa2?s=96&d=blank&r=g","contentUrl":"https:\/\/secure.gravatar.com\/avatar\/83bb5bb4f8b0c5ad63f35939640eaaa2?s=96&d=blank&r=g","caption":"Janaina Tavares"},"url":"https:\/\/rioonwatch.org.br\/?author=179"}]}},"_links":{"self":[{"href":"https:\/\/rioonwatch.org.br\/index.php?rest_route=\/wp\/v2\/posts\/68935"}],"collection":[{"href":"https:\/\/rioonwatch.org.br\/index.php?rest_route=\/wp\/v2\/posts"}],"about":[{"href":"https:\/\/rioonwatch.org.br\/index.php?rest_route=\/wp\/v2\/types\/post"}],"author":[{"embeddable":true,"href":"https:\/\/rioonwatch.org.br\/index.php?rest_route=\/wp\/v2\/users\/179"}],"replies":[{"embeddable":true,"href":"https:\/\/rioonwatch.org.br\/index.php?rest_route=%2Fwp%2Fv2%2Fcomments&post=68935"}],"version-history":[{"count":62,"href":"https:\/\/rioonwatch.org.br\/index.php?rest_route=\/wp\/v2\/posts\/68935\/revisions"}],"predecessor-version":[{"id":70330,"href":"https:\/\/rioonwatch.org.br\/index.php?rest_route=\/wp\/v2\/posts\/68935\/revisions\/70330"}],"wp:featuredmedia":[{"embeddable":true,"href":"https:\/\/rioonwatch.org.br\/index.php?rest_route=\/wp\/v2\/media\/69674"}],"wp:attachment":[{"href":"https:\/\/rioonwatch.org.br\/index.php?rest_route=%2Fwp%2Fv2%2Fmedia&parent=68935"}],"wp:term":[{"taxonomy":"category","embeddable":true,"href":"https:\/\/rioonwatch.org.br\/index.php?rest_route=%2Fwp%2Fv2%2Fcategories&post=68935"},{"taxonomy":"post_tag","embeddable":true,"href":"https:\/\/rioonwatch.org.br\/index.php?rest_route=%2Fwp%2Fv2%2Ftags&post=68935"},{"taxonomy":"writer","embeddable":true,"href":"https:\/\/rioonwatch.org.br\/index.php?rest_route=%2Fwp%2Fv2%2Fwriter&post=68935"},{"taxonomy":"translator","embeddable":true,"href":"https:\/\/rioonwatch.org.br\/index.php?rest_route=%2Fwp%2Fv2%2Ftranslator&post=68935"},{"taxonomy":"source","embeddable":true,"href":"https:\/\/rioonwatch.org.br\/index.php?rest_route=%2Fwp%2Fv2%2Fsource&post=68935"},{"taxonomy":"ilustrador","embeddable":true,"href":"https:\/\/rioonwatch.org.br\/index.php?rest_route=%2Fwp%2Fv2%2Filustrador&post=68935"},{"taxonomy":"fotografo","embeddable":true,"href":"https:\/\/rioonwatch.org.br\/index.php?rest_route=%2Fwp%2Fv2%2Ffotografo&post=68935"}],"curies":[{"name":"wp","href":"https:\/\/api.w.org\/{rel}","templated":true}]}}