{"id":69251,"date":"2014-06-05T07:55:48","date_gmt":"2014-06-05T10:55:48","guid":{"rendered":"https:\/\/rioonwatch.org.br\/?p=69251"},"modified":"2024-03-12T07:57:57","modified_gmt":"2024-03-12T10:57:57","slug":"minha-casa-minha-vida-um-panorama-dos-novos-conjuntos-habitacionais-no-rio","status":"publish","type":"post","link":"https:\/\/rioonwatch.org.br\/?p=69251","title":{"rendered":"Minha Casa Minha Vida: Um Panorama dos Novos Conjuntos Habitacionais no Rio"},"content":{"rendered":"<h4 style=\"text-align: right;\"><em><strong><a href=\"https:\/\/bit.ly\/46yOfXo\" target=\"_blank\" rel=\"noopener noreferrer\">Click Here for English<\/a><a href=\"https:\/\/bit.ly\/46yOfXo\" target=\"_blank\" rel=\"noopener noreferrer\"><img decoding=\"async\" class=\"alignright wp-image-15790\" src=\"https:\/\/rioonwatch.org.br\/wp-content\/uploads\/2012\/08\/EN-standard-e1439583104716.jpg\" alt=\"\" width=\"20\" height=\"20\" \/><\/a><\/strong><\/em><\/h4>\n<p><span style=\"font-weight: 400;\">Minha Casa Minha Vida (<a href=\"https:\/\/bit.ly\/2wYPD6w\" target=\"_blank\" rel=\"noopener\">MCMV<\/a>)\u00a0\u00e9 o primeiro esfor\u00e7o do Brasil em habita\u00e7\u00e3o popular em grande escala, um ambicioso programa nacional encarregado de construir 3,4 milh\u00f5es de resid\u00eancias como parte de um esfor\u00e7o mais amplo para melhorar e modernizar as cidades do pa\u00eds.<\/span><\/p>\n<p><span style=\"font-weight: 400;\">Aos participantes do programa s\u00e3o oferecidas op\u00e7\u00f5es de financiamento para comprar uma casa constru\u00edda pelo governo ou para reformar uma casa que j\u00e1 tenham. Fam\u00edlias com renda mensal inferior a R$5.000 s\u00e3o convidadas a se inscrever, com prioridade para fam\u00edlias com renda inferior a R$1.600 por m\u00eas.<\/span><\/p>\n<figure id=\"attachment_70756\" aria-describedby=\"caption-attachment-70756\" style=\"width: 300px\" class=\"wp-caption alignright\"><a href=\"https:\/\/rioonwatch.org.br\/wp-content\/uploads\/2023\/10\/Presidente-Dilma-no-lancamento-da-construcao-de-unidades-habitacionais-do-MCMV-em-Sao-Paulo-marco-de-2013.-Photo-by-Roberto-Stuckert-Filho-PR.jpg\"><img fetchpriority=\"high\" decoding=\"async\" class=\"wp-image-70756\" title=\"Presidente Dilma no lan\u00e7amento da constru\u00e7\u00e3o de unidades habitacionais do MCMV em S\u00e3o Paulo, mar\u00e7o de 2013. Foto: Roberto Stuckert Filho\/PR\" src=\"https:\/\/rioonwatch.org.br\/wp-content\/uploads\/2023\/10\/Presidente-Dilma-no-lancamento-da-construcao-de-unidades-habitacionais-do-MCMV-em-Sao-Paulo-marco-de-2013.-Photo-by-Roberto-Stuckert-Filho-PR-620x350.jpg\" alt=\"Presidente Dilma no lan\u00e7amento da constru\u00e7\u00e3o de unidades habitacionais do MCMV em S\u00e3o Paulo, mar\u00e7o de 2013. Foto: Roberto Stuckert Filho\/PR\" width=\"300\" height=\"169\" srcset=\"https:\/\/rioonwatch.org.br\/wp-content\/uploads\/2023\/10\/Presidente-Dilma-no-lancamento-da-construcao-de-unidades-habitacionais-do-MCMV-em-Sao-Paulo-marco-de-2013.-Photo-by-Roberto-Stuckert-Filho-PR-620x350.jpg 620w, https:\/\/rioonwatch.org.br\/wp-content\/uploads\/2023\/10\/Presidente-Dilma-no-lancamento-da-construcao-de-unidades-habitacionais-do-MCMV-em-Sao-Paulo-marco-de-2013.-Photo-by-Roberto-Stuckert-Filho-PR.jpg 1000w\" sizes=\"(max-width: 300px) 100vw, 300px\" \/><\/a><figcaption id=\"caption-attachment-70756\" class=\"wp-caption-text\">Presidente Dilma no lan\u00e7amento da constru\u00e7\u00e3o de unidades habitacionais do MCMV em S\u00e3o Paulo, mar\u00e7o de 2013. Foto: Roberto Stuckert Filho\/PR<\/figcaption><\/figure>\n<p><span style=\"font-weight: 400;\">O MCMV \u00e9 financiado principalmente por meio do Programa de Acelera\u00e7\u00e3o do Crescimento (<a href=\"https:\/\/bit.ly\/2kK0crt\" target=\"_blank\" rel=\"noopener\">PAC<\/a>), um programa federal de melhoria da infraestrutura. Os contratos para a constru\u00e7\u00e3o dos im\u00f3veis s\u00e3o concedidos pela Caixa, o banco p\u00fablico respons\u00e1vel pela gest\u00e3o de diversos programas federais. A Caixa tamb\u00e9m \u00e9 respons\u00e1vel por facilitar o processo de sele\u00e7\u00e3o dos participantes em conjunto com as prefeituras municipais e supervisionar as transa\u00e7\u00f5es financeiras entre o governo e os participantes.<\/span><\/p>\n<p><span style=\"font-weight: 400;\">O MCMV foi institu\u00eddo pela primeira vez em 2009 para fornecer moradias melhores para cerca de 7 milh\u00f5es de brasileiros que vivem em condi\u00e7\u00f5es de vida abaixo do ideal. O programa recebeu um or\u00e7amento de R$34 bilh\u00f5es para a constru\u00e7\u00e3o de um milh\u00e3o de resid\u00eancias. O financiamento foi dividido entre dois subprogramas: o Programa Nacional de Habita\u00e7\u00e3o Urbana e o Programa Nacional de Habita\u00e7\u00e3o Rural. O MCMV est\u00e1 mais associado ao Programa Nacional de Habita\u00e7\u00e3o Urbana, que promove a requalifica\u00e7\u00e3o urbana e fornece novas moradias para fam\u00edlias de baixa renda. O Programa Nacional de Habita\u00e7\u00e3o Rural, por outro lado, oferece empr\u00e9stimos para agricultores e trabalhadores rurais que ganham menos de R$60.000 anuais para fazer melhorias em suas casas.<\/span><\/p>\n<p><span style=\"font-weight: 400;\">Ap\u00f3s a constru\u00e7\u00e3o bem-sucedida das primeiras 1 milh\u00e3o de unidades, a segunda fase do MCMV foi lan\u00e7ada em 2011. A segunda etapa tem um or\u00e7amento de R$72 bilh\u00f5es e promete construir mais 2 milh\u00f5es de resid\u00eancias at\u00e9 2016. Ministro das Cidades Gilberto Occhi anunciou que at\u00e9 abril de 2014 aproximadamente 2.400.000 unidades habitacionais foram constru\u00eddas, deixando pelo menos 400.000 unidades a serem conclu\u00eddas nesta fase do programa. Occhi tamb\u00e9m indicou que funcion\u00e1rios do governo est\u00e3o preparando o lan\u00e7amento de uma terceira fase do MCMV, mas ainda n\u00e3o estabeleceram metas ou obtiveram financiamento. Um an\u00fancio oficial da terceira fase \u00e9 esperado em junho, com um lan\u00e7amento provis\u00f3rio agendado para o in\u00edcio de 2015.<\/span><\/p>\n<h3><span style=\"font-weight: 400;\">Minha Casa Minha Vida no Rio<\/span><\/h3>\n<figure id=\"attachment_70757\" aria-describedby=\"caption-attachment-70757\" style=\"width: 300px\" class=\"wp-caption alignright\"><a href=\"https:\/\/rioonwatch.org.br\/wp-content\/uploads\/2023\/10\/Unidades-habitacionais-do-MCMV-em-construcao-na-Cidade-de-Deus-Zona-Oeste.jpg\"><img decoding=\"async\" class=\"wp-image-70757\" title=\"Unidades habitacionais do MCMV em constru\u00e7\u00e3o na Cidade de Deus, Zona Oeste\" src=\"https:\/\/rioonwatch.org.br\/wp-content\/uploads\/2023\/10\/Unidades-habitacionais-do-MCMV-em-construcao-na-Cidade-de-Deus-Zona-Oeste-620x413.jpg\" alt=\"Unidades habitacionais do MCMV em constru\u00e7\u00e3o na Cidade de Deus, Zona Oeste\" width=\"300\" height=\"200\" srcset=\"https:\/\/rioonwatch.org.br\/wp-content\/uploads\/2023\/10\/Unidades-habitacionais-do-MCMV-em-construcao-na-Cidade-de-Deus-Zona-Oeste-620x413.jpg 620w, https:\/\/rioonwatch.org.br\/wp-content\/uploads\/2023\/10\/Unidades-habitacionais-do-MCMV-em-construcao-na-Cidade-de-Deus-Zona-Oeste.jpg 1600w\" sizes=\"(max-width: 300px) 100vw, 300px\" \/><\/a><figcaption id=\"caption-attachment-70757\" class=\"wp-caption-text\">Unidades habitacionais do MCMV em constru\u00e7\u00e3o na Cidade de Deus, Zona Oeste<\/figcaption><\/figure>\n<p><span style=\"font-weight: 400;\">No Rio, a constru\u00e7\u00e3o de unidades do MCMV tem sido particularmente acelerada, j\u00e1 que a cidade se prepara para receber dois megaeventos esportivos sucessivos. At\u00e9 o momento, foram contratadas pelo menos 66.270 unidades habitacionais (j\u00e1 entregues ou em constru\u00e7\u00e3o), com meta projetada para 100.000 unidades conclu\u00eddas at\u00e9 2016. Das casas conclu\u00eddas, 33.363 unidades foram destinadas a fam\u00edlias com renda mensal inferior a R$1.600 e 11.612 unidades para fam\u00edlias com renda mensal entre R$1.600 e R$3.275. As demais 16.450 unidades j\u00e1 foram contratadas por pessoas f\u00edsicas e jur\u00eddicas.<\/span><\/p>\n<p><span style=\"font-weight: 400;\">Mais da metade dos im\u00f3veis do MCMV no Rio est\u00e3o localizados na <a href=\"https:\/\/bit.ly\/2x3k8bw\" target=\"_blank\" rel=\"noopener\">Zona Oeste<\/a>, uma regi\u00e3o enorme e com servi\u00e7os p\u00fablicos ineficientes. Esses conjuntos habitacionais t\u00eam sido amplamente <a href=\"http:\/\/bit.ly\/1qq5cwN\" target=\"_blank\" rel=\"noopener\">criticados<\/a> pelos moradores por carecerem de infraestrutura e <a href=\"http:\/\/bit.ly\/SMBgwh\" target=\"_blank\" rel=\"noopener\">transporte<\/a> adequados, e por estarem em territ\u00f3rios <a href=\"https:\/\/bit.ly\/3njrWOs\" target=\"_blank\" rel=\"noopener\">controlados por mil\u00edcias<\/a> em bairros como <a href=\"https:\/\/bit.ly\/30JK5uW\" target=\"_blank\" rel=\"noopener\">Santa Cruz<\/a>, <a href=\"https:\/\/bit.ly\/2WTPTRv\" target=\"_blank\" rel=\"noopener\">Cosmos<\/a> e <a href=\"https:\/\/bit.ly\/37jLc7e\" target=\"_blank\" rel=\"noopener\">Campo Grande<\/a>. Fam\u00edlias acostumadas com as intrincadas redes sociais e propriedades de uso misto nas favelas do Rio tiveram problemas <a href=\"http:\/\/bit.ly\/1hEE43K\" target=\"_blank\" rel=\"noopener\">para se ajustar<\/a> aos complexos MCMV de uso \u00fanico e altamente regulamentados, que oferecem pouco espa\u00e7o p\u00fablico ou comercial. Moradores que trabalham na Zona Sul ou na Zona Norte agora devem acomodar deslocamentos <a href=\"https:\/\/bit.ly\/28RVSP7\" target=\"_blank\" rel=\"noopener\">significativamente mais longos<\/a>, dificultando a perman\u00eancia no mercado de trabalho no centro comercial da cidade. V\u00e1rios im\u00f3veis do MCMV tamb\u00e9m foram criticados pela m\u00e1 qualidade da constru\u00e7\u00e3o, o pior incidente <a href=\"https:\/\/bit.ly\/3PX4pTe\" target=\"_blank\" rel=\"noopener\">exigiu demoli\u00e7\u00e3o ap\u00f3s o aparecimento de enormes rachaduras<\/a> no investimento de R$19 milh\u00f5es, e outro caso not\u00e1vel resultou na evacua\u00e7\u00e3o de fam\u00edlias do <a href=\"https:\/\/bit.ly\/45Fdx4P\" target=\"_blank\" rel=\"noopener\">Bairro Carioca<\/a> no ano passado, depois que apartamentos no primeiro andar foram <a href=\"https:\/\/bit.ly\/3S3qPVN\" target=\"_blank\" rel=\"noopener\">inundados<\/a>.<\/span><\/p>\n<figure id=\"attachment_70758\" aria-describedby=\"caption-attachment-70758\" style=\"width: 300px\" class=\"wp-caption alignright\"><a href=\"https:\/\/rioonwatch.org.br\/wp-content\/uploads\/2023\/10\/Condominio-MCMV-Bairro-Carioca-em-Triagem-Zona-Norte.jpg\"><img loading=\"lazy\" decoding=\"async\" class=\"wp-image-70758\" title=\"Condom\u00ednio MCMV Bairro Carioca em Triagem, Zona Norte\" src=\"https:\/\/rioonwatch.org.br\/wp-content\/uploads\/2023\/10\/Condominio-MCMV-Bairro-Carioca-em-Triagem-Zona-Norte-620x348.jpg\" alt=\"Condom\u00ednio MCMV Bairro Carioca em Triagem, Zona Norte\" width=\"300\" height=\"168\" srcset=\"https:\/\/rioonwatch.org.br\/wp-content\/uploads\/2023\/10\/Condominio-MCMV-Bairro-Carioca-em-Triagem-Zona-Norte-620x348.jpg 620w, https:\/\/rioonwatch.org.br\/wp-content\/uploads\/2023\/10\/Condominio-MCMV-Bairro-Carioca-em-Triagem-Zona-Norte.jpg 1154w\" sizes=\"(max-width: 300px) 100vw, 300px\" \/><\/a><figcaption id=\"caption-attachment-70758\" class=\"wp-caption-text\">Condom\u00ednio MCMV Bairro Carioca em Triagem, Zona Norte<\/figcaption><\/figure>\n<p><span style=\"font-weight: 400;\"><a href=\"https:\/\/bit.ly\/1uRzOcM\" target=\"_blank\" rel=\"noopener\">Urbanistas<\/a> e funcion\u00e1rios do governo tamb\u00e9m criticaram as propriedades do MCMV que est\u00e3o sendo constru\u00eddas na Zona Oeste. Ant\u00f4nio Ver\u00edssimo, Diretor de Coordena\u00e7\u00e3o e Planejamento da Secretaria Municipal de Habita\u00e7\u00e3o, publicou um artigo em 2010 no qual <a href=\"https:\/\/bit.ly\/3rSkWAb\" target=\"_blank\" rel=\"noopener\">argumentava<\/a> que essa densa concentra\u00e7\u00e3o de moradias populares na regi\u00e3o criaria \u201cmais guetos de pobreza\u201d. Desde ent\u00e3o, o prefeito Eduardo Paes proibiu a constru\u00e7\u00e3o de novas unidades do MCMV na Zona Oeste, optando por transferir os contratos para a Zona Norte da cidade.<\/span><\/p>\n<p><span style=\"font-weight: 400;\">Ainda mais controverso \u00e9 o fato de que mais da metade do novo parque habitacional p\u00fablico da cidade ser\u00e1 ocupado por fam\u00edlias <a href=\"https:\/\/bit.ly\/3AdyYeq\" target=\"_blank\" rel=\"noopener\">removidas \u00e0 for\u00e7a<\/a> de suas casas para conjuntos habitacionais relacionados aos projetos de desenvolvimento de megaeventos da cidade. Comunidades como a <a href=\"https:\/\/bit.ly\/2x3RcjK\" target=\"_blank\" rel=\"noopener\">Vila Aut\u00f3dromo<\/a> est\u00e3o passando por demoli\u00e7\u00f5es e press\u00e3o cont\u00ednua de despejo, com as fam\u00edlias tendo a escolha entre uma indeniza\u00e7\u00e3o e um apartamento do MCMV como compensa\u00e7\u00e3o. Em alguns casos, as fam\u00edlias despejadas viviam em <a href=\"https:\/\/bit.ly\/30n1Df0\" target=\"_blank\" rel=\"noopener\">casas de qualidade muito superior<\/a> e maiores do que os apartamentos oferecidos, mas, mesmo assim, receberam unidades do MCMV. Como resultado disso, fam\u00edlias qualificadas que t\u00eam extrema necessidade de terem uma moradia e optaram por participar do programa s\u00e3o colocadas em uma <a href=\"http:\/\/bit.ly\/1m9TaEZ\" target=\"_blank\" rel=\"noopener\">lista de espera por apartamentos dispon\u00edveis<\/a>.<\/span><\/p>\n<p>Apesar das v\u00e1rias controv\u00e9rsias do MCMV, alguns moradores aproveitaram o investimento do governo para criar projetos habitacionais inovadores. <a href=\"https:\/\/bit.ly\/1kmbrP9\" target=\"_blank\" rel=\"noopener\">Cooperativas habitacionais<\/a> como o Quilombo da Gamboa, na <a href=\"https:\/\/bit.ly\/37DChjM\" target=\"_blank\" rel=\"noopener\">Regi\u00e3o Portu\u00e1ria<\/a>, e o <a href=\"https:\/\/bit.ly\/39wJe9k\" target=\"_blank\" rel=\"noopener\">Grupo Esperan\u00e7a<\/a>, na <a href=\"https:\/\/bit.ly\/3qypcPE\" target=\"_blank\" rel=\"noopener\">Col\u00f4nia Juliano Moreira<\/a>, s\u00e3o financiadas por um programa ramificado do Minha Casa Minha Vida, chamado <a href=\"https:\/\/bit.ly\/3mqj7Tr\" target=\"_blank\" rel=\"noopener\">Entidades<\/a> (MCMV-En) e oferecem uma vis\u00e3o radicalmente diferente para a habita\u00e7\u00e3o popular no Rio. Enquanto a maioria dos apartamentos do MCMV s\u00e3o projetados e constru\u00eddos por terceiros, essas unidades habitacionais s\u00e3o projetadas com a contribui\u00e7\u00e3o dos membros da cooperativa e com a inten\u00e7\u00e3o espec\u00edfica de incentivar o desenvolvimento da comunidade por meio do espa\u00e7o p\u00fablico integrado. Essas colabora\u00e7\u00f5es oferecem um m\u00e9todo positivo e eficaz para melhorar as condi\u00e7\u00f5es de vida dos moradores das favelas, mas representam apenas 5 a 10% do or\u00e7amento do MCMV.<\/p>\n<hr \/>\n<h4><b data-stringify-type=\"bold\">Apoie nossos esfor\u00e7os para fornecer apoio estrat\u00e9gico \u00e0s favelas do Rio, incluindo o jornalismo hiperlocal, cr\u00edtico, inovador e incans\u00e1vel do\u00a0<\/b><b data-stringify-type=\"bold\"><i data-stringify-type=\"italic\">RioOnWatch<\/i><\/b>\u2014<a class=\"c-link\" href=\"http:\/\/www.bit.ly\/ApoieROW\" target=\"_blank\" rel=\"noopener noreferrer\" data-stringify-link=\"http:\/\/www.bit.ly\/ApoieROW\" data-sk=\"tooltip_parent\">doe aqui<\/a>.<\/h4>\n<!-- AddThis Advanced Settings generic via filter on the_content --><!-- AddThis Share Buttons generic via filter on the_content -->","protected":false},"excerpt":{"rendered":"<div class=\"mh-excerpt\"><p>Click Here for English Minha Casa Minha Vida (MCMV)\u00a0\u00e9 o primeiro esfor\u00e7o do Brasil em habita\u00e7\u00e3o popular em grande escala, um ambicioso programa nacional encarregado de construir 3,4 milh\u00f5es de resid\u00eancias como parte de um <a class=\"mh-excerpt-more\" href=\"https:\/\/rioonwatch.org.br\/?p=69251\" title=\"Minha Casa Minha Vida: Um Panorama dos Novos Conjuntos Habitacionais no Rio\">[&#8230;]<\/a><!-- AddThis Advanced Settings generic via filter on get_the_excerpt --><!-- AddThis Share Buttons generic via filter on get_the_excerpt --><\/p>\n<\/div>","protected":false},"author":167,"featured_media":70759,"comment_status":"closed","ping_status":"closed","sticky":false,"template":"","format":"standard","meta":{"_acf_changed":false,"_monsterinsights_skip_tracking":false,"_monsterinsights_sitenote_active":false,"_monsterinsights_sitenote_note":"","_monsterinsights_sitenote_category":0,"footnotes":""},"categories":[1614,1631,1626,344],"tags":[1478,679,436,475,730,247,3150,994,482,246,988,1037,36,980,134,729,184],"writer":[1744],"translator":[1971],"source":[],"ilustrador":[],"fotografo":[],"class_list":{"0":"post-69251","1":"post","2":"type-post","3":"status-publish","4":"format-standard","5":"has-post-thumbnail","7":"category-olhonasremocoes","8":"category-entendendo-o-rio","9":"category-por-observadores-internacionais","10":"category-politicas","11":"tag-a-espera-de-habitacao-publica","12":"tag-bairro-carioca","13":"tag-campo-grande","14":"tag-colonia-juliano-moreira","15":"tag-conjunto-habitacional","16":"tag-cosmos","17":"tag-cooperativa-esperanca","18":"tag-habitacao-publica","19":"tag-milicia","20":"tag-minha-casa-minha-vida","21":"tag-minha-casa-minha-vida-entidades","22":"tag-moradia","23":"tag-pac","24":"tag-quilombo-da-gamboa","25":"tag-santa-cruz","26":"tag-vidas-que-nao-podem-ser-substituidas-em-habitacao-publica","27":"tag-zona-oeste","28":"writer-meg-healy","29":"translator-geovanna-giannini"},"acf":[],"yoast_head":"<!-- This site is optimized with the Yoast SEO plugin v25.6 - https:\/\/yoast.com\/wordpress\/plugins\/seo\/ -->\n<title>Minha Casa Minha Vida: Um Panorama dos Novos Conjuntos Habitacionais no Rio - RioOnWatch<\/title>\n<meta name=\"robots\" content=\"index, follow, max-snippet:-1, max-image-preview:large, max-video-preview:-1\" \/>\n<link rel=\"canonical\" href=\"https:\/\/rioonwatch.org.br\/?p=69251\" \/>\n<meta property=\"og:locale\" content=\"pt_BR\" \/>\n<meta property=\"og:type\" content=\"article\" \/>\n<meta property=\"og:title\" content=\"Minha Casa Minha Vida: Um Panorama dos Novos Conjuntos Habitacionais no Rio - RioOnWatch\" \/>\n<meta property=\"og:description\" content=\"Click Here for English Minha Casa Minha Vida (MCMV)\u00a0\u00e9 o primeiro esfor\u00e7o do Brasil em habita\u00e7\u00e3o popular em grande escala, um ambicioso programa nacional encarregado de construir 3,4 milh\u00f5es de resid\u00eancias como parte de um [...]\" \/>\n<meta property=\"og:url\" content=\"https:\/\/rioonwatch.org.br\/?p=69251\" \/>\n<meta property=\"og:site_name\" content=\"RioOnWatch\" \/>\n<meta property=\"article:published_time\" content=\"2014-06-05T10:55:48+00:00\" \/>\n<meta property=\"article:modified_time\" content=\"2024-03-12T10:57:57+00:00\" \/>\n<meta property=\"og:image\" content=\"https:\/\/rioonwatch.org.br\/wp-content\/uploads\/2023\/10\/Minha-Casa-Minha-Vida.jpg\" \/>\n\t<meta property=\"og:image:width\" content=\"1000\" \/>\n\t<meta property=\"og:image:height\" content=\"664\" \/>\n\t<meta property=\"og:image:type\" content=\"image\/jpeg\" \/>\n<meta name=\"author\" content=\"Julio Santos Filho\" \/>\n<meta name=\"twitter:card\" content=\"summary_large_image\" \/>\n<meta name=\"twitter:label1\" content=\"Escrito por\" \/>\n\t<meta name=\"twitter:data1\" content=\"Julio Santos Filho\" \/>\n\t<meta name=\"twitter:label2\" content=\"Est. tempo de leitura\" \/>\n\t<meta name=\"twitter:data2\" content=\"7 minutos\" \/>\n<script type=\"application\/ld+json\" class=\"yoast-schema-graph\">{\"@context\":\"https:\/\/schema.org\",\"@graph\":[{\"@type\":\"Article\",\"@id\":\"https:\/\/rioonwatch.org.br\/?p=69251#article\",\"isPartOf\":{\"@id\":\"https:\/\/rioonwatch.org.br\/?p=69251\"},\"author\":{\"name\":\"Julio Santos Filho\",\"@id\":\"https:\/\/rioonwatch.org.br\/#\/schema\/person\/476bc75767957d3535b65b796667cd36\"},\"headline\":\"Minha Casa Minha Vida: Um Panorama dos Novos Conjuntos Habitacionais no Rio\",\"datePublished\":\"2014-06-05T10:55:48+00:00\",\"dateModified\":\"2024-03-12T10:57:57+00:00\",\"mainEntityOfPage\":{\"@id\":\"https:\/\/rioonwatch.org.br\/?p=69251\"},\"wordCount\":1217,\"publisher\":{\"@id\":\"https:\/\/rioonwatch.org.br\/#organization\"},\"image\":{\"@id\":\"https:\/\/rioonwatch.org.br\/?p=69251#primaryimage\"},\"thumbnailUrl\":\"https:\/\/rioonwatch.org.br\/wp-content\/uploads\/2023\/10\/Minha-Casa-Minha-Vida.jpg\",\"keywords\":[\"\u00c0 espera de habita\u00e7\u00e3o p\u00fablica\",\"Bairro Carioca\",\"Campo Grande\",\"Col\u00f4nia Juliano Moreira\",\"conjunto habitacional\",\"Cosmos\",\"Grupo Esperan\u00e7a\",\"habita\u00e7\u00e3o p\u00fablica\",\"Mil\u00edcia\",\"Minha Casa Minha Vida\",\"Minha Casa Minha Vida-Entidades\",\"moradia\",\"PAC\",\"Quilombo da Gamboa\",\"Santa Cruz\",\"Vidas que n\u00e3o podem ser substitu\u00eddas em habita\u00e7\u00e3o p\u00fablica\",\"Zona Oeste\"],\"articleSection\":[\"#OlhoNasRemo\u00e7\u00f5es\",\"Entendendo o Rio\",\"Escrito por Aliados\",\"Pol\u00edticas\"],\"inLanguage\":\"pt-BR\"},{\"@type\":\"WebPage\",\"@id\":\"https:\/\/rioonwatch.org.br\/?p=69251\",\"url\":\"https:\/\/rioonwatch.org.br\/?p=69251\",\"name\":\"Minha Casa Minha Vida: Um Panorama dos Novos Conjuntos Habitacionais no Rio - RioOnWatch\",\"isPartOf\":{\"@id\":\"https:\/\/rioonwatch.org.br\/#website\"},\"primaryImageOfPage\":{\"@id\":\"https:\/\/rioonwatch.org.br\/?p=69251#primaryimage\"},\"image\":{\"@id\":\"https:\/\/rioonwatch.org.br\/?p=69251#primaryimage\"},\"thumbnailUrl\":\"https:\/\/rioonwatch.org.br\/wp-content\/uploads\/2023\/10\/Minha-Casa-Minha-Vida.jpg\",\"datePublished\":\"2014-06-05T10:55:48+00:00\",\"dateModified\":\"2024-03-12T10:57:57+00:00\",\"breadcrumb\":{\"@id\":\"https:\/\/rioonwatch.org.br\/?p=69251#breadcrumb\"},\"inLanguage\":\"pt-BR\",\"potentialAction\":[{\"@type\":\"ReadAction\",\"target\":[\"https:\/\/rioonwatch.org.br\/?p=69251\"]}]},{\"@type\":\"ImageObject\",\"inLanguage\":\"pt-BR\",\"@id\":\"https:\/\/rioonwatch.org.br\/?p=69251#primaryimage\",\"url\":\"https:\/\/rioonwatch.org.br\/wp-content\/uploads\/2023\/10\/Minha-Casa-Minha-Vida.jpg\",\"contentUrl\":\"https:\/\/rioonwatch.org.br\/wp-content\/uploads\/2023\/10\/Minha-Casa-Minha-Vida.jpg\",\"width\":1000,\"height\":664,\"caption\":\"Minha Casa Minha Vida\"},{\"@type\":\"BreadcrumbList\",\"@id\":\"https:\/\/rioonwatch.org.br\/?p=69251#breadcrumb\",\"itemListElement\":[{\"@type\":\"ListItem\",\"position\":1,\"name\":\"In\u00edcio\",\"item\":\"https:\/\/rioonwatch.org.br\/\"},{\"@type\":\"ListItem\",\"position\":2,\"name\":\"Minha Casa Minha Vida: Um Panorama dos Novos Conjuntos Habitacionais no Rio\"}]},{\"@type\":\"WebSite\",\"@id\":\"https:\/\/rioonwatch.org.br\/#website\",\"url\":\"https:\/\/rioonwatch.org.br\/\",\"name\":\"RioOnWatch\",\"description\":\"relatos das favelas cariocas\",\"publisher\":{\"@id\":\"https:\/\/rioonwatch.org.br\/#organization\"},\"potentialAction\":[{\"@type\":\"SearchAction\",\"target\":{\"@type\":\"EntryPoint\",\"urlTemplate\":\"https:\/\/rioonwatch.org.br\/?s={search_term_string}\"},\"query-input\":{\"@type\":\"PropertyValueSpecification\",\"valueRequired\":true,\"valueName\":\"search_term_string\"}}],\"inLanguage\":\"pt-BR\"},{\"@type\":\"Organization\",\"@id\":\"https:\/\/rioonwatch.org.br\/#organization\",\"name\":\"RioOnWatch\",\"url\":\"https:\/\/rioonwatch.org.br\/\",\"logo\":{\"@type\":\"ImageObject\",\"inLanguage\":\"pt-BR\",\"@id\":\"https:\/\/rioonwatch.org.br\/#\/schema\/logo\/image\/\",\"url\":\"https:\/\/rioonwatch.org.br\/wp-content\/uploads\/2021\/06\/RioOnWatchcabecalhoPT11anos-2.png\",\"contentUrl\":\"https:\/\/rioonwatch.org.br\/wp-content\/uploads\/2021\/06\/RioOnWatchcabecalhoPT11anos-2.png\",\"width\":779,\"height\":277,\"caption\":\"RioOnWatch\"},\"image\":{\"@id\":\"https:\/\/rioonwatch.org.br\/#\/schema\/logo\/image\/\"}},{\"@type\":\"Person\",\"@id\":\"https:\/\/rioonwatch.org.br\/#\/schema\/person\/476bc75767957d3535b65b796667cd36\",\"name\":\"Julio Santos Filho\",\"image\":{\"@type\":\"ImageObject\",\"inLanguage\":\"pt-BR\",\"@id\":\"https:\/\/rioonwatch.org.br\/#\/schema\/person\/image\/\",\"url\":\"https:\/\/secure.gravatar.com\/avatar\/ca138f7666182a292a8ce4ca14fb81f8?s=96&d=blank&r=g\",\"contentUrl\":\"https:\/\/secure.gravatar.com\/avatar\/ca138f7666182a292a8ce4ca14fb81f8?s=96&d=blank&r=g\",\"caption\":\"Julio Santos Filho\"},\"url\":\"https:\/\/rioonwatch.org.br\/?author=167\"}]}<\/script>\n<!-- \/ Yoast SEO plugin. -->","yoast_head_json":{"title":"Minha Casa Minha Vida: Um Panorama dos Novos Conjuntos Habitacionais no Rio - RioOnWatch","robots":{"index":"index","follow":"follow","max-snippet":"max-snippet:-1","max-image-preview":"max-image-preview:large","max-video-preview":"max-video-preview:-1"},"canonical":"https:\/\/rioonwatch.org.br\/?p=69251","og_locale":"pt_BR","og_type":"article","og_title":"Minha Casa Minha Vida: Um Panorama dos Novos Conjuntos Habitacionais no Rio - RioOnWatch","og_description":"Click Here for English Minha Casa Minha Vida (MCMV)\u00a0\u00e9 o primeiro esfor\u00e7o do Brasil em habita\u00e7\u00e3o popular em grande escala, um ambicioso programa nacional encarregado de construir 3,4 milh\u00f5es de resid\u00eancias como parte de um [...]","og_url":"https:\/\/rioonwatch.org.br\/?p=69251","og_site_name":"RioOnWatch","article_published_time":"2014-06-05T10:55:48+00:00","article_modified_time":"2024-03-12T10:57:57+00:00","og_image":[{"width":1000,"height":664,"url":"https:\/\/rioonwatch.org.br\/wp-content\/uploads\/2023\/10\/Minha-Casa-Minha-Vida.jpg","type":"image\/jpeg"}],"author":"Julio Santos Filho","twitter_card":"summary_large_image","twitter_misc":{"Escrito por":"Julio Santos Filho","Est. tempo de leitura":"7 minutos"},"schema":{"@context":"https:\/\/schema.org","@graph":[{"@type":"Article","@id":"https:\/\/rioonwatch.org.br\/?p=69251#article","isPartOf":{"@id":"https:\/\/rioonwatch.org.br\/?p=69251"},"author":{"name":"Julio Santos Filho","@id":"https:\/\/rioonwatch.org.br\/#\/schema\/person\/476bc75767957d3535b65b796667cd36"},"headline":"Minha Casa Minha Vida: Um Panorama dos Novos Conjuntos Habitacionais no Rio","datePublished":"2014-06-05T10:55:48+00:00","dateModified":"2024-03-12T10:57:57+00:00","mainEntityOfPage":{"@id":"https:\/\/rioonwatch.org.br\/?p=69251"},"wordCount":1217,"publisher":{"@id":"https:\/\/rioonwatch.org.br\/#organization"},"image":{"@id":"https:\/\/rioonwatch.org.br\/?p=69251#primaryimage"},"thumbnailUrl":"https:\/\/rioonwatch.org.br\/wp-content\/uploads\/2023\/10\/Minha-Casa-Minha-Vida.jpg","keywords":["\u00c0 espera de habita\u00e7\u00e3o p\u00fablica","Bairro Carioca","Campo Grande","Col\u00f4nia Juliano Moreira","conjunto habitacional","Cosmos","Grupo Esperan\u00e7a","habita\u00e7\u00e3o p\u00fablica","Mil\u00edcia","Minha Casa Minha Vida","Minha Casa Minha Vida-Entidades","moradia","PAC","Quilombo da Gamboa","Santa Cruz","Vidas que n\u00e3o podem ser substitu\u00eddas em habita\u00e7\u00e3o p\u00fablica","Zona Oeste"],"articleSection":["#OlhoNasRemo\u00e7\u00f5es","Entendendo o Rio","Escrito por Aliados","Pol\u00edticas"],"inLanguage":"pt-BR"},{"@type":"WebPage","@id":"https:\/\/rioonwatch.org.br\/?p=69251","url":"https:\/\/rioonwatch.org.br\/?p=69251","name":"Minha Casa Minha Vida: Um Panorama dos Novos Conjuntos Habitacionais no Rio - RioOnWatch","isPartOf":{"@id":"https:\/\/rioonwatch.org.br\/#website"},"primaryImageOfPage":{"@id":"https:\/\/rioonwatch.org.br\/?p=69251#primaryimage"},"image":{"@id":"https:\/\/rioonwatch.org.br\/?p=69251#primaryimage"},"thumbnailUrl":"https:\/\/rioonwatch.org.br\/wp-content\/uploads\/2023\/10\/Minha-Casa-Minha-Vida.jpg","datePublished":"2014-06-05T10:55:48+00:00","dateModified":"2024-03-12T10:57:57+00:00","breadcrumb":{"@id":"https:\/\/rioonwatch.org.br\/?p=69251#breadcrumb"},"inLanguage":"pt-BR","potentialAction":[{"@type":"ReadAction","target":["https:\/\/rioonwatch.org.br\/?p=69251"]}]},{"@type":"ImageObject","inLanguage":"pt-BR","@id":"https:\/\/rioonwatch.org.br\/?p=69251#primaryimage","url":"https:\/\/rioonwatch.org.br\/wp-content\/uploads\/2023\/10\/Minha-Casa-Minha-Vida.jpg","contentUrl":"https:\/\/rioonwatch.org.br\/wp-content\/uploads\/2023\/10\/Minha-Casa-Minha-Vida.jpg","width":1000,"height":664,"caption":"Minha Casa Minha Vida"},{"@type":"BreadcrumbList","@id":"https:\/\/rioonwatch.org.br\/?p=69251#breadcrumb","itemListElement":[{"@type":"ListItem","position":1,"name":"In\u00edcio","item":"https:\/\/rioonwatch.org.br\/"},{"@type":"ListItem","position":2,"name":"Minha Casa Minha Vida: Um Panorama dos Novos Conjuntos Habitacionais no Rio"}]},{"@type":"WebSite","@id":"https:\/\/rioonwatch.org.br\/#website","url":"https:\/\/rioonwatch.org.br\/","name":"RioOnWatch","description":"relatos das favelas cariocas","publisher":{"@id":"https:\/\/rioonwatch.org.br\/#organization"},"potentialAction":[{"@type":"SearchAction","target":{"@type":"EntryPoint","urlTemplate":"https:\/\/rioonwatch.org.br\/?s={search_term_string}"},"query-input":{"@type":"PropertyValueSpecification","valueRequired":true,"valueName":"search_term_string"}}],"inLanguage":"pt-BR"},{"@type":"Organization","@id":"https:\/\/rioonwatch.org.br\/#organization","name":"RioOnWatch","url":"https:\/\/rioonwatch.org.br\/","logo":{"@type":"ImageObject","inLanguage":"pt-BR","@id":"https:\/\/rioonwatch.org.br\/#\/schema\/logo\/image\/","url":"https:\/\/rioonwatch.org.br\/wp-content\/uploads\/2021\/06\/RioOnWatchcabecalhoPT11anos-2.png","contentUrl":"https:\/\/rioonwatch.org.br\/wp-content\/uploads\/2021\/06\/RioOnWatchcabecalhoPT11anos-2.png","width":779,"height":277,"caption":"RioOnWatch"},"image":{"@id":"https:\/\/rioonwatch.org.br\/#\/schema\/logo\/image\/"}},{"@type":"Person","@id":"https:\/\/rioonwatch.org.br\/#\/schema\/person\/476bc75767957d3535b65b796667cd36","name":"Julio Santos Filho","image":{"@type":"ImageObject","inLanguage":"pt-BR","@id":"https:\/\/rioonwatch.org.br\/#\/schema\/person\/image\/","url":"https:\/\/secure.gravatar.com\/avatar\/ca138f7666182a292a8ce4ca14fb81f8?s=96&d=blank&r=g","contentUrl":"https:\/\/secure.gravatar.com\/avatar\/ca138f7666182a292a8ce4ca14fb81f8?s=96&d=blank&r=g","caption":"Julio Santos Filho"},"url":"https:\/\/rioonwatch.org.br\/?author=167"}]}},"_links":{"self":[{"href":"https:\/\/rioonwatch.org.br\/index.php?rest_route=\/wp\/v2\/posts\/69251"}],"collection":[{"href":"https:\/\/rioonwatch.org.br\/index.php?rest_route=\/wp\/v2\/posts"}],"about":[{"href":"https:\/\/rioonwatch.org.br\/index.php?rest_route=\/wp\/v2\/types\/post"}],"author":[{"embeddable":true,"href":"https:\/\/rioonwatch.org.br\/index.php?rest_route=\/wp\/v2\/users\/167"}],"replies":[{"embeddable":true,"href":"https:\/\/rioonwatch.org.br\/index.php?rest_route=%2Fwp%2Fv2%2Fcomments&post=69251"}],"version-history":[{"count":14,"href":"https:\/\/rioonwatch.org.br\/index.php?rest_route=\/wp\/v2\/posts\/69251\/revisions"}],"predecessor-version":[{"id":72672,"href":"https:\/\/rioonwatch.org.br\/index.php?rest_route=\/wp\/v2\/posts\/69251\/revisions\/72672"}],"wp:featuredmedia":[{"embeddable":true,"href":"https:\/\/rioonwatch.org.br\/index.php?rest_route=\/wp\/v2\/media\/70759"}],"wp:attachment":[{"href":"https:\/\/rioonwatch.org.br\/index.php?rest_route=%2Fwp%2Fv2%2Fmedia&parent=69251"}],"wp:term":[{"taxonomy":"category","embeddable":true,"href":"https:\/\/rioonwatch.org.br\/index.php?rest_route=%2Fwp%2Fv2%2Fcategories&post=69251"},{"taxonomy":"post_tag","embeddable":true,"href":"https:\/\/rioonwatch.org.br\/index.php?rest_route=%2Fwp%2Fv2%2Ftags&post=69251"},{"taxonomy":"writer","embeddable":true,"href":"https:\/\/rioonwatch.org.br\/index.php?rest_route=%2Fwp%2Fv2%2Fwriter&post=69251"},{"taxonomy":"translator","embeddable":true,"href":"https:\/\/rioonwatch.org.br\/index.php?rest_route=%2Fwp%2Fv2%2Ftranslator&post=69251"},{"taxonomy":"source","embeddable":true,"href":"https:\/\/rioonwatch.org.br\/index.php?rest_route=%2Fwp%2Fv2%2Fsource&post=69251"},{"taxonomy":"ilustrador","embeddable":true,"href":"https:\/\/rioonwatch.org.br\/index.php?rest_route=%2Fwp%2Fv2%2Filustrador&post=69251"},{"taxonomy":"fotografo","embeddable":true,"href":"https:\/\/rioonwatch.org.br\/index.php?rest_route=%2Fwp%2Fv2%2Ffotografo&post=69251"}],"curies":[{"name":"wp","href":"https:\/\/api.w.org\/{rel}","templated":true}]}}