{"id":69443,"date":"2023-07-18T06:00:18","date_gmt":"2023-07-18T09:00:18","guid":{"rendered":"https:\/\/rioonwatch.org.br\/?p=69443"},"modified":"2024-02-22T18:39:44","modified_gmt":"2024-02-22T21:39:44","slug":"culpa-dos-sobreviventes-video-slam-de-crias-da-baixada-reflete-sobre-a-palavra-e-o-corpo-enquanto-territorio-video","status":"publish","type":"post","link":"https:\/\/rioonwatch.org.br\/?p=69443","title":{"rendered":"&#8216;Culpa dos Sobreviventes&#8217;: V\u00eddeo Slam de Crias da Baixada Reflete sobre a Palavra e o Corpo Enquanto Territ\u00f3rio [V\u00cdDEO]"},"content":{"rendered":"<p><iframe title=\"YouTube video player\" src=\"https:\/\/www.youtube.com\/embed\/6dFd2_t_Ca4\" width=\"1030\" height=\"563\" frameborder=\"0\" allowfullscreen=\"allowfullscreen\"><span data-mce-type=\"bookmark\" style=\"display: inline-block; width: 0px; overflow: hidden; line-height: 0;\" class=\"mce_SELRES_start\">\ufeff<\/span><\/iframe><\/p>\n<h4 style=\"text-align: right;\"><em><strong><a href=\"https:\/\/bit.ly\/3OJHUSc\" target=\"_blank\" rel=\"noopener\">Click Here for English<img decoding=\"async\" class=\"alignright wp-image-15790\" src=\"https:\/\/rioonwatch.org.br\/wp-content\/uploads\/2012\/08\/EN-standard-e1439583104716.jpg\" alt=\"\" width=\"20\" height=\"20\" \/><\/a><\/strong><\/em><\/h4>\n<p>Um grito que emerge das trincheiras de uma <a href=\"https:\/\/bit.ly\/3eDytCf\" target=\"_blank\" rel=\"noopener\">guerra silenciosa<\/a>. Direto do bairro <a href=\"https:\/\/bit.ly\/43yU9FS\" target=\"_blank\" rel=\"noopener\">Nova Am\u00e9rica<\/a>, na cidade de <a href=\"https:\/\/bit.ly\/2YytCa6\" target=\"_blank\" rel=\"noopener\">Nova Igua\u00e7u<\/a>, na <a href=\"https:\/\/bit.ly\/32JVvht\" target=\"_blank\" rel=\"noopener\">Baixada Fluminense<\/a>, dois sobreviventes encontram na arte sua espada e seu escudo, refletindo sobre a palavra e o corpo enquanto territ\u00f3rio, em um Estado que l\u00ea seus corpos como corpos estranhos, prontos para <a href=\"https:\/\/bit.ly\/2YQbMTP\" target=\"_blank\" rel=\"noopener\">serem expelidos<\/a> a qualquer momento. Como foi com os seus pares.<\/p>\n<p><a href=\"https:\/\/bit.ly\/CulpaDosSobreviventes\" target=\"_blank\" rel=\"noopener\"><em>Culpa dos Sobreviventes<\/em><\/a> fala sobre a responsabilidade de ser ponto de virada, <a href=\"https:\/\/bit.ly\/3AdhIWw\" target=\"_blank\" rel=\"noopener\">de abrir caminhos<\/a>, de resistir em meio ao <a href=\"https:\/\/bit.ly\/3MSQ5bE\" target=\"_blank\" rel=\"noopener\">constante abatimento<\/a> e <a href=\"https:\/\/bit.ly\/2WOOThV\" target=\"_blank\" rel=\"noopener\">sucateamento de corpos<\/a>, <a href=\"https:\/\/bit.ly\/3BN1jc8\" target=\"_blank\" rel=\"noopener\">sonhos<\/a> e <a href=\"https:\/\/bit.ly\/2WxQ208\" target=\"_blank\" rel=\"noopener\">liberdade<\/a>. Nas margens, a <a href=\"https:\/\/bit.ly\/3LPcHM9\" target=\"_blank\" rel=\"noopener\">arte \u00e9 a m\u00e3o estendida<\/a>, \u00e9 o <a href=\"https:\/\/bit.ly\/3XElqVW\" target=\"_blank\" rel=\"noopener\">colo que afaga<\/a> e direciona todo \u00f3dio contido, por <a href=\"https:\/\/bit.ly\/44hLuIW\" target=\"_blank\" rel=\"noopener\">muitas vezes inconsciente<\/a> e que tanto nos leva ao caminho autodestrutivo. A verdadeira subvers\u00e3o est\u00e1 em retomar a autoestima e o <a href=\"https:\/\/bit.ly\/2Xgzmbx\" target=\"_blank\" rel=\"noopener\">senso de comunidade<\/a>, pois aqui o caos e a perdi\u00e7\u00e3o s\u00e3o planos de governo. Carregar a dor de sobreviver, recarregar o sonho por quem se foi. Isso \u00e9 <em>Culpa dos Sobreviventes<\/em>.<\/p>\n<blockquote>\n<h3>Culpa dos Sobreviventes<\/h3>\n<h3>(Onni)<\/h3>\n<p>ainda somos vistos como o perigo na esquina<br \/>\nnos querem beira mar e n\u00e3o beira de piscina<br \/>\nno simples ato de existir somos v\u00edtimas de chacina<br \/>\npor isso lutamos dan\u00e7ando, a cada passo uma esquiva<\/p>\n<p>ahm, trago na pele a sina da sobreviv\u00eancia<br \/>\nmovimento ancestral, sem temor ou clem\u00eancia<br \/>\no fogo nos meus olhos \u00e9 reflexo da inquisi\u00e7\u00e3o<br \/>\nsem esquecer da travessia e toda catequiza\u00e7\u00e3o<\/p>\n<p>sou Canudos, Carandiru, Chatuba, Carmary<br \/>\npolu\u00edram nossas terras pra dizer que o mal mora aqui<br \/>\nde l\u00e1 pra c\u00e1 nosso povo n\u00e3o vai se calar<br \/>\nvelha chama acesa, ponto de for\u00e7a sem cessar<\/p>\n<p>bota f\u00e9, nenhuma baixa ser\u00e1 esquecida<br \/>\npassos seguiram marchas, bra\u00e7os seguram faixas<br \/>\ncontra a crise erguida, cheio de fome de revolta<br \/>\nse a vingan\u00e7a t\u00e1 no meu nome nada mais importa<\/p>\n<h3>(PL)<\/h3>\n<p>vindo do lado pior<br \/>\na verdade \u00e9 o suficiente<br \/>\nfoda-se o que pensam disso<br \/>\n\u00e0s vezes o que temos \u00e9 o que o outro mais quer<\/p>\n<p>adivinha qual a cor do mal visto?<br \/>\nonde o crime \u00e9 visto como sustento<br \/>\nentre ser ou n\u00e3o ser, uns se matam<br \/>\nenquanto pinga n\u00e3o seca<\/p>\n<p>essa merda bateu diferente<br \/>\nnem sempre o que \u00e9 pra um \u00e9 pra outro<br \/>\nrealidades moldam vidas, esquinas e metas<br \/>\nmas entre banho maria e banho de sangue n\u00e3o exagere<\/p>\n<p>caos em meio a doce sinfonia<br \/>\nparece assassinato f\u00f4nico<br \/>\naplicando press\u00e3o na ferida<br \/>\nisso \u00e9 Culpa dos Sobreviventes<\/p>\n<p>ent\u00e3o deixa que a arte consuma<br \/>\nn\u00e3o precisa perguntar duas vezes<br \/>\nofere\u00e7o rosas e perd\u00f5es<br \/>\nisso \u00e9 Culpa dos Sobreviventes.<\/p><\/blockquote>\n<h3>Assista ao V\u00eddeo Slam <a href=\"https:\/\/bit.ly\/CulpaDosSobreviventes\" target=\"_blank\" rel=\"noopener\">Aqui<\/a>.<\/h3>\n<p><a href=\"https:\/\/rioonwatch.org.br\/wp-content\/uploads\/2023\/07\/MC-Onni-e-MC-PL-no-videoslam-Culpa-dos-Sobreviventes-refletem-sobre-a-palavra-e-o-corpo-enquanto-territorio.-RioOnWatch-1.png\"><img fetchpriority=\"high\" decoding=\"async\" class=\"alignright size-full wp-image-69514\" src=\"https:\/\/rioonwatch.org.br\/wp-content\/uploads\/2023\/07\/MC-Onni-e-MC-PL-no-videoslam-Culpa-dos-Sobreviventes-refletem-sobre-a-palavra-e-o-corpo-enquanto-territorio.-RioOnWatch-1.png\" alt=\"\" width=\"1366\" height=\"768\" srcset=\"https:\/\/rioonwatch.org.br\/wp-content\/uploads\/2023\/07\/MC-Onni-e-MC-PL-no-videoslam-Culpa-dos-Sobreviventes-refletem-sobre-a-palavra-e-o-corpo-enquanto-territorio.-RioOnWatch-1.png 1366w, https:\/\/rioonwatch.org.br\/wp-content\/uploads\/2023\/07\/MC-Onni-e-MC-PL-no-videoslam-Culpa-dos-Sobreviventes-refletem-sobre-a-palavra-e-o-corpo-enquanto-territorio.-RioOnWatch-1-620x349.png 620w, https:\/\/rioonwatch.org.br\/wp-content\/uploads\/2023\/07\/MC-Onni-e-MC-PL-no-videoslam-Culpa-dos-Sobreviventes-refletem-sobre-a-palavra-e-o-corpo-enquanto-territorio.-RioOnWatch-1-1119x629.png 1119w\" sizes=\"(max-width: 1366px) 100vw, 1366px\" \/><\/a><\/p>\n<p><em>Sobre o autor: <a href=\"https:\/\/bit.ly\/3pMSmiq\" target=\"_blank\" rel=\"noopener\">MC Onni<\/a> \u00e9 oriundo de Nova Igua\u00e7u, Baixada Fluminense. Atua desde 2008 como produtor cultural do Alma Versada e do Sarau V (2014). O rapper lan\u00e7ou seu primeiro EP em 2017 e anunciou o disco novo para 2023.<\/em><\/p>\n<p><em>Sobre o autor: MC PL \u00e9 oriundo de Nova Igua\u00e7u, Baixada Fluminense. Por ser neto do <a href=\"https:\/\/bit.ly\/44Hzhgo\" target=\"_blank\" rel=\"noopener\">Neguinho da Beija-Flor<\/a> respira m\u00fasica desde pequeno e hoje se encontra em est\u00fadio criando seu trabalho de estreia.<\/em><\/p>\n<p><em>Edi\u00e7\u00e3o pela Cof Films que \u00e9 composta por Kevilin Antunes, Oz bxd e Higor Cabral.<\/em><\/p>\n<hr \/>\n<h4><b data-stringify-type=\"bold\">Apoie nossos esfor\u00e7os para fornecer apoio estrat\u00e9gico \u00e0s favelas do Rio, incluindo o jornalismo hiperlocal, cr\u00edtico, inovador e incans\u00e1vel do\u00a0<\/b><b data-stringify-type=\"bold\"><i data-stringify-type=\"italic\">RioOnWatch<\/i><\/b>\u2014<a class=\"c-link\" href=\"http:\/\/www.bit.ly\/ApoieROW\" target=\"_blank\" rel=\"noopener noreferrer\" data-stringify-link=\"http:\/\/www.bit.ly\/ApoieROW\" data-sk=\"tooltip_parent\">doe aqui<\/a>.<\/h4>\n<!-- AddThis Advanced Settings generic via filter on the_content --><!-- AddThis Share Buttons generic via filter on the_content -->","protected":false},"excerpt":{"rendered":"<div class=\"mh-excerpt\"><p>\ufeff Click Here for English Um grito que emerge das trincheiras de uma guerra silenciosa. Direto do bairro Nova Am\u00e9rica, na cidade de Nova Igua\u00e7u, na Baixada Fluminense, dois sobreviventes encontram na arte sua espada <a class=\"mh-excerpt-more\" href=\"https:\/\/rioonwatch.org.br\/?p=69443\" title=\"&#8216;Culpa dos Sobreviventes&#8217;: V\u00eddeo Slam de Crias da Baixada Reflete sobre a Palavra e o Corpo Enquanto Territ\u00f3rio [V\u00cdDEO]\">[&#8230;]<\/a><!-- AddThis Advanced Settings generic via filter on get_the_excerpt --><!-- AddThis Share Buttons generic via filter on get_the_excerpt --><\/p>\n<\/div>","protected":false},"author":167,"featured_media":69514,"comment_status":"closed","ping_status":"closed","sticky":false,"template":"template-full.php","format":"standard","meta":{"_acf_changed":false,"_monsterinsights_skip_tracking":false,"_monsterinsights_sitenote_active":false,"_monsterinsights_sitenote_note":"","_monsterinsights_sitenote_category":0,"footnotes":""},"categories":[1621,1615,1625,1638],"tags":[959,422,831,876,88,316,113,2561,3413,961,102,1412,1718,2069,2671,370,1810],"writer":[3343,3344],"translator":[],"source":[],"ilustrador":[],"fotografo":[],"class_list":{"0":"post-69443","1":"post","2":"type-post","3":"status-publish","4":"format-standard","5":"has-post-thumbnail","7":"category-destaque","8":"category-cultura-da-favela","9":"category-por-correspondentes-comunitarios","10":"category-video","11":"tag-baixada-fluminense","12":"tag-cultura-de-rua","13":"tag-direito-a-cidade","14":"tag-direitos-da-crianca","15":"tag-direitos-humanos","16":"tag-educacao","17":"tag-juventude","18":"tag-necropolitica","19":"tag-nova-america","20":"tag-nova-iguacu","21":"tag-poesia","22":"tag-producao-cultural","23":"tag-rap","24":"tag-saude-mental","25":"tag-slam","26":"tag-transporte-publico","27":"tag-video","28":"writer-mc-onni","29":"writer-mc-pl"},"acf":[],"yoast_head":"<!-- This site is optimized with the Yoast SEO plugin v25.6 - https:\/\/yoast.com\/wordpress\/plugins\/seo\/ -->\n<title>&#039;Culpa dos Sobreviventes&#039;: V\u00eddeo Slam de Crias da Baixada Reflete sobre a Palavra e o Corpo Enquanto Territ\u00f3rio [V\u00cdDEO] - RioOnWatch<\/title>\n<meta name=\"robots\" content=\"index, follow, max-snippet:-1, max-image-preview:large, max-video-preview:-1\" \/>\n<link rel=\"canonical\" href=\"https:\/\/rioonwatch.org.br\/?p=69443\" \/>\n<meta property=\"og:locale\" content=\"pt_BR\" \/>\n<meta property=\"og:type\" content=\"article\" \/>\n<meta property=\"og:title\" content=\"&#039;Culpa dos Sobreviventes&#039;: V\u00eddeo Slam de Crias da Baixada Reflete sobre a Palavra e o Corpo Enquanto Territ\u00f3rio [V\u00cdDEO] - RioOnWatch\" \/>\n<meta property=\"og:description\" content=\"\ufeff Click Here for English Um grito que emerge das trincheiras de uma guerra silenciosa. Direto do bairro Nova Am\u00e9rica, na cidade de Nova Igua\u00e7u, na Baixada Fluminense, dois sobreviventes encontram na arte sua espada [...]\" \/>\n<meta property=\"og:url\" content=\"https:\/\/rioonwatch.org.br\/?p=69443\" \/>\n<meta property=\"og:site_name\" content=\"RioOnWatch\" \/>\n<meta property=\"article:published_time\" content=\"2023-07-18T09:00:18+00:00\" \/>\n<meta property=\"article:modified_time\" content=\"2024-02-22T21:39:44+00:00\" \/>\n<meta property=\"og:image\" content=\"https:\/\/rioonwatch.org.br\/wp-content\/uploads\/2023\/07\/MC-Onni-e-MC-PL-no-videoslam-Culpa-dos-Sobreviventes-refletem-sobre-a-palavra-e-o-corpo-enquanto-territorio.-RioOnWatch-1.png\" \/>\n\t<meta property=\"og:image:width\" content=\"1366\" \/>\n\t<meta property=\"og:image:height\" content=\"768\" \/>\n\t<meta property=\"og:image:type\" content=\"image\/png\" \/>\n<meta name=\"author\" content=\"Julio Santos Filho\" \/>\n<meta name=\"twitter:card\" content=\"summary_large_image\" \/>\n<meta name=\"twitter:label1\" content=\"Escrito por\" \/>\n\t<meta name=\"twitter:data1\" content=\"Julio Santos Filho\" \/>\n\t<meta name=\"twitter:label2\" content=\"Est. tempo de leitura\" \/>\n\t<meta name=\"twitter:data2\" content=\"4 minutos\" \/>\n<script type=\"application\/ld+json\" class=\"yoast-schema-graph\">{\"@context\":\"https:\/\/schema.org\",\"@graph\":[{\"@type\":\"Article\",\"@id\":\"https:\/\/rioonwatch.org.br\/?p=69443#article\",\"isPartOf\":{\"@id\":\"https:\/\/rioonwatch.org.br\/?p=69443\"},\"author\":{\"name\":\"Julio Santos Filho\",\"@id\":\"https:\/\/rioonwatch.org.br\/#\/schema\/person\/476bc75767957d3535b65b796667cd36\"},\"headline\":\"&#8216;Culpa dos Sobreviventes&#8217;: V\u00eddeo Slam de Crias da Baixada Reflete sobre a Palavra e o Corpo Enquanto Territ\u00f3rio [V\u00cdDEO]\",\"datePublished\":\"2023-07-18T09:00:18+00:00\",\"dateModified\":\"2024-02-22T21:39:44+00:00\",\"mainEntityOfPage\":{\"@id\":\"https:\/\/rioonwatch.org.br\/?p=69443\"},\"wordCount\":584,\"publisher\":{\"@id\":\"https:\/\/rioonwatch.org.br\/#organization\"},\"image\":{\"@id\":\"https:\/\/rioonwatch.org.br\/?p=69443#primaryimage\"},\"thumbnailUrl\":\"https:\/\/rioonwatch.org.br\/wp-content\/uploads\/2023\/07\/MC-Onni-e-MC-PL-no-videoslam-Culpa-dos-Sobreviventes-refletem-sobre-a-palavra-e-o-corpo-enquanto-territorio.-RioOnWatch-1.png\",\"keywords\":[\"Baixada Fluminense\",\"cultura de rua\",\"Direito \u00e0 Cidade\",\"direitos da crian\u00e7a\",\"Direitos Humanos\",\"educa\u00e7\u00e3o\",\"juventude\",\"necropol\u00edtica\",\"Nova Am\u00e9rica\",\"Nova Igua\u00e7u\",\"poesia\",\"produ\u00e7\u00e3o cultural\",\"rap\",\"sa\u00fade mental\",\"slam\",\"transporte p\u00fablico\",\"v\u00eddeo\"],\"articleSection\":[\"*Destaque\",\"Cultura da Favela\",\"Escrito por Comunicadores Populares\",\"V\u00eddeo\"],\"inLanguage\":\"pt-BR\"},{\"@type\":\"WebPage\",\"@id\":\"https:\/\/rioonwatch.org.br\/?p=69443\",\"url\":\"https:\/\/rioonwatch.org.br\/?p=69443\",\"name\":\"'Culpa dos Sobreviventes': V\u00eddeo Slam de Crias da Baixada Reflete sobre a Palavra e o Corpo Enquanto Territ\u00f3rio [V\u00cdDEO] - RioOnWatch\",\"isPartOf\":{\"@id\":\"https:\/\/rioonwatch.org.br\/#website\"},\"primaryImageOfPage\":{\"@id\":\"https:\/\/rioonwatch.org.br\/?p=69443#primaryimage\"},\"image\":{\"@id\":\"https:\/\/rioonwatch.org.br\/?p=69443#primaryimage\"},\"thumbnailUrl\":\"https:\/\/rioonwatch.org.br\/wp-content\/uploads\/2023\/07\/MC-Onni-e-MC-PL-no-videoslam-Culpa-dos-Sobreviventes-refletem-sobre-a-palavra-e-o-corpo-enquanto-territorio.-RioOnWatch-1.png\",\"datePublished\":\"2023-07-18T09:00:18+00:00\",\"dateModified\":\"2024-02-22T21:39:44+00:00\",\"breadcrumb\":{\"@id\":\"https:\/\/rioonwatch.org.br\/?p=69443#breadcrumb\"},\"inLanguage\":\"pt-BR\",\"potentialAction\":[{\"@type\":\"ReadAction\",\"target\":[\"https:\/\/rioonwatch.org.br\/?p=69443\"]}]},{\"@type\":\"ImageObject\",\"inLanguage\":\"pt-BR\",\"@id\":\"https:\/\/rioonwatch.org.br\/?p=69443#primaryimage\",\"url\":\"https:\/\/rioonwatch.org.br\/wp-content\/uploads\/2023\/07\/MC-Onni-e-MC-PL-no-videoslam-Culpa-dos-Sobreviventes-refletem-sobre-a-palavra-e-o-corpo-enquanto-territorio.-RioOnWatch-1.png\",\"contentUrl\":\"https:\/\/rioonwatch.org.br\/wp-content\/uploads\/2023\/07\/MC-Onni-e-MC-PL-no-videoslam-Culpa-dos-Sobreviventes-refletem-sobre-a-palavra-e-o-corpo-enquanto-territorio.-RioOnWatch-1.png\",\"width\":1366,\"height\":768,\"caption\":\"MC Onni e MC PL no v\u00eddeo slam 'Culpa dos Sobreviventes' refletem sobre a palavra e o corpo enquanto territ\u00f3rio. RioOnWatch\"},{\"@type\":\"BreadcrumbList\",\"@id\":\"https:\/\/rioonwatch.org.br\/?p=69443#breadcrumb\",\"itemListElement\":[{\"@type\":\"ListItem\",\"position\":1,\"name\":\"In\u00edcio\",\"item\":\"https:\/\/rioonwatch.org.br\/\"},{\"@type\":\"ListItem\",\"position\":2,\"name\":\"&#8216;Culpa dos Sobreviventes&#8217;: V\u00eddeo Slam de Crias da Baixada Reflete sobre a Palavra e o Corpo Enquanto Territ\u00f3rio [V\u00cdDEO]\"}]},{\"@type\":\"WebSite\",\"@id\":\"https:\/\/rioonwatch.org.br\/#website\",\"url\":\"https:\/\/rioonwatch.org.br\/\",\"name\":\"RioOnWatch\",\"description\":\"relatos das favelas cariocas\",\"publisher\":{\"@id\":\"https:\/\/rioonwatch.org.br\/#organization\"},\"potentialAction\":[{\"@type\":\"SearchAction\",\"target\":{\"@type\":\"EntryPoint\",\"urlTemplate\":\"https:\/\/rioonwatch.org.br\/?s={search_term_string}\"},\"query-input\":{\"@type\":\"PropertyValueSpecification\",\"valueRequired\":true,\"valueName\":\"search_term_string\"}}],\"inLanguage\":\"pt-BR\"},{\"@type\":\"Organization\",\"@id\":\"https:\/\/rioonwatch.org.br\/#organization\",\"name\":\"RioOnWatch\",\"url\":\"https:\/\/rioonwatch.org.br\/\",\"logo\":{\"@type\":\"ImageObject\",\"inLanguage\":\"pt-BR\",\"@id\":\"https:\/\/rioonwatch.org.br\/#\/schema\/logo\/image\/\",\"url\":\"https:\/\/rioonwatch.org.br\/wp-content\/uploads\/2021\/06\/RioOnWatchcabecalhoPT11anos-2.png\",\"contentUrl\":\"https:\/\/rioonwatch.org.br\/wp-content\/uploads\/2021\/06\/RioOnWatchcabecalhoPT11anos-2.png\",\"width\":779,\"height\":277,\"caption\":\"RioOnWatch\"},\"image\":{\"@id\":\"https:\/\/rioonwatch.org.br\/#\/schema\/logo\/image\/\"}},{\"@type\":\"Person\",\"@id\":\"https:\/\/rioonwatch.org.br\/#\/schema\/person\/476bc75767957d3535b65b796667cd36\",\"name\":\"Julio Santos Filho\",\"image\":{\"@type\":\"ImageObject\",\"inLanguage\":\"pt-BR\",\"@id\":\"https:\/\/rioonwatch.org.br\/#\/schema\/person\/image\/\",\"url\":\"https:\/\/secure.gravatar.com\/avatar\/ca138f7666182a292a8ce4ca14fb81f8?s=96&d=blank&r=g\",\"contentUrl\":\"https:\/\/secure.gravatar.com\/avatar\/ca138f7666182a292a8ce4ca14fb81f8?s=96&d=blank&r=g\",\"caption\":\"Julio Santos Filho\"},\"url\":\"https:\/\/rioonwatch.org.br\/?author=167\"}]}<\/script>\n<!-- \/ Yoast SEO plugin. -->","yoast_head_json":{"title":"'Culpa dos Sobreviventes': V\u00eddeo Slam de Crias da Baixada Reflete sobre a Palavra e o Corpo Enquanto Territ\u00f3rio [V\u00cdDEO] - RioOnWatch","robots":{"index":"index","follow":"follow","max-snippet":"max-snippet:-1","max-image-preview":"max-image-preview:large","max-video-preview":"max-video-preview:-1"},"canonical":"https:\/\/rioonwatch.org.br\/?p=69443","og_locale":"pt_BR","og_type":"article","og_title":"'Culpa dos Sobreviventes': V\u00eddeo Slam de Crias da Baixada Reflete sobre a Palavra e o Corpo Enquanto Territ\u00f3rio [V\u00cdDEO] - RioOnWatch","og_description":"\ufeff Click Here for English Um grito que emerge das trincheiras de uma guerra silenciosa. Direto do bairro Nova Am\u00e9rica, na cidade de Nova Igua\u00e7u, na Baixada Fluminense, dois sobreviventes encontram na arte sua espada [...]","og_url":"https:\/\/rioonwatch.org.br\/?p=69443","og_site_name":"RioOnWatch","article_published_time":"2023-07-18T09:00:18+00:00","article_modified_time":"2024-02-22T21:39:44+00:00","og_image":[{"width":1366,"height":768,"url":"https:\/\/rioonwatch.org.br\/wp-content\/uploads\/2023\/07\/MC-Onni-e-MC-PL-no-videoslam-Culpa-dos-Sobreviventes-refletem-sobre-a-palavra-e-o-corpo-enquanto-territorio.-RioOnWatch-1.png","type":"image\/png"}],"author":"Julio Santos Filho","twitter_card":"summary_large_image","twitter_misc":{"Escrito por":"Julio Santos Filho","Est. tempo de leitura":"4 minutos"},"schema":{"@context":"https:\/\/schema.org","@graph":[{"@type":"Article","@id":"https:\/\/rioonwatch.org.br\/?p=69443#article","isPartOf":{"@id":"https:\/\/rioonwatch.org.br\/?p=69443"},"author":{"name":"Julio Santos Filho","@id":"https:\/\/rioonwatch.org.br\/#\/schema\/person\/476bc75767957d3535b65b796667cd36"},"headline":"&#8216;Culpa dos Sobreviventes&#8217;: V\u00eddeo Slam de Crias da Baixada Reflete sobre a Palavra e o Corpo Enquanto Territ\u00f3rio [V\u00cdDEO]","datePublished":"2023-07-18T09:00:18+00:00","dateModified":"2024-02-22T21:39:44+00:00","mainEntityOfPage":{"@id":"https:\/\/rioonwatch.org.br\/?p=69443"},"wordCount":584,"publisher":{"@id":"https:\/\/rioonwatch.org.br\/#organization"},"image":{"@id":"https:\/\/rioonwatch.org.br\/?p=69443#primaryimage"},"thumbnailUrl":"https:\/\/rioonwatch.org.br\/wp-content\/uploads\/2023\/07\/MC-Onni-e-MC-PL-no-videoslam-Culpa-dos-Sobreviventes-refletem-sobre-a-palavra-e-o-corpo-enquanto-territorio.-RioOnWatch-1.png","keywords":["Baixada Fluminense","cultura de rua","Direito \u00e0 Cidade","direitos da crian\u00e7a","Direitos Humanos","educa\u00e7\u00e3o","juventude","necropol\u00edtica","Nova Am\u00e9rica","Nova Igua\u00e7u","poesia","produ\u00e7\u00e3o cultural","rap","sa\u00fade mental","slam","transporte p\u00fablico","v\u00eddeo"],"articleSection":["*Destaque","Cultura da Favela","Escrito por Comunicadores Populares","V\u00eddeo"],"inLanguage":"pt-BR"},{"@type":"WebPage","@id":"https:\/\/rioonwatch.org.br\/?p=69443","url":"https:\/\/rioonwatch.org.br\/?p=69443","name":"'Culpa dos Sobreviventes': V\u00eddeo Slam de Crias da Baixada Reflete sobre a Palavra e o Corpo Enquanto Territ\u00f3rio [V\u00cdDEO] - RioOnWatch","isPartOf":{"@id":"https:\/\/rioonwatch.org.br\/#website"},"primaryImageOfPage":{"@id":"https:\/\/rioonwatch.org.br\/?p=69443#primaryimage"},"image":{"@id":"https:\/\/rioonwatch.org.br\/?p=69443#primaryimage"},"thumbnailUrl":"https:\/\/rioonwatch.org.br\/wp-content\/uploads\/2023\/07\/MC-Onni-e-MC-PL-no-videoslam-Culpa-dos-Sobreviventes-refletem-sobre-a-palavra-e-o-corpo-enquanto-territorio.-RioOnWatch-1.png","datePublished":"2023-07-18T09:00:18+00:00","dateModified":"2024-02-22T21:39:44+00:00","breadcrumb":{"@id":"https:\/\/rioonwatch.org.br\/?p=69443#breadcrumb"},"inLanguage":"pt-BR","potentialAction":[{"@type":"ReadAction","target":["https:\/\/rioonwatch.org.br\/?p=69443"]}]},{"@type":"ImageObject","inLanguage":"pt-BR","@id":"https:\/\/rioonwatch.org.br\/?p=69443#primaryimage","url":"https:\/\/rioonwatch.org.br\/wp-content\/uploads\/2023\/07\/MC-Onni-e-MC-PL-no-videoslam-Culpa-dos-Sobreviventes-refletem-sobre-a-palavra-e-o-corpo-enquanto-territorio.-RioOnWatch-1.png","contentUrl":"https:\/\/rioonwatch.org.br\/wp-content\/uploads\/2023\/07\/MC-Onni-e-MC-PL-no-videoslam-Culpa-dos-Sobreviventes-refletem-sobre-a-palavra-e-o-corpo-enquanto-territorio.-RioOnWatch-1.png","width":1366,"height":768,"caption":"MC Onni e MC PL no v\u00eddeo slam 'Culpa dos Sobreviventes' refletem sobre a palavra e o corpo enquanto territ\u00f3rio. RioOnWatch"},{"@type":"BreadcrumbList","@id":"https:\/\/rioonwatch.org.br\/?p=69443#breadcrumb","itemListElement":[{"@type":"ListItem","position":1,"name":"In\u00edcio","item":"https:\/\/rioonwatch.org.br\/"},{"@type":"ListItem","position":2,"name":"&#8216;Culpa dos Sobreviventes&#8217;: V\u00eddeo Slam de Crias da Baixada Reflete sobre a Palavra e o Corpo Enquanto Territ\u00f3rio [V\u00cdDEO]"}]},{"@type":"WebSite","@id":"https:\/\/rioonwatch.org.br\/#website","url":"https:\/\/rioonwatch.org.br\/","name":"RioOnWatch","description":"relatos das favelas cariocas","publisher":{"@id":"https:\/\/rioonwatch.org.br\/#organization"},"potentialAction":[{"@type":"SearchAction","target":{"@type":"EntryPoint","urlTemplate":"https:\/\/rioonwatch.org.br\/?s={search_term_string}"},"query-input":{"@type":"PropertyValueSpecification","valueRequired":true,"valueName":"search_term_string"}}],"inLanguage":"pt-BR"},{"@type":"Organization","@id":"https:\/\/rioonwatch.org.br\/#organization","name":"RioOnWatch","url":"https:\/\/rioonwatch.org.br\/","logo":{"@type":"ImageObject","inLanguage":"pt-BR","@id":"https:\/\/rioonwatch.org.br\/#\/schema\/logo\/image\/","url":"https:\/\/rioonwatch.org.br\/wp-content\/uploads\/2021\/06\/RioOnWatchcabecalhoPT11anos-2.png","contentUrl":"https:\/\/rioonwatch.org.br\/wp-content\/uploads\/2021\/06\/RioOnWatchcabecalhoPT11anos-2.png","width":779,"height":277,"caption":"RioOnWatch"},"image":{"@id":"https:\/\/rioonwatch.org.br\/#\/schema\/logo\/image\/"}},{"@type":"Person","@id":"https:\/\/rioonwatch.org.br\/#\/schema\/person\/476bc75767957d3535b65b796667cd36","name":"Julio Santos Filho","image":{"@type":"ImageObject","inLanguage":"pt-BR","@id":"https:\/\/rioonwatch.org.br\/#\/schema\/person\/image\/","url":"https:\/\/secure.gravatar.com\/avatar\/ca138f7666182a292a8ce4ca14fb81f8?s=96&d=blank&r=g","contentUrl":"https:\/\/secure.gravatar.com\/avatar\/ca138f7666182a292a8ce4ca14fb81f8?s=96&d=blank&r=g","caption":"Julio Santos Filho"},"url":"https:\/\/rioonwatch.org.br\/?author=167"}]}},"_links":{"self":[{"href":"https:\/\/rioonwatch.org.br\/index.php?rest_route=\/wp\/v2\/posts\/69443"}],"collection":[{"href":"https:\/\/rioonwatch.org.br\/index.php?rest_route=\/wp\/v2\/posts"}],"about":[{"href":"https:\/\/rioonwatch.org.br\/index.php?rest_route=\/wp\/v2\/types\/post"}],"author":[{"embeddable":true,"href":"https:\/\/rioonwatch.org.br\/index.php?rest_route=\/wp\/v2\/users\/167"}],"replies":[{"embeddable":true,"href":"https:\/\/rioonwatch.org.br\/index.php?rest_route=%2Fwp%2Fv2%2Fcomments&post=69443"}],"version-history":[{"count":18,"href":"https:\/\/rioonwatch.org.br\/index.php?rest_route=\/wp\/v2\/posts\/69443\/revisions"}],"predecessor-version":[{"id":72514,"href":"https:\/\/rioonwatch.org.br\/index.php?rest_route=\/wp\/v2\/posts\/69443\/revisions\/72514"}],"wp:featuredmedia":[{"embeddable":true,"href":"https:\/\/rioonwatch.org.br\/index.php?rest_route=\/wp\/v2\/media\/69514"}],"wp:attachment":[{"href":"https:\/\/rioonwatch.org.br\/index.php?rest_route=%2Fwp%2Fv2%2Fmedia&parent=69443"}],"wp:term":[{"taxonomy":"category","embeddable":true,"href":"https:\/\/rioonwatch.org.br\/index.php?rest_route=%2Fwp%2Fv2%2Fcategories&post=69443"},{"taxonomy":"post_tag","embeddable":true,"href":"https:\/\/rioonwatch.org.br\/index.php?rest_route=%2Fwp%2Fv2%2Ftags&post=69443"},{"taxonomy":"writer","embeddable":true,"href":"https:\/\/rioonwatch.org.br\/index.php?rest_route=%2Fwp%2Fv2%2Fwriter&post=69443"},{"taxonomy":"translator","embeddable":true,"href":"https:\/\/rioonwatch.org.br\/index.php?rest_route=%2Fwp%2Fv2%2Ftranslator&post=69443"},{"taxonomy":"source","embeddable":true,"href":"https:\/\/rioonwatch.org.br\/index.php?rest_route=%2Fwp%2Fv2%2Fsource&post=69443"},{"taxonomy":"ilustrador","embeddable":true,"href":"https:\/\/rioonwatch.org.br\/index.php?rest_route=%2Fwp%2Fv2%2Filustrador&post=69443"},{"taxonomy":"fotografo","embeddable":true,"href":"https:\/\/rioonwatch.org.br\/index.php?rest_route=%2Fwp%2Fv2%2Ffotografo&post=69443"}],"curies":[{"name":"wp","href":"https:\/\/api.w.org\/{rel}","templated":true}]}}