{"id":69517,"date":"2023-07-29T16:28:41","date_gmt":"2023-07-29T19:28:41","guid":{"rendered":"https:\/\/rioonwatch.org.br\/?p=69517"},"modified":"2023-08-04T12:11:47","modified_gmt":"2023-08-04T15:11:47","slug":"associacao-de-mulheres-de-itaguai-guerreiras-e-articuladoras-sociais-a-m-i-g-a-s-atende-mulheres-do-engenho-catadores-e-vitimas-de-enchentes-por-meio-da-cozinha-afetiva-educacao-geracao-de-renda","status":"publish","type":"post","link":"https:\/\/rioonwatch.org.br\/?p=69517","title":{"rendered":"Associa\u00e7\u00e3o de Mulheres de Itagua\u00ed Guerreiras e Articuladoras Sociais (A.M.I.G.A.S.) Atende Mulheres do Engenho, Catadores e V\u00edtimas de Enchentes por meio da Cozinha Afetiva, Educa\u00e7\u00e3o, Gera\u00e7\u00e3o de Renda"},"content":{"rendered":"<figure id=\"attachment_69541\" aria-describedby=\"caption-attachment-69541\" style=\"width: 2047px\" class=\"wp-caption aligncenter\"><a href=\"https:\/\/rioonwatch.org.br\/wp-content\/uploads\/2023\/07\/Anna-Paula-Sales-lideranca-do-Engenho-Itaguai-e-fundadora-da-Associacao-de-Mulheres-de-Itaguai-Guerreiras-e-Articuladoras-Sociais-A.M.I.G.A.S.jpg\"><img fetchpriority=\"high\" decoding=\"async\" class=\"wp-image-69541 size-full\" title=\"Anna Paula Sales, lideran\u00e7a do Engenho, Itagua\u00ed, e fundadora da Associa\u00e7\u00e3o de Mulheres de Itagua\u00ed - Guerreiras e Articuladoras Sociais (A.M.I.G.A.S.) mostra uma travessa de batata-doce sendo servida na Cozinha Solid\u00e1ria de Itagua\u00ed. Foto: Alexandre Cerqueira\" src=\"https:\/\/rioonwatch.org.br\/wp-content\/uploads\/2023\/07\/Anna-Paula-Sales-lideranca-do-Engenho-Itaguai-e-fundadora-da-Associacao-de-Mulheres-de-Itaguai-Guerreiras-e-Articuladoras-Sociais-A.M.I.G.A.S.jpg\" alt=\"Anna Paula Sales, lideran\u00e7a do Engenho, Itagua\u00ed, e fundadora da Associa\u00e7\u00e3o de Mulheres de Itagua\u00ed - Guerreiras e Articuladoras Sociais (A.M.I.G.A.S.) mostra uma travessa de batata-doce sendo servida na Cozinha Solid\u00e1ria de Itagua\u00ed. Foto: Alexandre Cerqueira\" width=\"2047\" height=\"1365\" srcset=\"https:\/\/rioonwatch.org.br\/wp-content\/uploads\/2023\/07\/Anna-Paula-Sales-lideranca-do-Engenho-Itaguai-e-fundadora-da-Associacao-de-Mulheres-de-Itaguai-Guerreiras-e-Articuladoras-Sociais-A.M.I.G.A.S.jpg 2047w, https:\/\/rioonwatch.org.br\/wp-content\/uploads\/2023\/07\/Anna-Paula-Sales-lideranca-do-Engenho-Itaguai-e-fundadora-da-Associacao-de-Mulheres-de-Itaguai-Guerreiras-e-Articuladoras-Sociais-A.M.I.G.A.S-620x413.jpg 620w, https:\/\/rioonwatch.org.br\/wp-content\/uploads\/2023\/07\/Anna-Paula-Sales-lideranca-do-Engenho-Itaguai-e-fundadora-da-Associacao-de-Mulheres-de-Itaguai-Guerreiras-e-Articuladoras-Sociais-A.M.I.G.A.S-943x629.jpg 943w\" sizes=\"(max-width: 2047px) 100vw, 2047px\" \/><\/a><figcaption id=\"caption-attachment-69541\" class=\"wp-caption-text\">Anna Paula Sales, lideran\u00e7a do Engenho, Itagua\u00ed, e co-fundadora da Associa\u00e7\u00e3o de Mulheres de Itagua\u00ed &#8211; Guerreiras e Articuladoras Sociais (A.M.I.G.A.S.) mostra uma travessa de batata-doce sendo servida na Cozinha Afetiva Comunit\u00e1ria Sustent\u00e1vel. Foto: Alexandre Cerqueira<\/figcaption><\/figure>\n<p style=\"text-align: right;\"><em><strong><a href=\"https:\/\/bit.ly\/3XGt2XP\" target=\"_blank\" rel=\"noopener noreferrer\">Click Here for English<\/a><a href=\"https:\/\/bit.ly\/3XGt2XP\" rel=\"noopener noreferrer\"><img decoding=\"async\" class=\"alignright wp-image-15790\" src=\"https:\/\/rioonwatch.org.br\/wp-content\/uploads\/2012\/08\/EN-standard-e1439583104716.jpg\" alt=\"\" width=\"20\" height=\"20\" \/><\/a><\/strong><\/em><\/p>\n<p><em><span style=\"font-weight: 400;\">Este artigo faz parte de uma <\/span><a href=\"https:\/\/bit.ly\/PerfisRFS\" target=\"_blank\" rel=\"noopener\">s\u00e9rie de perfis de iniciativas da Rede Favela Sustent\u00e1vel<\/a>.<\/em><\/p>\n<blockquote><p><span style=\"text-decoration: underline;\"><strong>Iniciativa<\/strong><\/span>: Associa\u00e7\u00e3o de Mulheres de Itagua\u00ed \u2014 Guerreiras e Articuladoras Sociais (<a href=\"https:\/\/bit.ly\/3iSmSyq\" target=\"_blank\" rel=\"noopener\">A.M.I.G.A.S.<\/a>)<br \/>\n<span style=\"text-decoration: underline;\"><strong>Contato<\/strong><\/span>: <a href=\"https:\/\/bit.ly\/3mk2pUQ\" target=\"_blank\" rel=\"noopener\">Facebook<\/a>\u00a0|\u00a0<a href=\"https:\/\/bit.ly\/2QzKAqt\" target=\"_blank\" rel=\"noopener\">Instagram<\/a> | +55 (21) 98660-6686 (WhatsApp e liga\u00e7\u00f5es)<br \/>\n<span style=\"text-decoration: underline;\"><strong>Ano de Funda\u00e7\u00e3o<\/strong><\/span>: 2015<br \/>\n<span style=\"text-decoration: underline;\"><strong>Comunidade<\/strong><\/span>: Engenho, Itagua\u00ed, Baixada Fluminense<br \/>\n<span style=\"text-decoration: underline;\"><strong>Miss\u00e3o<\/strong><\/span>: <span style=\"font-weight: 400;\">Promover a inclus\u00e3o social, transformando vidas e realidades por meio da educa\u00e7\u00e3o, arte e cultura, para a comunidade em geral. Garantir os direitos humanos, com foco na gera\u00e7\u00e3o de emprego e renda.<\/span><br \/>\n<span style=\"text-decoration: underline;\"><strong>Eventos P\u00fablicos<\/strong><\/span>: Cozinha Afetiva Comunit\u00e1ria Sustent\u00e1vel, dentro da sede da Associa\u00e7\u00e3o de Moradores do Engenho (A.M.E.), onde, \u00e0s segundas e quartas, \u00e0s 18h, o jantar \u00e9 servido gratuitamente. Aos domingos, o caf\u00e9 da manh\u00e3 \u00e9 gratuito para a comunidade entre 9h e 10h, enquanto o almo\u00e7o \u00e9 servido \u00e0s 12h30.<br \/>\n<span style=\"text-decoration: underline;\"><strong>Como Contribuir<\/strong><\/span>: <span style=\"font-weight: 400;\">As doa\u00e7\u00f5es f\u00edsicas podem ser feitas na <\/span><a href=\"https:\/\/bit.ly\/43064fz\"><span style=\"font-weight: 400;\">Rua Manoel Soares da Costa, 13 \u2013 Engenho \u2013 Itagua\u00ed<\/span><\/a><span style=\"font-weight: 400;\">. Transfer\u00eancias banc\u00e1rias atrav\u00e9s do PIX cozinhaafetivacomunitaria@gmail.com ou conta: Banco: CORA SCD (C\u00f3digo 403) | Conta Corrente: 2053522-9 | Nome: Cozinha Afetiva Comunit\u00e1ria Sustent\u00e1vel<\/span><\/p><\/blockquote>\n<p><span style=\"font-weight: 400;\">Anna Paula Sales mora em Itagua\u00ed h\u00e1 mais de vinte anos. Originalmente de Pedra de Guaratiba, na Zona Oeste do Rio de Janeiro, ela se tornou uma moradora conhecida e respeitada da comunidade. Essa comunidade \u00e9 o Engenho, uma favela com cerca de 20.000 moradores, em Itagua\u00ed.<\/span><\/p>\n<blockquote><p><span style=\"font-weight: 400;\">\u201cCriei meus filhos aqui. Meus filhos estudaram aqui. Nossas ra\u00edzes est\u00e3o aqui.\u201d \u2014 Anna Paula Sales<\/span><\/p><\/blockquote>\n<figure id=\"attachment_69544\" aria-describedby=\"caption-attachment-69544\" style=\"width: 2047px\" class=\"wp-caption aligncenter\"><a href=\"https:\/\/rioonwatch.org.br\/wp-content\/uploads\/2023\/07\/Mulher-Guerreira-Anna-Paula-Sales.-Foto-Alexandre-Cerqueira.jpg\"><img decoding=\"async\" class=\"wp-image-69544 size-full\" title=\"Mulher Guerreira Anna Paula Sales. Foto: Alexandre Cerqueira\" src=\"https:\/\/rioonwatch.org.br\/wp-content\/uploads\/2023\/07\/Mulher-Guerreira-Anna-Paula-Sales.-Foto-Alexandre-Cerqueira.jpg\" alt=\"Mulher Guerreira Anna Paula Sales. Foto: Alexandre Cerqueira\" width=\"2047\" height=\"1365\" srcset=\"https:\/\/rioonwatch.org.br\/wp-content\/uploads\/2023\/07\/Mulher-Guerreira-Anna-Paula-Sales.-Foto-Alexandre-Cerqueira.jpg 2047w, https:\/\/rioonwatch.org.br\/wp-content\/uploads\/2023\/07\/Mulher-Guerreira-Anna-Paula-Sales.-Foto-Alexandre-Cerqueira-620x413.jpg 620w, https:\/\/rioonwatch.org.br\/wp-content\/uploads\/2023\/07\/Mulher-Guerreira-Anna-Paula-Sales.-Foto-Alexandre-Cerqueira-943x629.jpg 943w\" sizes=\"(max-width: 2047px) 100vw, 2047px\" \/><\/a><figcaption id=\"caption-attachment-69544\" class=\"wp-caption-text\">Mulher guerreira Anna Paula Sales. Foto: Alexandre Cerqueira<\/figcaption><\/figure>\n<p><span style=\"font-weight: 400;\">O munic\u00edpio de <\/span><a href=\"https:\/\/bit.ly\/2X1gPhx\" target=\"_blank\" rel=\"noopener\"><span style=\"font-weight: 400;\">Itagua\u00ed<\/span><\/a><span style=\"font-weight: 400;\"> est\u00e1 localizado na <\/span><a href=\"https:\/\/bit.ly\/32JVvht\" target=\"_blank\" rel=\"noopener\"><span style=\"font-weight: 400;\">Baixada Fluminense<\/span><\/a><span style=\"font-weight: 400;\">. Embora seja um sub\u00farbio do Rio, \u00e9 muito isolado do restante da regi\u00e3o metropolitana. \u201c[Itagua\u00ed] n\u00e3o tem <\/span><a href=\"https:\/\/bit.ly\/3tqGG1J\" target=\"_blank\" rel=\"noopener\"><span style=\"font-weight: 400;\">mobilidade urbana<\/span><\/a><span style=\"font-weight: 400;\">\u201d, diz Anna, \u201cn\u00e3o d\u00e1 para chegar nem sair daqui, porque de qualquer jeito voc\u00ea vai passar tr\u00eas horas no transporte p\u00fablico\u201d. Esse isolamento dos moradores de Itagua\u00ed das localidades com oferta de empregos mais lucrativos, mais perto do centro do Rio, levou a bols\u00f5es com altos n\u00edveis de pobreza na cidade, como na comunidade de Anna Paula. De muitas maneiras, os moradores do Engenho vivem n\u00e3o apenas fisicamente na periferia do Rio, mas tamb\u00e9m social, pol\u00edtica e economicamente.<\/span><\/p>\n<p><span style=\"font-weight: 400;\">Desde 2015, Anna Paula Sales \u00e9 uma figura importante na lideran\u00e7a das mulheres de A.M.I.G.A.S., sigla para Associa\u00e7\u00e3o de Mulheres de Itagua\u00ed \u2013 Guerreiras e Articuladoras Sociais. Falando sobre as ra\u00edzes da organiza\u00e7\u00e3o, Anna pontua que, agora, a institui\u00e7\u00e3o tem um escopo ainda mais abrangente do que antes.<\/span><\/p>\n<figure id=\"attachment_69545\" aria-describedby=\"caption-attachment-69545\" style=\"width: 1073px\" class=\"wp-caption aligncenter\"><a href=\"https:\/\/rioonwatch.org.br\/wp-content\/uploads\/2023\/07\/Mulheres-voluntarias-da-A.M.I.G.A.S.-durante-uma-acao-no-Dia-Internacional-da-Mulher.-Foto-Instagram-A.M.I.G.A.S.png\"><img loading=\"lazy\" decoding=\"async\" class=\"wp-image-69545 size-full\" title=\"Mulheres volunt\u00e1rias da A.M.I.G.A.S. durante uma a\u00e7\u00e3o no Dia Internacional da Mulher. Foto: Instagram A.M.I.G.A.S.\" src=\"https:\/\/rioonwatch.org.br\/wp-content\/uploads\/2023\/07\/Mulheres-voluntarias-da-A.M.I.G.A.S.-durante-uma-acao-no-Dia-Internacional-da-Mulher.-Foto-Instagram-A.M.I.G.A.S.png\" alt=\"Mulheres volunt\u00e1rias da A.M.I.G.A.S. durante uma a\u00e7\u00e3o no Dia Internacional da Mulher. Foto: Instagram A.M.I.G.A.S.\" width=\"1073\" height=\"695\" srcset=\"https:\/\/rioonwatch.org.br\/wp-content\/uploads\/2023\/07\/Mulheres-voluntarias-da-A.M.I.G.A.S.-durante-uma-acao-no-Dia-Internacional-da-Mulher.-Foto-Instagram-A.M.I.G.A.S.png 1073w, https:\/\/rioonwatch.org.br\/wp-content\/uploads\/2023\/07\/Mulheres-voluntarias-da-A.M.I.G.A.S.-durante-uma-acao-no-Dia-Internacional-da-Mulher.-Foto-Instagram-A.M.I.G.A.S-620x402.png 620w, https:\/\/rioonwatch.org.br\/wp-content\/uploads\/2023\/07\/Mulheres-voluntarias-da-A.M.I.G.A.S.-durante-uma-acao-no-Dia-Internacional-da-Mulher.-Foto-Instagram-A.M.I.G.A.S-971x629.png 971w\" sizes=\"(max-width: 1073px) 100vw, 1073px\" \/><\/a><figcaption id=\"caption-attachment-69545\" class=\"wp-caption-text\">Mulheres volunt\u00e1rias da A.M.I.G.A.S. durante uma a\u00e7\u00e3o no Dia Internacional da Mulher. Foto: Instagram A.M.I.G.A.S.<\/figcaption><\/figure>\n<blockquote><p><span style=\"font-weight: 400;\">\u201cA.M.I.G.A.S. surgiu de uma demanda, de uma necessidade, de <\/span><a href=\"https:\/\/bit.ly\/3r5h122\"><span style=\"font-weight: 400;\">defender a vida de mulheres<\/span><\/a><span style=\"font-weight: 400;\"> v\u00edtimas de viol\u00eancia dom\u00e9stica e de agress\u00e3o sexual\u2026 [por\u00e9m, logo] percebemos que era necess\u00e1rio apoiar n\u00e3o apenas essas mulheres, mas tamb\u00e9m seus filhos.\u201d \u2014 Anna Paula Sales<\/span><\/p><\/blockquote>\n<figure id=\"attachment_69547\" aria-describedby=\"caption-attachment-69547\" style=\"width: 300px\" class=\"wp-caption alignright\"><a href=\"https:\/\/rioonwatch.org.br\/wp-content\/uploads\/2023\/07\/Sala-principal-da-sede-da-A.M.I.G.A.S.-localizada-na-Associacao-de-Moradores-do-Engenho-A.M.E.-Foto-Ben-Bildsten-scaled.jpeg\"><img loading=\"lazy\" decoding=\"async\" class=\"wp-image-69547\" title=\"Sala principal da sede da A.M.I.G.A.S., localizada na Associa\u00e7\u00e3o de Moradores do Engenho (A.M.E.). Foto: Ben Bildsten\" src=\"https:\/\/rioonwatch.org.br\/wp-content\/uploads\/2023\/07\/Sala-principal-da-sede-da-A.M.I.G.A.S.-localizada-na-Associacao-de-Moradores-do-Engenho-A.M.E.-Foto-Ben-Bildsten-scaled.jpeg\" alt=\"Sala principal da sede da A.M.I.G.A.S., localizada na Associa\u00e7\u00e3o de Moradores do Engenho (A.M.E.). Foto: Ben Bildsten\" width=\"300\" height=\"225\" srcset=\"https:\/\/rioonwatch.org.br\/wp-content\/uploads\/2023\/07\/Sala-principal-da-sede-da-A.M.I.G.A.S.-localizada-na-Associacao-de-Moradores-do-Engenho-A.M.E.-Foto-Ben-Bildsten-scaled.jpeg 2560w, https:\/\/rioonwatch.org.br\/wp-content\/uploads\/2023\/07\/Sala-principal-da-sede-da-A.M.I.G.A.S.-localizada-na-Associacao-de-Moradores-do-Engenho-A.M.E.-Foto-Ben-Bildsten-620x465.jpeg 620w, https:\/\/rioonwatch.org.br\/wp-content\/uploads\/2023\/07\/Sala-principal-da-sede-da-A.M.I.G.A.S.-localizada-na-Associacao-de-Moradores-do-Engenho-A.M.E.-Foto-Ben-Bildsten-839x629.jpeg 839w, https:\/\/rioonwatch.org.br\/wp-content\/uploads\/2023\/07\/Sala-principal-da-sede-da-A.M.I.G.A.S.-localizada-na-Associacao-de-Moradores-do-Engenho-A.M.E.-Foto-Ben-Bildsten-678x509.jpeg 678w, https:\/\/rioonwatch.org.br\/wp-content\/uploads\/2023\/07\/Sala-principal-da-sede-da-A.M.I.G.A.S.-localizada-na-Associacao-de-Moradores-do-Engenho-A.M.E.-Foto-Ben-Bildsten-326x245.jpeg 326w, https:\/\/rioonwatch.org.br\/wp-content\/uploads\/2023\/07\/Sala-principal-da-sede-da-A.M.I.G.A.S.-localizada-na-Associacao-de-Moradores-do-Engenho-A.M.E.-Foto-Ben-Bildsten-80x60.jpeg 80w\" sizes=\"(max-width: 300px) 100vw, 300px\" \/><\/a><figcaption id=\"caption-attachment-69547\" class=\"wp-caption-text\">Sala principal da sede da A.M.I.G.A.S., localizada na Associa\u00e7\u00e3o de Moradores do Engenho (A.M.E.). Foto: Ben Bildsten<\/figcaption><\/figure>\n<p>No entanto, devido ao <a href=\"https:\/\/bit.ly\/3o7HBC1\" target=\"_blank\" rel=\"noopener\">aumento da pobreza e das trag\u00e9dias socioambientais<\/a> decorrentes da <a href=\"https:\/\/bit.ly\/Covid19NasFavelas\" target=\"_blank\" rel=\"noopener\">pandemia do coronav\u00edrus<\/a> e das <a href=\"https:\/\/bit.ly\/3GWnZsK\">enchentes extremas<\/a>, o apoio que A.M.I.G.A.S. oferece \u00e0 comunidade foi ampliado para atender gestantes, idosos e doentes cr\u00f4nicos moradores do Engenho. Hoje, Anna diz que o p\u00fablico \u201campliou [ainda mais]. Abrimos os nossos servi\u00e7os para todos!\u201d<\/p>\n<p><span style=\"font-weight: 400;\">Recentemente, A.M.I.G.A.S. lan\u00e7ou seu programa Jovens Amigos do Meio Ambiente (J.A.M.A.).<\/span><\/p>\n<blockquote><p><span style=\"font-weight: 400;\">\u201cO J.A.M.A. foi desenvolvido para promover a <\/span><a href=\"https:\/\/bit.ly\/2THofFi\" target=\"_blank\" rel=\"noopener\"><span style=\"font-weight: 400;\">educa\u00e7\u00e3o ambiental<\/span><\/a><span style=\"font-weight: 400;\"> entre os jovens da comunidade. N\u00f3s temos um val\u00e3o aqui com esgoto a c\u00e9u aberto e quando voc\u00ea educa as pessoas a n\u00e3o jogar lixo, a vida fica melhor&#8230; Precisamos de muita ajuda para isso, ent\u00e3o, estamos formando uma rede de jovens da comunidade para apoiar a preserva\u00e7\u00e3o ambiental e [as pr\u00e1ticas de] sustentabilidade.\u201d \u2014 Anna Paula Sales<\/span><\/p><\/blockquote>\n<p><span style=\"font-weight: 400;\">Outro projeto liderado pelas ativistas da A.M.I.G.A.S. \u00e9 o de empoderamento dos <\/span><a href=\"https:\/\/bit.ly\/2Je2zio\" target=\"_blank\" rel=\"noopener\"><span style=\"font-weight: 400;\">catadores<\/span><\/a><span style=\"font-weight: 400;\">. Anna conta que, devido ao <\/span><a href=\"https:\/\/bit.ly\/3XZUzny\" target=\"_blank\" rel=\"noopener\"><span style=\"font-weight: 400;\">alto \u00edndice de desemprego<\/span><\/a><span style=\"font-weight: 400;\"> causado pela pandemia, o n\u00famero desses profissionais disparou em sua comunidade e na cidade.<\/span><\/p>\n<figure id=\"attachment_69548\" aria-describedby=\"caption-attachment-69548\" style=\"width: 300px\" class=\"wp-caption alignright\"><a href=\"https:\/\/rioonwatch.org.br\/wp-content\/uploads\/2023\/07\/Anna-Paula-Salles-mostra-alguns-dos-alimentos-que-sao-usados-para-fazer-as-refeicoes-da-comunidade.-Foto-Ben-Bildsten.jpeg\"><img loading=\"lazy\" decoding=\"async\" class=\"wp-image-69548\" title=\"Anna Paula Sales mostra alguns dos alimentos que s\u00e3o usados para fazer as refei\u00e7\u00f5es da comunidade. Foto: Ben Bildsten\" src=\"https:\/\/rioonwatch.org.br\/wp-content\/uploads\/2023\/07\/Anna-Paula-Salles-mostra-alguns-dos-alimentos-que-sao-usados-para-fazer-as-refeicoes-da-comunidade.-Foto-Ben-Bildsten-620x465.jpeg\" alt=\"Anna Paula Sales mostra alguns dos alimentos que s\u00e3o usados para fazer as refei\u00e7\u00f5es da comunidade. Foto: Ben Bildsten\" width=\"300\" height=\"225\" srcset=\"https:\/\/rioonwatch.org.br\/wp-content\/uploads\/2023\/07\/Anna-Paula-Salles-mostra-alguns-dos-alimentos-que-sao-usados-para-fazer-as-refeicoes-da-comunidade.-Foto-Ben-Bildsten-620x465.jpeg 620w, https:\/\/rioonwatch.org.br\/wp-content\/uploads\/2023\/07\/Anna-Paula-Salles-mostra-alguns-dos-alimentos-que-sao-usados-para-fazer-as-refeicoes-da-comunidade.-Foto-Ben-Bildsten-839x629.jpeg 839w, https:\/\/rioonwatch.org.br\/wp-content\/uploads\/2023\/07\/Anna-Paula-Salles-mostra-alguns-dos-alimentos-que-sao-usados-para-fazer-as-refeicoes-da-comunidade.-Foto-Ben-Bildsten-678x509.jpeg 678w, https:\/\/rioonwatch.org.br\/wp-content\/uploads\/2023\/07\/Anna-Paula-Salles-mostra-alguns-dos-alimentos-que-sao-usados-para-fazer-as-refeicoes-da-comunidade.-Foto-Ben-Bildsten-326x245.jpeg 326w, https:\/\/rioonwatch.org.br\/wp-content\/uploads\/2023\/07\/Anna-Paula-Salles-mostra-alguns-dos-alimentos-que-sao-usados-para-fazer-as-refeicoes-da-comunidade.-Foto-Ben-Bildsten-80x60.jpeg 80w, https:\/\/rioonwatch.org.br\/wp-content\/uploads\/2023\/07\/Anna-Paula-Salles-mostra-alguns-dos-alimentos-que-sao-usados-para-fazer-as-refeicoes-da-comunidade.-Foto-Ben-Bildsten.jpeg 1024w\" sizes=\"(max-width: 300px) 100vw, 300px\" \/><\/a><figcaption id=\"caption-attachment-69548\" class=\"wp-caption-text\">Anna Paula Sales mostra alguns dos alimentos que s\u00e3o usados para fazer as refei\u00e7\u00f5es da comunidade. Foto: Ben Bildsten<\/figcaption><\/figure>\n<blockquote><p>\u201cBasicamente, <a href=\"https:\/\/bit.ly\/3gPbOkD\" target=\"_blank\" rel=\"noopener\">todo mundo virou catador<\/a>&#8230; [Para capacitar esses trabalhadores] n\u00f3s damos apoio, <a href=\"https:\/\/bit.ly\/439N3qW\">oferecemos alimenta\u00e7\u00e3o<\/a>. Incorporamos aspectos de educa\u00e7\u00e3o ambiental tamb\u00e9m. N\u00f3s encaminhamos eles para o governo, para que sejam registrados e protegidos, trabalhando dentro da lei. Fornecemos muitos suprimentos e orientamos a conversa com as autoridades locais em nome deles.\u201d \u2014 Anna Paula Sales<\/p><\/blockquote>\n<p>Ao fornecer apoio f\u00edsico e mental aos catadores de Itagua\u00ed, A.M.I.G.A.S. melhora as condi\u00e7\u00f5es sanit\u00e1rias da cidade como um todo, ao mesmo tempo em que aumenta a renda familiar e a prote\u00e7\u00e3o ambiental. Em muitas fam\u00edlias, o dinheiro ganho pelos catadores \u00e9 a \u00fanica fonte de renda, servindo como a \u00fanica barreira <a href=\"https:\/\/bit.ly\/3wCxt9e\" target=\"_blank\" rel=\"noopener\">entre as fam\u00edlias e a fome<\/a>.<\/p>\n<p>Todos os meses, A.M.I.G.A.S. oferece programas para a comunidade do Engenho, na sede da Associa\u00e7\u00e3o de Moradores do Engenho (<a href=\"https:\/\/bit.ly\/3pgvAw8\">A.M.E.<\/a>), uma aliada muito pr\u00f3xima, fundada em 2018, para defender e apoiar os moradores locais, como representante oficial da comunidade. Sales descreve alguns dos principais projetos para os pr\u00f3ximos meses.<\/p>\n<blockquote><p>\u201cTrabalhamos com o <a href=\"https:\/\/bit.ly\/2E2iPyF\" target=\"_blank\" rel=\"noopener\">Fome Zero<\/a>\u2026 [Nosso] julho \u00e9 [focado na] preven\u00e7\u00e3o da <a href=\"https:\/\/bit.ly\/3kdNDAF\" target=\"_blank\" rel=\"noopener\">viol\u00eancia contra a mulher<\/a>\u2026 [assim como] o <a href=\"https:\/\/bit.ly\/3Y18V6T\" target=\"_blank\" rel=\"noopener\">Agosto Lil\u00e1s<\/a>\u00a0e depois tem o <a href=\"https:\/\/bit.ly\/3NY5MQT\" target=\"_blank\" rel=\"noopener\">Setembro Amarelo<\/a>, campanha contra o suic\u00eddio. Por fim, chegamos ao <a href=\"https:\/\/bit.ly\/3gjIAiR\" target=\"_blank\" rel=\"noopener\">Natal Sem Fome<\/a>.\u201d \u2014 Anna Paula Sales<\/p><\/blockquote>\n<figure id=\"attachment_69553\" aria-describedby=\"caption-attachment-69553\" style=\"width: 2560px\" class=\"wp-caption aligncenter\"><a href=\"https:\/\/rioonwatch.org.br\/wp-content\/uploads\/2023\/07\/Horta-comunitaria-da-A.M.I.G.A.S.-Os-produtos-da-horta-sao-regularmente-incluidos-nas-refeicoes-da-comunidade.jpg\"><img loading=\"lazy\" decoding=\"async\" class=\"wp-image-69553 size-full\" title=\"Horta comunit\u00e1ria da A.M.I.G.A.S. Os produtos da horta s\u00e3o regularmente inclu\u00eddos nas refei\u00e7\u00f5es da comunidade.\" src=\"https:\/\/rioonwatch.org.br\/wp-content\/uploads\/2023\/07\/Horta-comunitaria-da-A.M.I.G.A.S.-Os-produtos-da-horta-sao-regularmente-incluidos-nas-refeicoes-da-comunidade.jpg\" alt=\"Horta comunit\u00e1ria da A.M.I.G.A.S. Os produtos da horta s\u00e3o regularmente inclu\u00eddos nas refei\u00e7\u00f5es da comunidade.\" width=\"2560\" height=\"870\" srcset=\"https:\/\/rioonwatch.org.br\/wp-content\/uploads\/2023\/07\/Horta-comunitaria-da-A.M.I.G.A.S.-Os-produtos-da-horta-sao-regularmente-incluidos-nas-refeicoes-da-comunidade.jpg 2560w, https:\/\/rioonwatch.org.br\/wp-content\/uploads\/2023\/07\/Horta-comunitaria-da-A.M.I.G.A.S.-Os-produtos-da-horta-sao-regularmente-incluidos-nas-refeicoes-da-comunidade-620x211.jpg 620w, https:\/\/rioonwatch.org.br\/wp-content\/uploads\/2023\/07\/Horta-comunitaria-da-A.M.I.G.A.S.-Os-produtos-da-horta-sao-regularmente-incluidos-nas-refeicoes-da-comunidade-1536x522.jpg 1536w\" sizes=\"(max-width: 2560px) 100vw, 2560px\" \/><\/a><figcaption id=\"caption-attachment-69553\" class=\"wp-caption-text\">Horta comunit\u00e1ria da A.M.I.G.A.S. Os produtos da horta s\u00e3o regularmente inclu\u00eddos nas refei\u00e7\u00f5es da comunidade.<\/figcaption><\/figure>\n<figure id=\"attachment_69554\" aria-describedby=\"caption-attachment-69554\" style=\"width: 300px\" class=\"wp-caption alignright\"><a href=\"https:\/\/rioonwatch.org.br\/wp-content\/uploads\/2023\/07\/As-marcas-da-agua-da-inundacao-nesta-sala-da-sede-da-A.M.E.-ainda-podem-ser-vistas-cerca-de-meio-metro-acima-do-chao.-Foto-Ben-Bildsten-scaled.jpeg\"><img loading=\"lazy\" decoding=\"async\" class=\"wp-image-69554\" title=\"As marcas da \u00e1gua da inunda\u00e7\u00e3o nesta sala da sede da A.M.E. ainda podem ser vistas cerca de meio metro acima do ch\u00e3o. Foto: Ben Bildsten\" src=\"https:\/\/rioonwatch.org.br\/wp-content\/uploads\/2023\/07\/As-marcas-da-agua-da-inundacao-nesta-sala-da-sede-da-A.M.E.-ainda-podem-ser-vistas-cerca-de-meio-metro-acima-do-chao.-Foto-Ben-Bildsten-620x465.jpeg\" alt=\"As marcas da \u00e1gua da inunda\u00e7\u00e3o nesta sala da sede da A.M.E. ainda podem ser vistas cerca de meio metro acima do ch\u00e3o. Foto: Ben Bildsten\" width=\"300\" height=\"225\" srcset=\"https:\/\/rioonwatch.org.br\/wp-content\/uploads\/2023\/07\/As-marcas-da-agua-da-inundacao-nesta-sala-da-sede-da-A.M.E.-ainda-podem-ser-vistas-cerca-de-meio-metro-acima-do-chao.-Foto-Ben-Bildsten-620x465.jpeg 620w, https:\/\/rioonwatch.org.br\/wp-content\/uploads\/2023\/07\/As-marcas-da-agua-da-inundacao-nesta-sala-da-sede-da-A.M.E.-ainda-podem-ser-vistas-cerca-de-meio-metro-acima-do-chao.-Foto-Ben-Bildsten-839x629.jpeg 839w, https:\/\/rioonwatch.org.br\/wp-content\/uploads\/2023\/07\/As-marcas-da-agua-da-inundacao-nesta-sala-da-sede-da-A.M.E.-ainda-podem-ser-vistas-cerca-de-meio-metro-acima-do-chao.-Foto-Ben-Bildsten-678x509.jpeg 678w, https:\/\/rioonwatch.org.br\/wp-content\/uploads\/2023\/07\/As-marcas-da-agua-da-inundacao-nesta-sala-da-sede-da-A.M.E.-ainda-podem-ser-vistas-cerca-de-meio-metro-acima-do-chao.-Foto-Ben-Bildsten-326x245.jpeg 326w, https:\/\/rioonwatch.org.br\/wp-content\/uploads\/2023\/07\/As-marcas-da-agua-da-inundacao-nesta-sala-da-sede-da-A.M.E.-ainda-podem-ser-vistas-cerca-de-meio-metro-acima-do-chao.-Foto-Ben-Bildsten-80x60.jpeg 80w\" sizes=\"(max-width: 300px) 100vw, 300px\" \/><\/a><figcaption id=\"caption-attachment-69554\" class=\"wp-caption-text\">As marcas da \u00e1gua da inunda\u00e7\u00e3o nesta sala da sede da A.M.E. ainda podem ser vistas cerca de meio metro acima do ch\u00e3o. Foto: Ben Bildsten<\/figcaption><\/figure>\n<p>Prevenir e eliminar a fome em Itagua\u00ed \u00e9 muito importante para Anna Paula e suas amigas guerreiras da A.M.I.G.A.S. A organiza\u00e7\u00e3o de mulheres fornece refei\u00e7\u00f5es gratuitas para a comunidade tr\u00eas vezes por semana, todas as semanas, como parte de sua\u00a0Cozinha Afetiva Comunit\u00e1ria Sustent\u00e1vel de Itagua\u00ed. N\u00e3o \u00e9 incomum ter 300 pessoas comparecendo para uma <a href=\"https:\/\/bit.ly\/3NyHbSd\">refei\u00e7\u00e3o quente<\/a> em dias de chuva, quando \u00e9 dif\u00edcil para os catadores coletar mat\u00e9ria-prima para reciclagem e <a href=\"https:\/\/bit.ly\/3gnXtMB\" target=\"_blank\" rel=\"noopener\">ganhar dinheiro suficiente<\/a> para uma <a href=\"https:\/\/bit.ly\/3r2xUVw\" target=\"_blank\" rel=\"noopener\">refei\u00e7\u00e3o adequada<\/a>, ou quando a cidade, que fica numa baixada, inunda. Ent\u00e3o, antes mesmo de o n\u00edvel das \u00e1guas subir e ficar perigoso, quando as pessoas percebem que vai come\u00e7ar a chover forte, v\u00e3o at\u00e9 a A.M.I.G.A.S. para garantir que <a href=\"https:\/\/bit.ly\/3CRn5O7\">estejam alimentadas<\/a>, seguras e n\u00e3o muito longe de casa em meio a eventos clim\u00e1ticos extremos, que costumam assolar as favelas do Rio. \u201cQuando come\u00e7a a chover, todo mundo fica preocupado\u201d, comenta Anna Paula.<\/p>\n<p>Um problema s\u00e9rio no Engenho s\u00e3o as frequentes enchentes, que ocorrem ap\u00f3s fortes chuvas. Grandes trechos da Baixada Fluminense est\u00e3o abaixo do n\u00edvel do mar, o que torna o problema ainda maior. Isso juntamente com os sistemas de drenagem prec\u00e1rios e a falta de saneamento b\u00e1sico levam n\u00e3o apenas a enchentes, mas tamb\u00e9m ao ac\u00famulo de esgoto, incluindo de dejetos humanos, em bueiros. As inunda\u00e7\u00f5es s\u00e3o recorrentes durante o ver\u00e3o. Na <a href=\"https:\/\/bit.ly\/3tTm050\" target=\"_blank\" rel=\"noopener\">esta\u00e7\u00e3o chuvosa<\/a>, em fevereiro de 2022, a sede da A.M.E., onde a maioria das atividades da A.M.I.G.A.S. ocorre, experimentou n\u00edveis de \u00e1gua muito altos, danificando ou destruindo grande parte de sua propriedade. A marca da \u00e1gua da enchente ainda pode ser vista nas paredes. Agora, os itens mais importantes s\u00e3o mantidos elevados, para que n\u00e3o estraguem durante chuvas fortes.<\/p>\n<figure id=\"attachment_69555\" aria-describedby=\"caption-attachment-69555\" style=\"width: 1024px\" class=\"wp-caption aligncenter\"><a href=\"https:\/\/rioonwatch.org.br\/wp-content\/uploads\/2023\/07\/Geladeiras-elevadas-sobre-caixas-de-madeira-e-tijolos-de-cimento-para-protege-las-de-futuras-enchentes.-Foto-Ben-Bildsten.jpeg\"><img loading=\"lazy\" decoding=\"async\" class=\"wp-image-69555 size-full\" title=\"Geladeiras elevadas sobre caixas de madeira e tijolos de cimento para proteg\u00ea-las de futuras enchentes. Foto: Ben Bildsten\" src=\"https:\/\/rioonwatch.org.br\/wp-content\/uploads\/2023\/07\/Geladeiras-elevadas-sobre-caixas-de-madeira-e-tijolos-de-cimento-para-protege-las-de-futuras-enchentes.-Foto-Ben-Bildsten.jpeg\" alt=\"Geladeiras elevadas sobre caixas de madeira e tijolos de cimento para proteg\u00ea-las de futuras enchentes. Foto: Ben Bildsten\" width=\"1024\" height=\"768\" srcset=\"https:\/\/rioonwatch.org.br\/wp-content\/uploads\/2023\/07\/Geladeiras-elevadas-sobre-caixas-de-madeira-e-tijolos-de-cimento-para-protege-las-de-futuras-enchentes.-Foto-Ben-Bildsten.jpeg 1024w, https:\/\/rioonwatch.org.br\/wp-content\/uploads\/2023\/07\/Geladeiras-elevadas-sobre-caixas-de-madeira-e-tijolos-de-cimento-para-protege-las-de-futuras-enchentes.-Foto-Ben-Bildsten-620x465.jpeg 620w, https:\/\/rioonwatch.org.br\/wp-content\/uploads\/2023\/07\/Geladeiras-elevadas-sobre-caixas-de-madeira-e-tijolos-de-cimento-para-protege-las-de-futuras-enchentes.-Foto-Ben-Bildsten-839x629.jpeg 839w, https:\/\/rioonwatch.org.br\/wp-content\/uploads\/2023\/07\/Geladeiras-elevadas-sobre-caixas-de-madeira-e-tijolos-de-cimento-para-protege-las-de-futuras-enchentes.-Foto-Ben-Bildsten-678x509.jpeg 678w, https:\/\/rioonwatch.org.br\/wp-content\/uploads\/2023\/07\/Geladeiras-elevadas-sobre-caixas-de-madeira-e-tijolos-de-cimento-para-protege-las-de-futuras-enchentes.-Foto-Ben-Bildsten-326x245.jpeg 326w, https:\/\/rioonwatch.org.br\/wp-content\/uploads\/2023\/07\/Geladeiras-elevadas-sobre-caixas-de-madeira-e-tijolos-de-cimento-para-protege-las-de-futuras-enchentes.-Foto-Ben-Bildsten-80x60.jpeg 80w\" sizes=\"(max-width: 1024px) 100vw, 1024px\" \/><\/a><figcaption id=\"caption-attachment-69555\" class=\"wp-caption-text\">Geladeiras elevadas sobre caixas de madeira e tijolos de cimento para proteg\u00ea-las de futuras enchentes. Foto: Ben Bildsten<\/figcaption><\/figure>\n<p>Essas inunda\u00e7\u00f5es tamb\u00e9m levaram as for\u00e7as governamentais a entrarem na comunidade e a <a href=\"https:\/\/bit.ly\/3GWnZsK\" target=\"_blank\" rel=\"noopener\">demolir casas agressivamente<\/a> em 2021 e 2022, principalmente aquelas ao longo do val\u00e3o. A remo\u00e7\u00e3o e o despejo de cidad\u00e3os estavam <a href=\"https:\/\/bit.ly\/3QzrdYb\" target=\"_blank\" rel=\"noopener\">proibidos por decis\u00e3o<\/a> do Supremo Tribunal Federal (<a href=\"https:\/\/bit.ly\/2Z8BO45\" target=\"_blank\" rel=\"noopener\">STF<\/a>) na \u00e9poca, devido \u00e0 pandemia. Mesmo assim, alguns moradores do Engenho foram removidos. \u00c9 importante ter em mente que <a href=\"https:\/\/bit.ly\/3mpf2TN\" target=\"_blank\" rel=\"noopener\">os mais vulner\u00e1veis<\/a> \u00e0s mudan\u00e7as clim\u00e1ticas no Rio s\u00e3o os <a href=\"https:\/\/bit.ly\/3D4gLm6\" target=\"_blank\" rel=\"noopener\">moradores das favelas<\/a> e que a solu\u00e7\u00e3o est\u00e1 na melhoria de sua infraestrutura, n\u00e3o relegando os moradores ainda mais \u00e0s margens por meio de remo\u00e7\u00f5es.<\/p>\n<blockquote><p>\u201cMuitas pessoas [aqui] t\u00eam <a href=\"https:\/\/bit.ly\/3Dhi7uo\" target=\"_blank\" rel=\"noopener\">tuberculose<\/a>. S\u00f3 t\u00eam uma cama em casa, n\u00e3o t\u00eam geladeira, n\u00e3o t\u00eam fog\u00e3o, n\u00e3o t\u00eam dinheiro, n\u00e3o t\u00eam emprego. Al\u00e9m de tudo isso, elas est\u00e3o doentes!\u201d \u2014 Anna Paula Sales<\/p><\/blockquote>\n<figure id=\"attachment_69556\" aria-describedby=\"caption-attachment-69556\" style=\"width: 2047px\" class=\"wp-caption aligncenter\"><a href=\"https:\/\/rioonwatch.org.br\/wp-content\/uploads\/2023\/07\/Casas-do-Engenho-que-dao-para-o-canal-de-esgoto-a-ceu-aberto-da-comunidade.-Foto-Alexandre-Cerqueira.jpg\"><img loading=\"lazy\" decoding=\"async\" class=\"wp-image-69556 size-full\" title=\"Casas do Engenho que d\u00e3o para o canal de esgoto a c\u00e9u aberto da comunidade. Foto: Alexandre Cerqueira\" src=\"https:\/\/rioonwatch.org.br\/wp-content\/uploads\/2023\/07\/Casas-do-Engenho-que-dao-para-o-canal-de-esgoto-a-ceu-aberto-da-comunidade.-Foto-Alexandre-Cerqueira.jpg\" alt=\"Casas do Engenho que d\u00e3o para o canal de esgoto a c\u00e9u aberto da comunidade. Foto: Alexandre Cerqueira\" width=\"2047\" height=\"1365\" srcset=\"https:\/\/rioonwatch.org.br\/wp-content\/uploads\/2023\/07\/Casas-do-Engenho-que-dao-para-o-canal-de-esgoto-a-ceu-aberto-da-comunidade.-Foto-Alexandre-Cerqueira.jpg 2047w, https:\/\/rioonwatch.org.br\/wp-content\/uploads\/2023\/07\/Casas-do-Engenho-que-dao-para-o-canal-de-esgoto-a-ceu-aberto-da-comunidade.-Foto-Alexandre-Cerqueira-620x413.jpg 620w, https:\/\/rioonwatch.org.br\/wp-content\/uploads\/2023\/07\/Casas-do-Engenho-que-dao-para-o-canal-de-esgoto-a-ceu-aberto-da-comunidade.-Foto-Alexandre-Cerqueira-943x629.jpg 943w\" sizes=\"(max-width: 2047px) 100vw, 2047px\" \/><\/a><figcaption id=\"caption-attachment-69556\" class=\"wp-caption-text\">Casas do Engenho que d\u00e3o para o canal de esgoto a c\u00e9u aberto da comunidade. Foto: Alexandre Cerqueira<\/figcaption><\/figure>\n<p>Esses s\u00e3o os indiv\u00edduos espec\u00edficos que A.M.I.G.A.S. apoia atrav\u00e9s de seus eventos e programas. Outros eventos regulares incluem treinamento profissional duas vezes por semana. Para estes cursos, A.M.I.G.A.S. faz parcerias com empresas locais ou outras organiza\u00e7\u00f5es sem fins lucrativos para treinar os moradores em habilidades profissionais que possam ajud\u00e1-los a garantir um emprego est\u00e1vel e de maior renda. Al\u00e9m disso, A.M.I.G.A.S. armazena uma grande quantidade de roupas de boa qualidade, m\u00f3veis e outras doa\u00e7\u00f5es de itens pessoais que s\u00e3o gratuitos para os moradores, conforme sua necessidade. A.M.I.G.A.S. trabalha para eliminar a pobreza extrema e a desigualdade no Engenho.<\/p>\n<figure id=\"attachment_69557\" aria-describedby=\"caption-attachment-69557\" style=\"width: 1065px\" class=\"wp-caption aligncenter\"><a href=\"https:\/\/rioonwatch.org.br\/wp-content\/uploads\/2023\/07\/Mulheres-do-Engenho-em-Itaguai-participam-de-atividade-promovida-pela-A.M.I.G.A.S.-na-sede-da-A.M.E.-para-o-Dia-Internacional-da-Mulher.-Foto-Instagram-da-A.M.I.G.A.S.png\"><img loading=\"lazy\" decoding=\"async\" class=\"wp-image-69557 size-full\" title=\"Mulheres do Engenho, em Itagua\u00ed, participam de atividade promovida pela A.M.I.G.A.S. na sede da A.M.E. para o Dia Internacional da Mulher. Foto: Instagram da A.M.I.G.A.S.\" src=\"https:\/\/rioonwatch.org.br\/wp-content\/uploads\/2023\/07\/Mulheres-do-Engenho-em-Itaguai-participam-de-atividade-promovida-pela-A.M.I.G.A.S.-na-sede-da-A.M.E.-para-o-Dia-Internacional-da-Mulher.-Foto-Instagram-da-A.M.I.G.A.S.png\" alt=\"Mulheres do Engenho, em Itagua\u00ed, participam de atividade promovida pela A.M.I.G.A.S. na sede da A.M.E. para o Dia Internacional da Mulher. Foto: Instagram da A.M.I.G.A.S.\" width=\"1065\" height=\"702\" srcset=\"https:\/\/rioonwatch.org.br\/wp-content\/uploads\/2023\/07\/Mulheres-do-Engenho-em-Itaguai-participam-de-atividade-promovida-pela-A.M.I.G.A.S.-na-sede-da-A.M.E.-para-o-Dia-Internacional-da-Mulher.-Foto-Instagram-da-A.M.I.G.A.S.png 1065w, https:\/\/rioonwatch.org.br\/wp-content\/uploads\/2023\/07\/Mulheres-do-Engenho-em-Itaguai-participam-de-atividade-promovida-pela-A.M.I.G.A.S.-na-sede-da-A.M.E.-para-o-Dia-Internacional-da-Mulher.-Foto-Instagram-da-A.M.I.G.A.S-620x409.png 620w, https:\/\/rioonwatch.org.br\/wp-content\/uploads\/2023\/07\/Mulheres-do-Engenho-em-Itaguai-participam-de-atividade-promovida-pela-A.M.I.G.A.S.-na-sede-da-A.M.E.-para-o-Dia-Internacional-da-Mulher.-Foto-Instagram-da-A.M.I.G.A.S-954x629.png 954w\" sizes=\"(max-width: 1065px) 100vw, 1065px\" \/><\/a><figcaption id=\"caption-attachment-69557\" class=\"wp-caption-text\">Mulheres do Engenho, em Itagua\u00ed, participam de atividade promovida pela A.M.I.G.A.S. na sede da A.M.E. para o Dia Internacional da Mulher. Foto: Instagram da A.M.I.G.A.S.<\/figcaption><\/figure>\n<blockquote><p><span style=\"font-weight: 400;\">\u201c[O sofrimento humano] \u00e9 o que mais me preocupa. Como ser humano, n\u00e3o consigo estar bem sabendo que h\u00e1 outros que n\u00e3o est\u00e3o.\u201d \u2014 Anna Paula Sales<\/span><\/p><\/blockquote>\n<p><span style=\"font-weight: 400;\">A.M.I.G.A.S. pretende n\u00e3o apenas manter os servi\u00e7os e recursos que oferece aos moradores do Engenho, mas ampli\u00e1-los, atingindo mais pessoas na cidade de Itagua\u00ed.<\/span><\/p>\n<blockquote><p><span style=\"font-weight: 400;\">\u201cAt\u00e9 o final do ano, queremos implantar quatro novos projetos. Queremos ver se conseguimos dar mais empoderamento aos jovens conseguindo uma renda para eles, mas ainda nos preocupando com o meio ambiente&#8230; tem outros projetos tamb\u00e9m, como ampliar nossos cursos profissionalizantes e dar mais <\/span><a href=\"https:\/\/bit.ly\/434zadt\"><span style=\"font-weight: 400;\">apoio alimentar da nossa cozinha<\/span><\/a><span style=\"font-weight: 400;\">.\u201d \u2014 Anna Paula Sales<\/span><\/p><\/blockquote>\n<hr \/>\n<h4><b data-stringify-type=\"bold\">Apoie nossos esfor\u00e7os para fornecer apoio estrat\u00e9gico \u00e0s favelas do Rio, incluindo o jornalismo hiperlocal, cr\u00edtico, inovador e incans\u00e1vel do\u00a0<\/b><b data-stringify-type=\"bold\"><i data-stringify-type=\"italic\">RioOnWatch<\/i><\/b>\u2014<a class=\"c-link\" href=\"http:\/\/www.bit.ly\/ApoieROW\" rel=\"noopener noreferrer\" data-stringify-link=\"http:\/\/www.bit.ly\/ApoieROW\" data-sk=\"tooltip_parent\">doe aqui<\/a>.<\/h4>\n<!-- AddThis Advanced Settings generic via filter on the_content --><!-- AddThis Share Buttons generic via filter on the_content -->","protected":false},"excerpt":{"rendered":"<div class=\"mh-excerpt\"><p>Click Here for English Este artigo faz parte de uma s\u00e9rie de perfis de iniciativas da Rede Favela Sustent\u00e1vel. Iniciativa: Associa\u00e7\u00e3o de Mulheres de Itagua\u00ed \u2014 Guerreiras e Articuladoras Sociais (A.M.I.G.A.S.) Contato: Facebook\u00a0|\u00a0Instagram | +55 <a class=\"mh-excerpt-more\" href=\"https:\/\/rioonwatch.org.br\/?p=69517\" title=\"Associa\u00e7\u00e3o de Mulheres de Itagua\u00ed Guerreiras e Articuladoras Sociais (A.M.I.G.A.S.) Atende Mulheres do Engenho, Catadores e V\u00edtimas de Enchentes por meio da Cozinha Afetiva, Educa\u00e7\u00e3o, Gera\u00e7\u00e3o de Renda\">[&#8230;]<\/a><!-- AddThis Advanced Settings generic via filter on get_the_excerpt --><!-- AddThis Share Buttons generic via filter on get_the_excerpt --><\/p>\n<\/div>","protected":false},"author":167,"featured_media":69541,"comment_status":"closed","ping_status":"closed","sticky":false,"template":"template-full.php","format":"standard","meta":{"_acf_changed":false,"_monsterinsights_skip_tracking":false,"_monsterinsights_sitenote_active":false,"_monsterinsights_sitenote_note":"","_monsterinsights_sitenote_category":0,"footnotes":""},"categories":[2753,1621,1629,1626,1388,3170,1612,342,1639],"tags":[959,103,363,965,3355,322,42,1307,2230,1583,113,1151,1304,1719,700,2074,727,361,964,476,578,1812,866,2387],"writer":[2609],"translator":[1895],"source":[],"ilustrador":[],"fotografo":[3133],"class_list":{"0":"post-69517","1":"post","2":"type-post","3":"status-publish","4":"format-standard","5":"has-post-thumbnail","7":"category-covid19nasfavelas","8":"category-destaque","9":"category-entrevistas-e-perfis","10":"category-por-observadores-internacionais","11":"category-formas-de-apoiar","12":"category-justica-climatica","13":"category-sociedade-civil","14":"category-solucoes","15":"category-sustentabilidade","16":"tag-baixada-fluminense","17":"tag-catadores","18":"tag-educacao-ambiental","19":"tag-enchente","20":"tag-engenho-itaguai","21":"tag-esgoto","22":"tag-genero","23":"tag-inclusao","24":"tag-fome","25":"tag-itaguai","26":"tag-juventude","27":"tag-organizacao","28":"tag-organizacao-criativa","29":"tag-mudancas-climaticas","30":"tag-perfil","31":"tag-rede-favela-sustentavel","32":"tag-pobreza","33":"tag-reciclagem","34":"tag-risco-de-enchente","35":"tag-solucao-comunitaria","36":"tag-trabalho-e-renda","37":"tag-treinamento","38":"tag-tuberculose","39":"tag-violencia-contra-a-mulher","40":"writer-ben-bildsten","41":"translator-francine-oliveira","42":"fotografo-alexandre-cerqueira"},"acf":[],"yoast_head":"<!-- This site is optimized with the Yoast SEO plugin v25.6 - https:\/\/yoast.com\/wordpress\/plugins\/seo\/ -->\n<title>Associa\u00e7\u00e3o de Mulheres de Itagua\u00ed Guerreiras e Articuladoras Sociais (A.M.I.G.A.S.) Atende Mulheres do Engenho, Catadores e V\u00edtimas de Enchentes por meio da Cozinha Afetiva, Educa\u00e7\u00e3o, Gera\u00e7\u00e3o de Renda - RioOnWatch<\/title>\n<meta name=\"robots\" content=\"index, follow, max-snippet:-1, max-image-preview:large, max-video-preview:-1\" \/>\n<link rel=\"canonical\" href=\"https:\/\/rioonwatch.org.br\/?p=69517\" \/>\n<meta property=\"og:locale\" content=\"pt_BR\" \/>\n<meta property=\"og:type\" content=\"article\" \/>\n<meta property=\"og:title\" content=\"Associa\u00e7\u00e3o de Mulheres de Itagua\u00ed Guerreiras e Articuladoras Sociais (A.M.I.G.A.S.) Atende Mulheres do Engenho, Catadores e V\u00edtimas de Enchentes por meio da Cozinha Afetiva, Educa\u00e7\u00e3o, Gera\u00e7\u00e3o de Renda - RioOnWatch\" \/>\n<meta property=\"og:description\" content=\"Click Here for English Este artigo faz parte de uma s\u00e9rie de perfis de iniciativas da Rede Favela Sustent\u00e1vel. Iniciativa: Associa\u00e7\u00e3o de Mulheres de Itagua\u00ed \u2014 Guerreiras e Articuladoras Sociais (A.M.I.G.A.S.) Contato: Facebook\u00a0|\u00a0Instagram | +55 [...]\" \/>\n<meta property=\"og:url\" content=\"https:\/\/rioonwatch.org.br\/?p=69517\" \/>\n<meta property=\"og:site_name\" content=\"RioOnWatch\" \/>\n<meta property=\"article:published_time\" content=\"2023-07-29T19:28:41+00:00\" \/>\n<meta property=\"article:modified_time\" content=\"2023-08-04T15:11:47+00:00\" \/>\n<meta property=\"og:image\" content=\"https:\/\/rioonwatch.org.br\/wp-content\/uploads\/2023\/07\/Anna-Paula-Sales-lideranca-do-Engenho-Itaguai-e-fundadora-da-Associacao-de-Mulheres-de-Itaguai-Guerreiras-e-Articuladoras-Sociais-A.M.I.G.A.S.jpg\" \/>\n\t<meta property=\"og:image:width\" content=\"2047\" \/>\n\t<meta property=\"og:image:height\" content=\"1365\" \/>\n\t<meta property=\"og:image:type\" content=\"image\/jpeg\" \/>\n<meta name=\"author\" content=\"Julio Santos Filho\" \/>\n<meta name=\"twitter:card\" content=\"summary_large_image\" \/>\n<meta name=\"twitter:label1\" content=\"Escrito por\" \/>\n\t<meta name=\"twitter:data1\" content=\"Julio Santos Filho\" \/>\n\t<meta name=\"twitter:label2\" content=\"Est. tempo de leitura\" \/>\n\t<meta name=\"twitter:data2\" content=\"12 minutos\" \/>\n<script type=\"application\/ld+json\" class=\"yoast-schema-graph\">{\"@context\":\"https:\/\/schema.org\",\"@graph\":[{\"@type\":\"Article\",\"@id\":\"https:\/\/rioonwatch.org.br\/?p=69517#article\",\"isPartOf\":{\"@id\":\"https:\/\/rioonwatch.org.br\/?p=69517\"},\"author\":{\"name\":\"Julio Santos Filho\",\"@id\":\"https:\/\/rioonwatch.org.br\/#\/schema\/person\/476bc75767957d3535b65b796667cd36\"},\"headline\":\"Associa\u00e7\u00e3o de Mulheres de Itagua\u00ed Guerreiras e Articuladoras Sociais (A.M.I.G.A.S.) Atende Mulheres do Engenho, Catadores e V\u00edtimas de Enchentes por meio da Cozinha Afetiva, Educa\u00e7\u00e3o, Gera\u00e7\u00e3o de Renda\",\"datePublished\":\"2023-07-29T19:28:41+00:00\",\"dateModified\":\"2023-08-04T15:11:47+00:00\",\"mainEntityOfPage\":{\"@id\":\"https:\/\/rioonwatch.org.br\/?p=69517\"},\"wordCount\":2018,\"publisher\":{\"@id\":\"https:\/\/rioonwatch.org.br\/#organization\"},\"image\":{\"@id\":\"https:\/\/rioonwatch.org.br\/?p=69517#primaryimage\"},\"thumbnailUrl\":\"https:\/\/rioonwatch.org.br\/wp-content\/uploads\/2023\/07\/Anna-Paula-Sales-lideranca-do-Engenho-Itaguai-e-fundadora-da-Associacao-de-Mulheres-de-Itaguai-Guerreiras-e-Articuladoras-Sociais-A.M.I.G.A.S.jpg\",\"keywords\":[\"Baixada Fluminense\",\"catadores\",\"educa\u00e7\u00e3o ambiental\",\"enchente\",\"Engenho (Itagua\u00ed)\",\"esgoto\",\"g\u00eanero\",\"inclus\u00e3o\",\"Inseguran\u00e7a alimentar\",\"Itagua\u00ed\",\"juventude\",\"mobiliza\u00e7\u00e3o\",\"mobiliza\u00e7\u00e3o criativa\",\"mudan\u00e7as clim\u00e1ticas\",\"perfil\",\"Perfis Integrantes da Rede Favela Sustent\u00e1vel\",\"pobreza\",\"reciclagem\",\"risco de enchente\",\"solu\u00e7\u00e3o comunit\u00e1ria\",\"Trabalho e renda\",\"treinamento\",\"tuberculose\",\"viol\u00eancia contra a mulher\"],\"articleSection\":[\"#Covid19NasFavelas\",\"*Destaque\",\"Entrevistas e Perfis\",\"Escrito por Aliados\",\"Formas de Apoiar\",\"Justi\u00e7a Clim\u00e1tica\",\"Sociedade Civil\",\"Solu\u00e7\u00f5es\",\"Sustentabilidade\"],\"inLanguage\":\"pt-BR\"},{\"@type\":\"WebPage\",\"@id\":\"https:\/\/rioonwatch.org.br\/?p=69517\",\"url\":\"https:\/\/rioonwatch.org.br\/?p=69517\",\"name\":\"Associa\u00e7\u00e3o de Mulheres de Itagua\u00ed Guerreiras e Articuladoras Sociais (A.M.I.G.A.S.) Atende Mulheres do Engenho, Catadores e V\u00edtimas de Enchentes por meio da Cozinha Afetiva, Educa\u00e7\u00e3o, Gera\u00e7\u00e3o de Renda - RioOnWatch\",\"isPartOf\":{\"@id\":\"https:\/\/rioonwatch.org.br\/#website\"},\"primaryImageOfPage\":{\"@id\":\"https:\/\/rioonwatch.org.br\/?p=69517#primaryimage\"},\"image\":{\"@id\":\"https:\/\/rioonwatch.org.br\/?p=69517#primaryimage\"},\"thumbnailUrl\":\"https:\/\/rioonwatch.org.br\/wp-content\/uploads\/2023\/07\/Anna-Paula-Sales-lideranca-do-Engenho-Itaguai-e-fundadora-da-Associacao-de-Mulheres-de-Itaguai-Guerreiras-e-Articuladoras-Sociais-A.M.I.G.A.S.jpg\",\"datePublished\":\"2023-07-29T19:28:41+00:00\",\"dateModified\":\"2023-08-04T15:11:47+00:00\",\"breadcrumb\":{\"@id\":\"https:\/\/rioonwatch.org.br\/?p=69517#breadcrumb\"},\"inLanguage\":\"pt-BR\",\"potentialAction\":[{\"@type\":\"ReadAction\",\"target\":[\"https:\/\/rioonwatch.org.br\/?p=69517\"]}]},{\"@type\":\"ImageObject\",\"inLanguage\":\"pt-BR\",\"@id\":\"https:\/\/rioonwatch.org.br\/?p=69517#primaryimage\",\"url\":\"https:\/\/rioonwatch.org.br\/wp-content\/uploads\/2023\/07\/Anna-Paula-Sales-lideranca-do-Engenho-Itaguai-e-fundadora-da-Associacao-de-Mulheres-de-Itaguai-Guerreiras-e-Articuladoras-Sociais-A.M.I.G.A.S.jpg\",\"contentUrl\":\"https:\/\/rioonwatch.org.br\/wp-content\/uploads\/2023\/07\/Anna-Paula-Sales-lideranca-do-Engenho-Itaguai-e-fundadora-da-Associacao-de-Mulheres-de-Itaguai-Guerreiras-e-Articuladoras-Sociais-A.M.I.G.A.S.jpg\",\"width\":2047,\"height\":1365,\"caption\":\"Anna Paula Sales, lideran\u00e7a do Engenho, Itagua\u00ed, e fundadora da Associa\u00e7\u00e3o de Mulheres de Itagua\u00ed - Guerreiras e Articuladoras Sociais (A.M.I.G.A.S.) mostra uma travessa de batata-doce sendo servida na Cozinha Solid\u00e1ria de Itagua\u00ed. Foto: Alexandre Cerqueira\"},{\"@type\":\"BreadcrumbList\",\"@id\":\"https:\/\/rioonwatch.org.br\/?p=69517#breadcrumb\",\"itemListElement\":[{\"@type\":\"ListItem\",\"position\":1,\"name\":\"In\u00edcio\",\"item\":\"https:\/\/rioonwatch.org.br\/\"},{\"@type\":\"ListItem\",\"position\":2,\"name\":\"Associa\u00e7\u00e3o de Mulheres de Itagua\u00ed Guerreiras e Articuladoras Sociais (A.M.I.G.A.S.) Atende Mulheres do Engenho, Catadores e V\u00edtimas de Enchentes por meio da Cozinha Afetiva, Educa\u00e7\u00e3o, Gera\u00e7\u00e3o de Renda\"}]},{\"@type\":\"WebSite\",\"@id\":\"https:\/\/rioonwatch.org.br\/#website\",\"url\":\"https:\/\/rioonwatch.org.br\/\",\"name\":\"RioOnWatch\",\"description\":\"relatos das favelas cariocas\",\"publisher\":{\"@id\":\"https:\/\/rioonwatch.org.br\/#organization\"},\"potentialAction\":[{\"@type\":\"SearchAction\",\"target\":{\"@type\":\"EntryPoint\",\"urlTemplate\":\"https:\/\/rioonwatch.org.br\/?s={search_term_string}\"},\"query-input\":{\"@type\":\"PropertyValueSpecification\",\"valueRequired\":true,\"valueName\":\"search_term_string\"}}],\"inLanguage\":\"pt-BR\"},{\"@type\":\"Organization\",\"@id\":\"https:\/\/rioonwatch.org.br\/#organization\",\"name\":\"RioOnWatch\",\"url\":\"https:\/\/rioonwatch.org.br\/\",\"logo\":{\"@type\":\"ImageObject\",\"inLanguage\":\"pt-BR\",\"@id\":\"https:\/\/rioonwatch.org.br\/#\/schema\/logo\/image\/\",\"url\":\"https:\/\/rioonwatch.org.br\/wp-content\/uploads\/2021\/06\/RioOnWatchcabecalhoPT11anos-2.png\",\"contentUrl\":\"https:\/\/rioonwatch.org.br\/wp-content\/uploads\/2021\/06\/RioOnWatchcabecalhoPT11anos-2.png\",\"width\":779,\"height\":277,\"caption\":\"RioOnWatch\"},\"image\":{\"@id\":\"https:\/\/rioonwatch.org.br\/#\/schema\/logo\/image\/\"}},{\"@type\":\"Person\",\"@id\":\"https:\/\/rioonwatch.org.br\/#\/schema\/person\/476bc75767957d3535b65b796667cd36\",\"name\":\"Julio Santos Filho\",\"image\":{\"@type\":\"ImageObject\",\"inLanguage\":\"pt-BR\",\"@id\":\"https:\/\/rioonwatch.org.br\/#\/schema\/person\/image\/\",\"url\":\"https:\/\/secure.gravatar.com\/avatar\/ca138f7666182a292a8ce4ca14fb81f8?s=96&d=blank&r=g\",\"contentUrl\":\"https:\/\/secure.gravatar.com\/avatar\/ca138f7666182a292a8ce4ca14fb81f8?s=96&d=blank&r=g\",\"caption\":\"Julio Santos Filho\"},\"url\":\"https:\/\/rioonwatch.org.br\/?author=167\"}]}<\/script>\n<!-- \/ Yoast SEO plugin. -->","yoast_head_json":{"title":"Associa\u00e7\u00e3o de Mulheres de Itagua\u00ed Guerreiras e Articuladoras Sociais (A.M.I.G.A.S.) Atende Mulheres do Engenho, Catadores e V\u00edtimas de Enchentes por meio da Cozinha Afetiva, Educa\u00e7\u00e3o, Gera\u00e7\u00e3o de Renda - RioOnWatch","robots":{"index":"index","follow":"follow","max-snippet":"max-snippet:-1","max-image-preview":"max-image-preview:large","max-video-preview":"max-video-preview:-1"},"canonical":"https:\/\/rioonwatch.org.br\/?p=69517","og_locale":"pt_BR","og_type":"article","og_title":"Associa\u00e7\u00e3o de Mulheres de Itagua\u00ed Guerreiras e Articuladoras Sociais (A.M.I.G.A.S.) Atende Mulheres do Engenho, Catadores e V\u00edtimas de Enchentes por meio da Cozinha Afetiva, Educa\u00e7\u00e3o, Gera\u00e7\u00e3o de Renda - RioOnWatch","og_description":"Click Here for English Este artigo faz parte de uma s\u00e9rie de perfis de iniciativas da Rede Favela Sustent\u00e1vel. Iniciativa: Associa\u00e7\u00e3o de Mulheres de Itagua\u00ed \u2014 Guerreiras e Articuladoras Sociais (A.M.I.G.A.S.) Contato: Facebook\u00a0|\u00a0Instagram | +55 [...]","og_url":"https:\/\/rioonwatch.org.br\/?p=69517","og_site_name":"RioOnWatch","article_published_time":"2023-07-29T19:28:41+00:00","article_modified_time":"2023-08-04T15:11:47+00:00","og_image":[{"width":2047,"height":1365,"url":"https:\/\/rioonwatch.org.br\/wp-content\/uploads\/2023\/07\/Anna-Paula-Sales-lideranca-do-Engenho-Itaguai-e-fundadora-da-Associacao-de-Mulheres-de-Itaguai-Guerreiras-e-Articuladoras-Sociais-A.M.I.G.A.S.jpg","type":"image\/jpeg"}],"author":"Julio Santos Filho","twitter_card":"summary_large_image","twitter_misc":{"Escrito por":"Julio Santos Filho","Est. tempo de leitura":"12 minutos"},"schema":{"@context":"https:\/\/schema.org","@graph":[{"@type":"Article","@id":"https:\/\/rioonwatch.org.br\/?p=69517#article","isPartOf":{"@id":"https:\/\/rioonwatch.org.br\/?p=69517"},"author":{"name":"Julio Santos Filho","@id":"https:\/\/rioonwatch.org.br\/#\/schema\/person\/476bc75767957d3535b65b796667cd36"},"headline":"Associa\u00e7\u00e3o de Mulheres de Itagua\u00ed Guerreiras e Articuladoras Sociais (A.M.I.G.A.S.) Atende Mulheres do Engenho, Catadores e V\u00edtimas de Enchentes por meio da Cozinha Afetiva, Educa\u00e7\u00e3o, Gera\u00e7\u00e3o de Renda","datePublished":"2023-07-29T19:28:41+00:00","dateModified":"2023-08-04T15:11:47+00:00","mainEntityOfPage":{"@id":"https:\/\/rioonwatch.org.br\/?p=69517"},"wordCount":2018,"publisher":{"@id":"https:\/\/rioonwatch.org.br\/#organization"},"image":{"@id":"https:\/\/rioonwatch.org.br\/?p=69517#primaryimage"},"thumbnailUrl":"https:\/\/rioonwatch.org.br\/wp-content\/uploads\/2023\/07\/Anna-Paula-Sales-lideranca-do-Engenho-Itaguai-e-fundadora-da-Associacao-de-Mulheres-de-Itaguai-Guerreiras-e-Articuladoras-Sociais-A.M.I.G.A.S.jpg","keywords":["Baixada Fluminense","catadores","educa\u00e7\u00e3o ambiental","enchente","Engenho (Itagua\u00ed)","esgoto","g\u00eanero","inclus\u00e3o","Inseguran\u00e7a alimentar","Itagua\u00ed","juventude","mobiliza\u00e7\u00e3o","mobiliza\u00e7\u00e3o criativa","mudan\u00e7as clim\u00e1ticas","perfil","Perfis Integrantes da Rede Favela Sustent\u00e1vel","pobreza","reciclagem","risco de enchente","solu\u00e7\u00e3o comunit\u00e1ria","Trabalho e renda","treinamento","tuberculose","viol\u00eancia contra a mulher"],"articleSection":["#Covid19NasFavelas","*Destaque","Entrevistas e Perfis","Escrito por Aliados","Formas de Apoiar","Justi\u00e7a Clim\u00e1tica","Sociedade Civil","Solu\u00e7\u00f5es","Sustentabilidade"],"inLanguage":"pt-BR"},{"@type":"WebPage","@id":"https:\/\/rioonwatch.org.br\/?p=69517","url":"https:\/\/rioonwatch.org.br\/?p=69517","name":"Associa\u00e7\u00e3o de Mulheres de Itagua\u00ed Guerreiras e Articuladoras Sociais (A.M.I.G.A.S.) Atende Mulheres do Engenho, Catadores e V\u00edtimas de Enchentes por meio da Cozinha Afetiva, Educa\u00e7\u00e3o, Gera\u00e7\u00e3o de Renda - RioOnWatch","isPartOf":{"@id":"https:\/\/rioonwatch.org.br\/#website"},"primaryImageOfPage":{"@id":"https:\/\/rioonwatch.org.br\/?p=69517#primaryimage"},"image":{"@id":"https:\/\/rioonwatch.org.br\/?p=69517#primaryimage"},"thumbnailUrl":"https:\/\/rioonwatch.org.br\/wp-content\/uploads\/2023\/07\/Anna-Paula-Sales-lideranca-do-Engenho-Itaguai-e-fundadora-da-Associacao-de-Mulheres-de-Itaguai-Guerreiras-e-Articuladoras-Sociais-A.M.I.G.A.S.jpg","datePublished":"2023-07-29T19:28:41+00:00","dateModified":"2023-08-04T15:11:47+00:00","breadcrumb":{"@id":"https:\/\/rioonwatch.org.br\/?p=69517#breadcrumb"},"inLanguage":"pt-BR","potentialAction":[{"@type":"ReadAction","target":["https:\/\/rioonwatch.org.br\/?p=69517"]}]},{"@type":"ImageObject","inLanguage":"pt-BR","@id":"https:\/\/rioonwatch.org.br\/?p=69517#primaryimage","url":"https:\/\/rioonwatch.org.br\/wp-content\/uploads\/2023\/07\/Anna-Paula-Sales-lideranca-do-Engenho-Itaguai-e-fundadora-da-Associacao-de-Mulheres-de-Itaguai-Guerreiras-e-Articuladoras-Sociais-A.M.I.G.A.S.jpg","contentUrl":"https:\/\/rioonwatch.org.br\/wp-content\/uploads\/2023\/07\/Anna-Paula-Sales-lideranca-do-Engenho-Itaguai-e-fundadora-da-Associacao-de-Mulheres-de-Itaguai-Guerreiras-e-Articuladoras-Sociais-A.M.I.G.A.S.jpg","width":2047,"height":1365,"caption":"Anna Paula Sales, lideran\u00e7a do Engenho, Itagua\u00ed, e fundadora da Associa\u00e7\u00e3o de Mulheres de Itagua\u00ed - Guerreiras e Articuladoras Sociais (A.M.I.G.A.S.) mostra uma travessa de batata-doce sendo servida na Cozinha Solid\u00e1ria de Itagua\u00ed. Foto: Alexandre Cerqueira"},{"@type":"BreadcrumbList","@id":"https:\/\/rioonwatch.org.br\/?p=69517#breadcrumb","itemListElement":[{"@type":"ListItem","position":1,"name":"In\u00edcio","item":"https:\/\/rioonwatch.org.br\/"},{"@type":"ListItem","position":2,"name":"Associa\u00e7\u00e3o de Mulheres de Itagua\u00ed Guerreiras e Articuladoras Sociais (A.M.I.G.A.S.) Atende Mulheres do Engenho, Catadores e V\u00edtimas de Enchentes por meio da Cozinha Afetiva, Educa\u00e7\u00e3o, Gera\u00e7\u00e3o de Renda"}]},{"@type":"WebSite","@id":"https:\/\/rioonwatch.org.br\/#website","url":"https:\/\/rioonwatch.org.br\/","name":"RioOnWatch","description":"relatos das favelas cariocas","publisher":{"@id":"https:\/\/rioonwatch.org.br\/#organization"},"potentialAction":[{"@type":"SearchAction","target":{"@type":"EntryPoint","urlTemplate":"https:\/\/rioonwatch.org.br\/?s={search_term_string}"},"query-input":{"@type":"PropertyValueSpecification","valueRequired":true,"valueName":"search_term_string"}}],"inLanguage":"pt-BR"},{"@type":"Organization","@id":"https:\/\/rioonwatch.org.br\/#organization","name":"RioOnWatch","url":"https:\/\/rioonwatch.org.br\/","logo":{"@type":"ImageObject","inLanguage":"pt-BR","@id":"https:\/\/rioonwatch.org.br\/#\/schema\/logo\/image\/","url":"https:\/\/rioonwatch.org.br\/wp-content\/uploads\/2021\/06\/RioOnWatchcabecalhoPT11anos-2.png","contentUrl":"https:\/\/rioonwatch.org.br\/wp-content\/uploads\/2021\/06\/RioOnWatchcabecalhoPT11anos-2.png","width":779,"height":277,"caption":"RioOnWatch"},"image":{"@id":"https:\/\/rioonwatch.org.br\/#\/schema\/logo\/image\/"}},{"@type":"Person","@id":"https:\/\/rioonwatch.org.br\/#\/schema\/person\/476bc75767957d3535b65b796667cd36","name":"Julio Santos Filho","image":{"@type":"ImageObject","inLanguage":"pt-BR","@id":"https:\/\/rioonwatch.org.br\/#\/schema\/person\/image\/","url":"https:\/\/secure.gravatar.com\/avatar\/ca138f7666182a292a8ce4ca14fb81f8?s=96&d=blank&r=g","contentUrl":"https:\/\/secure.gravatar.com\/avatar\/ca138f7666182a292a8ce4ca14fb81f8?s=96&d=blank&r=g","caption":"Julio Santos Filho"},"url":"https:\/\/rioonwatch.org.br\/?author=167"}]}},"_links":{"self":[{"href":"https:\/\/rioonwatch.org.br\/index.php?rest_route=\/wp\/v2\/posts\/69517"}],"collection":[{"href":"https:\/\/rioonwatch.org.br\/index.php?rest_route=\/wp\/v2\/posts"}],"about":[{"href":"https:\/\/rioonwatch.org.br\/index.php?rest_route=\/wp\/v2\/types\/post"}],"author":[{"embeddable":true,"href":"https:\/\/rioonwatch.org.br\/index.php?rest_route=\/wp\/v2\/users\/167"}],"replies":[{"embeddable":true,"href":"https:\/\/rioonwatch.org.br\/index.php?rest_route=%2Fwp%2Fv2%2Fcomments&post=69517"}],"version-history":[{"count":28,"href":"https:\/\/rioonwatch.org.br\/index.php?rest_route=\/wp\/v2\/posts\/69517\/revisions"}],"predecessor-version":[{"id":69873,"href":"https:\/\/rioonwatch.org.br\/index.php?rest_route=\/wp\/v2\/posts\/69517\/revisions\/69873"}],"wp:featuredmedia":[{"embeddable":true,"href":"https:\/\/rioonwatch.org.br\/index.php?rest_route=\/wp\/v2\/media\/69541"}],"wp:attachment":[{"href":"https:\/\/rioonwatch.org.br\/index.php?rest_route=%2Fwp%2Fv2%2Fmedia&parent=69517"}],"wp:term":[{"taxonomy":"category","embeddable":true,"href":"https:\/\/rioonwatch.org.br\/index.php?rest_route=%2Fwp%2Fv2%2Fcategories&post=69517"},{"taxonomy":"post_tag","embeddable":true,"href":"https:\/\/rioonwatch.org.br\/index.php?rest_route=%2Fwp%2Fv2%2Ftags&post=69517"},{"taxonomy":"writer","embeddable":true,"href":"https:\/\/rioonwatch.org.br\/index.php?rest_route=%2Fwp%2Fv2%2Fwriter&post=69517"},{"taxonomy":"translator","embeddable":true,"href":"https:\/\/rioonwatch.org.br\/index.php?rest_route=%2Fwp%2Fv2%2Ftranslator&post=69517"},{"taxonomy":"source","embeddable":true,"href":"https:\/\/rioonwatch.org.br\/index.php?rest_route=%2Fwp%2Fv2%2Fsource&post=69517"},{"taxonomy":"ilustrador","embeddable":true,"href":"https:\/\/rioonwatch.org.br\/index.php?rest_route=%2Fwp%2Fv2%2Filustrador&post=69517"},{"taxonomy":"fotografo","embeddable":true,"href":"https:\/\/rioonwatch.org.br\/index.php?rest_route=%2Fwp%2Fv2%2Ffotografo&post=69517"}],"curies":[{"name":"wp","href":"https:\/\/api.w.org\/{rel}","templated":true}]}}