{"id":69985,"date":"2023-08-21T21:15:54","date_gmt":"2023-08-22T00:15:54","guid":{"rendered":"https:\/\/rioonwatch.org.br\/?p=69985"},"modified":"2025-01-14T14:19:31","modified_gmt":"2025-01-14T17:19:31","slug":"sos-removidos-moradores-da-jaqueira-no-vidigal-vivenciam-suas-casas-demolidas-pela-prefeitura-do-rio-de-janeiro","status":"publish","type":"post","link":"https:\/\/rioonwatch.org.br\/?p=69985","title":{"rendered":"SOS! Removidos, Moradores da Jaqueira, no Vidigal, Vivenciam Suas Casas Demolidas pela Prefeitura do Rio de Janeiro"},"content":{"rendered":"<figure id=\"attachment_70057\" aria-describedby=\"caption-attachment-70057\" style=\"width: 1690px\" class=\"wp-caption alignright\"><a href=\"https:\/\/rioonwatch.org.br\/wp-content\/uploads\/2023\/08\/Remocao-na-Jaqueira-Vidigal.png\"><img fetchpriority=\"high\" decoding=\"async\" class=\"size-full wp-image-70057\" src=\"https:\/\/rioonwatch.org.br\/wp-content\/uploads\/2023\/08\/Remocao-na-Jaqueira-Vidigal.png\" alt=\"Ap\u00f3s decis\u00e3o judicial, funcion\u00e1rios da Prefeitura reiniciam a demoli\u00e7\u00e3o de casas na \u00e1rea da Jaqueira, na favela do Vidigal, Zona Sul do Rio. Foto: Igor Albuquerque\" width=\"1690\" height=\"775\" srcset=\"https:\/\/rioonwatch.org.br\/wp-content\/uploads\/2023\/08\/Remocao-na-Jaqueira-Vidigal.png 1690w, https:\/\/rioonwatch.org.br\/wp-content\/uploads\/2023\/08\/Remocao-na-Jaqueira-Vidigal-620x284.png 620w, https:\/\/rioonwatch.org.br\/wp-content\/uploads\/2023\/08\/Remocao-na-Jaqueira-Vidigal-1372x629.png 1372w\" sizes=\"(max-width: 1690px) 100vw, 1690px\" \/><\/a><figcaption id=\"caption-attachment-70057\" class=\"wp-caption-text\">Ap\u00f3s decis\u00e3o judicial, funcion\u00e1rios da Prefeitura reiniciam a demoli\u00e7\u00e3o de casas na \u00e1rea da Jaqueira, na favela do Vidigal, Zona Sul do Rio. Foto: Igor Albuquerque<\/figcaption><\/figure>\n<h4><\/h4>\n<h4 style=\"text-align: right;\"><a href=\"https:\/\/bit.ly\/45BXwgI\" target=\"_blank\" rel=\"noopener\"><em><strong>Click Here for English<img decoding=\"async\" class=\"alignright wp-image-15790\" src=\"https:\/\/rioonwatch.org.br\/wp-content\/uploads\/2012\/08\/EN-standard-e1439583104716.jpg\" alt=\"\" width=\"20\" height=\"20\" \/><\/strong><\/em><\/a><\/h4>\n<h4><em>Na \u00faltima semana, no dia 16 de agosto, a \u00e1rea da <a href=\"https:\/\/bit.ly\/3K4MRDb\" target=\"_blank\" rel=\"noopener\">Jaqueira<\/a>, no <a href=\"https:\/\/bit.ly\/2xCoB59\" target=\"_blank\" rel=\"noopener\">Vidigal<\/a>, favela da <a href=\"https:\/\/bit.ly\/3ilwr9T\" target=\"_blank\" rel=\"noopener\">Zona Sul<\/a> do Rio de Janeiro, reviveu a remo\u00e7\u00e3o das suas moradias. As primeiras casas foram destru\u00eddas pela prefeitura em <a href=\"https:\/\/bit.ly\/3K4MRDb\" target=\"_blank\" rel=\"noopener\">2019<\/a>. A causa foi o deslizamento de terras ocasionado pelas fortes chuvas naquele ano, que atingiu a localidade e vitimou uma moradora. Desde ent\u00e3o, os moradores da Jaqueira vivem o desespero da <a href=\"https:\/\/bit.ly\/3AdyYeq\" target=\"_blank\" rel=\"noopener\">remo\u00e7\u00e3o<\/a>. Afinal, n\u00e3o s\u00e3o s\u00f3 moradias que se remove: s\u00e3o fam\u00edlias, viv\u00eancias, sociabilidades e mem\u00f3rias.<\/em><\/h4>\n<p>Os moradores, atrav\u00e9s do N\u00facleo de Terras e Habita\u00e7\u00e3o da Defensoria P\u00fablica (<a href=\"http:\/\/bit.ly\/2KttUvh\" target=\"_blank\" rel=\"noopener\">NUTH<\/a>), conseguiram interromper as demoli\u00e7\u00f5es por um tempo e contestaram a metragem dos im\u00f3veis, realizada pela Secretaria Municipal de Habita\u00e7\u00e3o (<a href=\"https:\/\/bit.ly\/O1FJbG\" target=\"_blank\" rel=\"noopener\">SMH<\/a>). Eles tamb\u00e9m n\u00e3o concordaram com o valor que seria pago por suas casas: uma delas foi avaliada por um pouco mais de R$11.000. Desejavam, na verdade, que uma obra de conten\u00e7\u00e3o fosse realizada na encosta do morro para que, assim, pudessem permanecer nos lares que constru\u00edram ao longo da vida.<\/p>\n<figure id=\"attachment_70024\" aria-describedby=\"caption-attachment-70024\" style=\"width: 500px\" class=\"wp-caption alignright\"><a href=\"https:\/\/rioonwatch.org.br\/wp-content\/uploads\/2023\/08\/Apos-decisao-judicial-funcionarios-da-Prefeitura-reiniciam-a-demolicao-de-casas-na-area-da-Jaqueira-na-favela-do-Vidigal-Zona-Sul-do-Rio.-Foto-Igor-Albuquerque-scaled.jpg\"><img decoding=\"async\" class=\"wp-image-70024\" title=\"Ap\u00f3s decis\u00e3o judicial, funcion\u00e1rios da prefeitura reiniciam a demoli\u00e7\u00e3o de casas na \u00e1rea da Jaqueira, na favela do Vidigal, Zona Sul do Rio. Foto: Igor Albuquerque\" src=\"https:\/\/rioonwatch.org.br\/wp-content\/uploads\/2023\/08\/Apos-decisao-judicial-funcionarios-da-Prefeitura-reiniciam-a-demolicao-de-casas-na-area-da-Jaqueira-na-favela-do-Vidigal-Zona-Sul-do-Rio.-Foto-Igor-Albuquerque-scaled.jpg\" alt=\"Ap\u00f3s decis\u00e3o judicial, funcion\u00e1rios da prefeitura reiniciam a demoli\u00e7\u00e3o de casas na \u00e1rea da Jaqueira, na favela do Vidigal, Zona Sul do Rio. Foto: Igor Albuquerque\" width=\"500\" height=\"749\" srcset=\"https:\/\/rioonwatch.org.br\/wp-content\/uploads\/2023\/08\/Apos-decisao-judicial-funcionarios-da-Prefeitura-reiniciam-a-demolicao-de-casas-na-area-da-Jaqueira-na-favela-do-Vidigal-Zona-Sul-do-Rio.-Foto-Igor-Albuquerque-scaled.jpg 1708w, https:\/\/rioonwatch.org.br\/wp-content\/uploads\/2023\/08\/Apos-decisao-judicial-funcionarios-da-Prefeitura-reiniciam-a-demolicao-de-casas-na-area-da-Jaqueira-na-favela-do-Vidigal-Zona-Sul-do-Rio.-Foto-Igor-Albuquerque-414x620.jpg 414w, https:\/\/rioonwatch.org.br\/wp-content\/uploads\/2023\/08\/Apos-decisao-judicial-funcionarios-da-Prefeitura-reiniciam-a-demolicao-de-casas-na-area-da-Jaqueira-na-favela-do-Vidigal-Zona-Sul-do-Rio.-Foto-Igor-Albuquerque-420x629.jpg 420w\" sizes=\"(max-width: 500px) 100vw, 500px\" \/><\/a><figcaption id=\"caption-attachment-70024\" class=\"wp-caption-text\">Ap\u00f3s decis\u00e3o judicial, funcion\u00e1rios da prefeitura reiniciam a demoli\u00e7\u00e3o de casas na \u00e1rea da Jaqueira, na favela do Vidigal, Zona Sul do Rio. Foto: Igor Albuquerque<\/figcaption><\/figure>\n<p>Por\u00e9m, a Funda\u00e7\u00e3o Instituto de Geot\u00e9cnica do Munic\u00edpio do Rio de Janeiro (<a href=\"https:\/\/bit.ly\/3P4dhr5\" target=\"_blank\" rel=\"noopener\">GEO-RIO<\/a>) descreveu o local como inabit\u00e1vel. Segundo o \u00f3rg\u00e3o da prefeitura, a Jaqueira est\u00e1 localizada em \u00e1rea de <a href=\"https:\/\/bit.ly\/3TFgIVP\" target=\"_blank\" rel=\"noopener\">talvegue<\/a>, ou seja, via por onde escorrem as \u00e1guas pluviais. Por essa raz\u00e3o, o anteprojeto de uma barreira de conten\u00e7\u00e3o com cabo de alta resist\u00eancia em espiral e adequa\u00e7\u00e3o do sistema de drenagem, apresentado \u00e0 Associa\u00e7\u00e3o de Moradores da Vila do Vidigal (<a href=\"https:\/\/bit.ly\/3EhrDiB\" target=\"_blank\" rel=\"noopener\">AMVV<\/a>) e aos envolvidos no processo. Segundo o documento, mesmo as moradias que n\u00e3o est\u00e3o localizadas no entorno do talvegue, precisariam sair devido ao poss\u00edvel impacto nas constru\u00e7\u00f5es em decorr\u00eancia da instala\u00e7\u00e3o dos cabos na pedra. Como os moradores inicialmente discordaram, entraram na justi\u00e7a. Contudo, perderam o processo.<\/p>\n<p>Como n\u00e3o foi realizado nenhum outro laudo contestando o da prefeitura, mesmo depois de quatro anos do deslizamento no local, temendo uma trag\u00e9dia, muitos moradores concordaram em deixar suas casas. Mas desejavam receber um valor indenizat\u00f3rio compat\u00edvel com suas resid\u00eancias e com o tempo que estavam na Jaqueira.<\/p>\n<p>Vale lembrar que as casas localizadas nessa regi\u00e3o do morro contam com uma vista deslumbrante para as praias do Leblon e de Ipanema. Al\u00e9m disso, em outubro de 2022, o metro quadrado no Vidigal, segundo o <a href=\"https:\/\/bit.ly\/3qIHtyD\" target=\"_blank\" rel=\"noopener\">Sindicato de Habita\u00e7\u00e3o do Rio<\/a>, custava entre <a href=\"https:\/\/bit.ly\/3qIHtyD\" target=\"_blank\" rel=\"noopener\">R$5.000,00 e R$7.000,00<\/a>. J\u00e1 a lista realizada pelo <a href=\"https:\/\/bit.ly\/3P5EQAi\" target=\"_blank\" rel=\"noopener\">DataZAP<\/a>, publicada em junho de 2022 pela revista <em>Veja Rio<\/em>, aponta o Vidigal como o <a href=\"https:\/\/bit.ly\/3P5EQAi\" target=\"_blank\" rel=\"noopener\">d\u00e9cimo terceiro metro quadrado mais caro<\/a> entre 2.304 bairros brasileiros. Muitos moradores indenizados n\u00e3o conseguiriam comprar no Vidigal casas equivalentes \u00e0s que tinham na Jaqueira.<\/p>\n<blockquote><p>\u201cO valor foi muito baixo. Teve gente que recebeu R$15.000, R$20.000. Tem morador endividado, que usou o valor que recebeu de indeniza\u00e7\u00e3o como entrada e est\u00e1 pagando a casa em presta\u00e7\u00f5es, como se fosse aluguel.\u201d \u2014 Cust\u00f3dio Silva*<\/p><\/blockquote>\n<p>Na audi\u00eancia ocorrida no dia 23 de mar\u00e7o de 2023, foi determinado pela ju\u00edza Luciana Losada Albuquerque Lopes que 3 de maio seria o prazo para a desocupa\u00e7\u00e3o das moradias. Segundo os presentes, na ocasi\u00e3o, o Secret\u00e1rio de Habita\u00e7\u00e3o <a href=\"https:\/\/bit.ly\/3FL3qkX\" target=\"_blank\" rel=\"noopener\">Patrick Corr\u00eaa<\/a> afirmou haver verba para a indeniza\u00e7\u00e3o de todos os moradores, e concordou em refazer a medi\u00e7\u00e3o das casas e adequar o valor or\u00e7ado anteriormente para cada im\u00f3vel. Por\u00e9m, n\u00e3o foi o que ocorreu.<\/p>\n<p>Houve a oferta da compra assistida, ou seja, a prefeitura compraria im\u00f3veis compat\u00edveis ao que cada afetado possu\u00eda. Por\u00e9m, para que isso fosse poss\u00edvel, alegaram que tais resid\u00eancias precisavam ter escritura, o que n\u00e3o ocorre em domic\u00edlios em favela. Algumas fam\u00edlias, para conseguirem comprar os im\u00f3veis de forma assistida, precisaram se mudar do lugar com o qual possu\u00edam la\u00e7os afetivos e identit\u00e1rios.<\/p>\n<p>Na ocasi\u00e3o, a Secretaria de Habita\u00e7\u00e3o tamb\u00e9m apresentou a proposta do pagamento imediato de R$20.000 acrescidos ao valor or\u00e7ado anteriormente, considerado pelos moradores como irris\u00f3rios. Diante da imin\u00eancia do fim do prazo estipulado em ju\u00edzo para a desocupa\u00e7\u00e3o das casas demarcadas e do temor de terem suas moradias demolidas antes da conquista de um lugar seguro, muitos moradores aceitaram o acordo, ainda que desfavor\u00e1vel.<\/p>\n<blockquote><p>\u201cHouve muita fofoca, burburinho&#8230; os pr\u00f3prios funcion\u00e1rios da prefeitura, quando vinham aqui, <a href=\"https:\/\/bit.ly\/2YIZVER\" target=\"_blank\" rel=\"noopener\">diziam que era melhor aceitar o valor<\/a> que estavam oferecendo, se n\u00e3o \u00edamos acabar saindo <a href=\"https:\/\/bit.ly\/3sn5Ger\" target=\"_blank\" rel=\"noopener\">com uma m\u00e3o na frente e outra atr\u00e1s<\/a>. O processo todo foi muito confuso, mal executado e sem compaix\u00e3o. Eu mesmo nunca recebi interdi\u00e7\u00e3o. De repente, aproveitaram a minha porta aberta, eu nem estava em casa, e sa\u00edram entrando e fotografando tudo, sem a minha autoriza\u00e7\u00e3o. A narrativa o tempo todo era: \u00e9 melhor aceitar, pois corre o risco de n\u00e3o receber nada ou de levar mil\u00eanios para receber. Era remo\u00e7\u00e3o e acabou. As pessoas ficavam com medo, s\u00e3o pessoas simples, nem todas conhecem seus direitos. Elas acabaram aceitando.\u201d \u2014 Adalberto Pereira*<\/p><\/blockquote>\n<figure id=\"attachment_70020\" aria-describedby=\"caption-attachment-70020\" style=\"width: 500px\" class=\"wp-caption alignright\"><a href=\"https:\/\/rioonwatch.org.br\/wp-content\/uploads\/2023\/08\/Pelo-caminho-escombros-das-casas-que-estao-sendo-demolidas-na-area-da-Jaqueira-Vidigal.-Foto-Igor-scaled.jpg\"><img loading=\"lazy\" decoding=\"async\" class=\"wp-image-70020\" title=\"Pelo caminho, escombros das casas que est\u00e3o sendo demolidas na \u00e1rea da Jaqueira, Vidigal. Foto: Igor Albuquerque\" src=\"https:\/\/rioonwatch.org.br\/wp-content\/uploads\/2023\/08\/Pelo-caminho-escombros-das-casas-que-estao-sendo-demolidas-na-area-da-Jaqueira-Vidigal.-Foto-Igor-414x620.jpg\" alt=\"Pelo caminho, escombros das casas que est\u00e3o sendo demolidas na \u00e1rea da Jaqueira, Vidigal. Foto: Igor Albuquerque\" width=\"500\" height=\"749\" srcset=\"https:\/\/rioonwatch.org.br\/wp-content\/uploads\/2023\/08\/Pelo-caminho-escombros-das-casas-que-estao-sendo-demolidas-na-area-da-Jaqueira-Vidigal.-Foto-Igor-414x620.jpg 414w, https:\/\/rioonwatch.org.br\/wp-content\/uploads\/2023\/08\/Pelo-caminho-escombros-das-casas-que-estao-sendo-demolidas-na-area-da-Jaqueira-Vidigal.-Foto-Igor-420x629.jpg 420w, https:\/\/rioonwatch.org.br\/wp-content\/uploads\/2023\/08\/Pelo-caminho-escombros-das-casas-que-estao-sendo-demolidas-na-area-da-Jaqueira-Vidigal.-Foto-Igor-scaled.jpg 1708w\" sizes=\"(max-width: 500px) 100vw, 500px\" \/><\/a><figcaption id=\"caption-attachment-70020\" class=\"wp-caption-text\">Pelo caminho, escombros das casas que est\u00e3o sendo demolidas na \u00e1rea da Jaqueira, Vidigal. Foto: Igor Albuquerque<\/figcaption><\/figure>\n<p>As diretrizes da prefeitura do Rio de Janeiro para a demoli\u00e7\u00e3o de edifica\u00e7\u00f5es e reloca\u00e7\u00e3o de moradores em assentamentos populares, n\u00e3o discrimina bairros; \u00e9 a mesma para toda a cidade. As diferencia\u00e7\u00f5es no valor indenizat\u00f3rio se d\u00e3o pelo tipo de constru\u00e7\u00e3o.<\/p>\n<blockquote><p>\u201cConcordar, concordar&#8230; ningu\u00e9m concordou por ter sido muito baixo o valor pago pelas casas. Mas ficamos sem alternativa: ou aceitava o que se ofereceu ou ia para processo individual, e essas coisas s\u00e3o demoradas. Como fam\u00edlias iam se virar sem receber a indeniza\u00e7\u00e3o? Praticamente fomos obrigados a aceitar. Ficamos numa situa\u00e7\u00e3o dif\u00edcil, porque a ju\u00edza determinou desocupa\u00e7\u00e3o. Na segunda proposta [ocorrida em mar\u00e7o deste ano],\u00a0 a <a href=\"https:\/\/bit.ly\/3B9tTFN\" target=\"_blank\" rel=\"noopener\">maioria negociou, a\u00ed enfraqueceu a luta<\/a>. Acredito que teria sido melhor se a gente estivesse unido; provavelmente [o valor da indeniza\u00e7\u00e3o] ia ter melhorado.&#8221; \u2014 Maria Cruz*<\/p><\/blockquote>\n<p>Na \u00faltima audi\u00eancia, a ju\u00edza determinou que as casas s\u00f3 seriam demolidas ap\u00f3s a apresenta\u00e7\u00e3o de um projeto para a \u00e1rea da Jaqueira. Embora as demoli\u00e7\u00f5es tenham reiniciado nesta semana, os moradores do Vidigal n\u00e3o sabem o que ser\u00e1 feito na localidade. O projeto apresentado pela <a href=\"https:\/\/bit.ly\/2pzAtUL\" target=\"_blank\" rel=\"noopener\">Defesa Civil<\/a>, em 2022, considera reflorestar a \u00e1rea, por\u00e9m, n\u00e3o h\u00e1 informa\u00e7\u00f5es se houve alguma altera\u00e7\u00e3o.<\/p>\n<p>H\u00e1 incertezas, inclusive, quanto \u00e0 conduta do Secret\u00e1rio Patrick Corr\u00eaa. Ele, que j\u00e1 morou no Vidigal no in\u00edcio dos anos 2000, e foi aluno do grupo teatral local <a href=\"https:\/\/bit.ly\/40mhp8z\" target=\"_blank\" rel=\"noopener\">N\u00f3s do Morro<\/a>, atualmente \u00e9 especialista em rela\u00e7\u00f5es institucionais. No entanto, a fim de negociar com os afetados pela remo\u00e7\u00e3o, procurou inicialmente a institui\u00e7\u00e3o cultural com a qual j\u00e1 foi vinculado, e n\u00e3o a associa\u00e7\u00e3o de moradores, o \u00fanico \u00f3rg\u00e3o representativo da comunidade.<\/p>\n<p>Segundo os diretores do N\u00f3s do Morro, Patrick Corr\u00eaa desejava instalar, na sede do grupo teatral, uma sala para a negocia\u00e7\u00e3o dos valores indenizat\u00f3rios com os moradores a serem removidos. Chegou a oferecer cargos remunerados para que membros da institui\u00e7\u00e3o atuassem junto \u00e0 Secretaria de Habita\u00e7\u00e3o (mesmo para aqueles que n\u00e3o possuem forma\u00e7\u00e3o ou experi\u00eancia na \u00e1rea). Estranhando a proposta, houve a recusa por parte dos dirigentes do N\u00f3s do Morro.<\/p>\n<blockquote><p>\u201cComo pode um cara que j\u00e1 viveu aqui, j\u00e1 usou o Vidigal para aprendizado na sua carreira, n\u00e3o ter respeito pelo lugar, n\u00e3o dialogar com morador? Ele s\u00f3 se fez presente quando a ju\u00edza determinou; ele foi como representante da prefeitura. Eu sei que, no final, v\u00e3o usar isso como palanque. V\u00e3o dizer que nos realocaram, nos indenizaram e que tudo ocorreu de forma tranquila. Quando na verdade, <a href=\"https:\/\/bit.ly\/3B1Tq23\" target=\"_blank\" rel=\"noopener\">foi um processo desgastante, desumano<\/a>.&#8221; \u2014 Adalberto Pereira<\/p><\/blockquote>\n<figure id=\"attachment_70022\" aria-describedby=\"caption-attachment-70022\" style=\"width: 2560px\" class=\"wp-caption aligncenter\"><a href=\"https:\/\/rioonwatch.org.br\/wp-content\/uploads\/2023\/08\/Apos-decisao-judicial-Prefeitura-reinicia-a-demolicao-de-casas-na-area-da-Jaqueira-Vidigal.-Foto-Igor-Albuquerque-scaled.jpg\"><img loading=\"lazy\" decoding=\"async\" class=\"wp-image-70022 size-full\" title=\"Ap\u00f3s decis\u00e3o judicial, prefeitura reinicia a demoli\u00e7\u00e3o de casas na \u00e1rea da Jaqueira, Vidigal. Foto: Igor Albuquerque\" src=\"https:\/\/rioonwatch.org.br\/wp-content\/uploads\/2023\/08\/Apos-decisao-judicial-Prefeitura-reinicia-a-demolicao-de-casas-na-area-da-Jaqueira-Vidigal.-Foto-Igor-Albuquerque-scaled.jpg\" alt=\"Ap\u00f3s decis\u00e3o judicial, prefeitura reinicia a demoli\u00e7\u00e3o de casas na \u00e1rea da Jaqueira, Vidigal. Foto: Igor Albuquerque\" width=\"2560\" height=\"1708\" srcset=\"https:\/\/rioonwatch.org.br\/wp-content\/uploads\/2023\/08\/Apos-decisao-judicial-Prefeitura-reinicia-a-demolicao-de-casas-na-area-da-Jaqueira-Vidigal.-Foto-Igor-Albuquerque-scaled.jpg 2560w, https:\/\/rioonwatch.org.br\/wp-content\/uploads\/2023\/08\/Apos-decisao-judicial-Prefeitura-reinicia-a-demolicao-de-casas-na-area-da-Jaqueira-Vidigal.-Foto-Igor-Albuquerque-620x414.jpg 620w, https:\/\/rioonwatch.org.br\/wp-content\/uploads\/2023\/08\/Apos-decisao-judicial-Prefeitura-reinicia-a-demolicao-de-casas-na-area-da-Jaqueira-Vidigal.-Foto-Igor-Albuquerque-943x629.jpg 943w\" sizes=\"(max-width: 2560px) 100vw, 2560px\" \/><\/a><figcaption id=\"caption-attachment-70022\" class=\"wp-caption-text\">Ap\u00f3s decis\u00e3o judicial, prefeitura reinicia a demoli\u00e7\u00e3o de casas na \u00e1rea da Jaqueira, Vidigal. Foto: Igor Albuquerque<\/figcaption><\/figure>\n<p>Diante da inevit\u00e1vel remo\u00e7\u00e3o dos moradores da \u00e1rea da Jaqueira, devido \u00e0 alega\u00e7\u00e3o de forte risco de deslizamento apresentada no laudo da Defesa Civil e posterior derrota na justi\u00e7a, n\u00e3o houve uma mobiliza\u00e7\u00e3o de todo o Vidigal pela perman\u00eancia na localidade, <a href=\"https:\/\/bit.ly\/3FfE0wx\" target=\"_blank\" rel=\"noopener\">conforme tradi\u00e7\u00e3o<\/a>. Os ocupantes daquela \u00e1rea se sentiram sozinhos.<\/p>\n<blockquote><p>\u201cSe h\u00e1 mesmo risco de deslizamento de pedras, vamos nos sacrificar, sair do nosso lugar, para proteger todo o Vidigal. Todo o morro deveria lutar com a gente, exigir a constru\u00e7\u00e3o de um pr\u00e9dio para realocar todo mundo. O que est\u00e3o nos oferecendo \u00e9 mixaria! Hoje \u00e9 a Jaqueira, amanh\u00e3 \u00e9 outra parte do Vidigal. O que eu percebo \u00e9 que est\u00e1 se formando uma gera\u00e7\u00e3o no morro que se conforma em perder a luta.&#8221; \u2014 Pedro Dami\u00e3o*<\/p><\/blockquote>\n<p>Em poucos dias, a Jaqueira tal qual conhecemos n\u00e3o existir\u00e1 mais. O que nos resta \u00e9 exigir que o local seja reflorestado e que jamais seja permitido qualquer tipo de ocupa\u00e7\u00e3o da \u00e1rea. Afinal, tanto casas de pobres, quanto empreendimentos de maior investimento n\u00e3o est\u00e3o imunes aos efeitos da chuva e rolamento de pedras.<\/p>\n<blockquote><p>\u201cCada marretada \u00e9 um pouco dos sonhos, das hist\u00f3rias de vidas das pessoas que v\u00e3o sendo destru\u00eddos.&#8221; \u2014 Cust\u00f3dio Silva<\/p><\/blockquote>\n<blockquote class=\"instagram-media\" style=\"background: #FFF; border: 0; border-radius: 3px; box-shadow: 0 0 1px 0 rgba(0,0,0,0.5),0 1px 10px 0 rgba(0,0,0,0.15); margin: 1px; max-width: 540px; min-width: 326px; padding: 0; width: calc(100% - 2px);\" data-instgrm-captioned=\"\" data-instgrm-permalink=\"https:\/\/www.instagram.com\/tv\/CwAgO9qAFgd\/?utm_source=ig_embed&amp;utm_campaign=loading\" data-instgrm-version=\"14\">\n<div style=\"padding: 16px;\">\n<p>&nbsp;<\/p>\n<div style=\"display: flex; flex-direction: row; align-items: center;\">\n<div style=\"background-color: #f4f4f4; border-radius: 50%; flex-grow: 0; height: 40px; margin-right: 14px; width: 40px;\"><\/div>\n<div style=\"display: flex; flex-direction: column; flex-grow: 1; justify-content: center;\">\n<div style=\"background-color: #f4f4f4; border-radius: 4px; flex-grow: 0; height: 14px; margin-bottom: 6px; width: 100px;\"><\/div>\n<div style=\"background-color: #f4f4f4; border-radius: 4px; flex-grow: 0; height: 14px; width: 60px;\"><\/div>\n<\/div>\n<\/div>\n<div style=\"padding: 19% 0;\"><\/div>\n<div style=\"display: block; height: 50px; margin: 0 auto 12px; width: 50px;\"><\/div>\n<div style=\"padding-top: 8px;\">\n<div style=\"color: #3897f0; font-family: Arial,sans-serif; font-size: 14px; font-style: normal; font-weight: 550; line-height: 18px;\">Ver essa foto no Instagram<\/div>\n<\/div>\n<div style=\"padding: 12.5% 0;\"><\/div>\n<div style=\"display: flex; flex-direction: row; margin-bottom: 14px; align-items: center;\">\n<div>\n<div style=\"background-color: #f4f4f4; border-radius: 50%; height: 12.5px; width: 12.5px; transform: translateX(0px) translateY(7px);\"><\/div>\n<div style=\"background-color: #f4f4f4; height: 12.5px; transform: rotate(-45deg) translateX(3px) translateY(1px); width: 12.5px; flex-grow: 0; margin-right: 14px; margin-left: 2px;\"><\/div>\n<div style=\"background-color: #f4f4f4; border-radius: 50%; height: 12.5px; width: 12.5px; transform: translateX(9px) translateY(-18px);\"><\/div>\n<\/div>\n<div style=\"margin-left: 8px;\">\n<div style=\"background-color: #f4f4f4; border-radius: 50%; flex-grow: 0; height: 20px; width: 20px;\"><\/div>\n<div style=\"width: 0; height: 0; border-top: 2px solid transparent; border-left: 6px solid #f4f4f4; border-bottom: 2px solid transparent; transform: translateX(16px) translateY(-4px) rotate(30deg);\"><\/div>\n<\/div>\n<div style=\"margin-left: auto;\">\n<div style=\"width: 0px; border-top: 8px solid #F4F4F4; border-right: 8px solid transparent; transform: translateY(16px);\"><\/div>\n<div style=\"background-color: #f4f4f4; flex-grow: 0; height: 12px; width: 16px; transform: translateY(-4px);\"><\/div>\n<div style=\"width: 0; height: 0; border-top: 8px solid #F4F4F4; border-left: 8px solid transparent; transform: translateY(-4px) translateX(8px);\"><\/div>\n<\/div>\n<\/div>\n<div style=\"display: flex; flex-direction: column; flex-grow: 1; justify-content: center; margin-bottom: 24px;\">\n<div style=\"background-color: #f4f4f4; border-radius: 4px; flex-grow: 0; height: 14px; margin-bottom: 6px; width: 224px;\"><\/div>\n<div style=\"background-color: #f4f4f4; border-radius: 4px; flex-grow: 0; height: 14px; width: 144px;\"><\/div>\n<\/div>\n<p>&nbsp;<\/p>\n<p style=\"color: #c9c8cd; font-family: Arial,sans-serif; font-size: 14px; line-height: 17px; margin-bottom: 0; margin-top: 8px; overflow: hidden; padding: 8px 0 7px; text-align: center; text-overflow: ellipsis; white-space: nowrap;\"><a style=\"color: #c9c8cd; font-family: Arial,sans-serif; font-size: 14px; font-style: normal; font-weight: normal; line-height: 17px; text-decoration: none;\" href=\"https:\/\/www.instagram.com\/tv\/CwAgO9qAFgd\/?utm_source=ig_embed&amp;utm_campaign=loading\" target=\"_blank\" rel=\"noopener\">Uma publica\u00e7\u00e3o compartilhada por Antonio Jos\u00e9 De Paiva Paiva (@antonio_paiva__vdg_tv)<\/a><\/p>\n<\/div>\n<\/blockquote>\n<p><script async src=\"\/\/www.instagram.com\/embed.js\"><\/script><\/p>\n<p>*Os nomes de moradores inclu\u00eddos nesta reportagem s\u00e3o fict\u00edcios. Os moradores n\u00e3o quiseram se identificar.<\/p>\n<p><em>Sobre a autora: B\u00e1rbara Nascimento, cria da favela do Vidigal, \u00e9 professora de L\u00edngua Portuguesa das redes p\u00fablicas municipal e estadual do Rio de Janeiro. \u00c9 formada em Letras (UFRJ: 2002), e mestra em Mem\u00f3ria Social (UNIRIO: 2019). Criou e dirige o N\u00facleo de Mem\u00f3rias do Vidigal, uma gama de a\u00e7\u00f5es, constru\u00e7\u00e3o de acervos e variados registros, que buscam servir de suportes da mem\u00f3ria.<\/em><\/p>\n<hr \/>\n<h4><b data-stringify-type=\"bold\">Apoie nossos esfor\u00e7os para fornecer apoio estrat\u00e9gico \u00e0s favelas do Rio, incluindo o jornalismo hiperlocal, cr\u00edtico, inovador e incans\u00e1vel do\u00a0<\/b><b data-stringify-type=\"bold\"><i data-stringify-type=\"italic\">RioOnWatch<\/i><\/b>\u2014<a class=\"c-link\" href=\"http:\/\/www.bit.ly\/ApoieROW\" target=\"_blank\" rel=\"noopener noreferrer\" data-stringify-link=\"http:\/\/www.bit.ly\/ApoieROW\" data-sk=\"tooltip_parent\">doe aqui<\/a>.<\/h4>\n<!-- AddThis Advanced Settings generic via filter on the_content --><!-- AddThis Share Buttons generic via filter on the_content -->","protected":false},"excerpt":{"rendered":"<div class=\"mh-excerpt\"><p>Click Here for English Na \u00faltima semana, no dia 16 de agosto, a \u00e1rea da Jaqueira, no Vidigal, favela da Zona Sul do Rio de Janeiro, reviveu a remo\u00e7\u00e3o das suas moradias. As primeiras casas <a class=\"mh-excerpt-more\" href=\"https:\/\/rioonwatch.org.br\/?p=69985\" title=\"SOS! Removidos, Moradores da Jaqueira, no Vidigal, Vivenciam Suas Casas Demolidas pela Prefeitura do Rio de Janeiro\">[&#8230;]<\/a><!-- AddThis Advanced Settings generic via filter on get_the_excerpt --><!-- AddThis Share Buttons generic via filter on get_the_excerpt --><\/p>\n<\/div>","protected":false},"author":179,"featured_media":70057,"comment_status":"closed","ping_status":"closed","sticky":false,"template":"template-full.php","format":"standard","meta":{"_acf_changed":false,"_monsterinsights_skip_tracking":false,"_monsterinsights_sitenote_active":false,"_monsterinsights_sitenote_note":"","_monsterinsights_sitenote_category":0,"footnotes":""},"categories":[1617,1614,1621,346,1625],"tags":[655,90,2625,424,484,395,889,752,3311,1719,2216,2139,14,427,258,3519,1482,1367,2263,1705,354,383],"writer":[3239],"translator":[],"source":[],"ilustrador":[],"fotografo":[3309],"class_list":{"0":"post-69985","1":"post","2":"type-post","3":"status-publish","4":"format-standard","5":"has-post-thumbnail","7":"category-olhonagentrificacao","8":"category-olhonasremocoes","9":"category-destaque","10":"category-denuncias","11":"category-por-correspondentes-comunitarios","12":"tag-associacao-de-moradores","13":"tag-defensoria-publica","14":"tag-defesa-civil","15":"tag-direito-a-moradia","16":"tag-prefeito-eduardo-paes","17":"tag-gentrificacao-remocao-branca","18":"tag-geo-rio","19":"tag-indenizacao-injusta","20":"tag-jaqueira","21":"tag-mudancas-climaticas","22":"tag-nuth","23":"tag-justica-ambiental","24":"tag-remocao","25":"tag-risco-de-deslizamento","26":"tag-smh","27":"tag-taticas-de-remocao-desculpa-ambiental","28":"tag-taticas-de-remocao-desinformacao","29":"tag-taticas-de-remocao-dividir-para-conquistar","30":"tag-taticas-de-remocao-intimidacao","31":"tag-taticas-de-remocao-perca-de-pertences","32":"tag-vidigal","33":"tag-zona-sul","34":"writer-barbara-nascimento","35":"fotografo-igor-albuquerque"},"acf":[],"yoast_head":"<!-- This site is optimized with the Yoast SEO plugin v25.6 - https:\/\/yoast.com\/wordpress\/plugins\/seo\/ -->\n<title>SOS! Removidos, Moradores da Jaqueira, no Vidigal, Vivenciam Suas Casas Demolidas pela Prefeitura do Rio de Janeiro - RioOnWatch<\/title>\n<meta name=\"robots\" content=\"index, follow, max-snippet:-1, max-image-preview:large, max-video-preview:-1\" \/>\n<link rel=\"canonical\" href=\"https:\/\/rioonwatch.org.br\/?p=69985\" \/>\n<meta property=\"og:locale\" content=\"pt_BR\" \/>\n<meta property=\"og:type\" content=\"article\" \/>\n<meta property=\"og:title\" content=\"SOS! Removidos, Moradores da Jaqueira, no Vidigal, Vivenciam Suas Casas Demolidas pela Prefeitura do Rio de Janeiro - RioOnWatch\" \/>\n<meta property=\"og:description\" content=\"Click Here for English Na \u00faltima semana, no dia 16 de agosto, a \u00e1rea da Jaqueira, no Vidigal, favela da Zona Sul do Rio de Janeiro, reviveu a remo\u00e7\u00e3o das suas moradias. As primeiras casas [...]\" \/>\n<meta property=\"og:url\" content=\"https:\/\/rioonwatch.org.br\/?p=69985\" \/>\n<meta property=\"og:site_name\" content=\"RioOnWatch\" \/>\n<meta property=\"article:published_time\" content=\"2023-08-22T00:15:54+00:00\" \/>\n<meta property=\"article:modified_time\" content=\"2025-01-14T17:19:31+00:00\" \/>\n<meta property=\"og:image\" content=\"https:\/\/rioonwatch.org.br\/wp-content\/uploads\/2023\/08\/Remocao-na-Jaqueira-Vidigal.png\" \/>\n\t<meta property=\"og:image:width\" content=\"1690\" \/>\n\t<meta property=\"og:image:height\" content=\"775\" \/>\n\t<meta property=\"og:image:type\" content=\"image\/png\" \/>\n<meta name=\"author\" content=\"Janaina Tavares\" \/>\n<meta name=\"twitter:card\" content=\"summary_large_image\" \/>\n<meta name=\"twitter:label1\" content=\"Escrito por\" \/>\n\t<meta name=\"twitter:data1\" content=\"Janaina Tavares\" \/>\n\t<meta name=\"twitter:label2\" content=\"Est. tempo de leitura\" \/>\n\t<meta name=\"twitter:data2\" content=\"8 minutos\" \/>\n<script type=\"application\/ld+json\" class=\"yoast-schema-graph\">{\"@context\":\"https:\/\/schema.org\",\"@graph\":[{\"@type\":\"Article\",\"@id\":\"https:\/\/rioonwatch.org.br\/?p=69985#article\",\"isPartOf\":{\"@id\":\"https:\/\/rioonwatch.org.br\/?p=69985\"},\"author\":{\"name\":\"Janaina Tavares\",\"@id\":\"https:\/\/rioonwatch.org.br\/#\/schema\/person\/feb227e5e7679aacc3d672e375cae1bd\"},\"headline\":\"SOS! Removidos, Moradores da Jaqueira, no Vidigal, Vivenciam Suas Casas Demolidas pela Prefeitura do Rio de Janeiro\",\"datePublished\":\"2023-08-22T00:15:54+00:00\",\"dateModified\":\"2025-01-14T17:19:31+00:00\",\"mainEntityOfPage\":{\"@id\":\"https:\/\/rioonwatch.org.br\/?p=69985\"},\"wordCount\":1827,\"publisher\":{\"@id\":\"https:\/\/rioonwatch.org.br\/#organization\"},\"image\":{\"@id\":\"https:\/\/rioonwatch.org.br\/?p=69985#primaryimage\"},\"thumbnailUrl\":\"https:\/\/rioonwatch.org.br\/wp-content\/uploads\/2023\/08\/Remocao-na-Jaqueira-Vidigal.png\",\"keywords\":[\"Associa\u00e7\u00e3o de Moradores\",\"Defensoria P\u00fablica\",\"Defesa Civil\",\"Direito \u00e0 Moradia\",\"Eduardo Paes\",\"gentrifica\u00e7\u00e3o\",\"GEO-Rio\",\"indeniza\u00e7\u00e3o injusta\",\"Jaqueira\",\"mudan\u00e7as clim\u00e1ticas\",\"NUTH\",\"Racismo ambiental\",\"Remo\u00e7\u00e3o\",\"risco de deslizamento\",\"Secretaria Municipal de Habita\u00e7\u00e3o (SMH)\",\"T\u00e1ticas de remo\u00e7\u00e3o: desculpa ambiental\",\"T\u00e1ticas de remo\u00e7\u00e3o: desinforma\u00e7\u00e3o\",\"T\u00e1ticas de remo\u00e7\u00e3o: dividir para conquistar\",\"T\u00e1ticas de remo\u00e7\u00e3o: intimida\u00e7\u00e3o\",\"T\u00e1ticas de remo\u00e7\u00e3o: perca de pertences\",\"Vidigal\",\"Zona Sul\"],\"articleSection\":[\"#OlhoNaGentrifica\u00e7\u00e3o\",\"#OlhoNasRemo\u00e7\u00f5es\",\"*Destaque\",\"Den\u00fancias\",\"Escrito por Comunicadores Populares\"],\"inLanguage\":\"pt-BR\"},{\"@type\":\"WebPage\",\"@id\":\"https:\/\/rioonwatch.org.br\/?p=69985\",\"url\":\"https:\/\/rioonwatch.org.br\/?p=69985\",\"name\":\"SOS! Removidos, Moradores da Jaqueira, no Vidigal, Vivenciam Suas Casas Demolidas pela Prefeitura do Rio de Janeiro - RioOnWatch\",\"isPartOf\":{\"@id\":\"https:\/\/rioonwatch.org.br\/#website\"},\"primaryImageOfPage\":{\"@id\":\"https:\/\/rioonwatch.org.br\/?p=69985#primaryimage\"},\"image\":{\"@id\":\"https:\/\/rioonwatch.org.br\/?p=69985#primaryimage\"},\"thumbnailUrl\":\"https:\/\/rioonwatch.org.br\/wp-content\/uploads\/2023\/08\/Remocao-na-Jaqueira-Vidigal.png\",\"datePublished\":\"2023-08-22T00:15:54+00:00\",\"dateModified\":\"2025-01-14T17:19:31+00:00\",\"breadcrumb\":{\"@id\":\"https:\/\/rioonwatch.org.br\/?p=69985#breadcrumb\"},\"inLanguage\":\"pt-BR\",\"potentialAction\":[{\"@type\":\"ReadAction\",\"target\":[\"https:\/\/rioonwatch.org.br\/?p=69985\"]}]},{\"@type\":\"ImageObject\",\"inLanguage\":\"pt-BR\",\"@id\":\"https:\/\/rioonwatch.org.br\/?p=69985#primaryimage\",\"url\":\"https:\/\/rioonwatch.org.br\/wp-content\/uploads\/2023\/08\/Remocao-na-Jaqueira-Vidigal.png\",\"contentUrl\":\"https:\/\/rioonwatch.org.br\/wp-content\/uploads\/2023\/08\/Remocao-na-Jaqueira-Vidigal.png\",\"width\":1690,\"height\":775,\"caption\":\"Ap\u00f3s decis\u00e3o judicial, funcion\u00e1rios da Prefeitura reiniciam a demoli\u00e7\u00e3o de casas na \u00e1rea da Jaqueira, na favela do Vidigal, Zona Sul do Rio. Foto: Igor Albuquerque\"},{\"@type\":\"BreadcrumbList\",\"@id\":\"https:\/\/rioonwatch.org.br\/?p=69985#breadcrumb\",\"itemListElement\":[{\"@type\":\"ListItem\",\"position\":1,\"name\":\"In\u00edcio\",\"item\":\"https:\/\/rioonwatch.org.br\/\"},{\"@type\":\"ListItem\",\"position\":2,\"name\":\"SOS! Removidos, Moradores da Jaqueira, no Vidigal, Vivenciam Suas Casas Demolidas pela Prefeitura do Rio de Janeiro\"}]},{\"@type\":\"WebSite\",\"@id\":\"https:\/\/rioonwatch.org.br\/#website\",\"url\":\"https:\/\/rioonwatch.org.br\/\",\"name\":\"RioOnWatch\",\"description\":\"relatos das favelas cariocas\",\"publisher\":{\"@id\":\"https:\/\/rioonwatch.org.br\/#organization\"},\"potentialAction\":[{\"@type\":\"SearchAction\",\"target\":{\"@type\":\"EntryPoint\",\"urlTemplate\":\"https:\/\/rioonwatch.org.br\/?s={search_term_string}\"},\"query-input\":{\"@type\":\"PropertyValueSpecification\",\"valueRequired\":true,\"valueName\":\"search_term_string\"}}],\"inLanguage\":\"pt-BR\"},{\"@type\":\"Organization\",\"@id\":\"https:\/\/rioonwatch.org.br\/#organization\",\"name\":\"RioOnWatch\",\"url\":\"https:\/\/rioonwatch.org.br\/\",\"logo\":{\"@type\":\"ImageObject\",\"inLanguage\":\"pt-BR\",\"@id\":\"https:\/\/rioonwatch.org.br\/#\/schema\/logo\/image\/\",\"url\":\"https:\/\/rioonwatch.org.br\/wp-content\/uploads\/2021\/06\/RioOnWatchcabecalhoPT11anos-2.png\",\"contentUrl\":\"https:\/\/rioonwatch.org.br\/wp-content\/uploads\/2021\/06\/RioOnWatchcabecalhoPT11anos-2.png\",\"width\":779,\"height\":277,\"caption\":\"RioOnWatch\"},\"image\":{\"@id\":\"https:\/\/rioonwatch.org.br\/#\/schema\/logo\/image\/\"}},{\"@type\":\"Person\",\"@id\":\"https:\/\/rioonwatch.org.br\/#\/schema\/person\/feb227e5e7679aacc3d672e375cae1bd\",\"name\":\"Janaina Tavares\",\"image\":{\"@type\":\"ImageObject\",\"inLanguage\":\"pt-BR\",\"@id\":\"https:\/\/rioonwatch.org.br\/#\/schema\/person\/image\/\",\"url\":\"https:\/\/secure.gravatar.com\/avatar\/83bb5bb4f8b0c5ad63f35939640eaaa2?s=96&d=blank&r=g\",\"contentUrl\":\"https:\/\/secure.gravatar.com\/avatar\/83bb5bb4f8b0c5ad63f35939640eaaa2?s=96&d=blank&r=g\",\"caption\":\"Janaina Tavares\"},\"url\":\"https:\/\/rioonwatch.org.br\/?author=179\"}]}<\/script>\n<!-- \/ Yoast SEO plugin. -->","yoast_head_json":{"title":"SOS! Removidos, Moradores da Jaqueira, no Vidigal, Vivenciam Suas Casas Demolidas pela Prefeitura do Rio de Janeiro - RioOnWatch","robots":{"index":"index","follow":"follow","max-snippet":"max-snippet:-1","max-image-preview":"max-image-preview:large","max-video-preview":"max-video-preview:-1"},"canonical":"https:\/\/rioonwatch.org.br\/?p=69985","og_locale":"pt_BR","og_type":"article","og_title":"SOS! Removidos, Moradores da Jaqueira, no Vidigal, Vivenciam Suas Casas Demolidas pela Prefeitura do Rio de Janeiro - RioOnWatch","og_description":"Click Here for English Na \u00faltima semana, no dia 16 de agosto, a \u00e1rea da Jaqueira, no Vidigal, favela da Zona Sul do Rio de Janeiro, reviveu a remo\u00e7\u00e3o das suas moradias. As primeiras casas [...]","og_url":"https:\/\/rioonwatch.org.br\/?p=69985","og_site_name":"RioOnWatch","article_published_time":"2023-08-22T00:15:54+00:00","article_modified_time":"2025-01-14T17:19:31+00:00","og_image":[{"width":1690,"height":775,"url":"https:\/\/rioonwatch.org.br\/wp-content\/uploads\/2023\/08\/Remocao-na-Jaqueira-Vidigal.png","type":"image\/png"}],"author":"Janaina Tavares","twitter_card":"summary_large_image","twitter_misc":{"Escrito por":"Janaina Tavares","Est. tempo de leitura":"8 minutos"},"schema":{"@context":"https:\/\/schema.org","@graph":[{"@type":"Article","@id":"https:\/\/rioonwatch.org.br\/?p=69985#article","isPartOf":{"@id":"https:\/\/rioonwatch.org.br\/?p=69985"},"author":{"name":"Janaina Tavares","@id":"https:\/\/rioonwatch.org.br\/#\/schema\/person\/feb227e5e7679aacc3d672e375cae1bd"},"headline":"SOS! Removidos, Moradores da Jaqueira, no Vidigal, Vivenciam Suas Casas Demolidas pela Prefeitura do Rio de Janeiro","datePublished":"2023-08-22T00:15:54+00:00","dateModified":"2025-01-14T17:19:31+00:00","mainEntityOfPage":{"@id":"https:\/\/rioonwatch.org.br\/?p=69985"},"wordCount":1827,"publisher":{"@id":"https:\/\/rioonwatch.org.br\/#organization"},"image":{"@id":"https:\/\/rioonwatch.org.br\/?p=69985#primaryimage"},"thumbnailUrl":"https:\/\/rioonwatch.org.br\/wp-content\/uploads\/2023\/08\/Remocao-na-Jaqueira-Vidigal.png","keywords":["Associa\u00e7\u00e3o de Moradores","Defensoria P\u00fablica","Defesa Civil","Direito \u00e0 Moradia","Eduardo Paes","gentrifica\u00e7\u00e3o","GEO-Rio","indeniza\u00e7\u00e3o injusta","Jaqueira","mudan\u00e7as clim\u00e1ticas","NUTH","Racismo ambiental","Remo\u00e7\u00e3o","risco de deslizamento","Secretaria Municipal de Habita\u00e7\u00e3o (SMH)","T\u00e1ticas de remo\u00e7\u00e3o: desculpa ambiental","T\u00e1ticas de remo\u00e7\u00e3o: desinforma\u00e7\u00e3o","T\u00e1ticas de remo\u00e7\u00e3o: dividir para conquistar","T\u00e1ticas de remo\u00e7\u00e3o: intimida\u00e7\u00e3o","T\u00e1ticas de remo\u00e7\u00e3o: perca de pertences","Vidigal","Zona Sul"],"articleSection":["#OlhoNaGentrifica\u00e7\u00e3o","#OlhoNasRemo\u00e7\u00f5es","*Destaque","Den\u00fancias","Escrito por Comunicadores Populares"],"inLanguage":"pt-BR"},{"@type":"WebPage","@id":"https:\/\/rioonwatch.org.br\/?p=69985","url":"https:\/\/rioonwatch.org.br\/?p=69985","name":"SOS! Removidos, Moradores da Jaqueira, no Vidigal, Vivenciam Suas Casas Demolidas pela Prefeitura do Rio de Janeiro - RioOnWatch","isPartOf":{"@id":"https:\/\/rioonwatch.org.br\/#website"},"primaryImageOfPage":{"@id":"https:\/\/rioonwatch.org.br\/?p=69985#primaryimage"},"image":{"@id":"https:\/\/rioonwatch.org.br\/?p=69985#primaryimage"},"thumbnailUrl":"https:\/\/rioonwatch.org.br\/wp-content\/uploads\/2023\/08\/Remocao-na-Jaqueira-Vidigal.png","datePublished":"2023-08-22T00:15:54+00:00","dateModified":"2025-01-14T17:19:31+00:00","breadcrumb":{"@id":"https:\/\/rioonwatch.org.br\/?p=69985#breadcrumb"},"inLanguage":"pt-BR","potentialAction":[{"@type":"ReadAction","target":["https:\/\/rioonwatch.org.br\/?p=69985"]}]},{"@type":"ImageObject","inLanguage":"pt-BR","@id":"https:\/\/rioonwatch.org.br\/?p=69985#primaryimage","url":"https:\/\/rioonwatch.org.br\/wp-content\/uploads\/2023\/08\/Remocao-na-Jaqueira-Vidigal.png","contentUrl":"https:\/\/rioonwatch.org.br\/wp-content\/uploads\/2023\/08\/Remocao-na-Jaqueira-Vidigal.png","width":1690,"height":775,"caption":"Ap\u00f3s decis\u00e3o judicial, funcion\u00e1rios da Prefeitura reiniciam a demoli\u00e7\u00e3o de casas na \u00e1rea da Jaqueira, na favela do Vidigal, Zona Sul do Rio. Foto: Igor Albuquerque"},{"@type":"BreadcrumbList","@id":"https:\/\/rioonwatch.org.br\/?p=69985#breadcrumb","itemListElement":[{"@type":"ListItem","position":1,"name":"In\u00edcio","item":"https:\/\/rioonwatch.org.br\/"},{"@type":"ListItem","position":2,"name":"SOS! Removidos, Moradores da Jaqueira, no Vidigal, Vivenciam Suas Casas Demolidas pela Prefeitura do Rio de Janeiro"}]},{"@type":"WebSite","@id":"https:\/\/rioonwatch.org.br\/#website","url":"https:\/\/rioonwatch.org.br\/","name":"RioOnWatch","description":"relatos das favelas cariocas","publisher":{"@id":"https:\/\/rioonwatch.org.br\/#organization"},"potentialAction":[{"@type":"SearchAction","target":{"@type":"EntryPoint","urlTemplate":"https:\/\/rioonwatch.org.br\/?s={search_term_string}"},"query-input":{"@type":"PropertyValueSpecification","valueRequired":true,"valueName":"search_term_string"}}],"inLanguage":"pt-BR"},{"@type":"Organization","@id":"https:\/\/rioonwatch.org.br\/#organization","name":"RioOnWatch","url":"https:\/\/rioonwatch.org.br\/","logo":{"@type":"ImageObject","inLanguage":"pt-BR","@id":"https:\/\/rioonwatch.org.br\/#\/schema\/logo\/image\/","url":"https:\/\/rioonwatch.org.br\/wp-content\/uploads\/2021\/06\/RioOnWatchcabecalhoPT11anos-2.png","contentUrl":"https:\/\/rioonwatch.org.br\/wp-content\/uploads\/2021\/06\/RioOnWatchcabecalhoPT11anos-2.png","width":779,"height":277,"caption":"RioOnWatch"},"image":{"@id":"https:\/\/rioonwatch.org.br\/#\/schema\/logo\/image\/"}},{"@type":"Person","@id":"https:\/\/rioonwatch.org.br\/#\/schema\/person\/feb227e5e7679aacc3d672e375cae1bd","name":"Janaina Tavares","image":{"@type":"ImageObject","inLanguage":"pt-BR","@id":"https:\/\/rioonwatch.org.br\/#\/schema\/person\/image\/","url":"https:\/\/secure.gravatar.com\/avatar\/83bb5bb4f8b0c5ad63f35939640eaaa2?s=96&d=blank&r=g","contentUrl":"https:\/\/secure.gravatar.com\/avatar\/83bb5bb4f8b0c5ad63f35939640eaaa2?s=96&d=blank&r=g","caption":"Janaina Tavares"},"url":"https:\/\/rioonwatch.org.br\/?author=179"}]}},"_links":{"self":[{"href":"https:\/\/rioonwatch.org.br\/index.php?rest_route=\/wp\/v2\/posts\/69985"}],"collection":[{"href":"https:\/\/rioonwatch.org.br\/index.php?rest_route=\/wp\/v2\/posts"}],"about":[{"href":"https:\/\/rioonwatch.org.br\/index.php?rest_route=\/wp\/v2\/types\/post"}],"author":[{"embeddable":true,"href":"https:\/\/rioonwatch.org.br\/index.php?rest_route=\/wp\/v2\/users\/179"}],"replies":[{"embeddable":true,"href":"https:\/\/rioonwatch.org.br\/index.php?rest_route=%2Fwp%2Fv2%2Fcomments&post=69985"}],"version-history":[{"count":47,"href":"https:\/\/rioonwatch.org.br\/index.php?rest_route=\/wp\/v2\/posts\/69985\/revisions"}],"predecessor-version":[{"id":70146,"href":"https:\/\/rioonwatch.org.br\/index.php?rest_route=\/wp\/v2\/posts\/69985\/revisions\/70146"}],"wp:featuredmedia":[{"embeddable":true,"href":"https:\/\/rioonwatch.org.br\/index.php?rest_route=\/wp\/v2\/media\/70057"}],"wp:attachment":[{"href":"https:\/\/rioonwatch.org.br\/index.php?rest_route=%2Fwp%2Fv2%2Fmedia&parent=69985"}],"wp:term":[{"taxonomy":"category","embeddable":true,"href":"https:\/\/rioonwatch.org.br\/index.php?rest_route=%2Fwp%2Fv2%2Fcategories&post=69985"},{"taxonomy":"post_tag","embeddable":true,"href":"https:\/\/rioonwatch.org.br\/index.php?rest_route=%2Fwp%2Fv2%2Ftags&post=69985"},{"taxonomy":"writer","embeddable":true,"href":"https:\/\/rioonwatch.org.br\/index.php?rest_route=%2Fwp%2Fv2%2Fwriter&post=69985"},{"taxonomy":"translator","embeddable":true,"href":"https:\/\/rioonwatch.org.br\/index.php?rest_route=%2Fwp%2Fv2%2Ftranslator&post=69985"},{"taxonomy":"source","embeddable":true,"href":"https:\/\/rioonwatch.org.br\/index.php?rest_route=%2Fwp%2Fv2%2Fsource&post=69985"},{"taxonomy":"ilustrador","embeddable":true,"href":"https:\/\/rioonwatch.org.br\/index.php?rest_route=%2Fwp%2Fv2%2Filustrador&post=69985"},{"taxonomy":"fotografo","embeddable":true,"href":"https:\/\/rioonwatch.org.br\/index.php?rest_route=%2Fwp%2Fv2%2Ffotografo&post=69985"}],"curies":[{"name":"wp","href":"https:\/\/api.w.org\/{rel}","templated":true}]}}