{"id":70274,"date":"2023-09-08T11:22:48","date_gmt":"2023-09-08T14:22:48","guid":{"rendered":"https:\/\/rioonwatch.org.br\/?p=70274"},"modified":"2023-09-22T15:45:54","modified_gmt":"2023-09-22T18:45:54","slug":"video-release-energia-solar-chega-as-favelas-de-caxias-mulheres-de-atitude-convidam-para-a-inauguracao-do-sistema-de-paineis-solares-na-comunidade-dique-da-vila-alzira","status":"publish","type":"post","link":"https:\/\/rioonwatch.org.br\/?p=70274","title":{"rendered":"V\u00eddeo-Release: Energia Solar Chega \u00c0s Favelas de Caxias! Mulheres de Atitude Convidam para a Inaugurac\u0327a\u0303o do Sistema de Paine\u0301is Solares na Comunidade Dique da Vila Alzira"},"content":{"rendered":"<p><iframe title=\"Energia Solar Chega \u00e0 Baixada: Mulheres de Atitude Inaugura Sistema Junto da Rede Favela Sustent\u00e1vel\" src=\"https:\/\/www.youtube.com\/embed\/AidC3z1bDEU\" width=\"1030\" height=\"580\" frameborder=\"0\" allowfullscreen=\"allowfullscreen\"><span data-mce-type=\"bookmark\" style=\"display: inline-block; width: 0px; overflow: hidden; line-height: 0;\" class=\"mce_SELRES_start\">\ufeff<\/span><span data-mce-type=\"bookmark\" style=\"display: inline-block; width: 0px; overflow: hidden; line-height: 0;\" class=\"mce_SELRES_start\">\ufeff<\/span><span data-mce-type=\"bookmark\" style=\"display: inline-block; width: 0px; overflow: hidden; line-height: 0;\" class=\"mce_SELRES_start\">\ufeff<\/span><span data-mce-type=\"bookmark\" style=\"display: inline-block; width: 0px; overflow: hidden; line-height: 0;\" class=\"mce_SELRES_start\">\ufeff<\/span><\/iframe><\/p>\n<h4 style=\"text-align: right;\"><em><strong><a href=\"https:\/\/bit.ly\/VideoReleaseAMAConROW\" target=\"_blank\" rel=\"noopener noreferrer\">Click Here for English<\/a><a href=\"https:\/\/bit.ly\/VideoReleaseAMAConROW\" rel=\"noopener noreferrer\"><img decoding=\"async\" class=\"alignright wp-image-15790\" src=\"https:\/\/rioonwatch.org.br\/wp-content\/uploads\/2012\/08\/EN-standard-e1439583104716.jpg\" alt=\"\" width=\"20\" height=\"20\" \/><\/a><\/strong><\/em><\/h4>\n<h4>Coletiva de imprensa e evento de lanc\u0327amento, no dia 17 de setembro, contara\u0303o com a presenc\u0327a de moradores e aliados que estiveram \u00e0 frente dos projetos. <a href=\"https:\/\/bit.ly\/InscricaoColetivaAMAC\" target=\"_blank\" rel=\"noopener\">Clique aqui para se inscrever<\/a>. Assista e <a href=\"https:\/\/bit.ly\/AMACSolarVideo\" target=\"_blank\" rel=\"noopener\">compartilhe ao v\u00eddeo acima<\/a>. [<a href=\"https:\/\/bit.ly\/ReleaseSolarAMAC\" target=\"_blank\" rel=\"noopener\">Release em PDF<\/a>]<\/h4>\n<p><span style=\"font-weight: 400;\">6 de setembro de 2023\u2014A Associa\u00e7\u00e3o de Mulheres de Atitude e Compromisso Social (<a href=\"http:\/\/bit.ly\/2KM0CYS\" target=\"_blank\" rel=\"noopener\">AMAC<\/a>) que h\u00e1 onze anos luta pelo direito das mulheres e contra a viol\u00eancia dom\u00e9stica em <a href=\"https:\/\/bit.ly\/2KMwrB3\" target=\"_blank\" rel=\"noopener\">Duque de Caxias<\/a>, munic\u00edpio da <a href=\"https:\/\/bit.ly\/32JVvht\" target=\"_blank\" rel=\"noopener\">Baixada Fluminense<\/a>, acaba de dar um salto como refere\u0302ncia tamb\u00e9m de pra\u0301ticas sustenta\u0301veis. No dia 17 de setembro, a associa\u00e7\u00e3o ir\u00e1 receber jornalistas, lideranc\u0327as comunit\u00e1rias e aliados da Rede Favela Sustent\u00e1vel (<a href=\"http:\/\/www.favelasustentavel.org\" target=\"_blank\" rel=\"noopener\">RFS<\/a>)* para uma coletiva de imprensa e lanc\u0327amento oficial da mais nova conquista da associa\u00e7\u00e3o: um sistema de energia solar fotovoltaica instalado na comunidade do Dique da Vila Alzira. O evento sera\u0301 realizado na sede da associa\u00e7\u00e3o e \u00e9 <a href=\"https:\/\/bit.ly\/InscricaoColetivaAMAC\" target=\"_blank\" rel=\"noopener\">aberto a inscritos<\/a>.\u00a0<\/span><\/p>\n<blockquote><p><span style=\"font-weight: 400;\">&#8220;A sociedade imp\u00f5e pra gente uma barreira que n\u00e3o existe. Quando vi a possibilidade de trazer energia solar para o meu territ\u00f3rio, da Baixada Fluminense, onde tudo \u00e9 mais dif\u00edcil pra gente, e ao mesmo tempo levar n\u00e3o s\u00f3 pro territ\u00f3rio, mas fazer com que os moradores e os jovens pudessem olhar isso como uma possibilidade de crescimento pessoal e profissional, eu n\u00e3o pensei duas vezes.&#8221; \u2014 Nill Santos, Fundadora e Presidente da AMAC<\/span><\/p><\/blockquote>\n<p><span style=\"font-weight: 400;\">Apesar de possuir um excelente potencial solarim\u00e9trico para a explora\u00e7\u00e3o da energia solar, <\/span><span style=\"font-weight: 400;\">a Baixada Fluminense ainda aproveita muito pouco essa oportunidade. Com <a href=\"https:\/\/bit.ly\/3Pt5kvE\" target=\"_blank\" rel=\"noopener\">cerca<\/a> de 57% da popula\u00e7\u00e3o do munic\u00edpio do Rio de Janeiro, e uma <\/span><a href=\"http:\/\/bit.ly\/1IgJzSA\"><span style=\"font-weight: 400;\">\u00e1rea geogr\u00e1fica bem maior<\/span><\/a><span style=\"font-weight: 400;\">, a pot\u00eancia fotovoltaica instalada da regi\u00e3o apresenta apenas 23% daquela do munic\u00edpio do Rio de Janeiro. O potencial solar n\u00e3o realizado da regi\u00e3o \u00e9 gigante.\u00a0<\/span><\/p>\n<blockquote><p><span style=\"font-weight: 400;\">&#8220;Quando a gente v\u00ea a energia solar [no nosso territ\u00f3rio], que \u00e9 uma energia mais limpa, ecol\u00f3gica, melhor para o nosso planeta, a gente come\u00e7a a realmente ver a possibilidade de um futuro melhor. Estamos indo pro trilho correto, correndo atr\u00e1s de nossos sonhos, que nossos sobrinhos, filhos, netos, tenham um mundo melhor para viver. E cabe a n\u00f3s preparar esse mundo para eles. A AMAC t\u00e1 sendo pioneira em energia solar, em Duque de Caxias! Nem o governo olha pra c\u00e1, e olha o que estamos fazendo.&#8221; \u2014 Gabriel Souza, Educador Social da AMAC<\/span><\/p><\/blockquote>\n<h3>Um Sonho Realizado a\u00a0Partir da Reconstru\u00e7\u00e3o da Vida de Mulheres V\u00edtimas de Viol\u00eancia Dom\u00e9stica se Aliando a Uma Rede Metropolitana de Mobilizadores Socioambientais<\/h3>\n<p><span style=\"font-weight: 400;\">A Associa\u00e7\u00e3o de Mulheres de Atitude e Compromisso Social (<a href=\"https:\/\/bit.ly\/44DCXPX\" target=\"_blank\" rel=\"noopener\">AMAC<\/a>) surgiu em 2012 a partir de viv\u00eancias de Nilcimar \u201cNill\u201d Maria Santos, moradora da comunidade do Dique da Vila Alzira. <\/span><span style=\"font-weight: 400;\">Os j\u00e1 not\u00f3rios \u00edndices de <\/span><a href=\"https:\/\/bit.ly\/45ZgoGh\"><span style=\"font-weight: 400;\">feminic\u00eddio e ass\u00e9dio sexual v\u00eam aumentando<\/span><\/a><span style=\"font-weight: 400;\"> em nosso pa\u00eds, e a Baixada Fluminense lidera o estado do Rio de Janeiro em casos de viol\u00eancia contra a mulher. Infelizmente, Nill tamb\u00e9m foi uma dessas v\u00edtimas. Em 2007, por\u00e9m, conseguiu quebrar o ciclo da viol\u00eancia e a partir de uma rede de trocas, conversas e acolhimento com outras mulheres de sua comunidade, surgiu a ideia de criar a AMAC.<br \/>\n<\/span><i><\/i><\/p>\n<blockquote><p><span style=\"font-weight: 400;\">&#8220;A principal miss\u00e3o da AMAC \u00e9 reconstruir e reconstituir vidas, empoderando mulheres, especialmente aquelas que s\u00e3o v\u00edtimas de viol\u00eancia dom\u00e9stica. A AMAC \u00e9 respons\u00e1vel por muitas atividades e movimentos, que visam capacitar e educar as comunidades de Caxias sobre os direitos das mulheres.&#8221; \u2014 Nill Santos<\/span><\/p><\/blockquote>\n<figure id=\"attachment_70277\" aria-describedby=\"caption-attachment-70277\" style=\"width: 2560px\" class=\"wp-caption aligncenter\"><a href=\"https:\/\/rioonwatch.org.br\/wp-content\/uploads\/2023\/09\/Release-AMAC-Nill-emocionada-recebe-placas-fotovoltaicas-foto-Alexandre-Cerqueira-scaled.jpg\"><img fetchpriority=\"high\" decoding=\"async\" class=\"wp-image-70277 size-full\" title=\"Nill Santos, presidente da AMAC, comemora o recebimento das placas fotovoltaicas na sede da associa\u00e7\u00e3o. Foto: Alexandre Cerqueira\/ComCat\" src=\"https:\/\/rioonwatch.org.br\/wp-content\/uploads\/2023\/09\/Release-AMAC-Nill-emocionada-recebe-placas-fotovoltaicas-foto-Alexandre-Cerqueira-scaled.jpg\" alt=\"Nill Santos, presidente da AMAC, comemora o recebimento das placas fotovoltaicas na sede da associa\u00e7\u00e3o. Foto: Alexandre Cerqueira\/ComCat\" width=\"2560\" height=\"1707\" srcset=\"https:\/\/rioonwatch.org.br\/wp-content\/uploads\/2023\/09\/Release-AMAC-Nill-emocionada-recebe-placas-fotovoltaicas-foto-Alexandre-Cerqueira-scaled.jpg 2560w, https:\/\/rioonwatch.org.br\/wp-content\/uploads\/2023\/09\/Release-AMAC-Nill-emocionada-recebe-placas-fotovoltaicas-foto-Alexandre-Cerqueira-620x413.jpg 620w, https:\/\/rioonwatch.org.br\/wp-content\/uploads\/2023\/09\/Release-AMAC-Nill-emocionada-recebe-placas-fotovoltaicas-foto-Alexandre-Cerqueira-944x629.jpg 944w\" sizes=\"(max-width: 2560px) 100vw, 2560px\" \/><\/a><figcaption id=\"caption-attachment-70277\" class=\"wp-caption-text\">Nill Santos, presidente da AMAC, comemora o recebimento das placas fotovoltaicas na sede da associa\u00e7\u00e3o junto de Hans Rauschmayer, da Solarize. Foto: Alexandre Cerqueira<\/figcaption><\/figure>\n<p><span style=\"font-weight: 400;\">Foi a partir destas a\u00e7\u00f5es que Nill se integrou \u00e0 <\/span><span style=\"font-weight: 400;\">Rede Favela Sustent\u00e1vel<\/span><span style=\"font-weight: 400;\">, para trocar experi\u00eancias com uma rede metropolitana de mobilizadores de favela unidos pela busca por solu\u00e7\u00f5es socioambientais para os desafios dos seus territ\u00f3rios. A Rede Favela Sustent\u00e1vel \u00e9 uma <\/span><a href=\"http:\/\/mapa.favelasustentavel.org\" target=\"_blank\" rel=\"noopener\"><span style=\"font-weight: 400;\">rede formada<\/span><\/a><span style=\"font-weight: 400;\"> por 400 integrantes, com mais de 195 mobilizadores comunit\u00e1rios de 127 favelas do <a href=\"https:\/\/bit.ly\/2kFp5ol\" target=\"_blank\" rel=\"noopener\">Grande Rio<\/a> e aliados t\u00e9cnicos.\u00a0<\/span><\/p>\n<blockquote><p><span style=\"font-weight: 400;\">&#8220;A Rede Favela Sustent\u00e1vel \u00e9 muito importante, a for\u00e7a dela est\u00e1 em transformar esse processo em algo mais leve pois [o trabalho] \u00e9 feito em rede. Sabemos que n\u00e3o estamos sozinhos, n\u00e3o existem<\/span><span style=\"font-weight: 400;\"> l<\/span><span style=\"font-weight: 400;\">imites quando estamos em rede. Quando falamos de energia solar estamos falando tamb\u00e9m da troca de energia entre as pessoas.&#8221; \u2014 Nill Santos<\/span><\/p><\/blockquote>\n<p><span style=\"font-weight: 400;\"><a href=\"https:\/\/rioonwatch.org.br\/wp-content\/uploads\/2022\/02\/RFS-11-Eixos.png\"><img decoding=\"async\" class=\"alignright wp-image-60666\" src=\"https:\/\/rioonwatch.org.br\/wp-content\/uploads\/2022\/02\/RFS-11-Eixos.png\" alt=\"\" width=\"500\" height=\"470\" srcset=\"https:\/\/rioonwatch.org.br\/wp-content\/uploads\/2022\/02\/RFS-11-Eixos.png 2934w, https:\/\/rioonwatch.org.br\/wp-content\/uploads\/2022\/02\/RFS-11-Eixos-620x583.png 620w, https:\/\/rioonwatch.org.br\/wp-content\/uploads\/2022\/02\/RFS-11-Eixos-669x629.png 669w, https:\/\/rioonwatch.org.br\/wp-content\/uploads\/2022\/02\/RFS-11-Eixos-768x722.png 768w\" sizes=\"(max-width: 500px) 100vw, 500px\" \/><\/a>Desde a forma\u00e7\u00e3o da RFS em 2018, Nill se engajou com v\u00e1rios temas, inclusive a <a href=\"http:\/\/justicaenergetica.rioonwatch.org.br\" target=\"_blank\" rel=\"noopener\">justi\u00e7a energ\u00e9tica<\/a>, um dos eixos trabalhados pela RFS. Foi ali que comunicou sua vontade de tornar a sede da sua institui\u00e7\u00e3o sustent\u00e1vel, aliando a economia financeira com a sustentabilidade ambiental, e para se tornar um exemplo que pudesse inspirar outros na comunidade<\/span><span style=\"font-weight: 400;\"> e no munic\u00edpio<\/span><span style=\"font-weight: 400;\">. Atrav\u00e9s da realiza\u00e7\u00e3o do potencial das favelas como modelos de comunidades sustent\u00e1veis, a RFS e seus integrantes buscam fomentar qualidades j\u00e1 existentes nas favelas fluminenses e agir para realizar a <a href=\"http:\/\/justicaclimatica.rioonwatch.org.br\" target=\"_blank\" rel=\"noopener\">justi\u00e7a clim\u00e1tica<\/a>.<\/span><\/p>\n<h3>Aliados Desde os Materiais ao Servi\u00e7o de Instala\u00e7\u00e3o<\/h3>\n<p><span style=\"font-weight: 400;\">A AMAC \u00e9 a terceira organiza\u00e7\u00e3o integrante da Rede Favela Sustent\u00e1vel a realizar uma instala\u00e7\u00e3o de sistema fotovoltaico junto da RFS, assim se tornando embaixadora de energia solar nas favelas. Instala\u00e7\u00f5es anteriores foram realizadas <\/span><a href=\"https:\/\/bit.ly\/SolarNoVidigal\"><span style=\"font-weight: 400;\">na Ser Alzira de Aleluia<\/span><\/a><span style=\"font-weight: 400;\"> (Vidigal) em 2021 <a href=\"https:\/\/bit.ly\/ReleaseDoVale\" target=\"_blank\" rel=\"noopener\">e Cooperativa Vale Encantado<\/a> (Alto da Boa Vista) em 2022. Em cada inst\u00e2ncia de instala\u00e7\u00e3o, diversos parceiros se unem para realizar a a\u00e7\u00e3o.<\/span><\/p>\n<blockquote><p><span style=\"font-weight: 400;\">&#8220;[As instala\u00e7\u00f5es solares em sedes de organiza\u00e7\u00f5es-refer\u00eancia de favela] s\u00e3o projetos pilotos que podem ser replicados, se tornarem exemplos de pol\u00edticas p\u00fablicas.&#8221; \u2014 Gisele Moura, Coordenadora da Equipe de Gest\u00e3o da Rede Favela Sustent\u00e1vel<\/span><\/p><\/blockquote>\n<p><span style=\"font-weight: 400;\">No caso da instala\u00e7\u00e3o de 2023 na AMAC, os treinamentos aos instaladores foram realizados pela refer\u00eancia carioca, <\/span><a href=\"http:\/\/bit.ly\/2Kl3Vp0\"><span style=\"font-weight: 400;\">Solarize Treinamentos Profissionais<\/span><\/a><span style=\"font-weight: 400;\">, empresa tamb\u00e9m ativa como aliada t\u00e9cnica no eixo de justi\u00e7a energ\u00e9tica da RFS. <\/span><span style=\"font-weight: 400;\">Os<\/span><span style=\"font-weight: 400;\"> materiais foram todos doados: a <\/span><span style=\"font-weight: 400;\">empresa<\/span><span style=\"font-weight: 400;\"> <a href=\"https:\/\/bit.ly\/3ZaeReh\" target=\"_blank\" rel=\"noopener\">AE Solar<\/a> doou os m\u00f3dulos, a <a href=\"https:\/\/bit.ly\/3PtkEsa\" target=\"_blank\" rel=\"noopener\">SMA<\/a> o inversor, a <a href=\"https:\/\/bit.ly\/3PcbUFP\" target=\"_blank\" rel=\"noopener\">Clamper<\/a> os dispositivos de prote\u00e7\u00e3o contra surtos, a\u00a0<a href=\"https:\/\/bit.ly\/3ZafLHH\" target=\"_blank\" rel=\"noopener\">Solar Group<\/a> as estruturas, a\u00a0<a href=\"https:\/\/bit.ly\/3sSB6JC\" target=\"_blank\" rel=\"noopener\">Almax Energia<\/a> as ferramentas, e a <a href=\"https:\/\/bit.ly\/3P7oPsj\" target=\"_blank\" rel=\"noopener\">Bold Energy<\/a> entrou como distribuidora dos m\u00f3dulos.<\/span><span style=\"font-weight: 400;\"> A instru\u00e7\u00e3o foi realizada pela Solarize, que assinou o projeto el\u00e9trico e conduziu o processo frente \u00e0 concession\u00e1ria. O equipamento foi instalado por t\u00e9cnicos da comunidade, capacitados pela Solarize, para que a pr\u00f3pria comunidade possa manter o sistema e gerar renda com essa nova profiss\u00e3o.\u00a0<\/span><\/p>\n<blockquote><p><span style=\"font-weight: 400;\">&#8220;Estamos em uma ONG de mulheres para mulheres, para fam\u00edlias. Este foco \u00e9 muito importante, elas precisam de energia mais barata, precisam dessa economia para continuar oferecendo o essencial trabalho que d\u00e3o para suas comunidades.&#8221; \u2014 Hans Rauschmayer, Solarize Treinamentos Profissionais<\/span><\/p><\/blockquote>\n<p>Dentre os capacitados, est\u00e1 Edize Maria Santos, moradora da comunidade vizinha, no Cangulo, em Duque de Caxias, cuja profiss\u00e3o \u00e9 instaladora domiciliar.<\/p>\n<figure id=\"attachment_70279\" aria-describedby=\"caption-attachment-70279\" style=\"width: 2560px\" class=\"wp-caption aligncenter\"><a href=\"https:\/\/rioonwatch.org.br\/wp-content\/uploads\/2023\/09\/Release-AMAC-Edize-instala-placa-solar-scaled.jpg\"><img loading=\"lazy\" decoding=\"async\" class=\"wp-image-70279 size-full\" title=\"Edize Maria Santos, moradora do Cangulo, em Duque de Caxias, \u00e9 instaladora domiciliar e foi capacitada durante a realiza\u00e7\u00e3o da instala\u00e7\u00e3o do sistema na sede da AMAC, em 12 de agosto. Foto: Alexandre Cerqueira\/ComCat\" src=\"https:\/\/rioonwatch.org.br\/wp-content\/uploads\/2023\/09\/Release-AMAC-Edize-instala-placa-solar-scaled.jpg\" alt=\"Edize Maria Santos, moradora do Cangulo, em Duque de Caxias, \u00e9 instaladora domiciliar e foi capacitada durante a realiza\u00e7\u00e3o da instala\u00e7\u00e3o do sistema na sede da AMAC, em 12 de agosto. Foto: Alexandre Cerqueira\/ComCat\" width=\"2560\" height=\"1707\" srcset=\"https:\/\/rioonwatch.org.br\/wp-content\/uploads\/2023\/09\/Release-AMAC-Edize-instala-placa-solar-scaled.jpg 2560w, https:\/\/rioonwatch.org.br\/wp-content\/uploads\/2023\/09\/Release-AMAC-Edize-instala-placa-solar-620x413.jpg 620w, https:\/\/rioonwatch.org.br\/wp-content\/uploads\/2023\/09\/Release-AMAC-Edize-instala-placa-solar-944x629.jpg 944w\" sizes=\"(max-width: 2560px) 100vw, 2560px\" \/><\/a><figcaption id=\"caption-attachment-70279\" class=\"wp-caption-text\">Edize Maria Santos, moradora do Cangulo, em Duque de Caxias, \u00e9 instaladora domiciliar e foi capacitada durante a realiza\u00e7\u00e3o da instala\u00e7\u00e3o do sistema na sede da AMAC, em 12 de agosto. Foto: Alexandre Cerqueira<\/figcaption><\/figure>\n<blockquote><p><span style=\"font-weight: 400;\">&#8220;A energia solar tem tudo para dar certo em nosso pa\u00eds. [Mas] depende da boa vontade dos governantes e das [concession\u00e1rias] de energia, porque realmente n\u00e3o \u00e9 interesse deles\u2026 [que a] popula\u00e7\u00e3o [fique] independente da energia deles. Vamos torcer para dar tudo certo, para a gente estar a\u00ed com energia solar nas comunidades, nas favelas, na Amaz\u00f4nia..&#8221; \u2014 Edize Maria Santos, instaladora domiciliar capacitada como instaladora fotovoltaica por ocasi\u00e3o da implementa\u00e7\u00e3o do sistema na sede da AMAC<\/span><\/p><\/blockquote>\n<p><span style=\"font-weight: 400;\">Em paralelo ao processo de preparo e instala\u00e7\u00e3o, foi realizado um <a href=\"https:\/\/bit.ly\/CursoSolarRFSNoROW\" target=\"_blank\" rel=\"noopener\">minicurso para embaixadores solares<\/a> da Rede Favela Sustent\u00e1vel, pela <\/span><a href=\"https:\/\/revolusolar.org.br\/\"><span style=\"font-weight: 400;\">Revolusolar<\/span><\/a><span style=\"font-weight: 400;\">, outra integrante do eixo de justi\u00e7a energ\u00e9tica desde o come\u00e7o da RFS. A organiza\u00e7\u00e3o <\/span><span style=\"font-weight: 400;\">se formou na comunidade <\/span><span style=\"font-weight: 400;\">Babil\u00f4nia\/Chap\u00e9u-Mangueira, complexo de favelas da Zona Sul do Rio de Janeiro, <\/span><span style=\"font-weight: 400;\">e<\/span><span style=\"font-weight: 400;\"> hoje atua em locais pela cidade e pelo pa\u00eds. No primeiro dia da instala\u00e7\u00e3o, 12 de agosto, 20 mobilizadores de <\/span><span style=\"font-weight: 400;\">outras<\/span><span style=\"font-weight: 400;\"> favelas da RFS estiveram presentes na AMAC para acompanhar o processo de instala\u00e7\u00e3o e levar o conhecimento de volta para os seus territ\u00f3rios. Este foi o momento final do minicurso, e serviu para apresentarem suas vis\u00f5es futuras para a energia solar em seus respectivos territ\u00f3rios.<\/span><\/p>\n<figure id=\"attachment_70280\" aria-describedby=\"caption-attachment-70280\" style=\"width: 2560px\" class=\"wp-caption aligncenter\"><a href=\"https:\/\/rioonwatch.org.br\/wp-content\/uploads\/2023\/09\/Release-AMAC-participantes-do-minicurso-em-volta-das-placas-scaled.jpg\"><img loading=\"lazy\" decoding=\"async\" class=\"wp-image-70280 size-full\" title=\"Participantes do Minicurso para Embaixadores de Energia Solar da Rede Favela Sustent\u00e1vel (RFS) se re\u00fanem ao redor das placas a serem instaladas. Foto: Alexandre Cerqueira\/ComCat\" src=\"https:\/\/rioonwatch.org.br\/wp-content\/uploads\/2023\/09\/Release-AMAC-participantes-do-minicurso-em-volta-das-placas-scaled.jpg\" alt=\"Participantes do Minicurso para Embaixadores de Energia Solar da Rede Favela Sustent\u00e1vel (RFS) se re\u00fanem ao redor das placas a serem instaladas. Foto: Alexandre Cerqueira\/ComCat\" width=\"2560\" height=\"1707\" srcset=\"https:\/\/rioonwatch.org.br\/wp-content\/uploads\/2023\/09\/Release-AMAC-participantes-do-minicurso-em-volta-das-placas-scaled.jpg 2560w, https:\/\/rioonwatch.org.br\/wp-content\/uploads\/2023\/09\/Release-AMAC-participantes-do-minicurso-em-volta-das-placas-620x413.jpg 620w, https:\/\/rioonwatch.org.br\/wp-content\/uploads\/2023\/09\/Release-AMAC-participantes-do-minicurso-em-volta-das-placas-944x629.jpg 944w\" sizes=\"(max-width: 2560px) 100vw, 2560px\" \/><\/a><figcaption id=\"caption-attachment-70280\" class=\"wp-caption-text\">Participantes do Minicurso para Embaixadores de Energia Solar da Rede Favela Sustent\u00e1vel (RFS) se re\u00fanem ao redor das placas a serem instaladas. Foto: Alexandre Cerqueira<\/figcaption><\/figure>\n<blockquote><p><span style=\"font-weight: 400;\">&#8220;Foi um impacto muito grande chegar aqui e ver as placas de perto. S\u00f3 t\u00ednhamos visto online. A potencialidade da energia solar pros territ\u00f3rios favelados e perif\u00e9ricos \u00e9 enorme, \u00e9 muito importante, traz brilhos pros olhos.&#8221; \u2014 Matheus Edson, educador social de Rio das Pedras<\/span><\/p><\/blockquote>\n<p><span style=\"font-weight: 400;\">A AMAC, Solarize, <\/span><span style=\"font-weight: 400;\">Revolusolar<\/span><span style=\"font-weight: 400;\"> e todos os integrantes da RFS envolvidos nesta bela constru\u00e7\u00e3o convidam o p\u00fablico para a coletiva de imprensa e lan\u00e7amento oficial do sistema <\/span><span style=\"font-weight: 400;\">fotovoltaico<\/span><span style=\"font-weight: 400;\"> da comunidade Dique da Vila Alzira, no domingo, 17 de setembro, \u00e0s 9h. <\/span><a href=\"https:\/\/bit.ly\/InscricaoColetivaAMAC\"><span style=\"font-weight: 400;\">Para se inscrever, clique aqui<\/span><\/a><span style=\"font-weight: 400;\">.<\/span><\/p>\n<blockquote><p><span style=\"font-weight: 400;\">&#8220;Existe energia solar dentro da favela, de verdade! N\u00e3o \u00e9 ningu\u00e9m me contando, sou eu que estou vivendo. A gente viu como uma placa solar mudou uma comunidade inteira, trazendo uma inova\u00e7\u00e3o n\u00e3o pra comunidade, mas pro estado do rio inteiro.&#8221; \u2014 Gabriel Souza<\/span><\/p><\/blockquote>\n<h2><b><i>CONTATO PARA IMPRENSA<\/i><\/b><\/h2>\n<p><a href=\"https:\/\/bit.ly\/InscricaoColetivaAMAC\"><span style=\"font-weight: 400;\">Clique aqui para participar da coletiva de imprensa e lan\u00e7amento<\/span><\/a><span style=\"font-weight: 400;\">.<\/span><\/p>\n<p><i><span style=\"font-weight: 400;\">WhatsApp +55-21-991976444<\/span><\/i><\/p>\n<p><i><span style=\"font-weight: 400;\">Email: imprensa@comcat.org<\/span><\/i><\/p>\n<p><i><span style=\"font-weight: 400;\">International\/English: press@catcomm.org \/ +55-21-991976444<\/span><\/i><\/p>\n<h3><a href=\"https:\/\/bit.ly\/ReleaseSolarAMAC\" target=\"_blank\" rel=\"noopener\">Release para uso da imprensa<\/a>.<\/h3>\n<h3><a href=\"https:\/\/bit.ly\/AMACInstalaSolarFOTOS\"><span style=\"font-weight: 400;\">Imagens para uso da imprensa<\/span><\/a>.<\/h3>\n<h3><a href=\"https:\/\/bit.ly\/AMACSolarVideo\" target=\"_blank\" rel=\"noopener\">Assista ao V\u00eddeo Acima e Embute na Sua Mat\u00e9ria, Aqui.<\/a><\/h3>\n<h2><i>AGENDA DA COLETIVA NO DIA 17\/09<\/i><\/h2>\n<ul>\n<li><span style=\"font-weight: 400;\"> 9h CAF\u00c9 coletivo<\/span><\/li>\n<li><span style=\"font-weight: 400;\"> 10h COLETIVA de imprensa\u00a0<\/span><\/li>\n<li><span style=\"font-weight: 400;\"> 12h ENCERRAMENTO\u00a0<\/span><\/li>\n<\/ul>\n<h3>Veja <a href=\"https:\/\/bit.ly\/AMACInstalaSolarFOTOS\" target=\"_blank\" rel=\"noopener\">aqui<\/a> as fotos da instala\u00e7\u00e3o das placas fotovoltaicas na sede da AMAC:<\/h3>\n<p><a title=\"Instala\u00e7\u00e3o de Sistema Solar na AMAC, Duque de Caxias, 12 de agosto de 2023\" href=\"https:\/\/www.flickr.com\/photos\/catcomm\/albums\/72177720310519421\" data-flickr-embed=\"true\"><img loading=\"lazy\" decoding=\"async\" src=\"https:\/\/live.staticflickr.com\/65535\/53120514160_468eba34b4_b.jpg\" alt=\"Instala\u00e7\u00e3o de Sistema Solar na AMAC, Duque de Caxias, 12 de agosto de 2023\" width=\"1024\" height=\"768\" \/><\/a><script async src=\"\/\/embedr.flickr.com\/assets\/client-code.js\" charset=\"utf-8\"><\/script><\/p>\n<p><em>*A Rede Favela Sustent\u00e1vel (RFS) e o RioOnWatch s\u00e3o articulados pela Comunidades Catalisadoras (ComCat)<\/em><\/p>\n<hr \/>\n<h4><b data-stringify-type=\"bold\">Apoie nossos esfor\u00e7os para fornecer apoio estrat\u00e9gico \u00e0s favelas do Rio, incluindo o jornalismo hiperlocal, cr\u00edtico, inovador e incans\u00e1vel do\u00a0<\/b><b data-stringify-type=\"bold\"><i data-stringify-type=\"italic\">RioOnWatch<\/i><\/b>\u2014<a class=\"c-link\" href=\"http:\/\/www.bit.ly\/ApoieROW\" rel=\"noopener noreferrer\" data-stringify-link=\"http:\/\/www.bit.ly\/ApoieROW\" data-sk=\"tooltip_parent\">doe aqui<\/a>.<\/h4>\n<!-- AddThis Advanced Settings generic via filter on the_content --><!-- AddThis Share Buttons generic via filter on the_content -->","protected":false},"excerpt":{"rendered":"<div class=\"mh-excerpt\"><p>\ufeff\ufeff\ufeff\ufeff Click Here for English Coletiva de imprensa e evento de lanc\u0327amento, no dia 17 de setembro, contara\u0303o com a presenc\u0327a de moradores e aliados que estiveram \u00e0 frente dos projetos. Clique aqui para se <a class=\"mh-excerpt-more\" href=\"https:\/\/rioonwatch.org.br\/?p=70274\" title=\"V\u00eddeo-Release: Energia Solar Chega \u00c0s Favelas de Caxias! Mulheres de Atitude Convidam para a Inaugurac\u0327a\u0303o do Sistema de Paine\u0301is Solares na Comunidade Dique da Vila Alzira\">[&#8230;]<\/a><!-- AddThis Advanced Settings generic via filter on get_the_excerpt --><!-- AddThis Share Buttons generic via filter on get_the_excerpt --><\/p>\n<\/div>","protected":false},"author":189,"featured_media":70277,"comment_status":"closed","ping_status":"closed","sticky":false,"template":"template-full.php","format":"standard","meta":{"_acf_changed":false,"_monsterinsights_skip_tracking":false,"_monsterinsights_sitenote_active":false,"_monsterinsights_sitenote_note":"","_monsterinsights_sitenote_category":0,"footnotes":""},"categories":[1621,1633,3170,1612,342,1639,1638],"tags":[959,2464,1091,1998,1372,3112,2901,3146,476,404,578,820,354],"writer":[3145],"translator":[],"source":[],"ilustrador":[],"fotografo":[],"class_list":{"0":"post-70274","1":"post","2":"type-post","3":"status-publish","4":"format-standard","5":"has-post-thumbnail","7":"category-destaque","8":"category-foto-reportagens","9":"category-justica-climatica","10":"category-sociedade-civil","11":"category-solucoes","12":"category-sustentabilidade","13":"category-video","14":"tag-baixada-fluminense","15":"tag-dique","16":"tag-duque-de-caxias","17":"tag-energia-solar","18":"tag-grande-rio","19":"tag-justica-climatica","20":"tag-rfs","21":"tag-release","22":"tag-solucao-comunitaria","23":"tag-sustentabilidade","24":"tag-trabalho-e-renda","25":"tag-vale-encantado","26":"tag-vidigal","27":"writer-rede-favela-sustentavel"},"acf":[],"yoast_head":"<!-- This site is optimized with the Yoast SEO plugin v25.6 - https:\/\/yoast.com\/wordpress\/plugins\/seo\/ -->\n<title>V\u00eddeo-Release: Energia Solar Chega \u00c0s Favelas de Caxias! Mulheres de Atitude Convidam para a Inaugurac\u0327a\u0303o do Sistema de Paine\u0301is Solares na Comunidade Dique da Vila Alzira - RioOnWatch<\/title>\n<meta name=\"robots\" content=\"index, follow, max-snippet:-1, max-image-preview:large, max-video-preview:-1\" \/>\n<link rel=\"canonical\" href=\"https:\/\/rioonwatch.org.br\/?p=70274\" \/>\n<meta property=\"og:locale\" content=\"pt_BR\" \/>\n<meta property=\"og:type\" content=\"article\" \/>\n<meta property=\"og:title\" content=\"V\u00eddeo-Release: Energia Solar Chega \u00c0s Favelas de Caxias! Mulheres de Atitude Convidam para a Inaugurac\u0327a\u0303o do Sistema de Paine\u0301is Solares na Comunidade Dique da Vila Alzira - RioOnWatch\" \/>\n<meta property=\"og:description\" content=\"\ufeff\ufeff\ufeff\ufeff Click Here for English Coletiva de imprensa e evento de lanc\u0327amento, no dia 17 de setembro, contara\u0303o com a presenc\u0327a de moradores e aliados que estiveram \u00e0 frente dos projetos. Clique aqui para se [...]\" \/>\n<meta property=\"og:url\" content=\"https:\/\/rioonwatch.org.br\/?p=70274\" \/>\n<meta property=\"og:site_name\" content=\"RioOnWatch\" \/>\n<meta property=\"article:published_time\" content=\"2023-09-08T14:22:48+00:00\" \/>\n<meta property=\"article:modified_time\" content=\"2023-09-22T18:45:54+00:00\" \/>\n<meta property=\"og:image\" content=\"https:\/\/rioonwatch.org.br\/wp-content\/uploads\/2023\/09\/Release-AMAC-Nill-emocionada-recebe-placas-fotovoltaicas-foto-Alexandre-Cerqueira-scaled.jpg\" \/>\n\t<meta property=\"og:image:width\" content=\"2560\" \/>\n\t<meta property=\"og:image:height\" content=\"1707\" \/>\n\t<meta property=\"og:image:type\" content=\"image\/jpeg\" \/>\n<meta name=\"author\" content=\"Clau Guimar\u00e3es\" \/>\n<meta name=\"twitter:card\" content=\"summary_large_image\" \/>\n<meta name=\"twitter:label1\" content=\"Escrito por\" \/>\n\t<meta name=\"twitter:data1\" content=\"Clau Guimar\u00e3es\" \/>\n\t<meta name=\"twitter:label2\" content=\"Est. tempo de leitura\" \/>\n\t<meta name=\"twitter:data2\" content=\"10 minutos\" \/>\n<script type=\"application\/ld+json\" class=\"yoast-schema-graph\">{\"@context\":\"https:\/\/schema.org\",\"@graph\":[{\"@type\":\"Article\",\"@id\":\"https:\/\/rioonwatch.org.br\/?p=70274#article\",\"isPartOf\":{\"@id\":\"https:\/\/rioonwatch.org.br\/?p=70274\"},\"author\":{\"name\":\"Clau Guimar\u00e3es\",\"@id\":\"https:\/\/rioonwatch.org.br\/#\/schema\/person\/60477056fd70290836c7501475e308f3\"},\"headline\":\"V\u00eddeo-Release: Energia Solar Chega \u00c0s Favelas de Caxias! Mulheres de Atitude Convidam para a Inaugurac\u0327a\u0303o do Sistema de Paine\u0301is Solares na Comunidade Dique da Vila Alzira\",\"datePublished\":\"2023-09-08T14:22:48+00:00\",\"dateModified\":\"2023-09-22T18:45:54+00:00\",\"mainEntityOfPage\":{\"@id\":\"https:\/\/rioonwatch.org.br\/?p=70274\"},\"wordCount\":1756,\"publisher\":{\"@id\":\"https:\/\/rioonwatch.org.br\/#organization\"},\"image\":{\"@id\":\"https:\/\/rioonwatch.org.br\/?p=70274#primaryimage\"},\"thumbnailUrl\":\"https:\/\/rioonwatch.org.br\/wp-content\/uploads\/2023\/09\/Release-AMAC-Nill-emocionada-recebe-placas-fotovoltaicas-foto-Alexandre-Cerqueira-scaled.jpg\",\"keywords\":[\"Baixada Fluminense\",\"Dique da Vila Alzira\",\"Duque de Caxias\",\"energia solar\",\"Grande Rio\",\"Justi\u00e7a Clim\u00e1tica\",\"Rede Favela Sustent\u00e1vel\",\"Release\",\"solu\u00e7\u00e3o comunit\u00e1ria\",\"sustentabilidade\",\"Trabalho e renda\",\"Vale Encantado\",\"Vidigal\"],\"articleSection\":[\"*Destaque\",\"Fotorreportagens\",\"Justi\u00e7a Clim\u00e1tica\",\"Sociedade Civil\",\"Solu\u00e7\u00f5es\",\"Sustentabilidade\",\"V\u00eddeo\"],\"inLanguage\":\"pt-BR\"},{\"@type\":\"WebPage\",\"@id\":\"https:\/\/rioonwatch.org.br\/?p=70274\",\"url\":\"https:\/\/rioonwatch.org.br\/?p=70274\",\"name\":\"V\u00eddeo-Release: Energia Solar Chega \u00c0s Favelas de Caxias! Mulheres de Atitude Convidam para a Inaugurac\u0327a\u0303o do Sistema de Paine\u0301is Solares na Comunidade Dique da Vila Alzira - RioOnWatch\",\"isPartOf\":{\"@id\":\"https:\/\/rioonwatch.org.br\/#website\"},\"primaryImageOfPage\":{\"@id\":\"https:\/\/rioonwatch.org.br\/?p=70274#primaryimage\"},\"image\":{\"@id\":\"https:\/\/rioonwatch.org.br\/?p=70274#primaryimage\"},\"thumbnailUrl\":\"https:\/\/rioonwatch.org.br\/wp-content\/uploads\/2023\/09\/Release-AMAC-Nill-emocionada-recebe-placas-fotovoltaicas-foto-Alexandre-Cerqueira-scaled.jpg\",\"datePublished\":\"2023-09-08T14:22:48+00:00\",\"dateModified\":\"2023-09-22T18:45:54+00:00\",\"breadcrumb\":{\"@id\":\"https:\/\/rioonwatch.org.br\/?p=70274#breadcrumb\"},\"inLanguage\":\"pt-BR\",\"potentialAction\":[{\"@type\":\"ReadAction\",\"target\":[\"https:\/\/rioonwatch.org.br\/?p=70274\"]}]},{\"@type\":\"ImageObject\",\"inLanguage\":\"pt-BR\",\"@id\":\"https:\/\/rioonwatch.org.br\/?p=70274#primaryimage\",\"url\":\"https:\/\/rioonwatch.org.br\/wp-content\/uploads\/2023\/09\/Release-AMAC-Nill-emocionada-recebe-placas-fotovoltaicas-foto-Alexandre-Cerqueira-scaled.jpg\",\"contentUrl\":\"https:\/\/rioonwatch.org.br\/wp-content\/uploads\/2023\/09\/Release-AMAC-Nill-emocionada-recebe-placas-fotovoltaicas-foto-Alexandre-Cerqueira-scaled.jpg\",\"width\":2560,\"height\":1707,\"caption\":\"Nill Santos, presidente da AMAC, comemora o recebimento das placas fotovoltaicas na sede da associa\u00e7\u00e3o junto de Hans Rauschmayer, da Solarize. Foto: Alexandre Cerqueira\"},{\"@type\":\"BreadcrumbList\",\"@id\":\"https:\/\/rioonwatch.org.br\/?p=70274#breadcrumb\",\"itemListElement\":[{\"@type\":\"ListItem\",\"position\":1,\"name\":\"In\u00edcio\",\"item\":\"https:\/\/rioonwatch.org.br\/\"},{\"@type\":\"ListItem\",\"position\":2,\"name\":\"V\u00eddeo-Release: Energia Solar Chega \u00c0s Favelas de Caxias! Mulheres de Atitude Convidam para a Inaugurac\u0327a\u0303o do Sistema de Paine\u0301is Solares na Comunidade Dique da Vila Alzira\"}]},{\"@type\":\"WebSite\",\"@id\":\"https:\/\/rioonwatch.org.br\/#website\",\"url\":\"https:\/\/rioonwatch.org.br\/\",\"name\":\"RioOnWatch\",\"description\":\"relatos das favelas cariocas\",\"publisher\":{\"@id\":\"https:\/\/rioonwatch.org.br\/#organization\"},\"potentialAction\":[{\"@type\":\"SearchAction\",\"target\":{\"@type\":\"EntryPoint\",\"urlTemplate\":\"https:\/\/rioonwatch.org.br\/?s={search_term_string}\"},\"query-input\":{\"@type\":\"PropertyValueSpecification\",\"valueRequired\":true,\"valueName\":\"search_term_string\"}}],\"inLanguage\":\"pt-BR\"},{\"@type\":\"Organization\",\"@id\":\"https:\/\/rioonwatch.org.br\/#organization\",\"name\":\"RioOnWatch\",\"url\":\"https:\/\/rioonwatch.org.br\/\",\"logo\":{\"@type\":\"ImageObject\",\"inLanguage\":\"pt-BR\",\"@id\":\"https:\/\/rioonwatch.org.br\/#\/schema\/logo\/image\/\",\"url\":\"https:\/\/rioonwatch.org.br\/wp-content\/uploads\/2021\/06\/RioOnWatchcabecalhoPT11anos-2.png\",\"contentUrl\":\"https:\/\/rioonwatch.org.br\/wp-content\/uploads\/2021\/06\/RioOnWatchcabecalhoPT11anos-2.png\",\"width\":779,\"height\":277,\"caption\":\"RioOnWatch\"},\"image\":{\"@id\":\"https:\/\/rioonwatch.org.br\/#\/schema\/logo\/image\/\"}},{\"@type\":\"Person\",\"@id\":\"https:\/\/rioonwatch.org.br\/#\/schema\/person\/60477056fd70290836c7501475e308f3\",\"name\":\"Clau Guimar\u00e3es\",\"image\":{\"@type\":\"ImageObject\",\"inLanguage\":\"pt-BR\",\"@id\":\"https:\/\/rioonwatch.org.br\/#\/schema\/person\/image\/\",\"url\":\"https:\/\/secure.gravatar.com\/avatar\/d3c7c802891cd0be7580519c331d257f?s=96&d=blank&r=g\",\"contentUrl\":\"https:\/\/secure.gravatar.com\/avatar\/d3c7c802891cd0be7580519c331d257f?s=96&d=blank&r=g\",\"caption\":\"Clau Guimar\u00e3es\"},\"url\":\"https:\/\/rioonwatch.org.br\/?author=189\"}]}<\/script>\n<!-- \/ Yoast SEO plugin. -->","yoast_head_json":{"title":"V\u00eddeo-Release: Energia Solar Chega \u00c0s Favelas de Caxias! Mulheres de Atitude Convidam para a Inaugurac\u0327a\u0303o do Sistema de Paine\u0301is Solares na Comunidade Dique da Vila Alzira - RioOnWatch","robots":{"index":"index","follow":"follow","max-snippet":"max-snippet:-1","max-image-preview":"max-image-preview:large","max-video-preview":"max-video-preview:-1"},"canonical":"https:\/\/rioonwatch.org.br\/?p=70274","og_locale":"pt_BR","og_type":"article","og_title":"V\u00eddeo-Release: Energia Solar Chega \u00c0s Favelas de Caxias! Mulheres de Atitude Convidam para a Inaugurac\u0327a\u0303o do Sistema de Paine\u0301is Solares na Comunidade Dique da Vila Alzira - RioOnWatch","og_description":"\ufeff\ufeff\ufeff\ufeff Click Here for English Coletiva de imprensa e evento de lanc\u0327amento, no dia 17 de setembro, contara\u0303o com a presenc\u0327a de moradores e aliados que estiveram \u00e0 frente dos projetos. Clique aqui para se [...]","og_url":"https:\/\/rioonwatch.org.br\/?p=70274","og_site_name":"RioOnWatch","article_published_time":"2023-09-08T14:22:48+00:00","article_modified_time":"2023-09-22T18:45:54+00:00","og_image":[{"width":2560,"height":1707,"url":"https:\/\/rioonwatch.org.br\/wp-content\/uploads\/2023\/09\/Release-AMAC-Nill-emocionada-recebe-placas-fotovoltaicas-foto-Alexandre-Cerqueira-scaled.jpg","type":"image\/jpeg"}],"author":"Clau Guimar\u00e3es","twitter_card":"summary_large_image","twitter_misc":{"Escrito por":"Clau Guimar\u00e3es","Est. tempo de leitura":"10 minutos"},"schema":{"@context":"https:\/\/schema.org","@graph":[{"@type":"Article","@id":"https:\/\/rioonwatch.org.br\/?p=70274#article","isPartOf":{"@id":"https:\/\/rioonwatch.org.br\/?p=70274"},"author":{"name":"Clau Guimar\u00e3es","@id":"https:\/\/rioonwatch.org.br\/#\/schema\/person\/60477056fd70290836c7501475e308f3"},"headline":"V\u00eddeo-Release: Energia Solar Chega \u00c0s Favelas de Caxias! Mulheres de Atitude Convidam para a Inaugurac\u0327a\u0303o do Sistema de Paine\u0301is Solares na Comunidade Dique da Vila Alzira","datePublished":"2023-09-08T14:22:48+00:00","dateModified":"2023-09-22T18:45:54+00:00","mainEntityOfPage":{"@id":"https:\/\/rioonwatch.org.br\/?p=70274"},"wordCount":1756,"publisher":{"@id":"https:\/\/rioonwatch.org.br\/#organization"},"image":{"@id":"https:\/\/rioonwatch.org.br\/?p=70274#primaryimage"},"thumbnailUrl":"https:\/\/rioonwatch.org.br\/wp-content\/uploads\/2023\/09\/Release-AMAC-Nill-emocionada-recebe-placas-fotovoltaicas-foto-Alexandre-Cerqueira-scaled.jpg","keywords":["Baixada Fluminense","Dique da Vila Alzira","Duque de Caxias","energia solar","Grande Rio","Justi\u00e7a Clim\u00e1tica","Rede Favela Sustent\u00e1vel","Release","solu\u00e7\u00e3o comunit\u00e1ria","sustentabilidade","Trabalho e renda","Vale Encantado","Vidigal"],"articleSection":["*Destaque","Fotorreportagens","Justi\u00e7a Clim\u00e1tica","Sociedade Civil","Solu\u00e7\u00f5es","Sustentabilidade","V\u00eddeo"],"inLanguage":"pt-BR"},{"@type":"WebPage","@id":"https:\/\/rioonwatch.org.br\/?p=70274","url":"https:\/\/rioonwatch.org.br\/?p=70274","name":"V\u00eddeo-Release: Energia Solar Chega \u00c0s Favelas de Caxias! Mulheres de Atitude Convidam para a Inaugurac\u0327a\u0303o do Sistema de Paine\u0301is Solares na Comunidade Dique da Vila Alzira - RioOnWatch","isPartOf":{"@id":"https:\/\/rioonwatch.org.br\/#website"},"primaryImageOfPage":{"@id":"https:\/\/rioonwatch.org.br\/?p=70274#primaryimage"},"image":{"@id":"https:\/\/rioonwatch.org.br\/?p=70274#primaryimage"},"thumbnailUrl":"https:\/\/rioonwatch.org.br\/wp-content\/uploads\/2023\/09\/Release-AMAC-Nill-emocionada-recebe-placas-fotovoltaicas-foto-Alexandre-Cerqueira-scaled.jpg","datePublished":"2023-09-08T14:22:48+00:00","dateModified":"2023-09-22T18:45:54+00:00","breadcrumb":{"@id":"https:\/\/rioonwatch.org.br\/?p=70274#breadcrumb"},"inLanguage":"pt-BR","potentialAction":[{"@type":"ReadAction","target":["https:\/\/rioonwatch.org.br\/?p=70274"]}]},{"@type":"ImageObject","inLanguage":"pt-BR","@id":"https:\/\/rioonwatch.org.br\/?p=70274#primaryimage","url":"https:\/\/rioonwatch.org.br\/wp-content\/uploads\/2023\/09\/Release-AMAC-Nill-emocionada-recebe-placas-fotovoltaicas-foto-Alexandre-Cerqueira-scaled.jpg","contentUrl":"https:\/\/rioonwatch.org.br\/wp-content\/uploads\/2023\/09\/Release-AMAC-Nill-emocionada-recebe-placas-fotovoltaicas-foto-Alexandre-Cerqueira-scaled.jpg","width":2560,"height":1707,"caption":"Nill Santos, presidente da AMAC, comemora o recebimento das placas fotovoltaicas na sede da associa\u00e7\u00e3o junto de Hans Rauschmayer, da Solarize. Foto: Alexandre Cerqueira"},{"@type":"BreadcrumbList","@id":"https:\/\/rioonwatch.org.br\/?p=70274#breadcrumb","itemListElement":[{"@type":"ListItem","position":1,"name":"In\u00edcio","item":"https:\/\/rioonwatch.org.br\/"},{"@type":"ListItem","position":2,"name":"V\u00eddeo-Release: Energia Solar Chega \u00c0s Favelas de Caxias! Mulheres de Atitude Convidam para a Inaugurac\u0327a\u0303o do Sistema de Paine\u0301is Solares na Comunidade Dique da Vila Alzira"}]},{"@type":"WebSite","@id":"https:\/\/rioonwatch.org.br\/#website","url":"https:\/\/rioonwatch.org.br\/","name":"RioOnWatch","description":"relatos das favelas cariocas","publisher":{"@id":"https:\/\/rioonwatch.org.br\/#organization"},"potentialAction":[{"@type":"SearchAction","target":{"@type":"EntryPoint","urlTemplate":"https:\/\/rioonwatch.org.br\/?s={search_term_string}"},"query-input":{"@type":"PropertyValueSpecification","valueRequired":true,"valueName":"search_term_string"}}],"inLanguage":"pt-BR"},{"@type":"Organization","@id":"https:\/\/rioonwatch.org.br\/#organization","name":"RioOnWatch","url":"https:\/\/rioonwatch.org.br\/","logo":{"@type":"ImageObject","inLanguage":"pt-BR","@id":"https:\/\/rioonwatch.org.br\/#\/schema\/logo\/image\/","url":"https:\/\/rioonwatch.org.br\/wp-content\/uploads\/2021\/06\/RioOnWatchcabecalhoPT11anos-2.png","contentUrl":"https:\/\/rioonwatch.org.br\/wp-content\/uploads\/2021\/06\/RioOnWatchcabecalhoPT11anos-2.png","width":779,"height":277,"caption":"RioOnWatch"},"image":{"@id":"https:\/\/rioonwatch.org.br\/#\/schema\/logo\/image\/"}},{"@type":"Person","@id":"https:\/\/rioonwatch.org.br\/#\/schema\/person\/60477056fd70290836c7501475e308f3","name":"Clau Guimar\u00e3es","image":{"@type":"ImageObject","inLanguage":"pt-BR","@id":"https:\/\/rioonwatch.org.br\/#\/schema\/person\/image\/","url":"https:\/\/secure.gravatar.com\/avatar\/d3c7c802891cd0be7580519c331d257f?s=96&d=blank&r=g","contentUrl":"https:\/\/secure.gravatar.com\/avatar\/d3c7c802891cd0be7580519c331d257f?s=96&d=blank&r=g","caption":"Clau Guimar\u00e3es"},"url":"https:\/\/rioonwatch.org.br\/?author=189"}]}},"_links":{"self":[{"href":"https:\/\/rioonwatch.org.br\/index.php?rest_route=\/wp\/v2\/posts\/70274"}],"collection":[{"href":"https:\/\/rioonwatch.org.br\/index.php?rest_route=\/wp\/v2\/posts"}],"about":[{"href":"https:\/\/rioonwatch.org.br\/index.php?rest_route=\/wp\/v2\/types\/post"}],"author":[{"embeddable":true,"href":"https:\/\/rioonwatch.org.br\/index.php?rest_route=\/wp\/v2\/users\/189"}],"replies":[{"embeddable":true,"href":"https:\/\/rioonwatch.org.br\/index.php?rest_route=%2Fwp%2Fv2%2Fcomments&post=70274"}],"version-history":[{"count":27,"href":"https:\/\/rioonwatch.org.br\/index.php?rest_route=\/wp\/v2\/posts\/70274\/revisions"}],"predecessor-version":[{"id":70308,"href":"https:\/\/rioonwatch.org.br\/index.php?rest_route=\/wp\/v2\/posts\/70274\/revisions\/70308"}],"wp:featuredmedia":[{"embeddable":true,"href":"https:\/\/rioonwatch.org.br\/index.php?rest_route=\/wp\/v2\/media\/70277"}],"wp:attachment":[{"href":"https:\/\/rioonwatch.org.br\/index.php?rest_route=%2Fwp%2Fv2%2Fmedia&parent=70274"}],"wp:term":[{"taxonomy":"category","embeddable":true,"href":"https:\/\/rioonwatch.org.br\/index.php?rest_route=%2Fwp%2Fv2%2Fcategories&post=70274"},{"taxonomy":"post_tag","embeddable":true,"href":"https:\/\/rioonwatch.org.br\/index.php?rest_route=%2Fwp%2Fv2%2Ftags&post=70274"},{"taxonomy":"writer","embeddable":true,"href":"https:\/\/rioonwatch.org.br\/index.php?rest_route=%2Fwp%2Fv2%2Fwriter&post=70274"},{"taxonomy":"translator","embeddable":true,"href":"https:\/\/rioonwatch.org.br\/index.php?rest_route=%2Fwp%2Fv2%2Ftranslator&post=70274"},{"taxonomy":"source","embeddable":true,"href":"https:\/\/rioonwatch.org.br\/index.php?rest_route=%2Fwp%2Fv2%2Fsource&post=70274"},{"taxonomy":"ilustrador","embeddable":true,"href":"https:\/\/rioonwatch.org.br\/index.php?rest_route=%2Fwp%2Fv2%2Filustrador&post=70274"},{"taxonomy":"fotografo","embeddable":true,"href":"https:\/\/rioonwatch.org.br\/index.php?rest_route=%2Fwp%2Fv2%2Ffotografo&post=70274"}],"curies":[{"name":"wp","href":"https:\/\/api.w.org\/{rel}","templated":true}]}}