{"id":70419,"date":"2024-01-03T10:30:41","date_gmt":"2024-01-03T13:30:41","guid":{"rendered":"https:\/\/rioonwatch.org.br\/?p=70419"},"modified":"2025-01-09T15:34:26","modified_gmt":"2025-01-09T18:34:26","slug":"justica-hidrica-na-rocinha-falta-dagua-cronica-como-bandeira-da-populacao","status":"publish","type":"post","link":"https:\/\/rioonwatch.org.br\/?p=70419","title":{"rendered":"Justi\u00e7a H\u00eddrica na Rocinha: Falta D&#8217;\u00c1gua Cr\u00f4nica como Bandeira da Popula\u00e7\u00e3o"},"content":{"rendered":"<figure id=\"attachment_71498\" aria-describedby=\"caption-attachment-71498\" style=\"width: 2560px\" class=\"wp-caption aligncenter\"><a href=\"https:\/\/rioonwatch.org.br\/wp-content\/uploads\/2023\/12\/Caixas-dagua.png\"><img fetchpriority=\"high\" decoding=\"async\" class=\"wp-image-71498 size-full\" title=\"Caixas d'\u00e1gua nas lajes das casas na Rocinha. Foto: Karen Fontoura\" src=\"https:\/\/rioonwatch.org.br\/wp-content\/uploads\/2023\/12\/Caixas-dagua.png\" alt=\"Caixas d'\u00e1gua nas lajes das casas na Rocinha. Foto: Karen Fontoura\" width=\"2560\" height=\"1368\" srcset=\"https:\/\/rioonwatch.org.br\/wp-content\/uploads\/2023\/12\/Caixas-dagua.png 2560w, https:\/\/rioonwatch.org.br\/wp-content\/uploads\/2023\/12\/Caixas-dagua-620x331.png 620w\" sizes=\"(max-width: 2560px) 100vw, 2560px\" \/><\/a><figcaption id=\"caption-attachment-71498\" class=\"wp-caption-text\">Caixas d&#8217;\u00e1gua nas lajes das casas na Rocinha. Foto: Karen Fontoura<\/figcaption><\/figure>\n<p style=\"text-align: right;\"><a href=\"https:\/\/bit.ly\/3S0223m\" target=\"_blank\" rel=\"noopener\"><em><strong>Click Here for English<img decoding=\"async\" class=\"alignright wp-image-15790\" src=\"https:\/\/rioonwatch.org.br\/wp-content\/uploads\/2012\/08\/EN-standard-e1439583104716.jpg\" alt=\"\" width=\"20\" height=\"20\" \/><\/strong><\/em><\/a><\/p>\n<h4>Esta \u00e9 a segunda mat\u00e9ria de uma <a href=\"https:\/\/bit.ly\/SerieJusticaHidrica\" target=\"_blank\" rel=\"noopener\">s\u00e9rie sobre justi\u00e7a h\u00eddrica nas favelas<\/a> escrita por jovens moradores de favela e resultado do curso \u201cJusti\u00e7a Clim\u00e1tica no Jornalismo Comunit\u00e1rio: Da Constru\u00e7\u00e3o da Pauta \u00e0 Reda\u00e7\u00e3o da Not\u00edcia\u201d. O curso, realizado pela equipe do <em>RioOnWatch<\/em>, em parceria com o GT Jovem da Rede Favela Sustent\u00e1vel (<a href=\"https:\/\/bit.ly\/FavelaSustentavel\" rel=\"noopener\">RFS<\/a>), aconteceu nos meses de julho-setembro de 2023.<\/h4>\n<p><span style=\"font-weight: 400;\">Parte da paisagem, a caixa d\u2019\u00e1gua \u00e9 pe\u00e7a fundamental na estrutura de qualquer casa ou edif\u00edcio do Rio de Janeiro, representando a dura realidade frequente da <a href=\"https:\/\/bit.ly\/3Pj3hJ9\" target=\"_blank\" rel=\"noopener\">falta d\u2019\u00e1gua<\/a> na cidade. <\/span><span style=\"font-weight: 400;\">Assim como outros territ\u00f3rios de favela, a maior favela da cidade, a\u00a0<a href=\"https:\/\/bit.ly\/3dzwwUD\" target=\"_blank\" rel=\"noopener\">Rocinha<\/a>, na Zona Sul, enfrenta h\u00e1 d\u00e9cadas dificuldades ainda maiores com rela\u00e7\u00e3o \u00e0 \u00e1gua, em todas as localidades da favela, <a href=\"https:\/\/bit.ly\/MCnaRocinhaNoROW\" target=\"_blank\" rel=\"noopener\">uma luta antiga<\/a> na vida de seus moradores.<\/span><\/p>\n<p>O governo do estado do Rio de Janeiro, a antiga <a href=\"https:\/\/bit.ly\/36q5vk2\" target=\"_blank\" rel=\"noopener\">CEDAE<\/a>, e a atual concession\u00e1ria <a href=\"https:\/\/bit.ly\/3Fmuc23\" target=\"_blank\" rel=\"noopener\">\u00c1guas do Rio<\/a>, em 2020, inclu\u00edram a Rocinha no programa <a href=\"https:\/\/bit.ly\/2uPataw\" target=\"_blank\" rel=\"noopener\">Comunidade Cidade<\/a>, que visa melhorar as condi\u00e7\u00f5es de vida atrav\u00e9s de a\u00e7\u00f5es e obras de abastecimento de \u00e1gua, saneamento, mobilidade, habita\u00e7\u00e3o, coleta de res\u00edduos s\u00f3lidos e equipamentos p\u00fablicos. Dentro das obras de saneamento b\u00e1sico, com redes de \u00e1gua, esgoto e drenagem, o investimento foi de R$1 bilh\u00e3o. Para atender em torno de 122.000 habitantes, foi calculado como necess\u00e1rio 7 milh\u00f5es de litros de \u00e1gua.<\/p>\n<p>O sistema de abastecimento atual da Rocinha \u00e9 composto por <a href=\"https:\/\/bit.ly\/3sPpcRg\" target=\"_blank\" rel=\"noopener\">tr\u00eas reservat\u00f3rios<\/a> localizados em pontos estrat\u00e9gicos do territ\u00f3rio: o reservat\u00f3rio Navio, com capacidade de 1.700.000 litros; o Terreir\u00e3o, com 440.000 litros; e <a href=\"https:\/\/bit.ly\/2CrztJr\" target=\"_blank\" rel=\"noopener\">Laboriaux<\/a>, suportando 60.000 litros, totalizando 2.200.000 litros. Os outros mais de quatro milh\u00f5es de litros necess\u00e1rios para acabar com a falta d&#8217;\u00e1gua na Rocinha seriam armanezados em novos reservat\u00f3rios a serem constru\u00eddos no \u00e2mbito do projeto. Por\u00e9m, o <a href=\"https:\/\/bit.ly\/46yeMU7\" target=\"_blank\" rel=\"noopener\">plano nunca saiu do papel<\/a> e as den\u00fancias de falta d\u2019\u00e1gua continuam ao longo dos anos.<\/p>\n<p>As diverg\u00eancias dos dados hist\u00f3ricos em rela\u00e7\u00e3o ao n\u00famero de habitantes de fato na comunidade sempre interferiu na cria\u00e7\u00e3o de pol\u00edticas p\u00fablicas capazes de promover a qualidade de vida dos moradores. Por exemplo, a quantidade de \u00e1gua dispon\u00edvel nos reservat\u00f3rios atualmente, com base nos dados do IBGE de 2010, j\u00e1 na \u00e9poca insuficientes, de 70.000 moradores, daria a cada morador, em m\u00e9dia, 31,5 litros di\u00e1rios. Se considerado o dado populacional de 122.000 habitantes do programa Comunidade Cidade, o consumo atual cai para apenas 18 litros por morador.<\/p>\n<p>Segundo a Organiza\u00e7\u00e3o das Na\u00e7\u00f5es Unidas (<a href=\"https:\/\/bit.ly\/33FuSyf\" target=\"_blank\" rel=\"noopener\">ONU<\/a>), cada pessoa necessita de <a href=\"https:\/\/bit.ly\/3RZkj0C\" target=\"_blank\" rel=\"noopener\">entre 50 e 100 litros<\/a> de \u00e1gua por dia para suas necessidades b\u00e1sicas de consumo e higiene. A quantidade insuficiente dispon\u00edvel para os moradores da Rocinha evidencia a <a href=\"https:\/\/bit.ly\/3MqiYuU\" target=\"_blank\" rel=\"noopener\">neglig\u00eancia do Estado<\/a> em garantir o recurso mais b\u00e1sico, a \u00e1gua, para os moradores da maior favela da cidade.<\/p>\n<figure id=\"attachment_71305\" aria-describedby=\"caption-attachment-71305\" style=\"width: 2560px\" class=\"wp-caption aligncenter\"><a href=\"https:\/\/rioonwatch.org.br\/wp-content\/uploads\/2023\/11\/Morador-Graca-da-rua-4-na-Rocinha.-Foto-Karen-Fontoura-scaled.jpg\"><img decoding=\"async\" class=\"wp-image-71305 size-full\" title=\"Moradora Maria das Gra\u00e7as, de 68 anos, da Rua 4, na Rocinha. Foto: Karen Fontoura\" src=\"https:\/\/rioonwatch.org.br\/wp-content\/uploads\/2023\/11\/Morador-Graca-da-rua-4-na-Rocinha.-Foto-Karen-Fontoura-scaled.jpg\" alt=\"Moradora Maria das Gra\u00e7as, de 68 anos, da Rua 4, na Rocinha. Foto: Karen Fontoura\" width=\"2560\" height=\"1920\" srcset=\"https:\/\/rioonwatch.org.br\/wp-content\/uploads\/2023\/11\/Morador-Graca-da-rua-4-na-Rocinha.-Foto-Karen-Fontoura-scaled.jpg 2560w, https:\/\/rioonwatch.org.br\/wp-content\/uploads\/2023\/11\/Morador-Graca-da-rua-4-na-Rocinha.-Foto-Karen-Fontoura-620x465.jpg 620w, https:\/\/rioonwatch.org.br\/wp-content\/uploads\/2023\/11\/Morador-Graca-da-rua-4-na-Rocinha.-Foto-Karen-Fontoura-2000x1500.jpg 2000w, https:\/\/rioonwatch.org.br\/wp-content\/uploads\/2023\/11\/Morador-Graca-da-rua-4-na-Rocinha.-Foto-Karen-Fontoura-678x509.jpg 678w, https:\/\/rioonwatch.org.br\/wp-content\/uploads\/2023\/11\/Morador-Graca-da-rua-4-na-Rocinha.-Foto-Karen-Fontoura-326x245.jpg 326w, https:\/\/rioonwatch.org.br\/wp-content\/uploads\/2023\/11\/Morador-Graca-da-rua-4-na-Rocinha.-Foto-Karen-Fontoura-80x60.jpg 80w\" sizes=\"(max-width: 2560px) 100vw, 2560px\" \/><\/a><figcaption id=\"caption-attachment-71305\" class=\"wp-caption-text\">Moradora Maria das Gra\u00e7as, de 68 anos, da Rua 4, na Rocinha. Foto: Karen Fontoura<\/figcaption><\/figure>\n<blockquote><p>\u201cEu s\u00f3 consigo lavar roupa quando est\u00e1 caindo \u00e1gua&#8230; Minha caixa d\u2019\u00e1gua, eu s\u00f3 uso para as necessidades b\u00e1sicas e, mesmo assim&#8230; dura s\u00f3 dois dias.. Al\u00e9m disso, n\u00e3o tem dia certo para a \u00e1gua cair.&#8221; \u2014 Maria das Gra\u00e7as, 68 anos, moradora da Rua 4<\/p><\/blockquote>\n<p><a href=\"https:\/\/bit.ly\/3FrdWgC\" target=\"_blank\" rel=\"noopener\">Rocinha Sem Fronteiras<\/a>, um <a href=\"https:\/\/bit.ly\/2WwOK4v\" target=\"_blank\" rel=\"noopener\">coletivo de moradores<\/a>, promove um encontro mensal, que ocorre desde 2006, para discutir temas em defesa aos direitos humanos e do desenvolvimento da favela. Em agosto, foi promovida a <a href=\"https:\/\/bit.ly\/3SVy2aM\" target=\"_blank\" rel=\"noopener\">reuni\u00e3o tem\u00e1tica<\/a> \u201cPAC e Saneamento B\u00e1sico na Rocinha\u201d, uma luta que atravessa o tempo.<\/p>\n<p>Para <a href=\"https:\/\/bit.ly\/3hNPxH7\" target=\"_blank\" rel=\"noopener\">Michel Silva<\/a>, jornalista e cria da Rocinha, \u00e9 urgente reivindicar esses direitos b\u00e1sicos, aproveitando o <a href=\"https:\/\/bit.ly\/49PLu6g\" target=\"_blank\" rel=\"noopener\">novo PAC<\/a>, lan\u00e7ado pelo Presidente <a href=\"https:\/\/bit.ly\/2KbJ6eO\" target=\"_blank\" rel=\"noopener\">Luiz In\u00e1cio Lula da Silva<\/a>.<\/p>\n<blockquote><p>\u201cA Rocinha vai ser contemplada com as novas obras do PAC 2. Temos que estar inseridos no grupo de estudos desses projetos para a gente se organizar e representar nosso territ\u00f3rio.\u201d \u2014 Michel Silva<\/p><\/blockquote>\n<figure id=\"attachment_71508\" aria-describedby=\"caption-attachment-71508\" style=\"width: 2539px\" class=\"wp-caption aligncenter\"><a href=\"https:\/\/rioonwatch.org.br\/wp-content\/uploads\/2023\/12\/RSF-agosto-2023.png\"><img loading=\"lazy\" decoding=\"async\" class=\"wp-image-71508 size-full\" title=\"Reuni\u00e3o do Rocinha Sem Fronteiras, agosto de 2023. Foto: Karen Fontoura\" src=\"https:\/\/rioonwatch.org.br\/wp-content\/uploads\/2023\/12\/RSF-agosto-2023.png\" alt=\"Reuni\u00e3o do Rocinha Sem Fronteiras, agosto de 2023. Foto: Karen Fontoura\" width=\"2539\" height=\"1155\" srcset=\"https:\/\/rioonwatch.org.br\/wp-content\/uploads\/2023\/12\/RSF-agosto-2023.png 2539w, https:\/\/rioonwatch.org.br\/wp-content\/uploads\/2023\/12\/RSF-agosto-2023-620x282.png 620w\" sizes=\"(max-width: 2539px) 100vw, 2539px\" \/><\/a><figcaption id=\"caption-attachment-71508\" class=\"wp-caption-text\">Reuni\u00e3o do Rocinha Sem Fronteiras, agosto de 2023. Foto: Karen Fontoura<\/figcaption><\/figure>\n<h3>A Hist\u00f3ria das Bicas na Rocinha<\/h3>\n<p>Na virada do s\u00e9culo XIX para o XX, o Rio de Janeiro \u00e9 atingido pela onda de urbaniza\u00e7\u00e3o da gest\u00e3o do <a href=\"https:\/\/bit.ly\/49cM6lT\" target=\"_blank\" rel=\"noopener\">Prefeito Pereira Passos<\/a>, que muda a arquitetura da cidade de uma forma nunca vista. A capital federal da \u00e9poca <a href=\"https:\/\/bit.ly\/3wrGTma\" target=\"_blank\" rel=\"noopener\">passou por reformas<\/a> para atingir padr\u00f5es de modernidade com compromissos de realizar direitos, como saneamento b\u00e1sico, mobilidade urbana e moradias para a popula\u00e7\u00e3o.<\/p>\n<blockquote><p>\u201cEu lembro que tinha um po\u00e7o na <a href=\"https:\/\/bit.ly\/3GevVau\" target=\"_blank\" rel=\"noopener\">Dioneia<\/a>. \u00c0s vezes, a gente chegava l\u00e1 e n\u00e3o tinha \u00e1gua. Ent\u00e3o, a gente sentava e esperava o po\u00e7o encher um pouco para come\u00e7ar a pegar&#8230; Viramos a noite ali, tinha gente que levava at\u00e9 garrafa de caf\u00e9 pra esperar.&#8221; \u2014 Maria das Gra\u00e7as<\/p><\/blockquote>\n<p>Desde 1982, as bicas da Rocinha s\u00e3o parte fundamental do acesso \u00e0 \u00e1gua. Criadas com material doado por moradores, a CEDAE <a href=\"https:\/\/bit.ly\/3wyIglA\" target=\"_blank\" rel=\"noopener\">implementou as bicas<\/a>, essenciais para coleta de \u00e1gua e lavagem de roupas na \u00e9poca. Atualmente, as bicas foram praticamente extintas, restando pouqu\u00edssimas. Cumprindo um importante papel nos dias sem \u00e1gua, a bica do Laboriaux \u00e9 um recurso primordial para que moradores da parte alta da Rocinha n\u00e3o fiquem sem \u00e1gua.<\/p>\n<blockquote><p>\u201cMeu irm\u00e3o busca \u00e1gua l\u00e1 duas vezes na semana, para beber e fazer comida. Eu tamb\u00e9m pegava, mas \u00e9 muito cansativo&#8230; \u00e0s vezes, eu chegava l\u00e1 e tinha at\u00e9 fila&#8230; a \u00e1gua de l\u00e1 \u00e9 muito boa, \u00e9 limpinha!\u201d \u2014 Suzana Araujo, 49 anos, moradora da Rua 1<\/p><\/blockquote>\n<figure id=\"attachment_71303\" aria-describedby=\"caption-attachment-71303\" style=\"width: 500px\" class=\"wp-caption alignright\"><a href=\"https:\/\/rioonwatch.org.br\/wp-content\/uploads\/2023\/11\/Foto-do-Acervo-do-Arquivo-Nacional-fundo-Correio-da-Manha-1971-pessoas-buscando-agua-no-Laboriaux.jpg\"><img loading=\"lazy\" decoding=\"async\" class=\"wp-image-71303\" title=\"Moradores buscando \u00e1gua no Laboriaux, nos anos 1971. Foto: Acervo do Arquivo Nacional, fundo Correio da Manh\u00e3\" src=\"https:\/\/rioonwatch.org.br\/wp-content\/uploads\/2023\/11\/Foto-do-Acervo-do-Arquivo-Nacional-fundo-Correio-da-Manha-1971-pessoas-buscando-agua-no-Laboriaux-620x444.jpg\" alt=\"Moradores buscando \u00e1gua no Laboriaux, nos anos 1971. Foto: Acervo do Arquivo Nacional, fundo Correio da Manh\u00e3\" width=\"500\" height=\"358\" srcset=\"https:\/\/rioonwatch.org.br\/wp-content\/uploads\/2023\/11\/Foto-do-Acervo-do-Arquivo-Nacional-fundo-Correio-da-Manha-1971-pessoas-buscando-agua-no-Laboriaux-620x444.jpg 620w, https:\/\/rioonwatch.org.br\/wp-content\/uploads\/2023\/11\/Foto-do-Acervo-do-Arquivo-Nacional-fundo-Correio-da-Manha-1971-pessoas-buscando-agua-no-Laboriaux.jpg 692w\" sizes=\"(max-width: 500px) 100vw, 500px\" \/><\/a><figcaption id=\"caption-attachment-71303\" class=\"wp-caption-text\">Moradores buscando \u00e1gua no Laboriaux, nos anos 1971. Foto: Acervo do Arquivo Nacional, fundo Correio da Manh\u00e3<\/figcaption><\/figure>\n<p>Um experimento foi realizado por uma equipe de especialistas da <a href=\"https:\/\/bit.ly\/3eoFKDN\" target=\"_blank\" rel=\"noopener\">PUC-Rio<\/a>, em 2022. O <a href=\"https:\/\/bit.ly\/3wyIglA\" target=\"_blank\" rel=\"noopener\">teste de qualidade<\/a> da \u00e1gua das bicas constatou que quatro bicas est\u00e3o impr\u00f3prias para o consumo, contaminadas por coliformes fecais. As bicas s\u00e3o parte essencial do acesso \u00e0 \u00e1gua de muitos moradores da favela. Hoje, a Rocinha conta com, aproximadamente, 17 fontes de \u00e1guas subterr\u00e2neas.<\/p>\n<h3>A Luta por Direitos Continua<\/h3>\n<p>Em 2023, os moradores continuaram reivindicando melhorias no <a href=\"https:\/\/bit.ly\/2PeD9lJ\" target=\"_blank\" rel=\"noopener\">saneamento b\u00e1sico<\/a> ap\u00f3s a <a href=\"https:\/\/bit.ly\/31OXovL\" target=\"_blank\" rel=\"noopener\">venda da CEDAE<\/a>. Eles demandam que o dinheiro da privatiza\u00e7\u00e3o seja revertido em melhorias nos servi\u00e7os de \u00e1gua e esgoto nas favelas. O <a href=\"https:\/\/bit.ly\/2WwOK4v\" target=\"_blank\" rel=\"noopener\">Rocinha Sem Fronteiras<\/a> se reuniu recentemente para debater sobre o saneamento nas novas obras do <a href=\"https:\/\/bit.ly\/2kK0crt\" target=\"_blank\" rel=\"noopener\">PAC<\/a>.<\/p>\n<p>Se olharmos para a hist\u00f3ria da Rocinha, a <a href=\"http:\/\/bit.ly\/2nKx9D4\" target=\"_blank\" rel=\"noopener\">luta pelo acesso \u00e0 \u00e1gua \u00e9 um dos movimentos mais fortes da favela<\/a>. A \u00e1gua destaca as desigualdades internas, dentro do pr\u00f3prio territ\u00f3rio. A constru\u00e7\u00e3o, ao longo dos anos, de bicas nos caminhos da Rocinha permitiu que os moradores pudessem acessar, ainda que parcialmente, esse direito humano. <span style=\"font-weight: 400;\">Apesar de estar localizada entre os bairros nobres de <a href=\"https:\/\/bit.ly\/2V0MUWQ\" target=\"_blank\" rel=\"noopener\">S\u00e3o Conrado<\/a> e <a href=\"https:\/\/bit.ly\/2NRmMsK\" target=\"_blank\" rel=\"noopener\">G\u00e1vea<\/a>, os favelados da Rocinha sempre reivindicaram a distribui\u00e7\u00e3o da \u00e1gua na comunidade, sem sorte. O assunto \u00e9 recorrente em muitas localidades e as queixas aumentam ano ap\u00f3s ano.\u00a0<\/span><\/p>\n<h3>Rela\u00e7\u00e3o entre Racismo Ambiental e Saneamento B\u00e1sico na Rocinha<\/h3>\n<p>O <a href=\"https:\/\/bit.ly\/2XvPcl5\" target=\"_blank\" rel=\"noopener\">racismo ambiental<\/a> se trata de um impacto ambiental danoso a territ\u00f3rios onde residem popula\u00e7\u00f5es de maioria negra, ind\u00edgena ou de outro grupo \u00e9tnico vulnerabilizado, enquanto outros grupos usufruem de condi\u00e7\u00f5es melhores, exatamente o que acontece na Rocinha. \u00c9 preciso deixar evidente que as favelas s\u00e3o os territ\u00f3rios que mais sofrem com esse tipo de injusti\u00e7a e de racismo no contexto urbano brasileiro.<\/p>\n<p>Num contexto onde n\u00e3o temos nem acesso a \u00e1gua, como lutar contra as mudan\u00e7as do clima?<\/p>\n<p><em>Sobre os autores:<\/em><\/p>\n<p><em><a href=\"https:\/\/bit.ly\/3MVXtoJ\" target=\"_blank\" rel=\"noopener\">Karen Fontoura<\/a>, 24 anos, \u00e9 estudante de jornalismo do 6\u00b0 per\u00edodo da <a href=\"https:\/\/bit.ly\/2KgADIe\" target=\"_blank\" rel=\"noopener\">UFRJ<\/a>, moradora da Rocinha, focada em conhecer mais sobre as causas sociais das favelas. Rep\u00f3rter do <a href=\"https:\/\/bit.ly\/3lrUwNx\" target=\"_blank\" rel=\"noopener\">Jornal Fala Ro\u00e7a<\/a> desde mar\u00e7o de 2023, seu trabalho tem objetivo de mostrar as coisas boas que acontecem na Rocinha e onde se precisa de melhorias.<\/em><\/p>\n<p><em><a href=\"https:\/\/bit.ly\/47NSG0E\" target=\"_blank\" rel=\"noopener\">Fernando Gomes<\/a> \u00e9 cria da Rocinha, estudante de Geografia na PUC-Rio, e j\u00e1 participou como professor e colaborador do Pr\u00e9-Vestibular da Rocinha e do S\u00f3 Cria. Atuou como colaborador do <a href=\"https:\/\/bit.ly\/3lrUwNx\" target=\"_blank\" rel=\"noopener\">Jornal Fala Ro\u00e7a<\/a>, e participou do projeto Mapa Cultural da Rocinha.\u00a0<\/em><\/p>\n<p><em><a href=\"https:\/\/bit.ly\/3MV08PH\" target=\"_blank\" rel=\"noopener\">Rodrigo Silva<\/a> \u00e9 rep\u00f3rter do <a href=\"https:\/\/bit.ly\/3lrUwNx\" target=\"_blank\" rel=\"noopener\">Jornal Fala Ro\u00e7a<\/a>, estudante de Jornalismo na PUC-Rio, e participou de diversos projetos que o ve\u00edculo elaborou, como: Morador Pergunta, Morador Responde; Cobertura do Rock In Rio 2022; e Congresso de Jornalismo da ABRAJI 2023.<\/em><\/p>\n<div class=\"entry-content clearfix\">\n<hr \/>\n<h4><b data-stringify-type=\"bold\">Apoie nossos esfor\u00e7os para fornecer apoio estrat\u00e9gico \u00e0s favelas do Rio, incluindo o jornalismo hiperlocal, cr\u00edtico, inovador e incans\u00e1vel do\u00a0<\/b><b data-stringify-type=\"bold\"><i data-stringify-type=\"italic\">RioOnWatch<\/i><\/b>\u2014<strong><a class=\"c-link\" href=\"http:\/\/www.bit.ly\/ApoieROW\" target=\"_blank\" rel=\"noopener noreferrer\" data-stringify-link=\"http:\/\/www.bit.ly\/ApoieROW\" data-sk=\"tooltip_parent\">doe aqui<\/a>.<\/strong><\/h4>\n<\/div>\n<!-- AddThis Advanced Settings generic via filter on the_content --><!-- AddThis Share Buttons generic via filter on the_content -->","protected":false},"excerpt":{"rendered":"<div class=\"mh-excerpt\"><p>Click Here for English Esta \u00e9 a segunda mat\u00e9ria de uma s\u00e9rie sobre justi\u00e7a h\u00eddrica nas favelas escrita por jovens moradores de favela e resultado do curso \u201cJusti\u00e7a Clim\u00e1tica no Jornalismo Comunit\u00e1rio: Da Constru\u00e7\u00e3o da <a class=\"mh-excerpt-more\" href=\"https:\/\/rioonwatch.org.br\/?p=70419\" title=\"Justi\u00e7a H\u00eddrica na Rocinha: Falta D&#8217;\u00c1gua Cr\u00f4nica como Bandeira da Popula\u00e7\u00e3o\">[&#8230;]<\/a><!-- AddThis Advanced Settings generic via filter on get_the_excerpt --><!-- AddThis Share Buttons generic via filter on get_the_excerpt --><\/p>\n<\/div>","protected":false},"author":179,"featured_media":71498,"comment_status":"closed","ping_status":"closed","sticky":false,"template":"template-full.php","format":"standard","meta":{"_acf_changed":false,"_monsterinsights_skip_tracking":false,"_monsterinsights_sitenote_active":false,"_monsterinsights_sitenote_note":"","_monsterinsights_sitenote_category":0,"footnotes":""},"categories":[1857,1621,1625,3170,1639],"tags":[510,3258,620,2761,1874,382,128,2344,3112,634,1841,1719,1722,36,2777,1545,2139,16,2650,492,2369,3405,383],"writer":[3396,3397,3436],"translator":[],"source":[],"ilustrador":[],"fotografo":[],"class_list":{"0":"post-70419","1":"post","2":"type-post","3":"status-publish","4":"format-standard","5":"has-post-thumbnail","7":"category-olhonaurbanizacao","8":"category-destaque","9":"category-por-correspondentes-comunitarios","10":"category-justica-climatica","11":"category-sustentabilidade","12":"tag-agua","13":"tag-aguas-do-rio","14":"tag-cedae","15":"tag-direito-a-agua","16":"tag-fala-roca","17":"tag-gavea","18":"tag-historia","19":"tag-ibge","20":"tag-justica-climatica","21":"tag-laboriaux","22":"tag-lula","23":"tag-mudancas-climaticas","24":"tag-onu","25":"tag-pac","26":"tag-pereira-passos","27":"tag-puc","28":"tag-justica-ambiental","29":"tag-rocinha","30":"tag-rocinha-sem-fronteiras","31":"tag-saneamento","32":"tag-sao-conrado","33":"tag-serie-justica-hidrica","34":"tag-zona-sul","35":"writer-fernando-gomes","36":"writer-karen-fontoura","37":"writer-rodrigo-silva-fr"},"acf":[],"yoast_head":"<!-- This site is optimized with the Yoast SEO plugin v25.6 - https:\/\/yoast.com\/wordpress\/plugins\/seo\/ -->\n<title>Justi\u00e7a H\u00eddrica na Rocinha: Falta D&#039;\u00c1gua Cr\u00f4nica como Bandeira da Popula\u00e7\u00e3o - RioOnWatch<\/title>\n<meta name=\"robots\" content=\"index, follow, max-snippet:-1, max-image-preview:large, max-video-preview:-1\" \/>\n<link rel=\"canonical\" href=\"https:\/\/rioonwatch.org.br\/?p=70419\" \/>\n<meta property=\"og:locale\" content=\"pt_BR\" \/>\n<meta property=\"og:type\" content=\"article\" \/>\n<meta property=\"og:title\" content=\"Justi\u00e7a H\u00eddrica na Rocinha: Falta D&#039;\u00c1gua Cr\u00f4nica como Bandeira da Popula\u00e7\u00e3o - RioOnWatch\" \/>\n<meta property=\"og:description\" content=\"Click Here for English Esta \u00e9 a segunda mat\u00e9ria de uma s\u00e9rie sobre justi\u00e7a h\u00eddrica nas favelas escrita por jovens moradores de favela e resultado do curso \u201cJusti\u00e7a Clim\u00e1tica no Jornalismo Comunit\u00e1rio: Da Constru\u00e7\u00e3o da [...]\" \/>\n<meta property=\"og:url\" content=\"https:\/\/rioonwatch.org.br\/?p=70419\" \/>\n<meta property=\"og:site_name\" content=\"RioOnWatch\" \/>\n<meta property=\"article:published_time\" content=\"2024-01-03T13:30:41+00:00\" \/>\n<meta property=\"article:modified_time\" content=\"2025-01-09T18:34:26+00:00\" \/>\n<meta property=\"og:image\" content=\"https:\/\/rioonwatch.org.br\/wp-content\/uploads\/2023\/12\/Caixas-dagua.png\" \/>\n\t<meta property=\"og:image:width\" content=\"2560\" \/>\n\t<meta property=\"og:image:height\" content=\"1368\" \/>\n\t<meta property=\"og:image:type\" content=\"image\/png\" \/>\n<meta name=\"author\" content=\"Janaina Tavares\" \/>\n<meta name=\"twitter:card\" content=\"summary_large_image\" \/>\n<meta name=\"twitter:label1\" content=\"Escrito por\" \/>\n\t<meta name=\"twitter:data1\" content=\"Janaina Tavares\" \/>\n\t<meta name=\"twitter:label2\" content=\"Est. tempo de leitura\" \/>\n\t<meta name=\"twitter:data2\" content=\"8 minutos\" \/>\n<script type=\"application\/ld+json\" class=\"yoast-schema-graph\">{\"@context\":\"https:\/\/schema.org\",\"@graph\":[{\"@type\":\"Article\",\"@id\":\"https:\/\/rioonwatch.org.br\/?p=70419#article\",\"isPartOf\":{\"@id\":\"https:\/\/rioonwatch.org.br\/?p=70419\"},\"author\":{\"name\":\"Janaina Tavares\",\"@id\":\"https:\/\/rioonwatch.org.br\/#\/schema\/person\/feb227e5e7679aacc3d672e375cae1bd\"},\"headline\":\"Justi\u00e7a H\u00eddrica na Rocinha: Falta D&#8217;\u00c1gua Cr\u00f4nica como Bandeira da Popula\u00e7\u00e3o\",\"datePublished\":\"2024-01-03T13:30:41+00:00\",\"dateModified\":\"2025-01-09T18:34:26+00:00\",\"mainEntityOfPage\":{\"@id\":\"https:\/\/rioonwatch.org.br\/?p=70419\"},\"wordCount\":1482,\"publisher\":{\"@id\":\"https:\/\/rioonwatch.org.br\/#organization\"},\"image\":{\"@id\":\"https:\/\/rioonwatch.org.br\/?p=70419#primaryimage\"},\"thumbnailUrl\":\"https:\/\/rioonwatch.org.br\/wp-content\/uploads\/2023\/12\/Caixas-dagua.png\",\"keywords\":[\"\u00e1gua\",\"\u00c1guas do Rio\",\"CEDAE\",\"direito \u00e0 \u00e1gua\",\"Fala Ro\u00e7a\",\"G\u00e1vea\",\"hist\u00f3ria\",\"IBGE\",\"Justi\u00e7a Clim\u00e1tica\",\"Laboriaux\",\"Lula\",\"mudan\u00e7as clim\u00e1ticas\",\"ONU\",\"PAC\",\"Pereira Passos\",\"PUC\",\"Racismo ambiental\",\"Rocinha\",\"Rocinha Sem Fronteiras\",\"saneamento\",\"S\u00e3o Conrado\",\"S\u00e9rie: Justi\u00e7a H\u00eddrica\",\"Zona Sul\"],\"articleSection\":[\"#OlhoNaUrbaniza\u00e7\u00e3o\",\"*Destaque\",\"Escrito por Comunicadores Populares\",\"Justi\u00e7a Clim\u00e1tica\",\"Sustentabilidade\"],\"inLanguage\":\"pt-BR\"},{\"@type\":\"WebPage\",\"@id\":\"https:\/\/rioonwatch.org.br\/?p=70419\",\"url\":\"https:\/\/rioonwatch.org.br\/?p=70419\",\"name\":\"Justi\u00e7a H\u00eddrica na Rocinha: Falta D'\u00c1gua Cr\u00f4nica como Bandeira da Popula\u00e7\u00e3o - RioOnWatch\",\"isPartOf\":{\"@id\":\"https:\/\/rioonwatch.org.br\/#website\"},\"primaryImageOfPage\":{\"@id\":\"https:\/\/rioonwatch.org.br\/?p=70419#primaryimage\"},\"image\":{\"@id\":\"https:\/\/rioonwatch.org.br\/?p=70419#primaryimage\"},\"thumbnailUrl\":\"https:\/\/rioonwatch.org.br\/wp-content\/uploads\/2023\/12\/Caixas-dagua.png\",\"datePublished\":\"2024-01-03T13:30:41+00:00\",\"dateModified\":\"2025-01-09T18:34:26+00:00\",\"breadcrumb\":{\"@id\":\"https:\/\/rioonwatch.org.br\/?p=70419#breadcrumb\"},\"inLanguage\":\"pt-BR\",\"potentialAction\":[{\"@type\":\"ReadAction\",\"target\":[\"https:\/\/rioonwatch.org.br\/?p=70419\"]}]},{\"@type\":\"ImageObject\",\"inLanguage\":\"pt-BR\",\"@id\":\"https:\/\/rioonwatch.org.br\/?p=70419#primaryimage\",\"url\":\"https:\/\/rioonwatch.org.br\/wp-content\/uploads\/2023\/12\/Caixas-dagua.png\",\"contentUrl\":\"https:\/\/rioonwatch.org.br\/wp-content\/uploads\/2023\/12\/Caixas-dagua.png\",\"width\":2560,\"height\":1368,\"caption\":\"Caixas d'\u00e1gua nas lajes das casas na Rocinha. Foto: Karen Fontoura\"},{\"@type\":\"BreadcrumbList\",\"@id\":\"https:\/\/rioonwatch.org.br\/?p=70419#breadcrumb\",\"itemListElement\":[{\"@type\":\"ListItem\",\"position\":1,\"name\":\"In\u00edcio\",\"item\":\"https:\/\/rioonwatch.org.br\/\"},{\"@type\":\"ListItem\",\"position\":2,\"name\":\"Justi\u00e7a H\u00eddrica na Rocinha: Falta D&#8217;\u00c1gua Cr\u00f4nica como Bandeira da Popula\u00e7\u00e3o\"}]},{\"@type\":\"WebSite\",\"@id\":\"https:\/\/rioonwatch.org.br\/#website\",\"url\":\"https:\/\/rioonwatch.org.br\/\",\"name\":\"RioOnWatch\",\"description\":\"relatos das favelas cariocas\",\"publisher\":{\"@id\":\"https:\/\/rioonwatch.org.br\/#organization\"},\"potentialAction\":[{\"@type\":\"SearchAction\",\"target\":{\"@type\":\"EntryPoint\",\"urlTemplate\":\"https:\/\/rioonwatch.org.br\/?s={search_term_string}\"},\"query-input\":{\"@type\":\"PropertyValueSpecification\",\"valueRequired\":true,\"valueName\":\"search_term_string\"}}],\"inLanguage\":\"pt-BR\"},{\"@type\":\"Organization\",\"@id\":\"https:\/\/rioonwatch.org.br\/#organization\",\"name\":\"RioOnWatch\",\"url\":\"https:\/\/rioonwatch.org.br\/\",\"logo\":{\"@type\":\"ImageObject\",\"inLanguage\":\"pt-BR\",\"@id\":\"https:\/\/rioonwatch.org.br\/#\/schema\/logo\/image\/\",\"url\":\"https:\/\/rioonwatch.org.br\/wp-content\/uploads\/2021\/06\/RioOnWatchcabecalhoPT11anos-2.png\",\"contentUrl\":\"https:\/\/rioonwatch.org.br\/wp-content\/uploads\/2021\/06\/RioOnWatchcabecalhoPT11anos-2.png\",\"width\":779,\"height\":277,\"caption\":\"RioOnWatch\"},\"image\":{\"@id\":\"https:\/\/rioonwatch.org.br\/#\/schema\/logo\/image\/\"}},{\"@type\":\"Person\",\"@id\":\"https:\/\/rioonwatch.org.br\/#\/schema\/person\/feb227e5e7679aacc3d672e375cae1bd\",\"name\":\"Janaina Tavares\",\"image\":{\"@type\":\"ImageObject\",\"inLanguage\":\"pt-BR\",\"@id\":\"https:\/\/rioonwatch.org.br\/#\/schema\/person\/image\/\",\"url\":\"https:\/\/secure.gravatar.com\/avatar\/83bb5bb4f8b0c5ad63f35939640eaaa2?s=96&d=blank&r=g\",\"contentUrl\":\"https:\/\/secure.gravatar.com\/avatar\/83bb5bb4f8b0c5ad63f35939640eaaa2?s=96&d=blank&r=g\",\"caption\":\"Janaina Tavares\"},\"url\":\"https:\/\/rioonwatch.org.br\/?author=179\"}]}<\/script>\n<!-- \/ Yoast SEO plugin. -->","yoast_head_json":{"title":"Justi\u00e7a H\u00eddrica na Rocinha: Falta D'\u00c1gua Cr\u00f4nica como Bandeira da Popula\u00e7\u00e3o - RioOnWatch","robots":{"index":"index","follow":"follow","max-snippet":"max-snippet:-1","max-image-preview":"max-image-preview:large","max-video-preview":"max-video-preview:-1"},"canonical":"https:\/\/rioonwatch.org.br\/?p=70419","og_locale":"pt_BR","og_type":"article","og_title":"Justi\u00e7a H\u00eddrica na Rocinha: Falta D'\u00c1gua Cr\u00f4nica como Bandeira da Popula\u00e7\u00e3o - RioOnWatch","og_description":"Click Here for English Esta \u00e9 a segunda mat\u00e9ria de uma s\u00e9rie sobre justi\u00e7a h\u00eddrica nas favelas escrita por jovens moradores de favela e resultado do curso \u201cJusti\u00e7a Clim\u00e1tica no Jornalismo Comunit\u00e1rio: Da Constru\u00e7\u00e3o da [...]","og_url":"https:\/\/rioonwatch.org.br\/?p=70419","og_site_name":"RioOnWatch","article_published_time":"2024-01-03T13:30:41+00:00","article_modified_time":"2025-01-09T18:34:26+00:00","og_image":[{"url":"https:\/\/rioonwatch.org.br\/wp-content\/uploads\/2023\/12\/Caixas-dagua.png","width":2560,"height":1368,"type":"image\/png"}],"author":"Janaina Tavares","twitter_card":"summary_large_image","twitter_misc":{"Escrito por":"Janaina Tavares","Est. tempo de leitura":"8 minutos"},"schema":{"@context":"https:\/\/schema.org","@graph":[{"@type":"Article","@id":"https:\/\/rioonwatch.org.br\/?p=70419#article","isPartOf":{"@id":"https:\/\/rioonwatch.org.br\/?p=70419"},"author":{"name":"Janaina Tavares","@id":"https:\/\/rioonwatch.org.br\/#\/schema\/person\/feb227e5e7679aacc3d672e375cae1bd"},"headline":"Justi\u00e7a H\u00eddrica na Rocinha: Falta D&#8217;\u00c1gua Cr\u00f4nica como Bandeira da Popula\u00e7\u00e3o","datePublished":"2024-01-03T13:30:41+00:00","dateModified":"2025-01-09T18:34:26+00:00","mainEntityOfPage":{"@id":"https:\/\/rioonwatch.org.br\/?p=70419"},"wordCount":1482,"publisher":{"@id":"https:\/\/rioonwatch.org.br\/#organization"},"image":{"@id":"https:\/\/rioonwatch.org.br\/?p=70419#primaryimage"},"thumbnailUrl":"https:\/\/rioonwatch.org.br\/wp-content\/uploads\/2023\/12\/Caixas-dagua.png","keywords":["\u00e1gua","\u00c1guas do Rio","CEDAE","direito \u00e0 \u00e1gua","Fala Ro\u00e7a","G\u00e1vea","hist\u00f3ria","IBGE","Justi\u00e7a Clim\u00e1tica","Laboriaux","Lula","mudan\u00e7as clim\u00e1ticas","ONU","PAC","Pereira Passos","PUC","Racismo ambiental","Rocinha","Rocinha Sem Fronteiras","saneamento","S\u00e3o Conrado","S\u00e9rie: Justi\u00e7a H\u00eddrica","Zona Sul"],"articleSection":["#OlhoNaUrbaniza\u00e7\u00e3o","*Destaque","Escrito por Comunicadores Populares","Justi\u00e7a Clim\u00e1tica","Sustentabilidade"],"inLanguage":"pt-BR"},{"@type":"WebPage","@id":"https:\/\/rioonwatch.org.br\/?p=70419","url":"https:\/\/rioonwatch.org.br\/?p=70419","name":"Justi\u00e7a H\u00eddrica na Rocinha: Falta D'\u00c1gua Cr\u00f4nica como Bandeira da Popula\u00e7\u00e3o - RioOnWatch","isPartOf":{"@id":"https:\/\/rioonwatch.org.br\/#website"},"primaryImageOfPage":{"@id":"https:\/\/rioonwatch.org.br\/?p=70419#primaryimage"},"image":{"@id":"https:\/\/rioonwatch.org.br\/?p=70419#primaryimage"},"thumbnailUrl":"https:\/\/rioonwatch.org.br\/wp-content\/uploads\/2023\/12\/Caixas-dagua.png","datePublished":"2024-01-03T13:30:41+00:00","dateModified":"2025-01-09T18:34:26+00:00","breadcrumb":{"@id":"https:\/\/rioonwatch.org.br\/?p=70419#breadcrumb"},"inLanguage":"pt-BR","potentialAction":[{"@type":"ReadAction","target":["https:\/\/rioonwatch.org.br\/?p=70419"]}]},{"@type":"ImageObject","inLanguage":"pt-BR","@id":"https:\/\/rioonwatch.org.br\/?p=70419#primaryimage","url":"https:\/\/rioonwatch.org.br\/wp-content\/uploads\/2023\/12\/Caixas-dagua.png","contentUrl":"https:\/\/rioonwatch.org.br\/wp-content\/uploads\/2023\/12\/Caixas-dagua.png","width":2560,"height":1368,"caption":"Caixas d'\u00e1gua nas lajes das casas na Rocinha. Foto: Karen Fontoura"},{"@type":"BreadcrumbList","@id":"https:\/\/rioonwatch.org.br\/?p=70419#breadcrumb","itemListElement":[{"@type":"ListItem","position":1,"name":"In\u00edcio","item":"https:\/\/rioonwatch.org.br\/"},{"@type":"ListItem","position":2,"name":"Justi\u00e7a H\u00eddrica na Rocinha: Falta D&#8217;\u00c1gua Cr\u00f4nica como Bandeira da Popula\u00e7\u00e3o"}]},{"@type":"WebSite","@id":"https:\/\/rioonwatch.org.br\/#website","url":"https:\/\/rioonwatch.org.br\/","name":"RioOnWatch","description":"relatos das favelas cariocas","publisher":{"@id":"https:\/\/rioonwatch.org.br\/#organization"},"potentialAction":[{"@type":"SearchAction","target":{"@type":"EntryPoint","urlTemplate":"https:\/\/rioonwatch.org.br\/?s={search_term_string}"},"query-input":{"@type":"PropertyValueSpecification","valueRequired":true,"valueName":"search_term_string"}}],"inLanguage":"pt-BR"},{"@type":"Organization","@id":"https:\/\/rioonwatch.org.br\/#organization","name":"RioOnWatch","url":"https:\/\/rioonwatch.org.br\/","logo":{"@type":"ImageObject","inLanguage":"pt-BR","@id":"https:\/\/rioonwatch.org.br\/#\/schema\/logo\/image\/","url":"https:\/\/rioonwatch.org.br\/wp-content\/uploads\/2021\/06\/RioOnWatchcabecalhoPT11anos-2.png","contentUrl":"https:\/\/rioonwatch.org.br\/wp-content\/uploads\/2021\/06\/RioOnWatchcabecalhoPT11anos-2.png","width":779,"height":277,"caption":"RioOnWatch"},"image":{"@id":"https:\/\/rioonwatch.org.br\/#\/schema\/logo\/image\/"}},{"@type":"Person","@id":"https:\/\/rioonwatch.org.br\/#\/schema\/person\/feb227e5e7679aacc3d672e375cae1bd","name":"Janaina Tavares","image":{"@type":"ImageObject","inLanguage":"pt-BR","@id":"https:\/\/rioonwatch.org.br\/#\/schema\/person\/image\/","url":"https:\/\/secure.gravatar.com\/avatar\/83bb5bb4f8b0c5ad63f35939640eaaa2?s=96&d=blank&r=g","contentUrl":"https:\/\/secure.gravatar.com\/avatar\/83bb5bb4f8b0c5ad63f35939640eaaa2?s=96&d=blank&r=g","caption":"Janaina Tavares"},"url":"https:\/\/rioonwatch.org.br\/?author=179"}]}},"_links":{"self":[{"href":"https:\/\/rioonwatch.org.br\/index.php?rest_route=\/wp\/v2\/posts\/70419"}],"collection":[{"href":"https:\/\/rioonwatch.org.br\/index.php?rest_route=\/wp\/v2\/posts"}],"about":[{"href":"https:\/\/rioonwatch.org.br\/index.php?rest_route=\/wp\/v2\/types\/post"}],"author":[{"embeddable":true,"href":"https:\/\/rioonwatch.org.br\/index.php?rest_route=\/wp\/v2\/users\/179"}],"replies":[{"embeddable":true,"href":"https:\/\/rioonwatch.org.br\/index.php?rest_route=%2Fwp%2Fv2%2Fcomments&post=70419"}],"version-history":[{"count":87,"href":"https:\/\/rioonwatch.org.br\/index.php?rest_route=\/wp\/v2\/posts\/70419\/revisions"}],"predecessor-version":[{"id":74076,"href":"https:\/\/rioonwatch.org.br\/index.php?rest_route=\/wp\/v2\/posts\/70419\/revisions\/74076"}],"wp:featuredmedia":[{"embeddable":true,"href":"https:\/\/rioonwatch.org.br\/index.php?rest_route=\/wp\/v2\/media\/71498"}],"wp:attachment":[{"href":"https:\/\/rioonwatch.org.br\/index.php?rest_route=%2Fwp%2Fv2%2Fmedia&parent=70419"}],"wp:term":[{"taxonomy":"category","embeddable":true,"href":"https:\/\/rioonwatch.org.br\/index.php?rest_route=%2Fwp%2Fv2%2Fcategories&post=70419"},{"taxonomy":"post_tag","embeddable":true,"href":"https:\/\/rioonwatch.org.br\/index.php?rest_route=%2Fwp%2Fv2%2Ftags&post=70419"},{"taxonomy":"writer","embeddable":true,"href":"https:\/\/rioonwatch.org.br\/index.php?rest_route=%2Fwp%2Fv2%2Fwriter&post=70419"},{"taxonomy":"translator","embeddable":true,"href":"https:\/\/rioonwatch.org.br\/index.php?rest_route=%2Fwp%2Fv2%2Ftranslator&post=70419"},{"taxonomy":"source","embeddable":true,"href":"https:\/\/rioonwatch.org.br\/index.php?rest_route=%2Fwp%2Fv2%2Fsource&post=70419"},{"taxonomy":"ilustrador","embeddable":true,"href":"https:\/\/rioonwatch.org.br\/index.php?rest_route=%2Fwp%2Fv2%2Filustrador&post=70419"},{"taxonomy":"fotografo","embeddable":true,"href":"https:\/\/rioonwatch.org.br\/index.php?rest_route=%2Fwp%2Fv2%2Ffotografo&post=70419"}],"curies":[{"name":"wp","href":"https:\/\/api.w.org\/{rel}","templated":true}]}}