{"id":70667,"date":"2023-11-20T05:00:10","date_gmt":"2023-11-20T08:00:10","guid":{"rendered":"https:\/\/rioonwatch.org.br\/?p=70667"},"modified":"2023-11-21T20:28:59","modified_gmt":"2023-11-21T23:28:59","slug":"neste-dia-da-consciencia-negra-assista-a-visao-de-deputadas-negras-do-estado-do-rio-sobre-raca-genero-e-favela-nos-parlamentos-video","status":"publish","type":"post","link":"https:\/\/rioonwatch.org.br\/?p=70667","title":{"rendered":"Neste Dia da Consci\u00eancia Negra, Assista: &#8216;A Vis\u00e3o de Deputadas Negras do Estado do Rio sobre Ra\u00e7a, G\u00eanero e Favela nos Parlamentos&#8217; [V\u00cdDEO]"},"content":{"rendered":"<p><iframe title=\"YouTube video player\" src=\"https:\/\/www.youtube.com\/embed\/tB9CV49o7ig?si=jGXx9Qf6f6Dx8clA\" width=\"1030\" height=\"563\" frameborder=\"0\" allowfullscreen=\"allowfullscreen\"><span data-mce-type=\"bookmark\" style=\"display: inline-block; width: 0px; overflow: hidden; line-height: 0;\" class=\"mce_SELRES_start\">\ufeff<\/span><span data-mce-type=\"bookmark\" style=\"display: inline-block; width: 0px; overflow: hidden; line-height: 0;\" class=\"mce_SELRES_start\">\ufeff<\/span><span data-mce-type=\"bookmark\" style=\"display: inline-block; width: 0px; overflow: hidden; line-height: 0;\" class=\"mce_SELRES_start\">\ufeff<\/span><\/iframe><\/p>\n<h4 style=\"text-align: right;\"><a href=\"https:\/\/bit.ly\/3QKR9BS\" target=\"_blank\" rel=\"noopener\"><em><strong>Click Here for English<img decoding=\"async\" class=\"alignright wp-image-15790\" src=\"https:\/\/rioonwatch.org.br\/wp-content\/uploads\/2012\/08\/EN-standard-e1439583104716.jpg\" alt=\"\" width=\"20\" height=\"20\" \/><\/strong><\/em><\/a><\/h4>\n<h4>No <a href=\"http:\/\/bit.ly\/2XCc5is\" target=\"_blank\" rel=\"noopener\">Dia da Consci\u00eancia Negra<\/a>, <a href=\"https:\/\/bit.ly\/VisaoDeputadasNegras\" target=\"_blank\" rel=\"noopener\">esta videorreportagem<\/a> visa ser um documento hist\u00f3rico onde tr\u00eas mulheres negras em <a href=\"https:\/\/bit.ly\/3NlmnNF\" target=\"_blank\" rel=\"noopener\">cargos de lideran\u00e7a<\/a>\u00a0da Assembleia Legislativa do Estado do Rio de Janeiro (<a href=\"https:\/\/bit.ly\/3crY2BE\" target=\"_blank\" rel=\"noopener\">ALERJ<\/a>), ponderam sobre <a href=\"https:\/\/bit.ly\/3hGOZRQ\" target=\"_blank\" rel=\"noopener\">ra\u00e7a<\/a>, classe, <a href=\"https:\/\/bit.ly\/3gVa1vs\" target=\"_blank\" rel=\"noopener\">g\u00eanero<\/a>, territ\u00f3rio e o legado da atua\u00e7\u00e3o de mulheres negras para a pol\u00edtica fluminense. S\u00e3o elas as\u00a0deputadas estaduais <a href=\"https:\/\/bit.ly\/359LvkT\" target=\"_blank\" rel=\"noopener\">Renata Souza<\/a> (cria do <a href=\"https:\/\/bit.ly\/3l0WQKR\" target=\"_blank\" rel=\"noopener\">Complexo da Mar\u00e9<\/a>), <a href=\"https:\/\/bit.ly\/3Tl6IzB\" target=\"_blank\" rel=\"noopener\">Dani Monteiro<\/a> (do <a href=\"https:\/\/bit.ly\/3UJm6rc\" target=\"_blank\" rel=\"noopener\">S\u00e3o Carlos<\/a>), e a <a href=\"https:\/\/bit.ly\/3tAaIom\" target=\"_blank\" rel=\"noopener\">primeira<\/a> parlamentar transexual\u00a0<a href=\"https:\/\/bit.ly\/40kOHVW\" target=\"_blank\" rel=\"noopener\">Dani Balbi<\/a>\u00a0(do <a href=\"https:\/\/bit.ly\/2eS3YYJ\" target=\"_blank\" rel=\"noopener\">Engenho da Rainha<\/a>).<\/h4>\n<figure id=\"attachment_70697\" aria-describedby=\"caption-attachment-70697\" style=\"width: 500px\" class=\"wp-caption alignright\"><a href=\"https:\/\/rioonwatch.org.br\/wp-content\/uploads\/2023\/10\/Deputada-Estadual-Renata-Souza.png\"><img fetchpriority=\"high\" decoding=\"async\" class=\"wp-image-70697\" title=\"Deputada Estadual Renata Souza\" src=\"https:\/\/rioonwatch.org.br\/wp-content\/uploads\/2023\/10\/Deputada-Estadual-Renata-Souza-620x349.png\" alt=\"Deputada Estadual Renata Souza\" width=\"500\" height=\"281\" srcset=\"https:\/\/rioonwatch.org.br\/wp-content\/uploads\/2023\/10\/Deputada-Estadual-Renata-Souza-620x349.png 620w, https:\/\/rioonwatch.org.br\/wp-content\/uploads\/2023\/10\/Deputada-Estadual-Renata-Souza.png 1366w\" sizes=\"(max-width: 500px) 100vw, 500px\" \/><\/a><figcaption id=\"caption-attachment-70697\" class=\"wp-caption-text\">Deputada Estadual Renata Souza<\/figcaption><\/figure>\n<p>A estrutura social brasileira \u00e9 marcada por <a href=\"https:\/\/bit.ly\/3wrGTma\" target=\"_blank\" rel=\"noopener\">profundas desigualdades<\/a>, que atingem em cheio as popula\u00e7\u00f5es representadas pelas tr\u00eas parlamentares ouvidas nesta videorreportagem. Dentre estes processos sociais, que vitimam e subjugam essa parcela da sociedade, est\u00e3o, sobretudo, o <a href=\"https:\/\/bit.ly\/SerieAntirracista\" target=\"_blank\" rel=\"noopener\">racismo<\/a> e o <a href=\"https:\/\/bit.ly\/47aslKb\" target=\"_blank\" rel=\"noopener\">sexismo<\/a>, que se juntam ao instrumentalizar a opress\u00e3o especificamente <a href=\"https:\/\/bit.ly\/3twaYVr\" target=\"_blank\" rel=\"noopener\">voltada para mulheres negras<\/a>\u2014o <a href=\"https:\/\/bit.ly\/38tlIHF\" target=\"_blank\" rel=\"noopener\">maior grupo populacional<\/a> do pa\u00eds, 28% de todo o Brasil. Al\u00e9m disso, opera tamb\u00e9m o <a href=\"https:\/\/bit.ly\/2x39npy\" target=\"_blank\" rel=\"noopener\">estigma<\/a> quanto aos territ\u00f3rios de favela e a <a href=\"https:\/\/bit.ly\/3ZZMjVk\" target=\"_blank\" rel=\"noopener\">cisheteronormatividade<\/a>, que, historicamente, restringem oportunidades e s\u00e3o resqu\u00edcios da colonialidade. Essas caracter\u00edsticas do tecido social fluminense aparecem frequentemente como entrave para o exerc\u00edcio de um projeto democr\u00e1tico pleno, que garanta a dignidade para todas e todos. Em uma sociedade com essas caracter\u00edsticas, torna-se fundamental que a arena pol\u00edtica trabalhe para garantir valores republicanos e democr\u00e1ticos, sobretudo, atrav\u00e9s da <a href=\"https:\/\/bit.ly\/2Zy4jbV\" target=\"_blank\" rel=\"noopener\">representatividade<\/a> e da prote\u00e7\u00e3o de direitos sociais.<\/p>\n<blockquote><p>&#8220;O olhar da mulher negra para a pol\u00edtica \u00e9 fundamental, faz toda a diferen\u00e7a. Observar o quanto que as mulheres negras que puderam estar nos espa\u00e7os de poder t\u00eam feito grande diferen\u00e7a na formula\u00e7\u00e3o de pol\u00edticas p\u00fablicas&#8230; isso impacta diretamente a <a href=\"https:\/\/bit.ly\/3rrdz2o\" target=\"_blank\" rel=\"noopener\">democracia brasileira<\/a>&#8230; Isso \u00e9 um avan\u00e7o na nossa luta pol\u00edtica de supera\u00e7\u00e3o de todos os resqu\u00edcios com rela\u00e7\u00e3o \u00e0 escraviza\u00e7\u00e3o do povo preto&#8230; O primeiro desafio \u00e9 entender que favela \u00e9 cidade. Na verdade, \u00e9 ela que produz a riqueza da cidade, a riqueza territorial.&#8221; \u2014 Renata Souza<\/p><\/blockquote>\n<figure id=\"attachment_70698\" aria-describedby=\"caption-attachment-70698\" style=\"width: 500px\" class=\"wp-caption alignright\"><a href=\"https:\/\/rioonwatch.org.br\/wp-content\/uploads\/2023\/10\/Deputada-Estadual-Dani-Monteiro.png\"><img decoding=\"async\" class=\"wp-image-70698\" title=\"Deputada Estadual Dani Monteiro\" src=\"https:\/\/rioonwatch.org.br\/wp-content\/uploads\/2023\/10\/Deputada-Estadual-Dani-Monteiro-620x349.png\" alt=\"Deputada Estadual Dani Monteiro\" width=\"500\" height=\"281\" srcset=\"https:\/\/rioonwatch.org.br\/wp-content\/uploads\/2023\/10\/Deputada-Estadual-Dani-Monteiro-620x349.png 620w, https:\/\/rioonwatch.org.br\/wp-content\/uploads\/2023\/10\/Deputada-Estadual-Dani-Monteiro.png 1366w\" sizes=\"(max-width: 500px) 100vw, 500px\" \/><\/a><figcaption id=\"caption-attachment-70698\" class=\"wp-caption-text\">Deputada Estadual Dani Monteiro<\/figcaption><\/figure>\n<p>Em vista disso, o objetivo deste minidocument\u00e1rio \u00e9 apresentar uma perspectiva transversal sobre os temas de ra\u00e7a, classe, g\u00eanero e territ\u00f3rio, a partir do ponto de vista de parlamentares negras crias de favelas e periferias. Elas foram convidadas a refletir sobre as barreiras no fazer di\u00e1rio da pol\u00edtica que encontram na ALERJ. Al\u00e9m disso, ponderam sobre como \u00e9 fazer <a href=\"https:\/\/bit.ly\/3yNj63j\" target=\"_blank\" rel=\"noopener\">pol\u00edtica p\u00fablica focada<\/a> nestas popula\u00e7\u00f5es e em seus locais de moradia, como as favelas.<\/p>\n<blockquote><p>&#8220;Esse \u00e9 o desafio de fazer pol\u00edtica p\u00fablica para a favela aqui no nosso estado, pois h\u00e1 um plano de exterm\u00ednio em curso. O genoc\u00eddio da nossa popula\u00e7\u00e3o, que vai tanto atrav\u00e9s do seu bra\u00e7o armado, o exterm\u00ednio direto de meninos e homens negros, mas h\u00e1 toda a cadeia do epistemic\u00eddio, inclusive acad\u00eamico, da n\u00e3o-participa\u00e7\u00e3o e da n\u00e3o-inclus\u00e3o social&#8230; A nossa n\u00e3o-participa\u00e7\u00e3o exemplifica como na nossa democracia, diversas vozes s\u00e3o silenciadas, enquanto algumas outras s\u00e3o amplificadas&#8230; Justamente a n\u00e3o-participa\u00e7\u00e3o nas tomadas de decis\u00e3o, essa marginaliza\u00e7\u00e3o da popula\u00e7\u00e3o negra, especialmente das mulheres negras, causa muros. A democracia no Brasil tem muros que a separa de seu pr\u00f3prio povo&#8230; Ent\u00e3o, muitas vezes, v\u00e1rios problemas que nos s\u00e3o cotidianos n\u00e3o s\u00e3o enxergados.&#8221; \u2014 Dani Monteiro<\/p><\/blockquote>\n<figure id=\"attachment_70703\" aria-describedby=\"caption-attachment-70703\" style=\"width: 500px\" class=\"wp-caption alignright\"><a href=\"https:\/\/rioonwatch.org.br\/wp-content\/uploads\/2023\/10\/Deputada-Estadual-Dani-Balbi.png\"><img loading=\"lazy\" decoding=\"async\" class=\"wp-image-70703\" title=\"Deputada Estadual Dani Balbi\" src=\"https:\/\/rioonwatch.org.br\/wp-content\/uploads\/2023\/10\/Deputada-Estadual-Dani-Balbi-620x349.png\" alt=\"Deputada Estadual Dani Balbi\" width=\"500\" height=\"281\" srcset=\"https:\/\/rioonwatch.org.br\/wp-content\/uploads\/2023\/10\/Deputada-Estadual-Dani-Balbi-620x349.png 620w, https:\/\/rioonwatch.org.br\/wp-content\/uploads\/2023\/10\/Deputada-Estadual-Dani-Balbi.png 1366w\" sizes=\"(max-width: 500px) 100vw, 500px\" \/><\/a><figcaption id=\"caption-attachment-70703\" class=\"wp-caption-text\">Deputada Estadual Dani Balbi<\/figcaption><\/figure>\n<p>Outro ponto levantado pelas deputadas \u00e9 que seus mandatos acabam se tornando espa\u00e7os de escuta e de acolhimento para os <a href=\"https:\/\/bit.ly\/3JUDW48\" target=\"_blank\" rel=\"noopener\">estruturalmente marginalizados<\/a> e exclu\u00eddos pela sociedade.<\/p>\n<blockquote><p>&#8220;Os espa\u00e7os de poder s\u00e3o muito hostis, principalmente para mulheres, negras, trans, pobres&#8230; O poder \u00e9 feito para que nos sintamos &#8216;alijadas&#8217;&#8230; Isso exige de n\u00f3s, legisladoras do campo popular e democr\u00e1tico com marcadores sociais muito evidentes, mais firmeza e mais trabalho. A gente precisa fiscalizar mais, conhecer mais o poder p\u00fablico, o funcionamento desta casa [ALERJ] e do Poder Executivo. Precisa estar em mais dilig\u00eancias, nas ruas acompanhando. E a gente precisa, por conta da responsabilidade, se configurar como espa\u00e7o de acolhimento de muitas demandas, j\u00e1 que o poder p\u00fablico vira as costas para essas demandas, para essas necessidades.&#8221; \u2014 Dani Balbi<\/p><\/blockquote>\n<p>Al\u00e9m da import\u00e2ncia destas atividades, elas tamb\u00e9m deixaram evidente que t\u00eam propostas de pol\u00edticas p\u00fablicas para v\u00e1rios setores, que beneficiariam a sociedade fluminense como um todo. Mulheres negras na pol\u00edtica oferecem solu\u00e7\u00f5es para problemas de ordem social, pol\u00edtica e econ\u00f4mica\u2014crises que o estado do Rio enfrenta h\u00e1 d\u00e9cadas. Como Dani Monteiro ressalta, h\u00e1 s\u00e9culos, mulheres negras oferecem rem\u00e9dios que alavancam o desenvolvimento do Brasil.<\/p>\n<blockquote><p>&#8220;Considerando que contribu\u00edmos ativamente com a organiza\u00e7\u00e3o do trabalho na nossa sociedade, com o cuidado coletivo, seja o familiar ou o comunit\u00e1rio&#8230; gostaria de exaltar a hist\u00f3ria de nossas ancestrais! Se hoje temos um estado do Rio de Janeiro, se temos a estrutura din\u00e2mica que hoje vigora, a contribui\u00e7\u00e3o das mulheres negras \u00e9 enorme! Seja para a din\u00e2mica de produ\u00e7\u00e3o de Brasil ainda no per\u00edodo colonial escravista, ent\u00e3o, parte da nossa cultura alimentar, do nosso cuidado com a sa\u00fade, vem <a href=\"https:\/\/bit.ly\/3mX02sO\" target=\"_blank\" rel=\"noopener\">das nossas curandeiras<\/a>, <a href=\"https:\/\/bit.ly\/2JA4rBw\" target=\"_blank\" rel=\"noopener\">das nossas cozinheiras<\/a>, mas tamb\u00e9m do ponto de vista da contribui\u00e7\u00e3o, do papel social que n\u00f3s cumprimos. \u00c9 n\u00edtido o quanto que as mulheres negras contribu\u00edram ativamente para a produ\u00e7\u00e3o do Rio de Janeiro&#8221;. \u2014 Dani Monteiro<\/p><\/blockquote>\n<p>Logo, <a href=\"https:\/\/bit.ly\/3ZDY5DG\" target=\"_blank\" rel=\"noopener\">ningu\u00e9m melhor do que as mulheres negras<\/a> para pensar, a partir de um projeto democr\u00e1tico de Estado, em solu\u00e7\u00f5es que contornem situa\u00e7\u00f5es dif\u00edceis e adversas, como as crises econ\u00f4mica, social e pol\u00edtica que o Rio de Janeiro enfrenta. Afinal de contas, a mulher negra \u00e9 o motor da economia fluminense, a maior parte da popula\u00e7\u00e3o do estado e quem, em geral, constr\u00f3i estrat\u00e9gias de sobreviv\u00eancia individuais e coletivas em meio \u00e0s crises. Assim sendo, muito provavelmente, a resolu\u00e7\u00e3o de problemas hist\u00f3ricos perpetrados e perpetuados por <a href=\"https:\/\/bit.ly\/3QhGAqQ\" target=\"_blank\" rel=\"noopener\">governos e parlamentos masculinos, brancos<\/a> e cisheteronormativos vir\u00e1 da atua\u00e7\u00e3o parlamentar e social de mulheres negras.<\/p>\n<h3>Assista \u00e0 Videorreportagem\u00a0<a href=\"https:\/\/bit.ly\/VisaoDeputadasNegras\" target=\"_blank\" rel=\"noopener\">Aqui<\/a>.<\/h3>\n<figure id=\"attachment_70722\" aria-describedby=\"caption-attachment-70722\" style=\"width: 1366px\" class=\"wp-caption aligncenter\"><a href=\"https:\/\/rioonwatch.org.br\/wp-content\/uploads\/2023\/10\/Ex-Deputada-Estadual-Monica-Francisco-e-Deputada-Estadual-Dani-Monteiro.png\"><img loading=\"lazy\" decoding=\"async\" class=\"wp-image-70722 size-full\" title=\"Ex-Deputada Estadual M\u00f4nica Francisco e Deputada Estadual Dani Monteiro\" src=\"https:\/\/rioonwatch.org.br\/wp-content\/uploads\/2023\/10\/Ex-Deputada-Estadual-Monica-Francisco-e-Deputada-Estadual-Dani-Monteiro.png\" alt=\"Ex-Deputada Estadual M\u00f4nica Francisco e Deputada Estadual Dani Monteiro\" width=\"1366\" height=\"768\" srcset=\"https:\/\/rioonwatch.org.br\/wp-content\/uploads\/2023\/10\/Ex-Deputada-Estadual-Monica-Francisco-e-Deputada-Estadual-Dani-Monteiro.png 1366w, https:\/\/rioonwatch.org.br\/wp-content\/uploads\/2023\/10\/Ex-Deputada-Estadual-Monica-Francisco-e-Deputada-Estadual-Dani-Monteiro-620x349.png 620w\" sizes=\"(max-width: 1366px) 100vw, 1366px\" \/><\/a><figcaption id=\"caption-attachment-70722\" class=\"wp-caption-text\">Ex-Deputada Estadual M\u00f4nica Francisco e Deputada Estadual Dani Monteiro<\/figcaption><\/figure>\n<p><em>Sobre o autor:\u00a0<a href=\"https:\/\/bit.ly\/3dKObeB\" target=\"_blank\" rel=\"noopener\">Felipe Bellido<\/a> \u00e9 doutor em Ci\u00eancia Pol\u00edtica, atuou como pesquisador na PUC-Rio e como pesquisador-visitante na University of Illinois at Urbana-Champaign. \u00c9 volunt\u00e1rio na Educafro, Fellow do Instituto Identidades do Brasil e membro da comunidade ForbesBLK. Atualmente \u00e9 analista de DE&amp;I (Diversidade, Equidade e Inclus\u00e3o).<\/em><\/p>\n<p><em>Sobre a produtora e editora: <a href=\"https:\/\/bit.ly\/3VF18t6\" target=\"_blank\" rel=\"noopener\">Janine Miranda<\/a>, moradora de Nova Igua\u00e7u, \u00e9 professora de linguagens e trabalha com o audiovisual e fotografia.<\/em><\/p>\n<hr \/>\n<h4><b data-stringify-type=\"bold\">Apoie nossos esfor\u00e7os para fornecer apoio estrat\u00e9gico \u00e0s favelas do Rio, incluindo o jornalismo hiperlocal, cr\u00edtico, inovador e incans\u00e1vel do\u00a0<\/b><b data-stringify-type=\"bold\"><i data-stringify-type=\"italic\">RioOnWatch<\/i><\/b>\u2014<a class=\"c-link\" href=\"http:\/\/www.bit.ly\/ApoieROW\" target=\"_blank\" rel=\"noopener noreferrer\" data-stringify-link=\"http:\/\/www.bit.ly\/ApoieROW\" data-sk=\"tooltip_parent\">doe aqui<\/a>.<\/h4>\n<!-- AddThis Advanced Settings generic via filter on the_content --><!-- AddThis Share Buttons generic via filter on the_content -->","protected":false},"excerpt":{"rendered":"<div class=\"mh-excerpt\"><p>\ufeff\ufeff\ufeff Click Here for English No Dia da Consci\u00eancia Negra, esta videorreportagem visa ser um documento hist\u00f3rico onde tr\u00eas mulheres negras em cargos de lideran\u00e7a\u00a0da Assembleia Legislativa do Estado do Rio de Janeiro (ALERJ), ponderam <a class=\"mh-excerpt-more\" href=\"https:\/\/rioonwatch.org.br\/?p=70667\" title=\"Neste Dia da Consci\u00eancia Negra, Assista: &#8216;A Vis\u00e3o de Deputadas Negras do Estado do Rio sobre Ra\u00e7a, G\u00eanero e Favela nos Parlamentos&#8217; [V\u00cdDEO]\">[&#8230;]<\/a><!-- AddThis Advanced Settings generic via filter on get_the_excerpt --><!-- AddThis Share Buttons generic via filter on get_the_excerpt --><\/p>\n<\/div>","protected":false},"author":167,"featured_media":70722,"comment_status":"closed","ping_status":"closed","sticky":false,"template":"template-full.php","format":"standard","meta":{"_acf_changed":false,"_monsterinsights_skip_tracking":false,"_monsterinsights_sitenote_active":false,"_monsterinsights_sitenote_note":"","_monsterinsights_sitenote_category":0,"footnotes":""},"categories":[1621,3175,1625,3206,1638],"tags":[386,1852,259,332,1386,3240,2556,479,3143,1805,1790,42,2312,1398,915,1970,838,3114,2491,2432,1434,2163,3362,218],"writer":[3008],"translator":[],"source":[],"ilustrador":[],"fotografo":[],"class_list":{"0":"post-70667","1":"post","2":"type-post","3":"status-publish","4":"format-standard","5":"has-post-thumbnail","7":"category-destaque","8":"category-democracia","9":"category-por-correspondentes-comunitarios","10":"category-representatividade","11":"category-video","12":"tag-estigma","13":"tag-alerj","14":"tag-centro","15":"tag-complexo-da-mare","16":"tag-critica-a-politica","17":"tag-dani-balbi","18":"tag-dani-monteiro-psol","19":"tag-democracia","20":"tag-direito-a-favela","21":"tag-engenho-da-rainha","22":"tag-feminismo","23":"tag-genero","24":"tag-legado-de-marielle","25":"tag-lgbt","26":"tag-mes-da-consciencia-negra","27":"tag-negritude","28":"tag-politica-publica","29":"tag-racismo-estrutural","30":"tag-renata-souza-psol","31":"tag-representatividade","32":"tag-sao-carlos","33":"tag-sexismo","34":"tag-transgenero","35":"tag-zona-norte","36":"writer-felipe-bellido"},"acf":[],"yoast_head":"<!-- This site is optimized with the Yoast SEO plugin v25.6 - https:\/\/yoast.com\/wordpress\/plugins\/seo\/ -->\n<title>Neste Dia da Consci\u00eancia Negra, Assista: &#039;A Vis\u00e3o de Deputadas Negras do Estado do Rio sobre Ra\u00e7a, G\u00eanero e Favela nos Parlamentos&#039; [V\u00cdDEO] - RioOnWatch<\/title>\n<meta name=\"robots\" content=\"index, follow, max-snippet:-1, max-image-preview:large, max-video-preview:-1\" \/>\n<link rel=\"canonical\" href=\"https:\/\/rioonwatch.org.br\/?p=70667\" \/>\n<meta property=\"og:locale\" content=\"pt_BR\" \/>\n<meta property=\"og:type\" content=\"article\" \/>\n<meta property=\"og:title\" content=\"Neste Dia da Consci\u00eancia Negra, Assista: &#039;A Vis\u00e3o de Deputadas Negras do Estado do Rio sobre Ra\u00e7a, G\u00eanero e Favela nos Parlamentos&#039; [V\u00cdDEO] - RioOnWatch\" \/>\n<meta property=\"og:description\" content=\"\ufeff\ufeff\ufeff Click Here for English No Dia da Consci\u00eancia Negra, esta videorreportagem visa ser um documento hist\u00f3rico onde tr\u00eas mulheres negras em cargos de lideran\u00e7a\u00a0da Assembleia Legislativa do Estado do Rio de Janeiro (ALERJ), ponderam [...]\" \/>\n<meta property=\"og:url\" content=\"https:\/\/rioonwatch.org.br\/?p=70667\" \/>\n<meta property=\"og:site_name\" content=\"RioOnWatch\" \/>\n<meta property=\"article:published_time\" content=\"2023-11-20T08:00:10+00:00\" \/>\n<meta property=\"article:modified_time\" content=\"2023-11-21T23:28:59+00:00\" \/>\n<meta property=\"og:image\" content=\"https:\/\/rioonwatch.org.br\/wp-content\/uploads\/2023\/10\/Ex-Deputada-Estadual-Monica-Francisco-e-Deputada-Estadual-Dani-Monteiro.png\" \/>\n\t<meta property=\"og:image:width\" content=\"1366\" \/>\n\t<meta property=\"og:image:height\" content=\"768\" \/>\n\t<meta property=\"og:image:type\" content=\"image\/png\" \/>\n<meta name=\"author\" content=\"Julio Santos Filho\" \/>\n<meta name=\"twitter:card\" content=\"summary_large_image\" \/>\n<meta name=\"twitter:label1\" content=\"Escrito por\" \/>\n\t<meta name=\"twitter:data1\" content=\"Julio Santos Filho\" \/>\n\t<meta name=\"twitter:label2\" content=\"Est. tempo de leitura\" \/>\n\t<meta name=\"twitter:data2\" content=\"7 minutos\" \/>\n<script type=\"application\/ld+json\" class=\"yoast-schema-graph\">{\"@context\":\"https:\/\/schema.org\",\"@graph\":[{\"@type\":\"Article\",\"@id\":\"https:\/\/rioonwatch.org.br\/?p=70667#article\",\"isPartOf\":{\"@id\":\"https:\/\/rioonwatch.org.br\/?p=70667\"},\"author\":{\"name\":\"Julio Santos Filho\",\"@id\":\"https:\/\/rioonwatch.org.br\/#\/schema\/person\/476bc75767957d3535b65b796667cd36\"},\"headline\":\"Neste Dia da Consci\u00eancia Negra, Assista: &#8216;A Vis\u00e3o de Deputadas Negras do Estado do Rio sobre Ra\u00e7a, G\u00eanero e Favela nos Parlamentos&#8217; [V\u00cdDEO]\",\"datePublished\":\"2023-11-20T08:00:10+00:00\",\"dateModified\":\"2023-11-21T23:28:59+00:00\",\"mainEntityOfPage\":{\"@id\":\"https:\/\/rioonwatch.org.br\/?p=70667\"},\"wordCount\":1220,\"publisher\":{\"@id\":\"https:\/\/rioonwatch.org.br\/#organization\"},\"image\":{\"@id\":\"https:\/\/rioonwatch.org.br\/?p=70667#primaryimage\"},\"thumbnailUrl\":\"https:\/\/rioonwatch.org.br\/wp-content\/uploads\/2023\/10\/Ex-Deputada-Estadual-Monica-Francisco-e-Deputada-Estadual-Dani-Monteiro.png\",\"keywords\":[\"#StopFavelaStigma\",\"Alerj\",\"Centro\",\"Complexo da Mar\u00e9\",\"cr\u00edtica \u00e0 pol\u00edtica\",\"Dani Balbi (PCdoB)\",\"Dani Monteiro (PSOL)\",\"Democracia\",\"Direito \u00e0 favela\",\"Engenho da Rainha\",\"feminismo\",\"g\u00eanero\",\"Legado de Marielle\",\"LGBTQIAPN+\",\"M\u00eas da Consci\u00eancia Negra\",\"negritude\",\"pol\u00edtica p\u00fablica\",\"Racismo estrutural\",\"Renata Souza\",\"representatividade\",\"S\u00e3o Carlos\",\"sexismo\",\"transg\u00eanero\",\"Zona Norte\"],\"articleSection\":[\"*Destaque\",\"Democracia\",\"Escrito por Comunicadores Populares\",\"Representatividade\",\"V\u00eddeo\"],\"inLanguage\":\"pt-BR\"},{\"@type\":\"WebPage\",\"@id\":\"https:\/\/rioonwatch.org.br\/?p=70667\",\"url\":\"https:\/\/rioonwatch.org.br\/?p=70667\",\"name\":\"Neste Dia da Consci\u00eancia Negra, Assista: 'A Vis\u00e3o de Deputadas Negras do Estado do Rio sobre Ra\u00e7a, G\u00eanero e Favela nos Parlamentos' [V\u00cdDEO] - RioOnWatch\",\"isPartOf\":{\"@id\":\"https:\/\/rioonwatch.org.br\/#website\"},\"primaryImageOfPage\":{\"@id\":\"https:\/\/rioonwatch.org.br\/?p=70667#primaryimage\"},\"image\":{\"@id\":\"https:\/\/rioonwatch.org.br\/?p=70667#primaryimage\"},\"thumbnailUrl\":\"https:\/\/rioonwatch.org.br\/wp-content\/uploads\/2023\/10\/Ex-Deputada-Estadual-Monica-Francisco-e-Deputada-Estadual-Dani-Monteiro.png\",\"datePublished\":\"2023-11-20T08:00:10+00:00\",\"dateModified\":\"2023-11-21T23:28:59+00:00\",\"breadcrumb\":{\"@id\":\"https:\/\/rioonwatch.org.br\/?p=70667#breadcrumb\"},\"inLanguage\":\"pt-BR\",\"potentialAction\":[{\"@type\":\"ReadAction\",\"target\":[\"https:\/\/rioonwatch.org.br\/?p=70667\"]}]},{\"@type\":\"ImageObject\",\"inLanguage\":\"pt-BR\",\"@id\":\"https:\/\/rioonwatch.org.br\/?p=70667#primaryimage\",\"url\":\"https:\/\/rioonwatch.org.br\/wp-content\/uploads\/2023\/10\/Ex-Deputada-Estadual-Monica-Francisco-e-Deputada-Estadual-Dani-Monteiro.png\",\"contentUrl\":\"https:\/\/rioonwatch.org.br\/wp-content\/uploads\/2023\/10\/Ex-Deputada-Estadual-Monica-Francisco-e-Deputada-Estadual-Dani-Monteiro.png\",\"width\":1366,\"height\":768,\"caption\":\"Ex-Deputada Estadual M\u00f4nica Francisco e Deputada Estadual Dani Monteiro\"},{\"@type\":\"BreadcrumbList\",\"@id\":\"https:\/\/rioonwatch.org.br\/?p=70667#breadcrumb\",\"itemListElement\":[{\"@type\":\"ListItem\",\"position\":1,\"name\":\"In\u00edcio\",\"item\":\"https:\/\/rioonwatch.org.br\/\"},{\"@type\":\"ListItem\",\"position\":2,\"name\":\"Neste Dia da Consci\u00eancia Negra, Assista: &#8216;A Vis\u00e3o de Deputadas Negras do Estado do Rio sobre Ra\u00e7a, G\u00eanero e Favela nos Parlamentos&#8217; [V\u00cdDEO]\"}]},{\"@type\":\"WebSite\",\"@id\":\"https:\/\/rioonwatch.org.br\/#website\",\"url\":\"https:\/\/rioonwatch.org.br\/\",\"name\":\"RioOnWatch\",\"description\":\"relatos das favelas cariocas\",\"publisher\":{\"@id\":\"https:\/\/rioonwatch.org.br\/#organization\"},\"potentialAction\":[{\"@type\":\"SearchAction\",\"target\":{\"@type\":\"EntryPoint\",\"urlTemplate\":\"https:\/\/rioonwatch.org.br\/?s={search_term_string}\"},\"query-input\":{\"@type\":\"PropertyValueSpecification\",\"valueRequired\":true,\"valueName\":\"search_term_string\"}}],\"inLanguage\":\"pt-BR\"},{\"@type\":\"Organization\",\"@id\":\"https:\/\/rioonwatch.org.br\/#organization\",\"name\":\"RioOnWatch\",\"url\":\"https:\/\/rioonwatch.org.br\/\",\"logo\":{\"@type\":\"ImageObject\",\"inLanguage\":\"pt-BR\",\"@id\":\"https:\/\/rioonwatch.org.br\/#\/schema\/logo\/image\/\",\"url\":\"https:\/\/rioonwatch.org.br\/wp-content\/uploads\/2021\/06\/RioOnWatchcabecalhoPT11anos-2.png\",\"contentUrl\":\"https:\/\/rioonwatch.org.br\/wp-content\/uploads\/2021\/06\/RioOnWatchcabecalhoPT11anos-2.png\",\"width\":779,\"height\":277,\"caption\":\"RioOnWatch\"},\"image\":{\"@id\":\"https:\/\/rioonwatch.org.br\/#\/schema\/logo\/image\/\"}},{\"@type\":\"Person\",\"@id\":\"https:\/\/rioonwatch.org.br\/#\/schema\/person\/476bc75767957d3535b65b796667cd36\",\"name\":\"Julio Santos Filho\",\"image\":{\"@type\":\"ImageObject\",\"inLanguage\":\"pt-BR\",\"@id\":\"https:\/\/rioonwatch.org.br\/#\/schema\/person\/image\/\",\"url\":\"https:\/\/secure.gravatar.com\/avatar\/ca138f7666182a292a8ce4ca14fb81f8?s=96&d=blank&r=g\",\"contentUrl\":\"https:\/\/secure.gravatar.com\/avatar\/ca138f7666182a292a8ce4ca14fb81f8?s=96&d=blank&r=g\",\"caption\":\"Julio Santos Filho\"},\"url\":\"https:\/\/rioonwatch.org.br\/?author=167\"}]}<\/script>\n<!-- \/ Yoast SEO plugin. -->","yoast_head_json":{"title":"Neste Dia da Consci\u00eancia Negra, Assista: 'A Vis\u00e3o de Deputadas Negras do Estado do Rio sobre Ra\u00e7a, G\u00eanero e Favela nos Parlamentos' [V\u00cdDEO] - RioOnWatch","robots":{"index":"index","follow":"follow","max-snippet":"max-snippet:-1","max-image-preview":"max-image-preview:large","max-video-preview":"max-video-preview:-1"},"canonical":"https:\/\/rioonwatch.org.br\/?p=70667","og_locale":"pt_BR","og_type":"article","og_title":"Neste Dia da Consci\u00eancia Negra, Assista: 'A Vis\u00e3o de Deputadas Negras do Estado do Rio sobre Ra\u00e7a, G\u00eanero e Favela nos Parlamentos' [V\u00cdDEO] - RioOnWatch","og_description":"\ufeff\ufeff\ufeff Click Here for English No Dia da Consci\u00eancia Negra, esta videorreportagem visa ser um documento hist\u00f3rico onde tr\u00eas mulheres negras em cargos de lideran\u00e7a\u00a0da Assembleia Legislativa do Estado do Rio de Janeiro (ALERJ), ponderam [...]","og_url":"https:\/\/rioonwatch.org.br\/?p=70667","og_site_name":"RioOnWatch","article_published_time":"2023-11-20T08:00:10+00:00","article_modified_time":"2023-11-21T23:28:59+00:00","og_image":[{"width":1366,"height":768,"url":"https:\/\/rioonwatch.org.br\/wp-content\/uploads\/2023\/10\/Ex-Deputada-Estadual-Monica-Francisco-e-Deputada-Estadual-Dani-Monteiro.png","type":"image\/png"}],"author":"Julio Santos Filho","twitter_card":"summary_large_image","twitter_misc":{"Escrito por":"Julio Santos Filho","Est. tempo de leitura":"7 minutos"},"schema":{"@context":"https:\/\/schema.org","@graph":[{"@type":"Article","@id":"https:\/\/rioonwatch.org.br\/?p=70667#article","isPartOf":{"@id":"https:\/\/rioonwatch.org.br\/?p=70667"},"author":{"name":"Julio Santos Filho","@id":"https:\/\/rioonwatch.org.br\/#\/schema\/person\/476bc75767957d3535b65b796667cd36"},"headline":"Neste Dia da Consci\u00eancia Negra, Assista: &#8216;A Vis\u00e3o de Deputadas Negras do Estado do Rio sobre Ra\u00e7a, G\u00eanero e Favela nos Parlamentos&#8217; [V\u00cdDEO]","datePublished":"2023-11-20T08:00:10+00:00","dateModified":"2023-11-21T23:28:59+00:00","mainEntityOfPage":{"@id":"https:\/\/rioonwatch.org.br\/?p=70667"},"wordCount":1220,"publisher":{"@id":"https:\/\/rioonwatch.org.br\/#organization"},"image":{"@id":"https:\/\/rioonwatch.org.br\/?p=70667#primaryimage"},"thumbnailUrl":"https:\/\/rioonwatch.org.br\/wp-content\/uploads\/2023\/10\/Ex-Deputada-Estadual-Monica-Francisco-e-Deputada-Estadual-Dani-Monteiro.png","keywords":["#StopFavelaStigma","Alerj","Centro","Complexo da Mar\u00e9","cr\u00edtica \u00e0 pol\u00edtica","Dani Balbi (PCdoB)","Dani Monteiro (PSOL)","Democracia","Direito \u00e0 favela","Engenho da Rainha","feminismo","g\u00eanero","Legado de Marielle","LGBTQIAPN+","M\u00eas da Consci\u00eancia Negra","negritude","pol\u00edtica p\u00fablica","Racismo estrutural","Renata Souza","representatividade","S\u00e3o Carlos","sexismo","transg\u00eanero","Zona Norte"],"articleSection":["*Destaque","Democracia","Escrito por Comunicadores Populares","Representatividade","V\u00eddeo"],"inLanguage":"pt-BR"},{"@type":"WebPage","@id":"https:\/\/rioonwatch.org.br\/?p=70667","url":"https:\/\/rioonwatch.org.br\/?p=70667","name":"Neste Dia da Consci\u00eancia Negra, Assista: 'A Vis\u00e3o de Deputadas Negras do Estado do Rio sobre Ra\u00e7a, G\u00eanero e Favela nos Parlamentos' [V\u00cdDEO] - RioOnWatch","isPartOf":{"@id":"https:\/\/rioonwatch.org.br\/#website"},"primaryImageOfPage":{"@id":"https:\/\/rioonwatch.org.br\/?p=70667#primaryimage"},"image":{"@id":"https:\/\/rioonwatch.org.br\/?p=70667#primaryimage"},"thumbnailUrl":"https:\/\/rioonwatch.org.br\/wp-content\/uploads\/2023\/10\/Ex-Deputada-Estadual-Monica-Francisco-e-Deputada-Estadual-Dani-Monteiro.png","datePublished":"2023-11-20T08:00:10+00:00","dateModified":"2023-11-21T23:28:59+00:00","breadcrumb":{"@id":"https:\/\/rioonwatch.org.br\/?p=70667#breadcrumb"},"inLanguage":"pt-BR","potentialAction":[{"@type":"ReadAction","target":["https:\/\/rioonwatch.org.br\/?p=70667"]}]},{"@type":"ImageObject","inLanguage":"pt-BR","@id":"https:\/\/rioonwatch.org.br\/?p=70667#primaryimage","url":"https:\/\/rioonwatch.org.br\/wp-content\/uploads\/2023\/10\/Ex-Deputada-Estadual-Monica-Francisco-e-Deputada-Estadual-Dani-Monteiro.png","contentUrl":"https:\/\/rioonwatch.org.br\/wp-content\/uploads\/2023\/10\/Ex-Deputada-Estadual-Monica-Francisco-e-Deputada-Estadual-Dani-Monteiro.png","width":1366,"height":768,"caption":"Ex-Deputada Estadual M\u00f4nica Francisco e Deputada Estadual Dani Monteiro"},{"@type":"BreadcrumbList","@id":"https:\/\/rioonwatch.org.br\/?p=70667#breadcrumb","itemListElement":[{"@type":"ListItem","position":1,"name":"In\u00edcio","item":"https:\/\/rioonwatch.org.br\/"},{"@type":"ListItem","position":2,"name":"Neste Dia da Consci\u00eancia Negra, Assista: &#8216;A Vis\u00e3o de Deputadas Negras do Estado do Rio sobre Ra\u00e7a, G\u00eanero e Favela nos Parlamentos&#8217; [V\u00cdDEO]"}]},{"@type":"WebSite","@id":"https:\/\/rioonwatch.org.br\/#website","url":"https:\/\/rioonwatch.org.br\/","name":"RioOnWatch","description":"relatos das favelas cariocas","publisher":{"@id":"https:\/\/rioonwatch.org.br\/#organization"},"potentialAction":[{"@type":"SearchAction","target":{"@type":"EntryPoint","urlTemplate":"https:\/\/rioonwatch.org.br\/?s={search_term_string}"},"query-input":{"@type":"PropertyValueSpecification","valueRequired":true,"valueName":"search_term_string"}}],"inLanguage":"pt-BR"},{"@type":"Organization","@id":"https:\/\/rioonwatch.org.br\/#organization","name":"RioOnWatch","url":"https:\/\/rioonwatch.org.br\/","logo":{"@type":"ImageObject","inLanguage":"pt-BR","@id":"https:\/\/rioonwatch.org.br\/#\/schema\/logo\/image\/","url":"https:\/\/rioonwatch.org.br\/wp-content\/uploads\/2021\/06\/RioOnWatchcabecalhoPT11anos-2.png","contentUrl":"https:\/\/rioonwatch.org.br\/wp-content\/uploads\/2021\/06\/RioOnWatchcabecalhoPT11anos-2.png","width":779,"height":277,"caption":"RioOnWatch"},"image":{"@id":"https:\/\/rioonwatch.org.br\/#\/schema\/logo\/image\/"}},{"@type":"Person","@id":"https:\/\/rioonwatch.org.br\/#\/schema\/person\/476bc75767957d3535b65b796667cd36","name":"Julio Santos Filho","image":{"@type":"ImageObject","inLanguage":"pt-BR","@id":"https:\/\/rioonwatch.org.br\/#\/schema\/person\/image\/","url":"https:\/\/secure.gravatar.com\/avatar\/ca138f7666182a292a8ce4ca14fb81f8?s=96&d=blank&r=g","contentUrl":"https:\/\/secure.gravatar.com\/avatar\/ca138f7666182a292a8ce4ca14fb81f8?s=96&d=blank&r=g","caption":"Julio Santos Filho"},"url":"https:\/\/rioonwatch.org.br\/?author=167"}]}},"_links":{"self":[{"href":"https:\/\/rioonwatch.org.br\/index.php?rest_route=\/wp\/v2\/posts\/70667"}],"collection":[{"href":"https:\/\/rioonwatch.org.br\/index.php?rest_route=\/wp\/v2\/posts"}],"about":[{"href":"https:\/\/rioonwatch.org.br\/index.php?rest_route=\/wp\/v2\/types\/post"}],"author":[{"embeddable":true,"href":"https:\/\/rioonwatch.org.br\/index.php?rest_route=\/wp\/v2\/users\/167"}],"replies":[{"embeddable":true,"href":"https:\/\/rioonwatch.org.br\/index.php?rest_route=%2Fwp%2Fv2%2Fcomments&post=70667"}],"version-history":[{"count":37,"href":"https:\/\/rioonwatch.org.br\/index.php?rest_route=\/wp\/v2\/posts\/70667\/revisions"}],"predecessor-version":[{"id":71246,"href":"https:\/\/rioonwatch.org.br\/index.php?rest_route=\/wp\/v2\/posts\/70667\/revisions\/71246"}],"wp:featuredmedia":[{"embeddable":true,"href":"https:\/\/rioonwatch.org.br\/index.php?rest_route=\/wp\/v2\/media\/70722"}],"wp:attachment":[{"href":"https:\/\/rioonwatch.org.br\/index.php?rest_route=%2Fwp%2Fv2%2Fmedia&parent=70667"}],"wp:term":[{"taxonomy":"category","embeddable":true,"href":"https:\/\/rioonwatch.org.br\/index.php?rest_route=%2Fwp%2Fv2%2Fcategories&post=70667"},{"taxonomy":"post_tag","embeddable":true,"href":"https:\/\/rioonwatch.org.br\/index.php?rest_route=%2Fwp%2Fv2%2Ftags&post=70667"},{"taxonomy":"writer","embeddable":true,"href":"https:\/\/rioonwatch.org.br\/index.php?rest_route=%2Fwp%2Fv2%2Fwriter&post=70667"},{"taxonomy":"translator","embeddable":true,"href":"https:\/\/rioonwatch.org.br\/index.php?rest_route=%2Fwp%2Fv2%2Ftranslator&post=70667"},{"taxonomy":"source","embeddable":true,"href":"https:\/\/rioonwatch.org.br\/index.php?rest_route=%2Fwp%2Fv2%2Fsource&post=70667"},{"taxonomy":"ilustrador","embeddable":true,"href":"https:\/\/rioonwatch.org.br\/index.php?rest_route=%2Fwp%2Fv2%2Filustrador&post=70667"},{"taxonomy":"fotografo","embeddable":true,"href":"https:\/\/rioonwatch.org.br\/index.php?rest_route=%2Fwp%2Fv2%2Ffotografo&post=70667"}],"curies":[{"name":"wp","href":"https:\/\/api.w.org\/{rel}","templated":true}]}}