{"id":71165,"date":"2023-11-26T11:29:31","date_gmt":"2023-11-26T14:29:31","guid":{"rendered":"https:\/\/rioonwatch.org.br\/?p=71165"},"modified":"2023-12-19T09:09:32","modified_gmt":"2023-12-19T12:09:32","slug":"sem-transparencia-mage-na-baixada-fluminense-corre-o-risco-de-receber-residuos-solidos-de-grandes-cidades-da-regiao-metropolitana","status":"publish","type":"post","link":"https:\/\/rioonwatch.org.br\/?p=71165","title":{"rendered":"Sem Transpar\u00eancia: Mag\u00e9, na Baixada Fluminense, Corre o Risco de Receber Res\u00edduos S\u00f3lidos de Grandes Cidades da Regi\u00e3o Metropolitana"},"content":{"rendered":"<figure id=\"attachment_71179\" aria-describedby=\"caption-attachment-71179\" style=\"width: 2560px\" class=\"wp-caption aligncenter\"><a href=\"https:\/\/rioonwatch.org.br\/wp-content\/uploads\/2023\/11\/Localidade-do-lixao-de-Bongaba-em-Mage-ao-fundo-e-possivel-ver-o-lixo-depositado-em-uma-montanha-sem-qualquer-tipo-de-preparo-do-solo.-Foto-Barbara-Dias-scaled.jpg\"><img fetchpriority=\"high\" decoding=\"async\" class=\"wp-image-71179 size-full\" title=\"Localidade do Lix\u00e3o de Bongaba em Mag\u00e9, ao fundo \u00e9 poss\u00edvel ver o lixo depositado em uma montanha, sem qualquer tipo de preparo do solo. Foto: B\u00e1rbara Dias\" src=\"https:\/\/rioonwatch.org.br\/wp-content\/uploads\/2023\/11\/Localidade-do-lixao-de-Bongaba-em-Mage-ao-fundo-e-possivel-ver-o-lixo-depositado-em-uma-montanha-sem-qualquer-tipo-de-preparo-do-solo.-Foto-Barbara-Dias-scaled.jpg\" alt=\"Localidade do Lix\u00e3o de Bongaba em Mag\u00e9, ao fundo \u00e9 poss\u00edvel ver o lixo depositado em uma montanha, sem qualquer tipo de preparo do solo. Foto: B\u00e1rbara Dias\" width=\"2560\" height=\"1709\" srcset=\"https:\/\/rioonwatch.org.br\/wp-content\/uploads\/2023\/11\/Localidade-do-lixao-de-Bongaba-em-Mage-ao-fundo-e-possivel-ver-o-lixo-depositado-em-uma-montanha-sem-qualquer-tipo-de-preparo-do-solo.-Foto-Barbara-Dias-scaled.jpg 2560w, https:\/\/rioonwatch.org.br\/wp-content\/uploads\/2023\/11\/Localidade-do-lixao-de-Bongaba-em-Mage-ao-fundo-e-possivel-ver-o-lixo-depositado-em-uma-montanha-sem-qualquer-tipo-de-preparo-do-solo.-Foto-Barbara-Dias-620x414.jpg 620w\" sizes=\"(max-width: 2560px) 100vw, 2560px\" \/><\/a><figcaption id=\"caption-attachment-71179\" class=\"wp-caption-text\">Localidade do Lix\u00e3o de Bongaba em Mag\u00e9. Ao fundo \u00e9 poss\u00edvel ver o lixo depositado em uma montanha, sem qualquer tipo de preparo do solo. Foto: B\u00e1rbara Dias<\/figcaption><\/figure>\n<h4 style=\"text-align: right;\"><a href=\"https:\/\/bit.ly\/48iwUT1\" target=\"_blank\" rel=\"noopener\"><em><strong>Click Here for English<img decoding=\"async\" class=\"alignright wp-image-15790\" src=\"https:\/\/rioonwatch.org.br\/wp-content\/uploads\/2012\/08\/EN-standard-e1439583104716.jpg\" alt=\"\" width=\"20\" height=\"20\" \/><\/strong><\/em><\/a><\/h4>\n<h3>Pol\u00edtica do Lixo: Lucro e Desastre Ambiental<\/h3>\n<p><span style=\"font-weight: 400;\">A quest\u00e3o do lixo em <a href=\"https:\/\/bit.ly\/3eYFbj9\" target=\"_blank\" rel=\"noopener\">Mag\u00e9<\/a>, cidade da <a href=\"https:\/\/bit.ly\/32JVvht\" target=\"_blank\" rel=\"noopener\">Baixada Fluminense<\/a>, vem preocupando moradores e ativistas socioambientais da cidade e n\u00e3o \u00e9 de hoje. Segundo o <\/span><a href=\"https:\/\/bit.ly\/3xlxbnE\" target=\"_blank\" rel=\"noopener\"><span style=\"font-weight: 400;\">F\u00f3rum Clim\u00e1tico de Mag\u00e9<\/span><\/a><span style=\"font-weight: 400;\">, o munic\u00edpio vem sofrendo uma s\u00e9rie de manobras pol\u00edticas, para que ele se torne o destino final dos res\u00edduos gerados por outras cidades da <a href=\"https:\/\/bit.ly\/304NeGi\" target=\"_blank\" rel=\"noopener\">\u00e1rea metropolitana<\/a> do Rio de Janeiro. Para al\u00e9m da localiza\u00e7\u00e3o do <a href=\"https:\/\/bit.ly\/46hppu3\" target=\"_blank\" rel=\"noopener\">Lix\u00e3o de Bongaba<\/a> ser inadequada, devido \u00e0 alta possibilidade de contamina\u00e7\u00e3o do solo e dos corpos h\u00eddricos da regi\u00e3o, inclusive da <a href=\"https:\/\/bit.ly\/46h2LSE\" target=\"_blank\" rel=\"noopener\">Ba\u00eda de Guanabara<\/a>, o territ\u00f3rio \u00e9 uma <a href=\"https:\/\/bit.ly\/3No9h3F\" target=\"_blank\" rel=\"noopener\">\u00e1rea quilombola<\/a>, ou seja, este <a href=\"https:\/\/bit.ly\/3QWDAz4\" target=\"_blank\" rel=\"noopener\">crime ambiental<\/a> ainda se caracterizaria como um caso de <a href=\"https:\/\/bit.ly\/2XvPcl5\" target=\"_blank\" rel=\"noopener\">racismo ambiental<\/a>.<\/span><\/p>\n<p><span style=\"font-weight: 400;\">Em nossa ida ao Lix\u00e3o de Bongaba, conversamos com tr\u00eas integrantes do F\u00f3rum Clim\u00e1tico de Mag\u00e9: Anderson Ribeiro, advogado, presidente da Comiss\u00e3o de Direitos Humanos da <a href=\"https:\/\/bit.ly\/47dHkTL\" target=\"_blank\" rel=\"noopener\">OAB Mag\u00e9-Guapimirim<\/a> e coordenador do <a href=\"https:\/\/bit.ly\/477k89P\" target=\"_blank\" rel=\"noopener\">Movimento de Educa\u00e7\u00e3o Popular +N\u00d3S<\/a>; William Jefferson, bi\u00f3logo, atuando em educa\u00e7\u00e3o popular, militante antirracista e socioambiental; e Lyvia Leite, cientista social, educadora popular no <a href=\"https:\/\/bit.ly\/3SRaCDu\" target=\"_blank\" rel=\"noopener\">Pr\u00e9-vestibular +N\u00d3S<\/a>, especialista em projetos sociais e pol\u00edticas p\u00fablicas, atuante em <a href=\"https:\/\/bit.ly\/2PfAWGK\" target=\"_blank\" rel=\"noopener\">agroecologia<\/a>, <a href=\"https:\/\/bit.ly\/3wCxt9e\" target=\"_blank\" rel=\"noopener\">seguran\u00e7a alimentar<\/a> e agricultura popular camponesa.\u00a0<\/span><\/p>\n<figure id=\"attachment_71181\" aria-describedby=\"caption-attachment-71181\" style=\"width: 2560px\" class=\"wp-caption aligncenter\"><a href=\"https:\/\/rioonwatch.org.br\/wp-content\/uploads\/2023\/11\/Lixao_BoNgaba_2023_11_09_BarbaraDias-2-1-scaled.jpg\"><img decoding=\"async\" class=\"wp-image-71181 size-full\" title=\"Detalhe da montanha de lixo em Bongaba. Foto: B\u00e1rbara Dias\" src=\"https:\/\/rioonwatch.org.br\/wp-content\/uploads\/2023\/11\/Lixao_BoNgaba_2023_11_09_BarbaraDias-2-1-scaled.jpg\" alt=\"Detalhe da montanha de lixo em Bongaba. Foto: B\u00e1rbara Dias\" width=\"2560\" height=\"1709\" srcset=\"https:\/\/rioonwatch.org.br\/wp-content\/uploads\/2023\/11\/Lixao_BoNgaba_2023_11_09_BarbaraDias-2-1-scaled.jpg 2560w, https:\/\/rioonwatch.org.br\/wp-content\/uploads\/2023\/11\/Lixao_BoNgaba_2023_11_09_BarbaraDias-2-1-620x414.jpg 620w\" sizes=\"(max-width: 2560px) 100vw, 2560px\" \/><\/a><figcaption id=\"caption-attachment-71181\" class=\"wp-caption-text\">Detalhe da montanha de lixo em Bongaba. Foto: B\u00e1rbara Dias<\/figcaption><\/figure>\n<p><span style=\"font-weight: 400;\">No ponto marcado para a entrevista, aguardei a chegada dos integrantes do F\u00f3rum Clim\u00e1tico de Mag\u00e9. O Lix\u00e3o de Bongaba recebe os descartes do munic\u00edpio e se localiza na regi\u00e3o que d\u00e1 acesso a <a href=\"https:\/\/bit.ly\/3ubb0SU\" target=\"_blank\" rel=\"noopener\">Piabet\u00e1<\/a>. Do local do ponto de encontro, era poss\u00edvel ver a montanha de lixo, sem qualquer tipo de preparo no solo, amontoada em uma \u00e1rea cercada por um muro baixo. O movimento de caminh\u00f5es era intenso, em um intervalo de mais ou menos uma hora e meia, foram avistados mais de 20 ve\u00edculos entrando e saindo da \u00e1rea do lix\u00e3o.\u00a0<\/span><\/p>\n<p><span style=\"font-weight: 400;\">Come\u00e7amos a entrevista e pedi para que fosse gravada. O clima era meio tenso, pois, <\/span><span style=\"font-weight: 400;\">em uma recente <a href=\"https:\/\/bit.ly\/3sx8XYT\" target=\"_blank\" rel=\"noopener\">reportagem<\/a><\/span>, o grupo do F\u00f3rum Clim\u00e1tico relatou que sofreu uma intimida\u00e7\u00e3o pol\u00edtica do gestor do lix\u00e3o e do pr\u00f3prio Secret\u00e1rio de Meio Ambiente de Mag\u00e9 <a href=\"https:\/\/bit.ly\/47PXHGi\" target=\"_blank\" rel=\"noopener\">Boneco Mania<\/a><span style=\"font-weight: 400;\">, que tentou impedir a entrevista. Nesta tentativa, ele anunciou aos rep\u00f3rteres presentes uma s\u00e9rie de informa\u00e7\u00f5es que estavam desatualizadas sobre o caso de Bongaba, inclusive, afirmando que Mag\u00e9 n\u00e3o receberia o lixo de outras cidades e que o lix\u00e3o seria fechado em dezembro de 2023. O objetivo dessa interrup\u00e7\u00e3o era tentar abafar a den\u00fancia que os moradores tentavam fazer naquele momento \u00e0 imprensa. Apesar do que prometeu Boneco Mania, at\u00e9 agora, n\u00e3o h\u00e1 nenhum sinal concreto de que a prefeitura planeja interromper as atividades do lix\u00e3o na pr\u00f3xima semana, quando come\u00e7a o m\u00eas de dezembro.<\/span><\/p>\n<p><span style=\"font-weight: 400;\">O mobilizador ambiental e advogado Anderson Ribeiro falou que, <a href=\"https:\/\/bit.ly\/46rMZEB\" target=\"_blank\" rel=\"noopener\">em 2021<\/a>, <\/span><span style=\"font-weight: 400;\">houve uma <a href=\"https:\/\/bit.ly\/3MI5xcL\" target=\"_blank\" rel=\"noopener\">modifica\u00e7\u00e3o na Lei Org\u00e2nica do Munic\u00edpio<\/a><\/span><span style=\"font-weight: 400;\"> para que a cidade pudesse receber res\u00edduos de outros munic\u00edpios. Esse fato foi amplamente repercutido na m\u00eddia na \u00e9poca. Ele afirma que o lix\u00e3o, em seu momento atual, n\u00e3o tem quaisquer condi\u00e7\u00f5es de receber o lixo de outras cidades. Nem mesmo de receber o pr\u00f3prio lixo produzido por Mag\u00e9.<\/span><\/p>\n<p>Anderson seguiu fazendo esse recorte hist\u00f3rico da quest\u00e3o do lixo na cidade. Ele afirmou que, depois de muita press\u00e3o e <a href=\"https:\/\/bit.ly\/3MYEg6a\" target=\"_blank\" rel=\"noopener\">reclama\u00e7\u00e3o dos moradores<\/a>, em 2013, o Lix\u00e3o de Bongaba <a href=\"https:\/\/bit.ly\/3SPIOPU\" target=\"_blank\" rel=\"noopener\">teve a possibilidade<\/a> de ser transformado em um grande <a href=\"https:\/\/bit.ly\/47Dox3Z\" target=\"_blank\" rel=\"noopener\">aterro sanit\u00e1rio<\/a>. Segundo o advogado, a gest\u00e3o da OAB de Mag\u00e9-Guapimirim na \u00e9poca moveu uma a\u00e7\u00e3o para que isso n\u00e3o acontecesse. E, respondendo \u00e0 essa a\u00e7\u00e3o, o Tribunal de Justi\u00e7a do Rio de Janeiro (<a href=\"https:\/\/bit.ly\/3Y1N3IN\" target=\"_blank\" rel=\"noopener\">TJRJ<\/a>) atendeu ao pedido da ordem e <a href=\"https:\/\/bit.ly\/3FWiewK\" target=\"_blank\" rel=\"noopener\">anulou<\/a> a licen\u00e7a ambiental para a constru\u00e7\u00e3o do aterro sanit\u00e1rio. Com isso, o lix\u00e3o n\u00e3o s\u00f3 continuou existindo, mas se expandiu.<\/p>\n<figure id=\"attachment_71182\" aria-describedby=\"caption-attachment-71182\" style=\"width: 2560px\" class=\"wp-caption aligncenter\"><a href=\"https:\/\/rioonwatch.org.br\/wp-content\/uploads\/2023\/11\/Na-entrada-do-Lixao-de-Bongaba-o-fluxo-de-caminhoes-levando-residuos-para-o-lixao-e-intenso.-Foto-Barbara-Dias-scaled.jpg\"><img loading=\"lazy\" decoding=\"async\" class=\"wp-image-71182 size-full\" title=\"Na entrada do Lix\u00e3o de Bongaba, o fluxo de caminh\u00f5es levando res\u00edduos para o lix\u00e3o \u00e9 intenso. Foto: B\u00e1rbara Dias\" src=\"https:\/\/rioonwatch.org.br\/wp-content\/uploads\/2023\/11\/Na-entrada-do-Lixao-de-Bongaba-o-fluxo-de-caminhoes-levando-residuos-para-o-lixao-e-intenso.-Foto-Barbara-Dias-scaled.jpg\" alt=\"Na entrada do Lix\u00e3o de Bongaba, o fluxo de caminh\u00f5es levando res\u00edduos para o lix\u00e3o \u00e9 intenso. Foto: B\u00e1rbara Dias\" width=\"2560\" height=\"1709\" srcset=\"https:\/\/rioonwatch.org.br\/wp-content\/uploads\/2023\/11\/Na-entrada-do-Lixao-de-Bongaba-o-fluxo-de-caminhoes-levando-residuos-para-o-lixao-e-intenso.-Foto-Barbara-Dias-scaled.jpg 2560w, https:\/\/rioonwatch.org.br\/wp-content\/uploads\/2023\/11\/Na-entrada-do-Lixao-de-Bongaba-o-fluxo-de-caminhoes-levando-residuos-para-o-lixao-e-intenso.-Foto-Barbara-Dias-620x414.jpg 620w\" sizes=\"(max-width: 2560px) 100vw, 2560px\" \/><\/a><figcaption id=\"caption-attachment-71182\" class=\"wp-caption-text\">Na entrada do Lix\u00e3o de Bongaba, o fluxo de caminh\u00f5es levando res\u00edduos para o lix\u00e3o \u00e9 intenso. Foto: B\u00e1rbara Dias<\/figcaption><\/figure>\n<h3>Em Mag\u00e9, Racismo Ambiental \u00e9 Lei e Pol\u00edtica P\u00fablica<\/h3>\n<p>Por\u00e9m, em 29 de setembro de 2023, a nova <a href=\"https:\/\/bit.ly\/3QvEYso\" target=\"_blank\" rel=\"noopener\">Lei Municipal de n\u00ba 2841\/2023<\/a>, de autoria do Prefeito <a href=\"https:\/\/bit.ly\/46m6lew\" target=\"_blank\" rel=\"noopener\">Renato Cozzolino<\/a>, autorizou Mag\u00e9 a fazer concess\u00e3o a outras cidades para o recebimento de lixo. Na lei aprovada pela C\u00e2mara Municipal, no entanto, n\u00e3o s\u00e3o especificados os munic\u00edpios dos quais o lixo viria.<\/p>\n<p>Coincidentemente, seis dias ap\u00f3s a promulga\u00e7\u00e3o da lei, foi organizada uma <a href=\"https:\/\/bit.ly\/3QYRUZl\" target=\"_blank\" rel=\"noopener\">audi\u00eancia p\u00fablica<\/a> com o objetivo de apresentar o Plano Metropolitano de Gest\u00e3o Integrada de Res\u00edduos S\u00f3lidos (<a href=\"https:\/\/bit.ly\/3FWkSCG\" target=\"_blank\" rel=\"noopener\">PMetGIRS<\/a>).\u00a0Esse plano tem por objetivo atender \u00e0s necessidades dos 22 munic\u00edpios da Regi\u00e3o Metropolitana do Rio em rela\u00e7\u00e3o \u00e0 gest\u00e3o dos res\u00edduos s\u00f3lidos. O evento foi realizado pelo <a href=\"https:\/\/bit.ly\/47cplxc\" target=\"_blank\" rel=\"noopener\">Instituto Rio Metr\u00f3pole<\/a>, \u00f3rg\u00e3o criado para ser representante do poder executivo do estado do Rio de Janeiro na Regi\u00e3o Metropolitana. Esse \u00f3rg\u00e3o pretende gerenciar a cria\u00e7\u00e3o de cons\u00f3rcios voltados para a gest\u00e3o de res\u00edduos s\u00f3lidos. Neste evento, <a href=\"https:\/\/bit.ly\/3uoWvLm\" target=\"_blank\" rel=\"noopener\">Mag\u00e9 foi indicada<\/a> para receber aproximadamente 2,5 toneladas de lixo por dia vindo de cidades como <a href=\"https:\/\/bit.ly\/2KMwrB3\" target=\"_blank\" rel=\"noopener\">Duque de Caxias<\/a>, <a href=\"https:\/\/bit.ly\/3SJP37L\" target=\"_blank\" rel=\"noopener\">Petr\u00f3polis<\/a> e <a href=\"https:\/\/bit.ly\/40EyAnm\" target=\"_blank\" rel=\"noopener\">Teres\u00f3polis<\/a>.<\/p>\n<blockquote><p>\u201cEsse lix\u00e3o [de Bongaba] est\u00e1 com uma previs\u00e3o de fechar em dezembro, o Instituto Estadual do Ambiente (<a href=\"https:\/\/bit.ly\/3QXcokX\" target=\"_blank\" rel=\"noopener\">INEA<\/a>) notificou, mas o INEA j\u00e1 fez isso v\u00e1rias vezes\u2026 O secret\u00e1rio de meio ambiente, no dia que veio aqui, disse que [ele] ia fechar em dezembro. Eu n\u00e3o estou vendo nenhuma movimenta\u00e7\u00e3o, porque se vai fechar, vai ter que levar o lixo para outro lugar. E, at\u00e9 agora, a gente n\u00e3o tem conhecimento de nenhum outro local&#8230; Ao que parece, esse estudo que est\u00e1 sendo feito pelo Instituto Rio Metr\u00f3pole, j\u00e1 \u00e9 para a instala\u00e7\u00e3o do novo lix\u00e3o. Se eles falam que, em dezembro, v\u00e3o fechar esse lix\u00e3o, ent\u00e3o, o lixo vai para onde?&#8230; Ao mesmo tempo em que foi votada a lei [em Mag\u00e9], a gente n\u00e3o acredita que seja uma coincid\u00eancia&#8230; [a gente acredita que \u00e9] uma articula\u00e7\u00e3o pol\u00edtica do munic\u00edpio com o estado para que o lixo venha pra c\u00e1.\u201d \u2014 Anderson Ribeiro<\/p><\/blockquote>\n<figure id=\"attachment_71201\" aria-describedby=\"caption-attachment-71201\" style=\"width: 2560px\" class=\"wp-caption aligncenter\"><a href=\"https:\/\/rioonwatch.org.br\/wp-content\/uploads\/2023\/11\/Buraco-com-agua-proximo-ao-lixao-num-provavel-indicio-de-que-a-regiao-e-bastante-rica-em-agua-e-lencois-freaticos-que-certamente-ja-encontram-se-contaminados-pelo-lixao-scaled.jpg\"><img loading=\"lazy\" decoding=\"async\" class=\"wp-image-71201 size-full\" title=\"Numa \u00e1rea bem pr\u00f3xima do lix\u00e3o, percebemos a exist\u00eancia de um buraco com \u00e1gua, num prov\u00e1vel ind\u00edcio de que a regi\u00e3o \u00e9 bastante rica em \u00e1gua e len\u00e7\u00f3is fre\u00e1ticos, que certamente j\u00e1 se encontram contaminados gra\u00e7as ao Lix\u00e3o de Bongaba. Foto: B\u00e1rbara Dias\" src=\"https:\/\/rioonwatch.org.br\/wp-content\/uploads\/2023\/11\/Buraco-com-agua-proximo-ao-lixao-num-provavel-indicio-de-que-a-regiao-e-bastante-rica-em-agua-e-lencois-freaticos-que-certamente-ja-encontram-se-contaminados-pelo-lixao-scaled.jpg\" alt=\"Numa \u00e1rea bem pr\u00f3xima do lix\u00e3o, percebemos a exist\u00eancia de um buraco com \u00e1gua, num prov\u00e1vel ind\u00edcio de que a regi\u00e3o \u00e9 bastante rica em \u00e1gua e len\u00e7\u00f3is fre\u00e1ticos, que certamente j\u00e1 se encontram contaminados gra\u00e7as ao Lix\u00e3o de Bongaba. Foto: B\u00e1rbara Dias\" width=\"2560\" height=\"1709\" srcset=\"https:\/\/rioonwatch.org.br\/wp-content\/uploads\/2023\/11\/Buraco-com-agua-proximo-ao-lixao-num-provavel-indicio-de-que-a-regiao-e-bastante-rica-em-agua-e-lencois-freaticos-que-certamente-ja-encontram-se-contaminados-pelo-lixao-scaled.jpg 2560w, https:\/\/rioonwatch.org.br\/wp-content\/uploads\/2023\/11\/Buraco-com-agua-proximo-ao-lixao-num-provavel-indicio-de-que-a-regiao-e-bastante-rica-em-agua-e-lencois-freaticos-que-certamente-ja-encontram-se-contaminados-pelo-lixao-620x414.jpg 620w\" sizes=\"(max-width: 2560px) 100vw, 2560px\" \/><\/a><figcaption id=\"caption-attachment-71201\" class=\"wp-caption-text\">Numa \u00e1rea bem pr\u00f3xima do lix\u00e3o, percebemos a exist\u00eancia de um buraco com \u00e1gua, num prov\u00e1vel ind\u00edcio de que a regi\u00e3o \u00e9 bastante rica em \u00e1gua e len\u00e7\u00f3is fre\u00e1ticos, que certamente j\u00e1 se encontram contaminados gra\u00e7as ao Lix\u00e3o de Bongaba. Foto: B\u00e1rbara Dias<\/figcaption><\/figure>\n<p>Perguntados se acreditam na possibilidade de instala\u00e7\u00e3o de um novo lix\u00e3o ou de um aterro sanit\u00e1rio em outro lugar de Mag\u00e9, eles disseram que n\u00e3o acreditam. Para eles, \u00e9 evidente que este lix\u00e3o n\u00e3o vai fechar. Contudo, v\u00e3o ainda mais longe ao afirmar que cr\u00eaem que o descarte irregular de lixo vai aumentar em Bongaba. Sobretudo devido \u00e0 facilidade log\u00edstica de acesso de caminh\u00f5es ao local e \u00e0 proximidade das cidades cujo destino do lixo ainda \u00e9 incerto.<\/p>\n<blockquote><p>\u201cA gente acredita que vai ser aqui mesmo: primeiro que ningu\u00e9m fala do outro lugar&#8230; e para esse outro lugar [ser escolhido], a gente pensa at\u00e9 no n\u00edvel log\u00edstico&#8230; o lix\u00e3o ser aqui \u00e9 conveniente por ser no meio da pista, ter acesso pr\u00f3ximo que liga essas cidades envolvidas no processo: Caxias est\u00e1 aqui do lado, Teres\u00f3polis logo ali, a gente est\u00e1 no meio do caminho&#8230; ent\u00e3o, logisticamente, \u00e9 estrat\u00e9gico botar [o lixo] aqui&#8230; E eu lembro que, na \u00e9poca em que quando rolou essa contesta\u00e7\u00e3o, em 2021, falaram que o lix\u00e3o n\u00e3o ia ser aqui. E a\u00ed ficou essa briga de onde seria. E ningu\u00e9m achou um local ideal&#8230; Eu acredito que a ideia \u00e9 manter isso aqui e transformar em aterro [sanit\u00e1rio] se conseguirem&#8230; Apesar de aqui ser um territ\u00f3rio quilombola, essa parte aqui [do lix\u00e3o] \u00e9 muito pouco povoada. A parte povoada \u00e9 mais do outro lado [da pista]&#8230; Aqui tem muitas conveni\u00eancias [para governos e empresas que usam o lix\u00e3o], ent\u00e3o, isso aqui vai se manter do jeito que est\u00e1.\u201d \u2014 William Jefferson<\/p><\/blockquote>\n<p>Al\u00e9m disso, de fato, a \u00e1rea onde se localiza o lix\u00e3o, \u00e9 bem pr\u00f3xima ao <a href=\"https:\/\/bit.ly\/3MX7odT\" target=\"_blank\" rel=\"noopener\">Quilombo de Bongaba<\/a>, ou seja, dada a proximidade desta \u00e1rea quilombola, n\u00e3o d\u00e1 para desvincular a escolha do territ\u00f3rio onde o lix\u00e3o est\u00e1 localizado da quest\u00e3o do racismo ambiental.<\/p>\n<blockquote><p><span style=\"font-weight: 400;\">\u201cA gente estava fazendo uma forma\u00e7\u00e3o de lideran\u00e7as pelo clima contra o racismo ambiental uma semana antes dessa not\u00edcia do Instituto Rio Metr\u00f3pole eclodir&#8230; Essa forma\u00e7\u00e3o aconteceu no Quilombo de Bongaba e seu objetivo era mapear os locais de injusti\u00e7a ambiental, que sofrem com o racismo ambiental, no curto trajeto entre o quilombo e o lix\u00e3o. <\/span><\/p>\n<p><span style=\"font-weight: 400;\">Eu acho que o trabalho do F\u00f3rum \u00e9 ir nesse sentido de sensibilizar as pessoas que realmente querem atuar no territ\u00f3rio para cobrarem [solu\u00e7\u00f5es] para essas quest\u00f5es [socioambientais]. Por isso, eu acho que a gente conseguiu, de certa forma, articular bem essa mobiliza\u00e7\u00e3o contra o lix\u00e3o. Uma semana antes a gente estava aqui com 15 lideran\u00e7as [j\u00e1 pensando sobre esse problema].\u201d \u2014 Lyvia Leite<\/span><\/p><\/blockquote>\n<figure id=\"attachment_71187\" aria-describedby=\"caption-attachment-71187\" style=\"width: 2560px\" class=\"wp-caption aligncenter\"><a href=\"https:\/\/rioonwatch.org.br\/wp-content\/uploads\/2023\/11\/Placa-de-sinalizacao-da-area-do-Quilombo-de-Bongaba.-Foto-Barbara-Dias-scaled.jpg\"><img loading=\"lazy\" decoding=\"async\" class=\"wp-image-71187 size-full\" title=\"Placa de sinaliza\u00e7\u00e3o da \u00e1rea do Quilombo de Bongaba. Foto: B\u00e1rbara Dias\" src=\"https:\/\/rioonwatch.org.br\/wp-content\/uploads\/2023\/11\/Placa-de-sinalizacao-da-area-do-Quilombo-de-Bongaba.-Foto-Barbara-Dias-scaled.jpg\" alt=\"Placa de sinaliza\u00e7\u00e3o da \u00e1rea do Quilombo de Bongaba. Foto: B\u00e1rbara Dias\" width=\"2560\" height=\"1709\" srcset=\"https:\/\/rioonwatch.org.br\/wp-content\/uploads\/2023\/11\/Placa-de-sinalizacao-da-area-do-Quilombo-de-Bongaba.-Foto-Barbara-Dias-scaled.jpg 2560w, https:\/\/rioonwatch.org.br\/wp-content\/uploads\/2023\/11\/Placa-de-sinalizacao-da-area-do-Quilombo-de-Bongaba.-Foto-Barbara-Dias-620x414.jpg 620w\" sizes=\"(max-width: 2560px) 100vw, 2560px\" \/><\/a><figcaption id=\"caption-attachment-71187\" class=\"wp-caption-text\">Placa de sinaliza\u00e7\u00e3o da \u00e1rea do Quilombo de Bongaba. Foto: B\u00e1rbara Dias<\/figcaption><\/figure>\n<p>Al\u00e9m disso, integrantes do F\u00f3rum destacam que, desde a assinatura da lei, est\u00e1 ainda mais dif\u00edcil acompanhar esse processo. Essa implanta\u00e7\u00e3o causar\u00e1 grande impacto na comunidade e, portanto, as informa\u00e7\u00f5es deveriam ser p\u00fablicas e de f\u00e1cil acesso, <a href=\"https:\/\/bit.ly\/3QN9b6o\" target=\"_blank\" rel=\"noopener\">como manda a lei<\/a>. No entanto, tudo tem sido feito de uma maneira pouco transparente pelo poder p\u00fablico. Essa falta de transpar\u00eancia impossibilita o planejamento dos pr\u00f3ximos passos a serem dados pelos movimentos sociais interessados em conter esse desastre socioambiental e racial em Mag\u00e9.<\/p>\n<h3><b>Impactos Socioambientais da Expans\u00e3o do Lix\u00e3o de Bongaba<\/b><\/h3>\n<p>Nas redes sociais do F\u00f3rum Clim\u00e1tico de Mag\u00e9, h\u00e1 uma s\u00e9rie de <a href=\"https:\/\/bit.ly\/47zDOTp\" target=\"_blank\" rel=\"noopener\">posts<\/a> que listam os principais problemas que poder\u00e3o se agravar, caso a cidade vire destino do lixo de v\u00e1rios munic\u00edpios da Regi\u00e3o Metropolitana. O primeiro deles \u00e9 que poderia haver uma sobrecarga de res\u00edduos, que poderia resultar na dificuldade da coleta local em descartar o lixo produzido pela pr\u00f3pria cidade. Isso causaria ac\u00famulo de lixo nas ruas de Mag\u00e9, como j\u00e1 ocorreu <a href=\"https:\/\/bit.ly\/3GfAsJL\" target=\"_blank\" rel=\"noopener\">em outros momentos<\/a>, tornando os ambientes da cidade insalubres.<\/p>\n<p>Com o aumento do descarte de lixo no munic\u00edpio de Mag\u00e9, o F\u00f3rum teme que a popula\u00e7\u00e3o, principalmente aquela que vive nas proximidades do lix\u00e3o, possa ser acometida por um aumento no n\u00famero de doen\u00e7as, como: infec\u00e7\u00f5es respirat\u00f3rias, doen\u00e7as de pele, infec\u00e7\u00f5es alimentares, dengue, Zika e leptospirose. Outra preocupa\u00e7\u00e3o \u00e9 com doen\u00e7as de veicula\u00e7\u00e3o h\u00eddrica, adquiridas pelo uso da \u00e1gua contaminada. Al\u00e9m, \u00e9 claro, do aumento de doen\u00e7as causadas pelo contato direto com o lixo, prevalentes em crian\u00e7as, trabalhadores precarizados e catadores de recicl\u00e1veis no Lix\u00e3o de Bongaba.<\/p>\n<p>A polui\u00e7\u00e3o h\u00eddrica \u00e9 uma realidade perversa desse cen\u00e1rio, uma vez que o Lix\u00e3o de Bongaba \u00e9 cercado por rios e outros corpos h\u00eddricos. Toda essa \u00e1gua polu\u00edda pelo lixo e chorume que vem dos rios des\u00e1gua na Ba\u00eda de Guanabara, al\u00e9m de contaminar os len\u00e7\u00f3is fre\u00e1ticos da regi\u00e3o. O risco para a biodiversidade \u00e9 grave e pode levar ao decl\u00ednio de esp\u00e9cies.<\/p>\n<p>Dessa maneira, o F\u00f3rum Clim\u00e1tico de Mag\u00e9 alerta que o aumento do despejo de lixo e de res\u00edduos t\u00f3xicos na cidade vai afetar a qualidade de vida no local e na regi\u00e3o metropolitana como um todo. Afetar\u00e1 a qualidade da \u00e1gua, do ar, da sa\u00fade e da vida da popula\u00e7\u00e3o, a fauna e a flora locais e da Ba\u00eda de Guanabara. Haver\u00e1 o aumento de \u00e1reas polu\u00eddas e infestadas por vetores, do mau cheiro e da circula\u00e7\u00e3o de caminh\u00f5es, o que tamb\u00e9m ajuda a poluir o ar e a degradar as ruas, al\u00e9m de perturbar a paz de uma regi\u00e3o majoritariamente rural. Estar em uma \u00e1rea quilombola \u00e0s margens da Ba\u00eda de Guanabara s\u00f3 piora tudo e evidencia o racismo ambiental deste empreendimento criminoso. <em>RioOnWatch<\/em> seguir\u00e1 acompanhando os desdobramentos desta situa\u00e7\u00e3o, cujo impacto socioambiental \u00e9 enorme para todo o Rio de Janeiro.<\/p>\n<p><em>Sobre a autora e fot\u00f3grafa:\u00a0<a href=\"https:\/\/bit.ly\/3Gc3OJU\" target=\"_blank\" rel=\"noopener\">B\u00e1rbara Dias<\/a>, cria de Bangu, possui licenciatura em Ci\u00eancias Biol\u00f3gicas, mestrado em Educa\u00e7\u00e3o Ambiental e atua como professora da rede p\u00fablica desde 2006. \u00c9 fotojornalista e trabalha tamb\u00e9m com fotografia documental. \u00c9 comunicadora popular formada pelo N\u00facleo Piratininga de Comunica\u00e7\u00e3o (<a href=\"https:\/\/bit.ly\/3i2GcdN\" target=\"_blank\" rel=\"noopener\">NPC<\/a>) e co-fundadora do\u00a0<a href=\"https:\/\/bit.ly\/3vfY8bj\" target=\"_blank\" rel=\"noopener\">Coletivo Fotoguerrilha<\/a>.<\/em><\/p>\n<hr \/>\n<h4><b data-stringify-type=\"bold\">Apoie nossos esfor\u00e7os para fornecer apoio estrat\u00e9gico \u00e0s favelas do Rio, incluindo o jornalismo hiperlocal, cr\u00edtico, inovador e incans\u00e1vel do\u00a0<\/b><b data-stringify-type=\"bold\"><i data-stringify-type=\"italic\">RioOnWatch<\/i><\/b>\u2014<a class=\"c-link\" href=\"http:\/\/www.bit.ly\/ApoieROW\" target=\"_blank\" rel=\"noopener noreferrer\" data-stringify-link=\"http:\/\/www.bit.ly\/ApoieROW\" data-sk=\"tooltip_parent\">doe aqui<\/a>.<\/h4>\n<!-- AddThis Advanced Settings generic via filter on the_content --><!-- AddThis Share Buttons generic via filter on the_content -->","protected":false},"excerpt":{"rendered":"<div class=\"mh-excerpt\"><p>Click Here for English Pol\u00edtica do Lixo: Lucro e Desastre Ambiental A quest\u00e3o do lixo em Mag\u00e9, cidade da Baixada Fluminense, vem preocupando moradores e ativistas socioambientais da cidade e n\u00e3o \u00e9 de hoje. Segundo <a class=\"mh-excerpt-more\" href=\"https:\/\/rioonwatch.org.br\/?p=71165\" title=\"Sem Transpar\u00eancia: Mag\u00e9, na Baixada Fluminense, Corre o Risco de Receber Res\u00edduos S\u00f3lidos de Grandes Cidades da Regi\u00e3o Metropolitana\">[&#8230;]<\/a><!-- AddThis Advanced Settings generic via filter on get_the_excerpt --><!-- AddThis Share Buttons generic via filter on get_the_excerpt --><\/p>\n<\/div>","protected":false},"author":179,"featured_media":71179,"comment_status":"closed","ping_status":"closed","sticky":false,"template":"template-full.php","format":"standard","meta":{"_acf_changed":false,"_monsterinsights_skip_tracking":false,"_monsterinsights_sitenote_active":false,"_monsterinsights_sitenote_note":"","_monsterinsights_sitenote_category":0,"footnotes":""},"categories":[1621,346,1625,1633,3170],"tags":[510,2551,804,959,103,2553,862,1091,638,1372,3112,2465,360,1179,106,2151,2981,3395,567,3394,2139,361,294,1835],"writer":[3244],"translator":[],"source":[],"ilustrador":[],"fotografo":[3184],"class_list":{"0":"post-71165","1":"post","2":"type-post","3":"status-publish","4":"format-standard","5":"has-post-thumbnail","7":"category-destaque","8":"category-denuncias","9":"category-por-correspondentes-comunitarios","10":"category-foto-reportagens","11":"category-justica-climatica","12":"tag-agua","13":"tag-aterro-sanitario","14":"tag-baia-da-guanabara","15":"tag-baixada-fluminense","16":"tag-catadores","17":"tag-coleta-de-lixo","18":"tag-dengue","19":"tag-duque-de-caxias","20":"tag-governo-do-estado","21":"tag-grande-rio","22":"tag-justica-climatica","23":"tag-lixao","24":"tag-lixo","25":"tag-mage","26":"tag-meio-ambiente","27":"tag-oab","28":"tag-petropolis","29":"tag-piabeta","30":"tag-quilombo","31":"tag-quilombo-de-bongaba","32":"tag-justica-ambiental","33":"tag-reciclagem","34":"tag-saude","35":"tag-zika","36":"writer-barbara-dias","37":"fotografo-barbara-dias"},"acf":[],"yoast_head":"<!-- This site is optimized with the Yoast SEO plugin v25.6 - https:\/\/yoast.com\/wordpress\/plugins\/seo\/ -->\n<title>Sem Transpar\u00eancia: Mag\u00e9, na Baixada Fluminense, Corre o Risco de Receber Res\u00edduos S\u00f3lidos de Grandes Cidades da Regi\u00e3o Metropolitana - RioOnWatch<\/title>\n<meta name=\"robots\" content=\"index, follow, max-snippet:-1, max-image-preview:large, max-video-preview:-1\" \/>\n<link rel=\"canonical\" href=\"https:\/\/rioonwatch.org.br\/?p=71165\" \/>\n<meta property=\"og:locale\" content=\"pt_BR\" \/>\n<meta property=\"og:type\" content=\"article\" \/>\n<meta property=\"og:title\" content=\"Sem Transpar\u00eancia: Mag\u00e9, na Baixada Fluminense, Corre o Risco de Receber Res\u00edduos S\u00f3lidos de Grandes Cidades da Regi\u00e3o Metropolitana - RioOnWatch\" \/>\n<meta property=\"og:description\" content=\"Click Here for English Pol\u00edtica do Lixo: Lucro e Desastre Ambiental A quest\u00e3o do lixo em Mag\u00e9, cidade da Baixada Fluminense, vem preocupando moradores e ativistas socioambientais da cidade e n\u00e3o \u00e9 de hoje. Segundo [...]\" \/>\n<meta property=\"og:url\" content=\"https:\/\/rioonwatch.org.br\/?p=71165\" \/>\n<meta property=\"og:site_name\" content=\"RioOnWatch\" \/>\n<meta property=\"article:published_time\" content=\"2023-11-26T14:29:31+00:00\" \/>\n<meta property=\"article:modified_time\" content=\"2023-12-19T12:09:32+00:00\" \/>\n<meta property=\"og:image\" content=\"https:\/\/rioonwatch.org.br\/wp-content\/uploads\/2023\/11\/Localidade-do-lixao-de-Bongaba-em-Mage-ao-fundo-e-possivel-ver-o-lixo-depositado-em-uma-montanha-sem-qualquer-tipo-de-preparo-do-solo.-Foto-Barbara-Dias-scaled.jpg\" \/>\n\t<meta property=\"og:image:width\" content=\"2560\" \/>\n\t<meta property=\"og:image:height\" content=\"1709\" \/>\n\t<meta property=\"og:image:type\" content=\"image\/jpeg\" \/>\n<meta name=\"author\" content=\"Janaina Tavares\" \/>\n<meta name=\"twitter:card\" content=\"summary_large_image\" \/>\n<meta name=\"twitter:label1\" content=\"Escrito por\" \/>\n\t<meta name=\"twitter:data1\" content=\"Janaina Tavares\" \/>\n\t<meta name=\"twitter:label2\" content=\"Est. tempo de leitura\" \/>\n\t<meta name=\"twitter:data2\" content=\"13 minutos\" \/>\n<script type=\"application\/ld+json\" class=\"yoast-schema-graph\">{\"@context\":\"https:\/\/schema.org\",\"@graph\":[{\"@type\":\"Article\",\"@id\":\"https:\/\/rioonwatch.org.br\/?p=71165#article\",\"isPartOf\":{\"@id\":\"https:\/\/rioonwatch.org.br\/?p=71165\"},\"author\":{\"name\":\"Janaina Tavares\",\"@id\":\"https:\/\/rioonwatch.org.br\/#\/schema\/person\/feb227e5e7679aacc3d672e375cae1bd\"},\"headline\":\"Sem Transpar\u00eancia: Mag\u00e9, na Baixada Fluminense, Corre o Risco de Receber Res\u00edduos S\u00f3lidos de Grandes Cidades da Regi\u00e3o Metropolitana\",\"datePublished\":\"2023-11-26T14:29:31+00:00\",\"dateModified\":\"2023-12-19T12:09:32+00:00\",\"mainEntityOfPage\":{\"@id\":\"https:\/\/rioonwatch.org.br\/?p=71165\"},\"wordCount\":2298,\"publisher\":{\"@id\":\"https:\/\/rioonwatch.org.br\/#organization\"},\"image\":{\"@id\":\"https:\/\/rioonwatch.org.br\/?p=71165#primaryimage\"},\"thumbnailUrl\":\"https:\/\/rioonwatch.org.br\/wp-content\/uploads\/2023\/11\/Localidade-do-lixao-de-Bongaba-em-Mage-ao-fundo-e-possivel-ver-o-lixo-depositado-em-uma-montanha-sem-qualquer-tipo-de-preparo-do-solo.-Foto-Barbara-Dias-scaled.jpg\",\"keywords\":[\"\u00e1gua\",\"aterro sanit\u00e1rio\",\"Ba\u00eda da Guanabara\",\"Baixada Fluminense\",\"catadores\",\"coleta de lixo\",\"dengue\",\"Duque de Caxias\",\"Governo do Estado\",\"Grande Rio\",\"Justi\u00e7a Clim\u00e1tica\",\"Lix\u00e3o\",\"lixo\",\"Mag\u00e9\",\"meio ambiente\",\"OAB\",\"Petr\u00f3polis\",\"Piabet\u00e1\",\"Quilombo\",\"Quilombo de Bongaba\",\"Racismo ambiental\",\"reciclagem\",\"sa\u00fade\",\"Zika\"],\"articleSection\":[\"*Destaque\",\"Den\u00fancias\",\"Escrito por Comunicadores Populares\",\"Fotorreportagens\",\"Justi\u00e7a Clim\u00e1tica\"],\"inLanguage\":\"pt-BR\"},{\"@type\":\"WebPage\",\"@id\":\"https:\/\/rioonwatch.org.br\/?p=71165\",\"url\":\"https:\/\/rioonwatch.org.br\/?p=71165\",\"name\":\"Sem Transpar\u00eancia: Mag\u00e9, na Baixada Fluminense, Corre o Risco de Receber Res\u00edduos S\u00f3lidos de Grandes Cidades da Regi\u00e3o Metropolitana - RioOnWatch\",\"isPartOf\":{\"@id\":\"https:\/\/rioonwatch.org.br\/#website\"},\"primaryImageOfPage\":{\"@id\":\"https:\/\/rioonwatch.org.br\/?p=71165#primaryimage\"},\"image\":{\"@id\":\"https:\/\/rioonwatch.org.br\/?p=71165#primaryimage\"},\"thumbnailUrl\":\"https:\/\/rioonwatch.org.br\/wp-content\/uploads\/2023\/11\/Localidade-do-lixao-de-Bongaba-em-Mage-ao-fundo-e-possivel-ver-o-lixo-depositado-em-uma-montanha-sem-qualquer-tipo-de-preparo-do-solo.-Foto-Barbara-Dias-scaled.jpg\",\"datePublished\":\"2023-11-26T14:29:31+00:00\",\"dateModified\":\"2023-12-19T12:09:32+00:00\",\"breadcrumb\":{\"@id\":\"https:\/\/rioonwatch.org.br\/?p=71165#breadcrumb\"},\"inLanguage\":\"pt-BR\",\"potentialAction\":[{\"@type\":\"ReadAction\",\"target\":[\"https:\/\/rioonwatch.org.br\/?p=71165\"]}]},{\"@type\":\"ImageObject\",\"inLanguage\":\"pt-BR\",\"@id\":\"https:\/\/rioonwatch.org.br\/?p=71165#primaryimage\",\"url\":\"https:\/\/rioonwatch.org.br\/wp-content\/uploads\/2023\/11\/Localidade-do-lixao-de-Bongaba-em-Mage-ao-fundo-e-possivel-ver-o-lixo-depositado-em-uma-montanha-sem-qualquer-tipo-de-preparo-do-solo.-Foto-Barbara-Dias-scaled.jpg\",\"contentUrl\":\"https:\/\/rioonwatch.org.br\/wp-content\/uploads\/2023\/11\/Localidade-do-lixao-de-Bongaba-em-Mage-ao-fundo-e-possivel-ver-o-lixo-depositado-em-uma-montanha-sem-qualquer-tipo-de-preparo-do-solo.-Foto-Barbara-Dias-scaled.jpg\",\"width\":2560,\"height\":1709},{\"@type\":\"BreadcrumbList\",\"@id\":\"https:\/\/rioonwatch.org.br\/?p=71165#breadcrumb\",\"itemListElement\":[{\"@type\":\"ListItem\",\"position\":1,\"name\":\"In\u00edcio\",\"item\":\"https:\/\/rioonwatch.org.br\/\"},{\"@type\":\"ListItem\",\"position\":2,\"name\":\"Sem Transpar\u00eancia: Mag\u00e9, na Baixada Fluminense, Corre o Risco de Receber Res\u00edduos S\u00f3lidos de Grandes Cidades da Regi\u00e3o Metropolitana\"}]},{\"@type\":\"WebSite\",\"@id\":\"https:\/\/rioonwatch.org.br\/#website\",\"url\":\"https:\/\/rioonwatch.org.br\/\",\"name\":\"RioOnWatch\",\"description\":\"relatos das favelas cariocas\",\"publisher\":{\"@id\":\"https:\/\/rioonwatch.org.br\/#organization\"},\"potentialAction\":[{\"@type\":\"SearchAction\",\"target\":{\"@type\":\"EntryPoint\",\"urlTemplate\":\"https:\/\/rioonwatch.org.br\/?s={search_term_string}\"},\"query-input\":{\"@type\":\"PropertyValueSpecification\",\"valueRequired\":true,\"valueName\":\"search_term_string\"}}],\"inLanguage\":\"pt-BR\"},{\"@type\":\"Organization\",\"@id\":\"https:\/\/rioonwatch.org.br\/#organization\",\"name\":\"RioOnWatch\",\"url\":\"https:\/\/rioonwatch.org.br\/\",\"logo\":{\"@type\":\"ImageObject\",\"inLanguage\":\"pt-BR\",\"@id\":\"https:\/\/rioonwatch.org.br\/#\/schema\/logo\/image\/\",\"url\":\"https:\/\/rioonwatch.org.br\/wp-content\/uploads\/2021\/06\/RioOnWatchcabecalhoPT11anos-2.png\",\"contentUrl\":\"https:\/\/rioonwatch.org.br\/wp-content\/uploads\/2021\/06\/RioOnWatchcabecalhoPT11anos-2.png\",\"width\":779,\"height\":277,\"caption\":\"RioOnWatch\"},\"image\":{\"@id\":\"https:\/\/rioonwatch.org.br\/#\/schema\/logo\/image\/\"}},{\"@type\":\"Person\",\"@id\":\"https:\/\/rioonwatch.org.br\/#\/schema\/person\/feb227e5e7679aacc3d672e375cae1bd\",\"name\":\"Janaina Tavares\",\"image\":{\"@type\":\"ImageObject\",\"inLanguage\":\"pt-BR\",\"@id\":\"https:\/\/rioonwatch.org.br\/#\/schema\/person\/image\/\",\"url\":\"https:\/\/secure.gravatar.com\/avatar\/83bb5bb4f8b0c5ad63f35939640eaaa2?s=96&d=blank&r=g\",\"contentUrl\":\"https:\/\/secure.gravatar.com\/avatar\/83bb5bb4f8b0c5ad63f35939640eaaa2?s=96&d=blank&r=g\",\"caption\":\"Janaina Tavares\"},\"url\":\"https:\/\/rioonwatch.org.br\/?author=179\"}]}<\/script>\n<!-- \/ Yoast SEO plugin. -->","yoast_head_json":{"title":"Sem Transpar\u00eancia: Mag\u00e9, na Baixada Fluminense, Corre o Risco de Receber Res\u00edduos S\u00f3lidos de Grandes Cidades da Regi\u00e3o Metropolitana - RioOnWatch","robots":{"index":"index","follow":"follow","max-snippet":"max-snippet:-1","max-image-preview":"max-image-preview:large","max-video-preview":"max-video-preview:-1"},"canonical":"https:\/\/rioonwatch.org.br\/?p=71165","og_locale":"pt_BR","og_type":"article","og_title":"Sem Transpar\u00eancia: Mag\u00e9, na Baixada Fluminense, Corre o Risco de Receber Res\u00edduos S\u00f3lidos de Grandes Cidades da Regi\u00e3o Metropolitana - RioOnWatch","og_description":"Click Here for English Pol\u00edtica do Lixo: Lucro e Desastre Ambiental A quest\u00e3o do lixo em Mag\u00e9, cidade da Baixada Fluminense, vem preocupando moradores e ativistas socioambientais da cidade e n\u00e3o \u00e9 de hoje. Segundo [...]","og_url":"https:\/\/rioonwatch.org.br\/?p=71165","og_site_name":"RioOnWatch","article_published_time":"2023-11-26T14:29:31+00:00","article_modified_time":"2023-12-19T12:09:32+00:00","og_image":[{"width":2560,"height":1709,"url":"https:\/\/rioonwatch.org.br\/wp-content\/uploads\/2023\/11\/Localidade-do-lixao-de-Bongaba-em-Mage-ao-fundo-e-possivel-ver-o-lixo-depositado-em-uma-montanha-sem-qualquer-tipo-de-preparo-do-solo.-Foto-Barbara-Dias-scaled.jpg","type":"image\/jpeg"}],"author":"Janaina Tavares","twitter_card":"summary_large_image","twitter_misc":{"Escrito por":"Janaina Tavares","Est. tempo de leitura":"13 minutos"},"schema":{"@context":"https:\/\/schema.org","@graph":[{"@type":"Article","@id":"https:\/\/rioonwatch.org.br\/?p=71165#article","isPartOf":{"@id":"https:\/\/rioonwatch.org.br\/?p=71165"},"author":{"name":"Janaina Tavares","@id":"https:\/\/rioonwatch.org.br\/#\/schema\/person\/feb227e5e7679aacc3d672e375cae1bd"},"headline":"Sem Transpar\u00eancia: Mag\u00e9, na Baixada Fluminense, Corre o Risco de Receber Res\u00edduos S\u00f3lidos de Grandes Cidades da Regi\u00e3o Metropolitana","datePublished":"2023-11-26T14:29:31+00:00","dateModified":"2023-12-19T12:09:32+00:00","mainEntityOfPage":{"@id":"https:\/\/rioonwatch.org.br\/?p=71165"},"wordCount":2298,"publisher":{"@id":"https:\/\/rioonwatch.org.br\/#organization"},"image":{"@id":"https:\/\/rioonwatch.org.br\/?p=71165#primaryimage"},"thumbnailUrl":"https:\/\/rioonwatch.org.br\/wp-content\/uploads\/2023\/11\/Localidade-do-lixao-de-Bongaba-em-Mage-ao-fundo-e-possivel-ver-o-lixo-depositado-em-uma-montanha-sem-qualquer-tipo-de-preparo-do-solo.-Foto-Barbara-Dias-scaled.jpg","keywords":["\u00e1gua","aterro sanit\u00e1rio","Ba\u00eda da Guanabara","Baixada Fluminense","catadores","coleta de lixo","dengue","Duque de Caxias","Governo do Estado","Grande Rio","Justi\u00e7a Clim\u00e1tica","Lix\u00e3o","lixo","Mag\u00e9","meio ambiente","OAB","Petr\u00f3polis","Piabet\u00e1","Quilombo","Quilombo de Bongaba","Racismo ambiental","reciclagem","sa\u00fade","Zika"],"articleSection":["*Destaque","Den\u00fancias","Escrito por Comunicadores Populares","Fotorreportagens","Justi\u00e7a Clim\u00e1tica"],"inLanguage":"pt-BR"},{"@type":"WebPage","@id":"https:\/\/rioonwatch.org.br\/?p=71165","url":"https:\/\/rioonwatch.org.br\/?p=71165","name":"Sem Transpar\u00eancia: Mag\u00e9, na Baixada Fluminense, Corre o Risco de Receber Res\u00edduos S\u00f3lidos de Grandes Cidades da Regi\u00e3o Metropolitana - RioOnWatch","isPartOf":{"@id":"https:\/\/rioonwatch.org.br\/#website"},"primaryImageOfPage":{"@id":"https:\/\/rioonwatch.org.br\/?p=71165#primaryimage"},"image":{"@id":"https:\/\/rioonwatch.org.br\/?p=71165#primaryimage"},"thumbnailUrl":"https:\/\/rioonwatch.org.br\/wp-content\/uploads\/2023\/11\/Localidade-do-lixao-de-Bongaba-em-Mage-ao-fundo-e-possivel-ver-o-lixo-depositado-em-uma-montanha-sem-qualquer-tipo-de-preparo-do-solo.-Foto-Barbara-Dias-scaled.jpg","datePublished":"2023-11-26T14:29:31+00:00","dateModified":"2023-12-19T12:09:32+00:00","breadcrumb":{"@id":"https:\/\/rioonwatch.org.br\/?p=71165#breadcrumb"},"inLanguage":"pt-BR","potentialAction":[{"@type":"ReadAction","target":["https:\/\/rioonwatch.org.br\/?p=71165"]}]},{"@type":"ImageObject","inLanguage":"pt-BR","@id":"https:\/\/rioonwatch.org.br\/?p=71165#primaryimage","url":"https:\/\/rioonwatch.org.br\/wp-content\/uploads\/2023\/11\/Localidade-do-lixao-de-Bongaba-em-Mage-ao-fundo-e-possivel-ver-o-lixo-depositado-em-uma-montanha-sem-qualquer-tipo-de-preparo-do-solo.-Foto-Barbara-Dias-scaled.jpg","contentUrl":"https:\/\/rioonwatch.org.br\/wp-content\/uploads\/2023\/11\/Localidade-do-lixao-de-Bongaba-em-Mage-ao-fundo-e-possivel-ver-o-lixo-depositado-em-uma-montanha-sem-qualquer-tipo-de-preparo-do-solo.-Foto-Barbara-Dias-scaled.jpg","width":2560,"height":1709},{"@type":"BreadcrumbList","@id":"https:\/\/rioonwatch.org.br\/?p=71165#breadcrumb","itemListElement":[{"@type":"ListItem","position":1,"name":"In\u00edcio","item":"https:\/\/rioonwatch.org.br\/"},{"@type":"ListItem","position":2,"name":"Sem Transpar\u00eancia: Mag\u00e9, na Baixada Fluminense, Corre o Risco de Receber Res\u00edduos S\u00f3lidos de Grandes Cidades da Regi\u00e3o Metropolitana"}]},{"@type":"WebSite","@id":"https:\/\/rioonwatch.org.br\/#website","url":"https:\/\/rioonwatch.org.br\/","name":"RioOnWatch","description":"relatos das favelas cariocas","publisher":{"@id":"https:\/\/rioonwatch.org.br\/#organization"},"potentialAction":[{"@type":"SearchAction","target":{"@type":"EntryPoint","urlTemplate":"https:\/\/rioonwatch.org.br\/?s={search_term_string}"},"query-input":{"@type":"PropertyValueSpecification","valueRequired":true,"valueName":"search_term_string"}}],"inLanguage":"pt-BR"},{"@type":"Organization","@id":"https:\/\/rioonwatch.org.br\/#organization","name":"RioOnWatch","url":"https:\/\/rioonwatch.org.br\/","logo":{"@type":"ImageObject","inLanguage":"pt-BR","@id":"https:\/\/rioonwatch.org.br\/#\/schema\/logo\/image\/","url":"https:\/\/rioonwatch.org.br\/wp-content\/uploads\/2021\/06\/RioOnWatchcabecalhoPT11anos-2.png","contentUrl":"https:\/\/rioonwatch.org.br\/wp-content\/uploads\/2021\/06\/RioOnWatchcabecalhoPT11anos-2.png","width":779,"height":277,"caption":"RioOnWatch"},"image":{"@id":"https:\/\/rioonwatch.org.br\/#\/schema\/logo\/image\/"}},{"@type":"Person","@id":"https:\/\/rioonwatch.org.br\/#\/schema\/person\/feb227e5e7679aacc3d672e375cae1bd","name":"Janaina Tavares","image":{"@type":"ImageObject","inLanguage":"pt-BR","@id":"https:\/\/rioonwatch.org.br\/#\/schema\/person\/image\/","url":"https:\/\/secure.gravatar.com\/avatar\/83bb5bb4f8b0c5ad63f35939640eaaa2?s=96&d=blank&r=g","contentUrl":"https:\/\/secure.gravatar.com\/avatar\/83bb5bb4f8b0c5ad63f35939640eaaa2?s=96&d=blank&r=g","caption":"Janaina Tavares"},"url":"https:\/\/rioonwatch.org.br\/?author=179"}]}},"_links":{"self":[{"href":"https:\/\/rioonwatch.org.br\/index.php?rest_route=\/wp\/v2\/posts\/71165"}],"collection":[{"href":"https:\/\/rioonwatch.org.br\/index.php?rest_route=\/wp\/v2\/posts"}],"about":[{"href":"https:\/\/rioonwatch.org.br\/index.php?rest_route=\/wp\/v2\/types\/post"}],"author":[{"embeddable":true,"href":"https:\/\/rioonwatch.org.br\/index.php?rest_route=\/wp\/v2\/users\/179"}],"replies":[{"embeddable":true,"href":"https:\/\/rioonwatch.org.br\/index.php?rest_route=%2Fwp%2Fv2%2Fcomments&post=71165"}],"version-history":[{"count":46,"href":"https:\/\/rioonwatch.org.br\/index.php?rest_route=\/wp\/v2\/posts\/71165\/revisions"}],"predecessor-version":[{"id":71867,"href":"https:\/\/rioonwatch.org.br\/index.php?rest_route=\/wp\/v2\/posts\/71165\/revisions\/71867"}],"wp:featuredmedia":[{"embeddable":true,"href":"https:\/\/rioonwatch.org.br\/index.php?rest_route=\/wp\/v2\/media\/71179"}],"wp:attachment":[{"href":"https:\/\/rioonwatch.org.br\/index.php?rest_route=%2Fwp%2Fv2%2Fmedia&parent=71165"}],"wp:term":[{"taxonomy":"category","embeddable":true,"href":"https:\/\/rioonwatch.org.br\/index.php?rest_route=%2Fwp%2Fv2%2Fcategories&post=71165"},{"taxonomy":"post_tag","embeddable":true,"href":"https:\/\/rioonwatch.org.br\/index.php?rest_route=%2Fwp%2Fv2%2Ftags&post=71165"},{"taxonomy":"writer","embeddable":true,"href":"https:\/\/rioonwatch.org.br\/index.php?rest_route=%2Fwp%2Fv2%2Fwriter&post=71165"},{"taxonomy":"translator","embeddable":true,"href":"https:\/\/rioonwatch.org.br\/index.php?rest_route=%2Fwp%2Fv2%2Ftranslator&post=71165"},{"taxonomy":"source","embeddable":true,"href":"https:\/\/rioonwatch.org.br\/index.php?rest_route=%2Fwp%2Fv2%2Fsource&post=71165"},{"taxonomy":"ilustrador","embeddable":true,"href":"https:\/\/rioonwatch.org.br\/index.php?rest_route=%2Fwp%2Fv2%2Filustrador&post=71165"},{"taxonomy":"fotografo","embeddable":true,"href":"https:\/\/rioonwatch.org.br\/index.php?rest_route=%2Fwp%2Fv2%2Ffotografo&post=71165"}],"curies":[{"name":"wp","href":"https:\/\/api.w.org\/{rel}","templated":true}]}}