{"id":71311,"date":"2024-01-09T15:14:38","date_gmt":"2024-01-09T18:14:38","guid":{"rendered":"https:\/\/rioonwatch.org.br\/?p=71311"},"modified":"2024-01-23T11:35:22","modified_gmt":"2024-01-23T14:35:22","slug":"os-contrastes-gritam-na-baixada-fluminense-os-caminhos-do-rio-dona-eugenia-e-a-favela-da-coreia-na-cidade-de-mesquita","status":"publish","type":"post","link":"https:\/\/rioonwatch.org.br\/?p=71311","title":{"rendered":"Os Contrastes Gritam na Baixada Fluminense: Os Caminhos do Rio Dona Eug\u00eania e a Favela da Coreia, na Cidade de Mesquita"},"content":{"rendered":"<figure id=\"attachment_71666\" aria-describedby=\"caption-attachment-71666\" style=\"width: 2560px\" class=\"wp-caption aligncenter\"><a href=\"https:\/\/rioonwatch.org.br\/wp-content\/uploads\/2023\/12\/Represa-no-Parque-Municipal-de-Nova-Iguacu-Baixada-Fluminense.-Foto-Flavio-Bravim-scaled.jpg\"><img fetchpriority=\"high\" decoding=\"async\" class=\"wp-image-71666 size-full\" title=\"Represa Epaminondas Ramos do Parque Natural Municipal de Nova Igua\u00e7u, Baixada Fluminense. O Parque possui dois acessos, pelo Caonze, em Nova Igua\u00e7u ou pela Coreia, em Mesquita. Foto: Fl\u00e1vio Bravim\" src=\"https:\/\/rioonwatch.org.br\/wp-content\/uploads\/2023\/12\/Represa-no-Parque-Municipal-de-Nova-Iguacu-Baixada-Fluminense.-Foto-Flavio-Bravim-scaled.jpg\" alt=\"Represa Epaminondas Ramos do Parque Natural Municipal de Nova Igua\u00e7u, Baixada Fluminense. O Parque possui dois acessos, pelo Caonze, em Nova Igua\u00e7u ou pela Coreia, em Mesquita. Foto: Fl\u00e1vio Bravim\" width=\"2560\" height=\"1553\" srcset=\"https:\/\/rioonwatch.org.br\/wp-content\/uploads\/2023\/12\/Represa-no-Parque-Municipal-de-Nova-Iguacu-Baixada-Fluminense.-Foto-Flavio-Bravim-scaled.jpg 2560w, https:\/\/rioonwatch.org.br\/wp-content\/uploads\/2023\/12\/Represa-no-Parque-Municipal-de-Nova-Iguacu-Baixada-Fluminense.-Foto-Flavio-Bravim-620x376.jpg 620w\" sizes=\"(max-width: 2560px) 100vw, 2560px\" \/><\/a><figcaption id=\"caption-attachment-71666\" class=\"wp-caption-text\">Represa Epaminondas Ramos do Parque Natural Municipal de Nova Igua\u00e7u, Baixada Fluminense. O Parque possui dois acessos, pelo Caonze, em Nova Igua\u00e7u ou pela Coreia, em Mesquita. Foto: Fl\u00e1vio Bravim<\/figcaption><\/figure>\n<h4 style=\"text-align: right;\"><a href=\"https:\/\/bit.ly\/3HuLOdI\" target=\"_blank\" rel=\"noopener\"><em><strong>Click Here for English<img decoding=\"async\" class=\"alignright wp-image-15790\" src=\"https:\/\/rioonwatch.org.br\/wp-content\/uploads\/2012\/08\/EN-standard-e1439583104716.jpg\" alt=\"\" width=\"20\" height=\"20\" \/><\/strong><\/em><\/a><\/h4>\n<h4>Esta \u00e9 a terceira mat\u00e9ria de uma <a href=\"https:\/\/bit.ly\/SerieJusticaHidrica\" rel=\"noopener\">s\u00e9rie sobre justi\u00e7a h\u00eddrica nas favelas<\/a>\u00a0escrita por jovens moradores de favela e resultado do curso \u201cJusti\u00e7a Clim\u00e1tica no Jornalismo Comunit\u00e1rio: Da Constru\u00e7\u00e3o da Pauta \u00e0 Reda\u00e7\u00e3o da Not\u00edcia\u201d. O curso, realizado pela equipe do\u00a0<em>RioOnWatch<\/em>, em parceria com o GT Jovem da Rede Favela Sustent\u00e1vel (<a href=\"https:\/\/bit.ly\/FavelaSustentavel\" rel=\"noopener\">RFS<\/a>), aconteceu nos meses de julho-setembro de 2023.<\/h4>\n<p><span style=\"font-weight: 400;\">A <a href=\"https:\/\/bit.ly\/3omdOKt\" target=\"_blank\" rel=\"noopener\">Favela da Coreia<\/a>, localizada na cidade de <a href=\"https:\/\/bit.ly\/2UaGIxC\" target=\"_blank\" rel=\"noopener\">Mesquita<\/a>, na <a href=\"https:\/\/bit.ly\/32JVvht\" target=\"_blank\" rel=\"noopener\">Baixada Fluminense<\/a>, \u00e9 uma das maiores da regi\u00e3o. Ela faz divisa com v\u00e1rios bairros da cidade e com o munic\u00edpio vizinho de <a href=\"https:\/\/bit.ly\/2YytCa6\" target=\"_blank\" rel=\"noopener\">Nova Igua\u00e7u<\/a>. Uma<\/span><span style=\"font-weight: 400;\"> \u00e1rea de grande densidade populacional e urbana, mas de imensa riqueza natural, com florestas e rios.<\/span><\/p>\n<p><span style=\"font-weight: 400;\">Parte insepar\u00e1vel da hist\u00f3ria e da paisagem da Favela da Coreia, o <a href=\"https:\/\/bit.ly\/47OSCOa\" target=\"_blank\" rel=\"noopener\">Rio Dona Eug\u00eania<\/a><\/span><span style=\"font-weight: 400;\"> corta o territ\u00f3rio e marca a vida dos moradores. Ele j\u00e1 foi utilizado pela popula\u00e7\u00e3o local para brincadeiras, afazeres dom\u00e9sticos, como lavar roupa, cozinhar e lavar a lou\u00e7a e, at\u00e9 mesmo, para beber. No entanto, com o passar dos anos, a neglig\u00eancia do Estado em implementar pol\u00edticas de moradia, esgotamento e coleta de res\u00edduos s\u00f3lidos est\u00e1 matando trechos inteiros deste rio, o que j\u00e1 est\u00e1 impactando a vida dos moradores da Coreia.<\/span><\/p>\n<h3>Rio Dona Eug\u00eania: Patrim\u00f4nio Biol\u00f3gico da Baixada<\/h3>\n<p><span style=\"font-weight: 400;\">Apesar de quase morto em seus trechos mais conhecidos, inclusive em grande parte da Coreia, o Rio Dona Eug\u00eania est\u00e1 muito vivo e limpo, com \u00e1guas transl\u00facidas, em sua nascente na parte alta, em \u00e1reas protegidas. Nascendo na <\/span><a href=\"https:\/\/bit.ly\/47pPfO3\" target=\"_blank\" rel=\"noopener\">Serra do Mendanha<\/a>, ele corta grande parte do <span style=\"font-weight: 400;\"><a href=\"https:\/\/bit.ly\/3NpiN6h\" target=\"_blank\" rel=\"noopener\">Maci\u00e7o de Gericin\u00f3<\/a>\u00a0<\/span>at\u00e9 o <a href=\"https:\/\/bit.ly\/40QWSdK\" target=\"_blank\" rel=\"noopener\">Parque Natural Municipal de Nova Igua\u00e7u<\/a>. De l\u00e1, passa pela <a href=\"https:\/\/bit.ly\/3R1lFHQ\" target=\"_blank\" rel=\"noopener\">Represa Epaminondas Ramos<\/a>, na parte alta da Coreia, em Mesquita, atravessa a comunidade, e segue seu fluxo at\u00e9 desaguar no <a href=\"https:\/\/bit.ly\/40RWhsk\" target=\"_blank\" rel=\"noopener\">Rio Sarapu\u00ed<\/a>, que, por sua vez, segue por dezenas de quil\u00f4metros at\u00e9 desembocar na <a href=\"https:\/\/bit.ly\/31JbV98\" target=\"_blank\" rel=\"noopener\">Ba\u00eda de Guanabara<\/a>.<\/p>\n<figure id=\"attachment_71681\" aria-describedby=\"caption-attachment-71681\" style=\"width: 1696px\" class=\"wp-caption aligncenter\"><a href=\"https:\/\/rioonwatch.org.br\/wp-content\/uploads\/2023\/12\/Pocos-das-cobras-um-dos-pocos-que-existem-no-Parque-Municipal-de-Nova-Iguacu-na-Baixada-Fluminense.-Foto-Flavio-Bravim-scaled.jpg\"><img decoding=\"async\" class=\"wp-image-71681 size-full\" title=\"Po\u00e7os das cobras, um dos po\u00e7os que existem no Parque Natural Municipal de Nova Igua\u00e7u, na Baixada Fluminense. Foto: Fl\u00e1vio Bravim\" src=\"https:\/\/rioonwatch.org.br\/wp-content\/uploads\/2023\/12\/Pocos-das-cobras-um-dos-pocos-que-existem-no-Parque-Municipal-de-Nova-Iguacu-na-Baixada-Fluminense.-Foto-Flavio-Bravim-scaled.jpg\" alt=\"Po\u00e7os das cobras, um dos po\u00e7os que existem no Parque Natural Municipal de Nova Igua\u00e7u, na Baixada Fluminense. Foto: Fl\u00e1vio Bravim\" width=\"1696\" height=\"2560\" srcset=\"https:\/\/rioonwatch.org.br\/wp-content\/uploads\/2023\/12\/Pocos-das-cobras-um-dos-pocos-que-existem-no-Parque-Municipal-de-Nova-Iguacu-na-Baixada-Fluminense.-Foto-Flavio-Bravim-scaled.jpg 1696w, https:\/\/rioonwatch.org.br\/wp-content\/uploads\/2023\/12\/Pocos-das-cobras-um-dos-pocos-que-existem-no-Parque-Municipal-de-Nova-Iguacu-na-Baixada-Fluminense.-Foto-Flavio-Bravim-411x620.jpg 411w, https:\/\/rioonwatch.org.br\/wp-content\/uploads\/2023\/12\/Pocos-das-cobras-um-dos-pocos-que-existem-no-Parque-Municipal-de-Nova-Iguacu-na-Baixada-Fluminense.-Foto-Flavio-Bravim-994x1500.jpg 994w\" sizes=\"(max-width: 1696px) 100vw, 1696px\" \/><\/a><figcaption id=\"caption-attachment-71681\" class=\"wp-caption-text\">Po\u00e7os das cobras, um dos po\u00e7os que existem no Parque Natural Municipal de Nova Igua\u00e7u, na Baixada Fluminense. Foto: Fl\u00e1vio Bravim<\/figcaption><\/figure>\n<p>Nessa regi\u00e3o\u2014Serra do Mendanha, Parque Natural Municipal de Nova Igua\u00e7u e parte alta da Coreia\u2014<span style=\"font-weight: 400;\">existe um alto grau de preserva\u00e7\u00e3o da <a href=\"https:\/\/bit.ly\/3h5TGpv\" target=\"_blank\" rel=\"noopener\">Mata Atl\u00e2ntica<\/a>. S\u00e3o <a href=\"https:\/\/bit.ly\/4ampxM8\" target=\"_blank\" rel=\"noopener\">encontradas<\/a> 198 esp\u00e9cies de vegetais, 31 esp\u00e9cies de invertebrados, duas de anf\u00edbios, nove de r\u00e9pteis, 12 de mam\u00edferos, 154 de aves e, considerando s\u00f3 o Rio Dona Eug\u00eania, 17 esp\u00e9cies de peixe.<\/span><\/p>\n<figure id=\"attachment_71707\" aria-describedby=\"caption-attachment-71707\" style=\"width: 1600px\" class=\"wp-caption aligncenter\"><a href=\"https:\/\/rioonwatch.org.br\/wp-content\/uploads\/2023\/12\/Janela-do-Ceu-no-Parque-Natural-Municipal-de-Nova-Iguacu.-Foto-Flavio-Bravim.jpeg\"><img loading=\"lazy\" decoding=\"async\" class=\"wp-image-71707 size-full\" title=\"Janela do C\u00e9u, no Parque Natural Municipal de Nova Igua\u00e7u. Foto: Fl\u00e1vio Bravim\" src=\"https:\/\/rioonwatch.org.br\/wp-content\/uploads\/2023\/12\/Janela-do-Ceu-no-Parque-Natural-Municipal-de-Nova-Iguacu.-Foto-Flavio-Bravim.jpeg\" alt=\"Janela do C\u00e9u, no Parque Natural Municipal de Nova Igua\u00e7u. Foto: Fl\u00e1vio Bravim\" width=\"1600\" height=\"638\" srcset=\"https:\/\/rioonwatch.org.br\/wp-content\/uploads\/2023\/12\/Janela-do-Ceu-no-Parque-Natural-Municipal-de-Nova-Iguacu.-Foto-Flavio-Bravim.jpeg 1600w, https:\/\/rioonwatch.org.br\/wp-content\/uploads\/2023\/12\/Janela-do-Ceu-no-Parque-Natural-Municipal-de-Nova-Iguacu.-Foto-Flavio-Bravim-620x247.jpeg 620w\" sizes=\"(max-width: 1600px) 100vw, 1600px\" \/><\/a><figcaption id=\"caption-attachment-71707\" class=\"wp-caption-text\">Janela do C\u00e9u, no Parque Natural Municipal de Nova Igua\u00e7u. Foto: Fl\u00e1vio Bravim<\/figcaption><\/figure>\n<p><span style=\"font-weight: 400;\">Portanto, o Rio Dona Eug\u00eania est\u00e1 longe de ter <a href=\"https:\/\/bit.ly\/47WkNLB\" target=\"_blank\" rel=\"noopener\">uma \u00fanica hist\u00f3ria<\/a>: a<\/span>o longo de seu curso, o rio passa tanto por \u00e1reas preservadas, quanto por localidades bastante urbanizadas. Nas \u00e1reas de preserva\u00e7\u00e3o, o rio mant\u00e9m sua vegeta\u00e7\u00e3o ribeirinha nativa, \u00e9 l\u00edmpido e pot\u00e1vel. Contudo, nas \u00e1reas urbanas, o desmatamento e o lan\u00e7amento de esgoto s\u00e3o problemas frequentes. Isso leva a uma gradual mudan\u00e7a na vis\u00e3o dos moradores da Favela da Coreia e de Mesquita sobre o rio. Hoje em dia, este rio limpo e preservado das fotos tem alguns de seus trechos e bra\u00e7os <a href=\"https:\/\/bit.ly\/3Igg9xQ\" target=\"_blank\" rel=\"noopener\">chamados de val\u00e3o<\/a>. Infelizmente, este \u00e9 um dispositivo de normaliza\u00e7\u00e3o do assassinato dos <a href=\"https:\/\/bit.ly\/3uVhUvT\" target=\"_blank\" rel=\"noopener\">rios de favela<\/a>.<\/p>\n<h3>Rio Dona Eug\u00eania em Agonia<\/h3>\n<figure id=\"attachment_71697\" aria-describedby=\"caption-attachment-71697\" style=\"width: 500px\" class=\"wp-caption alignright\"><a href=\"https:\/\/rioonwatch.org.br\/wp-content\/uploads\/2023\/12\/Pedras-do-rio-Dona-Eugenia-onde-moradoras-lavam-roupas-decadas-atras.-Foto-Luiz-Miguel.png\"><img loading=\"lazy\" decoding=\"async\" class=\"wp-image-71697\" title=\"Pedras do Rio Dona Eug\u00eania, onde moradoras lavavam roupas d\u00e9cadas atr\u00e1s. Foto: Luiz Miguel\" src=\"https:\/\/rioonwatch.org.br\/wp-content\/uploads\/2023\/12\/Pedras-do-rio-Dona-Eugenia-onde-moradoras-lavam-roupas-decadas-atras.-Foto-Luiz-Miguel-492x620.png\" alt=\"Pedras do Rio Dona Eug\u00eania, onde moradoras lavavam roupas d\u00e9cadas atr\u00e1s. Foto: Luiz Miguel\" width=\"500\" height=\"630\" srcset=\"https:\/\/rioonwatch.org.br\/wp-content\/uploads\/2023\/12\/Pedras-do-rio-Dona-Eugenia-onde-moradoras-lavam-roupas-decadas-atras.-Foto-Luiz-Miguel-492x620.png 492w, https:\/\/rioonwatch.org.br\/wp-content\/uploads\/2023\/12\/Pedras-do-rio-Dona-Eugenia-onde-moradoras-lavam-roupas-decadas-atras.-Foto-Luiz-Miguel.png 542w\" sizes=\"(max-width: 500px) 100vw, 500px\" \/><\/a><figcaption id=\"caption-attachment-71697\" class=\"wp-caption-text\">Pedras do Rio Dona Eug\u00eania, onde moradoras lavavam roupas d\u00e9cadas atr\u00e1s. Foto: Luiz Miguel Ribeiro<\/figcaption><\/figure>\n<p><span style=\"font-weight: 400;\">O rio sofre como resultado da falta de coleta adequada de res\u00edduos s\u00f3lidos, um sistema decente de esgoto, e da educa\u00e7\u00e3o ambiental. Segundo relatos de um morador da Coreia que n\u00e3o quis se identificar, havia um planejamento para o descarte correto do esgoto, que chegou a ser apresentado \u00e0 comunidade. A obra inauguraria um sistema que correria em paralelo ao rio at\u00e9 a esta\u00e7\u00e3o de tratamento. Pela primeira vez desde a funda\u00e7\u00e3o de Mesquita, o Rio Dona Eug\u00eania n\u00e3o seria considerado ele mesmo a rede de esgoto de regi\u00f5es inteiras da cidade. Se as obras fossem a frente, o rio finalmente voltaria a ser visto e utilizado pela popula\u00e7\u00e3o como um recurso natural p\u00fablico.<\/span><\/p>\n<blockquote><p><span style=\"font-weight: 400;\">\u201cO nosso rio era muito bom at\u00e9 nos anos 1980, pois, quando \u00e9ramos crian\u00e7as tom\u00e1vamos banho nele. Nesta \u00e9poca, a polui\u00e7\u00e3o n\u00e3o era t\u00e3o grande e o Rio Dona Eug\u00eania era limpo&#8230; tempos bons!\u201d <\/span>\u2014 <span style=\"font-weight: 400;\">Monica F\u00e9lix da Silva<\/span><\/p><\/blockquote>\n<p>Todavia, todo o projeto foi abandonado. De forma simplificada, tudo continuou sendo jogado dentro do rio.<\/p>\n<blockquote><p><span style=\"font-weight: 400;\">\u201cDava para pular da beira do rio [na \u00e1gua] e eu gostava muito! Mas, hoje em dia, n\u00e3o d\u00e1 mais por conta do lixo que foi jogado no rio.\u201d \u2014 Samuel Luiz Madureira<\/span><\/p><\/blockquote>\n<p>Isso mostra que a polui\u00e7\u00e3o do rio avan\u00e7ou muito rapidamente nos \u00faltimos anos, com o ac\u00famulo do esgoto despejado, mas tamb\u00e9m por conta dos res\u00edduos s\u00f3lidos. O processo de manuten\u00e7\u00e3o, limpeza e preserva\u00e7\u00e3o do rio precisa partir das autoridades, que, al\u00e9m da limpeza e manuten\u00e7\u00e3o, precisam fornecer suporte para que os pr\u00f3prios moradores possam manter o rio limpo. A\u00e7\u00f5es de educa\u00e7\u00e3o socioambiental s\u00e3o fundamentais na Coreia e ao longo de todo o Rio Dona Eug\u00eania.<\/p>\n<blockquote><p>\u201cQuando eu tomava banho nele, a \u00e1gua era mais clarinha&#8230; eu j\u00e1 vi, eu lembro das minhas irm\u00e3s lavando roupa no rio, batendo na pedra\u2026<span style=\"font-weight: 400;\">\u201d<\/span>\u00a0\u2014 Adriana Veiga Louren\u00e7o<\/p><\/blockquote>\n<figure id=\"attachment_71696\" aria-describedby=\"caption-attachment-71696\" style=\"width: 500px\" class=\"wp-caption alignright\"><a href=\"https:\/\/rioonwatch.org.br\/wp-content\/uploads\/2023\/12\/Pescadores-da-Coreia-em-Mesquita-Baixada-Fluminense-2023.-Foto-Luiz-Miguel.png\"><img loading=\"lazy\" decoding=\"async\" class=\"wp-image-71696\" title=\"Pescadores da Coreia, em Mesquita, Baixada Fluminense, 2023. Foto: Luiz Miguel\" src=\"https:\/\/rioonwatch.org.br\/wp-content\/uploads\/2023\/12\/Pescadores-da-Coreia-em-Mesquita-Baixada-Fluminense-2023.-Foto-Luiz-Miguel-407x620.png\" alt=\"Pescadores da Coreia, em Mesquita, Baixada Fluminense, 2023. Foto: Luiz Miguel\" width=\"500\" height=\"762\" srcset=\"https:\/\/rioonwatch.org.br\/wp-content\/uploads\/2023\/12\/Pescadores-da-Coreia-em-Mesquita-Baixada-Fluminense-2023.-Foto-Luiz-Miguel-407x620.png 407w, https:\/\/rioonwatch.org.br\/wp-content\/uploads\/2023\/12\/Pescadores-da-Coreia-em-Mesquita-Baixada-Fluminense-2023.-Foto-Luiz-Miguel.png 453w\" sizes=\"(max-width: 500px) 100vw, 500px\" \/><\/a><figcaption id=\"caption-attachment-71696\" class=\"wp-caption-text\">Pescadores da Coreia, em Mesquita, Baixada Fluminense, 2023. Foto: Luiz Miguel Ribeiro<\/figcaption><\/figure>\n<p><span style=\"font-weight: 400;\">Precisamos pensar nos in\u00fameros benef\u00edcios para a comunidade e seus moradores de ter um rio limpo, preservado e vivo passando por sua favela. Ter um Rio Dona Eug\u00eania saud\u00e1vel e vegetado reduziria o <a href=\"https:\/\/bit.ly\/3SMywA2\" target=\"_blank\" rel=\"noopener\">risco de enchentes<\/a>, de contamina\u00e7\u00e3o de \u00e1gua e \u00e0 sa\u00fade, por exemplo. Sem contar que ele seria uma fonte de lazer, de seguran\u00e7a h\u00eddrica, alimentar, renda e at\u00e9 mesmo de transporte. Alguns mobilizadores locais e moradores j\u00e1 est\u00e3o se movimentando nessa dire\u00e7\u00e3o.<\/span><\/p>\n<h3>Pesquisa de Justi\u00e7a H\u00eddrica e Energ\u00e9tica em Mesquita<\/h3>\n<p>No in\u00edcio do ano, a Rede Favela Sustent\u00e1vel (<a href=\"https:\/\/bit.ly\/RFSnoROW\" target=\"_blank\" rel=\"noopener\">RFS<\/a>), Painel Unificador das Favelas (<a href=\"https:\/\/bit.ly\/PUFVideoRelease\" target=\"_blank\" rel=\"noopener\">PUF<\/a>), N\u00facleo de Educa\u00e7\u00e3o Popular e Social em Economia Solid\u00e1ria (<a href=\"https:\/\/bit.ly\/3nkh18o\" target=\"_blank\" rel=\"noopener\">NESPES<\/a>), Associa\u00e7\u00e3o de Mulheres de Edson Passos e Adjac\u00eancias (<a href=\"https:\/\/bit.ly\/3QN1U4r\" target=\"_blank\" rel=\"noopener\">AMEPA<\/a>) e\u00a0<a href=\"https:\/\/bit.ly\/3p0zlT7\" target=\"_blank\" rel=\"noopener\">Associa\u00e7\u00e3o Centro Social Fus\u00e3o<\/a>\u00a0lan\u00e7aram o <a href=\"https:\/\/bit.ly\/RelatorioAguaLuzEmMesquita\" target=\"_blank\" rel=\"noopener\">relat\u00f3rio<\/a>\u00a0\u201cJusti\u00e7a H\u00eddrica e Energ\u00e9tica nas Favelas: Levantando Dados Evidenciando a Desigualdade e Convocando para A\u00e7\u00e3o\u2014Mesquita:\u00a0Coreia, <a href=\"https:\/\/bit.ly\/3NzzBrY\" target=\"_blank\" rel=\"noopener\">Cosmorama<\/a>\u00a0e\u00a0<a href=\"https:\/\/bit.ly\/3JgUe9N\" target=\"_blank\" rel=\"noopener\">Jacutinga<\/a><span style=\"font-weight: 400;\">\u201d<\/span>, em <a href=\"https:\/\/bit.ly\/LancamentoRFSMesquitaROW\" target=\"_blank\" rel=\"noopener\">evento na prefeitura<\/a> de Mesquita.<\/p>\n<p>A pesquisa contou com a participa\u00e7\u00e3o de 30 jovens e 15 lideran\u00e7as locais que constru\u00edram todas as etapas de processo. O estudo comunit\u00e1rio foi realizado em 15 comunidades, dentre elas, as tr\u00eas favelas de Mesquita. Dentre os entrevistados pelos jovens e pelas lideran\u00e7as locais, cerca de 36,36% dos moradores bebem \u00e1gua sem ser filtrada, 33,8% sentem um gosto estranho na \u00e1gua e 37,7% afirmaram que a \u00e1gua tem cor.<\/p>\n<p>Sobre os alagamentos, constantes nos trechos urbanizados do Rio Dona Eug\u00eania em Mesquita, 41,6% responderam ser afetados em sua resid\u00eancia diretamente ou em sua rua. A pesquisa apontou ainda que, para 78,1% dos moradores, esse problema s\u00f3 piorou nos \u00faltimos dois anos.<\/p>\n<p>Diante desse cen\u00e1rio, valorizar e conhecer a hist\u00f3ria dos nossos rios e da \u00e1rea verde da nossa regi\u00e3o \u00e9 entender que um rio saud\u00e1vel se relaciona a uma boa qualidade de vida para os moradores. Isso significa menos enchentes, mortes, destrui\u00e7\u00e3o, problemas de sa\u00fade e preju\u00edzo para a popula\u00e7\u00e3o. Precisamos contribuir ativamente para a preserva\u00e7\u00e3o e prolifera\u00e7\u00e3o da vida que ainda existe nos rios de favela, como o Rio Dona Eug\u00eania. E, para isso, pol\u00edticas p\u00fablicas que tornem as <a href=\"https:\/\/bit.ly\/3D4gLm6\" target=\"_blank\" rel=\"noopener\">favelas climaticamente resilientes<\/a> s\u00e3o uma prioridade urgente em Mesquita, na Baixada Fluminense e em todo o <a href=\"https:\/\/bit.ly\/304NeGi\" target=\"_blank\" rel=\"noopener\">Grande Rio<\/a>.<\/p>\n<p><em>Sobre o autor: Luiz Miguel Ribeiro tem 25 anos, \u00e9 morador da favela da Coreia, em Mesquita, Baixada Fluminense, e faz parte do GT Jovem a Rede Favela Sustent\u00e1vel.<\/em><\/p>\n<p><em>Sobre o autor: <\/em><em>Matheus Botelho tem 25 anos, \u00e9 morador da favela da Coreia, em Mesquita, Baixada Fluminense, e faz parte do GT Jovem a Rede Favela Sustent\u00e1vel.<\/em><\/p>\n<p><em>*A Rede Favela Sustent\u00e1vel (RFS) e o RioOnWatch s\u00e3o ambas a\u00e7\u00f5es tocadas pela organiza\u00e7\u00e3o sem fins lucrativos, Comunidades Catalisadoras (ComCat).<\/em><\/p>\n<hr \/>\n<h4><b data-stringify-type=\"bold\">Apoie nossos esfor\u00e7os para fornecer apoio estrat\u00e9gico \u00e0s favelas do Rio, incluindo o jornalismo hiperlocal, cr\u00edtico, inovador e incans\u00e1vel do\u00a0<\/b><b data-stringify-type=\"bold\"><i data-stringify-type=\"italic\">RioOnWatch<\/i><\/b>\u2014<a class=\"c-link\" href=\"http:\/\/www.bit.ly\/ApoieROW\" target=\"_blank\" rel=\"noopener noreferrer\" data-stringify-link=\"http:\/\/www.bit.ly\/ApoieROW\" data-sk=\"tooltip_parent\">doe aqui<\/a>.<\/h4>\n<!-- AddThis Advanced Settings generic via filter on the_content --><!-- AddThis Share Buttons generic via filter on the_content -->","protected":false},"excerpt":{"rendered":"<div class=\"mh-excerpt\"><p>Click Here for English Esta \u00e9 a terceira mat\u00e9ria de uma s\u00e9rie sobre justi\u00e7a h\u00eddrica nas favelas\u00a0escrita por jovens moradores de favela e resultado do curso \u201cJusti\u00e7a Clim\u00e1tica no Jornalismo Comunit\u00e1rio: Da Constru\u00e7\u00e3o da Pauta <a class=\"mh-excerpt-more\" href=\"https:\/\/rioonwatch.org.br\/?p=71311\" title=\"Os Contrastes Gritam na Baixada Fluminense: Os Caminhos do Rio Dona Eug\u00eania e a Favela da Coreia, na Cidade de Mesquita\">[&#8230;]<\/a><!-- AddThis Advanced Settings generic via filter on get_the_excerpt --><!-- AddThis Share Buttons generic via filter on get_the_excerpt --><\/p>\n<\/div>","protected":false},"author":179,"featured_media":71666,"comment_status":"closed","ping_status":"closed","sticky":false,"template":"template-full.php","format":"standard","meta":{"_acf_changed":false,"_monsterinsights_skip_tracking":false,"_monsterinsights_sitenote_active":false,"_monsterinsights_sitenote_note":"","_monsterinsights_sitenote_category":0,"footnotes":""},"categories":[1857,1621,1625,3170,1639],"tags":[510,3258,959,1235,620,2293,3111,2761,322,3112,296,106,469,1586,417,961,3408,3360,964,492,3405],"writer":[3406,3407],"translator":[],"source":[],"ilustrador":[],"fotografo":[],"class_list":{"0":"post-71311","1":"post","2":"type-post","3":"status-publish","4":"format-standard","5":"has-post-thumbnail","7":"category-olhonaurbanizacao","8":"category-destaque","9":"category-por-correspondentes-comunitarios","10":"category-justica-climatica","11":"category-sustentabilidade","12":"tag-agua","13":"tag-aguas-do-rio","14":"tag-baixada-fluminense","15":"tag-biodiversidade","16":"tag-cedae","17":"tag-coreia","18":"tag-crise-hidrica","19":"tag-direito-a-agua","20":"tag-esgoto","21":"tag-justica-climatica","22":"tag-mata-atlantica","23":"tag-meio-ambiente","24":"tag-memoria","25":"tag-mesquita","26":"tag-negligencia-do-estado","27":"tag-nova-iguacu","28":"tag-rio-dona-eugenia","29":"tag-rios-em-favelas","30":"tag-risco-de-enchente","31":"tag-saneamento","32":"tag-serie-justica-hidrica","33":"writer-luiz-miguel-ribeiro","34":"writer-matheus-botelho"},"acf":[],"yoast_head":"<!-- This site is optimized with the Yoast SEO plugin v25.6 - https:\/\/yoast.com\/wordpress\/plugins\/seo\/ -->\n<title>Os Contrastes Gritam na Baixada Fluminense: Os Caminhos do Rio Dona Eug\u00eania e a Favela da Coreia, na Cidade de Mesquita - RioOnWatch<\/title>\n<meta name=\"robots\" content=\"index, follow, max-snippet:-1, max-image-preview:large, max-video-preview:-1\" \/>\n<link rel=\"canonical\" href=\"https:\/\/rioonwatch.org.br\/?p=71311\" \/>\n<meta property=\"og:locale\" content=\"pt_BR\" \/>\n<meta property=\"og:type\" content=\"article\" \/>\n<meta property=\"og:title\" content=\"Os Contrastes Gritam na Baixada Fluminense: Os Caminhos do Rio Dona Eug\u00eania e a Favela da Coreia, na Cidade de Mesquita - RioOnWatch\" \/>\n<meta property=\"og:description\" content=\"Click Here for English Esta \u00e9 a terceira mat\u00e9ria de uma s\u00e9rie sobre justi\u00e7a h\u00eddrica nas favelas\u00a0escrita por jovens moradores de favela e resultado do curso \u201cJusti\u00e7a Clim\u00e1tica no Jornalismo Comunit\u00e1rio: Da Constru\u00e7\u00e3o da Pauta [...]\" \/>\n<meta property=\"og:url\" content=\"https:\/\/rioonwatch.org.br\/?p=71311\" \/>\n<meta property=\"og:site_name\" content=\"RioOnWatch\" \/>\n<meta property=\"article:published_time\" content=\"2024-01-09T18:14:38+00:00\" \/>\n<meta property=\"article:modified_time\" content=\"2024-01-23T14:35:22+00:00\" \/>\n<meta property=\"og:image\" content=\"https:\/\/rioonwatch.org.br\/wp-content\/uploads\/2023\/12\/Represa-no-Parque-Municipal-de-Nova-Iguacu-Baixada-Fluminense.-Foto-Flavio-Bravim-scaled.jpg\" \/>\n\t<meta property=\"og:image:width\" content=\"2560\" \/>\n\t<meta property=\"og:image:height\" content=\"1553\" \/>\n\t<meta property=\"og:image:type\" content=\"image\/jpeg\" \/>\n<meta name=\"author\" content=\"Janaina Tavares\" \/>\n<meta name=\"twitter:card\" content=\"summary_large_image\" \/>\n<meta name=\"twitter:label1\" content=\"Escrito por\" \/>\n\t<meta name=\"twitter:data1\" content=\"Janaina Tavares\" \/>\n\t<meta name=\"twitter:label2\" content=\"Est. tempo de leitura\" \/>\n\t<meta name=\"twitter:data2\" content=\"9 minutos\" \/>\n<script type=\"application\/ld+json\" class=\"yoast-schema-graph\">{\"@context\":\"https:\/\/schema.org\",\"@graph\":[{\"@type\":\"Article\",\"@id\":\"https:\/\/rioonwatch.org.br\/?p=71311#article\",\"isPartOf\":{\"@id\":\"https:\/\/rioonwatch.org.br\/?p=71311\"},\"author\":{\"name\":\"Janaina Tavares\",\"@id\":\"https:\/\/rioonwatch.org.br\/#\/schema\/person\/feb227e5e7679aacc3d672e375cae1bd\"},\"headline\":\"Os Contrastes Gritam na Baixada Fluminense: Os Caminhos do Rio Dona Eug\u00eania e a Favela da Coreia, na Cidade de Mesquita\",\"datePublished\":\"2024-01-09T18:14:38+00:00\",\"dateModified\":\"2024-01-23T14:35:22+00:00\",\"mainEntityOfPage\":{\"@id\":\"https:\/\/rioonwatch.org.br\/?p=71311\"},\"wordCount\":1534,\"publisher\":{\"@id\":\"https:\/\/rioonwatch.org.br\/#organization\"},\"image\":{\"@id\":\"https:\/\/rioonwatch.org.br\/?p=71311#primaryimage\"},\"thumbnailUrl\":\"https:\/\/rioonwatch.org.br\/wp-content\/uploads\/2023\/12\/Represa-no-Parque-Municipal-de-Nova-Iguacu-Baixada-Fluminense.-Foto-Flavio-Bravim-scaled.jpg\",\"keywords\":[\"\u00e1gua\",\"\u00c1guas do Rio\",\"Baixada Fluminense\",\"biodiversidade\",\"CEDAE\",\"Coreia (Mesquita)\",\"crise h\u00eddrica\",\"direito \u00e0 \u00e1gua\",\"esgoto\",\"Justi\u00e7a Clim\u00e1tica\",\"Mata Atl\u00e2ntica\",\"meio ambiente\",\"Mem\u00f3rias Faveladas\",\"Mesquita\",\"Neglig\u00eancia do Estado\",\"Nova Igua\u00e7u\",\"Rio Dona Eug\u00eania\",\"rios em favelas\",\"risco de enchente\",\"saneamento\",\"S\u00e9rie: Justi\u00e7a H\u00eddrica\"],\"articleSection\":[\"#OlhoNaUrbaniza\u00e7\u00e3o\",\"*Destaque\",\"Escrito por Comunicadores Populares\",\"Justi\u00e7a Clim\u00e1tica\",\"Sustentabilidade\"],\"inLanguage\":\"pt-BR\"},{\"@type\":\"WebPage\",\"@id\":\"https:\/\/rioonwatch.org.br\/?p=71311\",\"url\":\"https:\/\/rioonwatch.org.br\/?p=71311\",\"name\":\"Os Contrastes Gritam na Baixada Fluminense: Os Caminhos do Rio Dona Eug\u00eania e a Favela da Coreia, na Cidade de Mesquita - RioOnWatch\",\"isPartOf\":{\"@id\":\"https:\/\/rioonwatch.org.br\/#website\"},\"primaryImageOfPage\":{\"@id\":\"https:\/\/rioonwatch.org.br\/?p=71311#primaryimage\"},\"image\":{\"@id\":\"https:\/\/rioonwatch.org.br\/?p=71311#primaryimage\"},\"thumbnailUrl\":\"https:\/\/rioonwatch.org.br\/wp-content\/uploads\/2023\/12\/Represa-no-Parque-Municipal-de-Nova-Iguacu-Baixada-Fluminense.-Foto-Flavio-Bravim-scaled.jpg\",\"datePublished\":\"2024-01-09T18:14:38+00:00\",\"dateModified\":\"2024-01-23T14:35:22+00:00\",\"breadcrumb\":{\"@id\":\"https:\/\/rioonwatch.org.br\/?p=71311#breadcrumb\"},\"inLanguage\":\"pt-BR\",\"potentialAction\":[{\"@type\":\"ReadAction\",\"target\":[\"https:\/\/rioonwatch.org.br\/?p=71311\"]}]},{\"@type\":\"ImageObject\",\"inLanguage\":\"pt-BR\",\"@id\":\"https:\/\/rioonwatch.org.br\/?p=71311#primaryimage\",\"url\":\"https:\/\/rioonwatch.org.br\/wp-content\/uploads\/2023\/12\/Represa-no-Parque-Municipal-de-Nova-Iguacu-Baixada-Fluminense.-Foto-Flavio-Bravim-scaled.jpg\",\"contentUrl\":\"https:\/\/rioonwatch.org.br\/wp-content\/uploads\/2023\/12\/Represa-no-Parque-Municipal-de-Nova-Iguacu-Baixada-Fluminense.-Foto-Flavio-Bravim-scaled.jpg\",\"width\":2560,\"height\":1553},{\"@type\":\"BreadcrumbList\",\"@id\":\"https:\/\/rioonwatch.org.br\/?p=71311#breadcrumb\",\"itemListElement\":[{\"@type\":\"ListItem\",\"position\":1,\"name\":\"In\u00edcio\",\"item\":\"https:\/\/rioonwatch.org.br\/\"},{\"@type\":\"ListItem\",\"position\":2,\"name\":\"Os Contrastes Gritam na Baixada Fluminense: Os Caminhos do Rio Dona Eug\u00eania e a Favela da Coreia, na Cidade de Mesquita\"}]},{\"@type\":\"WebSite\",\"@id\":\"https:\/\/rioonwatch.org.br\/#website\",\"url\":\"https:\/\/rioonwatch.org.br\/\",\"name\":\"RioOnWatch\",\"description\":\"relatos das favelas cariocas\",\"publisher\":{\"@id\":\"https:\/\/rioonwatch.org.br\/#organization\"},\"potentialAction\":[{\"@type\":\"SearchAction\",\"target\":{\"@type\":\"EntryPoint\",\"urlTemplate\":\"https:\/\/rioonwatch.org.br\/?s={search_term_string}\"},\"query-input\":{\"@type\":\"PropertyValueSpecification\",\"valueRequired\":true,\"valueName\":\"search_term_string\"}}],\"inLanguage\":\"pt-BR\"},{\"@type\":\"Organization\",\"@id\":\"https:\/\/rioonwatch.org.br\/#organization\",\"name\":\"RioOnWatch\",\"url\":\"https:\/\/rioonwatch.org.br\/\",\"logo\":{\"@type\":\"ImageObject\",\"inLanguage\":\"pt-BR\",\"@id\":\"https:\/\/rioonwatch.org.br\/#\/schema\/logo\/image\/\",\"url\":\"https:\/\/rioonwatch.org.br\/wp-content\/uploads\/2021\/06\/RioOnWatchcabecalhoPT11anos-2.png\",\"contentUrl\":\"https:\/\/rioonwatch.org.br\/wp-content\/uploads\/2021\/06\/RioOnWatchcabecalhoPT11anos-2.png\",\"width\":779,\"height\":277,\"caption\":\"RioOnWatch\"},\"image\":{\"@id\":\"https:\/\/rioonwatch.org.br\/#\/schema\/logo\/image\/\"}},{\"@type\":\"Person\",\"@id\":\"https:\/\/rioonwatch.org.br\/#\/schema\/person\/feb227e5e7679aacc3d672e375cae1bd\",\"name\":\"Janaina Tavares\",\"image\":{\"@type\":\"ImageObject\",\"inLanguage\":\"pt-BR\",\"@id\":\"https:\/\/rioonwatch.org.br\/#\/schema\/person\/image\/\",\"url\":\"https:\/\/secure.gravatar.com\/avatar\/83bb5bb4f8b0c5ad63f35939640eaaa2?s=96&d=blank&r=g\",\"contentUrl\":\"https:\/\/secure.gravatar.com\/avatar\/83bb5bb4f8b0c5ad63f35939640eaaa2?s=96&d=blank&r=g\",\"caption\":\"Janaina Tavares\"},\"url\":\"https:\/\/rioonwatch.org.br\/?author=179\"}]}<\/script>\n<!-- \/ Yoast SEO plugin. -->","yoast_head_json":{"title":"Os Contrastes Gritam na Baixada Fluminense: Os Caminhos do Rio Dona Eug\u00eania e a Favela da Coreia, na Cidade de Mesquita - RioOnWatch","robots":{"index":"index","follow":"follow","max-snippet":"max-snippet:-1","max-image-preview":"max-image-preview:large","max-video-preview":"max-video-preview:-1"},"canonical":"https:\/\/rioonwatch.org.br\/?p=71311","og_locale":"pt_BR","og_type":"article","og_title":"Os Contrastes Gritam na Baixada Fluminense: Os Caminhos do Rio Dona Eug\u00eania e a Favela da Coreia, na Cidade de Mesquita - RioOnWatch","og_description":"Click Here for English Esta \u00e9 a terceira mat\u00e9ria de uma s\u00e9rie sobre justi\u00e7a h\u00eddrica nas favelas\u00a0escrita por jovens moradores de favela e resultado do curso \u201cJusti\u00e7a Clim\u00e1tica no Jornalismo Comunit\u00e1rio: Da Constru\u00e7\u00e3o da Pauta [...]","og_url":"https:\/\/rioonwatch.org.br\/?p=71311","og_site_name":"RioOnWatch","article_published_time":"2024-01-09T18:14:38+00:00","article_modified_time":"2024-01-23T14:35:22+00:00","og_image":[{"width":2560,"height":1553,"url":"https:\/\/rioonwatch.org.br\/wp-content\/uploads\/2023\/12\/Represa-no-Parque-Municipal-de-Nova-Iguacu-Baixada-Fluminense.-Foto-Flavio-Bravim-scaled.jpg","type":"image\/jpeg"}],"author":"Janaina Tavares","twitter_card":"summary_large_image","twitter_misc":{"Escrito por":"Janaina Tavares","Est. tempo de leitura":"9 minutos"},"schema":{"@context":"https:\/\/schema.org","@graph":[{"@type":"Article","@id":"https:\/\/rioonwatch.org.br\/?p=71311#article","isPartOf":{"@id":"https:\/\/rioonwatch.org.br\/?p=71311"},"author":{"name":"Janaina Tavares","@id":"https:\/\/rioonwatch.org.br\/#\/schema\/person\/feb227e5e7679aacc3d672e375cae1bd"},"headline":"Os Contrastes Gritam na Baixada Fluminense: Os Caminhos do Rio Dona Eug\u00eania e a Favela da Coreia, na Cidade de Mesquita","datePublished":"2024-01-09T18:14:38+00:00","dateModified":"2024-01-23T14:35:22+00:00","mainEntityOfPage":{"@id":"https:\/\/rioonwatch.org.br\/?p=71311"},"wordCount":1534,"publisher":{"@id":"https:\/\/rioonwatch.org.br\/#organization"},"image":{"@id":"https:\/\/rioonwatch.org.br\/?p=71311#primaryimage"},"thumbnailUrl":"https:\/\/rioonwatch.org.br\/wp-content\/uploads\/2023\/12\/Represa-no-Parque-Municipal-de-Nova-Iguacu-Baixada-Fluminense.-Foto-Flavio-Bravim-scaled.jpg","keywords":["\u00e1gua","\u00c1guas do Rio","Baixada Fluminense","biodiversidade","CEDAE","Coreia (Mesquita)","crise h\u00eddrica","direito \u00e0 \u00e1gua","esgoto","Justi\u00e7a Clim\u00e1tica","Mata Atl\u00e2ntica","meio ambiente","Mem\u00f3rias Faveladas","Mesquita","Neglig\u00eancia do Estado","Nova Igua\u00e7u","Rio Dona Eug\u00eania","rios em favelas","risco de enchente","saneamento","S\u00e9rie: Justi\u00e7a H\u00eddrica"],"articleSection":["#OlhoNaUrbaniza\u00e7\u00e3o","*Destaque","Escrito por Comunicadores Populares","Justi\u00e7a Clim\u00e1tica","Sustentabilidade"],"inLanguage":"pt-BR"},{"@type":"WebPage","@id":"https:\/\/rioonwatch.org.br\/?p=71311","url":"https:\/\/rioonwatch.org.br\/?p=71311","name":"Os Contrastes Gritam na Baixada Fluminense: Os Caminhos do Rio Dona Eug\u00eania e a Favela da Coreia, na Cidade de Mesquita - RioOnWatch","isPartOf":{"@id":"https:\/\/rioonwatch.org.br\/#website"},"primaryImageOfPage":{"@id":"https:\/\/rioonwatch.org.br\/?p=71311#primaryimage"},"image":{"@id":"https:\/\/rioonwatch.org.br\/?p=71311#primaryimage"},"thumbnailUrl":"https:\/\/rioonwatch.org.br\/wp-content\/uploads\/2023\/12\/Represa-no-Parque-Municipal-de-Nova-Iguacu-Baixada-Fluminense.-Foto-Flavio-Bravim-scaled.jpg","datePublished":"2024-01-09T18:14:38+00:00","dateModified":"2024-01-23T14:35:22+00:00","breadcrumb":{"@id":"https:\/\/rioonwatch.org.br\/?p=71311#breadcrumb"},"inLanguage":"pt-BR","potentialAction":[{"@type":"ReadAction","target":["https:\/\/rioonwatch.org.br\/?p=71311"]}]},{"@type":"ImageObject","inLanguage":"pt-BR","@id":"https:\/\/rioonwatch.org.br\/?p=71311#primaryimage","url":"https:\/\/rioonwatch.org.br\/wp-content\/uploads\/2023\/12\/Represa-no-Parque-Municipal-de-Nova-Iguacu-Baixada-Fluminense.-Foto-Flavio-Bravim-scaled.jpg","contentUrl":"https:\/\/rioonwatch.org.br\/wp-content\/uploads\/2023\/12\/Represa-no-Parque-Municipal-de-Nova-Iguacu-Baixada-Fluminense.-Foto-Flavio-Bravim-scaled.jpg","width":2560,"height":1553},{"@type":"BreadcrumbList","@id":"https:\/\/rioonwatch.org.br\/?p=71311#breadcrumb","itemListElement":[{"@type":"ListItem","position":1,"name":"In\u00edcio","item":"https:\/\/rioonwatch.org.br\/"},{"@type":"ListItem","position":2,"name":"Os Contrastes Gritam na Baixada Fluminense: Os Caminhos do Rio Dona Eug\u00eania e a Favela da Coreia, na Cidade de Mesquita"}]},{"@type":"WebSite","@id":"https:\/\/rioonwatch.org.br\/#website","url":"https:\/\/rioonwatch.org.br\/","name":"RioOnWatch","description":"relatos das favelas cariocas","publisher":{"@id":"https:\/\/rioonwatch.org.br\/#organization"},"potentialAction":[{"@type":"SearchAction","target":{"@type":"EntryPoint","urlTemplate":"https:\/\/rioonwatch.org.br\/?s={search_term_string}"},"query-input":{"@type":"PropertyValueSpecification","valueRequired":true,"valueName":"search_term_string"}}],"inLanguage":"pt-BR"},{"@type":"Organization","@id":"https:\/\/rioonwatch.org.br\/#organization","name":"RioOnWatch","url":"https:\/\/rioonwatch.org.br\/","logo":{"@type":"ImageObject","inLanguage":"pt-BR","@id":"https:\/\/rioonwatch.org.br\/#\/schema\/logo\/image\/","url":"https:\/\/rioonwatch.org.br\/wp-content\/uploads\/2021\/06\/RioOnWatchcabecalhoPT11anos-2.png","contentUrl":"https:\/\/rioonwatch.org.br\/wp-content\/uploads\/2021\/06\/RioOnWatchcabecalhoPT11anos-2.png","width":779,"height":277,"caption":"RioOnWatch"},"image":{"@id":"https:\/\/rioonwatch.org.br\/#\/schema\/logo\/image\/"}},{"@type":"Person","@id":"https:\/\/rioonwatch.org.br\/#\/schema\/person\/feb227e5e7679aacc3d672e375cae1bd","name":"Janaina Tavares","image":{"@type":"ImageObject","inLanguage":"pt-BR","@id":"https:\/\/rioonwatch.org.br\/#\/schema\/person\/image\/","url":"https:\/\/secure.gravatar.com\/avatar\/83bb5bb4f8b0c5ad63f35939640eaaa2?s=96&d=blank&r=g","contentUrl":"https:\/\/secure.gravatar.com\/avatar\/83bb5bb4f8b0c5ad63f35939640eaaa2?s=96&d=blank&r=g","caption":"Janaina Tavares"},"url":"https:\/\/rioonwatch.org.br\/?author=179"}]}},"_links":{"self":[{"href":"https:\/\/rioonwatch.org.br\/index.php?rest_route=\/wp\/v2\/posts\/71311"}],"collection":[{"href":"https:\/\/rioonwatch.org.br\/index.php?rest_route=\/wp\/v2\/posts"}],"about":[{"href":"https:\/\/rioonwatch.org.br\/index.php?rest_route=\/wp\/v2\/types\/post"}],"author":[{"embeddable":true,"href":"https:\/\/rioonwatch.org.br\/index.php?rest_route=\/wp\/v2\/users\/179"}],"replies":[{"embeddable":true,"href":"https:\/\/rioonwatch.org.br\/index.php?rest_route=%2Fwp%2Fv2%2Fcomments&post=71311"}],"version-history":[{"count":66,"href":"https:\/\/rioonwatch.org.br\/index.php?rest_route=\/wp\/v2\/posts\/71311\/revisions"}],"predecessor-version":[{"id":72150,"href":"https:\/\/rioonwatch.org.br\/index.php?rest_route=\/wp\/v2\/posts\/71311\/revisions\/72150"}],"wp:featuredmedia":[{"embeddable":true,"href":"https:\/\/rioonwatch.org.br\/index.php?rest_route=\/wp\/v2\/media\/71666"}],"wp:attachment":[{"href":"https:\/\/rioonwatch.org.br\/index.php?rest_route=%2Fwp%2Fv2%2Fmedia&parent=71311"}],"wp:term":[{"taxonomy":"category","embeddable":true,"href":"https:\/\/rioonwatch.org.br\/index.php?rest_route=%2Fwp%2Fv2%2Fcategories&post=71311"},{"taxonomy":"post_tag","embeddable":true,"href":"https:\/\/rioonwatch.org.br\/index.php?rest_route=%2Fwp%2Fv2%2Ftags&post=71311"},{"taxonomy":"writer","embeddable":true,"href":"https:\/\/rioonwatch.org.br\/index.php?rest_route=%2Fwp%2Fv2%2Fwriter&post=71311"},{"taxonomy":"translator","embeddable":true,"href":"https:\/\/rioonwatch.org.br\/index.php?rest_route=%2Fwp%2Fv2%2Ftranslator&post=71311"},{"taxonomy":"source","embeddable":true,"href":"https:\/\/rioonwatch.org.br\/index.php?rest_route=%2Fwp%2Fv2%2Fsource&post=71311"},{"taxonomy":"ilustrador","embeddable":true,"href":"https:\/\/rioonwatch.org.br\/index.php?rest_route=%2Fwp%2Fv2%2Filustrador&post=71311"},{"taxonomy":"fotografo","embeddable":true,"href":"https:\/\/rioonwatch.org.br\/index.php?rest_route=%2Fwp%2Fv2%2Ffotografo&post=71311"}],"curies":[{"name":"wp","href":"https:\/\/api.w.org\/{rel}","templated":true}]}}