{"id":71419,"date":"2023-12-05T09:02:27","date_gmt":"2023-12-05T12:02:27","guid":{"rendered":"https:\/\/rioonwatch.org.br\/?p=71419"},"modified":"2024-01-18T15:54:28","modified_gmt":"2024-01-18T18:54:28","slug":"em-noite-historica-na-abi-camara-municipal-do-rio-de-janeiro-premia-comunicadores-antirracistas","status":"publish","type":"post","link":"https:\/\/rioonwatch.org.br\/?p=71419","title":{"rendered":"Comunicadores Antirracistas Premiados pela C\u00e2mara Municipal do Rio de Janeiro em Noite Hist\u00f3rica na Associa\u00e7\u00e3o Brasileira de Imprensa"},"content":{"rendered":"<figure id=\"attachment_71459\" aria-describedby=\"caption-attachment-71459\" style=\"width: 2560px\" class=\"wp-caption aligncenter\"><a href=\"https:\/\/rioonwatch.org.br\/wp-content\/uploads\/2023\/12\/Auditorio-da-Associacao-Brasileira-de-Imprensa-lotado-para-acompanhar-a-entrega-das-premiacoes-aos-comunicadores-antirracistas.-Foto-Barbara-Dias-scaled.jpg\"><img fetchpriority=\"high\" decoding=\"async\" class=\"wp-image-71459 size-full\" title=\"Audit\u00f3rio da Associa\u00e7\u00e3o Brasileira de Imprensa lotado para acompanhar a entrega de Mo\u00e7\u00f5es de Louvor e Reconhecimento a comunicadores antirracistas do Rio de Janeiro. Foto: B\u00e1rbara Dias\" src=\"https:\/\/rioonwatch.org.br\/wp-content\/uploads\/2023\/12\/Auditorio-da-Associacao-Brasileira-de-Imprensa-lotado-para-acompanhar-a-entrega-das-premiacoes-aos-comunicadores-antirracistas.-Foto-Barbara-Dias-scaled.jpg\" alt=\"Audit\u00f3rio da Associa\u00e7\u00e3o Brasileira de Imprensa lotado para acompanhar a entrega de Mo\u00e7\u00f5es de Louvor e Reconhecimento a comunicadores antirracistas do Rio de Janeiro. Foto: B\u00e1rbara Dias\" width=\"2560\" height=\"1709\" srcset=\"https:\/\/rioonwatch.org.br\/wp-content\/uploads\/2023\/12\/Auditorio-da-Associacao-Brasileira-de-Imprensa-lotado-para-acompanhar-a-entrega-das-premiacoes-aos-comunicadores-antirracistas.-Foto-Barbara-Dias-scaled.jpg 2560w, https:\/\/rioonwatch.org.br\/wp-content\/uploads\/2023\/12\/Auditorio-da-Associacao-Brasileira-de-Imprensa-lotado-para-acompanhar-a-entrega-das-premiacoes-aos-comunicadores-antirracistas.-Foto-Barbara-Dias-620x414.jpg 620w\" sizes=\"(max-width: 2560px) 100vw, 2560px\" \/><\/a><figcaption id=\"caption-attachment-71459\" class=\"wp-caption-text\">Audit\u00f3rio da Associa\u00e7\u00e3o Brasileira de Imprensa lotado para acompanhar a entrega de Mo\u00e7\u00f5es de Louvor e Reconhecimento a comunicadores antirracistas do Rio de Janeiro. Foto: B\u00e1rbara Dias<\/figcaption><\/figure>\n<h4 style=\"text-align: right;\"><a href=\"https:\/\/bit.ly\/3RQcECY\" target=\"_blank\" rel=\"noopener\"><em><strong>Click Here for English<img decoding=\"async\" class=\"alignright wp-image-15790\" src=\"https:\/\/rioonwatch.org.br\/wp-content\/uploads\/2012\/08\/EN-standard-e1439583104716.jpg\" alt=\"\" width=\"20\" height=\"20\" \/><\/strong><\/em><\/a><\/h4>\n<h4><span style=\"font-weight: 400;\">Em uma noite hist\u00f3rica do <a href=\"http:\/\/bit.ly\/2XCc5is\" target=\"_blank\" rel=\"noopener noreferrer\">M\u00eas da Consci\u00eancia Negra<\/a>, em 27 de novembro, a <a href=\"https:\/\/bit.ly\/2P7wf3I\" target=\"_blank\" rel=\"noopener\">C\u00e2mara Municipal do Rio de Janeiro<\/a>, atrav\u00e9s da<\/span><span style=\"font-weight: 400;\">\u00a0<a href=\"https:\/\/bit.ly\/3OpNxFy\" target=\"_blank\" rel=\"noopener\">Comiss\u00e3o Especial de Combate ao Racismo<\/a>, presidida pela<\/span> <a href=\"https:\/\/bit.ly\/3D5nc7C\" target=\"_blank\" rel=\"noopener\"><span style=\"font-weight: 400;\">Vereadora M\u00f4nica Cunha<\/span><\/a><span style=\"font-weight: 400;\">, <\/span><span style=\"font-weight: 400;\">entregou m<\/span><span style=\"font-weight: 400;\">o\u00e7\u00f5es de louvor e reconhecimento <\/span><span style=\"font-weight: 400;\">a mais de 160 comunicadores antirracistas cariocas, na Associa\u00e7\u00e3o Brasileira de Imprensa (<a href=\"https:\/\/bit.ly\/3TaTetH\" target=\"_blank\" rel=\"noopener\">ABI<\/a>), no <a href=\"https:\/\/bit.ly\/3m7rrqz\" target=\"_blank\" rel=\"noopener\">Centro<\/a> da cidade. Os homenageados foram coletivos de <a href=\"https:\/\/bit.ly\/2FSRNGI\" target=\"_blank\" rel=\"noopener\">m\u00eddia alternativa<\/a>, jornalistas, atores, lideran\u00e7as locais, influenciadores e produtores de conte\u00fado antirracista. Foi realizada na \u00faltima segunda-feira do Novembro Negro, o \u00faltimo <a href=\"https:\/\/bit.ly\/3RARubJ\" target=\"_blank\" rel=\"noopener\">dia de Exu<\/a> do m\u00eas, o <a href=\"https:\/\/bit.ly\/41ecbNU\" target=\"_blank\" rel=\"noopener\">orix\u00e1 da comunica\u00e7\u00e3o<\/a>, conhecido como <a href=\"https:\/\/bit.ly\/3NmL4KR\" target=\"_blank\" rel=\"noopener\"><em>a boca do mundo<\/em><\/a> nas <a href=\"https:\/\/bit.ly\/48aYqSA\" target=\"_blank\" rel=\"noopener\">religi\u00f5es de matriz africana<\/a>.<\/span><\/h4>\n<figure id=\"attachment_71541\" aria-describedby=\"caption-attachment-71541\" style=\"width: 300px\" class=\"wp-caption alignright\"><a href=\"https:\/\/rioonwatch.org.br\/wp-content\/uploads\/2023\/12\/Mocao-de-Louvor-e-Reconhecimento-conferida-ao-RioOnWatch-enquanto-portal-de-narrativas-de-favelas-e-meio-de-comunicacao-antirracista-scaled.jpg\"><img decoding=\"async\" class=\"wp-image-71541\" title=\"Mo\u00e7\u00e3o de Louvor e Reconhecimento conferida ao RioOnWatch, enquanto portal de narrativas de favelas e meio de comunica\u00e7\u00e3o antirracista.\" src=\"https:\/\/rioonwatch.org.br\/wp-content\/uploads\/2023\/12\/Mocao-de-Louvor-e-Reconhecimento-conferida-ao-RioOnWatch-enquanto-portal-de-narrativas-de-favelas-e-meio-de-comunicacao-antirracista-scaled.jpg\" alt=\"Mo\u00e7\u00e3o de Louvor e Reconhecimento conferida ao RioOnWatch, enquanto portal de narrativas de favelas e meio de comunica\u00e7\u00e3o antirracista.\" width=\"300\" height=\"464\" srcset=\"https:\/\/rioonwatch.org.br\/wp-content\/uploads\/2023\/12\/Mocao-de-Louvor-e-Reconhecimento-conferida-ao-RioOnWatch-enquanto-portal-de-narrativas-de-favelas-e-meio-de-comunicacao-antirracista-scaled.jpg 1655w, https:\/\/rioonwatch.org.br\/wp-content\/uploads\/2023\/12\/Mocao-de-Louvor-e-Reconhecimento-conferida-ao-RioOnWatch-enquanto-portal-de-narrativas-de-favelas-e-meio-de-comunicacao-antirracista-401x620.jpg 401w, https:\/\/rioonwatch.org.br\/wp-content\/uploads\/2023\/12\/Mocao-de-Louvor-e-Reconhecimento-conferida-ao-RioOnWatch-enquanto-portal-de-narrativas-de-favelas-e-meio-de-comunicacao-antirracista-970x1500.jpg 970w\" sizes=\"(max-width: 300px) 100vw, 300px\" \/><\/a><figcaption id=\"caption-attachment-71541\" class=\"wp-caption-text\">Exemplo de Mo\u00e7\u00e3o de Louvor e Reconhecimento, essa conferida ao <em>RioOnWatch<\/em>, enquanto portal de narrativas de favelas e meio de comunica\u00e7\u00e3o antirracista.<\/figcaption><\/figure>\n<p>O <em><a href=\"https:\/\/bit.ly\/2lrSR0k\" target=\"_blank\" rel=\"noopener\"><span style=\"font-weight: 400;\">RioOnWatch<\/span><\/a><\/em><span style=\"font-weight: 400;\"> recebeu duas mo\u00e7\u00f5es: uma que reconhece o pr\u00f3prio <em>RioOnWatch<\/em> enquanto portal de narrativas de favelas; e outra pela s\u00e9rie <\/span><span style=\"font-weight: 400;\"><a href=\"https:\/\/bit.ly\/SerieAntirracista\" target=\"_blank\" rel=\"noopener\"><em>Enraizando o Antirracismo nas Favelas: Desconstruindo Narrativas Sociais sobre Racismo no Rio de Janeiro<\/em><\/a><\/span><span style=\"font-weight: 400;\">. A<\/span><span style=\"font-weight: 400;\">s mo\u00e7\u00f5es premiam o trabalho do site e da sua rede de mais de 80 comunicadores, em sua maioria negros e de favela.\u00a0<\/span><\/p>\n<h3>Aquilombamento na Associa\u00e7\u00e3o Brasileira de Imprensa<\/h3>\n<p><span style=\"font-weight: 400;\">Um grande aquilombamento aconteceu e foi celebrado no audit\u00f3rio da <\/span><span style=\"font-weight: 400;\">ABI,<\/span><span style=\"font-weight: 400;\"> na Rua Ara\u00fajo Porto Alegre, no Centro do Rio. A partir da iniciava do <a href=\"https:\/\/bit.ly\/3NfNT08\" target=\"_blank\" rel=\"noopener\">bonde antirracista<\/a>\u00a0da <a href=\"https:\/\/bit.ly\/42c7QuF\" target=\"_blank\" rel=\"noopener\">Vereadora M\u00f4nica Cunha<\/a>, um audit\u00f3rio lotado prestigiou a comunica\u00e7\u00e3o popular, antirracista e de favela do Rio de Janeiro. Compondo a mesa, os homenageados especiais foram <\/span><a href=\"https:\/\/bit.ly\/3KlaaIK\" target=\"_blank\" rel=\"noopener\"><span style=\"font-weight: 400;\">Gizele Martins<\/span><\/a><span style=\"font-weight: 400;\">, jornalista do <a href=\"https:\/\/bit.ly\/3l0WQKR\" target=\"_blank\" rel=\"noopener\">Complexo da Mar\u00e9<\/a> e militante dos Direitos Humanos; <\/span><a href=\"https:\/\/bit.ly\/47C0x1M\" target=\"_blank\" rel=\"noopener\"><span style=\"font-weight: 400;\">Claudia Santiago<\/span><\/a><span style=\"font-weight: 400;\">, jornalista e fundadora do <\/span><span style=\"font-weight: 400;\">N\u00facleo Piratininga de Comunica\u00e7\u00e3o (<a href=\"https:\/\/bit.ly\/413C4jt\" target=\"_blank\" rel=\"noopener\">NPC<\/a>)<\/span><span style=\"font-weight: 400;\">; <\/span><a href=\"https:\/\/bit.ly\/3Gmivtd\" target=\"_blank\" rel=\"noopener\"><span style=\"font-weight: 400;\">Xico Texeira<\/span><\/a><span style=\"font-weight: 400;\">, jornalista e vice-presidente da ABI; <\/span><a href=\"https:\/\/bit.ly\/3N6HIf1\" target=\"_blank\" rel=\"noopener\"><span style=\"font-weight: 400;\">Tiago Rogero<\/span><\/a><span style=\"font-weight: 400;\">, jornalista e roteirista, criador e coordenador do <\/span><a href=\"https:\/\/bit.ly\/3N5YAm1\" target=\"_blank\" rel=\"noopener\"><span style=\"font-weight: 400;\">Projeto Querino<\/span><\/a><span style=\"font-weight: 400;\">; <\/span><a href=\"https:\/\/bit.ly\/3uLokgZ\" target=\"_blank\" rel=\"noopener\"><span style=\"font-weight: 400;\">Rene Silva<\/span><\/a>,<span style=\"font-weight: 400;\"> fundador do <\/span><em><a href=\"https:\/\/bit.ly\/2JhMwyE\" target=\"_blank\" rel=\"noopener\"><span style=\"font-weight: 400;\">Voz das Comunidades<\/span><\/a><\/em><span style=\"font-weight: 400;\">, do <a href=\"https:\/\/bit.ly\/3jE6K3o\" target=\"_blank\" rel=\"noopener\">Complexo do Alem\u00e3o<\/a><\/span><span style=\"font-weight: 400;\">; e <\/span><span style=\"font-weight: 400;\"><a href=\"https:\/\/bit.ly\/3Hbio4J\" target=\"_blank\" rel=\"noopener\">F\u00e1tima Lima<\/a>, professora da Universidade Federal do Rio de Janeiro (<a href=\"https:\/\/bit.ly\/2KgADIe\" target=\"_blank\" rel=\"noopener\">UFRJ<\/a>).\u00a0<\/span><\/p>\n<p>Logo na abertura do evento, a vereadora destacou a relev\u00e2ncia do trabalho dos comunicadores e meios de comunica\u00e7\u00e3o presentes na cerim\u00f4nia para a cidade do Rio de Janeiro e para a democracia brasileira. <span style=\"font-weight: 400;\">O evento foi um marco da valoriza\u00e7\u00e3o dos profissionais de m\u00eddia negros e de favela. Uma celebra\u00e7\u00e3o de suas narrativas perif\u00e9ricas, tradicionalmente abafadas e apagadas pela grande m\u00eddia.<\/span><\/p>\n<figure id=\"attachment_71446\" aria-describedby=\"caption-attachment-71446\" style=\"width: 2560px\" class=\"wp-caption aligncenter\"><a href=\"https:\/\/rioonwatch.org.br\/wp-content\/uploads\/2023\/12\/Mesa-com-alguns-dos-160-homenageados-na-cerimonia-de-premiacao-na-Camara-Municipal-do-Rio-de-Janeiro.-Foto-Barbara-Dias-scaled.jpg\"><img loading=\"lazy\" decoding=\"async\" class=\"wp-image-71446 size-full\" title=\"Mesa com alguns dos 160 homenageados pela C\u00e2mara Municipal do Rio de Janeiro na cerim\u00f4nia de entrega de Mo\u00e7\u00f5es de Louvor e Reconhecimento, na Associa\u00e7\u00e3o Brasileira de Imprensa. Foto: B\u00e1rbara Dias\" src=\"https:\/\/rioonwatch.org.br\/wp-content\/uploads\/2023\/12\/Mesa-com-alguns-dos-160-homenageados-na-cerimonia-de-premiacao-na-Camara-Municipal-do-Rio-de-Janeiro.-Foto-Barbara-Dias-scaled.jpg\" alt=\"Mesa com alguns dos 160 homenageados pela C\u00e2mara Municipal do Rio de Janeiro na cerim\u00f4nia de entrega de Mo\u00e7\u00f5es de Louvor e Reconhecimento, na Associa\u00e7\u00e3o Brasileira de Imprensa. Foto: B\u00e1rbara Dias\" width=\"2560\" height=\"1709\" srcset=\"https:\/\/rioonwatch.org.br\/wp-content\/uploads\/2023\/12\/Mesa-com-alguns-dos-160-homenageados-na-cerimonia-de-premiacao-na-Camara-Municipal-do-Rio-de-Janeiro.-Foto-Barbara-Dias-scaled.jpg 2560w, https:\/\/rioonwatch.org.br\/wp-content\/uploads\/2023\/12\/Mesa-com-alguns-dos-160-homenageados-na-cerimonia-de-premiacao-na-Camara-Municipal-do-Rio-de-Janeiro.-Foto-Barbara-Dias-620x414.jpg 620w\" sizes=\"(max-width: 2560px) 100vw, 2560px\" \/><\/a><figcaption id=\"caption-attachment-71446\" class=\"wp-caption-text\">Mesa com alguns dos 160 homenageados pela C\u00e2mara Municipal do Rio de Janeiro na cerim\u00f4nia de entrega de Mo\u00e7\u00f5es de Louvor e Reconhecimento, na Associa\u00e7\u00e3o Brasileira de Imprensa. Foto: B\u00e1rbara Dias<\/figcaption><\/figure>\n<p>Segundo M\u00f4nica Cunha, o ecossistema da comunica\u00e7\u00e3o comunit\u00e1ria carioca oferece narrativas alternativas, que quebram os estere\u00f3tipos historicamente constru\u00eddos pelas m\u00eddias tradicionais sobre as favelas, as periferias e os familiares e v\u00edtimas de viol\u00eancia do Estado. Ela relembrou a import\u00e2ncia que esses comunicadores tiveram no pr\u00f3prio caso dela, <a href=\"https:\/\/bit.ly\/2lSoGzh\" target=\"_blank\" rel=\"noopener\">enquanto m\u00e3e de v\u00edtima do Estado<\/a>. Em 2006, M\u00f4nica Cunha perdeu seu filho, Rafael da Silva Cunha, um jovem negro ent\u00e3o com 20 anos, assassinado pela Pol\u00edcia Militar do Estado do Rio de Janeiro (<a href=\"https:\/\/bit.ly\/3fW6s7q\" target=\"_blank\" rel=\"noopener\">PMERJ<\/a>).<\/p>\n<blockquote><p>&#8220;Essa homenagem aos comunicadores significa muito [para mim] enquanto uma mulher negra nessa cidade e enquanto uma m\u00e3e de v\u00edtima de viol\u00eancia. A gente sabe que, mesmo com todas as nossas lutas e milit\u00e2ncia, [o Estado] ainda mant\u00e9m pr\u00e1ticas racistas&#8230; Ter conhecido essa comunica\u00e7\u00e3o popular num grupo de familiares v\u00edtimas, por eles escreverem e colocarem nos seus sites, nos seus jornais, a narrativa real, aquilo que a gente falava, o que a gente sentia, fez toda a diferen\u00e7a para n\u00f3s, para as m\u00e3es de v\u00edtimas desse Estado&#8230; Outras m\u00eddias sempre nos viram como culpadas, como m\u00e3es de bandidos&#8230; Foram os comunicadores populares que viraram essa p\u00e1gina nas nossas vidas&#8230; Ent\u00e3o, hoje, homenagear voc\u00eas \u00e9 dizer para esse Estado que matou meu filho e o filho de diversas irm\u00e3s minhas que n\u00f3s n\u00e3o somos m\u00e3es de bandidos!&#8221; \u2014 Vereadora M\u00f4nica Cunha<\/p><\/blockquote>\n<figure id=\"attachment_71450\" aria-describedby=\"caption-attachment-71450\" style=\"width: 2560px\" class=\"wp-caption aligncenter\"><a href=\"https:\/\/rioonwatch.org.br\/wp-content\/uploads\/2023\/12\/Vereadora-Monica-Cunha-durante-uma-fala-na-cerimonia-de-premiacao-aos-comunicadores-antirracistas.-Foto-Barbara-Dias-scaled.jpg\"><img loading=\"lazy\" decoding=\"async\" class=\"wp-image-71450 size-full\" title=\"Vereadora M\u00f4nica Cunha, presidenta da Comiss\u00e3o Especial de Combate ao Racismo, durante uma fala na cerim\u00f4nia de entrega de Mo\u00e7\u00f5es de Louvor e Reconhecimento aos comunicadores antirracistas do Rio de Janeiro. Foto: B\u00e1rbara Dias\" src=\"https:\/\/rioonwatch.org.br\/wp-content\/uploads\/2023\/12\/Vereadora-Monica-Cunha-durante-uma-fala-na-cerimonia-de-premiacao-aos-comunicadores-antirracistas.-Foto-Barbara-Dias-scaled.jpg\" alt=\"Vereadora M\u00f4nica Cunha, presidenta da Comiss\u00e3o Especial de Combate ao Racismo, durante uma fala na cerim\u00f4nia de entrega de Mo\u00e7\u00f5es de Louvor e Reconhecimento aos comunicadores antirracistas do Rio de Janeiro. Foto: B\u00e1rbara Dias\" width=\"2560\" height=\"1709\" srcset=\"https:\/\/rioonwatch.org.br\/wp-content\/uploads\/2023\/12\/Vereadora-Monica-Cunha-durante-uma-fala-na-cerimonia-de-premiacao-aos-comunicadores-antirracistas.-Foto-Barbara-Dias-scaled.jpg 2560w, https:\/\/rioonwatch.org.br\/wp-content\/uploads\/2023\/12\/Vereadora-Monica-Cunha-durante-uma-fala-na-cerimonia-de-premiacao-aos-comunicadores-antirracistas.-Foto-Barbara-Dias-620x414.jpg 620w\" sizes=\"(max-width: 2560px) 100vw, 2560px\" \/><\/a><figcaption id=\"caption-attachment-71450\" class=\"wp-caption-text\">Vereadora M\u00f4nica Cunha, presidenta da Comiss\u00e3o Especial de Combate ao Racismo, durante uma fala na cerim\u00f4nia de entrega de Mo\u00e7\u00f5es de Louvor e Reconhecimento aos comunicadores antirracistas do Rio de Janeiro. Foto: B\u00e1rbara Dias<\/figcaption><\/figure>\n<p><span style=\"font-weight: 400;\">Dentre os mais de 160 homenageados, destacou-se a presen\u00e7a de <\/span><span style=\"font-weight: 400;\">Maria dos Santos Soares<\/span><span style=\"font-weight: 400;\">, mais conhecida como <a href=\"https:\/\/bit.ly\/3RnABQL\" target=\"_blank\" rel=\"noopener\">Dona Santinha<\/a>, que, aos 99 anos, \u00e9 uma figura emblem\u00e1tica nas manifesta\u00e7\u00f5es no Rio de Janeiro, sempre atuante nos movimentos feministas, de direitos humanos, antirracistas, entre outras mobiliza\u00e7\u00f5es.<\/span><\/p>\n<blockquote><p><span style=\"font-weight: 400;\">\u201cA minha luta principal \u00e9 pelos negros devido \u00e0 situa\u00e7\u00e3o em que nos colocaram, mas a minha milit\u00e2ncia \u00e9 pela humanidade. Eu n\u00e3o sei porque estou aqui. Talvez a minha vida seja respons\u00e1vel por isso, porque n\u00e3o sei ficar indiferente ao que me rodeia. Tudo o que eu acho de errado, eu quero fazer alguma coisa para mudar.\u201d \u2014 <\/span>Dona Santinha<\/p><\/blockquote>\n<figure id=\"attachment_71454\" aria-describedby=\"caption-attachment-71454\" style=\"width: 2560px\" class=\"wp-caption aligncenter\"><a href=\"https:\/\/rioonwatch.org.br\/wp-content\/uploads\/2023\/12\/Dona-Santinha-aos-99-anos-de-idade-recebeu-a-mocao-por-toda-sua-trajetoria-de-vida-e-militancia.-Foto-Barbara-Dias-scaled.jpg\"><img loading=\"lazy\" decoding=\"async\" class=\"wp-image-71454 size-full\" title=\"Dona Santinha, aos 99 anos de idade, recebeu uma Mo\u00e7\u00e3o de Louvor e Reconhecimento por toda sua trajet\u00f3ria de vida e de milit\u00e2ncia. Foto: B\u00e1rbara Dias\" src=\"https:\/\/rioonwatch.org.br\/wp-content\/uploads\/2023\/12\/Dona-Santinha-aos-99-anos-de-idade-recebeu-a-mocao-por-toda-sua-trajetoria-de-vida-e-militancia.-Foto-Barbara-Dias-scaled.jpg\" alt=\"Dona Santinha, aos 99 anos de idade, recebeu uma Mo\u00e7\u00e3o de Louvor e Reconhecimento por toda sua trajet\u00f3ria de vida e de milit\u00e2ncia. Foto: B\u00e1rbara Dias\" width=\"2560\" height=\"1709\" srcset=\"https:\/\/rioonwatch.org.br\/wp-content\/uploads\/2023\/12\/Dona-Santinha-aos-99-anos-de-idade-recebeu-a-mocao-por-toda-sua-trajetoria-de-vida-e-militancia.-Foto-Barbara-Dias-scaled.jpg 2560w, https:\/\/rioonwatch.org.br\/wp-content\/uploads\/2023\/12\/Dona-Santinha-aos-99-anos-de-idade-recebeu-a-mocao-por-toda-sua-trajetoria-de-vida-e-militancia.-Foto-Barbara-Dias-620x414.jpg 620w\" sizes=\"(max-width: 2560px) 100vw, 2560px\" \/><\/a><figcaption id=\"caption-attachment-71454\" class=\"wp-caption-text\">Dona Santinha, aos 99 anos de idade, recebeu uma Mo\u00e7\u00e3o de Louvor e Reconhecimento por toda sua trajet\u00f3ria de vida e de milit\u00e2ncia. Foto: B\u00e1rbara Dias<\/figcaption><\/figure>\n<p>As homenagens seguiram e in\u00fameros projetos antirracistas foram premiados. Dentre eles, citamos algumas presen\u00e7as de m\u00eddias alternativas e de favelas, como: <em><a href=\"https:\/\/bit.ly\/4a3Yp4w\" target=\"_blank\" rel=\"noopener\">Fala Manguinhos<\/a><\/em>,\u00a0<em><a href=\"https:\/\/bit.ly\/3nsbhtg\" target=\"_blank\" rel=\"noopener\">LabJaca<\/a><\/em>,\u00a0<em><a href=\"https:\/\/bit.ly\/43Isn9N\" target=\"_blank\" rel=\"noopener\">Fala Ro\u00e7a<\/a><\/em>,\u00a0<em><a href=\"https:\/\/bit.ly\/37l5Epz\" target=\"_blank\" rel=\"noopener\">Coletivo Fala Akari<\/a>, <a href=\"https:\/\/bit.ly\/3YDW1e0\" target=\"_blank\" rel=\"noopener\">Portal Favelas<\/a>, <a href=\"https:\/\/bit.ly\/2N0OGpN\" target=\"_blank\" rel=\"noopener\">Redes da Mar\u00e9<\/a>, <a href=\"https:\/\/bit.ly\/3uHYR8e\" target=\"_blank\" rel=\"noopener\">ANF<\/a>, <a href=\"https:\/\/bit.ly\/46CStN4\" target=\"_blank\" rel=\"noopener\">Not\u00edcia Preta<\/a>, <a href=\"https:\/\/bit.ly\/4146br7\" target=\"_blank\" rel=\"noopener\">Alma Preta Jornalismo<\/a>, <a href=\"https:\/\/bit.ly\/3Neikno\" target=\"_blank\" rel=\"noopener\">Mundo Negro<\/a>,<\/em>\u00a0<em><a href=\"https:\/\/bit.ly\/3TcMQSq\" target=\"_blank\" rel=\"noopener\">Di\u00e1spora Black<\/a><\/em>,\u00a0<em><a href=\"https:\/\/bit.ly\/3Ea0PjK\" target=\"_blank\" rel=\"noopener\">Bem TV<\/a><\/em>,\u00a0<a href=\"https:\/\/bit.ly\/3TeIYjX\" target=\"_blank\" rel=\"noopener\"><em>Influ\u00eancia Negra<\/em><\/a>,\u00a0<a href=\"https:\/\/bit.ly\/3t9RK5a\" target=\"_blank\" rel=\"noopener\"><em>G\u00eanero e N\u00famero<\/em><\/a> e <em><a href=\"https:\/\/bit.ly\/3d2H4fS\" target=\"_blank\" rel=\"noopener\">M\u00eddia Ninja<\/a><\/em>. Organiza\u00e7\u00f5es da sociedade civil, lideran\u00e7as antirracistas e ONGs tamb\u00e9m receberam mo\u00e7\u00f5es, tal como Jurema Const\u00e2ncio, da\u00a0<a href=\"https:\/\/bit.ly\/45KubzZ\" target=\"_blank\" rel=\"noopener\">Cooperativa Habitacional Shangri-L\u00e1<\/a>, na\u00a0<a href=\"https:\/\/bit.ly\/2Ih14w9\" target=\"_blank\" rel=\"noopener\">Taquara<\/a>,\u00a0<a href=\"https:\/\/bit.ly\/2x3k8bw\" target=\"_blank\" rel=\"noopener\">Zona Oeste<\/a> do Rio, e integrante da Uni\u00e3o Nacional por Moradia Popular (<a href=\"https:\/\/bit.ly\/3G8hSDz\" target=\"_blank\" rel=\"noopener\">UNMP<\/a>); e o <a href=\"https:\/\/bit.ly\/34LUo5s\" target=\"_blank\" rel=\"noopener\">Instituto Marielle Franco<\/a> e sua diretora executiva <a href=\"https:\/\/bit.ly\/3RyTy4c\" target=\"_blank\" rel=\"noopener\">L\u00edgia Batista<\/a>.<\/p>\n<figure id=\"attachment_71516\" aria-describedby=\"caption-attachment-71516\" style=\"width: 2047px\" class=\"wp-caption aligncenter\"><a href=\"https:\/\/rioonwatch.org.br\/wp-content\/uploads\/2023\/12\/Jurema-Constancio-da-Cooperativa-Habitacional-Shangri-La-recebe-Mocao-da-Vereadora-Monica-Cunha.-Foto-Barbara-Dias.jpg\"><img loading=\"lazy\" decoding=\"async\" class=\"wp-image-71516 size-full\" title=\"Jurema Const\u00e2ncio, da\u00a0Cooperativa Habitacional Shangri-L\u00e1, na\u00a0Taquara,\u00a0Zona Oeste do Rio, e integrante da Uni\u00e3o Nacional por Moradia Popular (UNMP) recebe Mo\u00e7\u00e3o de Louvor e Reconhecimento das m\u00e3os da Vereadora M\u00f4nica Cunha. Foto: B\u00e1rbara Dias\" src=\"https:\/\/rioonwatch.org.br\/wp-content\/uploads\/2023\/12\/Jurema-Constancio-da-Cooperativa-Habitacional-Shangri-La-recebe-Mocao-da-Vereadora-Monica-Cunha.-Foto-Barbara-Dias.jpg\" alt=\"Jurema Const\u00e2ncio, da\u00a0Cooperativa Habitacional Shangri-L\u00e1, na\u00a0Taquara,\u00a0Zona Oeste do Rio, e integrante da Uni\u00e3o Nacional por Moradia Popular (UNMP) recebe Mo\u00e7\u00e3o de Louvor e Reconhecimento das m\u00e3os da Vereadora M\u00f4nica Cunha. Foto: B\u00e1rbara Dias\" width=\"2047\" height=\"1367\" srcset=\"https:\/\/rioonwatch.org.br\/wp-content\/uploads\/2023\/12\/Jurema-Constancio-da-Cooperativa-Habitacional-Shangri-La-recebe-Mocao-da-Vereadora-Monica-Cunha.-Foto-Barbara-Dias.jpg 2047w, https:\/\/rioonwatch.org.br\/wp-content\/uploads\/2023\/12\/Jurema-Constancio-da-Cooperativa-Habitacional-Shangri-La-recebe-Mocao-da-Vereadora-Monica-Cunha.-Foto-Barbara-Dias-620x414.jpg 620w\" sizes=\"(max-width: 2047px) 100vw, 2047px\" \/><\/a><figcaption id=\"caption-attachment-71516\" class=\"wp-caption-text\">Jurema Const\u00e2ncio, da\u00a0Cooperativa Habitacional Shangri-L\u00e1, na\u00a0Taquara,\u00a0Zona Oeste do Rio, e integrante da Uni\u00e3o Nacional por Moradia Popular (UNMP) recebe Mo\u00e7\u00e3o de Louvor e Reconhecimento das m\u00e3os da Vereadora M\u00f4nica Cunha. Foto: B\u00e1rbara Dias<\/figcaption><\/figure>\n<p>Da mesma maneira, tamb\u00e9m receberam mo\u00e7\u00f5es diversos profissionais antirracistas, como o ator <a href=\"https:\/\/bit.ly\/3Rw48sM\" target=\"_blank\" rel=\"noopener\">Jonathan Azevedo<\/a>, o jornalista do SportTV <a href=\"https:\/\/bit.ly\/3uI1O8W\" target=\"_blank\" rel=\"noopener\">Marcos Valentim<\/a>, a jornalista do <em>RJTV <\/em>e ex-rep\u00f3rter do <a href=\"https:\/\/bit.ly\/3uMd5oT\" target=\"_blank\" rel=\"noopener\"><em>Voz das Comunidades<\/em><\/a>\u00a0<a href=\"https:\/\/bit.ly\/4acI6lS\" target=\"_blank\" rel=\"noopener\">Vit\u00f3ria Henrique<\/a>, o dramaturgo <a href=\"https:\/\/bit.ly\/3uLudet\" target=\"_blank\" rel=\"noopener\">Jonathan Raymundo<\/a>, o jornalista e ator <a href=\"https:\/\/bit.ly\/3uJXtCd\" target=\"_blank\" rel=\"noopener\">Adalberto Neto<\/a>, e o influencer cria do Complexo da Mar\u00e9 <a href=\"https:\/\/bit.ly\/3NFvLgH\" target=\"_blank\" rel=\"noopener\">Raphael Vicente<\/a>, al\u00e9m de outras personalidades negras importantes na luta contra o racismo.<\/p>\n<p>Ainda nesta noite, v\u00e1rios fot\u00f3grafos populares foram premiados, muitos oriundos do Complexo da Mar\u00e9, membros da <a href=\"https:\/\/bit.ly\/3sZpuFp\" target=\"_blank\" rel=\"noopener\">Escola de Fotografia Popular da Mar\u00e9<\/a>, centro de forma\u00e7\u00e3o fundamental e pioneiro na quebra de estere\u00f3tipos e narrativas imag\u00e9ticas de viol\u00eancia sobre as favelas.<\/p>\n<p>Entre uma entrega de mo\u00e7\u00e3o e outra, algumas falas contundentes foram feitas pelos convidados da mesa.<\/p>\n<blockquote><p><span style=\"font-weight: 400;\">\u201cPrimeiro, [queria dizer que] estou emocionada de ver a M\u00f4nica Cunha, a minha rainha, o meu exemplo de luta, aqui, homenageando comunicadores e comunicadoras antirracistas, numa casa que muitas vezes n\u00e3o abriu suas portas para comunicadores que n\u00e3o t\u00eam diploma de jornalismo. Estar numa casa como essa, t\u00e3o importante para a gente, finalmente aberta para n\u00f3s, antirracistas de periferia, de favelas e quilombos, e estar aqui sendo homenageada \u00e9 muita coisa. Muito obrigada a M\u00f4nica e \u00e0 equipe dela por essa homenagem a todos comunicadores&#8230; Al\u00e9m disso, quero dizer que estou muito feliz de estar aqui nessa mesa maravilhosa com meus exemplos, minhas grandes refer\u00eancias&#8230; a comunica\u00e7\u00e3o comunit\u00e1ria mobiliza ideias para mobilizar pr\u00e1ticas e essa \u00e9 a luta do movimento negro, do povo perif\u00e9rico e do movimento de favelas no Rio de Janeiro, no Brasil e no Mundo&#8230; A gente precisa cada vez mais lutar por uma sociedade em que caiba a gente.<\/span><span style=\"font-weight: 400;\">\u201d \u2014 Gizele Martins<\/span><\/p><\/blockquote>\n<figure id=\"attachment_71451\" aria-describedby=\"caption-attachment-71451\" style=\"width: 2560px\" class=\"wp-caption aligncenter\"><a href=\"https:\/\/rioonwatch.org.br\/wp-content\/uploads\/2023\/12\/Monica-Cunha-premia-Gizele-Martins-jornalista-mareense-e-militante-de-direitos-humanos.-Foto-Barbara-Dias-scaled.jpg\"><img loading=\"lazy\" decoding=\"async\" class=\"wp-image-71451 size-full\" title=\"M\u00f4nica Cunha entrega Mo\u00e7\u00e3o de Louvor e Reconhecimento a Gizele Martins, jornalista mareense e militante de direitos humanos. Foto: B\u00e1rbara Dias\" src=\"https:\/\/rioonwatch.org.br\/wp-content\/uploads\/2023\/12\/Monica-Cunha-premia-Gizele-Martins-jornalista-mareense-e-militante-de-direitos-humanos.-Foto-Barbara-Dias-scaled.jpg\" alt=\"M\u00f4nica Cunha entrega Mo\u00e7\u00e3o de Louvor e Reconhecimento a Gizele Martins, jornalista mareense e militante de direitos humanos. Foto: B\u00e1rbara Dias\" width=\"2560\" height=\"1709\" srcset=\"https:\/\/rioonwatch.org.br\/wp-content\/uploads\/2023\/12\/Monica-Cunha-premia-Gizele-Martins-jornalista-mareense-e-militante-de-direitos-humanos.-Foto-Barbara-Dias-scaled.jpg 2560w, https:\/\/rioonwatch.org.br\/wp-content\/uploads\/2023\/12\/Monica-Cunha-premia-Gizele-Martins-jornalista-mareense-e-militante-de-direitos-humanos.-Foto-Barbara-Dias-620x414.jpg 620w\" sizes=\"(max-width: 2560px) 100vw, 2560px\" \/><\/a><figcaption id=\"caption-attachment-71451\" class=\"wp-caption-text\">M\u00f4nica Cunha entrega Mo\u00e7\u00e3o de Louvor e Reconhecimento a Gizele Martins, jornalista mareense e militante de direitos humanos. Foto: B\u00e1rbara Dias<\/figcaption><\/figure>\n<h3><em>RioOnWatch<\/em> Recebeu Mo\u00e7\u00e3o Tamb\u00e9m pelo Projeto &#8216;Enraizando o Antirracismo nas Favelas&#8217;<\/h3>\n<p><span style=\"font-weight: 400;\">No intuito de promover um debate eficaz contra o racismo, dando destaque \u00e0s vozes de favela do Rio de Janeiro, em 2021, o <em>RioOnWatch<\/em> lan\u00e7ou o projeto <a href=\"https:\/\/bit.ly\/EnraizandoIntro\" target=\"_blank\" rel=\"noopener\"><em>Enraizando o Antirracismo nas Favelas: Desconstruindo Narrativas Sociais sobre Racismo no Rio de Janeiro<\/em><\/a>. Por meio do jornalismo comunit\u00e1rio, esta s\u00e9rie teve como foco promover di\u00e1logos sobre quest\u00f5es de ra\u00e7a, racismo e antirracismo nas favelas do Rio de Janeiro. O objetivo central do projeto foi oferecer uma vis\u00e3o abrangente, multidimensional e interseccional, buscando revelar como o <a href=\"https:\/\/bit.ly\/3JUDW48\" target=\"_blank\" rel=\"noopener\">racismo estrutural<\/a> opera no Rio de Janeiro.<\/span><\/p>\n<p><span style=\"font-weight: 400;\">A proposta da s\u00e9rie foi fomentar discuss\u00f5es e reflex\u00f5es com o objetivo de transformar o cotidiano, pois o\u00a0 racismo permeia as estruturas sociais, incluindo os sil\u00eancios, os <a href=\"https:\/\/bit.ly\/3m57h5t\" target=\"_blank\" rel=\"noopener\">eufemismos presentes nas not\u00edcias<\/a>. Ao longo de 2021 e 2022, o <em>RioOnWatch<\/em> publicou semanalmente artigos, ilustra\u00e7\u00f5es, v\u00eddeos e podcasts, predominantemente produzidos por comunicadores negros residentes em favelas do Rio de Janeiro. Abaixo, assista o v\u00eddeo de encerramento da s\u00e9rie <em>Enraizando o Antirracismo nas Favelas<\/em>, feito pelos comunicadores do projeto.<\/span><\/p>\n<p><iframe title=\"YouTube video player\" src=\"https:\/\/www.youtube.com\/embed\/FvwNs0aDyHg?si=pSHqhxTWiovJU2xA\" width=\"1030\" height=\"563\" frameborder=\"0\" allowfullscreen=\"allowfullscreen\"><span data-mce-type=\"bookmark\" style=\"display: inline-block; width: 0px; overflow: hidden; line-height: 0;\" class=\"mce_SELRES_start\">\ufeff<\/span><\/iframe><\/p>\n<p><span style=\"font-weight: 400;\">O editor da s\u00e9rie <em>Enraizando o Antirracismo nas Favelas<\/em>, presente na cerim\u00f4nia de entrega das mo\u00e7\u00f5es, analisou o projeto e suas conquistas. Ele ponderou sobre a import\u00e2ncia das duas Mo\u00e7\u00f5es de Louvor e Reconhecimento. E destacou que elas s\u00e3o fruto do aquilombamento, do trabalho coletivo dos comunicadores do\u00a0<em>RioOnWatch<\/em>.<\/span><\/p>\n<blockquote><p><span style=\"font-weight: 400;\">\u201c<a href=\"https:\/\/bit.ly\/EnraizandoIntro\" target=\"_blank\" rel=\"noopener\">O projeto <em>Enraizando o Antirracismo nas Favelas<\/em><\/a> publicou 55 produtos midi\u00e1ticos&#8230; por 51 comunicadores e jornalistas de favela&#8230; em sua maioria negros e mulheres, de 24 favelas de toda a regi\u00e3o metropolitana&#8230; Todo produto textual foi acompanhado de uma arte original feita por artistas populares&#8230; O projeto [havia sido premiado por institui\u00e7\u00f5es de fora da cidade]: a primeira foi a medalha de prata no <\/span><a href=\"https:\/\/bit.ly\/3t8jLNp\" target=\"_blank\" rel=\"noopener\"><span style=\"font-weight: 400;\">The Anthem Awards<\/span><\/a><span style=\"font-weight: 400;\">\u00a0<\/span><span style=\"font-weight: 400;\">na categoria Diversidade, Equidade e Inclus\u00e3o, como <\/span><a href=\"https:\/\/bit.ly\/ROWWinsAnthem\" target=\"_blank\" rel=\"noopener\"><span style=\"font-weight: 400;\">Melhor Programa de Conscientiza\u00e7\u00e3o Local<\/span><\/a><span style=\"font-weight: 400;\">,<\/span><span style=\"font-weight: 400;\"> e depois veio o <a href=\"https:\/\/bit.ly\/Pr\u00eamioMegafone\" target=\"_blank\" rel=\"noopener\">Pr\u00eamio Megafone Ativismo<\/a> <\/span><span style=\"font-weight: 400;\">de <a href=\"https:\/\/bit.ly\/46MHErD\" target=\"_blank\" rel=\"noopener\">melhor Reportagem de M\u00eddia Independente<\/a>.<\/span><\/p>\n<p><span style=\"font-weight: 400;\">Essa homenagem oficial e p\u00fablica do Legislativo carioca [traz outra dimens\u00e3o]&#8230; O\u00a0que mais me chama aten\u00e7\u00e3o \u00e9 o quanto isso demorou para acontecer. <a href=\"https:\/\/bit.ly\/3psjNgO\" target=\"_blank\" rel=\"noopener\">135 anos depois<\/a> da aboli\u00e7\u00e3o da escravatura e <a href=\"https:\/\/bit.ly\/3FoSCJB\" target=\"_blank\" rel=\"noopener\">126 anos depois<\/a> da funda\u00e7\u00e3o do Morro da Favela, [\u00e9] s\u00f3 quando uma M\u00f4nica Cunha chega \u00e0 C\u00e2mara, e mesmo assim por supl\u00eancia&#8230; que finalmente temos uma Comiss\u00e3o Especial de Combate ao Racismo. E, mesmo assim, ela \u00e9 <em>especial,<\/em> tempor\u00e1ria&#8230; [na] cidade que mais recebeu&#8230; escravizados&#8230;Como a comiss\u00e3o n\u00e3o \u00e9 permanente? Como o antirracismo n\u00e3o \u00e9 componente de todas as pol\u00edticas da cidade?&#8230; A gente precisa multiplicar esse tipo de iniciativa.\u201d <\/span>\u2014 <span style=\"font-weight: 400;\">Julio Santos Filho<\/span><\/p><\/blockquote>\n<figure id=\"attachment_71492\" aria-describedby=\"caption-attachment-71492\" style=\"width: 2048px\" class=\"wp-caption aligncenter\"><a href=\"https:\/\/rioonwatch.org.br\/wp-content\/uploads\/2023\/12\/Na-foto-representantes-das-seguintes-organizacoes-da-esquerda-para-a-direita-Portal-Catarinas-Genero-e-Numero-RioOnWatch-Noticia-Preta-a-Vereadora-Monica-Cunha-Bem-TV-e-Diaspora-Black.jpg\"><img loading=\"lazy\" decoding=\"async\" class=\"wp-image-71492 size-full\" title=\"Na foto, representantes de Portal Catarinas, G\u00eanero e N\u00famero, RioOnWatch, Not\u00edcia Preta, Bem TV e Di\u00e1spora Black recebem as Mo\u00e7\u00f5es de Louvor e Reconhecimento em nome de seus projetos. Foto: B\u00e1rbara Dias\" src=\"https:\/\/rioonwatch.org.br\/wp-content\/uploads\/2023\/12\/Na-foto-representantes-das-seguintes-organizacoes-da-esquerda-para-a-direita-Portal-Catarinas-Genero-e-Numero-RioOnWatch-Noticia-Preta-a-Vereadora-Monica-Cunha-Bem-TV-e-Diaspora-Black.jpg\" alt=\"Na foto, representantes de Portal Catarinas, G\u00eanero e N\u00famero, RioOnWatch, Not\u00edcia Preta, Bem TV e Di\u00e1spora Black recebem as Mo\u00e7\u00f5es de Louvor e Reconhecimento em nome de seus projetos. Foto: B\u00e1rbara Dias\" width=\"2048\" height=\"1367\" srcset=\"https:\/\/rioonwatch.org.br\/wp-content\/uploads\/2023\/12\/Na-foto-representantes-das-seguintes-organizacoes-da-esquerda-para-a-direita-Portal-Catarinas-Genero-e-Numero-RioOnWatch-Noticia-Preta-a-Vereadora-Monica-Cunha-Bem-TV-e-Diaspora-Black.jpg 2048w, https:\/\/rioonwatch.org.br\/wp-content\/uploads\/2023\/12\/Na-foto-representantes-das-seguintes-organizacoes-da-esquerda-para-a-direita-Portal-Catarinas-Genero-e-Numero-RioOnWatch-Noticia-Preta-a-Vereadora-Monica-Cunha-Bem-TV-e-Diaspora-Black-620x414.jpg 620w\" sizes=\"(max-width: 2048px) 100vw, 2048px\" \/><\/a><figcaption id=\"caption-attachment-71492\" class=\"wp-caption-text\">Na foto, representantes de <em>Portal Catarinas<\/em>, <em>G\u00eanero e N\u00famero<\/em>, <em>RioOnWatch<\/em>, <em>Not\u00edcia Preta<\/em>, <em>Bem TV<\/em> e <em>Di\u00e1spora Black<\/em> recebem as Mo\u00e7\u00f5es de Louvor e Reconhecimento em nome de seus projetos. Foto: B\u00e1rbara Dias<\/figcaption><\/figure>\n<p><span style=\"font-weight: 400;\">Essa noite in\u00e9dita s\u00f3 r<\/span><span style=\"font-weight: 400;\">eiterou a import\u00e2ncia de se homenagear e reconhecer as vozes, as constru\u00e7\u00f5es coletivas e as contribui\u00e7\u00f5es de m\u00eddias alternativas e comunit\u00e1rias, de coletivos, lideran\u00e7as de territ\u00f3rios, jornalistas, comunicadores populares e figuras p\u00fablicas que est\u00e3o no <em>front<\/em> da luta antirracista.<\/span><\/p>\n<h3>Essa Mo\u00e7\u00e3o de Louvor e Reconhecimento pertence a todos os comunicadores que constru\u00edram esse aquilombamento editorial no <em>RioOnWatch<\/em>:<\/h3>\n<figure id=\"attachment_71540\" aria-describedby=\"caption-attachment-71540\" style=\"width: 300px\" class=\"wp-caption alignright\"><a href=\"https:\/\/rioonwatch.org.br\/wp-content\/uploads\/2023\/12\/Mocao-de-Louvor-e-Reconhecimento-conferida-a-serie-Antirracismo-nas-Favelas_Desconstruindo-Narrativas-Sociais-sobre-o-Racismo-no-Rio-de-Janeiro-scaled.jpg\"><img loading=\"lazy\" decoding=\"async\" class=\"wp-image-71540\" title=\"Mo\u00e7\u00e3o de Louvor e Reconhecimento conferida \u00e0 s\u00e9rie 'Enraizando o Antirracismo nas Favelas: Desconstruindo Narrativas Sociais sobre o Racismo no Rio de Janeiro'.\" src=\"https:\/\/rioonwatch.org.br\/wp-content\/uploads\/2023\/12\/Mocao-de-Louvor-e-Reconhecimento-conferida-a-serie-Antirracismo-nas-Favelas_Desconstruindo-Narrativas-Sociais-sobre-o-Racismo-no-Rio-de-Janeiro-scaled.jpg\" alt=\"Mo\u00e7\u00e3o de Louvor e Reconhecimento conferida \u00e0 s\u00e9rie 'Enraizando o Antirracismo nas Favelas: Desconstruindo Narrativas Sociais sobre o Racismo no Rio de Janeiro'.\" width=\"300\" height=\"460\" srcset=\"https:\/\/rioonwatch.org.br\/wp-content\/uploads\/2023\/12\/Mocao-de-Louvor-e-Reconhecimento-conferida-a-serie-Antirracismo-nas-Favelas_Desconstruindo-Narrativas-Sociais-sobre-o-Racismo-no-Rio-de-Janeiro-scaled.jpg 1669w, https:\/\/rioonwatch.org.br\/wp-content\/uploads\/2023\/12\/Mocao-de-Louvor-e-Reconhecimento-conferida-a-serie-Antirracismo-nas-Favelas_Desconstruindo-Narrativas-Sociais-sobre-o-Racismo-no-Rio-de-Janeiro-404x620.jpg 404w, https:\/\/rioonwatch.org.br\/wp-content\/uploads\/2023\/12\/Mocao-de-Louvor-e-Reconhecimento-conferida-a-serie-Antirracismo-nas-Favelas_Desconstruindo-Narrativas-Sociais-sobre-o-Racismo-no-Rio-de-Janeiro-978x1500.jpg 978w\" sizes=\"(max-width: 300px) 100vw, 300px\" \/><\/a><figcaption id=\"caption-attachment-71540\" class=\"wp-caption-text\">Mo\u00e7\u00e3o de Louvor e Reconhecimento conferida \u00e0 s\u00e9rie &#8216;Enraizando o Antirracismo nas Favelas: Desconstruindo Narrativas Sociais sobre o Racismo no Rio de Janeiro&#8217;.<\/figcaption><\/figure>\n<ul>\n<li>Alexandre Cerqueira<\/li>\n<li>Amanda Botelho<\/li>\n<li>Andreia Meireles de Souza<\/li>\n<li>Anielle Franco<\/li>\n<li>Anna Paula Azevedo Pereira Rodrigues<\/li>\n<li>Antonio Alonso<\/li>\n<li>Artur Vinicius Amaro<\/li>\n<li>Beatriz Carvalho<\/li>\n<li>Camila Fiuza<\/li>\n<li>Carolina Santos<\/li>\n<li>Clara Simas Ferraz<\/li>\n<li>Cleyton Santana<\/li>\n<li>Cynthia Lima<\/li>\n<li>David Amen<\/li>\n<li>Douglas Dobby<\/li>\n<li>Eloanah Concei\u00e7\u00e3o<\/li>\n<li>Emerson Caetano<\/li>\n<li>Emerson de Souza<\/li>\n<li>Emilia Maria de Souza<\/li>\n<li>Estev\u00e3o Ribeiro<\/li>\n<li>Euro Mascarenhas Filho<\/li>\n<li>Fabio Leon<\/li>\n<li>Felipe Bellido<\/li>\n<li>Gabriela Anast\u00e1cia<\/li>\n<li>Gisele Moura Camargo<\/li>\n<li>Gizele Martins<\/li>\n<li>Gracilene Firmino<\/li>\n<li>Guilhermina Augusti<\/li>\n<li>Iamni Jager<\/li>\n<li>Ingra Maciel<\/li>\n<li>Jaqueline Suarez<\/li>\n<li>Jeferson Rodrigues<\/li>\n<li>J\u00f4natas Ariel<\/li>\n<li>Juliana Pinho<\/li>\n<li>Julio Santos Filho<\/li>\n<li>Kelly G\u00e9ssica<\/li>\n<li>Lorena Portela<\/li>\n<li>Luan Nascimento<\/li>\n<li>Natalia de Souza Flores<\/li>\n<li>Nathanael Araujo<\/li>\n<li>Neuza Nascimento<\/li>\n<li>Nyl de Souza<\/li>\n<li>Paula Pinto<\/li>\n<li>Paulo Gabriel dos Santos<\/li>\n<li>Rafael Lopes<\/li>\n<li>Raquel Batista<\/li>\n<li>Sabrina Martina<\/li>\n<li>Saulo Nicolai<\/li>\n<li>Tatiana Lima<\/li>\n<li>Victor Morais de Oliveira<\/li>\n<li>Vict\u00f3ria Henrique<\/li>\n<li>Yara Santos<\/li>\n<\/ul>\n<h3>N\u00e3o perca o \u00e1lbum da Cerim\u00f4nia de Entrega de Mo\u00e7\u00f5es de Louvor e Reconhecimento aos Comunicadores Antirracistas do Rio de Janeiro no <a href=\"https:\/\/bit.ly\/3uGqZZp\" target=\"_blank\" rel=\"noopener noreferrer\">Flickr<\/a>:<\/h3>\n<p><a title=\"Pr\u00eamio &quot;Por uma Comunica\u00e7\u00e3o Antirracista&quot; na ABI, 27 de Novembro de 2023\" href=\"https:\/\/www.flickr.com\/photos\/catcomm\/albums\/72177720313089653\" data-flickr-embed=\"true\"><img loading=\"lazy\" decoding=\"async\" src=\"https:\/\/live.staticflickr.com\/65535\/53369644981_f343fdd234_h.jpg\" alt=\"Pr\u00eamio &quot;Por uma Comunica\u00e7\u00e3o Antirracista&quot; na ABI, 27 de Novembro de 2023\" width=\"1600\" height=\"1200\" \/><\/a><script async src=\"\/\/embedr.flickr.com\/assets\/client-code.js\" charset=\"utf-8\"><\/script><\/p>\n<p><em>Sobre a autora e fot\u00f3grafa:\u00a0<a href=\"https:\/\/bit.ly\/3Gc3OJU\" target=\"_blank\" rel=\"noopener\">B\u00e1rbara Dias<\/a>, cria de Bangu, possui licenciatura em Ci\u00eancias Biol\u00f3gicas, mestrado em Educa\u00e7\u00e3o Ambiental e atua como professora da rede p\u00fablica desde 2006. \u00c9 fotojornalista e trabalha tamb\u00e9m com fotografia documental. \u00c9 comunicadora popular formada pelo N\u00facleo Piratininga de Comunica\u00e7\u00e3o (<a href=\"https:\/\/bit.ly\/3i2GcdN\" target=\"_blank\" rel=\"noopener\">NPC<\/a>) e co-fundadora do\u00a0<a href=\"https:\/\/bit.ly\/3vfY8bj\" target=\"_blank\" rel=\"noopener\">Coletivo Fotoguerrilha<\/a>.<\/em><\/p>\n<hr \/>\n<h4><b data-stringify-type=\"bold\">Apoie nossos esfor\u00e7os para fornecer apoio estrat\u00e9gico \u00e0s favelas do Rio, incluindo o jornalismo hiperlocal, cr\u00edtico, inovador e incans\u00e1vel do\u00a0<\/b><b data-stringify-type=\"bold\"><i data-stringify-type=\"italic\">RioOnWatch<\/i><\/b>\u2014<a class=\"c-link\" href=\"http:\/\/www.bit.ly\/ApoieROW\" target=\"_blank\" rel=\"noopener noreferrer\" data-stringify-link=\"http:\/\/www.bit.ly\/ApoieROW\" data-sk=\"tooltip_parent\">doe aqui<\/a>.<\/h4>\n<!-- AddThis Advanced Settings generic via filter on the_content --><!-- AddThis Share Buttons generic via filter on the_content -->","protected":false},"excerpt":{"rendered":"<div class=\"mh-excerpt\"><p>Click Here for English Em uma noite hist\u00f3rica do M\u00eas da Consci\u00eancia Negra, em 27 de novembro, a C\u00e2mara Municipal do Rio de Janeiro, atrav\u00e9s da\u00a0Comiss\u00e3o Especial de Combate ao Racismo, presidida pela Vereadora M\u00f4nica <a class=\"mh-excerpt-more\" href=\"https:\/\/rioonwatch.org.br\/?p=71419\" title=\"Comunicadores Antirracistas Premiados pela C\u00e2mara Municipal do Rio de Janeiro em Noite Hist\u00f3rica na Associa\u00e7\u00e3o Brasileira de Imprensa\">[&#8230;]<\/a><!-- AddThis Advanced Settings generic via filter on get_the_excerpt --><!-- AddThis Share Buttons generic via filter on get_the_excerpt --><\/p>\n<\/div>","protected":false},"author":179,"featured_media":71459,"comment_status":"closed","ping_status":"closed","sticky":false,"template":"template-full.php","format":"standard","meta":{"_acf_changed":false,"_monsterinsights_skip_tracking":false,"_monsterinsights_sitenote_active":false,"_monsterinsights_sitenote_note":"","_monsterinsights_sitenote_category":0,"footnotes":""},"categories":[3172,1621,1627,3175,1633,1613,1616,1612],"tags":[3398,3253,3139,1754,332,217,1530,513,3236,2174,1874,3155,954,2057,3241,257,1760,950,3114,1107,2974,2193,52,2003],"writer":[3244],"translator":[],"source":[],"ilustrador":[],"fotografo":[3184],"class_list":{"0":"post-71419","1":"post","2":"type-post","3":"status-publish","4":"format-standard","5":"has-post-thumbnail","7":"category-olhonamidia","8":"category-destaque","9":"category-relato-de-evento","10":"category-democracia","11":"category-foto-reportagens","12":"category-midia-comunitaria","13":"category-qualidades-da-favela","14":"category-sociedade-civil","15":"tag-abi","16":"tag-antirracismo","17":"tag-aquilombamento","18":"tag-camara-dos-vereadores","19":"tag-complexo-da-mare","20":"tag-complexo-do-alemao","21":"tag-midia-comunitaria","22":"tag-cultura-afro-brasileira","23":"tag-fala-akari","24":"tag-fala-manguinhos","25":"tag-fala-roca","26":"tag-labjaca","27":"tag-liberdade-de-imprensa","28":"tag-midia-alternativa","29":"tag-monica-cunha","30":"tag-providencia","31":"tag-narrativa-midiatica","32":"tag-premio","33":"tag-racismo-estrutural","34":"tag-redes-da-mare","35":"tag-serie-antirracismo","36":"tag-ufrj","37":"tag-violencia-policial","38":"tag-voz-das-comunidades","39":"writer-barbara-dias","40":"fotografo-barbara-dias"},"acf":[],"yoast_head":"<!-- This site is optimized with the Yoast SEO plugin v25.6 - https:\/\/yoast.com\/wordpress\/plugins\/seo\/ -->\n<title>Comunicadores Antirracistas Premiados pela C\u00e2mara Municipal do Rio de Janeiro em Noite Hist\u00f3rica na Associa\u00e7\u00e3o Brasileira de Imprensa - RioOnWatch<\/title>\n<meta name=\"robots\" content=\"index, follow, max-snippet:-1, max-image-preview:large, max-video-preview:-1\" \/>\n<link rel=\"canonical\" href=\"https:\/\/rioonwatch.org.br\/?p=71419\" \/>\n<meta property=\"og:locale\" content=\"pt_BR\" \/>\n<meta property=\"og:type\" content=\"article\" \/>\n<meta property=\"og:title\" content=\"Comunicadores Antirracistas Premiados pela C\u00e2mara Municipal do Rio de Janeiro em Noite Hist\u00f3rica na Associa\u00e7\u00e3o Brasileira de Imprensa - RioOnWatch\" \/>\n<meta property=\"og:description\" content=\"Click Here for English Em uma noite hist\u00f3rica do M\u00eas da Consci\u00eancia Negra, em 27 de novembro, a C\u00e2mara Municipal do Rio de Janeiro, atrav\u00e9s da\u00a0Comiss\u00e3o Especial de Combate ao Racismo, presidida pela Vereadora M\u00f4nica [...]\" \/>\n<meta property=\"og:url\" content=\"https:\/\/rioonwatch.org.br\/?p=71419\" \/>\n<meta property=\"og:site_name\" content=\"RioOnWatch\" \/>\n<meta property=\"article:published_time\" content=\"2023-12-05T12:02:27+00:00\" \/>\n<meta property=\"article:modified_time\" content=\"2024-01-18T18:54:28+00:00\" \/>\n<meta property=\"og:image\" content=\"https:\/\/rioonwatch.org.br\/wp-content\/uploads\/2023\/12\/Auditorio-da-Associacao-Brasileira-de-Imprensa-lotado-para-acompanhar-a-entrega-das-premiacoes-aos-comunicadores-antirracistas.-Foto-Barbara-Dias-scaled.jpg\" \/>\n\t<meta property=\"og:image:width\" content=\"2560\" \/>\n\t<meta property=\"og:image:height\" content=\"1709\" \/>\n\t<meta property=\"og:image:type\" content=\"image\/jpeg\" \/>\n<meta name=\"author\" content=\"Janaina Tavares\" \/>\n<meta name=\"twitter:card\" content=\"summary_large_image\" \/>\n<meta name=\"twitter:label1\" content=\"Escrito por\" \/>\n\t<meta name=\"twitter:data1\" content=\"Janaina Tavares\" \/>\n\t<meta name=\"twitter:label2\" content=\"Est. tempo de leitura\" \/>\n\t<meta name=\"twitter:data2\" content=\"14 minutos\" \/>\n<script type=\"application\/ld+json\" class=\"yoast-schema-graph\">{\"@context\":\"https:\/\/schema.org\",\"@graph\":[{\"@type\":\"Article\",\"@id\":\"https:\/\/rioonwatch.org.br\/?p=71419#article\",\"isPartOf\":{\"@id\":\"https:\/\/rioonwatch.org.br\/?p=71419\"},\"author\":{\"name\":\"Janaina Tavares\",\"@id\":\"https:\/\/rioonwatch.org.br\/#\/schema\/person\/feb227e5e7679aacc3d672e375cae1bd\"},\"headline\":\"Comunicadores Antirracistas Premiados pela C\u00e2mara Municipal do Rio de Janeiro em Noite Hist\u00f3rica na Associa\u00e7\u00e3o Brasileira de Imprensa\",\"datePublished\":\"2023-12-05T12:02:27+00:00\",\"dateModified\":\"2024-01-18T18:54:28+00:00\",\"mainEntityOfPage\":{\"@id\":\"https:\/\/rioonwatch.org.br\/?p=71419\"},\"wordCount\":2300,\"publisher\":{\"@id\":\"https:\/\/rioonwatch.org.br\/#organization\"},\"image\":{\"@id\":\"https:\/\/rioonwatch.org.br\/?p=71419#primaryimage\"},\"thumbnailUrl\":\"https:\/\/rioonwatch.org.br\/wp-content\/uploads\/2023\/12\/Auditorio-da-Associacao-Brasileira-de-Imprensa-lotado-para-acompanhar-a-entrega-das-premiacoes-aos-comunicadores-antirracistas.-Foto-Barbara-Dias-scaled.jpg\",\"keywords\":[\"ABI\",\"Antirracismo\",\"Aquilombamento\",\"C\u00e2mara dos Vereadores\",\"Complexo da Mar\u00e9\",\"Complexo do Alem\u00e3o\",\"Comunica\u00e7\u00e3o Comunit\u00e1ria\",\"Cultura Afro-brasileira\",\"Fala Akari\",\"Fala Manguinhos\",\"Fala Ro\u00e7a\",\"LabJaca\",\"liberdade de imprensa\",\"m\u00eddia alternativa\",\"Monica Cunha\",\"Morro da Provid\u00eancia\",\"narrativa midi\u00e1tica\",\"pr\u00eamio\",\"Racismo estrutural\",\"Redes da Mar\u00e9\",\"S\u00e9rie: Antirracismo\",\"UFRJ\",\"viol\u00eancia policial\",\"Voz das Comunidades\"],\"articleSection\":[\"#OlhoNaM\u00eddia\",\"*Destaque\",\"Cobertura de Eventos\",\"Democracia\",\"Fotorreportagens\",\"M\u00eddia Comunit\u00e1ria\",\"Qualidades da Favela\",\"Sociedade Civil\"],\"inLanguage\":\"pt-BR\"},{\"@type\":\"WebPage\",\"@id\":\"https:\/\/rioonwatch.org.br\/?p=71419\",\"url\":\"https:\/\/rioonwatch.org.br\/?p=71419\",\"name\":\"Comunicadores Antirracistas Premiados pela C\u00e2mara Municipal do Rio de Janeiro em Noite Hist\u00f3rica na Associa\u00e7\u00e3o Brasileira de Imprensa - RioOnWatch\",\"isPartOf\":{\"@id\":\"https:\/\/rioonwatch.org.br\/#website\"},\"primaryImageOfPage\":{\"@id\":\"https:\/\/rioonwatch.org.br\/?p=71419#primaryimage\"},\"image\":{\"@id\":\"https:\/\/rioonwatch.org.br\/?p=71419#primaryimage\"},\"thumbnailUrl\":\"https:\/\/rioonwatch.org.br\/wp-content\/uploads\/2023\/12\/Auditorio-da-Associacao-Brasileira-de-Imprensa-lotado-para-acompanhar-a-entrega-das-premiacoes-aos-comunicadores-antirracistas.-Foto-Barbara-Dias-scaled.jpg\",\"datePublished\":\"2023-12-05T12:02:27+00:00\",\"dateModified\":\"2024-01-18T18:54:28+00:00\",\"breadcrumb\":{\"@id\":\"https:\/\/rioonwatch.org.br\/?p=71419#breadcrumb\"},\"inLanguage\":\"pt-BR\",\"potentialAction\":[{\"@type\":\"ReadAction\",\"target\":[\"https:\/\/rioonwatch.org.br\/?p=71419\"]}]},{\"@type\":\"ImageObject\",\"inLanguage\":\"pt-BR\",\"@id\":\"https:\/\/rioonwatch.org.br\/?p=71419#primaryimage\",\"url\":\"https:\/\/rioonwatch.org.br\/wp-content\/uploads\/2023\/12\/Auditorio-da-Associacao-Brasileira-de-Imprensa-lotado-para-acompanhar-a-entrega-das-premiacoes-aos-comunicadores-antirracistas.-Foto-Barbara-Dias-scaled.jpg\",\"contentUrl\":\"https:\/\/rioonwatch.org.br\/wp-content\/uploads\/2023\/12\/Auditorio-da-Associacao-Brasileira-de-Imprensa-lotado-para-acompanhar-a-entrega-das-premiacoes-aos-comunicadores-antirracistas.-Foto-Barbara-Dias-scaled.jpg\",\"width\":2560,\"height\":1709},{\"@type\":\"BreadcrumbList\",\"@id\":\"https:\/\/rioonwatch.org.br\/?p=71419#breadcrumb\",\"itemListElement\":[{\"@type\":\"ListItem\",\"position\":1,\"name\":\"In\u00edcio\",\"item\":\"https:\/\/rioonwatch.org.br\/\"},{\"@type\":\"ListItem\",\"position\":2,\"name\":\"Comunicadores Antirracistas Premiados pela C\u00e2mara Municipal do Rio de Janeiro em Noite Hist\u00f3rica na Associa\u00e7\u00e3o Brasileira de Imprensa\"}]},{\"@type\":\"WebSite\",\"@id\":\"https:\/\/rioonwatch.org.br\/#website\",\"url\":\"https:\/\/rioonwatch.org.br\/\",\"name\":\"RioOnWatch\",\"description\":\"relatos das favelas cariocas\",\"publisher\":{\"@id\":\"https:\/\/rioonwatch.org.br\/#organization\"},\"potentialAction\":[{\"@type\":\"SearchAction\",\"target\":{\"@type\":\"EntryPoint\",\"urlTemplate\":\"https:\/\/rioonwatch.org.br\/?s={search_term_string}\"},\"query-input\":{\"@type\":\"PropertyValueSpecification\",\"valueRequired\":true,\"valueName\":\"search_term_string\"}}],\"inLanguage\":\"pt-BR\"},{\"@type\":\"Organization\",\"@id\":\"https:\/\/rioonwatch.org.br\/#organization\",\"name\":\"RioOnWatch\",\"url\":\"https:\/\/rioonwatch.org.br\/\",\"logo\":{\"@type\":\"ImageObject\",\"inLanguage\":\"pt-BR\",\"@id\":\"https:\/\/rioonwatch.org.br\/#\/schema\/logo\/image\/\",\"url\":\"https:\/\/rioonwatch.org.br\/wp-content\/uploads\/2021\/06\/RioOnWatchcabecalhoPT11anos-2.png\",\"contentUrl\":\"https:\/\/rioonwatch.org.br\/wp-content\/uploads\/2021\/06\/RioOnWatchcabecalhoPT11anos-2.png\",\"width\":779,\"height\":277,\"caption\":\"RioOnWatch\"},\"image\":{\"@id\":\"https:\/\/rioonwatch.org.br\/#\/schema\/logo\/image\/\"}},{\"@type\":\"Person\",\"@id\":\"https:\/\/rioonwatch.org.br\/#\/schema\/person\/feb227e5e7679aacc3d672e375cae1bd\",\"name\":\"Janaina Tavares\",\"image\":{\"@type\":\"ImageObject\",\"inLanguage\":\"pt-BR\",\"@id\":\"https:\/\/rioonwatch.org.br\/#\/schema\/person\/image\/\",\"url\":\"https:\/\/secure.gravatar.com\/avatar\/83bb5bb4f8b0c5ad63f35939640eaaa2?s=96&d=blank&r=g\",\"contentUrl\":\"https:\/\/secure.gravatar.com\/avatar\/83bb5bb4f8b0c5ad63f35939640eaaa2?s=96&d=blank&r=g\",\"caption\":\"Janaina Tavares\"},\"url\":\"https:\/\/rioonwatch.org.br\/?author=179\"}]}<\/script>\n<!-- \/ Yoast SEO plugin. -->","yoast_head_json":{"title":"Comunicadores Antirracistas Premiados pela C\u00e2mara Municipal do Rio de Janeiro em Noite Hist\u00f3rica na Associa\u00e7\u00e3o Brasileira de Imprensa - RioOnWatch","robots":{"index":"index","follow":"follow","max-snippet":"max-snippet:-1","max-image-preview":"max-image-preview:large","max-video-preview":"max-video-preview:-1"},"canonical":"https:\/\/rioonwatch.org.br\/?p=71419","og_locale":"pt_BR","og_type":"article","og_title":"Comunicadores Antirracistas Premiados pela C\u00e2mara Municipal do Rio de Janeiro em Noite Hist\u00f3rica na Associa\u00e7\u00e3o Brasileira de Imprensa - RioOnWatch","og_description":"Click Here for English Em uma noite hist\u00f3rica do M\u00eas da Consci\u00eancia Negra, em 27 de novembro, a C\u00e2mara Municipal do Rio de Janeiro, atrav\u00e9s da\u00a0Comiss\u00e3o Especial de Combate ao Racismo, presidida pela Vereadora M\u00f4nica [...]","og_url":"https:\/\/rioonwatch.org.br\/?p=71419","og_site_name":"RioOnWatch","article_published_time":"2023-12-05T12:02:27+00:00","article_modified_time":"2024-01-18T18:54:28+00:00","og_image":[{"width":2560,"height":1709,"url":"https:\/\/rioonwatch.org.br\/wp-content\/uploads\/2023\/12\/Auditorio-da-Associacao-Brasileira-de-Imprensa-lotado-para-acompanhar-a-entrega-das-premiacoes-aos-comunicadores-antirracistas.-Foto-Barbara-Dias-scaled.jpg","type":"image\/jpeg"}],"author":"Janaina Tavares","twitter_card":"summary_large_image","twitter_misc":{"Escrito por":"Janaina Tavares","Est. tempo de leitura":"14 minutos"},"schema":{"@context":"https:\/\/schema.org","@graph":[{"@type":"Article","@id":"https:\/\/rioonwatch.org.br\/?p=71419#article","isPartOf":{"@id":"https:\/\/rioonwatch.org.br\/?p=71419"},"author":{"name":"Janaina Tavares","@id":"https:\/\/rioonwatch.org.br\/#\/schema\/person\/feb227e5e7679aacc3d672e375cae1bd"},"headline":"Comunicadores Antirracistas Premiados pela C\u00e2mara Municipal do Rio de Janeiro em Noite Hist\u00f3rica na Associa\u00e7\u00e3o Brasileira de Imprensa","datePublished":"2023-12-05T12:02:27+00:00","dateModified":"2024-01-18T18:54:28+00:00","mainEntityOfPage":{"@id":"https:\/\/rioonwatch.org.br\/?p=71419"},"wordCount":2300,"publisher":{"@id":"https:\/\/rioonwatch.org.br\/#organization"},"image":{"@id":"https:\/\/rioonwatch.org.br\/?p=71419#primaryimage"},"thumbnailUrl":"https:\/\/rioonwatch.org.br\/wp-content\/uploads\/2023\/12\/Auditorio-da-Associacao-Brasileira-de-Imprensa-lotado-para-acompanhar-a-entrega-das-premiacoes-aos-comunicadores-antirracistas.-Foto-Barbara-Dias-scaled.jpg","keywords":["ABI","Antirracismo","Aquilombamento","C\u00e2mara dos Vereadores","Complexo da Mar\u00e9","Complexo do Alem\u00e3o","Comunica\u00e7\u00e3o Comunit\u00e1ria","Cultura Afro-brasileira","Fala Akari","Fala Manguinhos","Fala Ro\u00e7a","LabJaca","liberdade de imprensa","m\u00eddia alternativa","Monica Cunha","Morro da Provid\u00eancia","narrativa midi\u00e1tica","pr\u00eamio","Racismo estrutural","Redes da Mar\u00e9","S\u00e9rie: Antirracismo","UFRJ","viol\u00eancia policial","Voz das Comunidades"],"articleSection":["#OlhoNaM\u00eddia","*Destaque","Cobertura de Eventos","Democracia","Fotorreportagens","M\u00eddia Comunit\u00e1ria","Qualidades da Favela","Sociedade Civil"],"inLanguage":"pt-BR"},{"@type":"WebPage","@id":"https:\/\/rioonwatch.org.br\/?p=71419","url":"https:\/\/rioonwatch.org.br\/?p=71419","name":"Comunicadores Antirracistas Premiados pela C\u00e2mara Municipal do Rio de Janeiro em Noite Hist\u00f3rica na Associa\u00e7\u00e3o Brasileira de Imprensa - RioOnWatch","isPartOf":{"@id":"https:\/\/rioonwatch.org.br\/#website"},"primaryImageOfPage":{"@id":"https:\/\/rioonwatch.org.br\/?p=71419#primaryimage"},"image":{"@id":"https:\/\/rioonwatch.org.br\/?p=71419#primaryimage"},"thumbnailUrl":"https:\/\/rioonwatch.org.br\/wp-content\/uploads\/2023\/12\/Auditorio-da-Associacao-Brasileira-de-Imprensa-lotado-para-acompanhar-a-entrega-das-premiacoes-aos-comunicadores-antirracistas.-Foto-Barbara-Dias-scaled.jpg","datePublished":"2023-12-05T12:02:27+00:00","dateModified":"2024-01-18T18:54:28+00:00","breadcrumb":{"@id":"https:\/\/rioonwatch.org.br\/?p=71419#breadcrumb"},"inLanguage":"pt-BR","potentialAction":[{"@type":"ReadAction","target":["https:\/\/rioonwatch.org.br\/?p=71419"]}]},{"@type":"ImageObject","inLanguage":"pt-BR","@id":"https:\/\/rioonwatch.org.br\/?p=71419#primaryimage","url":"https:\/\/rioonwatch.org.br\/wp-content\/uploads\/2023\/12\/Auditorio-da-Associacao-Brasileira-de-Imprensa-lotado-para-acompanhar-a-entrega-das-premiacoes-aos-comunicadores-antirracistas.-Foto-Barbara-Dias-scaled.jpg","contentUrl":"https:\/\/rioonwatch.org.br\/wp-content\/uploads\/2023\/12\/Auditorio-da-Associacao-Brasileira-de-Imprensa-lotado-para-acompanhar-a-entrega-das-premiacoes-aos-comunicadores-antirracistas.-Foto-Barbara-Dias-scaled.jpg","width":2560,"height":1709},{"@type":"BreadcrumbList","@id":"https:\/\/rioonwatch.org.br\/?p=71419#breadcrumb","itemListElement":[{"@type":"ListItem","position":1,"name":"In\u00edcio","item":"https:\/\/rioonwatch.org.br\/"},{"@type":"ListItem","position":2,"name":"Comunicadores Antirracistas Premiados pela C\u00e2mara Municipal do Rio de Janeiro em Noite Hist\u00f3rica na Associa\u00e7\u00e3o Brasileira de Imprensa"}]},{"@type":"WebSite","@id":"https:\/\/rioonwatch.org.br\/#website","url":"https:\/\/rioonwatch.org.br\/","name":"RioOnWatch","description":"relatos das favelas cariocas","publisher":{"@id":"https:\/\/rioonwatch.org.br\/#organization"},"potentialAction":[{"@type":"SearchAction","target":{"@type":"EntryPoint","urlTemplate":"https:\/\/rioonwatch.org.br\/?s={search_term_string}"},"query-input":{"@type":"PropertyValueSpecification","valueRequired":true,"valueName":"search_term_string"}}],"inLanguage":"pt-BR"},{"@type":"Organization","@id":"https:\/\/rioonwatch.org.br\/#organization","name":"RioOnWatch","url":"https:\/\/rioonwatch.org.br\/","logo":{"@type":"ImageObject","inLanguage":"pt-BR","@id":"https:\/\/rioonwatch.org.br\/#\/schema\/logo\/image\/","url":"https:\/\/rioonwatch.org.br\/wp-content\/uploads\/2021\/06\/RioOnWatchcabecalhoPT11anos-2.png","contentUrl":"https:\/\/rioonwatch.org.br\/wp-content\/uploads\/2021\/06\/RioOnWatchcabecalhoPT11anos-2.png","width":779,"height":277,"caption":"RioOnWatch"},"image":{"@id":"https:\/\/rioonwatch.org.br\/#\/schema\/logo\/image\/"}},{"@type":"Person","@id":"https:\/\/rioonwatch.org.br\/#\/schema\/person\/feb227e5e7679aacc3d672e375cae1bd","name":"Janaina Tavares","image":{"@type":"ImageObject","inLanguage":"pt-BR","@id":"https:\/\/rioonwatch.org.br\/#\/schema\/person\/image\/","url":"https:\/\/secure.gravatar.com\/avatar\/83bb5bb4f8b0c5ad63f35939640eaaa2?s=96&d=blank&r=g","contentUrl":"https:\/\/secure.gravatar.com\/avatar\/83bb5bb4f8b0c5ad63f35939640eaaa2?s=96&d=blank&r=g","caption":"Janaina Tavares"},"url":"https:\/\/rioonwatch.org.br\/?author=179"}]}},"_links":{"self":[{"href":"https:\/\/rioonwatch.org.br\/index.php?rest_route=\/wp\/v2\/posts\/71419"}],"collection":[{"href":"https:\/\/rioonwatch.org.br\/index.php?rest_route=\/wp\/v2\/posts"}],"about":[{"href":"https:\/\/rioonwatch.org.br\/index.php?rest_route=\/wp\/v2\/types\/post"}],"author":[{"embeddable":true,"href":"https:\/\/rioonwatch.org.br\/index.php?rest_route=\/wp\/v2\/users\/179"}],"replies":[{"embeddable":true,"href":"https:\/\/rioonwatch.org.br\/index.php?rest_route=%2Fwp%2Fv2%2Fcomments&post=71419"}],"version-history":[{"count":79,"href":"https:\/\/rioonwatch.org.br\/index.php?rest_route=\/wp\/v2\/posts\/71419\/revisions"}],"predecessor-version":[{"id":72108,"href":"https:\/\/rioonwatch.org.br\/index.php?rest_route=\/wp\/v2\/posts\/71419\/revisions\/72108"}],"wp:featuredmedia":[{"embeddable":true,"href":"https:\/\/rioonwatch.org.br\/index.php?rest_route=\/wp\/v2\/media\/71459"}],"wp:attachment":[{"href":"https:\/\/rioonwatch.org.br\/index.php?rest_route=%2Fwp%2Fv2%2Fmedia&parent=71419"}],"wp:term":[{"taxonomy":"category","embeddable":true,"href":"https:\/\/rioonwatch.org.br\/index.php?rest_route=%2Fwp%2Fv2%2Fcategories&post=71419"},{"taxonomy":"post_tag","embeddable":true,"href":"https:\/\/rioonwatch.org.br\/index.php?rest_route=%2Fwp%2Fv2%2Ftags&post=71419"},{"taxonomy":"writer","embeddable":true,"href":"https:\/\/rioonwatch.org.br\/index.php?rest_route=%2Fwp%2Fv2%2Fwriter&post=71419"},{"taxonomy":"translator","embeddable":true,"href":"https:\/\/rioonwatch.org.br\/index.php?rest_route=%2Fwp%2Fv2%2Ftranslator&post=71419"},{"taxonomy":"source","embeddable":true,"href":"https:\/\/rioonwatch.org.br\/index.php?rest_route=%2Fwp%2Fv2%2Fsource&post=71419"},{"taxonomy":"ilustrador","embeddable":true,"href":"https:\/\/rioonwatch.org.br\/index.php?rest_route=%2Fwp%2Fv2%2Filustrador&post=71419"},{"taxonomy":"fotografo","embeddable":true,"href":"https:\/\/rioonwatch.org.br\/index.php?rest_route=%2Fwp%2Fv2%2Ffotografo&post=71419"}],"curies":[{"name":"wp","href":"https:\/\/api.w.org\/{rel}","templated":true}]}}