{"id":71462,"date":"2024-01-11T08:00:31","date_gmt":"2024-01-11T11:00:31","guid":{"rendered":"https:\/\/rioonwatch.org.br\/?p=71462"},"modified":"2024-01-23T11:33:28","modified_gmt":"2024-01-23T14:33:28","slug":"encontro-das-aguas-na-cidade-de-deus-projeto-eco-rede-fortalece-identidade-e-resgata-memoria-dos-rios-da-comunidade","status":"publish","type":"post","link":"https:\/\/rioonwatch.org.br\/?p=71462","title":{"rendered":"Encontro das \u00c1guas na Cidade de Deus: Projeto Eco Rede Fortalece Identidade e Resgata Mem\u00f3ria dos Rios da Comunidade"},"content":{"rendered":"<figure id=\"attachment_71495\" aria-describedby=\"caption-attachment-71495\" style=\"width: 1920px\" class=\"wp-caption aligncenter\"><a href=\"https:\/\/rioonwatch.org.br\/wp-content\/uploads\/2023\/12\/Rio-Grande-visto-da-ponte-nova-Cidade-de-Deus-ao-fundo-Macico-da-Tijuca.-Fonte-Gabrielle-Conceicao-17.08.2023-scaled.jpg\"><img fetchpriority=\"high\" decoding=\"async\" class=\"wp-image-71495 size-full\" title=\"Rio Grande visto da ponte nova, na Cidade de Deus. Ao fundo, v\u00ea-se o Maci\u00e7o da Tijuca. Foto: Gabrielle Concei\u00e7\u00e3o\" src=\"https:\/\/rioonwatch.org.br\/wp-content\/uploads\/2023\/12\/Rio-Grande-visto-da-ponte-nova-Cidade-de-Deus-ao-fundo-Macico-da-Tijuca.-Fonte-Gabrielle-Conceicao-17.08.2023-scaled.jpg\" alt=\"Rio Grande visto da ponte nova, na Cidade de Deus. Ao fundo, v\u00ea-se o Maci\u00e7o da Tijuca. Foto: Gabrielle Concei\u00e7\u00e3o\" width=\"1920\" height=\"2560\" srcset=\"https:\/\/rioonwatch.org.br\/wp-content\/uploads\/2023\/12\/Rio-Grande-visto-da-ponte-nova-Cidade-de-Deus-ao-fundo-Macico-da-Tijuca.-Fonte-Gabrielle-Conceicao-17.08.2023-scaled.jpg 1920w, https:\/\/rioonwatch.org.br\/wp-content\/uploads\/2023\/12\/Rio-Grande-visto-da-ponte-nova-Cidade-de-Deus-ao-fundo-Macico-da-Tijuca.-Fonte-Gabrielle-Conceicao-17.08.2023-465x620.jpg 465w, https:\/\/rioonwatch.org.br\/wp-content\/uploads\/2023\/12\/Rio-Grande-visto-da-ponte-nova-Cidade-de-Deus-ao-fundo-Macico-da-Tijuca.-Fonte-Gabrielle-Conceicao-17.08.2023-1125x1500.jpg 1125w\" sizes=\"(max-width: 1920px) 100vw, 1920px\" \/><\/a><figcaption id=\"caption-attachment-71495\" class=\"wp-caption-text\">Rio Grande visto da ponte nova, na Cidade de Deus. Ao fundo, v\u00ea-se o Maci\u00e7o da Tijuca. Foto: Gabrielle Concei\u00e7\u00e3o<\/figcaption><\/figure>\n<p style=\"text-align: right;\"><a href=\"https:\/\/bit.ly\/4b9iVkU\" target=\"_blank\" rel=\"noopener\"><em><strong>Click Here for English<img decoding=\"async\" class=\"alignright wp-image-15790\" src=\"https:\/\/rioonwatch.org.br\/wp-content\/uploads\/2012\/08\/EN-standard-e1439583104716.jpg\" alt=\"\" width=\"20\" height=\"20\" \/><\/strong><\/em><\/a><\/p>\n<h4><b><em><a href=\"https:\/\/bit.ly\/SerieSDSU\"><img decoding=\"async\" class=\"alignright wp-image-55315\" src=\"https:\/\/rioonwatch.org\/wp-content\/uploads\/2019\/08\/BehnerStiefel.png\" sizes=\"(max-width: 200px) 100vw, 200px\" srcset=\"https:\/\/rioonwatch.org\/wp-content\/uploads\/2019\/08\/BehnerStiefel.png 1934w, https:\/\/rioonwatch.org\/wp-content\/uploads\/2019\/08\/BehnerStiefel-300x102.png 300w, https:\/\/rioonwatch.org\/wp-content\/uploads\/2019\/08\/BehnerStiefel-768x261.png 768w, https:\/\/rioonwatch.org\/wp-content\/uploads\/2019\/08\/BehnerStiefel-1024x348.png 1024w\" alt=\"Centro Behner Stiefel de Estudos Brasileiros\" width=\"200\" height=\"68\" \/><\/a><\/em><\/b><\/h4>\n<h4><b>Esta \u00e9 a mat\u00e9ria final de uma <a href=\"https:\/\/bit.ly\/SerieJusticaHidrica\" target=\"_blank\" rel=\"noopener\">s\u00e9rie sobre justi\u00e7a h\u00eddrica nas favelas<\/a> <\/b>escrita por jovens moradores de favela e resultado do curso \u201cJusti\u00e7a Clim\u00e1tica no Jornalismo Comunit\u00e1rio: Da Constru\u00e7\u00e3o da Pauta \u00e0 Reda\u00e7\u00e3o da Not\u00edcia\u201d. O curso, realizado pela equipe do\u00a0<em>RioOnWatch<\/em>, em parceria com o GT Jovem da Rede Favela Sustent\u00e1vel (<a href=\"https:\/\/bit.ly\/FavelaSustentavel\" rel=\"noopener\">RFS<\/a>), aconteceu nos meses de julho-setembro de 2023. <em>Ela tamb\u00e9m <\/em><em>faz parte de uma\u00a0<a href=\"https:\/\/bit.ly\/SerieSDSU\" rel=\"noopener noreferrer\">s\u00e9rie<\/a>\u00a0gerada por uma parceria com o\u00a0<a href=\"https:\/\/bit.ly\/SDSUDigitalBrazilProject\" rel=\"noopener noreferrer\">Digital Brazil Project<\/a>\u00a0do\u00a0<a href=\"http:\/\/bit.ly\/2zcymI6\" rel=\"noopener noreferrer\">Centro Behner Stiefel de Estudos Brasileiros<\/a> da Universidade Estadual de San Diego na Calif\u00f3rnia, para produzir mat\u00e9rias sobre justi\u00e7a ambiental nas favelas fluminenses.<\/em><\/h4>\n<h3>As Enchentes e o Racismo Ambiental na Hist\u00f3ria da Cidade de Deus<\/h3>\n<figure id=\"attachment_71555\" aria-describedby=\"caption-attachment-71555\" style=\"width: 500px\" class=\"wp-caption alignright\"><a href=\"https:\/\/rioonwatch.org.br\/wp-content\/uploads\/2023\/12\/memoria-tv-enchente-rio-de-janeiro-1966-ebc_fixed_large.webp\"><img loading=\"lazy\" decoding=\"async\" class=\"wp-image-71555\" title=\"Pessoas sendo resgatadas e transportadas de barco, durante enchente no Rio de Janeiro, em 1966. Foto: Corpo de Bombeiros do Rio de Janeiro\" src=\"https:\/\/rioonwatch.org.br\/wp-content\/uploads\/2023\/12\/memoria-tv-enchente-rio-de-janeiro-1966-ebc_fixed_large.webp\" alt=\"Pessoas sendo resgatadas e transportadas de barco, durante enchente no Rio de Janeiro, em 1966. Foto: Corpo de Bombeiros do Rio de Janeiro\" width=\"500\" height=\"313\" srcset=\"https:\/\/rioonwatch.org.br\/wp-content\/uploads\/2023\/12\/memoria-tv-enchente-rio-de-janeiro-1966-ebc_fixed_large.webp 990w, https:\/\/rioonwatch.org.br\/wp-content\/uploads\/2023\/12\/memoria-tv-enchente-rio-de-janeiro-1966-ebc_fixed_large-620x388.webp 620w\" sizes=\"(max-width: 500px) 100vw, 500px\" \/><\/a><figcaption id=\"caption-attachment-71555\" class=\"wp-caption-text\">Pessoas sendo resgatadas e transportadas de barco durante enchente que afetou grande parte do Rio de Janeiro, em 1966. Foto: Corpo de Bombeiros do Rio de Janeiro<\/figcaption><\/figure>\n<p>A primeira enchente que marcou a hist\u00f3ria <span style=\"font-weight: 400;\">da Cidade de Deus (<a href=\"https:\/\/bit.ly\/3bDqT5N\" target=\"_blank\" rel=\"noopener\">CDD<\/a>), na <a href=\"https:\/\/bit.ly\/2x3k8bw\" target=\"_blank\" rel=\"noopener\">Zona Oeste<\/a> do Rio de Janeiro, <\/span>foi a do ano de <a href=\"https:\/\/bit.ly\/3N6wib2\" target=\"_blank\" rel=\"noopener\">1966<\/a>, que afetou toda a cidade. Neste ano, a marca que a enchente deixou foi do crescimento repentino da nova comunidade ao receber os atingidos das enchentes em outras favelas. Temos em nossa raiz a mem\u00f3ria de sermos resultado da desapropria\u00e7\u00e3o de outras favelas para a Cidade de Deus, que teve sua funda\u00e7\u00e3o antecipada e justificada para abrigar essas pessoas em 1966.<\/p>\n<p>No entanto, esta n\u00e3o seria a \u00fanica enchente a marcar a hist\u00f3ria do territ\u00f3rio. A Cidade de Deus e, a regi\u00e3o do entorno, de <a href=\"https:\/\/bit.ly\/3CAWMcT\" target=\"_blank\" rel=\"noopener\">Jacarepagu\u00e1<\/a>, AP 4, \u00e9 uma \u00e1rea prop\u00edcia a alagamentos, delimitada pelo Maci\u00e7o da <a href=\"https:\/\/bit.ly\/30E2zNw\" target=\"_blank\" rel=\"noopener\">Pedra Branca<\/a>, Maci\u00e7o da Tijuca e o Oceano Atl\u00e2ntico, com uma rede intensa de sub-bacias hidrogr\u00e1ficas. A CDD est\u00e1 na plan\u00edcie de inunda\u00e7\u00e3o do <a href=\"https:\/\/bit.ly\/48hMluy\" target=\"_blank\" rel=\"noopener\">Rio Grande<\/a>, o que significa dizer, que desde seu planejamento, parte de um <a href=\"https:\/\/bit.ly\/470JMfE\" target=\"_blank\" rel=\"noopener\">conjunto habitacional p\u00fablico<\/a>, estaria exposto a alagamentos.<\/p>\n<p>J\u00e1 a enchente de <a href=\"https:\/\/bit.ly\/3To9wiX\" target=\"_blank\" rel=\"noopener\">1996<\/a>, a maior na hist\u00f3ria da favela, evidenciou que, apesar de ser uma caracter\u00edstica da regi\u00e3o, o sofrimento e os transtornos causados n\u00e3o seriam distribu\u00eddos de forma igualit\u00e1ria entre Jacarepagu\u00e1, Cidade de Deus e <a href=\"https:\/\/bit.ly\/2UVrwlZ\" target=\"_blank\" rel=\"noopener\">Barra da Tijuca<\/a>. Foram <a href=\"https:\/\/bit.ly\/3N8Zyhf\" target=\"_blank\" rel=\"noopener\">53 mortes oficiais e mais de 2.000 desabrigados<\/a> na Cidade de Deus.<\/p>\n<p>Passamos a interagir de maneira diferente com o meio ambiente. As pessoas <a href=\"https:\/\/bit.ly\/MCnasFavelasLancamento\" target=\"_blank\" rel=\"noopener\">carregam na recorda\u00e7\u00e3o<\/a> momentos em que, quando crian\u00e7as, foram colocadas em beliches, bancadas, muretas para n\u00e3o entrar em contato com a \u00e1gua. Os adultos se preocupavam com a perda dos bens materiais, que tanto trabalharam para comprar, mas o principal medo era perder seus filhos, levados pela for\u00e7a da \u00e1gua ou acometidos por alguma doen\u00e7a, fruto da contamina\u00e7\u00e3o com \u00e1gua suja.<\/p>\n<p>Gradativamente, as hist\u00f3rias foram deixando de ser sobre a sensa\u00e7\u00e3o de se refrescar nos rios, as <a href=\"https:\/\/bit.ly\/3D4VPvC\" target=\"_blank\" rel=\"noopener\">lembran\u00e7as de brincadeiras aqu\u00e1ticas e \u00e0s suas margens<\/a> e a seguran\u00e7a alimentar que as \u00e1guas forneciam \u00e0 popula\u00e7\u00e3o. Aos poucos, as falas passaram a descrever o rio como uma fonte de medo e de morte. \u00c9 uma constante sensa\u00e7\u00e3o de vulnerabilidade, amenizada apenas pela rede de apoio que a vizinhan\u00e7a proporciona em momentos de urg\u00eancia. <a href=\"https:\/\/bit.ly\/2VN4Ft6\" target=\"_blank\" rel=\"noopener\">S\u00e3o os vizinhos os que socorrem<\/a> os atingidos, ajudam na limpeza das casas, lutam pelo <a href=\"https:\/\/bit.ly\/44uJZXg\" target=\"_blank\" rel=\"noopener\">direito \u00e0 moradia<\/a> digna e pela mem\u00f3ria das pessoas vitimadas em localidades devastadas da favela.<\/p>\n<p>Marcia Esteves, ex-moradora e mobilizadora comunit\u00e1ria da Cidade de Deus, que atuou como lideran\u00e7a no curso de pesquisa de <a href=\"https:\/\/bit.ly\/DocJusticaEnergeticaROW\" target=\"_blank\" rel=\"noopener\">Justi\u00e7a H\u00eddrica e Energ\u00e9tica nas Favelas<\/a>, lamenta o fato de suas mem\u00f3rias sobre os rios da Cidade de Deus serem apenas as da enchentes de 1996.<\/p>\n<blockquote><p><span style=\"font-weight: 400;\">\u201cAcho importante abordar as mem\u00f3rias. Muitos n\u00e3o sabem que o rio j\u00e1 foi local de pesca e de brincadeiras. Acho que desenvolve outro olhar por parte de muita gente que desconhece a hist\u00f3ria local.\u201d \u2014 Marcia Esteves<\/span><\/p><\/blockquote>\n<p>A tristeza de se vivenciar uma enchente\u2014e o preju\u00edzo de perder roupas, alimentos, m\u00f3veis, eletrodom\u00e9sticos, documentos e registros de mem\u00f3rias (fotografias e cartas)\u2014muda a forma como nos relacionamos com os rios, com as chuvas e com a gente mesmo. O medo, engatilhado por mem\u00f3rias t\u00e3o traum\u00e1ticas, causa o que hoje \u00e9 chamado de <a href=\"https:\/\/bit.ly\/3uEx5JY\" target=\"_blank\" rel=\"noopener\">ansiedade clim\u00e1tica<\/a> ou <a href=\"https:\/\/bit.ly\/3Nqs1zk\" target=\"_blank\" rel=\"noopener\">ecoansiedade<\/a>. Ela se manifesta de diversas maneiras, como, por exemplo, atrav\u00e9s da dificuldade de dormir durante fortes tempestades, independente do cansa\u00e7o f\u00edsico da pessoa. Esse \u00e9 um tema que vem sendo aprofundado por estudiosos na \u00e1rea da sa\u00fade.<\/p>\n<p>Na din\u00e2mica do racismo ambiental, tamb\u00e9m est\u00e1 inclu\u00edda a culpabiliza\u00e7\u00e3o dos moradores pelas trag\u00e9dias. Em artigos cient\u00edficos que abordam as enchentes ou a polui\u00e7\u00e3o dos rios de favela, a popula\u00e7\u00e3o \u00e9 apontada como a respons\u00e1vel. Frequentemente, esses discursos s\u00e3o incorporados nas falas, at\u00e9 dos pr\u00f3prios moradores, sem uma avalia\u00e7\u00e3o cr\u00edtica aprofundada sobre a realidade.<\/p>\n<p>Um exemplo dessa l\u00f3gica foi exposto pelo coletivo <a href=\"https:\/\/bit.ly\/3mtW3Sx\" target=\"_blank\" rel=\"noopener\">Construindo Juntos<\/a>, que atua na CDD. Em 2020, o coletivo publicou os resultados de uma <a href=\"https:\/\/bit.ly\/3N3kOoL\" target=\"_blank\" rel=\"noopener\">pesquisa comunit\u00e1ria<\/a> que revelou que apenas 52,9% t\u00eam acesso \u00e0 coleta de res\u00edduos s\u00f3lidos de tr\u00eas a quatro dias por semana. Para 33,3% dos entrevistados, a coleta ocorre de uma a duas vezes por semana, para 6,7%, menos de uma vez por semana, e para 7,2%, o servi\u00e7o de coleta n\u00e3o atende sua localidade. \u00c9 preciso se colocar contra esse discurso de que tudo na favela \u00e9 feio e sujo por culpa do morador, quando o principal problema \u00e9 a <a href=\"https:\/\/bit.ly\/2Rku5Mf\" target=\"_blank\" rel=\"noopener\">neglig\u00eancia do Estado<\/a>.<\/p>\n<h3>Alfazendo e a Import\u00e2ncia das Bases Comunit\u00e1rias<\/h3>\n<p><span style=\"font-weight: 400;\">Na Cidade de Deus, o projeto <\/span><a href=\"https:\/\/bit.ly\/31udibV\"><span style=\"font-weight: 400;\">Eco Rede<\/span><\/a><span style=\"font-weight: 400;\"> lidera diversas a\u00e7\u00f5es educativas atrav\u00e9s da metodologia participativa, voltada para os alunos de escolas municipais do territ\u00f3rio que em 2022 e 2023 teve como tema gerador \u201c<\/span><i><span style=\"font-weight: 400;\">Encontro das \u00c1guas<\/span><\/i><span style=\"font-weight: 400;\">\u201d. Seu principal objetivo \u00e9 despertar olhares diferentes e pr\u00e1ticas cuidadosas com o meio ambiente e os <\/span><a href=\"https:\/\/bit.ly\/3uVhUvT\"><span style=\"font-weight: 400;\">rios da favela<\/span><\/a><span style=\"font-weight: 400;\">. A Eco Rede, criada em 2011, \u00e9 uma <\/span><a href=\"https:\/\/bit.ly\/3quCBx4\"><span style=\"font-weight: 400;\">tecnologia social reconhecida<\/span><\/a><span style=\"font-weight: 400;\"> pela Organiza\u00e7\u00e3o das Na\u00e7\u00f5es Unidas (<\/span><a href=\"https:\/\/bit.ly\/2Jo9VwI\"><span style=\"font-weight: 400;\">ONU<\/span><\/a><span style=\"font-weight: 400;\">), fruto de anos de luta socioambiental do Grupo <\/span><a href=\"https:\/\/bit.ly\/31Cdndy\"><span style=\"font-weight: 400;\">Alfazendo<\/span><\/a><span style=\"font-weight: 400;\"> junto aos movimentos sociais atrav\u00e9s da <\/span><a href=\"https:\/\/bit.ly\/3TrVgpd\"><span style=\"font-weight: 400;\">Rede Comunit\u00e1ria de Desenvolvimento Socioambiental<\/span><\/a><span style=\"font-weight: 400;\">.<\/span><\/p>\n<figure id=\"attachment_71500\" aria-describedby=\"caption-attachment-71500\" style=\"width: 2010px\" class=\"wp-caption aligncenter\"><a href=\"https:\/\/rioonwatch.org.br\/wp-content\/uploads\/2023\/12\/Oficina-de-educacao-socioambiental-na-C.-M.-Sempre-Vida-Nise-da-Silveira.-fonte-Lidi-Santos-03.11.2022-scaled.jpg\"><img loading=\"lazy\" decoding=\"async\" class=\"wp-image-71500 size-full\" title=\"Oficina de educa\u00e7\u00e3o socioambiental na C. M. Sempre Vida Nise da Silveira, na Cidade de Deus, em novembro de 2022. Foto: Lidiane Santos\" src=\"https:\/\/rioonwatch.org.br\/wp-content\/uploads\/2023\/12\/Oficina-de-educacao-socioambiental-na-C.-M.-Sempre-Vida-Nise-da-Silveira.-fonte-Lidi-Santos-03.11.2022-scaled.jpg\" alt=\"Oficina de educa\u00e7\u00e3o socioambiental na C. M. Sempre Vida Nise da Silveira, na Cidade de Deus, em novembro de 2022. Foto: Lidiane Santos\" width=\"2010\" height=\"2560\" srcset=\"https:\/\/rioonwatch.org.br\/wp-content\/uploads\/2023\/12\/Oficina-de-educacao-socioambiental-na-C.-M.-Sempre-Vida-Nise-da-Silveira.-fonte-Lidi-Santos-03.11.2022-scaled.jpg 2010w, https:\/\/rioonwatch.org.br\/wp-content\/uploads\/2023\/12\/Oficina-de-educacao-socioambiental-na-C.-M.-Sempre-Vida-Nise-da-Silveira.-fonte-Lidi-Santos-03.11.2022-487x620.jpg 487w, https:\/\/rioonwatch.org.br\/wp-content\/uploads\/2023\/12\/Oficina-de-educacao-socioambiental-na-C.-M.-Sempre-Vida-Nise-da-Silveira.-fonte-Lidi-Santos-03.11.2022-1178x1500.jpg 1178w\" sizes=\"(max-width: 2010px) 100vw, 2010px\" \/><\/a><figcaption id=\"caption-attachment-71500\" class=\"wp-caption-text\">Oficina de educa\u00e7\u00e3o socioambiental na C. M. Sempre Vida Nise da Silveira, na Cidade de Deus, em novembro de 2022. Foto: Lidiane Santos<\/figcaption><\/figure>\n<p>O projeto Eco Rede visa contribuir para a constru\u00e7\u00e3o da identidade dos jovens do territ\u00f3rio com a atua\u00e7\u00e3o deles como educadores. As a\u00e7\u00f5es envolvem o fortalecimento da identidade como favelado e seu pertencimento ao territ\u00f3rio. O ambiente \u00e9 trabalhado a partir de percep\u00e7\u00f5es de povos tradicionais, do entendimento de que a Natureza \u00e9 um sujeito de direito, de que tudo que est\u00e1 ao seu redor \u00e9 Natureza, incluindo as formas de rela\u00e7\u00e3o, que se iniciam no \u00fatero. Os participantes envolvidos t\u00eam a possibilidade de enxergar a favela com outros olhos, de afeto e cuidado. \u00c9 uma possibilidade de estudar <em>com, a partir e para<\/em> a Cidade de Deus e n\u00e3o s\u00f3 sobre.<\/p>\n<p><span style=\"font-weight: 400;\">O <a href=\"https:\/\/bit.ly\/47TP1i3\" target=\"_blank\" rel=\"noopener\">Alfazendo<\/a> tem um longo hist\u00f3rico de debate e desenvolvimento da educa\u00e7\u00e3o cr\u00edtica no territ\u00f3rio. Em 1998, ano de sua funda\u00e7\u00e3o, implementou o primeiro Pr\u00e9-Vestibular para Negros e Carentes (<a href=\"https:\/\/bit.ly\/2Oa1ACd\" target=\"_blank\" rel=\"noopener\">PVNC<\/a>) do territ\u00f3rio, al\u00e9m de turmas de alfabetiza\u00e7\u00e3o de jovens e adultos. A lista de a\u00e7\u00f5es seguem por incid\u00eancia pol\u00edtica, f\u00f3rum de educa\u00e7\u00e3o, Jornadas de Educa\u00e7\u00e3o Socioambiental, <a href=\"http:\/\/bit.ly\/2UKbiKy\" target=\"_blank\" rel=\"noopener\">Festivais de Juventude na Favela<\/a>, <a href=\"https:\/\/bit.ly\/360Z6KY\" target=\"_blank\" rel=\"noopener\">cineclubes<\/a>, entre outros. Atuante desde 2011, E<\/span>co Rede foi replicada no <a href=\"https:\/\/bit.ly\/2XOPule\" target=\"_blank\" rel=\"noopener\">Timbau<\/a>, no <a href=\"https:\/\/bit.ly\/3l0WQKR\" target=\"_blank\" rel=\"noopener\">Complexo da Mar\u00e9<\/a>, pelo Centro de Estudos e A\u00e7\u00f5es Solid\u00e1rias da Mar\u00e9 (<a href=\"https:\/\/bit.ly\/430kjl3\" target=\"_blank\" rel=\"noopener\">CEASM<\/a>).<\/p>\n<p>Eco Rede \u00e9 um amplo e integrado projeto que prev\u00ea a\u00e7\u00f5es de forma\u00e7\u00e3o continuada de jovens e adultos, garantindo-lhes trabalho, emprego e renda; rede de fortalecimento do trabalho do catador; ponto de coleta seletiva solid\u00e1ria<strong>; <\/strong><a href=\"https:\/\/bit.ly\/4aq51dM\" target=\"_blank\" rel=\"noopener\">oficinas de educa\u00e7\u00e3o socioambiental<\/a>; forma\u00e7\u00e3o de professores, educadores e profissionais das escolas da rede p\u00fablica; e implementa\u00e7\u00e3o de estruturas socioeducativas (espa\u00e7os sensoriais, brinquedotecas sustent\u00e1veis, hortas pedag\u00f3gicas). Essas a\u00e7\u00f5es s\u00e3o desenvolvidas segundo a metodologia participativa do educador <a href=\"https:\/\/bit.ly\/3RkJOdE\" target=\"_blank\" rel=\"noopener\">Paulo Freire<\/a>, que empodera os educandos do conhecimento, gerado a partir do di\u00e1logo horizontal dos temas geradores.<\/p>\n<h4>Em seu primeiro ano, a equipe de Eco Rede criou o <a href=\"https:\/\/bit.ly\/3tbZYN6\" target=\"_blank\" rel=\"noopener\">mini-document\u00e1rio<\/a> <em>O Rio Grande em Cidade de Deus<\/em>:<\/h4>\n<p><iframe title=\"YouTube video player\" src=\"https:\/\/www.youtube.com\/embed\/pv2tSHmuswg?si=hdSbfbCqXGPHhNTW\" width=\"1030\" height=\"563\" frameborder=\"0\" allowfullscreen=\"allowfullscreen\" data-mce-fragment=\"1\"><span data-mce-type=\"bookmark\" style=\"display: inline-block; width: 0px; overflow: hidden; line-height: 0;\" class=\"mce_SELRES_start\">\ufeff<\/span><\/iframe><\/p>\n<h3><b>Olhares Novos para Nossos Rios<\/b><\/h3>\n<blockquote><p>\u201cN\u00e3o s\u00f3 no Rio Grande, mas em todos os rios da Cidade de Deus dava pra pescar. Quando a gente era crian\u00e7a, a gente pegava r\u00e3 com balde nas margens e os mais velhos faziam um caldo para as crian\u00e7as. A gente pegava broto de ab\u00f3bora. As margens eram cheias de plantas, de ervas.\u201d \u2014 <span style=\"font-weight: 400;\">Iara Oliveira<\/span><\/p><\/blockquote>\n<p><span style=\"font-weight: 400;\">O Rio Grande tem sua nascente localizada no <a href=\"https:\/\/bit.ly\/3QZi1hv\" target=\"_blank\" rel=\"noopener\">Parque Estadual da Pedra Branca<\/a> e atravessa a Cidade de Deus. Moradores mais antigos, como Iara Oliveira, nascida na comunidade em seu ano de funda\u00e7\u00e3o, 1966, relatam a import\u00e2ncia social, a <\/span><span style=\"font-weight: 400;\">riqueza natural e os muitos usos que os rios locais tinham d\u00e9cadas atr\u00e1s.<\/span><\/p>\n<p>Ainda hoje, no trecho dentro do Parque Estadual da Pedra Branca, as \u00e1guas do Rio Grande s\u00e3o limpas. Neste ponto, o rio \u00e9, inclusive, ponto de capta\u00e7\u00e3o para o abastecimento h\u00eddrico da popula\u00e7\u00e3o. Mas, ao longo do caminho at\u00e9 chegar na Cidade de Deus, ele vai recebendo esgoto dom\u00e9stico e industrial. Al\u00e9m disso, como muitos rios dos centros urbanos, alguns de seus trechos est\u00e3o canalizados, o que provoca uma perda de sua identidade enquanto rio.<\/p>\n<p>Na Cidade de Deus, o Rio Grande se encontra totalmente vis\u00edvel e descoberto. Em alguns trechos, suas margens est\u00e3o ocupadas por constru\u00e7\u00f5es, mas ele ainda \u00e9 um elemento central e referencial para as localidades do Tangar\u00e1, Karat\u00ea, Treze, Predinhos e Tijolinho. J\u00e1 os rios Estiva e Banca da Velha n\u00e3o est\u00e3o nomeados nos mapas que tivemos acesso.<\/p>\n<figure id=\"attachment_71502\" aria-describedby=\"caption-attachment-71502\" style=\"width: 500px\" class=\"wp-caption alignright\"><a href=\"https:\/\/rioonwatch.org.br\/wp-content\/uploads\/2023\/12\/Rio-Estiva.-Fonte-Lidi-Santos.png\"><img loading=\"lazy\" decoding=\"async\" class=\"wp-image-71502\" title=\"Rio Estiva, na Cidade de Deus. Foto: Lidi Santos\" src=\"https:\/\/rioonwatch.org.br\/wp-content\/uploads\/2023\/12\/Rio-Estiva.-Fonte-Lidi-Santos.png\" alt=\"Rio Estiva, na Cidade de Deus. Foto: Lidi Santos\" width=\"500\" height=\"555\" \/><\/a><figcaption id=\"caption-attachment-71502\" class=\"wp-caption-text\">Rio Estiva, na Cidade de Deus. Foto: Lidiane Santos<\/figcaption><\/figure>\n<p>O Rio Estiva, com 1,4 km, passa pelas \u00e1reas conhecidas como AP 2 e Treze, at\u00e9 desaguar no Rio Grande. Nos limites da favela, ele est\u00e1 encoberto por constru\u00e7\u00f5es e, por isso, n\u00e3o \u00e9 poss\u00edvel tra\u00e7ar todo seu trajeto. J\u00e1 o percurso do Rio Banca da Velha tem cerca de 4,3 km, passa pelo Capenha, Pantanal 2, Pantanal 1 e AP at\u00e9 que, nos Tijolinhos, embaixo da <a href=\"https:\/\/bit.ly\/2usnWA1\" target=\"_blank\" rel=\"noopener\">Linha Amarela<\/a>, ele se encontra com o Rio Grande e passa a ser nomeado de <a href=\"https:\/\/bit.ly\/3J6tXcS\" target=\"_blank\" rel=\"noopener\">Arroio Fundo<\/a>.<\/p>\n<p><span style=\"font-weight: 400;\">Em agosto de 2022, a Coordenadoria Regional de Educa\u00e7\u00e3o (CRE) inaugurou o programa <\/span><a href=\"https:\/\/bit.ly\/41iRaBN\"><span style=\"font-weight: 400;\">Esse Rio \u00e9 Meu<\/span><\/a><span style=\"font-weight: 400;\">, uma parceria entre a concession\u00e1ria <\/span><a href=\"https:\/\/bit.ly\/3Fmuc23\"><span style=\"font-weight: 400;\">\u00c1guas do Rio<\/span><\/a><span style=\"font-weight: 400;\"> e a <\/span><a href=\"https:\/\/bit.ly\/47RfCg4\"><span style=\"font-weight: 400;\">OSCIP planetapontocom<\/span><\/a><span style=\"font-weight: 400;\">. As escolas precisaram desenvolver, dentro do <\/span><a href=\"https:\/\/bit.ly\/3i9G63V\"><span style=\"font-weight: 400;\">projeto pol\u00edtico pedag\u00f3gico<\/span><\/a><span style=\"font-weight: 400;\">, atividades de conscientiza\u00e7\u00e3o sobre a condi\u00e7\u00e3o, a import\u00e2ncia e a recupera\u00e7\u00e3o de um rio pr\u00f3ximo \u00e0 unidade escolar. O tema gerador \u201cEncontro das \u00c1guas\u201d e o trabalho que j\u00e1 vinha sendo desenvolvido pelo Grupo Alfazendo, em 12 anos de Eco Rede,\u00a0 facilitou com que as escolas desenvolvessem a atividade.<\/span><\/p>\n<p>Nas escolas da Cidade de Deus, essa realiza\u00e7\u00e3o foi desafiadora para os educadores. Eles enfrentaram dificuldades de inserir em suas rotinas uma busca ativa de informa\u00e7\u00f5es sobre os rios da regi\u00e3o. Os professores notaram que h\u00e1 um apag\u00e3o de informa\u00e7\u00f5es sobre os rios do territ\u00f3rio, que t\u00eam sua identidade <a href=\"https:\/\/bit.ly\/3Igg9xQ\" target=\"_blank\" rel=\"noopener\">reduzida a val\u00e3o<\/a>.<\/p>\n<blockquote><p>\u201cQuando vi que o projeto da Eco Rede seria o Encontro das \u00c1guas, eu amei. A minha equipe da escola tamb\u00e9m adorou, porque viria de encontro com tudo que a gente [trabalhou durante o ano]\u2026 \u00c9 um trabalho de formiguinha&#8230; aos poucos, para tentar mudar h\u00e1bitos e costumes que as pessoas j\u00e1 t\u00eam. As pessoas j\u00e1 t\u00eam o costume de n\u00e3o cuidar do rio, de n\u00e3o olhar o rio como uma coisa necess\u00e1ria.\u201d \u2014 Tathiany Sampaio,\u00a0coordenadora pedag\u00f3gica da <a href=\"https:\/\/bit.ly\/3uZVOIL\" target=\"_blank\" rel=\"noopener\">Escola Municipal Augusto Magne<\/a> e moradora da Cidade de Deus<\/p><\/blockquote>\n<p>Tathiany tamb\u00e9m confessou que, mesmo sendo moradora, nunca tinha olhado a fundo para os rios de sua favela e para as din\u00e2micas sociais no entorno deles. Ficou evidente para ela o quanto \u00e9 importante manter viva a nossa rela\u00e7\u00e3o com os rios. Trajet\u00f3ria semelhante foi tra\u00e7ada por <span style=\"font-weight: 400;\">Maria Eduarda Silva, agente de promo\u00e7\u00e3o socioambiental da Eco Rede, que expressa a import\u00e2ncia do projeto para ela, tamb\u00e9m enquanto moradora.<\/span><\/p>\n<blockquote><p><span style=\"font-weight: 400;\"> \u201cQuando eu entrei na Eco Rede foi quando eu olhei pros rios de verdade! Olhei com import\u00e2ncia e vi o quanto aqueles rios est\u00e3o danificados e o quanto a Eco Rede luta pela melhoria deles&#8230; \u00c9 importante [contar] as hist\u00f3rias dos rios e saber das nascentes deles.&#8221; \u2014 Maria Eduarda Silva<\/span><\/p><\/blockquote>\n<h3>Encontro das \u00c1guas: Eco Rede nas Escolas da CDD<\/h3>\n<p>As oficinas de educa\u00e7\u00e3o socioambiental foram a principal atividade da Eco Rede em 2022 e 2023, pensadas a partir do tema gerador &#8216;Encontro das \u00c1guas&#8217;. Atrav\u00e9s de materiais pedag\u00f3gicos criados, da oralidade e de pr\u00e1ticas educativas afetivas, os conhecimentos sobre os rios e a natureza local est\u00e3o sendo mantidos vivos. O desenvolvimento dessas a\u00e7\u00f5es, a partir da base e constru\u00eddas coletivamente, fortalece a identidade da favela junto com moradores, promovendo o senso de <a href=\"https:\/\/bit.ly\/2Xgzmbx\" target=\"_blank\" rel=\"noopener\">pertencimento<\/a> e de comunidade.<\/p>\n<p>No per\u00edodo de um ano, o projeto realizou 203 oficinas de educa\u00e7\u00e3o socioambiental em 21 unidades escolares, a partir do livro <em>Caminho das \u00c1guas: O Rio Grande<\/em> e do jogo cooperativo <em>Encontro das \u00c1guas<\/em>. O p\u00fablico atingido foi de 5.962 alunos da educa\u00e7\u00e3o infantil ao ensino fundamental.<\/p>\n<p>O livro conta a hist\u00f3ria do Rio Grande de uma forma l\u00fadica e proporciona \u00e0s crian\u00e7as uma troca a partir do que elas vivem e v\u00eaem. Nele, tem o jacar\u00e9, a capivara e a gar\u00e7a, animais que ainda resistem nos nossos rios da Cidade de Deus. No livro, h\u00e1 a representa\u00e7\u00e3o de um rio que est\u00e1 com muitos res\u00edduos s\u00f3lidos e as crian\u00e7as s\u00e3o convidadas a ajudar a limpar a casa dos animais. A partir disso, elas v\u00eaem que podemos dar um novo sentido para os res\u00edduos, pois s\u00e3o ensinadas a transform\u00e1-los em brinquedos, por exemplo. E, ao final da atividade, os animais do livro retornam para o rio, que agora est\u00e1 limpo gra\u00e7as \u00e0s crian\u00e7as. J\u00e1 para o ensino fundamental, foi elaborado e confeccionado um jogo de tabuleiro cooperativo, nomeado \u201cEncontro das \u00c1guas\u201d. O jogo se ambienta nos rios Grande, Banca da Velha e Estiva e tamb\u00e9m conta com a presen\u00e7a da fauna local.<\/p>\n<figure id=\"attachment_71505\" aria-describedby=\"caption-attachment-71505\" style=\"width: 2560px\" class=\"wp-caption aligncenter\"><a href=\"https:\/\/rioonwatch.org.br\/wp-content\/uploads\/2023\/12\/Oficina-de-Educacao-Socioambiental-na-E.-M.-Frederico-Eyer.-06.10.2022.-Fonte-Lidi-Santos-scaled.jpg\"><img loading=\"lazy\" decoding=\"async\" class=\"wp-image-71505 size-full\" title=\"Oficina de Educa\u00e7\u00e3o Socioambiental na E. M. Frederico Eyer, em outubro de 2022. Foto: Lidi Santos\" src=\"https:\/\/rioonwatch.org.br\/wp-content\/uploads\/2023\/12\/Oficina-de-Educacao-Socioambiental-na-E.-M.-Frederico-Eyer.-06.10.2022.-Fonte-Lidi-Santos-scaled.jpg\" alt=\"Oficina de Educa\u00e7\u00e3o Socioambiental na E. M. Frederico Eyer, em outubro de 2022. Foto: Lidi Santos\" width=\"2560\" height=\"1440\" srcset=\"https:\/\/rioonwatch.org.br\/wp-content\/uploads\/2023\/12\/Oficina-de-Educacao-Socioambiental-na-E.-M.-Frederico-Eyer.-06.10.2022.-Fonte-Lidi-Santos-scaled.jpg 2560w, https:\/\/rioonwatch.org.br\/wp-content\/uploads\/2023\/12\/Oficina-de-Educacao-Socioambiental-na-E.-M.-Frederico-Eyer.-06.10.2022.-Fonte-Lidi-Santos-620x349.jpg 620w\" sizes=\"(max-width: 2560px) 100vw, 2560px\" \/><\/a><figcaption id=\"caption-attachment-71505\" class=\"wp-caption-text\">Oficina de Educa\u00e7\u00e3o Socioambiental na E. M. Frederico Eyer, em outubro de 2022. Foto: Lidiane Santos<\/figcaption><\/figure>\n<p>Sua jogabilidade inclui a limpeza dos rios e a destina\u00e7\u00e3o dos res\u00edduos s\u00f3lidos a um ponto de coleta seletiva solid\u00e1ria, condicionado ao acerto de perguntas. Nas fichas h\u00e1 informa\u00e7\u00f5es sobre o meio ambiente, hist\u00f3rias e dados do territ\u00f3rio a serem respondidas com a colabora\u00e7\u00e3o de todos os alunos da turma. \u00c9 um momento de troca com e entre os alunos, a partir do que eles conhecem.<\/p>\n<figure id=\"attachment_71506\" aria-describedby=\"caption-attachment-71506\" style=\"width: 1200px\" class=\"wp-caption aligncenter\"><a href=\"https:\/\/rioonwatch.org.br\/wp-content\/uploads\/2023\/12\/Oficina-de-educacao-socioambiental-na-E.-M.-Augusto-Magne.-Fonte-Beatriz.-27092022.jpg\"><img loading=\"lazy\" decoding=\"async\" class=\"wp-image-71506 size-full\" title=\"Oficina de educa\u00e7\u00e3o socioambiental, na E. M. Augusto Magne, em setembro de 2022. Foto: Beatriz Fortunado\" src=\"https:\/\/rioonwatch.org.br\/wp-content\/uploads\/2023\/12\/Oficina-de-educacao-socioambiental-na-E.-M.-Augusto-Magne.-Fonte-Beatriz.-27092022.jpg\" alt=\"Oficina de educa\u00e7\u00e3o socioambiental, na E. M. Augusto Magne, em setembro de 2022. Foto: Beatriz Fortunado\" width=\"1200\" height=\"1600\" srcset=\"https:\/\/rioonwatch.org.br\/wp-content\/uploads\/2023\/12\/Oficina-de-educacao-socioambiental-na-E.-M.-Augusto-Magne.-Fonte-Beatriz.-27092022.jpg 1200w, https:\/\/rioonwatch.org.br\/wp-content\/uploads\/2023\/12\/Oficina-de-educacao-socioambiental-na-E.-M.-Augusto-Magne.-Fonte-Beatriz.-27092022-465x620.jpg 465w, https:\/\/rioonwatch.org.br\/wp-content\/uploads\/2023\/12\/Oficina-de-educacao-socioambiental-na-E.-M.-Augusto-Magne.-Fonte-Beatriz.-27092022-1125x1500.jpg 1125w\" sizes=\"(max-width: 1200px) 100vw, 1200px\" \/><\/a><figcaption id=\"caption-attachment-71506\" class=\"wp-caption-text\">Oficina de educa\u00e7\u00e3o socioambiental, na E. M. Augusto Magne, em setembro de 2022. Foto: Beatriz Fortunado<\/figcaption><\/figure>\n<p>Em resumo, Alfazendo, Eco Rede e Encontro das \u00c1guas abordam a boniteza de se reconhecer enquanto Natureza no seio da Cidade de Deus. S\u00e3o sobre o fortalecimento da nossa identidade enquanto morador de favela. Os tr\u00eas\u2014institui\u00e7\u00e3o, projeto e tema gerador\u2014carregam a miss\u00e3o de mudar nossa vis\u00e3o, que normaliza o absurdo da <a href=\"https:\/\/bit.ly\/3D4VPvC\" target=\"_blank\" rel=\"noopener\">morte de rios<\/a>, lan\u00e7ando olhares afetuosos para as \u00e1guas de nosso territ\u00f3rio.<\/p>\n<p><em>Sobre as autoras:<\/em><\/p>\n<p><em>Gabrielle da Concei\u00e7\u00e3o \u00e9 cria da \u00e1rea do Quinze, na Cidade de Deus, e faz parte do Alfazendo h\u00e1 6 anos. Integrante do projeto Eco Rede, atuou por cinco anos como agente de promo\u00e7\u00e3o de educa\u00e7\u00e3o socioambiental, e hoje est\u00e1 como coordenadora pedag\u00f3gica. Em 2022, foi jovem pesquisadora no curso Monitorando a Justi\u00e7a H\u00eddrica e Energ\u00e9tica Nas Favelas.<\/em><\/p>\n<p><em>Lidiane Santos gosta de dizer &#8220;sou \u00c1gua&#8221;. Nascida em Esplanada, Bahia, foi criada pela av\u00f3 Maria e suas filhas. Dona Rose, sua m\u00e3e, \u00e9 moradora da CDD desde 1996. Coordenadora do projeto Eco Rede (Alfazendo\/CDD) desde 2015 e m\u00e3e do Arthur, Lidiane \u00e9 professora de biologia (UFRJ). Mestranda em Ecoturismo e Conserva\u00e7\u00e3o (PPGEC\/UNIRIO) pesquisa &#8220;Escrevivendo a Conserva\u00e7\u00e3o das Naturezas da(na) Cidade de Deus: A Geopo\u00e9tica das \u00c1guas em Movimento&#8221;.<\/em><\/p>\n<p><em>*A Rede Favela Sustent\u00e1vel (RFS) e o RioOnWatch s\u00e3o ambas a\u00e7\u00f5es tocadas pela organiza\u00e7\u00e3o sem fins lucrativos, Comunidades Catalisadoras (ComCat).<\/em><\/p>\n<div class=\"entry-content clearfix\">\n<hr \/>\n<h4><b data-stringify-type=\"bold\">Apoie nossos esfor\u00e7os para fornecer apoio estrat\u00e9gico \u00e0s favelas do Rio, incluindo o jornalismo hiperlocal, cr\u00edtico, inovador e incans\u00e1vel do\u00a0<\/b><b data-stringify-type=\"bold\"><i data-stringify-type=\"italic\">RioOnWatch<\/i><\/b>\u2014<a class=\"c-link\" href=\"http:\/\/www.bit.ly\/ApoieROW\" target=\"_blank\" rel=\"noopener noreferrer\" data-stringify-link=\"http:\/\/www.bit.ly\/ApoieROW\" data-sk=\"tooltip_parent\">doe aqui<\/a>.<\/h4>\n<\/div>\n<!-- AddThis Advanced Settings generic via filter on the_content --><!-- AddThis Share Buttons generic via filter on the_content -->","protected":false},"excerpt":{"rendered":"<div class=\"mh-excerpt\"><p>Click Here for English Esta \u00e9 a mat\u00e9ria final de uma s\u00e9rie sobre justi\u00e7a h\u00eddrica nas favelas escrita por jovens moradores de favela e resultado do curso \u201cJusti\u00e7a Clim\u00e1tica no Jornalismo Comunit\u00e1rio: Da Constru\u00e7\u00e3o da <a class=\"mh-excerpt-more\" href=\"https:\/\/rioonwatch.org.br\/?p=71462\" title=\"Encontro das \u00c1guas na Cidade de Deus: Projeto Eco Rede Fortalece Identidade e Resgata Mem\u00f3ria dos Rios da Comunidade\">[&#8230;]<\/a><!-- AddThis Advanced Settings generic via filter on get_the_excerpt --><!-- AddThis Share Buttons generic via filter on get_the_excerpt --><\/p>\n<\/div>","protected":false},"author":179,"featured_media":71495,"comment_status":"closed","ping_status":"closed","sticky":false,"template":"template-full.php","format":"standard","meta":{"_acf_changed":false,"_monsterinsights_skip_tracking":false,"_monsterinsights_sitenote_active":false,"_monsterinsights_sitenote_note":"","_monsterinsights_sitenote_category":0,"footnotes":""},"categories":[1621,1625,1612,342,1639],"tags":[510,3258,554,332,2070,3310,363,965,128,447,3112,2013,1076,1719,417,1722,358,3203,581,2139,2901,3217,3360,2539,2693,3405,184],"writer":[3402,3403],"translator":[],"source":[],"ilustrador":[],"fotografo":[],"class_list":{"0":"post-71462","1":"post","2":"type-post","3":"status-publish","4":"format-standard","5":"has-post-thumbnail","7":"category-destaque","8":"category-por-correspondentes-comunitarios","9":"category-sociedade-civil","10":"category-solucoes","11":"category-sustentabilidade","12":"tag-agua","13":"tag-aguas-do-rio","14":"tag-cidade-de-deus","15":"tag-complexo-da-mare","16":"tag-direito-a-educacao","17":"tag-ecoansiedade","18":"tag-educacao-ambiental","19":"tag-enchente","20":"tag-historia","21":"tag-jacarepagua","22":"tag-justica-climatica","23":"tag-linha-amarela","24":"tag-morro-do-timbau","25":"tag-mudancas-climaticas","26":"tag-negligencia-do-estado","27":"tag-onu","28":"tag-organizacao-comunitaria","29":"tag-paulo-freire","30":"tag-poluicao","31":"tag-justica-ambiental","32":"tag-rfs","33":"tag-rio-grande","34":"tag-rios-em-favelas","35":"tag-sentimento-de-pertencimento","36":"tag-serie-direitos-humanos-com-apoio-do-centro-behner-stiefel-da-sdsu","37":"tag-serie-justica-hidrica","38":"tag-zona-oeste","39":"writer-gabrielle-da-conceicao","40":"writer-lidiane-santos"},"acf":[],"yoast_head":"<!-- This site is optimized with the Yoast SEO plugin v25.6 - https:\/\/yoast.com\/wordpress\/plugins\/seo\/ -->\n<title>Encontro das \u00c1guas na Cidade de Deus: Projeto Eco Rede Fortalece Identidade e Resgata Mem\u00f3ria dos Rios da Comunidade - RioOnWatch<\/title>\n<meta name=\"robots\" content=\"index, follow, max-snippet:-1, max-image-preview:large, max-video-preview:-1\" \/>\n<link rel=\"canonical\" href=\"https:\/\/rioonwatch.org.br\/?p=71462\" \/>\n<meta property=\"og:locale\" content=\"pt_BR\" \/>\n<meta property=\"og:type\" content=\"article\" \/>\n<meta property=\"og:title\" content=\"Encontro das \u00c1guas na Cidade de Deus: Projeto Eco Rede Fortalece Identidade e Resgata Mem\u00f3ria dos Rios da Comunidade - RioOnWatch\" \/>\n<meta property=\"og:description\" content=\"Click Here for English Esta \u00e9 a mat\u00e9ria final de uma s\u00e9rie sobre justi\u00e7a h\u00eddrica nas favelas escrita por jovens moradores de favela e resultado do curso \u201cJusti\u00e7a Clim\u00e1tica no Jornalismo Comunit\u00e1rio: Da Constru\u00e7\u00e3o da [...]\" \/>\n<meta property=\"og:url\" content=\"https:\/\/rioonwatch.org.br\/?p=71462\" \/>\n<meta property=\"og:site_name\" content=\"RioOnWatch\" \/>\n<meta property=\"article:published_time\" content=\"2024-01-11T11:00:31+00:00\" \/>\n<meta property=\"article:modified_time\" content=\"2024-01-23T14:33:28+00:00\" \/>\n<meta property=\"og:image\" content=\"https:\/\/rioonwatch.org.br\/wp-content\/uploads\/2023\/12\/Rio-Grande-visto-da-ponte-nova-Cidade-de-Deus-ao-fundo-Macico-da-Tijuca.-Fonte-Gabrielle-Conceicao-17.08.2023-scaled.jpg\" \/>\n\t<meta property=\"og:image:width\" content=\"1920\" \/>\n\t<meta property=\"og:image:height\" content=\"2560\" \/>\n\t<meta property=\"og:image:type\" content=\"image\/jpeg\" \/>\n<meta name=\"author\" content=\"Janaina Tavares\" \/>\n<meta name=\"twitter:card\" content=\"summary_large_image\" \/>\n<meta name=\"twitter:label1\" content=\"Escrito por\" \/>\n\t<meta name=\"twitter:data1\" content=\"Janaina Tavares\" \/>\n\t<meta name=\"twitter:label2\" content=\"Est. tempo de leitura\" \/>\n\t<meta name=\"twitter:data2\" content=\"17 minutos\" \/>\n<script type=\"application\/ld+json\" class=\"yoast-schema-graph\">{\"@context\":\"https:\/\/schema.org\",\"@graph\":[{\"@type\":\"Article\",\"@id\":\"https:\/\/rioonwatch.org.br\/?p=71462#article\",\"isPartOf\":{\"@id\":\"https:\/\/rioonwatch.org.br\/?p=71462\"},\"author\":{\"name\":\"Janaina Tavares\",\"@id\":\"https:\/\/rioonwatch.org.br\/#\/schema\/person\/feb227e5e7679aacc3d672e375cae1bd\"},\"headline\":\"Encontro das \u00c1guas na Cidade de Deus: Projeto Eco Rede Fortalece Identidade e Resgata Mem\u00f3ria dos Rios da Comunidade\",\"datePublished\":\"2024-01-11T11:00:31+00:00\",\"dateModified\":\"2024-01-23T14:33:28+00:00\",\"mainEntityOfPage\":{\"@id\":\"https:\/\/rioonwatch.org.br\/?p=71462\"},\"wordCount\":2905,\"publisher\":{\"@id\":\"https:\/\/rioonwatch.org.br\/#organization\"},\"image\":{\"@id\":\"https:\/\/rioonwatch.org.br\/?p=71462#primaryimage\"},\"thumbnailUrl\":\"https:\/\/rioonwatch.org.br\/wp-content\/uploads\/2023\/12\/Rio-Grande-visto-da-ponte-nova-Cidade-de-Deus-ao-fundo-Macico-da-Tijuca.-Fonte-Gabrielle-Conceicao-17.08.2023-scaled.jpg\",\"keywords\":[\"\u00e1gua\",\"\u00c1guas do Rio\",\"Cidade de Deus\",\"Complexo da Mar\u00e9\",\"direito \u00e0 educa\u00e7\u00e3o\",\"Ecoansiedade\",\"educa\u00e7\u00e3o ambiental\",\"enchente\",\"hist\u00f3ria\",\"Jacarepagu\u00e1\",\"Justi\u00e7a Clim\u00e1tica\",\"Linha Amarela\",\"Morro do Timbau\",\"mudan\u00e7as clim\u00e1ticas\",\"Neglig\u00eancia do Estado\",\"ONU\",\"organiza\u00e7\u00e3o comunit\u00e1ria\",\"Paulo Freire\",\"polui\u00e7\u00e3o\",\"Racismo ambiental\",\"Rede Favela Sustent\u00e1vel\",\"Rio Grande\",\"rios em favelas\",\"sentimento de pertencimento\",\"S\u00e9rie Apoiada pelo Centro Behner Stiefel\/SDSU\",\"S\u00e9rie: Justi\u00e7a H\u00eddrica\",\"Zona Oeste\"],\"articleSection\":[\"*Destaque\",\"Escrito por Comunicadores Populares\",\"Sociedade Civil\",\"Solu\u00e7\u00f5es\",\"Sustentabilidade\"],\"inLanguage\":\"pt-BR\"},{\"@type\":\"WebPage\",\"@id\":\"https:\/\/rioonwatch.org.br\/?p=71462\",\"url\":\"https:\/\/rioonwatch.org.br\/?p=71462\",\"name\":\"Encontro das \u00c1guas na Cidade de Deus: Projeto Eco Rede Fortalece Identidade e Resgata Mem\u00f3ria dos Rios da Comunidade - RioOnWatch\",\"isPartOf\":{\"@id\":\"https:\/\/rioonwatch.org.br\/#website\"},\"primaryImageOfPage\":{\"@id\":\"https:\/\/rioonwatch.org.br\/?p=71462#primaryimage\"},\"image\":{\"@id\":\"https:\/\/rioonwatch.org.br\/?p=71462#primaryimage\"},\"thumbnailUrl\":\"https:\/\/rioonwatch.org.br\/wp-content\/uploads\/2023\/12\/Rio-Grande-visto-da-ponte-nova-Cidade-de-Deus-ao-fundo-Macico-da-Tijuca.-Fonte-Gabrielle-Conceicao-17.08.2023-scaled.jpg\",\"datePublished\":\"2024-01-11T11:00:31+00:00\",\"dateModified\":\"2024-01-23T14:33:28+00:00\",\"breadcrumb\":{\"@id\":\"https:\/\/rioonwatch.org.br\/?p=71462#breadcrumb\"},\"inLanguage\":\"pt-BR\",\"potentialAction\":[{\"@type\":\"ReadAction\",\"target\":[\"https:\/\/rioonwatch.org.br\/?p=71462\"]}]},{\"@type\":\"ImageObject\",\"inLanguage\":\"pt-BR\",\"@id\":\"https:\/\/rioonwatch.org.br\/?p=71462#primaryimage\",\"url\":\"https:\/\/rioonwatch.org.br\/wp-content\/uploads\/2023\/12\/Rio-Grande-visto-da-ponte-nova-Cidade-de-Deus-ao-fundo-Macico-da-Tijuca.-Fonte-Gabrielle-Conceicao-17.08.2023-scaled.jpg\",\"contentUrl\":\"https:\/\/rioonwatch.org.br\/wp-content\/uploads\/2023\/12\/Rio-Grande-visto-da-ponte-nova-Cidade-de-Deus-ao-fundo-Macico-da-Tijuca.-Fonte-Gabrielle-Conceicao-17.08.2023-scaled.jpg\",\"width\":1920,\"height\":2560,\"caption\":\"Rio Grande visto da ponte nova, na Cidade de Deus. Ao fundo, v\u00ea-se o Maci\u00e7o da Tijuca. Foto: Gabrielle Concei\u00e7\u00e3o\"},{\"@type\":\"BreadcrumbList\",\"@id\":\"https:\/\/rioonwatch.org.br\/?p=71462#breadcrumb\",\"itemListElement\":[{\"@type\":\"ListItem\",\"position\":1,\"name\":\"In\u00edcio\",\"item\":\"https:\/\/rioonwatch.org.br\/\"},{\"@type\":\"ListItem\",\"position\":2,\"name\":\"Encontro das \u00c1guas na Cidade de Deus: Projeto Eco Rede Fortalece Identidade e Resgata Mem\u00f3ria dos Rios da Comunidade\"}]},{\"@type\":\"WebSite\",\"@id\":\"https:\/\/rioonwatch.org.br\/#website\",\"url\":\"https:\/\/rioonwatch.org.br\/\",\"name\":\"RioOnWatch\",\"description\":\"relatos das favelas cariocas\",\"publisher\":{\"@id\":\"https:\/\/rioonwatch.org.br\/#organization\"},\"potentialAction\":[{\"@type\":\"SearchAction\",\"target\":{\"@type\":\"EntryPoint\",\"urlTemplate\":\"https:\/\/rioonwatch.org.br\/?s={search_term_string}\"},\"query-input\":{\"@type\":\"PropertyValueSpecification\",\"valueRequired\":true,\"valueName\":\"search_term_string\"}}],\"inLanguage\":\"pt-BR\"},{\"@type\":\"Organization\",\"@id\":\"https:\/\/rioonwatch.org.br\/#organization\",\"name\":\"RioOnWatch\",\"url\":\"https:\/\/rioonwatch.org.br\/\",\"logo\":{\"@type\":\"ImageObject\",\"inLanguage\":\"pt-BR\",\"@id\":\"https:\/\/rioonwatch.org.br\/#\/schema\/logo\/image\/\",\"url\":\"https:\/\/rioonwatch.org.br\/wp-content\/uploads\/2021\/06\/RioOnWatchcabecalhoPT11anos-2.png\",\"contentUrl\":\"https:\/\/rioonwatch.org.br\/wp-content\/uploads\/2021\/06\/RioOnWatchcabecalhoPT11anos-2.png\",\"width\":779,\"height\":277,\"caption\":\"RioOnWatch\"},\"image\":{\"@id\":\"https:\/\/rioonwatch.org.br\/#\/schema\/logo\/image\/\"}},{\"@type\":\"Person\",\"@id\":\"https:\/\/rioonwatch.org.br\/#\/schema\/person\/feb227e5e7679aacc3d672e375cae1bd\",\"name\":\"Janaina Tavares\",\"image\":{\"@type\":\"ImageObject\",\"inLanguage\":\"pt-BR\",\"@id\":\"https:\/\/rioonwatch.org.br\/#\/schema\/person\/image\/\",\"url\":\"https:\/\/secure.gravatar.com\/avatar\/83bb5bb4f8b0c5ad63f35939640eaaa2?s=96&d=blank&r=g\",\"contentUrl\":\"https:\/\/secure.gravatar.com\/avatar\/83bb5bb4f8b0c5ad63f35939640eaaa2?s=96&d=blank&r=g\",\"caption\":\"Janaina Tavares\"},\"url\":\"https:\/\/rioonwatch.org.br\/?author=179\"}]}<\/script>\n<!-- \/ Yoast SEO plugin. -->","yoast_head_json":{"title":"Encontro das \u00c1guas na Cidade de Deus: Projeto Eco Rede Fortalece Identidade e Resgata Mem\u00f3ria dos Rios da Comunidade - RioOnWatch","robots":{"index":"index","follow":"follow","max-snippet":"max-snippet:-1","max-image-preview":"max-image-preview:large","max-video-preview":"max-video-preview:-1"},"canonical":"https:\/\/rioonwatch.org.br\/?p=71462","og_locale":"pt_BR","og_type":"article","og_title":"Encontro das \u00c1guas na Cidade de Deus: Projeto Eco Rede Fortalece Identidade e Resgata Mem\u00f3ria dos Rios da Comunidade - RioOnWatch","og_description":"Click Here for English Esta \u00e9 a mat\u00e9ria final de uma s\u00e9rie sobre justi\u00e7a h\u00eddrica nas favelas escrita por jovens moradores de favela e resultado do curso \u201cJusti\u00e7a Clim\u00e1tica no Jornalismo Comunit\u00e1rio: Da Constru\u00e7\u00e3o da [...]","og_url":"https:\/\/rioonwatch.org.br\/?p=71462","og_site_name":"RioOnWatch","article_published_time":"2024-01-11T11:00:31+00:00","article_modified_time":"2024-01-23T14:33:28+00:00","og_image":[{"width":1920,"height":2560,"url":"https:\/\/rioonwatch.org.br\/wp-content\/uploads\/2023\/12\/Rio-Grande-visto-da-ponte-nova-Cidade-de-Deus-ao-fundo-Macico-da-Tijuca.-Fonte-Gabrielle-Conceicao-17.08.2023-scaled.jpg","type":"image\/jpeg"}],"author":"Janaina Tavares","twitter_card":"summary_large_image","twitter_misc":{"Escrito por":"Janaina Tavares","Est. tempo de leitura":"17 minutos"},"schema":{"@context":"https:\/\/schema.org","@graph":[{"@type":"Article","@id":"https:\/\/rioonwatch.org.br\/?p=71462#article","isPartOf":{"@id":"https:\/\/rioonwatch.org.br\/?p=71462"},"author":{"name":"Janaina Tavares","@id":"https:\/\/rioonwatch.org.br\/#\/schema\/person\/feb227e5e7679aacc3d672e375cae1bd"},"headline":"Encontro das \u00c1guas na Cidade de Deus: Projeto Eco Rede Fortalece Identidade e Resgata Mem\u00f3ria dos Rios da Comunidade","datePublished":"2024-01-11T11:00:31+00:00","dateModified":"2024-01-23T14:33:28+00:00","mainEntityOfPage":{"@id":"https:\/\/rioonwatch.org.br\/?p=71462"},"wordCount":2905,"publisher":{"@id":"https:\/\/rioonwatch.org.br\/#organization"},"image":{"@id":"https:\/\/rioonwatch.org.br\/?p=71462#primaryimage"},"thumbnailUrl":"https:\/\/rioonwatch.org.br\/wp-content\/uploads\/2023\/12\/Rio-Grande-visto-da-ponte-nova-Cidade-de-Deus-ao-fundo-Macico-da-Tijuca.-Fonte-Gabrielle-Conceicao-17.08.2023-scaled.jpg","keywords":["\u00e1gua","\u00c1guas do Rio","Cidade de Deus","Complexo da Mar\u00e9","direito \u00e0 educa\u00e7\u00e3o","Ecoansiedade","educa\u00e7\u00e3o ambiental","enchente","hist\u00f3ria","Jacarepagu\u00e1","Justi\u00e7a Clim\u00e1tica","Linha Amarela","Morro do Timbau","mudan\u00e7as clim\u00e1ticas","Neglig\u00eancia do Estado","ONU","organiza\u00e7\u00e3o comunit\u00e1ria","Paulo Freire","polui\u00e7\u00e3o","Racismo ambiental","Rede Favela Sustent\u00e1vel","Rio Grande","rios em favelas","sentimento de pertencimento","S\u00e9rie Apoiada pelo Centro Behner Stiefel\/SDSU","S\u00e9rie: Justi\u00e7a H\u00eddrica","Zona Oeste"],"articleSection":["*Destaque","Escrito por Comunicadores Populares","Sociedade Civil","Solu\u00e7\u00f5es","Sustentabilidade"],"inLanguage":"pt-BR"},{"@type":"WebPage","@id":"https:\/\/rioonwatch.org.br\/?p=71462","url":"https:\/\/rioonwatch.org.br\/?p=71462","name":"Encontro das \u00c1guas na Cidade de Deus: Projeto Eco Rede Fortalece Identidade e Resgata Mem\u00f3ria dos Rios da Comunidade - RioOnWatch","isPartOf":{"@id":"https:\/\/rioonwatch.org.br\/#website"},"primaryImageOfPage":{"@id":"https:\/\/rioonwatch.org.br\/?p=71462#primaryimage"},"image":{"@id":"https:\/\/rioonwatch.org.br\/?p=71462#primaryimage"},"thumbnailUrl":"https:\/\/rioonwatch.org.br\/wp-content\/uploads\/2023\/12\/Rio-Grande-visto-da-ponte-nova-Cidade-de-Deus-ao-fundo-Macico-da-Tijuca.-Fonte-Gabrielle-Conceicao-17.08.2023-scaled.jpg","datePublished":"2024-01-11T11:00:31+00:00","dateModified":"2024-01-23T14:33:28+00:00","breadcrumb":{"@id":"https:\/\/rioonwatch.org.br\/?p=71462#breadcrumb"},"inLanguage":"pt-BR","potentialAction":[{"@type":"ReadAction","target":["https:\/\/rioonwatch.org.br\/?p=71462"]}]},{"@type":"ImageObject","inLanguage":"pt-BR","@id":"https:\/\/rioonwatch.org.br\/?p=71462#primaryimage","url":"https:\/\/rioonwatch.org.br\/wp-content\/uploads\/2023\/12\/Rio-Grande-visto-da-ponte-nova-Cidade-de-Deus-ao-fundo-Macico-da-Tijuca.-Fonte-Gabrielle-Conceicao-17.08.2023-scaled.jpg","contentUrl":"https:\/\/rioonwatch.org.br\/wp-content\/uploads\/2023\/12\/Rio-Grande-visto-da-ponte-nova-Cidade-de-Deus-ao-fundo-Macico-da-Tijuca.-Fonte-Gabrielle-Conceicao-17.08.2023-scaled.jpg","width":1920,"height":2560,"caption":"Rio Grande visto da ponte nova, na Cidade de Deus. Ao fundo, v\u00ea-se o Maci\u00e7o da Tijuca. Foto: Gabrielle Concei\u00e7\u00e3o"},{"@type":"BreadcrumbList","@id":"https:\/\/rioonwatch.org.br\/?p=71462#breadcrumb","itemListElement":[{"@type":"ListItem","position":1,"name":"In\u00edcio","item":"https:\/\/rioonwatch.org.br\/"},{"@type":"ListItem","position":2,"name":"Encontro das \u00c1guas na Cidade de Deus: Projeto Eco Rede Fortalece Identidade e Resgata Mem\u00f3ria dos Rios da Comunidade"}]},{"@type":"WebSite","@id":"https:\/\/rioonwatch.org.br\/#website","url":"https:\/\/rioonwatch.org.br\/","name":"RioOnWatch","description":"relatos das favelas cariocas","publisher":{"@id":"https:\/\/rioonwatch.org.br\/#organization"},"potentialAction":[{"@type":"SearchAction","target":{"@type":"EntryPoint","urlTemplate":"https:\/\/rioonwatch.org.br\/?s={search_term_string}"},"query-input":{"@type":"PropertyValueSpecification","valueRequired":true,"valueName":"search_term_string"}}],"inLanguage":"pt-BR"},{"@type":"Organization","@id":"https:\/\/rioonwatch.org.br\/#organization","name":"RioOnWatch","url":"https:\/\/rioonwatch.org.br\/","logo":{"@type":"ImageObject","inLanguage":"pt-BR","@id":"https:\/\/rioonwatch.org.br\/#\/schema\/logo\/image\/","url":"https:\/\/rioonwatch.org.br\/wp-content\/uploads\/2021\/06\/RioOnWatchcabecalhoPT11anos-2.png","contentUrl":"https:\/\/rioonwatch.org.br\/wp-content\/uploads\/2021\/06\/RioOnWatchcabecalhoPT11anos-2.png","width":779,"height":277,"caption":"RioOnWatch"},"image":{"@id":"https:\/\/rioonwatch.org.br\/#\/schema\/logo\/image\/"}},{"@type":"Person","@id":"https:\/\/rioonwatch.org.br\/#\/schema\/person\/feb227e5e7679aacc3d672e375cae1bd","name":"Janaina Tavares","image":{"@type":"ImageObject","inLanguage":"pt-BR","@id":"https:\/\/rioonwatch.org.br\/#\/schema\/person\/image\/","url":"https:\/\/secure.gravatar.com\/avatar\/83bb5bb4f8b0c5ad63f35939640eaaa2?s=96&d=blank&r=g","contentUrl":"https:\/\/secure.gravatar.com\/avatar\/83bb5bb4f8b0c5ad63f35939640eaaa2?s=96&d=blank&r=g","caption":"Janaina Tavares"},"url":"https:\/\/rioonwatch.org.br\/?author=179"}]}},"_links":{"self":[{"href":"https:\/\/rioonwatch.org.br\/index.php?rest_route=\/wp\/v2\/posts\/71462"}],"collection":[{"href":"https:\/\/rioonwatch.org.br\/index.php?rest_route=\/wp\/v2\/posts"}],"about":[{"href":"https:\/\/rioonwatch.org.br\/index.php?rest_route=\/wp\/v2\/types\/post"}],"author":[{"embeddable":true,"href":"https:\/\/rioonwatch.org.br\/index.php?rest_route=\/wp\/v2\/users\/179"}],"replies":[{"embeddable":true,"href":"https:\/\/rioonwatch.org.br\/index.php?rest_route=%2Fwp%2Fv2%2Fcomments&post=71462"}],"version-history":[{"count":70,"href":"https:\/\/rioonwatch.org.br\/index.php?rest_route=\/wp\/v2\/posts\/71462\/revisions"}],"predecessor-version":[{"id":72148,"href":"https:\/\/rioonwatch.org.br\/index.php?rest_route=\/wp\/v2\/posts\/71462\/revisions\/72148"}],"wp:featuredmedia":[{"embeddable":true,"href":"https:\/\/rioonwatch.org.br\/index.php?rest_route=\/wp\/v2\/media\/71495"}],"wp:attachment":[{"href":"https:\/\/rioonwatch.org.br\/index.php?rest_route=%2Fwp%2Fv2%2Fmedia&parent=71462"}],"wp:term":[{"taxonomy":"category","embeddable":true,"href":"https:\/\/rioonwatch.org.br\/index.php?rest_route=%2Fwp%2Fv2%2Fcategories&post=71462"},{"taxonomy":"post_tag","embeddable":true,"href":"https:\/\/rioonwatch.org.br\/index.php?rest_route=%2Fwp%2Fv2%2Ftags&post=71462"},{"taxonomy":"writer","embeddable":true,"href":"https:\/\/rioonwatch.org.br\/index.php?rest_route=%2Fwp%2Fv2%2Fwriter&post=71462"},{"taxonomy":"translator","embeddable":true,"href":"https:\/\/rioonwatch.org.br\/index.php?rest_route=%2Fwp%2Fv2%2Ftranslator&post=71462"},{"taxonomy":"source","embeddable":true,"href":"https:\/\/rioonwatch.org.br\/index.php?rest_route=%2Fwp%2Fv2%2Fsource&post=71462"},{"taxonomy":"ilustrador","embeddable":true,"href":"https:\/\/rioonwatch.org.br\/index.php?rest_route=%2Fwp%2Fv2%2Filustrador&post=71462"},{"taxonomy":"fotografo","embeddable":true,"href":"https:\/\/rioonwatch.org.br\/index.php?rest_route=%2Fwp%2Fv2%2Ffotografo&post=71462"}],"curies":[{"name":"wp","href":"https:\/\/api.w.org\/{rel}","templated":true}]}}