{"id":71569,"date":"2023-12-05T21:47:40","date_gmt":"2023-12-06T00:47:40","guid":{"rendered":"https:\/\/rioonwatch.org.br\/?p=71569"},"modified":"2023-12-19T09:11:42","modified_gmt":"2023-12-19T12:11:42","slug":"jovens-da-rede-favela-sustentavel-realizam-cop-das-favelas-para-dialogar-com-a-conferencia-do-clima-a-partir-de-suas-realidades-imagens","status":"publish","type":"post","link":"https:\/\/rioonwatch.org.br\/?p=71569","title":{"rendered":"Jovens da Rede Favela Sustent\u00e1vel Realizam &#8216;COP das Favelas&#8217; para Dialogar com a Confer\u00eancia do Clima a Partir de Suas Realidades"},"content":{"rendered":"<figure id=\"attachment_71579\" aria-describedby=\"caption-attachment-71579\" style=\"width: 2560px\" class=\"wp-caption aligncenter\"><a href=\"https:\/\/rioonwatch.org.br\/wp-content\/uploads\/2023\/12\/Jovens-da-Rede-Favela-Sustentavel-apresentam-a-proposta-da-COP-das-Favelas-no-6o-Grande-Encontro.-Foto-Barbara-Dias-scaled.jpg\"><img fetchpriority=\"high\" decoding=\"async\" class=\"wp-image-71579 size-full\" title=\"Jovens da Rede Favela Sustent\u00e1vel apresentam a proposta da COP das Favelas no 6\u00ba Grande Encontro da RFS. Foto: B\u00e1rbara Dias\" src=\"https:\/\/rioonwatch.org.br\/wp-content\/uploads\/2023\/12\/Jovens-da-Rede-Favela-Sustentavel-apresentam-a-proposta-da-COP-das-Favelas-no-6o-Grande-Encontro.-Foto-Barbara-Dias-scaled.jpg\" alt=\"Jovens da Rede Favela Sustent\u00e1vel apresentam a proposta da COP das Favelas no 6\u00ba Grande Encontro da RFS. Foto: B\u00e1rbara Dias\" width=\"2560\" height=\"1709\" srcset=\"https:\/\/rioonwatch.org.br\/wp-content\/uploads\/2023\/12\/Jovens-da-Rede-Favela-Sustentavel-apresentam-a-proposta-da-COP-das-Favelas-no-6o-Grande-Encontro.-Foto-Barbara-Dias-scaled.jpg 2560w, https:\/\/rioonwatch.org.br\/wp-content\/uploads\/2023\/12\/Jovens-da-Rede-Favela-Sustentavel-apresentam-a-proposta-da-COP-das-Favelas-no-6o-Grande-Encontro.-Foto-Barbara-Dias-620x414.jpg 620w\" sizes=\"(max-width: 2560px) 100vw, 2560px\" \/><\/a><figcaption id=\"caption-attachment-71579\" class=\"wp-caption-text\">Jovens da Rede Favela Sustent\u00e1vel apresentam a proposta da COP das Favelas no 6\u00ba Grande Encontro da RFS. Foto: B\u00e1rbara Dias<\/figcaption><\/figure>\n<h4 style=\"text-align: right;\"><a href=\"https:\/\/bit.ly\/3tntm32\" target=\"_blank\" rel=\"noopener\"><em><strong>Click Here for English<img decoding=\"async\" class=\"alignright wp-image-15790\" src=\"https:\/\/rioonwatch.org.br\/wp-content\/uploads\/2012\/08\/EN-standard-e1439583104716.jpg\" alt=\"\" width=\"20\" height=\"20\" \/><\/strong><\/em><\/a><\/h4>\n<h4><span style=\"font-weight: 400;\">Jovens de diversas favelas do Grande Rio realizaram no dia 2 de dezembro a &#8220;COP das Favelas&#8221; em paralelo \u00e0 Confer\u00eancia do Clima da ONU (<a href=\"https:\/\/bit.ly\/4ahMfoQ\" target=\"_blank\" rel=\"noopener\">COP 28<\/a>) no <\/span><span style=\"font-weight: 400;\">6\u00ba Encontro Anual da <\/span><span style=\"font-weight: 400;\">Rede Favela Sustent\u00e1vel (<a href=\"https:\/\/bit.ly\/RFSnoROW\" target=\"_blank\" rel=\"noopener\">RFS<\/a>)*<\/span><span style=\"font-weight: 400;\">, no Centro Comunit\u00e1rio Irm\u00e3os Kennedy (<a href=\"https:\/\/bit.ly\/2PmiDBX\" target=\"_blank\" rel=\"noopener\">CCIK<\/a>), na <a href=\"https:\/\/bit.ly\/2zui1C0\" target=\"_blank\" rel=\"noopener\">Vila Kennedy<\/a>, <\/span><span style=\"font-weight: 400;\"><a href=\"https:\/\/bit.ly\/2VcmBwc\" target=\"_blank\" rel=\"noopener\">Zona Oeste<\/a> do Rio de Janeiro. A <\/span><span style=\"font-weight: 400;\">atividade <\/span><span style=\"font-weight: 400;\">teve como<\/span><span style=\"font-weight: 400;\"> objetivo promover debates entre os jovens, lideran\u00e7as comunit\u00e1rias e moradores desses territ\u00f3rios, considerando quatro diferentes quest\u00f5es presentes no cotidiano das favelas em di\u00e1logo com os temas-foco da COP 28: <a href=\"https:\/\/bit.ly\/2PbxufY\" target=\"_blank\" rel=\"noopener\">res\u00edduos s\u00f3lidos<\/a>; injusti\u00e7as provenientes e hist\u00f3rias de supera\u00e7\u00e3o de <\/span><span style=\"font-weight: 400;\"><a href=\"https:\/\/bit.ly\/2XvPcl5\" target=\"_blank\" rel=\"noopener\">racismo ambiental<\/a><\/span><span style=\"font-weight: 400;\">; e o protagonismo e o papel da juventude perif\u00e9rica no combate \u00e0s <a href=\"https:\/\/bit.ly\/3RnfGNB\" target=\"_blank\" rel=\"noopener\">mudan\u00e7as clim\u00e1ticas<\/a>.<\/span><\/h4>\n<h3>COP 28 X COP das Favelas: Tra\u00e7ando Paralelos a Partir de Quem Mais \u00c9 Atingido<\/h3>\n<p><span style=\"font-weight: 400;\">A <\/span><span style=\"font-weight: 400;\">COP 28<\/span><span style=\"font-weight: 400;\">, realizada pela <\/span><span style=\"font-weight: 400;\"><a href=\"https:\/\/bit.ly\/2Jo9VwI\" target=\"_blank\" rel=\"noopener\">ONU<\/a><\/span><span style=\"font-weight: 400;\">, desempenha um papel crucial no enfrentamento global relacionado \u00e0s quest\u00f5es ambientais. A <a href=\"https:\/\/bit.ly\/48pTRUk\" target=\"_blank\" rel=\"noopener\">COP<\/a> acontece anualmente, com a presen\u00e7a de representantes de todos os pa\u00edses signat\u00e1rios da conven\u00e7\u00e3o, para avaliar essas quest\u00f5es e propor estrat\u00e9gias para o <a href=\"https:\/\/bit.ly\/36Q59lj\" target=\"_blank\" rel=\"noopener\">enfrentamento e mitiga\u00e7\u00e3o<\/a> das mudan\u00e7as clim\u00e1ticas. Em 2023, esteve acontecendo em <a href=\"https:\/\/bit.ly\/3TiSgvd\" target=\"_blank\" rel=\"noopener\">Dubai<\/a>, nos <a href=\"https:\/\/bit.ly\/3NpEsLA\" target=\"_blank\" rel=\"noopener\">Emirados \u00c1rabes Unidos<\/a>, entre 30 de novembro e 12 de dezembro.<\/span><\/p>\n<figure id=\"attachment_71580\" aria-describedby=\"caption-attachment-71580\" style=\"width: 2560px\" class=\"wp-caption aligncenter\"><a href=\"https:\/\/rioonwatch.org.br\/wp-content\/uploads\/2023\/12\/Participante-da-COP-das-Favelas-se-direciona-a-uma-das-rodas-de-conversas-da-atividade.-Foto-Barbara-Dias-scaled.jpg\"><img decoding=\"async\" class=\"wp-image-71580 size-full\" title=\"Jovem participante da COP das Favelas se direciona a uma das rodas de conversas da atividade. Foto: B\u00e1rbara Dias\" src=\"https:\/\/rioonwatch.org.br\/wp-content\/uploads\/2023\/12\/Participante-da-COP-das-Favelas-se-direciona-a-uma-das-rodas-de-conversas-da-atividade.-Foto-Barbara-Dias-scaled.jpg\" alt=\"Jovem participante da COP das Favelas se direciona a uma das rodas de conversas da atividade. Foto: B\u00e1rbara Dias\" width=\"2560\" height=\"1709\" srcset=\"https:\/\/rioonwatch.org.br\/wp-content\/uploads\/2023\/12\/Participante-da-COP-das-Favelas-se-direciona-a-uma-das-rodas-de-conversas-da-atividade.-Foto-Barbara-Dias-scaled.jpg 2560w, https:\/\/rioonwatch.org.br\/wp-content\/uploads\/2023\/12\/Participante-da-COP-das-Favelas-se-direciona-a-uma-das-rodas-de-conversas-da-atividade.-Foto-Barbara-Dias-620x414.jpg 620w\" sizes=\"(max-width: 2560px) 100vw, 2560px\" \/><\/a><figcaption id=\"caption-attachment-71580\" class=\"wp-caption-text\">Jovem participante da COP das Favelas se direciona a uma das rodas de conversa da atividade. Foto: B\u00e1rbara Dias<\/figcaption><\/figure>\n<p><span style=\"font-weight: 400;\">Matheus Botelho, jovem morador da <a href=\"https:\/\/bit.ly\/3RCk24K\" target=\"_blank\" rel=\"noopener\">Cor\u00e9ia<\/a>, comunidade de <a href=\"https:\/\/bit.ly\/2UaGIxC\" target=\"_blank\" rel=\"noopener\">Mesquita<\/a>, na <a href=\"https:\/\/bit.ly\/32JVvht\" target=\"_blank\" rel=\"noopener\">Baixada Fluminense<\/a> explica como surgiu a ideia de criar um espa\u00e7o de debate de jovens de favelas.\u00a0<\/span><\/p>\n<blockquote><p><span style=\"font-weight: 400;\">\u201cA COP&#8230; \u00e9 um evento que as pessoas que realmente sofrem com as mudan\u00e7as clim\u00e1ticas n\u00e3o participam. Ent\u00e3o, da\u00ed surgiu a ideia [de fazermos] a COP das Favelas, [pois a favela] \u00e9 o local que mais sofre com <a href=\"https:\/\/bit.ly\/2XvPcl5\" target=\"_blank\" rel=\"noopener\">racismo ambiental<\/a>.\u201d<\/span><span style=\"font-weight: 400;\"> \u2013 Matheus Botelho<\/span><\/p><\/blockquote>\n<p>A proposta da COP das Favelas teve como formato duas s\u00e9ries de rodas de conversa, mediadas por jovens. <span style=\"font-weight: 400;\">O protagonismo dos jovens foi uma grande marca desta atividade. <\/span>O objetivo foi promover debates intergeracionais entre jovens e veteranas da RFS.<\/p>\n<h3>Rodas de Troca de Experi\u00eancia na COP das Favelas<\/h3>\n<p><span style=\"font-weight: 400;\">Em cada roda, muitos escolheram falar de estrat\u00e9gias de supera\u00e7\u00e3o da <a href=\"https:\/\/bit.ly\/3MqiYuU\" target=\"_blank\" rel=\"noopener\">neglig\u00eancia do poder p\u00fablico<\/a> que j\u00e1 foram aplicadas em seus territ\u00f3rios e deram certo.<\/span><\/p>\n<figure id=\"attachment_71582\" aria-describedby=\"caption-attachment-71582\" style=\"width: 2560px\" class=\"wp-caption aligncenter\"><a href=\"https:\/\/rioonwatch.org.br\/wp-content\/uploads\/2023\/12\/Roda-de-conversa-sobre-Injusticas-provenientes-do-racismo-ambiental.-Foto-Barbara-Dias-scaled.jpg\"><img loading=\"lazy\" decoding=\"async\" class=\"wp-image-71582 size-full\" title=\"Roda de conversa sobre Injusti\u00e7as Provenientes do Racismo Ambiental. Foto: B\u00e1rbara Dias\" src=\"https:\/\/rioonwatch.org.br\/wp-content\/uploads\/2023\/12\/Roda-de-conversa-sobre-Injusticas-provenientes-do-racismo-ambiental.-Foto-Barbara-Dias-scaled.jpg\" alt=\"Roda de conversa sobre Injusti\u00e7as Provenientes do Racismo Ambiental. Foto: B\u00e1rbara Dias\" width=\"2560\" height=\"1709\" srcset=\"https:\/\/rioonwatch.org.br\/wp-content\/uploads\/2023\/12\/Roda-de-conversa-sobre-Injusticas-provenientes-do-racismo-ambiental.-Foto-Barbara-Dias-scaled.jpg 2560w, https:\/\/rioonwatch.org.br\/wp-content\/uploads\/2023\/12\/Roda-de-conversa-sobre-Injusticas-provenientes-do-racismo-ambiental.-Foto-Barbara-Dias-620x414.jpg 620w\" sizes=\"(max-width: 2560px) 100vw, 2560px\" \/><\/a><figcaption id=\"caption-attachment-71582\" class=\"wp-caption-text\">Roda de conversa sobre injusti\u00e7as provenientes do racismo ambiental. Foto: B\u00e1rbara Dias<\/figcaption><\/figure>\n<p><span style=\"font-weight: 400;\">Nessas rodas, surgiram propostas de forma\u00e7\u00e3o em <a href=\"https:\/\/bit.ly\/2THofFi\" target=\"_blank\" rel=\"noopener\">educa\u00e7\u00e3o ambiental<\/a>\u00a0para o trabalho com res\u00edduos s\u00f3lidos e a gera\u00e7\u00e3o de renda, com inclus\u00e3o das cooperativas feita pelo governo. Ilaci Luiz de Oliveira, da <\/span><a href=\"https:\/\/bit.ly\/48focor\" target=\"_blank\" rel=\"noopener\"><span style=\"font-weight: 400;\">Cooperativa Transvida<\/span><\/a><span style=\"font-weight: 400;\">, comenta sobre a burocracia e o quanto \u00e9 caro o processo de cria\u00e7\u00e3o e manuten\u00e7\u00e3o de cooperativas de reciclagem de forma legalizada.\u00a0<\/span><\/p>\n<blockquote><p><span style=\"font-weight: 400;\">\u201cEu n\u00e3o tenho como pagar um profissional&#8230; porque o res\u00edduo \u00e9 muito barato [nosso trabalho \u00e9 desvalorizado], mas a burocracia n\u00e3o. O governo federal quer trazer esse incentivo [a legaliza\u00e7\u00e3o], mas eu, na ponta, n\u00e3o tenho bra\u00e7o pra buscar isso com o governo, porque s\u00e3o certid\u00f5es, documentos&#8230; para eu poder ter uma cooperativa ativa, por exemplo, eu preciso ter folha de pagamento ativa&#8230; essa n\u00e3o \u00e9 a realidade da maioria dos trabalhadores.\u201d<\/span><span style=\"font-weight: 400;\"> \u2014 Ilaci Luiz de Oliveira<\/span><\/p><\/blockquote>\n<p><span style=\"font-weight: 400;\">Por outro lado, o jovem Tiago de Lima, respons\u00e1vel pela media\u00e7\u00e3o da roda de conversa sobre \u201cRes\u00edduos s\u00f3lidos nas favelas\u201d, morador da comunidade da <a href=\"https:\/\/bit.ly\/48s857n\" target=\"_blank\" rel=\"noopener\">Tijuquinha<\/a>, na Zona Oeste, estudante de Geografia e Meio Ambiente na PUC-Rio, falou de sua experi\u00eancia estudando e vivenciando a <a href=\"https:\/\/bit.ly\/S\u00e9rieJusti\u00e7aClim\u00e1tica\" target=\"_blank\" rel=\"noopener\">injusti\u00e7a clim\u00e1tica<\/a> para todos os presentes naquela se\u00e7\u00e3o do evento.<\/span><\/p>\n<figure id=\"attachment_71643\" aria-describedby=\"caption-attachment-71643\" style=\"width: 2048px\" class=\"wp-caption aligncenter\"><a href=\"https:\/\/rioonwatch.org.br\/wp-content\/uploads\/2023\/12\/Moradores-de-favela-e-liderancas-comunitarias-do-Grande-Rio-participam-de-roda-de-conversa-da-COP-das-Favelas.-Foto-Barbara-Dias.jpg\"><img loading=\"lazy\" decoding=\"async\" class=\"wp-image-71643 size-full\" title=\"Moradores de favela e lideran\u00e7as comunit\u00e1rias do Grande Rio participam de roda de conversa da COP das Favelas. Foto: B\u00e1rbara Dias\" src=\"https:\/\/rioonwatch.org.br\/wp-content\/uploads\/2023\/12\/Moradores-de-favela-e-liderancas-comunitarias-do-Grande-Rio-participam-de-roda-de-conversa-da-COP-das-Favelas.-Foto-Barbara-Dias.jpg\" alt=\"Moradores de favela e lideran\u00e7as comunit\u00e1rias do Grande Rio participam de roda de conversa da COP das Favelas. Foto: B\u00e1rbara Dias\" width=\"2048\" height=\"1367\" srcset=\"https:\/\/rioonwatch.org.br\/wp-content\/uploads\/2023\/12\/Moradores-de-favela-e-liderancas-comunitarias-do-Grande-Rio-participam-de-roda-de-conversa-da-COP-das-Favelas.-Foto-Barbara-Dias.jpg 2048w, https:\/\/rioonwatch.org.br\/wp-content\/uploads\/2023\/12\/Moradores-de-favela-e-liderancas-comunitarias-do-Grande-Rio-participam-de-roda-de-conversa-da-COP-das-Favelas.-Foto-Barbara-Dias-620x414.jpg 620w\" sizes=\"(max-width: 2048px) 100vw, 2048px\" \/><\/a><figcaption id=\"caption-attachment-71643\" class=\"wp-caption-text\">Moradores de favela e lideran\u00e7as comunit\u00e1rias do Grande Rio participam de roda de conversa da COP das Favelas. Foto: B\u00e1rbara Dias<\/figcaption><\/figure>\n<p><span style=\"font-weight: 400;\">A import\u00e2ncia da educa\u00e7\u00e3o ambiental foi citada como via de solu\u00e7\u00e3o para os problemas socioambientais das favelas e de outras comunidades historicamente alvos do racismo ambiental.<\/span><\/p>\n<figure id=\"attachment_71642\" aria-describedby=\"caption-attachment-71642\" style=\"width: 2048px\" class=\"wp-caption aligncenter\"><a href=\"https:\/\/rioonwatch.org.br\/wp-content\/uploads\/2023\/12\/Mobilizadoras-e-liderancas-comunitarias-do-Grande-Rio-participam-de-roda-de-conversa-da-COP-das-Favelas.-Foto-Barbara-Dias.jpg\"><img loading=\"lazy\" decoding=\"async\" class=\"wp-image-71642 size-full\" title=\"Mobilizadoras e lideran\u00e7as comunit\u00e1rias do Grande Rio participam de roda de conversa da COP das Favelas. Foto: B\u00e1rbara Dias\" src=\"https:\/\/rioonwatch.org.br\/wp-content\/uploads\/2023\/12\/Mobilizadoras-e-liderancas-comunitarias-do-Grande-Rio-participam-de-roda-de-conversa-da-COP-das-Favelas.-Foto-Barbara-Dias.jpg\" alt=\"Mobilizadoras e lideran\u00e7as comunit\u00e1rias do Grande Rio participam de roda de conversa da COP das Favelas. Foto: B\u00e1rbara Dias\" width=\"2048\" height=\"1367\" srcset=\"https:\/\/rioonwatch.org.br\/wp-content\/uploads\/2023\/12\/Mobilizadoras-e-liderancas-comunitarias-do-Grande-Rio-participam-de-roda-de-conversa-da-COP-das-Favelas.-Foto-Barbara-Dias.jpg 2048w, https:\/\/rioonwatch.org.br\/wp-content\/uploads\/2023\/12\/Mobilizadoras-e-liderancas-comunitarias-do-Grande-Rio-participam-de-roda-de-conversa-da-COP-das-Favelas.-Foto-Barbara-Dias-620x414.jpg 620w\" sizes=\"(max-width: 2048px) 100vw, 2048px\" \/><\/a><figcaption id=\"caption-attachment-71642\" class=\"wp-caption-text\">Mobilizadoras e lideran\u00e7as comunit\u00e1rias do Grande Rio participam de roda de conversa da COP das Favelas. Foto: B\u00e1rbara Dias<\/figcaption><\/figure>\n<p>Mauro Pereira, co-fundador do <a href=\"https:\/\/bit.ly\/3qQAIZc\" target=\"_blank\" rel=\"noopener\">Defensores do Planeta<\/a>, organiza\u00e7\u00e3o que luta pela <a href=\"https:\/\/bit.ly\/2yb1nWZ\" target=\"_blank\" rel=\"noopener\">Serra do Mendanha<\/a> desde 1999 e atua com as comunidades no seu entorno, na Zona Oeste, fez uma fala contundente na roda \u201cHist\u00f3rias de supera\u00e7\u00e3o de racismo ambiental\u201d. Para o bi\u00f3logo e ativista, a Zona Oeste do Rio de Janeiro \u00e9 a regi\u00e3o da cidade que mais sofre racismo ambiental. \u00c9 o que alguns presentes chamaram de <a href=\"https:\/\/bit.ly\/3NpO8pL\" target=\"_blank\" rel=\"noopener\">zona de sacrif\u00edcio<\/a>.<\/p>\n<blockquote><p><span style=\"font-weight: 400;\">\u201c[Temos] a maior parcela de <a href=\"https:\/\/bit.ly\/3h5TGpv\" target=\"_blank\" rel=\"noopener\">Mata Atl\u00e2ntica<\/a> da cidade [em] nosso territ\u00f3rio, a maior quantidade de rios&#8230; A maior quantidade de diversidade biol\u00f3gica [est\u00e1] na Serra do Mendanha, que fica no meu territ\u00f3rio&#8230; S\u00f3 que n\u00f3s tamb\u00e9m temos passivos ambientais enormes&#8230; Quando se escolhe a zona para colocar um grande lix\u00e3o&#8230; o <a href=\"https:\/\/bit.ly\/46R9Ycl\" target=\"_blank\" rel=\"noopener\">aterro de Gericin\u00f3<\/a>, que fechou, mas, se voc\u00eas forem l\u00e1, voc\u00eas v\u00e3o ver as pessoas em cima do lixo, o g\u00e1s saindo, o metano e o chorume contaminando o solo&#8230; Quando botaram duas sider\u00fargicas aqui no nosso territ\u00f3rio&#8230; \u00e9 a nossa crise clim\u00e1tica&#8230; Eles n\u00e3o querem que a gente saiba, mas 70% das emiss\u00f5es [de gases do <a href=\"https:\/\/bit.ly\/3JC26kk\" target=\"_blank\" rel=\"noopener\">efeito estufa do Rio<\/a>] est\u00e3o aqui no meu territ\u00f3rio&#8230; gra\u00e7as a empreendimentos como a Companhia Sider\u00fargica do Atl\u00e2ntico (<a href=\"https:\/\/bit.ly\/41m4fu6\" target=\"_blank\" rel=\"noopener\">TKCSA<\/a>).\u201d <\/span>\u2014 <span style=\"font-weight: 400;\">Mauro Pereira<\/span><\/p><\/blockquote>\n<figure id=\"attachment_71589\" aria-describedby=\"caption-attachment-71589\" style=\"width: 2560px\" class=\"wp-caption aligncenter\"><a href=\"https:\/\/rioonwatch.org.br\/wp-content\/uploads\/2023\/12\/Roda-de-conversa-sobre-Historias-de-Superacao-de-Racismo-Ambiental-ao-centro-o-biologo-Mauro-Pereira-fala-de-como-a-Zona-Oeste-e-afetada-por-inumeros-casos-de-racismo-ambiental.-Foto-Barbara-Dias-scaled.jpg\"><img loading=\"lazy\" decoding=\"async\" class=\"wp-image-71589 size-full\" title=\"Roda de conversa sobre Hist\u00f3rias de Supera\u00e7\u00e3o de Racismo Ambiental, ao centro, o bi\u00f3logo Mauro Pereira fala de como a Zona Oeste \u00e9 afetada por in\u00fameros casos de racismo ambiental. Foto: B\u00e1rbara Dias\" src=\"https:\/\/rioonwatch.org.br\/wp-content\/uploads\/2023\/12\/Roda-de-conversa-sobre-Historias-de-Superacao-de-Racismo-Ambiental-ao-centro-o-biologo-Mauro-Pereira-fala-de-como-a-Zona-Oeste-e-afetada-por-inumeros-casos-de-racismo-ambiental.-Foto-Barbara-Dias-scaled.jpg\" alt=\"Roda de conversa sobre Hist\u00f3rias de Supera\u00e7\u00e3o de Racismo Ambiental, ao centro, o bi\u00f3logo Mauro Pereira fala de como a Zona Oeste \u00e9 afetada por in\u00fameros casos de racismo ambiental. Foto: B\u00e1rbara Dias\" width=\"2560\" height=\"1709\" srcset=\"https:\/\/rioonwatch.org.br\/wp-content\/uploads\/2023\/12\/Roda-de-conversa-sobre-Historias-de-Superacao-de-Racismo-Ambiental-ao-centro-o-biologo-Mauro-Pereira-fala-de-como-a-Zona-Oeste-e-afetada-por-inumeros-casos-de-racismo-ambiental.-Foto-Barbara-Dias-scaled.jpg 2560w, https:\/\/rioonwatch.org.br\/wp-content\/uploads\/2023\/12\/Roda-de-conversa-sobre-Historias-de-Superacao-de-Racismo-Ambiental-ao-centro-o-biologo-Mauro-Pereira-fala-de-como-a-Zona-Oeste-e-afetada-por-inumeros-casos-de-racismo-ambiental.-Foto-Barbara-Dias-620x414.jpg 620w\" sizes=\"(max-width: 2560px) 100vw, 2560px\" \/><\/a><figcaption id=\"caption-attachment-71589\" class=\"wp-caption-text\">Roda de conversa sobre hist\u00f3rias de supera\u00e7\u00e3o de racismo ambiental, ao centro, o bi\u00f3logo Mauro Pereira fala de como a Zona Oeste \u00e9 afetada por in\u00fameros casos de racismo ambiental. Foto: B\u00e1rbara Dias<\/figcaption><\/figure>\n<p><span style=\"font-weight: 400;\">Aproximando-se do fim das discuss\u00f5es, esse espa\u00e7o de protagonismo de jovens pelo clima foi considerado fundamental pelos presentes. Atuando na media\u00e7\u00e3o da roda <\/span><span style=\"font-weight: 400;\">\u201cProtagonismo e o papel da juventude perif\u00e9rica no combate \u00e0s mudan\u00e7as clim\u00e1ticas\u201d<\/span><span style=\"font-weight: 400;\">, Sara Hins, integrante do Museu de Favelas (<a href=\"https:\/\/bit.ly\/2IGWNlt\" target=\"_blank\" rel=\"noopener\">MUF<\/a>), no <a href=\"https:\/\/bit.ly\/11x89ZX\" target=\"_blank\" rel=\"noopener\">Complexo do PPG<\/a>, na <a href=\"https:\/\/bit.ly\/3ilwr9T\" target=\"_blank\" rel=\"noopener\">Zona Sul<\/a>, falou da import\u00e2ncia da COP das Favelas para ela.<\/span><\/p>\n<blockquote><p><span style=\"font-weight: 400;\">\u201cEu achei o processo muito interessante por estar com outros jovens de outros territ\u00f3rios, cada um com a sua especificidade, falando de temas como racismo ambiental e <a href=\"https:\/\/bit.ly\/3wZrbkN\" target=\"_blank\" rel=\"noopener\">justi\u00e7a clim\u00e1tica<\/a>. A import\u00e2ncia da COP das Favelas \u00e9 poder falar sobre esse tema a partir dos nossos territ\u00f3rios, onde n\u00f3s, corpos pretos e perif\u00e9ricos, somos os mais afetados pelas mudan\u00e7as clim\u00e1ticas&#8230; a COP das Favelas dialoga com a COP oficial, pois cria um espa\u00e7o que a gente, sociedade civil perif\u00e9rica, n\u00e3o teria acesso de outra forma&#8230; formado pelas pessoas que realmente sofrem as mudan\u00e7as clim\u00e1ticas na pele, no dia a dia.\u201d <\/span>\u2014 Sara Hins<\/p><\/blockquote>\n<figure id=\"attachment_71591\" aria-describedby=\"caption-attachment-71591\" style=\"width: 2560px\" class=\"wp-caption aligncenter\"><a href=\"https:\/\/rioonwatch.org.br\/wp-content\/uploads\/2023\/12\/Roda-de-conversa-sobre-Protagonismo-e-o-papel-da-juventude-periferica-no-combate-as-Mudancas-Climaticas-na-foto-a-jovem-Sara-Hins-em-pe-faz-a-mediacao-da-conversa.-Foto-Barbara-Dias-scaled.jpg\"><img loading=\"lazy\" decoding=\"async\" class=\"wp-image-71591 size-full\" title=\"Roda de conversa sobre Protagonismo e o Papel da Juventude Perif\u00e9rica no Combate \u00e0s Mudan\u00e7as Clim\u00e1ticas, na foto a jovem Sara Hins (em p\u00e9) faz a media\u00e7\u00e3o da conversa. Foto: B\u00e1rbara Dias\" src=\"https:\/\/rioonwatch.org.br\/wp-content\/uploads\/2023\/12\/Roda-de-conversa-sobre-Protagonismo-e-o-papel-da-juventude-periferica-no-combate-as-Mudancas-Climaticas-na-foto-a-jovem-Sara-Hins-em-pe-faz-a-mediacao-da-conversa.-Foto-Barbara-Dias-scaled.jpg\" alt=\"Roda de conversa sobre Protagonismo e o Papel da Juventude Perif\u00e9rica no Combate \u00e0s Mudan\u00e7as Clim\u00e1ticas, na foto a jovem Sara Hins (em p\u00e9) faz a media\u00e7\u00e3o da conversa. Foto: B\u00e1rbara Dias\" width=\"2560\" height=\"1709\" srcset=\"https:\/\/rioonwatch.org.br\/wp-content\/uploads\/2023\/12\/Roda-de-conversa-sobre-Protagonismo-e-o-papel-da-juventude-periferica-no-combate-as-Mudancas-Climaticas-na-foto-a-jovem-Sara-Hins-em-pe-faz-a-mediacao-da-conversa.-Foto-Barbara-Dias-scaled.jpg 2560w, https:\/\/rioonwatch.org.br\/wp-content\/uploads\/2023\/12\/Roda-de-conversa-sobre-Protagonismo-e-o-papel-da-juventude-periferica-no-combate-as-Mudancas-Climaticas-na-foto-a-jovem-Sara-Hins-em-pe-faz-a-mediacao-da-conversa.-Foto-Barbara-Dias-620x414.jpg 620w\" sizes=\"(max-width: 2560px) 100vw, 2560px\" \/><\/a><figcaption id=\"caption-attachment-71591\" class=\"wp-caption-text\">Roda de conversa sobre Protagonismo e o Papel da Juventude Perif\u00e9rica no Combate \u00e0s Mudan\u00e7as Clim\u00e1ticas, na foto a jovem Sara Hins (em p\u00e9) faz a media\u00e7\u00e3o da conversa. Foto: B\u00e1rbara Dias<\/figcaption><\/figure>\n<p>O jovem Tiago da Tijuquinha tamb\u00e9m refletiu sobre a import\u00e2ncia da atividade para o seu desenvolvimento.<\/p>\n<blockquote><p>\u201cEu acho que a COP das Favelas est\u00e1 sendo essencial para a minha constru\u00e7\u00e3o, tanto acad\u00eamica, quanto social&#8230; Os debates que a gente teve aqui foram incr\u00edveis&#8230; a sala que a gente estava era sobre res\u00edduos s\u00f3lidos, ent\u00e3o, a gente escutou muitas hist\u00f3rias de catadores&#8230; Eu acho que a COP das Favelas se iguala muito com a COP da ONU, porque a gente est\u00e1 debatendo os problemas que acontecem nas nossas favelas e est\u00e1 buscando solu\u00e7\u00e3o para o que est\u00e1 acontecendo&#8230; nunca imaginei estar participando dessa COP&#8230; tudo o que aprendi aqui hoje quero levar para minha favela.\u201d \u2014 Tiago de Lima<\/p><\/blockquote>\n<p><em>*A Rede Favela Sustent\u00e1vel (RFS) e o RioOnWatch s\u00e3o ambas a\u00e7\u00f5es tocadas pela organiza\u00e7\u00e3o sem fins lucrativos, Comunidades Catalisadoras (ComCat).<\/em><\/p>\n<p><em>Sobre a autora e fot\u00f3grafa:\u00a0<a href=\"https:\/\/bit.ly\/3Gc3OJU\" target=\"_blank\" rel=\"noopener\">B\u00e1rbara Dias<\/a>, cria de Bangu, possui licenciatura em Ci\u00eancias Biol\u00f3gicas, mestrado em Educa\u00e7\u00e3o Ambiental e atua como professora da rede p\u00fablica desde 2006. \u00c9 fotojornalista e trabalha tamb\u00e9m com fotografia documental. \u00c9 comunicadora popular formada pelo N\u00facleo Piratininga de Comunica\u00e7\u00e3o (<a href=\"https:\/\/bit.ly\/3i2GcdN\" target=\"_blank\" rel=\"noopener\">NPC<\/a>) e co-fundadora do\u00a0<a href=\"https:\/\/bit.ly\/3vfY8bj\" target=\"_blank\" rel=\"noopener\">Coletivo Fotoguerrilha<\/a>.<\/em><\/p>\n<hr \/>\n<h4><b data-stringify-type=\"bold\">Apoie nossos esfor\u00e7os para fornecer apoio estrat\u00e9gico \u00e0s favelas do Rio, incluindo o jornalismo hiperlocal, cr\u00edtico, inovador e incans\u00e1vel do\u00a0<\/b><b data-stringify-type=\"bold\"><i data-stringify-type=\"italic\">RioOnWatch<\/i><\/b>\u2014<a class=\"c-link\" href=\"http:\/\/www.bit.ly\/ApoieROW\" target=\"_blank\" rel=\"noopener noreferrer\" data-stringify-link=\"http:\/\/www.bit.ly\/ApoieROW\" data-sk=\"tooltip_parent\">doe aqui<\/a>.<\/h4>\n<!-- AddThis Advanced Settings generic via filter on the_content --><!-- AddThis Share Buttons generic via filter on the_content -->","protected":false},"excerpt":{"rendered":"<div class=\"mh-excerpt\"><p>Click Here for English Jovens de diversas favelas do Grande Rio realizaram no dia 2 de dezembro a &#8220;COP das Favelas&#8221; em paralelo \u00e0 Confer\u00eancia do Clima da ONU (COP 28) no 6\u00ba Encontro Anual <a class=\"mh-excerpt-more\" href=\"https:\/\/rioonwatch.org.br\/?p=71569\" title=\"Jovens da Rede Favela Sustent\u00e1vel Realizam &#8216;COP das Favelas&#8217; para Dialogar com a Confer\u00eancia do Clima a Partir de Suas Realidades\">[&#8230;]<\/a><!-- AddThis Advanced Settings generic via filter on get_the_excerpt --><!-- AddThis Share Buttons generic via filter on get_the_excerpt --><\/p>\n<\/div>","protected":false},"author":179,"featured_media":71579,"comment_status":"closed","ping_status":"closed","sticky":false,"template":"template-full.php","format":"standard","meta":{"_acf_changed":false,"_monsterinsights_skip_tracking":false,"_monsterinsights_sitenote_active":false,"_monsterinsights_sitenote_note":"","_monsterinsights_sitenote_category":0,"footnotes":""},"categories":[1621,1627,3170,342,1639],"tags":[959,2418,826,3400,2293,363,2026,1554,3112,113,360,296,106,1304,1719,1722,358,1360,2139,2901,2432,134,1347,476,3399,544,184,383],"writer":[3244],"translator":[],"source":[],"ilustrador":[],"fotografo":[3184],"class_list":{"0":"post-71569","1":"post","2":"type-post","3":"status-publish","4":"format-standard","5":"has-post-thumbnail","7":"category-destaque","8":"category-relato-de-evento","9":"category-justica-climatica","10":"category-solucoes","11":"category-sustentabilidade","12":"tag-baixada-fluminense","13":"tag-comunidade","14":"tag-cooperativa","15":"tag-cop","16":"tag-coreia","17":"tag-educacao-ambiental","18":"tag-favela-e-solucao","19":"tag-gestao-de-residuos","20":"tag-justica-climatica","21":"tag-juventude","22":"tag-lixo","23":"tag-mata-atlantica","24":"tag-meio-ambiente","25":"tag-organizacao-criativa","26":"tag-mudancas-climaticas","27":"tag-onu","28":"tag-organizacao-comunitaria","29":"tag-pavuna","30":"tag-justica-ambiental","31":"tag-rfs","32":"tag-representatividade","33":"tag-santa-cruz","34":"tag-solucao","35":"tag-solucao-comunitaria","36":"tag-tijuquinha","37":"tag-vila-kennedy","38":"tag-zona-oeste","39":"tag-zona-sul","40":"writer-barbara-dias","41":"fotografo-barbara-dias"},"acf":[],"yoast_head":"<!-- This site is optimized with the Yoast SEO plugin v25.6 - https:\/\/yoast.com\/wordpress\/plugins\/seo\/ -->\n<title>Jovens da Rede Favela Sustent\u00e1vel Realizam &#039;COP das Favelas&#039; para Dialogar com a Confer\u00eancia do Clima a Partir de Suas Realidades - RioOnWatch<\/title>\n<meta name=\"robots\" content=\"index, follow, max-snippet:-1, max-image-preview:large, max-video-preview:-1\" \/>\n<link rel=\"canonical\" href=\"https:\/\/rioonwatch.org.br\/?p=71569\" \/>\n<meta property=\"og:locale\" content=\"pt_BR\" \/>\n<meta property=\"og:type\" content=\"article\" \/>\n<meta property=\"og:title\" content=\"Jovens da Rede Favela Sustent\u00e1vel Realizam &#039;COP das Favelas&#039; para Dialogar com a Confer\u00eancia do Clima a Partir de Suas Realidades - RioOnWatch\" \/>\n<meta property=\"og:description\" content=\"Click Here for English Jovens de diversas favelas do Grande Rio realizaram no dia 2 de dezembro a &#8220;COP das Favelas&#8221; em paralelo \u00e0 Confer\u00eancia do Clima da ONU (COP 28) no 6\u00ba Encontro Anual [...]\" \/>\n<meta property=\"og:url\" content=\"https:\/\/rioonwatch.org.br\/?p=71569\" \/>\n<meta property=\"og:site_name\" content=\"RioOnWatch\" \/>\n<meta property=\"article:published_time\" content=\"2023-12-06T00:47:40+00:00\" \/>\n<meta property=\"article:modified_time\" content=\"2023-12-19T12:11:42+00:00\" \/>\n<meta property=\"og:image\" content=\"https:\/\/rioonwatch.org.br\/wp-content\/uploads\/2023\/12\/Jovens-da-Rede-Favela-Sustentavel-apresentam-a-proposta-da-COP-das-Favelas-no-6o-Grande-Encontro.-Foto-Barbara-Dias-scaled.jpg\" \/>\n\t<meta property=\"og:image:width\" content=\"2560\" \/>\n\t<meta property=\"og:image:height\" content=\"1709\" \/>\n\t<meta property=\"og:image:type\" content=\"image\/jpeg\" \/>\n<meta name=\"author\" content=\"Janaina Tavares\" \/>\n<meta name=\"twitter:card\" content=\"summary_large_image\" \/>\n<meta name=\"twitter:label1\" content=\"Escrito por\" \/>\n\t<meta name=\"twitter:data1\" content=\"Janaina Tavares\" \/>\n\t<meta name=\"twitter:label2\" content=\"Est. tempo de leitura\" \/>\n\t<meta name=\"twitter:data2\" content=\"9 minutos\" \/>\n<script type=\"application\/ld+json\" class=\"yoast-schema-graph\">{\"@context\":\"https:\/\/schema.org\",\"@graph\":[{\"@type\":\"Article\",\"@id\":\"https:\/\/rioonwatch.org.br\/?p=71569#article\",\"isPartOf\":{\"@id\":\"https:\/\/rioonwatch.org.br\/?p=71569\"},\"author\":{\"name\":\"Janaina Tavares\",\"@id\":\"https:\/\/rioonwatch.org.br\/#\/schema\/person\/feb227e5e7679aacc3d672e375cae1bd\"},\"headline\":\"Jovens da Rede Favela Sustent\u00e1vel Realizam &#8216;COP das Favelas&#8217; para Dialogar com a Confer\u00eancia do Clima a Partir de Suas Realidades\",\"datePublished\":\"2023-12-06T00:47:40+00:00\",\"dateModified\":\"2023-12-19T12:11:42+00:00\",\"mainEntityOfPage\":{\"@id\":\"https:\/\/rioonwatch.org.br\/?p=71569\"},\"wordCount\":1487,\"publisher\":{\"@id\":\"https:\/\/rioonwatch.org.br\/#organization\"},\"image\":{\"@id\":\"https:\/\/rioonwatch.org.br\/?p=71569#primaryimage\"},\"thumbnailUrl\":\"https:\/\/rioonwatch.org.br\/wp-content\/uploads\/2023\/12\/Jovens-da-Rede-Favela-Sustentavel-apresentam-a-proposta-da-COP-das-Favelas-no-6o-Grande-Encontro.-Foto-Barbara-Dias-scaled.jpg\",\"keywords\":[\"Baixada Fluminense\",\"comunidade\",\"cooperativa\",\"COP\",\"Coreia (Mesquita)\",\"educa\u00e7\u00e3o ambiental\",\"Favela \u00e9 solu\u00e7\u00e3o\",\"gest\u00e3o de res\u00edduos\",\"Justi\u00e7a Clim\u00e1tica\",\"juventude\",\"lixo\",\"Mata Atl\u00e2ntica\",\"meio ambiente\",\"mobiliza\u00e7\u00e3o criativa\",\"mudan\u00e7as clim\u00e1ticas\",\"ONU\",\"organiza\u00e7\u00e3o comunit\u00e1ria\",\"Pavuna\",\"Racismo ambiental\",\"Rede Favela Sustent\u00e1vel\",\"representatividade\",\"Santa Cruz\",\"solu\u00e7\u00e3o\",\"solu\u00e7\u00e3o comunit\u00e1ria\",\"Tijuquinha\",\"Vila Kennedy\",\"Zona Oeste\",\"Zona Sul\"],\"articleSection\":[\"*Destaque\",\"Cobertura de Eventos\",\"Justi\u00e7a Clim\u00e1tica\",\"Solu\u00e7\u00f5es\",\"Sustentabilidade\"],\"inLanguage\":\"pt-BR\"},{\"@type\":\"WebPage\",\"@id\":\"https:\/\/rioonwatch.org.br\/?p=71569\",\"url\":\"https:\/\/rioonwatch.org.br\/?p=71569\",\"name\":\"Jovens da Rede Favela Sustent\u00e1vel Realizam 'COP das Favelas' para Dialogar com a Confer\u00eancia do Clima a Partir de Suas Realidades - RioOnWatch\",\"isPartOf\":{\"@id\":\"https:\/\/rioonwatch.org.br\/#website\"},\"primaryImageOfPage\":{\"@id\":\"https:\/\/rioonwatch.org.br\/?p=71569#primaryimage\"},\"image\":{\"@id\":\"https:\/\/rioonwatch.org.br\/?p=71569#primaryimage\"},\"thumbnailUrl\":\"https:\/\/rioonwatch.org.br\/wp-content\/uploads\/2023\/12\/Jovens-da-Rede-Favela-Sustentavel-apresentam-a-proposta-da-COP-das-Favelas-no-6o-Grande-Encontro.-Foto-Barbara-Dias-scaled.jpg\",\"datePublished\":\"2023-12-06T00:47:40+00:00\",\"dateModified\":\"2023-12-19T12:11:42+00:00\",\"breadcrumb\":{\"@id\":\"https:\/\/rioonwatch.org.br\/?p=71569#breadcrumb\"},\"inLanguage\":\"pt-BR\",\"potentialAction\":[{\"@type\":\"ReadAction\",\"target\":[\"https:\/\/rioonwatch.org.br\/?p=71569\"]}]},{\"@type\":\"ImageObject\",\"inLanguage\":\"pt-BR\",\"@id\":\"https:\/\/rioonwatch.org.br\/?p=71569#primaryimage\",\"url\":\"https:\/\/rioonwatch.org.br\/wp-content\/uploads\/2023\/12\/Jovens-da-Rede-Favela-Sustentavel-apresentam-a-proposta-da-COP-das-Favelas-no-6o-Grande-Encontro.-Foto-Barbara-Dias-scaled.jpg\",\"contentUrl\":\"https:\/\/rioonwatch.org.br\/wp-content\/uploads\/2023\/12\/Jovens-da-Rede-Favela-Sustentavel-apresentam-a-proposta-da-COP-das-Favelas-no-6o-Grande-Encontro.-Foto-Barbara-Dias-scaled.jpg\",\"width\":2560,\"height\":1709,\"caption\":\"Jovens da RFS falam sobre a idealiza\u00e7\u00e3o e constru\u00e7\u00e3o da atividade COP das Favelas, durante o Grande Encontro Anual de 2023. Foto: B\u00e1rbara Dias\"},{\"@type\":\"BreadcrumbList\",\"@id\":\"https:\/\/rioonwatch.org.br\/?p=71569#breadcrumb\",\"itemListElement\":[{\"@type\":\"ListItem\",\"position\":1,\"name\":\"In\u00edcio\",\"item\":\"https:\/\/rioonwatch.org.br\/\"},{\"@type\":\"ListItem\",\"position\":2,\"name\":\"Jovens da Rede Favela Sustent\u00e1vel Realizam &#8216;COP das Favelas&#8217; para Dialogar com a Confer\u00eancia do Clima a Partir de Suas Realidades\"}]},{\"@type\":\"WebSite\",\"@id\":\"https:\/\/rioonwatch.org.br\/#website\",\"url\":\"https:\/\/rioonwatch.org.br\/\",\"name\":\"RioOnWatch\",\"description\":\"relatos das favelas cariocas\",\"publisher\":{\"@id\":\"https:\/\/rioonwatch.org.br\/#organization\"},\"potentialAction\":[{\"@type\":\"SearchAction\",\"target\":{\"@type\":\"EntryPoint\",\"urlTemplate\":\"https:\/\/rioonwatch.org.br\/?s={search_term_string}\"},\"query-input\":{\"@type\":\"PropertyValueSpecification\",\"valueRequired\":true,\"valueName\":\"search_term_string\"}}],\"inLanguage\":\"pt-BR\"},{\"@type\":\"Organization\",\"@id\":\"https:\/\/rioonwatch.org.br\/#organization\",\"name\":\"RioOnWatch\",\"url\":\"https:\/\/rioonwatch.org.br\/\",\"logo\":{\"@type\":\"ImageObject\",\"inLanguage\":\"pt-BR\",\"@id\":\"https:\/\/rioonwatch.org.br\/#\/schema\/logo\/image\/\",\"url\":\"https:\/\/rioonwatch.org.br\/wp-content\/uploads\/2021\/06\/RioOnWatchcabecalhoPT11anos-2.png\",\"contentUrl\":\"https:\/\/rioonwatch.org.br\/wp-content\/uploads\/2021\/06\/RioOnWatchcabecalhoPT11anos-2.png\",\"width\":779,\"height\":277,\"caption\":\"RioOnWatch\"},\"image\":{\"@id\":\"https:\/\/rioonwatch.org.br\/#\/schema\/logo\/image\/\"}},{\"@type\":\"Person\",\"@id\":\"https:\/\/rioonwatch.org.br\/#\/schema\/person\/feb227e5e7679aacc3d672e375cae1bd\",\"name\":\"Janaina Tavares\",\"image\":{\"@type\":\"ImageObject\",\"inLanguage\":\"pt-BR\",\"@id\":\"https:\/\/rioonwatch.org.br\/#\/schema\/person\/image\/\",\"url\":\"https:\/\/secure.gravatar.com\/avatar\/83bb5bb4f8b0c5ad63f35939640eaaa2?s=96&d=blank&r=g\",\"contentUrl\":\"https:\/\/secure.gravatar.com\/avatar\/83bb5bb4f8b0c5ad63f35939640eaaa2?s=96&d=blank&r=g\",\"caption\":\"Janaina Tavares\"},\"url\":\"https:\/\/rioonwatch.org.br\/?author=179\"}]}<\/script>\n<!-- \/ Yoast SEO plugin. -->","yoast_head_json":{"title":"Jovens da Rede Favela Sustent\u00e1vel Realizam 'COP das Favelas' para Dialogar com a Confer\u00eancia do Clima a Partir de Suas Realidades - RioOnWatch","robots":{"index":"index","follow":"follow","max-snippet":"max-snippet:-1","max-image-preview":"max-image-preview:large","max-video-preview":"max-video-preview:-1"},"canonical":"https:\/\/rioonwatch.org.br\/?p=71569","og_locale":"pt_BR","og_type":"article","og_title":"Jovens da Rede Favela Sustent\u00e1vel Realizam 'COP das Favelas' para Dialogar com a Confer\u00eancia do Clima a Partir de Suas Realidades - RioOnWatch","og_description":"Click Here for English Jovens de diversas favelas do Grande Rio realizaram no dia 2 de dezembro a &#8220;COP das Favelas&#8221; em paralelo \u00e0 Confer\u00eancia do Clima da ONU (COP 28) no 6\u00ba Encontro Anual [...]","og_url":"https:\/\/rioonwatch.org.br\/?p=71569","og_site_name":"RioOnWatch","article_published_time":"2023-12-06T00:47:40+00:00","article_modified_time":"2023-12-19T12:11:42+00:00","og_image":[{"width":2560,"height":1709,"url":"https:\/\/rioonwatch.org.br\/wp-content\/uploads\/2023\/12\/Jovens-da-Rede-Favela-Sustentavel-apresentam-a-proposta-da-COP-das-Favelas-no-6o-Grande-Encontro.-Foto-Barbara-Dias-scaled.jpg","type":"image\/jpeg"}],"author":"Janaina Tavares","twitter_card":"summary_large_image","twitter_misc":{"Escrito por":"Janaina Tavares","Est. tempo de leitura":"9 minutos"},"schema":{"@context":"https:\/\/schema.org","@graph":[{"@type":"Article","@id":"https:\/\/rioonwatch.org.br\/?p=71569#article","isPartOf":{"@id":"https:\/\/rioonwatch.org.br\/?p=71569"},"author":{"name":"Janaina Tavares","@id":"https:\/\/rioonwatch.org.br\/#\/schema\/person\/feb227e5e7679aacc3d672e375cae1bd"},"headline":"Jovens da Rede Favela Sustent\u00e1vel Realizam &#8216;COP das Favelas&#8217; para Dialogar com a Confer\u00eancia do Clima a Partir de Suas Realidades","datePublished":"2023-12-06T00:47:40+00:00","dateModified":"2023-12-19T12:11:42+00:00","mainEntityOfPage":{"@id":"https:\/\/rioonwatch.org.br\/?p=71569"},"wordCount":1487,"publisher":{"@id":"https:\/\/rioonwatch.org.br\/#organization"},"image":{"@id":"https:\/\/rioonwatch.org.br\/?p=71569#primaryimage"},"thumbnailUrl":"https:\/\/rioonwatch.org.br\/wp-content\/uploads\/2023\/12\/Jovens-da-Rede-Favela-Sustentavel-apresentam-a-proposta-da-COP-das-Favelas-no-6o-Grande-Encontro.-Foto-Barbara-Dias-scaled.jpg","keywords":["Baixada Fluminense","comunidade","cooperativa","COP","Coreia (Mesquita)","educa\u00e7\u00e3o ambiental","Favela \u00e9 solu\u00e7\u00e3o","gest\u00e3o de res\u00edduos","Justi\u00e7a Clim\u00e1tica","juventude","lixo","Mata Atl\u00e2ntica","meio ambiente","mobiliza\u00e7\u00e3o criativa","mudan\u00e7as clim\u00e1ticas","ONU","organiza\u00e7\u00e3o comunit\u00e1ria","Pavuna","Racismo ambiental","Rede Favela Sustent\u00e1vel","representatividade","Santa Cruz","solu\u00e7\u00e3o","solu\u00e7\u00e3o comunit\u00e1ria","Tijuquinha","Vila Kennedy","Zona Oeste","Zona Sul"],"articleSection":["*Destaque","Cobertura de Eventos","Justi\u00e7a Clim\u00e1tica","Solu\u00e7\u00f5es","Sustentabilidade"],"inLanguage":"pt-BR"},{"@type":"WebPage","@id":"https:\/\/rioonwatch.org.br\/?p=71569","url":"https:\/\/rioonwatch.org.br\/?p=71569","name":"Jovens da Rede Favela Sustent\u00e1vel Realizam 'COP das Favelas' para Dialogar com a Confer\u00eancia do Clima a Partir de Suas Realidades - RioOnWatch","isPartOf":{"@id":"https:\/\/rioonwatch.org.br\/#website"},"primaryImageOfPage":{"@id":"https:\/\/rioonwatch.org.br\/?p=71569#primaryimage"},"image":{"@id":"https:\/\/rioonwatch.org.br\/?p=71569#primaryimage"},"thumbnailUrl":"https:\/\/rioonwatch.org.br\/wp-content\/uploads\/2023\/12\/Jovens-da-Rede-Favela-Sustentavel-apresentam-a-proposta-da-COP-das-Favelas-no-6o-Grande-Encontro.-Foto-Barbara-Dias-scaled.jpg","datePublished":"2023-12-06T00:47:40+00:00","dateModified":"2023-12-19T12:11:42+00:00","breadcrumb":{"@id":"https:\/\/rioonwatch.org.br\/?p=71569#breadcrumb"},"inLanguage":"pt-BR","potentialAction":[{"@type":"ReadAction","target":["https:\/\/rioonwatch.org.br\/?p=71569"]}]},{"@type":"ImageObject","inLanguage":"pt-BR","@id":"https:\/\/rioonwatch.org.br\/?p=71569#primaryimage","url":"https:\/\/rioonwatch.org.br\/wp-content\/uploads\/2023\/12\/Jovens-da-Rede-Favela-Sustentavel-apresentam-a-proposta-da-COP-das-Favelas-no-6o-Grande-Encontro.-Foto-Barbara-Dias-scaled.jpg","contentUrl":"https:\/\/rioonwatch.org.br\/wp-content\/uploads\/2023\/12\/Jovens-da-Rede-Favela-Sustentavel-apresentam-a-proposta-da-COP-das-Favelas-no-6o-Grande-Encontro.-Foto-Barbara-Dias-scaled.jpg","width":2560,"height":1709,"caption":"Jovens da RFS falam sobre a idealiza\u00e7\u00e3o e constru\u00e7\u00e3o da atividade COP das Favelas, durante o Grande Encontro Anual de 2023. Foto: B\u00e1rbara Dias"},{"@type":"BreadcrumbList","@id":"https:\/\/rioonwatch.org.br\/?p=71569#breadcrumb","itemListElement":[{"@type":"ListItem","position":1,"name":"In\u00edcio","item":"https:\/\/rioonwatch.org.br\/"},{"@type":"ListItem","position":2,"name":"Jovens da Rede Favela Sustent\u00e1vel Realizam &#8216;COP das Favelas&#8217; para Dialogar com a Confer\u00eancia do Clima a Partir de Suas Realidades"}]},{"@type":"WebSite","@id":"https:\/\/rioonwatch.org.br\/#website","url":"https:\/\/rioonwatch.org.br\/","name":"RioOnWatch","description":"relatos das favelas cariocas","publisher":{"@id":"https:\/\/rioonwatch.org.br\/#organization"},"potentialAction":[{"@type":"SearchAction","target":{"@type":"EntryPoint","urlTemplate":"https:\/\/rioonwatch.org.br\/?s={search_term_string}"},"query-input":{"@type":"PropertyValueSpecification","valueRequired":true,"valueName":"search_term_string"}}],"inLanguage":"pt-BR"},{"@type":"Organization","@id":"https:\/\/rioonwatch.org.br\/#organization","name":"RioOnWatch","url":"https:\/\/rioonwatch.org.br\/","logo":{"@type":"ImageObject","inLanguage":"pt-BR","@id":"https:\/\/rioonwatch.org.br\/#\/schema\/logo\/image\/","url":"https:\/\/rioonwatch.org.br\/wp-content\/uploads\/2021\/06\/RioOnWatchcabecalhoPT11anos-2.png","contentUrl":"https:\/\/rioonwatch.org.br\/wp-content\/uploads\/2021\/06\/RioOnWatchcabecalhoPT11anos-2.png","width":779,"height":277,"caption":"RioOnWatch"},"image":{"@id":"https:\/\/rioonwatch.org.br\/#\/schema\/logo\/image\/"}},{"@type":"Person","@id":"https:\/\/rioonwatch.org.br\/#\/schema\/person\/feb227e5e7679aacc3d672e375cae1bd","name":"Janaina Tavares","image":{"@type":"ImageObject","inLanguage":"pt-BR","@id":"https:\/\/rioonwatch.org.br\/#\/schema\/person\/image\/","url":"https:\/\/secure.gravatar.com\/avatar\/83bb5bb4f8b0c5ad63f35939640eaaa2?s=96&d=blank&r=g","contentUrl":"https:\/\/secure.gravatar.com\/avatar\/83bb5bb4f8b0c5ad63f35939640eaaa2?s=96&d=blank&r=g","caption":"Janaina Tavares"},"url":"https:\/\/rioonwatch.org.br\/?author=179"}]}},"_links":{"self":[{"href":"https:\/\/rioonwatch.org.br\/index.php?rest_route=\/wp\/v2\/posts\/71569"}],"collection":[{"href":"https:\/\/rioonwatch.org.br\/index.php?rest_route=\/wp\/v2\/posts"}],"about":[{"href":"https:\/\/rioonwatch.org.br\/index.php?rest_route=\/wp\/v2\/types\/post"}],"author":[{"embeddable":true,"href":"https:\/\/rioonwatch.org.br\/index.php?rest_route=\/wp\/v2\/users\/179"}],"replies":[{"embeddable":true,"href":"https:\/\/rioonwatch.org.br\/index.php?rest_route=%2Fwp%2Fv2%2Fcomments&post=71569"}],"version-history":[{"count":49,"href":"https:\/\/rioonwatch.org.br\/index.php?rest_route=\/wp\/v2\/posts\/71569\/revisions"}],"predecessor-version":[{"id":71869,"href":"https:\/\/rioonwatch.org.br\/index.php?rest_route=\/wp\/v2\/posts\/71569\/revisions\/71869"}],"wp:featuredmedia":[{"embeddable":true,"href":"https:\/\/rioonwatch.org.br\/index.php?rest_route=\/wp\/v2\/media\/71579"}],"wp:attachment":[{"href":"https:\/\/rioonwatch.org.br\/index.php?rest_route=%2Fwp%2Fv2%2Fmedia&parent=71569"}],"wp:term":[{"taxonomy":"category","embeddable":true,"href":"https:\/\/rioonwatch.org.br\/index.php?rest_route=%2Fwp%2Fv2%2Fcategories&post=71569"},{"taxonomy":"post_tag","embeddable":true,"href":"https:\/\/rioonwatch.org.br\/index.php?rest_route=%2Fwp%2Fv2%2Ftags&post=71569"},{"taxonomy":"writer","embeddable":true,"href":"https:\/\/rioonwatch.org.br\/index.php?rest_route=%2Fwp%2Fv2%2Fwriter&post=71569"},{"taxonomy":"translator","embeddable":true,"href":"https:\/\/rioonwatch.org.br\/index.php?rest_route=%2Fwp%2Fv2%2Ftranslator&post=71569"},{"taxonomy":"source","embeddable":true,"href":"https:\/\/rioonwatch.org.br\/index.php?rest_route=%2Fwp%2Fv2%2Fsource&post=71569"},{"taxonomy":"ilustrador","embeddable":true,"href":"https:\/\/rioonwatch.org.br\/index.php?rest_route=%2Fwp%2Fv2%2Filustrador&post=71569"},{"taxonomy":"fotografo","embeddable":true,"href":"https:\/\/rioonwatch.org.br\/index.php?rest_route=%2Fwp%2Fv2%2Ffotografo&post=71569"}],"curies":[{"name":"wp","href":"https:\/\/api.w.org\/{rel}","templated":true}]}}