{"id":71743,"date":"2023-12-16T22:23:51","date_gmt":"2023-12-17T01:23:51","guid":{"rendered":"https:\/\/rioonwatch.org.br\/?p=71743"},"modified":"2024-09-05T13:04:49","modified_gmt":"2024-09-05T16:04:49","slug":"6o-grande-encontro-da-rede-favela-sustentavel-no-ccik-na-vila-kennedy","status":"publish","type":"post","link":"https:\/\/rioonwatch.org.br\/?p=71743","title":{"rendered":"6\u00ba Encontr\u00e3o da Rede Favela Sustent\u00e1vel Centraliza Juventude [V\u00cdDEO]"},"content":{"rendered":"<p><iframe title=\"YouTube video player\" src=\"https:\/\/www.youtube.com\/embed\/jaCeKNrrd1o?si=CriLc8Wtg34poTJI\" width=\"1030\" height=\"563\" frameborder=\"0\" allowfullscreen=\"allowfullscreen\"><span data-mce-type=\"bookmark\" style=\"display: inline-block; width: 0px; overflow: hidden; line-height: 0;\" class=\"mce_SELRES_start\">\ufeff<\/span><span data-mce-type=\"bookmark\" style=\"display: inline-block; width: 0px; overflow: hidden; line-height: 0;\" class=\"mce_SELRES_start\">\ufeff<\/span><\/iframe><\/p>\n<h4 style=\"text-align: right;\"><em><strong><a href=\"https:\/\/bit.ly\/41EM96w\" target=\"_blank\" rel=\"noopener\">Click Here for English<img decoding=\"async\" class=\"alignright wp-image-15790\" src=\"https:\/\/rioonwatch.org.br\/wp-content\/uploads\/2012\/08\/EN-standard-e1439583104716.jpg\" alt=\"\" width=\"20\" height=\"20\" \/><\/a><\/strong><\/em><\/h4>\n<h4><span style=\"font-weight: 400;\">No dia 2 de dezembro de 2023, aconteceu no <\/span><span style=\"font-weight: 400;\">Centro Comunit\u00e1rio Irm\u00e3os Kennedy <\/span><span style=\"font-weight: 400;\">(<\/span><a href=\"https:\/\/bit.ly\/2PmiDBX\" target=\"_blank\" rel=\"noopener\"><span style=\"font-weight: 400;\">CCIK<\/span><\/a><span style=\"font-weight: 400;\">)<\/span><span style=\"font-weight: 400;\">, o <a href=\"https:\/\/bit.ly\/EncontraoRFS2023\" target=\"_blank\" rel=\"noopener\">6\u00ba Grande Encontro Anual<\/a> da <\/span><span style=\"font-weight: 400;\">Rede Favela Sustent\u00e1vel (<\/span><a href=\"https:\/\/bit.ly\/RFSnoROW\" target=\"_blank\" rel=\"noopener\"><span style=\"font-weight: 400;\">RFS<\/span><\/a><span style=\"font-weight: 400;\">)<\/span><span style=\"font-weight: 400;\">, com a presen\u00e7a de lideran\u00e7as comunit\u00e1rias, jovens e moradores de diversas favelas do Rio de Janeiro e aliados t\u00e9cnicos integrantes da RFS. O j\u00e1 <a href=\"https:\/\/bit.ly\/RFSEncontraoAnual\" target=\"_blank\" rel=\"noopener\">tradicional encontro<\/a>, que acontece desde 2018, fecha o ciclo de atividades do ano com uma retrospectiva dos principais momentos e votando sobre o planejamento do ano seguinte. Este ano o evento veio tamb\u00e9m com a denominada &#8220;<a href=\"https:\/\/bit.ly\/41nWqUS\" target=\"_blank\" rel=\"noopener\">COP das Favelas<\/a>&#8220;, uma constru\u00e7\u00e3o coletiva do Grupo de Trabalho Jovem da RFS. Foram debatidos desafios que os jovens definiram como priorit\u00e1rios, promovendo um debate localizado, paralelo \u00e0 <\/span><span style=\"font-weight: 400;\">Confer\u00eancia das Na\u00e7\u00f5es Unidas sobre a Mudan\u00e7a do Clima (<\/span><a href=\"https:\/\/bit.ly\/4ahMfoQ\" target=\"_blank\" rel=\"noopener\"><span style=\"font-weight: 400;\">COP 28<\/span><\/a><span style=\"font-weight: 400;\">)<\/span><span style=\"font-weight: 400;\">.<\/span><\/h4>\n<h3>6\u00ba Grande Encontro na Zona Oeste do Rio de Janeiro<\/h3>\n<p><span style=\"font-weight: 400;\">Num s\u00e1bado ensolarado em uma das regi\u00f5es mais quentes do Grande Rio, aconteceu na <a href=\"https:\/\/bit.ly\/2zui1C0\" target=\"_blank\" rel=\"noopener\">Vila Kennedy<\/a>, <\/span><a href=\"https:\/\/bit.ly\/2VcmBwc\" target=\"_blank\" rel=\"noopener\"><span style=\"font-weight: 400;\">Zona Oeste<\/span><\/a> <span style=\"font-weight: 400;\">do Rio de Janeiro a sexta edi\u00e7\u00e3o do Grande Encontro Anual da Rede Favela Sustent\u00e1vel*. O Centro Comunit\u00e1rio Irm\u00e3os Kennedy (CCIK), uma potente refer\u00eancia local, proporcionou o p\u00e1tio e as salas, servindo de anfitri\u00e3 aos demais 100 integrantes da RFS presentes no dia, que representavam 35 diferentes favelas.<\/span><\/p>\n<figure id=\"attachment_71752\" aria-describedby=\"caption-attachment-71752\" style=\"width: 2560px\" class=\"wp-caption aligncenter\"><a href=\"https:\/\/rioonwatch.org.br\/wp-content\/uploads\/2023\/12\/Veronica-do-CCIK-fala-dando-as-boas-vindas-aos-participantes-do-Grande-Encontro-Anual-de-2023.-Foto-Barbara-Dias-scaled.jpg\"><img fetchpriority=\"high\" decoding=\"async\" class=\"wp-image-71752 size-full\" title=\"Ver\u00f4nica do CCIK, fala dando as boas-vindas aos participantes do Grande Encontro Anual de 2023. Foto: B\u00e1rbara Dias\" src=\"https:\/\/rioonwatch.org.br\/wp-content\/uploads\/2023\/12\/Veronica-do-CCIK-fala-dando-as-boas-vindas-aos-participantes-do-Grande-Encontro-Anual-de-2023.-Foto-Barbara-Dias-scaled.jpg\" alt=\"Ver\u00f4nica do CCIK, fala dando as boas-vindas aos participantes do Grande Encontro Anual de 2023. Foto: B\u00e1rbara Dias\" width=\"2560\" height=\"1709\" srcset=\"https:\/\/rioonwatch.org.br\/wp-content\/uploads\/2023\/12\/Veronica-do-CCIK-fala-dando-as-boas-vindas-aos-participantes-do-Grande-Encontro-Anual-de-2023.-Foto-Barbara-Dias-scaled.jpg 2560w, https:\/\/rioonwatch.org.br\/wp-content\/uploads\/2023\/12\/Veronica-do-CCIK-fala-dando-as-boas-vindas-aos-participantes-do-Grande-Encontro-Anual-de-2023.-Foto-Barbara-Dias-620x414.jpg 620w\" sizes=\"(max-width: 2560px) 100vw, 2560px\" \/><\/a><figcaption id=\"caption-attachment-71752\" class=\"wp-caption-text\">Ver\u00f4nica do CCIK, fala dando as boas-vindas aos participantes do Grande Encontro Anual de 2023. Foto: B\u00e1rbara Dias<\/figcaption><\/figure>\n<p><span style=\"font-weight: 400;\">O evento se iniciou com as boas-vindas dos anfitri\u00f5es do CCIK, <\/span><span style=\"font-weight: 400;\">Berenice Natalicio Santos<\/span><span style=\"font-weight: 400;\"> e <\/span><span style=\"font-weight: 400;\">Ver\u00f4nica Gomes Martins da Silva. <\/span><span style=\"font-weight: 400;\">Em sua fala, Ver\u00f4nica deu uma animada e contente boas-vindas aos presentes, fez uma breve contextualiza\u00e7\u00e3o da hist\u00f3ria do CCIK e falou da importante parceria junto a Rede Favela Sustent\u00e1vel.<\/span><\/p>\n<blockquote><p><span style=\"font-weight: 400;\">\u201cBom dia! \u00c9 com muita alegria que a gente recebe todos voc\u00eas e a Rede Favela Sustent\u00e1vel onde a gente se sente em casa. \u00c9 uma rede que acolhe n\u00e3o s\u00f3 a gente, como as nossas demandas, e de fato faz reverberar as nossas vozes, nossas lutas, nossas conquistas e as nossas dores tamb\u00e9m\u2026 Est\u00e1 sempre nos potencializando.\u201d <\/span>\u2014 <span style=\"font-weight: 400;\">Ver\u00f4nica Gomes<\/span><\/p><\/blockquote>\n<p><span style=\"font-weight: 400;\">Em seguida, Theresa Williamson, Diretora Executiva da Comunidades Catalisadoras (<a href=\"https:\/\/bit.ly\/1oG5ddD\" target=\"_blank\" rel=\"noopener\">ComCat<\/a>), que mant\u00e9m a equipe de gest\u00e3o da RFS, contextualizou o evento na hist\u00f3ria da RFS.<\/span><\/p>\n<blockquote><p>\u201cA proposta da Rede Favela Sustent\u00e1vel come\u00e7ou de forma efetiva num Grande Encontro, que foi o primeiro em 2018 na Defensoria P\u00fablica quando demos in\u00edcio a essa rede. A proposta do Grande Encontro \u00e9 que a gente come\u00e7a o dia rememorando o ano e a gente termina o dia definindo as propostas para o ano que vem. Esse ano teremos um momento conduzido pelo GT Jovem da RFS que vem se formando esse ano, que vai dialogar com a quest\u00e3o da COP 28 que t\u00e1 acontecendo, e a\u00ed propuseram uma <a href=\"https:\/\/bit.ly\/41nWqUS\" target=\"_blank\" rel=\"noopener\">COP das Favelas<\/a>.\u201d \u2014 Theresa Williamson<\/p><\/blockquote>\n<p><span style=\"font-weight: 400;\">A manh\u00e3 seguiu com uma retrospectiva do ano, apresentada por Gisele Moura, coordenadora da equipe gestora da Rede Favela Sustent\u00e1vel, que introduziu o v\u00eddeo &#8220;Realizando a Justi\u00e7a Clim\u00e1tica em Rede\u201d, com trechos das atividades de 2023.<\/span><\/p>\n<h3>Assista ao <a href=\"https:\/\/bit.ly\/RetrospectivaRFS2023\" target=\"_blank\" rel=\"noopener\">V\u00eddeo Retrospectivo<\/a> Cobrindo Todas as Atividades da RFS em 2023:<\/h3>\n<p><iframe title=\"YouTube video player\" src=\"https:\/\/www.youtube.com\/embed\/oGDSuHE2_x0?si=kAk6Y5LpjRn0ogs-\" width=\"1030\" height=\"563\" frameborder=\"0\" allowfullscreen=\"allowfullscreen\"><\/iframe><\/p>\n<p><span style=\"font-weight: 400;\">Ap\u00f3s o v\u00eddeo, os participantes presentes nas atividades realizadas ao longo do ano refletidas no v\u00eddeo foram convidados a ir a frente tirar uma foto e ter um r\u00e1pido momento de fala, sobre a import\u00e2ncia de participar de cada atividade junto aos outros integrantes. Gisele destacou uma das primeiras a\u00e7\u00f5es do ano: o <\/span><a href=\"https:\/\/bit.ly\/MutiraoSalgueiroRFSMateria\" target=\"_blank\" rel=\"noopener\"><span style=\"font-weight: 400;\">mutir\u00e3o de plantio e revitaliza\u00e7\u00e3o no Salgueiro<\/span><\/a><span style=\"font-weight: 400;\">, onde Luiz Cassiano, do <a href=\"https:\/\/bit.ly\/3qKL8qS\" target=\"_blank\" rel=\"noopener\">Teto Verde Favela<\/a> que participou da atividade, falou da sua experi\u00eancia.<\/span><\/p>\n<blockquote><p><span style=\"font-weight: 400;\">\u201cFoi muito legal estar l\u00e1 no mutir\u00e3o do Salgueiro, a rede em peso l\u00e1\u2026 Gostaria de ver fotos de como est\u00e1 aquilo l\u00e1 agora. Foi bem bacana, foi um dia exaustivo, mas muito enriquecedor pelos contatos, pelas amizades e pessoas que ali estiveram, batalhando para fazer aquela horta.\u201d \u2014 Luiz Cassiano<\/span><\/p><\/blockquote>\n<figure id=\"attachment_71756\" aria-describedby=\"caption-attachment-71756\" style=\"width: 2560px\" class=\"wp-caption aligncenter\"><img decoding=\"async\" class=\"wp-image-71756 size-full\" title=\"Luiz Cassiano, falando de como foi sua participa\u00e7\u00e3o no mutir\u00e3o do Salgueiro, durante o Grande Encontro Anual de 2023. Foto: B\u00e1rbara Dias\" src=\"https:\/\/rioonwatch.org.br\/wp-content\/uploads\/2023\/12\/Luiz-Cassiano-falando-de-como-foi-sua-participacao-no-mutirao-do-Salgueiro-durante-o-Grande-Encontro-Anual-de-2023.-Foto-Barbara-Dias-scaled.jpg\" alt=\"Luiz Cassiano, falando de como foi sua participa\u00e7\u00e3o no mutir\u00e3o do Salgueiro, durante o Grande Encontro Anual de 2023. Foto: B\u00e1rbara Dias\" width=\"2560\" height=\"1709\" srcset=\"https:\/\/rioonwatch.org.br\/wp-content\/uploads\/2023\/12\/Luiz-Cassiano-falando-de-como-foi-sua-participacao-no-mutirao-do-Salgueiro-durante-o-Grande-Encontro-Anual-de-2023.-Foto-Barbara-Dias-scaled.jpg 2560w, https:\/\/rioonwatch.org.br\/wp-content\/uploads\/2023\/12\/Luiz-Cassiano-falando-de-como-foi-sua-participacao-no-mutirao-do-Salgueiro-durante-o-Grande-Encontro-Anual-de-2023.-Foto-Barbara-Dias-620x414.jpg 620w\" sizes=\"(max-width: 2560px) 100vw, 2560px\" \/><figcaption id=\"caption-attachment-71756\" class=\"wp-caption-text\">Luiz Cassiano, falando de como foi sua participa\u00e7\u00e3o no mutir\u00e3o do Salgueiro, durante o Grande Encontro Anual de 2023. Foto: B\u00e1rbara Dias<\/figcaption><\/figure>\n<p><span style=\"font-weight: 400;\">Outra atividade de impacto em 2023 relembrada no Grande Encontro foi o projeto Mem\u00f3ria Clim\u00e1tica das Favelas, composto de cinco dias intensos de rodas de mem\u00f3ria clim\u00e1tica realizados em favelas do Rio de Janeiro: <\/span><a href=\"https:\/\/bit.ly\/MCnaMareNoROW\" target=\"_blank\" rel=\"noopener\"><span style=\"font-weight: 400;\">na Mar\u00e9<\/span><\/a><span style=\"font-weight: 400;\">; <\/span><a href=\"https:\/\/bit.ly\/MCnaRocinhaNoROW\" target=\"_blank\" rel=\"noopener\"><span style=\"font-weight: 400;\">na Rocinha<\/span><\/a><span style=\"font-weight: 400;\">; <\/span><a href=\"https:\/\/bit.ly\/MCemAntaresNoROW\" target=\"_blank\" rel=\"noopener\"><span style=\"font-weight: 400;\">em Antares<\/span><\/a><span style=\"font-weight: 400;\">, Santa Cruz; <\/span><a href=\"https:\/\/bit.ly\/MCnoPPGNoROW\" target=\"_blank\" rel=\"noopener\"><span style=\"font-weight: 400;\">no Pav\u00e3o-Pav\u00e3ozinho\/Cantagalo<\/span><\/a><span style=\"font-weight: 400;\"> (PPG); e <\/span><a href=\"https:\/\/bit.ly\/MCnoVidigalNoROW\" target=\"_blank\" rel=\"noopener\"><span style=\"font-weight: 400;\">no Vidigal<\/span><\/a><span style=\"font-weight: 400;\">, que culminaram com o lan\u00e7amento da exposi\u00e7\u00e3o <\/span><a href=\"https:\/\/bit.ly\/MCnasFavelasLancamento\" target=\"_blank\" rel=\"noopener\"><span style=\"font-weight: 400;\">Mem\u00f3ria Clim\u00e1tica das Favelas<\/span><\/a><span style=\"font-weight: 400;\"> no <a href=\"https:\/\/bit.ly\/3qDYTHK\" target=\"_blank\" rel=\"noopener\">Museu das Remo\u00e7\u00f5es<\/a>, na <a href=\"https:\/\/bit.ly\/3lHVbww\" target=\"_blank\" rel=\"noopener\">Vila Aut\u00f3dromo<\/a> em junho.<\/span><\/p>\n<p><span style=\"font-weight: 400;\">M\u00e1rcia Souza, do Museu de Favela (<a href=\"https:\/\/bit.ly\/2IGWNlt\" target=\"_blank\" rel=\"noopener\">MUF<\/a>), do PPG, fez sua fala relembrando a roda na comunidade.<\/span><\/p>\n<blockquote><p><span style=\"font-weight: 400;\">\u201cFoi bem interessante a roda de conversa l\u00e1 no MUF. N\u00f3s tivemos a intera\u00e7\u00e3o dos mais velhos, tivemos l\u00e1 a presen\u00e7a de mulheres e homens que contaram a hist\u00f3ria daquele territ\u00f3rio. Tivemos tamb\u00e9m a sorte de conseguir engajar alguns jovens que estavam l\u00e1, e hoje tem at\u00e9 um produto que \u00e9 estar fazendo parte aqui do grupo, da COP das Favelas. Quer dizer, foi um resultado muito legal, e eu pude ouvir algumas hist\u00f3rias [de antes quando] nem eu era nascida. O pessoal mais velho n\u00e3o ficou em momento nenhum envergonhado de falar no microfone, e ficaram muito empolgados de conhecer a nossa hist\u00f3ria, de falar sobre eles, de falar sobre o territ\u00f3rio e trazer algumas lembran\u00e7as, para que n\u00e3o aconte\u00e7a novamente.\u201d \u2014 M\u00e1rcia Souza<\/span><\/p><\/blockquote>\n<figure id=\"attachment_71762\" aria-describedby=\"caption-attachment-71762\" style=\"width: 2560px\" class=\"wp-caption aligncenter\"><a href=\"https:\/\/rioonwatch.org.br\/wp-content\/uploads\/2023\/12\/Marcia-Souza-falando-de-como-foi-sua-participacao-na-roda-de-conversa-sobre-memoria-climatica-durante-o-Grande-Encontro-Anual-de-2023.-Foto-Barbara-Dias-scaled.jpg\"><img loading=\"lazy\" decoding=\"async\" class=\"wp-image-71762 size-full\" title=\"M\u00e1rcia Souza, falando de como foi sua participa\u00e7\u00e3o na roda de conversa sobre mem\u00f3ria clim\u00e1tica, durante o Grande Encontro Anual de 2023. Foto: B\u00e1rbara Dias\" src=\"https:\/\/rioonwatch.org.br\/wp-content\/uploads\/2023\/12\/Marcia-Souza-falando-de-como-foi-sua-participacao-na-roda-de-conversa-sobre-memoria-climatica-durante-o-Grande-Encontro-Anual-de-2023.-Foto-Barbara-Dias-scaled.jpg\" alt=\"M\u00e1rcia Souza, falando de como foi sua participa\u00e7\u00e3o na roda de conversa sobre mem\u00f3ria clim\u00e1tica, durante o Grande Encontro Anual de 2023. Foto: B\u00e1rbara Dias\" width=\"2560\" height=\"1709\" srcset=\"https:\/\/rioonwatch.org.br\/wp-content\/uploads\/2023\/12\/Marcia-Souza-falando-de-como-foi-sua-participacao-na-roda-de-conversa-sobre-memoria-climatica-durante-o-Grande-Encontro-Anual-de-2023.-Foto-Barbara-Dias-scaled.jpg 2560w, https:\/\/rioonwatch.org.br\/wp-content\/uploads\/2023\/12\/Marcia-Souza-falando-de-como-foi-sua-participacao-na-roda-de-conversa-sobre-memoria-climatica-durante-o-Grande-Encontro-Anual-de-2023.-Foto-Barbara-Dias-620x414.jpg 620w\" sizes=\"(max-width: 2560px) 100vw, 2560px\" \/><\/a><figcaption id=\"caption-attachment-71762\" class=\"wp-caption-text\">M\u00e1rcia Souza, falando de como foi sua participa\u00e7\u00e3o na roda de conversa sobre mem\u00f3ria clim\u00e1tica, durante o Grande Encontro Anual de 2023. Foto: B\u00e1rbara Dias<\/figcaption><\/figure>\n<p><span style=\"font-weight: 400;\">A oficina &#8220;Justi\u00e7a Clim\u00e1tica no Jornalismo Comunit\u00e1rio&#8221; foi outra atividade de 2023, realizada pela equipe do <\/span><i><span style=\"font-weight: 400;\">RioOnWatch<\/span><\/i><span style=\"font-weight: 400;\"> junto de jovens de 11 diferentes favelas da RFS. O jovem Matheus Edson Rodrigues, de <a href=\"https:\/\/bit.ly\/2lvBTO8\" target=\"_blank\" rel=\"noopener\">Rio das Pedras<\/a>, relembrou a experi\u00eancia de participar dessa atividade.<\/span><\/p>\n<blockquote><p><span style=\"font-weight: 400;\">\u201cA oficina de jornalismo, eu n\u00e3o canso de elogiar todo o processo, que a gente teve desde o come\u00e7o at\u00e9 o final. A partir do momento que a gente criou as nossas pr\u00f3prias pautas, as nossas mat\u00e9rias foi para mim, algo muito bom, porque foi muito satisfat\u00f3rio voc\u00ea relatar ali o que estava acontecendo na sua favela.\u201d \u2014 Matheus Edson Rodrigues<\/span><\/p><\/blockquote>\n<figure id=\"attachment_71764\" aria-describedby=\"caption-attachment-71764\" style=\"width: 2560px\" class=\"wp-caption aligncenter\"><a href=\"https:\/\/rioonwatch.org.br\/wp-content\/uploads\/2023\/12\/Alguns-dos-jovens-da-RFS-que-participaram-da-oficina-de-jornalismo-comunitario-durante-o-Grande-Encontro-Anual-de-2023.-Foto-Barbara-Dias-scaled.jpg\"><img loading=\"lazy\" decoding=\"async\" class=\"wp-image-71764 size-full\" title=\"Alguns dos jovens da RFS que participaram da oficina de jornalismo comunit\u00e1rio, durante o Grande Encontro Anual de 2023. Foto: B\u00e1rbara Dias\" src=\"https:\/\/rioonwatch.org.br\/wp-content\/uploads\/2023\/12\/Alguns-dos-jovens-da-RFS-que-participaram-da-oficina-de-jornalismo-comunitario-durante-o-Grande-Encontro-Anual-de-2023.-Foto-Barbara-Dias-scaled.jpg\" alt=\"Alguns dos jovens da RFS que participaram da oficina de jornalismo comunit\u00e1rio, durante o Grande Encontro Anual de 2023. Foto: B\u00e1rbara Dias\" width=\"2560\" height=\"1709\" srcset=\"https:\/\/rioonwatch.org.br\/wp-content\/uploads\/2023\/12\/Alguns-dos-jovens-da-RFS-que-participaram-da-oficina-de-jornalismo-comunitario-durante-o-Grande-Encontro-Anual-de-2023.-Foto-Barbara-Dias-scaled.jpg 2560w, https:\/\/rioonwatch.org.br\/wp-content\/uploads\/2023\/12\/Alguns-dos-jovens-da-RFS-que-participaram-da-oficina-de-jornalismo-comunitario-durante-o-Grande-Encontro-Anual-de-2023.-Foto-Barbara-Dias-620x414.jpg 620w\" sizes=\"(max-width: 2560px) 100vw, 2560px\" \/><\/a><figcaption id=\"caption-attachment-71764\" class=\"wp-caption-text\">Alguns dos jovens da RFS que participaram da oficina de jornalismo comunit\u00e1rio, durante o Grande Encontro Anual de 2023. Foto: B\u00e1rbara Dias<\/figcaption><\/figure>\n<p><span style=\"font-weight: 400;\">Os <a href=\"https:\/\/bit.ly\/LancamentoRFSMesquitaROW\" target=\"_blank\" rel=\"noopener\">lan\u00e7amentos locais de dados<\/a> sobre justi\u00e7a h\u00eddrica e energ\u00e9tica nas favelas, foram tamb\u00e9m atividades centrais da RFS em 2023. Em cada comunidade refletida na pesquisa \u201c<\/span><a href=\"https:\/\/bit.ly\/47uUFHG\" target=\"_blank\" rel=\"noopener\"><span style=\"font-weight: 400;\">Justi\u00e7a H\u00eddrica e Energ\u00e9tica nas Favelas: Levantando Dados Evidenciando a Desigualdade e Convocando para A\u00e7\u00e3o<\/span><\/a><span style=\"font-weight: 400;\">\u201d, os dados locais v\u00eam sendo lan\u00e7ados junto dos moradores, com as apresenta\u00e7\u00f5es dos dados realizadas pelos jovens pesquisadores locais. Esses lan\u00e7amentos tamb\u00e9m foram lembrados na retrospectiva do ano de 2023.<\/span><\/p>\n<blockquote><p>\u201cA <a href=\"https:\/\/bit.ly\/481Hpu5\" target=\"_blank\" rel=\"noopener\">experi\u00eancia da Vila Cruzeiro<\/a> foi muito interessante\u2026 A comunidade foi ao evento e abra\u00e7ou, falou, se sentiu confort\u00e1vel em estar ali e se comunicou&#8230; Tivemos a oportunidade de falar da nossa pesquisa para explicar os dados. Foi um evento que foi leve, n\u00e3o foi aquele evento ma\u00e7ante, e acho que isso foi interessante.\u201d \u2014 Juliana Vicente<\/p><\/blockquote>\n<figure id=\"attachment_71767\" aria-describedby=\"caption-attachment-71767\" style=\"width: 2560px\" class=\"wp-caption aligncenter\"><a href=\"https:\/\/rioonwatch.org.br\/wp-content\/uploads\/2023\/12\/Liderancas-jovens-e-veteranos-da-RFS-presentes-no-Grande-Encontro-que-participaram-dos-lancamentos-de-dados-nos-territorios.-Foto-Barbara-Dias-scaled.jpg\"><img loading=\"lazy\" decoding=\"async\" class=\"wp-image-71767 size-full\" title=\"Lideran\u00e7as jovens e veteranos da RFS presentes no Grande Encontro que participaram dos lan\u00e7amentos de dados nos territ\u00f3rios. Foto: B\u00e1rbara Dias\" src=\"https:\/\/rioonwatch.org.br\/wp-content\/uploads\/2023\/12\/Liderancas-jovens-e-veteranos-da-RFS-presentes-no-Grande-Encontro-que-participaram-dos-lancamentos-de-dados-nos-territorios.-Foto-Barbara-Dias-scaled.jpg\" alt=\"Lideran\u00e7as jovens e veteranos da RFS presentes no Grande Encontro que participaram dos lan\u00e7amentos de dados nos territ\u00f3rios. Foto: B\u00e1rbara Dias\" width=\"2560\" height=\"1709\" srcset=\"https:\/\/rioonwatch.org.br\/wp-content\/uploads\/2023\/12\/Liderancas-jovens-e-veteranos-da-RFS-presentes-no-Grande-Encontro-que-participaram-dos-lancamentos-de-dados-nos-territorios.-Foto-Barbara-Dias-scaled.jpg 2560w, https:\/\/rioonwatch.org.br\/wp-content\/uploads\/2023\/12\/Liderancas-jovens-e-veteranos-da-RFS-presentes-no-Grande-Encontro-que-participaram-dos-lancamentos-de-dados-nos-territorios.-Foto-Barbara-Dias-620x414.jpg 620w\" sizes=\"(max-width: 2560px) 100vw, 2560px\" \/><\/a><figcaption id=\"caption-attachment-71767\" class=\"wp-caption-text\">Lideran\u00e7as jovens e veteranos da RFS presentes no Grande Encontro que participaram dos lan\u00e7amentos de dados nos territ\u00f3rios. Foto: B\u00e1rbara Dias<\/figcaption><\/figure>\n<p><span style=\"font-weight: 400;\">O primeiro interc\u00e2mbio nacional da Rede Favela Sustent\u00e1vel, &#8220;<a href=\"https:\/\/bit.ly\/IntercambioNacionalRFS2023ROW\" target=\"_blank\" rel=\"noopener\">Tecendo Sustentabilidade e Ampliando Saberes, com Favelas, Quilombos e Aldeias<\/a>\u201d tamb\u00e9m foi realizado em 2023, com a presen\u00e7a de v\u00e1rias lideran\u00e7as do pa\u00eds. Foi tamb\u00e9m realizado um <a href=\"https:\/\/bit.ly\/CursoSolarRFSNoROW\" target=\"_blank\" rel=\"noopener\">minicurso para formar embaixadores solares<\/a> da RFS, junto da <a href=\"https:\/\/bit.ly\/AMACInauguraSolarROW\" target=\"_blank\" rel=\"noopener\">instala\u00e7\u00e3o de um sistema fotovoltaico<\/a> na Associa\u00e7\u00e3o Mulheres de Atitude e Compromisso Social (<a href=\"http:\/\/bit.ly\/2KM0CYS\" target=\"_blank\" rel=\"noopener\">AMAC<\/a>) em <a href=\"https:\/\/bit.ly\/2KMwrB3\" target=\"_blank\" rel=\"noopener\">Duque de Caxias<\/a>.<\/span><\/p>\n<blockquote><p>\u201cA instala\u00e7\u00e3o das placas solares\u2026 foi um marco n\u00e3o s\u00f3 para nossa comunidade, mas eu acredito que para toda a rede. E a proposta \u00e9 que isso vire um modelo, para a gente estar colocando em outras comunidades tamb\u00e9m\u2026 \u00c9 muito interessante, porque \u00e9 um sistema inovador, \u00e9 um sistema que pouco se fala e \u00e9 um sistema que tem que ser mais usado\u2026 O interessante disso tudo foi que al\u00e9m da gente produzir energia, a gente tamb\u00e9m p\u00f4de produzir uma nova forma de empregabilidade dentro das favelas.\u201d <span style=\"font-weight: 400;\">\u2014<\/span> Nill Santos<\/p><\/blockquote>\n<figure id=\"attachment_71770\" aria-describedby=\"caption-attachment-71770\" style=\"width: 2560px\" class=\"wp-caption aligncenter\"><a href=\"https:\/\/rioonwatch.org.br\/wp-content\/uploads\/2023\/12\/Nill-Santos-falando-de-como-foi-a-instalacao-e-inauguracao-dos-paineis-solares-na-AMAC-durante-o-Grande-Encontro-Anual-de-2023.-Foto-Barbara-Dias-scaled.jpg\"><img loading=\"lazy\" decoding=\"async\" class=\"wp-image-71770 size-full\" title=\"Nill Santos, falando de como foi a instala\u00e7\u00e3o e inaugura\u00e7\u00e3o dos pain\u00e9is solares na AMAC, durante o Grande Encontro Anual de 2023. Foto: B\u00e1rbara Dias\" src=\"https:\/\/rioonwatch.org.br\/wp-content\/uploads\/2023\/12\/Nill-Santos-falando-de-como-foi-a-instalacao-e-inauguracao-dos-paineis-solares-na-AMAC-durante-o-Grande-Encontro-Anual-de-2023.-Foto-Barbara-Dias-scaled.jpg\" alt=\"Nill Santos, falando de como foi a instala\u00e7\u00e3o e inaugura\u00e7\u00e3o dos pain\u00e9is solares na AMAC, durante o Grande Encontro Anual de 2023. Foto: B\u00e1rbara Dias\" width=\"2560\" height=\"1709\" srcset=\"https:\/\/rioonwatch.org.br\/wp-content\/uploads\/2023\/12\/Nill-Santos-falando-de-como-foi-a-instalacao-e-inauguracao-dos-paineis-solares-na-AMAC-durante-o-Grande-Encontro-Anual-de-2023.-Foto-Barbara-Dias-scaled.jpg 2560w, https:\/\/rioonwatch.org.br\/wp-content\/uploads\/2023\/12\/Nill-Santos-falando-de-como-foi-a-instalacao-e-inauguracao-dos-paineis-solares-na-AMAC-durante-o-Grande-Encontro-Anual-de-2023.-Foto-Barbara-Dias-620x414.jpg 620w\" sizes=\"(max-width: 2560px) 100vw, 2560px\" \/><\/a><figcaption id=\"caption-attachment-71770\" class=\"wp-caption-text\">Nill Santos, falando de como foi a instala\u00e7\u00e3o e inaugura\u00e7\u00e3o dos pain\u00e9is solares na AMAC, durante o Grande Encontro Anual de 2023. Foto: B\u00e1rbara Dias<\/figcaption><\/figure>\n<p><span style=\"font-weight: 400;\">Um aplicativo vem sendo desenvolvido pela Rede Favela Sustent\u00e1vel e parceiros em 2023 para monitorar a justi\u00e7a h\u00eddrica e energ\u00e9tica nas favelas. Uma testadora do aplicativo, Fl\u00e1via Lima, moradora de Rio das Pedras, falou um pouco sobre como foi utilizar.<\/span><\/p>\n<blockquote><p>\u201cEu participei fazendo pesquisa sobre Rio das Pedras, de casa em casa, de rua em rua, denunciando a falta de \u00e1gua, a falta de energia e falta de saneamento b\u00e1sico, e ent\u00e3o para mim foi muito importante, pois eu consegui conhecer um pouco a minha comunidade.\u201d \u2014 Fl\u00e1via Lima<\/p><\/blockquote>\n<p><span style=\"font-weight: 400;\">O <\/span><a href=\"https:\/\/bit.ly\/GestaoAssociacoes\" target=\"_blank\" rel=\"noopener\"><span style=\"font-weight: 400;\">curso de capacita\u00e7\u00e3o sobre gest\u00e3o de associa\u00e7\u00f5es<\/span><\/a><span style=\"font-weight: 400;\">, tamb\u00e9m gerou entusiasmo entre os participantes em 2023. Ainda este ano e contemplado tamb\u00e9m no v\u00eddeo pudemos assistir aos trechos da <a href=\"https:\/\/bit.ly\/MCnaRocinhaFotos\" target=\"_blank\" rel=\"noopener\">Exposi\u00e7\u00e3o de Mem\u00f3ria Clim\u00e1tica<\/a> que percorreu a <a href=\"https:\/\/bit.ly\/2XuTtjt\" target=\"_blank\" rel=\"noopener\">Rocinha<\/a>, uma exposi\u00e7\u00e3o aberta \u00e0 popula\u00e7\u00e3o e montada em locais de passagem, possibilitando que moradores rememorassem o tempo de lata d\u2019\u00e1gua na cabe\u00e7a e os mutir\u00f5es que realizavam coletivamente.<\/span><\/p>\n<p><span style=\"font-weight: 400;\">Por fim, encerrando as atividades do ano de 2023, a Rede Favela Sustent\u00e1vel esteve presente na <\/span><span style=\"font-weight: 400;\">audi\u00eancia p\u00fablica \u2018<a href=\"https:\/\/bit.ly\/3GGoZmP\" target=\"_blank\" rel=\"noopener\">Direito Humano \u00e0 \u00c1gua: Muita Tarifa e Falta de \u00c1gua<\/a>?<\/span><span style=\"font-weight: 400;\">\u2019 com a presen\u00e7a de 100 integrantes da rede na <a href=\"https:\/\/bit.ly\/3crY2BE\" target=\"_blank\" rel=\"noopener\">ALERJ<\/a>.<\/span><\/p>\n<blockquote><p>\u201cEu gostei bastante porque est\u00e1vamos num local que n\u00f3s n\u00e3o costumamos estar. Falo por mim, mas eu n\u00e3o costumo estar l\u00e1, n\u00e3o costumo ocupar aquele espa\u00e7o, de chegar l\u00e1 numa audi\u00eancia p\u00fablica. Mas a gente conseguiu chegar l\u00e1 e fazer o que tinha que ser feito. Conseguimos e daqui para frente vai ser melhor ainda.\u201d \u2014 Luiz Miguel Ribeiro<\/p><\/blockquote>\n<h3>COP das Favelas: Uma Constru\u00e7\u00e3o Coletiva de Jovens da Rede Favela Sustent\u00e1vel<\/h3>\n<figure id=\"attachment_71579\" aria-describedby=\"caption-attachment-71579\" style=\"width: 2560px\" class=\"wp-caption aligncenter\"><a href=\"https:\/\/rioonwatch.org.br\/wp-content\/uploads\/2023\/12\/Jovens-da-Rede-Favela-Sustentavel-apresentam-a-proposta-da-COP-das-Favelas-no-6o-Grande-Encontro.-Foto-Barbara-Dias-scaled.jpg\"><img loading=\"lazy\" decoding=\"async\" class=\"wp-image-71579 size-full\" title=\"Jovens da RFS falam sobre a idealiza\u00e7\u00e3o e constru\u00e7\u00e3o da atividade COP das Favelas, durante o Grande Encontro Anual de 2023. Foto: B\u00e1rbara Dias\" src=\"https:\/\/rioonwatch.org.br\/wp-content\/uploads\/2023\/12\/Jovens-da-Rede-Favela-Sustentavel-apresentam-a-proposta-da-COP-das-Favelas-no-6o-Grande-Encontro.-Foto-Barbara-Dias-scaled.jpg\" alt=\"Jovens da RFS falam sobre a idealiza\u00e7\u00e3o e constru\u00e7\u00e3o da atividade COP das Favelas, durante o Grande Encontro Anual de 2023. Foto: B\u00e1rbara Dias\" width=\"2560\" height=\"1709\" srcset=\"https:\/\/rioonwatch.org.br\/wp-content\/uploads\/2023\/12\/Jovens-da-Rede-Favela-Sustentavel-apresentam-a-proposta-da-COP-das-Favelas-no-6o-Grande-Encontro.-Foto-Barbara-Dias-scaled.jpg 2560w, https:\/\/rioonwatch.org.br\/wp-content\/uploads\/2023\/12\/Jovens-da-Rede-Favela-Sustentavel-apresentam-a-proposta-da-COP-das-Favelas-no-6o-Grande-Encontro.-Foto-Barbara-Dias-620x414.jpg 620w\" sizes=\"(max-width: 2560px) 100vw, 2560px\" \/><\/a><figcaption id=\"caption-attachment-71579\" class=\"wp-caption-text\">Jovens da RFS falam sobre a idealiza\u00e7\u00e3o e constru\u00e7\u00e3o da atividade COP das Favelas, durante o Grande Encontro Anual de 2023. Foto: B\u00e1rbara Dias<\/figcaption><\/figure>\n<p><span style=\"font-weight: 400;\">Uma s\u00e9rie de rodas de conversa, mediadas pelo GT Jovem da Rede Favela Sustent\u00e1vel, foi um dos momentos de maior troca durante o Grande Encontro. A denominada <\/span><a href=\"https:\/\/bit.ly\/41nWqUS\" target=\"_blank\" rel=\"noopener\"><span style=\"font-weight: 400;\">COP das Favelas<\/span><\/a><span style=\"font-weight: 400;\">, realizada em paralelo \u00e0 COP 28 da ONU, teve o objetivo de promover debates intergeracionais entre lideran\u00e7as jovens e veteranas, apoiados em quatro eixos diferentes: (1) <a href=\"https:\/\/bit.ly\/2PbxufY\" target=\"_blank\" rel=\"noopener\">Res\u00edduos s\u00f3lidos<\/a> nas favelas; (2) Injusti\u00e7as provenientes do <a href=\"https:\/\/bit.ly\/2XvPcl5\" target=\"_blank\" rel=\"noopener\">racismo ambiental<\/a>; (3) Hist\u00f3rias de supera\u00e7\u00e3o de racismo ambiental e (4) Protagonismo e o papel da juventude perif\u00e9rica no combate \u00e0s <a href=\"https:\/\/bit.ly\/3RnfGNB\" target=\"_blank\" rel=\"noopener\">mudan\u00e7as clim\u00e1ticas<\/a>.\u00a0<\/span><\/p>\n<p><span style=\"font-weight: 400;\">Durante o final da manh\u00e3 e in\u00edcio da tarde, os jovens puderam conduzir discuss\u00f5es em torno desses temas, em duas sess\u00f5es diferentes, onde os participantes do evento se encaminharam para as rodas de seu interesse. Uma das jovens que atuou na media\u00e7\u00e3o da roda de conversa, \u201cProtagonismo e o Papel da Juventude Perif\u00e9rica no Combate \u00e0s Mudan\u00e7as Clim\u00e1ticas\u201d, Sara Hins, integrante do MUF (Museu de Favelas) no Pav\u00e3o-Pav\u00e3ozinho\/Cantagalo, falou da import\u00e2ncia da atividade.<\/span><\/p>\n<blockquote><p><span style=\"font-weight: 400;\">\u201cEu achei o processo muito interessante por estar com jovens de outros territ\u00f3rios, cada um com a sua especificidade, falando ali de temas como o racismo ambiental e justi\u00e7a clim\u00e1tica. A import\u00e2ncia da a\u00e7\u00e3o da COP das Favelas \u00e9 poder falar sobre esse tema nos nossos territ\u00f3rios. Onde n\u00f3s, corpos pretos e perif\u00e9ricos, s\u00e3o os mais afetados pelas mudan\u00e7as clim\u00e1ticas. E dialoga com a COP oficial, pois cria um espa\u00e7o em que a gente, como sociedade civil e perif\u00e9rica, n\u00e3o teria acesso, de debater esses assuntos, pelas pessoas que realmente sofrem as mudan\u00e7as clim\u00e1ticas no dia-a-dia.\u201d \u2014 Sara Hins\u00a0<\/span><\/p><\/blockquote>\n<figure id=\"attachment_71774\" aria-describedby=\"caption-attachment-71774\" style=\"width: 2560px\" class=\"wp-caption aligncenter\"><a href=\"https:\/\/rioonwatch.org.br\/wp-content\/uploads\/2023\/12\/Sara-Hins-ilderanca-jovem-integrante-da-RFS-falou-como-foi-o-processo-de-construcao-da-COP-das-Favelas-durante-o-Grande-Encontro-Anual-de-2023.-Foto-Barbara-Dias-scaled.jpg\"><img loading=\"lazy\" decoding=\"async\" class=\"wp-image-71774 size-full\" title=\"Sara Hins, jovem integrante da RFS, falou como foi o processo de constru\u00e7\u00e3o da COP das Favelas, durante o Grande Encontro Anual de 2023. Foto: B\u00e1rbara Dias\" src=\"https:\/\/rioonwatch.org.br\/wp-content\/uploads\/2023\/12\/Sara-Hins-ilderanca-jovem-integrante-da-RFS-falou-como-foi-o-processo-de-construcao-da-COP-das-Favelas-durante-o-Grande-Encontro-Anual-de-2023.-Foto-Barbara-Dias-scaled.jpg\" alt=\"Sara Hins, jovem integrante da RFS, falou como foi o processo de constru\u00e7\u00e3o da COP das Favelas, durante o Grande Encontro Anual de 2023. Foto: B\u00e1rbara Dias\" width=\"2560\" height=\"1709\" srcset=\"https:\/\/rioonwatch.org.br\/wp-content\/uploads\/2023\/12\/Sara-Hins-ilderanca-jovem-integrante-da-RFS-falou-como-foi-o-processo-de-construcao-da-COP-das-Favelas-durante-o-Grande-Encontro-Anual-de-2023.-Foto-Barbara-Dias-scaled.jpg 2560w, https:\/\/rioonwatch.org.br\/wp-content\/uploads\/2023\/12\/Sara-Hins-ilderanca-jovem-integrante-da-RFS-falou-como-foi-o-processo-de-construcao-da-COP-das-Favelas-durante-o-Grande-Encontro-Anual-de-2023.-Foto-Barbara-Dias-620x414.jpg 620w\" sizes=\"(max-width: 2560px) 100vw, 2560px\" \/><\/a><figcaption id=\"caption-attachment-71774\" class=\"wp-caption-text\">Sara Hins, jovem integrante da RFS, falou como foi o processo de constru\u00e7\u00e3o da COP das Favelas, durante o Grande Encontro Anual de 2023. Foto: B\u00e1rbara Dias<\/figcaption><\/figure>\n<h3>Consolidando Projetos Existentes e Apontando Novos Caminhos para 2024<\/h3>\n<p><span style=\"font-weight: 400;\">O foco da tarde no Grande Encontro foi definir os focos das a\u00e7\u00f5es previstas pela Rede Favela Sustent\u00e1vel em 2024, a partir de seus cinco pilares de atua\u00e7\u00e3o: interc\u00e2mbios, infraestrutura, pesquisa, comunica\u00e7\u00e3o, e incid\u00eancia. <\/span><\/p>\n<figure id=\"attachment_71775\" aria-describedby=\"caption-attachment-71775\" style=\"width: 2560px\" class=\"wp-caption aligncenter\"><a href=\"https:\/\/rioonwatch.org.br\/wp-content\/uploads\/2023\/12\/Resultados-da-avaliacao-sao-apresentados-aos-participantes-durante-o-Grande-Encontro-Anual-de-2023.-Foto-Barbara-Dias-scaled.jpg\"><img loading=\"lazy\" decoding=\"async\" class=\"wp-image-71775 size-full\" title=\"Resultados da avalia\u00e7\u00e3o s\u00e3o apresentados aos participantes, durante o Grande Encontro Anual de 2023. Foto: B\u00e1rbara Dias\" src=\"https:\/\/rioonwatch.org.br\/wp-content\/uploads\/2023\/12\/Resultados-da-avaliacao-sao-apresentados-aos-participantes-durante-o-Grande-Encontro-Anual-de-2023.-Foto-Barbara-Dias-scaled.jpg\" alt=\"Resultados da avalia\u00e7\u00e3o s\u00e3o apresentados aos participantes, durante o Grande Encontro Anual de 2023. Foto: B\u00e1rbara Dias\" width=\"2560\" height=\"1709\" srcset=\"https:\/\/rioonwatch.org.br\/wp-content\/uploads\/2023\/12\/Resultados-da-avaliacao-sao-apresentados-aos-participantes-durante-o-Grande-Encontro-Anual-de-2023.-Foto-Barbara-Dias-scaled.jpg 2560w, https:\/\/rioonwatch.org.br\/wp-content\/uploads\/2023\/12\/Resultados-da-avaliacao-sao-apresentados-aos-participantes-durante-o-Grande-Encontro-Anual-de-2023.-Foto-Barbara-Dias-620x414.jpg 620w\" sizes=\"(max-width: 2560px) 100vw, 2560px\" \/><\/a><figcaption id=\"caption-attachment-71775\" class=\"wp-caption-text\">Resultados da avalia\u00e7\u00e3o s\u00e3o apresentados aos participantes, durante o Grande Encontro Anual de 2023. Foto: B\u00e1rbara Dias<\/figcaption><\/figure>\n<p><span style=\"font-weight: 400;\">Para poder debater as propostas para 2024, primeiro foram apresentados os resultados da avalia\u00e7\u00e3o anual realizada com resposta de 86 integrantes da Rede Favela Sustent\u00e1vel, em sua grande maioria lideran\u00e7as de favelas espalhadas por todas as regi\u00f5es do Grande Rio. A apresenta\u00e7\u00e3o foi feita por Theresa, que ap\u00f3s mostrar os resultados, solicitou que todos separassem em quatro grupos de discuss\u00e3o, escrevessem em \u201c<\/span><i><span style=\"font-weight: 400;\">post-its<\/span><\/i><span style=\"font-weight: 400;\">\u201d cada um sua prioridade para 2024, apresentassem e discutissem em grupo.\u00a0<\/span><\/p>\n<p><span style=\"font-weight: 400;\">No Grande Encontro de todo ano, este \u00e9 um momento crucial para a troca presencial das ideias que definem as a\u00e7\u00f5es para o ano seguinte. Em cada grupo, as propostas foram apresentadas por cada participante e organizadas em um cartaz, enquanto rolava um debate para entender as complementaridades e diferen\u00e7as. Em seguida, essas trocas foram devolvidas em plen\u00e1ria, onde os focos semelhantes entre grupos foram reconhecidos e as prioridades globais da RFS votadas. As tr\u00eas propostas que ir\u00e3o definir as a\u00e7\u00f5es da RFS em 2024 ficaram: a continuidade das atua\u00e7\u00f5es e fortalecimento de jovens; interc\u00e2mbios e a\u00e7\u00f5es que possibilitem que a RFS chegue em novos territ\u00f3rios onde n\u00e3o tem atuada; e capacita\u00e7\u00f5es e consultorias que ajudem a estruturar as iniciativas comunit\u00e1rias integrantes.<\/span><\/p>\n<figure id=\"attachment_71776\" aria-describedby=\"caption-attachment-71776\" style=\"width: 2560px\" class=\"wp-caption aligncenter\"><a href=\"https:\/\/rioonwatch.org.br\/wp-content\/uploads\/2023\/12\/Participantes-realizam-dinamica-e-reflexoes-durante-o-Grande-Encontro-Anual-de-2023.-Foto-Barbara-Dias-scaled.jpg\"><img loading=\"lazy\" decoding=\"async\" class=\"wp-image-71776 size-full\" title=\"Participantes realizam din\u00e2mica e reflex\u00f5es durante o Grande Encontro Anual de 2023. Foto: B\u00e1rbara Dias\" src=\"https:\/\/rioonwatch.org.br\/wp-content\/uploads\/2023\/12\/Participantes-realizam-dinamica-e-reflexoes-durante-o-Grande-Encontro-Anual-de-2023.-Foto-Barbara-Dias-scaled.jpg\" alt=\"Participantes realizam din\u00e2mica e reflex\u00f5es durante o Grande Encontro Anual de 2023. Foto: B\u00e1rbara Dias\" width=\"2560\" height=\"1709\" srcset=\"https:\/\/rioonwatch.org.br\/wp-content\/uploads\/2023\/12\/Participantes-realizam-dinamica-e-reflexoes-durante-o-Grande-Encontro-Anual-de-2023.-Foto-Barbara-Dias-scaled.jpg 2560w, https:\/\/rioonwatch.org.br\/wp-content\/uploads\/2023\/12\/Participantes-realizam-dinamica-e-reflexoes-durante-o-Grande-Encontro-Anual-de-2023.-Foto-Barbara-Dias-620x414.jpg 620w\" sizes=\"(max-width: 2560px) 100vw, 2560px\" \/><\/a><figcaption id=\"caption-attachment-71776\" class=\"wp-caption-text\">Participantes realizam din\u00e2mica e reflex\u00f5es durante o Grande Encontro Anual de 2023. Foto: B\u00e1rbara Dias<\/figcaption><\/figure>\n<figure id=\"attachment_71852\" aria-describedby=\"caption-attachment-71852\" style=\"width: 2560px\" class=\"wp-caption aligncenter\"><a href=\"https:\/\/rioonwatch.org.br\/wp-content\/uploads\/2023\/12\/Grande-Encontro-scaled.jpg\"><img loading=\"lazy\" decoding=\"async\" class=\"size-full wp-image-71852\" src=\"https:\/\/rioonwatch.org.br\/wp-content\/uploads\/2023\/12\/Grande-Encontro-scaled.jpg\" alt=\"Participantes do 6o Grande Encontro Anual da Rede Favela Sustent\u00e1vel. Foto por: B\u00e1rbara Dias\" width=\"2560\" height=\"1312\" srcset=\"https:\/\/rioonwatch.org.br\/wp-content\/uploads\/2023\/12\/Grande-Encontro-scaled.jpg 2560w, https:\/\/rioonwatch.org.br\/wp-content\/uploads\/2023\/12\/Grande-Encontro-620x318.jpg 620w\" sizes=\"(max-width: 2560px) 100vw, 2560px\" \/><\/a><figcaption id=\"caption-attachment-71852\" class=\"wp-caption-text\">Participantes do 6o Grande Encontro Anual da Rede Favela Sustent\u00e1vel. Foto por: B\u00e1rbara Dias<\/figcaption><\/figure>\n<h3>Veja as fotos do 6\u00ba Encontro da RFS <a href=\"https:\/\/bit.ly\/FotosGrandeEncontro2023\" target=\"_blank\" rel=\"noopener\">no Flickr<\/a>:<\/h3>\n<p><a title=\"6\u00ba Grande Encontro da RFS no CCYK, na Vila Kennedy, 02 de dezembro de 2023\" href=\"https:\/\/www.flickr.com\/photos\/catcomm\/albums\/72177720313276052\" data-flickr-embed=\"true\"><img loading=\"lazy\" decoding=\"async\" src=\"https:\/\/live.staticflickr.com\/65535\/53388583794_78769c85e4_b.jpg\" alt=\"6\u00ba Grande Encontro da RFS no CCYK, na Vila Kennedy, 02 de dezembro de 2023\" width=\"1024\" height=\"768\" \/><\/a><script async src=\"\/\/embedr.flickr.com\/assets\/client-code.js\" charset=\"utf-8\"><\/script><\/p>\n<p><em>Sobre a autora e fot\u00f3grafa: <a href=\"https:\/\/bit.ly\/3Gc3OJU\" target=\"_blank\" rel=\"noopener\">B\u00e1rbara Dias<\/a>, cria de Bangu, possui licenciatura em Ci\u00eancias Biol\u00f3gicas, mestrado em Educa\u00e7\u00e3o Ambiental e atua como professora da rede p\u00fablica desde 2006. \u00c9 fotojornalista e trabalha tamb\u00e9m com fotografia documental. \u00c9 comunicadora popular formada pelo N\u00facleo Piratininga de Comunica\u00e7\u00e3o (<a href=\"https:\/\/bit.ly\/3i2GcdN\" target=\"_blank\" rel=\"noopener\">NPC<\/a>) e co-fundadora do\u00a0<a href=\"https:\/\/bit.ly\/3vfY8bj\" target=\"_blank\" rel=\"noopener\">Coletivo Fotoguerrilha<\/a>.<\/em><\/p>\n<p><em>*A Rede Favela Sustent\u00e1vel (RFS) e o RioOnWatch s\u00e3o projetos da Comunidades Catalisadoras (ComCat).<\/em><\/p>\n<hr \/>\n<h4><b data-stringify-type=\"bold\">Apoie nossos esfor\u00e7os para fornecer apoio estrat\u00e9gico \u00e0s favelas do Rio, incluindo o jornalismo hiperlocal, cr\u00edtico, inovador e incans\u00e1vel do\u00a0<\/b><b data-stringify-type=\"bold\"><i data-stringify-type=\"italic\">RioOnWatch<\/i><\/b>\u2014<a class=\"c-link\" href=\"http:\/\/www.bit.ly\/ApoieROW\" target=\"_blank\" rel=\"noopener noreferrer\" data-stringify-link=\"http:\/\/www.bit.ly\/ApoieROW\" data-sk=\"tooltip_parent\">doe aqui<\/a>.<\/h4>\n<!-- AddThis Advanced Settings generic via filter on the_content --><!-- AddThis Share Buttons generic via filter on the_content -->","protected":false},"excerpt":{"rendered":"<div class=\"mh-excerpt\"><p>\ufeff\ufeff Click Here for English No dia 2 de dezembro de 2023, aconteceu no Centro Comunit\u00e1rio Irm\u00e3os Kennedy (CCIK), o 6\u00ba Grande Encontro Anual da Rede Favela Sustent\u00e1vel (RFS), com a presen\u00e7a de lideran\u00e7as comunit\u00e1rias, <a class=\"mh-excerpt-more\" href=\"https:\/\/rioonwatch.org.br\/?p=71743\" title=\"6\u00ba Encontr\u00e3o da Rede Favela Sustent\u00e1vel Centraliza Juventude [V\u00cdDEO]\">[&#8230;]<\/a><!-- AddThis Advanced Settings generic via filter on get_the_excerpt --><!-- AddThis Share Buttons generic via filter on get_the_excerpt --><\/p>\n<\/div>","protected":false},"author":179,"featured_media":71799,"comment_status":"closed","ping_status":"closed","sticky":false,"template":"template-full.php","format":"standard","meta":{"_acf_changed":false,"_monsterinsights_skip_tracking":false,"_monsterinsights_sitenote_active":false,"_monsterinsights_sitenote_note":"","_monsterinsights_sitenote_category":0,"footnotes":""},"categories":[1621,1627,3170,1612,342,1639,1638],"tags":[922,2968,3112,113,106,469,1586,1304,1719,2040,1193,2139,2901,1393,1109,476,544,184],"writer":[3244],"translator":[],"source":[],"ilustrador":[],"fotografo":[3184],"class_list":{"0":"post-71743","1":"post","2":"type-post","3":"status-publish","4":"format-standard","5":"has-post-thumbnail","7":"category-destaque","8":"category-relato-de-evento","9":"category-justica-climatica","10":"category-sociedade-civil","11":"category-solucoes","12":"category-sustentabilidade","13":"category-video","14":"tag-evento","15":"tag-grande-encontro-rfs","16":"tag-justica-climatica","17":"tag-juventude","18":"tag-meio-ambiente","19":"tag-memoria","20":"tag-mesquita","21":"tag-organizacao-criativa","22":"tag-mudancas-climaticas","23":"tag-museu-das-remocoes","24":"tag-museu-de-favela","25":"tag-justica-ambiental","26":"tag-rfs","27":"tag-rio-das-pedras","28":"tag-sociedade-civil","29":"tag-solucao-comunitaria","30":"tag-vila-kennedy","31":"tag-zona-oeste","32":"writer-barbara-dias","33":"fotografo-barbara-dias"},"acf":[],"yoast_head":"<!-- This site is optimized with the Yoast SEO plugin v25.6 - https:\/\/yoast.com\/wordpress\/plugins\/seo\/ -->\n<title>6\u00ba Encontr\u00e3o da Rede Favela Sustent\u00e1vel Centraliza Juventude [V\u00cdDEO] - RioOnWatch<\/title>\n<meta name=\"robots\" content=\"index, follow, max-snippet:-1, max-image-preview:large, max-video-preview:-1\" \/>\n<link rel=\"canonical\" href=\"https:\/\/rioonwatch.org.br\/?p=71743\" \/>\n<meta property=\"og:locale\" content=\"pt_BR\" \/>\n<meta property=\"og:type\" content=\"article\" \/>\n<meta property=\"og:title\" content=\"6\u00ba Encontr\u00e3o da Rede Favela Sustent\u00e1vel Centraliza Juventude [V\u00cdDEO] - RioOnWatch\" \/>\n<meta property=\"og:description\" content=\"\ufeff\ufeff Click Here for English No dia 2 de dezembro de 2023, aconteceu no Centro Comunit\u00e1rio Irm\u00e3os Kennedy (CCIK), o 6\u00ba Grande Encontro Anual da Rede Favela Sustent\u00e1vel (RFS), com a presen\u00e7a de lideran\u00e7as comunit\u00e1rias, [...]\" \/>\n<meta property=\"og:url\" content=\"https:\/\/rioonwatch.org.br\/?p=71743\" \/>\n<meta property=\"og:site_name\" content=\"RioOnWatch\" \/>\n<meta property=\"article:published_time\" content=\"2023-12-17T01:23:51+00:00\" \/>\n<meta property=\"article:modified_time\" content=\"2024-09-05T16:04:49+00:00\" \/>\n<meta property=\"og:image\" content=\"https:\/\/rioonwatch.org.br\/wp-content\/uploads\/2023\/12\/Foto-com-os-participantes-do-Grande-Encontro-Anual-de-2023.-Foto-Barbara-Dias.jpg\" \/>\n\t<meta property=\"og:image:width\" content=\"2048\" \/>\n\t<meta property=\"og:image:height\" content=\"570\" \/>\n\t<meta property=\"og:image:type\" content=\"image\/jpeg\" \/>\n<meta name=\"author\" content=\"Janaina Tavares\" \/>\n<meta name=\"twitter:card\" content=\"summary_large_image\" \/>\n<meta name=\"twitter:label1\" content=\"Escrito por\" \/>\n\t<meta name=\"twitter:data1\" content=\"Janaina Tavares\" \/>\n\t<meta name=\"twitter:label2\" content=\"Est. tempo de leitura\" \/>\n\t<meta name=\"twitter:data2\" content=\"12 minutos\" \/>\n<script type=\"application\/ld+json\" class=\"yoast-schema-graph\">{\"@context\":\"https:\/\/schema.org\",\"@graph\":[{\"@type\":\"Article\",\"@id\":\"https:\/\/rioonwatch.org.br\/?p=71743#article\",\"isPartOf\":{\"@id\":\"https:\/\/rioonwatch.org.br\/?p=71743\"},\"author\":{\"name\":\"Janaina Tavares\",\"@id\":\"https:\/\/rioonwatch.org.br\/#\/schema\/person\/feb227e5e7679aacc3d672e375cae1bd\"},\"headline\":\"6\u00ba Encontr\u00e3o da Rede Favela Sustent\u00e1vel Centraliza Juventude [V\u00cdDEO]\",\"datePublished\":\"2023-12-17T01:23:51+00:00\",\"dateModified\":\"2024-09-05T16:04:49+00:00\",\"mainEntityOfPage\":{\"@id\":\"https:\/\/rioonwatch.org.br\/?p=71743\"},\"wordCount\":2585,\"publisher\":{\"@id\":\"https:\/\/rioonwatch.org.br\/#organization\"},\"image\":{\"@id\":\"https:\/\/rioonwatch.org.br\/?p=71743#primaryimage\"},\"thumbnailUrl\":\"https:\/\/rioonwatch.org.br\/wp-content\/uploads\/2023\/12\/Foto-com-os-participantes-do-Grande-Encontro-Anual-de-2023.-Foto-Barbara-Dias.jpg\",\"keywords\":[\"evento\",\"Grande Encontro RFS\",\"Justi\u00e7a Clim\u00e1tica\",\"juventude\",\"meio ambiente\",\"Mem\u00f3rias Faveladas\",\"Mesquita\",\"mobiliza\u00e7\u00e3o criativa\",\"mudan\u00e7as clim\u00e1ticas\",\"Museu das Remo\u00e7\u00f5es\",\"Museu de Favela\",\"Racismo ambiental\",\"Rede Favela Sustent\u00e1vel\",\"Rio das Pedras\",\"sociedade civil\",\"solu\u00e7\u00e3o comunit\u00e1ria\",\"Vila Kennedy\",\"Zona Oeste\"],\"articleSection\":[\"*Destaque\",\"Cobertura de Eventos\",\"Justi\u00e7a Clim\u00e1tica\",\"Sociedade Civil\",\"Solu\u00e7\u00f5es\",\"Sustentabilidade\",\"V\u00eddeo\"],\"inLanguage\":\"pt-BR\"},{\"@type\":\"WebPage\",\"@id\":\"https:\/\/rioonwatch.org.br\/?p=71743\",\"url\":\"https:\/\/rioonwatch.org.br\/?p=71743\",\"name\":\"6\u00ba Encontr\u00e3o da Rede Favela Sustent\u00e1vel Centraliza Juventude [V\u00cdDEO] - RioOnWatch\",\"isPartOf\":{\"@id\":\"https:\/\/rioonwatch.org.br\/#website\"},\"primaryImageOfPage\":{\"@id\":\"https:\/\/rioonwatch.org.br\/?p=71743#primaryimage\"},\"image\":{\"@id\":\"https:\/\/rioonwatch.org.br\/?p=71743#primaryimage\"},\"thumbnailUrl\":\"https:\/\/rioonwatch.org.br\/wp-content\/uploads\/2023\/12\/Foto-com-os-participantes-do-Grande-Encontro-Anual-de-2023.-Foto-Barbara-Dias.jpg\",\"datePublished\":\"2023-12-17T01:23:51+00:00\",\"dateModified\":\"2024-09-05T16:04:49+00:00\",\"breadcrumb\":{\"@id\":\"https:\/\/rioonwatch.org.br\/?p=71743#breadcrumb\"},\"inLanguage\":\"pt-BR\",\"potentialAction\":[{\"@type\":\"ReadAction\",\"target\":[\"https:\/\/rioonwatch.org.br\/?p=71743\"]}]},{\"@type\":\"ImageObject\",\"inLanguage\":\"pt-BR\",\"@id\":\"https:\/\/rioonwatch.org.br\/?p=71743#primaryimage\",\"url\":\"https:\/\/rioonwatch.org.br\/wp-content\/uploads\/2023\/12\/Foto-com-os-participantes-do-Grande-Encontro-Anual-de-2023.-Foto-Barbara-Dias.jpg\",\"contentUrl\":\"https:\/\/rioonwatch.org.br\/wp-content\/uploads\/2023\/12\/Foto-com-os-participantes-do-Grande-Encontro-Anual-de-2023.-Foto-Barbara-Dias.jpg\",\"width\":2048,\"height\":570},{\"@type\":\"BreadcrumbList\",\"@id\":\"https:\/\/rioonwatch.org.br\/?p=71743#breadcrumb\",\"itemListElement\":[{\"@type\":\"ListItem\",\"position\":1,\"name\":\"In\u00edcio\",\"item\":\"https:\/\/rioonwatch.org.br\/\"},{\"@type\":\"ListItem\",\"position\":2,\"name\":\"6\u00ba Encontr\u00e3o da Rede Favela Sustent\u00e1vel Centraliza Juventude [V\u00cdDEO]\"}]},{\"@type\":\"WebSite\",\"@id\":\"https:\/\/rioonwatch.org.br\/#website\",\"url\":\"https:\/\/rioonwatch.org.br\/\",\"name\":\"RioOnWatch\",\"description\":\"relatos das favelas cariocas\",\"publisher\":{\"@id\":\"https:\/\/rioonwatch.org.br\/#organization\"},\"potentialAction\":[{\"@type\":\"SearchAction\",\"target\":{\"@type\":\"EntryPoint\",\"urlTemplate\":\"https:\/\/rioonwatch.org.br\/?s={search_term_string}\"},\"query-input\":{\"@type\":\"PropertyValueSpecification\",\"valueRequired\":true,\"valueName\":\"search_term_string\"}}],\"inLanguage\":\"pt-BR\"},{\"@type\":\"Organization\",\"@id\":\"https:\/\/rioonwatch.org.br\/#organization\",\"name\":\"RioOnWatch\",\"url\":\"https:\/\/rioonwatch.org.br\/\",\"logo\":{\"@type\":\"ImageObject\",\"inLanguage\":\"pt-BR\",\"@id\":\"https:\/\/rioonwatch.org.br\/#\/schema\/logo\/image\/\",\"url\":\"https:\/\/rioonwatch.org.br\/wp-content\/uploads\/2021\/06\/RioOnWatchcabecalhoPT11anos-2.png\",\"contentUrl\":\"https:\/\/rioonwatch.org.br\/wp-content\/uploads\/2021\/06\/RioOnWatchcabecalhoPT11anos-2.png\",\"width\":779,\"height\":277,\"caption\":\"RioOnWatch\"},\"image\":{\"@id\":\"https:\/\/rioonwatch.org.br\/#\/schema\/logo\/image\/\"}},{\"@type\":\"Person\",\"@id\":\"https:\/\/rioonwatch.org.br\/#\/schema\/person\/feb227e5e7679aacc3d672e375cae1bd\",\"name\":\"Janaina Tavares\",\"image\":{\"@type\":\"ImageObject\",\"inLanguage\":\"pt-BR\",\"@id\":\"https:\/\/rioonwatch.org.br\/#\/schema\/person\/image\/\",\"url\":\"https:\/\/secure.gravatar.com\/avatar\/83bb5bb4f8b0c5ad63f35939640eaaa2?s=96&d=blank&r=g\",\"contentUrl\":\"https:\/\/secure.gravatar.com\/avatar\/83bb5bb4f8b0c5ad63f35939640eaaa2?s=96&d=blank&r=g\",\"caption\":\"Janaina Tavares\"},\"url\":\"https:\/\/rioonwatch.org.br\/?author=179\"}]}<\/script>\n<!-- \/ Yoast SEO plugin. -->","yoast_head_json":{"title":"6\u00ba Encontr\u00e3o da Rede Favela Sustent\u00e1vel Centraliza Juventude [V\u00cdDEO] - RioOnWatch","robots":{"index":"index","follow":"follow","max-snippet":"max-snippet:-1","max-image-preview":"max-image-preview:large","max-video-preview":"max-video-preview:-1"},"canonical":"https:\/\/rioonwatch.org.br\/?p=71743","og_locale":"pt_BR","og_type":"article","og_title":"6\u00ba Encontr\u00e3o da Rede Favela Sustent\u00e1vel Centraliza Juventude [V\u00cdDEO] - RioOnWatch","og_description":"\ufeff\ufeff Click Here for English No dia 2 de dezembro de 2023, aconteceu no Centro Comunit\u00e1rio Irm\u00e3os Kennedy (CCIK), o 6\u00ba Grande Encontro Anual da Rede Favela Sustent\u00e1vel (RFS), com a presen\u00e7a de lideran\u00e7as comunit\u00e1rias, [...]","og_url":"https:\/\/rioonwatch.org.br\/?p=71743","og_site_name":"RioOnWatch","article_published_time":"2023-12-17T01:23:51+00:00","article_modified_time":"2024-09-05T16:04:49+00:00","og_image":[{"width":2048,"height":570,"url":"https:\/\/rioonwatch.org.br\/wp-content\/uploads\/2023\/12\/Foto-com-os-participantes-do-Grande-Encontro-Anual-de-2023.-Foto-Barbara-Dias.jpg","type":"image\/jpeg"}],"author":"Janaina Tavares","twitter_card":"summary_large_image","twitter_misc":{"Escrito por":"Janaina Tavares","Est. tempo de leitura":"12 minutos"},"schema":{"@context":"https:\/\/schema.org","@graph":[{"@type":"Article","@id":"https:\/\/rioonwatch.org.br\/?p=71743#article","isPartOf":{"@id":"https:\/\/rioonwatch.org.br\/?p=71743"},"author":{"name":"Janaina Tavares","@id":"https:\/\/rioonwatch.org.br\/#\/schema\/person\/feb227e5e7679aacc3d672e375cae1bd"},"headline":"6\u00ba Encontr\u00e3o da Rede Favela Sustent\u00e1vel Centraliza Juventude [V\u00cdDEO]","datePublished":"2023-12-17T01:23:51+00:00","dateModified":"2024-09-05T16:04:49+00:00","mainEntityOfPage":{"@id":"https:\/\/rioonwatch.org.br\/?p=71743"},"wordCount":2585,"publisher":{"@id":"https:\/\/rioonwatch.org.br\/#organization"},"image":{"@id":"https:\/\/rioonwatch.org.br\/?p=71743#primaryimage"},"thumbnailUrl":"https:\/\/rioonwatch.org.br\/wp-content\/uploads\/2023\/12\/Foto-com-os-participantes-do-Grande-Encontro-Anual-de-2023.-Foto-Barbara-Dias.jpg","keywords":["evento","Grande Encontro RFS","Justi\u00e7a Clim\u00e1tica","juventude","meio ambiente","Mem\u00f3rias Faveladas","Mesquita","mobiliza\u00e7\u00e3o criativa","mudan\u00e7as clim\u00e1ticas","Museu das Remo\u00e7\u00f5es","Museu de Favela","Racismo ambiental","Rede Favela Sustent\u00e1vel","Rio das Pedras","sociedade civil","solu\u00e7\u00e3o comunit\u00e1ria","Vila Kennedy","Zona Oeste"],"articleSection":["*Destaque","Cobertura de Eventos","Justi\u00e7a Clim\u00e1tica","Sociedade Civil","Solu\u00e7\u00f5es","Sustentabilidade","V\u00eddeo"],"inLanguage":"pt-BR"},{"@type":"WebPage","@id":"https:\/\/rioonwatch.org.br\/?p=71743","url":"https:\/\/rioonwatch.org.br\/?p=71743","name":"6\u00ba Encontr\u00e3o da Rede Favela Sustent\u00e1vel Centraliza Juventude [V\u00cdDEO] - RioOnWatch","isPartOf":{"@id":"https:\/\/rioonwatch.org.br\/#website"},"primaryImageOfPage":{"@id":"https:\/\/rioonwatch.org.br\/?p=71743#primaryimage"},"image":{"@id":"https:\/\/rioonwatch.org.br\/?p=71743#primaryimage"},"thumbnailUrl":"https:\/\/rioonwatch.org.br\/wp-content\/uploads\/2023\/12\/Foto-com-os-participantes-do-Grande-Encontro-Anual-de-2023.-Foto-Barbara-Dias.jpg","datePublished":"2023-12-17T01:23:51+00:00","dateModified":"2024-09-05T16:04:49+00:00","breadcrumb":{"@id":"https:\/\/rioonwatch.org.br\/?p=71743#breadcrumb"},"inLanguage":"pt-BR","potentialAction":[{"@type":"ReadAction","target":["https:\/\/rioonwatch.org.br\/?p=71743"]}]},{"@type":"ImageObject","inLanguage":"pt-BR","@id":"https:\/\/rioonwatch.org.br\/?p=71743#primaryimage","url":"https:\/\/rioonwatch.org.br\/wp-content\/uploads\/2023\/12\/Foto-com-os-participantes-do-Grande-Encontro-Anual-de-2023.-Foto-Barbara-Dias.jpg","contentUrl":"https:\/\/rioonwatch.org.br\/wp-content\/uploads\/2023\/12\/Foto-com-os-participantes-do-Grande-Encontro-Anual-de-2023.-Foto-Barbara-Dias.jpg","width":2048,"height":570},{"@type":"BreadcrumbList","@id":"https:\/\/rioonwatch.org.br\/?p=71743#breadcrumb","itemListElement":[{"@type":"ListItem","position":1,"name":"In\u00edcio","item":"https:\/\/rioonwatch.org.br\/"},{"@type":"ListItem","position":2,"name":"6\u00ba Encontr\u00e3o da Rede Favela Sustent\u00e1vel Centraliza Juventude [V\u00cdDEO]"}]},{"@type":"WebSite","@id":"https:\/\/rioonwatch.org.br\/#website","url":"https:\/\/rioonwatch.org.br\/","name":"RioOnWatch","description":"relatos das favelas cariocas","publisher":{"@id":"https:\/\/rioonwatch.org.br\/#organization"},"potentialAction":[{"@type":"SearchAction","target":{"@type":"EntryPoint","urlTemplate":"https:\/\/rioonwatch.org.br\/?s={search_term_string}"},"query-input":{"@type":"PropertyValueSpecification","valueRequired":true,"valueName":"search_term_string"}}],"inLanguage":"pt-BR"},{"@type":"Organization","@id":"https:\/\/rioonwatch.org.br\/#organization","name":"RioOnWatch","url":"https:\/\/rioonwatch.org.br\/","logo":{"@type":"ImageObject","inLanguage":"pt-BR","@id":"https:\/\/rioonwatch.org.br\/#\/schema\/logo\/image\/","url":"https:\/\/rioonwatch.org.br\/wp-content\/uploads\/2021\/06\/RioOnWatchcabecalhoPT11anos-2.png","contentUrl":"https:\/\/rioonwatch.org.br\/wp-content\/uploads\/2021\/06\/RioOnWatchcabecalhoPT11anos-2.png","width":779,"height":277,"caption":"RioOnWatch"},"image":{"@id":"https:\/\/rioonwatch.org.br\/#\/schema\/logo\/image\/"}},{"@type":"Person","@id":"https:\/\/rioonwatch.org.br\/#\/schema\/person\/feb227e5e7679aacc3d672e375cae1bd","name":"Janaina Tavares","image":{"@type":"ImageObject","inLanguage":"pt-BR","@id":"https:\/\/rioonwatch.org.br\/#\/schema\/person\/image\/","url":"https:\/\/secure.gravatar.com\/avatar\/83bb5bb4f8b0c5ad63f35939640eaaa2?s=96&d=blank&r=g","contentUrl":"https:\/\/secure.gravatar.com\/avatar\/83bb5bb4f8b0c5ad63f35939640eaaa2?s=96&d=blank&r=g","caption":"Janaina Tavares"},"url":"https:\/\/rioonwatch.org.br\/?author=179"}]}},"_links":{"self":[{"href":"https:\/\/rioonwatch.org.br\/index.php?rest_route=\/wp\/v2\/posts\/71743"}],"collection":[{"href":"https:\/\/rioonwatch.org.br\/index.php?rest_route=\/wp\/v2\/posts"}],"about":[{"href":"https:\/\/rioonwatch.org.br\/index.php?rest_route=\/wp\/v2\/types\/post"}],"author":[{"embeddable":true,"href":"https:\/\/rioonwatch.org.br\/index.php?rest_route=\/wp\/v2\/users\/179"}],"replies":[{"embeddable":true,"href":"https:\/\/rioonwatch.org.br\/index.php?rest_route=%2Fwp%2Fv2%2Fcomments&post=71743"}],"version-history":[{"count":55,"href":"https:\/\/rioonwatch.org.br\/index.php?rest_route=\/wp\/v2\/posts\/71743\/revisions"}],"predecessor-version":[{"id":72095,"href":"https:\/\/rioonwatch.org.br\/index.php?rest_route=\/wp\/v2\/posts\/71743\/revisions\/72095"}],"wp:featuredmedia":[{"embeddable":true,"href":"https:\/\/rioonwatch.org.br\/index.php?rest_route=\/wp\/v2\/media\/71799"}],"wp:attachment":[{"href":"https:\/\/rioonwatch.org.br\/index.php?rest_route=%2Fwp%2Fv2%2Fmedia&parent=71743"}],"wp:term":[{"taxonomy":"category","embeddable":true,"href":"https:\/\/rioonwatch.org.br\/index.php?rest_route=%2Fwp%2Fv2%2Fcategories&post=71743"},{"taxonomy":"post_tag","embeddable":true,"href":"https:\/\/rioonwatch.org.br\/index.php?rest_route=%2Fwp%2Fv2%2Ftags&post=71743"},{"taxonomy":"writer","embeddable":true,"href":"https:\/\/rioonwatch.org.br\/index.php?rest_route=%2Fwp%2Fv2%2Fwriter&post=71743"},{"taxonomy":"translator","embeddable":true,"href":"https:\/\/rioonwatch.org.br\/index.php?rest_route=%2Fwp%2Fv2%2Ftranslator&post=71743"},{"taxonomy":"source","embeddable":true,"href":"https:\/\/rioonwatch.org.br\/index.php?rest_route=%2Fwp%2Fv2%2Fsource&post=71743"},{"taxonomy":"ilustrador","embeddable":true,"href":"https:\/\/rioonwatch.org.br\/index.php?rest_route=%2Fwp%2Fv2%2Filustrador&post=71743"},{"taxonomy":"fotografo","embeddable":true,"href":"https:\/\/rioonwatch.org.br\/index.php?rest_route=%2Fwp%2Fv2%2Ffotografo&post=71743"}],"curies":[{"name":"wp","href":"https:\/\/api.w.org\/{rel}","templated":true}]}}