{"id":71883,"date":"2024-03-04T06:17:03","date_gmt":"2024-03-04T09:17:03","guid":{"rendered":"https:\/\/rioonwatch.org.br\/?p=71883"},"modified":"2024-03-13T15:22:43","modified_gmt":"2024-03-13T18:22:43","slug":"neste-mes-da-mulher-o-que-a-trajetoria-de-carolina-maria-de-jesus-tem-a-dizer-sobre-o-brasil-de-hoje","status":"publish","type":"post","link":"https:\/\/rioonwatch.org.br\/?p=71883","title":{"rendered":"Neste M\u00eas da Mulher, o Que a Trajet\u00f3ria de Carolina Maria de Jesus Tem a Dizer sobre o Brasil de Hoje?"},"content":{"rendered":"<figure id=\"attachment_71948\" aria-describedby=\"caption-attachment-71948\" style=\"width: 1920px\" class=\"wp-caption aligncenter\"><a href=\"https:\/\/rioonwatch.org.br\/wp-content\/uploads\/2023\/12\/Carolina-Maria-de-Jesus-em-27-de-maio-de-1952.-Foto-Norberto-Esteves-Jornal-Ultima-Hora-Sao-Paulo.-Colecao-Arquivo-Publico-do-Estado-de-Sao-Paulo.jpg\"><img fetchpriority=\"high\" decoding=\"async\" class=\"wp-image-71948 size-full\" title=\"Carolina Maria de Jesus em 27 de maio de 1952. Foto: Norberto Esteves\/ Jornal \u00daltima Hora, S\u00e3o Paulo. Cole\u00e7\u00e3o: Arquivo P\u00fablico do Estado de S\u00e3o Paulo\" src=\"https:\/\/rioonwatch.org.br\/wp-content\/uploads\/2023\/12\/Carolina-Maria-de-Jesus-em-27-de-maio-de-1952.-Foto-Norberto-Esteves-Jornal-Ultima-Hora-Sao-Paulo.-Colecao-Arquivo-Publico-do-Estado-de-Sao-Paulo.jpg\" alt=\"Carolina Maria de Jesus em 27 de maio de 1952. Foto: Norberto Esteves\/ Jornal \u00daltima Hora, S\u00e3o Paulo. Cole\u00e7\u00e3o: Arquivo P\u00fablico do Estado de S\u00e3o Paulo\" width=\"1920\" height=\"1080\" srcset=\"https:\/\/rioonwatch.org.br\/wp-content\/uploads\/2023\/12\/Carolina-Maria-de-Jesus-em-27-de-maio-de-1952.-Foto-Norberto-Esteves-Jornal-Ultima-Hora-Sao-Paulo.-Colecao-Arquivo-Publico-do-Estado-de-Sao-Paulo.jpg 1920w, https:\/\/rioonwatch.org.br\/wp-content\/uploads\/2023\/12\/Carolina-Maria-de-Jesus-em-27-de-maio-de-1952.-Foto-Norberto-Esteves-Jornal-Ultima-Hora-Sao-Paulo.-Colecao-Arquivo-Publico-do-Estado-de-Sao-Paulo-620x349.jpg 620w\" sizes=\"(max-width: 1920px) 100vw, 1920px\" \/><\/a><figcaption id=\"caption-attachment-71948\" class=\"wp-caption-text\">Carolina Maria de Jesus em 27 de maio de 1952. Foto: Norberto Esteves\/ Jornal \u00daltima Hora, S\u00e3o Paulo. Cole\u00e7\u00e3o: Arquivo P\u00fablico do Estado de S\u00e3o Paulo<\/figcaption><\/figure>\n<h4 style=\"text-align: right;\"><em><strong><a href=\"https:\/\/bit.ly\/3wM5Y0A\" target=\"_blank\" rel=\"noopener\">Click Here for English<img decoding=\"async\" class=\"alignright wp-image-15790\" src=\"https:\/\/rioonwatch.org.br\/wp-content\/uploads\/2012\/08\/EN-standard-e1439583104716.jpg\" alt=\"\" width=\"20\" height=\"20\" \/><\/a><\/strong><\/em><\/h4>\n<h3>Um Cl\u00e1ssico da Literatura Brasileira<\/h3>\n<p><span style=\"font-weight: 400;\">Carolina Maria de Jesus tem muito a dizer sobre o Brasil. Com uma escrita carregada de sentimentos e indigna\u00e7\u00f5es, ela reflete sobre uma realidade dura vivida n\u00e3o s\u00f3 pela <\/span><span style=\"font-weight: 400;\">escritora<\/span><span style=\"font-weight: 400;\">, mas por milh\u00f5es de brasileiras e brasileiros at\u00e9 os dias de hoje. Suas obras s\u00e3o documentos que atestam a resist\u00eancia de uma mulher preta e favelada. Saindo do interior de <a href=\"https:\/\/bit.ly\/3otLToV\" target=\"_blank\" rel=\"noopener\">Minas Gerais<\/a>, ela se mudou para a <a href=\"https:\/\/bit.ly\/3TFZtpp\" target=\"_blank\" rel=\"noopener\">Favela do Canind\u00e9<\/a>, na regi\u00e3o central de <a href=\"https:\/\/bit.ly\/2wZcBxZ\" target=\"_blank\" rel=\"noopener\">S\u00e3o Paulo<\/a>, de onde sua produ\u00e7\u00e3o liter\u00e1ria e po\u00e9tica conquistou espa\u00e7o na <a href=\"https:\/\/bit.ly\/2L36Uq0\" target=\"_blank\" rel=\"noopener\">literatura nacional<\/a> e na luta contra o racismo, al\u00e9m de contribuir de forma determinante para o debate socioecon\u00f4mico no pa\u00eds.\u00a0<\/span><\/p>\n<p><span style=\"font-weight: 400;\">A contribui\u00e7\u00e3o de Carolina inspirou, inclusive, o surgimento de novas intelectuais negras e perif\u00e9ricas, como <\/span>Marcelle Leal<span style=\"font-weight: 400;\">, mulher negra, cria de <a href=\"https:\/\/bit.ly\/3wkGkQm\" target=\"_blank\" rel=\"noopener\">Bento Ribeiro<\/a>, bairro da <a href=\"https:\/\/bit.ly\/2ETpYR1\" target=\"_blank\" rel=\"noopener\">Zona Norte<\/a> do Rio, especialista em <\/span><a href=\"https:\/\/bit.ly\/48qLUhN\" target=\"_blank\" rel=\"noopener\"><span style=\"font-weight: 400;\">Carolina Maria de Jesus<\/span><\/a><span style=\"font-weight: 400;\">\u00a0e doutora em Teoria Liter\u00e1ria pela Universidade Federal do Rio de Janeiro (<\/span><span style=\"font-weight: 400;\">UFRJ<\/span><span style=\"font-weight: 400;\">). Ela estuda as <a href=\"https:\/\/bit.ly\/48yGTE5\" target=\"_blank\" rel=\"noopener\">viagens da escritora mineira<\/a> na Am\u00e9rica do Sul e tamb\u00e9m desenvolve estudos na \u00e1rea de <\/span><a href=\"https:\/\/bit.ly\/3GWLdB8\" target=\"_blank\" rel=\"noopener\"><span style=\"font-weight: 400;\">feminismos<\/span><\/a><span style=\"font-weight: 400;\"> e <\/span><a href=\"https:\/\/bit.ly\/4aJ9ZT4\" target=\"_blank\" rel=\"noopener\"><span style=\"font-weight: 400;\">literatura negro-brasileira<\/span><\/a><span style=\"font-weight: 400;\">. Segundo a intelectual de Bento Ribeiro, assim como faz Carolina Maria de Jesus em sua obra, \u201cn\u00e3o se pode naturalizar o racismo, a pobreza extrema e as desigualdades\u201d. Para ela, essa \u00e9 uma das mais valiosas contribui\u00e7\u00f5es da mais importante autora\u00a0para o pensamento socioecon\u00f4mico brasileiro.<\/span><\/p>\n<p><span style=\"font-weight: 400;\">Como resultado do impacto de suas obras e sua vida, a exposi\u00e7\u00e3o <\/span><a href=\"https:\/\/bit.ly\/3GTaMD6\" target=\"_blank\" rel=\"noopener\"><i><span style=\"font-weight: 400;\">Carolina Maria de Jesus: Um Brasil para os Brasileiros<\/span><\/i><\/a><span style=\"font-weight: 400;\"> esteve aberta ao p\u00fablico no fim de 2023, no Museu de Arte do Rio (MAR), na Pra\u00e7a Mau\u00e1, Regi\u00e3o Portu\u00e1ria, no <a href=\"https:\/\/bit.ly\/3m7rrqz\" target=\"_blank\" rel=\"noopener\">Centro<\/a> da cidade. A exposi\u00e7\u00e3o contou a trajet\u00f3ria da escritora e como suas obras mudaram para sempre o pa\u00eds.<\/span><\/p>\n<p><span style=\"font-weight: 400;\">O seu livro mais conhecido, <\/span><a href=\"https:\/\/bit.ly\/33dXGN9\" target=\"_blank\" rel=\"noopener\"><i>Quarto de Despejo<\/i><\/a>, hoje visto como um cl\u00e1ssico da literatura brasileira, foi traduzido para <a href=\"https:\/\/bit.ly\/480DQ7D\" target=\"_blank\" rel=\"noopener\">13 idiomas<\/a>, e traz as suas viv\u00eancias como mulher negra e favelada <a href=\"https:\/\/bit.ly\/48wX7NF\" target=\"_blank\" rel=\"noopener\">lidando com os desafios<\/a> de manter uma fam\u00edlia<span style=\"font-weight: 400;\"> e suas impress\u00f5es sobre o mundo.<\/span><\/p>\n<blockquote><p><span style=\"font-weight: 400;\">\u201c<\/span><i><span style=\"font-weight: 400;\">Quarto de Despejo<\/span><\/i><span style=\"font-weight: 400;\"> \u00e9 uma obra que permite compreender o Brasil do ponto de vista de quem vive o pa\u00eds em sua pot\u00eancia mais viva.&#8221; \u2014 Marcelle Leal<\/span><\/p><\/blockquote>\n<figure id=\"attachment_71954\" aria-describedby=\"caption-attachment-71954\" style=\"width: 1920px\" class=\"wp-caption aligncenter\"><a href=\"https:\/\/rioonwatch.org.br\/wp-content\/uploads\/2023\/12\/Carolina-Maria-de-Jesus-autografa-um-de-seus-livros-para-um-fa.jpg\"><img decoding=\"async\" class=\"wp-image-71954 size-full\" title=\"Literatura: a escritora brasileira Carolina Maria de Jesus durante noite de aut\u00f3grafos do lan\u00e7amento de seu livro &quot;Quarto de Despejo&quot;, em uma livraria na rua Marconi, em S\u00e3o Paulo (SP), 09.09.1960. Foto: Acervo UH\/Folhapress\" src=\"https:\/\/rioonwatch.org.br\/wp-content\/uploads\/2023\/12\/Carolina-Maria-de-Jesus-autografa-um-de-seus-livros-para-um-fa.jpg\" alt=\"Literatura: a escritora brasileira Carolina Maria de Jesus durante noite de aut\u00f3grafos do lan\u00e7amento de seu livro &quot;Quarto de Despejo&quot;, em uma livraria na rua Marconi, em S\u00e3o Paulo (SP), 09.09.1960. Foto: Acervo UH\/Folhapress\" width=\"1920\" height=\"1080\" srcset=\"https:\/\/rioonwatch.org.br\/wp-content\/uploads\/2023\/12\/Carolina-Maria-de-Jesus-autografa-um-de-seus-livros-para-um-fa.jpg 1920w, https:\/\/rioonwatch.org.br\/wp-content\/uploads\/2023\/12\/Carolina-Maria-de-Jesus-autografa-um-de-seus-livros-para-um-fa-620x349.jpg 620w\" sizes=\"(max-width: 1920px) 100vw, 1920px\" \/><\/a><figcaption id=\"caption-attachment-71954\" class=\"wp-caption-text\">Literatura: a escritora brasileira Carolina Maria de Jesus durante noite de aut\u00f3grafos do lan\u00e7amento de seu livro <em>Quarto de Despejo<\/em>, em uma livraria na Rua Marconi, em S\u00e3o Paulo (SP), 09\/09\/1960. Foto: Acervo UH\/<em>Folhapress<\/em><\/figcaption><\/figure>\n<h3>As Li\u00e7\u00f5es Socioecon\u00f4micas de Carolina Maria de Jesus<\/h3>\n<blockquote><p><span style=\"font-weight: 400;\">\u201cInfelizmente, o racismo a persegue at\u00e9 hoje. \u00c9 preciso lembrar que ainda n\u00e3o h\u00e1 uma organiza\u00e7\u00e3o e preserva\u00e7\u00e3o adequadas de seus escritos. Alguns dos seus originais ainda est\u00e3o espalhados pelo mundo ou sob tutela de pessoas que se apropriam indevidamente de seu acervo. A sociedade insiste em marcar o lugar que reserva para as pessoas pretas, mas, em movimentos individuais e coletivos, h\u00e1 resist\u00eancias e subvers\u00f5es, assim como Carolina.\u201d <\/span><span style=\"font-weight: 400;\">\u2014 Marcelle Leal<\/span><\/p><\/blockquote>\n<figure id=\"attachment_71952\" aria-describedby=\"caption-attachment-71952\" style=\"width: 500px\" class=\"wp-caption alignright\"><a href=\"https:\/\/rioonwatch.org.br\/wp-content\/uploads\/2023\/12\/Maria-Carolina-de-Jesus-e-seus-filhos.png\"><img loading=\"lazy\" decoding=\"async\" class=\"wp-image-71952\" title=\"Carolina Maria de Jesus e seus filhos\" src=\"https:\/\/rioonwatch.org.br\/wp-content\/uploads\/2023\/12\/Maria-Carolina-de-Jesus-e-seus-filhos.png\" alt=\"Carolina Maria de Jesus e seus filhos\" width=\"500\" height=\"327\" \/><\/a><figcaption id=\"caption-attachment-71952\" class=\"wp-caption-text\">Carolina Maria de Jesus e seus filhos<\/figcaption><\/figure>\n<p><span style=\"font-weight: 400;\">Ainda h\u00e1 <a href=\"https:\/\/bit.ly\/489icOv\" target=\"_blank\" rel=\"noopener\">muitas Carolinas<\/a> pelo Brasil, m\u00e3es pretas e faveladas, sofrendo as imposi\u00e7\u00f5es de uma cultura condicionada h\u00e1 s\u00e9culos para limitar os lugares delas. Mulheres obrigadas a <\/span><a href=\"https:\/\/bit.ly\/3Jj6Tqk\" target=\"_blank\" rel=\"noopener\"><span style=\"font-weight: 400;\">lutar por pol\u00edticas p\u00fablicas<\/span><\/a><span style=\"font-weight: 400;\"> que as atendam, apesar de serem <\/span><a href=\"https:\/\/bit.ly\/3JczSfQ\" target=\"_blank\" rel=\"noopener\">a maior faixa da popula\u00e7\u00e3o<\/a><span style=\"font-weight: 400;\">, que <a href=\"https:\/\/bit.ly\/2XxMdYO\" target=\"_blank\" rel=\"noopener\">constitui a base econ\u00f4mica e social <\/a><\/span>do Brasil.<\/p>\n<blockquote><p><span style=\"font-weight: 400;\">\u201c<\/span>Enfim, o mundo \u00e9 como o branco quer. Eu n\u00e3o sou branca, n\u00e3o tenho nada a ver com estas desorganiza\u00e7\u00f5es.<span style=\"font-weight: 400;\">\u201d <\/span><span style=\"font-weight: 400;\">\u2014 <em>Quarto de Despejo<\/em>, Carolina Maria de Jesus<\/span><\/p><\/blockquote>\n<p><span style=\"font-weight: 400;\">A especialista destaca um trecho da obra de Carolina Maria de Jesus em que ela analisa seu pr\u00f3prio sofrimento enquanto mulher, negra, pobre e m\u00e3e solo: \u201cEu ponho o saco na cabe\u00e7a e levo-a nos bra\u00e7os. Suporto o peso do saco na cabe\u00e7a e suporto o peso da Vera Eunice nos bra\u00e7os. Tem hora que revolto-me. Depois domino-me. Ela n\u00e3o tem culpa de estar no mundo\u201d, diz a autora em sua obra. Um relato anal\u00edtico que n\u00e3o \u00e9 s\u00f3 sobre a situa\u00e7\u00e3o dela, mas de milh\u00f5es de brasileiras como ela, que est\u00e3o vivas nas p\u00e1ginas de seus livros.<\/span><\/p>\n<p>A percep\u00e7\u00e3o de Carolina Maria de Jesus, a partir de seu lugar enquanto mulher negra, m\u00e3e de favela, faz com que sua obra se constitua como um dos mais s\u00f3lidos arcabou\u00e7os te\u00f3ricos dispon\u00edveis sobre a sociedade e mulher negra brasileira. Sua antologia educa uma na\u00e7\u00e3o, meio s\u00e9culo depois da <a href=\"https:\/\/bit.ly\/49imwLV\" target=\"_blank\" rel=\"noopener\">aboli\u00e7\u00e3o formal da escravatura<\/a>, sobre a condi\u00e7\u00e3o da negra e do negro no pa\u00eds, as mazelas da pobreza material, a fome, a nega\u00e7\u00e3o do direito \u00e0 moradia, e a resili\u00eancia, intelecto e for\u00e7a da mulher afrodiasp\u00f3rica. Enfim, <em>Carolina Maria de Jesus educa os brasileiros sobre o Brasil<\/em>.<\/p>\n<blockquote>\n<h3><span style=\"font-weight: 400;\">Pobre Inocente<\/span><\/h3>\n<p><span style=\"font-weight: 400;\">Pobre m\u00e3e perambulava<\/span><br \/>\n<span style=\"font-weight: 400;\">Com os olhos fixos no ch\u00e3o<\/span><br \/>\n<span style=\"font-weight: 400;\">Como poderei viver<\/span><br \/>\nNesta negra condi\u00e7\u00e3o&#8230;<\/p>\n<p><span style=\"font-weight: 400;\">Percorria com o olhar o espa\u00e7o<\/span><br \/>\n<span style=\"font-weight: 400;\">E volvia-o novamente ao solo<\/span><br \/>\n<span style=\"font-weight: 400;\">Com meiguice acariciava<\/span><br \/>\n<span style=\"font-weight: 400;\">O filho que tinha ao colo.<\/span><\/p>\n<p><span style=\"font-weight: 400;\">Pobre mulher, onde vai?<\/span><br \/>\n<span style=\"font-weight: 400;\">Que triste destino \u00e9 o teu<\/span><br \/>\n<span style=\"font-weight: 400;\">Estou procurando o papai<\/span><br \/>\n<span style=\"font-weight: 400;\">O bom amiguinho meu&#8230;<\/span><\/p>\n<p><span style=\"font-weight: 400;\">Vivo errante e descontente<\/span><br \/>\n<span style=\"font-weight: 400;\">Minha exist\u00eancia \u00e9 uma luta<\/span><br \/>\n<span style=\"font-weight: 400;\">Eu imploro ao Deus clemente<\/span><br \/>\n<span style=\"font-weight: 400;\">S\u00f3 ele \u00e9 bom e me escuta&#8230;<\/span><\/p>\n<p><span style=\"font-weight: 400;\">Para onde vamos, filho meu!<\/span><br \/>\n<span style=\"font-weight: 400;\">N\u00e3o temos teto, e nem p\u00e3o<\/span><br \/>\n<span style=\"font-weight: 400;\">Vosso pai desapareceu <\/span><br \/>\n<span style=\"font-weight: 400;\">Deixou-lhe na solid\u00e3o&#8230;<\/span><\/p>\n<p><span style=\"font-weight: 400;\">Meu filho! Porque sofre assim<\/span><br \/>\n<span style=\"font-weight: 400;\">Se ainda n\u00e3o tens pecado<\/span><br \/>\n<span style=\"font-weight: 400;\">Se a morte lembrar-se de mim<\/span><br \/>\n<span style=\"font-weight: 400;\">Ficar\u00e1s desamaparado.<\/span><\/p>\n<p><span style=\"font-weight: 400;\">Sem ter quem vele os teus passos<\/span><br \/>\n<span style=\"font-weight: 400;\">Com carinhos e sacrif\u00edcios<\/span><br \/>\n<span style=\"font-weight: 400;\">Tu cair\u00e1s nos la\u00e7os<\/span><br \/>\n<span style=\"font-weight: 400;\">Que s\u00e3o os p\u00e9ssimos v\u00edcios.<\/span><\/p>\n<p><span style=\"font-weight: 400;\">A m\u00e3e perambulando<\/span><br \/>\n<span style=\"font-weight: 400;\">Tudo isto lhe vem na mente<\/span><br \/>\n<span style=\"font-weight: 400;\">Contempla o filho e chorando<\/span><br \/>\n<span style=\"font-weight: 400;\">Exclama\u2014pobre inocente!<\/span><\/p>\n<p><span style=\"font-weight: 400;\">\u2014\u00a0<\/span><a href=\"https:\/\/bit.ly\/3wtegdp\" target=\"_blank\" rel=\"noopener\"><em>Antologia Pessoal<\/em><\/a>, Carolina Maria de Jesus<\/p><\/blockquote>\n<p>A doutora em teoria liter\u00e1ria destaca que \u00e9 preciso dar <a href=\"https:\/\/bit.ly\/3yNj63j\" target=\"_blank\" rel=\"noopener\">apoio \u00e0s m\u00e3es negras e de favela com legisla\u00e7\u00e3o<\/a>, pol\u00edticas p\u00fablicas e or\u00e7amento. Para Marcelle, \u00e9 preciso ofertar vagas em creches p\u00fablicas, criar espa\u00e7os de cuidado e acolhimento \u00e0s crian\u00e7as de m\u00e3es e pais que <a href=\"https:\/\/bit.ly\/3eC1pYX\" target=\"_blank\" rel=\"noopener\">trabalhem ou estudem<\/a> fora do hor\u00e1rio de funcionamento das creches, como proposto por <a href=\"https:\/\/bit.ly\/2ZubT41\" target=\"_blank\" rel=\"noopener\">Marielle Franco<\/a>\u00a0na <a href=\"http:\/\/bit.ly\/3l7RiUd\" target=\"_blank\" rel=\"noopener\">Lei do Espa\u00e7o Coruja<\/a>, al\u00e9m de <a href=\"https:\/\/bit.ly\/3REPKOA\" target=\"_blank\" rel=\"noopener\">programas sociais de transfer\u00eancia de renda<\/a> e focados em <a href=\"https:\/\/bit.ly\/3IWObEO\" target=\"_blank\" rel=\"noopener\">aumentar o acesso<\/a> \u00e0s escolas, universidades e mercado de trabalho de maneira digna. Al\u00e9m disso, \u00e9 fundamental que intelectuais negros, como Carolina Maria de Jesus, <a href=\"https:\/\/bit.ly\/3J0n4tp\" target=\"_blank\" rel=\"noopener\">sejam lidos<\/a> e estudados por todo o pa\u00eds.<\/p>\n<figure id=\"attachment_71953\" aria-describedby=\"caption-attachment-71953\" style=\"width: 500px\" class=\"wp-caption alignright\"><a href=\"https:\/\/rioonwatch.org.br\/wp-content\/uploads\/2023\/12\/Carolina-Maria-de-Jesus-uma-das-maiores-intelectuais-do-Brasil.jpg\"><img loading=\"lazy\" decoding=\"async\" class=\"wp-image-71953\" title=\"Carolina Maria de Jesus, uma das maiores intelectuais do Brasil.\" src=\"https:\/\/rioonwatch.org.br\/wp-content\/uploads\/2023\/12\/Carolina-Maria-de-Jesus-uma-das-maiores-intelectuais-do-Brasil-620x348.jpg\" alt=\"Carolina Maria de Jesus, uma das maiores intelectuais do Brasil.\" width=\"500\" height=\"281\" srcset=\"https:\/\/rioonwatch.org.br\/wp-content\/uploads\/2023\/12\/Carolina-Maria-de-Jesus-uma-das-maiores-intelectuais-do-Brasil-620x348.jpg 620w, https:\/\/rioonwatch.org.br\/wp-content\/uploads\/2023\/12\/Carolina-Maria-de-Jesus-uma-das-maiores-intelectuais-do-Brasil.jpg 906w\" sizes=\"(max-width: 500px) 100vw, 500px\" \/><\/a><figcaption id=\"caption-attachment-71953\" class=\"wp-caption-text\">Carolina Maria de Jesus, uma das maiores intelectuais do Brasil.<\/figcaption><\/figure>\n<p><span style=\"font-weight: 400;\">Nesse debate, as <\/span><a href=\"https:\/\/bit.ly\/3J0n4tp\" target=\"_blank\" rel=\"noopener\"><span style=\"font-weight: 400;\">contribui\u00e7\u00f5es da escritora<\/span><\/a> e de sua obra s\u00e3o bastante significativas para a discuss\u00e3o racial e socioecon\u00f4mica no Brasil.<\/p>\n<blockquote><p>\u201cA vulnerabilidade social precisa ser combatida pelo poder p\u00fablico e n\u00e3o apenas servir de alimento para assistencialismos de esferas privadas. Carolina Maria de Jesus traz para o centro do debate as sombras coletivas que, ao longo de muitos anos, o pa\u00eds insistiu em colocar embaixo do tapete. As discuss\u00f5es socioecon\u00f4micas est\u00e3o em sua produ\u00e7\u00e3o, conforme a descri\u00e7\u00e3o em seus cadernos, da cidade como a sala de visita e a favela como o quarto de despejo, na qual as quest\u00f5es raciais tamb\u00e9m est\u00e3o entrela\u00e7adas. Al\u00e9m disso, exp\u00f5e a situa\u00e7\u00e3o da comunidade negra do pa\u00eds.\u201d \u2014 Marcelle Leal<\/p><\/blockquote>\n<p>Embora Carolina tenha dado suas contribui\u00e7\u00f5es para o pa\u00eds, segundo Marcele, o <a href=\"https:\/\/bit.ly\/4avaiRe\" target=\"_blank\" rel=\"noopener\">apagamento de sua literatura<\/a> \u00e9 uma realidade triste, que se deve ao racismo, ao classismo e ao machismo do mercado editorial, composto, sobretudo, por homens brancos, de classe m\u00e9dia, e com diploma universit\u00e1rio, que s\u00e3o cegos para sua import\u00e2ncia.<\/p>\n<blockquote><p><span style=\"font-weight: 400;\">\u201c[\u00c9 preciso] reelaborar esses limites, de forma que esta arte n\u00e3o se restrinja ao dom\u00ednio de uma minoria, mas componha-se de maneira ampla, inclusiva e plural. O desafio est\u00e1 n\u00e3o s\u00f3 na produ\u00e7\u00e3o, mas tamb\u00e9m na constru\u00e7\u00e3o de p\u00fablico-leitor e cr\u00edtica especializada al\u00e9m da distribui\u00e7\u00e3o. Insisto, uma vez mais, na luta por pol\u00edticas de acesso \u00e0 educa\u00e7\u00e3o e cultura e, tamb\u00e9m, de apoio financeiro, porque estes recursos ainda est\u00e3o concentrados nas m\u00e3os de poucos e s\u00e3o fundamentais para fazer o movimento acontecer. J\u00e1 avan\u00e7amos em rela\u00e7\u00e3o h\u00e1 d\u00e9cadas, mas ainda h\u00e1 muito o que conquistar.\u201d<\/span> \u2014 Marcelle Leal<\/p><\/blockquote>\n<p>Ao fechar a entrevista, Marcelle Leal cita um poema sem t\u00edtulo de Carolina, publicado como pre\u00e2mbulo na abertura do cap\u00edtulo &#8220;Di\u00e1rios no Quarto de Despejo&#8221; no livro <a href=\"https:\/\/bit.ly\/3wgwrTH\" target=\"_blank\" rel=\"noopener\"><em>Meu Estranho Di\u00e1rio<\/em><\/a>, na d\u00e9cada de 1950. De acordo com a especialista, este trecho \u00e9 fundamental pois deixa evidente o pensamento dela sobre ra\u00e7a, racismo e antirracismo, al\u00e9m de resumir a posi\u00e7\u00e3o do preto no Brasil p\u00f3s-aboli\u00e7\u00e3o.<\/p>\n<blockquote>\n<h3><span style=\"font-weight: 400;\">Sem t\u00edtulo<\/span><\/h3>\n<p><span style=\"font-weight: 400;\">Muitas fugiam ao me ver\u00a0<\/span><br \/>\n<span style=\"font-weight: 400;\">pensando que eu na\u0303o percebia,<\/span><br \/>\n<span style=\"font-weight: 400;\">Outras pediam para ler,<\/span><br \/>\n<span style=\"font-weight: 400;\">Os versos que eu escrevia.<\/span><\/p>\n<p><span style=\"font-weight: 400;\">Era papel que eu catava<\/span><br \/>\n<span style=\"font-weight: 400;\">para custear o meu viver.<\/span><br \/>\n<span style=\"font-weight: 400;\">E no lixo eu encontrava<\/span><br \/>\n<span style=\"font-weight: 400;\">livros para eu le\u0302r.<\/span><br \/>\n<span style=\"font-weight: 400;\">Quantas coisas eu quiz fazer<\/span><br \/>\n<span style=\"font-weight: 400;\">Fui tolhida pelo preconceito<\/span><br \/>\n<span style=\"font-weight: 400;\">Se eu extinguir quero renascer\u00a0<\/span><br \/>\n<span style=\"font-weight: 400;\">Num pai\u0301s que predomina o preto.<\/span><\/p>\n<p><span style=\"font-weight: 400;\">Adeus! Adeus, eu vou morrer!<\/span><br \/>\n<span style=\"font-weight: 400;\">E deixo estes versos ao meu pai\u0301s\u00a0<\/span><br \/>\n<span style=\"font-weight: 400;\">se e que temos o direito de renascer<\/span><br \/>\n<span style=\"font-weight: 400;\">Quero um lugar, onde o preto e\u0301 feliz.<\/span><\/p>\n<p><span style=\"font-weight: 400;\">\u2014 <em>Meu Estranho Di\u00e1rio<\/em>, Carolina Maria de Jesus<\/span><\/p><\/blockquote>\n<p><em>Sobre o autor: <a href=\"https:\/\/bit.ly\/42EoKTz\" target=\"_blank\" rel=\"noopener\">Igor Soares<\/a> \u00e9 jornalista pela Universidade Federal do Rio de Janeiro (UFRJ). Atualmente, \u00e9 redator de home no Portal iG, contribui com o #Colabora e atua como freelancer. Tem experi\u00eancia em cobertura de cidades, direitos humanos e seguran\u00e7a p\u00fablica, j\u00e1 tendo passado pela reda\u00e7\u00e3o do Estad\u00e3o e produzido reportagens para a Folha de S\u00e3o Paulo.<\/em><\/p>\n<hr \/>\n<h4><b data-stringify-type=\"bold\">Apoie nossos esfor\u00e7os para fornecer apoio estrat\u00e9gico \u00e0s favelas do Rio, incluindo o jornalismo hiperlocal, cr\u00edtico, inovador e incans\u00e1vel do\u00a0<\/b><b data-stringify-type=\"bold\"><i data-stringify-type=\"italic\">RioOnWatch<\/i><\/b>\u2014<a class=\"c-link\" href=\"http:\/\/www.bit.ly\/ApoieROW\" target=\"_blank\" rel=\"noopener noreferrer\" data-stringify-link=\"http:\/\/www.bit.ly\/ApoieROW\" data-sk=\"tooltip_parent\">doe aqui<\/a>.<\/h4>\n<!-- AddThis Advanced Settings generic via filter on the_content --><!-- AddThis Share Buttons generic via filter on the_content -->","protected":false},"excerpt":{"rendered":"<div class=\"mh-excerpt\"><p>Click Here for English Um Cl\u00e1ssico da Literatura Brasileira Carolina Maria de Jesus tem muito a dizer sobre o Brasil. Com uma escrita carregada de sentimentos e indigna\u00e7\u00f5es, ela reflete sobre uma realidade dura vivida <a class=\"mh-excerpt-more\" href=\"https:\/\/rioonwatch.org.br\/?p=71883\" title=\"Neste M\u00eas da Mulher, o Que a Trajet\u00f3ria de Carolina Maria de Jesus Tem a Dizer sobre o Brasil de Hoje?\">[&#8230;]<\/a><!-- AddThis Advanced Settings generic via filter on get_the_excerpt --><!-- AddThis Share Buttons generic via filter on get_the_excerpt --><\/p>\n<\/div>","protected":false},"author":167,"featured_media":71948,"comment_status":"closed","ping_status":"closed","sticky":false,"template":"template-full.php","format":"standard","meta":{"_acf_changed":false,"_monsterinsights_skip_tracking":false,"_monsterinsights_sitenote_active":false,"_monsterinsights_sitenote_note":"","_monsterinsights_sitenote_category":0,"footnotes":""},"categories":[1621,1629,1625,1616,3206],"tags":[893,3414,259,2114,513,421,1431,1790,2230,3315,511,1317,2033,3109,2175,1970,102,2451,1748,494,958,998,578,2193],"writer":[3415],"translator":[],"source":[],"ilustrador":[],"fotografo":[],"class_list":{"0":"post-71883","1":"post","2":"type-post","3":"status-publish","4":"format-standard","5":"has-post-thumbnail","7":"category-destaque","8":"category-entrevistas-e-perfis","9":"category-por-correspondentes-comunitarios","10":"category-qualidades-da-favela","11":"category-representatividade","12":"tag-bolsa-familia","13":"tag-carolina-maria-de-jesus","14":"tag-centro","15":"tag-creche","16":"tag-cultura-afro-brasileira","17":"tag-cultura-da-favela","18":"tag-dia-internacional-da-mulher","19":"tag-feminismo","20":"tag-fome","21":"tag-inseguranca-habitacional","22":"tag-literatura","23":"tag-livro","24":"tag-marielle-franco","25":"tag-minas-gerais","26":"tag-museu-de-arte-do-rio","27":"tag-negritude","28":"tag-poesia","29":"tag-politicas-publicas","30":"tag-praca-maua","31":"tag-regiao-do-porto","32":"tag-resenha-de-livro","33":"tag-sao-paulo","34":"tag-trabalho-e-renda","35":"tag-ufrj","36":"writer-igor-soares"},"acf":[],"yoast_head":"<!-- This site is optimized with the Yoast SEO plugin v25.6 - https:\/\/yoast.com\/wordpress\/plugins\/seo\/ -->\n<title>Neste M\u00eas da Mulher, o Que a Trajet\u00f3ria de Carolina Maria de Jesus Tem a Dizer sobre o Brasil de Hoje? - RioOnWatch<\/title>\n<meta name=\"robots\" content=\"index, follow, max-snippet:-1, max-image-preview:large, max-video-preview:-1\" \/>\n<link rel=\"canonical\" href=\"https:\/\/rioonwatch.org.br\/?p=71883\" \/>\n<meta property=\"og:locale\" content=\"pt_BR\" \/>\n<meta property=\"og:type\" content=\"article\" \/>\n<meta property=\"og:title\" content=\"Neste M\u00eas da Mulher, o Que a Trajet\u00f3ria de Carolina Maria de Jesus Tem a Dizer sobre o Brasil de Hoje? - RioOnWatch\" \/>\n<meta property=\"og:description\" content=\"Click Here for English Um Cl\u00e1ssico da Literatura Brasileira Carolina Maria de Jesus tem muito a dizer sobre o Brasil. Com uma escrita carregada de sentimentos e indigna\u00e7\u00f5es, ela reflete sobre uma realidade dura vivida [...]\" \/>\n<meta property=\"og:url\" content=\"https:\/\/rioonwatch.org.br\/?p=71883\" \/>\n<meta property=\"og:site_name\" content=\"RioOnWatch\" \/>\n<meta property=\"article:published_time\" content=\"2024-03-04T09:17:03+00:00\" \/>\n<meta property=\"article:modified_time\" content=\"2024-03-13T18:22:43+00:00\" \/>\n<meta property=\"og:image\" content=\"https:\/\/rioonwatch.org.br\/wp-content\/uploads\/2023\/12\/Carolina-Maria-de-Jesus-em-27-de-maio-de-1952.-Foto-Norberto-Esteves-Jornal-Ultima-Hora-Sao-Paulo.-Colecao-Arquivo-Publico-do-Estado-de-Sao-Paulo.jpg\" \/>\n\t<meta property=\"og:image:width\" content=\"1920\" \/>\n\t<meta property=\"og:image:height\" content=\"1080\" \/>\n\t<meta property=\"og:image:type\" content=\"image\/jpeg\" \/>\n<meta name=\"author\" content=\"Julio Santos Filho\" \/>\n<meta name=\"twitter:card\" content=\"summary_large_image\" \/>\n<meta name=\"twitter:label1\" content=\"Escrito por\" \/>\n\t<meta name=\"twitter:data1\" content=\"Julio Santos Filho\" \/>\n\t<meta name=\"twitter:label2\" content=\"Est. tempo de leitura\" \/>\n\t<meta name=\"twitter:data2\" content=\"10 minutos\" \/>\n<script type=\"application\/ld+json\" class=\"yoast-schema-graph\">{\"@context\":\"https:\/\/schema.org\",\"@graph\":[{\"@type\":\"Article\",\"@id\":\"https:\/\/rioonwatch.org.br\/?p=71883#article\",\"isPartOf\":{\"@id\":\"https:\/\/rioonwatch.org.br\/?p=71883\"},\"author\":{\"name\":\"Julio Santos Filho\",\"@id\":\"https:\/\/rioonwatch.org.br\/#\/schema\/person\/476bc75767957d3535b65b796667cd36\"},\"headline\":\"Neste M\u00eas da Mulher, o Que a Trajet\u00f3ria de Carolina Maria de Jesus Tem a Dizer sobre o Brasil de Hoje?\",\"datePublished\":\"2024-03-04T09:17:03+00:00\",\"dateModified\":\"2024-03-13T18:22:43+00:00\",\"mainEntityOfPage\":{\"@id\":\"https:\/\/rioonwatch.org.br\/?p=71883\"},\"wordCount\":1782,\"publisher\":{\"@id\":\"https:\/\/rioonwatch.org.br\/#organization\"},\"image\":{\"@id\":\"https:\/\/rioonwatch.org.br\/?p=71883#primaryimage\"},\"thumbnailUrl\":\"https:\/\/rioonwatch.org.br\/wp-content\/uploads\/2023\/12\/Carolina-Maria-de-Jesus-em-27-de-maio-de-1952.-Foto-Norberto-Esteves-Jornal-Ultima-Hora-Sao-Paulo.-Colecao-Arquivo-Publico-do-Estado-de-Sao-Paulo.jpg\",\"keywords\":[\"Bolsa Fam\u00edlia\",\"Carolina Maria de Jesus\",\"Centro\",\"creche\",\"Cultura Afro-brasileira\",\"cultura da favela\",\"Dia Internacional da Mulher\",\"feminismo\",\"Inseguran\u00e7a alimentar\",\"inseguran\u00e7a habitacional\",\"literatura\",\"livro\",\"Marielle Franco\",\"Minas Gerais\",\"Museu de Arte do Rio\",\"negritude\",\"poesia\",\"pol\u00edticas p\u00fablicas\",\"Pra\u00e7a Mau\u00e1\",\"Regi\u00e3o do Porto\",\"resenha de livro\",\"S\u00e3o Paulo\",\"Trabalho e renda\",\"UFRJ\"],\"articleSection\":[\"*Destaque\",\"Entrevistas e Perfis\",\"Escrito por Comunicadores Populares\",\"Qualidades da Favela\",\"Representatividade\"],\"inLanguage\":\"pt-BR\"},{\"@type\":\"WebPage\",\"@id\":\"https:\/\/rioonwatch.org.br\/?p=71883\",\"url\":\"https:\/\/rioonwatch.org.br\/?p=71883\",\"name\":\"Neste M\u00eas da Mulher, o Que a Trajet\u00f3ria de Carolina Maria de Jesus Tem a Dizer sobre o Brasil de Hoje? - RioOnWatch\",\"isPartOf\":{\"@id\":\"https:\/\/rioonwatch.org.br\/#website\"},\"primaryImageOfPage\":{\"@id\":\"https:\/\/rioonwatch.org.br\/?p=71883#primaryimage\"},\"image\":{\"@id\":\"https:\/\/rioonwatch.org.br\/?p=71883#primaryimage\"},\"thumbnailUrl\":\"https:\/\/rioonwatch.org.br\/wp-content\/uploads\/2023\/12\/Carolina-Maria-de-Jesus-em-27-de-maio-de-1952.-Foto-Norberto-Esteves-Jornal-Ultima-Hora-Sao-Paulo.-Colecao-Arquivo-Publico-do-Estado-de-Sao-Paulo.jpg\",\"datePublished\":\"2024-03-04T09:17:03+00:00\",\"dateModified\":\"2024-03-13T18:22:43+00:00\",\"breadcrumb\":{\"@id\":\"https:\/\/rioonwatch.org.br\/?p=71883#breadcrumb\"},\"inLanguage\":\"pt-BR\",\"potentialAction\":[{\"@type\":\"ReadAction\",\"target\":[\"https:\/\/rioonwatch.org.br\/?p=71883\"]}]},{\"@type\":\"ImageObject\",\"inLanguage\":\"pt-BR\",\"@id\":\"https:\/\/rioonwatch.org.br\/?p=71883#primaryimage\",\"url\":\"https:\/\/rioonwatch.org.br\/wp-content\/uploads\/2023\/12\/Carolina-Maria-de-Jesus-em-27-de-maio-de-1952.-Foto-Norberto-Esteves-Jornal-Ultima-Hora-Sao-Paulo.-Colecao-Arquivo-Publico-do-Estado-de-Sao-Paulo.jpg\",\"contentUrl\":\"https:\/\/rioonwatch.org.br\/wp-content\/uploads\/2023\/12\/Carolina-Maria-de-Jesus-em-27-de-maio-de-1952.-Foto-Norberto-Esteves-Jornal-Ultima-Hora-Sao-Paulo.-Colecao-Arquivo-Publico-do-Estado-de-Sao-Paulo.jpg\",\"width\":1920,\"height\":1080,\"caption\":\"Carolina Maria de Jesus em 27 de maio de 1952. Foto: Norberto Esteves\/ Jornal \u00daltima Hora, S\u00e3o Paulo. Cole\u00e7\u00e3o Arquivo P\u00fablico do Estado de S\u00e3o Paulo.\"},{\"@type\":\"BreadcrumbList\",\"@id\":\"https:\/\/rioonwatch.org.br\/?p=71883#breadcrumb\",\"itemListElement\":[{\"@type\":\"ListItem\",\"position\":1,\"name\":\"In\u00edcio\",\"item\":\"https:\/\/rioonwatch.org.br\/\"},{\"@type\":\"ListItem\",\"position\":2,\"name\":\"Neste M\u00eas da Mulher, o Que a Trajet\u00f3ria de Carolina Maria de Jesus Tem a Dizer sobre o Brasil de Hoje?\"}]},{\"@type\":\"WebSite\",\"@id\":\"https:\/\/rioonwatch.org.br\/#website\",\"url\":\"https:\/\/rioonwatch.org.br\/\",\"name\":\"RioOnWatch\",\"description\":\"relatos das favelas cariocas\",\"publisher\":{\"@id\":\"https:\/\/rioonwatch.org.br\/#organization\"},\"potentialAction\":[{\"@type\":\"SearchAction\",\"target\":{\"@type\":\"EntryPoint\",\"urlTemplate\":\"https:\/\/rioonwatch.org.br\/?s={search_term_string}\"},\"query-input\":{\"@type\":\"PropertyValueSpecification\",\"valueRequired\":true,\"valueName\":\"search_term_string\"}}],\"inLanguage\":\"pt-BR\"},{\"@type\":\"Organization\",\"@id\":\"https:\/\/rioonwatch.org.br\/#organization\",\"name\":\"RioOnWatch\",\"url\":\"https:\/\/rioonwatch.org.br\/\",\"logo\":{\"@type\":\"ImageObject\",\"inLanguage\":\"pt-BR\",\"@id\":\"https:\/\/rioonwatch.org.br\/#\/schema\/logo\/image\/\",\"url\":\"https:\/\/rioonwatch.org.br\/wp-content\/uploads\/2021\/06\/RioOnWatchcabecalhoPT11anos-2.png\",\"contentUrl\":\"https:\/\/rioonwatch.org.br\/wp-content\/uploads\/2021\/06\/RioOnWatchcabecalhoPT11anos-2.png\",\"width\":779,\"height\":277,\"caption\":\"RioOnWatch\"},\"image\":{\"@id\":\"https:\/\/rioonwatch.org.br\/#\/schema\/logo\/image\/\"}},{\"@type\":\"Person\",\"@id\":\"https:\/\/rioonwatch.org.br\/#\/schema\/person\/476bc75767957d3535b65b796667cd36\",\"name\":\"Julio Santos Filho\",\"image\":{\"@type\":\"ImageObject\",\"inLanguage\":\"pt-BR\",\"@id\":\"https:\/\/rioonwatch.org.br\/#\/schema\/person\/image\/\",\"url\":\"https:\/\/secure.gravatar.com\/avatar\/ca138f7666182a292a8ce4ca14fb81f8?s=96&d=blank&r=g\",\"contentUrl\":\"https:\/\/secure.gravatar.com\/avatar\/ca138f7666182a292a8ce4ca14fb81f8?s=96&d=blank&r=g\",\"caption\":\"Julio Santos Filho\"},\"url\":\"https:\/\/rioonwatch.org.br\/?author=167\"}]}<\/script>\n<!-- \/ Yoast SEO plugin. -->","yoast_head_json":{"title":"Neste M\u00eas da Mulher, o Que a Trajet\u00f3ria de Carolina Maria de Jesus Tem a Dizer sobre o Brasil de Hoje? - RioOnWatch","robots":{"index":"index","follow":"follow","max-snippet":"max-snippet:-1","max-image-preview":"max-image-preview:large","max-video-preview":"max-video-preview:-1"},"canonical":"https:\/\/rioonwatch.org.br\/?p=71883","og_locale":"pt_BR","og_type":"article","og_title":"Neste M\u00eas da Mulher, o Que a Trajet\u00f3ria de Carolina Maria de Jesus Tem a Dizer sobre o Brasil de Hoje? - RioOnWatch","og_description":"Click Here for English Um Cl\u00e1ssico da Literatura Brasileira Carolina Maria de Jesus tem muito a dizer sobre o Brasil. Com uma escrita carregada de sentimentos e indigna\u00e7\u00f5es, ela reflete sobre uma realidade dura vivida [...]","og_url":"https:\/\/rioonwatch.org.br\/?p=71883","og_site_name":"RioOnWatch","article_published_time":"2024-03-04T09:17:03+00:00","article_modified_time":"2024-03-13T18:22:43+00:00","og_image":[{"width":1920,"height":1080,"url":"https:\/\/rioonwatch.org.br\/wp-content\/uploads\/2023\/12\/Carolina-Maria-de-Jesus-em-27-de-maio-de-1952.-Foto-Norberto-Esteves-Jornal-Ultima-Hora-Sao-Paulo.-Colecao-Arquivo-Publico-do-Estado-de-Sao-Paulo.jpg","type":"image\/jpeg"}],"author":"Julio Santos Filho","twitter_card":"summary_large_image","twitter_misc":{"Escrito por":"Julio Santos Filho","Est. tempo de leitura":"10 minutos"},"schema":{"@context":"https:\/\/schema.org","@graph":[{"@type":"Article","@id":"https:\/\/rioonwatch.org.br\/?p=71883#article","isPartOf":{"@id":"https:\/\/rioonwatch.org.br\/?p=71883"},"author":{"name":"Julio Santos Filho","@id":"https:\/\/rioonwatch.org.br\/#\/schema\/person\/476bc75767957d3535b65b796667cd36"},"headline":"Neste M\u00eas da Mulher, o Que a Trajet\u00f3ria de Carolina Maria de Jesus Tem a Dizer sobre o Brasil de Hoje?","datePublished":"2024-03-04T09:17:03+00:00","dateModified":"2024-03-13T18:22:43+00:00","mainEntityOfPage":{"@id":"https:\/\/rioonwatch.org.br\/?p=71883"},"wordCount":1782,"publisher":{"@id":"https:\/\/rioonwatch.org.br\/#organization"},"image":{"@id":"https:\/\/rioonwatch.org.br\/?p=71883#primaryimage"},"thumbnailUrl":"https:\/\/rioonwatch.org.br\/wp-content\/uploads\/2023\/12\/Carolina-Maria-de-Jesus-em-27-de-maio-de-1952.-Foto-Norberto-Esteves-Jornal-Ultima-Hora-Sao-Paulo.-Colecao-Arquivo-Publico-do-Estado-de-Sao-Paulo.jpg","keywords":["Bolsa Fam\u00edlia","Carolina Maria de Jesus","Centro","creche","Cultura Afro-brasileira","cultura da favela","Dia Internacional da Mulher","feminismo","Inseguran\u00e7a alimentar","inseguran\u00e7a habitacional","literatura","livro","Marielle Franco","Minas Gerais","Museu de Arte do Rio","negritude","poesia","pol\u00edticas p\u00fablicas","Pra\u00e7a Mau\u00e1","Regi\u00e3o do Porto","resenha de livro","S\u00e3o Paulo","Trabalho e renda","UFRJ"],"articleSection":["*Destaque","Entrevistas e Perfis","Escrito por Comunicadores Populares","Qualidades da Favela","Representatividade"],"inLanguage":"pt-BR"},{"@type":"WebPage","@id":"https:\/\/rioonwatch.org.br\/?p=71883","url":"https:\/\/rioonwatch.org.br\/?p=71883","name":"Neste M\u00eas da Mulher, o Que a Trajet\u00f3ria de Carolina Maria de Jesus Tem a Dizer sobre o Brasil de Hoje? - RioOnWatch","isPartOf":{"@id":"https:\/\/rioonwatch.org.br\/#website"},"primaryImageOfPage":{"@id":"https:\/\/rioonwatch.org.br\/?p=71883#primaryimage"},"image":{"@id":"https:\/\/rioonwatch.org.br\/?p=71883#primaryimage"},"thumbnailUrl":"https:\/\/rioonwatch.org.br\/wp-content\/uploads\/2023\/12\/Carolina-Maria-de-Jesus-em-27-de-maio-de-1952.-Foto-Norberto-Esteves-Jornal-Ultima-Hora-Sao-Paulo.-Colecao-Arquivo-Publico-do-Estado-de-Sao-Paulo.jpg","datePublished":"2024-03-04T09:17:03+00:00","dateModified":"2024-03-13T18:22:43+00:00","breadcrumb":{"@id":"https:\/\/rioonwatch.org.br\/?p=71883#breadcrumb"},"inLanguage":"pt-BR","potentialAction":[{"@type":"ReadAction","target":["https:\/\/rioonwatch.org.br\/?p=71883"]}]},{"@type":"ImageObject","inLanguage":"pt-BR","@id":"https:\/\/rioonwatch.org.br\/?p=71883#primaryimage","url":"https:\/\/rioonwatch.org.br\/wp-content\/uploads\/2023\/12\/Carolina-Maria-de-Jesus-em-27-de-maio-de-1952.-Foto-Norberto-Esteves-Jornal-Ultima-Hora-Sao-Paulo.-Colecao-Arquivo-Publico-do-Estado-de-Sao-Paulo.jpg","contentUrl":"https:\/\/rioonwatch.org.br\/wp-content\/uploads\/2023\/12\/Carolina-Maria-de-Jesus-em-27-de-maio-de-1952.-Foto-Norberto-Esteves-Jornal-Ultima-Hora-Sao-Paulo.-Colecao-Arquivo-Publico-do-Estado-de-Sao-Paulo.jpg","width":1920,"height":1080,"caption":"Carolina Maria de Jesus em 27 de maio de 1952. Foto: Norberto Esteves\/ Jornal \u00daltima Hora, S\u00e3o Paulo. Cole\u00e7\u00e3o Arquivo P\u00fablico do Estado de S\u00e3o Paulo."},{"@type":"BreadcrumbList","@id":"https:\/\/rioonwatch.org.br\/?p=71883#breadcrumb","itemListElement":[{"@type":"ListItem","position":1,"name":"In\u00edcio","item":"https:\/\/rioonwatch.org.br\/"},{"@type":"ListItem","position":2,"name":"Neste M\u00eas da Mulher, o Que a Trajet\u00f3ria de Carolina Maria de Jesus Tem a Dizer sobre o Brasil de Hoje?"}]},{"@type":"WebSite","@id":"https:\/\/rioonwatch.org.br\/#website","url":"https:\/\/rioonwatch.org.br\/","name":"RioOnWatch","description":"relatos das favelas cariocas","publisher":{"@id":"https:\/\/rioonwatch.org.br\/#organization"},"potentialAction":[{"@type":"SearchAction","target":{"@type":"EntryPoint","urlTemplate":"https:\/\/rioonwatch.org.br\/?s={search_term_string}"},"query-input":{"@type":"PropertyValueSpecification","valueRequired":true,"valueName":"search_term_string"}}],"inLanguage":"pt-BR"},{"@type":"Organization","@id":"https:\/\/rioonwatch.org.br\/#organization","name":"RioOnWatch","url":"https:\/\/rioonwatch.org.br\/","logo":{"@type":"ImageObject","inLanguage":"pt-BR","@id":"https:\/\/rioonwatch.org.br\/#\/schema\/logo\/image\/","url":"https:\/\/rioonwatch.org.br\/wp-content\/uploads\/2021\/06\/RioOnWatchcabecalhoPT11anos-2.png","contentUrl":"https:\/\/rioonwatch.org.br\/wp-content\/uploads\/2021\/06\/RioOnWatchcabecalhoPT11anos-2.png","width":779,"height":277,"caption":"RioOnWatch"},"image":{"@id":"https:\/\/rioonwatch.org.br\/#\/schema\/logo\/image\/"}},{"@type":"Person","@id":"https:\/\/rioonwatch.org.br\/#\/schema\/person\/476bc75767957d3535b65b796667cd36","name":"Julio Santos Filho","image":{"@type":"ImageObject","inLanguage":"pt-BR","@id":"https:\/\/rioonwatch.org.br\/#\/schema\/person\/image\/","url":"https:\/\/secure.gravatar.com\/avatar\/ca138f7666182a292a8ce4ca14fb81f8?s=96&d=blank&r=g","contentUrl":"https:\/\/secure.gravatar.com\/avatar\/ca138f7666182a292a8ce4ca14fb81f8?s=96&d=blank&r=g","caption":"Julio Santos Filho"},"url":"https:\/\/rioonwatch.org.br\/?author=167"}]}},"_links":{"self":[{"href":"https:\/\/rioonwatch.org.br\/index.php?rest_route=\/wp\/v2\/posts\/71883"}],"collection":[{"href":"https:\/\/rioonwatch.org.br\/index.php?rest_route=\/wp\/v2\/posts"}],"about":[{"href":"https:\/\/rioonwatch.org.br\/index.php?rest_route=\/wp\/v2\/types\/post"}],"author":[{"embeddable":true,"href":"https:\/\/rioonwatch.org.br\/index.php?rest_route=\/wp\/v2\/users\/167"}],"replies":[{"embeddable":true,"href":"https:\/\/rioonwatch.org.br\/index.php?rest_route=%2Fwp%2Fv2%2Fcomments&post=71883"}],"version-history":[{"count":35,"href":"https:\/\/rioonwatch.org.br\/index.php?rest_route=\/wp\/v2\/posts\/71883\/revisions"}],"predecessor-version":[{"id":72738,"href":"https:\/\/rioonwatch.org.br\/index.php?rest_route=\/wp\/v2\/posts\/71883\/revisions\/72738"}],"wp:featuredmedia":[{"embeddable":true,"href":"https:\/\/rioonwatch.org.br\/index.php?rest_route=\/wp\/v2\/media\/71948"}],"wp:attachment":[{"href":"https:\/\/rioonwatch.org.br\/index.php?rest_route=%2Fwp%2Fv2%2Fmedia&parent=71883"}],"wp:term":[{"taxonomy":"category","embeddable":true,"href":"https:\/\/rioonwatch.org.br\/index.php?rest_route=%2Fwp%2Fv2%2Fcategories&post=71883"},{"taxonomy":"post_tag","embeddable":true,"href":"https:\/\/rioonwatch.org.br\/index.php?rest_route=%2Fwp%2Fv2%2Ftags&post=71883"},{"taxonomy":"writer","embeddable":true,"href":"https:\/\/rioonwatch.org.br\/index.php?rest_route=%2Fwp%2Fv2%2Fwriter&post=71883"},{"taxonomy":"translator","embeddable":true,"href":"https:\/\/rioonwatch.org.br\/index.php?rest_route=%2Fwp%2Fv2%2Ftranslator&post=71883"},{"taxonomy":"source","embeddable":true,"href":"https:\/\/rioonwatch.org.br\/index.php?rest_route=%2Fwp%2Fv2%2Fsource&post=71883"},{"taxonomy":"ilustrador","embeddable":true,"href":"https:\/\/rioonwatch.org.br\/index.php?rest_route=%2Fwp%2Fv2%2Filustrador&post=71883"},{"taxonomy":"fotografo","embeddable":true,"href":"https:\/\/rioonwatch.org.br\/index.php?rest_route=%2Fwp%2Fv2%2Ffotografo&post=71883"}],"curies":[{"name":"wp","href":"https:\/\/api.w.org\/{rel}","templated":true}]}}