{"id":72390,"date":"2024-02-10T09:27:07","date_gmt":"2024-02-10T12:27:07","guid":{"rendered":"https:\/\/rioonwatch.org.br\/?p=72390"},"modified":"2024-02-19T14:05:29","modified_gmt":"2024-02-19T17:05:29","slug":"arte-resistencia-e-luta-ancestral-no-carnaval-parte-2-escolas-de-samba-das-series-prata-e-bronze-agremiacoes-de-favela-resistem-e-ocupam-a-intendente-magalhaes","status":"publish","type":"post","link":"https:\/\/rioonwatch.org.br\/?p=72390","title":{"rendered":"Arte, Resist\u00eancia e Luta Ancestral no Carnaval, Parte 2: Escolas de Samba das S\u00e9ries Prata e Bronze, Agremia\u00e7\u00f5es de Favela, Resistem e Ocupam a Intendente Magalh\u00e3es"},"content":{"rendered":"<figure id=\"attachment_72403\" aria-describedby=\"caption-attachment-72403\" style=\"width: 1200px\" class=\"wp-caption aligncenter\"><a href=\"https:\/\/rioonwatch.org.br\/wp-content\/uploads\/2024\/02\/Desfile-na-Intendente-Magalhaes-no-Carnaval-2020.-Foto-Gabriel-Monteiro-Riotur.jpg\"><img fetchpriority=\"high\" decoding=\"async\" class=\"wp-image-72403 size-full\" title=\"Desfile na Intendente Magalh\u00e3es no Carnaval 2020. Foto: Gabriel Monteiro \/ Riotur\" src=\"https:\/\/rioonwatch.org.br\/wp-content\/uploads\/2024\/02\/Desfile-na-Intendente-Magalhaes-no-Carnaval-2020.-Foto-Gabriel-Monteiro-Riotur.jpg\" alt=\"Desfile na Intendente Magalh\u00e3es no Carnaval 2020. Foto: Gabriel Monteiro \/ Riotur\" width=\"1200\" height=\"800\" srcset=\"https:\/\/rioonwatch.org.br\/wp-content\/uploads\/2024\/02\/Desfile-na-Intendente-Magalhaes-no-Carnaval-2020.-Foto-Gabriel-Monteiro-Riotur.jpg 1200w, https:\/\/rioonwatch.org.br\/wp-content\/uploads\/2024\/02\/Desfile-na-Intendente-Magalhaes-no-Carnaval-2020.-Foto-Gabriel-Monteiro-Riotur-620x413.jpg 620w\" sizes=\"(max-width: 1200px) 100vw, 1200px\" \/><\/a><figcaption id=\"caption-attachment-72403\" class=\"wp-caption-text\">Desfile na Intendente Magalh\u00e3es no Carnaval 2020. Foto: Gabriel Monteiro \/ Riotur<\/figcaption><\/figure>\n<h4 style=\"text-align: right;\"><em><strong><a href=\"https:\/\/bit.ly\/42Dz9i6\" target=\"_blank\" rel=\"noopener\">Click Here for English<img decoding=\"async\" class=\"alignright wp-image-15790\" src=\"https:\/\/rioonwatch.org.br\/wp-content\/uploads\/2012\/08\/EN-standard-e1439583104716.jpg\" alt=\"\" width=\"20\" height=\"20\" \/><\/a><\/strong><\/em><\/h4>\n<h4>Esta \u00e9 a segunda mat\u00e9ria de uma <a href=\"https:\/\/bit.ly\/Carnaval2024noROW\" target=\"_blank\" rel=\"noopener\">s\u00e9rie de tr\u00eas sobre tradi\u00e7\u00f5es carnavalescas de favelas e periferias<\/a>, que trata, respectivamente sobre: <a href=\"https:\/\/bit.ly\/42xY2vD\" target=\"_blank\" rel=\"noopener\">Bate-Bolas<\/a>, forte tradi\u00e7\u00e3o nas zonas <a href=\"https:\/\/bit.ly\/3qsTKRW\" target=\"_blank\" rel=\"noopener\">Norte<\/a>, <a href=\"https:\/\/bit.ly\/2VcmBwc\" target=\"_blank\" rel=\"noopener\">Oeste<\/a> e na <a href=\"https:\/\/bit.ly\/32JVvht\" target=\"_blank\" rel=\"noopener\">Baixada Fluminense<\/a>; <a href=\"https:\/\/bit.ly\/499khus\" target=\"_blank\" rel=\"noopener\">Agremia\u00e7\u00f5es da S\u00e9rie Prata e Bronze<\/a>, em sua maioria, escolas de samba de favela; e Bloco Se Benze Que D\u00e1 (<a href=\"https:\/\/bit.ly\/3SNd5OW\" target=\"_blank\" rel=\"noopener\">SBQD<\/a>), do <a href=\"https:\/\/bit.ly\/3l0WQKR\" target=\"_blank\" rel=\"noopener\">Conjunto de Favelas da Mar\u00e9<\/a>. Elas representam estes Rios desiguais, que insistem em (re)existir em forma de arte e purpurina.<\/h4>\n<h4><span style=\"font-weight: 400;\">Longe dos holofotes do <a href=\"https:\/\/bit.ly\/2N5wWty\" target=\"_blank\" rel=\"noopener\">Samb\u00f3dromo<\/a>, o carnaval das favelas e periferias revela a for\u00e7a do trabalho comunit\u00e1rio como agente de constru\u00e7\u00e3o da folia. Neste cen\u00e1rio de contrastes, moradores de favelas e periferias da\u00a0<a href=\"https:\/\/bit.ly\/304NeGi\" target=\"_blank\" rel=\"noopener\">Regi\u00e3o Metropolitana<\/a> s\u00e3o os respons\u00e1veis por resguardar as tradi\u00e7\u00f5es e a cultura popular do carnaval. Seja por amor, paix\u00e3o ou ativismo, ningu\u00e9m abre m\u00e3o de colocar o carnaval na rua, mesmo com poucos recursos.<\/span><\/h4>\n<h3>S\u00e9ries Prata e Bronze 2024: Irrever\u00eancia e Cr\u00edtica Social de Volta a Intendente Magalh\u00e3es<\/h3>\n<p>Os desfiles das escolas de samba do Rio n\u00e3o ficam restritos ao Samb\u00f3dromo da Marqu\u00eas de Sapuca\u00ed. As agremia\u00e7\u00f5es das s\u00e9ries Prata e Bronze do carnaval, por exemplo, tradicionalmente desfilam na <a href=\"https:\/\/bit.ly\/3usLvwU\" target=\"_blank\" rel=\"noopener\">Estrada Intendente Magalh\u00e3es<\/a>, onde volta a desfilar <a href=\"https:\/\/bit.ly\/42PJEzf\" target=\"_blank\" rel=\"noopener\">em 2024<\/a>. Em 2023, devido \u00e0 viol\u00eancia, houve o deslocamento dos desfiles deste palco popular do samba carioca para a Avenida Ernani Cardoso, apelidada, ent\u00e3o, de <em>Nova <\/em><em>Intendente<\/em>.<\/p>\n<p>Em 2024, o carnaval da Intendente apresenta o &#8220;<a href=\"https:\/\/bit.ly\/47T0v52\" target=\"_blank\" rel=\"noopener\">Supercarnaval de Sustentabilidade<\/a>&#8220;, um projeto inovador que alia a alegria e folia \u00e0 responsabilidade ambiental. Ecopontos ser\u00e3o instalados ao longo da Estrada Intendente Magalh\u00e3es para garantir a gest\u00e3o adequada dos res\u00edduos e a diminui\u00e7\u00e3o das emiss\u00f5es de carbono. A meta ambiciosa \u00e9 reciclar mais de 260 toneladas de materiais, demonstrando o compromisso do carnaval com a preserva\u00e7\u00e3o do meio ambiente. Ao todo, 73 agremia\u00e7\u00f5es comp\u00f5em a <a href=\"https:\/\/bit.ly\/487CYxh\" target=\"_blank\" rel=\"noopener\">Superliga Carnavalesca<\/a>, distribu\u00eddas entre S\u00e9rie Prata (32), Bronze (22) e do Grupo de Avalia\u00e7\u00e3o (16)\u2014al\u00e9m das escolas associadas que n\u00e3o desfilam. Os desfiles de todas essas escolas acontecem entre os dias 11 e 17 de fevereiro.<\/p>\n<h3>G.R.E.S. Acad\u00eamicos do Engenho da Rainha: Morro do Engenho Toma a Intendente<\/h3>\n<p>Na S\u00e9rie Prata, ao menos, 20 agremia\u00e7\u00f5es s\u00e3o oriundas de favelas da Regi\u00e3o Metropolitana do Rio de Janeiro, mais de 60% das escolas do grupo. Entre elas est\u00e1 o Gr\u00eamio Recreativo Escola de Samba <a href=\"https:\/\/bit.ly\/49vre8Y\" target=\"_blank\" rel=\"noopener\">Acad\u00eamicos do Engenho da Rainha<\/a>, cuja quadra est\u00e1 localizada aos p\u00e9s do <a href=\"https:\/\/bit.ly\/3SR4oms\" target=\"_blank\" rel=\"noopener\">Morro do Engenho da Rainha<\/a>, com cerca de 5.000 moradores na Zona Norte.<\/p>\n<figure id=\"attachment_66930\" aria-describedby=\"caption-attachment-66930\" style=\"width: 1169px\" class=\"wp-caption aligncenter\"><a href=\"https:\/\/rioonwatch.org.br\/wp-content\/uploads\/2023\/03\/Foto_Divulgacao-desfile-3.jpg\"><img decoding=\"async\" class=\"wp-image-66930 size-full\" title=\"Desfile da Vermelho e Branco do Engenho da Rainha. Foto: Divulga\u00e7\u00e3o Redes Sociais\" src=\"https:\/\/rioonwatch.org.br\/wp-content\/uploads\/2023\/03\/Foto_Divulgacao-desfile-3.jpg\" alt=\"Desfile da Vermelho e Branco do Engenho da Rainha. Foto: Divulga\u00e7\u00e3o Redes Sociais\" width=\"1169\" height=\"778\" srcset=\"https:\/\/rioonwatch.org.br\/wp-content\/uploads\/2023\/03\/Foto_Divulgacao-desfile-3.jpg 1169w, https:\/\/rioonwatch.org.br\/wp-content\/uploads\/2023\/03\/Foto_Divulgacao-desfile-3-620x413.jpg 620w, https:\/\/rioonwatch.org.br\/wp-content\/uploads\/2023\/03\/Foto_Divulgacao-desfile-3-945x629.jpg 945w\" sizes=\"(max-width: 1169px) 100vw, 1169px\" \/><\/a><figcaption id=\"caption-attachment-66930\" class=\"wp-caption-text\">Desfile da Vermelho e Branco do Engenho da Rainha. Foto: Divulga\u00e7\u00e3o Redes Sociais<\/figcaption><\/figure>\n<p>Neste ano, a vermelho e branco do Engenho da Rainha levar\u00e1 para a Intendente a <a class=\"mw-redirect\" title=\"Mitologia tupi-guarani\" href=\"https:\/\/bit.ly\/3w9xdlo\" target=\"_blank\" rel=\"noopener\">mitologia tupi<\/a>:\u00a0<a href=\"https:\/\/bit.ly\/3SSjcRP\" target=\"_blank\" rel=\"noopener\"><em>Rud\u00e1, a cria\u00e7\u00e3o do mundo em um conto de amor<\/em><\/a>. A escola contar\u00e1 a lenda de <a href=\"https:\/\/bit.ly\/3Uy9bus\" target=\"_blank\" rel=\"noopener\">Guaraci<\/a> e <a href=\"https:\/\/bit.ly\/3uqsRpz\" target=\"_blank\" rel=\"noopener\">Jaci<\/a>, ou seja, a lenda do Sol e da Lua, que, \u201cpara ficarem juntos, tiveram que criar Rud\u00e1, o amor, pois o mesmo n\u00e3o conhecia luz ou escurid\u00e3o, assim unindo o Sol e a Lua durante a alvorada\u201d, explica o carnavalesco Alexandre Gon\u00e7alves.<\/p>\n<figure id=\"attachment_67024\" aria-describedby=\"caption-attachment-67024\" style=\"width: 300px\" class=\"wp-caption alignright\"><a href=\"https:\/\/rioonwatch.org.br\/wp-content\/uploads\/2023\/03\/WhatsApp-Image-2023-03-23-at-11.48.38.jpeg\"><img loading=\"lazy\" decoding=\"async\" class=\"wp-image-67024\" title=\"Carnavalescos Alexandre Gon\u00e7alves e Pauline Abreu na quadra da escola, em 2023. Foto: Tatiana Lima\" src=\"https:\/\/rioonwatch.org.br\/wp-content\/uploads\/2023\/03\/WhatsApp-Image-2023-03-23-at-11.48.38.jpeg\" alt=\"Carnavalescos Alexandre Gon\u00e7alves e Pauline Abreu na quadra da escola, em 2023. Foto: Tatiana Lima\" width=\"300\" height=\"400\" srcset=\"https:\/\/rioonwatch.org.br\/wp-content\/uploads\/2023\/03\/WhatsApp-Image-2023-03-23-at-11.48.38.jpeg 1200w, https:\/\/rioonwatch.org.br\/wp-content\/uploads\/2023\/03\/WhatsApp-Image-2023-03-23-at-11.48.38-465x620.jpeg 465w, https:\/\/rioonwatch.org.br\/wp-content\/uploads\/2023\/03\/WhatsApp-Image-2023-03-23-at-11.48.38-472x629.jpeg 472w\" sizes=\"(max-width: 300px) 100vw, 300px\" \/><\/a><figcaption id=\"caption-attachment-67024\" class=\"wp-caption-text\">Carnavalescos Alexandre Gon\u00e7alves e Pauline Abreu na quadra da escola, em 2023. Foto: Tatiana Lima<\/figcaption><\/figure>\n<p><span style=\"font-weight: 400;\">Em 2024, assim como em 2023, o enredo da agremia\u00e7\u00e3o de Engenho da Rainha foi desenvolvido em parceria. Em 2023, o carnavalesco Alexandre Gon\u00e7alves desenvolveu o carnaval com\u00a0<a href=\"https:\/\/bit.ly\/42yyQVV\" target=\"_blank\" rel=\"noopener\">Pauline Abreu<\/a>, a <a href=\"https:\/\/bit.ly\/3SSEQ8N\" target=\"_blank\" rel=\"noopener\">primeira carnavalesca negra<\/a> no carnaval carioca em d\u00e9cadas. Em 2024, a dobradinha \u00e9 com Felipe Midass.<\/span><\/p>\n<p>Apesar de ser uma festa negra, ainda existem poucas mulheres negras carnavalescas no Rio de Janeiro. Neste cen\u00e1rio, Pauline Abreu e <a href=\"https:\/\/bit.ly\/3HTpzOB\" target=\"_blank\" rel=\"noopener\">Winnie Nicolau<\/a>, carnavalesca da escola de samba mirim <a href=\"https:\/\/bit.ly\/3UPnCdZ\" target=\"_blank\" rel=\"noopener\">Pimpolhos da Grande Rio<\/a>, destacam-se como refer\u00eancias.<\/p>\n<blockquote><p>\u201cA gente \u00e9 sempre confundida, n\u00e9? Ainda mais nessa \u00e1rea do carnaval. Eu n\u00e3o sou passista! E n\u00e3o falo isso com nenhum sentido de desmerecimento. Ao contr\u00e1rio, fa\u00e7o as fantasias com todo amor e apre\u00e7o. Todo mundo tem fun\u00e7\u00e3o essencial no mundo do carnaval&#8230; Por\u00e9m, eu sou da linha de cria\u00e7\u00e3o e pesquisa. Eu quero poder trabalhar e ser reconhecida nesse lugar. \u00c9 cansativo esse olhar para a mulher negra no carnaval, sempre colocando ela como uma participante e n\u00e3o em um lugar de criatividade, de produ\u00e7\u00e3o e de constru\u00e7\u00e3o do carnaval.\u201d \u2014 Pauline Abreu<\/p><\/blockquote>\n<p>Igual a outras escolas de favela da s\u00e9rie Prata e Bronze, a vermelho e branco do Engenho da Rainha conta com poucos recursos, mas uma comunidade dedicada. S\u00e3o apenas onze pessoas para produzir todas as alegorias e fantasias, sendo quatro costureiras na quadra da escola e outros cinco trabalhadores no barrac\u00e3o, localizado no Centro.<\/p>\n<blockquote><p>\u201c\u00c9 muito amor \u00e0 escola. Entrei para ajudar a agremia\u00e7\u00e3o a ter mais seguran\u00e7a, porque era tudo muito inseguro\u2026 E j\u00e1 estou aqui h\u00e1 mais de 50 anos. Eu e uma rapaziada constru\u00edmos esse \u2018terreiro\u2019 aqui.\u201d \u2014 Lu\u00eds Fernando, o Tio Fuzaka<\/p><\/blockquote>\n<p>Morador do bairro do Engenho da Rainha, Lu\u00eds Fernando cresceu nos arredores da quadra da escola, que era dentro do Morro do Engenho. Na d\u00e9cada de 1970, a agremia\u00e7\u00e3o construiu, na base do mutir\u00e3o, a nova quadra, toda ornada de vermelho e branco, inclusive com direito a altar para S\u00e3o Jorge.<\/p>\n<p>Em 2024, a agremia\u00e7\u00e3o sonha com o primeiro lugar para subir para a S\u00e9rie Ouro e, enfim, poder desfilar na Sapuca\u00ed no Carnaval 2025. Em 2023, as grandes <a href=\"https:\/\/bit.ly\/42w7xLM\" target=\"_blank\" rel=\"noopener\">campe\u00e3s da S\u00e9rie Prata<\/a> foram as escolas <a href=\"https:\/\/bit.ly\/499hYYm\" target=\"_blank\" rel=\"noopener\">Sereno de Campo Grande<\/a>, <a href=\"https:\/\/bit.ly\/3SSIf7m\" target=\"_blank\" rel=\"noopener\">Uni\u00e3o de Maric\u00e1<\/a> e <a href=\"https:\/\/bit.ly\/3HRoAOR\" target=\"_blank\" rel=\"noopener\">Uni\u00e3o do Parque Acari<\/a>. As agremia\u00e7\u00f5es da S\u00e9rie Prata v\u00e3o se apresentar nos dias 13 e 16 de fevereiro, enquanto as da S\u00e9rie Bronze tomar\u00e3o a Intendente nos dias 12 e 17 de fevereiro.<\/p>\n<figure id=\"attachment_66931\" aria-describedby=\"caption-attachment-66931\" style=\"width: 1169px\" class=\"wp-caption aligncenter\"><a href=\"https:\/\/rioonwatch.org.br\/wp-content\/uploads\/2023\/03\/Foto_Divulgacao-desfile-2.jpg\"><img loading=\"lazy\" decoding=\"async\" class=\"wp-image-66931 size-full\" title=\"Comiss\u00e3o de Frente da Acad\u00eamicos do Engenho da Rainha. Foto: Divulga\u00e7\u00e3o\" src=\"https:\/\/rioonwatch.org.br\/wp-content\/uploads\/2023\/03\/Foto_Divulgacao-desfile-2.jpg\" alt=\"Comiss\u00e3o de Frente da Acad\u00eamicos do Engenho da Rainha. Foto: Divulga\u00e7\u00e3o\" width=\"1169\" height=\"781\" srcset=\"https:\/\/rioonwatch.org.br\/wp-content\/uploads\/2023\/03\/Foto_Divulgacao-desfile-2.jpg 1169w, https:\/\/rioonwatch.org.br\/wp-content\/uploads\/2023\/03\/Foto_Divulgacao-desfile-2-620x414.jpg 620w, https:\/\/rioonwatch.org.br\/wp-content\/uploads\/2023\/03\/Foto_Divulgacao-desfile-2-941x629.jpg 941w\" sizes=\"(max-width: 1169px) 100vw, 1169px\" \/><\/a><figcaption id=\"caption-attachment-66931\" class=\"wp-caption-text\">Comiss\u00e3o de Frente da Acad\u00eamicos do Engenho da Rainha. Foto: Divulga\u00e7\u00e3o<\/figcaption><\/figure>\n<h4>Esta \u00e9 a segunda mat\u00e9ria de uma <a href=\"https:\/\/bit.ly\/Carnaval2024noROW\" target=\"_blank\" rel=\"noopener\">s\u00e9rie de tr\u00eas sobre tradi\u00e7\u00f5es carnavalescas de favelas e periferias<\/a>.<\/h4>\n<p><i><span style=\"font-weight: 400;\">Sobre a autora: <a href=\"https:\/\/bit.ly\/3o2YA7Q\" target=\"_blank\" rel=\"noopener\">Tatiana Lima<\/a><\/span><\/i><i><span style=\"font-weight: 400;\"> \u00e9 jornalista, comunicadora popular e coordenadora de jornalismo do jornal <a href=\"https:\/\/bit.ly\/43Isn9N\" target=\"_blank\" rel=\"noopener\">Fala Ro\u00e7a<\/a>, Mestra em M\u00eddia e Cotidiano pela<\/span><\/i> <a href=\"http:\/\/bit.ly\/3h2kC6O\" target=\"_blank\" rel=\"noopener\"><i><span style=\"font-weight: 400;\">UFF<\/span><\/i><\/a><i><span style=\"font-weight: 400;\"> e doutoranda em Comunica\u00e7\u00e3o pela mesma institui\u00e7\u00e3o. Integrante do<\/span><\/i> <a href=\"https:\/\/bit.ly\/3mZf3bS\" target=\"_blank\" rel=\"noopener\"><i><span style=\"font-weight: 400;\">Grupo de Pesquisa Pesquisadores Em Movimento<\/span><\/i><\/a><i><span style=\"font-weight: 400;\"> do Complexo do Alem\u00e3o, ainda atua como professora de t\u00e9cnicas de reportagem no Curso de Comunica\u00e7\u00e3o Popular do N\u00facleo Piratininga de Comunica\u00e7\u00e3o (NPC). Feminista negra, cria da Favela do Quitungo e do Morro do Tuiuti, hoje \u00e9 moradora do asfalto perif\u00e9rico do sub\u00farbio do Rio.<\/span><\/i><\/p>\n<hr \/>\n<h4><b data-stringify-type=\"bold\">Apoie nossos esfor\u00e7os para fornecer apoio estrat\u00e9gico \u00e0s favelas do Rio, incluindo o jornalismo hiperlocal, cr\u00edtico, inovador e incans\u00e1vel do\u00a0<\/b><b data-stringify-type=\"bold\"><i data-stringify-type=\"italic\">RioOnWatch<\/i><\/b>\u2014<a class=\"c-link\" href=\"http:\/\/www.bit.ly\/ApoieROW\" target=\"_blank\" rel=\"noopener noreferrer\" data-stringify-link=\"http:\/\/www.bit.ly\/ApoieROW\" data-sk=\"tooltip_parent\">doe aqui<\/a>.<\/h4>\n<!-- AddThis Advanced Settings generic via filter on the_content --><!-- AddThis Share Buttons generic via filter on the_content -->","protected":false},"excerpt":{"rendered":"<div class=\"mh-excerpt\"><p>Click Here for English Esta \u00e9 a segunda mat\u00e9ria de uma s\u00e9rie de tr\u00eas sobre tradi\u00e7\u00f5es carnavalescas de favelas e periferias, que trata, respectivamente sobre: Bate-Bolas, forte tradi\u00e7\u00e3o nas zonas Norte, Oeste e na Baixada <a class=\"mh-excerpt-more\" href=\"https:\/\/rioonwatch.org.br\/?p=72390\" title=\"Arte, Resist\u00eancia e Luta Ancestral no Carnaval, Parte 2: Escolas de Samba das S\u00e9ries Prata e Bronze, Agremia\u00e7\u00f5es de Favela, Resistem e Ocupam a Intendente Magalh\u00e3es\">[&#8230;]<\/a><!-- AddThis Advanced Settings generic via filter on get_the_excerpt --><!-- AddThis Share Buttons generic via filter on get_the_excerpt --><\/p>\n<\/div>","protected":false},"author":167,"featured_media":72403,"comment_status":"closed","ping_status":"closed","sticky":false,"template":"template-full.php","format":"standard","meta":{"_acf_changed":false,"_monsterinsights_skip_tracking":false,"_monsterinsights_sitenote_active":false,"_monsterinsights_sitenote_note":"","_monsterinsights_sitenote_category":0,"footnotes":""},"categories":[1615,1625],"tags":[214,2553,513,421,422,363,1805,1554,1574,2812,1412,361,650,3411,218],"writer":[2800],"translator":[],"source":[],"ilustrador":[],"fotografo":[],"class_list":{"0":"post-72390","1":"post","2":"type-post","3":"status-publish","4":"format-standard","5":"has-post-thumbnail","7":"category-cultura-da-favela","8":"category-por-correspondentes-comunitarios","9":"tag-carnaval","10":"tag-coleta-de-lixo","11":"tag-cultura-afro-brasileira","12":"tag-cultura-da-favela","13":"tag-cultura-de-rua","14":"tag-educacao-ambiental","15":"tag-engenho-da-rainha","16":"tag-gestao-de-residuos","17":"tag-indigenas","18":"tag-morro-do-engenho","19":"tag-producao-cultural","20":"tag-reciclagem","21":"tag-samba","22":"tag-serie-carnaval-2024","23":"tag-zona-norte","24":"writer-tatiana-lima"},"acf":[],"yoast_head":"<!-- This site is optimized with the Yoast SEO plugin v25.6 - https:\/\/yoast.com\/wordpress\/plugins\/seo\/ -->\n<title>Arte, Resist\u00eancia e Luta Ancestral no Carnaval, Parte 2: Escolas de Samba das S\u00e9ries Prata e Bronze, Agremia\u00e7\u00f5es de Favela, Resistem e Ocupam a Intendente Magalh\u00e3es - RioOnWatch<\/title>\n<meta name=\"robots\" content=\"index, follow, max-snippet:-1, max-image-preview:large, max-video-preview:-1\" \/>\n<link rel=\"canonical\" href=\"https:\/\/rioonwatch.org.br\/?p=72390\" \/>\n<meta property=\"og:locale\" content=\"pt_BR\" \/>\n<meta property=\"og:type\" content=\"article\" \/>\n<meta property=\"og:title\" content=\"Arte, Resist\u00eancia e Luta Ancestral no Carnaval, Parte 2: Escolas de Samba das S\u00e9ries Prata e Bronze, Agremia\u00e7\u00f5es de Favela, Resistem e Ocupam a Intendente Magalh\u00e3es - RioOnWatch\" \/>\n<meta property=\"og:description\" content=\"Click Here for English Esta \u00e9 a segunda mat\u00e9ria de uma s\u00e9rie de tr\u00eas sobre tradi\u00e7\u00f5es carnavalescas de favelas e periferias, que trata, respectivamente sobre: Bate-Bolas, forte tradi\u00e7\u00e3o nas zonas Norte, Oeste e na Baixada [...]\" \/>\n<meta property=\"og:url\" content=\"https:\/\/rioonwatch.org.br\/?p=72390\" \/>\n<meta property=\"og:site_name\" content=\"RioOnWatch\" \/>\n<meta property=\"article:published_time\" content=\"2024-02-10T12:27:07+00:00\" \/>\n<meta property=\"article:modified_time\" content=\"2024-02-19T17:05:29+00:00\" \/>\n<meta property=\"og:image\" content=\"https:\/\/rioonwatch.org.br\/wp-content\/uploads\/2024\/02\/Desfile-na-Intendente-Magalhaes-no-Carnaval-2020.-Foto-Gabriel-Monteiro-Riotur.jpg\" \/>\n\t<meta property=\"og:image:width\" content=\"1200\" \/>\n\t<meta property=\"og:image:height\" content=\"800\" \/>\n\t<meta property=\"og:image:type\" content=\"image\/jpeg\" \/>\n<meta name=\"author\" content=\"Julio Santos Filho\" \/>\n<meta name=\"twitter:card\" content=\"summary_large_image\" \/>\n<meta name=\"twitter:label1\" content=\"Escrito por\" \/>\n\t<meta name=\"twitter:data1\" content=\"Julio Santos Filho\" \/>\n\t<meta name=\"twitter:label2\" content=\"Est. tempo de leitura\" \/>\n\t<meta name=\"twitter:data2\" content=\"7 minutos\" \/>\n<script type=\"application\/ld+json\" class=\"yoast-schema-graph\">{\"@context\":\"https:\/\/schema.org\",\"@graph\":[{\"@type\":\"Article\",\"@id\":\"https:\/\/rioonwatch.org.br\/?p=72390#article\",\"isPartOf\":{\"@id\":\"https:\/\/rioonwatch.org.br\/?p=72390\"},\"author\":{\"name\":\"Julio Santos Filho\",\"@id\":\"https:\/\/rioonwatch.org.br\/#\/schema\/person\/476bc75767957d3535b65b796667cd36\"},\"headline\":\"Arte, Resist\u00eancia e Luta Ancestral no Carnaval, Parte 2: Escolas de Samba das S\u00e9ries Prata e Bronze, Agremia\u00e7\u00f5es de Favela, Resistem e Ocupam a Intendente Magalh\u00e3es\",\"datePublished\":\"2024-02-10T12:27:07+00:00\",\"dateModified\":\"2024-02-19T17:05:29+00:00\",\"mainEntityOfPage\":{\"@id\":\"https:\/\/rioonwatch.org.br\/?p=72390\"},\"wordCount\":1200,\"publisher\":{\"@id\":\"https:\/\/rioonwatch.org.br\/#organization\"},\"image\":{\"@id\":\"https:\/\/rioonwatch.org.br\/?p=72390#primaryimage\"},\"thumbnailUrl\":\"https:\/\/rioonwatch.org.br\/wp-content\/uploads\/2024\/02\/Desfile-na-Intendente-Magalhaes-no-Carnaval-2020.-Foto-Gabriel-Monteiro-Riotur.jpg\",\"keywords\":[\"carnaval\",\"coleta de lixo\",\"Cultura Afro-brasileira\",\"cultura da favela\",\"cultura de rua\",\"educa\u00e7\u00e3o ambiental\",\"Engenho da Rainha\",\"gest\u00e3o de res\u00edduos\",\"ind\u00edgenas\",\"Morro do Engenho\",\"produ\u00e7\u00e3o cultural\",\"reciclagem\",\"samba\",\"S\u00e9rie: Carnaval 2024\",\"Zona Norte\"],\"articleSection\":[\"Cultura da Favela\",\"Escrito por Comunicadores Populares\"],\"inLanguage\":\"pt-BR\"},{\"@type\":\"WebPage\",\"@id\":\"https:\/\/rioonwatch.org.br\/?p=72390\",\"url\":\"https:\/\/rioonwatch.org.br\/?p=72390\",\"name\":\"Arte, Resist\u00eancia e Luta Ancestral no Carnaval, Parte 2: Escolas de Samba das S\u00e9ries Prata e Bronze, Agremia\u00e7\u00f5es de Favela, Resistem e Ocupam a Intendente Magalh\u00e3es - RioOnWatch\",\"isPartOf\":{\"@id\":\"https:\/\/rioonwatch.org.br\/#website\"},\"primaryImageOfPage\":{\"@id\":\"https:\/\/rioonwatch.org.br\/?p=72390#primaryimage\"},\"image\":{\"@id\":\"https:\/\/rioonwatch.org.br\/?p=72390#primaryimage\"},\"thumbnailUrl\":\"https:\/\/rioonwatch.org.br\/wp-content\/uploads\/2024\/02\/Desfile-na-Intendente-Magalhaes-no-Carnaval-2020.-Foto-Gabriel-Monteiro-Riotur.jpg\",\"datePublished\":\"2024-02-10T12:27:07+00:00\",\"dateModified\":\"2024-02-19T17:05:29+00:00\",\"breadcrumb\":{\"@id\":\"https:\/\/rioonwatch.org.br\/?p=72390#breadcrumb\"},\"inLanguage\":\"pt-BR\",\"potentialAction\":[{\"@type\":\"ReadAction\",\"target\":[\"https:\/\/rioonwatch.org.br\/?p=72390\"]}]},{\"@type\":\"ImageObject\",\"inLanguage\":\"pt-BR\",\"@id\":\"https:\/\/rioonwatch.org.br\/?p=72390#primaryimage\",\"url\":\"https:\/\/rioonwatch.org.br\/wp-content\/uploads\/2024\/02\/Desfile-na-Intendente-Magalhaes-no-Carnaval-2020.-Foto-Gabriel-Monteiro-Riotur.jpg\",\"contentUrl\":\"https:\/\/rioonwatch.org.br\/wp-content\/uploads\/2024\/02\/Desfile-na-Intendente-Magalhaes-no-Carnaval-2020.-Foto-Gabriel-Monteiro-Riotur.jpg\",\"width\":1200,\"height\":800,\"caption\":\"Desfile na Intendente Magalh\u00e3es no Carnaval 2020. Foto: Gabriel Monteiro \/ Riotur\"},{\"@type\":\"BreadcrumbList\",\"@id\":\"https:\/\/rioonwatch.org.br\/?p=72390#breadcrumb\",\"itemListElement\":[{\"@type\":\"ListItem\",\"position\":1,\"name\":\"In\u00edcio\",\"item\":\"https:\/\/rioonwatch.org.br\/\"},{\"@type\":\"ListItem\",\"position\":2,\"name\":\"Arte, Resist\u00eancia e Luta Ancestral no Carnaval, Parte 2: Escolas de Samba das S\u00e9ries Prata e Bronze, Agremia\u00e7\u00f5es de Favela, Resistem e Ocupam a Intendente Magalh\u00e3es\"}]},{\"@type\":\"WebSite\",\"@id\":\"https:\/\/rioonwatch.org.br\/#website\",\"url\":\"https:\/\/rioonwatch.org.br\/\",\"name\":\"RioOnWatch\",\"description\":\"relatos das favelas cariocas\",\"publisher\":{\"@id\":\"https:\/\/rioonwatch.org.br\/#organization\"},\"potentialAction\":[{\"@type\":\"SearchAction\",\"target\":{\"@type\":\"EntryPoint\",\"urlTemplate\":\"https:\/\/rioonwatch.org.br\/?s={search_term_string}\"},\"query-input\":{\"@type\":\"PropertyValueSpecification\",\"valueRequired\":true,\"valueName\":\"search_term_string\"}}],\"inLanguage\":\"pt-BR\"},{\"@type\":\"Organization\",\"@id\":\"https:\/\/rioonwatch.org.br\/#organization\",\"name\":\"RioOnWatch\",\"url\":\"https:\/\/rioonwatch.org.br\/\",\"logo\":{\"@type\":\"ImageObject\",\"inLanguage\":\"pt-BR\",\"@id\":\"https:\/\/rioonwatch.org.br\/#\/schema\/logo\/image\/\",\"url\":\"https:\/\/rioonwatch.org.br\/wp-content\/uploads\/2021\/06\/RioOnWatchcabecalhoPT11anos-2.png\",\"contentUrl\":\"https:\/\/rioonwatch.org.br\/wp-content\/uploads\/2021\/06\/RioOnWatchcabecalhoPT11anos-2.png\",\"width\":779,\"height\":277,\"caption\":\"RioOnWatch\"},\"image\":{\"@id\":\"https:\/\/rioonwatch.org.br\/#\/schema\/logo\/image\/\"}},{\"@type\":\"Person\",\"@id\":\"https:\/\/rioonwatch.org.br\/#\/schema\/person\/476bc75767957d3535b65b796667cd36\",\"name\":\"Julio Santos Filho\",\"image\":{\"@type\":\"ImageObject\",\"inLanguage\":\"pt-BR\",\"@id\":\"https:\/\/rioonwatch.org.br\/#\/schema\/person\/image\/\",\"url\":\"https:\/\/secure.gravatar.com\/avatar\/ca138f7666182a292a8ce4ca14fb81f8?s=96&d=blank&r=g\",\"contentUrl\":\"https:\/\/secure.gravatar.com\/avatar\/ca138f7666182a292a8ce4ca14fb81f8?s=96&d=blank&r=g\",\"caption\":\"Julio Santos Filho\"},\"url\":\"https:\/\/rioonwatch.org.br\/?author=167\"}]}<\/script>\n<!-- \/ Yoast SEO plugin. -->","yoast_head_json":{"title":"Arte, Resist\u00eancia e Luta Ancestral no Carnaval, Parte 2: Escolas de Samba das S\u00e9ries Prata e Bronze, Agremia\u00e7\u00f5es de Favela, Resistem e Ocupam a Intendente Magalh\u00e3es - RioOnWatch","robots":{"index":"index","follow":"follow","max-snippet":"max-snippet:-1","max-image-preview":"max-image-preview:large","max-video-preview":"max-video-preview:-1"},"canonical":"https:\/\/rioonwatch.org.br\/?p=72390","og_locale":"pt_BR","og_type":"article","og_title":"Arte, Resist\u00eancia e Luta Ancestral no Carnaval, Parte 2: Escolas de Samba das S\u00e9ries Prata e Bronze, Agremia\u00e7\u00f5es de Favela, Resistem e Ocupam a Intendente Magalh\u00e3es - RioOnWatch","og_description":"Click Here for English Esta \u00e9 a segunda mat\u00e9ria de uma s\u00e9rie de tr\u00eas sobre tradi\u00e7\u00f5es carnavalescas de favelas e periferias, que trata, respectivamente sobre: Bate-Bolas, forte tradi\u00e7\u00e3o nas zonas Norte, Oeste e na Baixada [...]","og_url":"https:\/\/rioonwatch.org.br\/?p=72390","og_site_name":"RioOnWatch","article_published_time":"2024-02-10T12:27:07+00:00","article_modified_time":"2024-02-19T17:05:29+00:00","og_image":[{"width":1200,"height":800,"url":"https:\/\/rioonwatch.org.br\/wp-content\/uploads\/2024\/02\/Desfile-na-Intendente-Magalhaes-no-Carnaval-2020.-Foto-Gabriel-Monteiro-Riotur.jpg","type":"image\/jpeg"}],"author":"Julio Santos Filho","twitter_card":"summary_large_image","twitter_misc":{"Escrito por":"Julio Santos Filho","Est. tempo de leitura":"7 minutos"},"schema":{"@context":"https:\/\/schema.org","@graph":[{"@type":"Article","@id":"https:\/\/rioonwatch.org.br\/?p=72390#article","isPartOf":{"@id":"https:\/\/rioonwatch.org.br\/?p=72390"},"author":{"name":"Julio Santos Filho","@id":"https:\/\/rioonwatch.org.br\/#\/schema\/person\/476bc75767957d3535b65b796667cd36"},"headline":"Arte, Resist\u00eancia e Luta Ancestral no Carnaval, Parte 2: Escolas de Samba das S\u00e9ries Prata e Bronze, Agremia\u00e7\u00f5es de Favela, Resistem e Ocupam a Intendente Magalh\u00e3es","datePublished":"2024-02-10T12:27:07+00:00","dateModified":"2024-02-19T17:05:29+00:00","mainEntityOfPage":{"@id":"https:\/\/rioonwatch.org.br\/?p=72390"},"wordCount":1200,"publisher":{"@id":"https:\/\/rioonwatch.org.br\/#organization"},"image":{"@id":"https:\/\/rioonwatch.org.br\/?p=72390#primaryimage"},"thumbnailUrl":"https:\/\/rioonwatch.org.br\/wp-content\/uploads\/2024\/02\/Desfile-na-Intendente-Magalhaes-no-Carnaval-2020.-Foto-Gabriel-Monteiro-Riotur.jpg","keywords":["carnaval","coleta de lixo","Cultura Afro-brasileira","cultura da favela","cultura de rua","educa\u00e7\u00e3o ambiental","Engenho da Rainha","gest\u00e3o de res\u00edduos","ind\u00edgenas","Morro do Engenho","produ\u00e7\u00e3o cultural","reciclagem","samba","S\u00e9rie: Carnaval 2024","Zona Norte"],"articleSection":["Cultura da Favela","Escrito por Comunicadores Populares"],"inLanguage":"pt-BR"},{"@type":"WebPage","@id":"https:\/\/rioonwatch.org.br\/?p=72390","url":"https:\/\/rioonwatch.org.br\/?p=72390","name":"Arte, Resist\u00eancia e Luta Ancestral no Carnaval, Parte 2: Escolas de Samba das S\u00e9ries Prata e Bronze, Agremia\u00e7\u00f5es de Favela, Resistem e Ocupam a Intendente Magalh\u00e3es - RioOnWatch","isPartOf":{"@id":"https:\/\/rioonwatch.org.br\/#website"},"primaryImageOfPage":{"@id":"https:\/\/rioonwatch.org.br\/?p=72390#primaryimage"},"image":{"@id":"https:\/\/rioonwatch.org.br\/?p=72390#primaryimage"},"thumbnailUrl":"https:\/\/rioonwatch.org.br\/wp-content\/uploads\/2024\/02\/Desfile-na-Intendente-Magalhaes-no-Carnaval-2020.-Foto-Gabriel-Monteiro-Riotur.jpg","datePublished":"2024-02-10T12:27:07+00:00","dateModified":"2024-02-19T17:05:29+00:00","breadcrumb":{"@id":"https:\/\/rioonwatch.org.br\/?p=72390#breadcrumb"},"inLanguage":"pt-BR","potentialAction":[{"@type":"ReadAction","target":["https:\/\/rioonwatch.org.br\/?p=72390"]}]},{"@type":"ImageObject","inLanguage":"pt-BR","@id":"https:\/\/rioonwatch.org.br\/?p=72390#primaryimage","url":"https:\/\/rioonwatch.org.br\/wp-content\/uploads\/2024\/02\/Desfile-na-Intendente-Magalhaes-no-Carnaval-2020.-Foto-Gabriel-Monteiro-Riotur.jpg","contentUrl":"https:\/\/rioonwatch.org.br\/wp-content\/uploads\/2024\/02\/Desfile-na-Intendente-Magalhaes-no-Carnaval-2020.-Foto-Gabriel-Monteiro-Riotur.jpg","width":1200,"height":800,"caption":"Desfile na Intendente Magalh\u00e3es no Carnaval 2020. Foto: Gabriel Monteiro \/ Riotur"},{"@type":"BreadcrumbList","@id":"https:\/\/rioonwatch.org.br\/?p=72390#breadcrumb","itemListElement":[{"@type":"ListItem","position":1,"name":"In\u00edcio","item":"https:\/\/rioonwatch.org.br\/"},{"@type":"ListItem","position":2,"name":"Arte, Resist\u00eancia e Luta Ancestral no Carnaval, Parte 2: Escolas de Samba das S\u00e9ries Prata e Bronze, Agremia\u00e7\u00f5es de Favela, Resistem e Ocupam a Intendente Magalh\u00e3es"}]},{"@type":"WebSite","@id":"https:\/\/rioonwatch.org.br\/#website","url":"https:\/\/rioonwatch.org.br\/","name":"RioOnWatch","description":"relatos das favelas cariocas","publisher":{"@id":"https:\/\/rioonwatch.org.br\/#organization"},"potentialAction":[{"@type":"SearchAction","target":{"@type":"EntryPoint","urlTemplate":"https:\/\/rioonwatch.org.br\/?s={search_term_string}"},"query-input":{"@type":"PropertyValueSpecification","valueRequired":true,"valueName":"search_term_string"}}],"inLanguage":"pt-BR"},{"@type":"Organization","@id":"https:\/\/rioonwatch.org.br\/#organization","name":"RioOnWatch","url":"https:\/\/rioonwatch.org.br\/","logo":{"@type":"ImageObject","inLanguage":"pt-BR","@id":"https:\/\/rioonwatch.org.br\/#\/schema\/logo\/image\/","url":"https:\/\/rioonwatch.org.br\/wp-content\/uploads\/2021\/06\/RioOnWatchcabecalhoPT11anos-2.png","contentUrl":"https:\/\/rioonwatch.org.br\/wp-content\/uploads\/2021\/06\/RioOnWatchcabecalhoPT11anos-2.png","width":779,"height":277,"caption":"RioOnWatch"},"image":{"@id":"https:\/\/rioonwatch.org.br\/#\/schema\/logo\/image\/"}},{"@type":"Person","@id":"https:\/\/rioonwatch.org.br\/#\/schema\/person\/476bc75767957d3535b65b796667cd36","name":"Julio Santos Filho","image":{"@type":"ImageObject","inLanguage":"pt-BR","@id":"https:\/\/rioonwatch.org.br\/#\/schema\/person\/image\/","url":"https:\/\/secure.gravatar.com\/avatar\/ca138f7666182a292a8ce4ca14fb81f8?s=96&d=blank&r=g","contentUrl":"https:\/\/secure.gravatar.com\/avatar\/ca138f7666182a292a8ce4ca14fb81f8?s=96&d=blank&r=g","caption":"Julio Santos Filho"},"url":"https:\/\/rioonwatch.org.br\/?author=167"}]}},"_links":{"self":[{"href":"https:\/\/rioonwatch.org.br\/index.php?rest_route=\/wp\/v2\/posts\/72390"}],"collection":[{"href":"https:\/\/rioonwatch.org.br\/index.php?rest_route=\/wp\/v2\/posts"}],"about":[{"href":"https:\/\/rioonwatch.org.br\/index.php?rest_route=\/wp\/v2\/types\/post"}],"author":[{"embeddable":true,"href":"https:\/\/rioonwatch.org.br\/index.php?rest_route=\/wp\/v2\/users\/167"}],"replies":[{"embeddable":true,"href":"https:\/\/rioonwatch.org.br\/index.php?rest_route=%2Fwp%2Fv2%2Fcomments&post=72390"}],"version-history":[{"count":24,"href":"https:\/\/rioonwatch.org.br\/index.php?rest_route=\/wp\/v2\/posts\/72390\/revisions"}],"predecessor-version":[{"id":72490,"href":"https:\/\/rioonwatch.org.br\/index.php?rest_route=\/wp\/v2\/posts\/72390\/revisions\/72490"}],"wp:featuredmedia":[{"embeddable":true,"href":"https:\/\/rioonwatch.org.br\/index.php?rest_route=\/wp\/v2\/media\/72403"}],"wp:attachment":[{"href":"https:\/\/rioonwatch.org.br\/index.php?rest_route=%2Fwp%2Fv2%2Fmedia&parent=72390"}],"wp:term":[{"taxonomy":"category","embeddable":true,"href":"https:\/\/rioonwatch.org.br\/index.php?rest_route=%2Fwp%2Fv2%2Fcategories&post=72390"},{"taxonomy":"post_tag","embeddable":true,"href":"https:\/\/rioonwatch.org.br\/index.php?rest_route=%2Fwp%2Fv2%2Ftags&post=72390"},{"taxonomy":"writer","embeddable":true,"href":"https:\/\/rioonwatch.org.br\/index.php?rest_route=%2Fwp%2Fv2%2Fwriter&post=72390"},{"taxonomy":"translator","embeddable":true,"href":"https:\/\/rioonwatch.org.br\/index.php?rest_route=%2Fwp%2Fv2%2Ftranslator&post=72390"},{"taxonomy":"source","embeddable":true,"href":"https:\/\/rioonwatch.org.br\/index.php?rest_route=%2Fwp%2Fv2%2Fsource&post=72390"},{"taxonomy":"ilustrador","embeddable":true,"href":"https:\/\/rioonwatch.org.br\/index.php?rest_route=%2Fwp%2Fv2%2Filustrador&post=72390"},{"taxonomy":"fotografo","embeddable":true,"href":"https:\/\/rioonwatch.org.br\/index.php?rest_route=%2Fwp%2Fv2%2Ffotografo&post=72390"}],"curies":[{"name":"wp","href":"https:\/\/api.w.org\/{rel}","templated":true}]}}