{"id":72575,"date":"2024-03-06T09:27:27","date_gmt":"2024-03-06T12:27:27","guid":{"rendered":"https:\/\/rioonwatch.org.br\/?p=72575"},"modified":"2025-09-15T10:22:13","modified_gmt":"2025-09-15T13:22:13","slug":"exposicao-memoria-climatica-das-favelas-chega-a-santa-cruz-levando-ao-publico-jovem-a-historia-de-cinco-favelas-cariocas-sobre-o-clima","status":"publish","type":"post","link":"https:\/\/rioonwatch.org.br\/?p=72575","title":{"rendered":"Exposi\u00e7\u00e3o &#8216;Mem\u00f3ria Clim\u00e1tica das Favelas&#8217; Chega a Santa Cruz, Levando ao P\u00fablico Jovem a Hist\u00f3ria de Cinco Favelas Cariocas Sobre o Clima"},"content":{"rendered":"<figure id=\"attachment_72578\" aria-describedby=\"caption-attachment-72578\" style=\"width: 2560px\" class=\"wp-caption aligncenter\"><a href=\"https:\/\/rioonwatch.org.br\/wp-content\/uploads\/2024\/03\/Estudantes-da-Escola-Municipal-Aldebara-participaram-da-abertura-da-Exposicao-Memoria-Climatica-das-Favelas-em-Santa-Cruz.-Foto-Barbara-Dias-scaled.jpg\"><img fetchpriority=\"high\" decoding=\"async\" class=\"wp-image-72578 size-full\" title=\"Estudantes da Escola Municipal Aldebar\u00e3 participaram da abertura da Exposi\u00e7\u00e3o Mem\u00f3ria Clim\u00e1tica das Favelas, em Santa Cruz. Foto: B\u00e1rbara Dias\" src=\"https:\/\/rioonwatch.org.br\/wp-content\/uploads\/2024\/03\/Estudantes-da-Escola-Municipal-Aldebara-participaram-da-abertura-da-Exposicao-Memoria-Climatica-das-Favelas-em-Santa-Cruz.-Foto-Barbara-Dias-scaled.jpg\" alt=\"Estudantes da Escola Municipal Aldebar\u00e3 participaram da abertura da Exposi\u00e7\u00e3o Mem\u00f3ria Clim\u00e1tica das Favelas, em Santa Cruz. Foto: B\u00e1rbara Dias\" width=\"2560\" height=\"1709\" srcset=\"https:\/\/rioonwatch.org.br\/wp-content\/uploads\/2024\/03\/Estudantes-da-Escola-Municipal-Aldebara-participaram-da-abertura-da-Exposicao-Memoria-Climatica-das-Favelas-em-Santa-Cruz.-Foto-Barbara-Dias-scaled.jpg 2560w, https:\/\/rioonwatch.org.br\/wp-content\/uploads\/2024\/03\/Estudantes-da-Escola-Municipal-Aldebara-participaram-da-abertura-da-Exposicao-Memoria-Climatica-das-Favelas-em-Santa-Cruz.-Foto-Barbara-Dias-620x414.jpg 620w\" sizes=\"(max-width: 2560px) 100vw, 2560px\" \/><\/a><figcaption id=\"caption-attachment-72578\" class=\"wp-caption-text\">Estudantes da Escola Municipal Aldebar\u00e3 participaram da abertura da Exposi\u00e7\u00e3o Mem\u00f3ria Clim\u00e1tica das Favelas, em Santa Cruz. Foto: B\u00e1rbara Dias<\/figcaption><\/figure>\n<h4 style=\"text-align: right;\"><em><strong><a href=\"https:\/\/bit.ly\/3wUXYdA\" target=\"_blank\" rel=\"noopener\">Click Here for English<img decoding=\"async\" class=\"alignright wp-image-15790\" src=\"https:\/\/rioonwatch.org.br\/wp-content\/uploads\/2012\/08\/EN-standard-e1439583104716.jpg\" alt=\"\" width=\"20\" height=\"20\" \/><\/a><\/strong><\/em><\/h4>\n<p><em><span style=\"font-weight: 400;\">A exposi\u00e7\u00e3o Mem\u00f3ria Clim\u00e1tica das Favelas, organizada pelos museus e projetos de mem\u00f3ria integrantes da Rede Favela Sustent\u00e1vel (<\/span><a href=\"https:\/\/bit.ly\/RFSnoROW\" target=\"_blank\" rel=\"noopener\"><span style=\"font-weight: 400;\">RFS<\/span><\/a><span style=\"font-weight: 400;\">)*, est\u00e1 em exibi\u00e7\u00e3o do dia 1\u00ba a 31 de mar\u00e7o, no <\/span><a href=\"https:\/\/bit.ly\/4bXNL01\" target=\"_blank\" rel=\"noopener\"><span style=\"font-weight: 400;\">Palacete Princesa Isabel<\/span><\/a><span style=\"font-weight: 400;\">, Centro Cultural de <a href=\"https:\/\/bit.ly\/2IUYpbd\" target=\"_blank\" rel=\"noopener\">Santa Cruz<\/a>, <a href=\"https:\/\/bit.ly\/2x3k8bw\" target=\"_blank\" rel=\"noopener\">Zona Oeste<\/a> do Rio de Janeiro. Organizado pelo N\u00facleo de Orienta\u00e7\u00e3o e Pesquisa Hist\u00f3rica de Santa Cruz (<\/span><a href=\"https:\/\/bit.ly\/MCemAntaresNoROW\" target=\"_blank\" rel=\"noopener\"><span style=\"font-weight: 400;\">NOPH<\/span><\/a><span style=\"font-weight: 400;\">), o evento de abertura da exposi\u00e7\u00e3o ocorreu nesta sexta (01) na presen\u00e7a de integrantes do NOPH, de estudantes e professores de ensino fundamental da Escola Municipal Aldebar\u00e3, que al\u00e9m de prestigiarem a exposi\u00e7\u00e3o, participaram tamb\u00e9m de uma apresenta\u00e7\u00e3o sobre o processo de constru\u00e7\u00e3o das rodas de mem\u00f3ria clim\u00e1tica e de uma apresenta\u00e7\u00e3o art\u00edstica de slam, realizado pelo <\/span><a href=\"https:\/\/bit.ly\/3v4ljcb\" target=\"_blank\" rel=\"noopener\"><span style=\"font-weight: 400;\">Coletivo Favela Tem Voz<\/span><\/a><span style=\"font-weight: 400;\">.\u00a0<\/span><\/em><\/p>\n<p><span style=\"font-weight: 400;\">A exposi\u00e7\u00e3o Mem\u00f3ria Clim\u00e1tica das Favelas surgiu como um produto final da realiza\u00e7\u00e3o de cinco <\/span><a href=\"https:\/\/bit.ly\/MemoriaClimaticaDasFavelasROW\" target=\"_blank\" rel=\"noopener\"><span style=\"font-weight: 400;\">rodas de mem\u00f3ria clim\u00e1tica das favelas<\/span><\/a><span style=\"font-weight: 400;\">, realizadas por museus comunit\u00e1rios integrantes da RFS, em 2023, entre eles o <\/span><a href=\"https:\/\/bit.ly\/MCnaMareNoROW\" target=\"_blank\" rel=\"noopener\"><span style=\"font-weight: 400;\">Museu da Mar\u00e9<\/span><\/a><span style=\"font-weight: 400;\"> do <\/span><a href=\"https:\/\/bit.ly\/2K1s59x\" target=\"_blank\" rel=\"noopener\"><span style=\"font-weight: 400;\">Complexo da Mar\u00e9<\/span><\/a><span style=\"font-weight: 400;\">, <\/span><a href=\"https:\/\/bit.ly\/MCnaRocinhaNoROW\" target=\"_blank\" rel=\"noopener\"><span style=\"font-weight: 400;\">Museu Sankofa<\/span><\/a><span style=\"font-weight: 400;\"> da <\/span><a href=\"https:\/\/bit.ly\/2XuTtjt\" target=\"_blank\" rel=\"noopener\"><span style=\"font-weight: 400;\">Rocinha<\/span><\/a><span style=\"font-weight: 400;\">, N\u00facleo de Orienta\u00e7\u00e3o e Pesquisa Hist\u00f3rica de Santa Cruz (<\/span><a href=\"https:\/\/bit.ly\/MCemAntaresNoROW\" target=\"_blank\" rel=\"noopener\"><span style=\"font-weight: 400;\">NOPH<\/span><\/a><span style=\"font-weight: 400;\">) em <\/span><a href=\"https:\/\/bit.ly\/2WQxncM\" target=\"_blank\" rel=\"noopener\"><span style=\"font-weight: 400;\">Antares<\/span><\/a><span style=\"font-weight: 400;\">, Museu de Favela (<\/span><a href=\"https:\/\/bit.ly\/MCnoPPGNoROW\" target=\"_blank\" rel=\"noopener\"><span style=\"font-weight: 400;\">MUF<\/span><\/a><span style=\"font-weight: 400;\">) do Pav\u00e3o-Pav\u00e3ozinho e Cantagalo e o <\/span><a href=\"https:\/\/bit.ly\/MCnoVidigalNoROW\" target=\"_blank\" rel=\"noopener\"><span style=\"font-weight: 400;\">N\u00facleo de Mem\u00f3rias do Vidigal<\/span><\/a>,<span style=\"font-weight: 400;\"> no <\/span><a href=\"https:\/\/bit.ly\/2xCoB59\" target=\"_blank\" rel=\"noopener\"><span style=\"font-weight: 400;\">Vidigal<\/span><\/a><span style=\"font-weight: 400;\">.<\/span><\/p>\n<figure id=\"attachment_72580\" aria-describedby=\"caption-attachment-72580\" style=\"width: 2560px\" class=\"wp-caption aligncenter\"><a href=\"https:\/\/rioonwatch.org.br\/wp-content\/uploads\/2024\/03\/Estudantes-da-Escola-Municipal-Aldebara-participaram-de-atividade-antes-da-abertura-da-Exposicao-Memoria-Climatica-das-Favelas-em-Santa-Cruz.-Foto-Barbara-Dias-scaled.jpg\"><img decoding=\"async\" class=\"wp-image-72580 size-full\" title=\"Estudantes da Escola Municipal Aldebar\u00e3 participaram de atividade antes da abertura da Exposi\u00e7\u00e3o Mem\u00f3ria Clim\u00e1tica das Favelas, em Santa Cruz. Foto: B\u00e1rbara Dias\" src=\"https:\/\/rioonwatch.org.br\/wp-content\/uploads\/2024\/03\/Estudantes-da-Escola-Municipal-Aldebara-participaram-de-atividade-antes-da-abertura-da-Exposicao-Memoria-Climatica-das-Favelas-em-Santa-Cruz.-Foto-Barbara-Dias-scaled.jpg\" alt=\"Estudantes da Escola Municipal Aldebar\u00e3 participaram de atividade antes da abertura da Exposi\u00e7\u00e3o Mem\u00f3ria Clim\u00e1tica das Favelas, em Santa Cruz. Foto: B\u00e1rbara Dias\" width=\"2560\" height=\"1709\" srcset=\"https:\/\/rioonwatch.org.br\/wp-content\/uploads\/2024\/03\/Estudantes-da-Escola-Municipal-Aldebara-participaram-de-atividade-antes-da-abertura-da-Exposicao-Memoria-Climatica-das-Favelas-em-Santa-Cruz.-Foto-Barbara-Dias-scaled.jpg 2560w, https:\/\/rioonwatch.org.br\/wp-content\/uploads\/2024\/03\/Estudantes-da-Escola-Municipal-Aldebara-participaram-de-atividade-antes-da-abertura-da-Exposicao-Memoria-Climatica-das-Favelas-em-Santa-Cruz.-Foto-Barbara-Dias-620x414.jpg 620w\" sizes=\"(max-width: 2560px) 100vw, 2560px\" \/><\/a><figcaption id=\"caption-attachment-72580\" class=\"wp-caption-text\">Estudantes da Escola Municipal Aldebar\u00e3 participaram de atividade antes da abertura da Exposi\u00e7\u00e3o Mem\u00f3ria Clim\u00e1tica das Favelas, em Santa Cruz. Foto: B\u00e1rbara Dias<\/figcaption><\/figure>\n<p><span style=\"font-weight: 400;\">A exposi\u00e7\u00e3o \u00e9 composta por um vasto material de relatos de mem\u00f3rias, narradas por moradores de cinco favelas do Rio de Janeiro, e \u00e9 apresentada em formato de banners e de uma linha do tempo, que permite a visualiza\u00e7\u00e3o dos acontecimentos marcantes nas hist\u00f3rias das favelas participantes. Al\u00e9m dessas estruturas, a exposi\u00e7\u00e3o ainda conta com a instala\u00e7\u00e3o art\u00edstica \u201cPo\u00e7o das Mem\u00f3rias\u201d, criada pela artista pl\u00e1stica <a href=\"https:\/\/bit.ly\/3GLEpq3\" target=\"_blank\" rel=\"noopener\">Ev\u00e2nia de Paula<\/a>, do Vidigal. Dentro do po\u00e7o, encontram-se aproximadamente 100 fotografias hist\u00f3ricas das cinco favelas, com as quais os visitantes conseguem interagir.<\/span><\/p>\n<figure id=\"attachment_72610\" aria-describedby=\"caption-attachment-72610\" style=\"width: 2048px\" class=\"wp-caption aligncenter\"><a href=\"https:\/\/rioonwatch.org.br\/wp-content\/uploads\/2024\/03\/Jovem-apontando-fala-no-banner-da-roda-de-Antares.jpg\"><img loading=\"lazy\" decoding=\"async\" class=\"wp-image-72610 size-full\" title=\"Jovem intrigada com fala de moradora de Antares, compartilhada no banner da roda de Mem\u00f3ria Clim\u00e1tica das Favelas realizada na comunidade. Foto: B\u00e1rbara Dias\" src=\"https:\/\/rioonwatch.org.br\/wp-content\/uploads\/2024\/03\/Jovem-apontando-fala-no-banner-da-roda-de-Antares.jpg\" alt=\"Jovem intrigada com fala de moradora de Antares, compartilhada no banner da roda de Mem\u00f3ria Clim\u00e1tica das Favelas realizada na comunidade. Foto: B\u00e1rbara Dias\" width=\"2048\" height=\"1367\" srcset=\"https:\/\/rioonwatch.org.br\/wp-content\/uploads\/2024\/03\/Jovem-apontando-fala-no-banner-da-roda-de-Antares.jpg 2048w, https:\/\/rioonwatch.org.br\/wp-content\/uploads\/2024\/03\/Jovem-apontando-fala-no-banner-da-roda-de-Antares-620x414.jpg 620w\" sizes=\"(max-width: 2048px) 100vw, 2048px\" \/><\/a><figcaption id=\"caption-attachment-72610\" class=\"wp-caption-text\">Jovem intrigada com fala de moradora de Antares, compartilhada no banner da roda de Mem\u00f3ria Clim\u00e1tica das Favelas realizada na comunidade. Foto: B\u00e1rbara Dias<\/figcaption><\/figure>\n<p><span style=\"font-weight: 400;\">Antes da abertura da exposi\u00e7\u00e3o, cerca de 30 estudantes da Escola Municipal Aldebar\u00e3, que fica no territ\u00f3rio de Antares, participaram de uma apresenta\u00e7\u00e3o, onde foi exibido <\/span><a href=\"https:\/\/youtu.be\/5jt1ueBDGjs?si=h5Bp1GLnPqVCQMKW\" target=\"_blank\" rel=\"noopener\"><span style=\"font-weight: 400;\">o <\/span><span style=\"font-weight: 400;\">v\u00eddeo da exposi\u00e7\u00e3o, mesclando as trocas das cinco favelas participantes<\/span><\/a><span style=\"font-weight: 400;\">. Leonardo Ribeiro, cria e historiador de Antares, e ex-presidente da Associa\u00e7\u00e3o de Moradores, e Bruno Almeida, coordenador do N\u00facleo de Orienta\u00e7\u00e3o e Pesquisa Hist\u00f3rica de Santa Cruz (NOPH), fizeram falas sobre o impacto do trabalho realizado nas rodas de conversa, prendendo a aten\u00e7\u00e3o dos estudantes.<\/span><\/p>\n<p><iframe title=\"YouTube video player\" src=\"https:\/\/www.youtube.com\/embed\/k9wPKQP51To?si=FFJ_JCAgEXxJ4M_1\" width=\"1030\" height=\"563\" frameborder=\"0\" allowfullscreen=\"allowfullscreen\"><span data-mce-type=\"bookmark\" style=\"display: inline-block; width: 0px; overflow: hidden; line-height: 0;\" class=\"mce_SELRES_start\">\ufeff<\/span><\/iframe><\/p>\n<p>Perguntado sobre a import\u00e2ncia da exposi\u00e7\u00e3o chegar a Santa Cruz, Leonardo, que organizou a roda de mem\u00f3ria clim\u00e1tica na sua comunidade de Antares respondeu que:<\/p>\n<blockquote><p><span style=\"font-weight: 400;\">\u201cDepois de ter passado por duas grandes enchentes aqui em 2017 e 2018, foi muito importante trazer esse trabalho pro bairro de Santa Cruz, porque a gente sempre via muito pela televis\u00e3o, casos de enchentes e deslizamentos, mas aqui quase n\u00e3o acontecia. Era muito dif\u00edcil de ver mas, em dois anos seguidos, (tivemos grandes) enchentes aqui&#8230; Eu achei interessante mostrar para o bairro e para as comunidades o que acontece quando a gente n\u00e3o faz o nosso trabalho, quando a gente n\u00e3o tem o conhecimento do que est\u00e1 acontecendo, quando a gente n\u00e3o percebe que pequenas mudan\u00e7as no meu espa\u00e7o mudam o espa\u00e7o inteiro. E a\u00ed eu apoiei o trabalho, por quest\u00f5es mesmo de passar para o bairro a import\u00e2ncia da nossa mem\u00f3ria clim\u00e1tica, para entender como que acontecia e como que acontece hoje. Esse trabalho de entender e perceber mudan\u00e7as, \u00e9 o principal objetivo&#8230; Eventos [clim\u00e1ticos] que aconteciam de oito em oito anos est\u00e3o [hoje] acontecendo de ano em ano. \u00c9 uma mudan\u00e7a r\u00e1pida.\u201d<\/span><\/p><\/blockquote>\n<figure id=\"attachment_72581\" aria-describedby=\"caption-attachment-72581\" style=\"width: 2560px\" class=\"wp-caption aligncenter\"><a href=\"https:\/\/rioonwatch.org.br\/wp-content\/uploads\/2024\/03\/Leonardo-Ribeiro-e-Bruno-Almeida-que-participaram-das-rodas-de-conversa-sobre-memoria-Climatica-posam-em-frente-ao-banner-do-territorio-de-Antares-em-Santa-Cruz.-Foto-Barbara-Dias-scaled.jpg\"><img loading=\"lazy\" decoding=\"async\" class=\"wp-image-72581 size-full\" title=\"Leonardo Ribeiro e Bruno Almeida, que participaram das rodas de conversa sobre mem\u00f3ria Clim\u00e1tica, posam em frente ao banner do territ\u00f3rio de Antares, em Santa Cruz. Foto: B\u00e1rbara Dias\" src=\"https:\/\/rioonwatch.org.br\/wp-content\/uploads\/2024\/03\/Leonardo-Ribeiro-e-Bruno-Almeida-que-participaram-das-rodas-de-conversa-sobre-memoria-Climatica-posam-em-frente-ao-banner-do-territorio-de-Antares-em-Santa-Cruz.-Foto-Barbara-Dias-scaled.jpg\" alt=\"Leonardo Ribeiro e Bruno Almeida, que participaram das rodas de conversa sobre mem\u00f3ria Clim\u00e1tica, posam em frente ao banner do territ\u00f3rio de Antares, em Santa Cruz. Foto: B\u00e1rbara Dias\" width=\"2560\" height=\"1709\" srcset=\"https:\/\/rioonwatch.org.br\/wp-content\/uploads\/2024\/03\/Leonardo-Ribeiro-e-Bruno-Almeida-que-participaram-das-rodas-de-conversa-sobre-memoria-Climatica-posam-em-frente-ao-banner-do-territorio-de-Antares-em-Santa-Cruz.-Foto-Barbara-Dias-scaled.jpg 2560w, https:\/\/rioonwatch.org.br\/wp-content\/uploads\/2024\/03\/Leonardo-Ribeiro-e-Bruno-Almeida-que-participaram-das-rodas-de-conversa-sobre-memoria-Climatica-posam-em-frente-ao-banner-do-territorio-de-Antares-em-Santa-Cruz.-Foto-Barbara-Dias-620x414.jpg 620w\" sizes=\"(max-width: 2560px) 100vw, 2560px\" \/><\/a><figcaption id=\"caption-attachment-72581\" class=\"wp-caption-text\">Leonardo Ribeiro e Bruno Almeida, que organizaram as rodas de conversa sobre Mem\u00f3ria Clim\u00e1tica em Antares, em 2023, posam em frente ao banner do territ\u00f3rio, em Santa Cruz. Foto: B\u00e1rbara Dias<\/figcaption><\/figure>\n<p>Ap\u00f3s esse primeiro momento do evento, os estudantes foram convidados a visitar a exposi\u00e7\u00e3o, onde puderam conhecer as estruturas da mostra. Alguns interagiram com a linha do tempo, principalmente nos cartazes que continham as mem\u00f3rias clim\u00e1ticas de seu territ\u00f3rio, Antares. Apesar de novos, se recordavam das enchentes de 2017 e 2018. Outro ponto de interesse dos jovens foi o \u201cPo\u00e7o das Mem\u00f3rias\u201d, onde eles puderam interagir com as fotografias da instala\u00e7\u00e3o art\u00edstica.<\/p>\n<figure id=\"attachment_72609\" aria-describedby=\"caption-attachment-72609\" style=\"width: 2048px\" class=\"wp-caption aligncenter\"><a href=\"https:\/\/rioonwatch.org.br\/wp-content\/uploads\/2024\/03\/Poco-das-memorias.jpg\"><img loading=\"lazy\" decoding=\"async\" class=\"wp-image-72609 size-full\" title=\"Visita\u00e7\u00e3o de jovens estimulados pelo &quot;Po\u00e7o das Mem\u00f3rias&quot; onde 100 fotos hist\u00f3ricas das cinco favelas contempladas na exposi\u00e7\u00e3o estavam dispon\u00edveis para serem manuseadas. Foto: B\u00e1rbara Dias.\" src=\"https:\/\/rioonwatch.org.br\/wp-content\/uploads\/2024\/03\/Poco-das-memorias.jpg\" alt=\"Visita\u00e7\u00e3o de jovens estimulados pelo &quot;Po\u00e7o das Mem\u00f3rias&quot; onde 100 fotos hist\u00f3ricas das cinco favelas contempladas na exposi\u00e7\u00e3o estavam dispon\u00edveis para serem manuseadas. Foto: B\u00e1rbara Dias.\" width=\"2048\" height=\"1367\" srcset=\"https:\/\/rioonwatch.org.br\/wp-content\/uploads\/2024\/03\/Poco-das-memorias.jpg 2048w, https:\/\/rioonwatch.org.br\/wp-content\/uploads\/2024\/03\/Poco-das-memorias-620x414.jpg 620w\" sizes=\"(max-width: 2048px) 100vw, 2048px\" \/><\/a><figcaption id=\"caption-attachment-72609\" class=\"wp-caption-text\">Visita\u00e7\u00e3o de jovens estimulados pelo &#8220;Po\u00e7o das Mem\u00f3rias&#8221; onde 100 fotos hist\u00f3ricas das cinco favelas contempladas na exposi\u00e7\u00e3o estavam dispon\u00edveis para serem manuseadas. Foto: B\u00e1rbara Dias<\/figcaption><\/figure>\n<p>Ap\u00f3s a visita\u00e7\u00e3o \u00e0 exposi\u00e7\u00e3o, os jovens foram convidados a participar de um <a href=\"https:\/\/bit.ly\/48G8G4T\" target=\"_blank\" rel=\"noopener\">slam de poesias<\/a>, realizado pelo <a href=\"https:\/\/bit.ly\/3v4ljcb\" target=\"_blank\" rel=\"noopener\">Coletivo Favela Tem Voz<\/a>, representados pelos artistas <a href=\"https:\/\/bit.ly\/3Ioklux\" target=\"_blank\" rel=\"noopener\">NATITUDE<\/a>, <a href=\"https:\/\/bit.ly\/49TMdlU\" target=\"_blank\" rel=\"noopener\">OCotta<\/a> e <a href=\"https:\/\/bit.ly\/3v0Bmb9\" target=\"_blank\" rel=\"noopener\">ANNASOL<\/a>, que fizeram uma interven\u00e7\u00e3o po\u00e9tica, encerrando as atividades da abertura oficial da exposi\u00e7\u00e3o de mem\u00f3ria clim\u00e1tica no Palacete Princesa Isabel. O coletivo \u00e9 do bairro de Uruc\u00e2nia, tamb\u00e9m na Zona Oeste. NATITUDE nos falou que \u201c\u00e9 muito maravilhoso estar em conex\u00e3o com a galera jovem, porque eles s\u00e3o o nosso futuro. Ent\u00e3o, trazer as nossas ideias nos d\u00e1 uma sensa\u00e7\u00e3o de dever cumprido\u201d. OCotta, tamb\u00e9m do Coletivo Favela Tem Voz, complementou que:<\/p>\n<blockquote><p>\u201cEu acredito que a import\u00e2ncia da gente estar trazendo a poesia para as escolas e para esses locais, como um local hist\u00f3rico como esse, \u00e9 que as crian\u00e7as v\u00e3o absorver [a hist\u00f3ria] de uma forma diferente. \u00c0s vezes a gente traz um conte\u00fado de uma forma escrita como essa, [mas] fica complicado da pessoa ler e absorver tudo isso. Mas se trazer na forma de arte, \u00e0s vezes uma rima traz um peso hist\u00f3rico de anos.\u201d<\/p><\/blockquote>\n<p>ANNASOL falou tamb\u00e9m da experi\u00eancia de participar da abertura da exposi\u00e7\u00e3o, trazendo rimas que falam sobre hist\u00f3ria e sustentabilidade de uma maneira atrativa para os jovens:<\/p>\n<blockquote><p><span style=\"font-weight: 400;\">\u00a0\u201cMuitas vezes, na escola, acaba que o conhecimento \u00e9 muito quadrado, muito repetitivo e muito massivo. Ent\u00e3o, a gente traz de uma forma que eles interagem, eles gritam, eles escutam, eles se reconhecem no que est\u00e1 sendo falado. Muitas vezes o que est\u00e1 sendo dito em aula \u00e9 relevante&#8230; mas em meia hora a gente consegue fazer algo muito mais interativo, que traz a crian\u00e7a, o aluno, para dentro do que a gente est\u00e1 falando.<\/span><span style=\"font-weight: 400;\">\u201d<\/span><\/p><\/blockquote>\n<figure id=\"attachment_72582\" aria-describedby=\"caption-attachment-72582\" style=\"width: 2560px\" class=\"wp-caption aligncenter\"><a href=\"https:\/\/rioonwatch.org.br\/wp-content\/uploads\/2024\/03\/Estudantes-da-Escola-Municipal-Aldebara-acompanham-uma-intervencao-poetica-do-Coletivo-Favela-tem-Voz.-Foto-Barbara-Dias-scaled.jpg\"><img loading=\"lazy\" decoding=\"async\" class=\"wp-image-72582 size-full\" title=\"Estudantes da Escola Municipal Aldebar\u00e3 acompanham uma interven\u00e7\u00e3o po\u00e9tica do Coletivo Favela tem Voz. Foto: B\u00e1rbara Dias\" src=\"https:\/\/rioonwatch.org.br\/wp-content\/uploads\/2024\/03\/Estudantes-da-Escola-Municipal-Aldebara-acompanham-uma-intervencao-poetica-do-Coletivo-Favela-tem-Voz.-Foto-Barbara-Dias-scaled.jpg\" alt=\"Estudantes da Escola Municipal Aldebar\u00e3 acompanham uma interven\u00e7\u00e3o po\u00e9tica do Coletivo Favela tem Voz. Foto: B\u00e1rbara Dias\" width=\"2560\" height=\"1709\" srcset=\"https:\/\/rioonwatch.org.br\/wp-content\/uploads\/2024\/03\/Estudantes-da-Escola-Municipal-Aldebara-acompanham-uma-intervencao-poetica-do-Coletivo-Favela-tem-Voz.-Foto-Barbara-Dias-scaled.jpg 2560w, https:\/\/rioonwatch.org.br\/wp-content\/uploads\/2024\/03\/Estudantes-da-Escola-Municipal-Aldebara-acompanham-uma-intervencao-poetica-do-Coletivo-Favela-tem-Voz.-Foto-Barbara-Dias-620x414.jpg 620w\" sizes=\"(max-width: 2560px) 100vw, 2560px\" \/><\/a><figcaption id=\"caption-attachment-72582\" class=\"wp-caption-text\">Estudantes da Escola Municipal Aldebar\u00e3 acompanham uma interven\u00e7\u00e3o po\u00e9tica do Coletivo Favela Tem Voz. Foto: B\u00e1rbara Dias<\/figcaption><\/figure>\n<p><span style=\"font-weight: 400;\">Ao final das atividades, Bruno Almeida, coordenador do NOPH, comentou que foi muito gratificante participar da constru\u00e7\u00e3o da exposi\u00e7\u00e3o e de poder levar para o seu bairro:<\/span><\/p>\n<blockquote><p>\u201cFoi um prazer participar das rodas de mem\u00f3ria clim\u00e1tica, que gerou essa exposi\u00e7\u00e3o que est\u00e1 aqui, hoje, abrindo em Santa Cruz. [O processo] de visitar e de conhecer outras comunidades e descobrir que tem muitas coisas que nos \u00e9 comum, no sentido de impacto, de criatividade para resolu\u00e7\u00e3o de problemas e identidades&#8230; A outra parte \u00e9 a gente poder se ligar com a cidade, com uma outra hist\u00f3ria, n\u00e3o s\u00f3 uma hist\u00f3ria pol\u00edtica, mas tamb\u00e9m uma hist\u00f3ria que fala e dialoga com pessoas, de \u2018gente como a gente\u2019&#8230; irmandade com outras comunidades e outras favelas, o que nos transforma em um grande coletivo. Trabalhar em rede \u00e9 isso!&#8221;<\/p><\/blockquote>\n<p><span style=\"font-weight: 400;\">A exposi\u00e7\u00e3o Mem\u00f3ria Clim\u00e1tica das Favelas est\u00e1 em exibi\u00e7\u00e3o no Palacete Princesa Isabel, Centro Cultural Municipal de Santa Cruz Doutor Ant\u00f4nio Nicolau Jorge, de ter\u00e7a a s\u00e1bado, das 10h \u00e0s 15h, at\u00e9 o dia 31 de mar\u00e7o, com entrada gratuita. N\u00e3o perca essa oportunidade de realizar uma imers\u00e3o nas mem\u00f3rias das favelas que realizaram um trabalho de narrativas de suas hist\u00f3rias, identidades, resist\u00eancias e afetos a partir dos seus moradores e territ\u00f3rios. E, caso fa\u00e7a parte de uma institui\u00e7\u00e3o ou espa\u00e7o que gostaria de receber a exposi\u00e7\u00e3o, <a href=\"https:\/\/bit.ly\/OrientacoesMC\" target=\"_blank\" rel=\"noopener\">acesse o documento com orienta\u00e7\u00f5es para solicita\u00e7\u00e3o da exposi\u00e7\u00e3o Mem\u00f3ria Clim\u00e1tica nas Favelas<\/a>.<\/span><\/p>\n<h3>N\u00e3o perca o \u00e1lbum por B\u00e1rbara Dias\u00a0<a href=\"https:\/\/bit.ly\/MCnoNophFotos\" target=\"_blank\" rel=\"noopener\">no Flickr<\/a>:<\/h3>\n<p><a title=\"Exposi\u00e7\u00e3o Mem\u00f3ria Clim\u00e1tica da RFS no NOHP, Santa Cruz, 01 de Mar\u00e7o de 2024\" href=\"https:\/\/www.flickr.com\/photos\/catcomm\/albums\/72177720315187152\" data-flickr-embed=\"true\"><img loading=\"lazy\" decoding=\"async\" src=\"https:\/\/live.staticflickr.com\/65535\/53564278203_43cd487579_h.jpg\" alt=\"Exposi\u00e7\u00e3o Mem\u00f3ria Clim\u00e1tica da RFS no NOHP, Santa Cruz, 01 de Mar\u00e7o de 2024\" width=\"1600\" height=\"1200\" \/><\/a><script async src=\"\/\/embedr.flickr.com\/assets\/client-code.js\" charset=\"utf-8\"><\/script><\/p>\n<p><em>Sobre a autora e fot\u00f3grafa:\u00a0<a href=\"https:\/\/bit.ly\/3Gc3OJU\" target=\"_blank\" rel=\"noopener\">B\u00e1rbara Dias<\/a>, cria de Bangu, possui licenciatura em Ci\u00eancias Biol\u00f3gicas, mestrado em Educa\u00e7\u00e3o Ambiental e atua como professora da rede p\u00fablica desde 2006. \u00c9 fotojornalista e trabalha tamb\u00e9m com fotografia documental. \u00c9 comunicadora popular formada pelo N\u00facleo Piratininga de Comunica\u00e7\u00e3o (<a href=\"https:\/\/bit.ly\/3i2GcdN\" target=\"_blank\" rel=\"noopener\">NPC<\/a>) e co-fundadora do\u00a0<a href=\"https:\/\/bit.ly\/3vfY8bj\" target=\"_blank\" rel=\"noopener\">Coletivo Fotoguerrilha<\/a>.<\/em><\/p>\n<p><em>*A Rede Favela Sustent\u00e1vel (RFS) e o RioOnWatch s\u00e3o ambos facilitados pela organiza\u00e7\u00e3o sem fins lucrativos, Comunidades Catalisadoras (ComCat).<\/em><\/p>\n<hr \/>\n<h4><b data-stringify-type=\"bold\">Apoie nossos esfor\u00e7os para fornecer apoio estrat\u00e9gico \u00e0s favelas do Rio, incluindo o jornalismo hiperlocal, cr\u00edtico, inovador e incans\u00e1vel do\u00a0<\/b><b data-stringify-type=\"bold\"><i data-stringify-type=\"italic\">RioOnWatch<\/i><\/b>\u2014<a class=\"c-link\" href=\"http:\/\/www.bit.ly\/ApoieROW\" target=\"_blank\" rel=\"noopener noreferrer\" data-stringify-link=\"http:\/\/www.bit.ly\/ApoieROW\" data-sk=\"tooltip_parent\">doe aqui<\/a>.<\/h4>\n<!-- AddThis Advanced Settings generic via filter on the_content --><!-- AddThis Share Buttons generic via filter on the_content -->","protected":false},"excerpt":{"rendered":"<div class=\"mh-excerpt\"><p>Click Here for English A exposi\u00e7\u00e3o Mem\u00f3ria Clim\u00e1tica das Favelas, organizada pelos museus e projetos de mem\u00f3ria integrantes da Rede Favela Sustent\u00e1vel (RFS)*, est\u00e1 em exibi\u00e7\u00e3o do dia 1\u00ba a 31 de mar\u00e7o, no Palacete <a class=\"mh-excerpt-more\" href=\"https:\/\/rioonwatch.org.br\/?p=72575\" title=\"Exposi\u00e7\u00e3o &#8216;Mem\u00f3ria Clim\u00e1tica das Favelas&#8217; Chega a Santa Cruz, Levando ao P\u00fablico Jovem a Hist\u00f3ria de Cinco Favelas Cariocas Sobre o Clima\">[&#8230;]<\/a><!-- AddThis Advanced Settings generic via filter on get_the_excerpt --><!-- AddThis Share Buttons generic via filter on get_the_excerpt --><\/p>\n<\/div>","protected":false},"author":179,"featured_media":72578,"comment_status":"closed","ping_status":"closed","sticky":false,"template":"template-full.php","format":"standard","meta":{"_acf_changed":false,"_monsterinsights_skip_tracking":false,"_monsterinsights_sitenote_active":false,"_monsterinsights_sitenote_note":"","_monsterinsights_sitenote_category":0,"footnotes":""},"categories":[1627,3170,1612,342,1639],"tags":[2613,316,1146,128,841,469,2188,1111,2368,3335,1412,2901,134,3334,2671,3417,184],"writer":[3244],"translator":[],"source":[],"ilustrador":[],"fotografo":[3184],"class_list":{"0":"post-72575","1":"post","2":"type-post","3":"status-publish","4":"format-standard","5":"has-post-thumbnail","7":"category-relato-de-evento","8":"category-justica-climatica","9":"category-sociedade-civil","10":"category-solucoes","11":"category-sustentabilidade","12":"tag-antares","13":"tag-educacao","14":"tag-exposicao","15":"tag-historia","16":"tag-historia-oral","17":"tag-memoria","18":"tag-museologia-social","19":"tag-museu","20":"tag-museu-comunitario","21":"tag-noph","22":"tag-producao-cultural","23":"tag-rfs","24":"tag-santa-cruz","25":"tag-serie-memoria-climatica-das-favelas","26":"tag-slam","27":"tag-urucania","28":"tag-zona-oeste","29":"writer-barbara-dias","30":"fotografo-barbara-dias"},"acf":[],"yoast_head":"<!-- This site is optimized with the Yoast SEO plugin v25.6 - https:\/\/yoast.com\/wordpress\/plugins\/seo\/ -->\n<title>Exposi\u00e7\u00e3o &#039;Mem\u00f3ria Clim\u00e1tica das Favelas&#039; Chega a Santa Cruz, Levando ao P\u00fablico Jovem a Hist\u00f3ria de Cinco Favelas Cariocas Sobre o Clima - RioOnWatch<\/title>\n<meta name=\"robots\" content=\"index, follow, max-snippet:-1, max-image-preview:large, max-video-preview:-1\" \/>\n<link rel=\"canonical\" href=\"https:\/\/rioonwatch.org.br\/?p=72575\" \/>\n<meta property=\"og:locale\" content=\"pt_BR\" \/>\n<meta property=\"og:type\" content=\"article\" \/>\n<meta property=\"og:title\" content=\"Exposi\u00e7\u00e3o &#039;Mem\u00f3ria Clim\u00e1tica das Favelas&#039; Chega a Santa Cruz, Levando ao P\u00fablico Jovem a Hist\u00f3ria de Cinco Favelas Cariocas Sobre o Clima - RioOnWatch\" \/>\n<meta property=\"og:description\" content=\"Click Here for English A exposi\u00e7\u00e3o Mem\u00f3ria Clim\u00e1tica das Favelas, organizada pelos museus e projetos de mem\u00f3ria integrantes da Rede Favela Sustent\u00e1vel (RFS)*, est\u00e1 em exibi\u00e7\u00e3o do dia 1\u00ba a 31 de mar\u00e7o, no Palacete [...]\" \/>\n<meta property=\"og:url\" content=\"https:\/\/rioonwatch.org.br\/?p=72575\" \/>\n<meta property=\"og:site_name\" content=\"RioOnWatch\" \/>\n<meta property=\"article:published_time\" content=\"2024-03-06T12:27:27+00:00\" \/>\n<meta property=\"article:modified_time\" content=\"2025-09-15T13:22:13+00:00\" \/>\n<meta property=\"og:image\" content=\"https:\/\/rioonwatch.org.br\/wp-content\/uploads\/2024\/03\/Estudantes-da-Escola-Municipal-Aldebara-participaram-da-abertura-da-Exposicao-Memoria-Climatica-das-Favelas-em-Santa-Cruz.-Foto-Barbara-Dias-scaled.jpg\" \/>\n\t<meta property=\"og:image:width\" content=\"2560\" \/>\n\t<meta property=\"og:image:height\" content=\"1709\" \/>\n\t<meta property=\"og:image:type\" content=\"image\/jpeg\" \/>\n<meta name=\"author\" content=\"Janaina Tavares\" \/>\n<meta name=\"twitter:card\" content=\"summary_large_image\" \/>\n<meta name=\"twitter:label1\" content=\"Escrito por\" \/>\n\t<meta name=\"twitter:data1\" content=\"Janaina Tavares\" \/>\n\t<meta name=\"twitter:label2\" content=\"Est. tempo de leitura\" \/>\n\t<meta name=\"twitter:data2\" content=\"8 minutos\" \/>\n<script type=\"application\/ld+json\" class=\"yoast-schema-graph\">{\"@context\":\"https:\/\/schema.org\",\"@graph\":[{\"@type\":\"Article\",\"@id\":\"https:\/\/rioonwatch.org.br\/?p=72575#article\",\"isPartOf\":{\"@id\":\"https:\/\/rioonwatch.org.br\/?p=72575\"},\"author\":{\"name\":\"Janaina Tavares\",\"@id\":\"https:\/\/rioonwatch.org.br\/#\/schema\/person\/feb227e5e7679aacc3d672e375cae1bd\"},\"headline\":\"Exposi\u00e7\u00e3o &#8216;Mem\u00f3ria Clim\u00e1tica das Favelas&#8217; Chega a Santa Cruz, Levando ao P\u00fablico Jovem a Hist\u00f3ria de Cinco Favelas Cariocas Sobre o Clima\",\"datePublished\":\"2024-03-06T12:27:27+00:00\",\"dateModified\":\"2025-09-15T13:22:13+00:00\",\"mainEntityOfPage\":{\"@id\":\"https:\/\/rioonwatch.org.br\/?p=72575\"},\"wordCount\":1618,\"publisher\":{\"@id\":\"https:\/\/rioonwatch.org.br\/#organization\"},\"image\":{\"@id\":\"https:\/\/rioonwatch.org.br\/?p=72575#primaryimage\"},\"thumbnailUrl\":\"https:\/\/rioonwatch.org.br\/wp-content\/uploads\/2024\/03\/Estudantes-da-Escola-Municipal-Aldebara-participaram-da-abertura-da-Exposicao-Memoria-Climatica-das-Favelas-em-Santa-Cruz.-Foto-Barbara-Dias-scaled.jpg\",\"keywords\":[\"Antares\",\"educa\u00e7\u00e3o\",\"exposi\u00e7\u00e3o\",\"hist\u00f3ria\",\"hist\u00f3ria oral\",\"Mem\u00f3rias Faveladas\",\"museologia social\",\"museu\",\"Museu comunit\u00e1rio\",\"NOPH\",\"produ\u00e7\u00e3o cultural\",\"Rede Favela Sustent\u00e1vel\",\"Santa Cruz\",\"S\u00e9rie: Mem\u00f3ria Clim\u00e1tica das Favelas\",\"slam\",\"Uruc\u00e2nia\",\"Zona Oeste\"],\"articleSection\":[\"Cobertura de Eventos\",\"Justi\u00e7a Clim\u00e1tica\",\"Sociedade Civil\",\"Solu\u00e7\u00f5es\",\"Sustentabilidade\"],\"inLanguage\":\"pt-BR\"},{\"@type\":\"WebPage\",\"@id\":\"https:\/\/rioonwatch.org.br\/?p=72575\",\"url\":\"https:\/\/rioonwatch.org.br\/?p=72575\",\"name\":\"Exposi\u00e7\u00e3o 'Mem\u00f3ria Clim\u00e1tica das Favelas' Chega a Santa Cruz, Levando ao P\u00fablico Jovem a Hist\u00f3ria de Cinco Favelas Cariocas Sobre o Clima - RioOnWatch\",\"isPartOf\":{\"@id\":\"https:\/\/rioonwatch.org.br\/#website\"},\"primaryImageOfPage\":{\"@id\":\"https:\/\/rioonwatch.org.br\/?p=72575#primaryimage\"},\"image\":{\"@id\":\"https:\/\/rioonwatch.org.br\/?p=72575#primaryimage\"},\"thumbnailUrl\":\"https:\/\/rioonwatch.org.br\/wp-content\/uploads\/2024\/03\/Estudantes-da-Escola-Municipal-Aldebara-participaram-da-abertura-da-Exposicao-Memoria-Climatica-das-Favelas-em-Santa-Cruz.-Foto-Barbara-Dias-scaled.jpg\",\"datePublished\":\"2024-03-06T12:27:27+00:00\",\"dateModified\":\"2025-09-15T13:22:13+00:00\",\"breadcrumb\":{\"@id\":\"https:\/\/rioonwatch.org.br\/?p=72575#breadcrumb\"},\"inLanguage\":\"pt-BR\",\"potentialAction\":[{\"@type\":\"ReadAction\",\"target\":[\"https:\/\/rioonwatch.org.br\/?p=72575\"]}]},{\"@type\":\"ImageObject\",\"inLanguage\":\"pt-BR\",\"@id\":\"https:\/\/rioonwatch.org.br\/?p=72575#primaryimage\",\"url\":\"https:\/\/rioonwatch.org.br\/wp-content\/uploads\/2024\/03\/Estudantes-da-Escola-Municipal-Aldebara-participaram-da-abertura-da-Exposicao-Memoria-Climatica-das-Favelas-em-Santa-Cruz.-Foto-Barbara-Dias-scaled.jpg\",\"contentUrl\":\"https:\/\/rioonwatch.org.br\/wp-content\/uploads\/2024\/03\/Estudantes-da-Escola-Municipal-Aldebara-participaram-da-abertura-da-Exposicao-Memoria-Climatica-das-Favelas-em-Santa-Cruz.-Foto-Barbara-Dias-scaled.jpg\",\"width\":2560,\"height\":1709},{\"@type\":\"BreadcrumbList\",\"@id\":\"https:\/\/rioonwatch.org.br\/?p=72575#breadcrumb\",\"itemListElement\":[{\"@type\":\"ListItem\",\"position\":1,\"name\":\"In\u00edcio\",\"item\":\"https:\/\/rioonwatch.org.br\/\"},{\"@type\":\"ListItem\",\"position\":2,\"name\":\"Exposi\u00e7\u00e3o &#8216;Mem\u00f3ria Clim\u00e1tica das Favelas&#8217; Chega a Santa Cruz, Levando ao P\u00fablico Jovem a Hist\u00f3ria de Cinco Favelas Cariocas Sobre o Clima\"}]},{\"@type\":\"WebSite\",\"@id\":\"https:\/\/rioonwatch.org.br\/#website\",\"url\":\"https:\/\/rioonwatch.org.br\/\",\"name\":\"RioOnWatch\",\"description\":\"relatos das favelas cariocas\",\"publisher\":{\"@id\":\"https:\/\/rioonwatch.org.br\/#organization\"},\"potentialAction\":[{\"@type\":\"SearchAction\",\"target\":{\"@type\":\"EntryPoint\",\"urlTemplate\":\"https:\/\/rioonwatch.org.br\/?s={search_term_string}\"},\"query-input\":{\"@type\":\"PropertyValueSpecification\",\"valueRequired\":true,\"valueName\":\"search_term_string\"}}],\"inLanguage\":\"pt-BR\"},{\"@type\":\"Organization\",\"@id\":\"https:\/\/rioonwatch.org.br\/#organization\",\"name\":\"RioOnWatch\",\"url\":\"https:\/\/rioonwatch.org.br\/\",\"logo\":{\"@type\":\"ImageObject\",\"inLanguage\":\"pt-BR\",\"@id\":\"https:\/\/rioonwatch.org.br\/#\/schema\/logo\/image\/\",\"url\":\"https:\/\/rioonwatch.org.br\/wp-content\/uploads\/2021\/06\/RioOnWatchcabecalhoPT11anos-2.png\",\"contentUrl\":\"https:\/\/rioonwatch.org.br\/wp-content\/uploads\/2021\/06\/RioOnWatchcabecalhoPT11anos-2.png\",\"width\":779,\"height\":277,\"caption\":\"RioOnWatch\"},\"image\":{\"@id\":\"https:\/\/rioonwatch.org.br\/#\/schema\/logo\/image\/\"}},{\"@type\":\"Person\",\"@id\":\"https:\/\/rioonwatch.org.br\/#\/schema\/person\/feb227e5e7679aacc3d672e375cae1bd\",\"name\":\"Janaina Tavares\",\"image\":{\"@type\":\"ImageObject\",\"inLanguage\":\"pt-BR\",\"@id\":\"https:\/\/rioonwatch.org.br\/#\/schema\/person\/image\/\",\"url\":\"https:\/\/secure.gravatar.com\/avatar\/83bb5bb4f8b0c5ad63f35939640eaaa2?s=96&d=blank&r=g\",\"contentUrl\":\"https:\/\/secure.gravatar.com\/avatar\/83bb5bb4f8b0c5ad63f35939640eaaa2?s=96&d=blank&r=g\",\"caption\":\"Janaina Tavares\"},\"url\":\"https:\/\/rioonwatch.org.br\/?author=179\"}]}<\/script>\n<!-- \/ Yoast SEO plugin. -->","yoast_head_json":{"title":"Exposi\u00e7\u00e3o 'Mem\u00f3ria Clim\u00e1tica das Favelas' Chega a Santa Cruz, Levando ao P\u00fablico Jovem a Hist\u00f3ria de Cinco Favelas Cariocas Sobre o Clima - RioOnWatch","robots":{"index":"index","follow":"follow","max-snippet":"max-snippet:-1","max-image-preview":"max-image-preview:large","max-video-preview":"max-video-preview:-1"},"canonical":"https:\/\/rioonwatch.org.br\/?p=72575","og_locale":"pt_BR","og_type":"article","og_title":"Exposi\u00e7\u00e3o 'Mem\u00f3ria Clim\u00e1tica das Favelas' Chega a Santa Cruz, Levando ao P\u00fablico Jovem a Hist\u00f3ria de Cinco Favelas Cariocas Sobre o Clima - RioOnWatch","og_description":"Click Here for English A exposi\u00e7\u00e3o Mem\u00f3ria Clim\u00e1tica das Favelas, organizada pelos museus e projetos de mem\u00f3ria integrantes da Rede Favela Sustent\u00e1vel (RFS)*, est\u00e1 em exibi\u00e7\u00e3o do dia 1\u00ba a 31 de mar\u00e7o, no Palacete [...]","og_url":"https:\/\/rioonwatch.org.br\/?p=72575","og_site_name":"RioOnWatch","article_published_time":"2024-03-06T12:27:27+00:00","article_modified_time":"2025-09-15T13:22:13+00:00","og_image":[{"width":2560,"height":1709,"url":"https:\/\/rioonwatch.org.br\/wp-content\/uploads\/2024\/03\/Estudantes-da-Escola-Municipal-Aldebara-participaram-da-abertura-da-Exposicao-Memoria-Climatica-das-Favelas-em-Santa-Cruz.-Foto-Barbara-Dias-scaled.jpg","type":"image\/jpeg"}],"author":"Janaina Tavares","twitter_card":"summary_large_image","twitter_misc":{"Escrito por":"Janaina Tavares","Est. tempo de leitura":"8 minutos"},"schema":{"@context":"https:\/\/schema.org","@graph":[{"@type":"Article","@id":"https:\/\/rioonwatch.org.br\/?p=72575#article","isPartOf":{"@id":"https:\/\/rioonwatch.org.br\/?p=72575"},"author":{"name":"Janaina Tavares","@id":"https:\/\/rioonwatch.org.br\/#\/schema\/person\/feb227e5e7679aacc3d672e375cae1bd"},"headline":"Exposi\u00e7\u00e3o &#8216;Mem\u00f3ria Clim\u00e1tica das Favelas&#8217; Chega a Santa Cruz, Levando ao P\u00fablico Jovem a Hist\u00f3ria de Cinco Favelas Cariocas Sobre o Clima","datePublished":"2024-03-06T12:27:27+00:00","dateModified":"2025-09-15T13:22:13+00:00","mainEntityOfPage":{"@id":"https:\/\/rioonwatch.org.br\/?p=72575"},"wordCount":1618,"publisher":{"@id":"https:\/\/rioonwatch.org.br\/#organization"},"image":{"@id":"https:\/\/rioonwatch.org.br\/?p=72575#primaryimage"},"thumbnailUrl":"https:\/\/rioonwatch.org.br\/wp-content\/uploads\/2024\/03\/Estudantes-da-Escola-Municipal-Aldebara-participaram-da-abertura-da-Exposicao-Memoria-Climatica-das-Favelas-em-Santa-Cruz.-Foto-Barbara-Dias-scaled.jpg","keywords":["Antares","educa\u00e7\u00e3o","exposi\u00e7\u00e3o","hist\u00f3ria","hist\u00f3ria oral","Mem\u00f3rias Faveladas","museologia social","museu","Museu comunit\u00e1rio","NOPH","produ\u00e7\u00e3o cultural","Rede Favela Sustent\u00e1vel","Santa Cruz","S\u00e9rie: Mem\u00f3ria Clim\u00e1tica das Favelas","slam","Uruc\u00e2nia","Zona Oeste"],"articleSection":["Cobertura de Eventos","Justi\u00e7a Clim\u00e1tica","Sociedade Civil","Solu\u00e7\u00f5es","Sustentabilidade"],"inLanguage":"pt-BR"},{"@type":"WebPage","@id":"https:\/\/rioonwatch.org.br\/?p=72575","url":"https:\/\/rioonwatch.org.br\/?p=72575","name":"Exposi\u00e7\u00e3o 'Mem\u00f3ria Clim\u00e1tica das Favelas' Chega a Santa Cruz, Levando ao P\u00fablico Jovem a Hist\u00f3ria de Cinco Favelas Cariocas Sobre o Clima - RioOnWatch","isPartOf":{"@id":"https:\/\/rioonwatch.org.br\/#website"},"primaryImageOfPage":{"@id":"https:\/\/rioonwatch.org.br\/?p=72575#primaryimage"},"image":{"@id":"https:\/\/rioonwatch.org.br\/?p=72575#primaryimage"},"thumbnailUrl":"https:\/\/rioonwatch.org.br\/wp-content\/uploads\/2024\/03\/Estudantes-da-Escola-Municipal-Aldebara-participaram-da-abertura-da-Exposicao-Memoria-Climatica-das-Favelas-em-Santa-Cruz.-Foto-Barbara-Dias-scaled.jpg","datePublished":"2024-03-06T12:27:27+00:00","dateModified":"2025-09-15T13:22:13+00:00","breadcrumb":{"@id":"https:\/\/rioonwatch.org.br\/?p=72575#breadcrumb"},"inLanguage":"pt-BR","potentialAction":[{"@type":"ReadAction","target":["https:\/\/rioonwatch.org.br\/?p=72575"]}]},{"@type":"ImageObject","inLanguage":"pt-BR","@id":"https:\/\/rioonwatch.org.br\/?p=72575#primaryimage","url":"https:\/\/rioonwatch.org.br\/wp-content\/uploads\/2024\/03\/Estudantes-da-Escola-Municipal-Aldebara-participaram-da-abertura-da-Exposicao-Memoria-Climatica-das-Favelas-em-Santa-Cruz.-Foto-Barbara-Dias-scaled.jpg","contentUrl":"https:\/\/rioonwatch.org.br\/wp-content\/uploads\/2024\/03\/Estudantes-da-Escola-Municipal-Aldebara-participaram-da-abertura-da-Exposicao-Memoria-Climatica-das-Favelas-em-Santa-Cruz.-Foto-Barbara-Dias-scaled.jpg","width":2560,"height":1709},{"@type":"BreadcrumbList","@id":"https:\/\/rioonwatch.org.br\/?p=72575#breadcrumb","itemListElement":[{"@type":"ListItem","position":1,"name":"In\u00edcio","item":"https:\/\/rioonwatch.org.br\/"},{"@type":"ListItem","position":2,"name":"Exposi\u00e7\u00e3o &#8216;Mem\u00f3ria Clim\u00e1tica das Favelas&#8217; Chega a Santa Cruz, Levando ao P\u00fablico Jovem a Hist\u00f3ria de Cinco Favelas Cariocas Sobre o Clima"}]},{"@type":"WebSite","@id":"https:\/\/rioonwatch.org.br\/#website","url":"https:\/\/rioonwatch.org.br\/","name":"RioOnWatch","description":"relatos das favelas cariocas","publisher":{"@id":"https:\/\/rioonwatch.org.br\/#organization"},"potentialAction":[{"@type":"SearchAction","target":{"@type":"EntryPoint","urlTemplate":"https:\/\/rioonwatch.org.br\/?s={search_term_string}"},"query-input":{"@type":"PropertyValueSpecification","valueRequired":true,"valueName":"search_term_string"}}],"inLanguage":"pt-BR"},{"@type":"Organization","@id":"https:\/\/rioonwatch.org.br\/#organization","name":"RioOnWatch","url":"https:\/\/rioonwatch.org.br\/","logo":{"@type":"ImageObject","inLanguage":"pt-BR","@id":"https:\/\/rioonwatch.org.br\/#\/schema\/logo\/image\/","url":"https:\/\/rioonwatch.org.br\/wp-content\/uploads\/2021\/06\/RioOnWatchcabecalhoPT11anos-2.png","contentUrl":"https:\/\/rioonwatch.org.br\/wp-content\/uploads\/2021\/06\/RioOnWatchcabecalhoPT11anos-2.png","width":779,"height":277,"caption":"RioOnWatch"},"image":{"@id":"https:\/\/rioonwatch.org.br\/#\/schema\/logo\/image\/"}},{"@type":"Person","@id":"https:\/\/rioonwatch.org.br\/#\/schema\/person\/feb227e5e7679aacc3d672e375cae1bd","name":"Janaina Tavares","image":{"@type":"ImageObject","inLanguage":"pt-BR","@id":"https:\/\/rioonwatch.org.br\/#\/schema\/person\/image\/","url":"https:\/\/secure.gravatar.com\/avatar\/83bb5bb4f8b0c5ad63f35939640eaaa2?s=96&d=blank&r=g","contentUrl":"https:\/\/secure.gravatar.com\/avatar\/83bb5bb4f8b0c5ad63f35939640eaaa2?s=96&d=blank&r=g","caption":"Janaina Tavares"},"url":"https:\/\/rioonwatch.org.br\/?author=179"}]}},"_links":{"self":[{"href":"https:\/\/rioonwatch.org.br\/index.php?rest_route=\/wp\/v2\/posts\/72575"}],"collection":[{"href":"https:\/\/rioonwatch.org.br\/index.php?rest_route=\/wp\/v2\/posts"}],"about":[{"href":"https:\/\/rioonwatch.org.br\/index.php?rest_route=\/wp\/v2\/types\/post"}],"author":[{"embeddable":true,"href":"https:\/\/rioonwatch.org.br\/index.php?rest_route=\/wp\/v2\/users\/179"}],"replies":[{"embeddable":true,"href":"https:\/\/rioonwatch.org.br\/index.php?rest_route=%2Fwp%2Fv2%2Fcomments&post=72575"}],"version-history":[{"count":31,"href":"https:\/\/rioonwatch.org.br\/index.php?rest_route=\/wp\/v2\/posts\/72575\/revisions"}],"predecessor-version":[{"id":72888,"href":"https:\/\/rioonwatch.org.br\/index.php?rest_route=\/wp\/v2\/posts\/72575\/revisions\/72888"}],"wp:featuredmedia":[{"embeddable":true,"href":"https:\/\/rioonwatch.org.br\/index.php?rest_route=\/wp\/v2\/media\/72578"}],"wp:attachment":[{"href":"https:\/\/rioonwatch.org.br\/index.php?rest_route=%2Fwp%2Fv2%2Fmedia&parent=72575"}],"wp:term":[{"taxonomy":"category","embeddable":true,"href":"https:\/\/rioonwatch.org.br\/index.php?rest_route=%2Fwp%2Fv2%2Fcategories&post=72575"},{"taxonomy":"post_tag","embeddable":true,"href":"https:\/\/rioonwatch.org.br\/index.php?rest_route=%2Fwp%2Fv2%2Ftags&post=72575"},{"taxonomy":"writer","embeddable":true,"href":"https:\/\/rioonwatch.org.br\/index.php?rest_route=%2Fwp%2Fv2%2Fwriter&post=72575"},{"taxonomy":"translator","embeddable":true,"href":"https:\/\/rioonwatch.org.br\/index.php?rest_route=%2Fwp%2Fv2%2Ftranslator&post=72575"},{"taxonomy":"source","embeddable":true,"href":"https:\/\/rioonwatch.org.br\/index.php?rest_route=%2Fwp%2Fv2%2Fsource&post=72575"},{"taxonomy":"ilustrador","embeddable":true,"href":"https:\/\/rioonwatch.org.br\/index.php?rest_route=%2Fwp%2Fv2%2Filustrador&post=72575"},{"taxonomy":"fotografo","embeddable":true,"href":"https:\/\/rioonwatch.org.br\/index.php?rest_route=%2Fwp%2Fv2%2Ffotografo&post=72575"}],"curies":[{"name":"wp","href":"https:\/\/api.w.org\/{rel}","templated":true}]}}