{"id":7268,"date":"2013-08-20T09:00:37","date_gmt":"2013-08-20T12:00:37","guid":{"rendered":"http:\/\/rioonwatch.org.br\/?p=7268"},"modified":"2018-08-28T13:59:09","modified_gmt":"2018-08-28T16:59:09","slug":"vila-laboriaux-comeca-a-planejar-respostas-aos-desafios-da-comunidade","status":"publish","type":"post","link":"https:\/\/rioonwatch.org.br\/?p=7268","title":{"rendered":"Vila Laboriaux Come\u00e7a a Planejar Respostas aos Desafios da Comunidade"},"content":{"rendered":"<p style=\"text-align: right;\"><em><strong><a href=\"http:\/\/bit.ly\/1M4TZun\" target=\"_blank\" rel=\"noopener noreferrer\">Click Here for English<img decoding=\"async\" width=\"20\" height=\"20\" class=\"alignright wp-image-15790\" src=\"http:\/\/rioonwatch.org.br\/wp-content\/uploads\/2012\/08\/EN-standard-e1439583104716.jpg\" alt=\"\" \/><\/a><\/strong><\/em><\/p>\n<p>Vila Laboriaux, com a impressionante vista de S\u00e3o Conrado de um lado e da Lagoa Rodrigo de Freitas no outro, situa-se no alto da Rocinha, a maior favela do Rio de Janeiro. A comunidade que fica entre a tranquila floresta e a movimentada Estrada da G\u00e1vea est\u00e1 unindo-se a um n\u00famero crescente de comunidades que utilizam o auto-planejamento para resolver os problemas em seus pr\u00f3prios termos. No domingo, dia 4 de agosto, cerca de 100 moradores se <a href=\"http:\/\/on.fb.me\/12m3WNy\" target=\"_blank\" rel=\"noopener\">reuniram no campo de futebol<\/a> local para iniciar a elabora\u00e7\u00e3o de um documento para delinear os potenciais e os desafios de sua comunidade. Moradores da comunidade t\u00eam lutado contra a amea\u00e7a de remo\u00e7\u00e3o, desde que alguns de seus vizinhos sofreram com um <a href=\"http:\/\/bit.ly\/16L8LQp\" target=\"_blank\" rel=\"noopener\">deslizamento em 2010<\/a>, mas recentemente a comunidade recebeu a <a href=\"http:\/\/bit.ly\/1a4Y9Rr\" target=\"_blank\" rel=\"noopener\">visita do Prefeito Eduardo Paes<\/a> e agora a regi\u00e3o est\u00e1 inclu\u00edda na mais recente rodada de <a href=\"http:\/\/bit.ly\/NnSmIP\" target=\"_blank\" rel=\"noopener\">investimentos previstos do PAC<\/a>.<\/p>\n<p><img fetchpriority=\"high\" decoding=\"async\" class=\"alignright\" title=\"Crian\u00e7as plantaram flores e desenhando cartazes durante o evento.\" src=\"http:\/\/rioonwatch.org\/wp-content\/uploads\/2013\/08\/rsz_img_9482.jpg\" alt=\"\" width=\"336\" height=\"504\" \/><\/p>\n<p>A iniciativa contou com o apoio do <a href=\"http:\/\/on.fb.me\/19XgAqY\" target=\"_blank\" rel=\"noopener\">Favela Verde<\/a> e do <a href=\"http:\/\/bit.ly\/1eCJXN2\" target=\"_blank\" rel=\"noopener\">Instituto Dois ou Mais<\/a> e foi organizada pelo grupo <a href=\"http:\/\/bit.ly\/1cXwwJy\" target=\"_blank\" rel=\"noopener\">Movimento Preserva Laboriaux<\/a>, que nasceu durante a Rio+20, no ano passado, com o objetivo de capacitar os moradores para discutir e trabalhar juntos nas quest\u00f5es comunit\u00e1rias. Como Eva Vilaseca, uma facilitadora, explicou aos moradores: &#8220;vamos saber o que h\u00e1 de bom e de ruim na \u00e1rea&#8221;.\u00a0Para muitos, tornou-se necess\u00e1rio enfrentar estas quest\u00f5es:\u00a0&#8220;n\u00f3s falamos com a CEDAE que precisamos de um sistema de esgoto, mas n\u00e3o tivemos resposta. Eu me identifico com o projeto porque n\u00f3s mesmo podemos fazer alguma coisa&#8221;, explicou o morador Leonardo Gomes.<\/p>\n<p>O evento representou a primeira de uma s\u00e9rie de tr\u00eas etapas: o Diagn\u00f3stico S\u00f3cio-Ambiental. Durante o dia, os moradores compilaram uma lista dos pontos fortes e fracos do Laboriaux, responderam a question\u00e1rios e criaram um mapa da \u00e1rea. As crian\u00e7as tamb\u00e9m fizeram sua parte, plantando flores e pintando faixas com mensagens sobre a sustentabilidade. A segunda etapa ser\u00e1 um Plano de A\u00e7\u00e3o, e em seguida a implementa\u00e7\u00e3o. Os moradores usar\u00e3o o Plano de A\u00e7\u00e3o para alavancar publicidade e financiamento de ONGs e do governo local.<\/p>\n<p><img decoding=\"async\" class=\"alignright size-full wp-image-10776\" title=\"Os pontos fortes e fracos da comunidade foram identificados.\" src=\"http:\/\/rioonwatch.org\/wp-content\/uploads\/2013\/08\/fortesfracos1.jpg\" alt=\"\" width=\"336\" height=\"224\" \/><\/p>\n<p>Uma preocupa\u00e7\u00e3o recorrente que emergiu foi a prote\u00e7\u00e3o do meio ambiente local. Laboriaux est\u00e1 localizado perto da fonte de \u00e1gua, a qual est\u00e1 ligada a um tubo que fornece a \u00e1gua pot\u00e1vel para os moradores. No entanto, muitos t\u00eam descartado res\u00edduos no c\u00f3rrego, incluindo sof\u00e1s, televisores, fog\u00f5es e geladeiras. Recentemente, o movimento Preserva Laboriaux mobilizou os moradores para a limpeza do c\u00f3rrego. No entanto, esta n\u00e3o \u00e9 uma solu\u00e7\u00e3o de longo prazo. Para resolver este problema, os moradores sugeriram a instala\u00e7\u00e3o de equipamentos para separar o lixo da reciclagem, bem como o fornecimento de mais lixeiras na \u00e1rea. Outras quest\u00f5es que surgiram ao longo do dia inclu\u00edram a necessidade de esterilizar os animais locais, a falta de ilumina\u00e7\u00e3o p\u00fablica, e, como no resto da Rocinha,\u00a0<a href=\"http:\/\/glo.bo\/13Ffda5\" target=\"_blank\" rel=\"noopener\">problemas de saneamento<\/a>. Como a moradora Camila Gomes Cardoso, de 31 anos, resumiu: &#8220;O meu filho tem quatro anos, eu quero que ele viva num lugar bom e verde quando ele crescer&#8221;.<\/p>\n<p><img loading=\"lazy\" decoding=\"async\" class=\"alignright size-full wp-image-10779\" title=\"Este dia marcou o primeiro est\u00e1gio de uma s\u00e9rie de tr\u00eas encontros para o planejamento. \" src=\"http:\/\/rioonwatch.org\/wp-content\/uploads\/2013\/08\/plano-de-acao1.jpg\" alt=\"\" width=\"336\" height=\"224\" \/>Al\u00e9m das melhorias necess\u00e1rias, os moradores tamb\u00e9m listaram muitas qualidades da comunidade, incluindo a paisagem natural, o ambiente familiar, a tranquilidade e a \u00e1gua fresca e pot\u00e1vel. Este projeto capacita moradores para trabalhar de forma colaborativa para conservar seu ambiente natural, mas tamb\u00e9m buscar melhorias urbanas onde for necess\u00e1rio. Com um alto grau de participa\u00e7\u00e3o e a atmosfera otimista, os participantes deixaram a sensa\u00e7\u00e3o de que os moradores da Vila Laboriaux est\u00e3o empenhados em tomar o futuro nas suas pr\u00f3prias m\u00e3os e trazer mudan\u00e7as positivas para a sua comunidade.<\/p>\n<p>O co-organizador Gabriel Voto estava muito satisfeito com os resultados do evento, o que atribuiu \u00e0 dedica\u00e7\u00e3o do grupo no planejamento participativo: &#8220;Hoje felizmente conseguimos alinhar as expectativas e percep\u00e7\u00f5es de diferentes grupos sociais do local atrav\u00e9s de metodologias participativas diversas&#8221;. \u00a0Ele sentiu que esse era um primeiro passo ideal num processo que, como ele explica, &#8220;demanda uma ampla desconstru\u00e7\u00e3o previa de vis\u00f5es e preconceitos e posteriormente a ambienta\u00e7\u00e3o e sintonia junto a realidade local. Somente dessa forma seremos capazes de gerar um processo de longo prazo com ampla aceita\u00e7\u00e3o e viabilidade&#8221;.<\/p>\n<!-- AddThis Advanced Settings generic via filter on the_content --><!-- AddThis Share Buttons generic via filter on the_content -->","protected":false},"excerpt":{"rendered":"<div class=\"mh-excerpt\"><p>Click Here for English Vila Laboriaux, com a impressionante vista de S\u00e3o Conrado de um lado e da Lagoa Rodrigo de Freitas no outro, situa-se no alto da Rocinha, a maior favela do Rio de <a class=\"mh-excerpt-more\" href=\"https:\/\/rioonwatch.org.br\/?p=7268\" title=\"Vila Laboriaux Come\u00e7a a Planejar Respostas aos Desafios da Comunidade\">[&#8230;]<\/a><!-- AddThis Advanced Settings generic via filter on get_the_excerpt --><!-- AddThis Share Buttons generic via filter on get_the_excerpt --><\/p>\n<\/div>","protected":false},"author":129,"featured_media":27888,"comment_status":"closed","ping_status":"closed","sticky":false,"template":"","format":"standard","meta":{"_acf_changed":false,"_monsterinsights_skip_tracking":false,"_monsterinsights_sitenote_active":false,"_monsterinsights_sitenote_note":"","_monsterinsights_sitenote_category":0,"footnotes":""},"categories":[1618,344,342],"tags":[837,484,634,36,304,812,801,16,476,383],"writer":[828],"translator":[273],"source":[],"ilustrador":[],"fotografo":[],"class_list":{"0":"post-7268","1":"post","2":"type-post","3":"status-publish","4":"format-standard","5":"has-post-thumbnail","7":"category-olhonaparticipacao","8":"category-politicas","9":"category-solucoes","10":"tag-auto-planejamento","11":"tag-prefeito-eduardo-paes","12":"tag-laboriaux","13":"tag-pac","14":"tag-participacao","15":"tag-planejamento-urbano","16":"tag-plano-popular","17":"tag-rocinha","18":"tag-solucao-comunitaria","19":"tag-zona-sul","20":"writer-laura-stacey","21":"translator-roseli-franco"},"acf":[],"yoast_head":"<!-- This site is optimized with the Yoast SEO plugin v25.6 - https:\/\/yoast.com\/wordpress\/plugins\/seo\/ -->\n<title>Vila Laboriaux Come\u00e7a a Planejar Respostas aos Desafios da Comunidade - RioOnWatch<\/title>\n<meta name=\"robots\" content=\"index, follow, max-snippet:-1, max-image-preview:large, max-video-preview:-1\" \/>\n<link rel=\"canonical\" href=\"https:\/\/rioonwatch.org.br\/?p=7268\" \/>\n<meta property=\"og:locale\" content=\"pt_BR\" \/>\n<meta property=\"og:type\" content=\"article\" \/>\n<meta property=\"og:title\" content=\"Vila Laboriaux Come\u00e7a a Planejar Respostas aos Desafios da Comunidade - RioOnWatch\" \/>\n<meta property=\"og:description\" content=\"Click Here for English Vila Laboriaux, com a impressionante vista de S\u00e3o Conrado de um lado e da Lagoa Rodrigo de Freitas no outro, situa-se no alto da Rocinha, a maior favela do Rio de [...]\" \/>\n<meta property=\"og:url\" content=\"https:\/\/rioonwatch.org.br\/?p=7268\" \/>\n<meta property=\"og:site_name\" content=\"RioOnWatch\" \/>\n<meta property=\"article:published_time\" content=\"2013-08-20T12:00:37+00:00\" \/>\n<meta property=\"article:modified_time\" content=\"2018-08-28T16:59:09+00:00\" \/>\n<meta property=\"og:image\" content=\"https:\/\/rioonwatch.org.br\/wp-content\/uploads\/2013\/08\/map-photo.jpg\" \/>\n\t<meta property=\"og:image:width\" content=\"800\" \/>\n\t<meta property=\"og:image:height\" content=\"533\" \/>\n\t<meta property=\"og:image:type\" content=\"image\/jpeg\" \/>\n<meta name=\"author\" content=\"Admin\" \/>\n<meta name=\"twitter:card\" content=\"summary_large_image\" \/>\n<meta name=\"twitter:label1\" content=\"Escrito por\" \/>\n\t<meta name=\"twitter:data1\" content=\"Admin\" \/>\n\t<meta name=\"twitter:label2\" content=\"Est. tempo de leitura\" \/>\n\t<meta name=\"twitter:data2\" content=\"4 minutos\" \/>\n<script type=\"application\/ld+json\" class=\"yoast-schema-graph\">{\"@context\":\"https:\/\/schema.org\",\"@graph\":[{\"@type\":\"Article\",\"@id\":\"https:\/\/rioonwatch.org.br\/?p=7268#article\",\"isPartOf\":{\"@id\":\"https:\/\/rioonwatch.org.br\/?p=7268\"},\"author\":{\"name\":\"Admin\",\"@id\":\"https:\/\/rioonwatch.org.br\/#\/schema\/person\/11d64c290506f9df50c71b850c473f68\"},\"headline\":\"Vila Laboriaux Come\u00e7a a Planejar Respostas aos Desafios da Comunidade\",\"datePublished\":\"2013-08-20T12:00:37+00:00\",\"dateModified\":\"2018-08-28T16:59:09+00:00\",\"mainEntityOfPage\":{\"@id\":\"https:\/\/rioonwatch.org.br\/?p=7268\"},\"wordCount\":750,\"publisher\":{\"@id\":\"https:\/\/rioonwatch.org.br\/#organization\"},\"image\":{\"@id\":\"https:\/\/rioonwatch.org.br\/?p=7268#primaryimage\"},\"thumbnailUrl\":\"https:\/\/rioonwatch.org.br\/wp-content\/uploads\/2013\/08\/map-photo.jpg\",\"keywords\":[\"auto-planejamento\",\"Eduardo Paes\",\"Laboriaux\",\"PAC\",\"participa\u00e7\u00e3o\",\"planejamento urbano\",\"Plano Popular\",\"Rocinha\",\"solu\u00e7\u00e3o comunit\u00e1ria\",\"Zona Sul\"],\"articleSection\":[\"#OlhoNaParticipa\u00e7\u00e3o\",\"Pol\u00edticas\",\"Solu\u00e7\u00f5es\"],\"inLanguage\":\"pt-BR\"},{\"@type\":\"WebPage\",\"@id\":\"https:\/\/rioonwatch.org.br\/?p=7268\",\"url\":\"https:\/\/rioonwatch.org.br\/?p=7268\",\"name\":\"Vila Laboriaux Come\u00e7a a Planejar Respostas aos Desafios da Comunidade - RioOnWatch\",\"isPartOf\":{\"@id\":\"https:\/\/rioonwatch.org.br\/#website\"},\"primaryImageOfPage\":{\"@id\":\"https:\/\/rioonwatch.org.br\/?p=7268#primaryimage\"},\"image\":{\"@id\":\"https:\/\/rioonwatch.org.br\/?p=7268#primaryimage\"},\"thumbnailUrl\":\"https:\/\/rioonwatch.org.br\/wp-content\/uploads\/2013\/08\/map-photo.jpg\",\"datePublished\":\"2013-08-20T12:00:37+00:00\",\"dateModified\":\"2018-08-28T16:59:09+00:00\",\"breadcrumb\":{\"@id\":\"https:\/\/rioonwatch.org.br\/?p=7268#breadcrumb\"},\"inLanguage\":\"pt-BR\",\"potentialAction\":[{\"@type\":\"ReadAction\",\"target\":[\"https:\/\/rioonwatch.org.br\/?p=7268\"]}]},{\"@type\":\"ImageObject\",\"inLanguage\":\"pt-BR\",\"@id\":\"https:\/\/rioonwatch.org.br\/?p=7268#primaryimage\",\"url\":\"https:\/\/rioonwatch.org.br\/wp-content\/uploads\/2013\/08\/map-photo.jpg\",\"contentUrl\":\"https:\/\/rioonwatch.org.br\/wp-content\/uploads\/2013\/08\/map-photo.jpg\",\"width\":800,\"height\":533},{\"@type\":\"BreadcrumbList\",\"@id\":\"https:\/\/rioonwatch.org.br\/?p=7268#breadcrumb\",\"itemListElement\":[{\"@type\":\"ListItem\",\"position\":1,\"name\":\"In\u00edcio\",\"item\":\"https:\/\/rioonwatch.org.br\/\"},{\"@type\":\"ListItem\",\"position\":2,\"name\":\"Vila Laboriaux Come\u00e7a a Planejar Respostas aos Desafios da Comunidade\"}]},{\"@type\":\"WebSite\",\"@id\":\"https:\/\/rioonwatch.org.br\/#website\",\"url\":\"https:\/\/rioonwatch.org.br\/\",\"name\":\"RioOnWatch\",\"description\":\"relatos das favelas cariocas\",\"publisher\":{\"@id\":\"https:\/\/rioonwatch.org.br\/#organization\"},\"potentialAction\":[{\"@type\":\"SearchAction\",\"target\":{\"@type\":\"EntryPoint\",\"urlTemplate\":\"https:\/\/rioonwatch.org.br\/?s={search_term_string}\"},\"query-input\":{\"@type\":\"PropertyValueSpecification\",\"valueRequired\":true,\"valueName\":\"search_term_string\"}}],\"inLanguage\":\"pt-BR\"},{\"@type\":\"Organization\",\"@id\":\"https:\/\/rioonwatch.org.br\/#organization\",\"name\":\"RioOnWatch\",\"url\":\"https:\/\/rioonwatch.org.br\/\",\"logo\":{\"@type\":\"ImageObject\",\"inLanguage\":\"pt-BR\",\"@id\":\"https:\/\/rioonwatch.org.br\/#\/schema\/logo\/image\/\",\"url\":\"https:\/\/rioonwatch.org.br\/wp-content\/uploads\/2021\/06\/RioOnWatchcabecalhoPT11anos-2.png\",\"contentUrl\":\"https:\/\/rioonwatch.org.br\/wp-content\/uploads\/2021\/06\/RioOnWatchcabecalhoPT11anos-2.png\",\"width\":779,\"height\":277,\"caption\":\"RioOnWatch\"},\"image\":{\"@id\":\"https:\/\/rioonwatch.org.br\/#\/schema\/logo\/image\/\"}},{\"@type\":\"Person\",\"@id\":\"https:\/\/rioonwatch.org.br\/#\/schema\/person\/11d64c290506f9df50c71b850c473f68\",\"name\":\"Admin\",\"image\":{\"@type\":\"ImageObject\",\"inLanguage\":\"pt-BR\",\"@id\":\"https:\/\/rioonwatch.org.br\/#\/schema\/person\/image\/\",\"url\":\"https:\/\/secure.gravatar.com\/avatar\/56211ac74568383903349a1485e3c325?s=96&d=blank&r=g\",\"contentUrl\":\"https:\/\/secure.gravatar.com\/avatar\/56211ac74568383903349a1485e3c325?s=96&d=blank&r=g\",\"caption\":\"Admin\"},\"url\":\"https:\/\/rioonwatch.org.br\/?author=129\"}]}<\/script>\n<!-- \/ Yoast SEO plugin. -->","yoast_head_json":{"title":"Vila Laboriaux Come\u00e7a a Planejar Respostas aos Desafios da Comunidade - RioOnWatch","robots":{"index":"index","follow":"follow","max-snippet":"max-snippet:-1","max-image-preview":"max-image-preview:large","max-video-preview":"max-video-preview:-1"},"canonical":"https:\/\/rioonwatch.org.br\/?p=7268","og_locale":"pt_BR","og_type":"article","og_title":"Vila Laboriaux Come\u00e7a a Planejar Respostas aos Desafios da Comunidade - RioOnWatch","og_description":"Click Here for English Vila Laboriaux, com a impressionante vista de S\u00e3o Conrado de um lado e da Lagoa Rodrigo de Freitas no outro, situa-se no alto da Rocinha, a maior favela do Rio de [...]","og_url":"https:\/\/rioonwatch.org.br\/?p=7268","og_site_name":"RioOnWatch","article_published_time":"2013-08-20T12:00:37+00:00","article_modified_time":"2018-08-28T16:59:09+00:00","og_image":[{"width":800,"height":533,"url":"https:\/\/rioonwatch.org.br\/wp-content\/uploads\/2013\/08\/map-photo.jpg","type":"image\/jpeg"}],"author":"Admin","twitter_card":"summary_large_image","twitter_misc":{"Escrito por":"Admin","Est. tempo de leitura":"4 minutos"},"schema":{"@context":"https:\/\/schema.org","@graph":[{"@type":"Article","@id":"https:\/\/rioonwatch.org.br\/?p=7268#article","isPartOf":{"@id":"https:\/\/rioonwatch.org.br\/?p=7268"},"author":{"name":"Admin","@id":"https:\/\/rioonwatch.org.br\/#\/schema\/person\/11d64c290506f9df50c71b850c473f68"},"headline":"Vila Laboriaux Come\u00e7a a Planejar Respostas aos Desafios da Comunidade","datePublished":"2013-08-20T12:00:37+00:00","dateModified":"2018-08-28T16:59:09+00:00","mainEntityOfPage":{"@id":"https:\/\/rioonwatch.org.br\/?p=7268"},"wordCount":750,"publisher":{"@id":"https:\/\/rioonwatch.org.br\/#organization"},"image":{"@id":"https:\/\/rioonwatch.org.br\/?p=7268#primaryimage"},"thumbnailUrl":"https:\/\/rioonwatch.org.br\/wp-content\/uploads\/2013\/08\/map-photo.jpg","keywords":["auto-planejamento","Eduardo Paes","Laboriaux","PAC","participa\u00e7\u00e3o","planejamento urbano","Plano Popular","Rocinha","solu\u00e7\u00e3o comunit\u00e1ria","Zona Sul"],"articleSection":["#OlhoNaParticipa\u00e7\u00e3o","Pol\u00edticas","Solu\u00e7\u00f5es"],"inLanguage":"pt-BR"},{"@type":"WebPage","@id":"https:\/\/rioonwatch.org.br\/?p=7268","url":"https:\/\/rioonwatch.org.br\/?p=7268","name":"Vila Laboriaux Come\u00e7a a Planejar Respostas aos Desafios da Comunidade - RioOnWatch","isPartOf":{"@id":"https:\/\/rioonwatch.org.br\/#website"},"primaryImageOfPage":{"@id":"https:\/\/rioonwatch.org.br\/?p=7268#primaryimage"},"image":{"@id":"https:\/\/rioonwatch.org.br\/?p=7268#primaryimage"},"thumbnailUrl":"https:\/\/rioonwatch.org.br\/wp-content\/uploads\/2013\/08\/map-photo.jpg","datePublished":"2013-08-20T12:00:37+00:00","dateModified":"2018-08-28T16:59:09+00:00","breadcrumb":{"@id":"https:\/\/rioonwatch.org.br\/?p=7268#breadcrumb"},"inLanguage":"pt-BR","potentialAction":[{"@type":"ReadAction","target":["https:\/\/rioonwatch.org.br\/?p=7268"]}]},{"@type":"ImageObject","inLanguage":"pt-BR","@id":"https:\/\/rioonwatch.org.br\/?p=7268#primaryimage","url":"https:\/\/rioonwatch.org.br\/wp-content\/uploads\/2013\/08\/map-photo.jpg","contentUrl":"https:\/\/rioonwatch.org.br\/wp-content\/uploads\/2013\/08\/map-photo.jpg","width":800,"height":533},{"@type":"BreadcrumbList","@id":"https:\/\/rioonwatch.org.br\/?p=7268#breadcrumb","itemListElement":[{"@type":"ListItem","position":1,"name":"In\u00edcio","item":"https:\/\/rioonwatch.org.br\/"},{"@type":"ListItem","position":2,"name":"Vila Laboriaux Come\u00e7a a Planejar Respostas aos Desafios da Comunidade"}]},{"@type":"WebSite","@id":"https:\/\/rioonwatch.org.br\/#website","url":"https:\/\/rioonwatch.org.br\/","name":"RioOnWatch","description":"relatos das favelas cariocas","publisher":{"@id":"https:\/\/rioonwatch.org.br\/#organization"},"potentialAction":[{"@type":"SearchAction","target":{"@type":"EntryPoint","urlTemplate":"https:\/\/rioonwatch.org.br\/?s={search_term_string}"},"query-input":{"@type":"PropertyValueSpecification","valueRequired":true,"valueName":"search_term_string"}}],"inLanguage":"pt-BR"},{"@type":"Organization","@id":"https:\/\/rioonwatch.org.br\/#organization","name":"RioOnWatch","url":"https:\/\/rioonwatch.org.br\/","logo":{"@type":"ImageObject","inLanguage":"pt-BR","@id":"https:\/\/rioonwatch.org.br\/#\/schema\/logo\/image\/","url":"https:\/\/rioonwatch.org.br\/wp-content\/uploads\/2021\/06\/RioOnWatchcabecalhoPT11anos-2.png","contentUrl":"https:\/\/rioonwatch.org.br\/wp-content\/uploads\/2021\/06\/RioOnWatchcabecalhoPT11anos-2.png","width":779,"height":277,"caption":"RioOnWatch"},"image":{"@id":"https:\/\/rioonwatch.org.br\/#\/schema\/logo\/image\/"}},{"@type":"Person","@id":"https:\/\/rioonwatch.org.br\/#\/schema\/person\/11d64c290506f9df50c71b850c473f68","name":"Admin","image":{"@type":"ImageObject","inLanguage":"pt-BR","@id":"https:\/\/rioonwatch.org.br\/#\/schema\/person\/image\/","url":"https:\/\/secure.gravatar.com\/avatar\/56211ac74568383903349a1485e3c325?s=96&d=blank&r=g","contentUrl":"https:\/\/secure.gravatar.com\/avatar\/56211ac74568383903349a1485e3c325?s=96&d=blank&r=g","caption":"Admin"},"url":"https:\/\/rioonwatch.org.br\/?author=129"}]}},"_links":{"self":[{"href":"https:\/\/rioonwatch.org.br\/index.php?rest_route=\/wp\/v2\/posts\/7268"}],"collection":[{"href":"https:\/\/rioonwatch.org.br\/index.php?rest_route=\/wp\/v2\/posts"}],"about":[{"href":"https:\/\/rioonwatch.org.br\/index.php?rest_route=\/wp\/v2\/types\/post"}],"author":[{"embeddable":true,"href":"https:\/\/rioonwatch.org.br\/index.php?rest_route=\/wp\/v2\/users\/129"}],"replies":[{"embeddable":true,"href":"https:\/\/rioonwatch.org.br\/index.php?rest_route=%2Fwp%2Fv2%2Fcomments&post=7268"}],"version-history":[{"count":28,"href":"https:\/\/rioonwatch.org.br\/index.php?rest_route=\/wp\/v2\/posts\/7268\/revisions"}],"predecessor-version":[{"id":27890,"href":"https:\/\/rioonwatch.org.br\/index.php?rest_route=\/wp\/v2\/posts\/7268\/revisions\/27890"}],"wp:featuredmedia":[{"embeddable":true,"href":"https:\/\/rioonwatch.org.br\/index.php?rest_route=\/wp\/v2\/media\/27888"}],"wp:attachment":[{"href":"https:\/\/rioonwatch.org.br\/index.php?rest_route=%2Fwp%2Fv2%2Fmedia&parent=7268"}],"wp:term":[{"taxonomy":"category","embeddable":true,"href":"https:\/\/rioonwatch.org.br\/index.php?rest_route=%2Fwp%2Fv2%2Fcategories&post=7268"},{"taxonomy":"post_tag","embeddable":true,"href":"https:\/\/rioonwatch.org.br\/index.php?rest_route=%2Fwp%2Fv2%2Ftags&post=7268"},{"taxonomy":"writer","embeddable":true,"href":"https:\/\/rioonwatch.org.br\/index.php?rest_route=%2Fwp%2Fv2%2Fwriter&post=7268"},{"taxonomy":"translator","embeddable":true,"href":"https:\/\/rioonwatch.org.br\/index.php?rest_route=%2Fwp%2Fv2%2Ftranslator&post=7268"},{"taxonomy":"source","embeddable":true,"href":"https:\/\/rioonwatch.org.br\/index.php?rest_route=%2Fwp%2Fv2%2Fsource&post=7268"},{"taxonomy":"ilustrador","embeddable":true,"href":"https:\/\/rioonwatch.org.br\/index.php?rest_route=%2Fwp%2Fv2%2Filustrador&post=7268"},{"taxonomy":"fotografo","embeddable":true,"href":"https:\/\/rioonwatch.org.br\/index.php?rest_route=%2Fwp%2Fv2%2Ffotografo&post=7268"}],"curies":[{"name":"wp","href":"https:\/\/api.w.org\/{rel}","templated":true}]}}