{"id":72730,"date":"2024-03-14T08:27:21","date_gmt":"2024-03-14T11:27:21","guid":{"rendered":"https:\/\/rioonwatch.org.br\/?p=72730"},"modified":"2024-03-25T18:37:36","modified_gmt":"2024-03-25T21:37:36","slug":"memoria-de-mulher-preta-nao-se-apaga-seis-anos-sem-marielle-franco-e-anderson-gomes","status":"publish","type":"post","link":"https:\/\/rioonwatch.org.br\/?p=72730","title":{"rendered":"Essa Mem\u00f3ria N\u00e3o Se Apaga: Seis Anos Sem Marielle e Anderson"},"content":{"rendered":"<figure id=\"attachment_39302\" aria-describedby=\"caption-attachment-39302\" style=\"width: 2000px\" class=\"wp-caption aligncenter\"><a href=\"https:\/\/rioonwatch.org.br\/wp-content\/uploads\/2019\/03\/img-1.-Marielle_Franco_em_agosto_de_2016.jpg\"><img fetchpriority=\"high\" decoding=\"async\" class=\"wp-image-39302 size-full\" title=\"Marielle Franco discursa na posse do seu primeiro e \u00fanico mandato como vereadora, em 2016. Foto: M\u00eddia Ninja\" src=\"https:\/\/rioonwatch.org.br\/wp-content\/uploads\/2019\/03\/img-1.-Marielle_Franco_em_agosto_de_2016.jpg\" alt=\"Marielle Franco discursa na posse do seu primeiro e \u00fanico mandato como vereadora, em 2016. Foto: M\u00eddia Ninja\" width=\"2000\" height=\"1333\" srcset=\"https:\/\/rioonwatch.org.br\/wp-content\/uploads\/2019\/03\/img-1.-Marielle_Franco_em_agosto_de_2016.jpg 2000w, https:\/\/rioonwatch.org.br\/wp-content\/uploads\/2019\/03\/img-1.-Marielle_Franco_em_agosto_de_2016-620x413.jpg 620w, https:\/\/rioonwatch.org.br\/wp-content\/uploads\/2019\/03\/img-1.-Marielle_Franco_em_agosto_de_2016-944x629.jpg 944w, https:\/\/rioonwatch.org.br\/wp-content\/uploads\/2019\/03\/img-1.-Marielle_Franco_em_agosto_de_2016-768x512.jpg 768w, https:\/\/rioonwatch.org.br\/wp-content\/uploads\/2019\/03\/img-1.-Marielle_Franco_em_agosto_de_2016-1024x682.jpg 1024w\" sizes=\"(max-width: 2000px) 100vw, 2000px\" \/><\/a><figcaption id=\"caption-attachment-39302\" class=\"wp-caption-text\">Marielle Franco discursa na posse do seu primeiro e \u00fanico mandato como vereadora, em 2016. Foto: M\u00eddia Ninja<\/figcaption><\/figure>\n<h4 style=\"text-align: right;\"><em><strong><a href=\"https:\/\/bit.ly\/3TuQK7I\" target=\"_blank\" rel=\"noopener\">Click Here for English<img decoding=\"async\" class=\"alignright wp-image-15790\" src=\"https:\/\/rioonwatch.org.br\/wp-content\/uploads\/2012\/08\/EN-standard-e1439583104716.jpg\" alt=\"\" width=\"20\" height=\"20\" \/><\/a><\/strong><\/em><\/h4>\n<p><em><span style=\"font-weight: 400;\">No dia 14 de mar\u00e7o de 2018, h\u00e1 seis anos, um crime b\u00e1rbaro tirou a vida da Vereadora <a href=\"https:\/\/bit.ly\/2ZubT41\" target=\"_blank\" rel=\"noopener\">Marielle Franco<\/a> e do motorista <a href=\"https:\/\/bit.ly\/3x13awt\" target=\"_blank\" rel=\"noopener\">Anderson Gomes<\/a>. Uma data que jamais ser\u00e1 apagada da mem\u00f3ria do Brasil e do mundo, que se uniu em luto e indigna\u00e7\u00e3o, pedindo por justi\u00e7a. No entanto, at\u00e9 hoje, este feminic\u00eddio pol\u00edtico continua sem respostas. Afinal, n\u00e3o se sabe<\/span><\/em><em>\u00a0<a href=\"https:\/\/bit.ly\/3PmpKGh\" target=\"_blank\" rel=\"noopener\">quem mandou matar Marielle Franco? E por qu\u00ea?<\/a> Daquela fat\u00eddica noite at\u00e9 agora, houve manobras e den\u00fancias de que <a href=\"https:\/\/bit.ly\/3wNw0jU\" target=\"_blank\" rel=\"noopener\">autoridades estariam atrapalhando<\/a> as investiga\u00e7\u00f5es deste crime hediondo. S\u00e3o seis anos de cont\u00ednua revitimiza\u00e7\u00e3o das fam\u00edlias desses dois crias de favela: Marielle, do <a href=\"https:\/\/bit.ly\/3l0WQKR\" target=\"_blank\" rel=\"noopener\">Complexo da Mar\u00e9<\/a>, e Anderson, do <a href=\"https:\/\/bit.ly\/2wIyn5a\" target=\"_blank\" rel=\"noopener\">Complexo do Alem\u00e3o<\/a>.\u00a0<\/em><\/p>\n<h3>Sexto Ano de um Crime Pol\u00edtico Sem Respostas<\/h3>\n<p><span style=\"font-weight: 400;\">A falta de solu\u00e7\u00e3o para esse crime pol\u00edtico exp\u00f5e como \u00e9 fr\u00e1gil e inconsistente a <a href=\"https:\/\/bit.ly\/2YplD1T\" target=\"_blank\" rel=\"noopener\">seguran\u00e7a p\u00fablica<\/a> do Estado do Rio de Janeiro. N\u00e3o somente por n\u00e3o proteger uma parlamentar no exerc\u00edcio de seu mandato, mas tamb\u00e9m por tolerar articula\u00e7\u00f5es para encobertar os verdadeiros envolvidos. Hoje, ainda que haja presos supostamente respons\u00e1veis pela execu\u00e7\u00e3o, Ronnie Lessa e \u00c9lcio Queiroz, as autoridades n\u00e3o identificaram o mandante do crime. A motiva\u00e7\u00e3o tamb\u00e9m segue sendo um mist\u00e9rio.<\/span><\/p>\n<blockquote><p>\u201cA execu\u00e7\u00e3o brutal de Marielle e Anderson \u00e9 uma afronta \u00e0 democracia. \u00c9 uma afronta \u00e0 vida de todas as mulheres negras. \u00c9 uma afronta a todas as LGBTQIAP+. \u00c9 uma afronta \u00e0 favela. \u00c9 uma afronta aos mais pobres. Marielle foi executada de uma forma t\u00e3o brutal que aterrorizou o mundo.\u201d \u2014 <a href=\"https:\/\/bit.ly\/3v81EZ9\" target=\"_blank\" rel=\"noopener\">Camila Marins<\/a>, jornalista<\/p><\/blockquote>\n<p><span style=\"font-weight: 400;\">A facilidade e senso de tranquilidade que os assassinos tiveram em arquitetar, seguir o ve\u00edculo, fazer tocaia e atirar contra at\u00e9 uma representante eleita, perto do <a href=\"https:\/\/bit.ly\/2x1dXEP\" target=\"_blank\" rel=\"noopener\">Centro<\/a> da cidade do Rio de Janeiro, a poucos quil\u00f4metros da sede da prefeitura, mostra a <a href=\"https:\/\/bit.ly\/49QB6L2\" target=\"_blank\" rel=\"noopener\">vulnerabilidade a que os corpos negros<\/a> s\u00e3o expostos.<\/span><\/p>\n<figure id=\"attachment_62251\" aria-describedby=\"caption-attachment-62251\" style=\"width: 2560px\" class=\"wp-caption aligncenter\"><a href=\"https:\/\/rioonwatch.org.br\/wp-content\/uploads\/2022\/07\/No-dia-27-de-julho-de-2022-aconteceu-a-inauguracao-da-estatua-de-Marielle-Franco-feita-pelo-artista-Edgar-Duvivier-no-Buraco-do-Lume-espaco-historico-de-atuacao-da-parlamentar-no-Centro-da-cidade.-scaled.jpg\"><img decoding=\"async\" class=\"wp-image-62251 size-full\" title=\"No dia 27 de julho de 2022, aconteceu a inaugura\u00e7\u00e3o da est\u00e1tua de Marielle Franco, feita pelo artista Edgar Duvivier, no Buraco do Lume, no Centro, espa\u00e7o hist\u00f3rico de atua\u00e7\u00e3o pol\u00edtica da parlamentar do Complexo da Mar\u00e9, asassinada em 2018 a poucos quil\u00f4metros do local. Foto: Alexandre Cerqueira\/ComCat\" src=\"https:\/\/rioonwatch.org.br\/wp-content\/uploads\/2022\/07\/No-dia-27-de-julho-de-2022-aconteceu-a-inauguracao-da-estatua-de-Marielle-Franco-feita-pelo-artista-Edgar-Duvivier-no-Buraco-do-Lume-espaco-historico-de-atuacao-da-parlamentar-no-Centro-da-cidade.-scaled.jpg\" alt=\"No dia 27 de julho de 2022, aconteceu a inaugura\u00e7\u00e3o da est\u00e1tua de Marielle Franco, feita pelo artista Edgar Duvivier, no Buraco do Lume, no Centro, espa\u00e7o hist\u00f3rico de atua\u00e7\u00e3o pol\u00edtica da parlamentar do Complexo da Mar\u00e9, asassinada em 2018 a poucos quil\u00f4metros do local. Foto: Alexandre Cerqueira\/ComCat\" width=\"2560\" height=\"1707\" srcset=\"https:\/\/rioonwatch.org.br\/wp-content\/uploads\/2022\/07\/No-dia-27-de-julho-de-2022-aconteceu-a-inauguracao-da-estatua-de-Marielle-Franco-feita-pelo-artista-Edgar-Duvivier-no-Buraco-do-Lume-espaco-historico-de-atuacao-da-parlamentar-no-Centro-da-cidade.-scaled.jpg 2560w, https:\/\/rioonwatch.org.br\/wp-content\/uploads\/2022\/07\/No-dia-27-de-julho-de-2022-aconteceu-a-inauguracao-da-estatua-de-Marielle-Franco-feita-pelo-artista-Edgar-Duvivier-no-Buraco-do-Lume-espaco-historico-de-atuacao-da-parlamentar-no-Centro-da-cidade.-620x413.jpg 620w, https:\/\/rioonwatch.org.br\/wp-content\/uploads\/2022\/07\/No-dia-27-de-julho-de-2022-aconteceu-a-inauguracao-da-estatua-de-Marielle-Franco-feita-pelo-artista-Edgar-Duvivier-no-Buraco-do-Lume-espaco-historico-de-atuacao-da-parlamentar-no-Centro-da-cidade.-944x629.jpg 944w\" sizes=\"(max-width: 2560px) 100vw, 2560px\" \/><\/a><figcaption id=\"caption-attachment-62251\" class=\"wp-caption-text\">No dia 27 de julho de 2022, aconteceu a inaugura\u00e7\u00e3o da est\u00e1tua de Marielle Franco, feita pelo artista Edgar Duvivier, no Buraco do Lume, no Centro, espa\u00e7o hist\u00f3rico de atua\u00e7\u00e3o pol\u00edtica da parlamentar do Complexo da Mar\u00e9, assassinada em 2018 a poucos quil\u00f4metros do local. Foto: Alexandre Cerqueira\/RioOnWatch<\/figcaption><\/figure>\n<p>Giniton Lages, primeiro delegado a investigar o crime e autor do livro<i> <\/i><a href=\"https:\/\/bit.ly\/3VbVbHb\" target=\"_blank\" rel=\"noopener\"><i>Quem Matou Marielle?<\/i><\/a>, disse, em <a href=\"https:\/\/bit.ly\/4a2kNui\" target=\"_blank\" rel=\"noopener\">entrevista ao <em>Intercept Brasil<\/em><\/a>, no in\u00edcio das investiga\u00e7\u00f5es, que \u201calgu\u00e9m dava informa\u00e7\u00f5es privilegiadas aos criminosos\u201d. Na \u00e9poca do crime, Giniton ainda n\u00e3o era respons\u00e1vel pela Divis\u00e3o de Homic\u00eddios, mas tornou-se delegado titular e assumiu as investiga\u00e7\u00f5es do caso da vereadora tr\u00eas dias depois do assassinato da parlmentar. Ainda sob sua gest\u00e3o, quase um ano depois dos assassinatos, os <a href=\"https:\/\/bit.ly\/48Upkhr\" target=\"_blank\" rel=\"noopener\">executores de Marielle foram presos<\/a>. Giniton foi escolhido por ter tido sucesso na condu\u00e7\u00e3o das investiga\u00e7\u00f5es do <a href=\"https:\/\/bit.ly\/3Jjzldk\" target=\"_blank\" rel=\"noopener\">assassinato da Ju\u00edza Patr\u00edcia Acioli<\/a>, que aconteceu em 2011. No entanto, poucos dias depois das pris\u00f5es, o delegado <a href=\"https:\/\/bit.ly\/3IHNCjP\" target=\"_blank\" rel=\"noopener\">foi afastado do caso<\/a>, ainda em mar\u00e7o de 2019.<\/p>\n<p>Ambos os presos n\u00e3o denunciaram seus contratantes durante anos. At\u00e9 que, em 2023, <a href=\"https:\/\/bit.ly\/3v959OY\" target=\"_blank\" rel=\"noopener\">\u00c9lcio Queiroz aceita falar<\/a> e, em 2024, seu comparsa, Ronnie Lessa, segue o mesmo caminho e faz um <a href=\"https:\/\/bit.ly\/3VcNGjh\" target=\"_blank\" rel=\"noopener\">acordo de dela\u00e7\u00e3o premiada<\/a>, onde\u00a0apontou o conselheiro do Tribunal de Contas do Rio de Janeiro <a href=\"https:\/\/bit.ly\/48UzQFe\" target=\"_blank\" rel=\"noopener\">Domingos Braz\u00e3o<\/a> como um \u201cposs\u00edvel\u201d mandante do crime. Braz\u00e3o nega as acusa\u00e7\u00f5es e o caso segue sem respostas, sem um mandante comprovado e em segredo de justi\u00e7a.<\/p>\n<p>Domingos Braz\u00e3o, no entanto, <a href=\"https:\/\/bit.ly\/2wsPuL4\" target=\"_blank\" rel=\"noopener\">n\u00e3o foi o primeiro pol\u00edtico<\/a> apontado como \u201cposs\u00edvel\u201d mandante, o que s\u00f3 refor\u00e7a a tese de que o processo inquisitorial foi, durante bastante tempo, conduzido de maneira inconsistente, irrespons\u00e1vel e <a href=\"https:\/\/bit.ly\/3x2JgBh\" target=\"_blank\" rel=\"noopener\">sofreu influ\u00eancia pol\u00edtica<\/a>.<\/p>\n<p><span style=\"font-weight: 400;\">Os afastamentos e trocas repentinas na condu\u00e7\u00e3o das investiga\u00e7\u00f5es chamam aten\u00e7\u00e3o nesse caso.<\/span><span style=\"font-weight: 400;\"> Assim como na Pol\u00edcia Civil (<a href=\"https:\/\/bit.ly\/2Z6b593\" target=\"_blank\" rel=\"noopener\">PCERJ<\/a>), ainda em 2021, poucos meses depois do afastamento de Giniton, no <a href=\"https:\/\/bit.ly\/3229Ys5\" target=\"_blank\" rel=\"noopener\">Minist\u00e9rio P\u00fablico do Estado do Rio de Janeiro<\/a>, houve trocas inoportunas \u00e0 resolu\u00e7\u00e3o do crime que levaram as<\/span><span style=\"font-weight: 400;\"> promotoras Let\u00edcia Petriz e Simone Sibilio a pedirem afastamento do caso. Com a sa\u00edda desses tr\u00eas personagens das investiga\u00e7\u00f5es, os anos se passaram com poucos avan\u00e7os.<\/span><\/p>\n<blockquote><p>\u201cEssa demora&#8230; \u00e9, de fato, para que n\u00e3o saibamos quem est\u00e1 por detr\u00e1s&#8230; [mas seguimos] de cabe\u00e7a erguida e com toda a compet\u00eancia de governar. Ent\u00e3o, saber quem mandou matar Marielle \u00e9 tamb\u00e9m saber, n\u00e3o pra n\u00f3s que j\u00e1 sabemos, mas para todo o pa\u00eds, uma cidade, um estado&#8230; do que o racismo institucional e estrutural faz com as nossas vidas.\u201d \u2014 <a href=\"https:\/\/bit.ly\/42c7QuF\" target=\"_blank\" rel=\"noopener\">Monica Cunha<\/a>, fundadora do <a href=\"https:\/\/bit.ly\/3gZcMgR\" target=\"_blank\" rel=\"noopener\">Movimento Moleque<\/a> e vereadora do Rio de Janeiro<\/p><\/blockquote>\n<p>Essa percep\u00e7\u00e3o de morosidade e interfer\u00eancia pol\u00edtica sobre as investiga\u00e7\u00f5es no n\u00edvel estadual levou a muita discuss\u00e3o e <a href=\"https:\/\/bit.ly\/3TjgJPq\" target=\"_blank\" rel=\"noopener\">at\u00e9 a campanhas<\/a> sobre a <a href=\"https:\/\/bit.ly\/3Tzoq5l\" target=\"_blank\" rel=\"noopener\">federaliza\u00e7\u00e3o ou n\u00e3o do caso<\/a>. At\u00e9 que, em 2023, o ex-Ministro da Justi\u00e7a <a href=\"https:\/\/bit.ly\/3k8vK93\" target=\"_blank\" rel=\"noopener\">Fl\u00e1vio Dino<\/a> decidiu que o caso n\u00e3o seria federalizado, mas que a Pol\u00edcia Federal (PF) atuaria em paralelo e em apoio \u00e0 Pol\u00edcia Civil e ao Minist\u00e9rio P\u00fablico fluminenses. Para tal, o ex-ministro decretou a abertura de um inqu\u00e9rito na PF sobre o feminic\u00eddio da vereadora. Segundo fontes da PF, o caso finalmente est\u00e1 andando e \u00e9 esperado que, <a href=\"https:\/\/bit.ly\/3PmBetz\" target=\"_blank\" rel=\"noopener\">ainda em 2024<\/a>, haja uma resposta bem fundamentada sobre o mandante do assassinato de Marielle Franco.<\/p>\n<h3>Sobre Marielle Franco<\/h3>\n<p>Mas, afinal de contas, quem foi Marielle Franco? Hoje, esse nome <a href=\"https:\/\/bit.ly\/39uuDZd\" target=\"_blank\" rel=\"noopener\">ecoa pelos quatro cantos do mundo<\/a>. Marielle Francisco da Silva era filha, irm\u00e3, m\u00e3e, esposa, parlamentar, militante comprometida com diversas causas e favelada. Foi essa a figura que <a href=\"https:\/\/bit.ly\/2Ivzm24\" target=\"_blank\" rel=\"noopener\">tentaram calar<\/a>. Foi filha de Marinete da Silva e Ant\u00f4nio Francisco da Silva Neto. Foi irm\u00e3 de Anielle Franco, <a href=\"https:\/\/bit.ly\/3XLypUy\" target=\"_blank\" rel=\"noopener\">hoje ministra da igualdade racial<\/a>. Foi m\u00e3e da jovem Luyara Franco. Negra, mulher, LGBTQ+, vinda de fam\u00edlia pobre, filha de migrantes e moradora de favela, a educa\u00e7\u00e3o foi vista como caminho para alcan\u00e7ar lugares inimagin\u00e1veis.<\/p>\n<figure id=\"attachment_62296\" aria-describedby=\"caption-attachment-62296\" style=\"width: 2560px\" class=\"wp-caption aligncenter\"><a href=\"https:\/\/rioonwatch.org.br\/wp-content\/uploads\/2022\/07\/Vereadora-Monica-Benicio-viuva-de-Marielle-discursa-sobre-a-memoria-e-legado-de-sua-companheira-scaled.jpg\"><img loading=\"lazy\" decoding=\"async\" class=\"wp-image-62296 size-full\" title=\"Vereadora M\u00f4nica Ben\u00edcio (PSOL-RJ), vi\u00fava de Marielle, discursa sobre a mem\u00f3ria e o legado de sua companheira ao lado de seus sogros, cunhada e enteada, no Buraco do Lume, na inaugura\u00e7\u00e3o da Est\u00e1tua de Marielle Franco. Foto: Alexandre Cerqueira\/ComCat\" src=\"https:\/\/rioonwatch.org.br\/wp-content\/uploads\/2022\/07\/Vereadora-Monica-Benicio-viuva-de-Marielle-discursa-sobre-a-memoria-e-legado-de-sua-companheira-scaled.jpg\" alt=\"Vereadora M\u00f4nica Ben\u00edcio (PSOL-RJ), vi\u00fava de Marielle, discursa sobre a mem\u00f3ria e o legado de sua companheira ao lado de seus sogros, cunhada e enteada, no Buraco do Lume, na inaugura\u00e7\u00e3o da Est\u00e1tua de Marielle Franco. Foto: Alexandre Cerqueira\/ComCat\" width=\"2560\" height=\"1707\" srcset=\"https:\/\/rioonwatch.org.br\/wp-content\/uploads\/2022\/07\/Vereadora-Monica-Benicio-viuva-de-Marielle-discursa-sobre-a-memoria-e-legado-de-sua-companheira-scaled.jpg 2560w, https:\/\/rioonwatch.org.br\/wp-content\/uploads\/2022\/07\/Vereadora-Monica-Benicio-viuva-de-Marielle-discursa-sobre-a-memoria-e-legado-de-sua-companheira-620x413.jpg 620w, https:\/\/rioonwatch.org.br\/wp-content\/uploads\/2022\/07\/Vereadora-Monica-Benicio-viuva-de-Marielle-discursa-sobre-a-memoria-e-legado-de-sua-companheira-944x629.jpg 944w\" sizes=\"(max-width: 2560px) 100vw, 2560px\" \/><\/a><figcaption id=\"caption-attachment-62296\" class=\"wp-caption-text\">Vereadora M\u00f4nica Ben\u00edcio (PSOL-RJ), vi\u00fava de Marielle, discursa sobre a mem\u00f3ria e o legado de sua companheira ao lado de seus sogros, cunhada e enteada, no Buraco do Lume, na inaugura\u00e7\u00e3o da est\u00e1tua de Marielle Franco. Foto: Alexandre Cerqueira\/RioOnWatch<\/figcaption><\/figure>\n<p><span style=\"font-weight: 400;\">Marielle Franco pavimentou a sua educa\u00e7\u00e3o com uma forma\u00e7\u00e3o de base comunit\u00e1ria, contrariando as estat\u00edsticas. A partir do curso pr\u00e9-vestibular do Centro de Estudos e A\u00e7\u00f5es Solid\u00e1rias da Mar\u00e9 (<a href=\"https:\/\/bit.ly\/3JGl1f2\" target=\"_blank\" rel=\"noopener\">CEASM<\/a>), ela ingressou na gradua\u00e7\u00e3o da <a href=\"https:\/\/bit.ly\/3eoFKDN\" target=\"_blank\" rel=\"noopener\">PUC-Rio<\/a>, como bolsista do <a href=\"https:\/\/bit.ly\/2WrdhqM\" target=\"_blank\" rel=\"noopener\">Prouni<\/a>, e cursou Ci\u00eancias Sociais. Depois, tornou-se mestra em Administra\u00e7\u00e3o P\u00fablica pela Universidade Federal Fluminense (<a href=\"https:\/\/bit.ly\/3h2kC6O\" target=\"_blank\" rel=\"noopener\">UFF<\/a>). Foi durante anos assessora parlamentar de <a href=\"https:\/\/rioonwatch.org.br\/?tag=marcelo-freixo\" target=\"_blank\" rel=\"noopener\">Marcelo Freixo<\/a> e coordenadora da <a href=\"https:\/\/bit.ly\/3jN6tML\" target=\"_blank\" rel=\"noopener\">Comiss\u00e3o de Direitos Humanos<\/a> da <a href=\"https:\/\/bit.ly\/3crY2BE\" target=\"_blank\" rel=\"noopener\">ALERJ<\/a>, at\u00e9 que, em 2016, foi eleita vereadora, sendo a <a href=\"https:\/\/bit.ly\/3veKfxR\" target=\"_blank\" rel=\"noopener\">quinta mais votada<\/a> daquela elei\u00e7\u00e3o.<\/span><\/p>\n<blockquote><p>\u201cA for\u00e7a e a coragem de Marielle continuam a ecoar, de forma desafiadora. E este legado \u00e9 profundamente inspirado no estilo pol\u00edtico e na identidade singular de uma mulher negra, ativista e feminista que se recusava a ser interrompida.&#8221; \u2014 Edmeire Exalta\u00e7\u00e3o, soci\u00f3loga e diretora da <a href=\"https:\/\/bit.ly\/3hOg21T\" target=\"_blank\" rel=\"noopener\">Casa das Pretas<\/a><\/p><\/blockquote>\n<p>Segundo a jornalista e mestranda em Pol\u00edticas P\u00fablicas em Direitos Humanos pela UFRJ, Camila Marins, essa vota\u00e7\u00e3o hist\u00f3rica n\u00e3o foi \u00e0 toa. Isso se deveu ao fato de que multid\u00f5es se sentiam representadas por Marielle Franco, viam-se a si mesmos atrav\u00e9s dela.<\/p>\n<blockquote><p><span style=\"font-weight: 400;\">\u201c<\/span><span style=\"font-weight: 400;\">Marielle representava muitas de n\u00f3s, mulheres negras que ousam sonhar por um mundo justo e solid\u00e1rio. Representa mulheres negras que ousam desafiar e desestabilizar as estruturas, ocupar a pol\u00edtica. Quando chegamos nesses espa\u00e7os de poder, ocupamos do nosso jeito: com nossa \u00e9tica, com nossa est\u00e9tica, com nossa \u00e9tica feminista de <a href=\"https:\/\/bit.ly\/34mhrnh\" target=\"_blank\" rel=\"noopener\">quilombo<\/a>.\u201d \u2014 Camila Marins<\/span><\/p><\/blockquote>\n<figure id=\"attachment_39379\" aria-describedby=\"caption-attachment-39379\" style=\"width: 1200px\" class=\"wp-caption aligncenter\"><a href=\"https:\/\/rioonwatch.org.br\/wp-content\/uploads\/2019\/03\/Marielle-Franco-exibe-em-sua-camisa-a-frase-Direita-a-Favela.jpg\"><img loading=\"lazy\" decoding=\"async\" class=\"wp-image-39379 size-full\" title=\"Marielle Franco exibe em sua camisa a frase Direito \u00e0 Favela. Foto: Arquivo do primeiro encontro Direito \u00e0 Favela\" src=\"https:\/\/rioonwatch.org.br\/wp-content\/uploads\/2019\/03\/Marielle-Franco-exibe-em-sua-camisa-a-frase-Direita-a-Favela.jpg\" alt=\"Marielle Franco exibe em sua camisa a frase Direito \u00e0 Favela. Foto: Arquivo do primeiro encontro Direito \u00e0 Favela\" width=\"1200\" height=\"480\" srcset=\"https:\/\/rioonwatch.org.br\/wp-content\/uploads\/2019\/03\/Marielle-Franco-exibe-em-sua-camisa-a-frase-Direita-a-Favela.jpg 1200w, https:\/\/rioonwatch.org.br\/wp-content\/uploads\/2019\/03\/Marielle-Franco-exibe-em-sua-camisa-a-frase-Direita-a-Favela-620x248.jpg 620w, https:\/\/rioonwatch.org.br\/wp-content\/uploads\/2019\/03\/Marielle-Franco-exibe-em-sua-camisa-a-frase-Direita-a-Favela-768x307.jpg 768w, https:\/\/rioonwatch.org.br\/wp-content\/uploads\/2019\/03\/Marielle-Franco-exibe-em-sua-camisa-a-frase-Direita-a-Favela-1024x410.jpg 1024w\" sizes=\"(max-width: 1200px) 100vw, 1200px\" \/><\/a><figcaption id=\"caption-attachment-39379\" class=\"wp-caption-text\">Marielle Franco exibe em sua camisa a frase Direito \u00e0 Favela. Foto: Arquivo do primeiro encontro Direito \u00e0 Favela<\/figcaption><\/figure>\n<p>Para a assistente social Ana Gilda Soares dos Santos, o assassinato de Marielle foi um recado para as mulheres negras e o refor\u00e7o da intimida\u00e7\u00e3o para o povo preto e de favela. Contudo, para ela, depois deste crime pol\u00edtico, a palavra de ordem \u00e9: \u201ca cada uma de n\u00f3s que cair, dez iremos nos levantar\u201d.<\/p>\n<p>Marielle sempre foi movimento. E \u00e9 exatamente isso que Edmeire Exalta\u00e7\u00e3o, que dirige a Casa das Pretas, \u00faltimo lugar em que Marielle esteve em vida, relembra ao falar da parlamentar e ativista mareense.<\/p>\n<blockquote><p>\u201cEla foi uma mulher negra ativista, lideran\u00e7a incans\u00e1vel, de muita representatividade para o movimento feminista, mas principalmente para o movimento de mulheres negras do Rio de Janeiro. Infelizmente, foi v\u00edtima de uma viol\u00eancia covarde e mis\u00f3gina, refletindo os aspectos sombrios e desumanos da pol\u00edtica brasileira. Como jovem vereadora negra, carregava a esperan\u00e7a e a determina\u00e7\u00e3o de lutar pela representatividade e pelos direitos das mulheres negras, tinha um futuro promissor que foi tragicamente interrompido. Sua morte foi um golpe devastador na luta das mulheres por justi\u00e7a social e igualdade. Deixando um imenso vazio.\u201d \u2014 Edmeire Exalta\u00e7\u00e3o<\/p><\/blockquote>\n<h3>Sobre Anderson Gomes<\/h3>\n<figure id=\"attachment_66821\" aria-describedby=\"caption-attachment-66821\" style=\"width: 500px\" class=\"wp-caption alignright\"><a href=\"https:\/\/rioonwatch.org.br\/wp-content\/uploads\/2023\/03\/Agatha-Reis-esposa-de-Anderson-Gomes-fala-ao-publico-durante-o-Festival.-Foto-Barbara-Dias.jpg\"><img loading=\"lazy\" decoding=\"async\" class=\"wp-image-66821\" title=\"Agatha Reis, esposa de Anderson Gomes, fala ao p\u00fablico durante o Festival Justi\u00e7a por Marielle e Anderson 2023. Foto: B\u00e1rbara Dias\" src=\"https:\/\/rioonwatch.org.br\/wp-content\/uploads\/2023\/03\/Agatha-Reis-esposa-de-Anderson-Gomes-fala-ao-publico-durante-o-Festival.-Foto-Barbara-Dias-620x411.jpg\" alt=\"Agatha Reis, esposa de Anderson Gomes, fala ao p\u00fablico durante o Festival Justi\u00e7a por Marielle e Anderson 2023. Foto: B\u00e1rbara Dias\" width=\"500\" height=\"331\" srcset=\"https:\/\/rioonwatch.org.br\/wp-content\/uploads\/2023\/03\/Agatha-Reis-esposa-de-Anderson-Gomes-fala-ao-publico-durante-o-Festival.-Foto-Barbara-Dias-620x411.jpg 620w, https:\/\/rioonwatch.org.br\/wp-content\/uploads\/2023\/03\/Agatha-Reis-esposa-de-Anderson-Gomes-fala-ao-publico-durante-o-Festival.-Foto-Barbara-Dias-949x629.jpg 949w, https:\/\/rioonwatch.org.br\/wp-content\/uploads\/2023\/03\/Agatha-Reis-esposa-de-Anderson-Gomes-fala-ao-publico-durante-o-Festival.-Foto-Barbara-Dias.jpg 2000w\" sizes=\"(max-width: 500px) 100vw, 500px\" \/><\/a><figcaption id=\"caption-attachment-66821\" class=\"wp-caption-text\">Agatha Reis, esposa de Anderson Gomes, fala ao p\u00fablico durante o Festival Justi\u00e7a por Marielle e Anderson 2023. Foto: B\u00e1rbara Dias<\/figcaption><\/figure>\n<p>E Anderson Gomes? <a href=\"https:\/\/glo.bo\/36nrtDQ\" target=\"_blank\" rel=\"noopener\">Anderson Pedro Gomes<\/a> era casado com Agatha Arnaus e pai de Arthur que, na \u00e9poca do crime tinha apenas um ano de vida. Cria de favela, assim como Marielle, nasceu e cresceu no <a href=\"https:\/\/bit.ly\/2QVpcJt\" target=\"_blank\" rel=\"noopener\">Morro da Fazendinha<\/a>, no Complexo do Alem\u00e3o. Na noite de seu assassinato, trabalhava como motorista substituto para a parlamentar. Dirigindo, foi alvejado pelas costas na noite de 14 de mar\u00e7o junto com a vereadora, enquanto a levava para casa depois de um exaustivo dia de trabalho.<\/p>\n<p>Um pouco antes do crime, Anderson ligou para a esposa e comentou que estava ansioso para ver o Flamengo jogar na Libertadores. Um trabalhador, um homem de 39 anos, um cria cheio de sonhos, que teve sua vida interrompida pela emboscada de um crime pol\u00edtico, com o qual nada tinha a ver.<\/p>\n<h3>Insurg\u00eancia de Mulheres Negras<\/h3>\n<blockquote><p><span style=\"font-weight: 400;\">\u201cMarielle Franco nasce para ser b\u00fassola, para determinar que n\u00e3o poderia mais ter uma mulher negra dentro do parlamento por vez: ou entrava como bonde ou entrava como bonde. Ent\u00e3o, a representatividade e o legado de Marielle nos diz que n\u00f3s temos que estar em todos os lugares que quisermos. Que n\u00f3s, que nascemos negras, temos que ocupar de verdade o nosso lugar dentro dessa cidade, dentro desse Estado, dentro desse pa\u00eds que \u00e9 nosso, que a gente construiu.\u201d<\/span><span style=\"font-weight: 400;\"> \u2014 Monica Cunha<\/span><\/p><\/blockquote>\n<p><span style=\"font-weight: 400;\">Afirmando o compromisso com o legado de Marielle Franco, mulheres negras emergiram <a href=\"https:\/\/bit.ly\/3jnPv9Z\" target=\"_blank\" rel=\"noopener\">do luto \u00e0 luta<\/a>: <a href=\"https:\/\/bit.ly\/359LvkT\" target=\"_blank\" rel=\"noopener\">Renata Souza<\/a>, <a href=\"https:\/\/bit.ly\/2LKYKmf\" target=\"_blank\" rel=\"noopener\">Monica Francisco<\/a>, Camila Marins, <a href=\"https:\/\/bit.ly\/49TAzb2\" target=\"_blank\" rel=\"noopener\">Silvia de Mendon\u00e7a<\/a>, <a href=\"https:\/\/bit.ly\/3o6kX11\" target=\"_blank\" rel=\"noopener\">Thais Ferreira<\/a>, <a href=\"https:\/\/bit.ly\/3CVgvqT\" target=\"_blank\" rel=\"noopener\">Tal\u00edria Petrone<\/a>, <a href=\"https:\/\/bit.ly\/3H8wyn5\" target=\"_blank\" rel=\"noopener\">Tain\u00e1 de Paula<\/a>, Monica Cunha, <a href=\"https:\/\/bit.ly\/3PlDnps\" target=\"_blank\" rel=\"noopener\">Benny Briolly<\/a>, <a href=\"https:\/\/bit.ly\/3Tl6IzB\" target=\"_blank\" rel=\"noopener\">Dani Monteiro<\/a>\u00a0e muitas outras que, mesmo diante da barb\u00e1rie, n\u00e3o recuaram e seguem na constru\u00e7\u00e3o da hist\u00f3ria e no embate constante para a garantia dos direitos humanos das pessoas pretas.<\/span><\/p>\n<p>Da mesma maneira, os pedidos por justi\u00e7a n\u00e3o recuar\u00e3o. \u00c9 preciso lembrar que a falta de respostas sobre o caso de Marielle Francisco da Silva e Anderson Pedro Gomes \u00e9 uma vergonha para o Estado brasileiro que completa seis anos hoje. Seus assassinatos impunes p\u00f5em em xeque a pr\u00f3pria democracia brasileira. \u00c9 por isso que, hoje, quinta-feira (14), na Pra\u00e7a Mau\u00e1, a partir das 17h, acontece <a href=\"https:\/\/bit.ly\/3lrRY6Y\" target=\"_blank\" rel=\"noopener\">mais uma edi\u00e7\u00e3o<\/a> do Festival Justi\u00e7a por Marielle e Anderson. O evento \u00e9 gratuito e re\u00fane diversos artistas, alguns deles, crias do Complexo da Mar\u00e9, ber\u00e7o de Marielle.<\/p>\n<figure id=\"attachment_72756\" aria-describedby=\"caption-attachment-72756\" style=\"width: 1080px\" class=\"wp-caption aligncenter\"><a href=\"https:\/\/rioonwatch.org.br\/wp-content\/uploads\/2024\/03\/Programacao-do-Festival-Justica-por-Marielle-e-Anderson-2024.-Foto-Redes-Sociais.jpg\"><img loading=\"lazy\" decoding=\"async\" class=\"wp-image-72756 size-full\" title=\"Programa\u00e7\u00e3o do Festival Justi\u00e7a por Marielle e Anderson 2024. Foto: Redes Sociais\" src=\"https:\/\/rioonwatch.org.br\/wp-content\/uploads\/2024\/03\/Programacao-do-Festival-Justica-por-Marielle-e-Anderson-2024.-Foto-Redes-Sociais.jpg\" alt=\"Programa\u00e7\u00e3o do Festival Justi\u00e7a por Marielle e Anderson 2024. Foto: Redes Sociais\" width=\"1080\" height=\"1350\" srcset=\"https:\/\/rioonwatch.org.br\/wp-content\/uploads\/2024\/03\/Programacao-do-Festival-Justica-por-Marielle-e-Anderson-2024.-Foto-Redes-Sociais.jpg 1080w, https:\/\/rioonwatch.org.br\/wp-content\/uploads\/2024\/03\/Programacao-do-Festival-Justica-por-Marielle-e-Anderson-2024.-Foto-Redes-Sociais-496x620.jpg 496w\" sizes=\"(max-width: 1080px) 100vw, 1080px\" \/><\/a><figcaption id=\"caption-attachment-72756\" class=\"wp-caption-text\">Programa\u00e7\u00e3o do Festival Justi\u00e7a por Marielle e Anderson 2024. Foto: Redes Sociais<\/figcaption><\/figure>\n<p><em>Sobre a autora: <a href=\"https:\/\/bit.ly\/3fsN4Qb\" target=\"_blank\" rel=\"noopener\">Cynthia Rachel Pereira Lima<\/a>, carioca, moradora da\u00a0Zona Norte, \u00e9 mestra em Cultura e Territorialidades pela <a href=\"http:\/\/bit.ly\/2wR1FPk\" target=\"_blank\" rel=\"noopener\">UFF<\/a>. Atualmente, integra o Coletivo <a href=\"http:\/\/bit.ly\/2YDDnrL\" target=\"_blank\" rel=\"noopener\">Encruzilhada Feminina<\/a>, onde escreveu e dirige a pe\u00e7a \u201cEncruzilhada Feminina\u201d (2018); \u201cO menino Omulu\u201d (2019), \u201cAt\u00e9 o fim \u2013 Mulheres, Mem\u00f3rias e Afins\u201d (2020). Comp\u00f5e o projeto <a href=\"https:\/\/bit.ly\/3eZEFDt\" target=\"_blank\" rel=\"noopener\">Preto no Palco<\/a>, que registra a cena negra.<\/em><\/p>\n<hr \/>\n<h4><b data-stringify-type=\"bold\">Apoie nossos esfor\u00e7os para fornecer apoio estrat\u00e9gico \u00e0s favelas do Rio, incluindo o jornalismo hiperlocal, cr\u00edtico, inovador e incans\u00e1vel do\u00a0<\/b><b data-stringify-type=\"bold\"><i data-stringify-type=\"italic\">RioOnWatch<\/i><\/b>\u2014<a class=\"c-link\" href=\"http:\/\/www.bit.ly\/ApoieROW\" target=\"_blank\" rel=\"noopener noreferrer\" data-stringify-link=\"http:\/\/www.bit.ly\/ApoieROW\" data-sk=\"tooltip_parent\">doe aqui<\/a>.<\/h4>\n<!-- AddThis Advanced Settings generic via filter on the_content --><!-- AddThis Share Buttons generic via filter on the_content -->","protected":false},"excerpt":{"rendered":"<div class=\"mh-excerpt\"><p>Click Here for English No dia 14 de mar\u00e7o de 2018, h\u00e1 seis anos, um crime b\u00e1rbaro tirou a vida da Vereadora Marielle Franco e do motorista Anderson Gomes. Uma data que jamais ser\u00e1 apagada <a class=\"mh-excerpt-more\" href=\"https:\/\/rioonwatch.org.br\/?p=72730\" title=\"Essa Mem\u00f3ria N\u00e3o Se Apaga: Seis Anos Sem Marielle e Anderson\">[&#8230;]<\/a><!-- AddThis Advanced Settings generic via filter on get_the_excerpt --><!-- AddThis Share Buttons generic via filter on get_the_excerpt --><\/p>\n<\/div>","protected":false},"author":179,"featured_media":39302,"comment_status":"closed","ping_status":"closed","sticky":false,"template":"template-full.php","format":"standard","meta":{"_acf_changed":false,"_monsterinsights_skip_tracking":false,"_monsterinsights_sitenote_active":false,"_monsterinsights_sitenote_note":"","_monsterinsights_sitenote_category":0,"footnotes":""},"categories":[1621,3175,3206,1620],"tags":[1259,1754,2357,259,1515,332,217,513,2556,479,3143,316,3312,3389,483,2033,2178,3303,3241,2555,835,3061,2378,1849,3234,1989,1545,567,2491,672,2492,2483,3296,2153,2387,3176,218],"writer":[3045],"translator":[],"source":[],"ilustrador":[],"fotografo":[],"class_list":{"0":"post-72730","1":"post","2":"type-post","3":"status-publish","4":"format-standard","5":"has-post-thumbnail","7":"category-destaque","8":"category-democracia","9":"category-representatividade","10":"category-olhonaupp","11":"tag-assassinato","12":"tag-camara-dos-vereadores","13":"tag-ceasm","14":"tag-centro","15":"tag-comissao-de-direitos-humanos-alerj","16":"tag-complexo-da-mare","17":"tag-complexo-do-alemao","18":"tag-cultura-afro-brasileira","19":"tag-dani-monteiro-psol","20":"tag-democracia","21":"tag-direito-a-favela","22":"tag-educacao","23":"tag-feminicidio-politico","24":"tag-flavio-dino","25":"tag-marcelo-freixo","26":"tag-marielle-franco","27":"tag-ministerio-publico","28":"tag-monica-benicio","29":"tag-monica-cunha","30":"tag-monica-francisco","31":"tag-morro-da-fazendinha","32":"tag-movimento-moleque","33":"tag-policia-civil","34":"tag-policia-federal","35":"tag-prouni","36":"tag-psol","37":"tag-puc","38":"tag-quilombo","39":"tag-renata-souza-psol","40":"tag-seguranca-publica","41":"tag-taina-de-paula","42":"tag-taliria-petrone-psol","43":"tag-thais-ferreira","44":"tag-uff","45":"tag-violencia-contra-a-mulher","46":"tag-violencia-politica","47":"tag-zona-norte","48":"writer-cynthia-rachel-pereira-lima"},"acf":[],"yoast_head":"<!-- This site is optimized with the Yoast SEO plugin v25.6 - https:\/\/yoast.com\/wordpress\/plugins\/seo\/ -->\n<title>Essa Mem\u00f3ria N\u00e3o Se Apaga: Seis Anos Sem Marielle e Anderson - RioOnWatch<\/title>\n<meta name=\"robots\" content=\"index, follow, max-snippet:-1, max-image-preview:large, max-video-preview:-1\" \/>\n<link rel=\"canonical\" href=\"https:\/\/rioonwatch.org.br\/?p=72730\" \/>\n<meta property=\"og:locale\" content=\"pt_BR\" \/>\n<meta property=\"og:type\" content=\"article\" \/>\n<meta property=\"og:title\" content=\"Essa Mem\u00f3ria N\u00e3o Se Apaga: Seis Anos Sem Marielle e Anderson - RioOnWatch\" \/>\n<meta property=\"og:description\" content=\"Click Here for English No dia 14 de mar\u00e7o de 2018, h\u00e1 seis anos, um crime b\u00e1rbaro tirou a vida da Vereadora Marielle Franco e do motorista Anderson Gomes. Uma data que jamais ser\u00e1 apagada [...]\" \/>\n<meta property=\"og:url\" content=\"https:\/\/rioonwatch.org.br\/?p=72730\" \/>\n<meta property=\"og:site_name\" content=\"RioOnWatch\" \/>\n<meta property=\"article:published_time\" content=\"2024-03-14T11:27:21+00:00\" \/>\n<meta property=\"article:modified_time\" content=\"2024-03-25T21:37:36+00:00\" \/>\n<meta property=\"og:image\" content=\"https:\/\/rioonwatch.org.br\/wp-content\/uploads\/2019\/03\/img-1.-Marielle_Franco_em_agosto_de_2016.jpg\" \/>\n\t<meta property=\"og:image:width\" content=\"2000\" \/>\n\t<meta property=\"og:image:height\" content=\"1333\" \/>\n\t<meta property=\"og:image:type\" content=\"image\/jpeg\" \/>\n<meta name=\"author\" content=\"Janaina Tavares\" \/>\n<meta name=\"twitter:card\" content=\"summary_large_image\" \/>\n<meta name=\"twitter:label1\" content=\"Escrito por\" \/>\n\t<meta name=\"twitter:data1\" content=\"Janaina Tavares\" \/>\n\t<meta name=\"twitter:label2\" content=\"Est. tempo de leitura\" \/>\n\t<meta name=\"twitter:data2\" content=\"11 minutos\" \/>\n<script type=\"application\/ld+json\" class=\"yoast-schema-graph\">{\"@context\":\"https:\/\/schema.org\",\"@graph\":[{\"@type\":\"Article\",\"@id\":\"https:\/\/rioonwatch.org.br\/?p=72730#article\",\"isPartOf\":{\"@id\":\"https:\/\/rioonwatch.org.br\/?p=72730\"},\"author\":{\"name\":\"Janaina Tavares\",\"@id\":\"https:\/\/rioonwatch.org.br\/#\/schema\/person\/feb227e5e7679aacc3d672e375cae1bd\"},\"headline\":\"Essa Mem\u00f3ria N\u00e3o Se Apaga: Seis Anos Sem Marielle e Anderson\",\"datePublished\":\"2024-03-14T11:27:21+00:00\",\"dateModified\":\"2024-03-25T21:37:36+00:00\",\"mainEntityOfPage\":{\"@id\":\"https:\/\/rioonwatch.org.br\/?p=72730\"},\"wordCount\":2140,\"publisher\":{\"@id\":\"https:\/\/rioonwatch.org.br\/#organization\"},\"image\":{\"@id\":\"https:\/\/rioonwatch.org.br\/?p=72730#primaryimage\"},\"thumbnailUrl\":\"https:\/\/rioonwatch.org.br\/wp-content\/uploads\/2019\/03\/img-1.-Marielle_Franco_em_agosto_de_2016.jpg\",\"keywords\":[\"assassinato\",\"C\u00e2mara dos Vereadores\",\"CEASM\",\"Centro\",\"Comiss\u00e3o de Direitos Humanos - Alerj\",\"Complexo da Mar\u00e9\",\"Complexo do Alem\u00e3o\",\"Cultura Afro-brasileira\",\"Dani Monteiro (PSOL)\",\"Democracia\",\"Direito \u00e0 favela\",\"educa\u00e7\u00e3o\",\"feminic\u00eddio pol\u00edtico\",\"Fl\u00e1vio Dino\",\"Marcelo Freixo\",\"Marielle Franco\",\"Minist\u00e9rio P\u00fablico\",\"M\u00f4nica Ben\u00edcio\",\"Monica Cunha\",\"M\u00f4nica Francisco\",\"Morro da Fazendinha\",\"Movimento Moleque\",\"Pol\u00edcia Civil\",\"Pol\u00edcia Federal\",\"Prouni\",\"PSOL\",\"PUC\",\"Quilombo\",\"Renata Souza\",\"seguran\u00e7a p\u00fablica\",\"Tain\u00e1 de Paula (PT)\",\"Tal\u00edria Petrone (PSOL)\",\"Thais Ferreira\",\"UFF\",\"viol\u00eancia contra a mulher\",\"viol\u00eancia pol\u00edtica\",\"Zona Norte\"],\"articleSection\":[\"*Destaque\",\"Democracia\",\"Representatividade\",\"Seguran\u00e7a P\u00fablica\"],\"inLanguage\":\"pt-BR\"},{\"@type\":\"WebPage\",\"@id\":\"https:\/\/rioonwatch.org.br\/?p=72730\",\"url\":\"https:\/\/rioonwatch.org.br\/?p=72730\",\"name\":\"Essa Mem\u00f3ria N\u00e3o Se Apaga: Seis Anos Sem Marielle e Anderson - RioOnWatch\",\"isPartOf\":{\"@id\":\"https:\/\/rioonwatch.org.br\/#website\"},\"primaryImageOfPage\":{\"@id\":\"https:\/\/rioonwatch.org.br\/?p=72730#primaryimage\"},\"image\":{\"@id\":\"https:\/\/rioonwatch.org.br\/?p=72730#primaryimage\"},\"thumbnailUrl\":\"https:\/\/rioonwatch.org.br\/wp-content\/uploads\/2019\/03\/img-1.-Marielle_Franco_em_agosto_de_2016.jpg\",\"datePublished\":\"2024-03-14T11:27:21+00:00\",\"dateModified\":\"2024-03-25T21:37:36+00:00\",\"breadcrumb\":{\"@id\":\"https:\/\/rioonwatch.org.br\/?p=72730#breadcrumb\"},\"inLanguage\":\"pt-BR\",\"potentialAction\":[{\"@type\":\"ReadAction\",\"target\":[\"https:\/\/rioonwatch.org.br\/?p=72730\"]}]},{\"@type\":\"ImageObject\",\"inLanguage\":\"pt-BR\",\"@id\":\"https:\/\/rioonwatch.org.br\/?p=72730#primaryimage\",\"url\":\"https:\/\/rioonwatch.org.br\/wp-content\/uploads\/2019\/03\/img-1.-Marielle_Franco_em_agosto_de_2016.jpg\",\"contentUrl\":\"https:\/\/rioonwatch.org.br\/wp-content\/uploads\/2019\/03\/img-1.-Marielle_Franco_em_agosto_de_2016.jpg\",\"width\":2000,\"height\":1333,\"caption\":\"Marielle Franco discursa na posse do seu primeiro e \u00fanico mandato como vereadora, em 2016. Foto: M\u00eddia Ninja\"},{\"@type\":\"BreadcrumbList\",\"@id\":\"https:\/\/rioonwatch.org.br\/?p=72730#breadcrumb\",\"itemListElement\":[{\"@type\":\"ListItem\",\"position\":1,\"name\":\"In\u00edcio\",\"item\":\"https:\/\/rioonwatch.org.br\/\"},{\"@type\":\"ListItem\",\"position\":2,\"name\":\"Essa Mem\u00f3ria N\u00e3o Se Apaga: Seis Anos Sem Marielle e Anderson\"}]},{\"@type\":\"WebSite\",\"@id\":\"https:\/\/rioonwatch.org.br\/#website\",\"url\":\"https:\/\/rioonwatch.org.br\/\",\"name\":\"RioOnWatch\",\"description\":\"relatos das favelas cariocas\",\"publisher\":{\"@id\":\"https:\/\/rioonwatch.org.br\/#organization\"},\"potentialAction\":[{\"@type\":\"SearchAction\",\"target\":{\"@type\":\"EntryPoint\",\"urlTemplate\":\"https:\/\/rioonwatch.org.br\/?s={search_term_string}\"},\"query-input\":{\"@type\":\"PropertyValueSpecification\",\"valueRequired\":true,\"valueName\":\"search_term_string\"}}],\"inLanguage\":\"pt-BR\"},{\"@type\":\"Organization\",\"@id\":\"https:\/\/rioonwatch.org.br\/#organization\",\"name\":\"RioOnWatch\",\"url\":\"https:\/\/rioonwatch.org.br\/\",\"logo\":{\"@type\":\"ImageObject\",\"inLanguage\":\"pt-BR\",\"@id\":\"https:\/\/rioonwatch.org.br\/#\/schema\/logo\/image\/\",\"url\":\"https:\/\/rioonwatch.org.br\/wp-content\/uploads\/2021\/06\/RioOnWatchcabecalhoPT11anos-2.png\",\"contentUrl\":\"https:\/\/rioonwatch.org.br\/wp-content\/uploads\/2021\/06\/RioOnWatchcabecalhoPT11anos-2.png\",\"width\":779,\"height\":277,\"caption\":\"RioOnWatch\"},\"image\":{\"@id\":\"https:\/\/rioonwatch.org.br\/#\/schema\/logo\/image\/\"}},{\"@type\":\"Person\",\"@id\":\"https:\/\/rioonwatch.org.br\/#\/schema\/person\/feb227e5e7679aacc3d672e375cae1bd\",\"name\":\"Janaina Tavares\",\"image\":{\"@type\":\"ImageObject\",\"inLanguage\":\"pt-BR\",\"@id\":\"https:\/\/rioonwatch.org.br\/#\/schema\/person\/image\/\",\"url\":\"https:\/\/secure.gravatar.com\/avatar\/83bb5bb4f8b0c5ad63f35939640eaaa2?s=96&d=blank&r=g\",\"contentUrl\":\"https:\/\/secure.gravatar.com\/avatar\/83bb5bb4f8b0c5ad63f35939640eaaa2?s=96&d=blank&r=g\",\"caption\":\"Janaina Tavares\"},\"url\":\"https:\/\/rioonwatch.org.br\/?author=179\"}]}<\/script>\n<!-- \/ Yoast SEO plugin. -->","yoast_head_json":{"title":"Essa Mem\u00f3ria N\u00e3o Se Apaga: Seis Anos Sem Marielle e Anderson - RioOnWatch","robots":{"index":"index","follow":"follow","max-snippet":"max-snippet:-1","max-image-preview":"max-image-preview:large","max-video-preview":"max-video-preview:-1"},"canonical":"https:\/\/rioonwatch.org.br\/?p=72730","og_locale":"pt_BR","og_type":"article","og_title":"Essa Mem\u00f3ria N\u00e3o Se Apaga: Seis Anos Sem Marielle e Anderson - RioOnWatch","og_description":"Click Here for English No dia 14 de mar\u00e7o de 2018, h\u00e1 seis anos, um crime b\u00e1rbaro tirou a vida da Vereadora Marielle Franco e do motorista Anderson Gomes. Uma data que jamais ser\u00e1 apagada [...]","og_url":"https:\/\/rioonwatch.org.br\/?p=72730","og_site_name":"RioOnWatch","article_published_time":"2024-03-14T11:27:21+00:00","article_modified_time":"2024-03-25T21:37:36+00:00","og_image":[{"width":2000,"height":1333,"url":"https:\/\/rioonwatch.org.br\/wp-content\/uploads\/2019\/03\/img-1.-Marielle_Franco_em_agosto_de_2016.jpg","type":"image\/jpeg"}],"author":"Janaina Tavares","twitter_card":"summary_large_image","twitter_misc":{"Escrito por":"Janaina Tavares","Est. tempo de leitura":"11 minutos"},"schema":{"@context":"https:\/\/schema.org","@graph":[{"@type":"Article","@id":"https:\/\/rioonwatch.org.br\/?p=72730#article","isPartOf":{"@id":"https:\/\/rioonwatch.org.br\/?p=72730"},"author":{"name":"Janaina Tavares","@id":"https:\/\/rioonwatch.org.br\/#\/schema\/person\/feb227e5e7679aacc3d672e375cae1bd"},"headline":"Essa Mem\u00f3ria N\u00e3o Se Apaga: Seis Anos Sem Marielle e Anderson","datePublished":"2024-03-14T11:27:21+00:00","dateModified":"2024-03-25T21:37:36+00:00","mainEntityOfPage":{"@id":"https:\/\/rioonwatch.org.br\/?p=72730"},"wordCount":2140,"publisher":{"@id":"https:\/\/rioonwatch.org.br\/#organization"},"image":{"@id":"https:\/\/rioonwatch.org.br\/?p=72730#primaryimage"},"thumbnailUrl":"https:\/\/rioonwatch.org.br\/wp-content\/uploads\/2019\/03\/img-1.-Marielle_Franco_em_agosto_de_2016.jpg","keywords":["assassinato","C\u00e2mara dos Vereadores","CEASM","Centro","Comiss\u00e3o de Direitos Humanos - Alerj","Complexo da Mar\u00e9","Complexo do Alem\u00e3o","Cultura Afro-brasileira","Dani Monteiro (PSOL)","Democracia","Direito \u00e0 favela","educa\u00e7\u00e3o","feminic\u00eddio pol\u00edtico","Fl\u00e1vio Dino","Marcelo Freixo","Marielle Franco","Minist\u00e9rio P\u00fablico","M\u00f4nica Ben\u00edcio","Monica Cunha","M\u00f4nica Francisco","Morro da Fazendinha","Movimento Moleque","Pol\u00edcia Civil","Pol\u00edcia Federal","Prouni","PSOL","PUC","Quilombo","Renata Souza","seguran\u00e7a p\u00fablica","Tain\u00e1 de Paula (PT)","Tal\u00edria Petrone (PSOL)","Thais Ferreira","UFF","viol\u00eancia contra a mulher","viol\u00eancia pol\u00edtica","Zona Norte"],"articleSection":["*Destaque","Democracia","Representatividade","Seguran\u00e7a P\u00fablica"],"inLanguage":"pt-BR"},{"@type":"WebPage","@id":"https:\/\/rioonwatch.org.br\/?p=72730","url":"https:\/\/rioonwatch.org.br\/?p=72730","name":"Essa Mem\u00f3ria N\u00e3o Se Apaga: Seis Anos Sem Marielle e Anderson - RioOnWatch","isPartOf":{"@id":"https:\/\/rioonwatch.org.br\/#website"},"primaryImageOfPage":{"@id":"https:\/\/rioonwatch.org.br\/?p=72730#primaryimage"},"image":{"@id":"https:\/\/rioonwatch.org.br\/?p=72730#primaryimage"},"thumbnailUrl":"https:\/\/rioonwatch.org.br\/wp-content\/uploads\/2019\/03\/img-1.-Marielle_Franco_em_agosto_de_2016.jpg","datePublished":"2024-03-14T11:27:21+00:00","dateModified":"2024-03-25T21:37:36+00:00","breadcrumb":{"@id":"https:\/\/rioonwatch.org.br\/?p=72730#breadcrumb"},"inLanguage":"pt-BR","potentialAction":[{"@type":"ReadAction","target":["https:\/\/rioonwatch.org.br\/?p=72730"]}]},{"@type":"ImageObject","inLanguage":"pt-BR","@id":"https:\/\/rioonwatch.org.br\/?p=72730#primaryimage","url":"https:\/\/rioonwatch.org.br\/wp-content\/uploads\/2019\/03\/img-1.-Marielle_Franco_em_agosto_de_2016.jpg","contentUrl":"https:\/\/rioonwatch.org.br\/wp-content\/uploads\/2019\/03\/img-1.-Marielle_Franco_em_agosto_de_2016.jpg","width":2000,"height":1333,"caption":"Marielle Franco discursa na posse do seu primeiro e \u00fanico mandato como vereadora, em 2016. Foto: M\u00eddia Ninja"},{"@type":"BreadcrumbList","@id":"https:\/\/rioonwatch.org.br\/?p=72730#breadcrumb","itemListElement":[{"@type":"ListItem","position":1,"name":"In\u00edcio","item":"https:\/\/rioonwatch.org.br\/"},{"@type":"ListItem","position":2,"name":"Essa Mem\u00f3ria N\u00e3o Se Apaga: Seis Anos Sem Marielle e Anderson"}]},{"@type":"WebSite","@id":"https:\/\/rioonwatch.org.br\/#website","url":"https:\/\/rioonwatch.org.br\/","name":"RioOnWatch","description":"relatos das favelas cariocas","publisher":{"@id":"https:\/\/rioonwatch.org.br\/#organization"},"potentialAction":[{"@type":"SearchAction","target":{"@type":"EntryPoint","urlTemplate":"https:\/\/rioonwatch.org.br\/?s={search_term_string}"},"query-input":{"@type":"PropertyValueSpecification","valueRequired":true,"valueName":"search_term_string"}}],"inLanguage":"pt-BR"},{"@type":"Organization","@id":"https:\/\/rioonwatch.org.br\/#organization","name":"RioOnWatch","url":"https:\/\/rioonwatch.org.br\/","logo":{"@type":"ImageObject","inLanguage":"pt-BR","@id":"https:\/\/rioonwatch.org.br\/#\/schema\/logo\/image\/","url":"https:\/\/rioonwatch.org.br\/wp-content\/uploads\/2021\/06\/RioOnWatchcabecalhoPT11anos-2.png","contentUrl":"https:\/\/rioonwatch.org.br\/wp-content\/uploads\/2021\/06\/RioOnWatchcabecalhoPT11anos-2.png","width":779,"height":277,"caption":"RioOnWatch"},"image":{"@id":"https:\/\/rioonwatch.org.br\/#\/schema\/logo\/image\/"}},{"@type":"Person","@id":"https:\/\/rioonwatch.org.br\/#\/schema\/person\/feb227e5e7679aacc3d672e375cae1bd","name":"Janaina Tavares","image":{"@type":"ImageObject","inLanguage":"pt-BR","@id":"https:\/\/rioonwatch.org.br\/#\/schema\/person\/image\/","url":"https:\/\/secure.gravatar.com\/avatar\/83bb5bb4f8b0c5ad63f35939640eaaa2?s=96&d=blank&r=g","contentUrl":"https:\/\/secure.gravatar.com\/avatar\/83bb5bb4f8b0c5ad63f35939640eaaa2?s=96&d=blank&r=g","caption":"Janaina Tavares"},"url":"https:\/\/rioonwatch.org.br\/?author=179"}]}},"_links":{"self":[{"href":"https:\/\/rioonwatch.org.br\/index.php?rest_route=\/wp\/v2\/posts\/72730"}],"collection":[{"href":"https:\/\/rioonwatch.org.br\/index.php?rest_route=\/wp\/v2\/posts"}],"about":[{"href":"https:\/\/rioonwatch.org.br\/index.php?rest_route=\/wp\/v2\/types\/post"}],"author":[{"embeddable":true,"href":"https:\/\/rioonwatch.org.br\/index.php?rest_route=\/wp\/v2\/users\/179"}],"replies":[{"embeddable":true,"href":"https:\/\/rioonwatch.org.br\/index.php?rest_route=%2Fwp%2Fv2%2Fcomments&post=72730"}],"version-history":[{"count":36,"href":"https:\/\/rioonwatch.org.br\/index.php?rest_route=\/wp\/v2\/posts\/72730\/revisions"}],"predecessor-version":[{"id":72890,"href":"https:\/\/rioonwatch.org.br\/index.php?rest_route=\/wp\/v2\/posts\/72730\/revisions\/72890"}],"wp:featuredmedia":[{"embeddable":true,"href":"https:\/\/rioonwatch.org.br\/index.php?rest_route=\/wp\/v2\/media\/39302"}],"wp:attachment":[{"href":"https:\/\/rioonwatch.org.br\/index.php?rest_route=%2Fwp%2Fv2%2Fmedia&parent=72730"}],"wp:term":[{"taxonomy":"category","embeddable":true,"href":"https:\/\/rioonwatch.org.br\/index.php?rest_route=%2Fwp%2Fv2%2Fcategories&post=72730"},{"taxonomy":"post_tag","embeddable":true,"href":"https:\/\/rioonwatch.org.br\/index.php?rest_route=%2Fwp%2Fv2%2Ftags&post=72730"},{"taxonomy":"writer","embeddable":true,"href":"https:\/\/rioonwatch.org.br\/index.php?rest_route=%2Fwp%2Fv2%2Fwriter&post=72730"},{"taxonomy":"translator","embeddable":true,"href":"https:\/\/rioonwatch.org.br\/index.php?rest_route=%2Fwp%2Fv2%2Ftranslator&post=72730"},{"taxonomy":"source","embeddable":true,"href":"https:\/\/rioonwatch.org.br\/index.php?rest_route=%2Fwp%2Fv2%2Fsource&post=72730"},{"taxonomy":"ilustrador","embeddable":true,"href":"https:\/\/rioonwatch.org.br\/index.php?rest_route=%2Fwp%2Fv2%2Filustrador&post=72730"},{"taxonomy":"fotografo","embeddable":true,"href":"https:\/\/rioonwatch.org.br\/index.php?rest_route=%2Fwp%2Fv2%2Ffotografo&post=72730"}],"curies":[{"name":"wp","href":"https:\/\/api.w.org\/{rel}","templated":true}]}}