{"id":7282,"date":"2013-08-15T10:05:55","date_gmt":"2013-08-15T13:05:55","guid":{"rendered":"http:\/\/rioonwatch.org.br\/?p=7282"},"modified":"2021-01-11T10:06:43","modified_gmt":"2021-01-11T13:06:43","slug":"coletivo-de-jovens-do-complexo-do-alemao-luta-contra-a-criminalizacao-do-espaco-publico-nas-favelas","status":"publish","type":"post","link":"https:\/\/rioonwatch.org.br\/?p=7282","title":{"rendered":"Ocupa Alem\u00e3o: Coletivo de Jovens Luta Contra a Criminaliza\u00e7\u00e3o do Espa\u00e7o P\u00fablico nas Favelas"},"content":{"rendered":"<p style=\"text-align: right;\"><em><strong><a href=\"http:\/\/bit.ly\/1EhbUuS\" target=\"_blank\" rel=\"noopener noreferrer\">Click Here for English<img decoding=\"async\" width=\"20\" height=\"20\" class=\"alignright wp-image-15790\" src=\"http:\/\/rioonwatch.org.br\/wp-content\/uploads\/2012\/08\/EN-standard-e1439583104716.jpg\" alt=\"\" \/><\/a><\/strong><\/em><\/p>\n<p><img fetchpriority=\"high\" decoding=\"async\" class=\"alignright wp-image-15854\" title=\"Grafitada pol\u00edtica na Penha. Foto por Jo\u00e3o Lima\" src=\"http:\/\/rioonwatch.org.br\/wp-content\/uploads\/2013\/08\/Grafitada-Pol\u00edtica-na-Penha.-Foto-Jo\u00e3o-Lima1-397x264.jpg\" alt=\"\" width=\"300\" height=\"199\" \/>O jovem M\u00e1rio Lucas, 18 anos, morador do Morro da Fazendinha, no <a href=\"http:\/\/bit.ly\/U0MiGm\" target=\"_blank\" rel=\"noopener\">Complexo do Alem\u00e3o<\/a>, foi <a href=\"http:\/\/bit.ly\/18w1Bk4\" target=\"_blank\" rel=\"noopener\">cruelmente assassinado por dois PMs<\/a> \u00e0 paisana dentro de sua pr\u00f3pria casa na manh\u00e3 do dia 26 de novembro de 2012. Dois dias depois, veio o toque de recolher na favela do Borel. Estes dois epis\u00f3dios foram o estopim para que o jovem empres\u00e1rio e estudante de publicidade Luciano Garcia, morador do Complexo do Alem\u00e3o, se reunisse a um grupo de amigos do Borel e, juntos, promovessem um evento de rep\u00fadio \u00e0 viol\u00eancia policial das <a href=\"http:\/\/bit.ly\/R5ueio\" target=\"_blank\" rel=\"noopener\">UPPs<\/a>. Com livre inspira\u00e7\u00e3o nas mobiliza\u00e7\u00f5es internacionais surgidas ap\u00f3s o Occupy Wall Street, o <a href=\"http:\/\/on.fb.me\/17qAINf\" target=\"_blank\" rel=\"noopener\">Ocupa Alem\u00e3o<\/a> e o <a href=\"http:\/\/bit.ly\/17OmZPf\" target=\"_blank\" rel=\"noopener\">Ocupa Borel<\/a> tornaram-se as primeiras iniciativas do g\u00eanero organizadas por jovens de favelas cariocas.<\/p>\n<p>PMs passavam em carros descaracterizados dizendo que o Complexo agora era da pol\u00edcia. &#8220;Como pode? Era dos bandidos, agora \u00e9 da policia, quando n\u00f3s seremos os donos? A favela \u00e9 e sempre foi do morador&#8221;, desabafa Luciano, ao lembrar-se do trauma que sua filha de quatro anos passou ao presenciar a abordagem de policiais que revistaram sua cunhada de forma brutal e humilhante.<\/p>\n<p>Realizado simultaneamente no Borel e na favela Nova Bras\u00edlia no dia 5 de dezembro, com in\u00edcio \u00e0s 21h em clara resposta ao toque de recolher, o ato atraiu a curiosidade dos moradores, principalmente dos jovens. O sucesso do evento, com atividades de conscientiza\u00e7\u00e3o pol\u00edtica, microfone aberto e a entrega de uma carta aberta ao comando da UPP, gerou mobiliza\u00e7\u00f5es em outras comunidades e deu origem ao coletivo <a href=\"http:\/\/bit.ly\/1a6n6vG\" target=\"_blank\" rel=\"noopener\">Ocupa Alem\u00e3o<\/a>, que, sem qualquer apoio institucional ou governamental, une jovens do Complexo do Alem\u00e3o e parceiros de outras favelas com o intuito de promover a ocupa\u00e7\u00e3o pol\u00edtica, cultural e afetiva dos espa\u00e7os p\u00fablicos.<\/p>\n<p>&#8220;O Ocupa Alem\u00e3o \u00e9 composto por jovens que acreditam num novo mundo poss\u00edvel, em que a favela \u00e9 reconhecida como parte da cidade, podendo propor solu\u00e7\u00f5es para as demandas da mesma. A nossa luta \u00e9 pelo direito \u00e0 cidade, pela democracia dos acessos&#8221;, explica a jornalista e midia-livrista Thamyra Th\u00e2mara de Ara\u00fajo, moradora do Complexo do Alem\u00e3o, que define seu envolvimento com o grupo: \u201c\u00c9 uma rela\u00e7\u00e3o de amizade e afinidade como princ\u00edpio b\u00e1sico. A maior afinidade que temos \u00e9 a vontade de mudar o mundo\u201d.<img decoding=\"async\" class=\"alignright wp-image-15855 size-full\" title=\"Biblioteca Livre do Morro dos Mineiros. Foto Jo\u00e3o Lima\" src=\"http:\/\/rioonwatch.org.br\/wp-content\/uploads\/2013\/08\/Biblioteca-Livre-do-Morro-dos-Mineiros.-Foto-Joao-Lima-e1439604030911.jpg\" alt=\"Biblioteca-Livre-do-Morro-dos-Mineiros.-Foto-Joao-Lima\" width=\"300\" height=\"199\" \/>Hoje, o coletivo vem se articulando para realizar uma s\u00e9rie de interven\u00e7\u00f5es que fortalecem os la\u00e7os dos moradores com a rua. Ap\u00f3s a chegada das UPPs e mais recentemente, dos projetos de mobilidade urbana da cidade, os becos, pra\u00e7as e vielas, lugares intrinsecamente ligados \u00e0 cultura das favelas, v\u00eam se tornando, cada vez mais, espa\u00e7os de proibi\u00e7\u00e3o, repress\u00e3o e arbitrariedade, como afirma a soci\u00f3loga e pesquisadora Patr\u00edcia L\u00e2nes: \u201cAcredito que essa estrat\u00e9gia de ocupa\u00e7\u00e3o do espa\u00e7o p\u00fablico na favela pode ser fundamental para recolocar a discuss\u00e3o sobre at\u00e9 que ponto pra\u00e7as, ruas, equipamentos esportivos, culturais, s\u00e3o de fato p\u00fablicos. O termo ocupar parece colocar em pauta a reivindica\u00e7\u00e3o de uso por quem \u00e9 de direito. Espa\u00e7os que deveriam ser p\u00fablicos est\u00e3o tendo seu uso restringido, seja por quest\u00f5es de seguran\u00e7a, seja por tentativas de privatiza\u00e7\u00e3o\u201d.<\/p>\n<p>Entre as iniciativas do Ocupa Alem\u00e3o que tentam resgatar o car\u00e1ter p\u00fablico dos territ\u00f3rios da favela, est\u00e1 \u00e0 cria\u00e7\u00e3o das chamadas bibliotecas livres, espa\u00e7os de troca de saberes administrados pelos pr\u00f3prios moradores, incorporando a arquitetura e a geografia da comunidade. A <a href=\"http:\/\/on.fb.me\/19ueRKA\" target=\"_blank\" rel=\"noopener\">primeira biblioteca livre<\/a> foi inaugurada em maio, no Morro dos Mineiros, regi\u00e3o menos urbanizada do Complexo do Alem\u00e3o.<\/p>\n<p>Outra a\u00e7\u00e3o \u00e9 o <a href=\"http:\/\/bit.ly\/16QLEpw\" target=\"_blank\" rel=\"noopener\">Rol\u00e9 Afetivo<\/a>, que prop\u00f5e um percurso pelas ruas do Complexo do Alem\u00e3o, terminando sempre com um bate-papo sobre temas-chave da luta por direitos e cidadania na favela. O coletivo idealiza ainda projetos como o Cine Muro e a Grafitada Pol\u00edtica, que unem arte, cultura e engajamento pol\u00edtico. Est\u00e3o previstos tamb\u00e9m a forma\u00e7\u00e3o de uma rede colaborativa de comunicadores populares e oficinas de m\u00eddia audiovisual para jovens.<img loading=\"lazy\" decoding=\"async\" class=\" size-full wp-image-15856 alignright\" title=\"Rol\u00e9 Afetivo. Bate-papo na laje do Instituto Ra\u00edzes em Movimento, no Complexo do Alem\u00e3o. Foto por Jo\u00e3o Lima\" src=\"http:\/\/rioonwatch.org.br\/wp-content\/uploads\/2013\/08\/Role-Afetivo.-Bate-papo-na-laje-do-Instituto-Raizes-em-Movimento-no-Complexo-do-Alemao.-Foto-Joao-Lima-e1439604335163.jpg\" width=\"300\" height=\"199\" \/>A atua\u00e7\u00e3o do <a href=\"http:\/\/on.fb.me\/14e0fXJ\" target=\"_blank\" rel=\"noopener\">Ocupa Alem\u00e3o tamb\u00e9m se d\u00e1 nas redes sociais<\/a>, onde reproduz as discuss\u00f5es centrais do grupo e refor\u00e7a a articula\u00e7\u00e3o junto a outros coletivos. Segundo Patr\u00edcia L\u00e2nes, co-autora da pesquisa<a href=\"http:\/\/bit.ly\/140uHs7\" target=\"_blank\" rel=\"noopener\"> Jovens Pobres e o Uso das NTICs na Cria\u00e7\u00e3o de Novas Esferas P\u00fablicas Democr\u00e1ticas<\/a>, o emprego das m\u00eddias digitais altera a maneira de fazer pol\u00edtica e a\u00e7\u00e3o social: \u201cMuitas pessoas que entrevistamos na pesquisa contaram que usam a Internet e as redes sociais para comunicar para fora e n\u00e3o tanto para dentro das favelas. Isso ainda \u00e9 uma quest\u00e3o relevante e que tem que ser pensada. Mas para os jovens que pesquisamos n\u00e3o existe contradi\u00e7\u00e3o, mas continuidade entre online e offline. Ou seja, tem que estar na rede, mas tamb\u00e9m tem que ter a\u00e7\u00e3o no territ\u00f3rio para significar alguma coisa\u201d.<\/p>\n<!-- AddThis Advanced Settings generic via filter on the_content --><!-- AddThis Share Buttons generic via filter on the_content -->","protected":false},"excerpt":{"rendered":"<div class=\"mh-excerpt\"><p>Click Here for English O jovem M\u00e1rio Lucas, 18 anos, morador do Morro da Fazendinha, no Complexo do Alem\u00e3o, foi cruelmente assassinado por dois PMs \u00e0 paisana dentro de sua pr\u00f3pria casa na manh\u00e3 do <a class=\"mh-excerpt-more\" href=\"https:\/\/rioonwatch.org.br\/?p=7282\" title=\"Ocupa Alem\u00e3o: Coletivo de Jovens Luta Contra a Criminaliza\u00e7\u00e3o do Espa\u00e7o P\u00fablico nas Favelas\">[&#8230;]<\/a><!-- AddThis Advanced Settings generic via filter on get_the_excerpt --><!-- AddThis Share Buttons generic via filter on get_the_excerpt --><\/p>\n<\/div>","protected":false},"author":129,"featured_media":15855,"comment_status":"closed","ping_status":"closed","sticky":false,"template":"","format":"standard","meta":{"_acf_changed":false,"_monsterinsights_skip_tracking":false,"_monsterinsights_sitenote_active":false,"_monsterinsights_sitenote_note":"","_monsterinsights_sitenote_category":0,"footnotes":""},"categories":[346,344,1620,342],"tags":[1005,704,832,948,217,421,831,88,811,379,1151,835,834,646,664,92,218],"writer":[829],"translator":[],"source":[],"ilustrador":[],"fotografo":[],"class_list":{"0":"post-7282","1":"post","2":"type-post","3":"status-publish","4":"format-standard","5":"has-post-thumbnail","7":"category-denuncias","8":"category-politicas","9":"category-olhonaupp","10":"category-solucoes","11":"tag-biblioteca","12":"tag-borel","13":"tag-cidadania","14":"tag-coletivo","15":"tag-complexo-do-alemao","16":"tag-cultura-da-favela","17":"tag-direito-a-cidade","18":"tag-direitos-humanos","19":"tag-espaco-publico","20":"tag-midia-social","21":"tag-organizacao","22":"tag-morro-da-fazendinha","23":"tag-morro-dos-mineiros","24":"tag-nova-brasilia","25":"tag-ocupa-alemao","26":"tag-upp","27":"tag-zona-norte","28":"writer-joao-lima"},"acf":[],"yoast_head":"<!-- This site is optimized with the Yoast SEO plugin v25.6 - https:\/\/yoast.com\/wordpress\/plugins\/seo\/ -->\n<title>Ocupa Alem\u00e3o: Coletivo de Jovens Luta Contra a Criminaliza\u00e7\u00e3o do Espa\u00e7o P\u00fablico nas Favelas - RioOnWatch<\/title>\n<meta name=\"robots\" content=\"index, follow, max-snippet:-1, max-image-preview:large, max-video-preview:-1\" \/>\n<link rel=\"canonical\" href=\"https:\/\/rioonwatch.org.br\/?p=7282\" \/>\n<meta property=\"og:locale\" content=\"pt_BR\" \/>\n<meta property=\"og:type\" content=\"article\" \/>\n<meta property=\"og:title\" content=\"Ocupa Alem\u00e3o: Coletivo de Jovens Luta Contra a Criminaliza\u00e7\u00e3o do Espa\u00e7o P\u00fablico nas Favelas - RioOnWatch\" \/>\n<meta property=\"og:description\" content=\"Click Here for English O jovem M\u00e1rio Lucas, 18 anos, morador do Morro da Fazendinha, no Complexo do Alem\u00e3o, foi cruelmente assassinado por dois PMs \u00e0 paisana dentro de sua pr\u00f3pria casa na manh\u00e3 do [...]\" \/>\n<meta property=\"og:url\" content=\"https:\/\/rioonwatch.org.br\/?p=7282\" \/>\n<meta property=\"og:site_name\" content=\"RioOnWatch\" \/>\n<meta property=\"article:published_time\" content=\"2013-08-15T13:05:55+00:00\" \/>\n<meta property=\"article:modified_time\" content=\"2021-01-11T13:06:43+00:00\" \/>\n<meta property=\"og:image\" content=\"https:\/\/rioonwatch.org.br\/wp-content\/uploads\/2013\/08\/Biblioteca-Livre-do-Morro-dos-Mineiros.-Foto-Joao-Lima-e1439604440841.jpg\" \/>\n\t<meta property=\"og:image:width\" content=\"620\" \/>\n\t<meta property=\"og:image:height\" content=\"412\" \/>\n\t<meta property=\"og:image:type\" content=\"image\/jpeg\" \/>\n<meta name=\"author\" content=\"Admin\" \/>\n<meta name=\"twitter:card\" content=\"summary_large_image\" \/>\n<meta name=\"twitter:label1\" content=\"Escrito por\" \/>\n\t<meta name=\"twitter:data1\" content=\"Admin\" \/>\n\t<meta name=\"twitter:label2\" content=\"Est. tempo de leitura\" \/>\n\t<meta name=\"twitter:data2\" content=\"4 minutos\" \/>\n<script type=\"application\/ld+json\" class=\"yoast-schema-graph\">{\"@context\":\"https:\/\/schema.org\",\"@graph\":[{\"@type\":\"Article\",\"@id\":\"https:\/\/rioonwatch.org.br\/?p=7282#article\",\"isPartOf\":{\"@id\":\"https:\/\/rioonwatch.org.br\/?p=7282\"},\"author\":{\"name\":\"Admin\",\"@id\":\"https:\/\/rioonwatch.org.br\/#\/schema\/person\/11d64c290506f9df50c71b850c473f68\"},\"headline\":\"Ocupa Alem\u00e3o: Coletivo de Jovens Luta Contra a Criminaliza\u00e7\u00e3o do Espa\u00e7o P\u00fablico nas Favelas\",\"datePublished\":\"2013-08-15T13:05:55+00:00\",\"dateModified\":\"2021-01-11T13:06:43+00:00\",\"mainEntityOfPage\":{\"@id\":\"https:\/\/rioonwatch.org.br\/?p=7282\"},\"wordCount\":873,\"publisher\":{\"@id\":\"https:\/\/rioonwatch.org.br\/#organization\"},\"image\":{\"@id\":\"https:\/\/rioonwatch.org.br\/?p=7282#primaryimage\"},\"thumbnailUrl\":\"https:\/\/rioonwatch.org.br\/wp-content\/uploads\/2013\/08\/Biblioteca-Livre-do-Morro-dos-Mineiros.-Foto-Joao-Lima-e1439604440841.jpg\",\"keywords\":[\"Bibliotecas\",\"Borel\",\"cidadania\",\"coletivo\",\"Complexo do Alem\u00e3o\",\"cultura da favela\",\"Direito \u00e0 Cidade\",\"Direitos Humanos\",\"espa\u00e7o p\u00fablico\",\"m\u00eddia social\",\"mobiliza\u00e7\u00e3o\",\"Morro da Fazendinha\",\"Morro dos Mineiros\",\"Nova Bras\u00edlia\",\"Ocupa Alem\u00e3o\",\"UPP\",\"Zona Norte\"],\"articleSection\":[\"Den\u00fancias\",\"Pol\u00edticas\",\"Seguran\u00e7a P\u00fablica\",\"Solu\u00e7\u00f5es\"],\"inLanguage\":\"pt-BR\"},{\"@type\":\"WebPage\",\"@id\":\"https:\/\/rioonwatch.org.br\/?p=7282\",\"url\":\"https:\/\/rioonwatch.org.br\/?p=7282\",\"name\":\"Ocupa Alem\u00e3o: Coletivo de Jovens Luta Contra a Criminaliza\u00e7\u00e3o do Espa\u00e7o P\u00fablico nas Favelas - RioOnWatch\",\"isPartOf\":{\"@id\":\"https:\/\/rioonwatch.org.br\/#website\"},\"primaryImageOfPage\":{\"@id\":\"https:\/\/rioonwatch.org.br\/?p=7282#primaryimage\"},\"image\":{\"@id\":\"https:\/\/rioonwatch.org.br\/?p=7282#primaryimage\"},\"thumbnailUrl\":\"https:\/\/rioonwatch.org.br\/wp-content\/uploads\/2013\/08\/Biblioteca-Livre-do-Morro-dos-Mineiros.-Foto-Joao-Lima-e1439604440841.jpg\",\"datePublished\":\"2013-08-15T13:05:55+00:00\",\"dateModified\":\"2021-01-11T13:06:43+00:00\",\"breadcrumb\":{\"@id\":\"https:\/\/rioonwatch.org.br\/?p=7282#breadcrumb\"},\"inLanguage\":\"pt-BR\",\"potentialAction\":[{\"@type\":\"ReadAction\",\"target\":[\"https:\/\/rioonwatch.org.br\/?p=7282\"]}]},{\"@type\":\"ImageObject\",\"inLanguage\":\"pt-BR\",\"@id\":\"https:\/\/rioonwatch.org.br\/?p=7282#primaryimage\",\"url\":\"https:\/\/rioonwatch.org.br\/wp-content\/uploads\/2013\/08\/Biblioteca-Livre-do-Morro-dos-Mineiros.-Foto-Joao-Lima-e1439604440841.jpg\",\"contentUrl\":\"https:\/\/rioonwatch.org.br\/wp-content\/uploads\/2013\/08\/Biblioteca-Livre-do-Morro-dos-Mineiros.-Foto-Joao-Lima-e1439604440841.jpg\",\"width\":620,\"height\":412},{\"@type\":\"BreadcrumbList\",\"@id\":\"https:\/\/rioonwatch.org.br\/?p=7282#breadcrumb\",\"itemListElement\":[{\"@type\":\"ListItem\",\"position\":1,\"name\":\"In\u00edcio\",\"item\":\"https:\/\/rioonwatch.org.br\/\"},{\"@type\":\"ListItem\",\"position\":2,\"name\":\"Ocupa Alem\u00e3o: Coletivo de Jovens Luta Contra a Criminaliza\u00e7\u00e3o do Espa\u00e7o P\u00fablico nas Favelas\"}]},{\"@type\":\"WebSite\",\"@id\":\"https:\/\/rioonwatch.org.br\/#website\",\"url\":\"https:\/\/rioonwatch.org.br\/\",\"name\":\"RioOnWatch\",\"description\":\"relatos das favelas cariocas\",\"publisher\":{\"@id\":\"https:\/\/rioonwatch.org.br\/#organization\"},\"potentialAction\":[{\"@type\":\"SearchAction\",\"target\":{\"@type\":\"EntryPoint\",\"urlTemplate\":\"https:\/\/rioonwatch.org.br\/?s={search_term_string}\"},\"query-input\":{\"@type\":\"PropertyValueSpecification\",\"valueRequired\":true,\"valueName\":\"search_term_string\"}}],\"inLanguage\":\"pt-BR\"},{\"@type\":\"Organization\",\"@id\":\"https:\/\/rioonwatch.org.br\/#organization\",\"name\":\"RioOnWatch\",\"url\":\"https:\/\/rioonwatch.org.br\/\",\"logo\":{\"@type\":\"ImageObject\",\"inLanguage\":\"pt-BR\",\"@id\":\"https:\/\/rioonwatch.org.br\/#\/schema\/logo\/image\/\",\"url\":\"https:\/\/rioonwatch.org.br\/wp-content\/uploads\/2021\/06\/RioOnWatchcabecalhoPT11anos-2.png\",\"contentUrl\":\"https:\/\/rioonwatch.org.br\/wp-content\/uploads\/2021\/06\/RioOnWatchcabecalhoPT11anos-2.png\",\"width\":779,\"height\":277,\"caption\":\"RioOnWatch\"},\"image\":{\"@id\":\"https:\/\/rioonwatch.org.br\/#\/schema\/logo\/image\/\"}},{\"@type\":\"Person\",\"@id\":\"https:\/\/rioonwatch.org.br\/#\/schema\/person\/11d64c290506f9df50c71b850c473f68\",\"name\":\"Admin\",\"image\":{\"@type\":\"ImageObject\",\"inLanguage\":\"pt-BR\",\"@id\":\"https:\/\/rioonwatch.org.br\/#\/schema\/person\/image\/\",\"url\":\"https:\/\/secure.gravatar.com\/avatar\/56211ac74568383903349a1485e3c325?s=96&d=blank&r=g\",\"contentUrl\":\"https:\/\/secure.gravatar.com\/avatar\/56211ac74568383903349a1485e3c325?s=96&d=blank&r=g\",\"caption\":\"Admin\"},\"url\":\"https:\/\/rioonwatch.org.br\/?author=129\"}]}<\/script>\n<!-- \/ Yoast SEO plugin. -->","yoast_head_json":{"title":"Ocupa Alem\u00e3o: Coletivo de Jovens Luta Contra a Criminaliza\u00e7\u00e3o do Espa\u00e7o P\u00fablico nas Favelas - RioOnWatch","robots":{"index":"index","follow":"follow","max-snippet":"max-snippet:-1","max-image-preview":"max-image-preview:large","max-video-preview":"max-video-preview:-1"},"canonical":"https:\/\/rioonwatch.org.br\/?p=7282","og_locale":"pt_BR","og_type":"article","og_title":"Ocupa Alem\u00e3o: Coletivo de Jovens Luta Contra a Criminaliza\u00e7\u00e3o do Espa\u00e7o P\u00fablico nas Favelas - RioOnWatch","og_description":"Click Here for English O jovem M\u00e1rio Lucas, 18 anos, morador do Morro da Fazendinha, no Complexo do Alem\u00e3o, foi cruelmente assassinado por dois PMs \u00e0 paisana dentro de sua pr\u00f3pria casa na manh\u00e3 do [...]","og_url":"https:\/\/rioonwatch.org.br\/?p=7282","og_site_name":"RioOnWatch","article_published_time":"2013-08-15T13:05:55+00:00","article_modified_time":"2021-01-11T13:06:43+00:00","og_image":[{"width":620,"height":412,"url":"https:\/\/rioonwatch.org.br\/wp-content\/uploads\/2013\/08\/Biblioteca-Livre-do-Morro-dos-Mineiros.-Foto-Joao-Lima-e1439604440841.jpg","type":"image\/jpeg"}],"author":"Admin","twitter_card":"summary_large_image","twitter_misc":{"Escrito por":"Admin","Est. tempo de leitura":"4 minutos"},"schema":{"@context":"https:\/\/schema.org","@graph":[{"@type":"Article","@id":"https:\/\/rioonwatch.org.br\/?p=7282#article","isPartOf":{"@id":"https:\/\/rioonwatch.org.br\/?p=7282"},"author":{"name":"Admin","@id":"https:\/\/rioonwatch.org.br\/#\/schema\/person\/11d64c290506f9df50c71b850c473f68"},"headline":"Ocupa Alem\u00e3o: Coletivo de Jovens Luta Contra a Criminaliza\u00e7\u00e3o do Espa\u00e7o P\u00fablico nas Favelas","datePublished":"2013-08-15T13:05:55+00:00","dateModified":"2021-01-11T13:06:43+00:00","mainEntityOfPage":{"@id":"https:\/\/rioonwatch.org.br\/?p=7282"},"wordCount":873,"publisher":{"@id":"https:\/\/rioonwatch.org.br\/#organization"},"image":{"@id":"https:\/\/rioonwatch.org.br\/?p=7282#primaryimage"},"thumbnailUrl":"https:\/\/rioonwatch.org.br\/wp-content\/uploads\/2013\/08\/Biblioteca-Livre-do-Morro-dos-Mineiros.-Foto-Joao-Lima-e1439604440841.jpg","keywords":["Bibliotecas","Borel","cidadania","coletivo","Complexo do Alem\u00e3o","cultura da favela","Direito \u00e0 Cidade","Direitos Humanos","espa\u00e7o p\u00fablico","m\u00eddia social","mobiliza\u00e7\u00e3o","Morro da Fazendinha","Morro dos Mineiros","Nova Bras\u00edlia","Ocupa Alem\u00e3o","UPP","Zona Norte"],"articleSection":["Den\u00fancias","Pol\u00edticas","Seguran\u00e7a P\u00fablica","Solu\u00e7\u00f5es"],"inLanguage":"pt-BR"},{"@type":"WebPage","@id":"https:\/\/rioonwatch.org.br\/?p=7282","url":"https:\/\/rioonwatch.org.br\/?p=7282","name":"Ocupa Alem\u00e3o: Coletivo de Jovens Luta Contra a Criminaliza\u00e7\u00e3o do Espa\u00e7o P\u00fablico nas Favelas - RioOnWatch","isPartOf":{"@id":"https:\/\/rioonwatch.org.br\/#website"},"primaryImageOfPage":{"@id":"https:\/\/rioonwatch.org.br\/?p=7282#primaryimage"},"image":{"@id":"https:\/\/rioonwatch.org.br\/?p=7282#primaryimage"},"thumbnailUrl":"https:\/\/rioonwatch.org.br\/wp-content\/uploads\/2013\/08\/Biblioteca-Livre-do-Morro-dos-Mineiros.-Foto-Joao-Lima-e1439604440841.jpg","datePublished":"2013-08-15T13:05:55+00:00","dateModified":"2021-01-11T13:06:43+00:00","breadcrumb":{"@id":"https:\/\/rioonwatch.org.br\/?p=7282#breadcrumb"},"inLanguage":"pt-BR","potentialAction":[{"@type":"ReadAction","target":["https:\/\/rioonwatch.org.br\/?p=7282"]}]},{"@type":"ImageObject","inLanguage":"pt-BR","@id":"https:\/\/rioonwatch.org.br\/?p=7282#primaryimage","url":"https:\/\/rioonwatch.org.br\/wp-content\/uploads\/2013\/08\/Biblioteca-Livre-do-Morro-dos-Mineiros.-Foto-Joao-Lima-e1439604440841.jpg","contentUrl":"https:\/\/rioonwatch.org.br\/wp-content\/uploads\/2013\/08\/Biblioteca-Livre-do-Morro-dos-Mineiros.-Foto-Joao-Lima-e1439604440841.jpg","width":620,"height":412},{"@type":"BreadcrumbList","@id":"https:\/\/rioonwatch.org.br\/?p=7282#breadcrumb","itemListElement":[{"@type":"ListItem","position":1,"name":"In\u00edcio","item":"https:\/\/rioonwatch.org.br\/"},{"@type":"ListItem","position":2,"name":"Ocupa Alem\u00e3o: Coletivo de Jovens Luta Contra a Criminaliza\u00e7\u00e3o do Espa\u00e7o P\u00fablico nas Favelas"}]},{"@type":"WebSite","@id":"https:\/\/rioonwatch.org.br\/#website","url":"https:\/\/rioonwatch.org.br\/","name":"RioOnWatch","description":"relatos das favelas cariocas","publisher":{"@id":"https:\/\/rioonwatch.org.br\/#organization"},"potentialAction":[{"@type":"SearchAction","target":{"@type":"EntryPoint","urlTemplate":"https:\/\/rioonwatch.org.br\/?s={search_term_string}"},"query-input":{"@type":"PropertyValueSpecification","valueRequired":true,"valueName":"search_term_string"}}],"inLanguage":"pt-BR"},{"@type":"Organization","@id":"https:\/\/rioonwatch.org.br\/#organization","name":"RioOnWatch","url":"https:\/\/rioonwatch.org.br\/","logo":{"@type":"ImageObject","inLanguage":"pt-BR","@id":"https:\/\/rioonwatch.org.br\/#\/schema\/logo\/image\/","url":"https:\/\/rioonwatch.org.br\/wp-content\/uploads\/2021\/06\/RioOnWatchcabecalhoPT11anos-2.png","contentUrl":"https:\/\/rioonwatch.org.br\/wp-content\/uploads\/2021\/06\/RioOnWatchcabecalhoPT11anos-2.png","width":779,"height":277,"caption":"RioOnWatch"},"image":{"@id":"https:\/\/rioonwatch.org.br\/#\/schema\/logo\/image\/"}},{"@type":"Person","@id":"https:\/\/rioonwatch.org.br\/#\/schema\/person\/11d64c290506f9df50c71b850c473f68","name":"Admin","image":{"@type":"ImageObject","inLanguage":"pt-BR","@id":"https:\/\/rioonwatch.org.br\/#\/schema\/person\/image\/","url":"https:\/\/secure.gravatar.com\/avatar\/56211ac74568383903349a1485e3c325?s=96&d=blank&r=g","contentUrl":"https:\/\/secure.gravatar.com\/avatar\/56211ac74568383903349a1485e3c325?s=96&d=blank&r=g","caption":"Admin"},"url":"https:\/\/rioonwatch.org.br\/?author=129"}]}},"_links":{"self":[{"href":"https:\/\/rioonwatch.org.br\/index.php?rest_route=\/wp\/v2\/posts\/7282"}],"collection":[{"href":"https:\/\/rioonwatch.org.br\/index.php?rest_route=\/wp\/v2\/posts"}],"about":[{"href":"https:\/\/rioonwatch.org.br\/index.php?rest_route=\/wp\/v2\/types\/post"}],"author":[{"embeddable":true,"href":"https:\/\/rioonwatch.org.br\/index.php?rest_route=\/wp\/v2\/users\/129"}],"replies":[{"embeddable":true,"href":"https:\/\/rioonwatch.org.br\/index.php?rest_route=%2Fwp%2Fv2%2Fcomments&post=7282"}],"version-history":[{"count":47,"href":"https:\/\/rioonwatch.org.br\/index.php?rest_route=\/wp\/v2\/posts\/7282\/revisions"}],"predecessor-version":[{"id":29348,"href":"https:\/\/rioonwatch.org.br\/index.php?rest_route=\/wp\/v2\/posts\/7282\/revisions\/29348"}],"wp:featuredmedia":[{"embeddable":true,"href":"https:\/\/rioonwatch.org.br\/index.php?rest_route=\/wp\/v2\/media\/15855"}],"wp:attachment":[{"href":"https:\/\/rioonwatch.org.br\/index.php?rest_route=%2Fwp%2Fv2%2Fmedia&parent=7282"}],"wp:term":[{"taxonomy":"category","embeddable":true,"href":"https:\/\/rioonwatch.org.br\/index.php?rest_route=%2Fwp%2Fv2%2Fcategories&post=7282"},{"taxonomy":"post_tag","embeddable":true,"href":"https:\/\/rioonwatch.org.br\/index.php?rest_route=%2Fwp%2Fv2%2Ftags&post=7282"},{"taxonomy":"writer","embeddable":true,"href":"https:\/\/rioonwatch.org.br\/index.php?rest_route=%2Fwp%2Fv2%2Fwriter&post=7282"},{"taxonomy":"translator","embeddable":true,"href":"https:\/\/rioonwatch.org.br\/index.php?rest_route=%2Fwp%2Fv2%2Ftranslator&post=7282"},{"taxonomy":"source","embeddable":true,"href":"https:\/\/rioonwatch.org.br\/index.php?rest_route=%2Fwp%2Fv2%2Fsource&post=7282"},{"taxonomy":"ilustrador","embeddable":true,"href":"https:\/\/rioonwatch.org.br\/index.php?rest_route=%2Fwp%2Fv2%2Filustrador&post=7282"},{"taxonomy":"fotografo","embeddable":true,"href":"https:\/\/rioonwatch.org.br\/index.php?rest_route=%2Fwp%2Fv2%2Ffotografo&post=7282"}],"curies":[{"name":"wp","href":"https:\/\/api.w.org\/{rel}","templated":true}]}}