{"id":72857,"date":"2024-03-26T15:54:14","date_gmt":"2024-03-26T18:54:14","guid":{"rendered":"https:\/\/rioonwatch.org.br\/?p=72857"},"modified":"2024-06-20T16:08:29","modified_gmt":"2024-06-20T19:08:29","slug":"chuva-vira-sinonimo-de-medo-mediante-ausencia-de-acoes-contra-mudancas-climaticas","status":"publish","type":"post","link":"https:\/\/rioonwatch.org.br\/?p=72857","title":{"rendered":"Chuva Vira Sin\u00f4nimo de Medo, Mediante Aus\u00eancia de A\u00e7\u00f5es contra Mudan\u00e7as Clim\u00e1ticas \u00c9 #OQueDizemAsRedes"},"content":{"rendered":"<figure id=\"attachment_72899\" aria-describedby=\"caption-attachment-72899\" style=\"width: 1200px\" class=\"wp-caption aligncenter\"><a href=\"https:\/\/rioonwatch.org.br\/wp-content\/uploads\/2024\/03\/Casa-que-desabou-em-Nilopolis-as-margens-do-Rio-Sarapui.-Foto-Divulgacao-PMN.jpeg\"><img fetchpriority=\"high\" decoding=\"async\" class=\"wp-image-72899 size-full\" title=\"Casa que desabou em Nil\u00f3polis \u00e0s margens do Rio Sarapu\u00ed. Foto: Divulga\u00e7\u00e3o PMN\" src=\"https:\/\/rioonwatch.org.br\/wp-content\/uploads\/2024\/03\/Casa-que-desabou-em-Nilopolis-as-margens-do-Rio-Sarapui.-Foto-Divulgacao-PMN.jpeg\" alt=\"Casa que desabou em Nil\u00f3polis \u00e0s margens do Rio Sarapu\u00ed. Foto: Divulga\u00e7\u00e3o PMN\" width=\"1200\" height=\"750\" srcset=\"https:\/\/rioonwatch.org.br\/wp-content\/uploads\/2024\/03\/Casa-que-desabou-em-Nilopolis-as-margens-do-Rio-Sarapui.-Foto-Divulgacao-PMN.jpeg 1200w, https:\/\/rioonwatch.org.br\/wp-content\/uploads\/2024\/03\/Casa-que-desabou-em-Nilopolis-as-margens-do-Rio-Sarapui.-Foto-Divulgacao-PMN-620x388.jpeg 620w\" sizes=\"(max-width: 1200px) 100vw, 1200px\" \/><\/a><figcaption id=\"caption-attachment-72899\" class=\"wp-caption-text\">Casa que desabou em Nil\u00f3polis \u00e0s margens do Rio Sarapu\u00ed. Foto: Divulga\u00e7\u00e3o PMN<\/figcaption><\/figure>\n<h4 style=\"text-align: right;\"><em><strong><a href=\"https:\/\/bit.ly\/3vzRCA7\" target=\"_blank\" rel=\"noopener\">Click Here for English<img decoding=\"async\" class=\"alignright wp-image-15790 lazyloaded\" src=\"https:\/\/rioonwatch.org.br\/wp-content\/uploads\/2012\/08\/EN-standard-e1439583104716.jpg\" alt=\"\" width=\"20\" height=\"20\" data-src=\"https:\/\/rioonwatch.org.br\/wp-content\/uploads\/2012\/08\/EN-standard-e1439583104716.jpg\" \/><\/a><\/strong><\/em><\/h4>\n<p><strong><em>Esta mat\u00e9ria faz parte da s\u00e9rie\u00a0<a href=\"http:\/\/bit.ly\/2mWUr7d\" target=\"_blank\" rel=\"noopener\">#OQueDizemAsRedes<\/a>\u00a0que traz pontos de vista publicados nas redes sociais, de moradores e ativistas de favela sobre eventos e temas que surgem na sociedade.<\/em><\/strong><\/p>\n<p><span style=\"font-weight: 400;\">Temperaturas <a href=\"https:\/\/bit.ly\/40NgRKk\" target=\"_blank\" rel=\"noopener\">acima do normal<\/a>, tempestades de propor\u00e7\u00f5es <a href=\"https:\/\/bit.ly\/3iVxwKk\" target=\"_blank\" rel=\"noopener\">cada vez mais catastr\u00f3ficas<\/a>. A injusti\u00e7a socioambiental e seus efeitos atingem <a href=\"https:\/\/bit.ly\/3RYY8HO\" target=\"_blank\" rel=\"noopener\">desproporcionalmente as favelas<\/a> e escancaram o <a href=\"https:\/\/bit.ly\/2XvPcl5\" target=\"_blank\" rel=\"noopener\">racismo ambiental<\/a>, a <a href=\"https:\/\/bit.ly\/2Rku5Mf\" target=\"_blank\" rel=\"noopener\">neglig\u00eancia do Estado<\/a> e a aus\u00eancia de pol\u00edticas p\u00fablicas que tratem as <a href=\"https:\/\/bit.ly\/3RnfGNB\" target=\"_blank\" rel=\"noopener\">mudan\u00e7as clim\u00e1ticas<\/a>, sobretudo <a href=\"https:\/\/bit.ly\/3tTm050\" target=\"_blank\" rel=\"noopener\">nas favelas<\/a>, com a devida urg\u00eancia. <\/span><span style=\"font-weight: 400;\">S\u00e3o problemas cr\u00f4nicos: todo ver\u00e3o h\u00e1 enchentes, deslizamentos, pessoas desabrigadas, desaparecidas e mortas. E o grande respons\u00e1vel por isso tudo n\u00e3o \u00e9 o clima, tampouco as mudan\u00e7as clim\u00e1ticas, mas o Estado brasileiro e sua in\u00e9rcia estrutural com rela\u00e7\u00e3o \u00e0 prote\u00e7\u00e3o da vida nas favelas.<\/span><\/p>\n<blockquote class=\"twitter-tweet\">\n<p dir=\"ltr\" lang=\"pt\">Choveu moderado na Rocinha h\u00e1 1 hora. Um misto de tens\u00e3o, preocupa\u00e7\u00e3o e medo envolve moradores de \u00e1reas de riscos na favela. O pior est\u00e1 por vir? H\u00e1 muitas orienta\u00e7\u00f5es circulando sobre a preven\u00e7\u00e3o. Que nada de ruim aconte\u00e7a com essas pessoas &#x1f64f;&#x1f3fd;<\/p>\n<p>\u2014 Michel Silva &#x1f680; (@eumichelsilva) <a href=\"https:\/\/twitter.com\/eumichelsilva\/status\/1771156169416999088?ref_src=twsrc%5Etfw\">March 22, 2024<\/a><\/p><\/blockquote>\n<p><script async src=\"https:\/\/platform.twitter.com\/widgets.js\" charset=\"utf-8\"><\/script><\/p>\n<p><span style=\"font-weight: 400;\">O <a href=\"https:\/\/bit.ly\/3vfgXzm\" target=\"_blank\" rel=\"noopener\">alerta de tempestades<\/a> com precipita\u00e7\u00f5es de 300 a 500 mm, emitido pelas autoridades do Rio de Janeiro na \u00faltima semana, gerou um clima de <a href=\"https:\/\/bit.ly\/49AL0jn\" target=\"_blank\" rel=\"noopener\">apreens\u00e3o na popula\u00e7\u00e3o<\/a>. A previs\u00e3o de chuva forte resgatou traumas e despertou medos que viraram rotina nas \u00faltimas d\u00e9cadas. <\/span><span style=\"font-weight: 400;\">Infelizmente, este temor se materializou e a popula\u00e7\u00e3o fluminense, mais uma vez, se viu impotente frente a um Estado cuja \u00fanica pol\u00edtica ambiental para os territ\u00f3rios \u00e9 a <a href=\"https:\/\/bit.ly\/2YQbMTP\" target=\"_blank\" rel=\"noopener\">necropol\u00edtica<\/a>.<\/span><\/p>\n<blockquote class=\"twitter-tweet\">\n<p dir=\"ltr\" lang=\"pt\">Que Deus proteja todos da favela mais uma vez, o c\u00e9u est\u00e1 fechad\u00e3o, se essa chuva vim com essa for\u00e7a toda igual est\u00e3o falando vai ser complicado, que Deus nos guarde<\/p>\n<p>\u2014 LABRADOR &#x1f415;&#x200d;&#x1f9ba; (@VitorAr010) <a href=\"https:\/\/twitter.com\/VitorAr010\/status\/1770927176222658587?ref_src=twsrc%5Etfw\">March 21, 2024<\/a><\/p><\/blockquote>\n<p><script src=\"https:\/\/platform.twitter.com\/widgets.js\" async=\"\" charset=\"utf-8\"><\/script><\/p>\n<p><span style=\"font-weight: 400;\">O <a href=\"https:\/\/bit.ly\/304NeGi\" target=\"_blank\" rel=\"noopener\">Grande Rio<\/a>, a <a href=\"https:\/\/bit.ly\/32JVvht\" target=\"_blank\" rel=\"noopener\">Baixada Fluminense<\/a> e a Regi\u00e3o Serrana, como de costume, sofreram muito com as chuvas. De acordo com o painel de monitoramento do governo do estado, <a href=\"https:\/\/bit.ly\/4apTjPo\" target=\"_blank\" rel=\"noopener\">nas \u00faltimas horas<\/a>, <a href=\"https:\/\/bit.ly\/3SJP37L\" target=\"_blank\" rel=\"noopener\">Petr\u00f3polis<\/a> registrou 391,8 mm, <a href=\"https:\/\/bit.ly\/2qZaJSC\" target=\"_blank\" rel=\"noopener\">Maric\u00e1<\/a> 224 mm, e a cidade do Rio 223,6 mm. N<\/span><span style=\"font-weight: 400;\">o Noroeste e no Norte fluminense, no entanto, a situa\u00e7\u00e3o n\u00e3o \u00e9 menos grave, quatro dos principais rios dessas \u00e1reas transbordaram e colocaram em risco as vidas de milh\u00f5es de fluminenses. <a href=\"https:\/\/bit.ly\/4aq98pi\" target=\"_blank\" rel=\"noopener\">No total<\/a>, nove pessoas morreram e quase 600 est\u00e3o desabrigadas no estado do Rio de Janeiro. Novamente, as redes sociais foram canais utilizados por cidad\u00e3os e coletivos para auxiliar e organizar os moradores, repercutir o que aconteceu e pedir solu\u00e7\u00f5es ao poder p\u00fablico.<\/span><\/p>\n<blockquote class=\"twitter-tweet\">\n<p dir=\"ltr\" lang=\"pt\">ACARI EM ATEN\u00c7\u00c3O E MOBILIZA\u00c7\u00c3O<\/p>\n<p>Como divulgado anteriormente, a previs\u00e3o para os pr\u00f3ximos dois dias \u00e9 de chuva forte. Sabendo do preocupante hist\u00f3rico mais recente no nosso Complexo, divulgamos pontos onde a popula\u00e7\u00e3o pode encontrar apoio\/abrigo em casos de necessidade. <a href=\"https:\/\/t.co\/K1pPLFJoLp\">pic.twitter.com\/K1pPLFJoLp<\/a><\/p>\n<p>\u2014 Coletivo Fala Akari (@Fala_Akari) <a href=\"https:\/\/twitter.com\/Fala_Akari\/status\/1771195499606941935?ref_src=twsrc%5Etfw\">March 22, 2024<\/a><\/p><\/blockquote>\n<p><script async src=\"https:\/\/platform.twitter.com\/widgets.js\" charset=\"utf-8\"><\/script><\/p>\n<h3><b>\u00c1gua em Dobro<\/b><\/h3>\n<p>Al\u00e9m do alerta emitido na sexta-feira (22), a <a href=\"https:\/\/bit.ly\/4atuNwN\" target=\"_blank\" rel=\"noopener\">prefeitura do Rio<\/a> e o <a href=\"https:\/\/bit.ly\/49YJB6N\" target=\"_blank\" rel=\"noopener\">governo do estado<\/a> decretaram ponto facultativo e suspenderam as aulas nas redes p\u00fablicas. Contudo, a maior preocupa\u00e7\u00e3o, de acordo com o Governador <a href=\"https:\/\/bit.ly\/3nX8d8F\" target=\"_blank\" rel=\"noopener\">Cl\u00e1udio Castro<\/a>, era com as cidades de Petr\u00f3polis e <a href=\"https:\/\/bit.ly\/3eYFbj9\" target=\"_blank\" rel=\"noopener\">Mag\u00e9<\/a>, que foram classificadas com risco muito alto de alagamentos e escorregamentos pelos meteorologistas.<\/p>\n<blockquote class=\"instagram-media\" style=\"background: #FFF; border: 0; border-radius: 3px; box-shadow: 0 0 1px 0 rgba(0,0,0,0.5),0 1px 10px 0 rgba(0,0,0,0.15); margin: 1px; max-width: 540px; min-width: 326px; padding: 0; width: calc(100% - 2px);\" data-instgrm-captioned=\"\" data-instgrm-permalink=\"https:\/\/www.instagram.com\/reel\/C41JoPQva4g\/?utm_source=ig_embed&amp;utm_campaign=loading\" data-instgrm-version=\"14\">\n<div style=\"padding: 16px;\">\n<p>&nbsp;<\/p>\n<div style=\"display: flex; flex-direction: row; align-items: center;\">\n<div style=\"background-color: #f4f4f4; border-radius: 50%; flex-grow: 0; height: 40px; margin-right: 14px; width: 40px;\"><\/div>\n<div style=\"display: flex; flex-direction: column; flex-grow: 1; justify-content: center;\">\n<div style=\"background-color: #f4f4f4; border-radius: 4px; flex-grow: 0; height: 14px; margin-bottom: 6px; width: 100px;\"><\/div>\n<div style=\"background-color: #f4f4f4; border-radius: 4px; flex-grow: 0; height: 14px; width: 60px;\"><\/div>\n<\/div>\n<\/div>\n<div style=\"padding: 19% 0;\"><\/div>\n<div style=\"display: block; height: 50px; margin: 0 auto 12px; width: 50px;\"><\/div>\n<div style=\"padding-top: 8px;\">\n<div style=\"color: #3897f0; font-family: Arial,sans-serif; font-size: 14px; font-style: normal; font-weight: 550; line-height: 18px;\">Ver essa foto no Instagram<\/div>\n<\/div>\n<div style=\"padding: 12.5% 0;\"><\/div>\n<div style=\"display: flex; flex-direction: row; margin-bottom: 14px; align-items: center;\">\n<div>\n<div style=\"background-color: #f4f4f4; border-radius: 50%; height: 12.5px; width: 12.5px; transform: translateX(0px) translateY(7px);\"><\/div>\n<div style=\"background-color: #f4f4f4; height: 12.5px; transform: rotate(-45deg) translateX(3px) translateY(1px); width: 12.5px; flex-grow: 0; margin-right: 14px; margin-left: 2px;\"><\/div>\n<div style=\"background-color: #f4f4f4; border-radius: 50%; height: 12.5px; width: 12.5px; transform: translateX(9px) translateY(-18px);\"><\/div>\n<\/div>\n<div style=\"margin-left: 8px;\">\n<div style=\"background-color: #f4f4f4; border-radius: 50%; flex-grow: 0; height: 20px; width: 20px;\"><\/div>\n<div style=\"width: 0; height: 0; border-top: 2px solid transparent; border-left: 6px solid #f4f4f4; border-bottom: 2px solid transparent; transform: translateX(16px) translateY(-4px) rotate(30deg);\"><\/div>\n<\/div>\n<div style=\"margin-left: auto;\">\n<div style=\"width: 0px; border-top: 8px solid #F4F4F4; border-right: 8px solid transparent; transform: translateY(16px);\"><\/div>\n<div style=\"background-color: #f4f4f4; flex-grow: 0; height: 12px; width: 16px; transform: translateY(-4px);\"><\/div>\n<div style=\"width: 0; height: 0; border-top: 8px solid #F4F4F4; border-left: 8px solid transparent; transform: translateY(-4px) translateX(8px);\"><\/div>\n<\/div>\n<\/div>\n<div style=\"display: flex; flex-direction: column; flex-grow: 1; justify-content: center; margin-bottom: 24px;\">\n<div style=\"background-color: #f4f4f4; border-radius: 4px; flex-grow: 0; height: 14px; margin-bottom: 6px; width: 224px;\"><\/div>\n<div style=\"background-color: #f4f4f4; border-radius: 4px; flex-grow: 0; height: 14px; width: 144px;\"><\/div>\n<\/div>\n<p>&nbsp;<\/p>\n<p style=\"color: #c9c8cd; font-family: Arial,sans-serif; font-size: 14px; line-height: 17px; margin-bottom: 0; margin-top: 8px; overflow: hidden; padding: 8px 0 7px; text-align: center; text-overflow: ellipsis; white-space: nowrap;\"><a style=\"color: #c9c8cd; font-family: Arial,sans-serif; font-size: 14px; font-style: normal; font-weight: normal; line-height: 17px; text-decoration: none;\" href=\"https:\/\/www.instagram.com\/reel\/C41JoPQva4g\/?utm_source=ig_embed&amp;utm_campaign=loading\" target=\"_blank\" rel=\"noopener\">Uma publica\u00e7\u00e3o compartilhada por PETR\u00d3POLIS FATOS &#8211; Jornalismo (@_petropolisfatos)<\/a><\/p>\n<\/div>\n<\/blockquote>\n<p><script async src=\"\/\/www.instagram.com\/embed.js\"><\/script><\/p>\n<p><span style=\"font-weight: 400;\">A cidade de Petr\u00f3polis recebeu o <a href=\"https:\/\/bit.ly\/3VzPbrV\" target=\"_blank\" rel=\"noopener\">dobro do volume de chuva<\/a> que estava previsto. Somente em quatro horas ca\u00edram 125 mil\u00edmetros de \u00e1gua, o esperado era 51 mil\u00edmetros.<\/span><\/p>\n<blockquote class=\"twitter-tweet\">\n<p dir=\"ltr\" lang=\"pt\">Rio Quitandinha n\u00e3o para de subir na rua Coronel Veiga, Petr\u00f3polis, RJ, 14:30 do dia 22\/03\/2024.<\/p>\n<p>Chuva moderada no momento. Sirenes tocando sem parar desde \u00e0s 14:00. <a href=\"https:\/\/twitter.com\/hashtag\/CHUVASRJ?src=hash&amp;ref_src=twsrc%5Etfw\">#CHUVASRJ<\/a> <a href=\"https:\/\/twitter.com\/hashtag\/chuvas?src=hash&amp;ref_src=twsrc%5Etfw\">#chuvas<\/a> <a href=\"https:\/\/t.co\/t9KhZe3g9V\">pic.twitter.com\/t9KhZe3g9V<\/a><\/p>\n<p>\u2014 samuca (@kreaghin) <a href=\"https:\/\/twitter.com\/kreaghin\/status\/1771239144544506012?ref_src=twsrc%5Etfw\">March 22, 2024<\/a><\/p><\/blockquote>\n<p><script async src=\"https:\/\/platform.twitter.com\/widgets.js\" charset=\"utf-8\"><\/script><\/p>\n<p><span style=\"font-weight: 400;\">Al\u00e9m das enchentes, houve diversos deslizamentos de terra que destru\u00edram casas e mataram <\/span><a href=\"https:\/\/bit.ly\/3IXfVLe\" target=\"_blank\" rel=\"noopener\"><span style=\"font-weight: 400;\">quatro pessoas soterradas<\/span><\/a><span style=\"font-weight: 400;\">. Entre quinta (21) e s\u00e1bado (23), foram contabilizados um total de <a href=\"https:\/\/bit.ly\/4a6zZGZ\" target=\"_blank\" rel=\"noopener\">238 deslizamentos<\/a>. <\/span><span style=\"font-weight: 400;\">Mediante a essa nova onda de devasta\u00e7\u00e3o causada pelas chuvas deste fim de semana, grupos da sociedade civil <\/span><span style=\"font-weight: 400;\">resolveram <\/span><a href=\"https:\/\/bit.ly\/3Tz2kyN\" target=\"_blank\" rel=\"noopener\"><span style=\"font-weight: 400;\">doar itens que ser\u00e3o distribu\u00eddos<\/span><\/a><span style=\"font-weight: 400;\">.<\/span><\/p>\n<blockquote class=\"twitter-tweet\">\n<p dir=\"ltr\" lang=\"pt\">Petr\u00f3polis, RJ, 17:30. Deslizamento de terra no bairro Independ\u00eancia. Chuva de moderada a forte intensidade no momento. Ainda n\u00e3o h\u00e1 informa\u00e7\u00f5es sobre \u00f3bitos ou feridos. Pessoas gritando por socorro debaixo dos escombros. <a href=\"https:\/\/twitter.com\/hashtag\/CHUVASRJ?src=hash&amp;ref_src=twsrc%5Etfw\">#CHUVASRJ<\/a> <a href=\"https:\/\/twitter.com\/hashtag\/chuvas?src=hash&amp;ref_src=twsrc%5Etfw\">#chuvas<\/a> <a href=\"https:\/\/t.co\/ba98SuvzCj\">pic.twitter.com\/ba98SuvzCj<\/a><\/p>\n<p>\u2014 samuca (@kreaghin) <a href=\"https:\/\/twitter.com\/kreaghin\/status\/1771279375725375570?ref_src=twsrc%5Etfw\">March 22, 2024<\/a><\/p><\/blockquote>\n<p><script async src=\"https:\/\/platform.twitter.com\/widgets.js\" charset=\"utf-8\"><\/script><\/p>\n<p><span style=\"font-weight: 400;\">Vale lembrar que, em 2022, <\/span><span style=\"font-weight: 400;\">Petr\u00f3polis viveu a<\/span> <a href=\"https:\/\/bit.ly\/4cJPPJJ\" target=\"_blank\" rel=\"noopener\"><span style=\"font-weight: 400;\">maior trag\u00e9dia clim\u00e1tica de sua hist\u00f3ria<\/span><\/a><span style=\"font-weight: 400;\">, quando 234 pessoas morreram e 4.000 ficaram desabrigadas. Um ano ap\u00f3s este triste epis\u00f3dio (2023),<\/span><span style=\"font-weight: 400;\"> a prefeitura do munic\u00edpio da regi\u00e3o serrana havia gasto apenas <\/span><a href=\"https:\/\/bit.ly\/4a86SDh\" target=\"_blank\" rel=\"noopener\"><span style=\"font-weight: 400;\">15% do valor<\/span><\/a><span style=\"font-weight: 400;\"> aprovado para projetos de habita\u00e7\u00e3o e<\/span><span style=\"font-weight: 400;\"> a\u00e7\u00f5es preventivas nas \u00e1reas de risco mapeadas na cidade.<\/span><\/p>\n<blockquote class=\"twitter-tweet\">\n<p dir=\"ltr\" lang=\"pt\">Petr\u00f3polis, RJ, 16:50. Deslizamento de terra no bairro Independ\u00eancia. Chuva de moderada a forte intensidade no momento. N\u00e3o h\u00e1 informa\u00e7\u00f5es sobre \u00f3bitos ou feridos. <a href=\"https:\/\/twitter.com\/hashtag\/CHUVASRJ?src=hash&amp;ref_src=twsrc%5Etfw\">#CHUVASRJ<\/a> <a href=\"https:\/\/twitter.com\/hashtag\/chuvas?src=hash&amp;ref_src=twsrc%5Etfw\">#chuvas<\/a> <a href=\"https:\/\/t.co\/TNOzTp6pFB\">pic.twitter.com\/TNOzTp6pFB<\/a><\/p>\n<p>\u2014 samuca (@kreaghin) <a href=\"https:\/\/twitter.com\/kreaghin\/status\/1771268166905114887?ref_src=twsrc%5Etfw\">March 22, 2024<\/a><\/p><\/blockquote>\n<p><script async src=\"https:\/\/platform.twitter.com\/widgets.js\" charset=\"utf-8\"><\/script><\/p>\n<p>Tal como a Regi\u00e3o Serrana, a Baixada Fluminense \u00e9 <a href=\"https:\/\/bit.ly\/3LWwfvu\" target=\"_blank\" rel=\"noopener\">historicamente muito atingida<\/a> com as fortes chuvas. Por isso, as prefeituras da regi\u00e3o tamb\u00e9m optaram pela precau\u00e7\u00e3o, suspenderam atividades e recomendaram que os cidad\u00e3os ficassem em casa durante as tempestades.<\/p>\n<blockquote class=\"instagram-media\" style=\"background: #FFF; border: 0; border-radius: 3px; box-shadow: 0 0 1px 0 rgba(0,0,0,0.5),0 1px 10px 0 rgba(0,0,0,0.15); margin: 1px; max-width: 540px; min-width: 326px; padding: 0; width: calc(100% - 2px);\" data-instgrm-captioned=\"\" data-instgrm-permalink=\"https:\/\/www.instagram.com\/p\/C4y-tnosqDd\/?utm_source=ig_embed&amp;utm_campaign=loading\" data-instgrm-version=\"14\">\n<div style=\"padding: 16px;\">\n<p>&nbsp;<\/p>\n<div style=\"display: flex; flex-direction: row; align-items: center;\">\n<div style=\"background-color: #f4f4f4; border-radius: 50%; flex-grow: 0; height: 40px; margin-right: 14px; width: 40px;\"><\/div>\n<div style=\"display: flex; flex-direction: column; flex-grow: 1; justify-content: center;\">\n<div style=\"background-color: #f4f4f4; border-radius: 4px; flex-grow: 0; height: 14px; margin-bottom: 6px; width: 100px;\"><\/div>\n<div style=\"background-color: #f4f4f4; border-radius: 4px; flex-grow: 0; height: 14px; width: 60px;\"><\/div>\n<\/div>\n<\/div>\n<div style=\"padding: 19% 0;\"><\/div>\n<div style=\"display: block; height: 50px; margin: 0 auto 12px; width: 50px;\"><\/div>\n<div style=\"padding-top: 8px;\">\n<div style=\"color: #3897f0; font-family: Arial,sans-serif; font-size: 14px; font-style: normal; font-weight: 550; line-height: 18px;\">Ver essa foto no Instagram<\/div>\n<\/div>\n<div style=\"padding: 12.5% 0;\"><\/div>\n<div style=\"display: flex; flex-direction: row; margin-bottom: 14px; align-items: center;\">\n<div>\n<div style=\"background-color: #f4f4f4; border-radius: 50%; height: 12.5px; width: 12.5px; transform: translateX(0px) translateY(7px);\"><\/div>\n<div style=\"background-color: #f4f4f4; height: 12.5px; transform: rotate(-45deg) translateX(3px) translateY(1px); width: 12.5px; flex-grow: 0; margin-right: 14px; margin-left: 2px;\"><\/div>\n<div style=\"background-color: #f4f4f4; border-radius: 50%; height: 12.5px; width: 12.5px; transform: translateX(9px) translateY(-18px);\"><\/div>\n<\/div>\n<div style=\"margin-left: 8px;\">\n<div style=\"background-color: #f4f4f4; border-radius: 50%; flex-grow: 0; height: 20px; width: 20px;\"><\/div>\n<div style=\"width: 0; height: 0; border-top: 2px solid transparent; border-left: 6px solid #f4f4f4; border-bottom: 2px solid transparent; transform: translateX(16px) translateY(-4px) rotate(30deg);\"><\/div>\n<\/div>\n<div style=\"margin-left: auto;\">\n<div style=\"width: 0px; border-top: 8px solid #F4F4F4; border-right: 8px solid transparent; transform: translateY(16px);\"><\/div>\n<div style=\"background-color: #f4f4f4; flex-grow: 0; height: 12px; width: 16px; transform: translateY(-4px);\"><\/div>\n<div style=\"width: 0; height: 0; border-top: 8px solid #F4F4F4; border-left: 8px solid transparent; transform: translateY(-4px) translateX(8px);\"><\/div>\n<\/div>\n<\/div>\n<div style=\"display: flex; flex-direction: column; flex-grow: 1; justify-content: center; margin-bottom: 24px;\">\n<div style=\"background-color: #f4f4f4; border-radius: 4px; flex-grow: 0; height: 14px; margin-bottom: 6px; width: 224px;\"><\/div>\n<div style=\"background-color: #f4f4f4; border-radius: 4px; flex-grow: 0; height: 14px; width: 144px;\"><\/div>\n<\/div>\n<p>&nbsp;<\/p>\n<p style=\"color: #c9c8cd; font-family: Arial,sans-serif; font-size: 14px; line-height: 17px; margin-bottom: 0; margin-top: 8px; overflow: hidden; padding: 8px 0 7px; text-align: center; text-overflow: ellipsis; white-space: nowrap;\"><a style=\"color: #c9c8cd; font-family: Arial,sans-serif; font-size: 14px; font-style: normal; font-weight: normal; line-height: 17px; text-decoration: none;\" href=\"https:\/\/www.instagram.com\/p\/C4y-tnosqDd\/?utm_source=ig_embed&amp;utm_campaign=loading\" target=\"_blank\" rel=\"noopener\">Uma publica\u00e7\u00e3o compartilhada por UNIG &#8211; Universidade Iguac\u0327u (@universidadeiguacu)<\/a><\/p>\n<\/div>\n<\/blockquote>\n<p><script async src=\"\/\/www.instagram.com\/embed.js\"><\/script><\/p>\n<p>Uma das localidades mais atingidas na <a href=\"https:\/\/bit.ly\/3U5oSsM\" target=\"_blank\" rel=\"noopener\">\u00faltima grande chuva<\/a>, no final de janeiro de 2024, <a href=\"https:\/\/bit.ly\/2KMwrB3\" target=\"_blank\" rel=\"noopener\">Nova Igua\u00e7u<\/a> felizmente n\u00e3o registrou mortes desta vez, apesar da chuva intensa.<\/p>\n<blockquote class=\"twitter-tweet\">\n<p dir=\"ltr\" lang=\"pt\">TOP SHOPPING DE NOVA IGUA\u00c7U RJ, VENTANIA E CHUVA FORTE. <a href=\"https:\/\/t.co\/nQ7HDVEjDv\">pic.twitter.com\/nQ7HDVEjDv<\/a><\/p>\n<p>\u2014 \u14aa\u156e\u2164\u03d2 (@LevySallahK) <a href=\"https:\/\/twitter.com\/LevySallahK\/status\/1770565189030559842?ref_src=twsrc%5Etfw\">March 20, 2024<\/a><\/p><\/blockquote>\n<p><script async src=\"https:\/\/platform.twitter.com\/widgets.js\" charset=\"utf-8\"><\/script><\/p>\n<p>No entanto, apesar de n\u00e3o ter havido mortes, muitas ruas e casas ficaram alagadas em meio \u00e0 tempestade.<\/p>\n<blockquote class=\"twitter-tweet\">\n<p dir=\"ltr\" lang=\"pt\">NOVA IGUA\u00c7U ALAGOU, chuva forte e temporal na Baixada Fluminense no Rio de Janeiro. Siga <a href=\"https:\/\/twitter.com\/riotalindo?ref_src=twsrc%5Etfw\">@riotalindo<\/a> <a href=\"https:\/\/t.co\/95uUUg9BQW\">pic.twitter.com\/95uUUg9BQW<\/a><\/p>\n<p>\u2014 O Rio T\u00e1 Lindo (@riotalindo) <a href=\"https:\/\/twitter.com\/riotalindo\/status\/1770582455247896781?ref_src=twsrc%5Etfw\">March 20, 2024<\/a><\/p><\/blockquote>\n<p><script async src=\"https:\/\/platform.twitter.com\/widgets.js\" charset=\"utf-8\"><\/script><\/p>\n<p>Na divisa entre as cidades de <a href=\"https:\/\/bit.ly\/3TO6FiS\" target=\"_blank\" rel=\"noopener\">Nil\u00f3polis<\/a> e <a href=\"https:\/\/bit.ly\/2UaGIxC\" target=\"_blank\" rel=\"noopener\">Mesquita<\/a>, entre os bairros de Nossa Senhora de F\u00e1tima e <a href=\"https:\/\/bit.ly\/3h1W14n\" target=\"_blank\" rel=\"noopener\">Chatuba<\/a>, \u00e0s margens do <a href=\"https:\/\/bit.ly\/40RWhsk\" target=\"_blank\" rel=\"noopener\">Rio Sarapu\u00ed<\/a>, o desabamento de uma casa que deixou <a href=\"https:\/\/bit.ly\/4cxOfds\" target=\"_blank\" rel=\"noopener\">tr\u00eas pessoas feridas<\/a>. Uma delas morreu no hospital, horas depois do socorro. O entregador de app e assessor da <a href=\"https:\/\/bit.ly\/3jN6tML\" target=\"_blank\" rel=\"noopener\">Comiss\u00e3o de Direitos Humanos<\/a> da <a href=\"https:\/\/bit.ly\/3crY2BE\" target=\"_blank\" rel=\"noopener\">Alerj<\/a>, <a href=\"https:\/\/bit.ly\/3TAeBDe\" target=\"_blank\" rel=\"noopener\">Saulo Benicio<\/a>, relatou o ocorrido em suas redes.<\/p>\n<blockquote class=\"twitter-tweet\">\n<p dir=\"ltr\" lang=\"pt\">&#x1f6a8;Uma casa acabou de desabar em Nil\u00f3polis&#x1f6a8;<\/p>\n<p>Chegam imagens de v\u00e1rios locais da Baixada com alagamentos, desabamentos, de moradores perdendo seus bens e suas conquistas &#x1f622;<\/p>\n<p>Os pobres e negros s\u00e3o os que mais sofrem com essas chuvas. \u00c9 urgente combatermos o racismo ambiental!<\/p>\n<p>\u2014 Saulo Benicio (@saulo_nilo) <a href=\"https:\/\/twitter.com\/saulo_nilo\/status\/1771250565927878684?ref_src=twsrc%5Etfw\">March 22, 2024<\/a><\/p><\/blockquote>\n<p><script async src=\"https:\/\/platform.twitter.com\/widgets.js\" charset=\"utf-8\"><\/script><\/p>\n<p>J\u00e1 em <a href=\"https:\/\/bit.ly\/32a7KVg\" target=\"_blank\" rel=\"noopener\">Belford Roxo<\/a>, outra cidade da Baixada, a ventania foi tanta que o teto de alum\u00ednio de uma casa foi arrancado e lan\u00e7ado por cima da fia\u00e7\u00e3o.<\/p>\n<blockquote class=\"twitter-tweet\">\n<p dir=\"ltr\" lang=\"pt\">Centro de Belford Roxo, ontem por volta das 23 da noite ap\u00f3s uma ventania. <a href=\"https:\/\/t.co\/z6O0toMUQr\">pic.twitter.com\/z6O0toMUQr<\/a><\/p>\n<p>\u2014 Plant\u00e3o Baixada RJ (@PlantaoBaixadaa) <a href=\"https:\/\/twitter.com\/PlantaoBaixadaa\/status\/1771131527708971124?ref_src=twsrc%5Etfw\">March 22, 2024<\/a><\/p><\/blockquote>\n<p><script async src=\"https:\/\/platform.twitter.com\/widgets.js\" charset=\"utf-8\"><\/script><\/p>\n<p>Em <a href=\"https:\/\/bit.ly\/2KMwrB3\" target=\"_blank\" rel=\"noopener\">Duque de Caxias<\/a>, bairros que <a href=\"https:\/\/bit.ly\/3vsolr2\" target=\"_blank\" rel=\"noopener\">ficaram submersos<\/a> na \u00faltima grande tempestade, h\u00e1 dois meses, encontraram-se, mais uma vez, embaixo d&#8217;\u00e1gua. Essa foi a situa\u00e7\u00e3o dos moradores de <a href=\"https:\/\/bit.ly\/3xaoRdX\" target=\"_blank\" rel=\"noopener\">Vila Urussa\u00ed<\/a><strong>,<\/strong> situada no distrito de <a href=\"https:\/\/bit.ly\/49Z0PRv\" target=\"_blank\" rel=\"noopener\">Saracuruna<\/a>.<\/p>\n<blockquote class=\"twitter-tweet\">\n<p dir=\"ltr\" lang=\"pt\">Imagem da \u00e1gua escoando para o val\u00e3o na vila urussai em Saracuruna, bairro foi bastante castigado com a chuva e v\u00e1rias fam\u00edlias est\u00e3o desabrigadas. <a href=\"https:\/\/t.co\/0SlfGWGmJK\">pic.twitter.com\/0SlfGWGmJK<\/a><\/p>\n<p>\u2014 Plant\u00e3o Baixada RJ (@PlantaoBaixadaa) <a href=\"https:\/\/twitter.com\/PlantaoBaixadaa\/status\/1771926017508040741?ref_src=twsrc%5Etfw\">March 24, 2024<\/a><\/p><\/blockquote>\n<p><script async src=\"https:\/\/platform.twitter.com\/widgets.js\" charset=\"utf-8\"><\/script><\/p>\n<p>No maior conjunto de favelas da Baixada Fluminense, o <a href=\"https:\/\/bit.ly\/3jK1FYt\" target=\"_blank\" rel=\"noopener\">Complexo da Mangueirinha<\/a>, moradores tiveram que ser resgatados pelo Corpo de Bombeiros em barcos e h\u00e1 relatos de diversas pessoas desabrigadas na comunidade gra\u00e7as \u00e0s enchentes.<\/p>\n<blockquote class=\"twitter-tweet\">\n<p dir=\"ltr\" lang=\"pt\">Chuva alaga ruas, invade casas, deixa moradores ilhados e desabrigados em Duque de Caxias, na Baixada-RJ <a href=\"https:\/\/t.co\/UG9ObHJujk\">pic.twitter.com\/UG9ObHJujk<\/a><\/p>\n<p>\u2014 Jornal Destaque Baixada (@jornaldestaqueb) <a href=\"https:\/\/twitter.com\/jornaldestaqueb\/status\/1771384719961112740?ref_src=twsrc%5Etfw\">March 23, 2024<\/a><\/p><\/blockquote>\n<p><script async src=\"https:\/\/platform.twitter.com\/widgets.js\" charset=\"utf-8\"><\/script><\/p>\n<h3>Norte e Noroeste do Estado<\/h3>\n<p>No <a href=\"https:\/\/bit.ly\/4csI9LB\" target=\"_blank\" rel=\"noopener\">Norte e Noroeste<\/a> do estado do Rio de Janeiro, as chuvas causaram o <a href=\"https:\/\/bit.ly\/4aMULvB\" target=\"_blank\" rel=\"noopener\">transbordamento<\/a> dos principais rios regi\u00e3o: <a href=\"https:\/\/bit.ly\/3IPXhFc\" target=\"_blank\" rel=\"noopener\">Itabapoana<\/a>, <a href=\"https:\/\/bit.ly\/3PC2Smn\" target=\"_blank\" rel=\"noopener\">Muria\u00e9<\/a> e S\u00e3o Pedro.<\/p>\n<blockquote class=\"twitter-tweet\">\n<p dir=\"ltr\" lang=\"pt\">TRANSBORDAMENTO DE RIOS NA SERRA DE MACA\u00c9!<\/p>\n<p>A chuva na serra macaense est\u00e1 bem forte como j\u00e1 previa a Defesa Civil. Os rios est\u00e3o transbordando, e com isso todos precisam ficar em alerta! Mais v\u00eddeos nos stories. <a href=\"https:\/\/t.co\/BaHxUlesl3\">pic.twitter.com\/BaHxUlesl3<\/a><\/p>\n<p>\u2014 Not\u00edcias Maca\u00e9 (@macae_noticias) <a href=\"https:\/\/twitter.com\/macae_noticias\/status\/1771358390478160135?ref_src=twsrc%5Etfw\">March 23, 2024<\/a><\/p><\/blockquote>\n<p><script async src=\"https:\/\/platform.twitter.com\/widgets.js\" charset=\"utf-8\"><\/script><\/p>\n<p>A cidade de <a href=\"https:\/\/bit.ly\/3x7sykh\" target=\"_blank\" rel=\"noopener\">Maca\u00e9 registrou<\/a> 150 mm de \u00e1gua na \u00e1rea urbana e 380 mil\u00edmetros em sua regi\u00e3o serrana, mais que o esperado <a href=\"https:\/\/bit.ly\/3TwTzFw\" target=\"_blank\" rel=\"noopener\">para o m\u00eas inteiro<\/a>.<\/p>\n<blockquote class=\"instagram-media\" style=\"background: #FFF; border: 0; border-radius: 3px; box-shadow: 0 0 1px 0 rgba(0,0,0,0.5),0 1px 10px 0 rgba(0,0,0,0.15); margin: 1px; max-width: 540px; min-width: 326px; padding: 0; width: calc(100% - 2px);\" data-instgrm-captioned=\"\" data-instgrm-permalink=\"https:\/\/www.instagram.com\/reel\/C41JqsDvEQu\/?utm_source=ig_embed&amp;utm_campaign=loading\" data-instgrm-version=\"14\">\n<div style=\"padding: 16px;\">\n<p>&nbsp;<\/p>\n<div style=\"display: flex; flex-direction: row; align-items: center;\">\n<div style=\"background-color: #f4f4f4; border-radius: 50%; flex-grow: 0; height: 40px; margin-right: 14px; width: 40px;\"><\/div>\n<div style=\"display: flex; flex-direction: column; flex-grow: 1; justify-content: center;\">\n<div style=\"background-color: #f4f4f4; border-radius: 4px; flex-grow: 0; height: 14px; margin-bottom: 6px; width: 100px;\"><\/div>\n<div style=\"background-color: #f4f4f4; border-radius: 4px; flex-grow: 0; height: 14px; width: 60px;\"><\/div>\n<\/div>\n<\/div>\n<div style=\"padding: 19% 0;\"><\/div>\n<div style=\"display: block; height: 50px; margin: 0 auto 12px; width: 50px;\"><\/div>\n<div style=\"padding-top: 8px;\">\n<div style=\"color: #3897f0; font-family: Arial,sans-serif; font-size: 14px; font-style: normal; font-weight: 550; line-height: 18px;\">Ver essa foto no Instagram<\/div>\n<\/div>\n<div style=\"padding: 12.5% 0;\"><\/div>\n<div style=\"display: flex; flex-direction: row; margin-bottom: 14px; align-items: center;\">\n<div>\n<div style=\"background-color: #f4f4f4; border-radius: 50%; height: 12.5px; width: 12.5px; transform: translateX(0px) translateY(7px);\"><\/div>\n<div style=\"background-color: #f4f4f4; height: 12.5px; transform: rotate(-45deg) translateX(3px) translateY(1px); width: 12.5px; flex-grow: 0; margin-right: 14px; margin-left: 2px;\"><\/div>\n<div style=\"background-color: #f4f4f4; border-radius: 50%; height: 12.5px; width: 12.5px; transform: translateX(9px) translateY(-18px);\"><\/div>\n<\/div>\n<div style=\"margin-left: 8px;\">\n<div style=\"background-color: #f4f4f4; border-radius: 50%; flex-grow: 0; height: 20px; width: 20px;\"><\/div>\n<div style=\"width: 0; height: 0; border-top: 2px solid transparent; border-left: 6px solid #f4f4f4; border-bottom: 2px solid transparent; transform: translateX(16px) translateY(-4px) rotate(30deg);\"><\/div>\n<\/div>\n<div style=\"margin-left: auto;\">\n<div style=\"width: 0px; border-top: 8px solid #F4F4F4; border-right: 8px solid transparent; transform: translateY(16px);\"><\/div>\n<div style=\"background-color: #f4f4f4; flex-grow: 0; height: 12px; width: 16px; transform: translateY(-4px);\"><\/div>\n<div style=\"width: 0; height: 0; border-top: 8px solid #F4F4F4; border-left: 8px solid transparent; transform: translateY(-4px) translateX(8px);\"><\/div>\n<\/div>\n<\/div>\n<div style=\"display: flex; flex-direction: column; flex-grow: 1; justify-content: center; margin-bottom: 24px;\">\n<div style=\"background-color: #f4f4f4; border-radius: 4px; flex-grow: 0; height: 14px; margin-bottom: 6px; width: 224px;\"><\/div>\n<div style=\"background-color: #f4f4f4; border-radius: 4px; flex-grow: 0; height: 14px; width: 144px;\"><\/div>\n<\/div>\n<p>&nbsp;<\/p>\n<p style=\"color: #c9c8cd; font-family: Arial,sans-serif; font-size: 14px; line-height: 17px; margin-bottom: 0; margin-top: 8px; overflow: hidden; padding: 8px 0 7px; text-align: center; text-overflow: ellipsis; white-space: nowrap;\"><a style=\"color: #c9c8cd; font-family: Arial,sans-serif; font-size: 14px; font-style: normal; font-weight: normal; line-height: 17px; text-decoration: none;\" href=\"https:\/\/www.instagram.com\/reel\/C41JqsDvEQu\/?utm_source=ig_embed&amp;utm_campaign=loading\" target=\"_blank\" rel=\"noopener\">Uma publica\u00e7\u00e3o compartilhada por Tribuna cidad\u00e3 por Leandro SERENO (@tribuna_cidada_macae)<\/a><\/p>\n<\/div>\n<\/blockquote>\n<p><script async src=\"\/\/www.instagram.com\/embed.js\"><\/script><\/p>\n<p>Em outra postagem, a mesma p\u00e1gina publicou a grava\u00e7\u00e3o de um morador do <a href=\"https:\/\/bit.ly\/3VCVefh\" target=\"_blank\" rel=\"noopener\">Frade, na Regi\u00e3o Serrana de Maca\u00e9<\/a>, onde \u00e9 filmado o momento em que uma ponte \u00e9 submergida pelo rio que passa no local. De acordo com os relatos do morador que gravou o v\u00eddeo, \u00e9 poss\u00edvel ouvir o som de pedras sendo arrastadas pela for\u00e7a das \u00e1guas da tempestade.<\/p>\n<blockquote class=\"instagram-media\" style=\"background: #FFF; border: 0; border-radius: 3px; box-shadow: 0 0 1px 0 rgba(0,0,0,0.5),0 1px 10px 0 rgba(0,0,0,0.15); margin: 1px; max-width: 540px; min-width: 326px; padding: 0; width: calc(100% - 2px);\" data-instgrm-captioned=\"\" data-instgrm-permalink=\"https:\/\/www.instagram.com\/reel\/C41WKUBvL_z\/?utm_source=ig_embed&amp;utm_campaign=loading\" data-instgrm-version=\"14\">\n<div style=\"padding: 16px;\">\n<p>&nbsp;<\/p>\n<div style=\"display: flex; flex-direction: row; align-items: center;\">\n<div style=\"background-color: #f4f4f4; border-radius: 50%; flex-grow: 0; height: 40px; margin-right: 14px; width: 40px;\"><\/div>\n<div style=\"display: flex; flex-direction: column; flex-grow: 1; justify-content: center;\">\n<div style=\"background-color: #f4f4f4; border-radius: 4px; flex-grow: 0; height: 14px; margin-bottom: 6px; width: 100px;\"><\/div>\n<div style=\"background-color: #f4f4f4; border-radius: 4px; flex-grow: 0; height: 14px; width: 60px;\"><\/div>\n<\/div>\n<\/div>\n<div style=\"padding: 19% 0;\"><\/div>\n<div style=\"display: block; height: 50px; margin: 0 auto 12px; width: 50px;\"><\/div>\n<div style=\"padding-top: 8px;\">\n<div style=\"color: #3897f0; font-family: Arial,sans-serif; font-size: 14px; font-style: normal; font-weight: 550; line-height: 18px;\">Ver essa foto no Instagram<\/div>\n<\/div>\n<div style=\"padding: 12.5% 0;\"><\/div>\n<div style=\"display: flex; flex-direction: row; margin-bottom: 14px; align-items: center;\">\n<div>\n<div style=\"background-color: #f4f4f4; border-radius: 50%; height: 12.5px; width: 12.5px; transform: translateX(0px) translateY(7px);\"><\/div>\n<div style=\"background-color: #f4f4f4; height: 12.5px; transform: rotate(-45deg) translateX(3px) translateY(1px); width: 12.5px; flex-grow: 0; margin-right: 14px; margin-left: 2px;\"><\/div>\n<div style=\"background-color: #f4f4f4; border-radius: 50%; height: 12.5px; width: 12.5px; transform: translateX(9px) translateY(-18px);\"><\/div>\n<\/div>\n<div style=\"margin-left: 8px;\">\n<div style=\"background-color: #f4f4f4; border-radius: 50%; flex-grow: 0; height: 20px; width: 20px;\"><\/div>\n<div style=\"width: 0; height: 0; border-top: 2px solid transparent; border-left: 6px solid #f4f4f4; border-bottom: 2px solid transparent; transform: translateX(16px) translateY(-4px) rotate(30deg);\"><\/div>\n<\/div>\n<div style=\"margin-left: auto;\">\n<div style=\"width: 0px; border-top: 8px solid #F4F4F4; border-right: 8px solid transparent; transform: translateY(16px);\"><\/div>\n<div style=\"background-color: #f4f4f4; flex-grow: 0; height: 12px; width: 16px; transform: translateY(-4px);\"><\/div>\n<div style=\"width: 0; height: 0; border-top: 8px solid #F4F4F4; border-left: 8px solid transparent; transform: translateY(-4px) translateX(8px);\"><\/div>\n<\/div>\n<\/div>\n<div style=\"display: flex; flex-direction: column; flex-grow: 1; justify-content: center; margin-bottom: 24px;\">\n<div style=\"background-color: #f4f4f4; border-radius: 4px; flex-grow: 0; height: 14px; margin-bottom: 6px; width: 224px;\"><\/div>\n<div style=\"background-color: #f4f4f4; border-radius: 4px; flex-grow: 0; height: 14px; width: 144px;\"><\/div>\n<\/div>\n<p>&nbsp;<\/p>\n<p style=\"color: #c9c8cd; font-family: Arial,sans-serif; font-size: 14px; line-height: 17px; margin-bottom: 0; margin-top: 8px; overflow: hidden; padding: 8px 0 7px; text-align: center; text-overflow: ellipsis; white-space: nowrap;\"><a style=\"color: #c9c8cd; font-family: Arial,sans-serif; font-size: 14px; font-style: normal; font-weight: normal; line-height: 17px; text-decoration: none;\" href=\"https:\/\/www.instagram.com\/reel\/C41WKUBvL_z\/?utm_source=ig_embed&amp;utm_campaign=loading\" target=\"_blank\" rel=\"noopener\">Uma publica\u00e7\u00e3o compartilhada por Tribuna cidad\u00e3 por Leandro SERENO (@tribuna_cidada_macae)<\/a><\/p>\n<\/div>\n<\/blockquote>\n<p><script async src=\"\/\/www.instagram.com\/embed.js\"><\/script><\/p>\n<p>O transbordamento dos rios na serra fez com que as cidades ao longo do leito destes rios sofressem inunda\u00e7\u00f5es. \u00c9 o que aconteceu com diversas \u00e1reas de Campos dos Goytacazes.<\/p>\n<blockquote class=\"twitter-tweet\">\n<p dir=\"ltr\" lang=\"pt\">Chuva deixa distrito de Santo Eduardo, em Campos, debaixo d&#8217;\u00e1gua; v\u00eddeo mostra v\u00edtima resgatada pelo telhado <a href=\"https:\/\/t.co\/yfeIiF7DVn\">https:\/\/t.co\/yfeIiF7DVn<\/a> <a href=\"https:\/\/t.co\/o6gAWVVizb\">pic.twitter.com\/o6gAWVVizb<\/a><\/p>\n<p>\u2014 Bruno Vida \uf8ff (@Bruno_Vida) <a href=\"https:\/\/twitter.com\/Bruno_Vida\/status\/1772375220999069712?ref_src=twsrc%5Etfw\">March 25, 2024<\/a><\/p><\/blockquote>\n<p><script async src=\"https:\/\/platform.twitter.com\/widgets.js\" charset=\"utf-8\"><\/script><\/p>\n<p><span style=\"font-weight: 400;\">E tamb\u00e9m de Itaperuna, onde n\u00e3o era poss\u00edvel ver as ruas do distrito de Raposo, pois as vias se transformaram em rios.\u00a0<\/span><\/p>\n<blockquote class=\"twitter-tweet\">\n<p dir=\"ltr\" lang=\"pt\">&#x2b1b;&#xfe0f;CHUVAS<\/p>\n<p>Distrito de Raposo, em Itaperuna\/RJ, fortemente atingido. <a href=\"https:\/\/t.co\/cxRjzPgWe2\">pic.twitter.com\/cxRjzPgWe2<\/a><\/p>\n<p>\u2014 Coletivo em Defesa da Vida. (@contagemcorona1) <a href=\"https:\/\/twitter.com\/contagemcorona1\/status\/1771362923094385052?ref_src=twsrc%5Etfw\">March 23, 2024<\/a><\/p><\/blockquote>\n<p><script async src=\"https:\/\/platform.twitter.com\/widgets.js\" charset=\"utf-8\"><\/script><\/p>\n<h3>Organiza\u00e7\u00f5es Exigem Medidas<\/h3>\n<p>Mediante o alerta de chuvas extremas emitido pelo Instituto Nacional de Meteorologia (<a href=\"https:\/\/bit.ly\/3IOKTp4\" target=\"_blank\" rel=\"noopener\">INMET<\/a>), <a href=\"https:\/\/bit.ly\/3VvVlt2\" target=\"_blank\" rel=\"noopener\">35 organiza\u00e7\u00f5es e coletivos protocolaram<\/a>, no mesmo dia do an\u00fancio, um of\u00edcio recomendando cinco a\u00e7\u00f5es emergenciais \u00e0s autoridades do Rio de Janeiro. Entre as organiza\u00e7\u00f5es envolvidas est\u00e1 a <a href=\"https:\/\/bit.ly\/2ZSEEuQ\" target=\"_blank\" rel=\"noopener\">Casa Fluminense<\/a>, que luta pela igualdade e aprofundamento democr\u00e1tico no Grande Rio.<\/p>\n<blockquote><p><span style=\"font-weight: 400;\">\u201c\u00c9 um pedido de socorro das nossas favelas, bairros e cidades do Rio de Janeiro, que se movimentam em busca de solu\u00e7\u00f5es diante da previs\u00e3o de tempo para o final de semana.\u201d \u2014 <a href=\"https:\/\/bit.ly\/3VxQ6cs\" target=\"_blank\" rel=\"noopener\">Larissa Amorim<\/a>, diretora da Casa Fluminense<\/span><\/p><\/blockquote>\n<p>As cinco a\u00e7\u00f5es imediatas exigidas s\u00e3o:<\/p>\n<ol>\n<li>Cancelar aulas nas institui\u00e7\u00f5es de ensino em territ\u00f3rios atingidos e adotar o trabalho h\u00edbrido ou remoto para servidores que residam em \u00e1reas de risco, orientando o setor privado a adotar a mesma medida;<\/li>\n<li>Disponibilizar transporte para deslocamento at\u00e9 os locais de abrigamento;<\/li>\n<li>Utilizar os canais de comunica\u00e7\u00e3o do governo do estado e da rede de transmiss\u00e3o de r\u00e1dio e televis\u00e3o para alertar a popula\u00e7\u00e3o dos riscos e dar orienta\u00e7\u00f5es sobre o que fazer em caso de trag\u00e9dia;<\/li>\n<li>Instalar um comit\u00ea de gest\u00e3o de crise e acompanhamento dos impactos das chuvas com participa\u00e7\u00e3o da sociedade civil;<\/li>\n<li>Dar refor\u00e7o \u00e0s a\u00e7\u00f5es, estrutura e efetivo da Defesa Civil durante o per\u00edodo de alerta (disponibiliza\u00e7\u00e3o do Corpo de Bombeiros, Pol\u00edcia Militar e Pol\u00edcia Civil para dar suporte \u00e0s opera\u00e7\u00f5es de aux\u00edlio \u00e0 popula\u00e7\u00e3o).<\/li>\n<\/ol>\n<p>Destas, somente duas foram implementadas: o ponto facultativo e a utiliza\u00e7\u00e3o massiva dos meios de comunica\u00e7\u00e3o p\u00fablicos e privados para comunicar o potencial destrutivo da chuva e pedir que as pessoas ficassem em casa ou em pontos seguros. Apesar de simples e baratas, as outras solu\u00e7\u00f5es n\u00e3o foram postas em pr\u00e1tica pelo Estado. \u00c9 necess\u00e1rio que fique entendido que h\u00e1 or\u00e7amento para medidas preventivas, mas que a aus\u00eancia de vontade pol\u00edtica das autoridades, fruto do racismo ambiental com rela\u00e7\u00e3o \u00e0s favelas, \u00e9 a principal respons\u00e1vel pelas trag\u00e9dias socioambientais que vitimam centenas de milhares brasileiros todos os anos no ver\u00e3o.<\/p>\n<p><em>Sobre o autor:<\/em> <em><a href=\"https:\/\/bit.ly\/37hnLN2\" target=\"_blank\" rel=\"noopener\">Euro Mascarenhas Filho<\/a>\u00a0\u00e9 jornalista, colaborador do\u00a0<a href=\"http:\/\/bit.ly\/2bEKDZS\" target=\"_blank\" rel=\"noopener\">N\u00facleo Piratininga de Comunica\u00e7\u00e3o<\/a>, comunicador popular, e autor do programa de podcast\u00a0<a href=\"https:\/\/spoti.fi\/2WvGpyG\" target=\"_blank\" rel=\"noopener\">Antena Aberta<\/a>.<\/em><\/p>\n<div class=\"entry-content clearfix\">\n<hr \/>\n<h4><b data-stringify-type=\"bold\">Apoie nossos esfor\u00e7os para fornecer apoio estrat\u00e9gico \u00e0s favelas do Rio, incluindo o jornalismo hiperlocal, cr\u00edtico, inovador e incans\u00e1vel do\u00a0<\/b><b data-stringify-type=\"bold\"><i data-stringify-type=\"italic\">RioOnWatch<\/i><\/b>\u2014<a class=\"c-link\" href=\"http:\/\/www.bit.ly\/ApoieROW\" target=\"_blank\" rel=\"noopener noreferrer\" data-stringify-link=\"http:\/\/www.bit.ly\/ApoieROW\" data-sk=\"tooltip_parent\">doe aqui<\/a>.<\/h4>\n<\/div>\n<!-- AddThis Advanced Settings generic via filter on the_content --><!-- AddThis Share Buttons generic via filter on the_content -->","protected":false},"excerpt":{"rendered":"<div class=\"mh-excerpt\"><p>Click Here for English Esta mat\u00e9ria faz parte da s\u00e9rie\u00a0#OQueDizemAsRedes\u00a0que traz pontos de vista publicados nas redes sociais, de moradores e ativistas de favela sobre eventos e temas que surgem na sociedade. Temperaturas acima do <a class=\"mh-excerpt-more\" href=\"https:\/\/rioonwatch.org.br\/?p=72857\" title=\"Chuva Vira Sin\u00f4nimo de Medo, Mediante Aus\u00eancia de A\u00e7\u00f5es contra Mudan\u00e7as Clim\u00e1ticas \u00c9 #OQueDizemAsRedes\">[&#8230;]<\/a><!-- AddThis Advanced Settings generic via filter on get_the_excerpt --><!-- AddThis Share Buttons generic via filter on get_the_excerpt --><\/p>\n<\/div>","protected":false},"author":167,"featured_media":72899,"comment_status":"closed","ping_status":"closed","sticky":false,"template":"","format":"standard","meta":{"_acf_changed":false,"_monsterinsights_skip_tracking":false,"_monsterinsights_sitenote_active":false,"_monsterinsights_sitenote_note":"","_monsterinsights_sitenote_category":0,"footnotes":""},"categories":[1621,1625,3170],"tags":[943,959,1579,1597,887,11,1386,1155,831,3143,424,1091,3310,965,1372,3112,1179,1585,1586,1719,2561,417,1587,961,2981,2451,2139,1966,427,964,1734],"writer":[3080],"translator":[],"source":[],"ilustrador":[],"fotografo":[],"class_list":{"0":"post-72857","1":"post","2":"type-post","3":"status-publish","4":"format-standard","5":"has-post-thumbnail","7":"category-destaque","8":"category-por-correspondentes-comunitarios","9":"category-justica-climatica","10":"tag-oquedizemasredes","11":"tag-baixada-fluminense","12":"tag-belford-roxo","13":"tag-casa-fluminense","14":"tag-chatuba","15":"tag-chuvas","16":"tag-critica-a-politica","17":"tag-deslocamento","18":"tag-direito-a-cidade","19":"tag-direito-a-favela","20":"tag-direito-a-moradia","21":"tag-duque-de-caxias","22":"tag-ecoansiedade","23":"tag-enchente","24":"tag-grande-rio","25":"tag-justica-climatica","26":"tag-mage","27":"tag-marica","28":"tag-mesquita","29":"tag-mudancas-climaticas","30":"tag-necropolitica","31":"tag-negligencia-do-estado","32":"tag-nilopolis","33":"tag-nova-iguacu","34":"tag-petropolis","35":"tag-politicas-publicas","36":"tag-justica-ambiental","37":"tag-resiliencia","38":"tag-risco-de-deslizamento","39":"tag-risco-de-enchente","40":"tag-temperatura","41":"writer-euro-mascarenhas-filho"},"acf":[],"yoast_head":"<!-- This site is optimized with the Yoast SEO plugin v25.6 - https:\/\/yoast.com\/wordpress\/plugins\/seo\/ -->\n<title>Chuva Vira Sin\u00f4nimo de Medo, Mediante Aus\u00eancia de A\u00e7\u00f5es contra Mudan\u00e7as Clim\u00e1ticas \u00c9 #OQueDizemAsRedes - RioOnWatch<\/title>\n<meta name=\"robots\" content=\"index, follow, max-snippet:-1, max-image-preview:large, max-video-preview:-1\" \/>\n<link rel=\"canonical\" href=\"https:\/\/rioonwatch.org.br\/?p=72857\" \/>\n<meta property=\"og:locale\" content=\"pt_BR\" \/>\n<meta property=\"og:type\" content=\"article\" \/>\n<meta property=\"og:title\" content=\"Chuva Vira Sin\u00f4nimo de Medo, Mediante Aus\u00eancia de A\u00e7\u00f5es contra Mudan\u00e7as Clim\u00e1ticas \u00c9 #OQueDizemAsRedes - RioOnWatch\" \/>\n<meta property=\"og:description\" content=\"Click Here for English Esta mat\u00e9ria faz parte da s\u00e9rie\u00a0#OQueDizemAsRedes\u00a0que traz pontos de vista publicados nas redes sociais, de moradores e ativistas de favela sobre eventos e temas que surgem na sociedade. Temperaturas acima do [...]\" \/>\n<meta property=\"og:url\" content=\"https:\/\/rioonwatch.org.br\/?p=72857\" \/>\n<meta property=\"og:site_name\" content=\"RioOnWatch\" \/>\n<meta property=\"article:published_time\" content=\"2024-03-26T18:54:14+00:00\" \/>\n<meta property=\"article:modified_time\" content=\"2024-06-20T19:08:29+00:00\" \/>\n<meta property=\"og:image\" content=\"https:\/\/rioonwatch.org.br\/wp-content\/uploads\/2024\/03\/Casa-que-desabou-em-Nilopolis-as-margens-do-Rio-Sarapui.-Foto-Divulgacao-PMN.jpeg\" \/>\n\t<meta property=\"og:image:width\" content=\"1200\" \/>\n\t<meta property=\"og:image:height\" content=\"750\" \/>\n\t<meta property=\"og:image:type\" content=\"image\/jpeg\" \/>\n<meta name=\"author\" content=\"Julio Santos Filho\" \/>\n<meta name=\"twitter:card\" content=\"summary_large_image\" \/>\n<meta name=\"twitter:label1\" content=\"Escrito por\" \/>\n\t<meta name=\"twitter:data1\" content=\"Julio Santos Filho\" \/>\n\t<meta name=\"twitter:label2\" content=\"Est. tempo de leitura\" \/>\n\t<meta name=\"twitter:data2\" content=\"8 minutos\" \/>\n<script type=\"application\/ld+json\" class=\"yoast-schema-graph\">{\"@context\":\"https:\/\/schema.org\",\"@graph\":[{\"@type\":\"Article\",\"@id\":\"https:\/\/rioonwatch.org.br\/?p=72857#article\",\"isPartOf\":{\"@id\":\"https:\/\/rioonwatch.org.br\/?p=72857\"},\"author\":{\"name\":\"Julio Santos Filho\",\"@id\":\"https:\/\/rioonwatch.org.br\/#\/schema\/person\/476bc75767957d3535b65b796667cd36\"},\"headline\":\"Chuva Vira Sin\u00f4nimo de Medo, Mediante Aus\u00eancia de A\u00e7\u00f5es contra Mudan\u00e7as Clim\u00e1ticas \u00c9 #OQueDizemAsRedes\",\"datePublished\":\"2024-03-26T18:54:14+00:00\",\"dateModified\":\"2024-06-20T19:08:29+00:00\",\"mainEntityOfPage\":{\"@id\":\"https:\/\/rioonwatch.org.br\/?p=72857\"},\"wordCount\":2122,\"publisher\":{\"@id\":\"https:\/\/rioonwatch.org.br\/#organization\"},\"image\":{\"@id\":\"https:\/\/rioonwatch.org.br\/?p=72857#primaryimage\"},\"thumbnailUrl\":\"https:\/\/rioonwatch.org.br\/wp-content\/uploads\/2024\/03\/Casa-que-desabou-em-Nilopolis-as-margens-do-Rio-Sarapui.-Foto-Divulgacao-PMN.jpeg\",\"keywords\":[\"#OQueDizemAsRedes\",\"Baixada Fluminense\",\"Belford Roxo\",\"Casa Fluminense\",\"Chatuba\",\"chuvas\",\"cr\u00edtica \u00e0 pol\u00edtica\",\"deslocamento\",\"Direito \u00e0 Cidade\",\"Direito \u00e0 favela\",\"Direito \u00e0 Moradia\",\"Duque de Caxias\",\"Ecoansiedade\",\"enchente\",\"Grande Rio\",\"Justi\u00e7a Clim\u00e1tica\",\"Mag\u00e9\",\"Maric\u00e1\",\"Mesquita\",\"mudan\u00e7as clim\u00e1ticas\",\"necropol\u00edtica\",\"Neglig\u00eancia do Estado\",\"Nil\u00f3polis\",\"Nova Igua\u00e7u\",\"Petr\u00f3polis\",\"pol\u00edticas p\u00fablicas\",\"Racismo ambiental\",\"resili\u00eancia\",\"risco de deslizamento\",\"risco de enchente\",\"temperatura\"],\"articleSection\":[\"*Destaque\",\"Escrito por Comunicadores Populares\",\"Justi\u00e7a Clim\u00e1tica\"],\"inLanguage\":\"pt-BR\"},{\"@type\":\"WebPage\",\"@id\":\"https:\/\/rioonwatch.org.br\/?p=72857\",\"url\":\"https:\/\/rioonwatch.org.br\/?p=72857\",\"name\":\"Chuva Vira Sin\u00f4nimo de Medo, Mediante Aus\u00eancia de A\u00e7\u00f5es contra Mudan\u00e7as Clim\u00e1ticas \u00c9 #OQueDizemAsRedes - RioOnWatch\",\"isPartOf\":{\"@id\":\"https:\/\/rioonwatch.org.br\/#website\"},\"primaryImageOfPage\":{\"@id\":\"https:\/\/rioonwatch.org.br\/?p=72857#primaryimage\"},\"image\":{\"@id\":\"https:\/\/rioonwatch.org.br\/?p=72857#primaryimage\"},\"thumbnailUrl\":\"https:\/\/rioonwatch.org.br\/wp-content\/uploads\/2024\/03\/Casa-que-desabou-em-Nilopolis-as-margens-do-Rio-Sarapui.-Foto-Divulgacao-PMN.jpeg\",\"datePublished\":\"2024-03-26T18:54:14+00:00\",\"dateModified\":\"2024-06-20T19:08:29+00:00\",\"breadcrumb\":{\"@id\":\"https:\/\/rioonwatch.org.br\/?p=72857#breadcrumb\"},\"inLanguage\":\"pt-BR\",\"potentialAction\":[{\"@type\":\"ReadAction\",\"target\":[\"https:\/\/rioonwatch.org.br\/?p=72857\"]}]},{\"@type\":\"ImageObject\",\"inLanguage\":\"pt-BR\",\"@id\":\"https:\/\/rioonwatch.org.br\/?p=72857#primaryimage\",\"url\":\"https:\/\/rioonwatch.org.br\/wp-content\/uploads\/2024\/03\/Casa-que-desabou-em-Nilopolis-as-margens-do-Rio-Sarapui.-Foto-Divulgacao-PMN.jpeg\",\"contentUrl\":\"https:\/\/rioonwatch.org.br\/wp-content\/uploads\/2024\/03\/Casa-que-desabou-em-Nilopolis-as-margens-do-Rio-Sarapui.-Foto-Divulgacao-PMN.jpeg\",\"width\":1200,\"height\":750,\"caption\":\"Casa que desabou em Nil\u00f3polis \u00e0s margens do Rio Sarapu\u00ed. Foto: Divulga\u00e7\u00e3o PMN\"},{\"@type\":\"BreadcrumbList\",\"@id\":\"https:\/\/rioonwatch.org.br\/?p=72857#breadcrumb\",\"itemListElement\":[{\"@type\":\"ListItem\",\"position\":1,\"name\":\"In\u00edcio\",\"item\":\"https:\/\/rioonwatch.org.br\/\"},{\"@type\":\"ListItem\",\"position\":2,\"name\":\"Chuva Vira Sin\u00f4nimo de Medo, Mediante Aus\u00eancia de A\u00e7\u00f5es contra Mudan\u00e7as Clim\u00e1ticas \u00c9 #OQueDizemAsRedes\"}]},{\"@type\":\"WebSite\",\"@id\":\"https:\/\/rioonwatch.org.br\/#website\",\"url\":\"https:\/\/rioonwatch.org.br\/\",\"name\":\"RioOnWatch\",\"description\":\"relatos das favelas cariocas\",\"publisher\":{\"@id\":\"https:\/\/rioonwatch.org.br\/#organization\"},\"potentialAction\":[{\"@type\":\"SearchAction\",\"target\":{\"@type\":\"EntryPoint\",\"urlTemplate\":\"https:\/\/rioonwatch.org.br\/?s={search_term_string}\"},\"query-input\":{\"@type\":\"PropertyValueSpecification\",\"valueRequired\":true,\"valueName\":\"search_term_string\"}}],\"inLanguage\":\"pt-BR\"},{\"@type\":\"Organization\",\"@id\":\"https:\/\/rioonwatch.org.br\/#organization\",\"name\":\"RioOnWatch\",\"url\":\"https:\/\/rioonwatch.org.br\/\",\"logo\":{\"@type\":\"ImageObject\",\"inLanguage\":\"pt-BR\",\"@id\":\"https:\/\/rioonwatch.org.br\/#\/schema\/logo\/image\/\",\"url\":\"https:\/\/rioonwatch.org.br\/wp-content\/uploads\/2021\/06\/RioOnWatchcabecalhoPT11anos-2.png\",\"contentUrl\":\"https:\/\/rioonwatch.org.br\/wp-content\/uploads\/2021\/06\/RioOnWatchcabecalhoPT11anos-2.png\",\"width\":779,\"height\":277,\"caption\":\"RioOnWatch\"},\"image\":{\"@id\":\"https:\/\/rioonwatch.org.br\/#\/schema\/logo\/image\/\"}},{\"@type\":\"Person\",\"@id\":\"https:\/\/rioonwatch.org.br\/#\/schema\/person\/476bc75767957d3535b65b796667cd36\",\"name\":\"Julio Santos Filho\",\"image\":{\"@type\":\"ImageObject\",\"inLanguage\":\"pt-BR\",\"@id\":\"https:\/\/rioonwatch.org.br\/#\/schema\/person\/image\/\",\"url\":\"https:\/\/secure.gravatar.com\/avatar\/ca138f7666182a292a8ce4ca14fb81f8?s=96&d=blank&r=g\",\"contentUrl\":\"https:\/\/secure.gravatar.com\/avatar\/ca138f7666182a292a8ce4ca14fb81f8?s=96&d=blank&r=g\",\"caption\":\"Julio Santos Filho\"},\"url\":\"https:\/\/rioonwatch.org.br\/?author=167\"}]}<\/script>\n<!-- \/ Yoast SEO plugin. -->","yoast_head_json":{"title":"Chuva Vira Sin\u00f4nimo de Medo, Mediante Aus\u00eancia de A\u00e7\u00f5es contra Mudan\u00e7as Clim\u00e1ticas \u00c9 #OQueDizemAsRedes - RioOnWatch","robots":{"index":"index","follow":"follow","max-snippet":"max-snippet:-1","max-image-preview":"max-image-preview:large","max-video-preview":"max-video-preview:-1"},"canonical":"https:\/\/rioonwatch.org.br\/?p=72857","og_locale":"pt_BR","og_type":"article","og_title":"Chuva Vira Sin\u00f4nimo de Medo, Mediante Aus\u00eancia de A\u00e7\u00f5es contra Mudan\u00e7as Clim\u00e1ticas \u00c9 #OQueDizemAsRedes - RioOnWatch","og_description":"Click Here for English Esta mat\u00e9ria faz parte da s\u00e9rie\u00a0#OQueDizemAsRedes\u00a0que traz pontos de vista publicados nas redes sociais, de moradores e ativistas de favela sobre eventos e temas que surgem na sociedade. Temperaturas acima do [...]","og_url":"https:\/\/rioonwatch.org.br\/?p=72857","og_site_name":"RioOnWatch","article_published_time":"2024-03-26T18:54:14+00:00","article_modified_time":"2024-06-20T19:08:29+00:00","og_image":[{"width":1200,"height":750,"url":"https:\/\/rioonwatch.org.br\/wp-content\/uploads\/2024\/03\/Casa-que-desabou-em-Nilopolis-as-margens-do-Rio-Sarapui.-Foto-Divulgacao-PMN.jpeg","type":"image\/jpeg"}],"author":"Julio Santos Filho","twitter_card":"summary_large_image","twitter_misc":{"Escrito por":"Julio Santos Filho","Est. tempo de leitura":"8 minutos"},"schema":{"@context":"https:\/\/schema.org","@graph":[{"@type":"Article","@id":"https:\/\/rioonwatch.org.br\/?p=72857#article","isPartOf":{"@id":"https:\/\/rioonwatch.org.br\/?p=72857"},"author":{"name":"Julio Santos Filho","@id":"https:\/\/rioonwatch.org.br\/#\/schema\/person\/476bc75767957d3535b65b796667cd36"},"headline":"Chuva Vira Sin\u00f4nimo de Medo, Mediante Aus\u00eancia de A\u00e7\u00f5es contra Mudan\u00e7as Clim\u00e1ticas \u00c9 #OQueDizemAsRedes","datePublished":"2024-03-26T18:54:14+00:00","dateModified":"2024-06-20T19:08:29+00:00","mainEntityOfPage":{"@id":"https:\/\/rioonwatch.org.br\/?p=72857"},"wordCount":2122,"publisher":{"@id":"https:\/\/rioonwatch.org.br\/#organization"},"image":{"@id":"https:\/\/rioonwatch.org.br\/?p=72857#primaryimage"},"thumbnailUrl":"https:\/\/rioonwatch.org.br\/wp-content\/uploads\/2024\/03\/Casa-que-desabou-em-Nilopolis-as-margens-do-Rio-Sarapui.-Foto-Divulgacao-PMN.jpeg","keywords":["#OQueDizemAsRedes","Baixada Fluminense","Belford Roxo","Casa Fluminense","Chatuba","chuvas","cr\u00edtica \u00e0 pol\u00edtica","deslocamento","Direito \u00e0 Cidade","Direito \u00e0 favela","Direito \u00e0 Moradia","Duque de Caxias","Ecoansiedade","enchente","Grande Rio","Justi\u00e7a Clim\u00e1tica","Mag\u00e9","Maric\u00e1","Mesquita","mudan\u00e7as clim\u00e1ticas","necropol\u00edtica","Neglig\u00eancia do Estado","Nil\u00f3polis","Nova Igua\u00e7u","Petr\u00f3polis","pol\u00edticas p\u00fablicas","Racismo ambiental","resili\u00eancia","risco de deslizamento","risco de enchente","temperatura"],"articleSection":["*Destaque","Escrito por Comunicadores Populares","Justi\u00e7a Clim\u00e1tica"],"inLanguage":"pt-BR"},{"@type":"WebPage","@id":"https:\/\/rioonwatch.org.br\/?p=72857","url":"https:\/\/rioonwatch.org.br\/?p=72857","name":"Chuva Vira Sin\u00f4nimo de Medo, Mediante Aus\u00eancia de A\u00e7\u00f5es contra Mudan\u00e7as Clim\u00e1ticas \u00c9 #OQueDizemAsRedes - RioOnWatch","isPartOf":{"@id":"https:\/\/rioonwatch.org.br\/#website"},"primaryImageOfPage":{"@id":"https:\/\/rioonwatch.org.br\/?p=72857#primaryimage"},"image":{"@id":"https:\/\/rioonwatch.org.br\/?p=72857#primaryimage"},"thumbnailUrl":"https:\/\/rioonwatch.org.br\/wp-content\/uploads\/2024\/03\/Casa-que-desabou-em-Nilopolis-as-margens-do-Rio-Sarapui.-Foto-Divulgacao-PMN.jpeg","datePublished":"2024-03-26T18:54:14+00:00","dateModified":"2024-06-20T19:08:29+00:00","breadcrumb":{"@id":"https:\/\/rioonwatch.org.br\/?p=72857#breadcrumb"},"inLanguage":"pt-BR","potentialAction":[{"@type":"ReadAction","target":["https:\/\/rioonwatch.org.br\/?p=72857"]}]},{"@type":"ImageObject","inLanguage":"pt-BR","@id":"https:\/\/rioonwatch.org.br\/?p=72857#primaryimage","url":"https:\/\/rioonwatch.org.br\/wp-content\/uploads\/2024\/03\/Casa-que-desabou-em-Nilopolis-as-margens-do-Rio-Sarapui.-Foto-Divulgacao-PMN.jpeg","contentUrl":"https:\/\/rioonwatch.org.br\/wp-content\/uploads\/2024\/03\/Casa-que-desabou-em-Nilopolis-as-margens-do-Rio-Sarapui.-Foto-Divulgacao-PMN.jpeg","width":1200,"height":750,"caption":"Casa que desabou em Nil\u00f3polis \u00e0s margens do Rio Sarapu\u00ed. Foto: Divulga\u00e7\u00e3o PMN"},{"@type":"BreadcrumbList","@id":"https:\/\/rioonwatch.org.br\/?p=72857#breadcrumb","itemListElement":[{"@type":"ListItem","position":1,"name":"In\u00edcio","item":"https:\/\/rioonwatch.org.br\/"},{"@type":"ListItem","position":2,"name":"Chuva Vira Sin\u00f4nimo de Medo, Mediante Aus\u00eancia de A\u00e7\u00f5es contra Mudan\u00e7as Clim\u00e1ticas \u00c9 #OQueDizemAsRedes"}]},{"@type":"WebSite","@id":"https:\/\/rioonwatch.org.br\/#website","url":"https:\/\/rioonwatch.org.br\/","name":"RioOnWatch","description":"relatos das favelas cariocas","publisher":{"@id":"https:\/\/rioonwatch.org.br\/#organization"},"potentialAction":[{"@type":"SearchAction","target":{"@type":"EntryPoint","urlTemplate":"https:\/\/rioonwatch.org.br\/?s={search_term_string}"},"query-input":{"@type":"PropertyValueSpecification","valueRequired":true,"valueName":"search_term_string"}}],"inLanguage":"pt-BR"},{"@type":"Organization","@id":"https:\/\/rioonwatch.org.br\/#organization","name":"RioOnWatch","url":"https:\/\/rioonwatch.org.br\/","logo":{"@type":"ImageObject","inLanguage":"pt-BR","@id":"https:\/\/rioonwatch.org.br\/#\/schema\/logo\/image\/","url":"https:\/\/rioonwatch.org.br\/wp-content\/uploads\/2021\/06\/RioOnWatchcabecalhoPT11anos-2.png","contentUrl":"https:\/\/rioonwatch.org.br\/wp-content\/uploads\/2021\/06\/RioOnWatchcabecalhoPT11anos-2.png","width":779,"height":277,"caption":"RioOnWatch"},"image":{"@id":"https:\/\/rioonwatch.org.br\/#\/schema\/logo\/image\/"}},{"@type":"Person","@id":"https:\/\/rioonwatch.org.br\/#\/schema\/person\/476bc75767957d3535b65b796667cd36","name":"Julio Santos Filho","image":{"@type":"ImageObject","inLanguage":"pt-BR","@id":"https:\/\/rioonwatch.org.br\/#\/schema\/person\/image\/","url":"https:\/\/secure.gravatar.com\/avatar\/ca138f7666182a292a8ce4ca14fb81f8?s=96&d=blank&r=g","contentUrl":"https:\/\/secure.gravatar.com\/avatar\/ca138f7666182a292a8ce4ca14fb81f8?s=96&d=blank&r=g","caption":"Julio Santos Filho"},"url":"https:\/\/rioonwatch.org.br\/?author=167"}]}},"_links":{"self":[{"href":"https:\/\/rioonwatch.org.br\/index.php?rest_route=\/wp\/v2\/posts\/72857"}],"collection":[{"href":"https:\/\/rioonwatch.org.br\/index.php?rest_route=\/wp\/v2\/posts"}],"about":[{"href":"https:\/\/rioonwatch.org.br\/index.php?rest_route=\/wp\/v2\/types\/post"}],"author":[{"embeddable":true,"href":"https:\/\/rioonwatch.org.br\/index.php?rest_route=\/wp\/v2\/users\/167"}],"replies":[{"embeddable":true,"href":"https:\/\/rioonwatch.org.br\/index.php?rest_route=%2Fwp%2Fv2%2Fcomments&post=72857"}],"version-history":[{"count":31,"href":"https:\/\/rioonwatch.org.br\/index.php?rest_route=\/wp\/v2\/posts\/72857\/revisions"}],"predecessor-version":[{"id":74308,"href":"https:\/\/rioonwatch.org.br\/index.php?rest_route=\/wp\/v2\/posts\/72857\/revisions\/74308"}],"wp:featuredmedia":[{"embeddable":true,"href":"https:\/\/rioonwatch.org.br\/index.php?rest_route=\/wp\/v2\/media\/72899"}],"wp:attachment":[{"href":"https:\/\/rioonwatch.org.br\/index.php?rest_route=%2Fwp%2Fv2%2Fmedia&parent=72857"}],"wp:term":[{"taxonomy":"category","embeddable":true,"href":"https:\/\/rioonwatch.org.br\/index.php?rest_route=%2Fwp%2Fv2%2Fcategories&post=72857"},{"taxonomy":"post_tag","embeddable":true,"href":"https:\/\/rioonwatch.org.br\/index.php?rest_route=%2Fwp%2Fv2%2Ftags&post=72857"},{"taxonomy":"writer","embeddable":true,"href":"https:\/\/rioonwatch.org.br\/index.php?rest_route=%2Fwp%2Fv2%2Fwriter&post=72857"},{"taxonomy":"translator","embeddable":true,"href":"https:\/\/rioonwatch.org.br\/index.php?rest_route=%2Fwp%2Fv2%2Ftranslator&post=72857"},{"taxonomy":"source","embeddable":true,"href":"https:\/\/rioonwatch.org.br\/index.php?rest_route=%2Fwp%2Fv2%2Fsource&post=72857"},{"taxonomy":"ilustrador","embeddable":true,"href":"https:\/\/rioonwatch.org.br\/index.php?rest_route=%2Fwp%2Fv2%2Filustrador&post=72857"},{"taxonomy":"fotografo","embeddable":true,"href":"https:\/\/rioonwatch.org.br\/index.php?rest_route=%2Fwp%2Fv2%2Ffotografo&post=72857"}],"curies":[{"name":"wp","href":"https:\/\/api.w.org\/{rel}","templated":true}]}}