{"id":72966,"date":"2024-04-15T17:33:28","date_gmt":"2024-04-15T20:33:28","guid":{"rendered":"https:\/\/rioonwatch.org.br\/?p=72966"},"modified":"2024-04-24T21:17:57","modified_gmt":"2024-04-25T00:17:57","slug":"desastres-socioambientais-na-area-de-protecao-ambiental-do-guandu-geram-mudancas-drasticas-na-vida-de-pescadores-entre-nova-iguacu-e-seropedica","status":"publish","type":"post","link":"https:\/\/rioonwatch.org.br\/?p=72966","title":{"rendered":"Desastres Socioambientais na \u00c1rea de Prote\u00e7\u00e3o Ambiental do Guandu Geram Mudan\u00e7as Dr\u00e1sticas na Vida de Pescadores entre Nova Igua\u00e7u e Serop\u00e9dica"},"content":{"rendered":"<figure id=\"attachment_73003\" aria-describedby=\"caption-attachment-73003\" style=\"width: 2560px\" class=\"wp-caption aligncenter\"><a href=\"https:\/\/rioonwatch.org.br\/wp-content\/uploads\/2024\/04\/Trecho-da-Lagoa-do-Quiabal-na-Area-de-Protecao-Ambiental-do-Guandu.-Foto-Fabio-Leon-scaled.jpg\"><img fetchpriority=\"high\" decoding=\"async\" class=\"wp-image-73003 size-full\" title=\"Trecho da Lagoa do Quiabal, na \u00c1rea de Prote\u00e7\u00e3o Ambiental do Guandu. Foto: Fabio Leon\" src=\"https:\/\/rioonwatch.org.br\/wp-content\/uploads\/2024\/04\/Trecho-da-Lagoa-do-Quiabal-na-Area-de-Protecao-Ambiental-do-Guandu.-Foto-Fabio-Leon-scaled.jpg\" alt=\"Trecho da Lagoa do Quiabal, na \u00c1rea de Prote\u00e7\u00e3o Ambiental do Guandu. Foto: Fabio Leon\" width=\"2560\" height=\"1920\" srcset=\"https:\/\/rioonwatch.org.br\/wp-content\/uploads\/2024\/04\/Trecho-da-Lagoa-do-Quiabal-na-Area-de-Protecao-Ambiental-do-Guandu.-Foto-Fabio-Leon-scaled.jpg 2560w, https:\/\/rioonwatch.org.br\/wp-content\/uploads\/2024\/04\/Trecho-da-Lagoa-do-Quiabal-na-Area-de-Protecao-Ambiental-do-Guandu.-Foto-Fabio-Leon-620x465.jpg 620w, https:\/\/rioonwatch.org.br\/wp-content\/uploads\/2024\/04\/Trecho-da-Lagoa-do-Quiabal-na-Area-de-Protecao-Ambiental-do-Guandu.-Foto-Fabio-Leon-2000x1500.jpg 2000w, https:\/\/rioonwatch.org.br\/wp-content\/uploads\/2024\/04\/Trecho-da-Lagoa-do-Quiabal-na-Area-de-Protecao-Ambiental-do-Guandu.-Foto-Fabio-Leon-678x509.jpg 678w, https:\/\/rioonwatch.org.br\/wp-content\/uploads\/2024\/04\/Trecho-da-Lagoa-do-Quiabal-na-Area-de-Protecao-Ambiental-do-Guandu.-Foto-Fabio-Leon-326x245.jpg 326w, https:\/\/rioonwatch.org.br\/wp-content\/uploads\/2024\/04\/Trecho-da-Lagoa-do-Quiabal-na-Area-de-Protecao-Ambiental-do-Guandu.-Foto-Fabio-Leon-80x60.jpg 80w\" sizes=\"(max-width: 2560px) 100vw, 2560px\" \/><\/a><figcaption id=\"caption-attachment-73003\" class=\"wp-caption-text\">Trecho da Lagoa do Quiabal, na \u00c1rea de Prote\u00e7\u00e3o Ambiental do Guandu. Foto: Fabio Leon<\/figcaption><\/figure>\n<h4 style=\"text-align: right;\"><em><strong><a href=\"https:\/\/rioonwatch.org\/?p=77887\" target=\"_blank\" rel=\"noopener\">Click Here for English<img decoding=\"async\" class=\"alignright wp-image-15790 lazyloaded\" src=\"https:\/\/rioonwatch.org.br\/wp-content\/uploads\/2012\/08\/EN-standard-e1439583104716.jpg\" alt=\"\" width=\"20\" height=\"20\" data-src=\"https:\/\/rioonwatch.org.br\/wp-content\/uploads\/2012\/08\/EN-standard-e1439583104716.jpg\" \/><\/a><\/strong><\/em><\/h4>\n<h4><em><a href=\"https:\/\/rioonwatch.org\/wp-content\/uploads\/2019\/08\/BehnerStiefel.png\"><img decoding=\"async\" class=\"alignright wp-image-55315 lazyloaded\" src=\"https:\/\/rioonwatch.org\/wp-content\/uploads\/2019\/08\/BehnerStiefel.png\" sizes=\"(max-width: 200px) 100vw, 200px\" srcset=\"https:\/\/rioonwatch.org\/wp-content\/uploads\/2019\/08\/BehnerStiefel.png 1934w, https:\/\/rioonwatch.org\/wp-content\/uploads\/2019\/08\/BehnerStiefel-300x102.png 300w, https:\/\/rioonwatch.org\/wp-content\/uploads\/2019\/08\/BehnerStiefel-768x261.png 768w, https:\/\/rioonwatch.org\/wp-content\/uploads\/2019\/08\/BehnerStiefel-1024x348.png 1024w\" alt=\"Centro Behner Stiefel de Estudos Brasileiros\" width=\"200\" height=\"68\" data-srcset=\"https:\/\/rioonwatch.org\/wp-content\/uploads\/2019\/08\/BehnerStiefel.png 1934w, https:\/\/rioonwatch.org\/wp-content\/uploads\/2019\/08\/BehnerStiefel-300x102.png 300w, https:\/\/rioonwatch.org\/wp-content\/uploads\/2019\/08\/BehnerStiefel-768x261.png 768w, https:\/\/rioonwatch.org\/wp-content\/uploads\/2019\/08\/BehnerStiefel-1024x348.png 1024w\" data-src=\"https:\/\/rioonwatch.org\/wp-content\/uploads\/2019\/08\/BehnerStiefel.png\" data-sizes=\"(max-width: 200px) 100vw, 200px\" \/><\/a><\/em><\/h4>\n<h4>Esta mat\u00e9ria\u00a0faz parte de uma\u00a0<a href=\"https:\/\/bit.ly\/SerieSDSU\" rel=\"noopener noreferrer\">s\u00e9rie<\/a>\u00a0gerada por uma parceria com o\u00a0<a href=\"https:\/\/bit.ly\/SDSUDigitalBrazilProject\" rel=\"noopener noreferrer\">Digital Brazil Project<\/a>\u00a0do\u00a0<a href=\"http:\/\/bit.ly\/2zcymI6\" rel=\"noopener noreferrer\">Centro Behner Stiefel de Estudos Brasileiros<\/a>\u00a0da Universidade Estadual de San Diego na Calif\u00f3rnia, para produzir mat\u00e9rias sobre justi\u00e7a ambiental nas favelas fluminenses.<\/h4>\n<p><span style=\"font-weight: 400;\">No <a href=\"https:\/\/bit.ly\/4aovwQo\" target=\"_blank\" rel=\"noopener\">in\u00edcio de 2020<\/a>, quase 6 milh\u00f5es de pessoas n<\/span><span style=\"font-weight: 400;\">o <a href=\"https:\/\/bit.ly\/304NeGi\" target=\"_blank\" rel=\"noopener\">Grande Rio de Janeiro<\/a> tiveram que mudar seus h\u00e1bitos com rela\u00e7\u00e3o \u00e0 <a href=\"https:\/\/bit.ly\/4cL8aWH\" target=\"_blank\" rel=\"noopener\">\u00e1gua<\/a>, pois ficou comprovada a presen\u00e7a de uma subst\u00e2ncia estranha, que n\u00e3o deveria estar ali: a <\/span><a href=\"https:\/\/bit.ly\/3U1I2PQ\" target=\"_blank\" rel=\"noopener\"><span style=\"font-weight: 400;\">geosmina<\/span><\/a><span style=\"font-weight: 400;\">. Se trata de u<\/span><span style=\"font-weight: 400;\">ma subst\u00e2ncia org\u00e2nica produzida por bact\u00e9rias que apareceram no mais importante manancial h\u00eddrico do estado do Rio de Janeiro, o <\/span><a href=\"https:\/\/bit.ly\/3r3X1bP\" target=\"_blank\" rel=\"noopener\"><span style=\"font-weight: 400;\">Rio Guandu<\/span><\/a><span style=\"font-weight: 400;\">, deixando sua \u00e1gua com sabor e odor desagrad\u00e1veis. O gosto assemelhava-se a \u00e1gua como retirada de um lama\u00e7al. A presen\u00e7a de geosmina na \u00e1gua fornecida pela Companhia Estadual de \u00c1guas e Esgotos (<\/span><a href=\"https:\/\/bit.ly\/2M6oZlG\" target=\"_blank\" rel=\"noopener\"><span style=\"font-weight: 400;\">CEDAE<\/span><\/a><span style=\"font-weight: 400;\">) se tornou, a partir de ent\u00e3o, um problema recorrente.\u00a0<\/span><\/p>\n<p><span style=\"font-weight: 400;\">Isso ocasionou uma crise de abastecimento de \u00e1gua pot\u00e1vel em dezenas de bairros da capital, sobretudo em favelas e territ\u00f3rios perif\u00e9ricos. Quem podia recorreu a medidas alternativas, como a compra de \u00e1gua mineral. Cinco meses depois, o que era uma desconfian\u00e7a transformou-se fato. Um laudo emitido pelo laborat\u00f3rio de microbiologia da <\/span><a href=\"https:\/\/bit.ly\/2KgADIe\" target=\"_blank\" rel=\"noopener\"><span style=\"font-weight: 400;\">UFRJ<\/span><\/a><span style=\"font-weight: 400;\"> constatou que a qualidade da \u00e1gua do Guand\u00fa continha alta abund\u00e2ncia de bact\u00e9rias provenientes de fezes humanas, o que sugere contamina\u00e7\u00e3o por <a href=\"https:\/\/bit.ly\/3U8awYj\" target=\"_blank\" rel=\"noopener\">esgoto<\/a>.<\/span><\/p>\n<h3>Lagoinha: Mudan\u00e7a na Vida de 55 Pescadores da Regi\u00e3o<\/h3>\n<p><span style=\"font-weight: 400;\">Esse cen\u00e1rio afetou em cheio a <\/span><a href=\"https:\/\/bit.ly\/3PVoqKP\" target=\"_blank\" rel=\"noopener\">Lagoinha<\/a>, comunidade<span style=\"font-weight: 400;\"> na divisa entre <a href=\"https:\/\/bit.ly\/2YytCa6\" target=\"_blank\" rel=\"noopener\">Nova Igua\u00e7u<\/a> e <a href=\"https:\/\/bit.ly\/2OvY7uU\" target=\"_blank\" rel=\"noopener\">Serop\u00e9dica<\/a>, que pertence \u00e0 \u00c1rea de Prote\u00e7\u00e3o do Rio Guandu ou <a href=\"https:\/\/bit.ly\/3VML247\" target=\"_blank\" rel=\"noopener\">APA do Guandu<\/a>, como \u00e9 mais popularmente conhecida. Ali encontram-se a Lagoa do Quiabal e o Lago\u00e3o do Guandu, que tiveram suas \u00e1reas ampliadas pela a\u00e7\u00e3o humana em raz\u00e3o da instala\u00e7\u00e3o de barragens. A comunidade local as conhece como as \u201cLagoas do Guandu\u201d ou o <\/span>\u201c<a href=\"https:\/\/bit.ly\/4au8qIc\" target=\"_blank\" rel=\"noopener\">Pantanal Igua\u00e7uano<\/a>\u201d,<span style=\"font-weight: 400;\"> uma \u00e1rea de vegeta\u00e7\u00e3o conservada sobretudo pela a\u00e7\u00e3o da popula\u00e7\u00e3o local.\u00a0<\/span><\/p>\n<p><span style=\"font-weight: 400;\">\u00c9 onde mora <\/span>Vitor Ambrozioni,<span style=\"font-weight: 400;\"> presidente da Associa\u00e7\u00e3o de Pescadores das Lagoas do Guandu (Pesguandu) e militante ambiental. Morador do bairro h\u00e1 mais de 40 anos, ele conta como era a vida no local:\u00a0<\/span><\/p>\n<blockquote><p><span style=\"font-weight: 400;\">\u201cTem crian\u00e7a que n\u00e3o sa\u00eda da rua, mas a gente aqui n\u00e3o sa\u00eda era do rio (risos). Pescava muito eu e minha esposa, quando \u00e9ramos namorados ainda. A crian\u00e7ada daqui s\u00f3 fazia pescar, nadar, andar no mato, comer fruta do p\u00e9. A gente n\u00e3o tinha tecnologia [digital].\u201d\u00a0<\/span><\/p><\/blockquote>\n<figure id=\"attachment_73000\" aria-describedby=\"caption-attachment-73000\" style=\"width: 2560px\" class=\"wp-caption aligncenter\"><a href=\"https:\/\/rioonwatch.org.br\/wp-content\/uploads\/2024\/04\/Vitor-Ambrozioni-e-presidente-da-Associacao-de-Pescadores-das-Lagoas-do-Guandu-Pesguandu.-Foto-Fabio-Leon-scaled.jpg\"><img loading=\"lazy\" decoding=\"async\" class=\"wp-image-73000 size-full\" title=\"Vitor Ambrozioni \u00e9 presidente da Associa\u00e7\u00e3o de Pescadores das Lagoas do Guandu (Pesguandu). Foto: Fabio Leon\" src=\"https:\/\/rioonwatch.org.br\/wp-content\/uploads\/2024\/04\/Vitor-Ambrozioni-e-presidente-da-Associacao-de-Pescadores-das-Lagoas-do-Guandu-Pesguandu.-Foto-Fabio-Leon-scaled.jpg\" alt=\"Vitor Ambrozioni \u00e9 presidente da Associa\u00e7\u00e3o de Pescadores das Lagoas do Guandu (Pesguandu). Foto: Fabio Leon\" width=\"2560\" height=\"1920\" srcset=\"https:\/\/rioonwatch.org.br\/wp-content\/uploads\/2024\/04\/Vitor-Ambrozioni-e-presidente-da-Associacao-de-Pescadores-das-Lagoas-do-Guandu-Pesguandu.-Foto-Fabio-Leon-scaled.jpg 2560w, https:\/\/rioonwatch.org.br\/wp-content\/uploads\/2024\/04\/Vitor-Ambrozioni-e-presidente-da-Associacao-de-Pescadores-das-Lagoas-do-Guandu-Pesguandu.-Foto-Fabio-Leon-620x465.jpg 620w, https:\/\/rioonwatch.org.br\/wp-content\/uploads\/2024\/04\/Vitor-Ambrozioni-e-presidente-da-Associacao-de-Pescadores-das-Lagoas-do-Guandu-Pesguandu.-Foto-Fabio-Leon-2000x1500.jpg 2000w, https:\/\/rioonwatch.org.br\/wp-content\/uploads\/2024\/04\/Vitor-Ambrozioni-e-presidente-da-Associacao-de-Pescadores-das-Lagoas-do-Guandu-Pesguandu.-Foto-Fabio-Leon-678x509.jpg 678w, https:\/\/rioonwatch.org.br\/wp-content\/uploads\/2024\/04\/Vitor-Ambrozioni-e-presidente-da-Associacao-de-Pescadores-das-Lagoas-do-Guandu-Pesguandu.-Foto-Fabio-Leon-326x245.jpg 326w, https:\/\/rioonwatch.org.br\/wp-content\/uploads\/2024\/04\/Vitor-Ambrozioni-e-presidente-da-Associacao-de-Pescadores-das-Lagoas-do-Guandu-Pesguandu.-Foto-Fabio-Leon-80x60.jpg 80w\" sizes=\"(max-width: 2560px) 100vw, 2560px\" \/><\/a><figcaption id=\"caption-attachment-73000\" class=\"wp-caption-text\">Vitor Ambrozioni \u00e9 presidente da Associa\u00e7\u00e3o de Pescadores das Lagoas do Guandu (Pesguandu). Foto: Fabio Leon<\/figcaption><\/figure>\n<p><span style=\"font-weight: 400;\">Ele diz que at\u00e9 2018, Lagoinha era uma regi\u00e3o pr\u00f3spera para quem vivia da pesca. Vitor acordava por volta das 5h30 da manh\u00e3, retornando ao lar \u00e0s 18h da tarde, chegando a ficar mais de 12h navegando pelo Rio Guandu e seus afluentes, os rios Queimados, Po\u00e7os e Ipiranga que abastecem os munic\u00edpios de <a href=\"https:\/\/bit.ly\/3TO6FiS\" target=\"_blank\" rel=\"noopener\">Nil\u00f3polis<\/a>, Nova Igua\u00e7u, <a href=\"https:\/\/bit.ly\/2KMwrB3\" target=\"_blank\" rel=\"noopener\">Duque de Caxias<\/a>, <a href=\"https:\/\/bit.ly\/32a7KVg\" target=\"_blank\" rel=\"noopener\">Belford Roxo<\/a>, <a href=\"https:\/\/bit.ly\/32hi3Hn\" target=\"_blank\" rel=\"noopener\">S\u00e3o Jo\u00e3o de Meriti<\/a>, <a href=\"https:\/\/bit.ly\/2X1gPhx\" target=\"_blank\" rel=\"noopener\">Itagua\u00ed<\/a>, <a href=\"https:\/\/bit.ly\/3eVtNnO\" target=\"_blank\" rel=\"noopener\">Queimados<\/a> e Rio de Janeiro.\u00a0<\/span><\/p>\n<p><span style=\"font-weight: 400;\">Recolhia tra\u00edras, til\u00e1pias e piabas, esp\u00e9cies descritas por ele como grandes e saud\u00e1veis naquele tempo. Tinha uma barraca de madeira na antiga Estrada Rio-S\u00e3o Paulo e afirmava que os peixes n\u00e3o ficavam mais do que 24h no gelo do isopor. Vendia tudo e r\u00e1pido. Com a<\/span> <a href=\"https:\/\/bit.ly\/3DNXaWy\" target=\"_blank\" rel=\"noopener\">crise h\u00eddrica<\/a><span style=\"font-weight: 400;\">, os peixes tamb\u00e9m foram contaminados e os preju\u00edzos come\u00e7aram a ficar evidentes. Faturava por semana entre R$2.000 e R$2.500, abarrotando quatro caixas de 25kg com os pescados.\u00a0\u00a0<\/span><\/p>\n<blockquote><p><span style=\"font-weight: 400;\">\u201cEu tinha uma sa\u00fade perfeita, apesar do esfor\u00e7o f\u00edsico que fazia. Hoje, tem tr\u00eas anos que trabalho com carteira assinada, como pedreiro. Eu me sinto oprimido, tenho problemas de sa\u00fade mental por causa da press\u00e3o, da autoestima baixa. Mas \u00e9 o que tenho para sobreviver.\u201d \u2014 Vitor Ambrozioni<\/span><\/p><\/blockquote>\n<p>Vitor e Adem\u00e1rio Jord\u00e3o Pereira compunham o grupo de 55 pescadores cadastrados na Associa\u00e7\u00e3o Pesguad\u00fa. Basicamente todos tiveram que escolher entre tr\u00eas destinos: mudar de cidade, mudar de profiss\u00e3o ou conciliar o que restou para pescar nos rios e lagoas da regi\u00e3o com bicos eventuais e sofrer com a falta de estabilidade financeira. Obrigado a mudar de of\u00edcio, Adem\u00e1rio, morador h\u00e1 pelo menos 30 anos da Lagoinha, agora ex-pescador, virou comerciante. H\u00e1 seis anos, ele montou um pequeno restaurante \u00e0 beira do Pantanal Igua\u00e7uano.<\/p>\n<p>O comerciante afirma que, em 2016, os n\u00edveis de poluentes representavam um risco bem menor de intoxica\u00e7\u00e3o. Adem\u00e1rio diz que, naquela \u00e9poca, uma hora de pescado era tempo suficiente para lucrar durante uma semana, o que lhe permitiu fazer uma reserva financeira e mudar de vida quando o cen\u00e1rio se tornou mais escasso. Embora ainda trabalhe com pescados na hora de servir as refei\u00e7\u00f5es, toda a carga de til\u00e1pias \u00e9 encomendada em lugares distantes dali, como a Lagoa de Marapendi, na <a href=\"https:\/\/bit.ly\/2UVrwlZ\" target=\"_blank\" rel=\"noopener\">Barra da Tijuca<\/a>, e <a href=\"https:\/\/bit.ly\/3P8qbUN\" target=\"_blank\" rel=\"noopener\">Maric\u00e1<\/a>, cidade localizada h\u00e1 duas horas e meia de carro de seu estabelecimento. O custo de gasolina em uma viagem de ida e volta da Lagoinha a Maric\u00e1 \u00e9 de R$200.<\/p>\n<blockquote><p>\u201cN\u00e3o deixa de ser uma ironia. O mesmo peixe que tirei daqui durante anos, utilizando a minha rede de pescador, agora tenho que buscar do outro lado do estado e ainda pagando mais caro.\u201d \u2014 Adem\u00e1rio Jord\u00e3o Pereira<\/p><\/blockquote>\n<figure id=\"attachment_73001\" aria-describedby=\"caption-attachment-73001\" style=\"width: 2560px\" class=\"wp-caption aligncenter\"><a href=\"https:\/\/rioonwatch.org.br\/wp-content\/uploads\/2024\/04\/Ademario-Jordao-Pereira-morador-ha-pelo-menos-30-anos-da-Lagoinha-foi-obrigado-a-mudar-de-oficio-e-ha-seis-anos-virou-dono-de-restaurante-as-margens-da-Lagoinha.-Foto-Fabio-Leon-scaled.jpg\"><img loading=\"lazy\" decoding=\"async\" class=\"wp-image-73001 size-full\" title=\"Adem\u00e1rio Jord\u00e3o Pereira, morador h\u00e1 pelo menos 30 anos da Lagoinha foi obrigado a mudar de of\u00edcio e, h\u00e1 seis anos, virou dono de restaurante \u00e0s margens da Lagoinha. Foto: Fabio Leon\" src=\"https:\/\/rioonwatch.org.br\/wp-content\/uploads\/2024\/04\/Ademario-Jordao-Pereira-morador-ha-pelo-menos-30-anos-da-Lagoinha-foi-obrigado-a-mudar-de-oficio-e-ha-seis-anos-virou-dono-de-restaurante-as-margens-da-Lagoinha.-Foto-Fabio-Leon-scaled.jpg\" alt=\"Adem\u00e1rio Jord\u00e3o Pereira, morador h\u00e1 pelo menos 30 anos da Lagoinha foi obrigado a mudar de of\u00edcio e, h\u00e1 seis anos, virou dono de restaurante \u00e0s margens da Lagoinha. Foto: Fabio Leon\" width=\"2560\" height=\"1920\" srcset=\"https:\/\/rioonwatch.org.br\/wp-content\/uploads\/2024\/04\/Ademario-Jordao-Pereira-morador-ha-pelo-menos-30-anos-da-Lagoinha-foi-obrigado-a-mudar-de-oficio-e-ha-seis-anos-virou-dono-de-restaurante-as-margens-da-Lagoinha.-Foto-Fabio-Leon-scaled.jpg 2560w, https:\/\/rioonwatch.org.br\/wp-content\/uploads\/2024\/04\/Ademario-Jordao-Pereira-morador-ha-pelo-menos-30-anos-da-Lagoinha-foi-obrigado-a-mudar-de-oficio-e-ha-seis-anos-virou-dono-de-restaurante-as-margens-da-Lagoinha.-Foto-Fabio-Leon-620x465.jpg 620w, https:\/\/rioonwatch.org.br\/wp-content\/uploads\/2024\/04\/Ademario-Jordao-Pereira-morador-ha-pelo-menos-30-anos-da-Lagoinha-foi-obrigado-a-mudar-de-oficio-e-ha-seis-anos-virou-dono-de-restaurante-as-margens-da-Lagoinha.-Foto-Fabio-Leon-2000x1500.jpg 2000w, https:\/\/rioonwatch.org.br\/wp-content\/uploads\/2024\/04\/Ademario-Jordao-Pereira-morador-ha-pelo-menos-30-anos-da-Lagoinha-foi-obrigado-a-mudar-de-oficio-e-ha-seis-anos-virou-dono-de-restaurante-as-margens-da-Lagoinha.-Foto-Fabio-Leon-678x509.jpg 678w, https:\/\/rioonwatch.org.br\/wp-content\/uploads\/2024\/04\/Ademario-Jordao-Pereira-morador-ha-pelo-menos-30-anos-da-Lagoinha-foi-obrigado-a-mudar-de-oficio-e-ha-seis-anos-virou-dono-de-restaurante-as-margens-da-Lagoinha.-Foto-Fabio-Leon-326x245.jpg 326w, https:\/\/rioonwatch.org.br\/wp-content\/uploads\/2024\/04\/Ademario-Jordao-Pereira-morador-ha-pelo-menos-30-anos-da-Lagoinha-foi-obrigado-a-mudar-de-oficio-e-ha-seis-anos-virou-dono-de-restaurante-as-margens-da-Lagoinha.-Foto-Fabio-Leon-80x60.jpg 80w\" sizes=\"(max-width: 2560px) 100vw, 2560px\" \/><\/a><figcaption id=\"caption-attachment-73001\" class=\"wp-caption-text\">Adem\u00e1rio Jord\u00e3o Pereira, morador h\u00e1 mais de 30 anos da Lagoinha foi obrigado a mudar de of\u00edcio e, h\u00e1 seis anos, virou dono de restaurante \u00e0s margens da Lagoinha. Foto: Fabio Leon<\/figcaption><\/figure>\n<p>O caso mais delicado dentre os pescadores que insistem em viver do pouco que os lagos, lagoas e rios da APA do Guandu ainda t\u00eam a oferecer \u00e9 o de Ivo Manoel do Carmo, 61 anos. Com problemas de sa\u00fade nas articula\u00e7\u00f5es e o mais economicamente vulner\u00e1vel entre os tr\u00eas entrevistados, Ivo faz capina, retira entulho de obra, pinta, levanta parede (e ainda faz o reboco), tudo para garantir a sobreviv\u00eancia. E ainda pesca umas til\u00e1pias min\u00fasculas e contaminadas pela \u00e1gua barrenta.<\/p>\n<blockquote><p><span style=\"font-weight: 400;\">\u00a0\u201cEu tirava uns 800 <em>conto<\/em> por semana. Hoje em dia, eu consigo uns 100 no m\u00e1ximo, quando ganho. Depois que eles &#8216;limparam&#8217; a lagoa, t\u00e1 muito dif\u00edcil.\u201d\u00a0<\/span><\/p><\/blockquote>\n<figure id=\"attachment_73002\" aria-describedby=\"caption-attachment-73002\" style=\"width: 2560px\" class=\"wp-caption aligncenter\"><a href=\"https:\/\/rioonwatch.org.br\/wp-content\/uploads\/2024\/04\/Ivo-Manoel-do-Carmo-61-anos-ainda-pescador-do-Guandu.-Foto-Fabio-Leon-scaled.jpg\"><img loading=\"lazy\" decoding=\"async\" class=\"wp-image-73002 size-full\" title=\"Ivo Manoel do Carmo, 61 anos, tem problemas de sa\u00fade e est\u00e1 economicamente vulner\u00e1vel depois da crise da geosmina. Apesar de seguir trabalhando como pescador, ele tenta sobreviver com bicos, capinando terrenos e trabalhando em obras. Foto: Fabio Leon\" src=\"https:\/\/rioonwatch.org.br\/wp-content\/uploads\/2024\/04\/Ivo-Manoel-do-Carmo-61-anos-ainda-pescador-do-Guandu.-Foto-Fabio-Leon-scaled.jpg\" alt=\"Ivo Manoel do Carmo, 61 anos, tem problemas de sa\u00fade e est\u00e1 economicamente vulner\u00e1vel depois da crise da geosmina. Apesar de seguir trabalhando como pescador, ele tenta sobreviver com bicos, capinando terrenos e trabalhando em obras. Foto: Fabio Leon\" width=\"2560\" height=\"1920\" srcset=\"https:\/\/rioonwatch.org.br\/wp-content\/uploads\/2024\/04\/Ivo-Manoel-do-Carmo-61-anos-ainda-pescador-do-Guandu.-Foto-Fabio-Leon-scaled.jpg 2560w, https:\/\/rioonwatch.org.br\/wp-content\/uploads\/2024\/04\/Ivo-Manoel-do-Carmo-61-anos-ainda-pescador-do-Guandu.-Foto-Fabio-Leon-620x465.jpg 620w, https:\/\/rioonwatch.org.br\/wp-content\/uploads\/2024\/04\/Ivo-Manoel-do-Carmo-61-anos-ainda-pescador-do-Guandu.-Foto-Fabio-Leon-2000x1500.jpg 2000w, https:\/\/rioonwatch.org.br\/wp-content\/uploads\/2024\/04\/Ivo-Manoel-do-Carmo-61-anos-ainda-pescador-do-Guandu.-Foto-Fabio-Leon-678x509.jpg 678w, https:\/\/rioonwatch.org.br\/wp-content\/uploads\/2024\/04\/Ivo-Manoel-do-Carmo-61-anos-ainda-pescador-do-Guandu.-Foto-Fabio-Leon-326x245.jpg 326w, https:\/\/rioonwatch.org.br\/wp-content\/uploads\/2024\/04\/Ivo-Manoel-do-Carmo-61-anos-ainda-pescador-do-Guandu.-Foto-Fabio-Leon-80x60.jpg 80w\" sizes=\"(max-width: 2560px) 100vw, 2560px\" \/><\/a><figcaption id=\"caption-attachment-73002\" class=\"wp-caption-text\">Ivo Manoel do Carmo, 61 anos, tem problemas de sa\u00fade e est\u00e1 economicamente vulner\u00e1vel depois da crise da geosmina. Apesar de seguir trabalhando como pescador, ele tenta sobreviver com bicos, capinando terrenos e trabalhando em obras. Foto: Fabio Leon<\/figcaption><\/figure>\n<h3>Geosmina e os Riscos para a Sa\u00fade<\/h3>\n<p><span style=\"font-weight: 400;\">O \u201celes limparam\u201d, express\u00e3o utilizada pelo ex-pescador, \u00e9 um eufemismo para uma manobra controversa com vistas a gerenciar a crise provocada pela geosmina. Em 15<\/span>\u00a0de janeiro de 2020, o ent\u00e3o presidente da CEDAE, H\u00e9lio Cabral Moreira, enviou um of\u00edcio ao presidente do Instituto Estadual do Ambiente (<a href=\"https:\/\/bit.ly\/3PUCUYy\" target=\"_blank\" rel=\"noopener\">INEA<\/a>)<span style=\"font-weight: 400;\">, Carlos Henrique Vaz, pedindo autoriza\u00e7\u00e3o para a aplica\u00e7\u00e3o no Rio Guandu e em seus outros tr\u00eas afluentes (rios Queimados, Ipiranga e Po\u00e7os) de um produto chamado <a href=\"https:\/\/bit.ly\/3PUCsfA\" target=\"_blank\" rel=\"noopener\"><em>Phoslock<\/em><\/a>, uma esp\u00e9cie de argila quimicamente modificada com elevada quantidade de fl\u00faor, capaz de limpar sedimentos e outros elementos poluidores presentes na \u00e1gua. Seriam jogados 260 toneladas desse produto ao custo de quase R$6 milh\u00f5es. A not\u00edcia foi dada em primeira m\u00e3o pelo <a href=\"https:\/\/bit.ly\/3PUCsfA\" target=\"_blank\" rel=\"noopener\">blog do jornalista Ruben Berta<\/a>.\u00a0<\/span><\/p>\n<p>A geosmina <a href=\"https:\/\/bit.ly\/3xq4bi2\" target=\"_blank\" rel=\"noopener\">n\u00e3o apresenta toxicidade<\/a>, mas \u00e9 um indicador da qualidade da \u00e1gua coletada, isso porque as cianobact\u00e9rias (algas azuis) t\u00eam seu crescimento favorecido pelo aumento da concentra\u00e7\u00e3o de mat\u00e9ria org\u00e2nica devido \u00e0 polui\u00e7\u00e3o por dejetos dom\u00e9sticos (esgoto), fertilizantes agr\u00edcolas e efluentes industriais, despejados diretamente em rios e lagos, bem como esgoto dom\u00e9stico. O <em>Phoslock<\/em> no Brasil \u00e9 produzido pela empresa Hydroscience Consultoria Ambiental, do Rio Grande do Sul, e a ideia era utiliz\u00e1-lo para reverter a polui\u00e7\u00e3o.<\/p>\n<p>No entanto, pesquisas t\u00eam demonstrado o potencial danoso do produto para o meio ambiente. Um artigo publicado pela <em><a href=\"https:\/\/bit.ly\/3vIPHJL\" target=\"_blank\" rel=\"noopener\">Revista Brasileira de Recursos H\u00eddricos<\/a><\/em>, intitulado &#8220;<a href=\"https:\/\/bit.ly\/4arB10r\" target=\"_blank\" rel=\"noopener\">Aplica\u00e7\u00e3o de Phoslock para Remo\u00e7\u00e3o de F\u00f3sforo e Controle de Cianobact\u00e9rias T\u00f3xicas<\/a>&#8220;, por pesquisadores do Instituto de Pesquisas Hidr\u00e1ulicas (<a href=\"https:\/\/bit.ly\/3TSRhk6\" target=\"_blank\" rel=\"noopener\">IPH<\/a>), da Universidade Federal do Rio Grande do Sul (UFRGS), evidencia e analisa poss\u00edveis danos ambientais e para a sa\u00fade humana decorrentes do uso de <em>Phoslock<\/em> em lagos e rios. \u00c9 o que confirma o relato dos moradores, testemunhas do assassinato da bacia hidrogr\u00e1fica mais importante do Rio de Janeiro, que relatam que, <a href=\"https:\/\/bit.ly\/4aX0xKP\" target=\"_blank\" rel=\"noopener\">depois do uso do <em>Phoslock<\/em><\/a>, houve uma quase extin\u00e7\u00e3o das esp\u00e9cies de peixe na Lagoinha do Guandu e nas cidades pr\u00f3ximas.<\/p>\n<figure id=\"attachment_73004\" aria-describedby=\"caption-attachment-73004\" style=\"width: 2560px\" class=\"wp-caption aligncenter\"><a href=\"https:\/\/rioonwatch.org.br\/wp-content\/uploads\/2024\/04\/Lagoa-do-Quiabal-na-Area-de-Protecao-Ambiental-do-Guandu.-Foto-Fabio-Leon-scaled.jpg\"><img loading=\"lazy\" decoding=\"async\" class=\"wp-image-73004 size-full\" title=\"Lagoa do Quiabal, na \u00c1rea de Prote\u00e7\u00e3o Ambiental do Guandu. Foto: Fabio Leon\" src=\"https:\/\/rioonwatch.org.br\/wp-content\/uploads\/2024\/04\/Lagoa-do-Quiabal-na-Area-de-Protecao-Ambiental-do-Guandu.-Foto-Fabio-Leon-scaled.jpg\" alt=\"Lagoa do Quiabal, na \u00c1rea de Prote\u00e7\u00e3o Ambiental do Guandu. Foto: Fabio Leon\" width=\"2560\" height=\"1920\" srcset=\"https:\/\/rioonwatch.org.br\/wp-content\/uploads\/2024\/04\/Lagoa-do-Quiabal-na-Area-de-Protecao-Ambiental-do-Guandu.-Foto-Fabio-Leon-scaled.jpg 2560w, https:\/\/rioonwatch.org.br\/wp-content\/uploads\/2024\/04\/Lagoa-do-Quiabal-na-Area-de-Protecao-Ambiental-do-Guandu.-Foto-Fabio-Leon-620x465.jpg 620w, https:\/\/rioonwatch.org.br\/wp-content\/uploads\/2024\/04\/Lagoa-do-Quiabal-na-Area-de-Protecao-Ambiental-do-Guandu.-Foto-Fabio-Leon-2000x1500.jpg 2000w, https:\/\/rioonwatch.org.br\/wp-content\/uploads\/2024\/04\/Lagoa-do-Quiabal-na-Area-de-Protecao-Ambiental-do-Guandu.-Foto-Fabio-Leon-678x509.jpg 678w, https:\/\/rioonwatch.org.br\/wp-content\/uploads\/2024\/04\/Lagoa-do-Quiabal-na-Area-de-Protecao-Ambiental-do-Guandu.-Foto-Fabio-Leon-326x245.jpg 326w, https:\/\/rioonwatch.org.br\/wp-content\/uploads\/2024\/04\/Lagoa-do-Quiabal-na-Area-de-Protecao-Ambiental-do-Guandu.-Foto-Fabio-Leon-80x60.jpg 80w\" sizes=\"(max-width: 2560px) 100vw, 2560px\" \/><\/a><figcaption id=\"caption-attachment-73004\" class=\"wp-caption-text\">Lagoa do Quiabal, na \u00c1rea de Prote\u00e7\u00e3o Ambiental do Guandu. Foto: Fabio Leon<\/figcaption><\/figure>\n<p><span style=\"font-weight: 400;\">Criada em mar\u00e7o de 2007 atrav\u00e9s do <a href=\"https:\/\/bit.ly\/3VML247\" target=\"_blank\" rel=\"noopener\">Decreto Estadual n\u00ba 40.670<\/a> e englobando as <a href=\"https:\/\/bit.ly\/4cZuxrA\" target=\"_blank\" rel=\"noopener\">cidades<\/a> de <\/span><a href=\"https:\/\/bit.ly\/4aV2GH3\" target=\"_blank\" rel=\"noopener\">Engenheiro Paulo de Frontin<\/a>, <a href=\"https:\/\/bit.ly\/3z7qFl7\" target=\"_blank\" rel=\"noopener\">Miguel Pereira<\/a>, Nova Igua\u00e7u, <a href=\"https:\/\/bit.ly\/2WO5KRR\" target=\"_blank\" rel=\"noopener\">Paracambi<\/a>, <a href=\"https:\/\/bit.ly\/3UfWQdY\" target=\"_blank\" rel=\"noopener\">Pira\u00ed<\/a>, Serop\u00e9dica e <a href=\"https:\/\/bit.ly\/3xJh7Q4\" target=\"_blank\" rel=\"noopener\">Vassouras<\/a>, a \u00c1rea de Prote\u00e7\u00e3o Ambiental do<span style=\"font-weight: 400;\"> Rio Guandu tenta sobreviver a uma s\u00e9rie de atentados contra a sua integridade ambiental, mesmo depois da crise da geosmina. Atrocidades cometidas pelo pr\u00f3prio Estado, ao n\u00e3o garantir o direito ao <a href=\"https:\/\/bit.ly\/3pw2w2b\" target=\"_blank\" rel=\"noopener\">saneamento b\u00e1sico<\/a> e <a href=\"https:\/\/bit.ly\/3uXbZ9S\" target=\"_blank\" rel=\"noopener\">\u00e0 \u00e1gua<\/a> limpa e de qualidade, e por empresas do <a href=\"https:\/\/bit.ly\/3UalmNi\" target=\"_blank\" rel=\"noopener\">Distrito Industrial de Queimados<\/a> que poluem os mananciais de forma indiscriminada.<\/span><\/p>\n<p><span style=\"font-weight: 400;\">Em 2022, o Minist\u00e9rio P\u00fablico Federal assinou um Termo de Ajustamento de Conduta <\/span>(TAC<span style=\"font-weight: 400;\">) com a empresa Duratex S.A (<\/span><a href=\"https:\/\/bit.ly\/4arYXRm\" target=\"_blank\" rel=\"noopener\">DECA<\/a><span style=\"font-weight: 400;\">), fabricante de material sanit\u00e1rio, r\u00e9 em uma A\u00e7\u00e3o Civil P\u00fablica<\/span><span style=\"font-weight: 400;\">\u00a0ap\u00f3s serem constatadas infra\u00e7\u00f5es ambientais no local. De acordo com o documento, homologado pelo Ju\u00edzo na 2\u00aa Vara C\u00edvel de Queimados, a empresa se comprometeu a adotar uma s\u00e9rie de adequa\u00e7\u00f5es, melhorias e moderniza\u00e7\u00f5es, al\u00e9m de pagar R$560.000, a t\u00edtulo de compensa\u00e7\u00e3o, ao Fundo Estadual de Conserva\u00e7\u00e3o Ambiental (<\/span><a href=\"https:\/\/bit.ly\/3JbOE8a\" target=\"_blank\" rel=\"noopener\">FECAM<\/a>)<span style=\"font-weight: 400;\">.<\/span><\/p>\n<p><span style=\"font-weight: 400;\">O \u00faltimo grande desastre na \u00c1rea de Prote\u00e7\u00e3o Ambiental do Guandu envolvendo uma empresa do Distrito Industrial de Queimados foi em agosto de 2023. A <a href=\"https:\/\/bit.ly\/43SUAN2\" target=\"_blank\" rel=\"noopener\">Burn Ind\u00fastria e Com\u00e9rcio Ltda<\/a>, foi multada por despejo de surfactante, composto presente em detergentes, no Rio Queimados, o que provocou a paralisa\u00e7\u00e3o da Esta\u00e7\u00e3o de Tratamento de \u00c1gua do Guandu por mais de 13 horas. A Delegacia de Prote\u00e7\u00e3o ao Meio Ambiente (<\/span><a href=\"https:\/\/bit.ly\/3VOX0tM\" target=\"_blank\" rel=\"noopener\">DPMA<\/a><span style=\"font-weight: 400;\">) chegou a pedir a interdi\u00e7\u00e3o das atividades da Burn \u201cpela pr\u00e1tica do crime de polui\u00e7\u00e3o h\u00eddrica\u201d.<\/span><\/p>\n<p><em>Sobre o autor:\u00a0<a href=\"https:\/\/bit.ly\/2ZpPvyr\" target=\"_blank\" rel=\"noopener\">Fabio Leon<\/a>\u00a0\u00e9 jornalista, ativista dos direitos humanos e assessor de comunica\u00e7\u00e3o no\u00a0<a href=\"http:\/\/bit.ly\/2uOOkXZ\" target=\"_blank\" rel=\"noopener noreferrer\">F\u00f3rum Grita Baixada<\/a>.<\/em><\/p>\n<hr \/>\n<h4><b data-stringify-type=\"bold\">Apoie nossos esfor\u00e7os para fornecer apoio estrat\u00e9gico \u00e0s favelas do Rio, incluindo o jornalismo hiperlocal, cr\u00edtico, inovador e incans\u00e1vel do\u00a0<\/b><b data-stringify-type=\"bold\"><i data-stringify-type=\"italic\">RioOnWatch<\/i><\/b>\u2014<a class=\"c-link\" href=\"http:\/\/www.bit.ly\/ApoieROW\" target=\"_blank\" rel=\"noopener noreferrer\" data-stringify-link=\"http:\/\/www.bit.ly\/ApoieROW\" data-sk=\"tooltip_parent\">doe aqui<\/a>.<\/h4>\n<!-- AddThis Advanced Settings generic via filter on the_content --><!-- AddThis Share Buttons generic via filter on the_content -->","protected":false},"excerpt":{"rendered":"<div class=\"mh-excerpt\"><p>Click Here for English Esta mat\u00e9ria\u00a0faz parte de uma\u00a0s\u00e9rie\u00a0gerada por uma parceria com o\u00a0Digital Brazil Project\u00a0do\u00a0Centro Behner Stiefel de Estudos Brasileiros\u00a0da Universidade Estadual de San Diego na Calif\u00f3rnia, para produzir mat\u00e9rias sobre justi\u00e7a ambiental nas <a class=\"mh-excerpt-more\" href=\"https:\/\/rioonwatch.org.br\/?p=72966\" title=\"Desastres Socioambientais na \u00c1rea de Prote\u00e7\u00e3o Ambiental do Guandu Geram Mudan\u00e7as Dr\u00e1sticas na Vida de Pescadores entre Nova Igua\u00e7u e Serop\u00e9dica\">[&#8230;]<\/a><!-- AddThis Advanced Settings generic via filter on get_the_excerpt --><!-- AddThis Share Buttons generic via filter on get_the_excerpt --><\/p>\n<\/div>","protected":false},"author":179,"featured_media":73003,"comment_status":"closed","ping_status":"closed","sticky":false,"template":"template-full.php","format":"standard","meta":{"_acf_changed":false,"_monsterinsights_skip_tracking":false,"_monsterinsights_sitenote_active":false,"_monsterinsights_sitenote_note":"","_monsterinsights_sitenote_category":0,"footnotes":""},"categories":[1621,346,1625,3170],"tags":[1232,959,1579,620,738,3111,2761,1091,322,2179,638,1372,569,2230,1583,1585,106,417,1587,961,1588,588,581,1590,2001,492,112,294,1592,578,2193],"writer":[2177],"translator":[],"source":[],"ilustrador":[],"fotografo":[],"class_list":{"0":"post-72966","1":"post","2":"type-post","3":"status-publish","4":"format-standard","5":"has-post-thumbnail","7":"category-destaque","8":"category-denuncias","9":"category-por-correspondentes-comunitarios","10":"category-justica-climatica","11":"tag-area-de-protecao-ambiental","12":"tag-baixada-fluminense","13":"tag-belford-roxo","14":"tag-cedae","15":"tag-colonia-de-pescadores","16":"tag-crise-hidrica","17":"tag-direito-a-agua","18":"tag-duque-de-caxias","19":"tag-esgoto","20":"tag-forum-grita-baixada","21":"tag-governo-do-estado","22":"tag-grande-rio","23":"tag-inea","24":"tag-fome","25":"tag-itaguai","26":"tag-marica","27":"tag-meio-ambiente","28":"tag-negligencia-do-estado","29":"tag-nilopolis","30":"tag-nova-iguacu","31":"tag-paracambi","32":"tag-pesquisa","33":"tag-poluicao","34":"tag-queimados","35":"tag-rio-guandu","36":"tag-saneamento","37":"tag-sao-joao-de-meriti","38":"tag-saude","39":"tag-seropedica","40":"tag-trabalho-e-renda","41":"tag-ufrj","42":"writer-fabio-leon"},"acf":[],"yoast_head":"<!-- This site is optimized with the Yoast SEO plugin v25.6 - https:\/\/yoast.com\/wordpress\/plugins\/seo\/ -->\n<title>Desastres Socioambientais na \u00c1rea de Prote\u00e7\u00e3o Ambiental do Guandu Geram Mudan\u00e7as Dr\u00e1sticas na Vida de Pescadores entre Nova Igua\u00e7u e Serop\u00e9dica - RioOnWatch<\/title>\n<meta name=\"robots\" content=\"index, follow, max-snippet:-1, max-image-preview:large, max-video-preview:-1\" \/>\n<link rel=\"canonical\" href=\"https:\/\/rioonwatch.org.br\/?p=72966\" \/>\n<meta property=\"og:locale\" content=\"pt_BR\" \/>\n<meta property=\"og:type\" content=\"article\" \/>\n<meta property=\"og:title\" content=\"Desastres Socioambientais na \u00c1rea de Prote\u00e7\u00e3o Ambiental do Guandu Geram Mudan\u00e7as Dr\u00e1sticas na Vida de Pescadores entre Nova Igua\u00e7u e Serop\u00e9dica - RioOnWatch\" \/>\n<meta property=\"og:description\" content=\"Click Here for English Esta mat\u00e9ria\u00a0faz parte de uma\u00a0s\u00e9rie\u00a0gerada por uma parceria com o\u00a0Digital Brazil Project\u00a0do\u00a0Centro Behner Stiefel de Estudos Brasileiros\u00a0da Universidade Estadual de San Diego na Calif\u00f3rnia, para produzir mat\u00e9rias sobre justi\u00e7a ambiental nas [...]\" \/>\n<meta property=\"og:url\" content=\"https:\/\/rioonwatch.org.br\/?p=72966\" \/>\n<meta property=\"og:site_name\" content=\"RioOnWatch\" \/>\n<meta property=\"article:published_time\" content=\"2024-04-15T20:33:28+00:00\" \/>\n<meta property=\"article:modified_time\" content=\"2024-04-25T00:17:57+00:00\" \/>\n<meta property=\"og:image\" content=\"https:\/\/rioonwatch.org.br\/wp-content\/uploads\/2024\/04\/Trecho-da-Lagoa-do-Quiabal-na-Area-de-Protecao-Ambiental-do-Guandu.-Foto-Fabio-Leon-scaled.jpg\" \/>\n\t<meta property=\"og:image:width\" content=\"2560\" \/>\n\t<meta property=\"og:image:height\" content=\"1920\" \/>\n\t<meta property=\"og:image:type\" content=\"image\/jpeg\" \/>\n<meta name=\"author\" content=\"Janaina Tavares\" \/>\n<meta name=\"twitter:card\" content=\"summary_large_image\" \/>\n<meta name=\"twitter:label1\" content=\"Escrito por\" \/>\n\t<meta name=\"twitter:data1\" content=\"Janaina Tavares\" \/>\n\t<meta name=\"twitter:label2\" content=\"Est. tempo de leitura\" \/>\n\t<meta name=\"twitter:data2\" content=\"11 minutos\" \/>\n<script type=\"application\/ld+json\" class=\"yoast-schema-graph\">{\"@context\":\"https:\/\/schema.org\",\"@graph\":[{\"@type\":\"Article\",\"@id\":\"https:\/\/rioonwatch.org.br\/?p=72966#article\",\"isPartOf\":{\"@id\":\"https:\/\/rioonwatch.org.br\/?p=72966\"},\"author\":{\"name\":\"Janaina Tavares\",\"@id\":\"https:\/\/rioonwatch.org.br\/#\/schema\/person\/feb227e5e7679aacc3d672e375cae1bd\"},\"headline\":\"Desastres Socioambientais na \u00c1rea de Prote\u00e7\u00e3o Ambiental do Guandu Geram Mudan\u00e7as Dr\u00e1sticas na Vida de Pescadores entre Nova Igua\u00e7u e Serop\u00e9dica\",\"datePublished\":\"2024-04-15T20:33:28+00:00\",\"dateModified\":\"2024-04-25T00:17:57+00:00\",\"mainEntityOfPage\":{\"@id\":\"https:\/\/rioonwatch.org.br\/?p=72966\"},\"wordCount\":1890,\"publisher\":{\"@id\":\"https:\/\/rioonwatch.org.br\/#organization\"},\"image\":{\"@id\":\"https:\/\/rioonwatch.org.br\/?p=72966#primaryimage\"},\"thumbnailUrl\":\"https:\/\/rioonwatch.org.br\/wp-content\/uploads\/2024\/04\/Trecho-da-Lagoa-do-Quiabal-na-Area-de-Protecao-Ambiental-do-Guandu.-Foto-Fabio-Leon-scaled.jpg\",\"keywords\":[\"\u00c1rea de Prote\u00e7\u00e3o Ambiental\",\"Baixada Fluminense\",\"Belford Roxo\",\"CEDAE\",\"col\u00f4nia de pescadores\",\"crise h\u00eddrica\",\"direito \u00e0 \u00e1gua\",\"Duque de Caxias\",\"esgoto\",\"F\u00f3rum Grita Baixada\",\"Governo do Estado\",\"Grande Rio\",\"INEA\",\"Inseguran\u00e7a alimentar\",\"Itagua\u00ed\",\"Maric\u00e1\",\"meio ambiente\",\"Neglig\u00eancia do Estado\",\"Nil\u00f3polis\",\"Nova Igua\u00e7u\",\"Paracambi\",\"pesquisa\",\"polui\u00e7\u00e3o\",\"Queimados\",\"Rio Guandu\",\"saneamento\",\"S\u00e3o Jo\u00e3o de Meriti\",\"sa\u00fade\",\"Serop\u00e9dica\",\"Trabalho e renda\",\"UFRJ\"],\"articleSection\":[\"*Destaque\",\"Den\u00fancias\",\"Escrito por Comunicadores Populares\",\"Justi\u00e7a Clim\u00e1tica\"],\"inLanguage\":\"pt-BR\"},{\"@type\":\"WebPage\",\"@id\":\"https:\/\/rioonwatch.org.br\/?p=72966\",\"url\":\"https:\/\/rioonwatch.org.br\/?p=72966\",\"name\":\"Desastres Socioambientais na \u00c1rea de Prote\u00e7\u00e3o Ambiental do Guandu Geram Mudan\u00e7as Dr\u00e1sticas na Vida de Pescadores entre Nova Igua\u00e7u e Serop\u00e9dica - RioOnWatch\",\"isPartOf\":{\"@id\":\"https:\/\/rioonwatch.org.br\/#website\"},\"primaryImageOfPage\":{\"@id\":\"https:\/\/rioonwatch.org.br\/?p=72966#primaryimage\"},\"image\":{\"@id\":\"https:\/\/rioonwatch.org.br\/?p=72966#primaryimage\"},\"thumbnailUrl\":\"https:\/\/rioonwatch.org.br\/wp-content\/uploads\/2024\/04\/Trecho-da-Lagoa-do-Quiabal-na-Area-de-Protecao-Ambiental-do-Guandu.-Foto-Fabio-Leon-scaled.jpg\",\"datePublished\":\"2024-04-15T20:33:28+00:00\",\"dateModified\":\"2024-04-25T00:17:57+00:00\",\"breadcrumb\":{\"@id\":\"https:\/\/rioonwatch.org.br\/?p=72966#breadcrumb\"},\"inLanguage\":\"pt-BR\",\"potentialAction\":[{\"@type\":\"ReadAction\",\"target\":[\"https:\/\/rioonwatch.org.br\/?p=72966\"]}]},{\"@type\":\"ImageObject\",\"inLanguage\":\"pt-BR\",\"@id\":\"https:\/\/rioonwatch.org.br\/?p=72966#primaryimage\",\"url\":\"https:\/\/rioonwatch.org.br\/wp-content\/uploads\/2024\/04\/Trecho-da-Lagoa-do-Quiabal-na-Area-de-Protecao-Ambiental-do-Guandu.-Foto-Fabio-Leon-scaled.jpg\",\"contentUrl\":\"https:\/\/rioonwatch.org.br\/wp-content\/uploads\/2024\/04\/Trecho-da-Lagoa-do-Quiabal-na-Area-de-Protecao-Ambiental-do-Guandu.-Foto-Fabio-Leon-scaled.jpg\",\"width\":2560,\"height\":1920,\"caption\":\"Trecho da Lagoa do Quiabal, na \u00c1rea de Prote\u00e7\u00e3o Ambiental do Guandu. Foto: Fabio Leon\"},{\"@type\":\"BreadcrumbList\",\"@id\":\"https:\/\/rioonwatch.org.br\/?p=72966#breadcrumb\",\"itemListElement\":[{\"@type\":\"ListItem\",\"position\":1,\"name\":\"In\u00edcio\",\"item\":\"https:\/\/rioonwatch.org.br\/\"},{\"@type\":\"ListItem\",\"position\":2,\"name\":\"Desastres Socioambientais na \u00c1rea de Prote\u00e7\u00e3o Ambiental do Guandu Geram Mudan\u00e7as Dr\u00e1sticas na Vida de Pescadores entre Nova Igua\u00e7u e Serop\u00e9dica\"}]},{\"@type\":\"WebSite\",\"@id\":\"https:\/\/rioonwatch.org.br\/#website\",\"url\":\"https:\/\/rioonwatch.org.br\/\",\"name\":\"RioOnWatch\",\"description\":\"relatos das favelas cariocas\",\"publisher\":{\"@id\":\"https:\/\/rioonwatch.org.br\/#organization\"},\"potentialAction\":[{\"@type\":\"SearchAction\",\"target\":{\"@type\":\"EntryPoint\",\"urlTemplate\":\"https:\/\/rioonwatch.org.br\/?s={search_term_string}\"},\"query-input\":{\"@type\":\"PropertyValueSpecification\",\"valueRequired\":true,\"valueName\":\"search_term_string\"}}],\"inLanguage\":\"pt-BR\"},{\"@type\":\"Organization\",\"@id\":\"https:\/\/rioonwatch.org.br\/#organization\",\"name\":\"RioOnWatch\",\"url\":\"https:\/\/rioonwatch.org.br\/\",\"logo\":{\"@type\":\"ImageObject\",\"inLanguage\":\"pt-BR\",\"@id\":\"https:\/\/rioonwatch.org.br\/#\/schema\/logo\/image\/\",\"url\":\"https:\/\/rioonwatch.org.br\/wp-content\/uploads\/2021\/06\/RioOnWatchcabecalhoPT11anos-2.png\",\"contentUrl\":\"https:\/\/rioonwatch.org.br\/wp-content\/uploads\/2021\/06\/RioOnWatchcabecalhoPT11anos-2.png\",\"width\":779,\"height\":277,\"caption\":\"RioOnWatch\"},\"image\":{\"@id\":\"https:\/\/rioonwatch.org.br\/#\/schema\/logo\/image\/\"}},{\"@type\":\"Person\",\"@id\":\"https:\/\/rioonwatch.org.br\/#\/schema\/person\/feb227e5e7679aacc3d672e375cae1bd\",\"name\":\"Janaina Tavares\",\"image\":{\"@type\":\"ImageObject\",\"inLanguage\":\"pt-BR\",\"@id\":\"https:\/\/rioonwatch.org.br\/#\/schema\/person\/image\/\",\"url\":\"https:\/\/secure.gravatar.com\/avatar\/83bb5bb4f8b0c5ad63f35939640eaaa2?s=96&d=blank&r=g\",\"contentUrl\":\"https:\/\/secure.gravatar.com\/avatar\/83bb5bb4f8b0c5ad63f35939640eaaa2?s=96&d=blank&r=g\",\"caption\":\"Janaina Tavares\"},\"url\":\"https:\/\/rioonwatch.org.br\/?author=179\"}]}<\/script>\n<!-- \/ Yoast SEO plugin. -->","yoast_head_json":{"title":"Desastres Socioambientais na \u00c1rea de Prote\u00e7\u00e3o Ambiental do Guandu Geram Mudan\u00e7as Dr\u00e1sticas na Vida de Pescadores entre Nova Igua\u00e7u e Serop\u00e9dica - RioOnWatch","robots":{"index":"index","follow":"follow","max-snippet":"max-snippet:-1","max-image-preview":"max-image-preview:large","max-video-preview":"max-video-preview:-1"},"canonical":"https:\/\/rioonwatch.org.br\/?p=72966","og_locale":"pt_BR","og_type":"article","og_title":"Desastres Socioambientais na \u00c1rea de Prote\u00e7\u00e3o Ambiental do Guandu Geram Mudan\u00e7as Dr\u00e1sticas na Vida de Pescadores entre Nova Igua\u00e7u e Serop\u00e9dica - RioOnWatch","og_description":"Click Here for English Esta mat\u00e9ria\u00a0faz parte de uma\u00a0s\u00e9rie\u00a0gerada por uma parceria com o\u00a0Digital Brazil Project\u00a0do\u00a0Centro Behner Stiefel de Estudos Brasileiros\u00a0da Universidade Estadual de San Diego na Calif\u00f3rnia, para produzir mat\u00e9rias sobre justi\u00e7a ambiental nas [...]","og_url":"https:\/\/rioonwatch.org.br\/?p=72966","og_site_name":"RioOnWatch","article_published_time":"2024-04-15T20:33:28+00:00","article_modified_time":"2024-04-25T00:17:57+00:00","og_image":[{"width":2560,"height":1920,"url":"https:\/\/rioonwatch.org.br\/wp-content\/uploads\/2024\/04\/Trecho-da-Lagoa-do-Quiabal-na-Area-de-Protecao-Ambiental-do-Guandu.-Foto-Fabio-Leon-scaled.jpg","type":"image\/jpeg"}],"author":"Janaina Tavares","twitter_card":"summary_large_image","twitter_misc":{"Escrito por":"Janaina Tavares","Est. tempo de leitura":"11 minutos"},"schema":{"@context":"https:\/\/schema.org","@graph":[{"@type":"Article","@id":"https:\/\/rioonwatch.org.br\/?p=72966#article","isPartOf":{"@id":"https:\/\/rioonwatch.org.br\/?p=72966"},"author":{"name":"Janaina Tavares","@id":"https:\/\/rioonwatch.org.br\/#\/schema\/person\/feb227e5e7679aacc3d672e375cae1bd"},"headline":"Desastres Socioambientais na \u00c1rea de Prote\u00e7\u00e3o Ambiental do Guandu Geram Mudan\u00e7as Dr\u00e1sticas na Vida de Pescadores entre Nova Igua\u00e7u e Serop\u00e9dica","datePublished":"2024-04-15T20:33:28+00:00","dateModified":"2024-04-25T00:17:57+00:00","mainEntityOfPage":{"@id":"https:\/\/rioonwatch.org.br\/?p=72966"},"wordCount":1890,"publisher":{"@id":"https:\/\/rioonwatch.org.br\/#organization"},"image":{"@id":"https:\/\/rioonwatch.org.br\/?p=72966#primaryimage"},"thumbnailUrl":"https:\/\/rioonwatch.org.br\/wp-content\/uploads\/2024\/04\/Trecho-da-Lagoa-do-Quiabal-na-Area-de-Protecao-Ambiental-do-Guandu.-Foto-Fabio-Leon-scaled.jpg","keywords":["\u00c1rea de Prote\u00e7\u00e3o Ambiental","Baixada Fluminense","Belford Roxo","CEDAE","col\u00f4nia de pescadores","crise h\u00eddrica","direito \u00e0 \u00e1gua","Duque de Caxias","esgoto","F\u00f3rum Grita Baixada","Governo do Estado","Grande Rio","INEA","Inseguran\u00e7a alimentar","Itagua\u00ed","Maric\u00e1","meio ambiente","Neglig\u00eancia do Estado","Nil\u00f3polis","Nova Igua\u00e7u","Paracambi","pesquisa","polui\u00e7\u00e3o","Queimados","Rio Guandu","saneamento","S\u00e3o Jo\u00e3o de Meriti","sa\u00fade","Serop\u00e9dica","Trabalho e renda","UFRJ"],"articleSection":["*Destaque","Den\u00fancias","Escrito por Comunicadores Populares","Justi\u00e7a Clim\u00e1tica"],"inLanguage":"pt-BR"},{"@type":"WebPage","@id":"https:\/\/rioonwatch.org.br\/?p=72966","url":"https:\/\/rioonwatch.org.br\/?p=72966","name":"Desastres Socioambientais na \u00c1rea de Prote\u00e7\u00e3o Ambiental do Guandu Geram Mudan\u00e7as Dr\u00e1sticas na Vida de Pescadores entre Nova Igua\u00e7u e Serop\u00e9dica - RioOnWatch","isPartOf":{"@id":"https:\/\/rioonwatch.org.br\/#website"},"primaryImageOfPage":{"@id":"https:\/\/rioonwatch.org.br\/?p=72966#primaryimage"},"image":{"@id":"https:\/\/rioonwatch.org.br\/?p=72966#primaryimage"},"thumbnailUrl":"https:\/\/rioonwatch.org.br\/wp-content\/uploads\/2024\/04\/Trecho-da-Lagoa-do-Quiabal-na-Area-de-Protecao-Ambiental-do-Guandu.-Foto-Fabio-Leon-scaled.jpg","datePublished":"2024-04-15T20:33:28+00:00","dateModified":"2024-04-25T00:17:57+00:00","breadcrumb":{"@id":"https:\/\/rioonwatch.org.br\/?p=72966#breadcrumb"},"inLanguage":"pt-BR","potentialAction":[{"@type":"ReadAction","target":["https:\/\/rioonwatch.org.br\/?p=72966"]}]},{"@type":"ImageObject","inLanguage":"pt-BR","@id":"https:\/\/rioonwatch.org.br\/?p=72966#primaryimage","url":"https:\/\/rioonwatch.org.br\/wp-content\/uploads\/2024\/04\/Trecho-da-Lagoa-do-Quiabal-na-Area-de-Protecao-Ambiental-do-Guandu.-Foto-Fabio-Leon-scaled.jpg","contentUrl":"https:\/\/rioonwatch.org.br\/wp-content\/uploads\/2024\/04\/Trecho-da-Lagoa-do-Quiabal-na-Area-de-Protecao-Ambiental-do-Guandu.-Foto-Fabio-Leon-scaled.jpg","width":2560,"height":1920,"caption":"Trecho da Lagoa do Quiabal, na \u00c1rea de Prote\u00e7\u00e3o Ambiental do Guandu. Foto: Fabio Leon"},{"@type":"BreadcrumbList","@id":"https:\/\/rioonwatch.org.br\/?p=72966#breadcrumb","itemListElement":[{"@type":"ListItem","position":1,"name":"In\u00edcio","item":"https:\/\/rioonwatch.org.br\/"},{"@type":"ListItem","position":2,"name":"Desastres Socioambientais na \u00c1rea de Prote\u00e7\u00e3o Ambiental do Guandu Geram Mudan\u00e7as Dr\u00e1sticas na Vida de Pescadores entre Nova Igua\u00e7u e Serop\u00e9dica"}]},{"@type":"WebSite","@id":"https:\/\/rioonwatch.org.br\/#website","url":"https:\/\/rioonwatch.org.br\/","name":"RioOnWatch","description":"relatos das favelas cariocas","publisher":{"@id":"https:\/\/rioonwatch.org.br\/#organization"},"potentialAction":[{"@type":"SearchAction","target":{"@type":"EntryPoint","urlTemplate":"https:\/\/rioonwatch.org.br\/?s={search_term_string}"},"query-input":{"@type":"PropertyValueSpecification","valueRequired":true,"valueName":"search_term_string"}}],"inLanguage":"pt-BR"},{"@type":"Organization","@id":"https:\/\/rioonwatch.org.br\/#organization","name":"RioOnWatch","url":"https:\/\/rioonwatch.org.br\/","logo":{"@type":"ImageObject","inLanguage":"pt-BR","@id":"https:\/\/rioonwatch.org.br\/#\/schema\/logo\/image\/","url":"https:\/\/rioonwatch.org.br\/wp-content\/uploads\/2021\/06\/RioOnWatchcabecalhoPT11anos-2.png","contentUrl":"https:\/\/rioonwatch.org.br\/wp-content\/uploads\/2021\/06\/RioOnWatchcabecalhoPT11anos-2.png","width":779,"height":277,"caption":"RioOnWatch"},"image":{"@id":"https:\/\/rioonwatch.org.br\/#\/schema\/logo\/image\/"}},{"@type":"Person","@id":"https:\/\/rioonwatch.org.br\/#\/schema\/person\/feb227e5e7679aacc3d672e375cae1bd","name":"Janaina Tavares","image":{"@type":"ImageObject","inLanguage":"pt-BR","@id":"https:\/\/rioonwatch.org.br\/#\/schema\/person\/image\/","url":"https:\/\/secure.gravatar.com\/avatar\/83bb5bb4f8b0c5ad63f35939640eaaa2?s=96&d=blank&r=g","contentUrl":"https:\/\/secure.gravatar.com\/avatar\/83bb5bb4f8b0c5ad63f35939640eaaa2?s=96&d=blank&r=g","caption":"Janaina Tavares"},"url":"https:\/\/rioonwatch.org.br\/?author=179"}]}},"_links":{"self":[{"href":"https:\/\/rioonwatch.org.br\/index.php?rest_route=\/wp\/v2\/posts\/72966"}],"collection":[{"href":"https:\/\/rioonwatch.org.br\/index.php?rest_route=\/wp\/v2\/posts"}],"about":[{"href":"https:\/\/rioonwatch.org.br\/index.php?rest_route=\/wp\/v2\/types\/post"}],"author":[{"embeddable":true,"href":"https:\/\/rioonwatch.org.br\/index.php?rest_route=\/wp\/v2\/users\/179"}],"replies":[{"embeddable":true,"href":"https:\/\/rioonwatch.org.br\/index.php?rest_route=%2Fwp%2Fv2%2Fcomments&post=72966"}],"version-history":[{"count":26,"href":"https:\/\/rioonwatch.org.br\/index.php?rest_route=\/wp\/v2\/posts\/72966\/revisions"}],"predecessor-version":[{"id":73099,"href":"https:\/\/rioonwatch.org.br\/index.php?rest_route=\/wp\/v2\/posts\/72966\/revisions\/73099"}],"wp:featuredmedia":[{"embeddable":true,"href":"https:\/\/rioonwatch.org.br\/index.php?rest_route=\/wp\/v2\/media\/73003"}],"wp:attachment":[{"href":"https:\/\/rioonwatch.org.br\/index.php?rest_route=%2Fwp%2Fv2%2Fmedia&parent=72966"}],"wp:term":[{"taxonomy":"category","embeddable":true,"href":"https:\/\/rioonwatch.org.br\/index.php?rest_route=%2Fwp%2Fv2%2Fcategories&post=72966"},{"taxonomy":"post_tag","embeddable":true,"href":"https:\/\/rioonwatch.org.br\/index.php?rest_route=%2Fwp%2Fv2%2Ftags&post=72966"},{"taxonomy":"writer","embeddable":true,"href":"https:\/\/rioonwatch.org.br\/index.php?rest_route=%2Fwp%2Fv2%2Fwriter&post=72966"},{"taxonomy":"translator","embeddable":true,"href":"https:\/\/rioonwatch.org.br\/index.php?rest_route=%2Fwp%2Fv2%2Ftranslator&post=72966"},{"taxonomy":"source","embeddable":true,"href":"https:\/\/rioonwatch.org.br\/index.php?rest_route=%2Fwp%2Fv2%2Fsource&post=72966"},{"taxonomy":"ilustrador","embeddable":true,"href":"https:\/\/rioonwatch.org.br\/index.php?rest_route=%2Fwp%2Fv2%2Filustrador&post=72966"},{"taxonomy":"fotografo","embeddable":true,"href":"https:\/\/rioonwatch.org.br\/index.php?rest_route=%2Fwp%2Fv2%2Ffotografo&post=72966"}],"curies":[{"name":"wp","href":"https:\/\/api.w.org\/{rel}","templated":true}]}}