{"id":73053,"date":"2024-04-26T15:05:09","date_gmt":"2024-04-26T18:05:09","guid":{"rendered":"https:\/\/rioonwatch.org.br\/?p=73053"},"modified":"2024-05-13T12:53:03","modified_gmt":"2024-05-13T15:53:03","slug":"expansao-das-milicias-homicidios-na-zona-oeste-aumentam-44-e-poem-em-evidencia-um-novo-mapa-dos-grupos-criminosos-do-rio-de-janeiro","status":"publish","type":"post","link":"https:\/\/rioonwatch.org.br\/?p=73053","title":{"rendered":"Expans\u00e3o das Mil\u00edcias: Homic\u00eddios na Zona Oeste Aumentam 44% e P\u00f5em em Evid\u00eancia Novo Mapa do Crime no Rio de Janeiro"},"content":{"rendered":"<figure id=\"attachment_73140\" aria-describedby=\"caption-attachment-73140\" style=\"width: 1200px\" class=\"wp-caption aligncenter\"><a href=\"https:\/\/rioonwatch.org.br\/wp-content\/uploads\/2024\/04\/Carcacas-de-onibus-queimados-entre-as-comunidades-Antares-e-Cesarao.webp\"><img fetchpriority=\"high\" decoding=\"async\" class=\"wp-image-73140 size-full\" title=\"Carca\u00e7as de \u00f4nibus queimados entre as comunidades Antares e Cesar\u00e3o, na Zona Oeste do Rio de Janeiro; cerca de 35 \u00f4nibus foram incendiados na zona oeste do Rio ap\u00f3s morte de um dos l\u00edderes da mil\u00edcia que atua na cidade. Foto Reprodu\u00e7\u00e3o Redes Sociais\" src=\"https:\/\/rioonwatch.org.br\/wp-content\/uploads\/2024\/04\/Carcacas-de-onibus-queimados-entre-as-comunidades-Antares-e-Cesarao.webp\" alt=\"Carca\u00e7as de \u00f4nibus queimados entre as comunidades Antares e Cesar\u00e3o, na Zona Oeste do Rio de Janeiro; cerca de 35 \u00f4nibus foram incendiados na zona oeste do Rio ap\u00f3s morte de um dos l\u00edderes da mil\u00edcia que atua na cidade. Foto Reprodu\u00e7\u00e3o Redes Sociais\" width=\"1200\" height=\"675\" srcset=\"https:\/\/rioonwatch.org.br\/wp-content\/uploads\/2024\/04\/Carcacas-de-onibus-queimados-entre-as-comunidades-Antares-e-Cesarao.webp 1200w, https:\/\/rioonwatch.org.br\/wp-content\/uploads\/2024\/04\/Carcacas-de-onibus-queimados-entre-as-comunidades-Antares-e-Cesarao-620x349.webp 620w\" sizes=\"(max-width: 1200px) 100vw, 1200px\" \/><\/a><figcaption id=\"caption-attachment-73140\" class=\"wp-caption-text\">Carca\u00e7as de \u00f4nibus queimados entre as comunidades Antares e Cesar\u00e3o, na Zona Oeste do Rio de Janeiro; cerca de 35 \u00f4nibus foram incendiados na Zona Oeste ap\u00f3s morte de um dos l\u00edderes da mil\u00edcia que atua na cidade. Foto: Reprodu\u00e7\u00e3o Redes Sociais<\/figcaption><\/figure>\n<h4 style=\"text-align: right;\"><em><strong><a href=\"https:\/\/rioonwatch.org\/?p=77966\" target=\"_blank\" rel=\"noopener\">Click Here for English<img decoding=\"async\" class=\"alignright wp-image-15790 lazyloaded\" src=\"https:\/\/rioonwatch.org.br\/wp-content\/uploads\/2012\/08\/EN-standard-e1439583104716.jpg\" alt=\"\" width=\"20\" height=\"20\" data-src=\"https:\/\/rioonwatch.org.br\/wp-content\/uploads\/2012\/08\/EN-standard-e1439583104716.jpg\" \/><\/a><\/strong><\/em><\/h4>\n<p><em>A presen\u00e7a de policiais atuando \u00e0 margem da lei e formando grupos armados no Rio de Janeiro n\u00e3o \u00e9 recente e j\u00e1 tem registros, pelo menos, desde a <a href=\"https:\/\/www1.folha.uol.com.br\/cotidiano\/2023\/10\/de-grupos-de-exterminio-a-narcomilicianos-em-73-anos-a-evolucao-das-milicias-no-rio.shtml\" target=\"_blank\" rel=\"noopener\">d\u00e9cada de 1950<\/a>. Grupos de exterm\u00ednio, com a participa\u00e7\u00e3o de policiais, bombeiros e guardas municipais, ativos ou aposentados, operam h\u00e1 d\u00e9cadas na <a href=\"https:\/\/rioonwatch.org.br\/?tag=baixada-fluminense\" target=\"_blank\" rel=\"noopener\">Baixada Fluminense<\/a> e em outras regi\u00f5es do <a href=\"https:\/\/rioonwatch.org.br\/?tag=Grande-Rio\" target=\"_blank\" rel=\"noopener\">Grande Rio<\/a>. Esses grupos se apresentavam como protetores da comunidade, como garantidores privados da seguran\u00e7a p\u00fablica. A contrapartida seria a cobran\u00e7a de taxas de seguran\u00e7a, inicialmente opcional, a ser paga pelos moradores dos territ\u00f3rios &#8220;protegidos&#8221;. Com o passar do tempo, a taxa da mil\u00edcia se tornou obrigat\u00f3ria, cobrada com amea\u00e7as, viol\u00eancia e morte contra quem se recusa a pagar. Al\u00e9m disso, as mil\u00edcias expandiram suas atividades para contemplar servi\u00e7os p\u00fablicos e neg\u00f3cios ilegais, tais como: <a href=\"https:\/\/g1.globo.com\/rj\/rio-de-janeiro\/noticia\/2021\/08\/24\/raio-x-das-vans-no-rio-rj2.ghtml\" target=\"_blank\" rel=\"noopener\">transporte alternativo<\/a>, feito por vans e kombis; servi\u00e7o de <a href=\"https:\/\/rioonwatch.org.br\/?p=70407\" target=\"_blank\" rel=\"noopener\">internet<\/a> e <a href=\"https:\/\/www.cnnbrasil.com.br\/nacional\/milicia-tem-sinal-de-tv-clandestino-desligado-pela-policia-militar-no-rio\/\" target=\"_blank\" rel=\"noopener\">televis\u00e3o a cabo<\/a>, mais conhecida como a <a href=\"https:\/\/g1.globo.com\/rj\/rio-de-janeiro\/noticia\/2023\/08\/04\/cumprimento-mandados-no-rj.ghtml\" target=\"_blank\" rel=\"noopener\">gatonet<\/a>; monop\u00f3lio do fornecimento de <a href=\"https:\/\/extra.globo.com\/casos-de-policia\/trafico-milicia-ja-controlam-80-da-venda-de-botijoes-de-gas-no-estado-do-rio-25365008.html\" target=\"_blank\" rel=\"noopener\">g\u00e1s de cozinha<\/a>; e <a href=\"https:\/\/www.cartacapital.com.br\/sociedade\/entenda-como-e-a-exploracao-imobiliaria-da-milicia-apontada-como-motivacao-para-o-assassinato-de-marielle\/\" target=\"_blank\" rel=\"noopener\">incorpora\u00e7\u00e3o imobili\u00e1ria<\/a>. \u00c9 not\u00f3ria que a atua\u00e7\u00e3o e r\u00e1pida expans\u00e3o desses grupos paramilitares contribuiu para o aumento da viol\u00eancia e da corrup\u00e7\u00e3o no Rio de Janeiro.<\/em><\/p>\n<figure id=\"attachment_73104\" aria-describedby=\"caption-attachment-73104\" style=\"width: 1299px\" class=\"wp-caption aligncenter\"><a href=\"https:\/\/rioonwatch.org.br\/wp-content\/uploads\/2024\/04\/Numero-de-unidades-legalizadas-2009-2020-por-Regiao-administrativa-e-milicias-na-cidade-do-Rio-de-Janeiro.-Mapa-Geni-UFF.jpg\"><img decoding=\"async\" class=\"wp-image-73104 size-full\" title=\"N\u00famero de unidades legalizadas (2009-2020) por Regi\u00e3o administrativa e mil\u00edcias na cidade do Rio de Janeiro. Mapa: Geni-UFF\" src=\"https:\/\/rioonwatch.org.br\/wp-content\/uploads\/2024\/04\/Numero-de-unidades-legalizadas-2009-2020-por-Regiao-administrativa-e-milicias-na-cidade-do-Rio-de-Janeiro.-Mapa-Geni-UFF.jpg\" alt=\"N\u00famero de unidades legalizadas (2009-2020) por Regi\u00e3o administrativa e mil\u00edcias na cidade do Rio de Janeiro. Mapa: Geni-UFF\" width=\"1299\" height=\"919\" srcset=\"https:\/\/rioonwatch.org.br\/wp-content\/uploads\/2024\/04\/Numero-de-unidades-legalizadas-2009-2020-por-Regiao-administrativa-e-milicias-na-cidade-do-Rio-de-Janeiro.-Mapa-Geni-UFF.jpg 1299w, https:\/\/rioonwatch.org.br\/wp-content\/uploads\/2024\/04\/Numero-de-unidades-legalizadas-2009-2020-por-Regiao-administrativa-e-milicias-na-cidade-do-Rio-de-Janeiro.-Mapa-Geni-UFF-620x439.jpg 620w\" sizes=\"(max-width: 1299px) 100vw, 1299px\" \/><\/a><figcaption id=\"caption-attachment-73104\" class=\"wp-caption-text\">N\u00famero de unidades legalizadas (2009-2020) por Regi\u00e3o Administrativa e mil\u00edcias na cidade do Rio de Janeiro. Mapa: Geni\/UFF<\/figcaption><\/figure>\n<h3>O Surgimento da Mil\u00edcia<\/h3>\n<p><span style=\"font-weight: 400;\">Nesta mat\u00e9ria, compartilhamos os desafios e caminhos poss\u00edveis para lidar com o crescimento das mil\u00edcias no Rio de Janeiro, seguindo <a href=\"https:\/\/twitter.com\/silviacesec?lang=en\" target=\"_blank\" rel=\"noopener\">Silvia Ramos<\/a>, soci\u00f3loga e coordenadora do Centro de Estudos de Seguran\u00e7a e Cidadania (<a href=\"https:\/\/cesecseguranca.com.br\/\" target=\"_blank\" rel=\"noopener\">CESeC<\/a>). <\/span><\/p>\n<p><span style=\"font-weight: 400;\">Silvia explica<\/span>\u00a0que o <a href=\"https:\/\/rioonwatch.org.br\/?p=51666\" target=\"_blank\" rel=\"noopener\">surgimento da mil\u00edcia<\/a> se deu na d\u00e9cada de 1950, com <a href=\"https:\/\/rioonwatch.org.br\/?p=52019\" target=\"_blank\" rel=\"noopener\">grupos de exterm\u00ednio<\/a>. Nos anos 2000, passou a ter uma nova cara. Ainda integrada por agentes ou ex-agentes da lei, tinha o suposto objetivo de \u201cpromover\u201d prote\u00e7\u00e3o. Era criada uma contranarrativa, lastreada na presen\u00e7a de homens armados e amea\u00e7a a infratores da lei da mil\u00edcia, de que nos espa\u00e7os dominados n\u00e3o haveria circula\u00e7\u00e3o de traficantes ou venda de drogas. Seriam, portanto, favelas e bairros populares menos perigosos, <a href=\"https:\/\/www.bbc.com\/portuguese\/brasil-46995906\" target=\"_blank\" rel=\"noopener\">sem tiroteios e confrontos com a pol\u00edcia<\/a>. <span style=\"font-weight: 400;\">Em um primeiro momento, agentes do Estado mancomunados em mil\u00edcias passavam de porta em porta cobrando taxas de seguran\u00e7a volunt\u00e1rias dos moradores. No entanto, \u201cas taxas passaram a ser obrigat\u00f3rias e quem n\u00e3o pagava era amea\u00e7ado&#8230; e quem n\u00e3o respeitava as amea\u00e7as era morto\u201d, pontua Silvia.\u00a0<\/span><\/p>\n<p><span style=\"font-weight: 400;\">Com isso, surgiu uma nova roupagem \u00e0 organiza\u00e7\u00e3o criminosa. As mil\u00edcias, segundo a especialista, passaram a ter a participa\u00e7\u00e3o de pol\u00edticos, como <a href=\"https:\/\/extra.globo.com\/casos-de-policia\/se-eu-estivesse-la-morreria-pelo-meu-irmao-afirma-natalino-em-velorio-de-jerominho-25552661.html\" target=\"_blank\" rel=\"noopener\">Natalino<\/a> e <a href=\"https:\/\/www.metropoles.com\/brasil\/jerominho-quem-e-o-ex-vereador-e-fundador-de-milicia-executado-no-rj\" target=\"_blank\" rel=\"noopener\">Jerominho<\/a>, ligados \u00e0 explora\u00e7\u00e3o de transportes alternativos na <a href=\"https:\/\/rioonwatch.org.br\/?s=zona+oeste\" target=\"_blank\" rel=\"noopener\">Zona Oeste<\/a>. Silvia salienta que muitos deputados n\u00e3o eram milicianos, mas sim eram eleitos em \u00e1reas dominadas pela mil\u00edcia.\u00a0<\/span><\/p>\n<blockquote>\n<figure id=\"attachment_73136\" aria-describedby=\"caption-attachment-73136\" style=\"width: 500px\" class=\"wp-caption alignright\"><a href=\"https:\/\/rioonwatch.org.br\/wp-content\/uploads\/2024\/04\/Quem-sao-os-membros-da-milicia-da-familia-Braga.webp\"><img loading=\"lazy\" decoding=\"async\" class=\"wp-image-73136\" title=\"Quem s\u00e3o os membros da mil\u00edcia da fam\u00edlia Braga? Fonte: Folha de S\u00e3o Paulo\" src=\"https:\/\/rioonwatch.org.br\/wp-content\/uploads\/2024\/04\/Quem-sao-os-membros-da-milicia-da-familia-Braga.webp\" alt=\"Quem s\u00e3o os membros da mil\u00edcia da fam\u00edlia Braga? Fonte: Folha de S\u00e3o Paulo\" width=\"500\" height=\"401\" \/><\/a><figcaption id=\"caption-attachment-73136\" class=\"wp-caption-text\">Quem s\u00e3o os membros da mil\u00edcia da fam\u00edlia Braga? Fonte: <em>Folha de S\u00e3o Paulo<\/em><\/figcaption><\/figure>\n<p><span style=\"font-weight: 400;\">\u201cA partir de 2014, a fase de mil\u00edcia ser s\u00f3 de policial acabou e os milicianos tomavam \u00e1reas que tinham sido do tr\u00e1fico, sendo uma das primeiras ali em Tr\u00eas Pontes, na Zona Oeste. Entrou primeiro o <a href=\"https:\/\/extra.globo.com\/casos-de-policia\/carlinhos-tres-pontes-um-dos-chefes-da-maior-milicia-do-rio-morto-em-operacao-da-policia-civil-21239116.html\" target=\"_blank\" rel=\"noopener\">Carlinhos Tr\u00eas Pontes<\/a> e depois os irm\u00e3os dele, o <a href=\"https:\/\/g1.globo.com\/rj\/rio-de-janeiro\/noticia\/2021\/06\/12\/policia-civil-captura-miliciano-ecko.ghtml\" target=\"_blank\" rel=\"noopener\">Ecko<\/a>, e o <a href=\"https:\/\/g1.globo.com\/rj\/rio-de-janeiro\/noticia\/2021\/08\/31\/irmao-de-ecko-zinho-e-o-novo-chefe-da-maior-milicia-do-rj-e-policia-segue-com-forca-tarefa-para-prender-o-criminoso.ghtml\" target=\"_blank\" rel=\"noopener\">Zinho<\/a> [chefe da <a href=\"https:\/\/noticias.uol.com.br\/cotidiano\/ultimas-noticias\/2020\/10\/16\/entenda-o-que-e-o-bonde-do-ecko-miliciano-mais-procurado-do-rio.htm\" target=\"_blank\" rel=\"noopener\">maior mil\u00edcia do Rio<\/a>].\u201d <\/span>\u2014 Silvia Ramos<\/p><\/blockquote>\n<p><span style=\"font-weight: 400;\">Segundo a soci\u00f3loga, houve uma fragmenta\u00e7\u00e3o que resultou na disputa entre a mil\u00edcia e outros poderes, como o Comando Vermelho (CV), provocando <a href=\"https:\/\/noticias.uol.com.br\/cotidiano\/ultimas-noticias\/2019\/11\/01\/milicia-do-rio-se-une-ao-trafico-para-enfraquecer-o-comando-vermelho.htm\" target=\"_blank\" rel=\"noopener\">alian\u00e7as com a fac\u00e7\u00e3o<\/a> rival: o Terceiro Comando Puro (TCP). Assim sendo, \u00e1reas inteiras, sobretudo na Zona Oeste e Baixada Fluminense, est\u00e3o expostas a conflitos armados <a href=\"https:\/\/noticias.uol.com.br\/cotidiano\/ultimas-noticias\/2018\/03\/28\/bairro-do-rio-disputado-por-trafico-e-milicia-teve-17-horas-de-tiroteio-durante-intervencao.htm\" target=\"_blank\" rel=\"noopener\">entre mil\u00edcias e outras fac\u00e7\u00f5es<\/a> criminosas.<\/span><\/p>\n<blockquote><p>\u201cEssas disputas geram alta letalidade. As taxas de homic\u00eddios s\u00f3 [no \u00faltimo] ano, de janeiro a setembro de 2023, comparado com janeiro a setembro de 2022, nas duas \u00e1reas da Zona Oeste, tiveram aumento de mortes intencionais, violentas, de mais de 150%, mostrando que ali j\u00e1 havia din\u00e2micas.\u201d \u2014 Silvia Ramos<\/p><\/blockquote>\n<p>Outro complicador foi a fragmenta\u00e7\u00e3o da mil\u00edcia na Zona Oeste, com impactos devastadores na vida da popula\u00e7\u00e3o. Quadrilhas rivais de mil\u00edcia passaram a disputar territ\u00f3rios e poder. Essa disputa se traduz em tiroteios frequentes, atos de viol\u00eancia e execu\u00e7\u00f5es sum\u00e1rias. Novas alian\u00e7as e inimigos, criando um cen\u00e1rio complexo de alian\u00e7as e inimizades entre diferentes grupos, tornam a guerra entre fac\u00e7\u00f5es ainda mais imprevis\u00edvel e letal. Isso tamb\u00e9m resulta numa corrida armamentista, com o crescimento do calibre e da letalidade dos armamentos empregados pelas quadrilhas, em uma busca constante por eliminar rivais. Intensificando-se o poder de fogo, aumenta tamb\u00e9m a capacidade de causar dano dessas armas \u00e0 sociedade.<\/p>\n<p><iframe title=\"YouTube video player\" src=\"https:\/\/www.youtube.com\/embed\/gp8ozzNbENs?si=pc-yir5y7C1Imh0k\" width=\"1030\" height=\"563\" frameborder=\"0\" allowfullscreen=\"allowfullscreen\"><span data-mce-type=\"bookmark\" style=\"display: inline-block; width: 0px; overflow: hidden; line-height: 0;\" class=\"mce_SELRES_start\">\ufeff<\/span><\/iframe><\/p>\n<p>Al\u00e9m disso, a fragmenta\u00e7\u00e3o da mil\u00edcia, exatamente como do tr\u00e1fico tradicional, causa uma inseguran\u00e7a constante na popula\u00e7\u00e3o que vive em alerta e com medo, em meio a tiroteios frequentes, e tentativas de invas\u00e3o de territ\u00f3rio, que n\u00e3o t\u00eam hora para acontecer. Frequentemente, \u00e9 observada a perda de vidas, com grandes repercuss\u00f5es na sa\u00fade mental dos moradores.<\/p>\n<h3>A CPI das Mil\u00edcias<\/h3>\n<p>Parte do poder p\u00fablico j\u00e1 atuou de maneira combativa contra a mil\u00edcia. Em 2008, o ent\u00e3o Deputado Estadual <a href=\"https:\/\/rioonwatch.org.br\/?tag=marcelo-freixo\" target=\"_blank\" rel=\"noopener\">Marcelo Freixo<\/a> presidiu a Comiss\u00e3o Parlamentar de Inqu\u00e9rito das Mil\u00edcias (<a href=\"https:\/\/www.diariodocentrodomundo.com.br\/freixo-cpi-milicias\/\" target=\"_blank\" rel=\"noopener\">CPI das Mil\u00edcias<\/a>), que teve como resultado a <a href=\"https:\/\/rioonwatch.org.br\/?p=52019\" target=\"_blank\" rel=\"noopener\">pris\u00e3o de 246 membros<\/a> da organiza\u00e7\u00e3o criminosa.<\/p>\n<p>A implementa\u00e7\u00e3o da CPI se deu ap\u00f3s <a href=\"https:\/\/extra.globo.com\/noticias\/rio\/jornalistas-sao-torturados-por-milicianos-no-rio-equipe-de-dia-foi-espancada-por-7-horas-na-zona-oeste-519747.html\" target=\"_blank\" rel=\"noopener\">jornalistas de <i>O Dia<\/i> na Zona Oeste serem torturados<\/a>, ap\u00f3s descobertos fazendo uma reportagem sobre a mil\u00edcia.<\/p>\n<blockquote><p>\u201cFoi surpreendente a quantidade de provas e de evid\u00eancias de participa\u00e7\u00e3o de policiais, ex-policiais e pol\u00edticos em grupos de mil\u00edcia. Muitos foram presos, pol\u00edticos perderam mandatos. Foi impressionante.\u201d \u2014 Silvia Ramos<\/p><\/blockquote>\n<p>Silvia salienta que \u00e9 preciso repensar a maneira como \u00e9 feito o combate \u00e0s organiza\u00e7\u00f5es criminosas.<\/p>\n<blockquote><p>\u201cVoc\u00ea tem que desorganizar e desestruturar o esquema, o processo, n\u00e3o cortar as cabe\u00e7as, e muito menos cortar as pontas. [Se fizer] essa guerra no varejo e matar um monte de gente em opera\u00e7\u00f5es impressionantes\u2026 ali nas pontas, no varejo&#8230; j\u00e1 retorna com outras pessoas&#8230; Mesmo cortando as cabe\u00e7as voc\u00ea n\u00e3o interrompe esse fluxo.\u201d \u2014 Silvia Ramos<\/p><\/blockquote>\n<p>A soci\u00f3loga defende que uma nova CPI das Mil\u00edcias pode trazer novos resultados no combate ao grupo organizado. Ela avalia que \u00e9 preciso que a pol\u00edcia trabalhe com intelig\u00eancia, promovendo investiga\u00e7\u00f5es que desmantelem as estruturas da mil\u00edcia.<\/p>\n<blockquote><p>\u201cClaro que a gente se pergunta como isso ser\u00e1 feito numa Assembleia Legislativa, onde milicianos e <a href=\"https:\/\/rioonwatch.org.br\/?p=73047\" target=\"_blank\" rel=\"noopener\">as mil\u00edcias t\u00eam hoje um poder muito maior do que tinham em 2008<\/a>. Ser\u00e1 que isso vai para frente? Mas, sim, seria necess\u00e1rio fazer uma esp\u00e9cie de scan de <em>cabo a rabo<\/em>, passar ali, entender tudo que est\u00e1 acontecendo, tornar isso p\u00fablico e fazer essas pris\u00f5es e, principalmente, seguir o caminho do dinheiro, desarticular os arranjos&#8230; N\u00e3o adianta sair matando gente nas entradas das favelas ou dentro, entrando com um caveir\u00e3o e com helic\u00f3ptero se o esquema continua o mesmo. Inclusive, o esquema de corrup\u00e7\u00e3o policial, muitas vezes.\u201d \u2014 Silvia Ramos<\/p><\/blockquote>\n<h3>A Rela\u00e7\u00e3o da Mil\u00edcia com o Comando Vermelho<\/h3>\n<p>Nas disputas por territ\u00f3rio que trouxeram conflitos pelo Rio de Janeiro, a primeira aproxima\u00e7\u00e3o da mil\u00edcia com fac\u00e7\u00f5es do tr\u00e1fico foi com o Terceiro Comando Puro. Ambas se uniram para tomar territ\u00f3rios e mercados do Comando Vermelho, o maior grupo traficante do estado do Rio de Janeiro. No entanto, como Silvia remarca, este \u00e9 um fen\u00f4meno novo e muito complexo. Logo, em algumas localidades, observaram-se alian\u00e7as formadas entre <a href=\"https:\/\/noticias.uol.com.br\/cotidiano\/ultimas-noticias\/2023\/10\/09\/alianca-cv-milicia-sinal-de-internet-crias-caca-a-rivais-rj.htm\" target=\"_blank\" rel=\"noopener\">mil\u00edcias e o CV<\/a>. Ela ressalta que h\u00e1 uma articula\u00e7\u00e3o de traficantes passando a fazer parte das mil\u00edcias e milicianos integrando o tr\u00e1fico de drogas.<\/p>\n<blockquote><p>\u201cO que a gente tem hoje \u00e9 um cen\u00e1rio muito complexo de \u2018miliza\u00e7\u00e3o\u2019 das fac\u00e7\u00f5es de drogas e de \u2018traficaniza\u00e7\u00e3o\u2019 das mil\u00edcias. Come\u00e7amos a ver uma contamina\u00e7\u00e3o de pr\u00e1ticas, normas.\u201d \u2014 Silvia Ramos<\/p><\/blockquote>\n<p>A soci\u00f3loga explica que, na pr\u00e1tica, a <a href=\"https:\/\/www.redebrasilatual.com.br\/cidadania\/as-milicias-ja-atuam-no-trafico-e-areas-nobres-do-rio-diz-lider-comunitario\/\" target=\"_blank\" rel=\"noopener\">mil\u00edcia passou a adotar<\/a> esquemas t\u00edpicos do tr\u00e1fico, como ter gerente e vender drogas. O tr\u00e1fico, por sua vez, <a href=\"https:\/\/g1.globo.com\/rj\/rio-de-janeiro\/noticia\/2021\/12\/17\/trafico-de-drogas-assume-pratica-da-milicia-e-faz-extorsoes-em-comunidades-no-rj.ghtml\" target=\"_blank\" rel=\"noopener\">come\u00e7ou a realizar<\/a> a explora\u00e7\u00e3o da venda de servi\u00e7os, monopolizando e obrigando moradores a comprarem alguns produtos exclusivamente do tr\u00e1fico. De acordo com o <a href=\"https:\/\/fogocruzado.org.br\/mapa-historico-dos-grupos-armados-rio-de-janeiro-2023\">Mapa dos Grupos Armados<\/a>, um estudo realizado pelo Instituto Fogo Cruzado e pelo Grupo de Estudos dos Novos Ilegalismos (<a href=\"https:\/\/geni.uff.br\/\" target=\"_blank\" rel=\"noopener\">Geni\/UFF<\/a>), a mil\u00edcia sofreu uma redu\u00e7\u00e3o de 19,3% do dom\u00ednio de territ\u00f3rio no Rio de Janeiro, seguido pelo TCP, com 13%, e a fac\u00e7\u00e3o Amigo dos Amigos (<a href=\"https:\/\/pt.wikipedia.org\/wiki\/Amigos_dos_Amigos\" target=\"_blank\" rel=\"noopener\">ADA<\/a>), registrando diminui\u00e7\u00e3o de 16,7%. J\u00e1 o <a href=\"https:\/\/fogocruzado.org.br\/mapa-historico-dos-grupos-armados-rio-de-janeiro-2023\" target=\"_blank\" rel=\"noopener\">CV avan\u00e7ou<\/a> e registrou aumento de 8,4% de dom\u00ednio de territ\u00f3rio entre 2022 e 2023. As mil\u00edcias deram lugar ao CV, que concentrou 51,9% dos territ\u00f3rios controlados por grupos armados na regi\u00e3o metropolitana do Rio em 2023.<\/p>\n<figure id=\"attachment_73133\" aria-describedby=\"caption-attachment-73133\" style=\"width: 1366px\" class=\"wp-caption aligncenter\"><a href=\"https:\/\/rioonwatch.org.br\/wp-content\/uploads\/2024\/04\/Mapa-Historico-dos-Grupos-Armados-do-Rio-de-Janeiro.-Mapa-Fogo-Cruzado.png\"><img loading=\"lazy\" decoding=\"async\" class=\"wp-image-73133 size-full\" title=\"Mapa Hist\u00f3rico dos Grupos Armados do Rio de Janeiro. Mapa: Fogo Cruzado\" src=\"https:\/\/rioonwatch.org.br\/wp-content\/uploads\/2024\/04\/Mapa-Historico-dos-Grupos-Armados-do-Rio-de-Janeiro.-Mapa-Fogo-Cruzado.png\" alt=\"Mapa Hist\u00f3rico dos Grupos Armados do Rio de Janeiro. Mapa: Fogo Cruzado\" width=\"1366\" height=\"633\" srcset=\"https:\/\/rioonwatch.org.br\/wp-content\/uploads\/2024\/04\/Mapa-Historico-dos-Grupos-Armados-do-Rio-de-Janeiro.-Mapa-Fogo-Cruzado.png 1366w, https:\/\/rioonwatch.org.br\/wp-content\/uploads\/2024\/04\/Mapa-Historico-dos-Grupos-Armados-do-Rio-de-Janeiro.-Mapa-Fogo-Cruzado-620x287.png 620w\" sizes=\"(max-width: 1366px) 100vw, 1366px\" \/><\/a><figcaption id=\"caption-attachment-73133\" class=\"wp-caption-text\">Mapa hist\u00f3rico dos grupos armados do Rio de Janeiro. Mapa: Instituto Fogo Cruzado<\/figcaption><\/figure>\n<figure id=\"attachment_73135\" aria-describedby=\"caption-attachment-73135\" style=\"width: 500px\" class=\"wp-caption alignright\"><a href=\"https:\/\/rioonwatch.org.br\/wp-content\/uploads\/2024\/04\/Miliciani-Zinho-preso.avif\"><img loading=\"lazy\" decoding=\"async\" class=\"wp-image-73135\" title=\"Miliciano Zinho preso\" src=\"https:\/\/rioonwatch.org.br\/wp-content\/uploads\/2024\/04\/Miliciani-Zinho-preso.avif\" alt=\"Miliciano Zinho preso\" width=\"500\" height=\"368\" \/><\/a><figcaption id=\"caption-attachment-73135\" class=\"wp-caption-text\">Zinho preso. Foto: Reprodu\u00e7\u00e3o<\/figcaption><\/figure>\n<p>O miliciano Luiz Antonio da Silva Braga, conhecido como <a href=\"https:\/\/g1.globo.com\/rj\/rio-de-janeiro\/noticia\/2023\/12\/24\/zinho-miliciano-mais-procurado-do-rj-e-preso.ghtml\" target=\"_blank\" rel=\"noopener\">Zinho, se entregou<\/a> \u00e0 pol\u00edcia na v\u00e9spera de Natal. Ele \u00e9 o principal chefe da mil\u00edcia que atua na Zona Oeste e o mais procurado do estado. Ant\u00f4nio Carlos dos Santos Pinto, o Pit, de 44 anos, bra\u00e7o direito de Zinho, <a href=\"https:\/\/oglobo.globo.com\/rio\/noticia\/2023\/12\/29\/braco-direito-de-zinho-e-morto-em-paciencia-na-zona-oeste-crianca-que-brincava-proximo-e-ferida-na-cabeca.ghtml\" target=\"_blank\" rel=\"noopener\">foi morto<\/a> durante uma opera\u00e7\u00e3o policial na comunidade de Tr\u00eas Pontes. Perguntada se acredita no desmantelamento da mil\u00edcia, Silvia Ramos afirma que \u00e9 poss\u00edvel, baseando a\u00e7\u00f5es de intelig\u00eancia da pol\u00edcia, com investiga\u00e7\u00f5es contundentes.<\/p>\n<h3>N\u00famero de Homic\u00eddios na Zona Oeste do Rio Cresce em 2023<\/h3>\n<p>Em 2023, a Zona Oeste do Rio de Janeiro foi palco de uma intensa disputa entre o <a href=\"https:\/\/pt.wikipedia.org\/wiki\/Comando_Vermelho\" target=\"_blank\" rel=\"noopener\">Comando Vermelho<\/a> e as mil\u00edcias, resultando em um aumento expressivo da viol\u00eancia. Os ataques a \u00f4nibus em outubro evidenciaram o poder da mil\u00edcia na Zona Oeste, que imp\u00f5e taxas de seguran\u00e7a e controla a venda de g\u00e1s, subjugando a popula\u00e7\u00e3o local. Os n\u00fameros traduzem a triste realidade: de janeiro a dezembro de 2023, a Zona Oeste e parte da <a href=\"https:\/\/rioonwatch.org.br\/?tag=zona-norte\" target=\"_blank\" rel=\"noopener\">Zona Norte<\/a> registraram 733 homic\u00eddios, um aumento de 44% em rela\u00e7\u00e3o ao mesmo per\u00edodo de 2022. Em setembro, o n\u00famero de mortes chegou a 75, mais do que o dobro do registrado no mesmo m\u00eas do ano anterior.<\/p>\n<p><iframe title=\"YouTube video player\" src=\"https:\/\/www.youtube.com\/embed\/q05-dXH9514?si=erXOqP5_mOzt0y5_\" width=\"1030\" height=\"563\" frameborder=\"0\" allowfullscreen=\"allowfullscreen\"><span data-mce-type=\"bookmark\" style=\"display: inline-block; width: 0px; overflow: hidden; line-height: 0;\" class=\"mce_SELRES_start\">\ufeff<\/span><\/iframe><\/p>\n<p>Em 2023, o Rio de Janeiro ficou marcado por diversos conflitos gerados pela mil\u00edcia, colocando em xeque as a\u00e7\u00f5es de seguran\u00e7a p\u00fablica do Governo do Estado. Ap\u00f3s os ataques a \u00f4nibus, que ganharam repercuss\u00e3o midi\u00e1tica, houve tentativas do governo para conter a mil\u00edcia e o tr\u00e1fico de drogas na regi\u00e3o metropolitana. No entanto, Silvia Ramos avalia a iniciativa como \u201cpouco consistente\u201d.<\/p>\n<hr \/>\n<h4><b data-stringify-type=\"bold\">Apoie nossos esfor\u00e7os para fornecer apoio estrat\u00e9gico \u00e0s favelas do Rio, incluindo o jornalismo hiperlocal, cr\u00edtico, inovador e incans\u00e1vel do\u00a0<\/b><b data-stringify-type=\"bold\"><i data-stringify-type=\"italic\">RioOnWatch<\/i><\/b>\u2014<a class=\"c-link\" href=\"http:\/\/www.bit.ly\/ApoieROW\" target=\"_blank\" rel=\"noopener noreferrer\" data-stringify-link=\"http:\/\/www.bit.ly\/ApoieROW\" data-sk=\"tooltip_parent\">doe aqui<\/a>.<\/h4>\n<!-- AddThis Advanced Settings generic via filter on the_content --><!-- AddThis Share Buttons generic via filter on the_content -->","protected":false},"excerpt":{"rendered":"<div class=\"mh-excerpt\"><p>Click Here for English A presen\u00e7a de policiais atuando \u00e0 margem da lei e formando grupos armados no Rio de Janeiro n\u00e3o \u00e9 recente e j\u00e1 tem registros, pelo menos, desde a d\u00e9cada de 1950. <a class=\"mh-excerpt-more\" href=\"https:\/\/rioonwatch.org.br\/?p=73053\" title=\"Expans\u00e3o das Mil\u00edcias: Homic\u00eddios na Zona Oeste Aumentam 44% e P\u00f5em em Evid\u00eancia Novo Mapa do Crime no Rio de Janeiro\">[&#8230;]<\/a><!-- AddThis Advanced Settings generic via filter on get_the_excerpt --><!-- AddThis Share Buttons generic via filter on get_the_excerpt --><\/p>\n<\/div>","protected":false},"author":179,"featured_media":73140,"comment_status":"closed","ping_status":"closed","sticky":false,"template":"template-full.php","format":"standard","meta":{"_acf_changed":false,"_monsterinsights_skip_tracking":false,"_monsterinsights_sitenote_active":false,"_monsterinsights_sitenote_note":"","_monsterinsights_sitenote_category":0,"footnotes":""},"categories":[1621,346,1625,1620],"tags":[3422,1259,959,2425,1471,250,1185,2253,483,482,2561,2588,672,3421,562,1364,30,218,184],"writer":[2987],"translator":[],"source":[],"ilustrador":[],"fotografo":[],"class_list":{"0":"post-73053","1":"post","2":"type-post","3":"status-publish","4":"format-standard","5":"has-post-thumbnail","7":"category-destaque","8":"category-denuncias","9":"category-por-correspondentes-comunitarios","10":"category-olhonaupp","11":"tag-ada","12":"tag-assassinato","13":"tag-baixada-fluminense","14":"tag-cesec","15":"tag-corrupcao-policial","16":"tag-cpi","17":"tag-cv","18":"tag-guerra-as-drogas","19":"tag-marcelo-freixo","20":"tag-milicia","21":"tag-necropolitica","22":"tag-resultados-da-pesquisa","23":"tag-seguranca-publica","24":"tag-tcp","25":"tag-trafico-de-drogas","26":"tag-violacoes","27":"tag-violencia","28":"tag-zona-norte","29":"tag-zona-oeste","30":"writer-joaquim-da-silva"},"acf":[],"yoast_head":"<!-- This site is optimized with the Yoast SEO plugin v25.6 - https:\/\/yoast.com\/wordpress\/plugins\/seo\/ -->\n<title>Expans\u00e3o das Mil\u00edcias: Homic\u00eddios na Zona Oeste Aumentam 44% e P\u00f5em em Evid\u00eancia Novo Mapa do Crime no Rio de Janeiro - RioOnWatch<\/title>\n<meta name=\"robots\" content=\"index, follow, max-snippet:-1, max-image-preview:large, max-video-preview:-1\" \/>\n<link rel=\"canonical\" href=\"https:\/\/rioonwatch.org.br\/?p=73053\" \/>\n<meta property=\"og:locale\" content=\"pt_BR\" \/>\n<meta property=\"og:type\" content=\"article\" \/>\n<meta property=\"og:title\" content=\"Expans\u00e3o das Mil\u00edcias: Homic\u00eddios na Zona Oeste Aumentam 44% e P\u00f5em em Evid\u00eancia Novo Mapa do Crime no Rio de Janeiro - RioOnWatch\" \/>\n<meta property=\"og:description\" content=\"Click Here for English A presen\u00e7a de policiais atuando \u00e0 margem da lei e formando grupos armados no Rio de Janeiro n\u00e3o \u00e9 recente e j\u00e1 tem registros, pelo menos, desde a d\u00e9cada de 1950. [...]\" \/>\n<meta property=\"og:url\" content=\"https:\/\/rioonwatch.org.br\/?p=73053\" \/>\n<meta property=\"og:site_name\" content=\"RioOnWatch\" \/>\n<meta property=\"article:published_time\" content=\"2024-04-26T18:05:09+00:00\" \/>\n<meta property=\"article:modified_time\" content=\"2024-05-13T15:53:03+00:00\" \/>\n<meta property=\"og:image\" content=\"https:\/\/rioonwatch.org.br\/wp-content\/uploads\/2024\/04\/Carcacas-de-onibus-queimados-entre-as-comunidades-Antares-e-Cesarao.webp\" \/>\n\t<meta property=\"og:image:width\" content=\"1200\" \/>\n\t<meta property=\"og:image:height\" content=\"675\" \/>\n\t<meta property=\"og:image:type\" content=\"image\/webp\" \/>\n<meta name=\"author\" content=\"Janaina Tavares\" \/>\n<meta name=\"twitter:card\" content=\"summary_large_image\" \/>\n<meta name=\"twitter:label1\" content=\"Escrito por\" \/>\n\t<meta name=\"twitter:data1\" content=\"Janaina Tavares\" \/>\n\t<meta name=\"twitter:label2\" content=\"Est. tempo de leitura\" \/>\n\t<meta name=\"twitter:data2\" content=\"9 minutos\" \/>\n<script type=\"application\/ld+json\" class=\"yoast-schema-graph\">{\"@context\":\"https:\/\/schema.org\",\"@graph\":[{\"@type\":\"Article\",\"@id\":\"https:\/\/rioonwatch.org.br\/?p=73053#article\",\"isPartOf\":{\"@id\":\"https:\/\/rioonwatch.org.br\/?p=73053\"},\"author\":{\"name\":\"Janaina Tavares\",\"@id\":\"https:\/\/rioonwatch.org.br\/#\/schema\/person\/feb227e5e7679aacc3d672e375cae1bd\"},\"headline\":\"Expans\u00e3o das Mil\u00edcias: Homic\u00eddios na Zona Oeste Aumentam 44% e P\u00f5em em Evid\u00eancia Novo Mapa do Crime no Rio de Janeiro\",\"datePublished\":\"2024-04-26T18:05:09+00:00\",\"dateModified\":\"2024-05-13T15:53:03+00:00\",\"mainEntityOfPage\":{\"@id\":\"https:\/\/rioonwatch.org.br\/?p=73053\"},\"wordCount\":1978,\"publisher\":{\"@id\":\"https:\/\/rioonwatch.org.br\/#organization\"},\"image\":{\"@id\":\"https:\/\/rioonwatch.org.br\/?p=73053#primaryimage\"},\"thumbnailUrl\":\"https:\/\/rioonwatch.org.br\/wp-content\/uploads\/2024\/04\/Carcacas-de-onibus-queimados-entre-as-comunidades-Antares-e-Cesarao.webp\",\"keywords\":[\"ADA\",\"assassinato\",\"Baixada Fluminense\",\"CESeC\",\"corrup\u00e7\u00e3o policial\",\"CPI\",\"CV\",\"guerra \u00e0s drogas\",\"Marcelo Freixo\",\"Mil\u00edcia\",\"necropol\u00edtica\",\"resultados da pesquisa\",\"seguran\u00e7a p\u00fablica\",\"TCP\",\"tr\u00e1fico de drogas\",\"viola\u00e7\u00f5es\",\"viol\u00eancia\",\"Zona Norte\",\"Zona Oeste\"],\"articleSection\":[\"*Destaque\",\"Den\u00fancias\",\"Escrito por Comunicadores Populares\",\"Seguran\u00e7a P\u00fablica\"],\"inLanguage\":\"pt-BR\"},{\"@type\":\"WebPage\",\"@id\":\"https:\/\/rioonwatch.org.br\/?p=73053\",\"url\":\"https:\/\/rioonwatch.org.br\/?p=73053\",\"name\":\"Expans\u00e3o das Mil\u00edcias: Homic\u00eddios na Zona Oeste Aumentam 44% e P\u00f5em em Evid\u00eancia Novo Mapa do Crime no Rio de Janeiro - RioOnWatch\",\"isPartOf\":{\"@id\":\"https:\/\/rioonwatch.org.br\/#website\"},\"primaryImageOfPage\":{\"@id\":\"https:\/\/rioonwatch.org.br\/?p=73053#primaryimage\"},\"image\":{\"@id\":\"https:\/\/rioonwatch.org.br\/?p=73053#primaryimage\"},\"thumbnailUrl\":\"https:\/\/rioonwatch.org.br\/wp-content\/uploads\/2024\/04\/Carcacas-de-onibus-queimados-entre-as-comunidades-Antares-e-Cesarao.webp\",\"datePublished\":\"2024-04-26T18:05:09+00:00\",\"dateModified\":\"2024-05-13T15:53:03+00:00\",\"breadcrumb\":{\"@id\":\"https:\/\/rioonwatch.org.br\/?p=73053#breadcrumb\"},\"inLanguage\":\"pt-BR\",\"potentialAction\":[{\"@type\":\"ReadAction\",\"target\":[\"https:\/\/rioonwatch.org.br\/?p=73053\"]}]},{\"@type\":\"ImageObject\",\"inLanguage\":\"pt-BR\",\"@id\":\"https:\/\/rioonwatch.org.br\/?p=73053#primaryimage\",\"url\":\"https:\/\/rioonwatch.org.br\/wp-content\/uploads\/2024\/04\/Carcacas-de-onibus-queimados-entre-as-comunidades-Antares-e-Cesarao.webp\",\"contentUrl\":\"https:\/\/rioonwatch.org.br\/wp-content\/uploads\/2024\/04\/Carcacas-de-onibus-queimados-entre-as-comunidades-Antares-e-Cesarao.webp\",\"width\":1200,\"height\":675,\"caption\":\"Carca\u00e7as de \u00f4nibus queimados entre as comunidades Antares e Cesar\u00e3o, na Zona Oeste do Rio de Janeiro; cerca de 35 \u00f4nibus foram incendiados na zona oeste do Rio ap\u00f3s morte de um dos l\u00edderes da mil\u00edcia que atua na cidade. Foto Reprodu\u00e7\u00e3o Redes Sociais\"},{\"@type\":\"BreadcrumbList\",\"@id\":\"https:\/\/rioonwatch.org.br\/?p=73053#breadcrumb\",\"itemListElement\":[{\"@type\":\"ListItem\",\"position\":1,\"name\":\"In\u00edcio\",\"item\":\"https:\/\/rioonwatch.org.br\/\"},{\"@type\":\"ListItem\",\"position\":2,\"name\":\"Expans\u00e3o das Mil\u00edcias: Homic\u00eddios na Zona Oeste Aumentam 44% e P\u00f5em em Evid\u00eancia Novo Mapa do Crime no Rio de Janeiro\"}]},{\"@type\":\"WebSite\",\"@id\":\"https:\/\/rioonwatch.org.br\/#website\",\"url\":\"https:\/\/rioonwatch.org.br\/\",\"name\":\"RioOnWatch\",\"description\":\"relatos das favelas cariocas\",\"publisher\":{\"@id\":\"https:\/\/rioonwatch.org.br\/#organization\"},\"potentialAction\":[{\"@type\":\"SearchAction\",\"target\":{\"@type\":\"EntryPoint\",\"urlTemplate\":\"https:\/\/rioonwatch.org.br\/?s={search_term_string}\"},\"query-input\":{\"@type\":\"PropertyValueSpecification\",\"valueRequired\":true,\"valueName\":\"search_term_string\"}}],\"inLanguage\":\"pt-BR\"},{\"@type\":\"Organization\",\"@id\":\"https:\/\/rioonwatch.org.br\/#organization\",\"name\":\"RioOnWatch\",\"url\":\"https:\/\/rioonwatch.org.br\/\",\"logo\":{\"@type\":\"ImageObject\",\"inLanguage\":\"pt-BR\",\"@id\":\"https:\/\/rioonwatch.org.br\/#\/schema\/logo\/image\/\",\"url\":\"https:\/\/rioonwatch.org.br\/wp-content\/uploads\/2021\/06\/RioOnWatchcabecalhoPT11anos-2.png\",\"contentUrl\":\"https:\/\/rioonwatch.org.br\/wp-content\/uploads\/2021\/06\/RioOnWatchcabecalhoPT11anos-2.png\",\"width\":779,\"height\":277,\"caption\":\"RioOnWatch\"},\"image\":{\"@id\":\"https:\/\/rioonwatch.org.br\/#\/schema\/logo\/image\/\"}},{\"@type\":\"Person\",\"@id\":\"https:\/\/rioonwatch.org.br\/#\/schema\/person\/feb227e5e7679aacc3d672e375cae1bd\",\"name\":\"Janaina Tavares\",\"image\":{\"@type\":\"ImageObject\",\"inLanguage\":\"pt-BR\",\"@id\":\"https:\/\/rioonwatch.org.br\/#\/schema\/person\/image\/\",\"url\":\"https:\/\/secure.gravatar.com\/avatar\/83bb5bb4f8b0c5ad63f35939640eaaa2?s=96&d=blank&r=g\",\"contentUrl\":\"https:\/\/secure.gravatar.com\/avatar\/83bb5bb4f8b0c5ad63f35939640eaaa2?s=96&d=blank&r=g\",\"caption\":\"Janaina Tavares\"},\"url\":\"https:\/\/rioonwatch.org.br\/?author=179\"}]}<\/script>\n<!-- \/ Yoast SEO plugin. -->","yoast_head_json":{"title":"Expans\u00e3o das Mil\u00edcias: Homic\u00eddios na Zona Oeste Aumentam 44% e P\u00f5em em Evid\u00eancia Novo Mapa do Crime no Rio de Janeiro - RioOnWatch","robots":{"index":"index","follow":"follow","max-snippet":"max-snippet:-1","max-image-preview":"max-image-preview:large","max-video-preview":"max-video-preview:-1"},"canonical":"https:\/\/rioonwatch.org.br\/?p=73053","og_locale":"pt_BR","og_type":"article","og_title":"Expans\u00e3o das Mil\u00edcias: Homic\u00eddios na Zona Oeste Aumentam 44% e P\u00f5em em Evid\u00eancia Novo Mapa do Crime no Rio de Janeiro - RioOnWatch","og_description":"Click Here for English A presen\u00e7a de policiais atuando \u00e0 margem da lei e formando grupos armados no Rio de Janeiro n\u00e3o \u00e9 recente e j\u00e1 tem registros, pelo menos, desde a d\u00e9cada de 1950. [...]","og_url":"https:\/\/rioonwatch.org.br\/?p=73053","og_site_name":"RioOnWatch","article_published_time":"2024-04-26T18:05:09+00:00","article_modified_time":"2024-05-13T15:53:03+00:00","og_image":[{"width":1200,"height":675,"url":"https:\/\/rioonwatch.org.br\/wp-content\/uploads\/2024\/04\/Carcacas-de-onibus-queimados-entre-as-comunidades-Antares-e-Cesarao.webp","type":"image\/webp"}],"author":"Janaina Tavares","twitter_card":"summary_large_image","twitter_misc":{"Escrito por":"Janaina Tavares","Est. tempo de leitura":"9 minutos"},"schema":{"@context":"https:\/\/schema.org","@graph":[{"@type":"Article","@id":"https:\/\/rioonwatch.org.br\/?p=73053#article","isPartOf":{"@id":"https:\/\/rioonwatch.org.br\/?p=73053"},"author":{"name":"Janaina Tavares","@id":"https:\/\/rioonwatch.org.br\/#\/schema\/person\/feb227e5e7679aacc3d672e375cae1bd"},"headline":"Expans\u00e3o das Mil\u00edcias: Homic\u00eddios na Zona Oeste Aumentam 44% e P\u00f5em em Evid\u00eancia Novo Mapa do Crime no Rio de Janeiro","datePublished":"2024-04-26T18:05:09+00:00","dateModified":"2024-05-13T15:53:03+00:00","mainEntityOfPage":{"@id":"https:\/\/rioonwatch.org.br\/?p=73053"},"wordCount":1978,"publisher":{"@id":"https:\/\/rioonwatch.org.br\/#organization"},"image":{"@id":"https:\/\/rioonwatch.org.br\/?p=73053#primaryimage"},"thumbnailUrl":"https:\/\/rioonwatch.org.br\/wp-content\/uploads\/2024\/04\/Carcacas-de-onibus-queimados-entre-as-comunidades-Antares-e-Cesarao.webp","keywords":["ADA","assassinato","Baixada Fluminense","CESeC","corrup\u00e7\u00e3o policial","CPI","CV","guerra \u00e0s drogas","Marcelo Freixo","Mil\u00edcia","necropol\u00edtica","resultados da pesquisa","seguran\u00e7a p\u00fablica","TCP","tr\u00e1fico de drogas","viola\u00e7\u00f5es","viol\u00eancia","Zona Norte","Zona Oeste"],"articleSection":["*Destaque","Den\u00fancias","Escrito por Comunicadores Populares","Seguran\u00e7a P\u00fablica"],"inLanguage":"pt-BR"},{"@type":"WebPage","@id":"https:\/\/rioonwatch.org.br\/?p=73053","url":"https:\/\/rioonwatch.org.br\/?p=73053","name":"Expans\u00e3o das Mil\u00edcias: Homic\u00eddios na Zona Oeste Aumentam 44% e P\u00f5em em Evid\u00eancia Novo Mapa do Crime no Rio de Janeiro - RioOnWatch","isPartOf":{"@id":"https:\/\/rioonwatch.org.br\/#website"},"primaryImageOfPage":{"@id":"https:\/\/rioonwatch.org.br\/?p=73053#primaryimage"},"image":{"@id":"https:\/\/rioonwatch.org.br\/?p=73053#primaryimage"},"thumbnailUrl":"https:\/\/rioonwatch.org.br\/wp-content\/uploads\/2024\/04\/Carcacas-de-onibus-queimados-entre-as-comunidades-Antares-e-Cesarao.webp","datePublished":"2024-04-26T18:05:09+00:00","dateModified":"2024-05-13T15:53:03+00:00","breadcrumb":{"@id":"https:\/\/rioonwatch.org.br\/?p=73053#breadcrumb"},"inLanguage":"pt-BR","potentialAction":[{"@type":"ReadAction","target":["https:\/\/rioonwatch.org.br\/?p=73053"]}]},{"@type":"ImageObject","inLanguage":"pt-BR","@id":"https:\/\/rioonwatch.org.br\/?p=73053#primaryimage","url":"https:\/\/rioonwatch.org.br\/wp-content\/uploads\/2024\/04\/Carcacas-de-onibus-queimados-entre-as-comunidades-Antares-e-Cesarao.webp","contentUrl":"https:\/\/rioonwatch.org.br\/wp-content\/uploads\/2024\/04\/Carcacas-de-onibus-queimados-entre-as-comunidades-Antares-e-Cesarao.webp","width":1200,"height":675,"caption":"Carca\u00e7as de \u00f4nibus queimados entre as comunidades Antares e Cesar\u00e3o, na Zona Oeste do Rio de Janeiro; cerca de 35 \u00f4nibus foram incendiados na zona oeste do Rio ap\u00f3s morte de um dos l\u00edderes da mil\u00edcia que atua na cidade. Foto Reprodu\u00e7\u00e3o Redes Sociais"},{"@type":"BreadcrumbList","@id":"https:\/\/rioonwatch.org.br\/?p=73053#breadcrumb","itemListElement":[{"@type":"ListItem","position":1,"name":"In\u00edcio","item":"https:\/\/rioonwatch.org.br\/"},{"@type":"ListItem","position":2,"name":"Expans\u00e3o das Mil\u00edcias: Homic\u00eddios na Zona Oeste Aumentam 44% e P\u00f5em em Evid\u00eancia Novo Mapa do Crime no Rio de Janeiro"}]},{"@type":"WebSite","@id":"https:\/\/rioonwatch.org.br\/#website","url":"https:\/\/rioonwatch.org.br\/","name":"RioOnWatch","description":"relatos das favelas cariocas","publisher":{"@id":"https:\/\/rioonwatch.org.br\/#organization"},"potentialAction":[{"@type":"SearchAction","target":{"@type":"EntryPoint","urlTemplate":"https:\/\/rioonwatch.org.br\/?s={search_term_string}"},"query-input":{"@type":"PropertyValueSpecification","valueRequired":true,"valueName":"search_term_string"}}],"inLanguage":"pt-BR"},{"@type":"Organization","@id":"https:\/\/rioonwatch.org.br\/#organization","name":"RioOnWatch","url":"https:\/\/rioonwatch.org.br\/","logo":{"@type":"ImageObject","inLanguage":"pt-BR","@id":"https:\/\/rioonwatch.org.br\/#\/schema\/logo\/image\/","url":"https:\/\/rioonwatch.org.br\/wp-content\/uploads\/2021\/06\/RioOnWatchcabecalhoPT11anos-2.png","contentUrl":"https:\/\/rioonwatch.org.br\/wp-content\/uploads\/2021\/06\/RioOnWatchcabecalhoPT11anos-2.png","width":779,"height":277,"caption":"RioOnWatch"},"image":{"@id":"https:\/\/rioonwatch.org.br\/#\/schema\/logo\/image\/"}},{"@type":"Person","@id":"https:\/\/rioonwatch.org.br\/#\/schema\/person\/feb227e5e7679aacc3d672e375cae1bd","name":"Janaina Tavares","image":{"@type":"ImageObject","inLanguage":"pt-BR","@id":"https:\/\/rioonwatch.org.br\/#\/schema\/person\/image\/","url":"https:\/\/secure.gravatar.com\/avatar\/83bb5bb4f8b0c5ad63f35939640eaaa2?s=96&d=blank&r=g","contentUrl":"https:\/\/secure.gravatar.com\/avatar\/83bb5bb4f8b0c5ad63f35939640eaaa2?s=96&d=blank&r=g","caption":"Janaina Tavares"},"url":"https:\/\/rioonwatch.org.br\/?author=179"}]}},"_links":{"self":[{"href":"https:\/\/rioonwatch.org.br\/index.php?rest_route=\/wp\/v2\/posts\/73053"}],"collection":[{"href":"https:\/\/rioonwatch.org.br\/index.php?rest_route=\/wp\/v2\/posts"}],"about":[{"href":"https:\/\/rioonwatch.org.br\/index.php?rest_route=\/wp\/v2\/types\/post"}],"author":[{"embeddable":true,"href":"https:\/\/rioonwatch.org.br\/index.php?rest_route=\/wp\/v2\/users\/179"}],"replies":[{"embeddable":true,"href":"https:\/\/rioonwatch.org.br\/index.php?rest_route=%2Fwp%2Fv2%2Fcomments&post=73053"}],"version-history":[{"count":41,"href":"https:\/\/rioonwatch.org.br\/index.php?rest_route=\/wp\/v2\/posts\/73053\/revisions"}],"predecessor-version":[{"id":73319,"href":"https:\/\/rioonwatch.org.br\/index.php?rest_route=\/wp\/v2\/posts\/73053\/revisions\/73319"}],"wp:featuredmedia":[{"embeddable":true,"href":"https:\/\/rioonwatch.org.br\/index.php?rest_route=\/wp\/v2\/media\/73140"}],"wp:attachment":[{"href":"https:\/\/rioonwatch.org.br\/index.php?rest_route=%2Fwp%2Fv2%2Fmedia&parent=73053"}],"wp:term":[{"taxonomy":"category","embeddable":true,"href":"https:\/\/rioonwatch.org.br\/index.php?rest_route=%2Fwp%2Fv2%2Fcategories&post=73053"},{"taxonomy":"post_tag","embeddable":true,"href":"https:\/\/rioonwatch.org.br\/index.php?rest_route=%2Fwp%2Fv2%2Ftags&post=73053"},{"taxonomy":"writer","embeddable":true,"href":"https:\/\/rioonwatch.org.br\/index.php?rest_route=%2Fwp%2Fv2%2Fwriter&post=73053"},{"taxonomy":"translator","embeddable":true,"href":"https:\/\/rioonwatch.org.br\/index.php?rest_route=%2Fwp%2Fv2%2Ftranslator&post=73053"},{"taxonomy":"source","embeddable":true,"href":"https:\/\/rioonwatch.org.br\/index.php?rest_route=%2Fwp%2Fv2%2Fsource&post=73053"},{"taxonomy":"ilustrador","embeddable":true,"href":"https:\/\/rioonwatch.org.br\/index.php?rest_route=%2Fwp%2Fv2%2Filustrador&post=73053"},{"taxonomy":"fotografo","embeddable":true,"href":"https:\/\/rioonwatch.org.br\/index.php?rest_route=%2Fwp%2Fv2%2Ffotografo&post=73053"}],"curies":[{"name":"wp","href":"https:\/\/api.w.org\/{rel}","templated":true}]}}