{"id":73390,"date":"2024-05-24T12:23:46","date_gmt":"2024-05-24T15:23:46","guid":{"rendered":"https:\/\/rioonwatch.org.br\/?p=73390"},"modified":"2024-06-20T13:41:05","modified_gmt":"2024-06-20T16:41:05","slug":"roda-a-saia-gira-a-vida-com-beatriz-nascimento-14a-festa-literaria-das-periferias-promove-contranarrativas-evento","status":"publish","type":"post","link":"https:\/\/rioonwatch.org.br\/?p=73390","title":{"rendered":"&#8216;Roda a Saia, Gira a Vida com Beatriz Nascimento&#8217;: 14\u00aa Festa Liter\u00e1ria das Periferias Promove Contranarrativas"},"content":{"rendered":"<figure id=\"attachment_73531\" aria-describedby=\"caption-attachment-73531\" style=\"width: 1170px\" class=\"wp-caption aligncenter\"><a href=\"https:\/\/rioonwatch.org.br\/wp-content\/uploads\/2024\/05\/A-pensadora-Beatriz-Nascimento-historiadora-e-pioneira-do-movimento-negro-brasileiro.-Foto-Arquivo-Nacional.webp\"><img fetchpriority=\"high\" decoding=\"async\" class=\"wp-image-73531 size-full\" title=\"A pensadora Beatriz Nascimento, historiadora e pioneira do movimento negro brasileiro. Foto: Arquivo Nacional\" src=\"https:\/\/rioonwatch.org.br\/wp-content\/uploads\/2024\/05\/A-pensadora-Beatriz-Nascimento-historiadora-e-pioneira-do-movimento-negro-brasileiro.-Foto-Arquivo-Nacional.webp\" alt=\"A pensadora Beatriz Nascimento, historiadora e pioneira do movimento negro brasileiro. Foto: Arquivo Nacional\" width=\"1170\" height=\"700\" srcset=\"https:\/\/rioonwatch.org.br\/wp-content\/uploads\/2024\/05\/A-pensadora-Beatriz-Nascimento-historiadora-e-pioneira-do-movimento-negro-brasileiro.-Foto-Arquivo-Nacional.webp 1170w, https:\/\/rioonwatch.org.br\/wp-content\/uploads\/2024\/05\/A-pensadora-Beatriz-Nascimento-historiadora-e-pioneira-do-movimento-negro-brasileiro.-Foto-Arquivo-Nacional-620x371.webp 620w\" sizes=\"(max-width: 1170px) 100vw, 1170px\" \/><\/a><figcaption id=\"caption-attachment-73531\" class=\"wp-caption-text\">A pensadora Beatriz Nascimento, historiadora e pioneira do movimento negro brasileiro. Foto: Arquivo Nacional<\/figcaption><\/figure>\n<h4 style=\"text-align: right;\"><em><strong><a href=\"https:\/\/rioonwatch.org\/?p=78258\" target=\"_blank\" rel=\"noopener\">Click Here for English<img decoding=\"async\" class=\"alignright wp-image-15790 lazyloaded\" src=\"https:\/\/rioonwatch.org.br\/wp-content\/uploads\/2012\/08\/EN-standard-e1439583104716.jpg\" alt=\"\" width=\"20\" height=\"20\" data-src=\"https:\/\/rioonwatch.org.br\/wp-content\/uploads\/2012\/08\/EN-standard-e1439583104716.jpg\" \/><\/a><\/strong><\/em><\/h4>\n<h4>A Festa Liter\u00e1ria das Periferias (<a href=\"https:\/\/www.flup.net.br\/\" target=\"_blank\" rel=\"noopener\">Flup<\/a>) deu o pontap\u00e9 inicial em sua <a href=\"https:\/\/www.flup.net.br\/abertura\" target=\"_blank\" rel=\"noopener\">14\u00aa edi\u00e7\u00e3o<\/a> no s\u00e1bado, dia 11 de maio, em um evento realizado no <a href=\"https:\/\/circocrescereviver.org.br\/conheca\/\" target=\"_blank\" rel=\"noopener\">Circo Crescer e Viver<\/a>, na regi\u00e3o hoje conhecida como <a href=\"https:\/\/pt.wikipedia.org\/wiki\/Cidade_Nova_(Rio_de_Janeiro)\" target=\"_blank\" rel=\"noopener\">Cidade Nova<\/a>, antiga zona da <a href=\"https:\/\/pt.wikipedia.org\/wiki\/Pra%C3%A7a_Onze\" target=\"_blank\" rel=\"noopener\">Pra\u00e7a XI<\/a>, um dos <a href=\"https:\/\/diariodorio.com\/historia-da-praca-onze\" target=\"_blank\" rel=\"noopener\">ber\u00e7os do samba<\/a> carioca, casa e terreiro de mulheres fundamentais como <a href=\"https:\/\/almapreta.com.br\/sessao\/cultura\/tia-ciata-a-matriarca-do-samba-carioca-no-brasil\/\" target=\"_blank\" rel=\"noopener\">Tia Ciata<\/a>, no cora\u00e7\u00e3o do <a href=\"https:\/\/rioonwatch.org.br\/?tag=centro\" target=\"_blank\" rel=\"noopener\">Centro<\/a> do Rio de Janeiro. A programa\u00e7\u00e3o para 2024 promete ser rica e diversificada, com a oferta de cursos formativos e oficinas de junho a agosto. A intelectual sergipana, historiadora, pioneira do movimento negro brasileiro, poeta e cineasta\u00a0<a href=\"https:\/\/www.instagram.com\/p\/C6M0oI5J1Cq\/\" target=\"_blank\" rel=\"noopener\">Beatriz Nascimento<\/a> \u00e9 a homenageada nesta edi\u00e7\u00e3o de 2024.<\/h4>\n<h3>Visibilidade \u00e0s Narrativas Negras e Perif\u00e9ricas: Beatriz Nascimento e os Quilombos<\/h3>\n<p>A gira, a roda e a circularidade s\u00e3o movimentos ancestrais que expressam o sentido dos valores civilizat\u00f3rios africanos e afro-brasileiros. Essas express\u00f5es cheias de significados foram entoadas durante a 14\u00aa edi\u00e7\u00e3o do evento e apresentam vozes insurgentes para a realidade do mercado editorial brasileiro. Pesquisas concluem que o perfil racial dos escritores brasileiros \u00e9 composto de <a href=\"https:\/\/iberical.sorbonne-universite.fr\/wp-content\/uploads\/2012\/03\/002-02.pdf\" target=\"_blank\" rel=\"noopener\">93,9% de autores brancos<\/a>. Dentro dessa realidade, quase todos est\u00e3o em posi\u00e7\u00f5es e profiss\u00f5es de privil\u00e9gio de produ\u00e7\u00e3o de discurso: os meios jornal\u00edstico e acad\u00eamico.<\/p>\n<p><span style=\"font-weight: 400;\">A Flup tem como objetivo tensionar esta atmosfera hegem\u00f4nica ainda t\u00e3o presente no cen\u00e1rio liter\u00e1rio brasileiro, o que torna poss\u00edvel a acessibilidade ao livro e \u00e0 <\/span>escrita liter\u00e1ria<span style=\"font-weight: 400;\">, o debate liter\u00e1rio e a <\/span>visibilidade de intelectuais negros, favelados e perif\u00e9ricos,<span style=\"font-weight: 400;\"> que <a href=\"https:\/\/rioonwatch.org.br\/?p=51886\" target=\"_blank\" rel=\"noopener\">foram silenciados<\/a> no decorrer da hist\u00f3ria.<\/span><\/p>\n<p><iframe title=\"YouTube video player\" src=\"https:\/\/www.youtube.com\/embed\/-LhM1MaPE9c?si=pK_CNDcYJR1umrbV\" width=\"1030\" height=\"563\" frameborder=\"0\" allowfullscreen=\"allowfullscreen\"><span data-mce-type=\"bookmark\" style=\"display: inline-block; width: 0px; overflow: hidden; line-height: 0;\" class=\"mce_SELRES_start\">\ufeff<\/span><span data-mce-type=\"bookmark\" style=\"display: inline-block; width: 0px; overflow: hidden; line-height: 0;\" class=\"mce_SELRES_start\">\ufeff<\/span><span data-mce-type=\"bookmark\" style=\"display: inline-block; width: 0px; overflow: hidden; line-height: 0;\" class=\"mce_SELRES_start\">\ufeff<\/span><\/iframe><\/p>\n<p>A escritora <a href=\"http:\/\/www.letras.ufmg.br\/literafro\/autoras\/188-conceicao-evaristo\" target=\"_blank\" rel=\"noopener\">Concei\u00e7\u00e3o Evaristo<\/a>, presente na Flup, destacou o grande potencial da feira perif\u00e9rica em democratizar o acesso \u00e0 literatura e <a href=\"https:\/\/rioonwatch.org.br\/?p=59455\" target=\"_blank\" rel=\"noopener\">difundir o legado de intelectuais negros(as)<\/a>, como Beatriz Nascimento. Concei\u00e7\u00e3o Evaristo ainda ressaltou a import\u00e2ncia desta pensadora para os estudos historiogr\u00e1ficos sob a perspectiva negra.<\/p>\n<blockquote><p>\u201cBeatriz Nascimento era historiadora do come\u00e7o ao fim.\u201d \u2014 Concei\u00e7\u00e3o Evaristo<\/p><\/blockquote>\n<p>A historiadora revolucionou os estudos historiogr\u00e1ficos sobre os <a href=\"https:\/\/www.revistas.uneb.br\/index.php\/asipc\/article\/view\/7643\" target=\"_blank\" rel=\"noopener\">quilombos contempor\u00e2neos<\/a>. Ela investigou os quilombos como unidades de protesto e resist\u00eancia negra. Tese antes apresentada pelo intelectual negro <a href=\"http:\/\/www.letras.ufmg.br\/literafro\/ensaistas\/1381-clovis-moura\" target=\"_blank\" rel=\"noopener\">Cl\u00f3vis Steiger de Assis Moura<\/a> e publicada em seu livro <a href=\"https:\/\/www.amazon.com.br\/Quilombos-Resist%C3%AAncia-Escravismo-Cl%C3%B3vis-Moura\/dp\/6558910012\/ref=asc_df_6558910012\/?tag=googleshopp00-20&amp;linkCode=df0&amp;hvadid=379787783723&amp;hvpos=&amp;hvnetw=g&amp;hvrand=2235290022150643146&amp;hvpone=&amp;hvptwo=&amp;hvqmt=&amp;hvdev=c&amp;hvdvcmdl=&amp;hvlocint=&amp;hvlocphy=1001655&amp;hvtargid=pla-1184582314260&amp;psc=1&amp;mcid=2ccf3e8343b5363ea1adee6185247fa0\" target=\"_blank\" rel=\"noopener\"><em>Quilombos: resist\u00eancia ao escravismo<\/em><\/a>, Beatriz atualizou este conceito, tecendo paralelos com os espa\u00e7os por excel\u00eancia da cultura negra brasileira contempor\u00e2nea: as <a href=\"https:\/\/rioonwatch.org.br\/?p=54553\" target=\"_blank\" rel=\"noopener\">favelas<\/a>, as <a href=\"https:\/\/pt.wikipedia.org\/wiki\/Sociedade_carnavalesca\" target=\"_blank\" rel=\"noopener\">comunidades carnavalescas<\/a> e os centro de <a href=\"https:\/\/www.politize.com.br\/religioes-de-matriz-africana\/\" target=\"_blank\" rel=\"noopener\">religi\u00f5es de matriz africana<\/a>.<\/p>\n<figure id=\"attachment_73420\" aria-describedby=\"caption-attachment-73420\" style=\"width: 1170px\" class=\"wp-caption aligncenter\"><a href=\"https:\/\/rioonwatch.org.br\/wp-content\/uploads\/2024\/05\/Beatriz-Nascimento-historiadora-e-pioneira-do-movimento-negro-no-Brasil.-Foto-Educacao-e-Territorio.jpg\"><img decoding=\"async\" class=\"wp-image-73420 size-full\" title=\"Beatriz Nascimento, historiadora e pioneira do movimento negro no Brasil. Foto: Educa\u00e7\u00e3o e Territ\u00f3rio\" src=\"https:\/\/rioonwatch.org.br\/wp-content\/uploads\/2024\/05\/Beatriz-Nascimento-historiadora-e-pioneira-do-movimento-negro-no-Brasil.-Foto-Educacao-e-Territorio.jpg\" alt=\"Beatriz Nascimento, historiadora e pioneira do movimento negro no Brasil. Foto: Educa\u00e7\u00e3o e Territ\u00f3rio\" width=\"1170\" height=\"658\" srcset=\"https:\/\/rioonwatch.org.br\/wp-content\/uploads\/2024\/05\/Beatriz-Nascimento-historiadora-e-pioneira-do-movimento-negro-no-Brasil.-Foto-Educacao-e-Territorio.jpg 1170w, https:\/\/rioonwatch.org.br\/wp-content\/uploads\/2024\/05\/Beatriz-Nascimento-historiadora-e-pioneira-do-movimento-negro-no-Brasil.-Foto-Educacao-e-Territorio-620x349.jpg 620w\" sizes=\"(max-width: 1170px) 100vw, 1170px\" \/><\/a><figcaption id=\"caption-attachment-73420\" class=\"wp-caption-text\">Beatriz Nascimento, historiadora e pioneira do movimento negro no Brasil. Foto: Educa\u00e7\u00e3o e Territ\u00f3rio<\/figcaption><\/figure>\n<p>Em 1977, ainda no in\u00edcio de sua carreira, na <a href=\"https:\/\/conexao.ufrj.br\/2021\/03\/a-atualidade-da-intelectual-transatlantica\/\" target=\"_blank\" rel=\"noopener\">Quinzena do Negro<\/a> na Universidade de S\u00e3o Paulo (<a href=\"https:\/\/www5.usp.br\/\" target=\"_blank\" rel=\"noopener\">USP<\/a>), Beatriz lan\u00e7ou algumas bases de sua hip\u00f3tese de quilombo como estrat\u00e9gia ancestral de resist\u00eancia:<\/p>\n<blockquote><p>\u201cEnt\u00e3o, nesse momento, a utiliza\u00e7\u00e3o do termo \u2018quilombo\u2019 passa a ter uma conota\u00e7\u00e3o basicamente ideol\u00f3gica, basicamente doutrin\u00e1ria no sentido de agrega\u00e7\u00e3o, no sentido de comunidade, no sentido de luta, como se reconhecendo homens, como se reconhecendo pessoas que realmente devem lutar por melhores condi\u00e7\u00f5es de vida, porque merecem essas melhores condi\u00e7\u00f5es de vida na medida em que fazem parte dessa sociedade.\u201d<\/p><\/blockquote>\n<p>O diretor fundador da Flup, <a href=\"https:\/\/www.instagram.com\/julioludemir\/?hl=en\" target=\"_blank\" rel=\"noopener\">Julio Ludemir<\/a>, destacou a import\u00e2ncia do pensamento da escritora para a historiografia sob a perspectiva negra:<\/p>\n<blockquote><p>\u00a0&#8220;A palavra quilombo n\u00e3o existia como s\u00edmbolo de estrat\u00e9gia e intelig\u00eancia de sobreviv\u00eancia. Queremos que sua obra seja cada vez mais conhecida, mais lida, mais publicada, que chegue ainda mais longe.&#8221;<\/p><\/blockquote>\n<p>A autora ainda produziu, em 1989, o filme <a href=\"https:\/\/web.facebook.com\/watch\/?v=677188599155700\" target=\"_blank\" rel=\"noopener\"><em>\u00d4r\u00ed<\/em><\/a> que, em uma\u00a0<a href=\"https:\/\/negrasoulblog.wordpress.com\/wp-content\/uploads\/2016\/04\/a-categoria-polc3adtico-cultural-de-amefricanidade-lelia-gonzales1.pdf\" target=\"_blank\" rel=\"noopener\">percep\u00e7\u00e3o amefricana<\/a>, pode significar \u2018cabe\u00e7a\u2019, f\u00edsica ou interior, aquela que guia, referencia, orienta, re\u00fane intelecto, mem\u00f3ria e pensamento, articulando presente, passado e futuro, podendo assumir o sentido pol\u00edtico de consci\u00eancia negra. N\u00e3o \u00e9 apenas a cabe\u00e7a concreta acima do pesco\u00e7o, mas a cabe\u00e7a espiritual, que representa o \u2018eu\u2019 mais profundo. <em>Or\u00ed<\/em> foi dirigido por Raquel Berger e teve sua pesquisa, roteiro e narra\u00e7\u00e3o feitos\u00a0por Beatriz Nascimento.<\/p>\n<p>Nessa obra, Beatriz p\u00f5e o quilombo como o centro da exist\u00eancia negra. Relatando a hist\u00f3ria dos movimentos negros entre 1977 e 1988, a fim de tra\u00e7ar um panorama social, pol\u00edtico e cultural do pa\u00eds, em busca de uma identidade e destacando a import\u00e2ncia dos quilombos na forma\u00e7\u00e3o da nacionalidade.<\/p>\n<p><iframe src=\"https:\/\/drive.google.com\/file\/d\/1uRJjQpJzd_EgFdYROd3dxPqxDdp74R8c\/preview\" width=\"1030\" height=\"563\"><span data-mce-type=\"bookmark\" style=\"display: inline-block; width: 0px; overflow: hidden; line-height: 0;\" class=\"mce_SELRES_start\">\ufeff<\/span><span data-mce-type=\"bookmark\" style=\"display: inline-block; width: 0px; overflow: hidden; line-height: 0;\" class=\"mce_SELRES_start\">\ufeff<\/span><\/iframe><\/p>\n<p>Seguindo uma <a href=\"https:\/\/sankofapsicologia.com\/wp-content\/uploads\/2018\/11\/madhubuti-haki-madhubuti-safisha-educac3a7c3a3o-afrocentrada-seu-valor-importc3a2ncia-e-necessidade-no-desenvolvimento-de-crianc3a7as-negras.pdf\" target=\"_blank\" rel=\"noopener\">perspectiva centrada no afrobrasileiro<\/a>, adotada pela pensadora, a Flup organizou mesas de debates e atividades sobre literatura e quest\u00f5es raciais. Familiares e amigos da intelectual prestigiaram o evento, emocionados com a justa homenagem.<\/p>\n<blockquote><p>\u201cApesar de muito crian\u00e7a, ela me plantou esta sementinha, o quilombo para Beatriz Nascimento \u00e9 uma forma de organiza\u00e7\u00e3o pol\u00edtica e social com forte influ\u00eancia ideol\u00f3gica.\u201d \u2014 Evorah Nascimento, sobrinha de Beatriz Nascimento<\/p><\/blockquote>\n<h3>Mesa: &#8216;Deixa a Gira Girar&#8217; Traz o Tema do Racismo Religioso e a Literatura nos Terreiros<\/h3>\n<figure id=\"attachment_73477\" aria-describedby=\"caption-attachment-73477\" style=\"width: 2560px\" class=\"wp-caption aligncenter\"><a href=\"https:\/\/rioonwatch.org.br\/wp-content\/uploads\/2024\/05\/Mesa-Deixa-e-gira-girar-com-a-matriarca-da-Casa-do-Perdao-Flavia-Pinto-a-esquerda-mediacao-de-Natara-Ney-no-meio-e-a-matriarca-do-Ile-Ase-DOluaiye-Marcia-Marcal-a-direita.-Foto-Divulgacao-scaled.jpg\"><img loading=\"lazy\" decoding=\"async\" class=\"wp-image-73477 size-full\" title=\"Mesa: \u201cDeixa e gira girar\u201d com a matriarca da Casa do Perd\u00e3o, Fl\u00e1via Pinto (\u00e0 esquerda) media\u00e7\u00e3o de Natara Ney (no meio) e a matriarca do Il\u00ea As\u00e9 D'Oluaiy\u00e8, M\u00e1rcia Mar\u00e7al (\u00e0 direita). Foto: Divulga\u00e7\u00e3o\" src=\"https:\/\/rioonwatch.org.br\/wp-content\/uploads\/2024\/05\/Mesa-Deixa-e-gira-girar-com-a-matriarca-da-Casa-do-Perdao-Flavia-Pinto-a-esquerda-mediacao-de-Natara-Ney-no-meio-e-a-matriarca-do-Ile-Ase-DOluaiye-Marcia-Marcal-a-direita.-Foto-Divulgacao-scaled.jpg\" alt=\"Mesa: \u201cDeixa e gira girar\u201d com a matriarca da Casa do Perd\u00e3o, Fl\u00e1via Pinto (\u00e0 esquerda) media\u00e7\u00e3o de Natara Ney (no meio) e a matriarca do Il\u00ea As\u00e9 D'Oluaiy\u00e8, M\u00e1rcia Mar\u00e7al (\u00e0 direita). Foto: Divulga\u00e7\u00e3o\" width=\"2560\" height=\"1707\" srcset=\"https:\/\/rioonwatch.org.br\/wp-content\/uploads\/2024\/05\/Mesa-Deixa-e-gira-girar-com-a-matriarca-da-Casa-do-Perdao-Flavia-Pinto-a-esquerda-mediacao-de-Natara-Ney-no-meio-e-a-matriarca-do-Ile-Ase-DOluaiye-Marcia-Marcal-a-direita.-Foto-Divulgacao-scaled.jpg 2560w, https:\/\/rioonwatch.org.br\/wp-content\/uploads\/2024\/05\/Mesa-Deixa-e-gira-girar-com-a-matriarca-da-Casa-do-Perdao-Flavia-Pinto-a-esquerda-mediacao-de-Natara-Ney-no-meio-e-a-matriarca-do-Ile-Ase-DOluaiye-Marcia-Marcal-a-direita.-Foto-Divulgacao-620x413.jpg 620w\" sizes=\"(max-width: 2560px) 100vw, 2560px\" \/><\/a><figcaption id=\"caption-attachment-73477\" class=\"wp-caption-text\">Mesa: \u201cDeixa e gira girar\u201d com a matriarca da Casa do Perd\u00e3o, Fl\u00e1via Pinto (\u00e0 esquerda) media\u00e7\u00e3o de Natara Ney (no meio) e a matriarca do Il\u00ea As\u00e9 D&#8217;Oluaiy\u00e8, M\u00e1rcia Mar\u00e7al (\u00e0 direita). Foto: Divulga\u00e7\u00e3o<\/figcaption><\/figure>\n<p><span style=\"font-weight: 400;\">Esta<\/span><span style=\"font-weight: 400;\"> programa\u00e7\u00e3o reuniu a escritora e matriarca do<\/span> <a href=\"https:\/\/www.facebook.com\/watch\/?v=1142152725932844\" target=\"_blank\" rel=\"noopener\">Il\u00ea As\u00e9 D&#8217;Oluaiy\u00e8 Ny Oy\u00e1<\/a><span style=\"font-weight: 400;\">, a Yalorix\u00e1 <\/span><a href=\"https:\/\/www.instagram.com\/maemarciamarcal\"><span style=\"font-weight: 400;\">M\u00e1rcia Mar\u00e7al<\/span><\/a><span style=\"font-weight: 400;\">, a soci\u00f3loga, escritora e matriarca da <a href=\"https:\/\/www.instagram.com\/casadoperdao\/\" target=\"_blank\" rel=\"noopener\">Casa do Perd\u00e3o<\/a>, M\u00e3e <\/span><a href=\"https:\/\/www.instagram.com\/maeflaviapinto\"><span style=\"font-weight: 400;\">Fl\u00e1via da Silva Pinto<\/span><\/a>,<span style=\"font-weight: 400;\"> e teve a media\u00e7\u00e3o da cineasta pernambucana <\/span><a href=\"https:\/\/www.instagram.com\/nataraney\"><span style=\"font-weight: 400;\">Natara Ney<\/span><\/a><span style=\"font-weight: 400;\">, tamb\u00e9m curadora da Flup. Nesta mesa, o objetivo foi abordar o <a href=\"https:\/\/www.onumulheres.org.br\/wp-content\/uploads\/2016\/04\/cartilha_ONU_Mulheres_Nov2017_digital.pdf\" target=\"_blank\" rel=\"noopener\">empoderamento feminino<\/a>, o <\/span><a href=\"https:\/\/rioonwatch.org.br\/?p=53157\" target=\"_blank\" rel=\"noopener\">racismo religioso<\/a><span style=\"font-weight: 400;\"> e a educa\u00e7\u00e3o e a literatura nos terreiros.<\/span><\/p>\n<blockquote><p>\u201cVou reverenciar as duas Beatrizes que a Flup escolheu homenagear. Ano passado, Beatriz Moreira Costa (M\u00e3e <a href=\"https:\/\/www.flup.net.br\/homenagens-2023\" target=\"_blank\" rel=\"noopener\">Beata de Iemanj\u00e1<\/a>), uma ancestral hoje, e, neste ano, Beatriz Nascimento. Ambas comprometidas em combater a intoler\u00e2ncia religiosa e promover o <a href=\"https:\/\/www.academia.org.br\/nossa-lingua\/nova-palavra\/letramento-racial\" target=\"_blank\" rel=\"noopener\">letramento racial<\/a>. Beatriz Nascimento, junto com <a href=\"https:\/\/educacaoeterritorio.org.br\/reportagens\/lelia-gonzales-defensora-feminismo-afrolatinoamericano-e-da-universidade-acessivel\/?migrado=_portal_aprendiz\" target=\"_blank\" rel=\"noopener\">L\u00e9lia Gonz\u00e1lez<\/a>, se voltou para a \u00c1frica, a fim de entender a hist\u00f3ria, porque parte do racismo religioso vem de uma mem\u00f3ria n\u00e3o contada.\u201d \u2014 Fl\u00e1via Pinto<\/p><\/blockquote>\n<p>Nesse sentido, M\u00e1rcia Mar\u00e7al continuou o di\u00e1logo sobre o racismo religioso no pa\u00eds.<\/p>\n<blockquote><p>\u201cA intoler\u00e2ncia religiosa acontece porque \u00e9 uma religi\u00e3o de preto. Tudo o que vem do preto \u00e9 mal falado e mal visto. Eles acham que \u00e9 para o mal sempre. Eu queria que as pessoas chegassem em nossos terreiros para saber como acolhemos.\u201d \u2014 M\u00e1rcia Mar\u00e7al<\/p><\/blockquote>\n<blockquote class=\"instagram-media\" style=\"background: #FFF; border: 0; border-radius: 3px; box-shadow: 0 0 1px 0 rgba(0,0,0,0.5),0 1px 10px 0 rgba(0,0,0,0.15); margin: 1px; max-width: 540px; min-width: 326px; padding: 0; width: calc(100% - 2px);\" data-instgrm-captioned=\"\" data-instgrm-permalink=\"https:\/\/www.instagram.com\/p\/C6EZIIvLebW\/?utm_source=ig_embed&amp;utm_campaign=loading\" data-instgrm-version=\"14\">\n<div style=\"padding: 16px;\">\n<p>&nbsp;<\/p>\n<div style=\"display: flex; flex-direction: row; align-items: center;\">\n<div style=\"background-color: #f4f4f4; border-radius: 50%; flex-grow: 0; height: 40px; margin-right: 14px; width: 40px;\"><\/div>\n<div style=\"display: flex; flex-direction: column; flex-grow: 1; justify-content: center;\">\n<div style=\"background-color: #f4f4f4; border-radius: 4px; flex-grow: 0; height: 14px; margin-bottom: 6px; width: 100px;\"><\/div>\n<div style=\"background-color: #f4f4f4; border-radius: 4px; flex-grow: 0; height: 14px; width: 60px;\"><\/div>\n<\/div>\n<\/div>\n<div style=\"padding: 19% 0;\"><\/div>\n<div style=\"display: block; height: 50px; margin: 0 auto 12px; width: 50px;\"><\/div>\n<div style=\"padding-top: 8px;\">\n<div style=\"color: #3897f0; font-family: Arial,sans-serif; font-size: 14px; font-style: normal; font-weight: 550; line-height: 18px;\">Ver essa foto no Instagram<\/div>\n<\/div>\n<div style=\"padding: 12.5% 0;\"><\/div>\n<div style=\"display: flex; flex-direction: row; margin-bottom: 14px; align-items: center;\">\n<div>\n<div style=\"background-color: #f4f4f4; border-radius: 50%; height: 12.5px; width: 12.5px; transform: translateX(0px) translateY(7px);\"><\/div>\n<div style=\"background-color: #f4f4f4; height: 12.5px; transform: rotate(-45deg) translateX(3px) translateY(1px); width: 12.5px; flex-grow: 0; margin-right: 14px; margin-left: 2px;\"><\/div>\n<div style=\"background-color: #f4f4f4; border-radius: 50%; height: 12.5px; width: 12.5px; transform: translateX(9px) translateY(-18px);\"><\/div>\n<\/div>\n<div style=\"margin-left: 8px;\">\n<div style=\"background-color: #f4f4f4; border-radius: 50%; flex-grow: 0; height: 20px; width: 20px;\"><\/div>\n<div style=\"width: 0; height: 0; border-top: 2px solid transparent; border-left: 6px solid #f4f4f4; border-bottom: 2px solid transparent; transform: translateX(16px) translateY(-4px) rotate(30deg);\"><\/div>\n<\/div>\n<div style=\"margin-left: auto;\">\n<div style=\"width: 0px; border-top: 8px solid #F4F4F4; border-right: 8px solid transparent; transform: translateY(16px);\"><\/div>\n<div style=\"background-color: #f4f4f4; flex-grow: 0; height: 12px; width: 16px; transform: translateY(-4px);\"><\/div>\n<div style=\"width: 0; height: 0; border-top: 8px solid #F4F4F4; border-left: 8px solid transparent; transform: translateY(-4px) translateX(8px);\"><\/div>\n<\/div>\n<\/div>\n<div style=\"display: flex; flex-direction: column; flex-grow: 1; justify-content: center; margin-bottom: 24px;\">\n<div style=\"background-color: #f4f4f4; border-radius: 4px; flex-grow: 0; height: 14px; margin-bottom: 6px; width: 224px;\"><\/div>\n<div style=\"background-color: #f4f4f4; border-radius: 4px; flex-grow: 0; height: 14px; width: 144px;\"><\/div>\n<\/div>\n<p>&nbsp;<\/p>\n<p style=\"color: #c9c8cd; font-family: Arial,sans-serif; font-size: 14px; line-height: 17px; margin-bottom: 0; margin-top: 8px; overflow: hidden; padding: 8px 0 7px; text-align: center; text-overflow: ellipsis; white-space: nowrap;\"><a style=\"color: #c9c8cd; font-family: Arial,sans-serif; font-size: 14px; font-style: normal; font-weight: normal; line-height: 17px; text-decoration: none;\" href=\"https:\/\/www.instagram.com\/p\/C6EZIIvLebW\/?utm_source=ig_embed&amp;utm_campaign=loading\" target=\"_blank\" rel=\"noopener\">Uma publica\u00e7\u00e3o compartilhada por Flup 24 (@fluprj)<\/a><\/p>\n<\/div>\n<\/blockquote>\n<p><script async src=\"\/\/www.instagram.com\/embed.js\"><\/script><\/p>\n<p>Tanto M\u00e1rcia Mar\u00e7al, quanto Fl\u00e1via Pinto, al\u00e9m de se dedicarem \u00e0s religi\u00f5es de matrizes africanas, s\u00e3o escritoras. Em 2021, a matriarca do Il\u00ea As\u00e9 D&#8217;Oluaiy\u00e8 Ny Oy\u00e1, M\u00e1rcia Mar\u00e7al, publicou a obra <a href=\"https:\/\/www.amazon.com.br\/Faria-tudo-outra-Marcia-Mar%C3%A7al\/dp\/6587426107\" target=\"_blank\" rel=\"noopener\"><i>Faria tudo outra vez<\/i><\/a>. Em 2021, Fl\u00e1via Pinto lan\u00e7ou <i><a href=\"https:\/\/editoraaruanda.com.br\/livro\/salve-o-matriarcado\/#:~:text=Neste%20livro%2C%20M%C3%A3e%20Flavia%20Pinto%20busca%20mostrar%20a,das%20mulheres%20negras.%20Pelo%20resgate%20do%20matriarcado%20roubado%21\" target=\"_blank\" rel=\"noopener\">Salve o matriarcado: manual da mulher b\u00fafala<\/a>\u00a0<\/i>e, em 2022, <i><a href=\"https:\/\/www.amazon.com.br\/Umbanda-Preta-ra%C3%ADzes-africanas-ind%C3%ADgenas\/dp\/6587708137\" target=\"_blank\" rel=\"noopener\">Umbanda Preta: ra\u00edzes africanas e ind\u00edgenas<\/a>. <\/i>M\u00e1rcia comentou sobre a import\u00e2ncia das crian\u00e7as de terreiro terem acesso a livros.<\/p>\n<blockquote><p>\u201cQuando criei o espa\u00e7o liter\u00e1rio no terreiro foi acontecendo. Com a vida que tive, sa\u00ed da escola desde muito cedo, mas sempre quis aprender. E os orix\u00e1s foram me dando filhos de santos cultos e fui aprendendo, quando vi que tinha um terreno que podia fazer uma biblioteca criei este espa\u00e7o, porque n\u00e3o queria que as crian\u00e7as de onde eu vim [da Carobinha, <a href=\"https:\/\/rioonwatch.org.br\/?tag=Campo-Grande\" target=\"_blank\" rel=\"noopener\">Campo Grande<\/a>, <a href=\"https:\/\/rioonwatch.org.br\/?tag=zona-oeste\" target=\"_blank\" rel=\"noopener\">Zona Oeste<\/a>] passassem pelo que eu passei.\u201d \u2014 M\u00e1rcia Mar\u00e7al<\/p><\/blockquote>\n<p><span style=\"font-weight: 400;\">Nos intervalos, entre uma mesa e outra aconteceu o <\/span><a href=\"https:\/\/www.instagram.com\/p\/C6XB2awph_c\/?img_index=1\" target=\"_blank\" rel=\"noopener\">Sarau Beatriz Nascimento<\/a> <span style=\"font-weight: 400;\">com a participa\u00e7\u00e3o de <\/span><a href=\"https:\/\/www.instagram.com\/dallfarra\/\"><span style=\"font-weight: 400;\">Carol Dall Farra<\/span><\/a><span style=\"font-weight: 400;\">, <\/span><a href=\"https:\/\/www.instagram.com\/josidepaulapoeta\/\"><span style=\"font-weight: 400;\">Josi de Paula<\/span><\/a><span style=\"font-weight: 400;\">, <\/span><a href=\"https:\/\/www.instagram.com\/winonaevelyn_\/?locale=es_ES\"><span style=\"font-weight: 400;\">Winona Evelyn<\/span><\/a><span style=\"font-weight: 400;\"> e <\/span><a href=\"https:\/\/www.instagram.com\/mcmartina_\/\"><span style=\"font-weight: 400;\">MC Martina<\/span><\/a><span style=\"font-weight: 400;\">. A cada rima, antes de come\u00e7ar a recitar suas poesias autorais e de Beatriz Nascimento, cantavam:<\/span><\/p>\n<blockquote><p><span style=\"font-weight: 400;\">\u201cOnde come\u00e7a o mundo. Come\u00e7a Beatriz. E t\u00f4 dentro do Sarau Beatriz Nascimento.\u201d<\/span><\/p><\/blockquote>\n<figure id=\"attachment_73478\" aria-describedby=\"caption-attachment-73478\" style=\"width: 2560px\" class=\"wp-caption alignnone\"><a href=\"https:\/\/rioonwatch.org.br\/wp-content\/uploads\/2024\/05\/Sarau-Beatriz-Nascimento-com-a-poetisa-Josi-de-Paula-a-esquerda-com-a-poetisa-Carol-Dall-Farra-no-meio-a-Winona-Evelyn-a-direita-e-a-poetisa-Mc-Martina-scaled.jpg\"><img loading=\"lazy\" decoding=\"async\" class=\"wp-image-73478 size-full\" title=\"\u201cSarau Beatriz Nascimento\u201d com as poetas: Josi de Paula( \u00e0 esquerda), com a Carol Dall Farra(no meio), a Winona Evelyn (\u00e0 direita) e Mc Martina. Foto: Divulga\u00e7\u00e3o\" src=\"https:\/\/rioonwatch.org.br\/wp-content\/uploads\/2024\/05\/Sarau-Beatriz-Nascimento-com-a-poetisa-Josi-de-Paula-a-esquerda-com-a-poetisa-Carol-Dall-Farra-no-meio-a-Winona-Evelyn-a-direita-e-a-poetisa-Mc-Martina-scaled.jpg\" alt=\"\u201cSarau Beatriz Nascimento\u201d com as poetas: Josi de Paula( \u00e0 esquerda), com a Carol Dall Farra(no meio), a Winona Evelyn (\u00e0 direita) e Mc Martina. Foto: Divulga\u00e7\u00e3o\" width=\"2560\" height=\"1707\" srcset=\"https:\/\/rioonwatch.org.br\/wp-content\/uploads\/2024\/05\/Sarau-Beatriz-Nascimento-com-a-poetisa-Josi-de-Paula-a-esquerda-com-a-poetisa-Carol-Dall-Farra-no-meio-a-Winona-Evelyn-a-direita-e-a-poetisa-Mc-Martina-scaled.jpg 2560w, https:\/\/rioonwatch.org.br\/wp-content\/uploads\/2024\/05\/Sarau-Beatriz-Nascimento-com-a-poetisa-Josi-de-Paula-a-esquerda-com-a-poetisa-Carol-Dall-Farra-no-meio-a-Winona-Evelyn-a-direita-e-a-poetisa-Mc-Martina-620x413.jpg 620w\" sizes=\"(max-width: 2560px) 100vw, 2560px\" \/><\/a><figcaption id=\"caption-attachment-73478\" class=\"wp-caption-text\">\u201cSarau Beatriz Nascimento\u201d com as poetas: Josi de Paula( \u00e0 esquerda), com a Carol Dall Farra(no meio), a Winona Evelyn (\u00e0 direita) e Mc Martina. Foto: Divulga\u00e7\u00e3o<\/figcaption><\/figure>\n<h3>Mesa: &#8220;A Noite N\u00e3o Adormece nos Olhos das Mulheres&#8221;<\/h3>\n<p>Nesse encontro, estiveram presentes a escritora <a href=\"https:\/\/www.instagram.com\/conceicaoevaristooficial\/\">Concei\u00e7\u00e3o Evaristo <\/a>e a fil\u00f3sofa <a href=\"https:\/\/www.instagram.com\/helenatheodoro_\/\">Helena Theodoro<\/a>, ambas tiveram uma rela\u00e7\u00e3o \u00edntima de amizade com a pensadora Beatriz Nascimento. Esta mesa recebeu este nome devido a uma hist\u00f3ria que aconteceu com Beatriz e Concei\u00e7\u00e3o Evaristo.<\/p>\n<blockquote><p>\u201cEla fez esse servi\u00e7o no <a href=\"https:\/\/guiaculturalcentrodorio.com.br\/centro-cultural-jose-bonifacio\/\" target=\"_blank\" rel=\"noopener\">Centro Cultural Jos\u00e9 Bonif\u00e1cio<\/a> pela prefeitura. No dia que saiu, o pr\u00f3-labore, eu peguei o da Beatriz e marquei com Beatriz no [bar] Amarelinho, em dado momento ele fechou. Fomos em dire\u00e7\u00e3o a Botafogo, pois ela [Beatriz] morava na <a href=\"https:\/\/pt.wikipedia.org\/wiki\/Urca\" target=\"_blank\" rel=\"noopener\">Urca<\/a>, [<a href=\"https:\/\/rioonwatch.org.br\/?tag=zona-sul\" target=\"_blank\" rel=\"noopener\">Zona Sul<\/a>] e n\u00f3s fomos gastando todo o pr\u00f3-labore. Quando chegamos em Botafogo, n\u00e3o t\u00ednhamos mais dinheiro para voltar. Sentamos na cal\u00e7ada do Canec\u00e3o [casa de espet\u00e1culo] e Beatriz disse: \u2018vamos esperar o dia clarear\u2019 e passamos a noite ali. Da\u00ed veio: \u2018A noite n\u00e3o adormece nos olhos das mulheres.\u2019\u201d \u2014 Concei\u00e7\u00e3o Evaristo<\/p><\/blockquote>\n<figure id=\"attachment_73480\" aria-describedby=\"caption-attachment-73480\" style=\"width: 2560px\" class=\"wp-caption aligncenter\"><a href=\"https:\/\/rioonwatch.org.br\/wp-content\/uploads\/2024\/05\/Mesa-A-noite-nao-adormece-nos-olhos-das-mulheres-com-mediacao-de-Bianca-Santana-a-esquerda-a-escritora-Conceicao-Evaristo-no-meio-e-a-filosofa-Helena-Theodoro-scaled.jpg\"><img loading=\"lazy\" decoding=\"async\" class=\"wp-image-73480 size-full\" title=\"Mesa \u201cA noite n\u00e3o adormece nos olhos das mulheres\u201d com media\u00e7\u00e3o de Bianca Santana (\u00e0 esquerda) a escritora Concei\u00e7\u00e3o Evaristo (no meio) e a fil\u00f3sofa Helena Theodoro. Foto: Divulga\u00e7\u00e3o\" src=\"https:\/\/rioonwatch.org.br\/wp-content\/uploads\/2024\/05\/Mesa-A-noite-nao-adormece-nos-olhos-das-mulheres-com-mediacao-de-Bianca-Santana-a-esquerda-a-escritora-Conceicao-Evaristo-no-meio-e-a-filosofa-Helena-Theodoro-scaled.jpg\" alt=\"Mesa \u201cA noite n\u00e3o adormece nos olhos das mulheres\u201d com media\u00e7\u00e3o de Bianca Santana (\u00e0 esquerda) a escritora Concei\u00e7\u00e3o Evaristo (no meio) e a fil\u00f3sofa Helena Theodoro. Foto: Divulga\u00e7\u00e3o\" width=\"2560\" height=\"1707\" srcset=\"https:\/\/rioonwatch.org.br\/wp-content\/uploads\/2024\/05\/Mesa-A-noite-nao-adormece-nos-olhos-das-mulheres-com-mediacao-de-Bianca-Santana-a-esquerda-a-escritora-Conceicao-Evaristo-no-meio-e-a-filosofa-Helena-Theodoro-scaled.jpg 2560w, https:\/\/rioonwatch.org.br\/wp-content\/uploads\/2024\/05\/Mesa-A-noite-nao-adormece-nos-olhos-das-mulheres-com-mediacao-de-Bianca-Santana-a-esquerda-a-escritora-Conceicao-Evaristo-no-meio-e-a-filosofa-Helena-Theodoro-620x413.jpg 620w\" sizes=\"(max-width: 2560px) 100vw, 2560px\" \/><\/a><figcaption id=\"caption-attachment-73480\" class=\"wp-caption-text\">Mesa \u201cA noite n\u00e3o adormece nos olhos das mulheres\u201d com media\u00e7\u00e3o de Bianca Santana (\u00e0 esquerda) a escritora Concei\u00e7\u00e3o Evaristo (no meio) e a fil\u00f3sofa Helena Theodoro. Foto: Divulga\u00e7\u00e3o<\/figcaption><\/figure>\n<p>Com media\u00e7\u00e3o da escritora <a href=\"https:\/\/www.instagram.com\/biancasantanadelua\/\">Bianca Santana<\/a>, a mesa p\u00f4de abordar mem\u00f3rias afetivas sobre Beatriz Nascimento e seu pensamento sobre quilombo.<\/p>\n<blockquote><p>\u201cO que a comunidade preta traz est\u00e1 muito presente na obra de Beatriz. Antes dos estudos de Beatriz, o quilombo era tido como um lugar folcl\u00f3rico e era caracterizado como um lugar de escravizados foragidos e que tinham de quatro a dez pessoas. E Beatriz colocou tudo isso abaixo! Ela retrata o quilombo como outra pol\u00edtica de Estado, diferente da portuguesa e da espanhola.\u201d \u2014 Helena Theodoro<\/p><\/blockquote>\n<div class=\"mceTemp\">\n<blockquote class=\"instagram-media\" style=\"background: #FFF; border: 0; border-radius: 3px; box-shadow: 0 0 1px 0 rgba(0,0,0,0.5),0 1px 10px 0 rgba(0,0,0,0.15); margin: 1px; max-width: 540px; min-width: 326px; padding: 0; width: calc(100% - 2px);\" data-instgrm-captioned=\"\" data-instgrm-permalink=\"https:\/\/www.instagram.com\/reel\/C5g8mMjJOjo\/?utm_source=ig_embed&amp;utm_campaign=loading\" data-instgrm-version=\"14\">\n<div style=\"padding: 16px;\">\n<p>&nbsp;<\/p>\n<div style=\"display: flex; flex-direction: row; align-items: center;\">\n<div style=\"background-color: #f4f4f4; border-radius: 50%; flex-grow: 0; height: 40px; margin-right: 14px; width: 40px;\"><\/div>\n<div style=\"display: flex; flex-direction: column; flex-grow: 1; justify-content: center;\">\n<div style=\"background-color: #f4f4f4; border-radius: 4px; flex-grow: 0; height: 14px; margin-bottom: 6px; width: 100px;\"><\/div>\n<div style=\"background-color: #f4f4f4; border-radius: 4px; flex-grow: 0; height: 14px; width: 60px;\"><\/div>\n<\/div>\n<\/div>\n<div style=\"padding: 19% 0;\"><\/div>\n<div style=\"display: block; height: 50px; margin: 0 auto 12px; width: 50px;\"><\/div>\n<div style=\"padding-top: 8px;\">\n<div style=\"color: #3897f0; font-family: Arial,sans-serif; font-size: 14px; font-style: normal; font-weight: 550; line-height: 18px;\">Ver essa foto no Instagram<\/div>\n<\/div>\n<div style=\"padding: 12.5% 0;\"><\/div>\n<div style=\"display: flex; flex-direction: row; margin-bottom: 14px; align-items: center;\">\n<div>\n<div style=\"background-color: #f4f4f4; border-radius: 50%; height: 12.5px; width: 12.5px; transform: translateX(0px) translateY(7px);\"><\/div>\n<div style=\"background-color: #f4f4f4; height: 12.5px; transform: rotate(-45deg) translateX(3px) translateY(1px); width: 12.5px; flex-grow: 0; margin-right: 14px; margin-left: 2px;\"><\/div>\n<div style=\"background-color: #f4f4f4; border-radius: 50%; height: 12.5px; width: 12.5px; transform: translateX(9px) translateY(-18px);\"><\/div>\n<\/div>\n<div style=\"margin-left: 8px;\">\n<div style=\"background-color: #f4f4f4; border-radius: 50%; flex-grow: 0; height: 20px; width: 20px;\"><\/div>\n<div style=\"width: 0; height: 0; border-top: 2px solid transparent; border-left: 6px solid #f4f4f4; border-bottom: 2px solid transparent; transform: translateX(16px) translateY(-4px) rotate(30deg);\"><\/div>\n<\/div>\n<div style=\"margin-left: auto;\">\n<div style=\"width: 0px; border-top: 8px solid #F4F4F4; border-right: 8px solid transparent; transform: translateY(16px);\"><\/div>\n<div style=\"background-color: #f4f4f4; flex-grow: 0; height: 12px; width: 16px; transform: translateY(-4px);\"><\/div>\n<div style=\"width: 0; height: 0; border-top: 8px solid #F4F4F4; border-left: 8px solid transparent; transform: translateY(-4px) translateX(8px);\"><\/div>\n<\/div>\n<\/div>\n<div style=\"display: flex; flex-direction: column; flex-grow: 1; justify-content: center; margin-bottom: 24px;\">\n<div style=\"background-color: #f4f4f4; border-radius: 4px; flex-grow: 0; height: 14px; margin-bottom: 6px; width: 224px;\"><\/div>\n<div style=\"background-color: #f4f4f4; border-radius: 4px; flex-grow: 0; height: 14px; width: 144px;\"><\/div>\n<\/div>\n<p>&nbsp;<\/p>\n<p style=\"color: #c9c8cd; font-family: Arial,sans-serif; font-size: 14px; line-height: 17px; margin-bottom: 0; margin-top: 8px; overflow: hidden; padding: 8px 0 7px; text-align: center; text-overflow: ellipsis; white-space: nowrap;\"><a style=\"color: #c9c8cd; font-family: Arial,sans-serif; font-size: 14px; font-style: normal; font-weight: normal; line-height: 17px; text-decoration: none;\" href=\"https:\/\/www.instagram.com\/reel\/C5g8mMjJOjo\/?utm_source=ig_embed&amp;utm_campaign=loading\" target=\"_blank\" rel=\"noopener\">Uma publica\u00e7\u00e3o compartilhada por Flup 24 (@fluprj)<\/a><\/p>\n<\/div>\n<\/blockquote>\n<p><script async src=\"\/\/www.instagram.com\/embed.js\"><\/script><\/p>\n<\/div>\n<h3>O Aquilombamento Continua<\/h3>\n<p>O evento tamb\u00e9m marca a abertura das inscri\u00e7\u00f5es, abertas at\u00e9 dia 25 de maio, para a forma\u00e7\u00e3o de escritoras e escritores &#8220;<a href=\"https:\/\/www.instagram.com\/p\/C64Y_6Yp573\/?img_index=1\">Yab\u00e1s, M\u00e3es Rainhas<\/a>&#8220;, que vai resultar no 32\u00ba livro lan\u00e7ado pela Flup. <a href=\"https:\/\/docs.google.com\/forms\/d\/e\/1FAIpQLScyWUjSWY4emQaJAfXDsAL6o8mHzhrNe2iDnkn5wnsOiCniEw\/viewform\">Ser\u00e3o sete encontros,<\/a> em sete s\u00e1bados consecutivos, ainda sem previs\u00e3o de data, em terreiros que cultuam cada uma das yab\u00e1s: <a href=\"https:\/\/pt.wikipedia.org\/wiki\/Iemanj%C3%A1\" target=\"_blank\" rel=\"noopener\">Iemanj\u00e1<\/a>, <a href=\"https:\/\/pt.wikipedia.org\/wiki\/Oxum\" target=\"_blank\" rel=\"noopener\">Oxum<\/a>, <a href=\"https:\/\/pt.wikipedia.org\/wiki\/Ob%C3%A1_(orix%C3%A1)\" target=\"_blank\" rel=\"noopener\">Ob\u00e1<\/a>, <a href=\"https:\/\/pt.wikipedia.org\/wiki\/Oi%C3%A1\" target=\"_blank\" rel=\"noopener\">Ians\u00e3<\/a>, <a href=\"https:\/\/pt.wikipedia.org\/wiki\/Nan%C3%A3\" target=\"_blank\" rel=\"noopener\">Nan\u00e3<\/a> e <a href=\"https:\/\/ocandomble.com\/os-orixas\/ewa\/\" target=\"_blank\" rel=\"noopener\">Ew\u00e1<\/a>, incluindo a entidade feminina <a href=\"https:\/\/pt.wikipedia.org\/wiki\/Pombajira\" target=\"_blank\" rel=\"noopener\">Pomba gira<\/a>. Os 50 participantes selecionados v\u00e3o escrever contos a partir dos <a href=\"https:\/\/ocandomble.com\/2011\/11\/28\/o-principio-e-o-fim\/\" target=\"_blank\" rel=\"noopener\">itans<\/a>, relatos m\u00edticos que envolvem essas importantes protagonistas da cosmologia afro-brasileira.<\/p>\n<blockquote><p>\u201cA resist\u00eancia de nossa cultura est\u00e1 nos terreiros, m\u00e3es que alimentam, contam hist\u00f3rias e cuidam de seus filhos. <i>Or\u00ed-enta\u00e7\u00e3o<\/i>. Este processo formativo traz a beleza dos encontros, da fabula\u00e7\u00e3o e oralidades. Acredito que cada visita nos trar\u00e1 ensinamentos \u00fanicos, n\u00e3o apenas para as nossas escritas, mas para a nossa vida.\u201d \u2014 Natara Ney<\/p><\/blockquote>\n<p>Em junho, a Flup inicia um outro processo formativo: o Slam de Quilombo, ecoando a obra de Beatriz Nascimento e homenageando o intelectual quilombola <a href=\"https:\/\/outraspalavras.net\/outrasmidias\/nego-bispo-um-guerreiro-dos-saberes-ancestrais\/\" target=\"_blank\" rel=\"noopener\">N\u00eago Bispo<\/a>, que morreu em 2023. Participar\u00e3o dez quilombos de dez diferentes estados brasileiros, que recebem <i>slammers<\/i>, poetas perform\u00e1ticos que participam de batalhas de poesia falada, tamb\u00e9m conhecidas como <i>slam<\/i>, experientes para dar oficinas de poesia e performance nos quilombos. Cada quilombo promove uma batalha de slam local. Os vencedores de cada estado viajam para o Rio de Janeiro, para a grande final, em novembro.<\/p>\n<p>Al\u00e9m disso, em agosto, ser\u00e1 lan\u00e7ada a oitava edi\u00e7\u00e3o do <a href=\"https:\/\/prosas.com.br\/editais\/13613-lanani-2023\" target=\"_blank\" rel=\"noopener\">Laborat\u00f3rio de Narrativas Negras e Ind\u00edgenas para Audiovisual \u2014 Lanani<\/a>. A parceria com a Globo j\u00e1 formou mais de 200 roteiristas nos \u00faltimos sete anos. Ser\u00e3o tr\u00eas meses de forma\u00e7\u00e3o com dois encontros semanais, um para aulas sobre formatos narrativos e estruturas de roteiro audiovisual e o segundo para mentorias de discuss\u00e3o dos projetos individuais dos participantes. O objetivo \u00e9 a produ\u00e7\u00e3o de um argumento para audiovisual, seja filme, s\u00e9rie ou mesmo novela.<\/p>\n<p>Assim sendo,\u00a0<a href=\"https:\/\/rioonwatch.org.br\/?p=59922\" target=\"_blank\" rel=\"noopener\"><em>aquilombar<\/em> \u00e9 preciso<\/a>, conforme proposto por Beatriz Nascimento, para que haja a manuten\u00e7\u00e3o da mem\u00f3ria e da ancestralidade negra e ind\u00edgena. Neste sentido, a Flup, por meio de oficinas e eventos, se torna um potente canal para a circula\u00e7\u00e3o desses saberes e conhecimentos na sociedade brasileira. Segundo a organiza\u00e7\u00e3o, o evento inaugural da Flup teve uma m\u00e9dia rotativa de 1.200 pessoas.<\/p>\n<blockquote class=\"instagram-media\" style=\"background: #FFF; border: 0; border-radius: 3px; box-shadow: 0 0 1px 0 rgba(0,0,0,0.5),0 1px 10px 0 rgba(0,0,0,0.15); margin: 1px; max-width: 540px; min-width: 326px; padding: 0; width: calc(100% - 2px);\" data-instgrm-captioned=\"\" data-instgrm-permalink=\"https:\/\/www.instagram.com\/reel\/C6zsjsiJYIz\/?utm_source=ig_embed&amp;utm_campaign=loading\" data-instgrm-version=\"14\">\n<div style=\"padding: 16px;\">\n<p>&nbsp;<\/p>\n<div style=\"display: flex; flex-direction: row; align-items: center;\">\n<div style=\"background-color: #f4f4f4; border-radius: 50%; flex-grow: 0; height: 40px; margin-right: 14px; width: 40px;\"><\/div>\n<div style=\"display: flex; flex-direction: column; flex-grow: 1; justify-content: center;\">\n<div style=\"background-color: #f4f4f4; border-radius: 4px; flex-grow: 0; height: 14px; margin-bottom: 6px; width: 100px;\"><\/div>\n<div style=\"background-color: #f4f4f4; border-radius: 4px; flex-grow: 0; height: 14px; width: 60px;\"><\/div>\n<\/div>\n<\/div>\n<div style=\"padding: 19% 0;\"><\/div>\n<div style=\"display: block; height: 50px; margin: 0 auto 12px; width: 50px;\"><\/div>\n<div style=\"padding-top: 8px;\">\n<div style=\"color: #3897f0; font-family: Arial,sans-serif; font-size: 14px; font-style: normal; font-weight: 550; line-height: 18px;\">Ver essa foto no Instagram<\/div>\n<\/div>\n<div style=\"padding: 12.5% 0;\"><\/div>\n<div style=\"display: flex; flex-direction: row; margin-bottom: 14px; align-items: center;\">\n<div>\n<div style=\"background-color: #f4f4f4; border-radius: 50%; height: 12.5px; width: 12.5px; transform: translateX(0px) translateY(7px);\"><\/div>\n<div style=\"background-color: #f4f4f4; height: 12.5px; transform: rotate(-45deg) translateX(3px) translateY(1px); width: 12.5px; flex-grow: 0; margin-right: 14px; margin-left: 2px;\"><\/div>\n<div style=\"background-color: #f4f4f4; border-radius: 50%; height: 12.5px; width: 12.5px; transform: translateX(9px) translateY(-18px);\"><\/div>\n<\/div>\n<div style=\"margin-left: 8px;\">\n<div style=\"background-color: #f4f4f4; border-radius: 50%; flex-grow: 0; height: 20px; width: 20px;\"><\/div>\n<div style=\"width: 0; height: 0; border-top: 2px solid transparent; border-left: 6px solid #f4f4f4; border-bottom: 2px solid transparent; transform: translateX(16px) translateY(-4px) rotate(30deg);\"><\/div>\n<\/div>\n<div style=\"margin-left: auto;\">\n<div style=\"width: 0px; border-top: 8px solid #F4F4F4; border-right: 8px solid transparent; transform: translateY(16px);\"><\/div>\n<div style=\"background-color: #f4f4f4; flex-grow: 0; height: 12px; width: 16px; transform: translateY(-4px);\"><\/div>\n<div style=\"width: 0; height: 0; border-top: 8px solid #F4F4F4; border-left: 8px solid transparent; transform: translateY(-4px) translateX(8px);\"><\/div>\n<\/div>\n<\/div>\n<div style=\"display: flex; flex-direction: column; flex-grow: 1; justify-content: center; margin-bottom: 24px;\">\n<div style=\"background-color: #f4f4f4; border-radius: 4px; flex-grow: 0; height: 14px; margin-bottom: 6px; width: 224px;\"><\/div>\n<div style=\"background-color: #f4f4f4; border-radius: 4px; flex-grow: 0; height: 14px; width: 144px;\"><\/div>\n<\/div>\n<p>&nbsp;<\/p>\n<p style=\"color: #c9c8cd; font-family: Arial,sans-serif; font-size: 14px; line-height: 17px; margin-bottom: 0; margin-top: 8px; overflow: hidden; padding: 8px 0 7px; text-align: center; text-overflow: ellipsis; white-space: nowrap;\"><a style=\"color: #c9c8cd; font-family: Arial,sans-serif; font-size: 14px; font-style: normal; font-weight: normal; line-height: 17px; text-decoration: none;\" href=\"https:\/\/www.instagram.com\/reel\/C6zsjsiJYIz\/?utm_source=ig_embed&amp;utm_campaign=loading\" target=\"_blank\" rel=\"noopener\">Uma publica\u00e7\u00e3o compartilhada por Flup 24 (@fluprj)<\/a><\/p>\n<\/div>\n<\/blockquote>\n<p><script async src=\"\/\/www.instagram.com\/embed.js\"><\/script><\/p>\n<p><i>Sobre a autora: Carol Marinho \u00e9 cria do\u00a0<a href=\"https:\/\/bit.ly\/3jE6K3o\" target=\"_blank\" rel=\"noopener\">Complexo do Alem\u00e3o<\/a>, mestra em Rela\u00e7\u00f5es \u00c9tnico-Raciais, educadora e jornalista.<\/i><\/p>\n<hr \/>\n<h4><b data-stringify-type=\"bold\">Apoie nossos esfor\u00e7os para fornecer apoio estrat\u00e9gico \u00e0s favelas do Rio, incluindo o jornalismo hiperlocal, cr\u00edtico, inovador e incans\u00e1vel do\u00a0<\/b><b data-stringify-type=\"bold\"><i data-stringify-type=\"italic\">RioOnWatch<\/i><\/b>\u2014<a class=\"c-link\" href=\"http:\/\/www.bit.ly\/ApoieROW\" target=\"_blank\" rel=\"noopener noreferrer\" data-stringify-link=\"http:\/\/www.bit.ly\/ApoieROW\" data-sk=\"tooltip_parent\">doe aqui<\/a>.<\/h4>\n<!-- AddThis Advanced Settings generic via filter on the_content --><!-- AddThis Share Buttons generic via filter on the_content -->","protected":false},"excerpt":{"rendered":"<div class=\"mh-excerpt\"><p>Click Here for English A Festa Liter\u00e1ria das Periferias (Flup) deu o pontap\u00e9 inicial em sua 14\u00aa edi\u00e7\u00e3o no s\u00e1bado, dia 11 de maio, em um evento realizado no Circo Crescer e Viver, na regi\u00e3o <a class=\"mh-excerpt-more\" href=\"https:\/\/rioonwatch.org.br\/?p=73390\" title=\"&#8216;Roda a Saia, Gira a Vida com Beatriz Nascimento&#8217;: 14\u00aa Festa Liter\u00e1ria das Periferias Promove Contranarrativas\">[&#8230;]<\/a><!-- AddThis Advanced Settings generic via filter on get_the_excerpt --><!-- AddThis Share Buttons generic via filter on get_the_excerpt --><\/p>\n<\/div>","protected":false},"author":179,"featured_media":73531,"comment_status":"closed","ping_status":"closed","sticky":false,"template":"template-full.php","format":"standard","meta":{"_acf_changed":false,"_monsterinsights_skip_tracking":false,"_monsterinsights_sitenote_active":false,"_monsterinsights_sitenote_note":"","_monsterinsights_sitenote_category":0,"footnotes":""},"categories":[1621,1627,1629,1625,342],"tags":[329,3391,3253,436,1541,259,956,421,316,503,587,1574,109,1208,511,469,1403,102,2007,567,3114,2671,184],"writer":[3366],"translator":[],"source":[],"ilustrador":[],"fotografo":[],"class_list":{"0":"post-73390","1":"post","2":"type-post","3":"status-publish","4":"format-standard","5":"has-post-thumbnail","7":"category-destaque","8":"category-relato-de-evento","9":"category-entrevistas-e-perfis","10":"category-por-correspondentes-comunitarios","11":"category-solucoes","12":"tag-africa","13":"tag-afrofuturismo","14":"tag-antirracismo","15":"tag-campo-grande","16":"tag-candomble","17":"tag-centro","18":"tag-cidade-nova","19":"tag-cultura-da-favela","20":"tag-educacao","21":"tag-flupp","22":"tag-gamboa","23":"tag-indigenas","24":"tag-intolerancia-religiosa","25":"tag-linguagem","26":"tag-literatura","27":"tag-memoria","28":"tag-movimento-negro","29":"tag-poesia","30":"tag-praca-onze","31":"tag-quilombo","32":"tag-racismo-estrutural","33":"tag-slam","34":"tag-zona-oeste","35":"writer-carol-marinho"},"acf":[],"yoast_head":"<!-- This site is optimized with the Yoast SEO plugin v25.6 - https:\/\/yoast.com\/wordpress\/plugins\/seo\/ -->\n<title>&#039;Roda a Saia, Gira a Vida com Beatriz Nascimento&#039;: 14\u00aa Festa Liter\u00e1ria das Periferias Promove Contranarrativas - RioOnWatch<\/title>\n<meta name=\"robots\" content=\"index, follow, max-snippet:-1, max-image-preview:large, max-video-preview:-1\" \/>\n<link rel=\"canonical\" href=\"https:\/\/rioonwatch.org.br\/?p=73390\" \/>\n<meta property=\"og:locale\" content=\"pt_BR\" \/>\n<meta property=\"og:type\" content=\"article\" \/>\n<meta property=\"og:title\" content=\"&#039;Roda a Saia, Gira a Vida com Beatriz Nascimento&#039;: 14\u00aa Festa Liter\u00e1ria das Periferias Promove Contranarrativas - RioOnWatch\" \/>\n<meta property=\"og:description\" content=\"Click Here for English A Festa Liter\u00e1ria das Periferias (Flup) deu o pontap\u00e9 inicial em sua 14\u00aa edi\u00e7\u00e3o no s\u00e1bado, dia 11 de maio, em um evento realizado no Circo Crescer e Viver, na regi\u00e3o [...]\" \/>\n<meta property=\"og:url\" content=\"https:\/\/rioonwatch.org.br\/?p=73390\" \/>\n<meta property=\"og:site_name\" content=\"RioOnWatch\" \/>\n<meta property=\"article:published_time\" content=\"2024-05-24T15:23:46+00:00\" \/>\n<meta property=\"article:modified_time\" content=\"2024-06-20T16:41:05+00:00\" \/>\n<meta property=\"og:image\" content=\"https:\/\/rioonwatch.org.br\/wp-content\/uploads\/2024\/05\/A-pensadora-Beatriz-Nascimento-historiadora-e-pioneira-do-movimento-negro-brasileiro.-Foto-Arquivo-Nacional.webp\" \/>\n\t<meta property=\"og:image:width\" content=\"1170\" \/>\n\t<meta property=\"og:image:height\" content=\"700\" \/>\n\t<meta property=\"og:image:type\" content=\"image\/webp\" \/>\n<meta name=\"author\" content=\"Janaina Tavares\" \/>\n<meta name=\"twitter:card\" content=\"summary_large_image\" \/>\n<meta name=\"twitter:label1\" content=\"Escrito por\" \/>\n\t<meta name=\"twitter:data1\" content=\"Janaina Tavares\" \/>\n\t<meta name=\"twitter:label2\" content=\"Est. tempo de leitura\" \/>\n\t<meta name=\"twitter:data2\" content=\"9 minutos\" \/>\n<script type=\"application\/ld+json\" class=\"yoast-schema-graph\">{\"@context\":\"https:\/\/schema.org\",\"@graph\":[{\"@type\":\"Article\",\"@id\":\"https:\/\/rioonwatch.org.br\/?p=73390#article\",\"isPartOf\":{\"@id\":\"https:\/\/rioonwatch.org.br\/?p=73390\"},\"author\":{\"name\":\"Janaina Tavares\",\"@id\":\"https:\/\/rioonwatch.org.br\/#\/schema\/person\/feb227e5e7679aacc3d672e375cae1bd\"},\"headline\":\"&#8216;Roda a Saia, Gira a Vida com Beatriz Nascimento&#8217;: 14\u00aa Festa Liter\u00e1ria das Periferias Promove Contranarrativas\",\"datePublished\":\"2024-05-24T15:23:46+00:00\",\"dateModified\":\"2024-06-20T16:41:05+00:00\",\"mainEntityOfPage\":{\"@id\":\"https:\/\/rioonwatch.org.br\/?p=73390\"},\"wordCount\":2180,\"publisher\":{\"@id\":\"https:\/\/rioonwatch.org.br\/#organization\"},\"image\":{\"@id\":\"https:\/\/rioonwatch.org.br\/?p=73390#primaryimage\"},\"thumbnailUrl\":\"https:\/\/rioonwatch.org.br\/wp-content\/uploads\/2024\/05\/A-pensadora-Beatriz-Nascimento-historiadora-e-pioneira-do-movimento-negro-brasileiro.-Foto-Arquivo-Nacional.webp\",\"keywords\":[\"\u00c1frica\",\"afrofuturismo\",\"Antirracismo\",\"Campo Grande\",\"Candombl\u00e9\",\"Centro\",\"Cidade Nova\",\"cultura da favela\",\"educa\u00e7\u00e3o\",\"FLUP\",\"Gamboa\",\"ind\u00edgenas\",\"intoler\u00e2ncia religiosa\",\"linguagem\",\"literatura\",\"Mem\u00f3rias Faveladas\",\"Movimento negro\",\"poesia\",\"Pra\u00e7a Onze\",\"Quilombo\",\"Racismo estrutural\",\"slam\",\"Zona Oeste\"],\"articleSection\":[\"*Destaque\",\"Cobertura de Eventos\",\"Entrevistas e Perfis\",\"Escrito por Comunicadores Populares\",\"Solu\u00e7\u00f5es\"],\"inLanguage\":\"pt-BR\"},{\"@type\":\"WebPage\",\"@id\":\"https:\/\/rioonwatch.org.br\/?p=73390\",\"url\":\"https:\/\/rioonwatch.org.br\/?p=73390\",\"name\":\"'Roda a Saia, Gira a Vida com Beatriz Nascimento': 14\u00aa Festa Liter\u00e1ria das Periferias Promove Contranarrativas - RioOnWatch\",\"isPartOf\":{\"@id\":\"https:\/\/rioonwatch.org.br\/#website\"},\"primaryImageOfPage\":{\"@id\":\"https:\/\/rioonwatch.org.br\/?p=73390#primaryimage\"},\"image\":{\"@id\":\"https:\/\/rioonwatch.org.br\/?p=73390#primaryimage\"},\"thumbnailUrl\":\"https:\/\/rioonwatch.org.br\/wp-content\/uploads\/2024\/05\/A-pensadora-Beatriz-Nascimento-historiadora-e-pioneira-do-movimento-negro-brasileiro.-Foto-Arquivo-Nacional.webp\",\"datePublished\":\"2024-05-24T15:23:46+00:00\",\"dateModified\":\"2024-06-20T16:41:05+00:00\",\"breadcrumb\":{\"@id\":\"https:\/\/rioonwatch.org.br\/?p=73390#breadcrumb\"},\"inLanguage\":\"pt-BR\",\"potentialAction\":[{\"@type\":\"ReadAction\",\"target\":[\"https:\/\/rioonwatch.org.br\/?p=73390\"]}]},{\"@type\":\"ImageObject\",\"inLanguage\":\"pt-BR\",\"@id\":\"https:\/\/rioonwatch.org.br\/?p=73390#primaryimage\",\"url\":\"https:\/\/rioonwatch.org.br\/wp-content\/uploads\/2024\/05\/A-pensadora-Beatriz-Nascimento-historiadora-e-pioneira-do-movimento-negro-brasileiro.-Foto-Arquivo-Nacional.webp\",\"contentUrl\":\"https:\/\/rioonwatch.org.br\/wp-content\/uploads\/2024\/05\/A-pensadora-Beatriz-Nascimento-historiadora-e-pioneira-do-movimento-negro-brasileiro.-Foto-Arquivo-Nacional.webp\",\"width\":1170,\"height\":700,\"caption\":\"A pensadora Beatriz Nascimento, historiadora e pioneira do movimento negro brasileiro. Foto: Arquivo Nacional\"},{\"@type\":\"BreadcrumbList\",\"@id\":\"https:\/\/rioonwatch.org.br\/?p=73390#breadcrumb\",\"itemListElement\":[{\"@type\":\"ListItem\",\"position\":1,\"name\":\"In\u00edcio\",\"item\":\"https:\/\/rioonwatch.org.br\/\"},{\"@type\":\"ListItem\",\"position\":2,\"name\":\"&#8216;Roda a Saia, Gira a Vida com Beatriz Nascimento&#8217;: 14\u00aa Festa Liter\u00e1ria das Periferias Promove Contranarrativas\"}]},{\"@type\":\"WebSite\",\"@id\":\"https:\/\/rioonwatch.org.br\/#website\",\"url\":\"https:\/\/rioonwatch.org.br\/\",\"name\":\"RioOnWatch\",\"description\":\"relatos das favelas cariocas\",\"publisher\":{\"@id\":\"https:\/\/rioonwatch.org.br\/#organization\"},\"potentialAction\":[{\"@type\":\"SearchAction\",\"target\":{\"@type\":\"EntryPoint\",\"urlTemplate\":\"https:\/\/rioonwatch.org.br\/?s={search_term_string}\"},\"query-input\":{\"@type\":\"PropertyValueSpecification\",\"valueRequired\":true,\"valueName\":\"search_term_string\"}}],\"inLanguage\":\"pt-BR\"},{\"@type\":\"Organization\",\"@id\":\"https:\/\/rioonwatch.org.br\/#organization\",\"name\":\"RioOnWatch\",\"url\":\"https:\/\/rioonwatch.org.br\/\",\"logo\":{\"@type\":\"ImageObject\",\"inLanguage\":\"pt-BR\",\"@id\":\"https:\/\/rioonwatch.org.br\/#\/schema\/logo\/image\/\",\"url\":\"https:\/\/rioonwatch.org.br\/wp-content\/uploads\/2021\/06\/RioOnWatchcabecalhoPT11anos-2.png\",\"contentUrl\":\"https:\/\/rioonwatch.org.br\/wp-content\/uploads\/2021\/06\/RioOnWatchcabecalhoPT11anos-2.png\",\"width\":779,\"height\":277,\"caption\":\"RioOnWatch\"},\"image\":{\"@id\":\"https:\/\/rioonwatch.org.br\/#\/schema\/logo\/image\/\"}},{\"@type\":\"Person\",\"@id\":\"https:\/\/rioonwatch.org.br\/#\/schema\/person\/feb227e5e7679aacc3d672e375cae1bd\",\"name\":\"Janaina Tavares\",\"image\":{\"@type\":\"ImageObject\",\"inLanguage\":\"pt-BR\",\"@id\":\"https:\/\/rioonwatch.org.br\/#\/schema\/person\/image\/\",\"url\":\"https:\/\/secure.gravatar.com\/avatar\/83bb5bb4f8b0c5ad63f35939640eaaa2?s=96&d=blank&r=g\",\"contentUrl\":\"https:\/\/secure.gravatar.com\/avatar\/83bb5bb4f8b0c5ad63f35939640eaaa2?s=96&d=blank&r=g\",\"caption\":\"Janaina Tavares\"},\"url\":\"https:\/\/rioonwatch.org.br\/?author=179\"}]}<\/script>\n<!-- \/ Yoast SEO plugin. -->","yoast_head_json":{"title":"'Roda a Saia, Gira a Vida com Beatriz Nascimento': 14\u00aa Festa Liter\u00e1ria das Periferias Promove Contranarrativas - RioOnWatch","robots":{"index":"index","follow":"follow","max-snippet":"max-snippet:-1","max-image-preview":"max-image-preview:large","max-video-preview":"max-video-preview:-1"},"canonical":"https:\/\/rioonwatch.org.br\/?p=73390","og_locale":"pt_BR","og_type":"article","og_title":"'Roda a Saia, Gira a Vida com Beatriz Nascimento': 14\u00aa Festa Liter\u00e1ria das Periferias Promove Contranarrativas - RioOnWatch","og_description":"Click Here for English A Festa Liter\u00e1ria das Periferias (Flup) deu o pontap\u00e9 inicial em sua 14\u00aa edi\u00e7\u00e3o no s\u00e1bado, dia 11 de maio, em um evento realizado no Circo Crescer e Viver, na regi\u00e3o [...]","og_url":"https:\/\/rioonwatch.org.br\/?p=73390","og_site_name":"RioOnWatch","article_published_time":"2024-05-24T15:23:46+00:00","article_modified_time":"2024-06-20T16:41:05+00:00","og_image":[{"width":1170,"height":700,"url":"https:\/\/rioonwatch.org.br\/wp-content\/uploads\/2024\/05\/A-pensadora-Beatriz-Nascimento-historiadora-e-pioneira-do-movimento-negro-brasileiro.-Foto-Arquivo-Nacional.webp","type":"image\/webp"}],"author":"Janaina Tavares","twitter_card":"summary_large_image","twitter_misc":{"Escrito por":"Janaina Tavares","Est. tempo de leitura":"9 minutos"},"schema":{"@context":"https:\/\/schema.org","@graph":[{"@type":"Article","@id":"https:\/\/rioonwatch.org.br\/?p=73390#article","isPartOf":{"@id":"https:\/\/rioonwatch.org.br\/?p=73390"},"author":{"name":"Janaina Tavares","@id":"https:\/\/rioonwatch.org.br\/#\/schema\/person\/feb227e5e7679aacc3d672e375cae1bd"},"headline":"&#8216;Roda a Saia, Gira a Vida com Beatriz Nascimento&#8217;: 14\u00aa Festa Liter\u00e1ria das Periferias Promove Contranarrativas","datePublished":"2024-05-24T15:23:46+00:00","dateModified":"2024-06-20T16:41:05+00:00","mainEntityOfPage":{"@id":"https:\/\/rioonwatch.org.br\/?p=73390"},"wordCount":2180,"publisher":{"@id":"https:\/\/rioonwatch.org.br\/#organization"},"image":{"@id":"https:\/\/rioonwatch.org.br\/?p=73390#primaryimage"},"thumbnailUrl":"https:\/\/rioonwatch.org.br\/wp-content\/uploads\/2024\/05\/A-pensadora-Beatriz-Nascimento-historiadora-e-pioneira-do-movimento-negro-brasileiro.-Foto-Arquivo-Nacional.webp","keywords":["\u00c1frica","afrofuturismo","Antirracismo","Campo Grande","Candombl\u00e9","Centro","Cidade Nova","cultura da favela","educa\u00e7\u00e3o","FLUP","Gamboa","ind\u00edgenas","intoler\u00e2ncia religiosa","linguagem","literatura","Mem\u00f3rias Faveladas","Movimento negro","poesia","Pra\u00e7a Onze","Quilombo","Racismo estrutural","slam","Zona Oeste"],"articleSection":["*Destaque","Cobertura de Eventos","Entrevistas e Perfis","Escrito por Comunicadores Populares","Solu\u00e7\u00f5es"],"inLanguage":"pt-BR"},{"@type":"WebPage","@id":"https:\/\/rioonwatch.org.br\/?p=73390","url":"https:\/\/rioonwatch.org.br\/?p=73390","name":"'Roda a Saia, Gira a Vida com Beatriz Nascimento': 14\u00aa Festa Liter\u00e1ria das Periferias Promove Contranarrativas - RioOnWatch","isPartOf":{"@id":"https:\/\/rioonwatch.org.br\/#website"},"primaryImageOfPage":{"@id":"https:\/\/rioonwatch.org.br\/?p=73390#primaryimage"},"image":{"@id":"https:\/\/rioonwatch.org.br\/?p=73390#primaryimage"},"thumbnailUrl":"https:\/\/rioonwatch.org.br\/wp-content\/uploads\/2024\/05\/A-pensadora-Beatriz-Nascimento-historiadora-e-pioneira-do-movimento-negro-brasileiro.-Foto-Arquivo-Nacional.webp","datePublished":"2024-05-24T15:23:46+00:00","dateModified":"2024-06-20T16:41:05+00:00","breadcrumb":{"@id":"https:\/\/rioonwatch.org.br\/?p=73390#breadcrumb"},"inLanguage":"pt-BR","potentialAction":[{"@type":"ReadAction","target":["https:\/\/rioonwatch.org.br\/?p=73390"]}]},{"@type":"ImageObject","inLanguage":"pt-BR","@id":"https:\/\/rioonwatch.org.br\/?p=73390#primaryimage","url":"https:\/\/rioonwatch.org.br\/wp-content\/uploads\/2024\/05\/A-pensadora-Beatriz-Nascimento-historiadora-e-pioneira-do-movimento-negro-brasileiro.-Foto-Arquivo-Nacional.webp","contentUrl":"https:\/\/rioonwatch.org.br\/wp-content\/uploads\/2024\/05\/A-pensadora-Beatriz-Nascimento-historiadora-e-pioneira-do-movimento-negro-brasileiro.-Foto-Arquivo-Nacional.webp","width":1170,"height":700,"caption":"A pensadora Beatriz Nascimento, historiadora e pioneira do movimento negro brasileiro. Foto: Arquivo Nacional"},{"@type":"BreadcrumbList","@id":"https:\/\/rioonwatch.org.br\/?p=73390#breadcrumb","itemListElement":[{"@type":"ListItem","position":1,"name":"In\u00edcio","item":"https:\/\/rioonwatch.org.br\/"},{"@type":"ListItem","position":2,"name":"&#8216;Roda a Saia, Gira a Vida com Beatriz Nascimento&#8217;: 14\u00aa Festa Liter\u00e1ria das Periferias Promove Contranarrativas"}]},{"@type":"WebSite","@id":"https:\/\/rioonwatch.org.br\/#website","url":"https:\/\/rioonwatch.org.br\/","name":"RioOnWatch","description":"relatos das favelas cariocas","publisher":{"@id":"https:\/\/rioonwatch.org.br\/#organization"},"potentialAction":[{"@type":"SearchAction","target":{"@type":"EntryPoint","urlTemplate":"https:\/\/rioonwatch.org.br\/?s={search_term_string}"},"query-input":{"@type":"PropertyValueSpecification","valueRequired":true,"valueName":"search_term_string"}}],"inLanguage":"pt-BR"},{"@type":"Organization","@id":"https:\/\/rioonwatch.org.br\/#organization","name":"RioOnWatch","url":"https:\/\/rioonwatch.org.br\/","logo":{"@type":"ImageObject","inLanguage":"pt-BR","@id":"https:\/\/rioonwatch.org.br\/#\/schema\/logo\/image\/","url":"https:\/\/rioonwatch.org.br\/wp-content\/uploads\/2021\/06\/RioOnWatchcabecalhoPT11anos-2.png","contentUrl":"https:\/\/rioonwatch.org.br\/wp-content\/uploads\/2021\/06\/RioOnWatchcabecalhoPT11anos-2.png","width":779,"height":277,"caption":"RioOnWatch"},"image":{"@id":"https:\/\/rioonwatch.org.br\/#\/schema\/logo\/image\/"}},{"@type":"Person","@id":"https:\/\/rioonwatch.org.br\/#\/schema\/person\/feb227e5e7679aacc3d672e375cae1bd","name":"Janaina Tavares","image":{"@type":"ImageObject","inLanguage":"pt-BR","@id":"https:\/\/rioonwatch.org.br\/#\/schema\/person\/image\/","url":"https:\/\/secure.gravatar.com\/avatar\/83bb5bb4f8b0c5ad63f35939640eaaa2?s=96&d=blank&r=g","contentUrl":"https:\/\/secure.gravatar.com\/avatar\/83bb5bb4f8b0c5ad63f35939640eaaa2?s=96&d=blank&r=g","caption":"Janaina Tavares"},"url":"https:\/\/rioonwatch.org.br\/?author=179"}]}},"_links":{"self":[{"href":"https:\/\/rioonwatch.org.br\/index.php?rest_route=\/wp\/v2\/posts\/73390"}],"collection":[{"href":"https:\/\/rioonwatch.org.br\/index.php?rest_route=\/wp\/v2\/posts"}],"about":[{"href":"https:\/\/rioonwatch.org.br\/index.php?rest_route=\/wp\/v2\/types\/post"}],"author":[{"embeddable":true,"href":"https:\/\/rioonwatch.org.br\/index.php?rest_route=\/wp\/v2\/users\/179"}],"replies":[{"embeddable":true,"href":"https:\/\/rioonwatch.org.br\/index.php?rest_route=%2Fwp%2Fv2%2Fcomments&post=73390"}],"version-history":[{"count":51,"href":"https:\/\/rioonwatch.org.br\/index.php?rest_route=\/wp\/v2\/posts\/73390\/revisions"}],"predecessor-version":[{"id":73814,"href":"https:\/\/rioonwatch.org.br\/index.php?rest_route=\/wp\/v2\/posts\/73390\/revisions\/73814"}],"wp:featuredmedia":[{"embeddable":true,"href":"https:\/\/rioonwatch.org.br\/index.php?rest_route=\/wp\/v2\/media\/73531"}],"wp:attachment":[{"href":"https:\/\/rioonwatch.org.br\/index.php?rest_route=%2Fwp%2Fv2%2Fmedia&parent=73390"}],"wp:term":[{"taxonomy":"category","embeddable":true,"href":"https:\/\/rioonwatch.org.br\/index.php?rest_route=%2Fwp%2Fv2%2Fcategories&post=73390"},{"taxonomy":"post_tag","embeddable":true,"href":"https:\/\/rioonwatch.org.br\/index.php?rest_route=%2Fwp%2Fv2%2Ftags&post=73390"},{"taxonomy":"writer","embeddable":true,"href":"https:\/\/rioonwatch.org.br\/index.php?rest_route=%2Fwp%2Fv2%2Fwriter&post=73390"},{"taxonomy":"translator","embeddable":true,"href":"https:\/\/rioonwatch.org.br\/index.php?rest_route=%2Fwp%2Fv2%2Ftranslator&post=73390"},{"taxonomy":"source","embeddable":true,"href":"https:\/\/rioonwatch.org.br\/index.php?rest_route=%2Fwp%2Fv2%2Fsource&post=73390"},{"taxonomy":"ilustrador","embeddable":true,"href":"https:\/\/rioonwatch.org.br\/index.php?rest_route=%2Fwp%2Fv2%2Filustrador&post=73390"},{"taxonomy":"fotografo","embeddable":true,"href":"https:\/\/rioonwatch.org.br\/index.php?rest_route=%2Fwp%2Fv2%2Ffotografo&post=73390"}],"curies":[{"name":"wp","href":"https:\/\/api.w.org\/{rel}","templated":true}]}}